{"d":{"__metadata":{"id":"https://ws.parlament.ch/OData.svc/Subject(ID=12652L,Language='DE')","uri":"https://ws.parlament.ch/OData.svc/Subject(ID=12652L,Language='DE')","type":"itsystems.Pd.DataServices.DataModel.Subject"},"Meetings":{"__metadata":{"id":"https://ws.parlament.ch/OData.svc/Meeting(ID=926L,Language='DE')","uri":"https://ws.parlament.ch/OData.svc/Meeting(ID=926L,Language='DE')","type":"itsystems.Pd.DataServices.DataModel.Meeting"},"Sessions":{"__deferred":{"uri":"https://ws.parlament.ch/OData.svc/Meeting(ID=926L,Language='DE')/Sessions"}},"Subjects":{"__deferred":{"uri":"https://ws.parlament.ch/OData.svc/Meeting(ID=926L,Language='DE')/Subjects"}},"ID":"926","Language":"DE","MeetingNumber":1,"IdSession":4717,"SessionNumber":17,"SessionName":"Sommersession 2007","Council":1,"CouncilName":"Nationalrat","CouncilAbbreviation":"NR","Date":"\/Date(1180915200000)\/","Begin":"1430","Modified":"\/Date(1447070031263)\/","LegislativePeriodNumber":47,"PublicationStatus":"final","MeetingOrderText":"Erste Sitzung","SortOrder":1,"Location":"N"},"SubjectsBusiness":{"results":[{"__metadata":{"id":"https://ws.parlament.ch/OData.svc/SubjectBusiness(BusinessNumber=20060479,IdSubject=12652L,Language='DE')","uri":"https://ws.parlament.ch/OData.svc/SubjectBusiness(BusinessNumber=20060479,IdSubject=12652L,Language='DE')","type":"itsystems.Pd.DataServices.DataModel.SubjectBusiness"},"Subjects":{"__deferred":{"uri":"https://ws.parlament.ch/OData.svc/SubjectBusiness(BusinessNumber=20060479,IdSubject=12652L,Language='DE')/Subjects"}},"Businesses":{"__deferred":{"uri":"https://ws.parlament.ch/OData.svc/SubjectBusiness(BusinessNumber=20060479,IdSubject=12652L,Language='DE')/Businesses"}},"IdSubject":"12652","BusinessNumber":20060479,"Language":"DE","BusinessShortNumber":"06.479","Title":"Abschreibung von parlamentarischen Vorst\u00f6ssen","SortOrder":1,"PublishedNotes":"Erstrat - Premier Conseil\n","Modified":"\/Date(1447069299436)\/","TitleDE":"Parlamentarische Initiative\nB\u00fcro-NR.\nAbschreibung\nvon parlamentarischen Vorst\u00f6ssen","TitleFR":"Initiative parlementaire\nBureau-CN.\nInterventions parlementaires\n\u00e0 classer","TitleIT":null}]},"Transcripts":{"results":[{"__metadata":{"id":"https://ws.parlament.ch/OData.svc/Transcript(ID=79936L,Language='DE')","uri":"https://ws.parlament.ch/OData.svc/Transcript(ID=79936L,Language='DE')","type":"itsystems.Pd.DataServices.DataModel.Transcript"},"Subjects":{"__deferred":{"uri":"https://ws.parlament.ch/OData.svc/Transcript(ID=79936L,Language='DE')/Subjects"}},"MembersCouncil":{"__deferred":{"uri":"https://ws.parlament.ch/OData.svc/Transcript(ID=79936L,Language='DE')/MembersCouncil"}},"Businesses":{"__deferred":{"uri":"https://ws.parlament.ch/OData.svc/Transcript(ID=79936L,Language='DE')/Businesses"}},"ID":"79936","Language":"DE","IdSubject":"12652","VoteId":null,"PersonNumber":316,"Type":1,"Text":"<pd_text><p><i>Eintreten wird ohne Gegenantrag beschlossen</i></p>\n<p><i>L'entr\u00e9e en mati\u00e8re est d\u00e9cid\u00e9e sans opposition</i></p>\n<p>[VS]</p>\n<p><b>Pr\u00e4sidentin </b>(Egerszegi-Obrist Christine, Pr\u00e4sidentin): Wir stimmen nun \u00fcber den R\u00fcckweisungsantrag der SPK ab.</p>\n<p>[VS]</p>\n<p><i>Abstimmung - Vote</i></p>\n<p>F\u00fcr den Antrag der SPK-NR .... 129 Stimmen</p>\n<p>Dagegen .... 33 Stimmen</p>\n<p>[VS]</p>\n<p><b>Pr\u00e4sidentin </b>(Egerszegi-Obrist Christine, Pr\u00e4sidentin): Damit wird das Gesch\u00e4ft von der Traktandenliste abgesetzt. Wir werden es beraten, sobald die Vorschl\u00e4ge der SPK vorliegen.</p>\n</pd_text>","MeetingCouncilAbbreviation":"N","MeetingDate":"20070604","MeetingVerbalixOid":1549,"IdSession":"4717","SpeakerFirstName":"Christine","SpeakerLastName":"Egerszegi-Obrist","SpeakerFullName":"Egerszegi-Obrist Christine","SpeakerFunction":"P-F","CouncilId":1,"CouncilName":"Nationalrat","CantonId":19,"CantonName":"Aargau","CantonAbbreviation":"AG","ParlGroupName":"Freisinnig-demokratische Fraktion","ParlGroupAbbreviation":"RL","SortOrder":13,"Start":"\/Date(1180978092468)\/","End":"\/Date(1180978227171)\/","Function":"P-F","DisplaySpeaker":false,"LanguageOfText":null,"Modified":"\/Date(1774877919925)\/","StartTimeWithTimezone":"\/Date(1180978092467+0120)\/","EndTimeWithTimezone":"\/Date(1180978227170+0120)\/","VoteBusinessNumber":null,"VoteBusinessShortNumber":null,"VoteBusinessTitle":null},{"__metadata":{"id":"https://ws.parlament.ch/OData.svc/Transcript(ID=79937L,Language='DE')","uri":"https://ws.parlament.ch/OData.svc/Transcript(ID=79937L,Language='DE')","type":"itsystems.Pd.DataServices.DataModel.Transcript"},"Subjects":{"__deferred":{"uri":"https://ws.parlament.ch/OData.svc/Transcript(ID=79937L,Language='DE')/Subjects"}},"MembersCouncil":{"__deferred":{"uri":"https://ws.parlament.ch/OData.svc/Transcript(ID=79937L,Language='DE')/MembersCouncil"}},"Businesses":{"__deferred":{"uri":"https://ws.parlament.ch/OData.svc/Transcript(ID=79937L,Language='DE')/Businesses"}},"ID":"79937","Language":"DE","IdSubject":"12652","VoteId":null,"PersonNumber":316,"Type":1,"Text":"<pd_text><p>Das B\u00fcro hat beschlossen, die Debatte in Kategorie IV zu f\u00fchren. Der Pr\u00e4sident der Staatspolitischen Kommission, Herr Andreas Gross, beantragt Ihnen einen Kategorienwechsel.</p>\n</pd_text>","MeetingCouncilAbbreviation":"N","MeetingDate":"20070604","MeetingVerbalixOid":1549,"IdSession":"4717","SpeakerFirstName":"Christine","SpeakerLastName":"Egerszegi-Obrist","SpeakerFullName":"Egerszegi-Obrist Christine","SpeakerFunction":"P-F","CouncilId":1,"CouncilName":"Nationalrat","CantonId":19,"CantonName":"Aargau","CantonAbbreviation":"AG","ParlGroupName":"Freisinnig-demokratische Fraktion","ParlGroupAbbreviation":"RL","SortOrder":1,"Start":"\/Date(1180976718093)\/","End":"\/Date(1180976780203)\/","Function":"P-F","DisplaySpeaker":true,"LanguageOfText":"DE","Modified":"\/Date(1774877919904)\/","StartTimeWithTimezone":"\/Date(1180976718093+0120)\/","EndTimeWithTimezone":"\/Date(1180976780203+0120)\/","VoteBusinessNumber":null,"VoteBusinessShortNumber":null,"VoteBusinessTitle":null},{"__metadata":{"id":"https://ws.parlament.ch/OData.svc/Transcript(ID=79938L,Language='DE')","uri":"https://ws.parlament.ch/OData.svc/Transcript(ID=79938L,Language='DE')","type":"itsystems.Pd.DataServices.DataModel.Transcript"},"Subjects":{"__deferred":{"uri":"https://ws.parlament.ch/OData.svc/Transcript(ID=79938L,Language='DE')/Subjects"}},"MembersCouncil":{"__deferred":{"uri":"https://ws.parlament.ch/OData.svc/Transcript(ID=79938L,Language='DE')/MembersCouncil"}},"Businesses":{"__deferred":{"uri":"https://ws.parlament.ch/OData.svc/Transcript(ID=79938L,Language='DE')/Businesses"}},"ID":"79938","Language":"DE","IdSubject":"12652","VoteId":null,"PersonNumber":97,"Type":1,"Text":"<pd_text><p>Es tut mir leid, dass ich Sie mit einem Ordnungsantrag behelligen muss. Es ist aber ein Anliegen der Staatspolitischen Kommission, dass wir die Frage, wie wir miteinander umgehen, nicht einfach so schnell erledigen. Es geht inhaltlich um die Frage, wie zwei Kommissionen Doppelspurigkeiten verhindern k\u00f6nnen, die damit verbunden sind, dass sie mit dem gleichen Gesch\u00e4ft befasst sind. Wir sollten das genauer, seri\u00f6ser diskutieren, und zwar so, dass sich die verschiedenen Vertreter der Fraktionen in dieser Diskussion \u00e4ussern d\u00fcrfen. Das hat zur [PAGE 629] Voraussetzung, dass wir die Beratung in Kategorie III - und nicht in Kategorie IV - durchf\u00fchren.</p>\n<p>Deshalb schlage ich im Namen der Staatspolitischen Kommission als deren Pr\u00e4sident vor, dass wir das B\u00fcro bitten, auf seinen Antrag zur\u00fcckzukommen. Wenn es dies nicht tut, sollten wir selber die Behandlung in Kategorie III beschliessen.</p>\n</pd_text>","MeetingCouncilAbbreviation":"N","MeetingDate":"20070604","MeetingVerbalixOid":1549,"IdSession":"4717","SpeakerFirstName":"Andreas","SpeakerLastName":"Gross","SpeakerFullName":"Gross Andreas","SpeakerFunction":"Mit-M","CouncilId":1,"CouncilName":"Nationalrat","CantonId":1,"CantonName":"Z\u00fcrich","CantonAbbreviation":"ZH","ParlGroupName":"Sozialdemokratische Fraktion","ParlGroupAbbreviation":"S","SortOrder":2,"Start":"\/Date(1180976780203)\/","End":"\/Date(1180976842218)\/","Function":"Mit-M","DisplaySpeaker":true,"LanguageOfText":"DE","Modified":"\/Date(1774877919905)\/","StartTimeWithTimezone":"\/Date(1180976780203+0120)\/","EndTimeWithTimezone":"\/Date(1180976842217+0120)\/","VoteBusinessNumber":null,"VoteBusinessShortNumber":null,"VoteBusinessTitle":null},{"__metadata":{"id":"https://ws.parlament.ch/OData.svc/Transcript(ID=79939L,Language='DE')","uri":"https://ws.parlament.ch/OData.svc/Transcript(ID=79939L,Language='DE')","type":"itsystems.Pd.DataServices.DataModel.Transcript"},"Subjects":{"__deferred":{"uri":"https://ws.parlament.ch/OData.svc/Transcript(ID=79939L,Language='DE')/Subjects"}},"MembersCouncil":{"__deferred":{"uri":"https://ws.parlament.ch/OData.svc/Transcript(ID=79939L,Language='DE')/MembersCouncil"}},"Businesses":{"__deferred":{"uri":"https://ws.parlament.ch/OData.svc/Transcript(ID=79939L,Language='DE')/Businesses"}},"ID":"79939","Language":"DE","IdSubject":"12652","VoteId":null,"PersonNumber":316,"Type":1,"Text":"<pd_text><p>Will sich jemand zum Ordnungsantrag Gross Andreas \u00e4ussern? Herr Gross beantragt, die Debatte in Kategorie III zu f\u00fchren. Das B\u00fcro beantragt, sie in Kategorie IV zu f\u00fchren.</p>\n</pd_text>","MeetingCouncilAbbreviation":"N","MeetingDate":"20070604","MeetingVerbalixOid":1549,"IdSession":"4717","SpeakerFirstName":"Christine","SpeakerLastName":"Egerszegi-Obrist","SpeakerFullName":"Egerszegi-Obrist Christine","SpeakerFunction":"P-F","CouncilId":1,"CouncilName":"Nationalrat","CantonId":19,"CantonName":"Aargau","CantonAbbreviation":"AG","ParlGroupName":"Freisinnig-demokratische Fraktion","ParlGroupAbbreviation":"RL","SortOrder":3,"Start":"\/Date(1180976842218)\/","End":"\/Date(1180976863937)\/","Function":"P-F","DisplaySpeaker":true,"LanguageOfText":"DE","Modified":"\/Date(1774877919907)\/","StartTimeWithTimezone":"\/Date(1180976842217+0120)\/","EndTimeWithTimezone":"\/Date(1180976863937+0120)\/","VoteBusinessNumber":null,"VoteBusinessShortNumber":null,"VoteBusinessTitle":null},{"__metadata":{"id":"https://ws.parlament.ch/OData.svc/Transcript(ID=79940L,Language='DE')","uri":"https://ws.parlament.ch/OData.svc/Transcript(ID=79940L,Language='DE')","type":"itsystems.Pd.DataServices.DataModel.Transcript"},"Subjects":{"__deferred":{"uri":"https://ws.parlament.ch/OData.svc/Transcript(ID=79940L,Language='DE')/Subjects"}},"MembersCouncil":{"__deferred":{"uri":"https://ws.parlament.ch/OData.svc/Transcript(ID=79940L,Language='DE')/MembersCouncil"}},"Businesses":{"__deferred":{"uri":"https://ws.parlament.ch/OData.svc/Transcript(ID=79940L,Language='DE')/Businesses"}},"ID":"79940","Language":"DE","IdSubject":"12652","VoteId":null,"PersonNumber":484,"Type":1,"Text":"<pd_text><p>Wir haben die parlamentarische Initiative, um die es geht, im B\u00fcro behandelt. Ich w\u00fcrde Ihnen beliebt machen, sie in Kategorie IV zu belassen. Wir k\u00f6nnen sie trotzdem ordentlich behandeln. Es liegt ja auch ein Antrag vor; und ich bin der Meinung, dass der Antragsteller den Antrag auch in Kategorie IV begr\u00fcnden kann.</p>\n</pd_text>","MeetingCouncilAbbreviation":"N","MeetingDate":"20070604","MeetingVerbalixOid":1549,"IdSession":"4717","SpeakerFirstName":"Otto","SpeakerLastName":"Laubacher","SpeakerFullName":"Laubacher Otto","SpeakerFunction":"Mit-M","CouncilId":1,"CouncilName":"Nationalrat","CantonId":3,"CantonName":"Luzern","CantonAbbreviation":"LU","ParlGroupName":"Fraktion der Schweizerischen Volkspartei","ParlGroupAbbreviation":"V","SortOrder":4,"Start":"\/Date(1180976863937)\/","End":"\/Date(1180976895062)\/","Function":"B","DisplaySpeaker":true,"LanguageOfText":"DE","Modified":"\/Date(1774877919908)\/","StartTimeWithTimezone":"\/Date(1180976863937+0120)\/","EndTimeWithTimezone":"\/Date(1180976895063+0120)\/","VoteBusinessNumber":null,"VoteBusinessShortNumber":null,"VoteBusinessTitle":null},{"__metadata":{"id":"https://ws.parlament.ch/OData.svc/Transcript(ID=79941L,Language='DE')","uri":"https://ws.parlament.ch/OData.svc/Transcript(ID=79941L,Language='DE')","type":"itsystems.Pd.DataServices.DataModel.Transcript"},"Subjects":{"__deferred":{"uri":"https://ws.parlament.ch/OData.svc/Transcript(ID=79941L,Language='DE')/Subjects"}},"MembersCouncil":{"__deferred":{"uri":"https://ws.parlament.ch/OData.svc/Transcript(ID=79941L,Language='DE')/MembersCouncil"}},"Businesses":{"__deferred":{"uri":"https://ws.parlament.ch/OData.svc/Transcript(ID=79941L,Language='DE')/Businesses"}},"ID":"79941","Language":"DE","IdSubject":"12652","VoteId":null,"PersonNumber":316,"Type":1,"Text":"<pd_text><p><i>Abstimmung - Vote</i></p>\n<p>F\u00fcr den Ordnungsantrag Gross Andreas .... 94 Stimmen</p>\n<p>Dagegen .... 64 Stimmen</p>\n<p>[VS]</p>\n<p><b>Pr\u00e4sidentin </b>(Egerszegi-Obrist Christine, Pr\u00e4sidentin): Das Gesch\u00e4ft wird somit in Kategorie III behandelt.</p>\n<p>[VS]</p>\n<p>[VS]</p>\n<p><i>Antrag SPK-NR</i></p>\n<p>R\u00fcckweisung an das B\u00fcro</p>\n<p>mit dem Auftrag, den Entwurf im Rahmen der von der SPK vorbereiteten, umfassenderen Reform des Verfahrens der Behandlung von parlamentarischen Vorst\u00f6ssen zu \u00fcberpr\u00fcfen.</p>\n<p><i>Schriftliche Begr\u00fcndung</i></p>\n<p>Mit Bericht des B\u00fcros vom 16. Februar 2007 wird eine \u00c4nderung des Parlamentsgesetzes beantragt, wonach die automatische Abschreibung von seit mehr als zwei Jahren unbehandelt h\u00e4ngig gebliebenen Vorst\u00f6ssen wieder eingef\u00fchrt werden soll. </p>\n<p>Die Vorberatung der Gesetzgebung im Bereich des Parlamentsrechtes f\u00e4llt in den Zust\u00e4ndigkeitsbereich der Staatspolitischen Kommission (SPK). Die SPK hat sich an ihrer Sitzung vom 12. Januar 2007 mit verschiedenen Vorschl\u00e4gen f\u00fcr \u00c4nderungen im Bereich des Verfahrens der parlamentarischen Vorst\u00f6sse befasst und beschlossen, eine generelle \u00dcberpr\u00fcfung des Reformbedarfs vorzunehmen. Mit diesem Auftrag wurde eine Subkommission eingesetzt. Das B\u00fcro hat am 5. M\u00e4rz 2007 der Einsetzung dieser Subkommission zugestimmt.</p>\n<p>Eine Beschlussfassung des Rates in der Sommersession 2007 \u00fcber diesen punktuellen Vorschlag des B\u00fcros ist wenig sinnvoll, wenn wenig sp\u00e4ter, voraussichtlich in der Wintersession 2007, ein Entwurf der SPK zur Beratung kommen wird, mit welchem der Beschluss aufgrund einer umfassenderen Analyse wieder infrage gestellt werden k\u00f6nnte.</p>\n<p>[VS]</p>\n<p><i>Proposition CIP-CN</i></p>\n<p>Renvoi au Bureau</p>\n<p>avec mandat de r\u00e9examiner la question ult\u00e9rieurement, dans le cadre plus large du projet de r\u00e9forme de la proc\u00e9dure applicable au traitement des interventions parlementaires que pr\u00e9pare la CIP.</p>\n<p><i>D\u00e9veloppement par \u00e9crit</i></p>\n<p>Dans son rapport du 16 f\u00e9vrier 2007, le Bureau propose de modifier la loi sur le Parlement de fa\u00e7on \u00e0 r\u00e9introduire le principe du classement automatique des interventions pendantes depuis plus de deux ans.</p>\n<p>Or, la Commission des institutions politiques (CIP), comp\u00e9tente pour l'examen pr\u00e9alable des projets l\u00e9gislatifs touchant le droit parlementaire, a d\u00e9battu le 12 janvier 2007 de plusieurs propositions visant \u00e0 modifier la proc\u00e9dure applicable en mati\u00e8re d'interventions parlementaires. Elle a consid\u00e9r\u00e9 \u00e0 l'issue de cette discussion que la meilleure solution \u00e9tait de passer au crible l'ensemble de la proc\u00e9dure pertinente afin d'identifier toutes ses insuffisances et de proposer ainsi une r\u00e9forme globale, et confi\u00e9 cette mission \u00e0 une sous-commission ad hoc dont le Bureau a approuv\u00e9 la cr\u00e9ation le 5 mars 2007.</p>\n<p>En cons\u00e9quence, la d\u00e9cision que pourrait prendre le conseil \u00e0 la session d'\u00e9t\u00e9 relativement \u00e0 la probl\u00e9matique tr\u00e8s ponctuelle du classement des interventions risquerait fort d'\u00eatre remise en cause peu apr\u00e8s, et sans doute d\u00e8s la session d'hiver 2007, lorsque sera examin\u00e9 le projet de r\u00e9forme globale que pr\u00e9sentera la CIP: aussi serait-il probablement plus judicieux de surseoir \u00e0 cette d\u00e9cision.</p>\n</pd_text>","MeetingCouncilAbbreviation":"N","MeetingDate":"20070604","MeetingVerbalixOid":1549,"IdSession":"4717","SpeakerFirstName":"Christine","SpeakerLastName":"Egerszegi-Obrist","SpeakerFullName":"Egerszegi-Obrist Christine","SpeakerFunction":"P-F","CouncilId":1,"CouncilName":"Nationalrat","CantonId":19,"CantonName":"Aargau","CantonAbbreviation":"AG","ParlGroupName":"Freisinnig-demokratische Fraktion","ParlGroupAbbreviation":"RL","SortOrder":5,"Start":"\/Date(1180976895062)\/","End":"\/Date(1180976989781)\/","Function":"P-F","DisplaySpeaker":false,"LanguageOfText":null,"Modified":"\/Date(1774877919910)\/","StartTimeWithTimezone":"\/Date(1180976895063+0120)\/","EndTimeWithTimezone":"\/Date(1180976989780+0120)\/","VoteBusinessNumber":null,"VoteBusinessShortNumber":null,"VoteBusinessTitle":null},{"__metadata":{"id":"https://ws.parlament.ch/OData.svc/Transcript(ID=79942L,Language='DE')","uri":"https://ws.parlament.ch/OData.svc/Transcript(ID=79942L,Language='DE')","type":"itsystems.Pd.DataServices.DataModel.Transcript"},"Subjects":{"__deferred":{"uri":"https://ws.parlament.ch/OData.svc/Transcript(ID=79942L,Language='DE')/Subjects"}},"MembersCouncil":{"__deferred":{"uri":"https://ws.parlament.ch/OData.svc/Transcript(ID=79942L,Language='DE')/MembersCouncil"}},"Businesses":{"__deferred":{"uri":"https://ws.parlament.ch/OData.svc/Transcript(ID=79942L,Language='DE')/Businesses"}},"ID":"79942","Language":"DE","IdSubject":"12652","VoteId":null,"PersonNumber":484,"Type":1,"Text":"<pd_text><p>Lassen Sie mich etwas vorausschicken: Wir haben mittlerweile 1440 h\u00e4ngige Vorst\u00f6sse. Das hat das B\u00fcro dazu bewogen, Ihnen diese parlamentarische Initiative zu unterbreiten.</p>\n<p>Mit der \u00c4nderung des Parlamentsgesetzes in der 47. Legislaturperiode haben wir eine neue Regel in Kraft gesetzt. Im Rahmen dieser Revision ist unter anderem die automatische Abschreibung von Motionen und Postulaten, wenn sie der Rat nicht innerhalb von zwei Jahren nach ihrer Einreichung behandelt, abgeschafft worden. Seit der Wintersession 2005 wird dieses neue Verfahren angewendet. In den vier ordentlichen Sessionen bis zur Herbstsession 2006 musste das B\u00fcro jeweils am Sessionsende zur Frage der Fristverl\u00e4ngerung und Abschreibung von insgesamt 113 Motionen und 64 Postulaten begr\u00fcndeten Antrag stellen. Die Begr\u00fcndung h\u00e4tte wohl materiell sein sollen; aber das B\u00fcro ist aus zeitlichen Gr\u00fcnden nicht in der Lage, eine so grosse Anzahl Vorst\u00f6sse materiell zu beurteilen. Es ist zu einem anderen Verfahren \u00fcbergegangen: Es hat die Fraktionen angefragt, ob die Vorst\u00f6sse abgeschrieben werden sollen oder nicht.</p>\n<p>Das neue Verfahren hat keinen Beitrag dazu geleistet, dass die Motionen und Postulate bef\u00f6rderlicher behandelt werden. Die Selektion der Vorst\u00f6sse, die aufrechterhalten werden, erfolgt recht willk\u00fcrlich und kaum nach rational nachvollziehbaren sachlichen und politischen Kriterien. Der nicht geringe Aufwand f\u00fcr dieses Verfahren steht in keinem vern\u00fcnftigen Verh\u00e4ltnis zu seinen Resultaten. Daher hat das B\u00fcro des Nationalrates an seiner Sitzung vom 31. August 2006 beschlossen, eine \u00c4nderung des Parlamentsgesetzes auszuarbeiten, wonach Vorst\u00f6sse wieder automatisch abgeschrieben werden, sofern sie im Rat nicht innerhalb von zwei Jahren behandelt werden k\u00f6nnen. Das B\u00fcro des St\u00e4nderates hat diesem Beschluss in seiner Sitzung vom 4. Dezember 2006 zugestimmt. In der Praxis, das muss man allerdings sagen, trifft es nur den Nationalrat, den St\u00e4nderat eigentlich nicht.</p>\n<p>Wir beantragen Ihnen, dieser Initiative so, wie sie vorliegt, dieser \"Guillotine\"-Regelung zuzustimmen. Das B\u00fcro hat auch den Antrag behandelt, den die SPK gestellt hat; und es hat mit 6 zu 6 Stimmen und mit Stichentscheid der Pr\u00e4sidentin beschlossen, dass diese Debatte hier gef\u00fchrt und nicht sistiert werden soll.</p>\n</pd_text>","MeetingCouncilAbbreviation":"N","MeetingDate":"20070604","MeetingVerbalixOid":1549,"IdSession":"4717","SpeakerFirstName":"Otto","SpeakerLastName":"Laubacher","SpeakerFullName":"Laubacher Otto","SpeakerFunction":"Mit-M","CouncilId":1,"CouncilName":"Nationalrat","CantonId":3,"CantonName":"Luzern","CantonAbbreviation":"LU","ParlGroupName":"Fraktion der Schweizerischen Volkspartei","ParlGroupAbbreviation":"V","SortOrder":6,"Start":"\/Date(1180976989781)\/","End":"\/Date(1180977192890)\/","Function":"B","DisplaySpeaker":true,"LanguageOfText":"DE","Modified":"\/Date(1774877919911)\/","StartTimeWithTimezone":"\/Date(1180976989780+0120)\/","EndTimeWithTimezone":"\/Date(1180977192890+0120)\/","VoteBusinessNumber":null,"VoteBusinessShortNumber":null,"VoteBusinessTitle":null},{"__metadata":{"id":"https://ws.parlament.ch/OData.svc/Transcript(ID=79943L,Language='DE')","uri":"https://ws.parlament.ch/OData.svc/Transcript(ID=79943L,Language='DE')","type":"itsystems.Pd.DataServices.DataModel.Transcript"},"Subjects":{"__deferred":{"uri":"https://ws.parlament.ch/OData.svc/Transcript(ID=79943L,Language='DE')/Subjects"}},"MembersCouncil":{"__deferred":{"uri":"https://ws.parlament.ch/OData.svc/Transcript(ID=79943L,Language='DE')/MembersCouncil"}},"Businesses":{"__deferred":{"uri":"https://ws.parlament.ch/OData.svc/Transcript(ID=79943L,Language='DE')/Businesses"}},"ID":"79943","Language":"DE","IdSubject":"12652","VoteId":null,"PersonNumber":97,"Type":1,"Text":"<pd_text><p>Ich m\u00f6chte es gleich vorwegnehmen: Die SPK wendet sich nicht absolut gegen die M\u00f6glichkeit, es so zu machen, wie es das B\u00fcro vorschl\u00e4gt, n\u00e4mlich die \"Guillotine\" wieder einzuf\u00fchren. Es geht jetzt also nicht um einen inhaltlichen Entscheid, sondern es geht darum, zu \u00fcberlegen, wie wir miteinander umgehen. Denn ich m\u00f6chte daran erinnern, dass die SPK den Auftrag hat, die Gesch\u00e4fte zu diskutieren, die unser Reglement bzw. die Form unserer Arbeit betreffen. Wir haben mit Zustimmung des B\u00fcros im Januar 2007 eine Subkommission eingesetzt, die dar\u00fcber nachdenkt und Vorschl\u00e4ge ausarbeiten muss, wie wir mit unserer sogenannten Vorstossflut umgehen. Diese Subkommission ist an der Arbeit und wird verschiedene Vorschl\u00e4ge unterbreiten.</p>\n<p>Was das B\u00fcro beschlossen hat, ist aber nur eine M\u00f6glichkeit, wie man mit den Vorst\u00f6ssen umgeht, und wir sollten hier nicht aus einer Palette m\u00f6glicher Massnahmen eine herausgreifen, ohne dar\u00fcber nachzudenken, ob das zum Rest passt und ob es Sinn macht. Wenn wir das n\u00e4mlich so [PAGE 630] tun, dann entstehen Doppelspurigkeiten, es entsteht Verwirrung, und die beiden Kommissionen werden Unterschiedliches beschliessen. Das ist vom Vorgehen her nicht sehr vern\u00fcnftig, und deshalb beantragt die SPK, das Gesch\u00e4ft an das B\u00fcro zur\u00fcckzuweisen und es zu bitten, so lange zu warten, bis die SPK ihre \"L\u00f6sungspalette\" vorlegt. Dann wird man sehen, ob der Vorschlag des B\u00fcros immer noch Sinn macht oder ob etwas anderes sinnvoller ist und was man sonst noch tun k\u00f6nnte.</p>\n<p>Ich erinnere daran, dass diese Subkommission an der Arbeit ist und schon Ideen entwickelt hat, zum Beispiel zur Priorisierung der Kommissionsmotionen und zur Frage, wie wir Motionen vordiskutieren - in der Kommission oder nicht. Dazu geh\u00f6rt auch die von uns bereits angenommene Motion Kunz 05.3077, welche verlangt, dass jede Motion innert eines Jahres behandelt werden muss, oder die Frage, wie andere Gesch\u00e4fte effizienter behandelt werden k\u00f6nnen, sodass wir mehr Raum und Zeit f\u00fcr die Behandlung unserer Vorst\u00f6sse haben.</p>\n<p>Das sind generellere Fragen, die in diesem Zusammenhang auch bedacht werden m\u00fcssen, bevor man in Bezug auf die \"Guillotine\" einen Entscheid trifft. Wir schlagen vor, dass das B\u00fcro wartet, bis die Subkommission ihre Vorschl\u00e4ge bringt, und dann, en connaissance de toutes les causes, \u00fcber die Behandlung der Vorst\u00f6sse Entscheidungen trifft. </p>\n</pd_text>","MeetingCouncilAbbreviation":"N","MeetingDate":"20070604","MeetingVerbalixOid":1549,"IdSession":"4717","SpeakerFirstName":"Andreas","SpeakerLastName":"Gross","SpeakerFullName":"Gross Andreas","SpeakerFunction":"Mit-M","CouncilId":1,"CouncilName":"Nationalrat","CantonId":1,"CantonName":"Z\u00fcrich","CantonAbbreviation":"ZH","ParlGroupName":"Sozialdemokratische Fraktion","ParlGroupAbbreviation":"S","SortOrder":7,"Start":"\/Date(1180977192890)\/","End":"\/Date(1180977404750)\/","Function":"Mit-M","DisplaySpeaker":true,"LanguageOfText":"DE","Modified":"\/Date(1774877919914)\/","StartTimeWithTimezone":"\/Date(1180977192890+0120)\/","EndTimeWithTimezone":"\/Date(1180977404750+0120)\/","VoteBusinessNumber":null,"VoteBusinessShortNumber":null,"VoteBusinessTitle":null},{"__metadata":{"id":"https://ws.parlament.ch/OData.svc/Transcript(ID=79944L,Language='DE')","uri":"https://ws.parlament.ch/OData.svc/Transcript(ID=79944L,Language='DE')","type":"itsystems.Pd.DataServices.DataModel.Transcript"},"Subjects":{"__deferred":{"uri":"https://ws.parlament.ch/OData.svc/Transcript(ID=79944L,Language='DE')/Subjects"}},"MembersCouncil":{"__deferred":{"uri":"https://ws.parlament.ch/OData.svc/Transcript(ID=79944L,Language='DE')/MembersCouncil"}},"Businesses":{"__deferred":{"uri":"https://ws.parlament.ch/OData.svc/Transcript(ID=79944L,Language='DE')/Businesses"}},"ID":"79944","Language":"DE","IdSubject":"12652","VoteId":null,"PersonNumber":1156,"Type":1,"Text":"<pd_text><p>Das Unbehagen im Umgang mit den parlamentarischen Vorst\u00f6ssen ist allenthalben unbestritten. Unbehagen aber war es auch, was zur letzten Revision des Parlamentsgesetzes f\u00fchrte, zur Abschaffung der damals geltenden \"Guillotine\"-Regelung, wonach man nach zwei Jahren unbehandelte Vorst\u00f6sse einfach zu Makulatur machte. Heute stellen wir fest: Das neue Verfahren hat nicht zu einer beschleunigten Behandlung der Vorst\u00f6sse gef\u00fchrt. Die Wiedereinf\u00fchrung der \"Guillotine\" aber wird das auch nicht bewirken. Sie bringt dem B\u00fcro zwar eine Entlastung - das sei zugestanden; es ist auch verst\u00e4ndlich -, aber sie bringt auch eine Entwertung der parlamentarischen Arbeit, der Vorstossarbeit; und sie wird zu mehr parlamentarischen Initiativen f\u00fchren, das heisst zu mehr Arbeit in den Kommissionen. Es kommt dazu, dass es aufgrund der zu erwartenden Wiedereinreichung der Vorst\u00f6sse, die der \"Guillotine\" zum Opfer fallen werden, kaum zu einer merklichen Minderung der Zahl anstehender Vorst\u00f6sse kommen wird. Mit Sicherheit aber wird die \"Guillotine\"-Regelung die Zeit, bis die Anliegen der Motion\u00e4re und Motion\u00e4rinnen bzw. Postulanten und Postulantinnen behandelt werden, noch zus\u00e4tzlich verl\u00e4ngern.</p>\n<p>Dass Handlungsbedarf besteht, ist f\u00fcr die SP-Fraktion wie f\u00fcr die Staatspolitische Kommission unbestritten. Letztere sieht diesbez\u00fcglich einen ganzen Strauss von M\u00f6glichkeiten: vom Straffen bestimmter Verfahren bis zu zus\u00e4tzlichen Zeitfenstern, um unser gemeinsames Ziel in diesem Rat zu erreichen, mehr Vorst\u00f6sse rascher zur Behandlung zu bringen. Die Staatspolitische Kommission arbeitet an einer generellen \u00dcberpr\u00fcfung des Reformbedarfs. Sie hat dazu eine Subkommission eingesetzt. Das B\u00fcro hat der Einsetzung der Subkommission zugestimmt, das Gesch\u00e4ft zur Zweijahres-\"Guillotine\" aber dennoch auf die heutige Traktandenliste gesetzt. Die Subkommission ist an der Arbeit. Bereits zeichnen sich verschiedene L\u00f6sungen im Rahmen eines umfassenden Paketes ab. Dabei scheint auch eine Abschreibung von Vorst\u00f6ssen, die vom Rat nach zwei Jahren noch nicht behandelt wurden, vertretbar, aber nur unter der Voraussetzung, dass die Vorst\u00f6sse von einer Sachkommission vorberaten wurden und diese einen Ablehnungsantrag stellt.</p>\n<p>Mit Blick auf die Parlamentsarbeit m\u00fcssen wir uns doch eigentlich fragen, wie sinnvoll die vorgezogene Behandlung eines einzelnen Punktes ist oder ob nicht eher die Gefahr einer \"pr\u00e4judiziellen Doppelspurigkeit\" besteht, angesichts des ganzen Strausses der in der SPK zur Diskussion stehenden Massnahmen.</p>\n<p>Es ist klar: Die Wiedereinf\u00fchrung der \"Guillotine\" bedingt eine Gesetzes\u00e4nderung, und es ist sicher Sache des B\u00fcros, die \u00c4nderung eines Gesetzes vorzuschlagen, wenn es beim Vollzug Probleme bietet. F\u00fcr \u00c4nderungen im Parlamentsrecht, f\u00fcr welches ja die SPK auch zust\u00e4ndig ist, besteht aber eine Art von doppelter Zust\u00e4ndigkeit - diejenige der SPK und diejenige des B\u00fcros. Bei einer doppelten Zust\u00e4ndigkeit ist gute Koordination ein Muss. Es w\u00e4re wohl weder ein Zeichen von guter, gegl\u00fcckter Koordination noch ein Zeichen von effizienter Ratsarbeit, jetzt die Vorlage des B\u00fcros isoliert zu behandeln und eine Gesetzes\u00e4nderung vorzunehmen und danach in der \u00fcbern\u00e4chsten Session wieder einen ganzen Strauss von \u00c4nderungen mit demselben Zweck und im selben Gesetz zu debattieren und diesbez\u00fcglich etwas zu beschliessen.</p>\n<p>Die SPK beantragt dem Rat darum, die Vorlage \u00fcber die automatische Abschreibung von parlamentarischen Vorst\u00f6ssen an das B\u00fcro zur\u00fcckzuweisen mit dem Auftrag, den Vorschlag im Rahmen der von der SPK vorbereiteten umfassenderen Reform des Verfahrens der Behandlung von parlamentarischen Vorst\u00f6ssen zu \u00fcberpr\u00fcfen. Hinter diesem Antrag steht auch eine erkleckliche Mehrheit der SP-Fraktion. Auch m\u00f6chte ich erw\u00e4hnen, dass der Rat die Motion Kunz 05.3077 angenommen hat. Herr Kunz verlangt eine raschere Behandlung der Motionen. Der Rat will also - das ist deutlich - Wege und Mittel zur rascheren Behandlung von parlamentarischen Vorst\u00f6ssen finden. Das braucht eine vertiefte Untersuchung, das braucht aber zur St\u00e4rkung des Parlamentes auch den Respekt vor der parlamentarischen Arbeit.</p>\n<p>Ich bitte Sie im Namen der Mehrheit der SP-Fraktion, dem Antrag des B\u00fcros nicht zuzustimmen.</p>\n</pd_text>","MeetingCouncilAbbreviation":"N","MeetingDate":"20070604","MeetingVerbalixOid":1549,"IdSession":"4717","SpeakerFirstName":"Bea","SpeakerLastName":"Heim","SpeakerFullName":"Heim Bea","SpeakerFunction":"Mit-F","CouncilId":1,"CouncilName":"Nationalrat","CantonId":11,"CantonName":"Solothurn","CantonAbbreviation":"SO","ParlGroupName":"Sozialdemokratische Fraktion","ParlGroupAbbreviation":"S","SortOrder":8,"Start":"\/Date(1180977404750)\/","End":"\/Date(1180977710062)\/","Function":"Mit-F","DisplaySpeaker":true,"LanguageOfText":"DE","Modified":"\/Date(1774877919917)\/","StartTimeWithTimezone":"\/Date(1180977404750+0120)\/","EndTimeWithTimezone":"\/Date(1180977710063+0120)\/","VoteBusinessNumber":null,"VoteBusinessShortNumber":null,"VoteBusinessTitle":null},{"__metadata":{"id":"https://ws.parlament.ch/OData.svc/Transcript(ID=79945L,Language='DE')","uri":"https://ws.parlament.ch/OData.svc/Transcript(ID=79945L,Language='DE')","type":"itsystems.Pd.DataServices.DataModel.Transcript"},"Subjects":{"__deferred":{"uri":"https://ws.parlament.ch/OData.svc/Transcript(ID=79945L,Language='DE')/Subjects"}},"MembersCouncil":{"__deferred":{"uri":"https://ws.parlament.ch/OData.svc/Transcript(ID=79945L,Language='DE')/MembersCouncil"}},"Businesses":{"__deferred":{"uri":"https://ws.parlament.ch/OData.svc/Transcript(ID=79945L,Language='DE')/Businesses"}},"ID":"79945","Language":"DE","IdSubject":"12652","VoteId":null,"PersonNumber":490,"Type":1,"Text":"<pd_text><p>Ich rede nicht zum Inhalt, sondern ausschliesslich zum Verfahren. Das B\u00fcro schl\u00e4gt uns ein \u00f6konomischeres Verfahren vor, und dagegen ist \u00fcberhaupt nichts einzuwenden, dies ist im Sinne von uns allen. Aber unter eben diesem Gesichtspunkt der Verfahrens\u00f6konomie w\u00e4re das B\u00fcro vermutlich gut beraten gewesen, wenn es dieses Traktandum heute abgesetzt h\u00e4tte, weil - Sie haben es geh\u00f6rt - die Staatspolitische Kommission an der Arbeit ist; und wenn wir heute dieses Einzelst\u00fcck herausbrechen, laufen wir Gefahr, in einem halben Jahr die gleiche Debatte nochmals f\u00fchren zu m\u00fcssen.</p>\n<p>Deshalb bitte ich Sie namens der CVP-Fraktion, dem Antrag der SPK, den der Kommissionspr\u00e4sident vorgetragen hat, zuzustimmen.</p>\n</pd_text>","MeetingCouncilAbbreviation":"N","MeetingDate":"20070604","MeetingVerbalixOid":1549,"IdSession":"4717","SpeakerFirstName":"Ruedi","SpeakerLastName":"Lustenberger","SpeakerFullName":"Lustenberger Ruedi","SpeakerFunction":"Mit-M","CouncilId":1,"CouncilName":"Nationalrat","CantonId":3,"CantonName":"Luzern","CantonAbbreviation":"LU","ParlGroupName":"Christlichdemokratische Fraktion","ParlGroupAbbreviation":"M-E","SortOrder":9,"Start":"\/Date(1180977710062)\/","End":"\/Date(1180977772453)\/","Function":"Mit-M","DisplaySpeaker":true,"LanguageOfText":"DE","Modified":"\/Date(1774877919919)\/","StartTimeWithTimezone":"\/Date(1180977710063+0120)\/","EndTimeWithTimezone":"\/Date(1180977772453+0120)\/","VoteBusinessNumber":null,"VoteBusinessShortNumber":null,"VoteBusinessTitle":null},{"__metadata":{"id":"https://ws.parlament.ch/OData.svc/Transcript(ID=79946L,Language='DE')","uri":"https://ws.parlament.ch/OData.svc/Transcript(ID=79946L,Language='DE')","type":"itsystems.Pd.DataServices.DataModel.Transcript"},"Subjects":{"__deferred":{"uri":"https://ws.parlament.ch/OData.svc/Transcript(ID=79946L,Language='DE')/Subjects"}},"MembersCouncil":{"__deferred":{"uri":"https://ws.parlament.ch/OData.svc/Transcript(ID=79946L,Language='DE')/MembersCouncil"}},"Businesses":{"__deferred":{"uri":"https://ws.parlament.ch/OData.svc/Transcript(ID=79946L,Language='DE')/Businesses"}},"ID":"79946","Language":"DE","IdSubject":"12652","VoteId":null,"PersonNumber":264,"Type":1,"Text":"<pd_text><p>Ich spreche nicht f\u00fcr die Mehrheit der SVP-Fraktion, sondern f\u00fcr eine respektable Minderheit, die Sie bittet, mit Ihren Rechten in diesem Rat etwas sorgf\u00e4ltiger umzugehen, als sich das eine knappe Mehrheit des B\u00fcros vorstellt. Man ist nicht von ungef\u00e4hr auf diese \"Guillotine\"-Regelung zur\u00fcckgekommen und hat sie in der letzten Reform der Parlamentsgesetzgebung aufgehoben - nicht zu Unrecht! Wenn Herr Lustenberger vor einigen Minuten gesagt hat, es gebe zwei Arten, Fehler zu begehen, so gilt das nicht nur f\u00fcr Schreinerlehrlinge, sondern auch f\u00fcr dieses Parlament; man kann n\u00e4mlich neue Fehler oder immer dieselben Fehler machen. Wir sind gerade daran, aufgrund des Antrages des B\u00fcros einen weiteren Fehler zu wiederholen - nach dem Motto: Nach der Tat h\u00e4lt das Parlament Rat.</p>\n<p>Ich bitte Sie: Geben Sie dieser Subkommission die Gelegenheit, das Problem im Rahmen einer gr\u00f6sseren Dimension zu behandeln. F\u00fchren Sie jetzt nicht kurzerhand diese \"Guillotine\" hier wieder ein. Seien Sie vorsichtig im Umgang mit Ihren Rechten! \u00dcberlegen Sie sich vielleicht einmal, ob Sie das Wiederk\u00e4uen von erhaltenen schriftlichen Berichten hier vorne am Rednerpult f\u00fcr wichtiger halten als das Aus\u00fcben Ihres Parlamentsrechtes.</p>\n</pd_text>","MeetingCouncilAbbreviation":"N","MeetingDate":"20070604","MeetingVerbalixOid":1549,"IdSession":"4717","SpeakerFirstName":"Hermann","SpeakerLastName":"Weyeneth","SpeakerFullName":"Weyeneth Hermann","SpeakerFunction":"Mit-M","CouncilId":1,"CouncilName":"Nationalrat","CantonId":2,"CantonName":"Bern","CantonAbbreviation":"BE","ParlGroupName":"Fraktion der Schweizerischen Volkspartei","ParlGroupAbbreviation":"V","SortOrder":10,"Start":"\/Date(1180977772453)\/","End":"\/Date(1180977876156)\/","Function":"Mit-M","DisplaySpeaker":true,"LanguageOfText":"DE","Modified":"\/Date(1774877919920)\/","StartTimeWithTimezone":"\/Date(1180977772453+0120)\/","EndTimeWithTimezone":"\/Date(1180977876157+0120)\/","VoteBusinessNumber":null,"VoteBusinessShortNumber":null,"VoteBusinessTitle":null},{"__metadata":{"id":"https://ws.parlament.ch/OData.svc/Transcript(ID=79947L,Language='DE')","uri":"https://ws.parlament.ch/OData.svc/Transcript(ID=79947L,Language='DE')","type":"itsystems.Pd.DataServices.DataModel.Transcript"},"Subjects":{"__deferred":{"uri":"https://ws.parlament.ch/OData.svc/Transcript(ID=79947L,Language='DE')/Subjects"}},"MembersCouncil":{"__deferred":{"uri":"https://ws.parlament.ch/OData.svc/Transcript(ID=79947L,Language='DE')/MembersCouncil"}},"Businesses":{"__deferred":{"uri":"https://ws.parlament.ch/OData.svc/Transcript(ID=79947L,Language='DE')/Businesses"}},"ID":"79947","Language":"DE","IdSubject":"12652","VoteId":null,"PersonNumber":419,"Type":1,"Text":"<pd_text><p>Beaucoup de choses ont d\u00e9j\u00e0 \u00e9t\u00e9 dites par les d\u00e9put\u00e9s des diff\u00e9rents groupes politiques repr\u00e9sent\u00e9s au sein de la Commission des institutions politiques. Je crois que le sujet dont nous d\u00e9battons est essentiel: il s'agit du fonctionnement de notre [PAGE 631] Parlement. Nous ne pouvons pas gouverner ce pays par des ukases, nous ne pouvons pas non plus am\u00e9liorer le fonctionnement de notre Parlement par des mesures trop rapidement prises, partiales ou partielles - en tout cas au niveau de l'analyse. Je crois que notre Parlement est effectivement surcharg\u00e9 en termes d'ordre du jour. Nous n'avons pas seulement \u00e0 nous pr\u00e9occuper des questions de temps, de dur\u00e9e des d\u00e9bats ou de cr\u00e9dits financiers n\u00e9cessaires \u00e0 son fonctionnement; nous avons \u00e9galement \u00e0 nous pr\u00e9occuper de la mani\u00e8re dont les diff\u00e9rentes propositions des parlementaires sont examin\u00e9es, de leur l\u00e9gitimit\u00e9 et de leur but.</p>\n<p>Pour toutes ces raisons, je crois que nous ne pouvons pas nous livrer \u00e0 la loterie de l'ordre du jour - parce que c'est bien de cela qu'il s'agit lorsqu'on introduit la \"guillotine\". C'est finalement simplement le chronom\u00e8tre qui d\u00e9cide si une intervention parlementaire est trait\u00e9e ou si elle ne l'est pas. La sous-commission de la Commission des institutions politiques a d\u00e9j\u00e0 s\u00e9rieusement entam\u00e9 ses travaux et pourra, ainsi que cela a \u00e9t\u00e9 dit, apporter des propositions de solutions bas\u00e9es sur une analyse plus compl\u00e8te, plus fond\u00e9e, dans les mois qui vont suivre.</p>\n<p>Je vous invite donc \u00e9galement, au nom du groupe radical-lib\u00e9ral, \u00e0 soutenir le renvoi de cet objet jusqu'\u00e0 ce que la Commission des institutions politiques - dont, je tiens \u00e0 vous le rappeler, le r\u00f4le est justement de s'occuper de la loi sur le Parlement - traite cette question en profondeur.</p>\n</pd_text>","MeetingCouncilAbbreviation":"N","MeetingDate":"20070604","MeetingVerbalixOid":1549,"IdSession":"4717","SpeakerFirstName":"Serge","SpeakerLastName":"Beck","SpeakerFullName":"Beck Serge","SpeakerFunction":"Mit-M","CouncilId":1,"CouncilName":"Nationalrat","CantonId":22,"CantonName":"Waadt","CantonAbbreviation":"VD","ParlGroupName":"Freisinnig-demokratische Fraktion","ParlGroupAbbreviation":"RL","SortOrder":11,"Start":"\/Date(1180977876156)\/","End":"\/Date(1180977993265)\/","Function":"Mit-M","DisplaySpeaker":true,"LanguageOfText":"FR","Modified":"\/Date(1774877919921)\/","StartTimeWithTimezone":"\/Date(1180977876157+0120)\/","EndTimeWithTimezone":"\/Date(1180977993267+0120)\/","VoteBusinessNumber":null,"VoteBusinessShortNumber":null,"VoteBusinessTitle":null},{"__metadata":{"id":"https://ws.parlament.ch/OData.svc/Transcript(ID=79948L,Language='DE')","uri":"https://ws.parlament.ch/OData.svc/Transcript(ID=79948L,Language='DE')","type":"itsystems.Pd.DataServices.DataModel.Transcript"},"Subjects":{"__deferred":{"uri":"https://ws.parlament.ch/OData.svc/Transcript(ID=79948L,Language='DE')/Subjects"}},"MembersCouncil":{"__deferred":{"uri":"https://ws.parlament.ch/OData.svc/Transcript(ID=79948L,Language='DE')/MembersCouncil"}},"Businesses":{"__deferred":{"uri":"https://ws.parlament.ch/OData.svc/Transcript(ID=79948L,Language='DE')/Businesses"}},"ID":"79948","Language":"DE","IdSubject":"12652","VoteId":null,"PersonNumber":484,"Type":1,"Text":"<pd_text><p>Ich m\u00f6chte Ihnen in dieser Debatte noch Folgendes zu bedenken geben: Sie m\u00fcssen einmal \u00fcberlegen, wie diese Vorst\u00f6sse eigentlich abgearbeitet werden. In erster Linie werden sie gem\u00e4ss ihrem Alter abgearbeitet, es sei denn, man b\u00fcndle die Themen. Je mehr Vorst\u00f6sse wir haben, desto \u00e4ltere Vorst\u00f6sse werden letztlich behandelt; diese sind dann je l\u00e4nger, desto weniger aktuell. </p>\n<p>Im Sinne einer Sofortmassnahme wurde daran gedacht, die \"Guillotine\" wieder einzuf\u00fchren. Wenn ein Vorstoss nach wie vor so gut ist, dass man ihn wieder einbringen kann, haben Sie das Recht, ihn erneut einzureichen. Wenn Sie aber die Vorstossflut analysieren, stellen Sie fest, dass viele Vorst\u00f6sse sich selbst \u00fcberholt haben. Deshalb war es die Idee des B\u00fcros, diese \"Guillotine\" wieder einzuf\u00fchren. Niemand hindert die SPK daran, bessere Vorschl\u00e4ge einzubringen, auch wenn wir jetzt die \"Guillotine\"-Regelung wieder einf\u00fchren.</p>\n<p>Im Namen des B\u00fcros empfehle ich Ihnen, dieser parlamentarischen Initiative zuzustimmen.</p>\n<p>Ich gebe Ihnen noch etwas zu bedenken: Wenn Sie dieser Sofortmassnahme nicht zustimmen, dauert es auf dem ordentlichen gesetzgeberischen Weg mindestens ein bis eineinhalb Jahre, bis das Parlament dem zugestimmt hat, was die SPK ausgebr\u00fctet hat. Das w\u00e4re also keine Sofortmassnahme.</p>\n<p>Ich bitte Sie nochmals um Unterst\u00fctzung des Entwurfes des B\u00fcros.</p>\n</pd_text>","MeetingCouncilAbbreviation":"N","MeetingDate":"20070604","MeetingVerbalixOid":1549,"IdSession":"4717","SpeakerFirstName":"Otto","SpeakerLastName":"Laubacher","SpeakerFullName":"Laubacher Otto","SpeakerFunction":"Mit-M","CouncilId":1,"CouncilName":"Nationalrat","CantonId":3,"CantonName":"Luzern","CantonAbbreviation":"LU","ParlGroupName":"Fraktion der Schweizerischen Volkspartei","ParlGroupAbbreviation":"V","SortOrder":12,"Start":"\/Date(1180977993265)\/","End":"\/Date(1180978092468)\/","Function":"B","DisplaySpeaker":true,"LanguageOfText":"DE","Modified":"\/Date(1774877919923)\/","StartTimeWithTimezone":"\/Date(1180977993267+0120)\/","EndTimeWithTimezone":"\/Date(1180978092467+0120)\/","VoteBusinessNumber":null,"VoteBusinessShortNumber":null,"VoteBusinessTitle":null}]},"ID":"12652","Language":"DE","IdMeeting":"926","VerbalixOid":244791,"SortOrder":9,"Modified":"\/Date(1774877919902)\/"}}