{"d":{"__metadata":{"id":"https://ws.parlament.ch/OData.svc/Subject(ID=12766L,Language='DE')","uri":"https://ws.parlament.ch/OData.svc/Subject(ID=12766L,Language='DE')","type":"itsystems.Pd.DataServices.DataModel.Subject"},"Meetings":{"__metadata":{"id":"https://ws.parlament.ch/OData.svc/Meeting(ID=934L,Language='DE')","uri":"https://ws.parlament.ch/OData.svc/Meeting(ID=934L,Language='DE')","type":"itsystems.Pd.DataServices.DataModel.Meeting"},"Sessions":{"__deferred":{"uri":"https://ws.parlament.ch/OData.svc/Meeting(ID=934L,Language='DE')/Sessions"}},"Subjects":{"__deferred":{"uri":"https://ws.parlament.ch/OData.svc/Meeting(ID=934L,Language='DE')/Subjects"}},"ID":"934","Language":"DE","MeetingNumber":9,"IdSession":4717,"SessionNumber":17,"SessionName":"Sommersession 2007","Council":1,"CouncilName":"Nationalrat","CouncilAbbreviation":"NR","Date":"\/Date(1181779200000)\/","Begin":"0800","Modified":"\/Date(1447070034760)\/","LegislativePeriodNumber":47,"PublicationStatus":"final","MeetingOrderText":"Neunte Sitzung","SortOrder":9,"Location":"N"},"SubjectsBusiness":{"results":[{"__metadata":{"id":"https://ws.parlament.ch/OData.svc/SubjectBusiness(BusinessNumber=20060100,IdSubject=12766L,Language='DE')","uri":"https://ws.parlament.ch/OData.svc/SubjectBusiness(BusinessNumber=20060100,IdSubject=12766L,Language='DE')","type":"itsystems.Pd.DataServices.DataModel.SubjectBusiness"},"Subjects":{"__deferred":{"uri":"https://ws.parlament.ch/OData.svc/SubjectBusiness(BusinessNumber=20060100,IdSubject=12766L,Language='DE')/Subjects"}},"Businesses":{"__deferred":{"uri":"https://ws.parlament.ch/OData.svc/SubjectBusiness(BusinessNumber=20060100,IdSubject=12766L,Language='DE')/Businesses"}},"IdSubject":"12766","BusinessNumber":20060100,"Language":"DE","BusinessShortNumber":"06.100","Title":"Verringerung der wirtschaftlichen und sozialen Ungleichheiten in der EU. Beitrag der Schweiz","SortOrder":1,"PublishedNotes":"Fortsetzung - Suite\n","Modified":"\/Date(1447069296760)\/","TitleDE":"Verringerung\nder wirtschaftlichen und sozialen\nUngleichheiten in der EU.\nBeitrag der Schweiz","TitleFR":"Att\u00e9nuation\ndes disparit\u00e9s \u00e9conomiques\net sociales dans l'UE.\nContribution de la Suisse","TitleIT":null}]},"Transcripts":{"results":[{"__metadata":{"id":"https://ws.parlament.ch/OData.svc/Transcript(ID=80920L,Language='DE')","uri":"https://ws.parlament.ch/OData.svc/Transcript(ID=80920L,Language='DE')","type":"itsystems.Pd.DataServices.DataModel.Transcript"},"Subjects":{"__deferred":{"uri":"https://ws.parlament.ch/OData.svc/Transcript(ID=80920L,Language='DE')/Subjects"}},"MembersCouncil":{"__deferred":{"uri":"https://ws.parlament.ch/OData.svc/Transcript(ID=80920L,Language='DE')/MembersCouncil"}},"Businesses":{"__deferred":{"uri":"https://ws.parlament.ch/OData.svc/Transcript(ID=80920L,Language='DE')/Businesses"}},"ID":"80920","Language":"DE","IdSubject":"12766","VoteId":"4413","PersonNumber":null,"Type":2,"Text":"<pd_text><p><i>Gesamtabstimmung - Vote sur l'ensemble</i></p>\n<p>[NAM]</p>\n<p>F\u00fcr Annahme des Entwurfes .... 127 Stimmen</p>\n<p>Dagegen .... 46 Stimmen</p>\n<p>[PAGE 891] </p>\n</pd_text>","MeetingCouncilAbbreviation":"N","MeetingDate":"20070614","MeetingVerbalixOid":1557,"IdSession":"4717","SpeakerFirstName":null,"SpeakerLastName":null,"SpeakerFullName":"","SpeakerFunction":null,"CouncilId":null,"CouncilName":null,"CantonId":null,"CantonName":null,"CantonAbbreviation":null,"ParlGroupName":null,"ParlGroupAbbreviation":null,"SortOrder":11,"Start":null,"End":null,"Function":null,"DisplaySpeaker":null,"LanguageOfText":"DE","Modified":"\/Date(1774877925956)\/","StartTimeWithTimezone":null,"EndTimeWithTimezone":null,"VoteBusinessNumber":20060100,"VoteBusinessShortNumber":"06.100","VoteBusinessTitle":"Verringerung\nder wirtschaftlichen und sozialen\nUngleichheiten in der EU.\nBeitrag der Schweiz"},{"__metadata":{"id":"https://ws.parlament.ch/OData.svc/Transcript(ID=80921L,Language='DE')","uri":"https://ws.parlament.ch/OData.svc/Transcript(ID=80921L,Language='DE')","type":"itsystems.Pd.DataServices.DataModel.Transcript"},"Subjects":{"__deferred":{"uri":"https://ws.parlament.ch/OData.svc/Transcript(ID=80921L,Language='DE')/Subjects"}},"MembersCouncil":{"__deferred":{"uri":"https://ws.parlament.ch/OData.svc/Transcript(ID=80921L,Language='DE')/MembersCouncil"}},"Businesses":{"__deferred":{"uri":"https://ws.parlament.ch/OData.svc/Transcript(ID=80921L,Language='DE')/Businesses"}},"ID":"80921","Language":"DE","IdSubject":"12766","VoteId":null,"PersonNumber":null,"Type":3,"Text":"<pd_text><p><b>Art. 2</b></p>\n<p><i>Antrag der Kommission</i></p>\n<p>Zustimmung zum Beschluss des St\u00e4nderates</p>\n<p><i>Proposition de la commission</i></p>\n<p>Adh\u00e9rer \u00e0 la d\u00e9cision du Conseil des Etats</p>\n<p>[VS]</p>\n<p><i>Angenommen - Adopt\u00e9</i></p>\n<p>[VS]</p>\n<p><b>Art. 2a</b></p>\n<p><i>Antrag der Minderheit</i></p>\n<p>(Wobmann, M\u00f6rgeli, M\u00fcri, Oehrli, Schibli, Stamm)</p>\n<p>Der Bundesrat informiert die Aussenpolitischen Kommissionen j\u00e4hrlich \u00fcber die Art und Entwicklung der Projekte und \u00fcber die erzielte Wirkung.</p>\n<p>[VS]</p>\n<p><b>Art. 2a</b></p>\n<p><i>Proposition de la minorit\u00e9</i></p>\n<p>(Wobmann, M\u00f6rgeli, M\u00fcri, Oehrli, Schibli, Stamm)</p>\n<p>Le Conseil f\u00e9d\u00e9ral informe chaque ann\u00e9e les Commissions de politique ext\u00e9rieure sur le type et l'\u00e9volution des projets, ainsi que sur les r\u00e9sultats atteints.</p>\n<p>[VS]</p>\n<p><b>Pr\u00e4sidentin </b>(Egerszegi-Obrist Christine, Pr\u00e4sidentin): Herr Wobmann hat seinen Minderheitsantrag bereits im Rahmen der Beratung des Gesch\u00e4fts 06.099 begr\u00fcndet. Herr Wobmann, w\u00fcnschen Sie, dass wir nochmals \u00fcber den identischen Minderheitsantrag abstimmen? - Das ist nicht der Fall. </p>\n<p>[VS]</p>\n<p><i>Abgelehnt - Rejet\u00e9</i></p>\n<p>[VS]</p>\n<p><b>Art. 3</b></p>\n<p><i>Antrag der Kommission</i></p>\n<p>Zustimmung zum Beschluss des St\u00e4nderates</p>\n<p><i>Proposition de la commission</i></p>\n<p>Adh\u00e9rer \u00e0 la d\u00e9cision du Conseil des Etats</p>\n<p>[VS]</p>\n<p><i>Angenommen - Adopt\u00e9</i></p>\n<p>[VS]</p>\n</pd_text>","MeetingCouncilAbbreviation":"N","MeetingDate":"20070614","MeetingVerbalixOid":1557,"IdSession":"4717","SpeakerFirstName":null,"SpeakerLastName":null,"SpeakerFullName":"","SpeakerFunction":null,"CouncilId":null,"CouncilName":null,"CantonId":null,"CantonName":null,"CantonAbbreviation":null,"ParlGroupName":null,"ParlGroupAbbreviation":null,"SortOrder":10,"Start":null,"End":null,"Function":null,"DisplaySpeaker":null,"LanguageOfText":"DE","Modified":"\/Date(1774877925953)\/","StartTimeWithTimezone":null,"EndTimeWithTimezone":null,"VoteBusinessNumber":null,"VoteBusinessShortNumber":null,"VoteBusinessTitle":null},{"__metadata":{"id":"https://ws.parlament.ch/OData.svc/Transcript(ID=80922L,Language='DE')","uri":"https://ws.parlament.ch/OData.svc/Transcript(ID=80922L,Language='DE')","type":"itsystems.Pd.DataServices.DataModel.Transcript"},"Subjects":{"__deferred":{"uri":"https://ws.parlament.ch/OData.svc/Transcript(ID=80922L,Language='DE')/Subjects"}},"MembersCouncil":{"__deferred":{"uri":"https://ws.parlament.ch/OData.svc/Transcript(ID=80922L,Language='DE')/MembersCouncil"}},"Businesses":{"__deferred":{"uri":"https://ws.parlament.ch/OData.svc/Transcript(ID=80922L,Language='DE')/Businesses"}},"ID":"80922","Language":"DE","IdSubject":"12766","VoteId":"4410","PersonNumber":null,"Type":2,"Text":"<pd_text><p><i>Ausgabenbremse - Frein aux d\u00e9penses</i></p>\n<p>[VS]</p>\n<p><i>Abstimmung - Vote</i></p>\n<p>[NAM]</p>\n<p>F\u00fcr Annahme der Ausgabe .... 122 Stimmen</p>\n<p>Dagegen .... 43 Stimmen</p>\n<p>[VS]</p>\n<p><i>Das qualifizierte Mehr ist erreicht</i></p>\n<p><i>La majorit\u00e9 qualifi\u00e9e est acquise</i></p>\n</pd_text>","MeetingCouncilAbbreviation":"N","MeetingDate":"20070614","MeetingVerbalixOid":1557,"IdSession":"4717","SpeakerFirstName":null,"SpeakerLastName":null,"SpeakerFullName":"","SpeakerFunction":null,"CouncilId":null,"CouncilName":null,"CantonId":null,"CantonName":null,"CantonAbbreviation":null,"ParlGroupName":null,"ParlGroupAbbreviation":null,"SortOrder":9,"Start":"\/Date(1181816846926)\/","End":"\/Date(1181816846926)\/","Function":null,"DisplaySpeaker":null,"LanguageOfText":"DE","Modified":"\/Date(1774877925952)\/","StartTimeWithTimezone":"\/Date(1181816846927+0120)\/","EndTimeWithTimezone":"\/Date(1181816846927+0120)\/","VoteBusinessNumber":20060100,"VoteBusinessShortNumber":"06.100","VoteBusinessTitle":"Verringerung\nder wirtschaftlichen und sozialen\nUngleichheiten in der EU.\nBeitrag der Schweiz"},{"__metadata":{"id":"https://ws.parlament.ch/OData.svc/Transcript(ID=80923L,Language='DE')","uri":"https://ws.parlament.ch/OData.svc/Transcript(ID=80923L,Language='DE')","type":"itsystems.Pd.DataServices.DataModel.Transcript"},"Subjects":{"__deferred":{"uri":"https://ws.parlament.ch/OData.svc/Transcript(ID=80923L,Language='DE')/Subjects"}},"MembersCouncil":{"__deferred":{"uri":"https://ws.parlament.ch/OData.svc/Transcript(ID=80923L,Language='DE')/MembersCouncil"}},"Businesses":{"__deferred":{"uri":"https://ws.parlament.ch/OData.svc/Transcript(ID=80923L,Language='DE')/Businesses"}},"ID":"80923","Language":"DE","IdSubject":"12766","VoteId":null,"PersonNumber":316,"Type":1,"Text":"<pd_text><p><i>Abstimmung - Vote</i></p>\n<p>F\u00fcr den Antrag der Kommission .... 117 Stimmen</p>\n<p>F\u00fcr den Antrag Schmied Walter .... 46 Stimmen</p>\n</pd_text>","MeetingCouncilAbbreviation":"N","MeetingDate":"20070614","MeetingVerbalixOid":1557,"IdSession":"4717","SpeakerFirstName":"Christine","SpeakerLastName":"Egerszegi-Obrist","SpeakerFullName":"Egerszegi-Obrist Christine","SpeakerFunction":"P-F","CouncilId":1,"CouncilName":"Nationalrat","CantonId":19,"CantonName":"Aargau","CantonAbbreviation":"AG","ParlGroupName":"Freisinnig-demokratische Fraktion","ParlGroupAbbreviation":"RL","SortOrder":8,"Start":"\/Date(1181816687316)\/","End":"\/Date(1181816846926)\/","Function":"P-F","DisplaySpeaker":false,"LanguageOfText":null,"Modified":"\/Date(1774877925951)\/","StartTimeWithTimezone":"\/Date(1181816687317+0120)\/","EndTimeWithTimezone":"\/Date(1181816846927+0120)\/","VoteBusinessNumber":null,"VoteBusinessShortNumber":null,"VoteBusinessTitle":null},{"__metadata":{"id":"https://ws.parlament.ch/OData.svc/Transcript(ID=80924L,Language='DE')","uri":"https://ws.parlament.ch/OData.svc/Transcript(ID=80924L,Language='DE')","type":"itsystems.Pd.DataServices.DataModel.Transcript"},"Subjects":{"__deferred":{"uri":"https://ws.parlament.ch/OData.svc/Transcript(ID=80924L,Language='DE')/Subjects"}},"MembersCouncil":{"__deferred":{"uri":"https://ws.parlament.ch/OData.svc/Transcript(ID=80924L,Language='DE')/MembersCouncil"}},"Businesses":{"__deferred":{"uri":"https://ws.parlament.ch/OData.svc/Transcript(ID=80924L,Language='DE')/Businesses"}},"ID":"80924","Language":"DE","IdSubject":"12766","VoteId":null,"PersonNumber":343,"Type":1,"Text":"<pd_text><p>Herr Schmied Walter hat diesen Antrag auch in der Kommission schon gestellt. Er hat ihn dort allerdings als R\u00fcckweisungsantrag eingegeben. Wir haben das in der Kommission diskutiert. Die Kommission lehnte diesen Antrag mit einem Stimmenverh\u00e4ltnis von 20 zu 2 bei 1 Enthaltung ab.</p>\n<p>Ich bitte Sie, auch hier der Kommission zu folgen.</p>\n</pd_text>","MeetingCouncilAbbreviation":"N","MeetingDate":"20070614","MeetingVerbalixOid":1557,"IdSession":"4717","SpeakerFirstName":"Vreni","SpeakerLastName":"M\u00fcller-Hemmi","SpeakerFullName":"M\u00fcller-Hemmi Vreni","SpeakerFunction":"Mit-F","CouncilId":1,"CouncilName":"Nationalrat","CantonId":1,"CantonName":"Z\u00fcrich","CantonAbbreviation":"ZH","ParlGroupName":"Sozialdemokratische Fraktion","ParlGroupAbbreviation":"S","SortOrder":7,"Start":"\/Date(1181816653207)\/","End":"\/Date(1181816687316)\/","Function":"*","DisplaySpeaker":true,"LanguageOfText":"DE","Modified":"\/Date(1774877925949)\/","StartTimeWithTimezone":"\/Date(1181816653207+0120)\/","EndTimeWithTimezone":"\/Date(1181816687317+0120)\/","VoteBusinessNumber":null,"VoteBusinessShortNumber":null,"VoteBusinessTitle":null},{"__metadata":{"id":"https://ws.parlament.ch/OData.svc/Transcript(ID=80925L,Language='DE')","uri":"https://ws.parlament.ch/OData.svc/Transcript(ID=80925L,Language='DE')","type":"itsystems.Pd.DataServices.DataModel.Transcript"},"Subjects":{"__deferred":{"uri":"https://ws.parlament.ch/OData.svc/Transcript(ID=80925L,Language='DE')/Subjects"}},"MembersCouncil":{"__deferred":{"uri":"https://ws.parlament.ch/OData.svc/Transcript(ID=80925L,Language='DE')/MembersCouncil"}},"Businesses":{"__deferred":{"uri":"https://ws.parlament.ch/OData.svc/Transcript(ID=80925L,Language='DE')/Businesses"}},"ID":"80925","Language":"DE","IdSubject":"12766","VoteId":null,"PersonNumber":827,"Type":1,"Text":"<pd_text><p>Monsieur Schmied, je ne peux pas \u00eatre d'accord avec vous, ni en th\u00e9orie, ni en pratique. Il importe en effet de rappeler deux choses. Tout d'abord, le cr\u00e9dit-cadre qui vous est soumis est destin\u00e9 \u00e0 l'aide aux dix nouveaux pays membres de l'Union europ\u00e9enne, et non pas \u00e0 douze nouveaux pays membres de ladite union. Il importe ensuite de rappeler que la Suisse a pris un engagement \u00e0 l'\u00e9gard de l'Union europ\u00e9enne concernant l'aide \u00e0 ses dix nouveaux membres - \u00e0 savoir aux dix nouveaux membres qui ont adh\u00e9r\u00e9 au 1er mai 2004, donc ni \u00e0 la Bulgarie ni \u00e0 la Roumanie.</p>\n<p>Si nous suivions votre proposition, cela signifierait que l'aide aux dix nouveaux pays membres ayant adh\u00e9r\u00e9 au 1er mai 2004 serait r\u00e9duite en cons\u00e9quence et que la Suisse ne tiendrait pas ses engagements \u00e0 l'\u00e9gard de l'Union europ\u00e9enne. Pour la d\u00e9fense de nos int\u00e9r\u00eats, aussi bien politiques qu'\u00e9conomiques, ce serait un autogoal, ce serait la pire des choses que nous pourrions faire. Or, je vous l'ai rappel\u00e9 dans le d\u00e9bat d'entr\u00e9e en mati\u00e8re: cette aide aux pays de l'Est est dans notre int\u00e9r\u00eat, aussi bien politique qu'\u00e9conomique.</p>\n<p>Je vous recommande donc de bien vouloir rejeter la proposition Schmied Walter.</p>\n</pd_text>","MeetingCouncilAbbreviation":"N","MeetingDate":"20070614","MeetingVerbalixOid":1557,"IdSession":"4717","SpeakerFirstName":"Micheline","SpeakerLastName":"Calmy-Rey","SpeakerFullName":"Calmy-Rey Micheline","SpeakerFunction":"BPR-F","CouncilId":99,"CouncilName":"Bundesrat","CantonId":25,"CantonName":"Genf","CantonAbbreviation":"GE","ParlGroupName":null,"ParlGroupAbbreviation":null,"SortOrder":6,"Start":"\/Date(1181816563223)\/","End":"\/Date(1181816653207)\/","Function":"BPR-F","DisplaySpeaker":true,"LanguageOfText":"FR","Modified":"\/Date(1774877925948)\/","StartTimeWithTimezone":"\/Date(1181816563223+0120)\/","EndTimeWithTimezone":"\/Date(1181816653207+0120)\/","VoteBusinessNumber":null,"VoteBusinessShortNumber":null,"VoteBusinessTitle":null},{"__metadata":{"id":"https://ws.parlament.ch/OData.svc/Transcript(ID=80926L,Language='DE')","uri":"https://ws.parlament.ch/OData.svc/Transcript(ID=80926L,Language='DE')","type":"itsystems.Pd.DataServices.DataModel.Transcript"},"Subjects":{"__deferred":{"uri":"https://ws.parlament.ch/OData.svc/Transcript(ID=80926L,Language='DE')/Subjects"}},"MembersCouncil":{"__deferred":{"uri":"https://ws.parlament.ch/OData.svc/Transcript(ID=80926L,Language='DE')/MembersCouncil"}},"Businesses":{"__deferred":{"uri":"https://ws.parlament.ch/OData.svc/Transcript(ID=80926L,Language='DE')/Businesses"}},"ID":"80926","Language":"DE","IdSubject":"12766","VoteId":null,"PersonNumber":349,"Type":1,"Text":"<pd_text><p>Je n'aimerais pas abuser de votre temps, mais je ne peux pas laisser passer comme cela la proposition Schmied Walter parce que, comme je l'ai d\u00e9j\u00e0 dit rapidement lors du d\u00e9bat d'entr\u00e9e en mati\u00e8re, je la consid\u00e8re comme totalement hors sujet. Il est vrai qu'aujourd'hui l'Union europ\u00e9enne compte 27 pays membres, mais jusqu'\u00e0 plus ample inform\u00e9, la Suisse, pour l'instant, n'a conclu des accords qu'avec 25 de ces pays. Si ce que je viens de dire n'est pas la v\u00e9rit\u00e9, je crois v\u00e9ritablement que ce serait le scoop de la journ\u00e9e. Je consid\u00e8re pour ma part qu'ind\u00e9pendamment de ce qui se passe dans cette salle, cette proposition s'inspire de la strat\u00e9gie permanente de l'UDC qui, dans le domaine de la politique ext\u00e9rieure, cherche avant tout \u00e0 cr\u00e9er de la confusion, sachant pertinemment que la confusion est favorable \u00e0 l'isolationnisme.</p>\n<p>Alors, Monsieur Schmied, vous allez me dire que le tour de la Bulgarie et de la Roumanie viendra un jour, d'abord en ce qui concerne les accords bilat\u00e9raux et plus sp\u00e9cialement l'extension de la libre circulation des personnes, et peut-\u00eatre aussi apr\u00e8s en ce qui concerne la coh\u00e9sion. Je crois que sur ce point vous avez tout \u00e0 fait raison, mais il y a une chose qu'il ne faudrait pas oublier, c'est que cette approche europ\u00e9enne par \u00e9tapes est la cons\u00e9quence directe de la voie bilat\u00e9rale. Et quelle est la force politique qui, en cent ans, a le plus soutenu la voie bilat\u00e9rale devant le Parlement? Eh bien, Monsieur Schmied, c'est votre parti, l'UDC. On ne peut pas oublier l'histoire et il vous incombe aussi d'assumer les responsabilit\u00e9s que vous avez prises lorsque vous avez choisi la voie bilat\u00e9rale.</p>\n</pd_text>","MeetingCouncilAbbreviation":"N","MeetingDate":"20070614","MeetingVerbalixOid":1557,"IdSession":"4717","SpeakerFirstName":"Jean-Claude","SpeakerLastName":"Rennwald","SpeakerFullName":"Rennwald Jean-Claude","SpeakerFunction":"Mit-M","CouncilId":1,"CouncilName":"Nationalrat","CantonId":26,"CantonName":"Jura","CantonAbbreviation":"JU","ParlGroupName":"Sozialdemokratische Fraktion","ParlGroupAbbreviation":"S","SortOrder":5,"Start":"\/Date(1181816410457)\/","End":"\/Date(1181816563223)\/","Function":"Mit-M","DisplaySpeaker":true,"LanguageOfText":"FR","Modified":"\/Date(1774877925946)\/","StartTimeWithTimezone":"\/Date(1181816410457+0120)\/","EndTimeWithTimezone":"\/Date(1181816563223+0120)\/","VoteBusinessNumber":null,"VoteBusinessShortNumber":null,"VoteBusinessTitle":null},{"__metadata":{"id":"https://ws.parlament.ch/OData.svc/Transcript(ID=80927L,Language='DE')","uri":"https://ws.parlament.ch/OData.svc/Transcript(ID=80927L,Language='DE')","type":"itsystems.Pd.DataServices.DataModel.Transcript"},"Subjects":{"__deferred":{"uri":"https://ws.parlament.ch/OData.svc/Transcript(ID=80927L,Language='DE')/Subjects"}},"MembersCouncil":{"__deferred":{"uri":"https://ws.parlament.ch/OData.svc/Transcript(ID=80927L,Language='DE')/MembersCouncil"}},"Businesses":{"__deferred":{"uri":"https://ws.parlament.ch/OData.svc/Transcript(ID=80927L,Language='DE')/Businesses"}},"ID":"80927","Language":"DE","IdSubject":"12766","VoteId":null,"PersonNumber":198,"Type":1,"Text":"<pd_text><p>Je trouve votre remarque pour le moins d\u00e9plac\u00e9e, parce que maintenant je suis en train de discuter avec vous!</p>\n</pd_text>","MeetingCouncilAbbreviation":"N","MeetingDate":"20070614","MeetingVerbalixOid":1557,"IdSession":"4717","SpeakerFirstName":"Walter","SpeakerLastName":"Schmied","SpeakerFullName":"Schmied Walter","SpeakerFunction":"Mit-M","CouncilId":1,"CouncilName":"Nationalrat","CantonId":2,"CantonName":"Bern","CantonAbbreviation":"BE","ParlGroupName":"Fraktion der Schweizerischen Volkspartei","ParlGroupAbbreviation":"V","SortOrder":4,"Start":"\/Date(1181816394707)\/","End":"\/Date(1181816410457)\/","Function":"Mit-M","DisplaySpeaker":true,"LanguageOfText":"FR","Modified":"\/Date(1774877925945)\/","StartTimeWithTimezone":"\/Date(1181816394707+0120)\/","EndTimeWithTimezone":"\/Date(1181816410457+0120)\/","VoteBusinessNumber":null,"VoteBusinessShortNumber":null,"VoteBusinessTitle":null},{"__metadata":{"id":"https://ws.parlament.ch/OData.svc/Transcript(ID=80928L,Language='DE')","uri":"https://ws.parlament.ch/OData.svc/Transcript(ID=80928L,Language='DE')","type":"itsystems.Pd.DataServices.DataModel.Transcript"},"Subjects":{"__deferred":{"uri":"https://ws.parlament.ch/OData.svc/Transcript(ID=80928L,Language='DE')/Subjects"}},"MembersCouncil":{"__deferred":{"uri":"https://ws.parlament.ch/OData.svc/Transcript(ID=80928L,Language='DE')/MembersCouncil"}},"Businesses":{"__deferred":{"uri":"https://ws.parlament.ch/OData.svc/Transcript(ID=80928L,Language='DE')/Businesses"}},"ID":"80928","Language":"DE","IdSubject":"12766","VoteId":null,"PersonNumber":1120,"Type":1,"Text":"<pd_text><p>Monsieur Schmied, vous avez donn\u00e9 l'impression d'\u00eatre en pleine conversation personnelle avec Madame la pr\u00e9sidente de la Conf\u00e9d\u00e9ration. Or, j'estime que la prochaine fois vous pourriez peut-\u00eatre prendre un rendez-vous avec elle, ou alors demander \u00e0 l'ensemble du Parlement de quitter la salle, puisque c'est \u00e0 normalement \u00e0 lui que vous devez vous adresser!</p>\n</pd_text>","MeetingCouncilAbbreviation":"N","MeetingDate":"20070614","MeetingVerbalixOid":1557,"IdSession":"4717","SpeakerFirstName":"Carlo","SpeakerLastName":"Sommaruga","SpeakerFullName":"Sommaruga Carlo","SpeakerFunction":"Mit-M","CouncilId":1,"CouncilName":"Nationalrat","CantonId":25,"CantonName":"Genf","CantonAbbreviation":"GE","ParlGroupName":"Sozialdemokratische Fraktion","ParlGroupAbbreviation":"S","SortOrder":3,"Start":"\/Date(1181816368645)\/","End":"\/Date(1181816394707)\/","Function":"Mit-M","DisplaySpeaker":true,"LanguageOfText":"FR","Modified":"\/Date(1774877925943)\/","StartTimeWithTimezone":"\/Date(1181816368647+0120)\/","EndTimeWithTimezone":"\/Date(1181816394707+0120)\/","VoteBusinessNumber":null,"VoteBusinessShortNumber":null,"VoteBusinessTitle":null},{"__metadata":{"id":"https://ws.parlament.ch/OData.svc/Transcript(ID=80929L,Language='DE')","uri":"https://ws.parlament.ch/OData.svc/Transcript(ID=80929L,Language='DE')","type":"itsystems.Pd.DataServices.DataModel.Transcript"},"Subjects":{"__deferred":{"uri":"https://ws.parlament.ch/OData.svc/Transcript(ID=80929L,Language='DE')/Subjects"}},"MembersCouncil":{"__deferred":{"uri":"https://ws.parlament.ch/OData.svc/Transcript(ID=80929L,Language='DE')/MembersCouncil"}},"Businesses":{"__deferred":{"uri":"https://ws.parlament.ch/OData.svc/Transcript(ID=80929L,Language='DE')/Businesses"}},"ID":"80929","Language":"DE","IdSubject":"12766","VoteId":null,"PersonNumber":198,"Type":1,"Text":"<pd_text><p>Presque tout a \u00e9t\u00e9 dit, mais surtout les opinions sont faites. Sachez, Madame la pr\u00e9sidente de la Conf\u00e9d\u00e9ration, que j'\u00e9prouve m\u00eame une certaine sympathie pour votre position et votre argumentation, mais je vous demande de tenter de comprendre \u00e0 votre tour ma position. Sur le fond, en th\u00e9orie vous avez enti\u00e8rement raison, mais dans les faits cela se passe diff\u00e9remment. Vous \u00eates en possession d'une lettre de Madame Ferrero-Waldner dat\u00e9e de janvier 2007, vous venez de l'indiquer, et vous nous dites que le Conseil f\u00e9d\u00e9ral va \u00e9tudier si et sous quelle forme il va entrer en mati\u00e8re sur les demandes contenues dans cette lettre. Vous savez pertinemment, comme moi, que vous allez le faire!</p>\n<p>Ensuite, par analogie \u00e0 l'octroi du milliard de francs de contribution \u00e0 la coh\u00e9sion, se pose la question du montant qu'\u00e9voquera le Conseil f\u00e9d\u00e9ral face \u00e0 l'Union europ\u00e9enne, m\u00eame si c'est dans le cadre de la voie bilat\u00e9rale. Vous nous dites ce matin que finalement c'est le Parlement qui sera souverain et qu'il pourra dire non: mais c'est exactement la m\u00eame situation qu'avec le milliard de coh\u00e9sion! On sait pertinemment que, quand le Conseil f\u00e9d\u00e9ral aura engag\u00e9 le peuple suisse et la Suisse en tant qu'Etat, on ne pourra plus s'opposer aux sommes qui auront \u00e9t\u00e9 promises. C'est \u00e7a qui me d\u00e9range.</p>\n<p>Donc, en d\u00e9finitive, j'aimerais bien int\u00e9grer la Bulgarie et la Roumanie dans le cr\u00e9dit-cadre de 1 milliard de francs. Je vous fais m\u00eame une proposition de compromis en vous disant que je n'aurais rien contre si, sur la base de la lettre de Madame Ferrero-Waldner que vous avez re\u00e7ue en janvier, vous venez devant le Parlement dans un deuxi\u00e8me temps avec un cr\u00e9dit suppl\u00e9mentaire, parce qu'il faudra peut-\u00eatre bien honorer aussi ces engagements-l\u00e0. Mais, la fa\u00e7on dont les choses se passent actuellement, ce n'est pas tout \u00e0 fait honn\u00eate!</p>\n<p>En th\u00e9orie, je vous donne enti\u00e8rement raison, mais en pratique je crois honn\u00eatement que vous me donnerez raison \u00e9galement. Vous n'avez pas pu nous dire comment vous allez financer les futures demandes - je ne vais pas citer de chiffres, j'en ai cit\u00e9 en commission apr\u00e8s les avoir obtenus de votre d\u00e9partement -, mais plus tard, quand le Plateau d'Anatolie sera membre de l'Union europ\u00e9enne, je vous assure, Madame la pr\u00e9sidente de la Conf\u00e9d\u00e9ration, que le montant qui sera articul\u00e9 devant le Parlement sera en tout cas aussi important que l'ensemble du cr\u00e9dit-cadre que vous remettez entre les mains de Monsieur Walter Fust pour qu'il le g\u00e8re et le g\u00e8re bien.</p>\n<p>C'est l\u00e0 que se pose le probl\u00e8me, parce que nous sommes en train de cr\u00e9er des pr\u00e9c\u00e9dents qui introduisent maintenant les cl\u00e9s de r\u00e9partition, les m\u00e9canismes qui aboutissent au fait que le Parlement n'aura plus la possibilit\u00e9 de corriger quoi que ce soit et qu'il n'aura surtout pas la possibilit\u00e9 de dire non. On entre dans une phase empirique \u00e0 laquelle je ne peux pas souscrire. C'est pour cela que j'invite le conseil [PAGE 890] \u00e0 \u00e9tendre la port\u00e9e de ce cr\u00e9dit-cadre aux deux nouveaux pays membres de l'Union europ\u00e9enne que sont la Roumanie et la Bulgarie, sachant que dans le message du Conseil f\u00e9d\u00e9ral on parle de l'Union europ\u00e9enne \u00e9largie au 1er janvier 2007 et que, c'est un \u00e9tat de fait, ces deux pays font partie int\u00e9grante de l'Union europ\u00e9enne et en sont membres \u00e0 part enti\u00e8re.</p>\n<p>Voil\u00e0 pourquoi je d\u00e9fends cette proposition.</p>\n</pd_text>","MeetingCouncilAbbreviation":"N","MeetingDate":"20070614","MeetingVerbalixOid":1557,"IdSession":"4717","SpeakerFirstName":"Walter","SpeakerLastName":"Schmied","SpeakerFullName":"Schmied Walter","SpeakerFunction":"Mit-M","CouncilId":1,"CouncilName":"Nationalrat","CantonId":2,"CantonName":"Bern","CantonAbbreviation":"BE","ParlGroupName":"Fraktion der Schweizerischen Volkspartei","ParlGroupAbbreviation":"V","SortOrder":2,"Start":"\/Date(1181816143801)\/","End":"\/Date(1181816368645)\/","Function":"Mit-M","DisplaySpeaker":true,"LanguageOfText":"FR","Modified":"\/Date(1774877925942)\/","StartTimeWithTimezone":"\/Date(1181816143800+0120)\/","EndTimeWithTimezone":"\/Date(1181816368647+0120)\/","VoteBusinessNumber":null,"VoteBusinessShortNumber":null,"VoteBusinessTitle":null},{"__metadata":{"id":"https://ws.parlament.ch/OData.svc/Transcript(ID=80930L,Language='DE')","uri":"https://ws.parlament.ch/OData.svc/Transcript(ID=80930L,Language='DE')","type":"itsystems.Pd.DataServices.DataModel.Transcript"},"Subjects":{"__deferred":{"uri":"https://ws.parlament.ch/OData.svc/Transcript(ID=80930L,Language='DE')/Subjects"}},"MembersCouncil":{"__deferred":{"uri":"https://ws.parlament.ch/OData.svc/Transcript(ID=80930L,Language='DE')/MembersCouncil"}},"Businesses":{"__deferred":{"uri":"https://ws.parlament.ch/OData.svc/Transcript(ID=80930L,Language='DE')/Businesses"}},"ID":"80930","Language":"DE","IdSubject":"12766","VoteId":null,"PersonNumber":316,"Type":1,"Text":"<pd_text><p><i>Eintreten wird ohne Gegenantrag beschlossen</i></p>\n<p><i>L'entr\u00e9e en mati\u00e8re est d\u00e9cid\u00e9e sans opposition</i></p>\n<p>[VS]</p>\n<p><b>Pr\u00e4sidentin </b>(Egerszegi-Obrist Christine, Pr\u00e4sidentin): Wir stimmen zuerst \u00fcber die R\u00fcckweisungsantr\u00e4ge Wobmann, Schmied Walter und Schwander ab.</p>\n<p>[VS]</p>\n<p><i>Erste Abstimmung - Premier vote</i></p>\n<p>F\u00fcr den Antrag Wobmann .... 44 Stimmen</p>\n<p>Dagegen .... 129 Stimmen</p>\n<p>[VS]</p>\n<p><i>Zweite Abstimmung - Deuxi\u00e8me vote</i></p>\n<p>F\u00fcr den Antrag Schmied Walter .... 48 Stimmen</p>\n<p>Dagegen .... 127 Stimmen</p>\n<p>[VS]</p>\n<p><i>Dritte Abstimmung - Troisi\u00e8me vote</i></p>\n<p>F\u00fcr den Antrag Schwander .... 46 Stimmen</p>\n<p>Dagegen .... 134 Stimmen</p>\n<p>[VS]</p>\n<p>[VS]</p>\n<p><b>Bundesbeschluss \u00fcber den Beitrag der Schweiz zur Verringerung der wirtschaftlichen und sozialen Ungleichheiten in der erweiterten Europ\u00e4ischen Union </b></p>\n<p><b>Arr\u00eat\u00e9 f\u00e9d\u00e9ral concernant la contribution de la Suisse \u00e0 l'att\u00e9nuation des disparit\u00e9s \u00e9conomiques et sociales dans l'Union europ\u00e9enne \u00e9largie </b></p>\n<p>[VS]</p>\n<p><i>Detailberatung - Discussion par article</i></p>\n<p>[VS]</p>\n<p><b>Titel und Ingress</b></p>\n<p><i>Antrag der Kommission</i></p>\n<p>Zustimmung zum Beschluss des St\u00e4nderates</p>\n<p>[VS]</p>\n<p><b>Titre et pr\u00e9ambule</b></p>\n<p><i>Proposition de la commission</i></p>\n<p>Adh\u00e9rer \u00e0 la d\u00e9cision du Conseil des Etats</p>\n<p>[VS]</p>\n<p><i>Angenommen - Adopt\u00e9</i></p>\n<p>[VS]</p>\n<p><b>Art. 1</b></p>\n<p><i>Antrag der Kommission</i></p>\n<p>Zustimmung zum Beschluss des St\u00e4nderates</p>\n<p>[VS]</p>\n<p><i>Antrag Schmied Walter</i></p>\n<p>.... in der mit Stand vom 1. Januar 2007 um 12 neue Mitgliedstaaten erweiterten Europ\u00e4ischen Union wird ....</p>\n<p>[VS]</p>\n<p><b>Art. 1</b></p>\n<p><i>Proposition de la commission</i></p>\n<p>Adh\u00e9rer \u00e0 la d\u00e9cision du Conseil des Etats</p>\n<p>[VS]</p>\n<p><i>Proposition Schmied Walter</i></p>\n<p>.... l'Union europ\u00e9enne \u00e9largie aux 12 nouveaux pays membres en l'\u00e9tat du 1er janvier 2007.</p>\n</pd_text>","MeetingCouncilAbbreviation":"N","MeetingDate":"20070614","MeetingVerbalixOid":1557,"IdSession":"4717","SpeakerFirstName":"Christine","SpeakerLastName":"Egerszegi-Obrist","SpeakerFullName":"Egerszegi-Obrist Christine","SpeakerFunction":"P-F","CouncilId":1,"CouncilName":"Nationalrat","CantonId":19,"CantonName":"Aargau","CantonAbbreviation":"AG","ParlGroupName":"Freisinnig-demokratische Fraktion","ParlGroupAbbreviation":"RL","SortOrder":1,"Start":"\/Date(1181816001316)\/","End":"\/Date(1181816143801)\/","Function":"P-F","DisplaySpeaker":false,"LanguageOfText":null,"Modified":"\/Date(1774877925939)\/","StartTimeWithTimezone":"\/Date(1181816001317+0120)\/","EndTimeWithTimezone":"\/Date(1181816143800+0120)\/","VoteBusinessNumber":null,"VoteBusinessShortNumber":null,"VoteBusinessTitle":null}]},"ID":"12766","Language":"DE","IdMeeting":"934","VerbalixOid":248226,"SortOrder":3,"Modified":"\/Date(1774877925937)\/"}}