{"d":{"__metadata":{"id":"https://ws.parlament.ch/OData.svc/Subject(ID=12853L,Language='DE')","uri":"https://ws.parlament.ch/OData.svc/Subject(ID=12853L,Language='DE')","type":"itsystems.Pd.DataServices.DataModel.Subject"},"Meetings":{"__metadata":{"id":"https://ws.parlament.ch/OData.svc/Meeting(ID=939L,Language='DE')","uri":"https://ws.parlament.ch/OData.svc/Meeting(ID=939L,Language='DE')","type":"itsystems.Pd.DataServices.DataModel.Meeting"},"Sessions":{"__deferred":{"uri":"https://ws.parlament.ch/OData.svc/Meeting(ID=939L,Language='DE')/Sessions"}},"Subjects":{"__deferred":{"uri":"https://ws.parlament.ch/OData.svc/Meeting(ID=939L,Language='DE')/Subjects"}},"ID":"939","Language":"DE","MeetingNumber":14,"IdSession":4717,"SessionNumber":17,"SessionName":"Sommersession 2007","Council":1,"CouncilName":"Nationalrat","CouncilAbbreviation":"NR","Date":"\/Date(1182384000000)\/","Begin":"0800","Modified":"\/Date(1447070036870)\/","LegislativePeriodNumber":47,"PublicationStatus":"final","MeetingOrderText":"Vierzehnte Sitzung","SortOrder":14,"Location":"N"},"SubjectsBusiness":{"results":[{"__metadata":{"id":"https://ws.parlament.ch/OData.svc/SubjectBusiness(BusinessNumber=20070421,IdSubject=12853L,Language='DE')","uri":"https://ws.parlament.ch/OData.svc/SubjectBusiness(BusinessNumber=20070421,IdSubject=12853L,Language='DE')","type":"itsystems.Pd.DataServices.DataModel.SubjectBusiness"},"Subjects":{"__deferred":{"uri":"https://ws.parlament.ch/OData.svc/SubjectBusiness(BusinessNumber=20070421,IdSubject=12853L,Language='DE')/Subjects"}},"Businesses":{"__deferred":{"uri":"https://ws.parlament.ch/OData.svc/SubjectBusiness(BusinessNumber=20070421,IdSubject=12853L,Language='DE')/Businesses"}},"IdSubject":"12853","BusinessNumber":20070421,"Language":"DE","BusinessShortNumber":"07.421","Title":"Swissair-Debakel. Einsetzung einer PUK zur Abkl\u00e4rung der politischen Verantwortung","SortOrder":1,"PublishedNotes":"Fortsetzung - Suite\n","Modified":"\/Date(1447069331196)\/","TitleDE":"Parlamentarische Initiative Fraktion\nder Schweizerischen Volkspartei.\nSwissair-Debakel. Einsetzung\neiner PUK zur Abkl\u00e4rung\nder politischen Verantwortung","TitleFR":"Initiative parlementaire groupe\nde l'Union d\u00e9mocratique du Centre.\nD\u00e9b\u00e2cle de Swissair. Institution\nd'une CEP pour faire la lumi\u00e8re\nsur les responsabilit\u00e9s politiques","TitleIT":null}]},"Transcripts":{"results":[{"__metadata":{"id":"https://ws.parlament.ch/OData.svc/Transcript(ID=81607L,Language='DE')","uri":"https://ws.parlament.ch/OData.svc/Transcript(ID=81607L,Language='DE')","type":"itsystems.Pd.DataServices.DataModel.Transcript"},"Subjects":{"__deferred":{"uri":"https://ws.parlament.ch/OData.svc/Transcript(ID=81607L,Language='DE')/Subjects"}},"MembersCouncil":{"__deferred":{"uri":"https://ws.parlament.ch/OData.svc/Transcript(ID=81607L,Language='DE')/MembersCouncil"}},"Businesses":{"__deferred":{"uri":"https://ws.parlament.ch/OData.svc/Transcript(ID=81607L,Language='DE')/Businesses"}},"ID":"81607","Language":"DE","IdSubject":"12853","VoteId":null,"PersonNumber":479,"Type":1,"Text":"<pd_text><p>Es ist nat\u00fcrlich etwas seltsam, dass ich nach Ihrem Entscheid auf die Sache zur\u00fcckkommen muss. Aber das Resultat hat ja gezeigt, was wir vermutet haben: dass die SP- und die FDP-Fraktion geschlossen gegen eine Untersuchung der politischen Verantwortung sind. Es ist auch klar, warum: Es geht darum, die Bundesr\u00e4te dieser Parteien zu sch\u00fctzen - einerseits Bundesrat Leuenberger: Wir sind eben der Meinung, dass die Aufgabe ganz klar nicht richtig erledigt wurde, nicht so, wie es das Luftfahrtgesetz vorschreibt. Es schreibt n\u00e4mlich vor, dass man die Solvenz der Fluggesellschaften jederzeit \u00fcberpr\u00fcfen muss; und das ist nur ein Beispiel. Andererseits hat nat\u00fcrlich auch die FDP [PAGE 1068] ein Interesse daran, dass man nicht in alten Wunden w\u00fchlt. Dabei ist es doch offensichtlich, dass auch hier Verfilzungen und \u00c4hnliches dazu gef\u00fchrt haben, dass nicht politisch kluge Entscheide gef\u00e4llt worden sind, sondern dass wir schlussendlich \u00fcber 2 Milliarden Franken an Steuergeldern verlocht haben.</p>\n<p>Ich bin entt\u00e4uscht, dass man sich aus solchen \u00dcberlegungen weigert, die politische Verantwortung abzukl\u00e4ren. Mehr gibt es dazu nicht zu sagen. Es ist schade.</p>\n</pd_text>","MeetingCouncilAbbreviation":"N","MeetingDate":"20070621","MeetingVerbalixOid":1562,"IdSession":"4717","SpeakerFirstName":"Hans","SpeakerLastName":"Kaufmann","SpeakerFullName":"Kaufmann Hans","SpeakerFunction":"Mit-M","CouncilId":1,"CouncilName":"Nationalrat","CantonId":1,"CantonName":"Z\u00fcrich","CantonAbbreviation":"ZH","ParlGroupName":"Fraktion der Schweizerischen Volkspartei","ParlGroupAbbreviation":"V","SortOrder":2,"Start":"\/Date(1182414498770)\/","End":"\/Date(1182414586864)\/","Function":"Mit-M","DisplaySpeaker":true,"LanguageOfText":"DE","Modified":"\/Date(1774877930086)\/","StartTimeWithTimezone":"\/Date(1182414498770+0120)\/","EndTimeWithTimezone":"\/Date(1182414586863+0120)\/","VoteBusinessNumber":null,"VoteBusinessShortNumber":null,"VoteBusinessTitle":null},{"__metadata":{"id":"https://ws.parlament.ch/OData.svc/Transcript(ID=81608L,Language='DE')","uri":"https://ws.parlament.ch/OData.svc/Transcript(ID=81608L,Language='DE')","type":"itsystems.Pd.DataServices.DataModel.Transcript"},"Subjects":{"__deferred":{"uri":"https://ws.parlament.ch/OData.svc/Transcript(ID=81608L,Language='DE')/Subjects"}},"MembersCouncil":{"__deferred":{"uri":"https://ws.parlament.ch/OData.svc/Transcript(ID=81608L,Language='DE')/MembersCouncil"}},"Businesses":{"__deferred":{"uri":"https://ws.parlament.ch/OData.svc/Transcript(ID=81608L,Language='DE')/Businesses"}},"ID":"81608","Language":"DE","IdSubject":"12853","VoteId":null,"PersonNumber":316,"Type":1,"Text":"<pd_text><p>Beim Gesch\u00e4ft 07.421 habe ich die Urheber der Initiative \u00fcbergangen. Eigentlich h\u00e4tte Herr Kaufmann als Sprecher der SVP-Fraktion das Recht gehabt, sich ebenfalls zu \u00e4ussern. In Absprache mit ihm gebe ich ihm deshalb nachtr\u00e4glich das Wort. So kann er seine Begr\u00fcndung noch nachholen. Die Abstimmung wird nicht wiederholt.</p>\n</pd_text>","MeetingCouncilAbbreviation":"N","MeetingDate":"20070621","MeetingVerbalixOid":1562,"IdSession":"4717","SpeakerFirstName":"Christine","SpeakerLastName":"Egerszegi-Obrist","SpeakerFullName":"Egerszegi-Obrist Christine","SpeakerFunction":"P-F","CouncilId":1,"CouncilName":"Nationalrat","CantonId":19,"CantonName":"Aargau","CantonAbbreviation":"AG","ParlGroupName":"Freisinnig-demokratische Fraktion","ParlGroupAbbreviation":"RL","SortOrder":1,"Start":"\/Date(1182414461067)\/","End":"\/Date(1182414498770)\/","Function":"P-F","DisplaySpeaker":true,"LanguageOfText":"DE","Modified":"\/Date(1774877930084)\/","StartTimeWithTimezone":"\/Date(1182414461067+0120)\/","EndTimeWithTimezone":"\/Date(1182414498770+0120)\/","VoteBusinessNumber":null,"VoteBusinessShortNumber":null,"VoteBusinessTitle":null}]},"ID":"12853","Language":"DE","IdMeeting":"939","VerbalixOid":249837,"SortOrder":3,"Modified":"\/Date(1774877930082)\/"}}