{"d":{"__metadata":{"id":"https://ws.parlament.ch/OData.svc/Subject(ID=12858L,Language='DE')","uri":"https://ws.parlament.ch/OData.svc/Subject(ID=12858L,Language='DE')","type":"itsystems.Pd.DataServices.DataModel.Subject"},"Meetings":{"__metadata":{"id":"https://ws.parlament.ch/OData.svc/Meeting(ID=939L,Language='DE')","uri":"https://ws.parlament.ch/OData.svc/Meeting(ID=939L,Language='DE')","type":"itsystems.Pd.DataServices.DataModel.Meeting"},"Sessions":{"__deferred":{"uri":"https://ws.parlament.ch/OData.svc/Meeting(ID=939L,Language='DE')/Sessions"}},"Subjects":{"__deferred":{"uri":"https://ws.parlament.ch/OData.svc/Meeting(ID=939L,Language='DE')/Subjects"}},"ID":"939","Language":"DE","MeetingNumber":14,"IdSession":4717,"SessionNumber":17,"SessionName":"Sommersession 2007","Council":1,"CouncilName":"Nationalrat","CouncilAbbreviation":"NR","Date":"\/Date(1182384000000)\/","Begin":"0800","Modified":"\/Date(1447070036870)\/","LegislativePeriodNumber":47,"PublicationStatus":"final","MeetingOrderText":"Vierzehnte Sitzung","SortOrder":14,"Location":"N"},"SubjectsBusiness":{"results":[{"__metadata":{"id":"https://ws.parlament.ch/OData.svc/SubjectBusiness(BusinessNumber=20070421,IdSubject=12858L,Language='DE')","uri":"https://ws.parlament.ch/OData.svc/SubjectBusiness(BusinessNumber=20070421,IdSubject=12858L,Language='DE')","type":"itsystems.Pd.DataServices.DataModel.SubjectBusiness"},"Subjects":{"__deferred":{"uri":"https://ws.parlament.ch/OData.svc/SubjectBusiness(BusinessNumber=20070421,IdSubject=12858L,Language='DE')/Subjects"}},"Businesses":{"__deferred":{"uri":"https://ws.parlament.ch/OData.svc/SubjectBusiness(BusinessNumber=20070421,IdSubject=12858L,Language='DE')/Businesses"}},"IdSubject":"12858","BusinessNumber":20070421,"Language":"DE","BusinessShortNumber":"07.421","Title":"Swissair-Debakel. Einsetzung einer PUK zur Abkl\u00e4rung der politischen Verantwortung","SortOrder":1,"PublishedNotes":"Vorpr\u00fcfung - Examen pr\u00e9alable\n","Modified":"\/Date(1447069331196)\/","TitleDE":"Parlamentarische Initiative Fraktion\nder Schweizerischen Volkspartei.\nSwissair-Debakel. Einsetzung\neiner PUK zur Abkl\u00e4rung\nder politischen Verantwortung","TitleFR":"Initiative parlementaire groupe\nde l'Union d\u00e9mocratique du Centre.\nD\u00e9b\u00e2cle de Swissair. Institution\nd'une CEP pour faire la lumi\u00e8re\nsur les responsabilit\u00e9s politiques","TitleIT":null}]},"Transcripts":{"results":[{"__metadata":{"id":"https://ws.parlament.ch/OData.svc/Transcript(ID=81717L,Language='DE')","uri":"https://ws.parlament.ch/OData.svc/Transcript(ID=81717L,Language='DE')","type":"itsystems.Pd.DataServices.DataModel.Transcript"},"Subjects":{"__deferred":{"uri":"https://ws.parlament.ch/OData.svc/Transcript(ID=81717L,Language='DE')/Subjects"}},"MembersCouncil":{"__deferred":{"uri":"https://ws.parlament.ch/OData.svc/Transcript(ID=81717L,Language='DE')/MembersCouncil"}},"Businesses":{"__deferred":{"uri":"https://ws.parlament.ch/OData.svc/Transcript(ID=81717L,Language='DE')/Businesses"}},"ID":"81717","Language":"DE","IdSubject":"12858","VoteId":"4521","PersonNumber":null,"Type":2,"Text":"<pd_text><p><i>Abstimmung - Vote</i></p>\n<p>[NAM]</p>\n<p>F\u00fcr Folgegeben .... 73 Stimmen</p>\n<p>Dagegen .... 93 Stimmen</p>\n<p>[VS]</p>\n<p>[VS]</p>\n<p><i>Die Beratung dieses Gesch\u00e4ftes wird unterbrochen</i></p>\n<p><i>Le d\u00e9bat sur cet objet est interrompu</i></p>\n</pd_text>","MeetingCouncilAbbreviation":"N","MeetingDate":"20070621","MeetingVerbalixOid":1562,"IdSession":"4717","SpeakerFirstName":null,"SpeakerLastName":null,"SpeakerFullName":"","SpeakerFunction":null,"CouncilId":null,"CouncilName":null,"CantonId":null,"CantonName":null,"CantonAbbreviation":null,"ParlGroupName":null,"ParlGroupAbbreviation":null,"SortOrder":11,"Start":"\/Date(1182413842130)\/","End":"\/Date(1182413842130)\/","Function":null,"DisplaySpeaker":null,"LanguageOfText":"DE","Modified":"\/Date(1774877930071)\/","StartTimeWithTimezone":"\/Date(1182413842130+0120)\/","EndTimeWithTimezone":"\/Date(1182413842130+0120)\/","VoteBusinessNumber":20070421,"VoteBusinessShortNumber":"07.421","VoteBusinessTitle":"Parlamentarische Initiative Fraktion\nder Schweizerischen Volkspartei.\nSwissair-Debakel. Einsetzung\neiner PUK zur Abkl\u00e4rung\nder politischen Verantwortung"},{"__metadata":{"id":"https://ws.parlament.ch/OData.svc/Transcript(ID=81718L,Language='DE')","uri":"https://ws.parlament.ch/OData.svc/Transcript(ID=81718L,Language='DE')","type":"itsystems.Pd.DataServices.DataModel.Transcript"},"Subjects":{"__deferred":{"uri":"https://ws.parlament.ch/OData.svc/Transcript(ID=81718L,Language='DE')/Subjects"}},"MembersCouncil":{"__deferred":{"uri":"https://ws.parlament.ch/OData.svc/Transcript(ID=81718L,Language='DE')/MembersCouncil"}},"Businesses":{"__deferred":{"uri":"https://ws.parlament.ch/OData.svc/Transcript(ID=81718L,Language='DE')/Businesses"}},"ID":"81718","Language":"DE","IdSubject":"12858","VoteId":null,"PersonNumber":484,"Type":1,"Text":"<pd_text><p>Eine Minderheit des B\u00fcros ist der Meinung, dass wir die Forderung nach einer PUK unterst\u00fctzen sollten. Es darf nicht sein, dass der gr\u00f6sste Wirtschaftsflop in diesem Land, an dem erst noch der Bund beteiligt war und bei welchem 2 Milliarden Franken nachgeschossen wurden, nicht vollst\u00e4ndig abgekl\u00e4rt wird. Es darf ebenso wenig sein, dass sich das Parlament weigert, diese Aufgabe zu erledigen. Die GPK des St\u00e4nderates hat eine Teilaufkl\u00e4rung gemacht, aber sie verweigerte den Einsatz des st\u00e4rksten parlamentarischen Mittels. Das ist st\u00f6rend. Das ist vor allem auch gegen\u00fcber der Bev\u00f6lkerung st\u00f6rend, die das Ganze am Schluss bezahlen muss.</p>\n<p>Es geht auch darum, ob die politischen Instrumente und Kontrollinstrumente vorhanden sind und richtig angewendet wurden oder ob diese erg\u00e4nzt werden m\u00fcssen. Es sind nicht alle M\u00e4ngel untersucht worden. Die st\u00e4nder\u00e4tliche Kommission hat bestimmte gesetzgeberische Fragen gar nicht untersucht. Wir m\u00fcssen feststellen, wo es noch Korrekturen braucht. Daraus abgeleitet geht es auch um die politische Verantwortung. Man hat zu lange nicht gehandelt und nichts getan.</p>\n<p>F\u00fcr die Steuerzahler ist es auch wichtig, dass die in den f\u00fcnfzehn Ziffern der parlamentarischen Initiative aufgeworfenen Fragen beantwortet werden. Ich erw\u00e4hne hier auszugsweise und zusammenfassend einige dieser Fragen: Wurde die Kontrolle wahrgenommen? Gab es Interessenkonflikte? Hat der Bundesrat aktive Einflussnahme betrieben? Wie und warum waren andere mehrheitlich dem Bund geh\u00f6rende Unternehmen involviert? Wir m\u00fcssen uns auch vorbehalten, die Frageliste noch zu erg\u00e4nzen.</p>\n<p>Die PUK ist das st\u00e4rkste Instrument des Parlamentes, um solche Untersuchungen durchzuf\u00fchren. Diese Pleite, die die Steuerzahler mehr als 2 Milliarden Franken gekostet hat, rechtfertigt auf jeden Fall die Einsetzung einer PUK. Aus diesem Grund empfiehlt Ihnen die Minderheit des B\u00fcros, eine PUK einzusetzen und so die Fragen nach der politischen Verantwortung restlos aufzukl\u00e4ren.</p>\n<p>Ich bitte Sie, dieser parlamentarischen Initiative Folge zu geben.</p>\n</pd_text>","MeetingCouncilAbbreviation":"N","MeetingDate":"20070621","MeetingVerbalixOid":1562,"IdSession":"4717","SpeakerFirstName":"Otto","SpeakerLastName":"Laubacher","SpeakerFullName":"Laubacher Otto","SpeakerFunction":"Mit-M","CouncilId":1,"CouncilName":"Nationalrat","CantonId":3,"CantonName":"Luzern","CantonAbbreviation":"LU","ParlGroupName":"Fraktion der Schweizerischen Volkspartei","ParlGroupAbbreviation":"V","SortOrder":10,"Start":"\/Date(1182413478286)\/","End":"\/Date(1182413842130)\/","Function":"Mit-M","DisplaySpeaker":true,"LanguageOfText":"DE","Modified":"\/Date(1774877930069)\/","StartTimeWithTimezone":"\/Date(1182413478287+0120)\/","EndTimeWithTimezone":"\/Date(1182413842130+0120)\/","VoteBusinessNumber":null,"VoteBusinessShortNumber":null,"VoteBusinessTitle":null},{"__metadata":{"id":"https://ws.parlament.ch/OData.svc/Transcript(ID=81719L,Language='DE')","uri":"https://ws.parlament.ch/OData.svc/Transcript(ID=81719L,Language='DE')","type":"itsystems.Pd.DataServices.DataModel.Transcript"},"Subjects":{"__deferred":{"uri":"https://ws.parlament.ch/OData.svc/Transcript(ID=81719L,Language='DE')/Subjects"}},"MembersCouncil":{"__deferred":{"uri":"https://ws.parlament.ch/OData.svc/Transcript(ID=81719L,Language='DE')/MembersCouncil"}},"Businesses":{"__deferred":{"uri":"https://ws.parlament.ch/OData.svc/Transcript(ID=81719L,Language='DE')/Businesses"}},"ID":"81719","Language":"DE","IdSubject":"12858","VoteId":null,"PersonNumber":318,"Type":1,"Text":"<pd_text><p>Einerseits stellt das B\u00fcro fest, dass unser Rat bereits drei parlamentarische Initiativen f\u00fcr die Schaffung einer PUK zur Swissair abgelehnt hat, die letzte am 22. September 2004. Andererseits hat das B\u00fcro des Nationalrates an seiner Sitzung vom 16. Mai 2007 Herrn Kaufmann angeh\u00f6rt und seine Argumente zur Abkl\u00e4rung der politischen Verantwortung beim Swissair-Debakel zur Kenntnis genommen. Das B\u00fcro hat in der Diskussion um diese PUK auch zur Kenntnis genommen, dass sich die GPK des St\u00e4nderates intensiv und eingehend mit den Fragen rund um den Fall der Swissair befasst hat. Sie hat auch offen die gravierenden Folgen f\u00fcr die Schweiz, f\u00fcr die direkt und indirekt Betroffenen aufgezeigt. Von einer PUK w\u00e4ren daher keine neuen Kenntnisse zu erwarten, zumal die straf- und zivilrechtlichen Fragen von den Gerichten zu beurteilen sind. [PAGE 1066] </p>\n<p>Seit der Berichterstattung der GPK des St\u00e4nderates, in deren Rahmen mehrere Empfehlungen an den Bundesrat gerichtet wurden, haben der Bundesrat und das Amt zahlreiche Massnahmen beschlossen und auch eingef\u00fchrt. Eine wichtige Massnahme war die Trennung der technischen Aufsicht und der luftfahrtpolitischen Bereiche im Bundesamt f\u00fcr Zivilluftfahrt. Im \u00dcbrigen stellt das B\u00fcro fest, dass sich die Rechte der PUK nur in wenigen Details von den Rechten der Kontrollkommissionen unterscheiden.</p>\n<p>Die Minderheit des B\u00fcros h\u00e4lt fest, dass f\u00fcr die Untersuchung dieses \"Flops\" der Einsatz des st\u00e4rksten parlamentarischen Instrumentariums gerechtfertigt sei. Bisher sei nicht gekl\u00e4rt worden, welche Verantwortung das UVEK im ganzen Fall Swissair trage. Aus diesem Grund bef\u00fcrwortet die Minderheit die parlamentarische Initiative und die Schaffung einer PUK.</p>\n<p>Das B\u00fcro hat aufgrund dieser Diskussionen und nach Anh\u00f6rung von Herrn Kaufmann mit 8 zu 4 Stimmen beschlossen, der Initiative keine Folge zu geben. Im \u00dcbrigen hat das B\u00fcro festgestellt, dass im Zusammenhang mit der Swissair-Krise auch eine Reihe von parlamentarischen Vorst\u00f6ssen behandelt wurden. Diese wurden zum gr\u00f6ssten Teil in den R\u00e4ten beraten und auch verabschiedet.</p>\n<p>Ich beantrage Ihnen im Namen der Zweidrittelmehrheit des B\u00fcros, der parlamentarischen Initiative \"PUK Swissair\" keine Folge zu geben.</p>\n</pd_text>","MeetingCouncilAbbreviation":"N","MeetingDate":"20070621","MeetingVerbalixOid":1562,"IdSession":"4717","SpeakerFirstName":"Eduard","SpeakerLastName":"Engelberger","SpeakerFullName":"Engelberger Eduard","SpeakerFunction":"Mit-M","CouncilId":1,"CouncilName":"Nationalrat","CantonId":7,"CantonName":"Nidwalden","CantonAbbreviation":"NW","ParlGroupName":"Freisinnig-demokratische Fraktion","ParlGroupAbbreviation":"RL","SortOrder":9,"Start":"\/Date(1182413294942)\/","End":"\/Date(1182413478286)\/","Function":"B","DisplaySpeaker":true,"LanguageOfText":"DE","Modified":"\/Date(1774877930067)\/","StartTimeWithTimezone":"\/Date(1182413294943+0120)\/","EndTimeWithTimezone":"\/Date(1182413478287+0120)\/","VoteBusinessNumber":null,"VoteBusinessShortNumber":null,"VoteBusinessTitle":null},{"__metadata":{"id":"https://ws.parlament.ch/OData.svc/Transcript(ID=81720L,Language='DE')","uri":"https://ws.parlament.ch/OData.svc/Transcript(ID=81720L,Language='DE')","type":"itsystems.Pd.DataServices.DataModel.Transcript"},"Subjects":{"__deferred":{"uri":"https://ws.parlament.ch/OData.svc/Transcript(ID=81720L,Language='DE')/Subjects"}},"MembersCouncil":{"__deferred":{"uri":"https://ws.parlament.ch/OData.svc/Transcript(ID=81720L,Language='DE')/MembersCouncil"}},"Businesses":{"__deferred":{"uri":"https://ws.parlament.ch/OData.svc/Transcript(ID=81720L,Language='DE')/Businesses"}},"ID":"81720","Language":"DE","IdSubject":"12858","VoteId":null,"PersonNumber":316,"Type":1,"Text":"<pd_text><p>Somit behandeln wir dieses Gesch\u00e4ft wie vorgesehen in Kategorie IV.</p>\n</pd_text>","MeetingCouncilAbbreviation":"N","MeetingDate":"20070621","MeetingVerbalixOid":1562,"IdSession":"4717","SpeakerFirstName":"Christine","SpeakerLastName":"Egerszegi-Obrist","SpeakerFullName":"Egerszegi-Obrist Christine","SpeakerFunction":"P-F","CouncilId":1,"CouncilName":"Nationalrat","CantonId":19,"CantonName":"Aargau","CantonAbbreviation":"AG","ParlGroupName":"Freisinnig-demokratische Fraktion","ParlGroupAbbreviation":"RL","SortOrder":8,"Start":"\/Date(1182413216739)\/","End":"\/Date(1182413294942)\/","Function":"P-F","DisplaySpeaker":true,"LanguageOfText":"DE","Modified":"\/Date(1774877930066)\/","StartTimeWithTimezone":"\/Date(1182413216740+0120)\/","EndTimeWithTimezone":"\/Date(1182413294943+0120)\/","VoteBusinessNumber":null,"VoteBusinessShortNumber":null,"VoteBusinessTitle":null},{"__metadata":{"id":"https://ws.parlament.ch/OData.svc/Transcript(ID=81721L,Language='DE')","uri":"https://ws.parlament.ch/OData.svc/Transcript(ID=81721L,Language='DE')","type":"itsystems.Pd.DataServices.DataModel.Transcript"},"Subjects":{"__deferred":{"uri":"https://ws.parlament.ch/OData.svc/Transcript(ID=81721L,Language='DE')/Subjects"}},"MembersCouncil":{"__deferred":{"uri":"https://ws.parlament.ch/OData.svc/Transcript(ID=81721L,Language='DE')/MembersCouncil"}},"Businesses":{"__deferred":{"uri":"https://ws.parlament.ch/OData.svc/Transcript(ID=81721L,Language='DE')/Businesses"}},"ID":"81721","Language":"DE","IdSubject":"12858","VoteId":"4519","PersonNumber":null,"Type":2,"Text":"<pd_text><p><i>Abstimmung - Vote</i></p>\n<p>[NAM]</p>\n<p>F\u00fcr den Ordnungsantrag Kaufmann .... 67 Stimmen</p>\n<p>Dagegen .... 90 Stimmen</p>\n</pd_text>","MeetingCouncilAbbreviation":"N","MeetingDate":"20070621","MeetingVerbalixOid":1562,"IdSession":"4717","SpeakerFirstName":null,"SpeakerLastName":null,"SpeakerFullName":"","SpeakerFunction":null,"CouncilId":null,"CouncilName":null,"CantonId":null,"CantonName":null,"CantonAbbreviation":null,"ParlGroupName":null,"ParlGroupAbbreviation":null,"SortOrder":7,"Start":"\/Date(1182413216739)\/","End":"\/Date(1182413216739)\/","Function":null,"DisplaySpeaker":null,"LanguageOfText":"DE","Modified":"\/Date(1774877930065)\/","StartTimeWithTimezone":"\/Date(1182413216740+0120)\/","EndTimeWithTimezone":"\/Date(1182413216740+0120)\/","VoteBusinessNumber":20070421,"VoteBusinessShortNumber":"07.421","VoteBusinessTitle":"Parlamentarische Initiative Fraktion\nder Schweizerischen Volkspartei.\nSwissair-Debakel. Einsetzung\neiner PUK zur Abkl\u00e4rung\nder politischen Verantwortung"},{"__metadata":{"id":"https://ws.parlament.ch/OData.svc/Transcript(ID=81722L,Language='DE')","uri":"https://ws.parlament.ch/OData.svc/Transcript(ID=81722L,Language='DE')","type":"itsystems.Pd.DataServices.DataModel.Transcript"},"Subjects":{"__deferred":{"uri":"https://ws.parlament.ch/OData.svc/Transcript(ID=81722L,Language='DE')/Subjects"}},"MembersCouncil":{"__deferred":{"uri":"https://ws.parlament.ch/OData.svc/Transcript(ID=81722L,Language='DE')/MembersCouncil"}},"Businesses":{"__deferred":{"uri":"https://ws.parlament.ch/OData.svc/Transcript(ID=81722L,Language='DE')/Businesses"}},"ID":"81722","Language":"DE","IdSubject":"12858","VoteId":null,"PersonNumber":318,"Type":1,"Text":"<pd_text><p>Ich will Ihnen nur in Erinnerung rufen, dass das B\u00fcro den Ordnungsantrag f\u00fcr die Traktandierung unter der klaren Bedingung der Kategorisierung entgegengenommen hat. Diese Festlegung von Kategorie IV haben wir auch in der Diskussion im B\u00fcro als Argument f\u00fcr die Aufnahme des Gesch\u00e4ftes in die Traktandenliste gebraucht. Sie wissen alle, dass wir mit unserem Sessionsprogramm im R\u00fcckstand sind und dass wir uns deshalb keine weiteren Verz\u00f6gerungen leisten k\u00f6nnen und auch leisten wollen.</p>\n<p>Ich bin erstaunt \u00fcber diesen Antrag, weil wir bei der Beratung des Ordnungsantrages zur Traktandierung ganz klar die Kategorie IV genannt haben und keine Reaktion auf die Festlegung der Kategorie IV festgestellt haben. Das ist f\u00fcr mich demnach stillschweigend akzeptiert worden. Jetzt will man die Kategorie \u00e4ndern - im Nachhinein, darf man sagen -, mit welchen Argumenten auch immer.</p>\n<p>Im Namen des B\u00fcros beantrage ich Ihnen, den Ordnungsantrag Kaufmann abzulehnen und Kategorie IV beizubehalten.</p>\n</pd_text>","MeetingCouncilAbbreviation":"N","MeetingDate":"20070621","MeetingVerbalixOid":1562,"IdSession":"4717","SpeakerFirstName":"Eduard","SpeakerLastName":"Engelberger","SpeakerFullName":"Engelberger Eduard","SpeakerFunction":"Mit-M","CouncilId":1,"CouncilName":"Nationalrat","CantonId":7,"CantonName":"Nidwalden","CantonAbbreviation":"NW","ParlGroupName":"Freisinnig-demokratische Fraktion","ParlGroupAbbreviation":"RL","SortOrder":6,"Start":"\/Date(1182413131551)\/","End":"\/Date(1182413216739)\/","Function":"B","DisplaySpeaker":true,"LanguageOfText":"DE","Modified":"\/Date(1774877930063)\/","StartTimeWithTimezone":"\/Date(1182413131550+0120)\/","EndTimeWithTimezone":"\/Date(1182413216740+0120)\/","VoteBusinessNumber":null,"VoteBusinessShortNumber":null,"VoteBusinessTitle":null},{"__metadata":{"id":"https://ws.parlament.ch/OData.svc/Transcript(ID=81723L,Language='DE')","uri":"https://ws.parlament.ch/OData.svc/Transcript(ID=81723L,Language='DE')","type":"itsystems.Pd.DataServices.DataModel.Transcript"},"Subjects":{"__deferred":{"uri":"https://ws.parlament.ch/OData.svc/Transcript(ID=81723L,Language='DE')/Subjects"}},"MembersCouncil":{"__deferred":{"uri":"https://ws.parlament.ch/OData.svc/Transcript(ID=81723L,Language='DE')/MembersCouncil"}},"Businesses":{"__deferred":{"uri":"https://ws.parlament.ch/OData.svc/Transcript(ID=81723L,Language='DE')/Businesses"}},"ID":"81723","Language":"DE","IdSubject":"12858","VoteId":null,"PersonNumber":1110,"Type":1,"Text":"<pd_text><p>Ich ersuche Sie, dem Ordnungsantrag zuzustimmen. Bei dieser PUK-Frage geht es darum, ob eine PUK materiell sinnvoll ist oder nicht. Diese Frage ist von der politischen Herkunft der Antragstellung zu trennen. Wenn Sie die Diskussion jetzt abw\u00fcrgen und das Gesch\u00e4ft in Kategorie IV behandeln und die Diskussion somit nicht auf realen Grundlagen stattfinden kann, wird keine objektivierte Diskussion \u00fcber die Frage der Notwendigkeit einer PUK m\u00f6glich sein.</p>\n<p>In diesem Sinne ersuche ich Sie, dem Ordnungsantrag zuzustimmen, damit sich alle Fraktionen klar zur Frage der W\u00fcnschbarkeit und Notwendigkeit der PUK \u00e4ussern k\u00f6nnen.</p>\n</pd_text>","MeetingCouncilAbbreviation":"N","MeetingDate":"20070621","MeetingVerbalixOid":1562,"IdSession":"4717","SpeakerFirstName":"Daniel","SpeakerLastName":"Vischer","SpeakerFullName":"Vischer Daniel","SpeakerFunction":"Mit-M","CouncilId":1,"CouncilName":"Nationalrat","CantonId":1,"CantonName":"Z\u00fcrich","CantonAbbreviation":"ZH","ParlGroupName":"Gr\u00fcne Fraktion","ParlGroupAbbreviation":"G","SortOrder":5,"Start":"\/Date(1182413084208)\/","End":"\/Date(1182413131551)\/","Function":"Mit-M","DisplaySpeaker":true,"LanguageOfText":"DE","Modified":"\/Date(1774877930062)\/","StartTimeWithTimezone":"\/Date(1182413084207+0120)\/","EndTimeWithTimezone":"\/Date(1182413131550+0120)\/","VoteBusinessNumber":null,"VoteBusinessShortNumber":null,"VoteBusinessTitle":null},{"__metadata":{"id":"https://ws.parlament.ch/OData.svc/Transcript(ID=81724L,Language='DE')","uri":"https://ws.parlament.ch/OData.svc/Transcript(ID=81724L,Language='DE')","type":"itsystems.Pd.DataServices.DataModel.Transcript"},"Subjects":{"__deferred":{"uri":"https://ws.parlament.ch/OData.svc/Transcript(ID=81724L,Language='DE')/Subjects"}},"MembersCouncil":{"__deferred":{"uri":"https://ws.parlament.ch/OData.svc/Transcript(ID=81724L,Language='DE')/MembersCouncil"}},"Businesses":{"__deferred":{"uri":"https://ws.parlament.ch/OData.svc/Transcript(ID=81724L,Language='DE')/Businesses"}},"ID":"81724","Language":"DE","IdSubject":"12858","VoteId":null,"PersonNumber":515,"Type":1,"Text":"<pd_text><p>Ich bitte Sie sehr, diesen Ordnungsantrag abzulehnen. Die Regel in unserem Saal ist bei allen parlamentarischen Initiativen: Die Vorpr\u00fcfung findet in Kategorie IV statt. Denn es geht ja nur um die Frage, ob man das Thema anpacken will. Es geht noch nicht darum, ob man auch mit der Folgerung einverstanden ist.</p>\n<p>Wenn wir hier bei diesem Thema eine \u00c4nderung beschliessen, dann w\u00fcrden wir bei x anderen parlamentarischen Initiativen, die auch spannende Themen betreffen, immer wieder solche Ordnungsantr\u00e4ge erhalten. Also bitte, bleiben wir konsequent auf der Linie: Vorpr\u00fcfung heisst Kategorie IV.</p>\n</pd_text>","MeetingCouncilAbbreviation":"N","MeetingDate":"20070621","MeetingVerbalixOid":1562,"IdSession":"4717","SpeakerFirstName":"Heiner","SpeakerLastName":"Studer","SpeakerFullName":"Studer Heiner","SpeakerFunction":"Mit-M","CouncilId":1,"CouncilName":"Nationalrat","CantonId":19,"CantonName":"Aargau","CantonAbbreviation":"AG","ParlGroupName":"EVP/EDU Fraktion","ParlGroupAbbreviation":"E","SortOrder":4,"Start":"\/Date(1182413032270)\/","End":"\/Date(1182413084208)\/","Function":"Mit-M","DisplaySpeaker":true,"LanguageOfText":"DE","Modified":"\/Date(1774877930060)\/","StartTimeWithTimezone":"\/Date(1182413032270+0120)\/","EndTimeWithTimezone":"\/Date(1182413084207+0120)\/","VoteBusinessNumber":null,"VoteBusinessShortNumber":null,"VoteBusinessTitle":null},{"__metadata":{"id":"https://ws.parlament.ch/OData.svc/Transcript(ID=81725L,Language='DE')","uri":"https://ws.parlament.ch/OData.svc/Transcript(ID=81725L,Language='DE')","type":"itsystems.Pd.DataServices.DataModel.Transcript"},"Subjects":{"__deferred":{"uri":"https://ws.parlament.ch/OData.svc/Transcript(ID=81725L,Language='DE')/Subjects"}},"MembersCouncil":{"__deferred":{"uri":"https://ws.parlament.ch/OData.svc/Transcript(ID=81725L,Language='DE')/MembersCouncil"}},"Businesses":{"__deferred":{"uri":"https://ws.parlament.ch/OData.svc/Transcript(ID=81725L,Language='DE')/Businesses"}},"ID":"81725","Language":"DE","IdSubject":"12858","VoteId":null,"PersonNumber":479,"Type":1,"Text":"<pd_text><p>Als das B\u00fcro \u00fcber diese parlamentarische Initiative entschied, waren die Urteile im Zusammenhang mit dem Swissair-Prozess noch nicht bekannt. Seither hat offensichtlich ein Meinungsumschwung stattgefunden, nicht nur in der Bev\u00f6lkerung - gem\u00e4ss einer Umfrage bef\u00fcrworten heute 70 Prozent die Einsetzung einer PUK -, sondern auch bei einigen Vertretern jener Parteien, die eher gegen eine PUK waren. Ich denke beispielsweise an Herrn Vischer, der ja mehrmals in der \u00d6ffentlichkeit eine PUK gefordert hat; und damit die Frauenquote erf\u00fcllt ist, erw\u00e4hne ich auch Frau Leutenegger Oberholzer, die ebenfalls mehrmals in der \u00d6ffentlichkeit eine PUK gefordert hat.</p>\n<p>Ich bitte Sie, meinem Antrag zuzustimmen und dieses Gesch\u00e4ft in Kategorie III statt IV zu behandeln, damit Sie nicht nur dieser Initiative zustimmen k\u00f6nnen, sondern allenfalls auch erkl\u00e4ren k\u00f6nnen, warum Sie eine Aufkl\u00e4rung der politischen Verantwortung f\u00fcr das Swissair-Debakel ablehnen.</p>\n</pd_text>","MeetingCouncilAbbreviation":"N","MeetingDate":"20070621","MeetingVerbalixOid":1562,"IdSession":"4717","SpeakerFirstName":"Hans","SpeakerLastName":"Kaufmann","SpeakerFullName":"Kaufmann Hans","SpeakerFunction":"Mit-M","CouncilId":1,"CouncilName":"Nationalrat","CantonId":1,"CantonName":"Z\u00fcrich","CantonAbbreviation":"ZH","ParlGroupName":"Fraktion der Schweizerischen Volkspartei","ParlGroupAbbreviation":"V","SortOrder":3,"Start":"\/Date(1182412953270)\/","End":"\/Date(1182413032270)\/","Function":"Mit-M","DisplaySpeaker":true,"LanguageOfText":"DE","Modified":"\/Date(1774877930059)\/","StartTimeWithTimezone":"\/Date(1182412953270+0120)\/","EndTimeWithTimezone":"\/Date(1182413032270+0120)\/","VoteBusinessNumber":null,"VoteBusinessShortNumber":null,"VoteBusinessTitle":null},{"__metadata":{"id":"https://ws.parlament.ch/OData.svc/Transcript(ID=81726L,Language='DE')","uri":"https://ws.parlament.ch/OData.svc/Transcript(ID=81726L,Language='DE')","type":"itsystems.Pd.DataServices.DataModel.Transcript"},"Subjects":{"__deferred":{"uri":"https://ws.parlament.ch/OData.svc/Transcript(ID=81726L,Language='DE')/Subjects"}},"MembersCouncil":{"__deferred":{"uri":"https://ws.parlament.ch/OData.svc/Transcript(ID=81726L,Language='DE')/MembersCouncil"}},"Businesses":{"__deferred":{"uri":"https://ws.parlament.ch/OData.svc/Transcript(ID=81726L,Language='DE')/Businesses"}},"ID":"81726","Language":"DE","IdSubject":"12858","VoteId":null,"PersonNumber":316,"Type":1,"Text":"<pd_text><p>Der Rat hat beschlossen, dass man das Gesch\u00e4ft 07.421 in dieser Session auf die Traktandenliste setzt. Als Behandlungskategorie wurde Kategorie IV festgelegt. Es liegt ein Ordnungsantrag Kaufmann vor, der vorschl\u00e4gt, die Kategorie zu \u00e4ndern.</p>\n</pd_text>","MeetingCouncilAbbreviation":"N","MeetingDate":"20070621","MeetingVerbalixOid":1562,"IdSession":"4717","SpeakerFirstName":"Christine","SpeakerLastName":"Egerszegi-Obrist","SpeakerFullName":"Egerszegi-Obrist Christine","SpeakerFunction":"P-F","CouncilId":1,"CouncilName":"Nationalrat","CantonId":19,"CantonName":"Aargau","CantonAbbreviation":"AG","ParlGroupName":"Freisinnig-demokratische Fraktion","ParlGroupAbbreviation":"RL","SortOrder":2,"Start":"\/Date(1182412895114)\/","End":"\/Date(1182412953270)\/","Function":"P-F","DisplaySpeaker":true,"LanguageOfText":"DE","Modified":"\/Date(1774877930057)\/","StartTimeWithTimezone":"\/Date(1182412895113+0120)\/","EndTimeWithTimezone":"\/Date(1182412953270+0120)\/","VoteBusinessNumber":null,"VoteBusinessShortNumber":null,"VoteBusinessTitle":null},{"__metadata":{"id":"https://ws.parlament.ch/OData.svc/Transcript(ID=81727L,Language='DE')","uri":"https://ws.parlament.ch/OData.svc/Transcript(ID=81727L,Language='DE')","type":"itsystems.Pd.DataServices.DataModel.Transcript"},"Subjects":{"__deferred":{"uri":"https://ws.parlament.ch/OData.svc/Transcript(ID=81727L,Language='DE')/Subjects"}},"MembersCouncil":{"__deferred":{"uri":"https://ws.parlament.ch/OData.svc/Transcript(ID=81727L,Language='DE')/MembersCouncil"}},"Businesses":{"__deferred":{"uri":"https://ws.parlament.ch/OData.svc/Transcript(ID=81727L,Language='DE')/Businesses"}},"ID":"81727","Language":"DE","IdSubject":"12858","VoteId":null,"PersonNumber":null,"Type":3,"Text":"<pd_text><p><i>Antrag der Mehrheit</i></p>\n<p>Der Initiative keine Folge geben</p>\n<p>[VS]</p>\n<p><i>Antrag der Minderheit</i></p>\n<p>(Laubacher, Baader, Bugnon, Waber)</p>\n<p>Der Initiative Folge geben</p>\n<p>[VS]</p>\n<p><i>Proposition de la majorit\u00e9</i></p>\n<p>Ne pas donner suite \u00e0 l'initiative </p>\n<p>[VS]</p>\n<p><i>Proposition de la minorit\u00e9</i></p>\n<p>(Laubacher, Baader, Bugnon, Waber)</p>\n<p>Donner suite \u00e0 l'initiative </p>\n</pd_text>","MeetingCouncilAbbreviation":"N","MeetingDate":"20070621","MeetingVerbalixOid":1562,"IdSession":"4717","SpeakerFirstName":null,"SpeakerLastName":null,"SpeakerFullName":"","SpeakerFunction":null,"CouncilId":null,"CouncilName":null,"CantonId":null,"CantonName":null,"CantonAbbreviation":null,"ParlGroupName":null,"ParlGroupAbbreviation":null,"SortOrder":1,"Start":null,"End":null,"Function":null,"DisplaySpeaker":null,"LanguageOfText":"DE","Modified":"\/Date(1774877930051)\/","StartTimeWithTimezone":null,"EndTimeWithTimezone":null,"VoteBusinessNumber":null,"VoteBusinessShortNumber":null,"VoteBusinessTitle":null}]},"ID":"12858","Language":"DE","IdMeeting":"939","VerbalixOid":249782,"SortOrder":1,"Modified":"\/Date(1447070036963)\/"}}