{"d":{"__metadata":{"id":"https://ws.parlament.ch/OData.svc/Subject(ID=12860L,Language='DE')","uri":"https://ws.parlament.ch/OData.svc/Subject(ID=12860L,Language='DE')","type":"itsystems.Pd.DataServices.DataModel.Subject"},"Meetings":{"__metadata":{"id":"https://ws.parlament.ch/OData.svc/Meeting(ID=940L,Language='DE')","uri":"https://ws.parlament.ch/OData.svc/Meeting(ID=940L,Language='DE')","type":"itsystems.Pd.DataServices.DataModel.Meeting"},"Sessions":{"__deferred":{"uri":"https://ws.parlament.ch/OData.svc/Meeting(ID=940L,Language='DE')/Sessions"}},"Subjects":{"__deferred":{"uri":"https://ws.parlament.ch/OData.svc/Meeting(ID=940L,Language='DE')/Subjects"}},"ID":"940","Language":"DE","MeetingNumber":15,"IdSession":4717,"SessionNumber":17,"SessionName":"Sommersession 2007","Council":1,"CouncilName":"Nationalrat","CouncilAbbreviation":"NR","Date":"\/Date(1182384000000)\/","Begin":"1500","Modified":"\/Date(1447070037243)\/","LegislativePeriodNumber":47,"PublicationStatus":"final","MeetingOrderText":"F\u00fcnfzehnte Sitzung","SortOrder":15,"Location":"N"},"SubjectsBusiness":{"results":[{"__metadata":{"id":"https://ws.parlament.ch/OData.svc/SubjectBusiness(BusinessNumber=20040429,IdSubject=12860L,Language='DE')","uri":"https://ws.parlament.ch/OData.svc/SubjectBusiness(BusinessNumber=20040429,IdSubject=12860L,Language='DE')","type":"itsystems.Pd.DataServices.DataModel.SubjectBusiness"},"Subjects":{"__deferred":{"uri":"https://ws.parlament.ch/OData.svc/SubjectBusiness(BusinessNumber=20040429,IdSubject=12860L,Language='DE')/Subjects"}},"Businesses":{"__deferred":{"uri":"https://ws.parlament.ch/OData.svc/SubjectBusiness(BusinessNumber=20040429,IdSubject=12860L,Language='DE')/Businesses"}},"IdSubject":"12860","BusinessNumber":20040429,"Language":"DE","BusinessShortNumber":"04.429","Title":"Bundesgesetz \u00fcber die Landessprachen","SortOrder":1,"PublishedNotes":"Fortsetzung - Suite\n","Modified":"\/Date(1447069236436)\/","TitleDE":"Parlamentarische Initiative\nLevrat Christian.\nBundesgesetz\n\u00fcber die Landessprachen","TitleFR":"Initiative parlementaire\nLevrat Christian.\nLoi f\u00e9d\u00e9rale\nsur les langues nationales","TitleIT":null}]},"Transcripts":{"results":[{"__metadata":{"id":"https://ws.parlament.ch/OData.svc/Transcript(ID=81730L,Language='DE')","uri":"https://ws.parlament.ch/OData.svc/Transcript(ID=81730L,Language='DE')","type":"itsystems.Pd.DataServices.DataModel.Transcript"},"Subjects":{"__deferred":{"uri":"https://ws.parlament.ch/OData.svc/Transcript(ID=81730L,Language='DE')/Subjects"}},"MembersCouncil":{"__deferred":{"uri":"https://ws.parlament.ch/OData.svc/Transcript(ID=81730L,Language='DE')/MembersCouncil"}},"Businesses":{"__deferred":{"uri":"https://ws.parlament.ch/OData.svc/Transcript(ID=81730L,Language='DE')/Businesses"}},"ID":"81730","Language":"DE","IdSubject":"12860","VoteId":null,"PersonNumber":316,"Type":1,"Text":"<pd_text><p><i>Abschreibung - Classement</i></p>\n<p>[VS]</p>\n<p><i>Antrag des Bundesrates</i></p>\n<p>Abschreiben der parlamentarischen Vorst\u00f6sse</p>\n<p>gem\u00e4ss Brief an die eidgen\u00f6ssischen R\u00e4te</p>\n<p><i>Proposition du Conseil f\u00e9d\u00e9ral</i></p>\n<p>Classer les interventions parlementaires</p>\n<p>selon lettre aux Chambres f\u00e9d\u00e9rales</p>\n<p>[VS]</p>\n<p><i>Angenommen - Adopt\u00e9</i></p>\n</pd_text>","MeetingCouncilAbbreviation":"N","MeetingDate":"20070621","MeetingVerbalixOid":1563,"IdSession":"4717","SpeakerFirstName":"Christine","SpeakerLastName":"Egerszegi-Obrist","SpeakerFullName":"Egerszegi-Obrist Christine","SpeakerFunction":"P-F","CouncilId":1,"CouncilName":"Nationalrat","CantonId":19,"CantonName":"Aargau","CantonAbbreviation":"AG","ParlGroupName":"Freisinnig-demokratische Fraktion","ParlGroupAbbreviation":"RL","SortOrder":46,"Start":"\/Date(1182444450005)\/","End":"\/Date(1182444559083)\/","Function":"P-F","DisplaySpeaker":false,"LanguageOfText":null,"Modified":"\/Date(1774877930817)\/","StartTimeWithTimezone":"\/Date(1182444450007+0120)\/","EndTimeWithTimezone":"\/Date(1182444559083+0120)\/","VoteBusinessNumber":null,"VoteBusinessShortNumber":null,"VoteBusinessTitle":null},{"__metadata":{"id":"https://ws.parlament.ch/OData.svc/Transcript(ID=81731L,Language='DE')","uri":"https://ws.parlament.ch/OData.svc/Transcript(ID=81731L,Language='DE')","type":"itsystems.Pd.DataServices.DataModel.Transcript"},"Subjects":{"__deferred":{"uri":"https://ws.parlament.ch/OData.svc/Transcript(ID=81731L,Language='DE')/Subjects"}},"MembersCouncil":{"__deferred":{"uri":"https://ws.parlament.ch/OData.svc/Transcript(ID=81731L,Language='DE')/MembersCouncil"}},"Businesses":{"__deferred":{"uri":"https://ws.parlament.ch/OData.svc/Transcript(ID=81731L,Language='DE')/Businesses"}},"ID":"81731","Language":"DE","IdSubject":"12860","VoteId":"4538","PersonNumber":null,"Type":2,"Text":"<pd_text><p><i>Gesamtabstimmung - Vote sur l'ensemble</i></p>\n<p>[NAM]</p>\n<p>F\u00fcr Annahme des Entwurfes .... 87 Stimmen</p>\n<p>Dagegen .... 68 Stimmen</p>\n</pd_text>","MeetingCouncilAbbreviation":"N","MeetingDate":"20070621","MeetingVerbalixOid":1563,"IdSession":"4717","SpeakerFirstName":null,"SpeakerLastName":null,"SpeakerFullName":"","SpeakerFunction":null,"CouncilId":null,"CouncilName":null,"CantonId":null,"CantonName":null,"CantonAbbreviation":null,"ParlGroupName":null,"ParlGroupAbbreviation":null,"SortOrder":45,"Start":"\/Date(1182444450005)\/","End":"\/Date(1182444450005)\/","Function":null,"DisplaySpeaker":null,"LanguageOfText":"DE","Modified":"\/Date(1774877930815)\/","StartTimeWithTimezone":"\/Date(1182444450007+0120)\/","EndTimeWithTimezone":"\/Date(1182444450007+0120)\/","VoteBusinessNumber":20040429,"VoteBusinessShortNumber":"04.429","VoteBusinessTitle":"Parlamentarische Initiative\nLevrat Christian.\nBundesgesetz\n\u00fcber die Landessprachen"},{"__metadata":{"id":"https://ws.parlament.ch/OData.svc/Transcript(ID=81732L,Language='DE')","uri":"https://ws.parlament.ch/OData.svc/Transcript(ID=81732L,Language='DE')","type":"itsystems.Pd.DataServices.DataModel.Transcript"},"Subjects":{"__deferred":{"uri":"https://ws.parlament.ch/OData.svc/Transcript(ID=81732L,Language='DE')/Subjects"}},"MembersCouncil":{"__deferred":{"uri":"https://ws.parlament.ch/OData.svc/Transcript(ID=81732L,Language='DE')/MembersCouncil"}},"Businesses":{"__deferred":{"uri":"https://ws.parlament.ch/OData.svc/Transcript(ID=81732L,Language='DE')/Businesses"}},"ID":"81732","Language":"DE","IdSubject":"12860","VoteId":null,"PersonNumber":273,"Type":1,"Text":"<pd_text><p>Verschiedene Kolleginnen und Kollegen haben angek\u00fcndigt, dass sie dem Gesetz in der beschlossenen Form nicht zustimmen wollen. </p>\n<p>Ich verstehe, dass die Vertreterinnen und Vertreter vor allem verschiedener Deutschschweizer Kantone vorab mit Artikel 15 M\u00fche haben. Wir sind hier aber der Erstrat. Der St\u00e4nderat wird alle Artikel nochmals beraten und in Ruhe insbesondere auch Artikel 15 \u00fcberpr\u00fcfen und \u00fcberarbeiten. Als Kommissionssprecherin m\u00f6chte ich Sie bitten, bevor Sie den Knopf dr\u00fccken, zu bedenken, was f\u00fcr ein Signal Sie mit einem Nein aussenden w\u00fcrden, was f\u00fcr ein Signal der Nationalrat unserer Bev\u00f6lkerung, insbesondere auch den Minderheiten senden w\u00fcrde, wenn er dieses Gesetz, ein Sprachengesetz f\u00fcr unser viersprachiges Land, jetzt ablehnen und so das gemeinsame Wahrnehmen dieser grossen Verantwortung durch den Bund und die Kantone verhindern w\u00fcrde. </p>\n<p>Ich bitte Sie deshalb eindringlich, jetzt Ja zu sagen oder Ihrer Unzufriedenheit h\u00f6chstens mit einer Enthaltung Luft zu machen und so eine Zustimmung unseres Rates zu diesem Sprachengesetz zu erm\u00f6glichen.</p>\n<p>[VS]</p>\n</pd_text>","MeetingCouncilAbbreviation":"N","MeetingDate":"20070621","MeetingVerbalixOid":1563,"IdSession":"4717","SpeakerFirstName":"Brigitta M.","SpeakerLastName":"Gadient","SpeakerFullName":"Gadient Brigitta M.","SpeakerFunction":"Mit-F","CouncilId":1,"CouncilName":"Nationalrat","CantonId":18,"CantonName":"Graub\u00fcnden","CantonAbbreviation":"GR","ParlGroupName":"Fraktion der Schweizerischen Volkspartei","ParlGroupAbbreviation":"V","SortOrder":44,"Start":"\/Date(1182444349848)\/","End":"\/Date(1182444450005)\/","Function":"*","DisplaySpeaker":true,"LanguageOfText":"DE","Modified":"\/Date(1774877930813)\/","StartTimeWithTimezone":"\/Date(1182444349847+0120)\/","EndTimeWithTimezone":"\/Date(1182444450007+0120)\/","VoteBusinessNumber":null,"VoteBusinessShortNumber":null,"VoteBusinessTitle":null},{"__metadata":{"id":"https://ws.parlament.ch/OData.svc/Transcript(ID=81733L,Language='DE')","uri":"https://ws.parlament.ch/OData.svc/Transcript(ID=81733L,Language='DE')","type":"itsystems.Pd.DataServices.DataModel.Transcript"},"Subjects":{"__deferred":{"uri":"https://ws.parlament.ch/OData.svc/Transcript(ID=81733L,Language='DE')/Subjects"}},"MembersCouncil":{"__deferred":{"uri":"https://ws.parlament.ch/OData.svc/Transcript(ID=81733L,Language='DE')/MembersCouncil"}},"Businesses":{"__deferred":{"uri":"https://ws.parlament.ch/OData.svc/Transcript(ID=81733L,Language='DE')/Businesses"}},"ID":"81733","Language":"DE","IdSubject":"12860","VoteId":null,"PersonNumber":316,"Type":1,"Text":"<pd_text><p><i>Angenommen - Adopt\u00e9</i></p>\n<p>[VS]</p>\n<p><b>Art. 24-28</b></p>\n<p><i>Antrag der Kommission: BBl</i></p>\n<p><i>Proposition de la commission: FF</i></p>\n<p>[VS]</p>\n<p><i>Angenommen - Adopt\u00e9</i></p>\n<p>[VS]</p>\n<p><b>Aufhebung und \u00c4nderung bisherigen Rechts </b></p>\n<p><b>Abrogation et modification du droit en vigueur</b></p>\n<p>[VS]</p>\n<p><b>Ziff. I, II</b></p>\n<p><i>Antrag der Kommission: BBl</i></p>\n<p>[VS]</p>\n<p><b>Ch. I, II</b></p>\n<p><i>Proposition de la commission: FF</i></p>\n<p>[VS]</p>\n<p><i>Angenommen - Adopt\u00e9</i></p>\n</pd_text>","MeetingCouncilAbbreviation":"N","MeetingDate":"20070621","MeetingVerbalixOid":1563,"IdSession":"4717","SpeakerFirstName":"Christine","SpeakerLastName":"Egerszegi-Obrist","SpeakerFullName":"Egerszegi-Obrist Christine","SpeakerFunction":"P-F","CouncilId":1,"CouncilName":"Nationalrat","CantonId":19,"CantonName":"Aargau","CantonAbbreviation":"AG","ParlGroupName":"Freisinnig-demokratische Fraktion","ParlGroupAbbreviation":"RL","SortOrder":43,"Start":"\/Date(1182444309426)\/","End":"\/Date(1182444349848)\/","Function":"P-F","DisplaySpeaker":false,"LanguageOfText":null,"Modified":"\/Date(1774877930812)\/","StartTimeWithTimezone":"\/Date(1182444309427+0120)\/","EndTimeWithTimezone":"\/Date(1182444349847+0120)\/","VoteBusinessNumber":null,"VoteBusinessShortNumber":null,"VoteBusinessTitle":null},{"__metadata":{"id":"https://ws.parlament.ch/OData.svc/Transcript(ID=81734L,Language='DE')","uri":"https://ws.parlament.ch/OData.svc/Transcript(ID=81734L,Language='DE')","type":"itsystems.Pd.DataServices.DataModel.Transcript"},"Subjects":{"__deferred":{"uri":"https://ws.parlament.ch/OData.svc/Transcript(ID=81734L,Language='DE')/Subjects"}},"MembersCouncil":{"__deferred":{"uri":"https://ws.parlament.ch/OData.svc/Transcript(ID=81734L,Language='DE')/MembersCouncil"}},"Businesses":{"__deferred":{"uri":"https://ws.parlament.ch/OData.svc/Transcript(ID=81734L,Language='DE')/Businesses"}},"ID":"81734","Language":"DE","IdSubject":"12860","VoteId":null,"PersonNumber":273,"Type":1,"Text":"<pd_text><p>Eine kurze Erl\u00e4uterung zum 5. Abschnitt beziehungsweise zu Artikel 23 des Gesetzes: Hier geht es um die Erhaltung und F\u00f6rderung der r\u00e4toromanischen und der italienischen Sprache und Kultur. Mit Artikel 23 des Sprachengesetzes wird Artikel 2 des Bundesgesetzes vom 6. Oktober 1995 \u00fcber Finanzhilfen f\u00fcr die Erhaltung und F\u00f6rderung der r\u00e4toromanischen und der italienischen Sprache und Kultur im geltenden Wortlaut \u00fcbernommen. Dies geschieht mit dem Ziel, die wesentlichen Bestimmungen zur Sprachenpolitik im vorliegenden Gesetz zusammenzufassen. Faktisch bedeutet dies die Integration des genannten Erlasses ins Sprachengesetz. Zus\u00e4tzlicher Regelungsbedarf besteht zurzeit nicht, sodass wir Ihnen [PAGE 1105] gleichzeitig beantragen k\u00f6nnen, das erw\u00e4hnte Bundesgesetz aufzuheben.</p>\n<p>Wie gesagt geht es hier nicht um neue Hilfen, Streichung, Ersetzung oder \u00c4nderung bestehender Unterst\u00fctzung, sondern es geht einfach um die Weiterf\u00fchrung der geltenden Regelung unter einem neuen Namen im Interesse der Regelung der Grunds\u00e4tze der gesamten Sprachenpolitik unseres Landes unter dem gleichen Dach. In der Kommission war dies unbestritten.</p>\n</pd_text>","MeetingCouncilAbbreviation":"N","MeetingDate":"20070621","MeetingVerbalixOid":1563,"IdSession":"4717","SpeakerFirstName":"Brigitta M.","SpeakerLastName":"Gadient","SpeakerFullName":"Gadient Brigitta M.","SpeakerFunction":"Mit-F","CouncilId":1,"CouncilName":"Nationalrat","CantonId":18,"CantonName":"Graub\u00fcnden","CantonAbbreviation":"GR","ParlGroupName":"Fraktion der Schweizerischen Volkspartei","ParlGroupAbbreviation":"V","SortOrder":42,"Start":"\/Date(1182444232067)\/","End":"\/Date(1182444309426)\/","Function":"*","DisplaySpeaker":true,"LanguageOfText":"DE","Modified":"\/Date(1774877930811)\/","StartTimeWithTimezone":"\/Date(1182444232067+0120)\/","EndTimeWithTimezone":"\/Date(1182444309427+0120)\/","VoteBusinessNumber":null,"VoteBusinessShortNumber":null,"VoteBusinessTitle":null},{"__metadata":{"id":"https://ws.parlament.ch/OData.svc/Transcript(ID=81735L,Language='DE')","uri":"https://ws.parlament.ch/OData.svc/Transcript(ID=81735L,Language='DE')","type":"itsystems.Pd.DataServices.DataModel.Transcript"},"Subjects":{"__deferred":{"uri":"https://ws.parlament.ch/OData.svc/Transcript(ID=81735L,Language='DE')/Subjects"}},"MembersCouncil":{"__deferred":{"uri":"https://ws.parlament.ch/OData.svc/Transcript(ID=81735L,Language='DE')/MembersCouncil"}},"Businesses":{"__deferred":{"uri":"https://ws.parlament.ch/OData.svc/Transcript(ID=81735L,Language='DE')/Businesses"}},"ID":"81735","Language":"DE","IdSubject":"12860","VoteId":null,"PersonNumber":316,"Type":1,"Text":"<pd_text><p><b>Art. 22</b></p>\n<p><i>Antrag der Kommission: BBl</i></p>\n<p><i>Proposition de la commission: FF</i></p>\n<p>[VS]</p>\n<p><i>Angenommen - Adopt\u00e9</i></p>\n<p>[VS]</p>\n<p><b>Art. 23</b></p>\n<p><i>Antrag der Kommission: BBl</i></p>\n<p><i>Proposition de la commission: FF</i></p>\n</pd_text>","MeetingCouncilAbbreviation":"N","MeetingDate":"20070621","MeetingVerbalixOid":1563,"IdSession":"4717","SpeakerFirstName":"Christine","SpeakerLastName":"Egerszegi-Obrist","SpeakerFullName":"Egerszegi-Obrist Christine","SpeakerFunction":"P-F","CouncilId":1,"CouncilName":"Nationalrat","CantonId":19,"CantonName":"Aargau","CantonAbbreviation":"AG","ParlGroupName":"Freisinnig-demokratische Fraktion","ParlGroupAbbreviation":"RL","SortOrder":41,"Start":"\/Date(1182444098536)\/","End":"\/Date(1182444232067)\/","Function":"P-F","DisplaySpeaker":false,"LanguageOfText":null,"Modified":"\/Date(1774877930809)\/","StartTimeWithTimezone":"\/Date(1182444098537+0120)\/","EndTimeWithTimezone":"\/Date(1182444232067+0120)\/","VoteBusinessNumber":null,"VoteBusinessShortNumber":null,"VoteBusinessTitle":null},{"__metadata":{"id":"https://ws.parlament.ch/OData.svc/Transcript(ID=81736L,Language='DE')","uri":"https://ws.parlament.ch/OData.svc/Transcript(ID=81736L,Language='DE')","type":"itsystems.Pd.DataServices.DataModel.Transcript"},"Subjects":{"__deferred":{"uri":"https://ws.parlament.ch/OData.svc/Transcript(ID=81736L,Language='DE')/Subjects"}},"MembersCouncil":{"__deferred":{"uri":"https://ws.parlament.ch/OData.svc/Transcript(ID=81736L,Language='DE')/MembersCouncil"}},"Businesses":{"__deferred":{"uri":"https://ws.parlament.ch/OData.svc/Transcript(ID=81736L,Language='DE')/Businesses"}},"ID":"81736","Language":"DE","IdSubject":"12860","VoteId":"4537","PersonNumber":null,"Type":2,"Text":"<pd_text><p><i>Abs. 3 - Al. 3</i></p>\n<p>[VS]</p>\n<p><i>Abstimmung - Vote</i></p>\n<p>[NAM]</p>\n<p>F\u00fcr den Antrag der Mehrheit .... 90 Stimmen</p>\n<p>F\u00fcr den Antrag der Minderheit .... 79 Stimmen</p>\n<p>[VS]</p>\n<p><i>\u00dcbrige Bestimmungen angenommen</i></p>\n<p><i>Les autres dispositions sont adopt\u00e9es</i></p>\n</pd_text>","MeetingCouncilAbbreviation":"N","MeetingDate":"20070621","MeetingVerbalixOid":1563,"IdSession":"4717","SpeakerFirstName":null,"SpeakerLastName":null,"SpeakerFullName":"","SpeakerFunction":null,"CouncilId":null,"CouncilName":null,"CantonId":null,"CantonName":null,"CantonAbbreviation":null,"ParlGroupName":null,"ParlGroupAbbreviation":null,"SortOrder":40,"Start":null,"End":null,"Function":null,"DisplaySpeaker":null,"LanguageOfText":"DE","Modified":"\/Date(1774877930808)\/","StartTimeWithTimezone":null,"EndTimeWithTimezone":null,"VoteBusinessNumber":20040429,"VoteBusinessShortNumber":"04.429","VoteBusinessTitle":"Parlamentarische Initiative\nLevrat Christian.\nBundesgesetz\n\u00fcber die Landessprachen"},{"__metadata":{"id":"https://ws.parlament.ch/OData.svc/Transcript(ID=81737L,Language='DE')","uri":"https://ws.parlament.ch/OData.svc/Transcript(ID=81737L,Language='DE')","type":"itsystems.Pd.DataServices.DataModel.Transcript"},"Subjects":{"__deferred":{"uri":"https://ws.parlament.ch/OData.svc/Transcript(ID=81737L,Language='DE')/Subjects"}},"MembersCouncil":{"__deferred":{"uri":"https://ws.parlament.ch/OData.svc/Transcript(ID=81737L,Language='DE')/MembersCouncil"}},"Businesses":{"__deferred":{"uri":"https://ws.parlament.ch/OData.svc/Transcript(ID=81737L,Language='DE')/Businesses"}},"ID":"81737","Language":"DE","IdSubject":"12860","VoteId":"4536","PersonNumber":null,"Type":2,"Text":"<pd_text><p><i>Abs. 1 - Al. 1</i></p>\n<p>[VS]</p>\n<p><i>Abstimmung - Vote</i></p>\n<p>[NAM]</p>\n<p>F\u00fcr den Antrag der Mehrheit .... 113 Stimmen</p>\n<p>F\u00fcr den Antrag der Minderheit .... 54 Stimmen</p>\n</pd_text>","MeetingCouncilAbbreviation":"N","MeetingDate":"20070621","MeetingVerbalixOid":1563,"IdSession":"4717","SpeakerFirstName":null,"SpeakerLastName":null,"SpeakerFullName":"","SpeakerFunction":null,"CouncilId":null,"CouncilName":null,"CantonId":null,"CantonName":null,"CantonAbbreviation":null,"ParlGroupName":null,"ParlGroupAbbreviation":null,"SortOrder":39,"Start":"\/Date(1182444098536)\/","End":"\/Date(1182444098536)\/","Function":null,"DisplaySpeaker":null,"LanguageOfText":"DE","Modified":"\/Date(1774877930806)\/","StartTimeWithTimezone":"\/Date(1182444098537+0120)\/","EndTimeWithTimezone":"\/Date(1182444098537+0120)\/","VoteBusinessNumber":20040429,"VoteBusinessShortNumber":"04.429","VoteBusinessTitle":"Parlamentarische Initiative\nLevrat Christian.\nBundesgesetz\n\u00fcber die Landessprachen"},{"__metadata":{"id":"https://ws.parlament.ch/OData.svc/Transcript(ID=81738L,Language='DE')","uri":"https://ws.parlament.ch/OData.svc/Transcript(ID=81738L,Language='DE')","type":"itsystems.Pd.DataServices.DataModel.Transcript"},"Subjects":{"__deferred":{"uri":"https://ws.parlament.ch/OData.svc/Transcript(ID=81738L,Language='DE')/Subjects"}},"MembersCouncil":{"__deferred":{"uri":"https://ws.parlament.ch/OData.svc/Transcript(ID=81738L,Language='DE')/MembersCouncil"}},"Businesses":{"__deferred":{"uri":"https://ws.parlament.ch/OData.svc/Transcript(ID=81738L,Language='DE')/Businesses"}},"ID":"81738","Language":"DE","IdSubject":"12860","VoteId":null,"PersonNumber":273,"Type":1,"Text":"<pd_text><p>Namens der Kommissionsmehrheit bitte ich Sie, diesem Artikel zuzustimmen und die beiden Minderheitsantr\u00e4ge abzulehnen.</p>\n<p>Zur Gew\u00e4hrleistung der Mehrsprachigkeit im \u00f6ffentlichen Dienst muss das Personal beim Bund, bei den Kantonen und bei den Gemeinden \u00fcber die notwendigen Sprachkompetenzen in den Landessprachen verf\u00fcgen. Sind diese nicht oder in ungen\u00fcgender Weise vorhanden, braucht es Aus- und Weiterbildung. Um die Mehrsprachigkeit unseres Landes nicht nur heute zu leben, sondern auch in Zukunft beibehalten zu k\u00f6nnen, ist es wichtig, dass gerade auch in der Bundesverwaltung Leute aus allen Sprachkulturen vertreten sind. Das braucht aber eine aktive F\u00f6rderung. F\u00fcr die oberen Kader haben wir denn auch eine Bestimmung, wonach sie mindestens eine zweite Landessprache aktiv beherrschen m\u00fcssen. Es ist wichtig, dass diese Regel beibehalten wird. Auch dies bedingt die n\u00f6tige F\u00f6rderung.</p>\n<p>Die Kommissionsminderheit weist insbesondere darauf hin, dass keine Ungleichheit zur Privatwirtschaft, kein privilegiertes Bildungsangebot geschaffen werden soll. Aber darum geht es hier gar nicht. Es geht vielmehr darum, dass in einem viersprachigen Land mit vier National- bzw. Amtssprachen f\u00fcr das Bundespersonal gewisse zus\u00e4tzliche Kenntnisse und Kompetenzen n\u00f6tig sind. Der Arbeitgeber Bund hat diesbez\u00fcglich Aufgaben und auch eine Verantwortung wahrzunehmen.</p>\n<p>Die Kommission ist auch der Meinung, dass der Bund den Kantonen und den Gemeinden angesichts der wichtigen Funktion, die auch sie bei dieser Aufgabe haben, unter die Arme greifen soll, wenn es n\u00f6tig ist. Dabei geht es in erster Linie darum, dass das Eidgen\u00f6ssische Personalamt entsprechende Kurse zentral organisieren und f\u00fcr alle gemeinsam durchf\u00fchren kann.</p>\n<p>Mehrsprachigkeit im \u00f6ffentlichen Dienst ist ein Bestandteil unseres Selbstverst\u00e4ndnisses als viersprachiges Land. Wie soll man sich sonst auf direkte Weise als B\u00fcrgerin oder B\u00fcrger an die Verwaltung wenden, Kontakt herstellen, Informationen erhalten usw.? Nur darum geht es hier. Das ist gleichzeitig aber auch unabdingbar, wenn unsere Mehrsprachigkeit mehr sein soll als eine leere Floskel.</p>\n<p>Die Kommission beantragt Ihnen deshalb mit 18 zu 5 bzw. 14 zu 10 Stimmen, der Mehrheit zuzustimmen und die beiden Streichungsantr\u00e4ge der Minderheit F\u00fcglistaller abzulehnen.</p>\n</pd_text>","MeetingCouncilAbbreviation":"N","MeetingDate":"20070621","MeetingVerbalixOid":1563,"IdSession":"4717","SpeakerFirstName":"Brigitta M.","SpeakerLastName":"Gadient","SpeakerFullName":"Gadient Brigitta M.","SpeakerFunction":"Mit-F","CouncilId":1,"CouncilName":"Nationalrat","CantonId":18,"CantonName":"Graub\u00fcnden","CantonAbbreviation":"GR","ParlGroupName":"Fraktion der Schweizerischen Volkspartei","ParlGroupAbbreviation":"V","SortOrder":38,"Start":"\/Date(1182443922848)\/","End":"\/Date(1182444098536)\/","Function":"*","DisplaySpeaker":true,"LanguageOfText":"DE","Modified":"\/Date(1774877930805)\/","StartTimeWithTimezone":"\/Date(1182443922847+0120)\/","EndTimeWithTimezone":"\/Date(1182444098537+0120)\/","VoteBusinessNumber":null,"VoteBusinessShortNumber":null,"VoteBusinessTitle":null},{"__metadata":{"id":"https://ws.parlament.ch/OData.svc/Transcript(ID=81739L,Language='DE')","uri":"https://ws.parlament.ch/OData.svc/Transcript(ID=81739L,Language='DE')","type":"itsystems.Pd.DataServices.DataModel.Transcript"},"Subjects":{"__deferred":{"uri":"https://ws.parlament.ch/OData.svc/Transcript(ID=81739L,Language='DE')/Subjects"}},"MembersCouncil":{"__deferred":{"uri":"https://ws.parlament.ch/OData.svc/Transcript(ID=81739L,Language='DE')/MembersCouncil"}},"Businesses":{"__deferred":{"uri":"https://ws.parlament.ch/OData.svc/Transcript(ID=81739L,Language='DE')/Businesses"}},"ID":"81739","Language":"DE","IdSubject":"12860","VoteId":null,"PersonNumber":500,"Type":1,"Text":"<pd_text><p>Wenn es in einem neuen Gesetz total \u00fcberfl\u00fcssige Bestimmungen gibt, dann haben Sie hier ein offensichtliches Beispiel daf\u00fcr. Nat\u00fcrlich f\u00f6rdert der Bund sein Personal in allen Belangen. Dies ist jedes Jahr im Budget zu sehen, wo die Weiterbildung erhebliche Mittel ben\u00f6tigt. Vieles davon geht in die Sprachenf\u00f6rderung. Es will doch niemand heute im Ernst behaupten, dass es bei der Sprachenf\u00f6rderung des Bundes noch grunds\u00e4tzlich hapert.</p>\n<p>Gem\u00e4ss Absatz 3 kann der Bund in den Kantonen, ja sogar in den Gemeinden an die sprachliche Aus- und Weiterbildung des Personals Beitr\u00e4ge ausrichten. Wenn neue Beispiele daf\u00fcr gesucht werden, dass die Arbeit und die Finanzierung von Bund und Kantonen zu entflechten seien, dann haben Sie hier ein Paradebeispiel. Gerade haben wir den neuen Finanzausgleich mit der Aufgabenentflechtung zwischen Bund und Kantonen unter Dach und Fach gebracht - und hier wird wieder ein Zustand wie im alten Bern gefordert, das kann es doch nicht sein!</p>\n<p>Die Mehrheit der SVP-Fraktion empfiehlt Ihnen, die Abs\u00e4tze 1 und 3 gem\u00e4ss der Minderheit F\u00fcglistaller zu streichen.</p>\n</pd_text>","MeetingCouncilAbbreviation":"N","MeetingDate":"20070621","MeetingVerbalixOid":1563,"IdSession":"4717","SpeakerFirstName":"Theophil","SpeakerLastName":"Pfister","SpeakerFullName":"Pfister Theophil","SpeakerFunction":"Mit-M","CouncilId":1,"CouncilName":"Nationalrat","CantonId":17,"CantonName":"St. Gallen","CantonAbbreviation":"SG","ParlGroupName":"Fraktion der Schweizerischen Volkspartei","ParlGroupAbbreviation":"V","SortOrder":37,"Start":"\/Date(1182443822255)\/","End":"\/Date(1182443922848)\/","Function":"Mit-M","DisplaySpeaker":true,"LanguageOfText":"DE","Modified":"\/Date(1774877930802)\/","StartTimeWithTimezone":"\/Date(1182443822257+0120)\/","EndTimeWithTimezone":"\/Date(1182443922847+0120)\/","VoteBusinessNumber":null,"VoteBusinessShortNumber":null,"VoteBusinessTitle":null},{"__metadata":{"id":"https://ws.parlament.ch/OData.svc/Transcript(ID=81740L,Language='DE')","uri":"https://ws.parlament.ch/OData.svc/Transcript(ID=81740L,Language='DE')","type":"itsystems.Pd.DataServices.DataModel.Transcript"},"Subjects":{"__deferred":{"uri":"https://ws.parlament.ch/OData.svc/Transcript(ID=81740L,Language='DE')/Subjects"}},"MembersCouncil":{"__deferred":{"uri":"https://ws.parlament.ch/OData.svc/Transcript(ID=81740L,Language='DE')/MembersCouncil"}},"Businesses":{"__deferred":{"uri":"https://ws.parlament.ch/OData.svc/Transcript(ID=81740L,Language='DE')/Businesses"}},"ID":"81740","Language":"DE","IdSubject":"12860","VoteId":null,"PersonNumber":1144,"Type":1,"Text":"<pd_text><p>Vous l'avez lu, l'article 21 traite des comp\u00e9tences linguistiques du personnel f\u00e9d\u00e9ral. Une minorit\u00e9, que son porte-parole vient de d\u00e9fendre, voudrait biffer l'obligation pour la Conf\u00e9d\u00e9ration d'encourager les comp\u00e9tences linguistiques de son personnel dans les langues nationales. Je dois vous dire que je trouve particuli\u00e8rement curieux que le groupe UDC, qui d\u00e9fend cette proposition, ait vot\u00e9 avec enthousiasme l'article 15 alin\u00e9a 3 dans la version de la majorit\u00e9 concernant la question de l'enseignement prioritaire de la langue nationale \u00e0 l'\u00e9cole obligatoire - et, de fait, on est pr\u00eat \u00e0 passer outre la volont\u00e9 politique des parlements cantonaux en mati\u00e8re d'enseignement des langues -, mais qu'il refuse que le personnel f\u00e9d\u00e9ral soit capable de comprendre au moins une autre langue nationale que la sienne ainsi que de l'inscrire dans la loi sur les langues. Je dois dire que, l\u00e0, je ne comprends pas o\u00f9 est la coh\u00e9rence!</p>\n<p>Cela dit, la Conf\u00e9d\u00e9ration, en tant qu'employeur, a un devoir \u00e0 assumer. Ce n'est pas une entreprise priv\u00e9e, mais un service public. Elle ne peut donc pas se soustraire \u00e0 l'obligation de soutenir la politique en faveur du plurilinguisme. En revanche, la minorit\u00e9 que je repr\u00e9sente propose de biffer l'alin\u00e9a 3, car elle estime que les cantons et les communes doivent assurer elles-m\u00eames le financement de leurs efforts en mati\u00e8re de d\u00e9veloppement des comp\u00e9tences linguistiques de leur propre personnel dans les langues nationales.</p>\n<p>Le groupe radical-lib\u00e9ral soutiendra donc la minorit\u00e9 \u00e0 l'alin\u00e9a 3.</p>\n</pd_text>","MeetingCouncilAbbreviation":"N","MeetingDate":"20070621","MeetingVerbalixOid":1563,"IdSession":"4717","SpeakerFirstName":"Martine","SpeakerLastName":"Brunschwig Graf","SpeakerFullName":"Brunschwig Graf Martine","SpeakerFunction":"Mit-F","CouncilId":1,"CouncilName":"Nationalrat","CantonId":25,"CantonName":"Genf","CantonAbbreviation":"GE","ParlGroupName":"Freisinnig-demokratische Fraktion","ParlGroupAbbreviation":"RL","SortOrder":36,"Start":"\/Date(1182443719583)\/","End":"\/Date(1182443822255)\/","Function":"Mit-F","DisplaySpeaker":true,"LanguageOfText":"FR","Modified":"\/Date(1774877930801)\/","StartTimeWithTimezone":"\/Date(1182443719583+0120)\/","EndTimeWithTimezone":"\/Date(1182443822257+0120)\/","VoteBusinessNumber":null,"VoteBusinessShortNumber":null,"VoteBusinessTitle":null},{"__metadata":{"id":"https://ws.parlament.ch/OData.svc/Transcript(ID=81741L,Language='DE')","uri":"https://ws.parlament.ch/OData.svc/Transcript(ID=81741L,Language='DE')","type":"itsystems.Pd.DataServices.DataModel.Transcript"},"Subjects":{"__deferred":{"uri":"https://ws.parlament.ch/OData.svc/Transcript(ID=81741L,Language='DE')/Subjects"}},"MembersCouncil":{"__deferred":{"uri":"https://ws.parlament.ch/OData.svc/Transcript(ID=81741L,Language='DE')/MembersCouncil"}},"Businesses":{"__deferred":{"uri":"https://ws.parlament.ch/OData.svc/Transcript(ID=81741L,Language='DE')/Businesses"}},"ID":"81741","Language":"DE","IdSubject":"12860","VoteId":null,"PersonNumber":316,"Type":1,"Text":"<pd_text><p>Die SP-Fraktion teilt mit, dass sie den Antrag der Mehrheit unterst\u00fctzen wird.</p>\n</pd_text>","MeetingCouncilAbbreviation":"N","MeetingDate":"20070621","MeetingVerbalixOid":1563,"IdSession":"4717","SpeakerFirstName":"Christine","SpeakerLastName":"Egerszegi-Obrist","SpeakerFullName":"Egerszegi-Obrist Christine","SpeakerFunction":"P-F","CouncilId":1,"CouncilName":"Nationalrat","CantonId":19,"CantonName":"Aargau","CantonAbbreviation":"AG","ParlGroupName":"Freisinnig-demokratische Fraktion","ParlGroupAbbreviation":"RL","SortOrder":35,"Start":"\/Date(1182443707942)\/","End":"\/Date(1182443719583)\/","Function":"P-F","DisplaySpeaker":true,"LanguageOfText":"DE","Modified":"\/Date(1774877930799)\/","StartTimeWithTimezone":"\/Date(1182443707943+0120)\/","EndTimeWithTimezone":"\/Date(1182443719583+0120)\/","VoteBusinessNumber":null,"VoteBusinessShortNumber":null,"VoteBusinessTitle":null},{"__metadata":{"id":"https://ws.parlament.ch/OData.svc/Transcript(ID=81742L,Language='DE')","uri":"https://ws.parlament.ch/OData.svc/Transcript(ID=81742L,Language='DE')","type":"itsystems.Pd.DataServices.DataModel.Transcript"},"Subjects":{"__deferred":{"uri":"https://ws.parlament.ch/OData.svc/Transcript(ID=81742L,Language='DE')/Subjects"}},"MembersCouncil":{"__deferred":{"uri":"https://ws.parlament.ch/OData.svc/Transcript(ID=81742L,Language='DE')/MembersCouncil"}},"Businesses":{"__deferred":{"uri":"https://ws.parlament.ch/OData.svc/Transcript(ID=81742L,Language='DE')/Businesses"}},"ID":"81742","Language":"DE","IdSubject":"12860","VoteId":null,"PersonNumber":1289,"Type":1,"Text":"<pd_text><p>A l'article 21 alin\u00e9a 1, la Conf\u00e9d\u00e9ration doit encourager le personnel de la Conf\u00e9d\u00e9ration, comme celui des cantons, \u00e0 pratiquer les langues nationales. Si les comp\u00e9tences sont insuffisantes, elles devront \u00eatre acquises dans le cadre de la formation continue. Que ce soit [PAGE 1104] \u00e0 l'interne dans l'administration ou qu'elle s'adresse au public, la communication doit \u00eatre bonne.</p>\n<p>A l'alin\u00e9a 3, il en est de m\u00eame pour les cantons qui auraient besoin d'aides financi\u00e8res. La Conf\u00e9d\u00e9ration doit remplir son devoir de maintenir soud\u00e9e cette Suisse multiculturelle en garantissant une bonne formation de base et une bonne formation continue.</p>\n<p>Je vous demande donc, pour une derni\u00e8re fois, de voter la proposition de la majorit\u00e9 de la commission.</p>\n</pd_text>","MeetingCouncilAbbreviation":"N","MeetingDate":"20070621","MeetingVerbalixOid":1563,"IdSession":"4717","SpeakerFirstName":"Luc","SpeakerLastName":"Barthassat","SpeakerFullName":"Barthassat Luc","SpeakerFunction":"Mit-M","CouncilId":1,"CouncilName":"Nationalrat","CantonId":25,"CantonName":"Genf","CantonAbbreviation":"GE","ParlGroupName":"Christlichdemokratische Fraktion","ParlGroupAbbreviation":"M-E","SortOrder":34,"Start":"\/Date(1182443660426)\/","End":"\/Date(1182443707942)\/","Function":"Mit-M","DisplaySpeaker":true,"LanguageOfText":"FR","Modified":"\/Date(1774877930798)\/","StartTimeWithTimezone":"\/Date(1182443660427+0120)\/","EndTimeWithTimezone":"\/Date(1182443707943+0120)\/","VoteBusinessNumber":null,"VoteBusinessShortNumber":null,"VoteBusinessTitle":null},{"__metadata":{"id":"https://ws.parlament.ch/OData.svc/Transcript(ID=81743L,Language='DE')","uri":"https://ws.parlament.ch/OData.svc/Transcript(ID=81743L,Language='DE')","type":"itsystems.Pd.DataServices.DataModel.Transcript"},"Subjects":{"__deferred":{"uri":"https://ws.parlament.ch/OData.svc/Transcript(ID=81743L,Language='DE')/Subjects"}},"MembersCouncil":{"__deferred":{"uri":"https://ws.parlament.ch/OData.svc/Transcript(ID=81743L,Language='DE')/MembersCouncil"}},"Businesses":{"__deferred":{"uri":"https://ws.parlament.ch/OData.svc/Transcript(ID=81743L,Language='DE')/Businesses"}},"ID":"81743","Language":"DE","IdSubject":"12860","VoteId":null,"PersonNumber":1294,"Type":1,"Text":"<pd_text><p>Herr Kollege, lassen Sie doch diesen Bundesanwalt sich zuerst einmal in sein Amt einarbeiten. Lassen Sie ihm diese Zeit. Dann werden wir schauen, ob er tats\u00e4chlich nur diese eine Sprache beherrscht oder nicht. Und ich denke, dass sein Chef sicherlich darauf achten wird, dass wir diese Gesetze, die wir da beschliessen, auch erf\u00fcllen.</p>\n</pd_text>","MeetingCouncilAbbreviation":"N","MeetingDate":"20070621","MeetingVerbalixOid":1563,"IdSession":"4717","SpeakerFirstName":"Lieni","SpeakerLastName":"F\u00fcglistaller","SpeakerFullName":"F\u00fcglistaller Lieni","SpeakerFunction":"Mit-M","CouncilId":1,"CouncilName":"Nationalrat","CantonId":19,"CantonName":"Aargau","CantonAbbreviation":"AG","ParlGroupName":"Fraktion der Schweizerischen Volkspartei","ParlGroupAbbreviation":"V","SortOrder":33,"Start":"\/Date(1182443627786)\/","End":"\/Date(1182443660426)\/","Function":"Mit-M","DisplaySpeaker":true,"LanguageOfText":"DE","Modified":"\/Date(1774877930796)\/","StartTimeWithTimezone":"\/Date(1182443627787+0120)\/","EndTimeWithTimezone":"\/Date(1182443660427+0120)\/","VoteBusinessNumber":null,"VoteBusinessShortNumber":null,"VoteBusinessTitle":null},{"__metadata":{"id":"https://ws.parlament.ch/OData.svc/Transcript(ID=81744L,Language='DE')","uri":"https://ws.parlament.ch/OData.svc/Transcript(ID=81744L,Language='DE')","type":"itsystems.Pd.DataServices.DataModel.Transcript"},"Subjects":{"__deferred":{"uri":"https://ws.parlament.ch/OData.svc/Transcript(ID=81744L,Language='DE')/Subjects"}},"MembersCouncil":{"__deferred":{"uri":"https://ws.parlament.ch/OData.svc/Transcript(ID=81744L,Language='DE')/MembersCouncil"}},"Businesses":{"__deferred":{"uri":"https://ws.parlament.ch/OData.svc/Transcript(ID=81744L,Language='DE')/Businesses"}},"ID":"81744","Language":"DE","IdSubject":"12860","VoteId":null,"PersonNumber":1150,"Type":1,"Text":"<pd_text><p>Vous avez probablement raison, c'est une t\u00e2che de conduite, \"eine F\u00fchrungsaufgabe\", que de s'assurer que ses collaborateurs ma\u00eetrisent les langues nationales. Dans le cas du procureur g\u00e9n\u00e9ral de la Conf\u00e9d\u00e9ration, je crois qu'il est subordonn\u00e9 \u00e0 Monsieur le conseiller f\u00e9d\u00e9ral Christoph Blocher. Est-ce que vous consid\u00e9rez en l'esp\u00e8ce qu'il n'a pas rempli sa \"F\u00fchrungsaufgabe\"?</p>\n</pd_text>","MeetingCouncilAbbreviation":"N","MeetingDate":"20070621","MeetingVerbalixOid":1563,"IdSession":"4717","SpeakerFirstName":"Christian","SpeakerLastName":"Levrat","SpeakerFullName":"Levrat Christian","SpeakerFunction":"Mit-M","CouncilId":1,"CouncilName":"Nationalrat","CantonId":10,"CantonName":"Freiburg","CantonAbbreviation":"FR","ParlGroupName":"Sozialdemokratische Fraktion","ParlGroupAbbreviation":"S","SortOrder":32,"Start":"\/Date(1182443602676)\/","End":"\/Date(1182443627786)\/","Function":"Mit-M","DisplaySpeaker":true,"LanguageOfText":"FR","Modified":"\/Date(1774877930795)\/","StartTimeWithTimezone":"\/Date(1182443602677+0120)\/","EndTimeWithTimezone":"\/Date(1182443627787+0120)\/","VoteBusinessNumber":null,"VoteBusinessShortNumber":null,"VoteBusinessTitle":null},{"__metadata":{"id":"https://ws.parlament.ch/OData.svc/Transcript(ID=81745L,Language='DE')","uri":"https://ws.parlament.ch/OData.svc/Transcript(ID=81745L,Language='DE')","type":"itsystems.Pd.DataServices.DataModel.Transcript"},"Subjects":{"__deferred":{"uri":"https://ws.parlament.ch/OData.svc/Transcript(ID=81745L,Language='DE')/Subjects"}},"MembersCouncil":{"__deferred":{"uri":"https://ws.parlament.ch/OData.svc/Transcript(ID=81745L,Language='DE')/MembersCouncil"}},"Businesses":{"__deferred":{"uri":"https://ws.parlament.ch/OData.svc/Transcript(ID=81745L,Language='DE')/Businesses"}},"ID":"81745","Language":"DE","IdSubject":"12860","VoteId":null,"PersonNumber":1294,"Type":1,"Text":"<pd_text><p>Herr Kollege Ruey, Sie haben schon bei den Artikeln 7 und 9 \u00e4hnliche Fragen gestellt. Ich habe Ihnen diese Fragen beantwortet. Es ist letztendlich eine F\u00fchrungsaufgabe der Departementsvorsteher, dass sie das auch umsetzen. Das ist alles bereits in den Weisungen zur F\u00f6rderung der Mehrsprachigkeit geregelt. Wir sollten doch keine Wiederholungen machen und nicht alles, was wir vorher beschlossen haben, in diesem Artikel nochmals auff\u00fchren.</p>\n</pd_text>","MeetingCouncilAbbreviation":"N","MeetingDate":"20070621","MeetingVerbalixOid":1563,"IdSession":"4717","SpeakerFirstName":"Lieni","SpeakerLastName":"F\u00fcglistaller","SpeakerFullName":"F\u00fcglistaller Lieni","SpeakerFunction":"Mit-M","CouncilId":1,"CouncilName":"Nationalrat","CantonId":19,"CantonName":"Aargau","CantonAbbreviation":"AG","ParlGroupName":"Fraktion der Schweizerischen Volkspartei","ParlGroupAbbreviation":"V","SortOrder":31,"Start":"\/Date(1182443563426)\/","End":"\/Date(1182443602676)\/","Function":"Mit-M","DisplaySpeaker":true,"LanguageOfText":"DE","Modified":"\/Date(1774877930794)\/","StartTimeWithTimezone":"\/Date(1182443563427+0120)\/","EndTimeWithTimezone":"\/Date(1182443602677+0120)\/","VoteBusinessNumber":null,"VoteBusinessShortNumber":null,"VoteBusinessTitle":null},{"__metadata":{"id":"https://ws.parlament.ch/OData.svc/Transcript(ID=81746L,Language='DE')","uri":"https://ws.parlament.ch/OData.svc/Transcript(ID=81746L,Language='DE')","type":"itsystems.Pd.DataServices.DataModel.Transcript"},"Subjects":{"__deferred":{"uri":"https://ws.parlament.ch/OData.svc/Transcript(ID=81746L,Language='DE')/Subjects"}},"MembersCouncil":{"__deferred":{"uri":"https://ws.parlament.ch/OData.svc/Transcript(ID=81746L,Language='DE')/MembersCouncil"}},"Businesses":{"__deferred":{"uri":"https://ws.parlament.ch/OData.svc/Transcript(ID=81746L,Language='DE')/Businesses"}},"ID":"81746","Language":"DE","IdSubject":"12860","VoteId":null,"PersonNumber":505,"Type":1,"Text":"<pd_text><p>Je suis navr\u00e9 de vous reprendre, Monsieur F\u00fcglistaller, mais \u00e0 propos de l'alin\u00e9a 1, vous dites qu'il n'est pas n\u00e9cessaire que la Conf\u00e9d\u00e9ration encourage les comp\u00e9tences linguistiques de son personnel parce qu'elle le fait d\u00e9j\u00e0. Est-ce que vous savez et est-ce que vous avez v\u00e9rifi\u00e9 si le nouveau procureur g\u00e9n\u00e9ral de la Conf\u00e9d\u00e9ration - le poste le plus \u00e9lev\u00e9 sur le plan de la justice au sein de la Conf\u00e9d\u00e9ration - a vraiment les comp\u00e9tences linguistiques qui lui permettent de s'adresser \u00e0 d'autres compatriotes que ceux de Suisse orientale?</p>\n</pd_text>","MeetingCouncilAbbreviation":"N","MeetingDate":"20070621","MeetingVerbalixOid":1563,"IdSession":"4717","SpeakerFirstName":"Claude","SpeakerLastName":"Ruey","SpeakerFullName":"Ruey Claude","SpeakerFunction":"Mit-M","CouncilId":1,"CouncilName":"Nationalrat","CantonId":22,"CantonName":"Waadt","CantonAbbreviation":"VD","ParlGroupName":"Freisinnig-demokratische Fraktion","ParlGroupAbbreviation":"RL","SortOrder":30,"Start":"\/Date(1182443538645)\/","End":"\/Date(1182443563426)\/","Function":"Mit-M","DisplaySpeaker":true,"LanguageOfText":"FR","Modified":"\/Date(1774877930792)\/","StartTimeWithTimezone":"\/Date(1182443538647+0120)\/","EndTimeWithTimezone":"\/Date(1182443563427+0120)\/","VoteBusinessNumber":null,"VoteBusinessShortNumber":null,"VoteBusinessTitle":null},{"__metadata":{"id":"https://ws.parlament.ch/OData.svc/Transcript(ID=81747L,Language='DE')","uri":"https://ws.parlament.ch/OData.svc/Transcript(ID=81747L,Language='DE')","type":"itsystems.Pd.DataServices.DataModel.Transcript"},"Subjects":{"__deferred":{"uri":"https://ws.parlament.ch/OData.svc/Transcript(ID=81747L,Language='DE')/Subjects"}},"MembersCouncil":{"__deferred":{"uri":"https://ws.parlament.ch/OData.svc/Transcript(ID=81747L,Language='DE')/MembersCouncil"}},"Businesses":{"__deferred":{"uri":"https://ws.parlament.ch/OData.svc/Transcript(ID=81747L,Language='DE')/Businesses"}},"ID":"81747","Language":"DE","IdSubject":"12860","VoteId":null,"PersonNumber":1294,"Type":1,"Text":"<pd_text><p>Ich spreche zu den beiden Minderheiten, die beantragen, die Abs\u00e4tze 1 und 3 zu streichen.</p>\n<p>Eigentlich w\u00e4re dieser ganze Artikel nicht n\u00f6tig: Einerseits ist die Zielsetzung bereits im Zweck- und im Grundsatzartikel definiert, und aus den Artikeln 5, 6, 7 und 9 kann alles Wesentliche abgeleitet werden. Sie haben die Aus- und Weiterbildung bereits in Artikel 7 Absatz 2 stipuliert, und dazu geh\u00f6ren in Bezug auf den Bund wohl auch \"die Kenntnisse seines Personals in den Landessprachen\", wie es in Artikel 21 Absatz 1 heisst. Der Botschaft k\u00f6nnen Sie entnehmen, dass alles bereits im Bundespersonalgesetz, in der dazugeh\u00f6renden Verordnung und in den Weisungen des Bundesrates zur F\u00f6rderung der Mehrsprachigkeit in der Bundesverwaltung geregelt ist.</p>\n<p>Deshalb kann man Absatz 1 ohne jegliche Not streichen - was ich Ihnen auch beantrage.</p>\n<p>Bei Absatz 3 wird es noch grotesker, weil wiederum das Gemeinde- und Kantonspersonal in die Aus- und Weiterbildung mit einbezogen wird. Und der Clou ist, dass die Organisation und die Durchf\u00fchrung solcher Kurse zentral \u00fcber das Eidgen\u00f6ssische Personalamt erfolgt! So k\u00f6nnen Sie das der Botschaft entnehmen. Das braucht Stellen. Das wird auch etwas kosten. Wachsen wird vor allem ein Bereich: die Verwaltung.</p>\n<p>Der Bund \u00fcbernimmt damit die Kosten f\u00fcr die Aus- und Weiterbildung im Sprachbereich des Personals von Kantonen und Gemeinden. Das sollen wir mit diesem Gesetz nun beschliessen! Wollen Sie das wirklich tun? Wollen Sie, dass der Bund letztlich ein Aus- und Weiterbildungszentrum f\u00fcr Angestellte aller Stufen unseres Staates betreiben kann - und dies aufgrund einer eindeutigen gesetzlichen Regelung? Es ist zwar angeblich nur eine Kann-Formulierung. Allerdings habe ich bisher noch selten erlebt, dass eine entsprechende Umsetzung dann nicht auch tats\u00e4chlich erfolgt. </p>\n<p>Deshalb bitte ich Sie, Absatz 3 zu streichen und damit der Minderheit zu folgen.</p>\n</pd_text>","MeetingCouncilAbbreviation":"N","MeetingDate":"20070621","MeetingVerbalixOid":1563,"IdSession":"4717","SpeakerFirstName":"Lieni","SpeakerLastName":"F\u00fcglistaller","SpeakerFullName":"F\u00fcglistaller Lieni","SpeakerFunction":"Mit-M","CouncilId":1,"CouncilName":"Nationalrat","CantonId":19,"CantonName":"Aargau","CantonAbbreviation":"AG","ParlGroupName":"Fraktion der Schweizerischen Volkspartei","ParlGroupAbbreviation":"V","SortOrder":29,"Start":"\/Date(1182443380958)\/","End":"\/Date(1182443538645)\/","Function":"Mit-M","DisplaySpeaker":true,"LanguageOfText":"DE","Modified":"\/Date(1774877930791)\/","StartTimeWithTimezone":"\/Date(1182443380957+0120)\/","EndTimeWithTimezone":"\/Date(1182443538647+0120)\/","VoteBusinessNumber":null,"VoteBusinessShortNumber":null,"VoteBusinessTitle":null},{"__metadata":{"id":"https://ws.parlament.ch/OData.svc/Transcript(ID=81748L,Language='DE')","uri":"https://ws.parlament.ch/OData.svc/Transcript(ID=81748L,Language='DE')","type":"itsystems.Pd.DataServices.DataModel.Transcript"},"Subjects":{"__deferred":{"uri":"https://ws.parlament.ch/OData.svc/Transcript(ID=81748L,Language='DE')/Subjects"}},"MembersCouncil":{"__deferred":{"uri":"https://ws.parlament.ch/OData.svc/Transcript(ID=81748L,Language='DE')/MembersCouncil"}},"Businesses":{"__deferred":{"uri":"https://ws.parlament.ch/OData.svc/Transcript(ID=81748L,Language='DE')/Businesses"}},"ID":"81748","Language":"DE","IdSubject":"12860","VoteId":null,"PersonNumber":316,"Type":1,"Text":"<pd_text><p><b>Art. 21</b></p>\n<p><i>Antrag der Kommission: BBl</i></p>\n<p><i>Proposition de la commission: FF</i></p>\n</pd_text>","MeetingCouncilAbbreviation":"N","MeetingDate":"20070621","MeetingVerbalixOid":1563,"IdSession":"4717","SpeakerFirstName":"Christine","SpeakerLastName":"Egerszegi-Obrist","SpeakerFullName":"Egerszegi-Obrist Christine","SpeakerFunction":"P-F","CouncilId":1,"CouncilName":"Nationalrat","CantonId":19,"CantonName":"Aargau","CantonAbbreviation":"AG","ParlGroupName":"Freisinnig-demokratische Fraktion","ParlGroupAbbreviation":"RL","SortOrder":28,"Start":"\/Date(1182443277536)\/","End":"\/Date(1182443380958)\/","Function":"P-F","DisplaySpeaker":false,"LanguageOfText":null,"Modified":"\/Date(1774877930789)\/","StartTimeWithTimezone":"\/Date(1182443277537+0120)\/","EndTimeWithTimezone":"\/Date(1182443380957+0120)\/","VoteBusinessNumber":null,"VoteBusinessShortNumber":null,"VoteBusinessTitle":null},{"__metadata":{"id":"https://ws.parlament.ch/OData.svc/Transcript(ID=81749L,Language='DE')","uri":"https://ws.parlament.ch/OData.svc/Transcript(ID=81749L,Language='DE')","type":"itsystems.Pd.DataServices.DataModel.Transcript"},"Subjects":{"__deferred":{"uri":"https://ws.parlament.ch/OData.svc/Transcript(ID=81749L,Language='DE')/Subjects"}},"MembersCouncil":{"__deferred":{"uri":"https://ws.parlament.ch/OData.svc/Transcript(ID=81749L,Language='DE')/MembersCouncil"}},"Businesses":{"__deferred":{"uri":"https://ws.parlament.ch/OData.svc/Transcript(ID=81749L,Language='DE')/Businesses"}},"ID":"81749","Language":"DE","IdSubject":"12860","VoteId":"4535","PersonNumber":null,"Type":2,"Text":"<pd_text><p><i>Abstimmung - Vote</i></p>\n<p>[NAM]</p>\n<p>F\u00fcr den Antrag der Mehrheit .... 113 Stimmen</p>\n<p>F\u00fcr den Antrag der Minderheit .... 54 Stimmen</p>\n</pd_text>","MeetingCouncilAbbreviation":"N","MeetingDate":"20070621","MeetingVerbalixOid":1563,"IdSession":"4717","SpeakerFirstName":null,"SpeakerLastName":null,"SpeakerFullName":"","SpeakerFunction":null,"CouncilId":null,"CouncilName":null,"CantonId":null,"CantonName":null,"CantonAbbreviation":null,"ParlGroupName":null,"ParlGroupAbbreviation":null,"SortOrder":27,"Start":"\/Date(1182443277536)\/","End":"\/Date(1182443277536)\/","Function":null,"DisplaySpeaker":null,"LanguageOfText":"DE","Modified":"\/Date(1774877930788)\/","StartTimeWithTimezone":"\/Date(1182443277537+0120)\/","EndTimeWithTimezone":"\/Date(1182443277537+0120)\/","VoteBusinessNumber":20040429,"VoteBusinessShortNumber":"04.429","VoteBusinessTitle":"Parlamentarische Initiative\nLevrat Christian.\nBundesgesetz\n\u00fcber die Landessprachen"},{"__metadata":{"id":"https://ws.parlament.ch/OData.svc/Transcript(ID=81750L,Language='DE')","uri":"https://ws.parlament.ch/OData.svc/Transcript(ID=81750L,Language='DE')","type":"itsystems.Pd.DataServices.DataModel.Transcript"},"Subjects":{"__deferred":{"uri":"https://ws.parlament.ch/OData.svc/Transcript(ID=81750L,Language='DE')/Subjects"}},"MembersCouncil":{"__deferred":{"uri":"https://ws.parlament.ch/OData.svc/Transcript(ID=81750L,Language='DE')/MembersCouncil"}},"Businesses":{"__deferred":{"uri":"https://ws.parlament.ch/OData.svc/Transcript(ID=81750L,Language='DE')/Businesses"}},"ID":"81750","Language":"DE","IdSubject":"12860","VoteId":null,"PersonNumber":511,"Type":1,"Text":"<pd_text><p>Cet article tient compte du fait que si, vraiment, on croit au plurilinguisme en Suisse et qu'on cherche \u00e0 le sauver, cela co\u00fbte quelque chose, mais c'est une petite somme.</p>\n<p>J'ai d\u00e9j\u00e0 expos\u00e9 la situation dans l'administration f\u00e9d\u00e9rale o\u00f9, justement, on a d\u00e9cid\u00e9 que la Conf\u00e9d\u00e9ration devait garantir aux employ\u00e9s de travailler dans leur propre langue et, pour ce faire, fournir les outils n\u00e9cessaires. J'ai aussi dit que, pour concr\u00e9tiser ce droit, il faut par exemple avoir des personnes form\u00e9es pour traduire \u00e0 partir de langues minoritaires vers l'allemand, ou le contraire, ce qui est plus rare. Autrement, ce droit est un \"Papiertiger\", comme on dit en allemand.</p>\n<p>Cet article permet de tenir compte des efforts et du grand travail fournis par les organisations et les institutions \u00e0 but non lucratif actives dans notre pays, pour les frais de traduction de textes dans les langues nationales. On vise ici les grandes organisations professionnelles du monde du travail, les organisations f\u00e9minines ou religieuses, etc. Chacun de vous est s\u00fbrement membre de l'une ou l'autre de ces organisations et conna\u00eet tr\u00e8s bien la situation: il y a d'une part la n\u00e9cessit\u00e9 de tenir compte des membres francophones et italophones, de l'autre le manque de ressources, soit financi\u00e8res, soit humaines, pour effectuer les traductions qu'il faut faire.</p>\n<p>Par 16 voix contre 6, la commission vous demande de rejeter la proposition d\u00e9fendue par la minorit\u00e9 F\u00fcglistaller et d'adopter cet article important pour les associations qui travaillent au niveau national.</p>\n<p>Herr F\u00fcglistaller, es handelt sich hier um wichtige Verb\u00e4nde, die auf nationaler Ebene t\u00e4tig sind und grosse \u00dcbersetzungsarbeit leisten, damit Personen aus allen Landesteilen mitmachen k\u00f6nnen. Sie wissen, wie schwierig die Arbeit f\u00fcr Generalversammlungen oder f\u00fcr Tagungen auf nationaler Ebene ist, weil nur wenige finanzielle und auch personelle Ressourcen vorhanden sind. Sie wissen das; Sie sind sicher auch in solchen Verb\u00e4nden t\u00e4tig. Es ist also kein Fass ohne Boden, sondern eine kleine Unterst\u00fctzung f\u00fcr Verb\u00e4nde, die wirklich viel f\u00fcr unser Land, aber auch f\u00fcr die Mehrsprachigkeit tun.</p>\n<p>Ich bitte Sie, die Mehrheit zu unterst\u00fctzen.</p>\n</pd_text>","MeetingCouncilAbbreviation":"N","MeetingDate":"20070621","MeetingVerbalixOid":1563,"IdSession":"4717","SpeakerFirstName":"Chiara","SpeakerLastName":"Simoneschi-Cortesi","SpeakerFullName":"Simoneschi-Cortesi Chiara","SpeakerFunction":"2VP-F","CouncilId":1,"CouncilName":"Nationalrat","CantonId":27,"CantonName":"Tessin","CantonAbbreviation":"TI","ParlGroupName":"Christlichdemokratische Fraktion","ParlGroupAbbreviation":"M-E","SortOrder":26,"Start":"\/Date(1182443080208)\/","End":"\/Date(1182443277536)\/","Function":"*","DisplaySpeaker":true,"LanguageOfText":"FR","Modified":"\/Date(1774877930787)\/","StartTimeWithTimezone":"\/Date(1182443080207+0120)\/","EndTimeWithTimezone":"\/Date(1182443277537+0120)\/","VoteBusinessNumber":null,"VoteBusinessShortNumber":null,"VoteBusinessTitle":null},{"__metadata":{"id":"https://ws.parlament.ch/OData.svc/Transcript(ID=81751L,Language='DE')","uri":"https://ws.parlament.ch/OData.svc/Transcript(ID=81751L,Language='DE')","type":"itsystems.Pd.DataServices.DataModel.Transcript"},"Subjects":{"__deferred":{"uri":"https://ws.parlament.ch/OData.svc/Transcript(ID=81751L,Language='DE')/Subjects"}},"MembersCouncil":{"__deferred":{"uri":"https://ws.parlament.ch/OData.svc/Transcript(ID=81751L,Language='DE')/MembersCouncil"}},"Businesses":{"__deferred":{"uri":"https://ws.parlament.ch/OData.svc/Transcript(ID=81751L,Language='DE')/Businesses"}},"ID":"81751","Language":"DE","IdSubject":"12860","VoteId":null,"PersonNumber":358,"Type":1,"Text":"<pd_text><p>Ich verstehe das ganz klar als \u00dcbersetzungen aus den Landessprachen in die Landessprachen. Das steht aber nicht explizit da und m\u00fcsste vielleicht gekl\u00e4rt werden. Ich w\u00fcrde mich daf\u00fcr einsetzen, dass dieser Artikel genau so zu verstehen ist - dass es also nicht um irgendwelche anderen Sprachen geht, sondern um die Landessprachen: um \u00dcbersetzungen aus Landessprachen in Landessprachen.</p>\n</pd_text>","MeetingCouncilAbbreviation":"N","MeetingDate":"20070621","MeetingVerbalixOid":1563,"IdSession":"4717","SpeakerFirstName":"Doris","SpeakerLastName":"Stump","SpeakerFullName":"Stump Doris","SpeakerFunction":"Mit-F","CouncilId":1,"CouncilName":"Nationalrat","CantonId":19,"CantonName":"Aargau","CantonAbbreviation":"AG","ParlGroupName":"Sozialdemokratische Fraktion","ParlGroupAbbreviation":"S","SortOrder":25,"Start":"\/Date(1182443056583)\/","End":"\/Date(1182443080208)\/","Function":"Mit-F","DisplaySpeaker":true,"LanguageOfText":"DE","Modified":"\/Date(1774877930784)\/","StartTimeWithTimezone":"\/Date(1182443056583+0120)\/","EndTimeWithTimezone":"\/Date(1182443080207+0120)\/","VoteBusinessNumber":null,"VoteBusinessShortNumber":null,"VoteBusinessTitle":null},{"__metadata":{"id":"https://ws.parlament.ch/OData.svc/Transcript(ID=81752L,Language='DE')","uri":"https://ws.parlament.ch/OData.svc/Transcript(ID=81752L,Language='DE')","type":"itsystems.Pd.DataServices.DataModel.Transcript"},"Subjects":{"__deferred":{"uri":"https://ws.parlament.ch/OData.svc/Transcript(ID=81752L,Language='DE')/Subjects"}},"MembersCouncil":{"__deferred":{"uri":"https://ws.parlament.ch/OData.svc/Transcript(ID=81752L,Language='DE')/MembersCouncil"}},"Businesses":{"__deferred":{"uri":"https://ws.parlament.ch/OData.svc/Transcript(ID=81752L,Language='DE')/Businesses"}},"ID":"81752","Language":"DE","IdSubject":"12860","VoteId":null,"PersonNumber":3828,"Type":1,"Text":"<pd_text><p>Il gruppo radicale-democratico invita a sostenere la maggioranza della commissione ed \u00e8 contro la proposta della minoranza F\u00fcglistaller. Il nostro gruppo sostiene anche la proposta di minoranza Brunschwig Graf. </p>\n<p>Nel mondo dei mass media le agenzie di stampa, come l'agenzia telegrafica svizzera, assumono un ruolo fondamentale nel permettere alle reti radiofoniche e televisive di garantire quel prezioso service public, che le leggi del mercato forzatamente ignorerebbero.</p>\n<p>Il est donc appropri\u00e9 que, sur demande, la Conf\u00e9d\u00e9ration puisse allouer des moyens financiers aux agences de presse dont l'importance est nationale et qui diffusent dans les quatre r\u00e9gions linguistiques et dans les trois langues officielles de la Conf\u00e9d\u00e9ration.</p>\n<p>Bei Buchstabe b geht es um die finanzielle Unterst\u00fctzung durch etwas weniger als 800 000 Franken j\u00e4hrlich f\u00fcr nichtgewinnorientierte Organisationen von nationaler Bedeutung wie das Forum Helveticum, Treffpunkt Schweiz, Coscienza Svizzera und einige wenige andere. Eine solche Unterst\u00fctzung ist nicht einmal neu. Neu w\u00e4ren nur die klare gesetzliche Basis und der explizite Leistungsauftrag, was zur Qualit\u00e4t beitragen wird.</p>\n<p>La lettre c, par contre, doit \u00eatre biff\u00e9e. Il s'agit l\u00e0 d'un transfert d'argent entre pouvoirs publics, ce qui n'est pas une t\u00e2che relevant de cette loi.</p>\n<p>Voil\u00e0 pourquoi le groupe radical-lib\u00e9ral vous invite \u00e0 rejeter la proposition de la minorit\u00e9 I (F\u00fcglistaller) et \u00e0 soutenir celle de la minorit\u00e9 II (Brunschwig Graf).</p>\n</pd_text>","MeetingCouncilAbbreviation":"N","MeetingDate":"20070621","MeetingVerbalixOid":1563,"IdSession":"4717","SpeakerFirstName":"Ignazio","SpeakerLastName":"Cassis","SpeakerFullName":"Cassis Ignazio","SpeakerFunction":"Mit-M","CouncilId":1,"CouncilName":"Nationalrat","CantonId":27,"CantonName":"Tessin","CantonAbbreviation":"TI","ParlGroupName":"Freisinnig-demokratische Fraktion","ParlGroupAbbreviation":"RL","SortOrder":12,"Start":"\/Date(1182441655598)\/","End":"\/Date(1182441785020)\/","Function":"Mit-M","DisplaySpeaker":true,"LanguageOfText":"IT","Modified":"\/Date(1774877930760)\/","StartTimeWithTimezone":"\/Date(1182441655597+0120)\/","EndTimeWithTimezone":"\/Date(1182441785020+0120)\/","VoteBusinessNumber":null,"VoteBusinessShortNumber":null,"VoteBusinessTitle":null},{"__metadata":{"id":"https://ws.parlament.ch/OData.svc/Transcript(ID=81753L,Language='DE')","uri":"https://ws.parlament.ch/OData.svc/Transcript(ID=81753L,Language='DE')","type":"itsystems.Pd.DataServices.DataModel.Transcript"},"Subjects":{"__deferred":{"uri":"https://ws.parlament.ch/OData.svc/Transcript(ID=81753L,Language='DE')/Subjects"}},"MembersCouncil":{"__deferred":{"uri":"https://ws.parlament.ch/OData.svc/Transcript(ID=81753L,Language='DE')/MembersCouncil"}},"Businesses":{"__deferred":{"uri":"https://ws.parlament.ch/OData.svc/Transcript(ID=81753L,Language='DE')/Businesses"}},"ID":"81753","Language":"DE","IdSubject":"12860","VoteId":null,"PersonNumber":1144,"Type":1,"Text":"<pd_text><p>La minorit\u00e9 II vous propose d'accepter, comme la majorit\u00e9 de la commission, les lettres a et b de l'article 19, mais vous propose en revanche de biffer la lettre c.</p>\n<p>Pourquoi, tout d'abord, biffer la lettre c? Il s'agit tr\u00e8s clairement \u00e0 la lettre c de verser aux collectivit\u00e9s locales - traduction: les cantons et les communes - des subventions pour les projets que ces collectivit\u00e9s locales d\u00e9veloppent en faveur de la compr\u00e9hension entre les communaut\u00e9s linguistiques. Nous entrons tr\u00e8s clairement sur ce point-l\u00e0 dans ce qui rel\u00e8ve de la responsabilit\u00e9 des cantons et des communes. C'est leur politique, ce sont leurs projets, c'est leur d\u00e9cision, et cela devrait \u00eatre leur budget, ce qui signifie que la lettre c n'a pas de raison d'\u00eatre, \u00e9tant donn\u00e9 que la responsabilit\u00e9 de la Conf\u00e9d\u00e9ration ne s'\u00e9tend pas \u00e0 des d\u00e9cisions qui sont du ressort des collectivit\u00e9s publiques de niveau cantonal et communal. [PAGE 1101] </p>\n<p>En revanche, la minorit\u00e9 II vous propose de soutenir les lettres a et b. J'aimerais dire au porte-parole de la minorit\u00e9 I, Monsieur F\u00fcglistaller, qu'en bonne gestion financi\u00e8re, nous ne devrions pas verser des subventions sans base l\u00e9gale. C'est un principe que l'on essaye d'appliquer dans les cantons et qui devrait aussi \u00eatre appliqu\u00e9 \u00e0 la Conf\u00e9d\u00e9ration. Je ne peux pas partager son avis qui consiste \u00e0 dire qu'on subventionne d\u00e9j\u00e0 et qu'il n'y a pas lieu d'avoir de bases l\u00e9gale pour le faire. C'est exactement le contraire qui devrait \u00eatre dit en bonne gestion financi\u00e8re, \u00e0 savoir que si nous versons des subventions ou des aides financi\u00e8res, il doit y avoir une base l\u00e9gale pour pouvoir le faire. Or, c'est justement l'objectif des lettres a et b de donner un statut l\u00e9gal \u00e0 des pratiques actuelles qui sont peut-\u00eatre sur le mode conventionnel, mais qui doivent tr\u00e8s clairement s'inscrire dans une politique. Et ce sont les lois qui d\u00e9finissent les politiques publiques.</p>\n<p>Je vous invite donc \u00e0 adopter la proposition de la minorit\u00e9 II, \u00e0 accepter les lettres a et b de l'article 19, et \u00e0 biffer la lettre c qui pr\u00e9voit de subventionner des collectivit\u00e9s qui n'ont pas besoin de l'\u00eatre pour cette t\u00e2che.</p>\n</pd_text>","MeetingCouncilAbbreviation":"N","MeetingDate":"20070621","MeetingVerbalixOid":1563,"IdSession":"4717","SpeakerFirstName":"Martine","SpeakerLastName":"Brunschwig Graf","SpeakerFullName":"Brunschwig Graf Martine","SpeakerFunction":"Mit-F","CouncilId":1,"CouncilName":"Nationalrat","CantonId":25,"CantonName":"Genf","CantonAbbreviation":"GE","ParlGroupName":"Freisinnig-demokratische Fraktion","ParlGroupAbbreviation":"RL","SortOrder":11,"Start":"\/Date(1182441504208)\/","End":"\/Date(1182441655598)\/","Function":"Mit-F","DisplaySpeaker":true,"LanguageOfText":"FR","Modified":"\/Date(1774877930754)\/","StartTimeWithTimezone":"\/Date(1182441504207+0120)\/","EndTimeWithTimezone":"\/Date(1182441655597+0120)\/","VoteBusinessNumber":null,"VoteBusinessShortNumber":null,"VoteBusinessTitle":null},{"__metadata":{"id":"https://ws.parlament.ch/OData.svc/Transcript(ID=81754L,Language='DE')","uri":"https://ws.parlament.ch/OData.svc/Transcript(ID=81754L,Language='DE')","type":"itsystems.Pd.DataServices.DataModel.Transcript"},"Subjects":{"__deferred":{"uri":"https://ws.parlament.ch/OData.svc/Transcript(ID=81754L,Language='DE')/Subjects"}},"MembersCouncil":{"__deferred":{"uri":"https://ws.parlament.ch/OData.svc/Transcript(ID=81754L,Language='DE')/MembersCouncil"}},"Businesses":{"__deferred":{"uri":"https://ws.parlament.ch/OData.svc/Transcript(ID=81754L,Language='DE')/Businesses"}},"ID":"81754","Language":"DE","IdSubject":"12860","VoteId":null,"PersonNumber":1294,"Type":1,"Text":"<pd_text><p>Namens der Minderheit beantrage ich Ihnen auch die Streichung von Artikel 19.</p>\n<p>Gem\u00e4ss Buchstabe a soll nun der Bund also Nachrichtenagenturen unterst\u00fctzen k\u00f6nnen, welche absolut privatwirtschaftlich organisiert sind. Die Mehrheit der Kommission stimmt einem solchen Ansinnen zu und schafft damit im Sprachengesetz einen eigentlichen Medienartikel. Dass die Nachrichtenagentur f\u00fcr r\u00e4toromanische Medien dann \u00fcber Artikel 23 dieses Gesetzes noch zus\u00e4tzlich gef\u00f6rdert werden soll, ist nur ein kleines Mosaikst\u00fcckchen von vielen solchen kleinen Bagatellsubventionen, die eigentlich nur Kosten verursachen, die Verwaltung aufbl\u00e4hen und gar nichts bringen. Den Vernehmlassungsantworten kann man denn auch entnehmen, dass sich die SDA, die Schweizerische Depeschenagentur, einzig zu diesem Artikel 19 \u00e4ussert und sich dar\u00fcber nat\u00fcrlich befriedigt zeigt. Sie wolle jedoch als Privatunternehmen nur in schweren finanziellen Krisen auf \u00f6ffentliche Gelder zur\u00fcckgreifen. Ja, f\u00fcr wen machen wir denn diesen Gesetzesartikel?</p>\n<p>Gem\u00e4ss Buchstabe b sollen die Subventionsschleusen wiederum voll ge\u00f6ffnet werden. Dass Organisationen nicht gewinnorientiert sind, bedeutet ja nicht, dass sie f\u00fcr ihre Arbeit nicht auch ein Entgelt verlangen k\u00f6nnen. Es bedeutet auch nicht, dass sie keine L\u00f6hne auszahlen. Sie d\u00fcrfen lediglich keinen Gewinn machen - und das ist ja wirklich leicht zu bewerkstelligen. Welche Organisation ist denn nicht schon verst\u00e4ndigungsf\u00f6rdernd?</p>\n<p>Dem Bericht k\u00f6nnen Sie entnehmen, wie der Bund heute schon, notabene offenbar ohne jegliche gesetzliche Grundlage, mittels einfacher Leistungsvereinbarungen Gelder verteilt. Der Umkehrschluss, dass diese Organisationen im Falle der Streichung dieses Artikels keine Mittel mehr erhalten, ist offensichtlich falsch: Wenn es ohne Gesetzesartikel heute schon geht, diesen Organisationen Finanzmittel zuzuschanzen, dann ist es auch m\u00f6glich, das ohne Gesetzesartikel weiterhin zu tun. Sie k\u00f6nnen dem Bericht gut entnehmen, dass es wiederum ausschliesslich um eine Ausweitung der Finanzhilfen, um weitere Subventionen, um weitere Umverteilungen geht.</p>\n<p>In Buchstabe c dieses Artikels wird denn auch unumwunden gesagt, dass der Kreis der Empf\u00e4nger von Finanzhilfen auf Gemeinwesen ausgeweitet werden soll, die Projekte zugunsten der Verst\u00e4ndigung zwischen den Sprachgemeinschaften f\u00f6rdern. Bei der Kommissionsarbeit haben wohl weitere Personen gemerkt, dass auch dieser Artikel eine zus\u00e4tzliche Aussch\u00fcttung mit dem F\u00fcllhorn nach sich zieht, weshalb eine Minderheit II entstanden ist. Auch eine Mehrheit der Kantone lehnt diesen Artikel ab, weil er nicht in ein Sprachengesetz geh\u00f6rt und letztlich einfach zus\u00e4tzliche Subventionen ausl\u00f6st.</p>\n<p>Ich bitte Sie also, Artikel 19 zu streichen, dann bleibt alles so, wie es ist.</p>\n</pd_text>","MeetingCouncilAbbreviation":"N","MeetingDate":"20070621","MeetingVerbalixOid":1563,"IdSession":"4717","SpeakerFirstName":"Lieni","SpeakerLastName":"F\u00fcglistaller","SpeakerFullName":"F\u00fcglistaller Lieni","SpeakerFunction":"Mit-M","CouncilId":1,"CouncilName":"Nationalrat","CantonId":19,"CantonName":"Aargau","CantonAbbreviation":"AG","ParlGroupName":"Fraktion der Schweizerischen Volkspartei","ParlGroupAbbreviation":"V","SortOrder":10,"Start":"\/Date(1182441286255)\/","End":"\/Date(1182441504208)\/","Function":"Mit-M","DisplaySpeaker":true,"LanguageOfText":"DE","Modified":"\/Date(1774877930753)\/","StartTimeWithTimezone":"\/Date(1182441286257+0120)\/","EndTimeWithTimezone":"\/Date(1182441504207+0120)\/","VoteBusinessNumber":null,"VoteBusinessShortNumber":null,"VoteBusinessTitle":null},{"__metadata":{"id":"https://ws.parlament.ch/OData.svc/Transcript(ID=81755L,Language='DE')","uri":"https://ws.parlament.ch/OData.svc/Transcript(ID=81755L,Language='DE')","type":"itsystems.Pd.DataServices.DataModel.Transcript"},"Subjects":{"__deferred":{"uri":"https://ws.parlament.ch/OData.svc/Transcript(ID=81755L,Language='DE')/Subjects"}},"MembersCouncil":{"__deferred":{"uri":"https://ws.parlament.ch/OData.svc/Transcript(ID=81755L,Language='DE')/MembersCouncil"}},"Businesses":{"__deferred":{"uri":"https://ws.parlament.ch/OData.svc/Transcript(ID=81755L,Language='DE')/Businesses"}},"ID":"81755","Language":"DE","IdSubject":"12860","VoteId":null,"PersonNumber":316,"Type":1,"Text":"<pd_text><p><i>Abstimmung - Vote</i></p>\n<p>F\u00fcr den Antrag der Minderheit .... 82 Stimmen</p>\n<p>F\u00fcr den Antrag der Mehrheit .... 79 Stimmen</p>\n<p>[VS]</p>\n<p><b>Art. 19</b></p>\n<p><i>Antrag der Kommission: BBl</i></p>\n<p><i>Proposition de la commission: FF</i></p>\n</pd_text>","MeetingCouncilAbbreviation":"N","MeetingDate":"20070621","MeetingVerbalixOid":1563,"IdSession":"4717","SpeakerFirstName":"Christine","SpeakerLastName":"Egerszegi-Obrist","SpeakerFullName":"Egerszegi-Obrist Christine","SpeakerFunction":"P-F","CouncilId":1,"CouncilName":"Nationalrat","CantonId":19,"CantonName":"Aargau","CantonAbbreviation":"AG","ParlGroupName":"Freisinnig-demokratische Fraktion","ParlGroupAbbreviation":"RL","SortOrder":9,"Start":"\/Date(1182441208676)\/","End":"\/Date(1182441286255)\/","Function":"P-F","DisplaySpeaker":false,"LanguageOfText":null,"Modified":"\/Date(1774877930750)\/","StartTimeWithTimezone":"\/Date(1182441208677+0120)\/","EndTimeWithTimezone":"\/Date(1182441286257+0120)\/","VoteBusinessNumber":null,"VoteBusinessShortNumber":null,"VoteBusinessTitle":null},{"__metadata":{"id":"https://ws.parlament.ch/OData.svc/Transcript(ID=81756L,Language='DE')","uri":"https://ws.parlament.ch/OData.svc/Transcript(ID=81756L,Language='DE')","type":"itsystems.Pd.DataServices.DataModel.Transcript"},"Subjects":{"__deferred":{"uri":"https://ws.parlament.ch/OData.svc/Transcript(ID=81756L,Language='DE')/Subjects"}},"MembersCouncil":{"__deferred":{"uri":"https://ws.parlament.ch/OData.svc/Transcript(ID=81756L,Language='DE')/MembersCouncil"}},"Businesses":{"__deferred":{"uri":"https://ws.parlament.ch/OData.svc/Transcript(ID=81756L,Language='DE')/Businesses"}},"ID":"81756","Language":"DE","IdSubject":"12860","VoteId":null,"PersonNumber":273,"Type":1,"Text":"<pd_text><p>Bereits heute gibt es Richtlinien zur Unterst\u00fctzung der Ver\u00f6ffentlichung von wissenschaftlichen Arbeiten, allerdings nicht f\u00fcr den Bereich der Mehrsprachigkeit bzw. der Sprachenpolitik. Gerade hier besteht aber mit Blick auf die grundlegenden Anliegen des Sprachengesetzes ein besonderes Interesse; dies umso mehr, als es um Publikationen gehen soll, die von sprachregionalem oder gesamtschweizerischem Interesse sind und sich an ein breites Publikum richten. Wenn wir die Schwierigkeiten sehen, die n\u00f6tigen Mittel zur Publikation solcher Arbeiten zu bekommen, so ist klar, dass es vermehrter Unterst\u00fctzung und Unterst\u00fctzungsm\u00f6glichkeiten bedarf. Die von der Mehrheit vorgeschlagene Regelung schliesst also eine heute bestehende, sicher nicht gewollte L\u00fccke.</p>\n<p>Eine Kommissionsminderheit vertritt die Auffassung, dies sei nicht n\u00f6tig, nicht Aufgabe des Staates, und wissenschaftliche Arbeit und breites \u00f6ffentliches Interesse st\u00fcnden ohnehin im Widerspruch zueinander. Es ist nicht zu bestreiten, dass es eine Herausforderung ist, ein breites Publikum f\u00fcr wissenschaftliche Arbeiten und Erkenntnisse zu interessieren. Aber es gibt unz\u00e4hlige gelungene Beispiele daf\u00fcr, wo und wie das m\u00f6glich ist. Die F\u00f6rderung von Verst\u00e4ndnis und Verst\u00e4ndigung zieht sich im \u00dcbrigen wie ein roter Faden durch das ganze Gesetz. Dazu k\u00f6nnen wissenschaftliche Arbeiten einen wichtigen Beitrag leisten. Deshalb soll der Bund diesbez\u00fcgliche Bem\u00fchungen auch unterst\u00fctzen.</p>\n<p>Die Kommissionsmehrheit - 13 zu 8 Stimmen bei 1 Enthaltung - beantragt Ihnen, dies ebenfalls zu tun und ihr zu folgen.</p>\n</pd_text>","MeetingCouncilAbbreviation":"N","MeetingDate":"20070621","MeetingVerbalixOid":1563,"IdSession":"4717","SpeakerFirstName":"Brigitta M.","SpeakerLastName":"Gadient","SpeakerFullName":"Gadient Brigitta M.","SpeakerFunction":"Mit-F","CouncilId":1,"CouncilName":"Nationalrat","CantonId":18,"CantonName":"Graub\u00fcnden","CantonAbbreviation":"GR","ParlGroupName":"Fraktion der Schweizerischen Volkspartei","ParlGroupAbbreviation":"V","SortOrder":8,"Start":"\/Date(1182441079098)\/","End":"\/Date(1182441208676)\/","Function":"*","DisplaySpeaker":true,"LanguageOfText":"DE","Modified":"\/Date(1774877930749)\/","StartTimeWithTimezone":"\/Date(1182441079097+0120)\/","EndTimeWithTimezone":"\/Date(1182441208677+0120)\/","VoteBusinessNumber":null,"VoteBusinessShortNumber":null,"VoteBusinessTitle":null},{"__metadata":{"id":"https://ws.parlament.ch/OData.svc/Transcript(ID=81757L,Language='DE')","uri":"https://ws.parlament.ch/OData.svc/Transcript(ID=81757L,Language='DE')","type":"itsystems.Pd.DataServices.DataModel.Transcript"},"Subjects":{"__deferred":{"uri":"https://ws.parlament.ch/OData.svc/Transcript(ID=81757L,Language='DE')/Subjects"}},"MembersCouncil":{"__deferred":{"uri":"https://ws.parlament.ch/OData.svc/Transcript(ID=81757L,Language='DE')/MembersCouncil"}},"Businesses":{"__deferred":{"uri":"https://ws.parlament.ch/OData.svc/Transcript(ID=81757L,Language='DE')/Businesses"}},"ID":"81757","Language":"DE","IdSubject":"12860","VoteId":null,"PersonNumber":336,"Type":1,"Text":"<pd_text><p>Ich bitte Sie namens der SVP-Fraktion, der Minderheit zu folgen und diesen Artikel zu streichen.</p>\n<p>Dieser Artikel ist \u00fcberfl\u00fcssig, er weckt finanzielle Begehrlichkeiten und schw\u00e4cht die Eigeninitiative. Es ist in der Schweiz schon heute eine Selbstverst\u00e4ndlichkeit, dass wissenschaftliche Arbeiten mehrsprachig ver\u00f6ffentlicht werden, wenn es vor allem gesamtschweizerischem Interesse dient. Hier eine neue Finanzquelle zu \u00f6ffnen widerspricht den finanzpolitischen Vorgaben, keine unn\u00f6tigen Mehrausgaben zu t\u00e4tigen. Weiter unterh\u00f6hlt es die Eigeninitiative vor allem jener Institutionen, welche ihre Arbeiten bis heute mehrsprachig ver\u00f6ffentlicht haben. </p>\n<p>Weiter haben wir in der Schweiz ideale Bedingungen, die Mehrsprachigkeit zu f\u00f6rdern. Diese Tatsache entsch\u00e4rft das Anliegen, \u00dcbersetzungen zus\u00e4tzlich zu f\u00f6rdern. St\u00e4rken wir also die Eigeninitiative, und schaffen wir keine neuen Finanzquellen. </p>\n<p>Deshalb empfehle ich Ihnen namens der SVP-Fraktion, der Minderheit Brunschwig Graf zu folgen und die Mehrheit abzulehnen.</p>\n</pd_text>","MeetingCouncilAbbreviation":"N","MeetingDate":"20070621","MeetingVerbalixOid":1563,"IdSession":"4717","SpeakerFirstName":"Josef","SpeakerLastName":"Kunz","SpeakerFullName":"Kunz Josef","SpeakerFunction":"Mit-M","CouncilId":1,"CouncilName":"Nationalrat","CantonId":3,"CantonName":"Luzern","CantonAbbreviation":"LU","ParlGroupName":"Fraktion der Schweizerischen Volkspartei","ParlGroupAbbreviation":"V","SortOrder":7,"Start":"\/Date(1182440987755)\/","End":"\/Date(1182441079098)\/","Function":"Mit-M","DisplaySpeaker":true,"LanguageOfText":"DE","Modified":"\/Date(1774877930747)\/","StartTimeWithTimezone":"\/Date(1182440987757+0120)\/","EndTimeWithTimezone":"\/Date(1182441079097+0120)\/","VoteBusinessNumber":null,"VoteBusinessShortNumber":null,"VoteBusinessTitle":null},{"__metadata":{"id":"https://ws.parlament.ch/OData.svc/Transcript(ID=81758L,Language='DE')","uri":"https://ws.parlament.ch/OData.svc/Transcript(ID=81758L,Language='DE')","type":"itsystems.Pd.DataServices.DataModel.Transcript"},"Subjects":{"__deferred":{"uri":"https://ws.parlament.ch/OData.svc/Transcript(ID=81758L,Language='DE')/Subjects"}},"MembersCouncil":{"__deferred":{"uri":"https://ws.parlament.ch/OData.svc/Transcript(ID=81758L,Language='DE')/MembersCouncil"}},"Businesses":{"__deferred":{"uri":"https://ws.parlament.ch/OData.svc/Transcript(ID=81758L,Language='DE')/Businesses"}},"ID":"81758","Language":"DE","IdSubject":"12860","VoteId":null,"PersonNumber":3828,"Type":1,"Text":"<pd_text><p>In questo caso il gruppo radicale-democratico si schiera contro la maggioranza della commissione e a sostegno della minoranza Brunschwig Graf. Con questa disposizione si introduce, infatti, semplicemente una [PAGE 1100] nuova sovvenzione, che non pu\u00f2 essere giustificata n\u00e9 dall'interesse pubblico n\u00e9 da un punto di vista scientifico.</p>\n<p>Geht es n\u00e4mlich um wissenschaftliche Arbeiten, dann sind diese per definitionem nicht f\u00fcr ein grosses Publikum gedacht und geschrieben. Die wissenschaftliche Sprache ist trocken, sachlich, emotionsarm; das interessiert das grosse Publikum kaum. Wenn das Thema dennoch besonders wichtig und spannend ist, dann werden wohl die Journalisten daf\u00fcr sorgen, dass die Medien schweizweit und in verschiedenen Sprachen dar\u00fcber berichten. </p>\n<p>Et si jamais un tel travail scientifique m\u00e9ritait une large diffusion dans sa version originale, en plusieurs langues, d'autres sources de financement li\u00e9es \u00e0 la recherche seraient \u00e0 disposition. L'article 18 introduit dans la loi la possibilit\u00e9 d'une d\u00e9pense inutile et injustifi\u00e9e dans ce contexte.</p>\n<p>Aus diesen Gr\u00fcnden ersucht Sie die FDP-Fraktion, Artikel 18 ersatzlos zu streichen.</p>\n</pd_text>","MeetingCouncilAbbreviation":"N","MeetingDate":"20070621","MeetingVerbalixOid":1563,"IdSession":"4717","SpeakerFirstName":"Ignazio","SpeakerLastName":"Cassis","SpeakerFullName":"Cassis Ignazio","SpeakerFunction":"Mit-M","CouncilId":1,"CouncilName":"Nationalrat","CantonId":27,"CantonName":"Tessin","CantonAbbreviation":"TI","ParlGroupName":"Freisinnig-demokratische Fraktion","ParlGroupAbbreviation":"RL","SortOrder":6,"Start":"\/Date(1182440890676)\/","End":"\/Date(1182440987755)\/","Function":"Mit-M","DisplaySpeaker":true,"LanguageOfText":"IT","Modified":"\/Date(1774877930746)\/","StartTimeWithTimezone":"\/Date(1182440890677+0120)\/","EndTimeWithTimezone":"\/Date(1182440987757+0120)\/","VoteBusinessNumber":null,"VoteBusinessShortNumber":null,"VoteBusinessTitle":null},{"__metadata":{"id":"https://ws.parlament.ch/OData.svc/Transcript(ID=81759L,Language='DE')","uri":"https://ws.parlament.ch/OData.svc/Transcript(ID=81759L,Language='DE')","type":"itsystems.Pd.DataServices.DataModel.Transcript"},"Subjects":{"__deferred":{"uri":"https://ws.parlament.ch/OData.svc/Transcript(ID=81759L,Language='DE')/Subjects"}},"MembersCouncil":{"__deferred":{"uri":"https://ws.parlament.ch/OData.svc/Transcript(ID=81759L,Language='DE')/MembersCouncil"}},"Businesses":{"__deferred":{"uri":"https://ws.parlament.ch/OData.svc/Transcript(ID=81759L,Language='DE')/Businesses"}},"ID":"81759","Language":"DE","IdSubject":"12860","VoteId":null,"PersonNumber":316,"Type":1,"Text":"<pd_text><p>Die gr\u00fcne Fraktion teilt mit, dass sie den Antrag der Mehrheit unterst\u00fctzen wird.</p>\n</pd_text>","MeetingCouncilAbbreviation":"N","MeetingDate":"20070621","MeetingVerbalixOid":1563,"IdSession":"4717","SpeakerFirstName":"Christine","SpeakerLastName":"Egerszegi-Obrist","SpeakerFullName":"Egerszegi-Obrist Christine","SpeakerFunction":"P-F","CouncilId":1,"CouncilName":"Nationalrat","CantonId":19,"CantonName":"Aargau","CantonAbbreviation":"AG","ParlGroupName":"Freisinnig-demokratische Fraktion","ParlGroupAbbreviation":"RL","SortOrder":5,"Start":"\/Date(1182440885692)\/","End":"\/Date(1182440890676)\/","Function":"P-F","DisplaySpeaker":true,"LanguageOfText":"DE","Modified":"\/Date(1774877930740)\/","StartTimeWithTimezone":"\/Date(1182440885693+0120)\/","EndTimeWithTimezone":"\/Date(1182440890677+0120)\/","VoteBusinessNumber":null,"VoteBusinessShortNumber":null,"VoteBusinessTitle":null},{"__metadata":{"id":"https://ws.parlament.ch/OData.svc/Transcript(ID=81760L,Language='DE')","uri":"https://ws.parlament.ch/OData.svc/Transcript(ID=81760L,Language='DE')","type":"itsystems.Pd.DataServices.DataModel.Transcript"},"Subjects":{"__deferred":{"uri":"https://ws.parlament.ch/OData.svc/Transcript(ID=81760L,Language='DE')/Subjects"}},"MembersCouncil":{"__deferred":{"uri":"https://ws.parlament.ch/OData.svc/Transcript(ID=81760L,Language='DE')/MembersCouncil"}},"Businesses":{"__deferred":{"uri":"https://ws.parlament.ch/OData.svc/Transcript(ID=81760L,Language='DE')/Businesses"}},"ID":"81760","Language":"DE","IdSubject":"12860","VoteId":null,"PersonNumber":390,"Type":1,"Text":"<pd_text><p>Im Namen der SP-Fraktion spreche ich f\u00fcr den Antrag der Mehrheit. Warum ist f\u00fcr uns Artikel 18 sehr wichtig? Er soll Massnahmen erm\u00f6glichen, welche die Verst\u00e4ndigung zwischen den Sprachgemeinschaften f\u00f6rdern. Das Ziel nehmen Sie ja alle an. Aber jetzt kommt es darauf an, ob wir die Mittel dazu akzeptieren; die Mittel, die dann konkret greifen. Dieser Artikel kommt sogar sehr bescheiden daher, er beinhaltet n\u00e4mlich lediglich eine Kann-Formulierung. Aber auch das ist der Minderheit noch zu viel, weil sie sofort einen Subventionstatbestand vermutet - als w\u00e4re das in diesem Fall ein Staatsverbrechen.</p>\n<p>Wenn wir wissenschaftliche Publikationen - und zwar nicht zu irgendetwas, sondern zu den Themen Mehrsprachigkeit sowie Sprachen- und Verst\u00e4ndigungspolitik - \u00fcbersetzen und ver\u00f6ffentlichen lassen wollen, m\u00fcssen wir wissen, dass das nicht Publikationen sind, die wir, nach der Aufhebung der Buchpreisbindung, in den Warenh\u00e4usern massenhaft billig verkaufen k\u00f6nnen. Wer je selber \u00fcbersetzt hat, wer \u00dcbersetzerinnen und \u00dcbersetzer kennt, die sich mit schwierigen Materien auseinandersetzen, der oder die weiss, was das f\u00fcr eine Arbeit ist. Daf\u00fcr k\u00f6nnen Bundesfinanzhilfen gew\u00e4hrt werden, aber nat\u00fcrlich nur unter sehr eingeschr\u00e4nkten Bedingungen: Die wissenschaftliche Arbeit muss sprachregional oder gesamtschweizerisch interessant sein, und sie darf sich nicht einfach nur an einen engen Fachkreis richten. Und da, Frau Brunschwig Graf, ist es kein Widerspruch, wenn ich im Sinne einer \"haute divulgation\" zwar nicht die Boulevardpresse erreiche, aber ein breites, gebildetes Publikum. Ich finde es nicht ganz fair, wenn man da einfach einen Widerspruch feststellen will.</p>\n<p>Wenn das Sprachengesetz mehr sein soll als ein Sonntagsbekenntnis, dann ist das eben, weil es um die Ver\u00e4nderung unseres Bewusstseins geht, nicht gratis. Sie k\u00f6nnen doch nicht auf die Dauer in der Bev\u00f6lkerung - und es ist eine Bev\u00f6lkerung in der wissensbasierten Gesellschaft, das ist ja gerade immer Ihr Thema, da sind Sie grossz\u00fcgig; aber wenn es nicht gerade Forschung im eigentlichen naturwissenschaftlichen Sinn ist, dann werden Sie knausrig - eine nachhaltige Sensibilit\u00e4t f\u00fcr diese wichtigen Themen der Mehrsprachigkeit und f\u00fcr das Anliegen der Sprachen- und Verst\u00e4ndigungspolitik wachhalten, wenn Sie diesbez\u00fcglich die Erkenntnisse nicht vermitteln, und zwar nicht auf der untersten Stufe, sondern im Sinne einer wissenschaftlichen Quelle und im Sinne eines Publikums der \"haute divulgation\".</p>\n<p>Ich habe es gesagt: Gerade in der \u00c4ra nach der Buchpreisbindung bekommt dieser Artikel eine ganz besondere Bedeutung. Ich bitte Sie aus diesem Grund, dem Streichungsantrag der Minderheit nicht zuzustimmen, sondern den Antrag der Mehrheit zu unterst\u00fctzen. </p>\n</pd_text>","MeetingCouncilAbbreviation":"N","MeetingDate":"20070621","MeetingVerbalixOid":1563,"IdSession":"4717","SpeakerFirstName":"Hans","SpeakerLastName":"Widmer","SpeakerFullName":"Widmer Hans","SpeakerFunction":"Mit-M","CouncilId":1,"CouncilName":"Nationalrat","CantonId":3,"CantonName":"Luzern","CantonAbbreviation":"LU","ParlGroupName":"Sozialdemokratische Fraktion","ParlGroupAbbreviation":"S","SortOrder":4,"Start":"\/Date(1182440614864)\/","End":"\/Date(1182440885692)\/","Function":"Mit-M","DisplaySpeaker":true,"LanguageOfText":"DE","Modified":"\/Date(1774877930739)\/","StartTimeWithTimezone":"\/Date(1182440614863+0120)\/","EndTimeWithTimezone":"\/Date(1182440885693+0120)\/","VoteBusinessNumber":null,"VoteBusinessShortNumber":null,"VoteBusinessTitle":null},{"__metadata":{"id":"https://ws.parlament.ch/OData.svc/Transcript(ID=81761L,Language='DE')","uri":"https://ws.parlament.ch/OData.svc/Transcript(ID=81761L,Language='DE')","type":"itsystems.Pd.DataServices.DataModel.Transcript"},"Subjects":{"__deferred":{"uri":"https://ws.parlament.ch/OData.svc/Transcript(ID=81761L,Language='DE')/Subjects"}},"MembersCouncil":{"__deferred":{"uri":"https://ws.parlament.ch/OData.svc/Transcript(ID=81761L,Language='DE')/MembersCouncil"}},"Businesses":{"__deferred":{"uri":"https://ws.parlament.ch/OData.svc/Transcript(ID=81761L,Language='DE')/Businesses"}},"ID":"81761","Language":"DE","IdSubject":"12860","VoteId":null,"PersonNumber":1289,"Type":1,"Text":"<pd_text><p>Pour tout ce qui repr\u00e9sente un int\u00e9r\u00eat national ou r\u00e9gional, c'est-\u00e0-dire tout ce qui touche un large public, il est imp\u00e9ratif de donner \u00e0 la Conf\u00e9d\u00e9ration la possibilit\u00e9 d'accorder des aides financi\u00e8res pour la traduction et la publication de travaux scientifiques.</p>\n<p>Cette disposition comble une lacune qui existe entre l'aide \u00e0 la traduction dans le domaine litt\u00e9raire et dans le domaine culturel. Nous pourrions nous-m\u00eames, au sein de notre Parlement, avoir un jour besoin de telles publications pour le bon fonctionnement de notre politique, sans parler du fait que ces traductions sont un plus, souvent, pour les \u00e9tudiants et la population toute enti\u00e8re, et cela sans compter les retomb\u00e9es importantes, bien entendu, pour tous les cantons bilingues.</p>\n<p>Nous devons donc soutenir ces aides financi\u00e8res \u00e0 l'article 18 pour les publications des travaux scientifiques et en faire de m\u00eame \u00e0 l'article 19 concernant les aides financi\u00e8res accord\u00e9es aux organisations ou \u00e0 des agences de presse d'importance nationale qui diffusent des informations sur les quatre r\u00e9gions linguistiques de notre pays; j'y ajoute aussi l'article 20 qui pr\u00e9voit d'allouer des aides financi\u00e8res pour des frais de traduction, toujours pour une meilleure compr\u00e9hension et pour encourager de meilleurs contacts entre nos communaut\u00e9s linguistiques.</p>\n<p>Encore une fois, merci de continuer \u00e0 voter en faveur des propositions de la majorit\u00e9 de la commission.</p>\n</pd_text>","MeetingCouncilAbbreviation":"N","MeetingDate":"20070621","MeetingVerbalixOid":1563,"IdSession":"4717","SpeakerFirstName":"Luc","SpeakerLastName":"Barthassat","SpeakerFullName":"Barthassat Luc","SpeakerFunction":"Mit-M","CouncilId":1,"CouncilName":"Nationalrat","CantonId":25,"CantonName":"Genf","CantonAbbreviation":"GE","ParlGroupName":"Christlichdemokratische Fraktion","ParlGroupAbbreviation":"M-E","SortOrder":3,"Start":"\/Date(1182440504676)\/","End":"\/Date(1182440614864)\/","Function":"Mit-M","DisplaySpeaker":true,"LanguageOfText":"FR","Modified":"\/Date(1774877930736)\/","StartTimeWithTimezone":"\/Date(1182440504677+0120)\/","EndTimeWithTimezone":"\/Date(1182440614863+0120)\/","VoteBusinessNumber":null,"VoteBusinessShortNumber":null,"VoteBusinessTitle":null},{"__metadata":{"id":"https://ws.parlament.ch/OData.svc/Transcript(ID=81762L,Language='DE')","uri":"https://ws.parlament.ch/OData.svc/Transcript(ID=81762L,Language='DE')","type":"itsystems.Pd.DataServices.DataModel.Transcript"},"Subjects":{"__deferred":{"uri":"https://ws.parlament.ch/OData.svc/Transcript(ID=81762L,Language='DE')/Subjects"}},"MembersCouncil":{"__deferred":{"uri":"https://ws.parlament.ch/OData.svc/Transcript(ID=81762L,Language='DE')/MembersCouncil"}},"Businesses":{"__deferred":{"uri":"https://ws.parlament.ch/OData.svc/Transcript(ID=81762L,Language='DE')/Businesses"}},"ID":"81762","Language":"DE","IdSubject":"12860","VoteId":null,"PersonNumber":1144,"Type":1,"Text":"<pd_text><p>L'article 18 pr\u00e9voit que la Conf\u00e9d\u00e9ration peut accorder des aides financi\u00e8res pour la traduction et la publication de travaux scientifiques sur le plurilinguisme et sur la politique en mati\u00e8re de langues et de compr\u00e9hension entre les communaut\u00e9s linguistiques, ceci \u00e0 condition que ce soit d'int\u00e9r\u00eat national ou r\u00e9gional et destin\u00e9 \u00e0 un large public.</p>\n<p>La minorit\u00e9 que je repr\u00e9sente ici a estim\u00e9 qu'il y avait, d'une part, un certain paradoxe \u00e0 vouloir financer des travaux scientifiques qui, normalement, sont destin\u00e9s \u00e0 un public scientifique et qui n'ont donc pas fait l'objet de vulgarisation, et \u00e0 pr\u00e9tendre qu'il faille en financer la traduction sous pr\u00e9texte qu'ils sont destin\u00e9s \u00e0 un large public. D'autre part, on peut s'interroger sur la d\u00e9finition qui est donn\u00e9e de ce qu'il faudrait assumer comme traductions, parce qu'en d\u00e9finitive, s'agissant notamment de travaux scientifiques sur le plurilinguisme et la politique des langues, on peut supposer que les auteurs de ces travaux scientifiques, pour autant qu'ils soient cr\u00e9dibles, devraient avoir au minimum la capacit\u00e9 de fournir leurs r\u00e9flexions en plusieurs langues si n\u00e9cessaire, \u00e9tant donn\u00e9 qu'ils s'occupent d'un objet qu'ils sont cens\u00e9s ma\u00eetriser, et non pas seulement de fa\u00e7on livresque.</p>\n<p>C'est la raison pour laquelle, et par souci aussi de bonne gestion des deniers publics et de concentration des moyens de la Conf\u00e9d\u00e9ration sur les objets principaux de la loi, la minorit\u00e9 vous propose de biffer l'article 18 qui lui semble totalement superf\u00e9tatoire.</p>\n</pd_text>","MeetingCouncilAbbreviation":"N","MeetingDate":"20070621","MeetingVerbalixOid":1563,"IdSession":"4717","SpeakerFirstName":"Martine","SpeakerLastName":"Brunschwig Graf","SpeakerFullName":"Brunschwig Graf Martine","SpeakerFunction":"Mit-F","CouncilId":1,"CouncilName":"Nationalrat","CantonId":25,"CantonName":"Genf","CantonAbbreviation":"GE","ParlGroupName":"Freisinnig-demokratische Fraktion","ParlGroupAbbreviation":"RL","SortOrder":2,"Start":"\/Date(1182440381505)\/","End":"\/Date(1182440504676)\/","Function":"Mit-F","DisplaySpeaker":true,"LanguageOfText":"FR","Modified":"\/Date(1774877930734)\/","StartTimeWithTimezone":"\/Date(1182440381507+0120)\/","EndTimeWithTimezone":"\/Date(1182440504677+0120)\/","VoteBusinessNumber":null,"VoteBusinessShortNumber":null,"VoteBusinessTitle":null},{"__metadata":{"id":"https://ws.parlament.ch/OData.svc/Transcript(ID=81763L,Language='DE')","uri":"https://ws.parlament.ch/OData.svc/Transcript(ID=81763L,Language='DE')","type":"itsystems.Pd.DataServices.DataModel.Transcript"},"Subjects":{"__deferred":{"uri":"https://ws.parlament.ch/OData.svc/Transcript(ID=81763L,Language='DE')/Subjects"}},"MembersCouncil":{"__deferred":{"uri":"https://ws.parlament.ch/OData.svc/Transcript(ID=81763L,Language='DE')/MembersCouncil"}},"Businesses":{"__deferred":{"uri":"https://ws.parlament.ch/OData.svc/Transcript(ID=81763L,Language='DE')/Businesses"}},"ID":"81763","Language":"DE","IdSubject":"12860","VoteId":null,"PersonNumber":316,"Type":1,"Text":"<pd_text><p><b>Bundesgesetz \u00fcber die Landessprachen und die Verst\u00e4ndigung zwischen den Sprachgemeinschaften </b></p>\n<p><b>Loi f\u00e9d\u00e9rale sur les langues nationales et la compr\u00e9hension entre les communaut\u00e9s linguistiques </b></p>\n<p>[VS]</p>\n<p><b>Art. 18</b></p>\n<p><i>Antrag der Kommission: BBl</i></p>\n<p><i>Proposition de la commission: FF</i></p>\n</pd_text>","MeetingCouncilAbbreviation":"N","MeetingDate":"20070621","MeetingVerbalixOid":1563,"IdSession":"4717","SpeakerFirstName":"Christine","SpeakerLastName":"Egerszegi-Obrist","SpeakerFullName":"Egerszegi-Obrist Christine","SpeakerFunction":"P-F","CouncilId":1,"CouncilName":"Nationalrat","CantonId":19,"CantonName":"Aargau","CantonAbbreviation":"AG","ParlGroupName":"Freisinnig-demokratische Fraktion","ParlGroupAbbreviation":"RL","SortOrder":1,"Start":"\/Date(1182440347239)\/","End":"\/Date(1182440381505)\/","Function":"P-F","DisplaySpeaker":false,"LanguageOfText":null,"Modified":"\/Date(1774877930733)\/","StartTimeWithTimezone":"\/Date(1182440347240+0120)\/","EndTimeWithTimezone":"\/Date(1182440381507+0120)\/","VoteBusinessNumber":null,"VoteBusinessShortNumber":null,"VoteBusinessTitle":null},{"__metadata":{"id":"https://ws.parlament.ch/OData.svc/Transcript(ID=81764L,Language='DE')","uri":"https://ws.parlament.ch/OData.svc/Transcript(ID=81764L,Language='DE')","type":"itsystems.Pd.DataServices.DataModel.Transcript"},"Subjects":{"__deferred":{"uri":"https://ws.parlament.ch/OData.svc/Transcript(ID=81764L,Language='DE')/Subjects"}},"MembersCouncil":{"__deferred":{"uri":"https://ws.parlament.ch/OData.svc/Transcript(ID=81764L,Language='DE')/MembersCouncil"}},"Businesses":{"__deferred":{"uri":"https://ws.parlament.ch/OData.svc/Transcript(ID=81764L,Language='DE')/Businesses"}},"ID":"81764","Language":"DE","IdSubject":"12860","VoteId":null,"PersonNumber":343,"Type":1,"Text":"<pd_text><p>Die vom Bund bis heute f\u00fcr die Verst\u00e4ndigung und den Austausch zwischen den Sprachgemeinschaften ausgerichteten Finanzhilfen an f\u00fcr die Verst\u00e4ndigung aktive Organisationen st\u00fctzen sich auf den Kredit \"Sprache und Verst\u00e4ndigung\" im Bundesamt f\u00fcr Kultur. Dieser wird jeweils im Rahmen des Budgets vom Parlament bewilligt, wie sich dies geh\u00f6rt. Der Kredit \"Sprache und Verst\u00e4ndigung\" findet seine Grundlage heute in Artikel 70 Absatz 3 der Bundesverfassung. Demnach haben Bund und Kantone die Verst\u00e4ndigung und den Austausch zwischen den Sprachgemeinschaften zu f\u00f6rdern. Dies sage ich sehr deutlich an die Adresse der FDP-Fraktion, die hier jetzt keine gesetzliche Grundlage will. Es gibt also eine Verpflichtung aufgrund der Bundesverfassung.</p>\n<p>Es geht hier nicht um eine neue Aufgabe - auch dies sage ich ausdr\u00fccklich an die Adresse der FDP-Mitglieder -; im Gegenteil, die gesetzliche Verankerung der Unterst\u00fctzung anerkannter ziviler Verst\u00e4ndigungsarbeit geht \u00fcber die revidierte Bundesverfassung hinaus und bis weit ins letzte Jahrhundert zur\u00fcck. Es ist die Fortf\u00fchrung einer Subventionierung staatspolitischer Organisationen, die seit ihrer Gr\u00fcndung nach dem Zweiten Weltkrieg insbesondere im Sinne eines Engagements f\u00fcr die sogenannte geistige Landesverteidigung vom Bund unterst\u00fctzt worden sind und werden. Um geistige Landesverteidigung geht es heute nat\u00fcrlich schon lange nicht mehr. Im Zug der Revision des Sprachenartikels der alten Bundesverfassung, also von Artikel 116, wurden darum die traditionellen wie auch neuere, f\u00fcr den Zusammenhalt des Landes t\u00e4tige Organisationen 1996 vom Bundesamt f\u00fcr Kultur aufgefordert, ihre T\u00e4tigkeit verst\u00e4rkt auf die F\u00f6rderung der Verst\u00e4ndigung und des Austausches zwischen den Sprachgemeinschaften auszurichten. Ich gebe Ihnen vier Beispiele solcher Organisationen:</p>\n<p>1. Das Forum Helveticum erhielt 2006 einen Beitrag von gut 100 000 Franken. Es f\u00fchrt Projekte wie zum Beispiel \"Parlez-vous Suisse?\", \"Discours suisse\" durch, oder es f\u00fchrt die Internetseite \"punts-ponti-ponts-br\u00fccken\" auf www.punts-info.ch.</p>\n<p>2. Rencontres Suisses - Treffpunkt Schweiz hat 2006 mit der Neuen Helvetischen Gesellschaft fusioniert. Das Bundesamt f\u00fcr Kultur unterst\u00fctzte diese Arbeit mit knapp 70 000 Franken. Rencontres Suisses verantwortet Projekte wie zum Beispiel \"Coh\u00e9sion nationale\", \"Mentalit\u00e9\". </p>\n<p>3. Coscienza Svizzera wurde 2006 vom Bundesamt f\u00fcr Kultur mit 40 000 Franken unterst\u00fctzt. Projekte wie \"Tour de Suisse in favore del plurilinguismo\", \"Il futuro della Svizzera urbana\", \"Svizzera e l'Europa delle regioni\" wurden unterst\u00fctzt. </p>\n<p>4. Die Stiftung CH erhielt im letzten Jahr 100 000 Franken explizit zur Unterst\u00fctzung des Jugendaustausches.</p>\n<p>Und als letztes Beispiel erw\u00e4hne ich den Schweizerischen Feuilletondienst (SFD), der 2006 130 000 Franken erhielt. Die interkulturelle Arbeit, die Verst\u00e4ndigungsarbeit des SFD kenne ich als Vorstandsmitglied dieser Institution pers\u00f6nlich sehr gut. Der SFD leistet in enger Zusammenarbeit mit der Schweizerischen Depeschenagentur kulturelle Vermittlungsarbeit. Dies sind tagesaktuelle Artikel \u00fcber Ausstellungen, B\u00fccher, Theater, Musik usw. - Medienarbeit von nationaler Bedeutung, die aber gezielt f\u00fcr regionale Medien geleistet wird, f\u00fcr Zeitungen also, die sich keine Kulturredaktion leisten k\u00f6nnen. Ein Beispiel vom letzten Jahr: Es wurden Autorinnen und Autoren aus allen Landesteilen unter dem Aspekt \"Heimat und Mehrsprachigkeit\" vorgestellt.</p>\n<p>Mit diesen Hinweisen will ich aufzeigen, dass es sich um eine bew\u00e4hrte Verst\u00e4ndigungsarbeit handelt, die hier in Artikel 19 des Sprachengesetzes jetzt gesetzlich abgesichert werden soll. Ich ersuche vor allem die FDP-Mitglieder, hier eine traditionelle Verst\u00e4ndigungsarbeit der Schweiz effektiv jetzt auch in diesem Gesetz abzust\u00fctzen. Wir bringen mit unserer Unterst\u00fctzung f\u00fcr den Mehrheitsantrag auch unsere Wertsch\u00e4tzung all diesen Organisationen gegen\u00fcber zum Ausdruck, die mit vielfach unbezahltem Einsatz diese interkulturelle Arbeit in unserem Land tagt\u00e4glich leisten.</p>\n<p>Lehnen Sie beide Minderheitsantr\u00e4ge ab!</p>\n</pd_text>","MeetingCouncilAbbreviation":"N","MeetingDate":"20070621","MeetingVerbalixOid":1563,"IdSession":"4717","SpeakerFirstName":"Vreni","SpeakerLastName":"M\u00fcller-Hemmi","SpeakerFullName":"M\u00fcller-Hemmi Vreni","SpeakerFunction":"Mit-F","CouncilId":1,"CouncilName":"Nationalrat","CantonId":1,"CantonName":"Z\u00fcrich","CantonAbbreviation":"ZH","ParlGroupName":"Sozialdemokratische Fraktion","ParlGroupAbbreviation":"S","SortOrder":13,"Start":"\/Date(1182441785020)\/","End":"\/Date(1182442158176)\/","Function":"Mit-F","DisplaySpeaker":true,"LanguageOfText":"DE","Modified":"\/Date(1774877930764)\/","StartTimeWithTimezone":"\/Date(1182441785020+0120)\/","EndTimeWithTimezone":"\/Date(1182442158177+0120)\/","VoteBusinessNumber":null,"VoteBusinessShortNumber":null,"VoteBusinessTitle":null},{"__metadata":{"id":"https://ws.parlament.ch/OData.svc/Transcript(ID=81765L,Language='DE')","uri":"https://ws.parlament.ch/OData.svc/Transcript(ID=81765L,Language='DE')","type":"itsystems.Pd.DataServices.DataModel.Transcript"},"Subjects":{"__deferred":{"uri":"https://ws.parlament.ch/OData.svc/Transcript(ID=81765L,Language='DE')/Subjects"}},"MembersCouncil":{"__deferred":{"uri":"https://ws.parlament.ch/OData.svc/Transcript(ID=81765L,Language='DE')/MembersCouncil"}},"Businesses":{"__deferred":{"uri":"https://ws.parlament.ch/OData.svc/Transcript(ID=81765L,Language='DE')/Businesses"}},"ID":"81765","Language":"DE","IdSubject":"12860","VoteId":null,"PersonNumber":316,"Type":1,"Text":"<pd_text><p>Die gr\u00fcne Fraktion teilt mit, dass sie den Antrag der Mehrheit unterst\u00fctzen wird. </p>\n</pd_text>","MeetingCouncilAbbreviation":"N","MeetingDate":"20070621","MeetingVerbalixOid":1563,"IdSession":"4717","SpeakerFirstName":"Christine","SpeakerLastName":"Egerszegi-Obrist","SpeakerFullName":"Egerszegi-Obrist Christine","SpeakerFunction":"P-F","CouncilId":1,"CouncilName":"Nationalrat","CantonId":19,"CantonName":"Aargau","CantonAbbreviation":"AG","ParlGroupName":"Freisinnig-demokratische Fraktion","ParlGroupAbbreviation":"RL","SortOrder":14,"Start":"\/Date(1182442158176)\/","End":"\/Date(1182442161817)\/","Function":"P-F","DisplaySpeaker":true,"LanguageOfText":"DE","Modified":"\/Date(1774877930766)\/","StartTimeWithTimezone":"\/Date(1182442158177+0120)\/","EndTimeWithTimezone":"\/Date(1182442161817+0120)\/","VoteBusinessNumber":null,"VoteBusinessShortNumber":null,"VoteBusinessTitle":null},{"__metadata":{"id":"https://ws.parlament.ch/OData.svc/Transcript(ID=81766L,Language='DE')","uri":"https://ws.parlament.ch/OData.svc/Transcript(ID=81766L,Language='DE')","type":"itsystems.Pd.DataServices.DataModel.Transcript"},"Subjects":{"__deferred":{"uri":"https://ws.parlament.ch/OData.svc/Transcript(ID=81766L,Language='DE')/Subjects"}},"MembersCouncil":{"__deferred":{"uri":"https://ws.parlament.ch/OData.svc/Transcript(ID=81766L,Language='DE')/MembersCouncil"}},"Businesses":{"__deferred":{"uri":"https://ws.parlament.ch/OData.svc/Transcript(ID=81766L,Language='DE')/Businesses"}},"ID":"81766","Language":"DE","IdSubject":"12860","VoteId":null,"PersonNumber":500,"Type":1,"Text":"<pd_text><p>Ich m\u00f6chte hier doch bemerken, dass diese Aufgaben, die hier genannt wurden, durch dieses Gesetz nicht gef\u00e4hrdet sind. Der Titel des Gesetzes lautet \"Sprachengesetz\". Aber bei Artikel 19 geht es weniger um Sprachen als vielmehr um Nachrichtenagenturen und weitere Institutionen. In einer schwammigen Formulierung, ohne Angaben \u00fcber verst\u00e4ndliche Ziele, sollen neue Subventionstatbest\u00e4nde eingef\u00fchrt werden. Wenn das Schule machen w\u00fcrde, dann m\u00fcssten alle Medien in unserem Land f\u00fcr ihre T\u00e4tigkeit Subventionen bekommen, denn alle berichten mehr oder weniger \u00fcber die vier Sprachregionen - noch ganz abgesehen vom Auftrag der Staatsmedien DRS.</p>\n<p>Sie k\u00f6nnen sich sicher sehr leicht vorstellen, dass die SVP solchen neuen Giesskannensubventionen nicht stattgeben kann. Wenn aber diese Subventionen nur an wenige gehen sollen, dann gibt es keine Gerechtigkeit, dann folgen neue Zerw\u00fcrfnisse. Der Gesetzentwurf stammt offensichtlich noch aus einer Zeit vor dem neuen Finanzausgleich. Wir haben die Entflechtung der Aufgaben zwischen Bund und Kantonen noch kaum abgeschlossen, da finden wir wieder neue Verflechtungen auf dem Tisch. [PAGE 1102] </p>\n<p>Ich bitte Sie im Namen der Mehrheit der SVP-Fraktion, hier keine neuen Dauersubventionen einzuf\u00fchren, nicht alles gesetzlich zu regeln und mit der Minderheit I (F\u00fcglistaller) diesen ganzen Artikel 19 zu streichen.</p>\n</pd_text>","MeetingCouncilAbbreviation":"N","MeetingDate":"20070621","MeetingVerbalixOid":1563,"IdSession":"4717","SpeakerFirstName":"Theophil","SpeakerLastName":"Pfister","SpeakerFullName":"Pfister Theophil","SpeakerFunction":"Mit-M","CouncilId":1,"CouncilName":"Nationalrat","CantonId":17,"CantonName":"St. Gallen","CantonAbbreviation":"SG","ParlGroupName":"Fraktion der Schweizerischen Volkspartei","ParlGroupAbbreviation":"V","SortOrder":15,"Start":"\/Date(1182442161817)\/","End":"\/Date(1182442276067)\/","Function":"Mit-M","DisplaySpeaker":true,"LanguageOfText":"DE","Modified":"\/Date(1774877930767)\/","StartTimeWithTimezone":"\/Date(1182442161817+0120)\/","EndTimeWithTimezone":"\/Date(1182442276067+0120)\/","VoteBusinessNumber":null,"VoteBusinessShortNumber":null,"VoteBusinessTitle":null},{"__metadata":{"id":"https://ws.parlament.ch/OData.svc/Transcript(ID=81767L,Language='DE')","uri":"https://ws.parlament.ch/OData.svc/Transcript(ID=81767L,Language='DE')","type":"itsystems.Pd.DataServices.DataModel.Transcript"},"Subjects":{"__deferred":{"uri":"https://ws.parlament.ch/OData.svc/Transcript(ID=81767L,Language='DE')/Subjects"}},"MembersCouncil":{"__deferred":{"uri":"https://ws.parlament.ch/OData.svc/Transcript(ID=81767L,Language='DE')/MembersCouncil"}},"Businesses":{"__deferred":{"uri":"https://ws.parlament.ch/OData.svc/Transcript(ID=81767L,Language='DE')/Businesses"}},"ID":"81767","Language":"DE","IdSubject":"12860","VoteId":null,"PersonNumber":511,"Type":1,"Text":"<pd_text><p>On est toujours \u00e0 la section 3 qui concerne la promotion de la compr\u00e9hension et des \u00e9changes entre les communaut\u00e9s linguistiques de notre pays. L'article 19 pr\u00e9voit que la Conf\u00e9d\u00e9ration peut accorder des aides financi\u00e8res \u00e0 trois types d'organismes: aux agences de presse d'importance nationale qui diffusent des informations dans les quatre r\u00e9gions linguistiques du pays, aux organisations d'importance nationale qui encouragent la compr\u00e9hension et favorisent le plurilinguisme et enfin, aux collectivit\u00e9s locales qui d\u00e9veloppent des projets en faveur de la compr\u00e9hension entre les communaut\u00e9s linguistiques.</p>\n<p>Pour ce qui concerne les agences de presse, il est dans l'int\u00e9r\u00eat g\u00e9n\u00e9ral et public, en des temps marqu\u00e9s par les fusions de journaux et la concentration des diff\u00e9rents m\u00e9dias, surtout dans les grandes agglom\u00e9rations, de promouvoir des informations de qualit\u00e9 dans tout le pays. Pour ce qui concerne les communes et les villes, nous savons qu'elles accomplissent un grand travail et qu'elles jouent un r\u00f4le important dans le domaine de l'apprentissage des langues et de la compr\u00e9hension mutuelle entre les communaut\u00e9s linguistiques. Il s'agit ici de reconna\u00eetre ce travail et de soutenir leurs efforts de mani\u00e8re cibl\u00e9e et subsidiaire.</p>\n<p>A cet article aussi, on est en pr\u00e9sence de deux types de minorit\u00e9s: la minorit\u00e9 I (F\u00fcglistaller) veut biffer l'article. A ce propos, je vous rends attentifs au fait que si cet article est supprim\u00e9, certaines activit\u00e9s existantes et soutenues aujourd'hui par la Conf\u00e9d\u00e9ration risquent d'\u00eatre supprim\u00e9es. Il s'agit de 780 000 francs qui sont d\u00e9j\u00e0 maintenant allou\u00e9s \u00e0 ces organisations et aucun suppl\u00e9ment n'est pr\u00e9vu. Je dois donc corriger Monsieur F\u00fcglistaller qui dit qu'une agence de presse, par exemple dans les Grisons, pourrait toucher deux fois des subventions. L'article 25 de la loi, \"Exclusion des aides financi\u00e8res multiples\", pr\u00e9voit: \"Une mesure ne peut pas faire l'objet de plusieurs aides financi\u00e8res pr\u00e9vues par la loi.\" Il est inexact d'affirmer qu'une agence pourrait recevoir deux fois des subventions.</p>\n<p>Ich m\u00f6chte auch Herrn Kollege Pfister korrigieren. Es ist nicht so, dass wir mit diesem Gesetz neue Subventionen gew\u00e4hren werden. Wir haben eine Tabelle bekommen, sie wurde mit dem Protokoll vom November 2006 geliefert. Man sieht in dieser Tabelle ganz genau, dass aufgrund von Artikel 19 an diese Organisationen, die auf nationaler Ebene arbeiten, schon jetzt 780 000 Franken ausbezahlt werden. Wenn Sie diesen Artikel streichen, wird es null Franken zus\u00e4tzlich geben. Sie streichen damit eine Finanzhilfe, die wichtigen nationalen Organisationen gew\u00e4hrt wird, die etwas f\u00fcr die Verst\u00e4ndigung und den Austausch tun.</p>\n</pd_text>","MeetingCouncilAbbreviation":"N","MeetingDate":"20070621","MeetingVerbalixOid":1563,"IdSession":"4717","SpeakerFirstName":"Chiara","SpeakerLastName":"Simoneschi-Cortesi","SpeakerFullName":"Simoneschi-Cortesi Chiara","SpeakerFunction":"2VP-F","CouncilId":1,"CouncilName":"Nationalrat","CantonId":27,"CantonName":"Tessin","CantonAbbreviation":"TI","ParlGroupName":"Christlichdemokratische Fraktion","ParlGroupAbbreviation":"M-E","SortOrder":16,"Start":"\/Date(1182442276067)\/","End":"\/Date(1182442517083)\/","Function":"*","DisplaySpeaker":true,"LanguageOfText":"FR","Modified":"\/Date(1774877930771)\/","StartTimeWithTimezone":"\/Date(1182442276067+0120)\/","EndTimeWithTimezone":"\/Date(1182442517083+0120)\/","VoteBusinessNumber":null,"VoteBusinessShortNumber":null,"VoteBusinessTitle":null},{"__metadata":{"id":"https://ws.parlament.ch/OData.svc/Transcript(ID=81768L,Language='DE')","uri":"https://ws.parlament.ch/OData.svc/Transcript(ID=81768L,Language='DE')","type":"itsystems.Pd.DataServices.DataModel.Transcript"},"Subjects":{"__deferred":{"uri":"https://ws.parlament.ch/OData.svc/Transcript(ID=81768L,Language='DE')/Subjects"}},"MembersCouncil":{"__deferred":{"uri":"https://ws.parlament.ch/OData.svc/Transcript(ID=81768L,Language='DE')/MembersCouncil"}},"Businesses":{"__deferred":{"uri":"https://ws.parlament.ch/OData.svc/Transcript(ID=81768L,Language='DE')/Businesses"}},"ID":"81768","Language":"DE","IdSubject":"12860","VoteId":"4533","PersonNumber":null,"Type":2,"Text":"<pd_text><p><i>Erste Abstimmung - Premier vote</i></p>\n<p>[NAM]</p>\n<p>F\u00fcr den Antrag der Mehrheit .... 90 Stimmen</p>\n<p>F\u00fcr den Antrag der Minderheit II .... 80 Stimmen</p>\n</pd_text>","MeetingCouncilAbbreviation":"N","MeetingDate":"20070621","MeetingVerbalixOid":1563,"IdSession":"4717","SpeakerFirstName":null,"SpeakerLastName":null,"SpeakerFullName":"","SpeakerFunction":null,"CouncilId":null,"CouncilName":null,"CantonId":null,"CantonName":null,"CantonAbbreviation":null,"ParlGroupName":null,"ParlGroupAbbreviation":null,"SortOrder":17,"Start":"\/Date(1182442517083)\/","End":"\/Date(1182442517083)\/","Function":null,"DisplaySpeaker":null,"LanguageOfText":"DE","Modified":"\/Date(1774877930773)\/","StartTimeWithTimezone":"\/Date(1182442517083+0120)\/","EndTimeWithTimezone":"\/Date(1182442517083+0120)\/","VoteBusinessNumber":20040429,"VoteBusinessShortNumber":"04.429","VoteBusinessTitle":"Parlamentarische Initiative\nLevrat Christian.\nBundesgesetz\n\u00fcber die Landessprachen"},{"__metadata":{"id":"https://ws.parlament.ch/OData.svc/Transcript(ID=81769L,Language='DE')","uri":"https://ws.parlament.ch/OData.svc/Transcript(ID=81769L,Language='DE')","type":"itsystems.Pd.DataServices.DataModel.Transcript"},"Subjects":{"__deferred":{"uri":"https://ws.parlament.ch/OData.svc/Transcript(ID=81769L,Language='DE')/Subjects"}},"MembersCouncil":{"__deferred":{"uri":"https://ws.parlament.ch/OData.svc/Transcript(ID=81769L,Language='DE')/MembersCouncil"}},"Businesses":{"__deferred":{"uri":"https://ws.parlament.ch/OData.svc/Transcript(ID=81769L,Language='DE')/Businesses"}},"ID":"81769","Language":"DE","IdSubject":"12860","VoteId":"4534","PersonNumber":null,"Type":2,"Text":"<pd_text><p><i>Zweite Abstimmung - Deuxi\u00e8me vote</i></p>\n<p>[NAM]</p>\n<p>F\u00fcr den Antrag der Mehrheit .... 94 Stimmen</p>\n<p>F\u00fcr den Antrag der Minderheit I .... 65 Stimmen</p>\n</pd_text>","MeetingCouncilAbbreviation":"N","MeetingDate":"20070621","MeetingVerbalixOid":1563,"IdSession":"4717","SpeakerFirstName":null,"SpeakerLastName":null,"SpeakerFullName":"","SpeakerFunction":null,"CouncilId":null,"CouncilName":null,"CantonId":null,"CantonName":null,"CantonAbbreviation":null,"ParlGroupName":null,"ParlGroupAbbreviation":null,"SortOrder":18,"Start":null,"End":null,"Function":null,"DisplaySpeaker":null,"LanguageOfText":"DE","Modified":"\/Date(1774877930774)\/","StartTimeWithTimezone":null,"EndTimeWithTimezone":null,"VoteBusinessNumber":20040429,"VoteBusinessShortNumber":"04.429","VoteBusinessTitle":"Parlamentarische Initiative\nLevrat Christian.\nBundesgesetz\n\u00fcber die Landessprachen"},{"__metadata":{"id":"https://ws.parlament.ch/OData.svc/Transcript(ID=81770L,Language='DE')","uri":"https://ws.parlament.ch/OData.svc/Transcript(ID=81770L,Language='DE')","type":"itsystems.Pd.DataServices.DataModel.Transcript"},"Subjects":{"__deferred":{"uri":"https://ws.parlament.ch/OData.svc/Transcript(ID=81770L,Language='DE')/Subjects"}},"MembersCouncil":{"__deferred":{"uri":"https://ws.parlament.ch/OData.svc/Transcript(ID=81770L,Language='DE')/MembersCouncil"}},"Businesses":{"__deferred":{"uri":"https://ws.parlament.ch/OData.svc/Transcript(ID=81770L,Language='DE')/Businesses"}},"ID":"81770","Language":"DE","IdSubject":"12860","VoteId":null,"PersonNumber":316,"Type":1,"Text":"<pd_text><p><b>Art. 20</b></p>\n<p><i>Antrag der Kommission: BBl</i></p>\n<p><i>Proposition de la commission: FF</i></p>\n</pd_text>","MeetingCouncilAbbreviation":"N","MeetingDate":"20070621","MeetingVerbalixOid":1563,"IdSession":"4717","SpeakerFirstName":"Christine","SpeakerLastName":"Egerszegi-Obrist","SpeakerFullName":"Egerszegi-Obrist Christine","SpeakerFunction":"P-F","CouncilId":1,"CouncilName":"Nationalrat","CantonId":19,"CantonName":"Aargau","CantonAbbreviation":"AG","ParlGroupName":"Freisinnig-demokratische Fraktion","ParlGroupAbbreviation":"RL","SortOrder":19,"Start":"\/Date(1182442517083)\/","End":"\/Date(1182442670973)\/","Function":"P-F","DisplaySpeaker":false,"LanguageOfText":null,"Modified":"\/Date(1774877930775)\/","StartTimeWithTimezone":"\/Date(1182442517083+0120)\/","EndTimeWithTimezone":"\/Date(1182442670973+0120)\/","VoteBusinessNumber":null,"VoteBusinessShortNumber":null,"VoteBusinessTitle":null},{"__metadata":{"id":"https://ws.parlament.ch/OData.svc/Transcript(ID=81771L,Language='DE')","uri":"https://ws.parlament.ch/OData.svc/Transcript(ID=81771L,Language='DE')","type":"itsystems.Pd.DataServices.DataModel.Transcript"},"Subjects":{"__deferred":{"uri":"https://ws.parlament.ch/OData.svc/Transcript(ID=81771L,Language='DE')/Subjects"}},"MembersCouncil":{"__deferred":{"uri":"https://ws.parlament.ch/OData.svc/Transcript(ID=81771L,Language='DE')/MembersCouncil"}},"Businesses":{"__deferred":{"uri":"https://ws.parlament.ch/OData.svc/Transcript(ID=81771L,Language='DE')/Businesses"}},"ID":"81771","Language":"DE","IdSubject":"12860","VoteId":null,"PersonNumber":1294,"Type":1,"Text":"<pd_text><p>Namens der Minderheit beantrage ich Ihnen auch die Streichung von Artikel 20 dieses Gesetzes. Hier sollen nun nichtstaatliche und nichtgewinnorientierte Organisationen finanzielle Unterst\u00fctzung f\u00fcr die Verbreitung ihrer Schriften erhalten. Selbstverst\u00e4ndlich muss der Inhalt der zu verbreitenden Schriften pl\u00f6tzlich nicht mehr sprach- oder verst\u00e4ndigungspolitisch orientiert sein. Explizit wird der Evangelische Frauenbund genannt. Diese Organisation hat in der Vernehmlassung diese Unterst\u00fctzung gefordert und dann noch eine Petition mit einer Anzahl Unterschriften eingereicht. Offenbar gen\u00fcgt das heute, damit in diesem Land ein Gesetzesartikel entsteht, durch den man an Geldmittel gelangen kann. Es sei die Frage erlaubt, ob diese Organisation nicht schon gen\u00fcgend durch entsprechende Kirchensteuern alimentiert wird. </p>\n<p>Sie haben mit einer klaren Mehrheit, mit 93 Jastimmen, der Motion Schweiger 04.3518 zugestimmt. Jetzt sagen Sie mir, ob dieser Bereich, den wir finanziell unterst\u00fctzen sollen, tats\u00e4chlich wachstumsrelevant ist. Wenn die erw\u00e4hnten 93 Zustimmenden glaubhaft und konsequent politisieren wollen, m\u00fcssen sie einen solchen Artikel doch ablehnen. Alle diese Bagatellsubventionen werden schlussendlich zu erheblichen Mehrkosten f\u00fchren. Dem Bericht zum ersten Entwurf von 2002 kann man auch entnehmen, dass der Bund weitere Stellen ben\u00f6tigen wird, um diese Gesuche zu bearbeiten, und das kann es ja wirklich nicht sein. </p>\n<p>Ich bitte Sie, der Minderheit zu folgen und diesen Artikel zu streichen.</p>\n</pd_text>","MeetingCouncilAbbreviation":"N","MeetingDate":"20070621","MeetingVerbalixOid":1563,"IdSession":"4717","SpeakerFirstName":"Lieni","SpeakerLastName":"F\u00fcglistaller","SpeakerFullName":"F\u00fcglistaller Lieni","SpeakerFunction":"Mit-M","CouncilId":1,"CouncilName":"Nationalrat","CantonId":19,"CantonName":"Aargau","CantonAbbreviation":"AG","ParlGroupName":"Fraktion der Schweizerischen Volkspartei","ParlGroupAbbreviation":"V","SortOrder":20,"Start":"\/Date(1182442670973)\/","End":"\/Date(1182442801770)\/","Function":"Mit-M","DisplaySpeaker":true,"LanguageOfText":"DE","Modified":"\/Date(1774877930777)\/","StartTimeWithTimezone":"\/Date(1182442670973+0120)\/","EndTimeWithTimezone":"\/Date(1182442801770+0120)\/","VoteBusinessNumber":null,"VoteBusinessShortNumber":null,"VoteBusinessTitle":null},{"__metadata":{"id":"https://ws.parlament.ch/OData.svc/Transcript(ID=81772L,Language='DE')","uri":"https://ws.parlament.ch/OData.svc/Transcript(ID=81772L,Language='DE')","type":"itsystems.Pd.DataServices.DataModel.Transcript"},"Subjects":{"__deferred":{"uri":"https://ws.parlament.ch/OData.svc/Transcript(ID=81772L,Language='DE')/Subjects"}},"MembersCouncil":{"__deferred":{"uri":"https://ws.parlament.ch/OData.svc/Transcript(ID=81772L,Language='DE')/MembersCouncil"}},"Businesses":{"__deferred":{"uri":"https://ws.parlament.ch/OData.svc/Transcript(ID=81772L,Language='DE')/Businesses"}},"ID":"81772","Language":"DE","IdSubject":"12860","VoteId":null,"PersonNumber":1127,"Type":1,"Text":"<pd_text><p>Dieser Artikel 20 droht zu einem Fass ohne Boden auszuarten. Es werden zurzeit auf Schweizer Gebiet an die 300 Sprachen gesprochen. Stellen Sie sich nun vor, jede Sprachgemeinschaft k\u00e4me auf den Bund zu und verlangte in den verschiedensten Bereichen systematische \u00dcbersetzungen. Aufgrund von Artikel 20 unserer Vorlage m\u00fcssten diese vom Bund finanziert werden. So l\u00f6blich die Absicht auch sein mag, das Resultat w\u00e4re eine \u00dcbersetzungsinflation, die dar\u00fcber hinaus keineswegs dazu beitr\u00fcge, die fremdsprachigen Menschen zum Erlernen einer unserer Landessprachen anzuregen.</p>\n<p>Die SVP-Fraktion wird deshalb gegen diesen Artikel stimmen und die Minderheit unterst\u00fctzen.</p>\n</pd_text>","MeetingCouncilAbbreviation":"N","MeetingDate":"20070621","MeetingVerbalixOid":1563,"IdSession":"4717","SpeakerFirstName":"Oskar","SpeakerLastName":"Freysinger","SpeakerFullName":"Freysinger Oskar","SpeakerFunction":"Mit-M","CouncilId":1,"CouncilName":"Nationalrat","CantonId":23,"CantonName":"Wallis","CantonAbbreviation":"VS","ParlGroupName":"Fraktion der Schweizerischen Volkspartei","ParlGroupAbbreviation":"V","SortOrder":21,"Start":"\/Date(1182442801770)\/","End":"\/Date(1182442855161)\/","Function":"Mit-M","DisplaySpeaker":true,"LanguageOfText":"DE","Modified":"\/Date(1774877930778)\/","StartTimeWithTimezone":"\/Date(1182442801770+0120)\/","EndTimeWithTimezone":"\/Date(1182442855160+0120)\/","VoteBusinessNumber":null,"VoteBusinessShortNumber":null,"VoteBusinessTitle":null},{"__metadata":{"id":"https://ws.parlament.ch/OData.svc/Transcript(ID=81773L,Language='DE')","uri":"https://ws.parlament.ch/OData.svc/Transcript(ID=81773L,Language='DE')","type":"itsystems.Pd.DataServices.DataModel.Transcript"},"Subjects":{"__deferred":{"uri":"https://ws.parlament.ch/OData.svc/Transcript(ID=81773L,Language='DE')/Subjects"}},"MembersCouncil":{"__deferred":{"uri":"https://ws.parlament.ch/OData.svc/Transcript(ID=81773L,Language='DE')/MembersCouncil"}},"Businesses":{"__deferred":{"uri":"https://ws.parlament.ch/OData.svc/Transcript(ID=81773L,Language='DE')/Businesses"}},"ID":"81773","Language":"DE","IdSubject":"12860","VoteId":null,"PersonNumber":316,"Type":1,"Text":"<pd_text><p>Die FDP-Fraktion und die gr\u00fcne Fraktion teilen mit, dass sie den Antrag der Mehrheit unterst\u00fctzen werden.</p>\n</pd_text>","MeetingCouncilAbbreviation":"N","MeetingDate":"20070621","MeetingVerbalixOid":1563,"IdSession":"4717","SpeakerFirstName":"Christine","SpeakerLastName":"Egerszegi-Obrist","SpeakerFullName":"Egerszegi-Obrist Christine","SpeakerFunction":"P-F","CouncilId":1,"CouncilName":"Nationalrat","CantonId":19,"CantonName":"Aargau","CantonAbbreviation":"AG","ParlGroupName":"Freisinnig-demokratische Fraktion","ParlGroupAbbreviation":"RL","SortOrder":22,"Start":"\/Date(1182442855161)\/","End":"\/Date(1182442861020)\/","Function":"P-F","DisplaySpeaker":true,"LanguageOfText":"DE","Modified":"\/Date(1774877930780)\/","StartTimeWithTimezone":"\/Date(1182442855160+0120)\/","EndTimeWithTimezone":"\/Date(1182442861020+0120)\/","VoteBusinessNumber":null,"VoteBusinessShortNumber":null,"VoteBusinessTitle":null},{"__metadata":{"id":"https://ws.parlament.ch/OData.svc/Transcript(ID=81774L,Language='DE')","uri":"https://ws.parlament.ch/OData.svc/Transcript(ID=81774L,Language='DE')","type":"itsystems.Pd.DataServices.DataModel.Transcript"},"Subjects":{"__deferred":{"uri":"https://ws.parlament.ch/OData.svc/Transcript(ID=81774L,Language='DE')/Subjects"}},"MembersCouncil":{"__deferred":{"uri":"https://ws.parlament.ch/OData.svc/Transcript(ID=81774L,Language='DE')/MembersCouncil"}},"Businesses":{"__deferred":{"uri":"https://ws.parlament.ch/OData.svc/Transcript(ID=81774L,Language='DE')/Businesses"}},"ID":"81774","Language":"DE","IdSubject":"12860","VoteId":null,"PersonNumber":358,"Type":1,"Text":"<pd_text><p>Die Frage stellt sich immer wieder: Wer soll in unserem Land die Kosten f\u00fcr die hochgehaltene Vielsprachigkeit tragen? Sollen es einzelne Organisationen sein, die sich bem\u00fchen, mit viel Gratisarbeit, mit gesamtschweizerischen Aktivit\u00e4ten das Verst\u00e4ndnis unter den Regionen zu schaffen und die Aktivit\u00e4ten auch zu koordinieren? Oder haben wir als Land, als Parlament die Verantwortung daf\u00fcr, dass diese Aktivit\u00e4ten unterst\u00fctzt werden und keine sprachlichen Hindernisse bestehen?</p>\n<p>Mein Vorredner hat behauptet, dass dieser Gesetzesartikel \u00dcbersetzungen in x Sprachen verlange. Es geht aber nur um schriftliche \u00dcbersetzungen in die Landessprachen; das sind die vier definierten Landessprachen und nicht irgendwelche andere. Es geht auch nicht darum, dass ausschliesslich Frauenorganisationen hier Anspr\u00fcche formuliert h\u00e4tten. Im Bericht der WBK-NR ist einzig der Evangelische Frauenbund genannt. Es geht ebenso um kulturelle Organisationen wie Musikvereine, Organisationen von schreibenden Frauen und M\u00e4nnern oder von bildenden K\u00fcnstlerinnen und K\u00fcnstlern, aber auch um Sportvereine. Alle diese haben grosse Aufwendungen, wenn sie auf schweizerischer Ebene ihre Organisationen f\u00fchren und f\u00fcr alle Landesteile Aktivit\u00e4ten entwickeln und Informationen verbreiten wollen. Es ist meines Erachtens sinnvoll, dass solche Organisationen landesweit aktiv sind und dass sie mit einem finanziellen Beitrag unterst\u00fctzt werden. </p>\n<p>Die sprachlichen und kulturellen Differenzen sind vorhanden, und diese m\u00fcssen wir \u00fcberwinden. Wir k\u00f6nnen sie \u00fcberwinden, indem wir einen kleinen Beitrag zumindest bei den \u00dcbersetzungen, die \u00fcberall n\u00f6tig sind, leisten. Auch wir im Parlament sind froh, wenn unsere Unterlagen f\u00fcr die Kommissionsberatungen in der jeweils eigenen Landessprache vorliegen, weil das Lesen in der anderen Sprache einfach viel, viel mehr Energie beansprucht und teilweise dennoch Verst\u00e4ndnisschwierigkeiten da sind. [PAGE 1103] </p>\n<p>Gew\u00e4hren wir den schweizerischen Organisationen das, was wir uns selber auch zugestehen und f\u00fcr uns einfordern. Die SP-Fraktion steht bez\u00fcglich Artikel 20 voll hinter dem Antrag der Kommissionsmehrheit.</p>\n</pd_text>","MeetingCouncilAbbreviation":"N","MeetingDate":"20070621","MeetingVerbalixOid":1563,"IdSession":"4717","SpeakerFirstName":"Doris","SpeakerLastName":"Stump","SpeakerFullName":"Stump Doris","SpeakerFunction":"Mit-F","CouncilId":1,"CouncilName":"Nationalrat","CantonId":19,"CantonName":"Aargau","CantonAbbreviation":"AG","ParlGroupName":"Sozialdemokratische Fraktion","ParlGroupAbbreviation":"S","SortOrder":23,"Start":"\/Date(1182442861020)\/","End":"\/Date(1182443038208)\/","Function":"Mit-F","DisplaySpeaker":true,"LanguageOfText":"DE","Modified":"\/Date(1774877930781)\/","StartTimeWithTimezone":"\/Date(1182442861020+0120)\/","EndTimeWithTimezone":"\/Date(1182443038207+0120)\/","VoteBusinessNumber":null,"VoteBusinessShortNumber":null,"VoteBusinessTitle":null},{"__metadata":{"id":"https://ws.parlament.ch/OData.svc/Transcript(ID=81775L,Language='DE')","uri":"https://ws.parlament.ch/OData.svc/Transcript(ID=81775L,Language='DE')","type":"itsystems.Pd.DataServices.DataModel.Transcript"},"Subjects":{"__deferred":{"uri":"https://ws.parlament.ch/OData.svc/Transcript(ID=81775L,Language='DE')/Subjects"}},"MembersCouncil":{"__deferred":{"uri":"https://ws.parlament.ch/OData.svc/Transcript(ID=81775L,Language='DE')/MembersCouncil"}},"Businesses":{"__deferred":{"uri":"https://ws.parlament.ch/OData.svc/Transcript(ID=81775L,Language='DE')/Businesses"}},"ID":"81775","Language":"DE","IdSubject":"12860","VoteId":null,"PersonNumber":1127,"Type":1,"Text":"<pd_text><p>Frau Stump, gehen wir darin konform, dass zwar nicht aus dem Franz\u00f6sischen, dem Deutschen usw. in 300 Fremdsprachen, aber aus 300 Fremdsprachen ins Franz\u00f6sische, Deutsche usw. \u00fcbersetzt wird?</p>\n</pd_text>","MeetingCouncilAbbreviation":"N","MeetingDate":"20070621","MeetingVerbalixOid":1563,"IdSession":"4717","SpeakerFirstName":"Oskar","SpeakerLastName":"Freysinger","SpeakerFullName":"Freysinger Oskar","SpeakerFunction":"Mit-M","CouncilId":1,"CouncilName":"Nationalrat","CantonId":23,"CantonName":"Wallis","CantonAbbreviation":"VS","ParlGroupName":"Fraktion der Schweizerischen Volkspartei","ParlGroupAbbreviation":"V","SortOrder":24,"Start":"\/Date(1182443038208)\/","End":"\/Date(1182443056583)\/","Function":"Mit-M","DisplaySpeaker":true,"LanguageOfText":"DE","Modified":"\/Date(1774877930782)\/","StartTimeWithTimezone":"\/Date(1182443038207+0120)\/","EndTimeWithTimezone":"\/Date(1182443056583+0120)\/","VoteBusinessNumber":null,"VoteBusinessShortNumber":null,"VoteBusinessTitle":null}]},"ID":"12860","Language":"DE","IdMeeting":"940","VerbalixOid":250200,"SortOrder":3,"Modified":"\/Date(1774877930731)\/"}}