{"d":{"__metadata":{"id":"https://ws.parlament.ch/OData.svc/Subject(ID=12920L,Language='DE')","uri":"https://ws.parlament.ch/OData.svc/Subject(ID=12920L,Language='DE')","type":"itsystems.Pd.DataServices.DataModel.Subject"},"Meetings":{"__metadata":{"id":"https://ws.parlament.ch/OData.svc/Meeting(ID=942L,Language='DE')","uri":"https://ws.parlament.ch/OData.svc/Meeting(ID=942L,Language='DE')","type":"itsystems.Pd.DataServices.DataModel.Meeting"},"Sessions":{"__deferred":{"uri":"https://ws.parlament.ch/OData.svc/Meeting(ID=942L,Language='DE')/Sessions"}},"Subjects":{"__deferred":{"uri":"https://ws.parlament.ch/OData.svc/Meeting(ID=942L,Language='DE')/Subjects"}},"ID":"942","Language":"DE","MeetingNumber":13,"IdSession":4801,"SessionNumber":1,"SessionName":"Wintersession 2007","Council":1,"CouncilName":"Nationalrat","CouncilAbbreviation":"NR","Date":"\/Date(1198195200000)\/","Begin":"0800","Modified":"\/Date(1447070038243)\/","LegislativePeriodNumber":48,"PublicationStatus":"final","MeetingOrderText":"Dreizehnte Sitzung","SortOrder":13,"Location":"N"},"SubjectsBusiness":{"results":[{"__metadata":{"id":"https://ws.parlament.ch/OData.svc/SubjectBusiness(BusinessNumber=20030454,IdSubject=12920L,Language='DE')","uri":"https://ws.parlament.ch/OData.svc/SubjectBusiness(BusinessNumber=20030454,IdSubject=12920L,Language='DE')","type":"itsystems.Pd.DataServices.DataModel.SubjectBusiness"},"Subjects":{"__deferred":{"uri":"https://ws.parlament.ch/OData.svc/SubjectBusiness(BusinessNumber=20030454,IdSubject=12920L,Language='DE')/Subjects"}},"Businesses":{"__deferred":{"uri":"https://ws.parlament.ch/OData.svc/SubjectBusiness(BusinessNumber=20030454,IdSubject=12920L,Language='DE')/Businesses"}},"IdSubject":"12920","BusinessNumber":20030454,"Language":"DE","BusinessShortNumber":"03.454","Title":"B\u00fcrgerrechtsgesetz. \u00c4nderung","SortOrder":1,"PublishedNotes":"Schlussabstimmung - Vote final\n","Modified":"\/Date(1447069207100)\/","TitleDE":"Parlamentarische Initiative\nPfisterer Thomas.\nB\u00fcrgerrechtsgesetz. \u00c4nderung","TitleFR":"Initiative parlementaire\nPfisterer Thomas.\nLoi sur la nationalit\u00e9. Modification","TitleIT":null}]},"Transcripts":{"results":[{"__metadata":{"id":"https://ws.parlament.ch/OData.svc/Transcript(ID=81970L,Language='DE')","uri":"https://ws.parlament.ch/OData.svc/Transcript(ID=81970L,Language='DE')","type":"itsystems.Pd.DataServices.DataModel.Transcript"},"Subjects":{"__deferred":{"uri":"https://ws.parlament.ch/OData.svc/Transcript(ID=81970L,Language='DE')/Subjects"}},"MembersCouncil":{"__deferred":{"uri":"https://ws.parlament.ch/OData.svc/Transcript(ID=81970L,Language='DE')/MembersCouncil"}},"Businesses":{"__deferred":{"uri":"https://ws.parlament.ch/OData.svc/Transcript(ID=81970L,Language='DE')/Businesses"}},"ID":"81970","Language":"DE","IdSubject":"12920","VoteId":"237","PersonNumber":null,"Type":2,"Text":"<pd_text><p><b>Bundesgesetz \u00fcber Erwerb und Verlust des Schweizer B\u00fcrgerrechtes (Verfahren im Kanton/Beschwerde vor einem kantonalen Gericht) </b></p>\n<p><b>Loi f\u00e9d\u00e9rale sur l'acquisition et la perte de la nationalit\u00e9 suisse (Proc\u00e9dure cantonale/Recours devant un tribunal cantonal) </b></p>\n<p>[VS]</p>\n<p><i>Abstimmung - Vote</i></p>\n<p>[NAM]</p>\n<p>F\u00fcr Annahme des Entwurfes ... 109 Stimmen</p>\n<p>Dagegen ... 73 Stimmen</p>\n<p>[PAGE 2074] </p>\n</pd_text>","MeetingCouncilAbbreviation":"N","MeetingDate":"20071221","MeetingVerbalixOid":1624,"IdSession":"4801","SpeakerFirstName":null,"SpeakerLastName":null,"SpeakerFullName":"","SpeakerFunction":null,"CouncilId":null,"CouncilName":null,"CantonId":null,"CantonName":null,"CantonAbbreviation":null,"ParlGroupName":null,"ParlGroupAbbreviation":null,"SortOrder":2,"Start":"\/Date(1198225495715)\/","End":"\/Date(1198225517871)\/","Function":null,"DisplaySpeaker":null,"LanguageOfText":"DE","Modified":"\/Date(1774877905487)\/","StartTimeWithTimezone":"\/Date(1198225495717+0060)\/","EndTimeWithTimezone":"\/Date(1198225517870+0060)\/","VoteBusinessNumber":20030454,"VoteBusinessShortNumber":"03.454","VoteBusinessTitle":"Parlamentarische Initiative\nPfisterer Thomas.\nB\u00fcrgerrechtsgesetz. \u00c4nderung"},{"__metadata":{"id":"https://ws.parlament.ch/OData.svc/Transcript(ID=81971L,Language='DE')","uri":"https://ws.parlament.ch/OData.svc/Transcript(ID=81971L,Language='DE')","type":"itsystems.Pd.DataServices.DataModel.Transcript"},"Subjects":{"__deferred":{"uri":"https://ws.parlament.ch/OData.svc/Transcript(ID=81971L,Language='DE')/Subjects"}},"MembersCouncil":{"__deferred":{"uri":"https://ws.parlament.ch/OData.svc/Transcript(ID=81971L,Language='DE')/MembersCouncil"}},"Businesses":{"__deferred":{"uri":"https://ws.parlament.ch/OData.svc/Transcript(ID=81971L,Language='DE')/Businesses"}},"ID":"81971","Language":"DE","IdSubject":"12920","VoteId":null,"PersonNumber":1135,"Type":1,"Text":"<pd_text><p>Ich bitte Sie, die vorliegende Gesetzes\u00e4nderung abzulehnen. Das B\u00fcrgerrecht ist ein politisches Recht und regelt die Zugeh\u00f6rigkeit zum Stimmvolk, das heisst zum Souver\u00e4n. Darum ist die Verleihung des B\u00fcrgerrechtes ein politischer Entscheid und unterliegt weder einer Begr\u00fcndungspflicht noch einem Rekursrecht. Unseres Erachtens soll die Erteilung des B\u00fcrgerrechtes, wie es bis zu den Bundesgerichtsentscheiden im Jahr 2003 w\u00e4hrend Jahrzehnten bew\u00e4hrte Praxis war, auf Gemeindeebene frei und abschliessend sein.</p>\n<p>Was uns heute von der Mitte-links-Koalition als neue L\u00f6sung pr\u00e4sentiert wird, ist der untaugliche Versuch, die Bundesgerichtsentscheide nachtr\u00e4glich politisch zu sanktionieren und so zu tun, als ob das Stimmvolk in seinen Entscheiden k\u00fcnftig wieder frei w\u00e4re. Das ist nichts anderes als ein Etikettenschwindel, den wir von der SVP ablehnen und dem wir unsere Volksinitiative \"f\u00fcr demokratische Einb\u00fcrgerungen\" entgegenstellen.</p>\n</pd_text>","MeetingCouncilAbbreviation":"N","MeetingDate":"20071221","MeetingVerbalixOid":1624,"IdSession":"4801","SpeakerFirstName":"Adrian","SpeakerLastName":"Amstutz","SpeakerFullName":"Amstutz Adrian","SpeakerFunction":"Mit-M","CouncilId":1,"CouncilName":"Nationalrat","CantonId":2,"CantonName":"Bern","CantonAbbreviation":"BE","ParlGroupName":"Fraktion der Schweizerischen Volkspartei","ParlGroupAbbreviation":"V","SortOrder":1,"Start":"\/Date(1198225258903)\/","End":"\/Date(1198225495715)\/","Function":"Mit-M","DisplaySpeaker":true,"LanguageOfText":"DE","Modified":"\/Date(1774877905483)\/","StartTimeWithTimezone":"\/Date(1198225258903+0060)\/","EndTimeWithTimezone":"\/Date(1198225495717+0060)\/","VoteBusinessNumber":null,"VoteBusinessShortNumber":null,"VoteBusinessTitle":null}]},"ID":"12920","Language":"DE","IdMeeting":"942","VerbalixOid":262718,"SortOrder":94,"Modified":"\/Date(1774877905481)\/"}}