{"d":{"__metadata":{"id":"https://ws.parlament.ch/OData.svc/Subject(ID=13023L,Language='DE')","uri":"https://ws.parlament.ch/OData.svc/Subject(ID=13023L,Language='DE')","type":"itsystems.Pd.DataServices.DataModel.Subject"},"Meetings":{"__metadata":{"id":"https://ws.parlament.ch/OData.svc/Meeting(ID=946L,Language='DE')","uri":"https://ws.parlament.ch/OData.svc/Meeting(ID=946L,Language='DE')","type":"itsystems.Pd.DataServices.DataModel.Meeting"},"Sessions":{"__deferred":{"uri":"https://ws.parlament.ch/OData.svc/Meeting(ID=946L,Language='DE')/Sessions"}},"Subjects":{"__deferred":{"uri":"https://ws.parlament.ch/OData.svc/Meeting(ID=946L,Language='DE')/Subjects"}},"ID":"946","Language":"DE","MeetingNumber":4,"IdSession":4801,"SessionNumber":1,"SessionName":"Wintersession 2007","Council":2,"CouncilName":"St\u00e4nderat","CouncilAbbreviation":"SR","Date":"\/Date(1196899200000)\/","Begin":"0800","Modified":"\/Date(1447070040130)\/","LegislativePeriodNumber":48,"PublicationStatus":"final","MeetingOrderText":"Vierte Sitzung","SortOrder":4,"Location":"S"},"SubjectsBusiness":{"results":[{"__metadata":{"id":"https://ws.parlament.ch/OData.svc/SubjectBusiness(BusinessNumber=20070464,IdSubject=13023L,Language='DE')","uri":"https://ws.parlament.ch/OData.svc/SubjectBusiness(BusinessNumber=20070464,IdSubject=13023L,Language='DE')","type":"itsystems.Pd.DataServices.DataModel.SubjectBusiness"},"Subjects":{"__deferred":{"uri":"https://ws.parlament.ch/OData.svc/SubjectBusiness(BusinessNumber=20070464,IdSubject=13023L,Language='DE')/Subjects"}},"Businesses":{"__deferred":{"uri":"https://ws.parlament.ch/OData.svc/SubjectBusiness(BusinessNumber=20070464,IdSubject=13023L,Language='DE')/Businesses"}},"IdSubject":"13023","BusinessNumber":20070464,"Language":"DE","BusinessShortNumber":"07.464","Title":"Verl\u00e4ngerung des Bundesgesetzes \u00fcber die Anpassung der kantonalen Beitr\u00e4ge f\u00fcr die innerkantonalen station\u00e4ren Behandlungen","SortOrder":1,"PublishedNotes":"Dringlichkeitsklausel - Clause d'urgence\n","Modified":"\/Date(1447069332073)\/","TitleDE":"Parlamentarische Initiative\nSGK-SR.\nVerl\u00e4ngerung des Bundesgesetzes\n\u00fcber die Anpassung\nder kantonalen Beitr\u00e4ge\nf\u00fcr die innerkantonalen\nstation\u00e4ren Behandlungen","TitleFR":"Initiative parlementaire\nCSSS-CE.\nProrogation de la loi f\u00e9d\u00e9rale\nsur l'adaptation\ndes participations cantonales\naux co\u00fbts des traitements hospitaliers\ndispens\u00e9s dans le canton","TitleIT":null}]},"Transcripts":{"results":[{"__metadata":{"id":"https://ws.parlament.ch/OData.svc/Transcript(ID=82199L,Language='DE')","uri":"https://ws.parlament.ch/OData.svc/Transcript(ID=82199L,Language='DE')","type":"itsystems.Pd.DataServices.DataModel.Transcript"},"Subjects":{"__deferred":{"uri":"https://ws.parlament.ch/OData.svc/Transcript(ID=82199L,Language='DE')/Subjects"}},"MembersCouncil":{"__deferred":{"uri":"https://ws.parlament.ch/OData.svc/Transcript(ID=82199L,Language='DE')/MembersCouncil"}},"Businesses":{"__deferred":{"uri":"https://ws.parlament.ch/OData.svc/Transcript(ID=82199L,Language='DE')/Businesses"}},"ID":"82199","Language":"DE","IdSubject":"13023","VoteId":null,"PersonNumber":276,"Type":1,"Text":"<pd_text><p><i>Angenommen - Adopt\u00e9</i></p>\n<p>[VS]</p>\n<p><i>Abstimmung - Vote</i></p>\n<p>F\u00fcr Annahme der Dringlichkeitsklausel ... 32 Stimmen</p>\n<p>(Einstimmigkeit)</p>\n<p>(0 Enthaltungen)</p>\n<p>[VS] [PAGE 1039] </p>\n<p><i>Das qualifizierte Mehr ist erreicht</i></p>\n<p><i>La majorit\u00e9 qualifi\u00e9e est acquise</i></p>\n<p>[VS]</p>\n<p><b>Pr\u00e4sident </b>(Br\u00e4ndli Christoffel, Pr\u00e4sident): Die Vorlage geht zur\u00fcck an den Nationalrat, weil der Nationalrat die Abstimmung \u00fcber die Dringlichkeitsklausel noch nicht durchgef\u00fchrt hat.</p>\n</pd_text>","MeetingCouncilAbbreviation":"S","MeetingDate":"20071206","MeetingVerbalixOid":1628,"IdSession":"4801","SpeakerFirstName":"Christoffel","SpeakerLastName":"Br\u00e4ndli","SpeakerFullName":"Br\u00e4ndli Christoffel","SpeakerFunction":"P-M","CouncilId":2,"CouncilName":"St\u00e4nderat","CantonId":18,"CantonName":"Graub\u00fcnden","CantonAbbreviation":"GR","ParlGroupName":"Fraktion der Schweizerischen Volkspartei","ParlGroupAbbreviation":"V","SortOrder":3,"Start":"\/Date(1196941606873)\/","End":"\/Date(1196941691937)\/","Function":"P-M","DisplaySpeaker":false,"LanguageOfText":null,"Modified":"\/Date(1510849819953)\/","StartTimeWithTimezone":"\/Date(1196941606873+0060)\/","EndTimeWithTimezone":"\/Date(1196941691937+0060)\/","VoteBusinessNumber":null,"VoteBusinessShortNumber":null,"VoteBusinessTitle":null},{"__metadata":{"id":"https://ws.parlament.ch/OData.svc/Transcript(ID=82200L,Language='DE')","uri":"https://ws.parlament.ch/OData.svc/Transcript(ID=82200L,Language='DE')","type":"itsystems.Pd.DataServices.DataModel.Transcript"},"Subjects":{"__deferred":{"uri":"https://ws.parlament.ch/OData.svc/Transcript(ID=82200L,Language='DE')/Subjects"}},"MembersCouncil":{"__deferred":{"uri":"https://ws.parlament.ch/OData.svc/Transcript(ID=82200L,Language='DE')/MembersCouncil"}},"Businesses":{"__deferred":{"uri":"https://ws.parlament.ch/OData.svc/Transcript(ID=82200L,Language='DE')/Businesses"}},"ID":"82200","Language":"DE","IdSubject":"13023","VoteId":null,"PersonNumber":370,"Type":1,"Text":"<pd_text><p>In Artikel 3 Absatz 5 geht es um die Verl\u00e4ngerung des Bundesgesetzes \u00fcber die Anpassung der kantonalen Beitr\u00e4ge f\u00fcr die interkantonalen station\u00e4ren Behandlungen. Der St\u00e4nderat hat die Frist bis zum 31. Dezember 2008 verl\u00e4ngert. Der Nationalrat ist der Meinung, man sollte die Frist bis zum 31. Dezember 2009 verl\u00e4ngern. Das bedingt auch, dass das Gesetz in Ziffer II dem fakultativen Referendum unterstellt wird. Die Kommission kann sich dem Beschluss des Nationalrates anschliessen.</p>\n</pd_text>","MeetingCouncilAbbreviation":"S","MeetingDate":"20071206","MeetingVerbalixOid":1628,"IdSession":"4801","SpeakerFirstName":"Erika","SpeakerLastName":"Forster-Vannini","SpeakerFullName":"Forster-Vannini Erika","SpeakerFunction":"2VP-F","CouncilId":2,"CouncilName":"St\u00e4nderat","CantonId":17,"CantonName":"St. Gallen","CantonAbbreviation":"SG","ParlGroupName":"Freisinnig-demokratische Fraktion","ParlGroupAbbreviation":"RL","SortOrder":2,"Start":"\/Date(1196941572480)\/","End":"\/Date(1196941606873)\/","Function":"*","DisplaySpeaker":true,"LanguageOfText":"DE","Modified":"\/Date(1510849819953)\/","StartTimeWithTimezone":"\/Date(1196941572480+0060)\/","EndTimeWithTimezone":"\/Date(1196941606873+0060)\/","VoteBusinessNumber":null,"VoteBusinessShortNumber":null,"VoteBusinessTitle":null},{"__metadata":{"id":"https://ws.parlament.ch/OData.svc/Transcript(ID=82201L,Language='DE')","uri":"https://ws.parlament.ch/OData.svc/Transcript(ID=82201L,Language='DE')","type":"itsystems.Pd.DataServices.DataModel.Transcript"},"Subjects":{"__deferred":{"uri":"https://ws.parlament.ch/OData.svc/Transcript(ID=82201L,Language='DE')/Subjects"}},"MembersCouncil":{"__deferred":{"uri":"https://ws.parlament.ch/OData.svc/Transcript(ID=82201L,Language='DE')/MembersCouncil"}},"Businesses":{"__deferred":{"uri":"https://ws.parlament.ch/OData.svc/Transcript(ID=82201L,Language='DE')/Businesses"}},"ID":"82201","Language":"DE","IdSubject":"13023","VoteId":null,"PersonNumber":276,"Type":1,"Text":"<pd_text><p><b>Bundesgesetz \u00fcber die Anpassung der kantonalen Beitr\u00e4ge f\u00fcr die innerkantonalen station\u00e4ren Behandlungen nach dem Bundesgesetz \u00fcber die Krankenversicherung </b></p>\n<p><b>Loi f\u00e9d\u00e9rale sur l'adaptation des participations cantonales aux co\u00fbts des traitements hospitaliers dispens\u00e9s dans le canton selon la loi f\u00e9d\u00e9rale sur l'assurance-maladie </b></p>\n<p>[VS]</p>\n<p><b>Art. 3 Abs. 5, Ziff. II</b></p>\n<p><i>Antrag der Kommission</i></p>\n<p>Zustimmung zum Beschluss des Nationalrates</p>\n<p>[VS]</p>\n<p><b>Art. 3 al. 5, ch. II</b></p>\n<p><i>Proposition de la commission</i></p>\n<p>Adh\u00e9rer \u00e0 la d\u00e9cision du Conseil national</p>\n</pd_text>","MeetingCouncilAbbreviation":"S","MeetingDate":"20071206","MeetingVerbalixOid":1628,"IdSession":"4801","SpeakerFirstName":"Christoffel","SpeakerLastName":"Br\u00e4ndli","SpeakerFullName":"Br\u00e4ndli Christoffel","SpeakerFunction":"P-M","CouncilId":2,"CouncilName":"St\u00e4nderat","CantonId":18,"CantonName":"Graub\u00fcnden","CantonAbbreviation":"GR","ParlGroupName":"Fraktion der Schweizerischen Volkspartei","ParlGroupAbbreviation":"V","SortOrder":1,"Start":"\/Date(1196941524437)\/","End":"\/Date(1196941572480)\/","Function":"P-M","DisplaySpeaker":false,"LanguageOfText":null,"Modified":"\/Date(1510849819953)\/","StartTimeWithTimezone":"\/Date(1196941524437+0060)\/","EndTimeWithTimezone":"\/Date(1196941572480+0060)\/","VoteBusinessNumber":null,"VoteBusinessShortNumber":null,"VoteBusinessTitle":null}]},"ID":"13023","Language":"DE","IdMeeting":"946","VerbalixOid":259888,"SortOrder":8,"Modified":"\/Date(1510849819953)\/"}}