{"d":{"__metadata":{"id":"https://ws.parlament.ch/OData.svc/Subject(ID=13268L,Language='DE')","uri":"https://ws.parlament.ch/OData.svc/Subject(ID=13268L,Language='DE')","type":"itsystems.Pd.DataServices.DataModel.Subject"},"Meetings":{"__metadata":{"id":"https://ws.parlament.ch/OData.svc/Meeting(ID=972L,Language='DE')","uri":"https://ws.parlament.ch/OData.svc/Meeting(ID=972L,Language='DE')","type":"itsystems.Pd.DataServices.DataModel.Meeting"},"Sessions":{"__deferred":{"uri":"https://ws.parlament.ch/OData.svc/Meeting(ID=972L,Language='DE')/Sessions"}},"Subjects":{"__deferred":{"uri":"https://ws.parlament.ch/OData.svc/Meeting(ID=972L,Language='DE')/Subjects"}},"ID":"972","Language":"DE","MeetingNumber":12,"IdSession":4802,"SessionNumber":2,"SessionName":"Fr\u00fchjahrssession 2008","Council":2,"CouncilName":"St\u00e4nderat","CouncilAbbreviation":"SR","Date":"\/Date(1205971200000)\/","Begin":"0815","Modified":"\/Date(1447070046287)\/","LegislativePeriodNumber":48,"PublicationStatus":"final","MeetingOrderText":"Zw\u00f6lfte Sitzung","SortOrder":12,"Location":"S"},"SubjectsBusiness":{"results":[{"__metadata":{"id":"https://ws.parlament.ch/OData.svc/SubjectBusiness(BusinessNumber=20070046,IdSubject=13268L,Language='DE')","uri":"https://ws.parlament.ch/OData.svc/SubjectBusiness(BusinessNumber=20070046,IdSubject=13268L,Language='DE')","type":"itsystems.Pd.DataServices.DataModel.SubjectBusiness"},"Subjects":{"__deferred":{"uri":"https://ws.parlament.ch/OData.svc/SubjectBusiness(BusinessNumber=20070046,IdSubject=13268L,Language='DE')/Subjects"}},"Businesses":{"__deferred":{"uri":"https://ws.parlament.ch/OData.svc/SubjectBusiness(BusinessNumber=20070046,IdSubject=13268L,Language='DE')/Businesses"}},"IdSubject":"13268","BusinessNumber":20070046,"Language":"DE","BusinessShortNumber":"07.046","Title":"Verbandsbeschwerderecht. Schluss mit der Verhinderungspolitik - Mehr Wachstum f\u00fcr die Schweiz. Volksinitiative","SortOrder":1,"PublishedNotes":"Schlussabstimmung - Vote final\n","Modified":"\/Date(1447069328363)\/","TitleDE":"Verbandsbeschwerderecht.\nSchluss mit der Verhinderungspolitik -\nMehr Wachstum f\u00fcr die Schweiz!\nVolksinitiative","TitleFR":"Droit de recours des organisations.\nAssez d'obstructionnisme -\nPlus de croissance pour la Suisse!\nInitiative populaire","TitleIT":null}]},"Transcripts":{"results":[{"__metadata":{"id":"https://ws.parlament.ch/OData.svc/Transcript(ID=83770L,Language='DE')","uri":"https://ws.parlament.ch/OData.svc/Transcript(ID=83770L,Language='DE')","type":"itsystems.Pd.DataServices.DataModel.Transcript"},"Subjects":{"__deferred":{"uri":"https://ws.parlament.ch/OData.svc/Transcript(ID=83770L,Language='DE')/Subjects"}},"MembersCouncil":{"__deferred":{"uri":"https://ws.parlament.ch/OData.svc/Transcript(ID=83770L,Language='DE')/MembersCouncil"}},"Businesses":{"__deferred":{"uri":"https://ws.parlament.ch/OData.svc/Transcript(ID=83770L,Language='DE')/Businesses"}},"ID":"83770","Language":"DE","IdSubject":"13268","VoteId":null,"PersonNumber":276,"Type":1,"Text":"<pd_text><p><b>Bundesbeschluss \u00fcber die eidgen\u00f6ssische Volksinitiative \"Verbandsbeschwerderecht. Schluss mit der Verhinderungspolitik - Mehr Wachstum f\u00fcr die Schweiz!\" </b></p>\n<p><b>Arr\u00eat\u00e9 f\u00e9d\u00e9ral concernant l'initiative populaire f\u00e9d\u00e9rale \"Droit de recours des organisations. Assez d'obstructionnisme - Plus de croissance pour la Suisse!\"</b></p>\n<p>[VS]</p>\n<p><i>Abstimmung - Vote</i></p>\n<p>F\u00fcr Annahme des Entwurfes ... 30 Stimmen</p>\n<p>Dagegen ... 9 Stimmen</p>\n<p>(3 Enthaltungen)</p>\n<p>[PAGE 209] </p>\n</pd_text>","MeetingCouncilAbbreviation":"S","MeetingDate":"20080320","MeetingVerbalixOid":1667,"IdSession":"4802","SpeakerFirstName":"Christoffel","SpeakerLastName":"Br\u00e4ndli","SpeakerFullName":"Br\u00e4ndli Christoffel","SpeakerFunction":"P-M","CouncilId":2,"CouncilName":"St\u00e4nderat","CantonId":18,"CantonName":"Graub\u00fcnden","CantonAbbreviation":"GR","ParlGroupName":"Fraktion der Schweizerischen Volkspartei","ParlGroupAbbreviation":"V","SortOrder":1,"Start":"\/Date(1206001599620)\/","End":"\/Date(1206001652793)\/","Function":"P-M","DisplaySpeaker":false,"LanguageOfText":null,"Modified":"\/Date(1510849842080)\/","StartTimeWithTimezone":"\/Date(1206001599620+0060)\/","EndTimeWithTimezone":"\/Date(1206001652793+0060)\/","VoteBusinessNumber":null,"VoteBusinessShortNumber":null,"VoteBusinessTitle":null}]},"ID":"13268","Language":"DE","IdMeeting":"972","VerbalixOid":267518,"SortOrder":11,"Modified":"\/Date(1510849842063)\/"}}