{"d":{"__metadata":{"id":"https://ws.parlament.ch/OData.svc/Subject(ID=13540L,Language='DE')","uri":"https://ws.parlament.ch/OData.svc/Subject(ID=13540L,Language='DE')","type":"itsystems.Pd.DataServices.DataModel.Subject"},"Meetings":{"__metadata":{"id":"https://ws.parlament.ch/OData.svc/Meeting(ID=991L,Language='DE')","uri":"https://ws.parlament.ch/OData.svc/Meeting(ID=991L,Language='DE')","type":"itsystems.Pd.DataServices.DataModel.Meeting"},"Sessions":{"__deferred":{"uri":"https://ws.parlament.ch/OData.svc/Meeting(ID=991L,Language='DE')/Sessions"}},"Subjects":{"__deferred":{"uri":"https://ws.parlament.ch/OData.svc/Meeting(ID=991L,Language='DE')/Subjects"}},"ID":"991","Language":"DE","MeetingNumber":16,"IdSession":4804,"SessionNumber":4,"SessionName":"Sommersession 2008","Council":1,"CouncilName":"Nationalrat","CouncilAbbreviation":"NR","Date":"\/Date(1213315200000)\/","Begin":"0800","Modified":"\/Date(1447070054263)\/","LegislativePeriodNumber":48,"PublicationStatus":"final","MeetingOrderText":"Sechzehnte Sitzung","SortOrder":16,"Location":"N"},"SubjectsBusiness":{"results":[{"__metadata":{"id":"https://ws.parlament.ch/OData.svc/SubjectBusiness(BusinessNumber=20070083,IdSubject=13540L,Language='DE')","uri":"https://ws.parlament.ch/OData.svc/SubjectBusiness(BusinessNumber=20070083,IdSubject=13540L,Language='DE')","type":"itsystems.Pd.DataServices.DataModel.SubjectBusiness"},"Subjects":{"__deferred":{"uri":"https://ws.parlament.ch/OData.svc/SubjectBusiness(BusinessNumber=20070083,IdSubject=13540L,Language='DE')/Subjects"}},"Businesses":{"__deferred":{"uri":"https://ws.parlament.ch/OData.svc/SubjectBusiness(BusinessNumber=20070083,IdSubject=13540L,Language='DE')/Businesses"}},"IdSubject":"13540","BusinessNumber":20070083,"Language":"DE","BusinessShortNumber":"07.083","Title":"Schengener Grenzkodex. \u00c4nderungen im Ausl\u00e4nder- und Asylrecht","SortOrder":1,"PublishedNotes":"Schlussabstimmung - Vote final\n","Modified":"\/Date(1447069329463)\/","TitleDE":"Schengener Grenzkodex.\n\u00c4nderungen\nim Ausl\u00e4nder- und Asylrecht","TitleFR":"Code fronti\u00e8res Schengen.\nModifications du droit\nsur les \u00e9trangers et sur l'asile","TitleIT":null}]},"Transcripts":{"results":[{"__metadata":{"id":"https://ws.parlament.ch/OData.svc/Transcript(ID=85873L,Language='DE')","uri":"https://ws.parlament.ch/OData.svc/Transcript(ID=85873L,Language='DE')","type":"itsystems.Pd.DataServices.DataModel.Transcript"},"Subjects":{"__deferred":{"uri":"https://ws.parlament.ch/OData.svc/Transcript(ID=85873L,Language='DE')/Subjects"}},"MembersCouncil":{"__deferred":{"uri":"https://ws.parlament.ch/OData.svc/Transcript(ID=85873L,Language='DE')/MembersCouncil"}},"Businesses":{"__deferred":{"uri":"https://ws.parlament.ch/OData.svc/Transcript(ID=85873L,Language='DE')/Businesses"}},"ID":"85873","Language":"DE","IdSubject":"13540","VoteId":"911","PersonNumber":null,"Type":2,"Text":"<pd_text><p><b>2. Bundesgesetz \u00fcber die Ausl\u00e4nderinnen und Ausl\u00e4nder (Erg\u00e4nzungen im Rahmen der Umsetzung der Schengen- und Dublin-Assoziierungsabkommen) </b></p>\n<p><b>2. Loi f\u00e9d\u00e9rale sur les \u00e9trangers (Compl\u00e9ments apport\u00e9s dans le cadre de la mise en oeuvre des accords d'association \u00e0 Schengen et \u00e0 Dublin) </b></p>\n<p>[VS]</p>\n<p><i>Abstimmung - Vote</i></p>\n<p>[NAM]</p>\n<p>F\u00fcr Annahme des Entwurfes ... 161 Stimmen</p>\n<p>Dagegen ... 16 Stimmen</p>\n<p>[PAGE 1027] </p>\n</pd_text>","MeetingCouncilAbbreviation":"N","MeetingDate":"20080613","MeetingVerbalixOid":1686,"IdSession":"4804","SpeakerFirstName":null,"SpeakerLastName":null,"SpeakerFullName":"","SpeakerFunction":null,"CouncilId":null,"CouncilName":null,"CantonId":null,"CantonName":null,"CantonAbbreviation":null,"ParlGroupName":null,"ParlGroupAbbreviation":null,"SortOrder":2,"Start":null,"End":null,"Function":null,"DisplaySpeaker":null,"LanguageOfText":"DE","Modified":"\/Date(1774877884477)\/","StartTimeWithTimezone":null,"EndTimeWithTimezone":null,"VoteBusinessNumber":20070083,"VoteBusinessShortNumber":"07.083","VoteBusinessTitle":"Schengener Grenzkodex.\n\u00c4nderungen\nim Ausl\u00e4nder- und Asylrecht"},{"__metadata":{"id":"https://ws.parlament.ch/OData.svc/Transcript(ID=85874L,Language='DE')","uri":"https://ws.parlament.ch/OData.svc/Transcript(ID=85874L,Language='DE')","type":"itsystems.Pd.DataServices.DataModel.Transcript"},"Subjects":{"__deferred":{"uri":"https://ws.parlament.ch/OData.svc/Transcript(ID=85874L,Language='DE')/Subjects"}},"MembersCouncil":{"__deferred":{"uri":"https://ws.parlament.ch/OData.svc/Transcript(ID=85874L,Language='DE')/MembersCouncil"}},"Businesses":{"__deferred":{"uri":"https://ws.parlament.ch/OData.svc/Transcript(ID=85874L,Language='DE')/Businesses"}},"ID":"85874","Language":"DE","IdSubject":"13540","VoteId":"910","PersonNumber":null,"Type":2,"Text":"<pd_text><p><b>1. Bundesbeschluss \u00fcber die Genehmigung und die Umsetzung des Notenaustausches zwischen der Schweiz und der Europ\u00e4ischen Union betreffend die \u00dcbernahme des Schengener Grenzkodex (Weiterentwicklung des Schengen-Besitzstands) </b></p>\n<p><b>1. Arr\u00eat\u00e9 f\u00e9d\u00e9ral portant approbation et mise en oeuvre de l'\u00e9change de notes entre la Suisse et l'Union europ\u00e9enne concernant la reprise du code fronti\u00e8res Schengen (D\u00e9veloppement de l'acquis de Schengen) </b></p>\n<p>[VS]</p>\n<p><i>Abstimmung - Vote</i></p>\n<p>[NAM]</p>\n<p>F\u00fcr Annahme des Entwurfes ... 148 Stimmen</p>\n<p>Dagegen ... 22 Stimmen</p>\n<p>[VS]</p>\n</pd_text>","MeetingCouncilAbbreviation":"N","MeetingDate":"20080613","MeetingVerbalixOid":1686,"IdSession":"4804","SpeakerFirstName":null,"SpeakerLastName":null,"SpeakerFullName":"","SpeakerFunction":null,"CouncilId":null,"CouncilName":null,"CantonId":null,"CantonName":null,"CantonAbbreviation":null,"ParlGroupName":null,"ParlGroupAbbreviation":null,"SortOrder":1,"Start":null,"End":null,"Function":null,"DisplaySpeaker":null,"LanguageOfText":"DE","Modified":"\/Date(1774877884472)\/","StartTimeWithTimezone":null,"EndTimeWithTimezone":null,"VoteBusinessNumber":20070083,"VoteBusinessShortNumber":"07.083","VoteBusinessTitle":"Schengener Grenzkodex.\n\u00c4nderungen\nim Ausl\u00e4nder- und Asylrecht"}]},"ID":"13540","Language":"DE","IdMeeting":"991","VerbalixOid":273476,"SortOrder":129,"Modified":"\/Date(1774877884469)\/"}}