{"d":{"__metadata":{"id":"https://ws.parlament.ch/OData.svc/Subject(ID=13579L,Language='DE')","uri":"https://ws.parlament.ch/OData.svc/Subject(ID=13579L,Language='DE')","type":"itsystems.Pd.DataServices.DataModel.Subject"},"Meetings":{"__metadata":{"id":"https://ws.parlament.ch/OData.svc/Meeting(ID=991L,Language='DE')","uri":"https://ws.parlament.ch/OData.svc/Meeting(ID=991L,Language='DE')","type":"itsystems.Pd.DataServices.DataModel.Meeting"},"Sessions":{"__deferred":{"uri":"https://ws.parlament.ch/OData.svc/Meeting(ID=991L,Language='DE')/Sessions"}},"Subjects":{"__deferred":{"uri":"https://ws.parlament.ch/OData.svc/Meeting(ID=991L,Language='DE')/Subjects"}},"ID":"991","Language":"DE","MeetingNumber":16,"IdSession":4804,"SessionNumber":4,"SessionName":"Sommersession 2008","Council":1,"CouncilName":"Nationalrat","CouncilAbbreviation":"NR","Date":"\/Date(1213315200000)\/","Begin":"0800","Modified":"\/Date(1447070054263)\/","LegislativePeriodNumber":48,"PublicationStatus":"final","MeetingOrderText":"Sechzehnte Sitzung","SortOrder":16,"Location":"N"},"SubjectsBusiness":{"results":[{"__metadata":{"id":"https://ws.parlament.ch/OData.svc/SubjectBusiness(BusinessNumber=20080029,IdSubject=13579L,Language='DE')","uri":"https://ws.parlament.ch/OData.svc/SubjectBusiness(BusinessNumber=20080029,IdSubject=13579L,Language='DE')","type":"itsystems.Pd.DataServices.DataModel.SubjectBusiness"},"Subjects":{"__deferred":{"uri":"https://ws.parlament.ch/OData.svc/SubjectBusiness(BusinessNumber=20080029,IdSubject=13579L,Language='DE')/Subjects"}},"Businesses":{"__deferred":{"uri":"https://ws.parlament.ch/OData.svc/SubjectBusiness(BusinessNumber=20080029,IdSubject=13579L,Language='DE')/Businesses"}},"IdSubject":"13579","BusinessNumber":20080029,"Language":"DE","BusinessShortNumber":"08.029","Title":"Freiz\u00fcgigkeitsabkommen. Weiterf\u00fchrung sowie Ausdehnung auf Bulgarien und Rum\u00e4nien","SortOrder":1,"PublishedNotes":"Schlussabstimmung - Vote final\n","Modified":"\/Date(1447069361170)\/","TitleDE":"Freiz\u00fcgigkeitsabkommen.\nWeiterf\u00fchrung sowie Ausdehnung\nauf Bulgarien und Rum\u00e4nien","TitleFR":"Accord sur la libre circulation.\nReconduction et extension\n\u00e0 la Bulgarie et \u00e0 la Roumanie","TitleIT":null}]},"Transcripts":{"results":[{"__metadata":{"id":"https://ws.parlament.ch/OData.svc/Transcript(ID=85913L,Language='DE')","uri":"https://ws.parlament.ch/OData.svc/Transcript(ID=85913L,Language='DE')","type":"itsystems.Pd.DataServices.DataModel.Transcript"},"Subjects":{"__deferred":{"uri":"https://ws.parlament.ch/OData.svc/Transcript(ID=85913L,Language='DE')/Subjects"}},"MembersCouncil":{"__deferred":{"uri":"https://ws.parlament.ch/OData.svc/Transcript(ID=85913L,Language='DE')/MembersCouncil"}},"Businesses":{"__deferred":{"uri":"https://ws.parlament.ch/OData.svc/Transcript(ID=85913L,Language='DE')/Businesses"}},"ID":"85913","Language":"DE","IdSubject":"13579","VoteId":"919","PersonNumber":null,"Type":2,"Text":"<pd_text><p><b>Bundesbeschluss \u00fcber die Genehmigung der Weiterf\u00fchrung des Freiz\u00fcgigkeitsabkommens zwischen der Schweiz und der Europ\u00e4ischen Gemeinschaft und ihren Mitgliedstaaten sowie \u00fcber die Genehmigung und die Umsetzung des Protokolls \u00fcber die Ausdehnung des Freiz\u00fcgigkeitsabkommens auf Bulgarien und Rum\u00e4nien </b></p>\n<p><b>Arr\u00eat\u00e9 f\u00e9d\u00e9ral portant approbation de la reconduction de l'accord entre la Suisse et la Communaut\u00e9 europ\u00e9enne et ses Etats membres sur la libre circulation des personnes, ainsi qu'approbation et mise en oeuvre du protocole visant \u00e0 \u00e9tendre l'accord sur la libre circulation \u00e0 la Bulgarie et \u00e0 la Roumanie </b></p>\n<p>[VS]</p>\n<p><i>Abstimmung - Vote</i></p>\n<p>[NAM]</p>\n<p>F\u00fcr Annahme des Entwurfes ... 143 Stimmen</p>\n<p>Dagegen ... 40 Stimmen</p>\n</pd_text>","MeetingCouncilAbbreviation":"N","MeetingDate":"20080613","MeetingVerbalixOid":1686,"IdSession":"4804","SpeakerFirstName":null,"SpeakerLastName":null,"SpeakerFullName":"","SpeakerFunction":null,"CouncilId":null,"CouncilName":null,"CantonId":null,"CantonName":null,"CantonAbbreviation":null,"ParlGroupName":null,"ParlGroupAbbreviation":null,"SortOrder":9,"Start":"\/Date(1213355837723)\/","End":"\/Date(1213355934504)\/","Function":null,"DisplaySpeaker":null,"LanguageOfText":"DE","Modified":"\/Date(1774877884533)\/","StartTimeWithTimezone":"\/Date(1213355837723+0120)\/","EndTimeWithTimezone":"\/Date(1213355934503+0120)\/","VoteBusinessNumber":20080029,"VoteBusinessShortNumber":"08.029","VoteBusinessTitle":"Freiz\u00fcgigkeitsabkommen.\nWeiterf\u00fchrung sowie Ausdehnung\nauf Bulgarien und Rum\u00e4nien"},{"__metadata":{"id":"https://ws.parlament.ch/OData.svc/Transcript(ID=85914L,Language='DE')","uri":"https://ws.parlament.ch/OData.svc/Transcript(ID=85914L,Language='DE')","type":"itsystems.Pd.DataServices.DataModel.Transcript"},"Subjects":{"__deferred":{"uri":"https://ws.parlament.ch/OData.svc/Transcript(ID=85914L,Language='DE')/Subjects"}},"MembersCouncil":{"__deferred":{"uri":"https://ws.parlament.ch/OData.svc/Transcript(ID=85914L,Language='DE')/MembersCouncil"}},"Businesses":{"__deferred":{"uri":"https://ws.parlament.ch/OData.svc/Transcript(ID=85914L,Language='DE')/Businesses"}},"ID":"85914","Language":"DE","IdSubject":"13579","VoteId":null,"PersonNumber":1112,"Type":1,"Text":"<pd_text><p>Ich habe mich f\u00fcr zwei Vorlagen engagiert. Wir haben drei Wochen lang dar\u00fcber diskutiert. Wir haben demokratisch, in mehreren Schritten, entschieden. Es geht jetzt darum, dass wir diesen Entscheid, den das Parlament demokratisch gef\u00e4llt hat, beim Volk auch wirklich durchbringen. Ich m\u00f6chte alle aufrufen, egal in welcher Partei sie sind, diesen Entscheid zu akzeptieren, vor das Volk zu treten und ihn zu vertreten, damit wir diese beiden Bundesbeschl\u00fcsse erfolgreich durchbringen. Wir alle hier wissen, was auf dem Spiel steht, wenn das nicht geschieht.</p>\n<p>Ich bitte Sie also sehr, die Grabenk\u00e4mpfe, die jetzt drei Wochen gedauert haben, zu beenden und gemeinsam f\u00fcr diese Vorlage einzustehen. </p>\n<p>[VS]</p>\n</pd_text>","MeetingCouncilAbbreviation":"N","MeetingDate":"20080613","MeetingVerbalixOid":1686,"IdSession":"4804","SpeakerFirstName":"Geri","SpeakerLastName":"M\u00fcller","SpeakerFullName":"M\u00fcller Geri","SpeakerFunction":"Mit-M","CouncilId":1,"CouncilName":"Nationalrat","CantonId":19,"CantonName":"Aargau","CantonAbbreviation":"AG","ParlGroupName":"Gr\u00fcne Fraktion","ParlGroupAbbreviation":"G","SortOrder":8,"Start":"\/Date(1213355780566)\/","End":"\/Date(1213355837723)\/","Function":"Mit-M","DisplaySpeaker":true,"LanguageOfText":"DE","Modified":"\/Date(1774877884528)\/","StartTimeWithTimezone":"\/Date(1213355780567+0120)\/","EndTimeWithTimezone":"\/Date(1213355837723+0120)\/","VoteBusinessNumber":null,"VoteBusinessShortNumber":null,"VoteBusinessTitle":null},{"__metadata":{"id":"https://ws.parlament.ch/OData.svc/Transcript(ID=85915L,Language='DE')","uri":"https://ws.parlament.ch/OData.svc/Transcript(ID=85915L,Language='DE')","type":"itsystems.Pd.DataServices.DataModel.Transcript"},"Subjects":{"__deferred":{"uri":"https://ws.parlament.ch/OData.svc/Transcript(ID=85915L,Language='DE')/Subjects"}},"MembersCouncil":{"__deferred":{"uri":"https://ws.parlament.ch/OData.svc/Transcript(ID=85915L,Language='DE')/MembersCouncil"}},"Businesses":{"__deferred":{"uri":"https://ws.parlament.ch/OData.svc/Transcript(ID=85915L,Language='DE')/Businesses"}},"ID":"85915","Language":"DE","IdSubject":"13579","VoteId":null,"PersonNumber":1158,"Type":1,"Text":"<pd_text><p>Nach einer ausf\u00fchrlichen Diskussion hat dieser Rat einen Entscheid gef\u00e4llt. Aus der Sicht der Gr\u00fcnen ist es ein guter Entscheid. Es ist ein Entscheid, der mit einem starken Zeichen f\u00fcr die flankierenden Massnahmen verbunden wurde, einem Zeichen, das durch die vorherige Intervention noch gest\u00e4rkt wurde. Es geht hier um Wirtschaftspolitisches, es geht aber nicht nur um Wirtschaftspolitisches. Personenfreiz\u00fcgigkeit heisst auch, dass sich Menschen, deren V\u00f6lker vor Jahrzehnten zum Teil noch Krieg gegeneinander gef\u00fchrt haben, n\u00e4herkommen; seien wir uns auch dessen bewusst! Alle konstruktiven Kr\u00e4fte dieses Landes finden sich jetzt zusammen und werden diese Volksabstimmung, sofern es sie gibt, gewinnen.</p>\n</pd_text>","MeetingCouncilAbbreviation":"N","MeetingDate":"20080613","MeetingVerbalixOid":1686,"IdSession":"4804","SpeakerFirstName":"Josef","SpeakerLastName":"Lang","SpeakerFullName":"Lang Josef","SpeakerFunction":"Mit-M","CouncilId":1,"CouncilName":"Nationalrat","CantonId":9,"CantonName":"Zug","CantonAbbreviation":"ZG","ParlGroupName":"Gr\u00fcne Fraktion","ParlGroupAbbreviation":"G","SortOrder":7,"Start":"\/Date(1213355716301)\/","End":"\/Date(1213356032895)\/","Function":"Mit-M","DisplaySpeaker":true,"LanguageOfText":"DE","Modified":"\/Date(1774877884525)\/","StartTimeWithTimezone":"\/Date(1213355716300+0120)\/","EndTimeWithTimezone":"\/Date(1213356032897+0120)\/","VoteBusinessNumber":null,"VoteBusinessShortNumber":null,"VoteBusinessTitle":null},{"__metadata":{"id":"https://ws.parlament.ch/OData.svc/Transcript(ID=85916L,Language='DE')","uri":"https://ws.parlament.ch/OData.svc/Transcript(ID=85916L,Language='DE')","type":"itsystems.Pd.DataServices.DataModel.Transcript"},"Subjects":{"__deferred":{"uri":"https://ws.parlament.ch/OData.svc/Transcript(ID=85916L,Language='DE')/Subjects"}},"MembersCouncil":{"__deferred":{"uri":"https://ws.parlament.ch/OData.svc/Transcript(ID=85916L,Language='DE')/MembersCouncil"}},"Businesses":{"__deferred":{"uri":"https://ws.parlament.ch/OData.svc/Transcript(ID=85916L,Language='DE')/Businesses"}},"ID":"85916","Language":"DE","IdSubject":"13579","VoteId":null,"PersonNumber":100,"Type":1,"Text":"<pd_text><p>Ich m\u00f6chte zu diesem Gesch\u00e4ft Folgendes festhalten: Unsere Beh\u00f6rden sind gut beraten, wenn sie der Europ\u00e4ischen Union den heutigen Beschluss des Parlamentes oder gegebenenfalls das Ergebnis einer Volksabstimmung \u00fcbermitteln, deutlich festzuhalten, dass wir eine Aush\u00f6hlung unserer flankierenden Massnahmen durch Organe der EU nicht dulden werden.</p>\n</pd_text>","MeetingCouncilAbbreviation":"N","MeetingDate":"20080613","MeetingVerbalixOid":1686,"IdSession":"4804","SpeakerFirstName":"Hans Rudolf","SpeakerLastName":"Gysin","SpeakerFullName":"Gysin Hans Rudolf","SpeakerFunction":"Mit-M","CouncilId":1,"CouncilName":"Nationalrat","CantonId":13,"CantonName":"Basel-Landschaft","CantonAbbreviation":"BL","ParlGroupName":"Freisinnig-demokratische Fraktion","ParlGroupAbbreviation":"RL","SortOrder":6,"Start":"\/Date(1213355661176)\/","End":"\/Date(1213355716301)\/","Function":"Mit-M","DisplaySpeaker":true,"LanguageOfText":"DE","Modified":"\/Date(1774877884522)\/","StartTimeWithTimezone":"\/Date(1213355661177+0120)\/","EndTimeWithTimezone":"\/Date(1213355716300+0120)\/","VoteBusinessNumber":null,"VoteBusinessShortNumber":null,"VoteBusinessTitle":null},{"__metadata":{"id":"https://ws.parlament.ch/OData.svc/Transcript(ID=85917L,Language='DE')","uri":"https://ws.parlament.ch/OData.svc/Transcript(ID=85917L,Language='DE')","type":"itsystems.Pd.DataServices.DataModel.Transcript"},"Subjects":{"__deferred":{"uri":"https://ws.parlament.ch/OData.svc/Transcript(ID=85917L,Language='DE')/Subjects"}},"MembersCouncil":{"__deferred":{"uri":"https://ws.parlament.ch/OData.svc/Transcript(ID=85917L,Language='DE')/MembersCouncil"}},"Businesses":{"__deferred":{"uri":"https://ws.parlament.ch/OData.svc/Transcript(ID=85917L,Language='DE')/Businesses"}},"ID":"85917","Language":"DE","IdSubject":"13579","VoteId":null,"PersonNumber":404,"Type":1,"Text":"<pd_text><p>Die SVP-Fraktion hat von Anfang an die Trennung der beiden Vorlagen zur Fortf\u00fchrung der Personenfreiz\u00fcgigkeit und zur Ausdehnung auf Rum\u00e4nien und Bulgarien verlangt, damit die Bev\u00f6lkerung frei entscheiden und auf diese beiden Fragen frei auch zwei unterschiedliche Antworten geben kann. Wir haben uns von Anfang an auch f\u00fcr die Fortsetzung der Personenfreiz\u00fcgigkeit mit den bisherigen 25 EU-Staaten ausgesprochen. </p>\n<p>Sie, meine Damen und Herren von der CVP und der SP, haben ein taktisches Spiel getrieben und die beiden Vorlagen zu einer Mogelpackung zusammengeschn\u00fcrt. Damit haben Sie das Volk ausgetrickst. Das ist v\u00f6llig undemokratisch und rechtsstaatlich h\u00f6chst bedenklich. Sie haben damit klar die in Artikel 34 Absatz 2 der Bundesverfassung verankerte Garantie der unverf\u00e4lschten Stimmabgabe verletzt. Sie verhalten sich bereits heute so, wie wenn Sie in der EU w\u00e4ren, und hebeln mit dieser Mogelpackung das Volk aus, dies aus lauter Angst, das Volk k\u00f6nnte denken und differenziert entscheiden. Zudem haben Sie das Volk betrogen. Ihre Bundesr\u00e4te, Herr Deiss und Frau Calmy-Rey, haben immer wieder versprochen, dass das Volk \u00fcber jede Ausdehnung wieder separat entscheiden k\u00f6nne, und das geht mit dieser Mogelpackung nicht mehr. </p>\n<p>Solche Wortbr\u00fcche gegen\u00fcber unserer Bev\u00f6lkerung und solche taktischen Spiele k\u00f6nnen wir von der SVP nicht unterst\u00fctzen.</p>\n</pd_text>","MeetingCouncilAbbreviation":"N","MeetingDate":"20080613","MeetingVerbalixOid":1686,"IdSession":"4804","SpeakerFirstName":"Caspar","SpeakerLastName":"Baader","SpeakerFullName":"Baader Caspar","SpeakerFunction":"Mit-M","CouncilId":1,"CouncilName":"Nationalrat","CantonId":13,"CantonName":"Basel-Landschaft","CantonAbbreviation":"BL","ParlGroupName":"Fraktion der Schweizerischen Volkspartei","ParlGroupAbbreviation":"V","SortOrder":5,"Start":"\/Date(1213355522207)\/","End":"\/Date(1213355661176)\/","Function":"Mit-M","DisplaySpeaker":true,"LanguageOfText":"DE","Modified":"\/Date(1774877884520)\/","StartTimeWithTimezone":"\/Date(1213355522207+0120)\/","EndTimeWithTimezone":"\/Date(1213355661177+0120)\/","VoteBusinessNumber":null,"VoteBusinessShortNumber":null,"VoteBusinessTitle":null},{"__metadata":{"id":"https://ws.parlament.ch/OData.svc/Transcript(ID=85918L,Language='DE')","uri":"https://ws.parlament.ch/OData.svc/Transcript(ID=85918L,Language='DE')","type":"itsystems.Pd.DataServices.DataModel.Transcript"},"Subjects":{"__deferred":{"uri":"https://ws.parlament.ch/OData.svc/Transcript(ID=85918L,Language='DE')/Subjects"}},"MembersCouncil":{"__deferred":{"uri":"https://ws.parlament.ch/OData.svc/Transcript(ID=85918L,Language='DE')/MembersCouncil"}},"Businesses":{"__deferred":{"uri":"https://ws.parlament.ch/OData.svc/Transcript(ID=85918L,Language='DE')/Businesses"}},"ID":"85918","Language":"DE","IdSubject":"13579","VoteId":null,"PersonNumber":465,"Type":1,"Text":"<pd_text><p>Die Weiterf\u00fchrung und Erweiterung der Personenfreiz\u00fcgigkeit ist nach Ansicht der SP-Fraktion das zentrale Gesch\u00e4ft dieser Legislatur, und wir werden ihm mit \u00dcberzeugung zustimmen. Die sanfte \u00d6ffnung der Schweiz, die Personenfreiz\u00fcgigkeit mit griffigen flankierenden Massnahmen und die bilateralen Vertr\u00e4ge als Ganzes sind eine Erfolgsgeschichte f\u00fcr uns und f\u00fcr dieses Land. Vergessen Sie nie: Jeder dritte Franken in diesem Land wird im Handel mit der EU verdient, und gerade die neuen M\u00e4rkte im Osten Europas und insbesondere in Rum\u00e4nien und Bulgarien bieten Chancen. Diese Chancen wollen wir wahrnehmen, statt \u00c4ngste zu sch\u00fcren. Deshalb sagen wir mit \u00dcberzeugung Ja. Vergessen Sie nie, dass 400 000 Schweizerinnen und Schweizer in der EU arbeiten. Sie brauchen die Personenfreiz\u00fcgigkeit, sie brauchen die bilateralen Vertr\u00e4ge. Und vergessen Sie nie, dass unsere Wirtschaft qualifizierte [PAGE 1030] Arbeitskr\u00e4fte braucht. Auch hier braucht es die Personenfreiz\u00fcgigkeit und die bilateralen Vertr\u00e4ge. </p>\n<p>All dies wollen einige in diesem Rat aus parteipolitischem Kalk\u00fcl zerst\u00f6ren. Sie haben keine guten Argumente, sie werden \u00c4ngste sch\u00fcren, und wir werden gegen diese \u00c4ngste antreten. Die SP Schweiz wird sich zusammen mit den Gewerkschaften f\u00fcr diese Vorlage engagieren, zum Wohle unseres Landes und zum Wohle seiner Menschen. Wir haben keine Angst vor dieser Volksabstimmung, wir gehen davon aus, dass es erneut ein klares Zeichen f\u00fcr eine sanfte \u00d6ffnung der Schweiz gibt und gleichzeitig ein Zeichen gegen den kleinkr\u00e4merischen Isolationismus.</p>\n</pd_text>","MeetingCouncilAbbreviation":"N","MeetingDate":"20080613","MeetingVerbalixOid":1686,"IdSession":"4804","SpeakerFirstName":"Mario","SpeakerLastName":"Fehr","SpeakerFullName":"Fehr Mario","SpeakerFunction":"Mit-M","CouncilId":1,"CouncilName":"Nationalrat","CantonId":1,"CantonName":"Z\u00fcrich","CantonAbbreviation":"ZH","ParlGroupName":"Sozialdemokratische Fraktion","ParlGroupAbbreviation":"S","SortOrder":4,"Start":"\/Date(1213355389863)\/","End":"\/Date(1213355522207)\/","Function":"Mit-M","DisplaySpeaker":true,"LanguageOfText":"DE","Modified":"\/Date(1774877884517)\/","StartTimeWithTimezone":"\/Date(1213355389863+0120)\/","EndTimeWithTimezone":"\/Date(1213355522207+0120)\/","VoteBusinessNumber":null,"VoteBusinessShortNumber":null,"VoteBusinessTitle":null},{"__metadata":{"id":"https://ws.parlament.ch/OData.svc/Transcript(ID=85919L,Language='DE')","uri":"https://ws.parlament.ch/OData.svc/Transcript(ID=85919L,Language='DE')","type":"itsystems.Pd.DataServices.DataModel.Transcript"},"Subjects":{"__deferred":{"uri":"https://ws.parlament.ch/OData.svc/Transcript(ID=85919L,Language='DE')/Subjects"}},"MembersCouncil":{"__deferred":{"uri":"https://ws.parlament.ch/OData.svc/Transcript(ID=85919L,Language='DE')/MembersCouncil"}},"Businesses":{"__deferred":{"uri":"https://ws.parlament.ch/OData.svc/Transcript(ID=85919L,Language='DE')/Businesses"}},"ID":"85919","Language":"DE","IdSubject":"13579","VoteId":null,"PersonNumber":345,"Type":1,"Text":"<pd_text><p>Heute f\u00e4llt das Parlament drei Entscheide:</p>\n<p>1. Es wird f\u00fcr die Weiterf\u00fchrung der bilateralen Vertr\u00e4ge und deren Ausweitung auf Rum\u00e4nien und Bulgarien stimmen. Beides, Weiterf\u00fchrung und Ausweitung, wird von uns Freisinnig-Liberalen voll, ohne Wenn und Aber unterst\u00fctzt.</p>\n<p>2. Das Parlament will mit einer Paketl\u00f6sung ein neues Kapitel in der Saga der Bilateralen aufschlagen. Auf diesem Weg steht seit f\u00fcnfzehn Jahren die Parteipolitik \u00fcber der Sachpolitik. Auf diesem Weg haben wir auch in den vergangenen Wochen nicht \u00fcber die Sache, die Bilateralen, sondern \u00fcber Taktik und Schlaumeierei gesprochen. Aber Achtung: Das ist eine Sprache, die das Volk nicht versteht. Damit haben wir drei Wochen verloren. In diesen drei Wochen h\u00e4tten wir \u00fcber Bedeutung und Chancen sprechen k\u00f6nnen. Wir h\u00e4tten von Vorteilen \u00fcberzeugen und Vorurteile abbauen k\u00f6nnen.</p>\n<p>Parteipolitik ist f\u00fcr viele in diesem Saal wichtiger als Sachpolitik. Von euch, der Totalopposition, sind wir das gewohnt; erneut wird euer Gespann aus Auns und SVP das Referendum gegen die Bilateralen ergreifen. Ihr hofft, das Referendum mit einem m\u00f6glichst hohen Stimmenanteil zu verlieren - ja, zu verlieren, denn euer Ziel ist die Profilierung bei euren W\u00e4hlern, das Ziel ist nicht, die Abstimmung zu gewinnen. \u00c4hnliches gilt f\u00fcr die CVP/SP-Koalition: Aus Angst vor dem Volk verbiegen beide unser anl\u00e4sslich der ersten Bilateralen gegebenes Versprechen, bei jeder Anpassung abstimmen zu lassen. Doch Angst ist ein schlechter Ratgeber. Die FDP aber hat keine Angst, weder vor dem Volk noch vor Populisten. Vor f\u00fcnf Monaten hat unsere Delegiertenversammlung, unser Parteivolk, als erste die Position zu den Bilateralen festgelegt. Bei der Paketl\u00f6sung haben wir inzwischen verloren; das ist eine wichtige, aber nur taktische Frage.</p>\n<p>3. Viel wichtiger ist der dritte heute gef\u00e4llte Entscheid: Die Bilateralen werden dem Volk ohne zus\u00e4tzliche flankierende Massnahmen vorgelegt. Das war dank unserer klaren, schnellen und liberalen Position m\u00f6glich. Noch im Januar 2008 warnten uns Gewerkschaften und Linke, dass ohne neue flankierende Massnahmen ihre Unterst\u00fctzung gef\u00e4hrdet sei. Heute sind solche Beschr\u00e4nkungen kein Thema mehr.</p>\n<p>So wird die FDP auch k\u00fcnftig arbeiten: mit voller Kraft f\u00fcr den bilateralen Weg, der die Schweiz st\u00e4rkt und Arbeitspl\u00e4tze schafft.</p>\n</pd_text>","MeetingCouncilAbbreviation":"N","MeetingDate":"20080613","MeetingVerbalixOid":1686,"IdSession":"4804","SpeakerFirstName":"Fulvio","SpeakerLastName":"Pelli","SpeakerFullName":"Pelli Fulvio","SpeakerFunction":"Mit-M","CouncilId":1,"CouncilName":"Nationalrat","CantonId":27,"CantonName":"Tessin","CantonAbbreviation":"TI","ParlGroupName":"Freisinnig-demokratische Fraktion","ParlGroupAbbreviation":"RL","SortOrder":3,"Start":"\/Date(1213355193082)\/","End":"\/Date(1213355389863)\/","Function":"Mit-M","DisplaySpeaker":true,"LanguageOfText":"DE","Modified":"\/Date(1774877884514)\/","StartTimeWithTimezone":"\/Date(1213355193083+0120)\/","EndTimeWithTimezone":"\/Date(1213355389863+0120)\/","VoteBusinessNumber":null,"VoteBusinessShortNumber":null,"VoteBusinessTitle":null},{"__metadata":{"id":"https://ws.parlament.ch/OData.svc/Transcript(ID=85920L,Language='DE')","uri":"https://ws.parlament.ch/OData.svc/Transcript(ID=85920L,Language='DE')","type":"itsystems.Pd.DataServices.DataModel.Transcript"},"Subjects":{"__deferred":{"uri":"https://ws.parlament.ch/OData.svc/Transcript(ID=85920L,Language='DE')/Subjects"}},"MembersCouncil":{"__deferred":{"uri":"https://ws.parlament.ch/OData.svc/Transcript(ID=85920L,Language='DE')/MembersCouncil"}},"Businesses":{"__deferred":{"uri":"https://ws.parlament.ch/OData.svc/Transcript(ID=85920L,Language='DE')/Businesses"}},"ID":"85920","Language":"DE","IdSubject":"13579","VoteId":null,"PersonNumber":1106,"Type":1,"Text":"<pd_text><p>Nach intensiven Diskussionen hat unser Rat gestern dem Antrag der Einigungskonferenz klar zugestimmt. Eine oder zwei Vorlagen - f\u00fcr beide Positionen gab es gute Gr\u00fcnde und gute Argumente. Nun gilt es aber die Reihen zu schliessen und gemeinsam f\u00fcr diese \u00e4usserst wichtige und zentrale Vorlage der bilateralen Vertr\u00e4ge einzustehen. Es ist unerl\u00e4sslich, dass wir uns f\u00fcr diese wichtige wirtschaftspolitische Vorlage einsetzen. Die bilateralen Vertr\u00e4ge haben der Schweiz in den letzten Jahren Wirtschaftswachstum und Wohlstand beschert und die Schaffung von Arbeitspl\u00e4tzen erm\u00f6glicht.</p>\n<p>Das Abkommen \u00fcber die Personenfreiz\u00fcgigkeit ist ein zentrales Element unserer bilateralen Vertr\u00e4ge mit der EU, von dem alle anderen Vertr\u00e4ge abh\u00e4ngen. Unsere Volkswirtschaft ist auf die Freiz\u00fcgigkeit der Arbeitskr\u00e4fte mit den EU-Staaten angewiesen. Damit die Attraktivit\u00e4t des Wirtschaftsstandorts Schweiz erhalten bleibt, brauchen wir Spezialisten, kluge K\u00f6pfe und Arbeitskr\u00e4fte, welche der Nachfrage unserer Unternehmen entsprechen. Gest\u00e4rkt durch die bisherigen Erfahrungen und Erfolge muss die Schweiz den bilateralen Weg mit der EU festigen und weiterf\u00fchren.</p>\n<p>Die CVP/EVP/glp-Fraktion stellt sich mit ganzer Kraft hinter dieses Abkommen und bittet Sie ebenfalls um Zustimmung.</p>\n</pd_text>","MeetingCouncilAbbreviation":"N","MeetingDate":"20080613","MeetingVerbalixOid":1686,"IdSession":"4804","SpeakerFirstName":"Brigitte","SpeakerLastName":"H\u00e4berli-Koller","SpeakerFullName":"H\u00e4berli-Koller Brigitte","SpeakerFunction":"Mit-F","CouncilId":1,"CouncilName":"Nationalrat","CantonId":20,"CantonName":"Thurgau","CantonAbbreviation":"TG","ParlGroupName":"Fraktion CVP/EVP/glp","ParlGroupAbbreviation":"M-E","SortOrder":2,"Start":"\/Date(1213355058207)\/","End":"\/Date(1213355193082)\/","Function":"Mit-F","DisplaySpeaker":true,"LanguageOfText":"DE","Modified":"\/Date(1774877884511)\/","StartTimeWithTimezone":"\/Date(1213355058207+0120)\/","EndTimeWithTimezone":"\/Date(1213355193083+0120)\/","VoteBusinessNumber":null,"VoteBusinessShortNumber":null,"VoteBusinessTitle":null},{"__metadata":{"id":"https://ws.parlament.ch/OData.svc/Transcript(ID=85921L,Language='DE')","uri":"https://ws.parlament.ch/OData.svc/Transcript(ID=85921L,Language='DE')","type":"itsystems.Pd.DataServices.DataModel.Transcript"},"Subjects":{"__deferred":{"uri":"https://ws.parlament.ch/OData.svc/Transcript(ID=85921L,Language='DE')/Subjects"}},"MembersCouncil":{"__deferred":{"uri":"https://ws.parlament.ch/OData.svc/Transcript(ID=85921L,Language='DE')/MembersCouncil"}},"Businesses":{"__deferred":{"uri":"https://ws.parlament.ch/OData.svc/Transcript(ID=85921L,Language='DE')/Businesses"}},"ID":"85921","Language":"DE","IdSubject":"13579","VoteId":null,"PersonNumber":305,"Type":1,"Text":"<pd_text><p>Conform\u00e9ment \u00e0 l'article 3 alin\u00e9a 3 de l'ordonnance de l'Assembl\u00e9e f\u00e9d\u00e9rale sur la Commission de r\u00e9daction, un membre de la commission commente les modifications importantes devant chaque conseil avant le vote final, ce que je fais aujourd'hui en tant que pr\u00e9sident.</p>\n<p>Plusieurs dispositions dans les diff\u00e9rentes lois modifi\u00e9es comprenaient une partie de texte non modifi\u00e9 repris tel quel du droit en vigueur. Ce sont les lettres b de l'alin\u00e9a 1 ainsi qu'une partie de texte non modifi\u00e9 sur le fond, mais l\u00e9g\u00e8rement r\u00e9vis\u00e9 en fran\u00e7ais uniquement - c'\u00e9tait l'alin\u00e9a 2. En principe, seuls les \u00e9l\u00e9ments qui font l'objet d'une modification de fond doivent figurer dans la r\u00e9vision. Comme l'alin\u00e9a 2 du droit en vigueur ne comporte pas d'erreur n\u00e9cessitant une correction, la Commission de r\u00e9daction a d\u00e9cid\u00e9 de renoncer \u00e0 le faire figurer dans la pr\u00e9sente r\u00e9vision, tout comme la lettre b de l'alin\u00e9a 1. La suppression de l'alin\u00e9a 1 lettre b et de l'alin\u00e9a 2 ne repr\u00e9sente aucune modification de fond.</p>\n<p>Je profite de l'occasion pour vous signaler qu'une question a \u00e9t\u00e9 pos\u00e9e lors des d\u00e9lib\u00e9rations concernant le r\u00e9f\u00e9rendum. La version allemande mentionne effectivement de mani\u00e8re explicite qu'il s'agit d'un r\u00e9f\u00e9rendum facultatif. Or la version fran\u00e7aise dit seulement que le texte \"est sujet au r\u00e9f\u00e9rendum pr\u00e9vu par les articles 141 alin\u00e9a 1 lettre d et 141a alin\u00e9a 2 de la Constitution pour les trait\u00e9s internationaux\". En fran\u00e7ais, la diff\u00e9rence entre le r\u00e9f\u00e9rendum obligatoire et le r\u00e9f\u00e9rendum facultatif est rendu par le verbe: l'acte est \"soumis\" au r\u00e9f\u00e9rendum dans le premier cas, donc dans le cas d'un r\u00e9f\u00e9rendum obligatoire et il est \"sujet\" au r\u00e9f\u00e9rendum dans le second cas, donc dans le cas d'un r\u00e9f\u00e9rendum facultatif. Ces formulations existent depuis de nombreuses ann\u00e9es.</p>\n</pd_text>","MeetingCouncilAbbreviation":"N","MeetingDate":"20080613","MeetingVerbalixOid":1686,"IdSession":"4804","SpeakerFirstName":"Didier","SpeakerLastName":"Berberat","SpeakerFullName":"Berberat Didier","SpeakerFunction":"Mit-M","CouncilId":1,"CouncilName":"Nationalrat","CantonId":24,"CantonName":"Neuenburg","CantonAbbreviation":"NE","ParlGroupName":"Sozialdemokratische Fraktion","ParlGroupAbbreviation":"S","SortOrder":1,"Start":"\/Date(1213354942926)\/","End":"\/Date(1213355058207)\/","Function":"*","DisplaySpeaker":true,"LanguageOfText":"FR","Modified":"\/Date(1774877884508)\/","StartTimeWithTimezone":"\/Date(1213354942927+0120)\/","EndTimeWithTimezone":"\/Date(1213355058207+0120)\/","VoteBusinessNumber":null,"VoteBusinessShortNumber":null,"VoteBusinessTitle":null}]},"ID":"13579","Language":"DE","IdMeeting":"991","VerbalixOid":273506,"SortOrder":134,"Modified":"\/Date(1774877884505)\/"}}