{"d":{"__metadata":{"id":"https://ws.parlament.ch/OData.svc/Subject(ID=13608L,Language='DE')","uri":"https://ws.parlament.ch/OData.svc/Subject(ID=13608L,Language='DE')","type":"itsystems.Pd.DataServices.DataModel.Subject"},"Meetings":{"__metadata":{"id":"https://ws.parlament.ch/OData.svc/Meeting(ID=991L,Language='DE')","uri":"https://ws.parlament.ch/OData.svc/Meeting(ID=991L,Language='DE')","type":"itsystems.Pd.DataServices.DataModel.Meeting"},"Sessions":{"__deferred":{"uri":"https://ws.parlament.ch/OData.svc/Meeting(ID=991L,Language='DE')/Sessions"}},"Subjects":{"__deferred":{"uri":"https://ws.parlament.ch/OData.svc/Meeting(ID=991L,Language='DE')/Subjects"}},"ID":"991","Language":"DE","MeetingNumber":16,"IdSession":4804,"SessionNumber":4,"SessionName":"Sommersession 2008","Council":1,"CouncilName":"Nationalrat","CouncilAbbreviation":"NR","Date":"\/Date(1213315200000)\/","Begin":"0800","Modified":"\/Date(1447070054263)\/","LegislativePeriodNumber":48,"PublicationStatus":"final","MeetingOrderText":"Sechzehnte Sitzung","SortOrder":16,"Location":"N"},"SubjectsBusiness":{"results":[{"__metadata":{"id":"https://ws.parlament.ch/OData.svc/SubjectBusiness(BusinessNumber=20030440,IdSubject=13608L,Language='DE')","uri":"https://ws.parlament.ch/OData.svc/SubjectBusiness(BusinessNumber=20030440,IdSubject=13608L,Language='DE')","type":"itsystems.Pd.DataServices.DataModel.SubjectBusiness"},"Subjects":{"__deferred":{"uri":"https://ws.parlament.ch/OData.svc/SubjectBusiness(BusinessNumber=20030440,IdSubject=13608L,Language='DE')/Subjects"}},"Businesses":{"__deferred":{"uri":"https://ws.parlament.ch/OData.svc/SubjectBusiness(BusinessNumber=20030440,IdSubject=13608L,Language='DE')/Businesses"}},"IdSubject":"13608","BusinessNumber":20030440,"Language":"DE","BusinessShortNumber":"03.440","Title":"Mehr Frauen in Verwaltungsr\u00e4ten von Gesellschaften mit Bundesbeteiligungen","SortOrder":1,"PublishedNotes":"Abschreibung - Classement\n","Modified":"\/Date(1447069206636)\/","TitleDE":"Parlamentarische Initiative\nHaering Barbara.\nMehr Frauen\nin Verwaltungsr\u00e4ten\nvon Gesellschaften\nmit Bundesbeteiligungen","TitleFR":"Initiative parlementaire\nHaering Barbara.\nAccro\u00eetre le pourcentage\ndes femmes dans les conseils\nd'administration des entreprises\ndont l'Etat est actionnaire","TitleIT":null}]},"Transcripts":{"results":[{"__metadata":{"id":"https://ws.parlament.ch/OData.svc/Transcript(ID=85955L,Language='DE')","uri":"https://ws.parlament.ch/OData.svc/Transcript(ID=85955L,Language='DE')","type":"itsystems.Pd.DataServices.DataModel.Transcript"},"Subjects":{"__deferred":{"uri":"https://ws.parlament.ch/OData.svc/Transcript(ID=85955L,Language='DE')/Subjects"}},"MembersCouncil":{"__deferred":{"uri":"https://ws.parlament.ch/OData.svc/Transcript(ID=85955L,Language='DE')/MembersCouncil"}},"Businesses":{"__deferred":{"uri":"https://ws.parlament.ch/OData.svc/Transcript(ID=85955L,Language='DE')/Businesses"}},"ID":"85955","Language":"DE","IdSubject":"13608","VoteId":"888","PersonNumber":null,"Type":2,"Text":"<pd_text><p><i>Abstimmung - Vote</i></p>\n<p>[NAM]</p>\n<p>F\u00fcr den Antrag der Mehrheit ... 105 Stimmen</p>\n<p>F\u00fcr den Antrag der Minderheit ... 69 Stimmen</p>\n<p>[PAGE 1003] </p>\n</pd_text>","MeetingCouncilAbbreviation":"N","MeetingDate":"20080613","MeetingVerbalixOid":1686,"IdSession":"4804","SpeakerFirstName":null,"SpeakerLastName":null,"SpeakerFullName":"","SpeakerFunction":null,"CouncilId":null,"CouncilName":null,"CantonId":null,"CantonName":null,"CantonAbbreviation":null,"ParlGroupName":null,"ParlGroupAbbreviation":null,"SortOrder":2,"Start":"\/Date(1213352252832)\/","End":"\/Date(1213352252832)\/","Function":null,"DisplaySpeaker":null,"LanguageOfText":"DE","Modified":"\/Date(1774877883802)\/","StartTimeWithTimezone":"\/Date(1213352252833+0120)\/","EndTimeWithTimezone":"\/Date(1213352252833+0120)\/","VoteBusinessNumber":20030440,"VoteBusinessShortNumber":"03.440","VoteBusinessTitle":"Parlamentarische Initiative\nHaering Barbara.\nMehr Frauen\nin Verwaltungsr\u00e4ten\nvon Gesellschaften\nmit Bundesbeteiligungen"},{"__metadata":{"id":"https://ws.parlament.ch/OData.svc/Transcript(ID=85956L,Language='DE')","uri":"https://ws.parlament.ch/OData.svc/Transcript(ID=85956L,Language='DE')","type":"itsystems.Pd.DataServices.DataModel.Transcript"},"Subjects":{"__deferred":{"uri":"https://ws.parlament.ch/OData.svc/Transcript(ID=85956L,Language='DE')/Subjects"}},"MembersCouncil":{"__deferred":{"uri":"https://ws.parlament.ch/OData.svc/Transcript(ID=85956L,Language='DE')/MembersCouncil"}},"Businesses":{"__deferred":{"uri":"https://ws.parlament.ch/OData.svc/Transcript(ID=85956L,Language='DE')/Businesses"}},"ID":"85956","Language":"DE","IdSubject":"13608","VoteId":null,"PersonNumber":453,"Type":1,"Text":"<pd_text><p><i>Antrag der Mehrheit</i></p>\n<p>Die Initiative abschreiben </p>\n<p>[VS]</p>\n<p><i>Antrag der Minderheit</i></p>\n<p>(Leutenegger Oberholzer, Aeschbacher, Amherd, Jositsch, Kiener Nellen, Schmid Barbara, Sommaruga Carlo, Thanei, Vischer, von Graffenried, Wyss Brigit)</p>\n<p>Die Initiative nicht abschreiben </p>\n<p>[VS]</p>\n<p><i>Proposition de la majorit\u00e9</i></p>\n<p>Classer l'initiative </p>\n<p>[VS]</p>\n<p><i>Proposition de la minorit\u00e9</i></p>\n<p>(Leutenegger Oberholzer, Aeschbacher, Amherd, Jositsch, Kiener Nellen, Schmid Barbara, Sommaruga Carlo, Thanei, Vischer, von Graffenried, Wyss Brigit)</p>\n<p>Ne pas classer l'initiative</p>\n<p>[VS]</p>\n<p><b>Le pr\u00e9sident </b>(Bugnon Andr\u00e9, pr\u00e9sident): Vous avez re\u00e7u un rapport \u00e9crit. Il n'y a personne qui se pr\u00e9sente pour d\u00e9fendre la minorit\u00e9.</p>\n</pd_text>","MeetingCouncilAbbreviation":"N","MeetingDate":"20080613","MeetingVerbalixOid":1686,"IdSession":"4804","SpeakerFirstName":"Andr\u00e9","SpeakerLastName":"Bugnon","SpeakerFullName":"Bugnon Andr\u00e9","SpeakerFunction":"P-M","CouncilId":1,"CouncilName":"Nationalrat","CantonId":22,"CantonName":"Waadt","CantonAbbreviation":"VD","ParlGroupName":"Fraktion der Schweizerischen Volkspartei","ParlGroupAbbreviation":"V","SortOrder":1,"Start":"\/Date(1213352125254)\/","End":"\/Date(1213352252832)\/","Function":"P-M","DisplaySpeaker":false,"LanguageOfText":null,"Modified":"\/Date(1774877883797)\/","StartTimeWithTimezone":"\/Date(1213352125253+0120)\/","EndTimeWithTimezone":"\/Date(1213352252833+0120)\/","VoteBusinessNumber":null,"VoteBusinessShortNumber":null,"VoteBusinessTitle":null}]},"ID":"13608","Language":"DE","IdMeeting":"991","VerbalixOid":273409,"SortOrder":5,"Modified":"\/Date(1774877883794)\/"}}