{"d":{"__metadata":{"id":"https://ws.parlament.ch/OData.svc/Subject(ID=13610L,Language='DE')","uri":"https://ws.parlament.ch/OData.svc/Subject(ID=13610L,Language='DE')","type":"itsystems.Pd.DataServices.DataModel.Subject"},"Meetings":{"__metadata":{"id":"https://ws.parlament.ch/OData.svc/Meeting(ID=991L,Language='DE')","uri":"https://ws.parlament.ch/OData.svc/Meeting(ID=991L,Language='DE')","type":"itsystems.Pd.DataServices.DataModel.Meeting"},"Sessions":{"__deferred":{"uri":"https://ws.parlament.ch/OData.svc/Meeting(ID=991L,Language='DE')/Sessions"}},"Subjects":{"__deferred":{"uri":"https://ws.parlament.ch/OData.svc/Meeting(ID=991L,Language='DE')/Subjects"}},"ID":"991","Language":"DE","MeetingNumber":16,"IdSession":4804,"SessionNumber":4,"SessionName":"Sommersession 2008","Council":1,"CouncilName":"Nationalrat","CouncilAbbreviation":"NR","Date":"\/Date(1213315200000)\/","Begin":"0800","Modified":"\/Date(1447070054263)\/","LegislativePeriodNumber":48,"PublicationStatus":"final","MeetingOrderText":"Sechzehnte Sitzung","SortOrder":16,"Location":"N"},"SubjectsBusiness":{"results":[{"__metadata":{"id":"https://ws.parlament.ch/OData.svc/SubjectBusiness(BusinessNumber=20070081,IdSubject=13610L,Language='DE')","uri":"https://ws.parlament.ch/OData.svc/SubjectBusiness(BusinessNumber=20070081,IdSubject=13610L,Language='DE')","type":"itsystems.Pd.DataServices.DataModel.SubjectBusiness"},"Subjects":{"__deferred":{"uri":"https://ws.parlament.ch/OData.svc/SubjectBusiness(BusinessNumber=20070081,IdSubject=13610L,Language='DE')/Subjects"}},"Businesses":{"__deferred":{"uri":"https://ws.parlament.ch/OData.svc/SubjectBusiness(BusinessNumber=20070081,IdSubject=13610L,Language='DE')/Businesses"}},"IdSubject":"13610","BusinessNumber":20070081,"Language":"DE","BusinessShortNumber":"07.081","Title":"Verletzungen des humanit\u00e4ren V\u00f6lkerrechts. Zusammenarbeit mit den internationalen Gerichten. Verl\u00e4ngerung","SortOrder":1,"PublishedNotes":"Schlussabstimmung - Vote final\n","Modified":"\/Date(1447069329410)\/","TitleDE":"Verletzungen\ndes humanit\u00e4ren V\u00f6lkerrechtes.\nZusammenarbeit mit den internationalen\nGerichten. Verl\u00e4ngerung","TitleFR":"Violations graves\ndu droit international humanitaire.\nCoop\u00e9ration avec les tribunaux\ninternationaux. Prolongation","TitleIT":null}]},"Transcripts":{"results":[{"__metadata":{"id":"https://ws.parlament.ch/OData.svc/Transcript(ID=85958L,Language='DE')","uri":"https://ws.parlament.ch/OData.svc/Transcript(ID=85958L,Language='DE')","type":"itsystems.Pd.DataServices.DataModel.Transcript"},"Subjects":{"__deferred":{"uri":"https://ws.parlament.ch/OData.svc/Transcript(ID=85958L,Language='DE')/Subjects"}},"MembersCouncil":{"__deferred":{"uri":"https://ws.parlament.ch/OData.svc/Transcript(ID=85958L,Language='DE')/MembersCouncil"}},"Businesses":{"__deferred":{"uri":"https://ws.parlament.ch/OData.svc/Transcript(ID=85958L,Language='DE')/Businesses"}},"ID":"85958","Language":"DE","IdSubject":"13610","VoteId":"909","PersonNumber":null,"Type":2,"Text":"<pd_text><p><b>Bundesgesetz \u00fcber die \u00c4nderung des Bundesbeschlusses \u00fcber die Zusammenarbeit mit den internationalen Gerichten zur Verfolgung von schwerwiegenden Verletzungen des humanit\u00e4ren V\u00f6lkerrechtes </b></p>\n<p><b>Loi f\u00e9d\u00e9rale portant modification de l'arr\u00eat\u00e9 f\u00e9d\u00e9ral relatif \u00e0 la coop\u00e9ration avec les tribunaux internationaux charg\u00e9s de poursuivre les violations graves du droit international humanitaire </b></p>\n<p>[VS]</p>\n<p><i>Abstimmung - Vote</i></p>\n<p>[NAM]</p>\n<p>F\u00fcr Annahme des Entwurfes ... 179 Stimmen</p>\n<p>Dagegen ... 5 Stimmen</p>\n</pd_text>","MeetingCouncilAbbreviation":"N","MeetingDate":"20080613","MeetingVerbalixOid":1686,"IdSession":"4804","SpeakerFirstName":null,"SpeakerLastName":null,"SpeakerFullName":"","SpeakerFunction":null,"CouncilId":null,"CouncilName":null,"CantonId":null,"CantonName":null,"CantonAbbreviation":null,"ParlGroupName":null,"ParlGroupAbbreviation":null,"SortOrder":1,"Start":null,"End":null,"Function":null,"DisplaySpeaker":null,"LanguageOfText":"DE","Modified":"\/Date(1774877884469)\/","StartTimeWithTimezone":null,"EndTimeWithTimezone":null,"VoteBusinessNumber":20070081,"VoteBusinessShortNumber":"07.081","VoteBusinessTitle":"Verletzungen\ndes humanit\u00e4ren V\u00f6lkerrechtes.\nZusammenarbeit mit den internationalen\nGerichten. Verl\u00e4ngerung"}]},"ID":"13610","Language":"DE","IdMeeting":"991","VerbalixOid":273470,"SortOrder":128,"Modified":"\/Date(1774877884464)\/"}}