{"d":{"__metadata":{"id":"https://ws.parlament.ch/OData.svc/Subject(ID=13725L,Language='DE')","uri":"https://ws.parlament.ch/OData.svc/Subject(ID=13725L,Language='DE')","type":"itsystems.Pd.DataServices.DataModel.Subject"},"Meetings":{"__metadata":{"id":"https://ws.parlament.ch/OData.svc/Meeting(ID=1004L,Language='DE')","uri":"https://ws.parlament.ch/OData.svc/Meeting(ID=1004L,Language='DE')","type":"itsystems.Pd.DataServices.DataModel.Meeting"},"Sessions":{"__deferred":{"uri":"https://ws.parlament.ch/OData.svc/Meeting(ID=1004L,Language='DE')/Sessions"}},"Subjects":{"__deferred":{"uri":"https://ws.parlament.ch/OData.svc/Meeting(ID=1004L,Language='DE')/Subjects"}},"ID":"1004","Language":"DE","MeetingNumber":12,"IdSession":4716,"SessionNumber":16,"SessionName":"Fr\u00fchjahrssession 2007","Council":2,"CouncilName":"St\u00e4nderat","CouncilAbbreviation":"SR","Date":"\/Date(1174521600000)\/","Begin":"0800","Modified":"\/Date(1447070058780)\/","LegislativePeriodNumber":47,"PublicationStatus":"final","MeetingOrderText":"Zw\u00f6lfte Sitzung","SortOrder":12,"Location":"S"},"SubjectsBusiness":{"results":[{"__metadata":{"id":"https://ws.parlament.ch/OData.svc/SubjectBusiness(BusinessNumber=20040083,IdSubject=13725L,Language='DE')","uri":"https://ws.parlament.ch/OData.svc/SubjectBusiness(BusinessNumber=20040083,IdSubject=13725L,Language='DE')","type":"itsystems.Pd.DataServices.DataModel.SubjectBusiness"},"Subjects":{"__deferred":{"uri":"https://ws.parlament.ch/OData.svc/SubjectBusiness(BusinessNumber=20040083,IdSubject=13725L,Language='DE')/Subjects"}},"Businesses":{"__deferred":{"uri":"https://ws.parlament.ch/OData.svc/SubjectBusiness(BusinessNumber=20040083,IdSubject=13725L,Language='DE')/Businesses"}},"IdSubject":"13725","BusinessNumber":20040083,"Language":"DE","BusinessShortNumber":"04.083","Title":"Stromversorgungsgesetz und Elektrizit\u00e4tsgesetz. \u00c4nderung","SortOrder":1,"PublishedNotes":"Differenzen - Divergences\n","Modified":"\/Date(1447069235160)\/","TitleDE":"Stromversorgungsgesetz\nund Elektrizit\u00e4tsgesetz.\n\u00c4nderung","TitleFR":"Loi sur les installations \u00e9lectriques\net loi sur l'approvisionnement\nen \u00e9lectricit\u00e9. Modification","TitleIT":null}]},"Transcripts":{"results":[{"__metadata":{"id":"https://ws.parlament.ch/OData.svc/Transcript(ID=86920L,Language='DE')","uri":"https://ws.parlament.ch/OData.svc/Transcript(ID=86920L,Language='DE')","type":"itsystems.Pd.DataServices.DataModel.Transcript"},"Subjects":{"__deferred":{"uri":"https://ws.parlament.ch/OData.svc/Transcript(ID=86920L,Language='DE')/Subjects"}},"MembersCouncil":{"__deferred":{"uri":"https://ws.parlament.ch/OData.svc/Transcript(ID=86920L,Language='DE')/MembersCouncil"}},"Businesses":{"__deferred":{"uri":"https://ws.parlament.ch/OData.svc/Transcript(ID=86920L,Language='DE')/Businesses"}},"ID":"86920","Language":"DE","IdSubject":"13725","VoteId":null,"PersonNumber":277,"Type":1,"Text":"<pd_text><p><i>Angenommen - Adopt\u00e9</i></p>\n<p>[VS]</p>\n<p><b>Pr\u00e4sident</b> (Bieri Peter, Pr\u00e4sident): Ich danke der Kommission und insbesondere auch ihrem Pr\u00e4sidenten f\u00fcr die intensive Arbeit. Damit geht ein wichtiges Gesetz, das vor dem Volk schon einmal gescheitert ist, in die Schlussabstimmung und kommt nun hoffentlich zu einem guten Ende.</p>\n</pd_text>","MeetingCouncilAbbreviation":"S","MeetingDate":"20070322","MeetingVerbalixOid":1546,"IdSession":"4716","SpeakerFirstName":"Peter","SpeakerLastName":"Bieri","SpeakerFullName":"Bieri Peter","SpeakerFunction":"P-M","CouncilId":2,"CouncilName":"St\u00e4nderat","CantonId":9,"CantonName":"Zug","CantonAbbreviation":"ZG","ParlGroupName":"Christlichdemokratische Fraktion","ParlGroupAbbreviation":"M-E","SortOrder":3,"Start":"\/Date(1174550691397)\/","End":"\/Date(1174550730927)\/","Function":"P-M","DisplaySpeaker":false,"LanguageOfText":null,"Modified":"\/Date(1510849829000)\/","StartTimeWithTimezone":"\/Date(1174550691397+0060)\/","EndTimeWithTimezone":"\/Date(1174550730927+0060)\/","VoteBusinessNumber":null,"VoteBusinessShortNumber":null,"VoteBusinessTitle":null},{"__metadata":{"id":"https://ws.parlament.ch/OData.svc/Transcript(ID=86921L,Language='DE')","uri":"https://ws.parlament.ch/OData.svc/Transcript(ID=86921L,Language='DE')","type":"itsystems.Pd.DataServices.DataModel.Transcript"},"Subjects":{"__deferred":{"uri":"https://ws.parlament.ch/OData.svc/Transcript(ID=86921L,Language='DE')/Subjects"}},"MembersCouncil":{"__deferred":{"uri":"https://ws.parlament.ch/OData.svc/Transcript(ID=86921L,Language='DE')/MembersCouncil"}},"Businesses":{"__deferred":{"uri":"https://ws.parlament.ch/OData.svc/Transcript(ID=86921L,Language='DE')/Businesses"}},"ID":"86921","Language":"DE","IdSubject":"13725","VoteId":null,"PersonNumber":195,"Type":1,"Text":"<pd_text><p>Vorgestern Abend hat die Einigungskonferenz getagt und die vorliegenden Antr\u00e4ge unterbreitet, welche gestern vom Nationalrat, dem Erstrat, mit 123 zu 31 Stimmen angenommen worden sind.</p>\n<p>Es geht um vier Differenzen. Beim Begriff der Bauzone bzw. des Siedlungsgebietes haben wir beschlossen, eine vermittelnde L\u00f6sung vorzuschlagen; die Einigungskonferenz hat diese \u00fcbernommen und beantragt sie einstimmig. Wir haben als grosse Differenz die Bestimmung zu den B\u00fcndelkunden gehabt. Diese Bestimmung ist in der Einigungskonferenz mit 21 zu 0 Stimmen bei 4 Enthaltungen im Sinne des St\u00e4nderates abgelehnt worden. Bei Artikel 26bis zu den Umschulungsmassnahmen empfiehlt Ihnen die Einigungskonferenz einstimmig, dem Nationalrat zu folgen. Dasselbe gilt f\u00fcr die wettbewerbliche Ausschreibung bei den Effizienzmassnahmen.</p>\n<p>Ich will nicht verhehlen, dass wir St\u00e4nder\u00e4te hier in einem wesentlichen Punkt gegen die Intention der Kantone nachgeben mussten. Es war eine klassische Situation des Gebens und Nehmens im Rahmen einer Einigungskonferenz, in der wir einen Kompromiss schliessen mussten.</p>\n<p>Wie gesagt empfiehlt Ihnen die Einigungskonferenz Annahme der vorliegenden Antr\u00e4ge. Mit Ausnahme des Antrages zu Artikel 6 Absatz 5, wo wir mit 21 zu 0 Stimmen bei 4 Enthaltungen Antrag stellen, werden alle Antr\u00e4ge einstimmig gestellt.</p>\n</pd_text>","MeetingCouncilAbbreviation":"S","MeetingDate":"20070322","MeetingVerbalixOid":1546,"IdSession":"4716","SpeakerFirstName":"Carlo","SpeakerLastName":"Schmid-Sutter","SpeakerFullName":"Schmid-Sutter Carlo","SpeakerFunction":"Mit-M","CouncilId":2,"CouncilName":"St\u00e4nderat","CantonId":16,"CantonName":"Appenzell I.-Rh.","CantonAbbreviation":"AI","ParlGroupName":"Christlichdemokratische Fraktion","ParlGroupAbbreviation":"M-E","SortOrder":2,"Start":"\/Date(1174550561927)\/","End":"\/Date(1174550691397)\/","Function":"*","DisplaySpeaker":true,"LanguageOfText":"DE","Modified":"\/Date(1510849829000)\/","StartTimeWithTimezone":"\/Date(1174550561927+0060)\/","EndTimeWithTimezone":"\/Date(1174550691397+0060)\/","VoteBusinessNumber":null,"VoteBusinessShortNumber":null,"VoteBusinessTitle":null},{"__metadata":{"id":"https://ws.parlament.ch/OData.svc/Transcript(ID=86922L,Language='DE')","uri":"https://ws.parlament.ch/OData.svc/Transcript(ID=86922L,Language='DE')","type":"itsystems.Pd.DataServices.DataModel.Transcript"},"Subjects":{"__deferred":{"uri":"https://ws.parlament.ch/OData.svc/Transcript(ID=86922L,Language='DE')/Subjects"}},"MembersCouncil":{"__deferred":{"uri":"https://ws.parlament.ch/OData.svc/Transcript(ID=86922L,Language='DE')/MembersCouncil"}},"Businesses":{"__deferred":{"uri":"https://ws.parlament.ch/OData.svc/Transcript(ID=86922L,Language='DE')/Businesses"}},"ID":"86922","Language":"DE","IdSubject":"13725","VoteId":null,"PersonNumber":277,"Type":1,"Text":"<pd_text><p><b>2. Stromversorgungsgesetz </b></p>\n<p><b>2. Loi sur l'approvisionnement en \u00e9lectricit\u00e9 </b></p>\n<p>[VS]</p>\n<p><b>Art. 5</b></p>\n<p><i>Antrag der Einigungskonferenz</i></p>\n<p><i>Abs. 2 </i></p>\n<p>Netzbetreiber sind verpflichtet, in ihrem Netzgebiet alle Endverbraucher innerhalb der Bauzone und ganzj\u00e4hrig bewohnte Liegenschaften und Siedlungen ausserhalb der Bauzone sowie alle Elektrizit\u00e4tserzeuger an das Elektrizit\u00e4tsnetz anzuschliessen. </p>\n<p><i>Abs. 4 </i></p>\n<p>Die Kantone k\u00f6nnen Bestimmungen \u00fcber Anschl\u00fcsse ausserhalb der Bauzone sowie \u00fcber deren Bedingungen und Kosten erlassen. </p>\n<p>[VS]</p>\n<p><b>Art. 5</b></p>\n<p><i>Proposition de la Conf\u00e9rence de conciliation</i></p>\n<p><i>Al. 2</i></p>\n<p>Dans leur zone de desserte, les gestionnaires de r\u00e9seau sont tenus de raccorder au r\u00e9seau \u00e9lectrique tous les consommateurs finaux se trouvant en zone \u00e0 b\u00e2tir ainsi que les propri\u00e9t\u00e9s et les ensembles d'habitation habit\u00e9s \u00e0 l'ann\u00e9e et situ\u00e9s en dehors de la zone \u00e0 b\u00e2tir et tous les producteurs d'\u00e9lectricit\u00e9. </p>\n<p><i>Al. 4 </i></p>\n<p>Les cantons peuvent \u00e9dicter des dispositions r\u00e9gissant le raccordement en dehors de la zone \u00e0 b\u00e2tir ainsi que les conditions et les co\u00fbts de ce raccordement. </p>\n<p>[VS]</p>\n<p><b>Art. 6 Abs. 5</b></p>\n<p><i>Antrag der Einigungskonferenz</i></p>\n<p>Als feste Endverbraucher im Sinne dieses Artikels gelten die Haushalte und die anderen Endverbraucher mit einem Jahresverbrauch von weniger als 100 Megawattstunden pro Verbrauchsst\u00e4tte. Diese festen Endverbraucher haben keinen Anspruch auf Netzzugang gem\u00e4ss Artikel 13 Absatz 1. </p>\n<p>[VS]</p>\n<p><b>Art. 6 al. 5</b></p>\n<p><i>Proposition de la Conf\u00e9rence de conciliation</i></p>\n<p>Sont consid\u00e9r\u00e9s comme consommateurs captifs au sens du pr\u00e9sent article les m\u00e9nages et les autres consommateurs finaux qui consomment annuellement moins de 100 m\u00e9gawattheures par site de consommation. Ces consommateurs captifs ne b\u00e9n\u00e9ficient pas de l'acc\u00e8s au r\u00e9seau vis\u00e9 \u00e0 l'article 13 alin\u00e9a 1. </p>\n<p>[VS]</p>\n<p><b>Art. 26bis</b></p>\n<p><i>Antrag der Einigungskonferenz</i></p>\n<p>Streichen</p>\n<p>[VS]</p>\n<p><b>Art. 26bis</b></p>\n<p><i>Proposition de la Conf\u00e9rence de conciliation</i></p>\n<p>Biffer</p>\n<p>[VS]</p>\n<p><b>\u00c4nderung bisherigen Rechts</b></p>\n<p><b>Modification du droit en vigueur</b></p>\n<p>[VS]</p>\n<p><b>Ziff. 2 Art. 7a</b></p>\n<p><i>Antrag der Einigungskonferenz</i></p>\n<p><i>Titel </i></p>\n<p>Anschlussbedingungen f\u00fcr Elektrizit\u00e4t aus erneuerbaren Energien; wettbewerbliche Ausschreibungen f\u00fcr Effizienzmassnahmen </p>\n<p><i>Abs. 2bis </i></p>\n<p>Der Bundesrat kann wettbewerbliche Ausschreibungen f\u00fcr Effizienzmassnahmen regeln, insbesondere f\u00fcr den rationellen und sparsamen Umgang mit Elektrizit\u00e4t in Geb\u00e4uden und Unternehmen. </p>\n<p><i>Abs. 5 Bst. d </i></p>\n<p>d. 5 Prozent f\u00fcr wettbewerbliche Ausschreibungen nach Absatz 2bis. </p>\n<p>[VS]</p>\n<p><b>Ch. 2 art. 7a</b></p>\n<p><i>Proposition de la Conf\u00e9rence de conciliation</i></p>\n<p><i>Titre</i></p>\n<p>Conditions de raccordement pour l'\u00e9lectricit\u00e9 produite \u00e0 partir de sources d'\u00e9nergie renouvelables; appels d'offres publics concernant les mesures d'efficacit\u00e9 \u00e9nerg\u00e9tique </p>\n<p><i>Al. 2bis </i></p>\n<p>Le Conseil f\u00e9d\u00e9ral r\u00e8gle les appels d'offres publics concernant les mesures d'efficacit\u00e9 \u00e9nerg\u00e9tique, notamment pour l'utilisation rationnelle et \u00e9conomique d'\u00e9lectricit\u00e9 dans les habitations et les entreprises. </p>\n<p><i>Al. 5 let. d </i></p>\n<p>d. 5 pour cent pour les appels d'offres publics selon l'alin\u00e9a 2bis. </p>\n<p>[VS]</p>\n<p><b>Ziff. 2 Art. 15b Abs. 1</b></p>\n<p><i>Antrag der Einigungskonferenz</i></p>\n<p>Die nicht durch Marktpreise gedeckten Kosten der Netzbetreiber f\u00fcr die \u00dcbernahme von Elektrizit\u00e4t nach Artikel 7a Absatz 1 und 28a Absatz 1, die Kosten der wettbewerblichen Ausschreibungen f\u00fcr Effizienzmassnahmen nach Artikel 7a Absatz 2bis sowie die B\u00fcrgschaftsverluste nach Artikel 15a Absatz 1 werden von der Netzgesellschaft mit einem Zuschlag auf die \u00dcbertragungskosten der Hochspannungsnetze finanziert. Die Netzgesellschaft kann den Zuschlag [PAGE 287] auf die Betreiber der unterliegenden Netze \u00fcberw\u00e4lzen. Diese k\u00f6nnen den Zuschlag auf die Endverbraucher \u00fcberw\u00e4lzen. </p>\n<p>[VS]</p>\n<p><b>Ch. 2 art. 15b al. 1</b></p>\n<p><i>Proposition de la Conf\u00e9rence de conciliation</i></p>\n<p>Les co\u00fbts non couverts par les prix du march\u00e9 qui sont support\u00e9s par les gestionnaires de r\u00e9seau pour la prise en charge d'\u00e9lectricit\u00e9 au sens de l'article 7a alin\u00e9a 1 et de l'article 28a alin\u00e9a 1, les co\u00fbts des appels d'offres publics concernant les mesures d'efficacit\u00e9 \u00e9nerg\u00e9tique selon l'article 7a alin\u00e9a 2bis, ainsi que les pertes sur cautionnement au sens de l'article 15a alin\u00e9a 1, sont financ\u00e9s par la soci\u00e9t\u00e9 d'exploitation du r\u00e9seau au moyen d'un suppl\u00e9ment sur les co\u00fbts de transport des r\u00e9seaux \u00e0 haute tension. La soci\u00e9t\u00e9 d'exploitation du r\u00e9seau peut reporter ce suppl\u00e9ment sur les gestionnaires des r\u00e9seaux sous-jacents. Ces derniers peuvent reporter le suppl\u00e9ment sur les consommateurs finaux. </p>\n</pd_text>","MeetingCouncilAbbreviation":"S","MeetingDate":"20070322","MeetingVerbalixOid":1546,"IdSession":"4716","SpeakerFirstName":"Peter","SpeakerLastName":"Bieri","SpeakerFullName":"Bieri Peter","SpeakerFunction":"P-M","CouncilId":2,"CouncilName":"St\u00e4nderat","CantonId":9,"CantonName":"Zug","CantonAbbreviation":"ZG","ParlGroupName":"Christlichdemokratische Fraktion","ParlGroupAbbreviation":"M-E","SortOrder":1,"Start":"\/Date(1174550533350)\/","End":"\/Date(1174550561927)\/","Function":"P-M","DisplaySpeaker":false,"LanguageOfText":null,"Modified":"\/Date(1510849828987)\/","StartTimeWithTimezone":"\/Date(1174550533350+0060)\/","EndTimeWithTimezone":"\/Date(1174550561927+0060)\/","VoteBusinessNumber":null,"VoteBusinessShortNumber":null,"VoteBusinessTitle":null}]},"ID":"13725","Language":"DE","IdMeeting":"1004","VerbalixOid":242780,"SortOrder":1,"Modified":"\/Date(1447070058790)\/"}}