{"d":{"__metadata":{"id":"https://ws.parlament.ch/OData.svc/Subject(ID=1379L,Language='DE')","uri":"https://ws.parlament.ch/OData.svc/Subject(ID=1379L,Language='DE')","type":"itsystems.Pd.DataServices.DataModel.Subject"},"Meetings":{"__metadata":{"id":"https://ws.parlament.ch/OData.svc/Meeting(ID=90L,Language='DE')","uri":"https://ws.parlament.ch/OData.svc/Meeting(ID=90L,Language='DE')","type":"itsystems.Pd.DataServices.DataModel.Meeting"},"Sessions":{"__deferred":{"uri":"https://ws.parlament.ch/OData.svc/Meeting(ID=90L,Language='DE')/Sessions"}},"Subjects":{"__deferred":{"uri":"https://ws.parlament.ch/OData.svc/Meeting(ID=90L,Language='DE')/Subjects"}},"ID":"90","Language":"DE","MeetingNumber":11,"IdSession":4604,"SessionNumber":4,"SessionName":"Herbstsession 2000","Council":1,"CouncilName":"Nationalrat","CouncilAbbreviation":"NR","Date":"\/Date(970790400000)\/","Begin":"0800","Modified":"\/Date(1447069730310)\/","LegislativePeriodNumber":46,"PublicationStatus":"final","MeetingOrderText":"Elfte Sitzung","SortOrder":11,"Location":"N"},"SubjectsBusiness":{"results":[{"__metadata":{"id":"https://ws.parlament.ch/OData.svc/SubjectBusiness(BusinessNumber=19850227,IdSubject=1379L,Language='DE')","uri":"https://ws.parlament.ch/OData.svc/SubjectBusiness(BusinessNumber=19850227,IdSubject=1379L,Language='DE')","type":"itsystems.Pd.DataServices.DataModel.SubjectBusiness"},"Subjects":{"__deferred":{"uri":"https://ws.parlament.ch/OData.svc/SubjectBusiness(BusinessNumber=19850227,IdSubject=1379L,Language='DE')/Subjects"}},"Businesses":{"__deferred":{"uri":"https://ws.parlament.ch/OData.svc/SubjectBusiness(BusinessNumber=19850227,IdSubject=1379L,Language='DE')/Businesses"}},"IdSubject":"1379","BusinessNumber":19850227,"Language":"DE","BusinessShortNumber":"85.227","Title":"Sozialversicherungsrecht","SortOrder":1,"PublishedNotes":"Schlussabstimmung - Vote final\n","Modified":"\/Date(1447069077633)\/","TitleDE":"Parlamentarische Initiative\nMeier Josi.\nSozialversicherungsrecht","TitleFR":"Initiative parlementaire\nMeier Josi.\nDroit des assurances sociales","TitleIT":null}]},"Transcripts":{"results":[{"__metadata":{"id":"https://ws.parlament.ch/OData.svc/Transcript(ID=7070L,Language='DE')","uri":"https://ws.parlament.ch/OData.svc/Transcript(ID=7070L,Language='DE')","type":"itsystems.Pd.DataServices.DataModel.Transcript"},"Subjects":{"__deferred":{"uri":"https://ws.parlament.ch/OData.svc/Transcript(ID=7070L,Language='DE')/Subjects"}},"MembersCouncil":{"__deferred":{"uri":"https://ws.parlament.ch/OData.svc/Transcript(ID=7070L,Language='DE')/MembersCouncil"}},"Businesses":{"__deferred":{"uri":"https://ws.parlament.ch/OData.svc/Transcript(ID=7070L,Language='DE')/Businesses"}},"ID":"7070","Language":"DE","IdSubject":"1379","VoteId":"914","PersonNumber":null,"Type":2,"Text":"<pd_text><p><i>Abstimmung - Vote</i></p>\n<p>[NAM]</p>\n<p>F\u00fcr Annahme des Entwurfes .... 181 Stimmen</p>\n<p>(Einstimmigkeit)</p>\n<p>[PAGE 1211] </p>\n</pd_text>","MeetingCouncilAbbreviation":"N","MeetingDate":"20001006","MeetingVerbalixOid":727,"IdSession":"4604","SpeakerFirstName":null,"SpeakerLastName":null,"SpeakerFullName":"","SpeakerFunction":null,"CouncilId":null,"CouncilName":null,"CantonId":null,"CantonName":null,"CantonAbbreviation":null,"ParlGroupName":null,"ParlGroupAbbreviation":null,"SortOrder":2,"Start":"\/Date(970822209555)\/","End":"\/Date(970822209555)\/","Function":null,"DisplaySpeaker":null,"LanguageOfText":"DE","Modified":"\/Date(1774878260109)\/","StartTimeWithTimezone":"\/Date(970822209557+0120)\/","EndTimeWithTimezone":"\/Date(970822209557+0120)\/","VoteBusinessNumber":19850227,"VoteBusinessShortNumber":"85.227","VoteBusinessTitle":"Parlamentarische Initiative\nMeier Josi.\nSozialversicherungsrecht"},{"__metadata":{"id":"https://ws.parlament.ch/OData.svc/Transcript(ID=7071L,Language='DE')","uri":"https://ws.parlament.ch/OData.svc/Transcript(ID=7071L,Language='DE')","type":"itsystems.Pd.DataServices.DataModel.Transcript"},"Subjects":{"__deferred":{"uri":"https://ws.parlament.ch/OData.svc/Transcript(ID=7071L,Language='DE')/Subjects"}},"MembersCouncil":{"__deferred":{"uri":"https://ws.parlament.ch/OData.svc/Transcript(ID=7071L,Language='DE')/MembersCouncil"}},"Businesses":{"__deferred":{"uri":"https://ws.parlament.ch/OData.svc/Transcript(ID=7071L,Language='DE')/Businesses"}},"ID":"7071","Language":"DE","IdSubject":"1379","VoteId":null,"PersonNumber":205,"Type":1,"Text":"<pd_text><p><b>Bundesgesetz \u00fcber den Allgemeinen Teil des Sozialversicherungsrechtes </b></p>\n<p><b>Loi f\u00e9d\u00e9rale sur la partie g\u00e9n\u00e9rale du droit des assurances sociales </b></p>\n</pd_text>","MeetingCouncilAbbreviation":"N","MeetingDate":"20001006","MeetingVerbalixOid":727,"IdSession":"4604","SpeakerFirstName":"Hanspeter","SpeakerLastName":"Seiler","SpeakerFullName":"Seiler Hanspeter","SpeakerFunction":"P-M","CouncilId":1,"CouncilName":"Nationalrat","CantonId":2,"CantonName":"Bern","CantonAbbreviation":"BE","ParlGroupName":"Fraktion der Schweizerischen Volkspartei","ParlGroupAbbreviation":"V","SortOrder":1,"Start":"\/Date(970822150268)\/","End":"\/Date(970822209555)\/","Function":"","DisplaySpeaker":false,"LanguageOfText":null,"Modified":"\/Date(1774878260105)\/","StartTimeWithTimezone":"\/Date(970822150267+0120)\/","EndTimeWithTimezone":"\/Date(970822209557+0120)\/","VoteBusinessNumber":null,"VoteBusinessShortNumber":null,"VoteBusinessTitle":null}]},"ID":"1379","Language":"DE","IdMeeting":"90","VerbalixOid":20990,"SortOrder":119,"Modified":"\/Date(1774878260103)\/"}}