{"d":{"__metadata":{"id":"https://ws.parlament.ch/OData.svc/Subject(ID=13944L,Language='DE')","uri":"https://ws.parlament.ch/OData.svc/Subject(ID=13944L,Language='DE')","type":"itsystems.Pd.DataServices.DataModel.Subject"},"Meetings":{"__metadata":{"id":"https://ws.parlament.ch/OData.svc/Meeting(ID=1020L,Language='DE')","uri":"https://ws.parlament.ch/OData.svc/Meeting(ID=1020L,Language='DE')","type":"itsystems.Pd.DataServices.DataModel.Meeting"},"Sessions":{"__deferred":{"uri":"https://ws.parlament.ch/OData.svc/Meeting(ID=1020L,Language='DE')/Sessions"}},"Subjects":{"__deferred":{"uri":"https://ws.parlament.ch/OData.svc/Meeting(ID=1020L,Language='DE')/Subjects"}},"ID":"1020","Language":"DE","MeetingNumber":5,"IdSession":4805,"SessionNumber":5,"SessionName":"Herbstsession 2008","Council":1,"CouncilName":"Nationalrat","CouncilAbbreviation":"NR","Date":"\/Date(1221696000000)\/","Begin":"0800","Modified":"\/Date(1447070065343)\/","LegislativePeriodNumber":48,"PublicationStatus":"final","MeetingOrderText":"F\u00fcnfte Sitzung","SortOrder":5,"Location":"N"},"SubjectsBusiness":{"results":[{"__metadata":{"id":"https://ws.parlament.ch/OData.svc/SubjectBusiness(BusinessNumber=20080023,IdSubject=13944L,Language='DE')","uri":"https://ws.parlament.ch/OData.svc/SubjectBusiness(BusinessNumber=20080023,IdSubject=13944L,Language='DE')","type":"itsystems.Pd.DataServices.DataModel.SubjectBusiness"},"Subjects":{"__deferred":{"uri":"https://ws.parlament.ch/OData.svc/SubjectBusiness(BusinessNumber=20080023,IdSubject=13944L,Language='DE')/Subjects"}},"Businesses":{"__deferred":{"uri":"https://ws.parlament.ch/OData.svc/SubjectBusiness(BusinessNumber=20080023,IdSubject=13944L,Language='DE')/Businesses"}},"IdSubject":"13944","BusinessNumber":20080023,"Language":"DE","BusinessShortNumber":"08.023","Title":"Einsatz der Tr\u00e4ger Ariane, Vega und Sojus vom Raumfahrtzentrum Guyana aus. Erkl\u00e4rung europ\u00e4ischer Regierungen","SortOrder":1,"PublishedNotes":"Zweitrat - Deuxi\u00e8me Conseil\n","Modified":"\/Date(1447069360996)\/","TitleDE":"Einsatz der Tr\u00e4ger\nAriane, Vega und Sojus\nvom Raumfahrtzentrum Guyana aus.\nErkl\u00e4rung\neurop\u00e4ischer Regierungen","TitleFR":"Phase d'exploitation\ndes lanceurs Ariane, Vega et Soyouz\nau Centre spatial guyanais.\nD\u00e9claration de certains\ngouvernements europ\u00e9ens","TitleIT":null}]},"Transcripts":{"results":[{"__metadata":{"id":"https://ws.parlament.ch/OData.svc/Transcript(ID=88615L,Language='DE')","uri":"https://ws.parlament.ch/OData.svc/Transcript(ID=88615L,Language='DE')","type":"itsystems.Pd.DataServices.DataModel.Transcript"},"Subjects":{"__deferred":{"uri":"https://ws.parlament.ch/OData.svc/Transcript(ID=88615L,Language='DE')/Subjects"}},"MembersCouncil":{"__deferred":{"uri":"https://ws.parlament.ch/OData.svc/Transcript(ID=88615L,Language='DE')/MembersCouncil"}},"Businesses":{"__deferred":{"uri":"https://ws.parlament.ch/OData.svc/Transcript(ID=88615L,Language='DE')/Businesses"}},"ID":"88615","Language":"DE","IdSubject":"13944","VoteId":"1049","PersonNumber":null,"Type":2,"Text":"<pd_text><p><i>Gesamtabstimmung - Vote sur l'ensemble</i></p>\n<p>[NAM]</p>\n<p>F\u00fcr Annahme des Entwurfes ... 152 Stimmen</p>\n<p>(Einstimmigkeit)</p>\n</pd_text>","MeetingCouncilAbbreviation":"N","MeetingDate":"20080918","MeetingVerbalixOid":1704,"IdSession":"4805","SpeakerFirstName":null,"SpeakerLastName":null,"SpeakerFullName":"","SpeakerFunction":null,"CouncilId":null,"CouncilName":null,"CantonId":null,"CantonName":null,"CantonAbbreviation":null,"ParlGroupName":null,"ParlGroupAbbreviation":null,"SortOrder":5,"Start":"\/Date(1221730751776)\/","End":"\/Date(1221730751776)\/","Function":null,"DisplaySpeaker":null,"LanguageOfText":"DE","Modified":"\/Date(1774877859649)\/","StartTimeWithTimezone":"\/Date(1221730751777+0120)\/","EndTimeWithTimezone":"\/Date(1221730751777+0120)\/","VoteBusinessNumber":20080023,"VoteBusinessShortNumber":"08.023","VoteBusinessTitle":"Einsatz der Tr\u00e4ger\nAriane, Vega und Sojus\nvom Raumfahrtzentrum Guyana aus.\nErkl\u00e4rung\neurop\u00e4ischer Regierungen"},{"__metadata":{"id":"https://ws.parlament.ch/OData.svc/Transcript(ID=88616L,Language='DE')","uri":"https://ws.parlament.ch/OData.svc/Transcript(ID=88616L,Language='DE')","type":"itsystems.Pd.DataServices.DataModel.Transcript"},"Subjects":{"__deferred":{"uri":"https://ws.parlament.ch/OData.svc/Transcript(ID=88616L,Language='DE')/Subjects"}},"MembersCouncil":{"__deferred":{"uri":"https://ws.parlament.ch/OData.svc/Transcript(ID=88616L,Language='DE')/MembersCouncil"}},"Businesses":{"__deferred":{"uri":"https://ws.parlament.ch/OData.svc/Transcript(ID=88616L,Language='DE')/Businesses"}},"ID":"88616","Language":"DE","IdSubject":"13944","VoteId":null,"PersonNumber":453,"Type":1,"Text":"<pd_text><p>Je voudrais souhaiter un bon anniversaire \u00e0 notre coll\u00e8gue Lukas Reimann. <i>(Applaudissements)</i></p>\n<p>[VS]</p>\n<p><i>Eintreten wird ohne Gegenantrag beschlossen</i></p>\n<p><i>L'entr\u00e9e en mati\u00e8re est d\u00e9cid\u00e9e sans opposition</i></p>\n<p>[VS]</p>\n<p><b>Bundesbeschluss zur Genehmigung der Erkl\u00e4rung europ\u00e4ischer Regierungen vom 30. M\u00e4rz 2007 \u00fcber die Phase des Einsatzes der Tr\u00e4ger Ariane, Vega und Sojus vom Raumfahrtzentrum Guayana aus </b></p>\n<p><b>Arr\u00eat\u00e9 f\u00e9d\u00e9ral relatif \u00e0 l'approbation de la D\u00e9claration du 30 mars 2007 de certains gouvernements europ\u00e9ens relative \u00e0 la phase d'exploitation des lanceurs Ariane, Vega et Soyouz au Centre spatial guyanais </b></p>\n<p>[VS]</p>\n<p><i>Detailberatung - Discussion par article</i></p>\n<p>[VS]</p>\n<p><b>Titel und Ingress, Art. 1, 2</b></p>\n<p><i>Antrag der Kommission</i></p>\n<p>Zustimmung zum Beschluss des St\u00e4nderates</p>\n<p>[VS]</p>\n<p><b>Titre et pr\u00e9ambule, art. 1, 2</b></p>\n<p><i>Proposition de la commission</i></p>\n<p>Adh\u00e9rer \u00e0 la d\u00e9cision du Conseil des Etats</p>\n<p>[VS]</p>\n<p><i>Angenommen - Adopt\u00e9</i></p>\n</pd_text>","MeetingCouncilAbbreviation":"N","MeetingDate":"20080918","MeetingVerbalixOid":1704,"IdSession":"4805","SpeakerFirstName":"Andr\u00e9","SpeakerLastName":"Bugnon","SpeakerFullName":"Bugnon Andr\u00e9","SpeakerFunction":"P-M","CouncilId":1,"CouncilName":"Nationalrat","CantonId":22,"CantonName":"Waadt","CantonAbbreviation":"VD","ParlGroupName":"Fraktion der Schweizerischen Volkspartei","ParlGroupAbbreviation":"V","SortOrder":4,"Start":"\/Date(1221730647588)\/","End":"\/Date(1221730751776)\/","Function":"P-M","DisplaySpeaker":true,"LanguageOfText":"FR","Modified":"\/Date(1774877859647)\/","StartTimeWithTimezone":"\/Date(1221730647587+0120)\/","EndTimeWithTimezone":"\/Date(1221730751777+0120)\/","VoteBusinessNumber":null,"VoteBusinessShortNumber":null,"VoteBusinessTitle":null},{"__metadata":{"id":"https://ws.parlament.ch/OData.svc/Transcript(ID=88617L,Language='DE')","uri":"https://ws.parlament.ch/OData.svc/Transcript(ID=88617L,Language='DE')","type":"itsystems.Pd.DataServices.DataModel.Transcript"},"Subjects":{"__deferred":{"uri":"https://ws.parlament.ch/OData.svc/Transcript(ID=88617L,Language='DE')/Subjects"}},"MembersCouncil":{"__deferred":{"uri":"https://ws.parlament.ch/OData.svc/Transcript(ID=88617L,Language='DE')/MembersCouncil"}},"Businesses":{"__deferred":{"uri":"https://ws.parlament.ch/OData.svc/Transcript(ID=88617L,Language='DE')/Businesses"}},"ID":"88617","Language":"DE","IdSubject":"13944","VoteId":null,"PersonNumber":50,"Type":1,"Text":"<pd_text><p>La Suisse a toujours soutenu le principe d'une capacit\u00e9 europ\u00e9enne de lancement ind\u00e9pendante et comp\u00e9titive. Notre pays a financ\u00e9 le d\u00e9veloppement d'Ariane et de ses diverses versions. Il a \u00e9galement financ\u00e9 le programme pour le d\u00e9veloppement du lanceur Vega. Durant la phase de production, l'industrie suisse fournit pour chaque lanceur Ariane cinq diff\u00e9rents composants importants, notamment la coiffe, et tel sera \u00e9galement le cas pour le lanceur Vega.</p>\n<p>Pour continuer l'exploitation d'Ariane et organiser en parall\u00e8le la phase d'exploitation des nouveaux lanceurs Vega et Soyouz, les Etats membres de l'ESA ont choisi de maintenir la r\u00e9partition des comp\u00e9tences entre l'ESA et Arianespace et d'adopter un cadre juridique global pour tous les lanceurs exploit\u00e9s au Centre spatial guyanais. Il s'agit de la D\u00e9claration d'exploitation qui est soumise \u00e0 votre approbation. Cette d\u00e9claration prendra le relais de l'actuelle D\u00e9claration de production Ariane. En pleine continuit\u00e9 avec les pr\u00e9c\u00e9dentes d\u00e9clarations de production Ariane, la D\u00e9claration d'exploitation ne comporte pas d'obligations financi\u00e8res pour la Suisse et n'entra\u00eene pas d'effets sur l'\u00e9tat du personnel. Cette d\u00e9claration a d\u00e9j\u00e0 \u00e9t\u00e9 ratifi\u00e9e par plusieurs pays dont la Norv\u00e8ge, l'Allemagne, le Danemark et les Pays-Bas.</p>\n<p>Par cons\u00e9quent nous vous invitons \u00e0 suivre le Conseil des Etats ainsi que votre commission, \u00e0 poursuivre l'engagement de la Suisse dans ce secteur porteur, \u00e0 entrer en mati\u00e8re et \u00e0 approuver l'arr\u00eat\u00e9 f\u00e9d\u00e9ral relatif \u00e0 cette d\u00e9claration.</p>\n</pd_text>","MeetingCouncilAbbreviation":"N","MeetingDate":"20080918","MeetingVerbalixOid":1704,"IdSession":"4805","SpeakerFirstName":"Pascal","SpeakerLastName":"Couchepin","SpeakerFullName":"Couchepin Pascal","SpeakerFunction":"BPR-M","CouncilId":99,"CouncilName":"Bundesrat","CantonId":23,"CantonName":"Wallis","CantonAbbreviation":"VS","ParlGroupName":null,"ParlGroupAbbreviation":null,"SortOrder":3,"Start":"\/Date(1221730554963)\/","End":"\/Date(1221730647588)\/","Function":"BPR-M","DisplaySpeaker":true,"LanguageOfText":"FR","Modified":"\/Date(1774877859645)\/","StartTimeWithTimezone":"\/Date(1221730554963+0120)\/","EndTimeWithTimezone":"\/Date(1221730647587+0120)\/","VoteBusinessNumber":null,"VoteBusinessShortNumber":null,"VoteBusinessTitle":null},{"__metadata":{"id":"https://ws.parlament.ch/OData.svc/Transcript(ID=88618L,Language='DE')","uri":"https://ws.parlament.ch/OData.svc/Transcript(ID=88618L,Language='DE')","type":"itsystems.Pd.DataServices.DataModel.Transcript"},"Subjects":{"__deferred":{"uri":"https://ws.parlament.ch/OData.svc/Transcript(ID=88618L,Language='DE')/Subjects"}},"MembersCouncil":{"__deferred":{"uri":"https://ws.parlament.ch/OData.svc/Transcript(ID=88618L,Language='DE')/MembersCouncil"}},"Businesses":{"__deferred":{"uri":"https://ws.parlament.ch/OData.svc/Transcript(ID=88618L,Language='DE')/Businesses"}},"ID":"88618","Language":"DE","IdSubject":"13944","VoteId":null,"PersonNumber":1111,"Type":1,"Text":"<pd_text><p>Es geht hier um die Botschaft zur Genehmigung der Erkl\u00e4rung europ\u00e4ischer Regierungen vom 30. M\u00e4rz 2007 \u00fcber die Phase des Einsatzes der Tr\u00e4ger Ariane, Vega und Sojus vom Raumfahrtzentrum Guayana aus.</p>\n<p>Die Schweiz hat sich seit 1975 aktiv an der Entwicklung und Produktion des Weltraumtransporters Ariane beteiligt und ist Gr\u00fcndungsmitglied der europ\u00e4ischen Weltraumorganisation ESA. 1985 wurde in diesem Zusammenhang eine entsprechende Erkl\u00e4rung von der Schweiz ratifiziert. Die Geltungsdauer l\u00e4uft nun aus. Wie Sie der Botschaft entnehmen k\u00f6nnen, geht es darum, auch die neue Tr\u00e4gerrakete Vega, dann auch Sojus, einzubeziehen, sowie eine einheitliche Rechtsgrundlage zu schaffen. Grundlage bildet die erw\u00e4hnte Erkl\u00e4rung der europ\u00e4ischen Regierungen. Die zu genehmigende Erkl\u00e4rung \u00fcber die Tr\u00e4gereinsatzphase \u00fcbernimmt die Struktur der Erkl\u00e4rung \u00fcber die Produktionsphase von Ariane und weitet deren Geltungsbereich auf die Tr\u00e4ger Vega und Sojus aus. Folglich f\u00fchrt die Erkl\u00e4rung \u00fcber die Tr\u00e4gereinsatzphase zu keinen finanziellen Verpflichtungen f\u00fcr den Bund und wirkt sich auch nicht auf den Personalbestand aus. Es handelt sich hier um eine spannende Raumfahrt\u00e4ra, in welcher die Schweiz, was vielen nicht bewusst ist, zu den f\u00fchrenden Akteuren in den Bereichen Weltraumforschung und Raumfahrttechnik z\u00e4hlt. </p>\n<p>Im Namen der Kommission, die ihren Entscheid einstimmig bei einer Enthaltung gef\u00e4llt hat, bitte ich Sie, auf die Vorlage einzutreten und dem Bundesbeschluss zuzustimmen.</p>\n</pd_text>","MeetingCouncilAbbreviation":"N","MeetingDate":"20080918","MeetingVerbalixOid":1704,"IdSession":"4805","SpeakerFirstName":"Felix","SpeakerLastName":"M\u00fcri","SpeakerFullName":"M\u00fcri Felix","SpeakerFunction":"Mit-M","CouncilId":1,"CouncilName":"Nationalrat","CantonId":3,"CantonName":"Luzern","CantonAbbreviation":"LU","ParlGroupName":"Fraktion der Schweizerischen Volkspartei","ParlGroupAbbreviation":"V","SortOrder":2,"Start":"\/Date(1221730430713)\/","End":"\/Date(1221730554963)\/","Function":"*","DisplaySpeaker":true,"LanguageOfText":"DE","Modified":"\/Date(1774877859644)\/","StartTimeWithTimezone":"\/Date(1221730430713+0120)\/","EndTimeWithTimezone":"\/Date(1221730554963+0120)\/","VoteBusinessNumber":null,"VoteBusinessShortNumber":null,"VoteBusinessTitle":null},{"__metadata":{"id":"https://ws.parlament.ch/OData.svc/Transcript(ID=88619L,Language='DE')","uri":"https://ws.parlament.ch/OData.svc/Transcript(ID=88619L,Language='DE')","type":"itsystems.Pd.DataServices.DataModel.Transcript"},"Subjects":{"__deferred":{"uri":"https://ws.parlament.ch/OData.svc/Transcript(ID=88619L,Language='DE')/Subjects"}},"MembersCouncil":{"__deferred":{"uri":"https://ws.parlament.ch/OData.svc/Transcript(ID=88619L,Language='DE')/MembersCouncil"}},"Businesses":{"__deferred":{"uri":"https://ws.parlament.ch/OData.svc/Transcript(ID=88619L,Language='DE')/Businesses"}},"ID":"88619","Language":"DE","IdSubject":"13944","VoteId":null,"PersonNumber":3833,"Type":1,"Text":"<pd_text><p>Notre pays a particip\u00e9 d\u00e8s le d\u00e9but, et de mani\u00e8re active, au d\u00e9veloppement du programme Ariane, programme pour le d\u00e9veloppement et la construction de lanceurs europ\u00e9ens. La Suisse est \u00e9galement un des membres fondateurs de l'Agence spatiale europ\u00e9enne, l'ESA, fond\u00e9e en 1975. L'an pass\u00e9, notre conseil a confirm\u00e9 sa participation \u00e0 l'ESA lors de l'acceptation du budget. </p>\n<p>En 1980, l'exploitation du lanceur Ariane a \u00e9t\u00e9 confi\u00e9e \u00e0 la soci\u00e9t\u00e9 anonyme de droit priv\u00e9 Arianespace qui a son si\u00e8ge \u00e0 Evry, pr\u00e8s de Paris. La base juridique de ce transfert de la production en s\u00e9rie \u00e0 Arianespace est constitu\u00e9e par une d\u00e9claration de certains gouvernements europ\u00e9ens. Notre [PAGE 1165] pays l'a ratifi\u00e9e en 1985, et apr\u00e8s plusieurs prolongations, elle se terminera fin 2008.</p>\n<p>D\u00e8s les d\u00e9buts de la conception d'Ariane 1, des entreprises industrielles suisses ont particip\u00e9 au d\u00e9veloppement et \u00e0 la construction des lanceurs spatiaux europ\u00e9ens. Dans la phase d'exploitation actuelle des lanceurs Ariane, la Conf\u00e9d\u00e9ration finance une part inf\u00e9rieure \u00e0 2 pour cent des d\u00e9penses totales, alors que le retour financier en Suisse sous forme de contrats de production repr\u00e9sente 3,5 pour cent du m\u00eame total. Pour les fus\u00e9es Ariane de g\u00e9n\u00e9ration 1 \u00e0 4, par exemple, les contrats industriels pass\u00e9s avec des entreprises suisses repr\u00e9sentent plus de 700 millions de francs.</p>\n<p>Pour poursuivre la production du lanceur Ariane et pr\u00e9parer, en parall\u00e8le, la phase d'exploitation du nouveau lanceur Vega de l'ESA et du lanceur russe Soyouz, les Etats membres de l'ESA ont d\u00e9cid\u00e9 de mettre en place un cadre juridique pour l'exploitation de tous les lanceurs au Centre spatial guyanais, en maintenant l'actuelle r\u00e9partition des comp\u00e9tences entre l'ESA et la soci\u00e9t\u00e9 Arianespace.</p>\n<p>Le pr\u00e9sent message que le Conseil f\u00e9d\u00e9ral soumet au Parlement est le r\u00e9sultat des n\u00e9gociations qui ont abouti \u00e0 la D\u00e9claration du 30 mars 2007 de certains gouvernements europ\u00e9ens relative \u00e0 la phase d'exploitation des lanceurs Ariane, Vega et Soyouz au Centre spatial guyanais. Cette d\u00e9claration relative \u00e0 la phase d'exploitation n'a pas de cons\u00e9quences financi\u00e8res; elle sera limit\u00e9e dans le temps et ne requiert pas l'adoption ou la modification d'une loi f\u00e9d\u00e9rale. De ce fait, l'arr\u00eat\u00e9 f\u00e9d\u00e9ral y relatif n'est pas sujet au r\u00e9f\u00e9rendum en mati\u00e8re de trait\u00e9s internationaux. La d\u00e9claration prendra effet lorsque deux tiers des Etats membres de l'ESA l'auront accept\u00e9e et restera en vigueur jusqu'en 2020.</p>\n<p>Le Conseil des Etats a adopt\u00e9, \u00e0 l'unanimit\u00e9, le projet d'approbation de cette d\u00e9claration le 5 juin. C'est aussi \u00e0 l'unanimit\u00e9 que la commission vous propose de l'adopter.</p>\n</pd_text>","MeetingCouncilAbbreviation":"N","MeetingDate":"20080918","MeetingVerbalixOid":1704,"IdSession":"4805","SpeakerFirstName":"Josiane","SpeakerLastName":"Aubert","SpeakerFullName":"Aubert Josiane","SpeakerFunction":"Mit-F","CouncilId":1,"CouncilName":"Nationalrat","CantonId":22,"CantonName":"Waadt","CantonAbbreviation":"VD","ParlGroupName":"Sozialdemokratische Fraktion","ParlGroupAbbreviation":"S","SortOrder":1,"Start":"\/Date(1221730233807)\/","End":"\/Date(1221730430713)\/","Function":"*","DisplaySpeaker":true,"LanguageOfText":"FR","Modified":"\/Date(1774877859642)\/","StartTimeWithTimezone":"\/Date(1221730233807+0120)\/","EndTimeWithTimezone":"\/Date(1221730430713+0120)\/","VoteBusinessNumber":null,"VoteBusinessShortNumber":null,"VoteBusinessTitle":null}]},"ID":"13944","Language":"DE","IdMeeting":"1020","VerbalixOid":279384,"SortOrder":3,"Modified":"\/Date(1774877859639)\/"}}