{"d":{"__metadata":{"id":"https://ws.parlament.ch/OData.svc/Subject(ID=1403L,Language='DE')","uri":"https://ws.parlament.ch/OData.svc/Subject(ID=1403L,Language='DE')","type":"itsystems.Pd.DataServices.DataModel.Subject"},"Meetings":{"__metadata":{"id":"https://ws.parlament.ch/OData.svc/Meeting(ID=90L,Language='DE')","uri":"https://ws.parlament.ch/OData.svc/Meeting(ID=90L,Language='DE')","type":"itsystems.Pd.DataServices.DataModel.Meeting"},"Sessions":{"__deferred":{"uri":"https://ws.parlament.ch/OData.svc/Meeting(ID=90L,Language='DE')/Sessions"}},"Subjects":{"__deferred":{"uri":"https://ws.parlament.ch/OData.svc/Meeting(ID=90L,Language='DE')/Subjects"}},"ID":"90","Language":"DE","MeetingNumber":11,"IdSession":4604,"SessionNumber":4,"SessionName":"Herbstsession 2000","Council":1,"CouncilName":"Nationalrat","CouncilAbbreviation":"NR","Date":"\/Date(970790400000)\/","Begin":"0800","Modified":"\/Date(1447069730310)\/","LegislativePeriodNumber":46,"PublicationStatus":"final","MeetingOrderText":"Elfte Sitzung","SortOrder":11,"Location":"N"},"SubjectsBusiness":{"results":[{"__metadata":{"id":"https://ws.parlament.ch/OData.svc/SubjectBusiness(BusinessNumber=20000047,IdSubject=1403L,Language='DE')","uri":"https://ws.parlament.ch/OData.svc/SubjectBusiness(BusinessNumber=20000047,IdSubject=1403L,Language='DE')","type":"itsystems.Pd.DataServices.DataModel.SubjectBusiness"},"Subjects":{"__deferred":{"uri":"https://ws.parlament.ch/OData.svc/SubjectBusiness(BusinessNumber=20000047,IdSubject=1403L,Language='DE')/Subjects"}},"Businesses":{"__deferred":{"uri":"https://ws.parlament.ch/OData.svc/SubjectBusiness(BusinessNumber=20000047,IdSubject=1403L,Language='DE')/Businesses"}},"IdSubject":"1403","BusinessNumber":20000047,"Language":"DE","BusinessShortNumber":"00.047","Title":"Krankenversicherungsgesetz. \u00c4nderung (Pr\u00e4mienverbilligung f\u00fcr Personen mit Wohnort in einem EG-Staat)","SortOrder":1,"PublishedNotes":"Schlussabstimmung - Vote final\n","Modified":"\/Date(1447069112013)\/","TitleDE":"Pr\u00e4mienverbilligung f\u00fcr Personen\nmit Wohnort in einem EG-Staat.\n\u00c4nderung\ndes Krankenversicherungsgesetzes","TitleFR":"R\u00e9duction des primes des personnes\nr\u00e9sidant dans un Etat membre de la CE.\nModification\nde la loi sur l'assurance-maladie","TitleIT":null}]},"Transcripts":{"results":[{"__metadata":{"id":"https://ws.parlament.ch/OData.svc/Transcript(ID=7105L,Language='DE')","uri":"https://ws.parlament.ch/OData.svc/Transcript(ID=7105L,Language='DE')","type":"itsystems.Pd.DataServices.DataModel.Transcript"},"Subjects":{"__deferred":{"uri":"https://ws.parlament.ch/OData.svc/Transcript(ID=7105L,Language='DE')/Subjects"}},"MembersCouncil":{"__deferred":{"uri":"https://ws.parlament.ch/OData.svc/Transcript(ID=7105L,Language='DE')/MembersCouncil"}},"Businesses":{"__deferred":{"uri":"https://ws.parlament.ch/OData.svc/Transcript(ID=7105L,Language='DE')/Businesses"}},"ID":"7105","Language":"DE","IdSubject":"1403","VoteId":"901","PersonNumber":null,"Type":2,"Text":"<pd_text><p><i>Abstimmung - Vote</i></p>\n<p>[NAM]</p>\n<p>F\u00fcr Annahme des Entwurfes .... 159 Stimmen</p>\n<p>Dagegen .... 17 Stimmen</p>\n</pd_text>","MeetingCouncilAbbreviation":"N","MeetingDate":"20001006","MeetingVerbalixOid":727,"IdSession":"4604","SpeakerFirstName":null,"SpeakerLastName":null,"SpeakerFullName":"","SpeakerFunction":null,"CouncilId":null,"CouncilName":null,"CantonId":null,"CantonName":null,"CantonAbbreviation":null,"ParlGroupName":null,"ParlGroupAbbreviation":null,"SortOrder":2,"Start":"\/Date(970821231610)\/","End":"\/Date(970821231610)\/","Function":null,"DisplaySpeaker":null,"LanguageOfText":"DE","Modified":"\/Date(1774878260029)\/","StartTimeWithTimezone":"\/Date(970821231610+0120)\/","EndTimeWithTimezone":"\/Date(970821231610+0120)\/","VoteBusinessNumber":20000047,"VoteBusinessShortNumber":"00.047","VoteBusinessTitle":"Pr\u00e4mienverbilligung f\u00fcr Personen\nmit Wohnort in einem EG-Staat.\n\u00c4nderung\ndes Krankenversicherungsgesetzes"},{"__metadata":{"id":"https://ws.parlament.ch/OData.svc/Transcript(ID=7106L,Language='DE')","uri":"https://ws.parlament.ch/OData.svc/Transcript(ID=7106L,Language='DE')","type":"itsystems.Pd.DataServices.DataModel.Transcript"},"Subjects":{"__deferred":{"uri":"https://ws.parlament.ch/OData.svc/Transcript(ID=7106L,Language='DE')/Subjects"}},"MembersCouncil":{"__deferred":{"uri":"https://ws.parlament.ch/OData.svc/Transcript(ID=7106L,Language='DE')/MembersCouncil"}},"Businesses":{"__deferred":{"uri":"https://ws.parlament.ch/OData.svc/Transcript(ID=7106L,Language='DE')/Businesses"}},"ID":"7106","Language":"DE","IdSubject":"1403","VoteId":null,"PersonNumber":205,"Type":1,"Text":"<pd_text><p><b>Bundesgesetz \u00fcber die Krankenversicherung </b></p>\n<p><b>Loi f\u00e9d\u00e9rale sur l'assurance-maladie </b></p>\n</pd_text>","MeetingCouncilAbbreviation":"N","MeetingDate":"20001006","MeetingVerbalixOid":727,"IdSession":"4604","SpeakerFirstName":"Hanspeter","SpeakerLastName":"Seiler","SpeakerFullName":"Seiler Hanspeter","SpeakerFunction":"P-M","CouncilId":1,"CouncilName":"Nationalrat","CantonId":2,"CantonName":"Bern","CantonAbbreviation":"BE","ParlGroupName":"Fraktion der Schweizerischen Volkspartei","ParlGroupAbbreviation":"V","SortOrder":1,"Start":"\/Date(970821156147)\/","End":"\/Date(970821231610)\/","Function":"","DisplaySpeaker":false,"LanguageOfText":null,"Modified":"\/Date(1774878260025)\/","StartTimeWithTimezone":"\/Date(970821156147+0120)\/","EndTimeWithTimezone":"\/Date(970821231610+0120)\/","VoteBusinessNumber":null,"VoteBusinessShortNumber":null,"VoteBusinessTitle":null}]},"ID":"1403","Language":"DE","IdMeeting":"90","VerbalixOid":20950,"SortOrder":107,"Modified":"\/Date(1774878260023)\/"}}