{"d":{"__metadata":{"id":"https://ws.parlament.ch/OData.svc/Subject(ID=14145L,Language='DE')","uri":"https://ws.parlament.ch/OData.svc/Subject(ID=14145L,Language='DE')","type":"itsystems.Pd.DataServices.DataModel.Subject"},"Meetings":{"__metadata":{"id":"https://ws.parlament.ch/OData.svc/Meeting(ID=1028L,Language='DE')","uri":"https://ws.parlament.ch/OData.svc/Meeting(ID=1028L,Language='DE')","type":"itsystems.Pd.DataServices.DataModel.Meeting"},"Sessions":{"__deferred":{"uri":"https://ws.parlament.ch/OData.svc/Meeting(ID=1028L,Language='DE')/Sessions"}},"Subjects":{"__deferred":{"uri":"https://ws.parlament.ch/OData.svc/Meeting(ID=1028L,Language='DE')/Subjects"}},"ID":"1028","Language":"DE","MeetingNumber":13,"IdSession":4805,"SessionNumber":5,"SessionName":"Herbstsession 2008","Council":1,"CouncilName":"Nationalrat","CouncilAbbreviation":"NR","Date":"\/Date(1222819200000)\/","Begin":"0830","Modified":"\/Date(1447070069770)\/","LegislativePeriodNumber":48,"PublicationStatus":"final","MeetingOrderText":"Dreizehnte Sitzung","SortOrder":13,"Location":"N"},"SubjectsBusiness":{"results":[{"__metadata":{"id":"https://ws.parlament.ch/OData.svc/SubjectBusiness(BusinessNumber=20083446,IdSubject=14145L,Language='DE')","uri":"https://ws.parlament.ch/OData.svc/SubjectBusiness(BusinessNumber=20083446,IdSubject=14145L,Language='DE')","type":"itsystems.Pd.DataServices.DataModel.SubjectBusiness"},"Subjects":{"__deferred":{"uri":"https://ws.parlament.ch/OData.svc/SubjectBusiness(BusinessNumber=20083446,IdSubject=14145L,Language='DE')/Subjects"}},"Businesses":{"__deferred":{"uri":"https://ws.parlament.ch/OData.svc/SubjectBusiness(BusinessNumber=20083446,IdSubject=14145L,Language='DE')/Businesses"}},"IdSubject":"14145","BusinessNumber":20083446,"Language":"DE","BusinessShortNumber":"08.3446","Title":"Wahl des Chefs der Armee. \u00dcberpr\u00fcfung des Verfahrens","SortOrder":1,"PublishedNotes":null,"Modified":"\/Date(1447069377973)\/","TitleDE":"Postulat SiK-NR.\nWahl des Chefs der Armee.\n\u00dcberpr\u00fcfung des Verfahrens","TitleFR":"Postulat CPS-CN.\nNomination du chef de l'arm\u00e9e.\nEvaluation de la proc\u00e9dure","TitleIT":null}]},"Transcripts":{"results":[{"__metadata":{"id":"https://ws.parlament.ch/OData.svc/Transcript(ID=89561L,Language='DE')","uri":"https://ws.parlament.ch/OData.svc/Transcript(ID=89561L,Language='DE')","type":"itsystems.Pd.DataServices.DataModel.Transcript"},"Subjects":{"__deferred":{"uri":"https://ws.parlament.ch/OData.svc/Transcript(ID=89561L,Language='DE')/Subjects"}},"MembersCouncil":{"__deferred":{"uri":"https://ws.parlament.ch/OData.svc/Transcript(ID=89561L,Language='DE')/MembersCouncil"}},"Businesses":{"__deferred":{"uri":"https://ws.parlament.ch/OData.svc/Transcript(ID=89561L,Language='DE')/Businesses"}},"ID":"89561","Language":"DE","IdSubject":"14145","VoteId":null,"PersonNumber":453,"Type":1,"Text":"<pd_text><p>Le Conseil f\u00e9d\u00e9ral est pr\u00eat \u00e0 accepter le postulat.</p>\n<p>[VS]</p>\n<p><i>Angenommen - Adopt\u00e9</i></p>\n<p>[PAGE 1447] </p>\n</pd_text>","MeetingCouncilAbbreviation":"N","MeetingDate":"20081001","MeetingVerbalixOid":1712,"IdSession":"4805","SpeakerFirstName":"Andr\u00e9","SpeakerLastName":"Bugnon","SpeakerFullName":"Bugnon Andr\u00e9","SpeakerFunction":"P-M","CouncilId":1,"CouncilName":"Nationalrat","CantonId":22,"CantonName":"Waadt","CantonAbbreviation":"VD","ParlGroupName":"Fraktion der Schweizerischen Volkspartei","ParlGroupAbbreviation":"V","SortOrder":1,"Start":"\/Date(1222860429918)\/","End":"\/Date(1222860527965)\/","Function":"P-M","DisplaySpeaker":true,"LanguageOfText":"FR","Modified":"\/Date(1774877866729)\/","StartTimeWithTimezone":"\/Date(1222860429917+0120)\/","EndTimeWithTimezone":"\/Date(1222860527967+0120)\/","VoteBusinessNumber":null,"VoteBusinessShortNumber":null,"VoteBusinessTitle":null}]},"ID":"14145","Language":"DE","IdMeeting":"1028","VerbalixOid":282727,"SortOrder":50,"Modified":"\/Date(1774877866726)\/"}}