{"d":{"__metadata":{"id":"https://ws.parlament.ch/OData.svc/Subject(ID=14312L,Language='DE')","uri":"https://ws.parlament.ch/OData.svc/Subject(ID=14312L,Language='DE')","type":"itsystems.Pd.DataServices.DataModel.Subject"},"Meetings":{"__metadata":{"id":"https://ws.parlament.ch/OData.svc/Meeting(ID=1044L,Language='DE')","uri":"https://ws.parlament.ch/OData.svc/Meeting(ID=1044L,Language='DE')","type":"itsystems.Pd.DataServices.DataModel.Meeting"},"Sessions":{"__deferred":{"uri":"https://ws.parlament.ch/OData.svc/Meeting(ID=1044L,Language='DE')/Sessions"}},"Subjects":{"__deferred":{"uri":"https://ws.parlament.ch/OData.svc/Meeting(ID=1044L,Language='DE')/Subjects"}},"ID":"1044","Language":"DE","MeetingNumber":13,"IdSession":4805,"SessionNumber":5,"SessionName":"Herbstsession 2008","Council":2,"CouncilName":"St\u00e4nderat","CouncilAbbreviation":"SR","Date":"\/Date(1222992000000)\/","Begin":"0815","Modified":"\/Date(1447070075027)\/","LegislativePeriodNumber":48,"PublicationStatus":"final","MeetingOrderText":"Dreizehnte Sitzung","SortOrder":13,"Location":"S"},"SubjectsBusiness":{"results":[{"__metadata":{"id":"https://ws.parlament.ch/OData.svc/SubjectBusiness(BusinessNumber=20060089,IdSubject=14312L,Language='DE')","uri":"https://ws.parlament.ch/OData.svc/SubjectBusiness(BusinessNumber=20060089,IdSubject=14312L,Language='DE')","type":"itsystems.Pd.DataServices.DataModel.SubjectBusiness"},"Subjects":{"__deferred":{"uri":"https://ws.parlament.ch/OData.svc/SubjectBusiness(BusinessNumber=20060089,IdSubject=14312L,Language='DE')/Subjects"}},"Businesses":{"__deferred":{"uri":"https://ws.parlament.ch/OData.svc/SubjectBusiness(BusinessNumber=20060089,IdSubject=14312L,Language='DE')/Businesses"}},"IdSubject":"14312","BusinessNumber":20060089,"Language":"DE","BusinessShortNumber":"06.089","Title":"Bucheffektengesetz","SortOrder":1,"PublishedNotes":"Schlussabstimmung - Vote final\n","Modified":"\/Date(1447069296470)\/","TitleDE":"Bucheffektengesetz","TitleFR":"Loi sur les titres interm\u00e9di\u00e9s","TitleIT":null}]},"Transcripts":{"results":[{"__metadata":{"id":"https://ws.parlament.ch/OData.svc/Transcript(ID=90970L,Language='DE')","uri":"https://ws.parlament.ch/OData.svc/Transcript(ID=90970L,Language='DE')","type":"itsystems.Pd.DataServices.DataModel.Transcript"},"Subjects":{"__deferred":{"uri":"https://ws.parlament.ch/OData.svc/Transcript(ID=90970L,Language='DE')/Subjects"}},"MembersCouncil":{"__deferred":{"uri":"https://ws.parlament.ch/OData.svc/Transcript(ID=90970L,Language='DE')/MembersCouncil"}},"Businesses":{"__deferred":{"uri":"https://ws.parlament.ch/OData.svc/Transcript(ID=90970L,Language='DE')/Businesses"}},"ID":"90970","Language":"DE","IdSubject":"14312","VoteId":null,"PersonNumber":276,"Type":1,"Text":"<pd_text><p><b>1. Bundesgesetz \u00fcber Bucheffekten </b></p>\n<p><b>1. Loi f\u00e9d\u00e9rale sur les titres interm\u00e9di\u00e9s </b></p>\n<p>[VS]</p>\n<p><i>Abstimmung - Vote</i></p>\n<p>F\u00fcr Annahme des Entwurfes ... 43 Stimmen</p>\n<p>(Einstimmigkeit)</p>\n<p>(0 Enthaltungen)</p>\n<p>[VS]</p>\n<p>[VS]</p>\n<p><b>2. Bundesbeschluss \u00fcber die Genehmigung und Umsetzung des \u00dcbereinkommens vom 5. Juli 2006 \u00fcber die auf bestimmte Rechte an intermedi\u00e4rverwahrten Wertpapieren anzuwendende Rechtsordnung </b></p>\n<p><b>2. Arr\u00eat\u00e9 f\u00e9d\u00e9ral portant approbation et mise en oeuvre de la Convention de La Haye du 5 juillet 2006 sur la loi applicable \u00e0 certains droits sur des titres d\u00e9tenus aupr\u00e8s d'un interm\u00e9diaire </b></p>\n<p>[VS]</p>\n<p><i>Abstimmung - Vote</i></p>\n<p>F\u00fcr Annahme des Entwurfes ... 43 Stimmen</p>\n<p>(Einstimmigkeit)</p>\n<p>(0 Enthaltungen)</p>\n</pd_text>","MeetingCouncilAbbreviation":"S","MeetingDate":"20081003","MeetingVerbalixOid":1729,"IdSession":"4805","SpeakerFirstName":"Christoffel","SpeakerLastName":"Br\u00e4ndli","SpeakerFullName":"Br\u00e4ndli Christoffel","SpeakerFunction":"P-M","CouncilId":2,"CouncilName":"St\u00e4nderat","CantonId":18,"CantonName":"Graub\u00fcnden","CantonAbbreviation":"GR","ParlGroupName":"Fraktion der Schweizerischen Volkspartei","ParlGroupAbbreviation":"V","SortOrder":1,"Start":"\/Date(1223022075307)\/","End":"\/Date(1223022153713)\/","Function":"P-M","DisplaySpeaker":false,"LanguageOfText":null,"Modified":"\/Date(1510849884033)\/","StartTimeWithTimezone":"\/Date(1223022075307+0120)\/","EndTimeWithTimezone":"\/Date(1223022153713+0120)\/","VoteBusinessNumber":null,"VoteBusinessShortNumber":null,"VoteBusinessTitle":null}]},"ID":"14312","Language":"DE","IdMeeting":"1044","VerbalixOid":283848,"SortOrder":4,"Modified":"\/Date(1510849884033)\/"}}