{"d":{"__metadata":{"id":"https://ws.parlament.ch/OData.svc/Subject(ID=14638L,Language='DE')","uri":"https://ws.parlament.ch/OData.svc/Subject(ID=14638L,Language='DE')","type":"itsystems.Pd.DataServices.DataModel.Subject"},"Meetings":{"__metadata":{"id":"https://ws.parlament.ch/OData.svc/Meeting(ID=1060L,Language='DE')","uri":"https://ws.parlament.ch/OData.svc/Meeting(ID=1060L,Language='DE')","type":"itsystems.Pd.DataServices.DataModel.Meeting"},"Sessions":{"__deferred":{"uri":"https://ws.parlament.ch/OData.svc/Meeting(ID=1060L,Language='DE')/Sessions"}},"Subjects":{"__deferred":{"uri":"https://ws.parlament.ch/OData.svc/Meeting(ID=1060L,Language='DE')/Subjects"}},"ID":"1060","Language":"DE","MeetingNumber":15,"IdSession":4806,"SessionNumber":6,"SessionName":"Wintersession 2008","Council":1,"CouncilName":"Nationalrat","CouncilAbbreviation":"NR","Date":"\/Date(1229644800000)\/","Begin":"0800","Modified":"\/Date(1447070081533)\/","LegislativePeriodNumber":48,"PublicationStatus":"final","MeetingOrderText":"F\u00fcnfzehnte Sitzung","SortOrder":15,"Location":"N"},"SubjectsBusiness":{"results":[{"__metadata":{"id":"https://ws.parlament.ch/OData.svc/SubjectBusiness(BusinessNumber=20060092,IdSubject=14638L,Language='DE')","uri":"https://ws.parlament.ch/OData.svc/SubjectBusiness(BusinessNumber=20060092,IdSubject=14638L,Language='DE')","type":"itsystems.Pd.DataServices.DataModel.SubjectBusiness"},"Subjects":{"__deferred":{"uri":"https://ws.parlament.ch/OData.svc/SubjectBusiness(BusinessNumber=20060092,IdSubject=14638L,Language='DE')/Subjects"}},"Businesses":{"__deferred":{"uri":"https://ws.parlament.ch/OData.svc/SubjectBusiness(BusinessNumber=20060092,IdSubject=14638L,Language='DE')/Businesses"}},"IdSubject":"14638","BusinessNumber":20060092,"Language":"DE","BusinessShortNumber":"06.092","Title":"Berufliche Vorsorge. Mindestumwandlungssatz","SortOrder":1,"PublishedNotes":"Schlussabstimmung - Vote final\n","Modified":"\/Date(1447069296530)\/","TitleDE":"Berufliche Vorsorge.\nMindestumwandlungssatz","TitleFR":"Pr\u00e9voyance professionnelle.\nTaux de conversion","TitleIT":null}]},"Transcripts":{"results":[{"__metadata":{"id":"https://ws.parlament.ch/OData.svc/Transcript(ID=92482L,Language='DE')","uri":"https://ws.parlament.ch/OData.svc/Transcript(ID=92482L,Language='DE')","type":"itsystems.Pd.DataServices.DataModel.Transcript"},"Subjects":{"__deferred":{"uri":"https://ws.parlament.ch/OData.svc/Transcript(ID=92482L,Language='DE')/Subjects"}},"MembersCouncil":{"__deferred":{"uri":"https://ws.parlament.ch/OData.svc/Transcript(ID=92482L,Language='DE')/MembersCouncil"}},"Businesses":{"__deferred":{"uri":"https://ws.parlament.ch/OData.svc/Transcript(ID=92482L,Language='DE')/Businesses"}},"ID":"92482","Language":"DE","IdSubject":"14638","VoteId":"1694","PersonNumber":null,"Type":2,"Text":"<pd_text><p><b>Bundesgesetz \u00fcber die berufliche Alters-, Hinterlassenen- und Invalidenvorsorge (Mindestumwandlungssatz) </b></p>\n<p><b>Loi f\u00e9d\u00e9rale sur la pr\u00e9voyance professionnelle vieillesse, survivants et invalidit\u00e9 (Taux de conversion minimal) </b></p>\n<p>[VS]</p>\n<p><i>Abstimmung - Vote</i></p>\n<p>[NAM]</p>\n<p>F\u00fcr Annahme des Entwurfes ... 126 Stimmen</p>\n<p>Dagegen ... 62 Stimmen</p>\n<p>[PAGE 1976] </p>\n</pd_text>","MeetingCouncilAbbreviation":"N","MeetingDate":"20081219","MeetingVerbalixOid":1746,"IdSession":"4806","SpeakerFirstName":null,"SpeakerLastName":null,"SpeakerFullName":"","SpeakerFunction":null,"CouncilId":null,"CouncilName":null,"CantonId":null,"CantonName":null,"CantonAbbreviation":null,"ParlGroupName":null,"ParlGroupAbbreviation":null,"SortOrder":3,"Start":"\/Date(1229676695521)\/","End":"\/Date(1229676695521)\/","Function":null,"DisplaySpeaker":null,"LanguageOfText":"DE","Modified":"\/Date(1774877856338)\/","StartTimeWithTimezone":"\/Date(1229676695520+0060)\/","EndTimeWithTimezone":"\/Date(1229676695520+0060)\/","VoteBusinessNumber":20060092,"VoteBusinessShortNumber":"06.092","VoteBusinessTitle":"Berufliche Vorsorge.\nMindestumwandlungssatz"},{"__metadata":{"id":"https://ws.parlament.ch/OData.svc/Transcript(ID=92483L,Language='DE')","uri":"https://ws.parlament.ch/OData.svc/Transcript(ID=92483L,Language='DE')","type":"itsystems.Pd.DataServices.DataModel.Transcript"},"Subjects":{"__deferred":{"uri":"https://ws.parlament.ch/OData.svc/Transcript(ID=92483L,Language='DE')/Subjects"}},"MembersCouncil":{"__deferred":{"uri":"https://ws.parlament.ch/OData.svc/Transcript(ID=92483L,Language='DE')/MembersCouncil"}},"Businesses":{"__deferred":{"uri":"https://ws.parlament.ch/OData.svc/Transcript(ID=92483L,Language='DE')/Businesses"}},"ID":"92483","Language":"DE","IdSubject":"14638","VoteId":null,"PersonNumber":241,"Type":1,"Text":"<pd_text><p>Lorsqu'on est touch\u00e9 personnellement dans le deuxi\u00e8me pilier, on se demande comment un parlement peut, dans la m\u00eame session, donner 68 milliards de francs \u00e0 l'UBS et en m\u00eame temps r\u00e9duire de 10 pour cent le montant des rentes du deuxi\u00e8me pilier. De toute fa\u00e7on, cela fera que les gens les plus modestes demanderont des prestations compl\u00e9mentaires, ou qu'ils solliciteront les communes pour toucher des aides sociales.</p>\n<p>Le Conseil national a vot\u00e9 avant le Conseil des Etats, mais il a surtout vot\u00e9 avant la crise financi\u00e8re. Vous savez bien qu'il y aura un r\u00e9f\u00e9rendum qui sera lanc\u00e9 par le Parti suisse du travail, Unia, l'Avivo et certainement bien d'autres forces politiques.</p>\n<p>Je vous lance un appel, non pas seulement \u00e0 vous de la gauche, mais aussi \u00e0 vous de la droite de ce conseil. Vous savez bien que, devant le peuple, ce projet n'a aucune chance de passer dans la situation financi\u00e8re et politique que nous connaissons. Il vaut donc mieux aujourd'hui dire non \u00e0 ce projet, pour reprendre le travail depuis le d\u00e9but.</p>\n<p>[VS]</p>\n</pd_text>","MeetingCouncilAbbreviation":"N","MeetingDate":"20081219","MeetingVerbalixOid":1746,"IdSession":"4806","SpeakerFirstName":"Josef","SpeakerLastName":"Zisyadis","SpeakerFullName":"Zisyadis Josef","SpeakerFunction":"Mit-M","CouncilId":1,"CouncilName":"Nationalrat","CantonId":22,"CantonName":"Waadt","CantonAbbreviation":"VD","ParlGroupName":"Gr\u00fcne Fraktion","ParlGroupAbbreviation":"G","SortOrder":2,"Start":"\/Date(1229676187194)\/","End":"\/Date(1229676695521)\/","Function":"Mit-M","DisplaySpeaker":true,"LanguageOfText":"FR","Modified":"\/Date(1774877856334)\/","StartTimeWithTimezone":"\/Date(1229676187193+0060)\/","EndTimeWithTimezone":"\/Date(1229676695520+0060)\/","VoteBusinessNumber":null,"VoteBusinessShortNumber":null,"VoteBusinessTitle":null},{"__metadata":{"id":"https://ws.parlament.ch/OData.svc/Transcript(ID=92484L,Language='DE')","uri":"https://ws.parlament.ch/OData.svc/Transcript(ID=92484L,Language='DE')","type":"itsystems.Pd.DataServices.DataModel.Transcript"},"Subjects":{"__deferred":{"uri":"https://ws.parlament.ch/OData.svc/Transcript(ID=92484L,Language='DE')/Subjects"}},"MembersCouncil":{"__deferred":{"uri":"https://ws.parlament.ch/OData.svc/Transcript(ID=92484L,Language='DE')/MembersCouncil"}},"Businesses":{"__deferred":{"uri":"https://ws.parlament.ch/OData.svc/Transcript(ID=92484L,Language='DE')/Businesses"}},"ID":"92484","Language":"DE","IdSubject":"14638","VoteId":null,"PersonNumber":348,"Type":1,"Text":"<pd_text><p>Die SP-Fraktion lehnt die von Ihnen beschlossenen Rentenk\u00fcrzungen ab. Wir sind gegen Rentenklau in der zweiten S\u00e4ule und gegen die \u00fcberst\u00fcrzte Revision des Umwandlungssatzes, solange die Konstruktionsfehler bei der Gewinnverteilung der Lebensversicherungen nicht korrigiert sind. Die zweite S\u00e4ule ist heute ein Sieb. Hohe Pr\u00e4mien versickern ohne echte Leistungsgarantie in einer teuren und intransparenten Versicherungsb\u00fcrokratie. Der Bundesrat und das Bundesamt f\u00fcr Privatversicherungen haben die gesetzliche Gewinnbeteiligung systematisch unterwandert und verw\u00e4ssert. Statt maximal 10 Prozent der \u00dcbersch\u00fcsse, wie es im Gesetz steht, behalten die Lebensversicherungen zus\u00e4tzlich zu den bereits hohen Verwaltungskosten 10 Prozent des Umsatzes. Dieser Rentenklau kostet die Versicherten j\u00e4hrlich Hunderte von Millionen Franken und trifft besonders die kleinen Versicherten, die zu den Lebensversicherungen gehen, wo die L\u00f6hne ohnehin tief sind und die Vorsorge knapp ist.</p>\n<p>Wir verlangen eine durchgehende Reform der zweiten S\u00e4ule mit selbstst\u00e4ndigen Bilanzen und Erfolgsrechnungen mit voller Transparenz auch bei den Lebensversicherungen, so, wie sie bei den autonomen Kassen l\u00e4ngst verwirklicht ist. Die jetzige Reform garantiert den Versicherten bloss die Verluste an der B\u00f6rse und bei den Zinsen. Wenn die Aktienkurse und die Zinsen wieder steigen, so haben sie keinen Anspruch auf die dann erwirtschafteten \u00dcbersch\u00fcsse. Dieser gesetzlich gesch\u00fctzte Wucher muss aufh\u00f6ren! Die zweite S\u00e4ule ist eine Sozialversicherung und kein Selbstbedienungsladen f\u00fcr Versicherungsgesellschaften!</p>\n<p>Wir lehnen diese Revision ab. </p>\n</pd_text>","MeetingCouncilAbbreviation":"N","MeetingDate":"20081219","MeetingVerbalixOid":1746,"IdSession":"4806","SpeakerFirstName":"Rudolf","SpeakerLastName":"Rechsteiner","SpeakerFullName":"Rechsteiner Rudolf","SpeakerFunction":"Mit-M","CouncilId":1,"CouncilName":"Nationalrat","CantonId":12,"CantonName":"Basel-Stadt","CantonAbbreviation":"BS","ParlGroupName":"Sozialdemokratische Fraktion","ParlGroupAbbreviation":"S","SortOrder":1,"Start":"\/Date(1229676000706)\/","End":"\/Date(1229676149025)\/","Function":"Mit-M","DisplaySpeaker":true,"LanguageOfText":"DE","Modified":"\/Date(1774877856331)\/","StartTimeWithTimezone":"\/Date(1229676000707+0060)\/","EndTimeWithTimezone":"\/Date(1229676149027+0060)\/","VoteBusinessNumber":null,"VoteBusinessShortNumber":null,"VoteBusinessTitle":null}]},"ID":"14638","Language":"DE","IdMeeting":"1060","VerbalixOid":289142,"SortOrder":136,"Modified":"\/Date(1774877856328)\/"}}