{"d":{"__metadata":{"id":"https://ws.parlament.ch/OData.svc/Subject(ID=1506L,Language='DE')","uri":"https://ws.parlament.ch/OData.svc/Subject(ID=1506L,Language='DE')","type":"itsystems.Pd.DataServices.DataModel.Subject"},"Meetings":{"__metadata":{"id":"https://ws.parlament.ch/OData.svc/Meeting(ID=93L,Language='DE')","uri":"https://ws.parlament.ch/OData.svc/Meeting(ID=93L,Language='DE')","type":"itsystems.Pd.DataServices.DataModel.Meeting"},"Sessions":{"__deferred":{"uri":"https://ws.parlament.ch/OData.svc/Meeting(ID=93L,Language='DE')/Sessions"}},"Subjects":{"__deferred":{"uri":"https://ws.parlament.ch/OData.svc/Meeting(ID=93L,Language='DE')/Subjects"}},"ID":"93","Language":"DE","MeetingNumber":3,"IdSession":4604,"SessionNumber":4,"SessionName":"Herbstsession 2000","Council":2,"CouncilName":"St\u00e4nderat","CouncilAbbreviation":"SR","Date":"\/Date(969408000000)\/","Begin":"0800","Modified":"\/Date(1447069731023)\/","LegislativePeriodNumber":46,"PublicationStatus":"final","MeetingOrderText":"Dritte Sitzung","SortOrder":3,"Location":"S"},"SubjectsBusiness":{"results":[{"__metadata":{"id":"https://ws.parlament.ch/OData.svc/SubjectBusiness(BusinessNumber=19850227,IdSubject=1506L,Language='DE')","uri":"https://ws.parlament.ch/OData.svc/SubjectBusiness(BusinessNumber=19850227,IdSubject=1506L,Language='DE')","type":"itsystems.Pd.DataServices.DataModel.SubjectBusiness"},"Subjects":{"__deferred":{"uri":"https://ws.parlament.ch/OData.svc/SubjectBusiness(BusinessNumber=19850227,IdSubject=1506L,Language='DE')/Subjects"}},"Businesses":{"__deferred":{"uri":"https://ws.parlament.ch/OData.svc/SubjectBusiness(BusinessNumber=19850227,IdSubject=1506L,Language='DE')/Businesses"}},"IdSubject":"1506","BusinessNumber":19850227,"Language":"DE","BusinessShortNumber":"85.227","Title":"Sozialversicherungsrecht","SortOrder":1,"PublishedNotes":"Differenzen - Divergences\n","Modified":"\/Date(1447069077633)\/","TitleDE":"Parlamentarische Initiative\nMeier Josi.\nSozialversicherungsrecht","TitleFR":"Initiative parlementaire\nMeier Josi.\nDroit des assurances sociales","TitleIT":null}]},"Transcripts":{"results":[{"__metadata":{"id":"https://ws.parlament.ch/OData.svc/Transcript(ID=7348L,Language='DE')","uri":"https://ws.parlament.ch/OData.svc/Transcript(ID=7348L,Language='DE')","type":"itsystems.Pd.DataServices.DataModel.Transcript"},"Subjects":{"__deferred":{"uri":"https://ws.parlament.ch/OData.svc/Transcript(ID=7348L,Language='DE')/Subjects"}},"MembersCouncil":{"__deferred":{"uri":"https://ws.parlament.ch/OData.svc/Transcript(ID=7348L,Language='DE')/MembersCouncil"}},"Businesses":{"__deferred":{"uri":"https://ws.parlament.ch/OData.svc/Transcript(ID=7348L,Language='DE')/Businesses"}},"ID":"7348","Language":"DE","IdSubject":"1506","VoteId":null,"PersonNumber":195,"Type":1,"Text":"<pd_text><p><i>Angenommen - Adopt\u00e9</i></p>\n</pd_text>","MeetingCouncilAbbreviation":"S","MeetingDate":"20000920","MeetingVerbalixOid":730,"IdSession":"4604","SpeakerFirstName":"Carlo","SpeakerLastName":"Schmid-Sutter","SpeakerFullName":"Schmid-Sutter Carlo","SpeakerFunction":"P-M","CouncilId":2,"CouncilName":"St\u00e4nderat","CantonId":16,"CantonName":"Appenzell I.-Rh.","CantonAbbreviation":"AI","ParlGroupName":"Christlichdemokratische Fraktion","ParlGroupAbbreviation":"M-E","SortOrder":4,"Start":"\/Date(969437160150)\/","End":"\/Date(969437199080)\/","Function":"","DisplaySpeaker":false,"LanguageOfText":null,"Modified":"\/Date(1510849216953)\/","StartTimeWithTimezone":"\/Date(969437160150+0120)\/","EndTimeWithTimezone":"\/Date(969437199080+0120)\/","VoteBusinessNumber":null,"VoteBusinessShortNumber":null,"VoteBusinessTitle":null},{"__metadata":{"id":"https://ws.parlament.ch/OData.svc/Transcript(ID=7349L,Language='DE')","uri":"https://ws.parlament.ch/OData.svc/Transcript(ID=7349L,Language='DE')","type":"itsystems.Pd.DataServices.DataModel.Transcript"},"Subjects":{"__deferred":{"uri":"https://ws.parlament.ch/OData.svc/Transcript(ID=7349L,Language='DE')/Subjects"}},"MembersCouncil":{"__deferred":{"uri":"https://ws.parlament.ch/OData.svc/Transcript(ID=7349L,Language='DE')/MembersCouncil"}},"Businesses":{"__deferred":{"uri":"https://ws.parlament.ch/OData.svc/Transcript(ID=7349L,Language='DE')/Businesses"}},"ID":"7349","Language":"DE","IdSubject":"1506","VoteId":null,"PersonNumber":430,"Type":1,"Text":"<pd_text><p>Nous avons sur ce point une divergence qui, malheureusement, s'est consolid\u00e9e entre les deux Chambres, au fur et \u00e0 mesure que la discussion avan\u00e7ait. En ce qui nous concerne, nous pensons que la proc\u00e9dure d'opposition est une proc\u00e9dure int\u00e9ressante. Elle permet de r\u00e9examiner le cas et de voir s'il y a eu une erreur d'appr\u00e9ciation, plut\u00f4t que de charger imm\u00e9diatement les tribunaux.</p>\n<p>Dans ce sens, nous nous rallions \u00e0 la position qu'il ne devrait pas y avoir d'opposition \u00e0 la proc\u00e9dure. Nous sommes d'accord que la proc\u00e9dure d'opposition s'applique \u00e0 toutes les assurances sociales.</p>\n</pd_text>","MeetingCouncilAbbreviation":"S","MeetingDate":"20000920","MeetingVerbalixOid":730,"IdSession":"4604","SpeakerFirstName":"Ruth","SpeakerLastName":"Dreifuss","SpeakerFullName":"Dreifuss Ruth","SpeakerFunction":"BR-F","CouncilId":99,"CouncilName":"Bundesrat","CantonId":25,"CantonName":"Genf","CantonAbbreviation":"GE","ParlGroupName":null,"ParlGroupAbbreviation":null,"SortOrder":3,"Start":"\/Date(969437095797)\/","End":"\/Date(969437160150)\/","Function":"","DisplaySpeaker":true,"LanguageOfText":"FR","Modified":"\/Date(1510849216937)\/","StartTimeWithTimezone":"\/Date(969437095797+0120)\/","EndTimeWithTimezone":"\/Date(969437160150+0120)\/","VoteBusinessNumber":null,"VoteBusinessShortNumber":null,"VoteBusinessTitle":null},{"__metadata":{"id":"https://ws.parlament.ch/OData.svc/Transcript(ID=7350L,Language='DE')","uri":"https://ws.parlament.ch/OData.svc/Transcript(ID=7350L,Language='DE')","type":"itsystems.Pd.DataServices.DataModel.Transcript"},"Subjects":{"__deferred":{"uri":"https://ws.parlament.ch/OData.svc/Transcript(ID=7350L,Language='DE')/Subjects"}},"MembersCouncil":{"__deferred":{"uri":"https://ws.parlament.ch/OData.svc/Transcript(ID=7350L,Language='DE')/MembersCouncil"}},"Businesses":{"__deferred":{"uri":"https://ws.parlament.ch/OData.svc/Transcript(ID=7350L,Language='DE')/Businesses"}},"ID":"7350","Language":"DE","IdSubject":"1506","VoteId":null,"PersonNumber":12,"Type":1,"Text":"<pd_text><p>Ihre Kommission beantragt Ihnen bei einer ganzen Reihe von kleineren Differenzen - das geht von Artikel 40 bis hin zu Artikel 91 - Zustimmung zum Nationalrat. Es handelte sich hier wirklich nur noch um kleine, formelle Fragen. Festhalten w\u00fcrden wir bei den Anh\u00e4ngen (ab Art. 24 EOG), und ich m\u00f6chte dieses Festhalten auch kurz begr\u00fcnden. </p>\n<p>Bei den noch verbleibenden Differenzen in den Anh\u00e4ngen handelt es sich einheitlich immer um dasselbe Problem. Ihre Kommission beantragt Ihnen im \u00dcbrigen einstimmig, an der immer vertretenen Position festzuhalten. Es handelt sich hier um die Einf\u00fchrung des Einspracheverfahrens in den Verfahren nach ATSG. Ihre Kommission ist \u00fcberzeugt und war das schon bis anhin immer - diese \u00dcberzeugung wird auch vom Bundesamt f\u00fcr Justiz und von der neuen Expertenkommission zur Erarbeitung des Bundesgerichtsgesetzes geteilt -, dass die Einf\u00fchrung eines Einspracheverfahrens gerade im Sozialversicherungsrecht von grosser N\u00fctzlichkeit sein kann. Sie bringt einerseits B\u00fcrger- und Kundenn\u00e4he: Sie ist freundlich gegen\u00fcber dem B\u00fcrger und ist ein Entgegenkommen. Sie erlaubt andererseits, dass einfache Sachverhaltsfragen auf der richtigen Stufe gekl\u00e4rt werden k\u00f6nnen, und dadurch wiederum wird die Gerichtsbarkeit entlastet. Als Beispiel wurde angef\u00fcgt - das hat uns \u00fcberzeugt -, dass gerade im Kanton Bern nach Einf\u00fchrung des Einspracheverfahrens im Jahre 1984 beim Versicherungsgericht eine Entlastung von 50 Prozent eintrat.</p>\n<p>Die Bedenken der Ausgleichskassen erachten wir nicht als stichhaltig, und zwar deshalb, weil die Ausgleichskassen nicht mit schwierigen juristischen Fragen belastet sein werden. Die Einsprachen werden sich eindeutig auf einfache Sachverhaltsfragen, auch Verst\u00e4ndnisfragen, beschr\u00e4nken, die in einem direkten Gespr\u00e4ch mit den Betroffenen viel besser geregelt werden k\u00f6nnen. Es ist gerade auch in dieser sensiblen Materie, wo oft ein direktes Gespr\u00e4ch angezeigt [PAGE 514] ist, besser, wenn man sich direkt mit den Betroffenen einigen kann und es nicht zu einer Beschwerde kommen muss. </p>\n<p>Die Kommission bittet Sie also einstimmig, in diesem Bereich - das betrifft alle Differenzen in den Anh\u00e4ngen, die noch anstehen; diese betreffen alle dieselbe Frage - an der Einf\u00fchrung des Einspracheverfahrens festzuhalten, wie wir das bis anhin getan haben. </p>\n</pd_text>","MeetingCouncilAbbreviation":"S","MeetingDate":"20000920","MeetingVerbalixOid":730,"IdSession":"4604","SpeakerFirstName":"Christine","SpeakerLastName":"Beerli","SpeakerFullName":"Beerli Christine","SpeakerFunction":"","CouncilId":2,"CouncilName":"St\u00e4nderat","CantonId":2,"CantonName":"Bern","CantonAbbreviation":"BE","ParlGroupName":"Freisinnig-demokratische Fraktion","ParlGroupAbbreviation":"RL","SortOrder":2,"Start":"\/Date(969436916477)\/","End":"\/Date(969437095797)\/","Function":"*","DisplaySpeaker":true,"LanguageOfText":"DE","Modified":"\/Date(1510849216937)\/","StartTimeWithTimezone":"\/Date(969436916477+0120)\/","EndTimeWithTimezone":"\/Date(969437095797+0120)\/","VoteBusinessNumber":null,"VoteBusinessShortNumber":null,"VoteBusinessTitle":null},{"__metadata":{"id":"https://ws.parlament.ch/OData.svc/Transcript(ID=7351L,Language='DE')","uri":"https://ws.parlament.ch/OData.svc/Transcript(ID=7351L,Language='DE')","type":"itsystems.Pd.DataServices.DataModel.Transcript"},"Subjects":{"__deferred":{"uri":"https://ws.parlament.ch/OData.svc/Transcript(ID=7351L,Language='DE')/Subjects"}},"MembersCouncil":{"__deferred":{"uri":"https://ws.parlament.ch/OData.svc/Transcript(ID=7351L,Language='DE')/MembersCouncil"}},"Businesses":{"__deferred":{"uri":"https://ws.parlament.ch/OData.svc/Transcript(ID=7351L,Language='DE')/Businesses"}},"ID":"7351","Language":"DE","IdSubject":"1506","VoteId":null,"PersonNumber":null,"Type":3,"Text":"<pd_text><p><b>Bundesgesetz \u00fcber den Allgemeinen Teil des Sozialversicherungsrechtes </b></p>\n<p><b>Loi f\u00e9d\u00e9rale sur la partie g\u00e9n\u00e9rale du droit des assurances sociales </b></p>\n<p>[VS]</p>\n<p><b>Art. 40, 41, 54, 91 Abs. 2</b></p>\n<p><i>Antrag der Kommission</i></p>\n<p>Zustimmung zum Beschluss des Nationalrates</p>\n<p>[VS]</p>\n<p><b>Art. 40, 41, 54, 91 al. 2</b></p>\n<p><i>Proposition de la commission</i></p>\n<p>Adh\u00e9rer \u00e0 la d\u00e9cision du Conseil national</p>\n<p>[VS]</p>\n<p><b>Anhang 05 - Annexe 05</b></p>\n<p><i>Bundesgesetz vom 25. September 1952 \u00fcber die Erwerbsersatzordnung</i></p>\n<p><i>Loi f\u00e9d\u00e9rale du 25 septembre 1952 sur le r\u00e9gime des allocations pour perte de gain</i></p>\n<p>[VS]</p>\n<p><b>Art. 24 Abs. 1, 2</b></p>\n<p><i>Antrag der Kommission</i></p>\n<p>Festhalten</p>\n<p>[VS] </p>\n<p><b>Art. 24 al. 1, 2</b></p>\n<p><i>Proposition de la commission</i></p>\n<p>Maintenir</p>\n<p>[VS]</p>\n<p><b>Anhang 06 - Annexe 06</b></p>\n<p><i>Bundesgesetz vom 20. Dezember 1946 \u00fcber die Alters- und Hinterlassenenversicherung</i></p>\n<p><i>Loi f\u00e9d\u00e9rale du 20 d\u00e9cembre 1946 sur l'assurance-vieillesse et survivants</i></p>\n<p>[VS]</p>\n<p><b>Art. 84</b></p>\n<p><i>Antrag der Kommission</i></p>\n<p>Festhalten</p>\n<p><i>Proposition de la commission</i></p>\n<p>Maintenir</p>\n<p>[VS]</p>\n<p><b>Anhang 08 - Annexe 08</b></p>\n<p><i>Bundesgesetz vom 19. M\u00e4rz 1965 \u00fcber Erg\u00e4nzungsleistungen zur AHV/IV</i></p>\n<p><i>Loi f\u00e9d\u00e9rale du 19 mars 1965 sur les prestations compl\u00e9mentaires \u00e0 l'AVS/AI</i></p>\n<p>[VS]</p>\n<p><b>Art. 7</b></p>\n<p><i>Antrag der Kommission</i></p>\n<p>Festhalten</p>\n<p><i>Proposition de la commission</i></p>\n<p>Maintenir</p>\n<p>[VS]</p>\n<p><b>Anhang 09 - Annexe 09</b></p>\n<p><i>Bundesgesetz vom 20. Juni 1952 \u00fcber die Familienzulagen in der Landwirtschaft</i></p>\n<p><i>Loi f\u00e9d\u00e9rale du 20 juin 1952 sur les allocations familiales dans l'agriculture</i></p>\n<p>[VS]</p>\n<p><b>Art. 22 Abs. 1</b></p>\n<p><i>Antrag der Kommission</i></p>\n<p>Festhalten</p>\n<p>[VS]</p>\n<p><b>Art. 22 al. 1</b></p>\n<p><i>Proposition de la commission</i></p>\n<p>Maintenir</p>\n</pd_text>","MeetingCouncilAbbreviation":"S","MeetingDate":"20000920","MeetingVerbalixOid":730,"IdSession":"4604","SpeakerFirstName":null,"SpeakerLastName":null,"SpeakerFullName":"","SpeakerFunction":null,"CouncilId":null,"CouncilName":null,"CantonId":null,"CantonName":null,"CantonAbbreviation":null,"ParlGroupName":null,"ParlGroupAbbreviation":null,"SortOrder":1,"Start":null,"End":null,"Function":null,"DisplaySpeaker":null,"LanguageOfText":"DE","Modified":"\/Date(1510849216937)\/","StartTimeWithTimezone":null,"EndTimeWithTimezone":null,"VoteBusinessNumber":null,"VoteBusinessShortNumber":null,"VoteBusinessTitle":null}]},"ID":"1506","Language":"DE","IdMeeting":"93","VerbalixOid":17670,"SortOrder":1,"Modified":"\/Date(1447069731070)\/"}}