{"d":{"__metadata":{"id":"https://ws.parlament.ch/OData.svc/Subject(ID=15221L,Language='DE')","uri":"https://ws.parlament.ch/OData.svc/Subject(ID=15221L,Language='DE')","type":"itsystems.Pd.DataServices.DataModel.Subject"},"Meetings":{"__metadata":{"id":"https://ws.parlament.ch/OData.svc/Meeting(ID=1089L,Language='DE')","uri":"https://ws.parlament.ch/OData.svc/Meeting(ID=1089L,Language='DE')","type":"itsystems.Pd.DataServices.DataModel.Meeting"},"Sessions":{"__deferred":{"uri":"https://ws.parlament.ch/OData.svc/Meeting(ID=1089L,Language='DE')/Sessions"}},"Subjects":{"__deferred":{"uri":"https://ws.parlament.ch/OData.svc/Meeting(ID=1089L,Language='DE')/Subjects"}},"ID":"1089","Language":"DE","MeetingNumber":15,"IdSession":4807,"SessionNumber":7,"SessionName":"Fr\u00fchjahrssession 2009","Council":1,"CouncilName":"Nationalrat","CouncilAbbreviation":"NR","Date":"\/Date(1237420800000)\/","Begin":"0800","Modified":"\/Date(1447070093777)\/","LegislativePeriodNumber":48,"PublicationStatus":"final","MeetingOrderText":"F\u00fcnfzehnte Sitzung","SortOrder":15,"Location":"N"},"SubjectsBusiness":{"results":[{"__metadata":{"id":"https://ws.parlament.ch/OData.svc/SubjectBusiness(BusinessNumber=20020088,IdSubject=15221L,Language='DE')","uri":"https://ws.parlament.ch/OData.svc/SubjectBusiness(BusinessNumber=20020088,IdSubject=15221L,Language='DE')","type":"itsystems.Pd.DataServices.DataModel.SubjectBusiness"},"Subjects":{"__deferred":{"uri":"https://ws.parlament.ch/OData.svc/SubjectBusiness(BusinessNumber=20020088,IdSubject=15221L,Language='DE')/Subjects"}},"Businesses":{"__deferred":{"uri":"https://ws.parlament.ch/OData.svc/SubjectBusiness(BusinessNumber=20020088,IdSubject=15221L,Language='DE')/Businesses"}},"IdSubject":"15221","BusinessNumber":20020088,"Language":"DE","BusinessShortNumber":"02.088","Title":"Stiftung f\u00fcr das Schweizerische Landesmuseum","SortOrder":1,"PublishedNotes":"Abschreibung - Classement\n","Modified":"\/Date(1447069173840)\/","TitleDE":"Stiftung\nSchweizerisches Landesmuseum","TitleFR":"Fondation\nMus\u00e9e national suisse","TitleIT":null}]},"Transcripts":{"results":[{"__metadata":{"id":"https://ws.parlament.ch/OData.svc/Transcript(ID=95097L,Language='DE')","uri":"https://ws.parlament.ch/OData.svc/Transcript(ID=95097L,Language='DE')","type":"itsystems.Pd.DataServices.DataModel.Transcript"},"Subjects":{"__deferred":{"uri":"https://ws.parlament.ch/OData.svc/Transcript(ID=95097L,Language='DE')/Subjects"}},"MembersCouncil":{"__deferred":{"uri":"https://ws.parlament.ch/OData.svc/Transcript(ID=95097L,Language='DE')/MembersCouncil"}},"Businesses":{"__deferred":{"uri":"https://ws.parlament.ch/OData.svc/Transcript(ID=95097L,Language='DE')/Businesses"}},"ID":"95097","Language":"DE","IdSubject":"15221","VoteId":null,"PersonNumber":511,"Type":1,"Text":"<pd_text><p><b>La pr\u00e9sidente </b>(Simoneschi-Cortesi Chiara, pr\u00e9sidente): La commission propose de classer cet objet. La discussion a eu lieu dans le cadre du d\u00e9bat d'entr\u00e9e en mati\u00e8re concernant l'objet 07.075.</p>\n<p>[VS]</p>\n<p><i>Abgeschrieben - Class\u00e9</i></p>\n</pd_text>","MeetingCouncilAbbreviation":"N","MeetingDate":"20090319","MeetingVerbalixOid":1776,"IdSession":"4807","SpeakerFirstName":"Chiara","SpeakerLastName":"Simoneschi-Cortesi","SpeakerFullName":"Simoneschi-Cortesi Chiara","SpeakerFunction":"P-F","CouncilId":1,"CouncilName":"Nationalrat","CantonId":27,"CantonName":"Tessin","CantonAbbreviation":"TI","ParlGroupName":"Fraktion CVP/EVP/glp","ParlGroupAbbreviation":"M-E","SortOrder":1,"Start":"\/Date(1237455633911)\/","End":"\/Date(1237455682801)\/","Function":"P-F","DisplaySpeaker":false,"LanguageOfText":null,"Modified":"\/Date(1774877843389)\/","StartTimeWithTimezone":"\/Date(1237455633910+0060)\/","EndTimeWithTimezone":"\/Date(1237455682800+0060)\/","VoteBusinessNumber":null,"VoteBusinessShortNumber":null,"VoteBusinessTitle":null}]},"ID":"15221","Language":"DE","IdMeeting":"1089","VerbalixOid":295704,"SortOrder":2,"Modified":"\/Date(1774877843386)\/"}}