{"d":{"__metadata":{"id":"https://ws.parlament.ch/OData.svc/Subject(ID=15361L,Language='DE')","uri":"https://ws.parlament.ch/OData.svc/Subject(ID=15361L,Language='DE')","type":"itsystems.Pd.DataServices.DataModel.Subject"},"Meetings":{"__metadata":{"id":"https://ws.parlament.ch/OData.svc/Meeting(ID=1104L,Language='DE')","uri":"https://ws.parlament.ch/OData.svc/Meeting(ID=1104L,Language='DE')","type":"itsystems.Pd.DataServices.DataModel.Meeting"},"Sessions":{"__deferred":{"uri":"https://ws.parlament.ch/OData.svc/Meeting(ID=1104L,Language='DE')/Sessions"}},"Subjects":{"__deferred":{"uri":"https://ws.parlament.ch/OData.svc/Meeting(ID=1104L,Language='DE')/Subjects"}},"ID":"1104","Language":"DE","MeetingNumber":14,"IdSession":4807,"SessionNumber":7,"SessionName":"Fr\u00fchjahrssession 2009","Council":2,"CouncilName":"St\u00e4nderat","CouncilAbbreviation":"SR","Date":"\/Date(1237507200000)\/","Begin":"0815","Modified":"\/Date(1447070098727)\/","LegislativePeriodNumber":48,"PublicationStatus":"final","MeetingOrderText":"Vierzehnte Sitzung","SortOrder":14,"Location":"S"},"SubjectsBusiness":{"results":[{"__metadata":{"id":"https://ws.parlament.ch/OData.svc/SubjectBusiness(BusinessNumber=20090013,IdSubject=15361L,Language='DE')","uri":"https://ws.parlament.ch/OData.svc/SubjectBusiness(BusinessNumber=20090013,IdSubject=15361L,Language='DE')","type":"itsystems.Pd.DataServices.DataModel.SubjectBusiness"},"Subjects":{"__deferred":{"uri":"https://ws.parlament.ch/OData.svc/SubjectBusiness(BusinessNumber=20090013,IdSubject=15361L,Language='DE')/Subjects"}},"Businesses":{"__deferred":{"uri":"https://ws.parlament.ch/OData.svc/SubjectBusiness(BusinessNumber=20090013,IdSubject=15361L,Language='DE')/Businesses"}},"IdSubject":"15361","BusinessNumber":20090013,"Language":"DE","BusinessShortNumber":"09.013","Title":"2. Stufe konjunkturelle Stabilisierungsmassnahmen, Voranschlag 2009. Nachtrag Ia; weitere Massnahmen","SortOrder":1,"PublishedNotes":"Schlussabstimmung - Vote final\n","Modified":"\/Date(1447069397616)\/","TitleDE":"Zweite Stufe der konjunkturellen\nStabilisierungsmassnahmen.\nVoranschlag 2009. Nachtrag Ia.\nWeitere Massnahmen","TitleFR":"Deuxi\u00e8me phase des mesures\nde stabilisation conjoncturelle.\nBudget 2009. Suppl\u00e9ment Ia.\nAutres mesures","TitleIT":null}]},"Transcripts":{"results":[{"__metadata":{"id":"https://ws.parlament.ch/OData.svc/Transcript(ID=96189L,Language='DE')","uri":"https://ws.parlament.ch/OData.svc/Transcript(ID=96189L,Language='DE')","type":"itsystems.Pd.DataServices.DataModel.Transcript"},"Subjects":{"__deferred":{"uri":"https://ws.parlament.ch/OData.svc/Transcript(ID=96189L,Language='DE')/Subjects"}},"MembersCouncil":{"__deferred":{"uri":"https://ws.parlament.ch/OData.svc/Transcript(ID=96189L,Language='DE')/MembersCouncil"}},"Businesses":{"__deferred":{"uri":"https://ws.parlament.ch/OData.svc/Transcript(ID=96189L,Language='DE')/Businesses"}},"ID":"96189","Language":"DE","IdSubject":"15361","VoteId":null,"PersonNumber":1161,"Type":1,"Text":"<pd_text><p><b>4. Bundesgesetz \u00fcber die befristete Erg\u00e4nzung der Versicherungsleistungen der Schweizerischen Exportrisikoversicherung </b></p>\n<p><b>4. Loi f\u00e9d\u00e9rale sur l'extension provisoire des prestations de l'Assurance suisse contre les risques \u00e0 l'exportation </b></p>\n<p>[VS]</p>\n<p><i>Abstimmung - Vote</i></p>\n<p>F\u00fcr Annahme des Entwurfes ... 43 Stimmen</p>\n<p>(Einstimmigkeit)</p>\n<p>(0 Enthaltungen)</p>\n<p>[VS]</p>\n<p>[VS]</p>\n<p><b>5. Wohnbau- und Eigentumsf\u00f6rderungsgesetz </b></p>\n<p><b>5. Loi f\u00e9d\u00e9rale encourageant la construction et l'accession \u00e0 la propri\u00e9t\u00e9 de logements </b></p>\n<p>[VS]</p>\n<p><i>Abstimmung - Vote</i></p>\n<p>F\u00fcr Annahme des Entwurfes ... 40 Stimmen</p>\n<p>(Einstimmigkeit)</p>\n<p>(3 Enthaltungen)</p>\n<p>[PAGE 284] </p>\n</pd_text>","MeetingCouncilAbbreviation":"S","MeetingDate":"20090320","MeetingVerbalixOid":1792,"IdSession":"4807","SpeakerFirstName":"Alain","SpeakerLastName":"Berset","SpeakerFullName":"Berset Alain","SpeakerFunction":"P-M","CouncilId":2,"CouncilName":"St\u00e4nderat","CantonId":10,"CantonName":"Freiburg","CantonAbbreviation":"FR","ParlGroupName":"Sozialdemokratische Fraktion","ParlGroupAbbreviation":"S","SortOrder":1,"Start":"\/Date(1237537737537)\/","End":"\/Date(1237537808617)\/","Function":"P-M","DisplaySpeaker":false,"LanguageOfText":null,"Modified":"\/Date(1510850745837)\/","StartTimeWithTimezone":"\/Date(1237537737537+0060)\/","EndTimeWithTimezone":"\/Date(1237537808617+0060)\/","VoteBusinessNumber":null,"VoteBusinessShortNumber":null,"VoteBusinessTitle":null}]},"ID":"15361","Language":"DE","IdMeeting":"1104","VerbalixOid":296049,"SortOrder":14,"Modified":"\/Date(1510850745837)\/"}}