{"d":{"__metadata":{"id":"https://ws.parlament.ch/OData.svc/Subject(ID=15676L,Language='DE')","uri":"https://ws.parlament.ch/OData.svc/Subject(ID=15676L,Language='DE')","type":"itsystems.Pd.DataServices.DataModel.Subject"},"Meetings":{"__metadata":{"id":"https://ws.parlament.ch/OData.svc/Meeting(ID=1126L,Language='DE')","uri":"https://ws.parlament.ch/OData.svc/Meeting(ID=1126L,Language='DE')","type":"itsystems.Pd.DataServices.DataModel.Meeting"},"Sessions":{"__deferred":{"uri":"https://ws.parlament.ch/OData.svc/Meeting(ID=1126L,Language='DE')/Sessions"}},"Subjects":{"__deferred":{"uri":"https://ws.parlament.ch/OData.svc/Meeting(ID=1126L,Language='DE')/Subjects"}},"ID":"1126","Language":"DE","MeetingNumber":4,"IdSession":4809,"SessionNumber":9,"SessionName":"Sommersession 2009","Council":2,"CouncilName":"St\u00e4nderat","CouncilAbbreviation":"SR","Date":"\/Date(1243382400000)\/","Begin":"1500","Modified":"\/Date(1447070108277)\/","LegislativePeriodNumber":48,"PublicationStatus":"final","MeetingOrderText":"Vierte Sitzung","SortOrder":4,"Location":"S"},"SubjectsBusiness":{"results":[{"__metadata":{"id":"https://ws.parlament.ch/OData.svc/SubjectBusiness(BusinessNumber=20093209,IdSubject=15676L,Language='DE')","uri":"https://ws.parlament.ch/OData.svc/SubjectBusiness(BusinessNumber=20093209,IdSubject=15676L,Language='DE')","type":"itsystems.Pd.DataServices.DataModel.SubjectBusiness"},"Subjects":{"__deferred":{"uri":"https://ws.parlament.ch/OData.svc/SubjectBusiness(BusinessNumber=20093209,IdSubject=15676L,Language='DE')/Subjects"}},"Businesses":{"__deferred":{"uri":"https://ws.parlament.ch/OData.svc/SubjectBusiness(BusinessNumber=20093209,IdSubject=15676L,Language='DE')/Businesses"}},"IdSubject":"15676","BusinessNumber":20093209,"Language":"DE","BusinessShortNumber":"09.3209","Title":"Strategie f\u00fcr die Finanzmarktpolitik","SortOrder":1,"PublishedNotes":null,"Modified":"\/Date(1447069412793)\/","TitleDE":"Postulat Graber Konrad.\nStrategie f\u00fcr die\nFinanzmarktpolitik","TitleFR":"Postulat Graber Konrad.\nStrat\u00e9gie concernant\nla place financi\u00e8re","TitleIT":null}]},"Transcripts":{"results":[{"__metadata":{"id":"https://ws.parlament.ch/OData.svc/Transcript(ID=98530L,Language='DE')","uri":"https://ws.parlament.ch/OData.svc/Transcript(ID=98530L,Language='DE')","type":"itsystems.Pd.DataServices.DataModel.Transcript"},"Subjects":{"__deferred":{"uri":"https://ws.parlament.ch/OData.svc/Transcript(ID=98530L,Language='DE')/Subjects"}},"MembersCouncil":{"__deferred":{"uri":"https://ws.parlament.ch/OData.svc/Transcript(ID=98530L,Language='DE')/MembersCouncil"}},"Businesses":{"__deferred":{"uri":"https://ws.parlament.ch/OData.svc/Transcript(ID=98530L,Language='DE')/Businesses"}},"ID":"98530","Language":"DE","IdSubject":"15676","VoteId":null,"PersonNumber":372,"Type":1,"Text":"<pd_text><p><i>Angenommen - Adopt\u00e9</i></p>\n</pd_text>","MeetingCouncilAbbreviation":"S","MeetingDate":"20090527","MeetingVerbalixOid":1819,"IdSession":"4809","SpeakerFirstName":"Hansheiri","SpeakerLastName":"Inderkum","SpeakerFullName":"Inderkum Hansheiri","SpeakerFunction":"2VP-M","CouncilId":2,"CouncilName":"St\u00e4nderat","CantonId":4,"CantonName":"Uri","CantonAbbreviation":"UR","ParlGroupName":"Fraktion CVP/EVP/glp","ParlGroupAbbreviation":"M-E","SortOrder":5,"Start":"\/Date(1243449737553)\/","End":"\/Date(1243449747630)\/","Function":"2VP-M","DisplaySpeaker":false,"LanguageOfText":null,"Modified":"\/Date(1510849936893)\/","StartTimeWithTimezone":"\/Date(1243449737553+0120)\/","EndTimeWithTimezone":"\/Date(1243449747630+0120)\/","VoteBusinessNumber":null,"VoteBusinessShortNumber":null,"VoteBusinessTitle":null},{"__metadata":{"id":"https://ws.parlament.ch/OData.svc/Transcript(ID=98531L,Language='DE')","uri":"https://ws.parlament.ch/OData.svc/Transcript(ID=98531L,Language='DE')","type":"itsystems.Pd.DataServices.DataModel.Transcript"},"Subjects":{"__deferred":{"uri":"https://ws.parlament.ch/OData.svc/Transcript(ID=98531L,Language='DE')/Subjects"}},"MembersCouncil":{"__deferred":{"uri":"https://ws.parlament.ch/OData.svc/Transcript(ID=98531L,Language='DE')/MembersCouncil"}},"Businesses":{"__deferred":{"uri":"https://ws.parlament.ch/OData.svc/Transcript(ID=98531L,Language='DE')/Businesses"}},"ID":"98531","Language":"DE","IdSubject":"15676","VoteId":null,"PersonNumber":398,"Type":1,"Text":"<pd_text><p>Herr Graber hat mir die Frage gestellt, wie lange die \u00dcbung dauere. Ich kann ihm antworten: bis zum Oktober. Ich begr\u00fcnde Ihnen, warum.</p>\n<p>Wir haben im letzten Jahr eine solche Finanzplatzstrategie praktisch auf der Ziellinie gehabt. Dann ist die Krise ausgebrochen. Wesentliche Voraussetzungen, wie z. B. die erleichterte Amtshilfe im grenz\u00fcberschreitenden Verkehr, haben sich seither ver\u00e4ndert. Wir konnten zwar auf die bestehenden Ressourcen der Kommission zur\u00fcckgreifen, auch auf die Mitglieder der verschiedenen Branchen - B\u00f6rse, Finanzintermedi\u00e4re, Banken, Versicherungen usw. Wir haben uns aber die \u00dcberlegung gemacht, dass eine Finanzplatzstrategie erst dann vollst\u00e4ndig ist, wenn sie auch das Ausland und die Finanzpl\u00e4tze, die wir als Konkurrenz betrachten, einbezieht. Wir haben deshalb einem renommierten Beratungsunternehmen den Auftrag erteilt, eine Art Research \u00fcber andere Finanzpl\u00e4tze anzustellen und herauszufinden, welche Strategien dort gefahren werden. Ich habe selber \u00fcber das Wochenende die Finanzpl\u00e4tze am Golf besucht - ich war unter anderem in Dubai -, um mir selber ein Bild \u00fcber die Entwicklung zu machen. Diese Ergebnisse liegen jetzt vor. Damit wird es uns m\u00f6glich sein, bis im Oktober diesen Bericht vorzulegen.</p>\n</pd_text>","MeetingCouncilAbbreviation":"S","MeetingDate":"20090527","MeetingVerbalixOid":1819,"IdSession":"4809","SpeakerFirstName":"Hans-Rudolf","SpeakerLastName":"Merz","SpeakerFullName":"Merz Hans-Rudolf","SpeakerFunction":"BPR-M","CouncilId":99,"CouncilName":"Bundesrat","CantonId":15,"CantonName":"Appenzell A.-Rh.","CantonAbbreviation":"AR","ParlGroupName":null,"ParlGroupAbbreviation":null,"SortOrder":4,"Start":"\/Date(1243449637683)\/","End":"\/Date(1243449737553)\/","Function":"BPR-M","DisplaySpeaker":true,"LanguageOfText":"DE","Modified":"\/Date(1510849936893)\/","StartTimeWithTimezone":"\/Date(1243449637683+0120)\/","EndTimeWithTimezone":"\/Date(1243449737553+0120)\/","VoteBusinessNumber":null,"VoteBusinessShortNumber":null,"VoteBusinessTitle":null},{"__metadata":{"id":"https://ws.parlament.ch/OData.svc/Transcript(ID=98532L,Language='DE')","uri":"https://ws.parlament.ch/OData.svc/Transcript(ID=98532L,Language='DE')","type":"itsystems.Pd.DataServices.DataModel.Transcript"},"Subjects":{"__deferred":{"uri":"https://ws.parlament.ch/OData.svc/Transcript(ID=98532L,Language='DE')/Subjects"}},"MembersCouncil":{"__deferred":{"uri":"https://ws.parlament.ch/OData.svc/Transcript(ID=98532L,Language='DE')/MembersCouncil"}},"Businesses":{"__deferred":{"uri":"https://ws.parlament.ch/OData.svc/Transcript(ID=98532L,Language='DE')/Businesses"}},"ID":"98532","Language":"DE","IdSubject":"15676","VoteId":null,"PersonNumber":1134,"Type":1,"Text":"<pd_text><p>Je crois que cette intervention parlementaire va en effet dans le bon sens. Je la trouve cependant ni assez offensive ni assez clairement internationale. Monsieur Graber a con\u00e7u son texte dans une optique, me semble-t-il, encore assez frileuse. Or, il y a plus d'une ann\u00e9e que j'essaie de le dire devant ce conseil: le probl\u00e8me du secret bancaire ne peut \u00eatre con\u00e7u pour nous seuls, dans notre petit cadre helv\u00e9tique, sans prendre tout \u00e0 la fois une position forte, ferme et sans rechercher des alli\u00e9s.</p>\n<p>J'ai \u00e9crit cela en mars 2008 d\u00e9j\u00e0, et cela s'est av\u00e9r\u00e9 parfaitement clairement \u00e0 partir de l'automne dernier et surtout au premier trimestre de cette ann\u00e9e. Mais je trouve que la recherche du bien de notre place financi\u00e8re doit ob\u00e9ir encore et toujours aux m\u00eames principes. C'est tr\u00e8s bien de demander un plan, qu'il y ait enfin une \"strat\u00e9gie\", comme le dit le titre de ce texte - rien qu'\u00e0 cause de cela, je le voterai -, mais je crois qu'il faut vraiment que cela soit con\u00e7u en concertation avec ceux avec qui nous pouvons nous concerter et, malheureusement, aussi en confrontation avec ceux qui ne cessent de profiter de la situation pour faire en sorte que toutes nos concessions n'aboutissent qu'\u00e0 un d\u00e9placement d'argent, sans aucun profit pour l'\u00e9thique financi\u00e8re globale.</p>\n<p>Je vous prie donc d'accepter le postulat Graber Konrad, mais je conjure Monsieur le pr\u00e9sident de la Conf\u00e9d\u00e9ration et le Conseil f\u00e9d\u00e9ral de donner une r\u00e9ponse qui s'inscrive dans un cadre beaucoup plus large et qui d\u00e9montre une attitude beaucoup plus offensive. M\u00eame si la situation est bien plus d\u00e9favorable qu'il y a une ann\u00e9e et que nous aurions d\u00fb faire cela il y a au moins un an, je crois qu'il n'est pas trop tard pour mettre la pression en particulier sur les concurrents anglo-saxons et sur leurs possessions qui, de mani\u00e8re \u00e9hont\u00e9e, profitent de la situation pour qu'il n'y ait aucun r\u00e9sultat int\u00e9ressant du point de vue de l'\u00e9thique financi\u00e8re.</p>\n<p>D'une certaine mani\u00e8re, ces concurrents pillent notre client\u00e8le que nous avons - il est vrai - fort mal d\u00e9fendue, y compris du point de vue \u00e9thique. J'esp\u00e8re que ces axes suppl\u00e9mentaires au postulat Graber Konrad seront entendus par le Conseil f\u00e9d\u00e9ral.</p>\n</pd_text>","MeetingCouncilAbbreviation":"S","MeetingDate":"20090527","MeetingVerbalixOid":1819,"IdSession":"4809","SpeakerFirstName":"Luc","SpeakerLastName":"Recordon","SpeakerFullName":"Recordon Luc","SpeakerFunction":"Mit-M","CouncilId":2,"CouncilName":"St\u00e4nderat","CantonId":22,"CantonName":"Waadt","CantonAbbreviation":"VD","ParlGroupName":"Gr\u00fcne Fraktion","ParlGroupAbbreviation":"G","SortOrder":3,"Start":"\/Date(1243449442373)\/","End":"\/Date(1243449637683)\/","Function":"Mit-M","DisplaySpeaker":true,"LanguageOfText":"FR","Modified":"\/Date(1510849936893)\/","StartTimeWithTimezone":"\/Date(1243449442373+0120)\/","EndTimeWithTimezone":"\/Date(1243449637683+0120)\/","VoteBusinessNumber":null,"VoteBusinessShortNumber":null,"VoteBusinessTitle":null},{"__metadata":{"id":"https://ws.parlament.ch/OData.svc/Transcript(ID=98533L,Language='DE')","uri":"https://ws.parlament.ch/OData.svc/Transcript(ID=98533L,Language='DE')","type":"itsystems.Pd.DataServices.DataModel.Transcript"},"Subjects":{"__deferred":{"uri":"https://ws.parlament.ch/OData.svc/Transcript(ID=98533L,Language='DE')/Subjects"}},"MembersCouncil":{"__deferred":{"uri":"https://ws.parlament.ch/OData.svc/Transcript(ID=98533L,Language='DE')/MembersCouncil"}},"Businesses":{"__deferred":{"uri":"https://ws.parlament.ch/OData.svc/Transcript(ID=98533L,Language='DE')/Businesses"}},"ID":"98533","Language":"DE","IdSubject":"15676","VoteId":null,"PersonNumber":3921,"Type":1,"Text":"<pd_text><p>Ich danke dem Bundesrat, dass er das Postulat annehmen will. Ich habe eine Frage: Mich w\u00fcrde es interessieren, bis wann der Bericht vorliegen wird und ob das Parlament dazu etwas zu sagen hat.</p>\n</pd_text>","MeetingCouncilAbbreviation":"S","MeetingDate":"20090527","MeetingVerbalixOid":1819,"IdSession":"4809","SpeakerFirstName":"Konrad","SpeakerLastName":"Graber","SpeakerFullName":"Graber Konrad","SpeakerFunction":"Mit-M","CouncilId":2,"CouncilName":"St\u00e4nderat","CantonId":3,"CantonName":"Luzern","CantonAbbreviation":"LU","ParlGroupName":"Fraktion CVP/EVP/glp","ParlGroupAbbreviation":"M-E","SortOrder":2,"Start":"\/Date(1243449419393)\/","End":"\/Date(1243449435750)\/","Function":"Mit-M","DisplaySpeaker":true,"LanguageOfText":"DE","Modified":"\/Date(1510849936893)\/","StartTimeWithTimezone":"\/Date(1243449419393+0120)\/","EndTimeWithTimezone":"\/Date(1243449435750+0120)\/","VoteBusinessNumber":null,"VoteBusinessShortNumber":null,"VoteBusinessTitle":null},{"__metadata":{"id":"https://ws.parlament.ch/OData.svc/Transcript(ID=98534L,Language='DE')","uri":"https://ws.parlament.ch/OData.svc/Transcript(ID=98534L,Language='DE')","type":"itsystems.Pd.DataServices.DataModel.Transcript"},"Subjects":{"__deferred":{"uri":"https://ws.parlament.ch/OData.svc/Transcript(ID=98534L,Language='DE')/Subjects"}},"MembersCouncil":{"__deferred":{"uri":"https://ws.parlament.ch/OData.svc/Transcript(ID=98534L,Language='DE')/MembersCouncil"}},"Businesses":{"__deferred":{"uri":"https://ws.parlament.ch/OData.svc/Transcript(ID=98534L,Language='DE')/Businesses"}},"ID":"98534","Language":"DE","IdSubject":"15676","VoteId":null,"PersonNumber":372,"Type":1,"Text":"<pd_text><p>Der Bundesrat beantragt die Annahme des Postulates.</p>\n</pd_text>","MeetingCouncilAbbreviation":"S","MeetingDate":"20090527","MeetingVerbalixOid":1819,"IdSession":"4809","SpeakerFirstName":"Hansheiri","SpeakerLastName":"Inderkum","SpeakerFullName":"Inderkum Hansheiri","SpeakerFunction":"2VP-M","CouncilId":2,"CouncilName":"St\u00e4nderat","CantonId":4,"CantonName":"Uri","CantonAbbreviation":"UR","ParlGroupName":"Fraktion CVP/EVP/glp","ParlGroupAbbreviation":"M-E","SortOrder":1,"Start":"\/Date(1243449404287)\/","End":"\/Date(1243449419393)\/","Function":"2VP-M","DisplaySpeaker":true,"LanguageOfText":"DE","Modified":"\/Date(1510849936893)\/","StartTimeWithTimezone":"\/Date(1243449404287+0120)\/","EndTimeWithTimezone":"\/Date(1243449419393+0120)\/","VoteBusinessNumber":null,"VoteBusinessShortNumber":null,"VoteBusinessTitle":null}]},"ID":"15676","Language":"DE","IdMeeting":"1126","VerbalixOid":299304,"SortOrder":9,"Modified":"\/Date(1510849936893)\/"}}