{"d":{"__metadata":{"id":"https://ws.parlament.ch/OData.svc/Subject(ID=15693L,Language='DE')","uri":"https://ws.parlament.ch/OData.svc/Subject(ID=15693L,Language='DE')","type":"itsystems.Pd.DataServices.DataModel.Subject"},"Meetings":{"__metadata":{"id":"https://ws.parlament.ch/OData.svc/Meeting(ID=1128L,Language='DE')","uri":"https://ws.parlament.ch/OData.svc/Meeting(ID=1128L,Language='DE')","type":"itsystems.Pd.DataServices.DataModel.Meeting"},"Sessions":{"__deferred":{"uri":"https://ws.parlament.ch/OData.svc/Meeting(ID=1128L,Language='DE')/Sessions"}},"Subjects":{"__deferred":{"uri":"https://ws.parlament.ch/OData.svc/Meeting(ID=1128L,Language='DE')/Subjects"}},"ID":"1128","Language":"DE","MeetingNumber":8,"IdSession":4809,"SessionNumber":9,"SessionName":"Sommersession 2009","Council":2,"CouncilName":"St\u00e4nderat","CouncilAbbreviation":"SR","Date":"\/Date(1244073600000)\/","Begin":"0815","Modified":"\/Date(1447070108890)\/","LegislativePeriodNumber":48,"PublicationStatus":"final","MeetingOrderText":"Achte Sitzung","SortOrder":8,"Location":"S"},"SubjectsBusiness":{"results":[{"__metadata":{"id":"https://ws.parlament.ch/OData.svc/SubjectBusiness(BusinessNumber=20050094,IdSubject=15693L,Language='DE')","uri":"https://ws.parlament.ch/OData.svc/SubjectBusiness(BusinessNumber=20050094,IdSubject=15693L,Language='DE')","type":"itsystems.Pd.DataServices.DataModel.SubjectBusiness"},"Subjects":{"__deferred":{"uri":"https://ws.parlament.ch/OData.svc/SubjectBusiness(BusinessNumber=20050094,IdSubject=15693L,Language='DE')/Subjects"}},"Businesses":{"__deferred":{"uri":"https://ws.parlament.ch/OData.svc/SubjectBusiness(BusinessNumber=20050094,IdSubject=15693L,Language='DE')/Businesses"}},"IdSubject":"15693","BusinessNumber":20050094,"Language":"DE","BusinessShortNumber":"05.094","Title":"11. AHV-Revision. Einf\u00fchrung einer Vorruhestandsleistung","SortOrder":1,"PublishedNotes":"Fortsetzung - Suite\n","Modified":"\/Date(1447069265843)\/","TitleDE":"11. AHV-Revision\n(Neufassung).\nEinf\u00fchrung\neiner Vorruhestandsleistung","TitleFR":"11e r\u00e9vision de l'AVS\n(nouvelle version).\nIntroduction\nd'une prestation de pr\u00e9retraite","TitleIT":null}]},"Transcripts":{"results":[{"__metadata":{"id":"https://ws.parlament.ch/OData.svc/Transcript(ID=98695L,Language='DE')","uri":"https://ws.parlament.ch/OData.svc/Transcript(ID=98695L,Language='DE')","type":"itsystems.Pd.DataServices.DataModel.Transcript"},"Subjects":{"__deferred":{"uri":"https://ws.parlament.ch/OData.svc/Transcript(ID=98695L,Language='DE')/Subjects"}},"MembersCouncil":{"__deferred":{"uri":"https://ws.parlament.ch/OData.svc/Transcript(ID=98695L,Language='DE')/MembersCouncil"}},"Businesses":{"__deferred":{"uri":"https://ws.parlament.ch/OData.svc/Transcript(ID=98695L,Language='DE')/Businesses"}},"ID":"98695","Language":"DE","IdSubject":"15693","VoteId":null,"PersonNumber":1161,"Type":1,"Text":"<pd_text><p><i>Antrag der Kommission</i></p>\n<p>Nichteintreten</p>\n<p>[VS]</p>\n<p><i>Proposition de la commission</i></p>\n<p>Ne pas entrer en mati\u00e8re</p>\n<p>[VS]</p>\n<p><b>Le pr\u00e9sident </b>(Berset Alain, pr\u00e9sident): Le d\u00e9bat d'entr\u00e9e en mati\u00e8re a d\u00e9j\u00e0 eu lieu hier.</p>\n<p>[VS]</p>\n<p><i>Angenommen - Adopt\u00e9</i></p>\n<p>[VS]</p>\n<p><b>Le pr\u00e9sident </b>(Berset Alain, pr\u00e9sident): L'objet est ainsi liquid\u00e9.</p>\n</pd_text>","MeetingCouncilAbbreviation":"S","MeetingDate":"20090604","MeetingVerbalixOid":1823,"IdSession":"4809","SpeakerFirstName":"Alain","SpeakerLastName":"Berset","SpeakerFullName":"Berset Alain","SpeakerFunction":"P-M","CouncilId":2,"CouncilName":"St\u00e4nderat","CantonId":10,"CantonName":"Freiburg","CantonAbbreviation":"FR","ParlGroupName":"Sozialdemokratische Fraktion","ParlGroupAbbreviation":"S","SortOrder":1,"Start":"\/Date(1244106523437)\/","End":"\/Date(1244106546500)\/","Function":"P-M","DisplaySpeaker":false,"LanguageOfText":null,"Modified":"\/Date(1510850487533)\/","StartTimeWithTimezone":"\/Date(1244106523437+0120)\/","EndTimeWithTimezone":"\/Date(1244106546500+0120)\/","VoteBusinessNumber":null,"VoteBusinessShortNumber":null,"VoteBusinessTitle":null}]},"ID":"15693","Language":"DE","IdMeeting":"1128","VerbalixOid":301266,"SortOrder":4,"Modified":"\/Date(1510850487533)\/"}}