{"d":{"__metadata":{"id":"https://ws.parlament.ch/OData.svc/Subject(ID=15816L,Language='DE')","uri":"https://ws.parlament.ch/OData.svc/Subject(ID=15816L,Language='DE')","type":"itsystems.Pd.DataServices.DataModel.Subject"},"Meetings":{"__metadata":{"id":"https://ws.parlament.ch/OData.svc/Meeting(ID=1138L,Language='DE')","uri":"https://ws.parlament.ch/OData.svc/Meeting(ID=1138L,Language='DE')","type":"itsystems.Pd.DataServices.DataModel.Meeting"},"Sessions":{"__deferred":{"uri":"https://ws.parlament.ch/OData.svc/Meeting(ID=1138L,Language='DE')/Sessions"}},"Subjects":{"__deferred":{"uri":"https://ws.parlament.ch/OData.svc/Meeting(ID=1138L,Language='DE')/Subjects"}},"ID":"1138","Language":"DE","MeetingNumber":2,"IdSession":4811,"SessionNumber":11,"SessionName":"Herbstsession 2009","Council":1,"CouncilName":"Nationalrat","CouncilAbbreviation":"NR","Date":"\/Date(1252368000000)\/","Begin":"0800","Modified":"\/Date(1447070112650)\/","LegislativePeriodNumber":48,"PublicationStatus":"final","MeetingOrderText":"Zweite Sitzung","SortOrder":2,"Location":"N"},"SubjectsBusiness":{"results":[{"__metadata":{"id":"https://ws.parlament.ch/OData.svc/SubjectBusiness(BusinessNumber=20060059,IdSubject=15816L,Language='DE')","uri":"https://ws.parlament.ch/OData.svc/SubjectBusiness(BusinessNumber=20060059,IdSubject=15816L,Language='DE')","type":"itsystems.Pd.DataServices.DataModel.SubjectBusiness"},"Subjects":{"__deferred":{"uri":"https://ws.parlament.ch/OData.svc/SubjectBusiness(BusinessNumber=20060059,IdSubject=15816L,Language='DE')/Subjects"}},"Businesses":{"__deferred":{"uri":"https://ws.parlament.ch/OData.svc/SubjectBusiness(BusinessNumber=20060059,IdSubject=15816L,Language='DE')/Businesses"}},"IdSubject":"15816","BusinessNumber":20060059,"Language":"DE","BusinessShortNumber":"06.059","Title":"Pr\u00fcfung und Kontrolle der technischen Sicherheit. Bundesgesetz","SortOrder":1,"PublishedNotes":"Zweitrat - Deuxi\u00e8me Conseil\n","Modified":"\/Date(1447069295693)\/","TitleDE":"Pr\u00fcfung und Kontrolle\nder technischen Sicherheit.\nBundesgesetz","TitleFR":"Examen et contr\u00f4le\nde la s\u00e9curit\u00e9 technique.\nLoi f\u00e9d\u00e9rale","TitleIT":null}]},"Transcripts":{"results":[{"__metadata":{"id":"https://ws.parlament.ch/OData.svc/Transcript(ID=99746L,Language='DE')","uri":"https://ws.parlament.ch/OData.svc/Transcript(ID=99746L,Language='DE')","type":"itsystems.Pd.DataServices.DataModel.Transcript"},"Subjects":{"__deferred":{"uri":"https://ws.parlament.ch/OData.svc/Transcript(ID=99746L,Language='DE')/Subjects"}},"MembersCouncil":{"__deferred":{"uri":"https://ws.parlament.ch/OData.svc/Transcript(ID=99746L,Language='DE')/MembersCouncil"}},"Businesses":{"__deferred":{"uri":"https://ws.parlament.ch/OData.svc/Transcript(ID=99746L,Language='DE')/Businesses"}},"ID":"99746","Language":"DE","IdSubject":"15816","VoteId":"2677","PersonNumber":null,"Type":2,"Text":"<pd_text><p><b>2. Bundesgesetz \u00fcber Rohrleitungsanlagen zur Bef\u00f6rderung fl\u00fcssiger oder gasf\u00f6rmiger Brenn- oder Treibstoffe </b></p>\n<p><b>2. Loi f\u00e9d\u00e9rale sur les installations de transport par conduites de combustibles ou carburants liquides ou gazeux </b></p>\n<p>[VS]</p>\n<p><i>Abstimmung - Vote</i></p>\n<p>[NAM]</p>\n<p>F\u00fcr Eintreten ... 51 Stimmen</p>\n<p>Dagegen ... 112 Stimmen</p>\n</pd_text>","MeetingCouncilAbbreviation":"N","MeetingDate":"20090908","MeetingVerbalixOid":1837,"IdSession":"4811","SpeakerFirstName":null,"SpeakerLastName":null,"SpeakerFullName":"","SpeakerFunction":null,"CouncilId":null,"CouncilName":null,"CantonId":null,"CantonName":null,"CantonAbbreviation":null,"ParlGroupName":null,"ParlGroupAbbreviation":null,"SortOrder":11,"Start":null,"End":null,"Function":null,"DisplaySpeaker":null,"LanguageOfText":"DE","Modified":"\/Date(1774877796847)\/","StartTimeWithTimezone":null,"EndTimeWithTimezone":null,"VoteBusinessNumber":20060059,"VoteBusinessShortNumber":"06.059","VoteBusinessTitle":"Pr\u00fcfung und Kontrolle\nder technischen Sicherheit.\nBundesgesetz"},{"__metadata":{"id":"https://ws.parlament.ch/OData.svc/Transcript(ID=99747L,Language='DE')","uri":"https://ws.parlament.ch/OData.svc/Transcript(ID=99747L,Language='DE')","type":"itsystems.Pd.DataServices.DataModel.Transcript"},"Subjects":{"__deferred":{"uri":"https://ws.parlament.ch/OData.svc/Transcript(ID=99747L,Language='DE')/Subjects"}},"MembersCouncil":{"__deferred":{"uri":"https://ws.parlament.ch/OData.svc/Transcript(ID=99747L,Language='DE')/MembersCouncil"}},"Businesses":{"__deferred":{"uri":"https://ws.parlament.ch/OData.svc/Transcript(ID=99747L,Language='DE')/Businesses"}},"ID":"99747","Language":"DE","IdSubject":"15816","VoteId":"2676","PersonNumber":null,"Type":2,"Text":"<pd_text><p><b>1. Bundesgesetz \u00fcber die Pr\u00fcfung und Kontrolle der technischen Sicherheit </b></p>\n<p><b>1. Loi f\u00e9d\u00e9rale sur l'examen et le contr\u00f4le de la s\u00e9curit\u00e9 technique </b></p>\n<p>[VS]</p>\n<p><i>Abstimmung - Vote</i></p>\n<p>[NAM]</p>\n<p>F\u00fcr Eintreten ... 49 Stimmen</p>\n<p>Dagegen ... 108 Stimmen</p>\n<p>[VS]</p>\n</pd_text>","MeetingCouncilAbbreviation":"N","MeetingDate":"20090908","MeetingVerbalixOid":1837,"IdSession":"4811","SpeakerFirstName":null,"SpeakerLastName":null,"SpeakerFullName":"","SpeakerFunction":null,"CouncilId":null,"CouncilName":null,"CantonId":null,"CantonName":null,"CantonAbbreviation":null,"ParlGroupName":null,"ParlGroupAbbreviation":null,"SortOrder":10,"Start":"\/Date(1252398202098)\/","End":"\/Date(1252398400268)\/","Function":null,"DisplaySpeaker":null,"LanguageOfText":"DE","Modified":"\/Date(1774877796845)\/","StartTimeWithTimezone":"\/Date(1252398202097+0120)\/","EndTimeWithTimezone":"\/Date(1252398400267+0120)\/","VoteBusinessNumber":20060059,"VoteBusinessShortNumber":"06.059","VoteBusinessTitle":"Pr\u00fcfung und Kontrolle\nder technischen Sicherheit.\nBundesgesetz"},{"__metadata":{"id":"https://ws.parlament.ch/OData.svc/Transcript(ID=99748L,Language='DE')","uri":"https://ws.parlament.ch/OData.svc/Transcript(ID=99748L,Language='DE')","type":"itsystems.Pd.DataServices.DataModel.Transcript"},"Subjects":{"__deferred":{"uri":"https://ws.parlament.ch/OData.svc/Transcript(ID=99748L,Language='DE')/Subjects"}},"MembersCouncil":{"__deferred":{"uri":"https://ws.parlament.ch/OData.svc/Transcript(ID=99748L,Language='DE')/MembersCouncil"}},"Businesses":{"__deferred":{"uri":"https://ws.parlament.ch/OData.svc/Transcript(ID=99748L,Language='DE')/Businesses"}},"ID":"99748","Language":"DE","IdSubject":"15816","VoteId":null,"PersonNumber":1233,"Type":1,"Text":"<pd_text><p>Wir haben es geh\u00f6rt: Das vorliegende Gesetz stiess praktisch nirgends auf grosse Begeisterung. In der Vernehmlassung \u00e4usserten sich nur sechs Kantone f\u00fcr diese Vorlage, und nur eine Partei hat \u00fcberhaupt reagiert. Der St\u00e4nderat hat grossmehrheitlich Nichteintreten beschlossen. Aus der Sicht der Wirtschaftsverb\u00e4nde und der betroffenen Fachverb\u00e4nde wird mit diesem neuen Gesetz weder eine Verbesserung noch eine Erh\u00f6hung der technischen Sicherheit bewirkt. Umgekehrt werden die Verfahrensabl\u00e4ufe komplizierter und vor allem teurer. Diese Meinung teilt auch die Mehrheit der UREK-NR. Im Vordergrund steht ja die technische Sicherheit, und es macht tats\u00e4chlich keinen Sinn, ein neues Gesetz einzuf\u00fchren, welches diesbez\u00fcglich keine Verbesserung bringt, jedoch zu gr\u00f6sseren administrativen Belastungen f\u00fchrt.</p>\n<p>Zu Frau Teuscher: Man kann nicht aufgrund eines einzigen Vorfalles - eines tragischen Vorfalles, ich gebe es zu - ein neues Gesetz einf\u00fchren. Offensichtlich ist auch die Kommissionsminderheit von der Vorlage nicht sehr \u00fcberzeugt, verlangt sie doch ebenfalls eine \u00dcberarbeitung.</p>\n<p>Nochmals: Namens der Kommissionsmehrheit beantrage ich Ihnen Zustimmung zum Beschluss des St\u00e4nderates und Nichteintreten auf diese Vorlage.</p>\n<p>[VS]</p>\n</pd_text>","MeetingCouncilAbbreviation":"N","MeetingDate":"20090908","MeetingVerbalixOid":1837,"IdSession":"4811","SpeakerFirstName":"Hans","SpeakerLastName":"Rutschmann","SpeakerFullName":"Rutschmann Hans","SpeakerFunction":"Mit-M","CouncilId":1,"CouncilName":"Nationalrat","CantonId":1,"CantonName":"Z\u00fcrich","CantonAbbreviation":"ZH","ParlGroupName":"Fraktion der Schweizerischen Volkspartei","ParlGroupAbbreviation":"V","SortOrder":9,"Start":"\/Date(1252398101459)\/","End":"\/Date(1252398202098)\/","Function":"*","DisplaySpeaker":true,"LanguageOfText":"DE","Modified":"\/Date(1774877796843)\/","StartTimeWithTimezone":"\/Date(1252398101460+0120)\/","EndTimeWithTimezone":"\/Date(1252398202097+0120)\/","VoteBusinessNumber":null,"VoteBusinessShortNumber":null,"VoteBusinessTitle":null},{"__metadata":{"id":"https://ws.parlament.ch/OData.svc/Transcript(ID=99749L,Language='DE')","uri":"https://ws.parlament.ch/OData.svc/Transcript(ID=99749L,Language='DE')","type":"itsystems.Pd.DataServices.DataModel.Transcript"},"Subjects":{"__deferred":{"uri":"https://ws.parlament.ch/OData.svc/Transcript(ID=99749L,Language='DE')/Subjects"}},"MembersCouncil":{"__deferred":{"uri":"https://ws.parlament.ch/OData.svc/Transcript(ID=99749L,Language='DE')/MembersCouncil"}},"Businesses":{"__deferred":{"uri":"https://ws.parlament.ch/OData.svc/Transcript(ID=99749L,Language='DE')/Businesses"}},"ID":"99749","Language":"DE","IdSubject":"15816","VoteId":null,"PersonNumber":134,"Type":1,"Text":"<pd_text><p>Ich nehme den klaren Entscheid Ihrer Kommission zur Kenntnis, wie ich auch den klaren Entscheid des St\u00e4nderates zur Kenntnis genommen habe. Mit diesem Entscheid einverstanden erkl\u00e4ren kann ich mich jedoch nicht. Ich beharre auch auf einer entsprechenden Abstimmung.</p>\n<p>Es ist richtig gesagt worden: Diese Vorlage ist der Versuch, die Sicherheit systematisch zu organisieren. Etwas ehrlicher ausgedr\u00fcckt: Es ist das, was von diesem Versuch \u00fcbrig geblieben ist. Die erste Vorlage ging ja noch von einer eigentlichen Sicherheitsagentur aus, welche alle Sicherheitsbereiche im Zusammenhang mit der Bundesverwaltung geregelt h\u00e4tte. Diese Idee mussten wir nach der ersten Vernehmlassung aufgeben; stattdessen haben wir diese Vorlage vorbereitet.</p>\n<p>Es ist gesagt worden: Der Ursprung war ein Seilbahnunfall mit Todesopfern im Jahre 1996, also ein Unfall, der mehr als zehn Jahre zur\u00fcckliegt. Dort gab es zur Frage, wer nun eigentlich daf\u00fcr verantwortlich sei, ein sehr langes Prozedere. Es entstand der Eindruck - auch bei mir -, dass im Lauf der Jahre ein System der Verantwortungslosigkeit gewachsen sei, wie es Ulrich Beck in seinen B\u00fcchern \u00fcber die Risikogesellschaft skizziert, wie es D\u00fcrrenmatt im ersten Teil von \"Die Panne\" auf literarische Art und Weise aufgearbeitet hat. Wir sind deswegen systematisch darangegangen, diese Sicherheit zu organisieren, mit den drei Kreisen Eigenverantwortung, ausgelagerte Kontrolle und - in den ganz grossen F\u00e4llen wie Nuklearkraft - staatliche Kontrolle, wie das gut dargestellt worden ist. Aber ich muss Frau Teuscher Recht geben: Je mehr Zeit seit dem damaligen Unfall vergangen war, desto blutleerer, desto weniger engagiert wurde [PAGE 1353] \u00fcber diese Vorlage diskutiert. Das Anliegen der Sicherheit hat als abstraktes Anliegen keine Lobby. Deshalb beantragen Sie nun, auf das Gesetz gar nicht einzutreten.</p>\n<p>Leider gibt es f\u00fcr dieses ganze Vorgehen noch weitere Parallelen. Ich erlebe im Moment absolut dasselbe mit der Sicherheit in der Luftfahrt. \u00dcberlingen ist Ihnen vielleicht noch in Erinnerung. Unmittelbar nach dem Unfall von \u00dcberlingen und unmittelbar nach dem damaligen Bericht ist es gelungen, das Bazl umzuorganisieren, mehr Stellen zu beschliessen. Einige davon wurden damals geschaffen. Jetzt, wo es darum geht, die restlichen Stellen zu schaffen, erlebe ich in der Kommission wieder dasselbe. Es heisst, diese Aufsichtsgeb\u00fchren, die etwa 1 Promille des Gewinns der Flughafenbetreiber bzw. der Fluggesellschaften ausmachen, seien eine ungeheuerliche Belastung f\u00fcr die Wirtschaft, man solle das Geld doch bei den Steuern holen. Wenn wir es bei den Steuern holen wollen, dann heisst es, man m\u00fcsse den Bundeshaushalt sanieren. Das ganze Bewusstsein f\u00fcr Sicherheit ist also, wenn ein Unfall in zeitliche Ferne ger\u00fcckt ist, nicht mehr da.</p>\n<p>Verdr\u00e4ngen in Ehren - man muss solche Unf\u00e4lle vielleicht verdr\u00e4ngen und wieder vergessen; wir k\u00f6nnen nicht Tag und Nacht an diese Unf\u00e4lle denken, ich weiss das. Aber wenn wir in der politischen Verantwortung sind, haben wir die Pflicht, die Sicherheit langfristig und nachhaltig zu organisieren. An diese Verantwortung muss ich Sie erinnern, und ich hoffe einfach, ich m\u00fcsse Sie an diese Worte sp\u00e4ter nie erinnern.</p>\n</pd_text>","MeetingCouncilAbbreviation":"N","MeetingDate":"20090908","MeetingVerbalixOid":1837,"IdSession":"4811","SpeakerFirstName":"Moritz","SpeakerLastName":"Leuenberger","SpeakerFullName":"Leuenberger Moritz","SpeakerFunction":"BR-M","CouncilId":99,"CouncilName":"Bundesrat","CantonId":1,"CantonName":"Z\u00fcrich","CantonAbbreviation":"ZH","ParlGroupName":null,"ParlGroupAbbreviation":null,"SortOrder":8,"Start":"\/Date(1252397807213)\/","End":"\/Date(1252398101459)\/","Function":"BR-M","DisplaySpeaker":true,"LanguageOfText":"DE","Modified":"\/Date(1774877796842)\/","StartTimeWithTimezone":"\/Date(1252397807213+0120)\/","EndTimeWithTimezone":"\/Date(1252398101460+0120)\/","VoteBusinessNumber":null,"VoteBusinessShortNumber":null,"VoteBusinessTitle":null},{"__metadata":{"id":"https://ws.parlament.ch/OData.svc/Transcript(ID=99750L,Language='DE')","uri":"https://ws.parlament.ch/OData.svc/Transcript(ID=99750L,Language='DE')","type":"itsystems.Pd.DataServices.DataModel.Transcript"},"Subjects":{"__deferred":{"uri":"https://ws.parlament.ch/OData.svc/Transcript(ID=99750L,Language='DE')/Subjects"}},"MembersCouncil":{"__deferred":{"uri":"https://ws.parlament.ch/OData.svc/Transcript(ID=99750L,Language='DE')/MembersCouncil"}},"Businesses":{"__deferred":{"uri":"https://ws.parlament.ch/OData.svc/Transcript(ID=99750L,Language='DE')/Businesses"}},"ID":"99750","Language":"DE","IdSubject":"15816","VoteId":null,"PersonNumber":511,"Type":1,"Text":"<pd_text><p>Le groupe socialiste soutient la minorit\u00e9, alors que le groupe lib\u00e9ral-radical, le groupe PBD et le groupe PDC/PEV/PVL soutiennent la majorit\u00e9.</p>\n</pd_text>","MeetingCouncilAbbreviation":"N","MeetingDate":"20090908","MeetingVerbalixOid":1837,"IdSession":"4811","SpeakerFirstName":"Chiara","SpeakerLastName":"Simoneschi-Cortesi","SpeakerFullName":"Simoneschi-Cortesi Chiara","SpeakerFunction":"P-F","CouncilId":1,"CouncilName":"Nationalrat","CantonId":27,"CantonName":"Tessin","CantonAbbreviation":"TI","ParlGroupName":"Fraktion CVP/EVP/glp","ParlGroupAbbreviation":"M-E","SortOrder":7,"Start":"\/Date(1252397779322)\/","End":"\/Date(1252397807213)\/","Function":"P-F","DisplaySpeaker":true,"LanguageOfText":"FR","Modified":"\/Date(1774877796837)\/","StartTimeWithTimezone":"\/Date(1252397779323+0120)\/","EndTimeWithTimezone":"\/Date(1252397807213+0120)\/","VoteBusinessNumber":null,"VoteBusinessShortNumber":null,"VoteBusinessTitle":null},{"__metadata":{"id":"https://ws.parlament.ch/OData.svc/Transcript(ID=99751L,Language='DE')","uri":"https://ws.parlament.ch/OData.svc/Transcript(ID=99751L,Language='DE')","type":"itsystems.Pd.DataServices.DataModel.Transcript"},"Subjects":{"__deferred":{"uri":"https://ws.parlament.ch/OData.svc/Transcript(ID=99751L,Language='DE')/Subjects"}},"MembersCouncil":{"__deferred":{"uri":"https://ws.parlament.ch/OData.svc/Transcript(ID=99751L,Language='DE')/MembersCouncil"}},"Businesses":{"__deferred":{"uri":"https://ws.parlament.ch/OData.svc/Transcript(ID=99751L,Language='DE')/Businesses"}},"ID":"99751","Language":"DE","IdSubject":"15816","VoteId":null,"PersonNumber":359,"Type":1,"Text":"<pd_text><p>Dem Entwurf zum Sicherheitskontrollgesetz warf man in der Vernehmlassung verschiedene M\u00e4ngel vor. Es wurde gesagt, das Gesetz w\u00fcrde die Verfahren erschweren und kompliziert machen. Man hielt fest, dass das Gesetz f\u00fcr die Wirtschaft zu kostspielig sei. Doch das Sicherheitskontrollgesetz hat vor allem einen grossen Fehler: Es kommt zum falschen Zeitpunkt. W\u00e4re in den letzten Wochen und Monaten ein Seilbahnungl\u00fcck passiert oder w\u00e4re auch nur eine kleine Stauanlage gebrochen, w\u00fcrden jetzt alle hier im Parlament von mehr Sicherheit und mehr Verantwortung sprechen.</p>\n<p>Der Ursprung dieses Gesetzes liegt dreizehn Jahre zur\u00fcck, als auf der Riederalp ein Seilbahnungl\u00fcck passierte. Schnell stellte man damals die Frage nach der Verantwortung und der Schuld. Mit dem vorliegenden Gesetz sollen nun die Aufsicht und die Zust\u00e4ndigkeit im Bereich der Sicherheit von Ger\u00e4ten und Anlagen besser geregelt und die Verantwortlichkeiten klar zugeordnet werden.</p>\n<p>Die gr\u00fcne Fraktion geht mit dem Bundesrat einig, dass Sicherheitsaspekte einen hohen Stellenwert haben und dass die Verantwortlichkeiten in diesem Bereich klar geregelt sein m\u00fcssen. Daher bef\u00fcrworten wir Gr\u00fcnen den vorliegenden umfassenden Ansatz. Wir sind deshalb auch f\u00fcr Eintreten auf die Vorlage, doch wir teilen die Kritik, dass das Gesetz etwas umfangreich und etwas allzu detailliert ausgefallen ist. Wir Gr\u00fcnen unterst\u00fctzen daher den Antrag der Minderheit Nordmann, die Vorlage an den Bundesrat zur\u00fcckzuweisen. Wir haben aber kein Verst\u00e4ndnis f\u00fcr die Mehrheit, die heute nicht auf diese Gesetzesvorlage eintreten will. Wenn nicht klar ist, wer f\u00fcr die Sicherheit zust\u00e4ndig ist, mindert das das Verantwortungsbewusstsein. Die Sicherheit hat f\u00fcr uns Gr\u00fcne einen hohen Stellenwert. Daher begr\u00fcssen wir ein gutes und umfassendes Gesetz. </p>\n</pd_text>","MeetingCouncilAbbreviation":"N","MeetingDate":"20090908","MeetingVerbalixOid":1837,"IdSession":"4811","SpeakerFirstName":"Franziska","SpeakerLastName":"Teuscher","SpeakerFullName":"Teuscher Franziska","SpeakerFunction":"Mit-F","CouncilId":1,"CouncilName":"Nationalrat","CantonId":2,"CantonName":"Bern","CantonAbbreviation":"BE","ParlGroupName":"Gr\u00fcne Fraktion","ParlGroupAbbreviation":"G","SortOrder":6,"Start":"\/Date(1252397629856)\/","End":"\/Date(1252397779322)\/","Function":"Mit-F","DisplaySpeaker":true,"LanguageOfText":"DE","Modified":"\/Date(1774877796836)\/","StartTimeWithTimezone":"\/Date(1252397629857+0120)\/","EndTimeWithTimezone":"\/Date(1252397779323+0120)\/","VoteBusinessNumber":null,"VoteBusinessShortNumber":null,"VoteBusinessTitle":null},{"__metadata":{"id":"https://ws.parlament.ch/OData.svc/Transcript(ID=99752L,Language='DE')","uri":"https://ws.parlament.ch/OData.svc/Transcript(ID=99752L,Language='DE')","type":"itsystems.Pd.DataServices.DataModel.Transcript"},"Subjects":{"__deferred":{"uri":"https://ws.parlament.ch/OData.svc/Transcript(ID=99752L,Language='DE')/Subjects"}},"MembersCouncil":{"__deferred":{"uri":"https://ws.parlament.ch/OData.svc/Transcript(ID=99752L,Language='DE')/MembersCouncil"}},"Businesses":{"__deferred":{"uri":"https://ws.parlament.ch/OData.svc/Transcript(ID=99752L,Language='DE')/Businesses"}},"ID":"99752","Language":"DE","IdSubject":"15816","VoteId":null,"PersonNumber":3924,"Type":1,"Text":"<pd_text><p>Comme vous l'avez entendu, de nombreuses critiques ont \u00e9t\u00e9 \u00e9mises au sujet de ce projet qui, notamment, n'apporterait pas d'am\u00e9liorations techniques, rendrait les processus plus compliqu\u00e9s et moins clairs, diluerait les responsabilit\u00e9s et g\u00e9n\u00e9rerait des surco\u00fbts. Ces critiques semblant justifi\u00e9es, nous ne pouvons donc accepter ce projet tel quel.</p>\n<p>Est-ce que, dans les deux lois, tout a \u00e9t\u00e9 fait pour ne pas alourdir la bureaucratie et pour d\u00e9finir clairement les responsabilit\u00e9s? Nous pensons que non. D'ailleurs, les r\u00e9sultats de la consultation ont d\u00e9montr\u00e9 qu'on n'a pas besoin de lois aussi complexes et qui m\u00ealent parfois le niveau de la r\u00e9glementation d'application et celui de la loi. Les 90 pour cent des interrog\u00e9s consid\u00e8rent que le syst\u00e8me actuel est meilleur et les 80 pour cent que ces lois seraient inefficaces. Par ailleurs, vous l'avez entendu, elles entra\u00eeneraient des surco\u00fbts importants. Rien que dans le domaine des appareils \u00e9lectriques, ceux-ci sont estim\u00e9s \u00e0 87 millions de francs.</p>\n<p>Nous appuyons donc la proposition de la minorit\u00e9 d'entrer en mati\u00e8re et de renvoyer le projet au Conseil f\u00e9d\u00e9ral afin qu'il nous pr\u00e9sente une loi-cadre qui pose les principes et qu'il d\u00e9place toutes les questions de d\u00e9tail dans une ordonnance. En effet, nous avons quand m\u00eame besoin de clarifier la situation, car ce n'est pas apr\u00e8s un accident qu'il faut prendre des mesures, mais avant!</p>\n</pd_text>","MeetingCouncilAbbreviation":"N","MeetingDate":"20090908","MeetingVerbalixOid":1837,"IdSession":"4811","SpeakerFirstName":"Christian","SpeakerLastName":"van Singer","SpeakerFullName":"van Singer Christian","SpeakerFunction":"Mit-M","CouncilId":1,"CouncilName":"Nationalrat","CantonId":22,"CantonName":"Waadt","CantonAbbreviation":"VD","ParlGroupName":"Gr\u00fcne Fraktion","ParlGroupAbbreviation":"G","SortOrder":5,"Start":"\/Date(1252397507076)\/","End":"\/Date(1252397629856)\/","Function":"Mit-M","DisplaySpeaker":true,"LanguageOfText":"FR","Modified":"\/Date(1774877796833)\/","StartTimeWithTimezone":"\/Date(1252397507077+0120)\/","EndTimeWithTimezone":"\/Date(1252397629857+0120)\/","VoteBusinessNumber":null,"VoteBusinessShortNumber":null,"VoteBusinessTitle":null},{"__metadata":{"id":"https://ws.parlament.ch/OData.svc/Transcript(ID=99753L,Language='DE')","uri":"https://ws.parlament.ch/OData.svc/Transcript(ID=99753L,Language='DE')","type":"itsystems.Pd.DataServices.DataModel.Transcript"},"Subjects":{"__deferred":{"uri":"https://ws.parlament.ch/OData.svc/Transcript(ID=99753L,Language='DE')/Subjects"}},"MembersCouncil":{"__deferred":{"uri":"https://ws.parlament.ch/OData.svc/Transcript(ID=99753L,Language='DE')/MembersCouncil"}},"Businesses":{"__deferred":{"uri":"https://ws.parlament.ch/OData.svc/Transcript(ID=99753L,Language='DE')/Businesses"}},"ID":"99753","Language":"DE","IdSubject":"15816","VoteId":null,"PersonNumber":1279,"Type":1,"Text":"<pd_text><p>Vous l'avez entendu, telle que r\u00e9dig\u00e9e, la loi est trop d\u00e9taill\u00e9e et elle pourrait conduire \u00e0 un exc\u00e8s de bureaucratie. Mais faut-il pour autant jeter le b\u00e9b\u00e9 avec l'eau du bain? Si je pose la question, c'est que fondamentalement ce projet de loi poursuit deux objectifs qui sont pertinents:</p>\n<p>1. mieux clarifier les proc\u00e9dures et les responsabilit\u00e9s de v\u00e9rification de la s\u00e9curit\u00e9. C'est tout \u00e0 fait pertinent pour des domaines \u00e0 risque: on pense par exemple aux t\u00e9l\u00e9ph\u00e9riques - et c'est d'ailleurs suite \u00e0 un accident de t\u00e9l\u00e9ph\u00e9rique que la mati\u00e8re a \u00e9t\u00e9 examin\u00e9e et qu'\u00e0 la fin du processus ce projet de loi est n\u00e9;</p>\n<p>2. sur la base de proc\u00e9dures plus claires, il s'agit de pouvoir mieux clarifier les responsabilit\u00e9s en cas d'accident. Cela est \u00e9videmment dans l'int\u00e9r\u00eat des victimes et dans l'int\u00e9r\u00eat des consommateurs; cela facilite aussi l'indemnisation.</p>\n<p>Je serai bref: plut\u00f4t que de ne pas entrer en mati\u00e8re, je vous propose de renvoyer le projet de loi au Conseil f\u00e9d\u00e9ral en lui demandant de nous livrer une nouvelle mouture simplifi\u00e9e qui se limite aux grands principes, qui d\u00e9place les d\u00e9tails dans l'ordonnance et qui se concentre sur l'essentiel. De cette mani\u00e8re, nous nous donnerions quand m\u00eame les moyens d'accro\u00eetre la s\u00e9curit\u00e9.</p>\n<p>Je vous invite \u00e0 soutenir ma proposition de minorit\u00e9, soit \u00e0 entrer en mati\u00e8re et \u00e0 renvoyer le projet au Conseil f\u00e9d\u00e9ral.</p>\n</pd_text>","MeetingCouncilAbbreviation":"N","MeetingDate":"20090908","MeetingVerbalixOid":1837,"IdSession":"4811","SpeakerFirstName":"Roger","SpeakerLastName":"Nordmann","SpeakerFullName":"Nordmann Roger","SpeakerFunction":"Mit-M","CouncilId":1,"CouncilName":"Nationalrat","CantonId":22,"CantonName":"Waadt","CantonAbbreviation":"VD","ParlGroupName":"Sozialdemokratische Fraktion","ParlGroupAbbreviation":"S","SortOrder":4,"Start":"\/Date(1252397422327)\/","End":"\/Date(1252397507076)\/","Function":"Mit-M","DisplaySpeaker":true,"LanguageOfText":"FR","Modified":"\/Date(1774877796831)\/","StartTimeWithTimezone":"\/Date(1252397422327+0120)\/","EndTimeWithTimezone":"\/Date(1252397507077+0120)\/","VoteBusinessNumber":null,"VoteBusinessShortNumber":null,"VoteBusinessTitle":null},{"__metadata":{"id":"https://ws.parlament.ch/OData.svc/Transcript(ID=99754L,Language='DE')","uri":"https://ws.parlament.ch/OData.svc/Transcript(ID=99754L,Language='DE')","type":"itsystems.Pd.DataServices.DataModel.Transcript"},"Subjects":{"__deferred":{"uri":"https://ws.parlament.ch/OData.svc/Transcript(ID=99754L,Language='DE')/Subjects"}},"MembersCouncil":{"__deferred":{"uri":"https://ws.parlament.ch/OData.svc/Transcript(ID=99754L,Language='DE')/MembersCouncil"}},"Businesses":{"__deferred":{"uri":"https://ws.parlament.ch/OData.svc/Transcript(ID=99754L,Language='DE')/Businesses"}},"ID":"99754","Language":"DE","IdSubject":"15816","VoteId":null,"PersonNumber":3922,"Type":1,"Text":"<pd_text><p>C'est par 17 voix contre 5 et 1 abstention que la CEATE-CN vous propose de ne pas entrer en mati\u00e8re sur le projet de loi sur le contr\u00f4le de la s\u00e9curit\u00e9, se ralliant ainsi au Conseil des Etats.</p>\n<p>Ce projet de loi propose une nouvelle r\u00e9glementation visant \u00e0 standardiser et \u00e0 mieux hi\u00e9rarchiser les proc\u00e9dures d'autorisation qui s'appliquent au contr\u00f4le de la s\u00e9curit\u00e9 technique des installations, v\u00e9hicules, appareils, syst\u00e8mes de s\u00e9curit\u00e9 et composants.</p>\n<p>Le Conseil f\u00e9d\u00e9ral propose la classification des proc\u00e9dures de contr\u00f4le \u00e0 trois niveaux:</p>\n<p>1. au moyen d'une d\u00e9claration pr\u00e9sent\u00e9e par le producteur lorsque le produit ne pr\u00e9sente pas un risque \u00e9lev\u00e9 dans son utilisation - par exemple une machine \u00e0 caf\u00e9;</p>\n<p>2. au moyen d'une attestation \u00e9tablie par un organisme ind\u00e9pendant qui atteste que le produit satisfait aux exigences de la s\u00e9curit\u00e9 technique pour les risques moyens - par exemple un v\u00e9hicule via le TCS;</p>\n<p>3. au moyen du contr\u00f4le \u00e9tatique officiel - pensons \u00e0 une centrale nucl\u00e9aire.</p>\n<p>Apr\u00e8s analyse, la commission estime que cette loi ne ferait qu'entra\u00eener des co\u00fbts suppl\u00e9mentaires et compliquer les [PAGE 1352] proc\u00e9dures. C'est aussi tr\u00e8s clairement ce qui est ressorti de la proc\u00e9dure de consultation men\u00e9e par le DETEC. En effet, 90 pour cent des organisations et des cantons ayant r\u00e9pondu estiment que la l\u00e9gislation actuelle est satisfaisante et pensent que le projet de nouvelle r\u00e9glementation ne ferait qu'augmenter les co\u00fbts et baisser l'efficacit\u00e9.</p>\n<p>La commission estime \u00e9galement que le niveau de s\u00e9curit\u00e9 garanti par les lois en vigueur est suffisant et que le projet du Conseil f\u00e9d\u00e9ral ne ferait que rench\u00e9rir le co\u00fbt des contr\u00f4les sans gain d'efficacit\u00e9.</p>\n<p>Au besoin, les r\u00e9glementations propres aux produits peuvent \u00eatre adapt\u00e9es sans qu'une nouvelle l\u00e9gislation transversale vienne alourdir les proc\u00e9dures.</p>\n<p>Une minorit\u00e9 de la commission soutient le Conseil f\u00e9d\u00e9ral dans sa volont\u00e9 de standardiser les proc\u00e9dures de contr\u00f4le et, corollairement, de mieux pouvoir r\u00e9pondre des responsabilit\u00e9s en cas d'accident. Cette minorit\u00e9 propose d'entrer en mati\u00e8re et de renvoyer le projet au Conseil f\u00e9d\u00e9ral pour qu'il le simplifie et que les questions de d\u00e9tail soient pr\u00e9cis\u00e9es au niveau de l'ordonnance d'application. </p>\n<p>Je vous rappelle que la majorit\u00e9 de la commission propose de ne pas entrer en mati\u00e8re sur ce projet; la commission a pris sa d\u00e9cision par 17 voix contre 5 et 1 abstention; le Conseil des Etats a fait de m\u00eame par 26 voix contre 7 en ce qui concerne la loi f\u00e9d\u00e9rale sur l'examen et le contr\u00f4le de la s\u00e9curit\u00e9 technique et par 21 voix contre 7 \u00e0 propos de la loi f\u00e9d\u00e9rale sur les installations de transport par conduites de combustibles ou carburants liquides ou gazeux.</p>\n</pd_text>","MeetingCouncilAbbreviation":"N","MeetingDate":"20090908","MeetingVerbalixOid":1837,"IdSession":"4811","SpeakerFirstName":"Laurent","SpeakerLastName":"Favre","SpeakerFullName":"Favre Laurent","SpeakerFunction":"Mit-M","CouncilId":1,"CouncilName":"Nationalrat","CantonId":24,"CantonName":"Neuenburg","CantonAbbreviation":"NE","ParlGroupName":"Freisinnig-demokratische Fraktion","ParlGroupAbbreviation":"RL","SortOrder":3,"Start":"\/Date(1252397244923)\/","End":"\/Date(1252397413640)\/","Function":"*","DisplaySpeaker":true,"LanguageOfText":"FR","Modified":"\/Date(1774877796830)\/","StartTimeWithTimezone":"\/Date(1252397244923+0120)\/","EndTimeWithTimezone":"\/Date(1252397413640+0120)\/","VoteBusinessNumber":null,"VoteBusinessShortNumber":null,"VoteBusinessTitle":null},{"__metadata":{"id":"https://ws.parlament.ch/OData.svc/Transcript(ID=99755L,Language='DE')","uri":"https://ws.parlament.ch/OData.svc/Transcript(ID=99755L,Language='DE')","type":"itsystems.Pd.DataServices.DataModel.Transcript"},"Subjects":{"__deferred":{"uri":"https://ws.parlament.ch/OData.svc/Transcript(ID=99755L,Language='DE')/Subjects"}},"MembersCouncil":{"__deferred":{"uri":"https://ws.parlament.ch/OData.svc/Transcript(ID=99755L,Language='DE')/MembersCouncil"}},"Businesses":{"__deferred":{"uri":"https://ws.parlament.ch/OData.svc/Transcript(ID=99755L,Language='DE')/Businesses"}},"ID":"99755","Language":"DE","IdSubject":"15816","VoteId":null,"PersonNumber":1233,"Type":1,"Text":"<pd_text><p>Mit dem vorliegenden Sicherheitskontrollgesetz soll der Grundstein f\u00fcr eine neue Sicherheitsphilosophie im UVEK gelegt werden. Das neue Bundesgesetz soll dazu beitragen, den st\u00e4ndig steigenden Anforderungen an die technische Sicherheit gerecht zu werden. Ausl\u00f6ser f\u00fcr diese Vorlage war das Seilbahnungl\u00fcck auf der Riederalp im Jahr 1996. Damals stellte sich offenbar die Frage, ob das Bundesamt f\u00fcr Verkehr f\u00fcr dieses Ungl\u00fcck allenfalls mitverantwortlich sei. Unter anderem aufgrund dieses Vorfalles kam der Bundesrat zum Schluss, dass die Sicherheit systematisch organisiert werden m\u00fcsse. </p>\n<p>Das Sicherheitskontrollgesetz regelt die Verfahren zur Pr\u00fcfung und Kontrolle der technischen Sicherheit, nicht aber materielle Sicherheitsanforderungen an einzelne Anlagen, Fahrzeuge, Ger\u00e4te, Sicherheitssysteme und Komponenten. Zudem stellt es sicher, dass die Erf\u00fcllung von Sicherheitsaufgaben von der Erf\u00fcllung anderer Aufgaben organisatorisch getrennt wird. Konkret werden drei Verfahren f\u00fcr die Sicherheitskontrolle vorgesehen. Dabei wird die technische Sicherheit anhand einer Erkl\u00e4rung des Herstellers, anhand einer Bescheinigung einer unabh\u00e4ngigen Stelle oder mittels staatlicher Kontrolle gepr\u00fcft. Wann welches Verfahren zum Einsatz kommt, ergibt sich nach der Wahrscheinlichkeit eines Zwischenfalls und dessen Auswirkungen auf Mensch und Umwelt. Die konkrete Zuteilung erfolgt nicht im Rahmen des Sicherheitskontrollgesetzes, sondern in einer Spezialgesetzgebung auf Gesetzes- oder Verordnungsstufe. Deshalb stehen neben dem Sicherheitskontrollgesetz \u00c4nderungen bei einer ganzen Reihe weiterer Gesetze zur Debatte, vom Kernenergiegesetz bis zum Rohrleitungsgesetz.</p>\n<p>Die Vorlage wurde in der Vernehmlassung sehr kritisch beurteilt. Nur sechs Kantone bekundeten Zustimmung. Die Regierungskonferenz der Gebirgskantone lehnte die Vorlage sogar klar ab. Die betroffenen Fachverb\u00e4nde lehnten die Vorlage ebenfalls ab. Nach ihren Aussagen ist heute die Sicherheit in Bereichen wie Luftfahrt, \u00f6ffentlicher Verkehr, elektrische Anlagen usw. gesetzgeberisch umfassend und effizient geregelt. Das neue Sicherheitskontrollgesetz bewirke deshalb keine Verbesserung der technischen Sicherheit, hiess es. Es wird bef\u00fcrchtet, bew\u00e4hrte Abl\u00e4ufe und Verfahren w\u00fcrden durch ein komplizierteres, teureres und un\u00fcbersichtlicheres System ersetzt, welches zu vielen administrativen Auflagen und dementsprechend zu grossen Mehrkosten f\u00fchre. Auch in der Kommission stiess die Gesetzesvorlage auf Skepsis.</p>\n<p>Der Nationalrat ist Zweitrat. Der St\u00e4nderat hat auf Antrag der UREK-SR bereits im Juni dieses Jahres mit 26 zu 7 Stimmen beschlossen, nicht auf die Vorlage einzutreten.</p>\n<p>Die UREK-NR hat die Vorlage an ihrer Sitzung vom 15. Juni 2009 beraten. Sie kam wie der St\u00e4nderat zum Schluss, dass die Organisation der Kontrollen im Bereich Sicherheit in verschiedenen Gesetzen und Verordnungen bereits umfassend geregelt sei. Somit w\u00fcrden die Sicherheitsaspekte laufend den aktuellen Bed\u00fcrfnissen angepasst. Weiter kann festgestellt werden, dass sich bez\u00fcglich der Pr\u00fcfungen und \u00dcberwachungen der betroffenen technischen Anlagen eine zweckm\u00e4ssige, gut funktionierende Arbeitsteilung zwischen Beh\u00f6rden und privaten Organisationen eingespielt hat. Dabei spielen die verschiedenen Fachverb\u00e4nde eine wichtige Rolle. Die Schaffung neuer Strukturen, welche zu einem gr\u00f6sseren administrativen und finanziellen Aufwand f\u00fchren, dr\u00e4ngt sich nach Auffassung der UREK nicht auf. </p>\n<p>Die UREK hat deshalb mit 17 zu 5 Stimmen bei 1 Enthaltung beschlossen, auf das Sicherheitskontrollgesetz nicht einzutreten. Beim Bundesgesetz \u00fcber Rohrleitungsanlagen zur Bef\u00f6rderung fl\u00fcssiger oder gasf\u00f6rmiger Brenn- oder Treibstoffe hat die UREK ebenfalls Nichteintreten beschlossen.</p>\n<p>Namens der Kommissionsmehrheit beantrage ich Ihnen deshalb, wie der St\u00e4nderat auf diese beiden Vorlagen nicht einzutreten.</p>\n</pd_text>","MeetingCouncilAbbreviation":"N","MeetingDate":"20090908","MeetingVerbalixOid":1837,"IdSession":"4811","SpeakerFirstName":"Hans","SpeakerLastName":"Rutschmann","SpeakerFullName":"Rutschmann Hans","SpeakerFunction":"Mit-M","CouncilId":1,"CouncilName":"Nationalrat","CantonId":1,"CantonName":"Z\u00fcrich","CantonAbbreviation":"ZH","ParlGroupName":"Fraktion der Schweizerischen Volkspartei","ParlGroupAbbreviation":"V","SortOrder":2,"Start":"\/Date(1252396876959)\/","End":"\/Date(1252397221751)\/","Function":"*","DisplaySpeaker":true,"LanguageOfText":"DE","Modified":"\/Date(1774877796826)\/","StartTimeWithTimezone":"\/Date(1252396876960+0120)\/","EndTimeWithTimezone":"\/Date(1252397221750+0120)\/","VoteBusinessNumber":null,"VoteBusinessShortNumber":null,"VoteBusinessTitle":null},{"__metadata":{"id":"https://ws.parlament.ch/OData.svc/Transcript(ID=99756L,Language='DE')","uri":"https://ws.parlament.ch/OData.svc/Transcript(ID=99756L,Language='DE')","type":"itsystems.Pd.DataServices.DataModel.Transcript"},"Subjects":{"__deferred":{"uri":"https://ws.parlament.ch/OData.svc/Transcript(ID=99756L,Language='DE')/Subjects"}},"MembersCouncil":{"__deferred":{"uri":"https://ws.parlament.ch/OData.svc/Transcript(ID=99756L,Language='DE')/MembersCouncil"}},"Businesses":{"__deferred":{"uri":"https://ws.parlament.ch/OData.svc/Transcript(ID=99756L,Language='DE')/Businesses"}},"ID":"99756","Language":"DE","IdSubject":"15816","VoteId":null,"PersonNumber":null,"Type":3,"Text":"<pd_text><p><i>Antrag der Mehrheit </i></p>\n<p>Zustimmung zum Beschluss des St\u00e4nderates</p>\n<p>(= Nichteintreten)</p>\n<p>[VS]</p>\n<p><i>Antrag der Minderheit</i></p>\n<p>(Nordmann, Daguet, Girod, Stump, Teuscher, van Singer)</p>\n<p>Eintreten und R\u00fcckweisung der Vorlagen an den Bundesrat</p>\n<p>mit folgendem Auftrag:</p>\n<p>Der Bundesrat wird beauftragt, das Sicherheitskontrollgesetz (SKG) zu \u00fcberarbeiten und sich dabei auf die Behandlung von auf Gesetzesstufe unerl\u00e4sslichen Fragen zu beschr\u00e4nken und die Detailfragen auf Verordnungsstufe zu regeln.</p>\n<p>[VS]</p>\n<p><i>Proposition de la majorit\u00e9</i></p>\n<p>Adh\u00e9rer \u00e0 la d\u00e9cision du Conseil des Etats</p>\n<p>(= Ne pas entrer en mati\u00e8re)</p>\n<p>[VS]</p>\n<p><i>Proposition de la minorit\u00e9</i></p>\n<p>(Nordmann, Daguet, Girod, Stump, Teuscher, van Singer)</p>\n<p>Entrer en mati\u00e8re et renvoyer les projets au Conseil f\u00e9d\u00e9ral</p>\n<p>avec le mandat suivant:</p>\n<p>Le Conseil f\u00e9d\u00e9ral est charg\u00e9 de retravailler le projet de loi sur le contr\u00f4le de la s\u00e9curit\u00e9 (LCS) de mani\u00e8re \u00e0 se limiter au traitement des questions imp\u00e9rativement de rang l\u00e9gal et en d\u00e9pla\u00e7ant les questions de d\u00e9tail dans les ordonnances.</p>\n</pd_text>","MeetingCouncilAbbreviation":"N","MeetingDate":"20090908","MeetingVerbalixOid":1837,"IdSession":"4811","SpeakerFirstName":null,"SpeakerLastName":null,"SpeakerFullName":"","SpeakerFunction":null,"CouncilId":null,"CouncilName":null,"CantonId":null,"CantonName":null,"CantonAbbreviation":null,"ParlGroupName":null,"ParlGroupAbbreviation":null,"SortOrder":1,"Start":null,"End":null,"Function":null,"DisplaySpeaker":null,"LanguageOfText":"DE","Modified":"\/Date(1774877796814)\/","StartTimeWithTimezone":null,"EndTimeWithTimezone":null,"VoteBusinessNumber":null,"VoteBusinessShortNumber":null,"VoteBusinessTitle":null}]},"ID":"15816","Language":"DE","IdMeeting":"1138","VerbalixOid":306532,"SortOrder":1,"Modified":"\/Date(1447070112670)\/"}}