{"d":{"__metadata":{"id":"https://ws.parlament.ch/OData.svc/Subject(ID=16043L,Language='DE')","uri":"https://ws.parlament.ch/OData.svc/Subject(ID=16043L,Language='DE')","type":"itsystems.Pd.DataServices.DataModel.Subject"},"Meetings":{"__metadata":{"id":"https://ws.parlament.ch/OData.svc/Meeting(ID=1149L,Language='DE')","uri":"https://ws.parlament.ch/OData.svc/Meeting(ID=1149L,Language='DE')","type":"itsystems.Pd.DataServices.DataModel.Meeting"},"Sessions":{"__deferred":{"uri":"https://ws.parlament.ch/OData.svc/Meeting(ID=1149L,Language='DE')/Sessions"}},"Subjects":{"__deferred":{"uri":"https://ws.parlament.ch/OData.svc/Meeting(ID=1149L,Language='DE')/Subjects"}},"ID":"1149","Language":"DE","MeetingNumber":12,"IdSession":4811,"SessionNumber":11,"SessionName":"Herbstsession 2009","Council":2,"CouncilName":"St\u00e4nderat","CouncilAbbreviation":"SR","Date":"\/Date(1253836800000)\/","Begin":"0820","Modified":"\/Date(1447070117333)\/","LegislativePeriodNumber":48,"PublicationStatus":"final","MeetingOrderText":"Zw\u00f6lfte Sitzung","SortOrder":12,"Location":"S"},"SubjectsBusiness":{"results":[{"__metadata":{"id":"https://ws.parlament.ch/OData.svc/SubjectBusiness(BusinessNumber=20080036,IdSubject=16043L,Language='DE')","uri":"https://ws.parlament.ch/OData.svc/SubjectBusiness(BusinessNumber=20080036,IdSubject=16043L,Language='DE')","type":"itsystems.Pd.DataServices.DataModel.SubjectBusiness"},"Subjects":{"__deferred":{"uri":"https://ws.parlament.ch/OData.svc/SubjectBusiness(BusinessNumber=20080036,IdSubject=16043L,Language='DE')/Subjects"}},"Businesses":{"__deferred":{"uri":"https://ws.parlament.ch/OData.svc/SubjectBusiness(BusinessNumber=20080036,IdSubject=16043L,Language='DE')/Businesses"}},"IdSubject":"16043","BusinessNumber":20080036,"Language":"DE","BusinessShortNumber":"08.036","Title":"Gegen Tierqu\u00e4lerei und f\u00fcr einen besseren Rechtsschutz der Tiere (Tierschutzanwalt-Initiative). Volksinitiative","SortOrder":1,"PublishedNotes":"Schlussabstimmung - Vote final\n","Modified":"\/Date(1447069361370)\/","TitleDE":"Gegen Tierqu\u00e4lerei\nund f\u00fcr\neinen besseren\nRechtsschutz\nder Tiere\n(Tierschutzanwalt-Initiative).\nVolksinitiative","TitleFR":"Contre les mauvais traitements\nenvers les animaux et pour\nune meilleure protection juridique\nde ces derniers (Initiative\npour l'institution d'un avocat\nde la protection des animaux).\nInitiative populaire","TitleIT":null}]},"Transcripts":{"results":[{"__metadata":{"id":"https://ws.parlament.ch/OData.svc/Transcript(ID=101018L,Language='DE')","uri":"https://ws.parlament.ch/OData.svc/Transcript(ID=101018L,Language='DE')","type":"itsystems.Pd.DataServices.DataModel.Transcript"},"Subjects":{"__deferred":{"uri":"https://ws.parlament.ch/OData.svc/Transcript(ID=101018L,Language='DE')/Subjects"}},"MembersCouncil":{"__deferred":{"uri":"https://ws.parlament.ch/OData.svc/Transcript(ID=101018L,Language='DE')/MembersCouncil"}},"Businesses":{"__deferred":{"uri":"https://ws.parlament.ch/OData.svc/Transcript(ID=101018L,Language='DE')/Businesses"}},"ID":"101018","Language":"DE","IdSubject":"16043","VoteId":null,"PersonNumber":1161,"Type":1,"Text":"<pd_text><p><b>Bundesbeschluss \u00fcber die Volksinitiative \"gegen Tierqu\u00e4lerei und f\u00fcr einen besseren Rechtsschutz der Tiere (Tierschutzanwalt-Initiative)\" </b></p>\n<p><b>Arr\u00eat\u00e9 f\u00e9d\u00e9ral concernant l'initiative populaire \"contre les mauvais traitements envers les animaux et pour une meilleure protection juridique de ces derniers (Initiative pour l'institution d'un avocat de la protection des animaux)\" </b></p>\n<p>[VS]</p>\n<p><i>Abstimmung - Vote</i></p>\n<p>F\u00fcr Annahme des Entwurfes ... 30 Stimmen</p>\n<p>Dagegen ... 6 Stimmen</p>\n<p>(2 Enthaltungen)</p>\n</pd_text>","MeetingCouncilAbbreviation":"S","MeetingDate":"20090925","MeetingVerbalixOid":1863,"IdSession":"4811","SpeakerFirstName":"Alain","SpeakerLastName":"Berset","SpeakerFullName":"Berset Alain","SpeakerFunction":"P-M","CouncilId":2,"CouncilName":"St\u00e4nderat","CantonId":10,"CantonName":"Freiburg","CantonAbbreviation":"FR","ParlGroupName":"Sozialdemokratische Fraktion","ParlGroupAbbreviation":"S","SortOrder":1,"Start":"\/Date(1253866977787)\/","End":"\/Date(1253867025207)\/","Function":"Mit-M","DisplaySpeaker":false,"LanguageOfText":null,"Modified":"\/Date(1510850491410)\/","StartTimeWithTimezone":"\/Date(1253866977787+0120)\/","EndTimeWithTimezone":"\/Date(1253867025207+0120)\/","VoteBusinessNumber":null,"VoteBusinessShortNumber":null,"VoteBusinessTitle":null}]},"ID":"16043","Language":"DE","IdMeeting":"1149","VerbalixOid":311305,"SortOrder":5,"Modified":"\/Date(1510850491410)\/"}}