{"d":{"__metadata":{"id":"https://ws.parlament.ch/OData.svc/Subject(ID=16049L,Language='DE')","uri":"https://ws.parlament.ch/OData.svc/Subject(ID=16049L,Language='DE')","type":"itsystems.Pd.DataServices.DataModel.Subject"},"Meetings":{"__metadata":{"id":"https://ws.parlament.ch/OData.svc/Meeting(ID=1149L,Language='DE')","uri":"https://ws.parlament.ch/OData.svc/Meeting(ID=1149L,Language='DE')","type":"itsystems.Pd.DataServices.DataModel.Meeting"},"Sessions":{"__deferred":{"uri":"https://ws.parlament.ch/OData.svc/Meeting(ID=1149L,Language='DE')/Sessions"}},"Subjects":{"__deferred":{"uri":"https://ws.parlament.ch/OData.svc/Meeting(ID=1149L,Language='DE')/Subjects"}},"ID":"1149","Language":"DE","MeetingNumber":12,"IdSession":4811,"SessionNumber":11,"SessionName":"Herbstsession 2009","Council":2,"CouncilName":"St\u00e4nderat","CouncilAbbreviation":"SR","Date":"\/Date(1253836800000)\/","Begin":"0820","Modified":"\/Date(1447070117333)\/","LegislativePeriodNumber":48,"PublicationStatus":"final","MeetingOrderText":"Zw\u00f6lfte Sitzung","SortOrder":12,"Location":"S"},"SubjectsBusiness":{"results":[{"__metadata":{"id":"https://ws.parlament.ch/OData.svc/SubjectBusiness(BusinessNumber=20070074,IdSubject=16049L,Language='DE')","uri":"https://ws.parlament.ch/OData.svc/SubjectBusiness(BusinessNumber=20070074,IdSubject=16049L,Language='DE')","type":"itsystems.Pd.DataServices.DataModel.SubjectBusiness"},"Subjects":{"__deferred":{"uri":"https://ws.parlament.ch/OData.svc/SubjectBusiness(BusinessNumber=20070074,IdSubject=16049L,Language='DE')/Subjects"}},"Businesses":{"__deferred":{"uri":"https://ws.parlament.ch/OData.svc/SubjectBusiness(BusinessNumber=20070074,IdSubject=16049L,Language='DE')/Businesses"}},"IdSubject":"16049","BusinessNumber":20070074,"Language":"DE","BusinessShortNumber":"07.074","Title":"MEDIA Programm 2007-2013. Abkommen mit der Europ\u00e4ischen Gemeinschaft","SortOrder":1,"PublishedNotes":"Schlussabstimmung - Vote final\n","Modified":"\/Date(1447069329236)\/","TitleDE":"Programm Media 2007-2013.\nAbkommen\nmit der Europ\u00e4ischen Gemeinschaft","TitleFR":"Programme Media 2007-2013.\nAccord\navec la Communaut\u00e9 europ\u00e9enne","TitleIT":null}]},"Transcripts":{"results":[{"__metadata":{"id":"https://ws.parlament.ch/OData.svc/Transcript(ID=101025L,Language='DE')","uri":"https://ws.parlament.ch/OData.svc/Transcript(ID=101025L,Language='DE')","type":"itsystems.Pd.DataServices.DataModel.Transcript"},"Subjects":{"__deferred":{"uri":"https://ws.parlament.ch/OData.svc/Transcript(ID=101025L,Language='DE')/Subjects"}},"MembersCouncil":{"__deferred":{"uri":"https://ws.parlament.ch/OData.svc/Transcript(ID=101025L,Language='DE')/MembersCouncil"}},"Businesses":{"__deferred":{"uri":"https://ws.parlament.ch/OData.svc/Transcript(ID=101025L,Language='DE')/Businesses"}},"ID":"101025","Language":"DE","IdSubject":"16049","VoteId":null,"PersonNumber":1161,"Type":1,"Text":"<pd_text><p><b>4. Bundesgesetz \u00fcber Radio und Fernsehen </b></p>\n<p><b>4. Loi f\u00e9d\u00e9rale sur la radio et la t\u00e9l\u00e9vision </b></p>\n<p>[VS]</p>\n<p><i>Abstimmung - Vote</i></p>\n<p>F\u00fcr Annahme des Entwurfes ... 26 Stimmen </p>\n<p>Dagegen ... 8 Stimmen</p>\n<p>(5 Enthaltungen) </p>\n<p>[PAGE 1002] </p>\n</pd_text>","MeetingCouncilAbbreviation":"S","MeetingDate":"20090925","MeetingVerbalixOid":1863,"IdSession":"4811","SpeakerFirstName":"Alain","SpeakerLastName":"Berset","SpeakerFullName":"Berset Alain","SpeakerFunction":"P-M","CouncilId":2,"CouncilName":"St\u00e4nderat","CantonId":10,"CantonName":"Freiburg","CantonAbbreviation":"FR","ParlGroupName":"Sozialdemokratische Fraktion","ParlGroupAbbreviation":"S","SortOrder":1,"Start":"\/Date(1253866937707)\/","End":"\/Date(1253866977787)\/","Function":"Mit-M","DisplaySpeaker":false,"LanguageOfText":null,"Modified":"\/Date(1510850491410)\/","StartTimeWithTimezone":"\/Date(1253866937707+0120)\/","EndTimeWithTimezone":"\/Date(1253866977787+0120)\/","VoteBusinessNumber":null,"VoteBusinessShortNumber":null,"VoteBusinessTitle":null}]},"ID":"16049","Language":"DE","IdMeeting":"1149","VerbalixOid":311302,"SortOrder":4,"Modified":"\/Date(1510850491410)\/"}}