{"d":{"__metadata":{"id":"https://ws.parlament.ch/OData.svc/Subject(ID=16097L,Language='DE')","uri":"https://ws.parlament.ch/OData.svc/Subject(ID=16097L,Language='DE')","type":"itsystems.Pd.DataServices.DataModel.Subject"},"Meetings":{"__metadata":{"id":"https://ws.parlament.ch/OData.svc/Meeting(ID=1156L,Language='DE')","uri":"https://ws.parlament.ch/OData.svc/Meeting(ID=1156L,Language='DE')","type":"itsystems.Pd.DataServices.DataModel.Meeting"},"Sessions":{"__deferred":{"uri":"https://ws.parlament.ch/OData.svc/Meeting(ID=1156L,Language='DE')/Sessions"}},"Subjects":{"__deferred":{"uri":"https://ws.parlament.ch/OData.svc/Meeting(ID=1156L,Language='DE')/Subjects"}},"ID":"1156","Language":"DE","MeetingNumber":4,"IdSession":4812,"SessionNumber":12,"SessionName":"Wintersession 2009","Council":1,"CouncilName":"Nationalrat","CouncilAbbreviation":"NR","Date":"\/Date(1259193600000)\/","Begin":"0800","Modified":"\/Date(1447070119043)\/","LegislativePeriodNumber":48,"PublicationStatus":"final","MeetingOrderText":"Vierte Sitzung","SortOrder":4,"Location":"N"},"SubjectsBusiness":{"results":[{"__metadata":{"id":"https://ws.parlament.ch/OData.svc/SubjectBusiness(BusinessNumber=20090021,IdSubject=16097L,Language='DE')","uri":"https://ws.parlament.ch/OData.svc/SubjectBusiness(BusinessNumber=20090021,IdSubject=16097L,Language='DE')","type":"itsystems.Pd.DataServices.DataModel.SubjectBusiness"},"Subjects":{"__deferred":{"uri":"https://ws.parlament.ch/OData.svc/SubjectBusiness(BusinessNumber=20090021,IdSubject=16097L,Language='DE')/Subjects"}},"Businesses":{"__deferred":{"uri":"https://ws.parlament.ch/OData.svc/SubjectBusiness(BusinessNumber=20090021,IdSubject=16097L,Language='DE')/Businesses"}},"IdSubject":"16097","BusinessNumber":20090021,"Language":"DE","BusinessShortNumber":"09.021","Title":"Entscheidungen in Zivil- und Handelssachen. Genehmigung und Umsetzung des revidierten Lugano-\u00dcbereinkommens","SortOrder":1,"PublishedNotes":"Zweitrat - Deuxi\u00e8me Conseil\n","Modified":"\/Date(1447069397766)\/","TitleDE":"Entscheidungen in Zivil- und\nHandelssachen.\nGenehmigung und Umsetzung\ndes revidierten Lugano-\u00dcbereinkommens","TitleFR":"D\u00e9cisions en mati\u00e8re civile\net commerciale.\nApprobation et mise en oeuvre\nde la Convention r\u00e9vis\u00e9e de Lugano","TitleIT":null}]},"Transcripts":{"results":[{"__metadata":{"id":"https://ws.parlament.ch/OData.svc/Transcript(ID=101427L,Language='DE')","uri":"https://ws.parlament.ch/OData.svc/Transcript(ID=101427L,Language='DE')","type":"itsystems.Pd.DataServices.DataModel.Transcript"},"Subjects":{"__deferred":{"uri":"https://ws.parlament.ch/OData.svc/Transcript(ID=101427L,Language='DE')/Subjects"}},"MembersCouncil":{"__deferred":{"uri":"https://ws.parlament.ch/OData.svc/Transcript(ID=101427L,Language='DE')/MembersCouncil"}},"Businesses":{"__deferred":{"uri":"https://ws.parlament.ch/OData.svc/Transcript(ID=101427L,Language='DE')/Businesses"}},"ID":"101427","Language":"DE","IdSubject":"16097","VoteId":"3175","PersonNumber":null,"Type":2,"Text":"<pd_text><p><i>Gesamtabstimmung - Vote sur l'ensemble</i></p>\n<p>[NAM]</p>\n<p>F\u00fcr Annahme des Entwurfes ... 160 Stimmen</p>\n<p>Dagegen ... 6 Stimmen</p>\n<p>[PAGE 1960] </p>\n</pd_text>","MeetingCouncilAbbreviation":"N","MeetingDate":"20091126","MeetingVerbalixOid":1870,"IdSession":"4812","SpeakerFirstName":null,"SpeakerLastName":null,"SpeakerFullName":"","SpeakerFunction":null,"CouncilId":null,"CouncilName":null,"CantonId":null,"CantonName":null,"CantonAbbreviation":null,"ParlGroupName":null,"ParlGroupAbbreviation":null,"SortOrder":4,"Start":"\/Date(1259239220012)\/","End":"\/Date(1259239220012)\/","Function":null,"DisplaySpeaker":null,"LanguageOfText":"DE","Modified":"\/Date(1774877783517)\/","StartTimeWithTimezone":"\/Date(1259239220013+0060)\/","EndTimeWithTimezone":"\/Date(1259239220013+0060)\/","VoteBusinessNumber":20090021,"VoteBusinessShortNumber":"09.021","VoteBusinessTitle":"Entscheidungen in Zivil- und\nHandelssachen.\nGenehmigung und Umsetzung\ndes revidierten Lugano-\u00dcbereinkommens"},{"__metadata":{"id":"https://ws.parlament.ch/OData.svc/Transcript(ID=101428L,Language='DE')","uri":"https://ws.parlament.ch/OData.svc/Transcript(ID=101428L,Language='DE')","type":"itsystems.Pd.DataServices.DataModel.Transcript"},"Subjects":{"__deferred":{"uri":"https://ws.parlament.ch/OData.svc/Transcript(ID=101428L,Language='DE')/Subjects"}},"MembersCouncil":{"__deferred":{"uri":"https://ws.parlament.ch/OData.svc/Transcript(ID=101428L,Language='DE')/MembersCouncil"}},"Businesses":{"__deferred":{"uri":"https://ws.parlament.ch/OData.svc/Transcript(ID=101428L,Language='DE')/Businesses"}},"ID":"101428","Language":"DE","IdSubject":"16097","VoteId":null,"PersonNumber":823,"Type":1,"Text":"<pd_text><p><i>Eintreten wird ohne Gegenantrag beschlossen</i></p>\n<p><i>L'entr\u00e9e en mati\u00e8re est d\u00e9cid\u00e9e sans opposition</i></p>\n<p>[VS]</p>\n<p>[VS]</p>\n<p><b>Bundesbeschluss \u00fcber die Genehmigung und die Umsetzung des revidierten \u00dcbereinkommens von Lugano \u00fcber die gerichtliche Zust\u00e4ndigkeit, die Anerkennung und die Vollstreckung gerichtlicher Entscheidungen in Zivil- und Handelssachen </b></p>\n<p><b>Arr\u00eat\u00e9 f\u00e9d\u00e9ral portant approbation et mise en oeuvre de la Convention de Lugano r\u00e9vis\u00e9e concernant la comp\u00e9tence judiciaire, la reconnaissance et l'ex\u00e9cution des d\u00e9cisions en mati\u00e8re civile et commerciale </b></p>\n<p>[VS]</p>\n<p><i>Detailberatung - Discussion par article</i></p>\n<p>[VS]</p>\n<p><b>Titel und Ingress, Art. 1-4</b></p>\n<p><i>Antrag der Kommission</i></p>\n<p>Zustimmung zum Beschluss des St\u00e4nderates</p>\n<p>[VS]</p>\n<p><b>Titre et pr\u00e9ambule, art. 1-4</b></p>\n<p><i>Proposition de la commission</i></p>\n<p>Adh\u00e9rer \u00e0 la d\u00e9cision du Conseil des Etats</p>\n<p>[VS]</p>\n<p><i>Angenommen - Adopt\u00e9</i></p>\n<p>[VS]</p>\n</pd_text>","MeetingCouncilAbbreviation":"N","MeetingDate":"20091126","MeetingVerbalixOid":1870,"IdSession":"4812","SpeakerFirstName":"Pascale","SpeakerLastName":"Bruderer Wyss","SpeakerFullName":"Bruderer Wyss Pascale","SpeakerFunction":"P-F","CouncilId":1,"CouncilName":"Nationalrat","CantonId":19,"CantonName":"Aargau","CantonAbbreviation":"AG","ParlGroupName":"Sozialdemokratische Fraktion","ParlGroupAbbreviation":"S","SortOrder":3,"Start":"\/Date(1259239116578)\/","End":"\/Date(1259239220012)\/","Function":"P-F","DisplaySpeaker":false,"LanguageOfText":null,"Modified":"\/Date(1774877783515)\/","StartTimeWithTimezone":"\/Date(1259239116577+0060)\/","EndTimeWithTimezone":"\/Date(1259239220013+0060)\/","VoteBusinessNumber":null,"VoteBusinessShortNumber":null,"VoteBusinessTitle":null},{"__metadata":{"id":"https://ws.parlament.ch/OData.svc/Transcript(ID=101429L,Language='DE')","uri":"https://ws.parlament.ch/OData.svc/Transcript(ID=101429L,Language='DE')","type":"itsystems.Pd.DataServices.DataModel.Transcript"},"Subjects":{"__deferred":{"uri":"https://ws.parlament.ch/OData.svc/Transcript(ID=101429L,Language='DE')/Subjects"}},"MembersCouncil":{"__deferred":{"uri":"https://ws.parlament.ch/OData.svc/Transcript(ID=101429L,Language='DE')/MembersCouncil"}},"Businesses":{"__deferred":{"uri":"https://ws.parlament.ch/OData.svc/Transcript(ID=101429L,Language='DE')/Businesses"}},"ID":"101429","Language":"DE","IdSubject":"16097","VoteId":null,"PersonNumber":1120,"Type":1,"Text":"<pd_text><p>Nous devons \u00e0 pr\u00e9sent nous prononcer sur le projet d'arr\u00eat\u00e9 f\u00e9d\u00e9ral portant approbation et mise en oeuvre de la Convention de Lugano r\u00e9vis\u00e9e concernant la comp\u00e9tence judiciaire, la reconnaissance et l'ex\u00e9cution des d\u00e9cisions en mati\u00e8re civile et commerciale. Je vous rappelle que la Convention de Lugano conclue le 16 septembre 1998 est entr\u00e9e en vigueur en Suisse le 1er janvier 1992. Elle d\u00e9termine la comp\u00e9tence des tribunaux de ses Etats membres au niveau international et a pour effet entre autres que les jugements rendus dans un Etat partie sont reconnus et ex\u00e9cut\u00e9s dans les autres Etats parties, donc \u00e9galement en Suisse.</p>\n<p>De l'avis g\u00e9n\u00e9ral, cette convention a fait ses preuves, tant en Suisse que dans les autres Etats parties. L'unification des r\u00e8gles en mati\u00e8re de for et la mise en place d'un syst\u00e8me efficace de reconnaissance et d'ex\u00e9cution des d\u00e9cisions \u00e9trang\u00e8res constituent deux progr\u00e8s majeurs.</p>\n<p>Ceci \u00e9tant, ces derni\u00e8res ann\u00e9es l'id\u00e9e d'une r\u00e9vision de la Convention de Lugano s'est impos\u00e9e au niveau international. La Convention de Lugano r\u00e9vis\u00e9e se fonde sur un projet de r\u00e9vision parall\u00e8le des Conventions de Bruxelles et de Lugano pr\u00e9sent\u00e9 par un groupe de travail mixte Union europ\u00e9enne/AELE en avril 1999.</p>\n<p>L'Union europ\u00e9enne a d\u00e9cid\u00e9 de mettre en oeuvre ce projet, non pas sous la forme d'une convention, mais sous la forme d'un r\u00e8glement communautaire, lequel est entr\u00e9 en vigueur le 1er mars 2002 pour ses Etats membres. La convention r\u00e9vis\u00e9e et sign\u00e9e \u00e0 Lugano le 30 octobre 2007 permettra de mettre en oeuvre dans les Etats de l'AELE, que sont la Suisse, la Norv\u00e8ge et l'Islande, les solutions trouv\u00e9es en 1999 par le groupe de travail.</p>\n<p>La Convention de Lugano r\u00e9vis\u00e9e am\u00e9liore, clarifie et simplifie la convention existante sur plusieurs points. J'en citerai quelques-uns. </p>\n<p>Tout d'abord, en mati\u00e8re de for, les r\u00e8gles sont modifi\u00e9es dans les domaines suivants: le for contractuel et le for en mati\u00e8re de contrats conclus par les consommateurs; la d\u00e9finition de la litispendance et du si\u00e8ge des personnes morales, qui devient une d\u00e9finition autonome; le for en mati\u00e8re de contrats de travail en mati\u00e8re d'assurance, le for exclusif en mati\u00e8re immobili\u00e8re et en mati\u00e8re de propri\u00e9t\u00e9 intellectuelle et des dispositions coordonnant les proc\u00e9dures connexes.</p>\n<p>Dans le domaine de la reconnaissance et l'ex\u00e9cution des d\u00e9cisions, les modifications principales sont les objections mat\u00e9rielles \u00e0 l'encontre de la d\u00e9claration d'exequatur, qui ne seront examin\u00e9es qu'en deuxi\u00e8me instance, et le fait qu'un d\u00e9faut formel mineur dans la transcription de l'acte introductif d'instance ne suffira plus \u00e0 emp\u00eacher la reconnaissance de l'ex\u00e9cution.</p>\n<p>L'entr\u00e9e en vigueur de la convention r\u00e9vis\u00e9e, qui a \u00e9t\u00e9 enti\u00e8rement renum\u00e9rot\u00e9e, sera aussi l'occasion d'adapter quelques dispositions de la loi f\u00e9d\u00e9rale sur la poursuite pour dettes et la faillite et du Code de proc\u00e9dure civile. Ces adaptations concernent principalement la cr\u00e9ation d'un nouveau cas de s\u00e9questre et l'extension de la comp\u00e9tence territoriale et mat\u00e9rielle du juge de l'ex\u00e9cution.</p>\n<p>Les dispositions de la loi f\u00e9d\u00e9rale sur le droit international priv\u00e9 concernant le for sont \u00e9galement adapt\u00e9es. Finalement, la Convention de Lugano r\u00e9vis\u00e9e permettra d'\u00e9tendre le champ d'application territorial de la convention aux Etats qui ont adh\u00e9r\u00e9 \u00e0 l'Union europ\u00e9enne depuis l'\u00e9largissement \u00e0 l'Est. Il sera aussi possible que cette convention s'applique \u00e0 tous les futurs Etats qui deviendront membre de l'Union europ\u00e9enne.</p>\n<p>La Commission des affaires juridiques de notre conseil, qui a examin\u00e9 ce projet lors de sa s\u00e9ance du 9 octobre 2009, a d\u00e9cid\u00e9, par 21 voix contre 1, de proposer d'adopter l'arr\u00eat\u00e9 qui nous est soumis et d'approuver la mise en conformit\u00e9 du droit suisse avec les \u00e9l\u00e9ments contenus dans la Convention de Lugano r\u00e9vis\u00e9e.</p>\n</pd_text>","MeetingCouncilAbbreviation":"N","MeetingDate":"20091126","MeetingVerbalixOid":1870,"IdSession":"4812","SpeakerFirstName":"Carlo","SpeakerLastName":"Sommaruga","SpeakerFullName":"Sommaruga Carlo","SpeakerFunction":"Mit-M","CouncilId":1,"CouncilName":"Nationalrat","CantonId":25,"CantonName":"Genf","CantonAbbreviation":"GE","ParlGroupName":"Sozialdemokratische Fraktion","ParlGroupAbbreviation":"S","SortOrder":2,"Start":"\/Date(1259238903148)\/","End":"\/Date(1259239116578)\/","Function":"*","DisplaySpeaker":true,"LanguageOfText":"FR","Modified":"\/Date(1774877783513)\/","StartTimeWithTimezone":"\/Date(1259238903147+0060)\/","EndTimeWithTimezone":"\/Date(1259239116577+0060)\/","VoteBusinessNumber":null,"VoteBusinessShortNumber":null,"VoteBusinessTitle":null},{"__metadata":{"id":"https://ws.parlament.ch/OData.svc/Transcript(ID=101430L,Language='DE')","uri":"https://ws.parlament.ch/OData.svc/Transcript(ID=101430L,Language='DE')","type":"itsystems.Pd.DataServices.DataModel.Transcript"},"Subjects":{"__deferred":{"uri":"https://ws.parlament.ch/OData.svc/Transcript(ID=101430L,Language='DE')/Subjects"}},"MembersCouncil":{"__deferred":{"uri":"https://ws.parlament.ch/OData.svc/Transcript(ID=101430L,Language='DE')/MembersCouncil"}},"Businesses":{"__deferred":{"uri":"https://ws.parlament.ch/OData.svc/Transcript(ID=101430L,Language='DE')/Businesses"}},"ID":"101430","Language":"DE","IdSubject":"16097","VoteId":null,"PersonNumber":318,"Type":1,"Text":"<pd_text><p>Es geht hier um die Ratifikation des revidierten \u00dcbereinkommens von Lugano vom 30. Oktober 2007. Dieses Abkommen ersetzt das gleichnamige Abkommen aus dem Jahr 1988. Gleichzeitig sind Anpassungen im Bundesgesetz \u00fcber Schuldbetreibung und Konkurs (SchKG) und in der Schweizerischen Zivilprozessordnung (ZPO) vorgesehen. Sie alle haben das Ziel, das schweizerische Vollstreckungsrecht an das revidierte \u00dcbereinkommen anzupassen. Das urspr\u00fcngliche Lugano-\u00dcbereinkommen gilt f\u00fcr die Schweiz seit dem 1. Januar 1992. Damals waren 18 weitere europ\u00e4ische Staaten beteiligt, mit der Revision wird der r\u00e4umliche Anwendungsbereich ausgedehnt, mittlerweile sind es 30 Staaten. </p>\n<p>F\u00fcr schweizerische Unternehmen ist das \u00dcbereinkommen von grosser Bedeutung, denn es geht um den rechtlichen Schutz im Gesch\u00e4ftsverkehr mit diesen Staaten, damit mehr Rechtssicherheit im grenz\u00fcberschreitenden europ\u00e4ischen Handel entsteht. Im Anerkennungs- und Vollstreckungsverfahren sollen Missbr\u00e4uche vermieden werden; einfachste Formfehler sollen k\u00fcnftig nicht mehr gen\u00fcgen, um die Vollstreckbarkeit eines Urteils im Ausland zu hemmen. Neu ist, dass nicht mehr die einzelnen Mitgliedstaaten Vertragsparteien sind. Vertragspartner der Schweiz ist also die EU. Bei den \u00c4nderungen im SchKG und in der ZPO geht es unter [PAGE 1959] anderem um das Ziel, eine Inl\u00e4nderdiskriminierung zu vermeiden. Bei den Anpassungen des Bundesgesetzes \u00fcber das Internationale Privatrecht (IPRG) geht es schliesslich darum, die Gerichtsstandsbestimmung des IPRG mit denen der ZPO und denen des \u00dcbereinkommens in Einklang zu bringen. Ohne die vorgesehenen Anpassungen h\u00e4tten Gl\u00e4ubiger mit ausl\u00e4ndischen Urteilen rascher wirksame Mittel zur Durchsetzung ihrer Anspr\u00fcche zur Verf\u00fcgung als Gl\u00e4ubiger mit einem Schweizer Urteil.</p>\n<p>Die Kommission hat der Vorlage mit 21 zu 1 Stimmen bei 0 Enthaltungen ihre Zustimmung gegeben. Ich beantrage Ihnen im Namen dieser grossen Mehrheit Eintreten und Zustimmung zur Vorlage.</p>\n</pd_text>","MeetingCouncilAbbreviation":"N","MeetingDate":"20091126","MeetingVerbalixOid":1870,"IdSession":"4812","SpeakerFirstName":"Edi","SpeakerLastName":"Engelberger","SpeakerFullName":"Engelberger Edi","SpeakerFunction":"Mit-M","CouncilId":1,"CouncilName":"Nationalrat","CantonId":7,"CantonName":"Nidwalden","CantonAbbreviation":"NW","ParlGroupName":"Freisinnig-demokratische Fraktion","ParlGroupAbbreviation":"RL","SortOrder":1,"Start":"\/Date(1259238755277)\/","End":"\/Date(1259238903148)\/","Function":"*","DisplaySpeaker":true,"LanguageOfText":"DE","Modified":"\/Date(1774877783510)\/","StartTimeWithTimezone":"\/Date(1259238755277+0060)\/","EndTimeWithTimezone":"\/Date(1259238903147+0060)\/","VoteBusinessNumber":null,"VoteBusinessShortNumber":null,"VoteBusinessTitle":null}]},"ID":"16097","Language":"DE","IdMeeting":"1156","VerbalixOid":313322,"SortOrder":4,"Modified":"\/Date(1774877783509)\/"}}