{"d":{"__metadata":{"id":"https://ws.parlament.ch/OData.svc/Subject(ID=1650L,Language='DE')","uri":"https://ws.parlament.ch/OData.svc/Subject(ID=1650L,Language='DE')","type":"itsystems.Pd.DataServices.DataModel.Subject"},"Meetings":{"__metadata":{"id":"https://ws.parlament.ch/OData.svc/Meeting(ID=111L,Language='DE')","uri":"https://ws.parlament.ch/OData.svc/Meeting(ID=111L,Language='DE')","type":"itsystems.Pd.DataServices.DataModel.Meeting"},"Sessions":{"__deferred":{"uri":"https://ws.parlament.ch/OData.svc/Meeting(ID=111L,Language='DE')/Sessions"}},"Subjects":{"__deferred":{"uri":"https://ws.parlament.ch/OData.svc/Meeting(ID=111L,Language='DE')/Subjects"}},"ID":"111","Language":"DE","MeetingNumber":8,"IdSession":4605,"SessionNumber":5,"SessionName":"Wintersession 2000","Council":1,"CouncilName":"Nationalrat","CouncilAbbreviation":"NR","Date":"\/Date(976147200000)\/","Begin":"0800","Modified":"\/Date(1447069736420)\/","LegislativePeriodNumber":46,"PublicationStatus":"final","MeetingOrderText":"Achte Sitzung","SortOrder":8,"Location":"N"},"SubjectsBusiness":{"results":[{"__metadata":{"id":"https://ws.parlament.ch/OData.svc/SubjectBusiness(BusinessNumber=19993656,IdSubject=1650L,Language='DE')","uri":"https://ws.parlament.ch/OData.svc/SubjectBusiness(BusinessNumber=19993656,IdSubject=1650L,Language='DE')","type":"itsystems.Pd.DataServices.DataModel.SubjectBusiness"},"Subjects":{"__deferred":{"uri":"https://ws.parlament.ch/OData.svc/SubjectBusiness(BusinessNumber=19993656,IdSubject=1650L,Language='DE')/Subjects"}},"Businesses":{"__deferred":{"uri":"https://ws.parlament.ch/OData.svc/SubjectBusiness(BusinessNumber=19993656,IdSubject=1650L,Language='DE')/Businesses"}},"IdSubject":"1650","BusinessNumber":19993656,"Language":"DE","BusinessShortNumber":"99.3656","Title":"Rechtliche Organisationsformen f\u00fcr freie Berufe","SortOrder":1,"PublishedNotes":null,"Modified":"\/Date(1447069108756)\/","TitleDE":"Motion Cottier Anton.\nRechtliche Organisationsformen\nf\u00fcr freie Berufe","TitleFR":"Motion Cottier Anton.\nForme d'organisation juridique\npour les professions lib\u00e9rales","TitleIT":null}]},"Transcripts":{"results":[{"__metadata":{"id":"https://ws.parlament.ch/OData.svc/Transcript(ID=8657L,Language='DE')","uri":"https://ws.parlament.ch/OData.svc/Transcript(ID=8657L,Language='DE')","type":"itsystems.Pd.DataServices.DataModel.Transcript"},"Subjects":{"__deferred":{"uri":"https://ws.parlament.ch/OData.svc/Transcript(ID=8657L,Language='DE')/Subjects"}},"MembersCouncil":{"__deferred":{"uri":"https://ws.parlament.ch/OData.svc/Transcript(ID=8657L,Language='DE')/MembersCouncil"}},"Businesses":{"__deferred":{"uri":"https://ws.parlament.ch/OData.svc/Transcript(ID=8657L,Language='DE')/Businesses"}},"ID":"8657","Language":"DE","IdSubject":"1650","VoteId":null,"PersonNumber":111,"Type":1,"Text":"<pd_text><p>Die Kommission beantragt mit 16 Stimmen bei 1 Enthaltung, die Motion zu \u00fcberweisen.</p>\n<p>[VS]</p>\n<p><i>\u00dcberwiesen - Transmis</i></p>\n<p>[VS]</p>\n<p>[VS]</p>\n<p>[VS]</p>\n<p><i>Schluss der Sitzung um 12.30 Uhr</i></p>\n<p><i>La s\u00e9ance est lev\u00e9e \u00e0 12 h 30</i></p>\n<p>[PAGE 1450] </p>\n</pd_text>","MeetingCouncilAbbreviation":"N","MeetingDate":"20001207","MeetingVerbalixOid":748,"IdSession":"4605","SpeakerFirstName":"Peter","SpeakerLastName":"Hess","SpeakerFullName":"Hess Peter","SpeakerFunction":"P-M","CouncilId":1,"CouncilName":"Nationalrat","CantonId":9,"CantonName":"Zug","CantonAbbreviation":"ZG","ParlGroupName":"Christlichdemokratische Fraktion","ParlGroupAbbreviation":"M-E","SortOrder":1,"Start":"\/Date(976192001967)\/","End":"\/Date(976192144591)\/","Function":"","DisplaySpeaker":true,"LanguageOfText":"DE","Modified":"\/Date(1774878247948)\/","StartTimeWithTimezone":"\/Date(976192001967+0060)\/","EndTimeWithTimezone":"\/Date(976192144590+0060)\/","VoteBusinessNumber":null,"VoteBusinessShortNumber":null,"VoteBusinessTitle":null}]},"ID":"1650","Language":"DE","IdMeeting":"111","VerbalixOid":23595,"SortOrder":5,"Modified":"\/Date(1774878247946)\/"}}