{"d":{"__metadata":{"id":"https://ws.parlament.ch/OData.svc/Subject(ID=16883L,Language='DE')","uri":"https://ws.parlament.ch/OData.svc/Subject(ID=16883L,Language='DE')","type":"itsystems.Pd.DataServices.DataModel.Subject"},"Meetings":{"__metadata":{"id":"https://ws.parlament.ch/OData.svc/Meeting(ID=1187L,Language='DE')","uri":"https://ws.parlament.ch/OData.svc/Meeting(ID=1187L,Language='DE')","type":"itsystems.Pd.DataServices.DataModel.Meeting"},"Sessions":{"__deferred":{"uri":"https://ws.parlament.ch/OData.svc/Meeting(ID=1187L,Language='DE')/Sessions"}},"Subjects":{"__deferred":{"uri":"https://ws.parlament.ch/OData.svc/Meeting(ID=1187L,Language='DE')/Subjects"}},"ID":"1187","Language":"DE","MeetingNumber":4,"IdSession":4813,"SessionNumber":13,"SessionName":"Fr\u00fchjahrssession 2010","Council":1,"CouncilName":"Nationalrat","CouncilAbbreviation":"NR","Date":"\/Date(1267574400000)\/","Begin":"1500","Modified":"\/Date(1447070132710)\/","LegislativePeriodNumber":48,"PublicationStatus":"final","MeetingOrderText":"Vierte Sitzung","SortOrder":4,"Location":"N"},"SubjectsBusiness":{"results":[{"__metadata":{"id":"https://ws.parlament.ch/OData.svc/SubjectBusiness(BusinessNumber=20090073,IdSubject=16883L,Language='DE')","uri":"https://ws.parlament.ch/OData.svc/SubjectBusiness(BusinessNumber=20090073,IdSubject=16883L,Language='DE')","type":"itsystems.Pd.DataServices.DataModel.SubjectBusiness"},"Subjects":{"__deferred":{"uri":"https://ws.parlament.ch/OData.svc/SubjectBusiness(BusinessNumber=20090073,IdSubject=16883L,Language='DE')/Subjects"}},"Businesses":{"__deferred":{"uri":"https://ws.parlament.ch/OData.svc/SubjectBusiness(BusinessNumber=20090073,IdSubject=16883L,Language='DE')/Businesses"}},"IdSubject":"16883","BusinessNumber":20090073,"Language":"DE","BusinessShortNumber":"09.073","Title":"Weiterentwicklung des Schengen-Besitzstands. Schutz personenbezogener Daten","SortOrder":1,"PublishedNotes":"Differenzen - Divergences\n","Modified":"\/Date(1447069399523)\/","TitleDE":"Weiterentwicklung\ndes Schengen-Besitzstands.\nSchutz\npersonenbezogener Daten","TitleFR":"D\u00e9veloppement\nde l'acquis de Schengen.\nProtection des donn\u00e9es\n\u00e0 caract\u00e8re personnel","TitleIT":null}]},"Transcripts":{"results":[{"__metadata":{"id":"https://ws.parlament.ch/OData.svc/Transcript(ID=105029L,Language='DE')","uri":"https://ws.parlament.ch/OData.svc/Transcript(ID=105029L,Language='DE')","type":"itsystems.Pd.DataServices.DataModel.Transcript"},"Subjects":{"__deferred":{"uri":"https://ws.parlament.ch/OData.svc/Transcript(ID=105029L,Language='DE')/Subjects"}},"MembersCouncil":{"__deferred":{"uri":"https://ws.parlament.ch/OData.svc/Transcript(ID=105029L,Language='DE')/MembersCouncil"}},"Businesses":{"__deferred":{"uri":"https://ws.parlament.ch/OData.svc/Transcript(ID=105029L,Language='DE')/Businesses"}},"ID":"105029","Language":"DE","IdSubject":"16883","VoteId":null,"PersonNumber":1117,"Type":1,"Text":"<pd_text><p><b>Ziff. 5 Art. 6c Abs. 1</b></p>\n<p><i>Antrag der Kommission</i></p>\n<p>Zustimmung zum Beschluss des St\u00e4nderates</p>\n<p>[VS]</p>\n<p><b>Ch. 5 art. 6c al. 1</b></p>\n<p><i>Proposition de la commission</i></p>\n<p>Adh\u00e9rer \u00e0 la d\u00e9cision du Conseil des Etats</p>\n<p>[VS]</p>\n<p><i>Angenommen - Adopt\u00e9</i></p>\n<p>[PAGE 116] </p>\n</pd_text>","MeetingCouncilAbbreviation":"N","MeetingDate":"20100303","MeetingVerbalixOid":1901,"IdSession":"4813","SpeakerFirstName":"Jean-Ren\u00e9","SpeakerLastName":"Germanier","SpeakerFullName":"Germanier Jean-Ren\u00e9","SpeakerFunction":"1VP-M","CouncilId":1,"CouncilName":"Nationalrat","CantonId":23,"CantonName":"Wallis","CantonAbbreviation":"VS","ParlGroupName":"Freisinnig-demokratische Fraktion","ParlGroupAbbreviation":"RL","SortOrder":10,"Start":"\/Date(1267629448585)\/","End":"\/Date(1267629539837)\/","Function":"1VP-M","DisplaySpeaker":false,"LanguageOfText":null,"Modified":"\/Date(1774877768344)\/","StartTimeWithTimezone":"\/Date(1267629448587+0060)\/","EndTimeWithTimezone":"\/Date(1267629539837+0060)\/","VoteBusinessNumber":null,"VoteBusinessShortNumber":null,"VoteBusinessTitle":null},{"__metadata":{"id":"https://ws.parlament.ch/OData.svc/Transcript(ID=105030L,Language='DE')","uri":"https://ws.parlament.ch/OData.svc/Transcript(ID=105030L,Language='DE')","type":"itsystems.Pd.DataServices.DataModel.Transcript"},"Subjects":{"__deferred":{"uri":"https://ws.parlament.ch/OData.svc/Transcript(ID=105030L,Language='DE')/Subjects"}},"MembersCouncil":{"__deferred":{"uri":"https://ws.parlament.ch/OData.svc/Transcript(ID=105030L,Language='DE')/MembersCouncil"}},"Businesses":{"__deferred":{"uri":"https://ws.parlament.ch/OData.svc/Transcript(ID=105030L,Language='DE')/Businesses"}},"ID":"105030","Language":"DE","IdSubject":"16883","VoteId":"3614","PersonNumber":null,"Type":2,"Text":"<pd_text><p><i>Abstimmung - Vote</i></p>\n<p>[NAM]</p>\n<p>F\u00fcr den Antrag der Mehrheit ... 96 Stimmen</p>\n<p>F\u00fcr den Antrag der Minderheit ... 44 Stimmen</p>\n</pd_text>","MeetingCouncilAbbreviation":"N","MeetingDate":"20100303","MeetingVerbalixOid":1901,"IdSession":"4813","SpeakerFirstName":null,"SpeakerLastName":null,"SpeakerFullName":"","SpeakerFunction":null,"CouncilId":null,"CouncilName":null,"CantonId":null,"CantonName":null,"CantonAbbreviation":null,"ParlGroupName":null,"ParlGroupAbbreviation":null,"SortOrder":9,"Start":"\/Date(1267629448585)\/","End":"\/Date(1267629448585)\/","Function":null,"DisplaySpeaker":null,"LanguageOfText":"DE","Modified":"\/Date(1774877768341)\/","StartTimeWithTimezone":"\/Date(1267629448587+0060)\/","EndTimeWithTimezone":"\/Date(1267629448587+0060)\/","VoteBusinessNumber":20090073,"VoteBusinessShortNumber":"09.073","VoteBusinessTitle":"Weiterentwicklung\ndes Schengen-Besitzstands.\nSchutz\npersonenbezogener Daten"},{"__metadata":{"id":"https://ws.parlament.ch/OData.svc/Transcript(ID=105031L,Language='DE')","uri":"https://ws.parlament.ch/OData.svc/Transcript(ID=105031L,Language='DE')","type":"itsystems.Pd.DataServices.DataModel.Transcript"},"Subjects":{"__deferred":{"uri":"https://ws.parlament.ch/OData.svc/Transcript(ID=105031L,Language='DE')/Subjects"}},"MembersCouncil":{"__deferred":{"uri":"https://ws.parlament.ch/OData.svc/Transcript(ID=105031L,Language='DE')/MembersCouncil"}},"Businesses":{"__deferred":{"uri":"https://ws.parlament.ch/OData.svc/Transcript(ID=105031L,Language='DE')/Businesses"}},"ID":"105031","Language":"DE","IdSubject":"16883","VoteId":null,"PersonNumber":3934,"Type":1,"Text":"<pd_text><p>Wir wollen ja mit dieser Vorlage dem Datenschutzbeauftragten etwas mehr Unabh\u00e4ngigkeit geben, indem wir die Wahl durch den Bundesrat vom Parlament genehmigen lassen. Wenn Sie nun den Datenschutzbeauftragten auch in dieser Frage gem\u00e4ss Absatz 5 dem Bundespersonalgesetz unterstellen bzw. diesen Absatz 5 in der Vorlage streichen w\u00fcrden, w\u00fcrde das heissen, dass der Datenschutzbeauftragte einer gew\u00f6hnlichen Leistungsbeurteilung unterstellt w\u00e4re, die dann - darauf hat Sie Herr Fluri hingewiesen - dazu dient, die Lohnentwicklung festzulegen. Das kann es nicht sein. Der Datenschutzbeauftragte soll eine unabh\u00e4ngige Stellung haben. Eine Leistungsbeurteilung und vor allem eine Leistungsvereinbarung, die Grundlage dieser Leistungsbeurteilung im Sinne des Bundespersonalgesetzes ist, k\u00f6nnen hier gar nicht gemacht werden. Sonst w\u00fcrde man die Unabh\u00e4ngigkeit des Datenschutzbeauftragten ja wieder einschr\u00e4nken, und das wollen wir nicht.</p>\n<p>Zum Streichungsantrag der Minderheit: Sie m\u00f6gen sich daran erinnern, dass dieser Beschluss damals mit dem Hinweis und dem Auftrag an uns verbunden war, eine Neuformulierung vorzuschlagen, die dann eben gerade diese Divergenz beseitigen w\u00fcrde. Das haben wir gemacht, und ich m\u00f6chte Sie jetzt bitten, dem St\u00e4nderat zu folgen und diesen Absatz 5 so bestehen zu lassen, wie er jetzt vorhanden ist.</p>\n</pd_text>","MeetingCouncilAbbreviation":"N","MeetingDate":"20100303","MeetingVerbalixOid":1901,"IdSession":"4813","SpeakerFirstName":"Eveline","SpeakerLastName":"Widmer-Schlumpf","SpeakerFullName":"Widmer-Schlumpf Eveline","SpeakerFunction":"BR-F","CouncilId":99,"CouncilName":"Bundesrat","CantonId":18,"CantonName":"Graub\u00fcnden","CantonAbbreviation":"GR","ParlGroupName":null,"ParlGroupAbbreviation":null,"SortOrder":8,"Start":"\/Date(1267629354834)\/","End":"\/Date(1267629448585)\/","Function":"BR-F","DisplaySpeaker":true,"LanguageOfText":"DE","Modified":"\/Date(1774877768340)\/","StartTimeWithTimezone":"\/Date(1267629354833+0060)\/","EndTimeWithTimezone":"\/Date(1267629448587+0060)\/","VoteBusinessNumber":null,"VoteBusinessShortNumber":null,"VoteBusinessTitle":null},{"__metadata":{"id":"https://ws.parlament.ch/OData.svc/Transcript(ID=105032L,Language='DE')","uri":"https://ws.parlament.ch/OData.svc/Transcript(ID=105032L,Language='DE')","type":"itsystems.Pd.DataServices.DataModel.Transcript"},"Subjects":{"__deferred":{"uri":"https://ws.parlament.ch/OData.svc/Transcript(ID=105032L,Language='DE')/Subjects"}},"MembersCouncil":{"__deferred":{"uri":"https://ws.parlament.ch/OData.svc/Transcript(ID=105032L,Language='DE')/MembersCouncil"}},"Businesses":{"__deferred":{"uri":"https://ws.parlament.ch/OData.svc/Transcript(ID=105032L,Language='DE')/Businesses"}},"ID":"105032","Language":"DE","IdSubject":"16883","VoteId":null,"PersonNumber":1117,"Type":1,"Text":"<pd_text><p>Le groupe PBD soutient la proposition de la majorit\u00e9. </p>\n</pd_text>","MeetingCouncilAbbreviation":"N","MeetingDate":"20100303","MeetingVerbalixOid":1901,"IdSession":"4813","SpeakerFirstName":"Jean-Ren\u00e9","SpeakerLastName":"Germanier","SpeakerFullName":"Germanier Jean-Ren\u00e9","SpeakerFunction":"1VP-M","CouncilId":1,"CouncilName":"Nationalrat","CantonId":23,"CantonName":"Wallis","CantonAbbreviation":"VS","ParlGroupName":"Freisinnig-demokratische Fraktion","ParlGroupAbbreviation":"RL","SortOrder":7,"Start":"\/Date(1267629345368)\/","End":"\/Date(1267629354834)\/","Function":"1VP-M","DisplaySpeaker":true,"LanguageOfText":"FR","Modified":"\/Date(1774877768338)\/","StartTimeWithTimezone":"\/Date(1267629345367+0060)\/","EndTimeWithTimezone":"\/Date(1267629354833+0060)\/","VoteBusinessNumber":null,"VoteBusinessShortNumber":null,"VoteBusinessTitle":null},{"__metadata":{"id":"https://ws.parlament.ch/OData.svc/Transcript(ID=105033L,Language='DE')","uri":"https://ws.parlament.ch/OData.svc/Transcript(ID=105033L,Language='DE')","type":"itsystems.Pd.DataServices.DataModel.Transcript"},"Subjects":{"__deferred":{"uri":"https://ws.parlament.ch/OData.svc/Transcript(ID=105033L,Language='DE')/Subjects"}},"MembersCouncil":{"__deferred":{"uri":"https://ws.parlament.ch/OData.svc/Transcript(ID=105033L,Language='DE')/MembersCouncil"}},"Businesses":{"__deferred":{"uri":"https://ws.parlament.ch/OData.svc/Transcript(ID=105033L,Language='DE')/Businesses"}},"ID":"105033","Language":"DE","IdSubject":"16883","VoteId":null,"PersonNumber":1122,"Type":1,"Text":"<pd_text><p>Wir bitten Sie, der Mehrheit zu folgen. </p>\n<p>Die vom Sprecher der SVP-Fraktion angef\u00fchrten Bedenken haben unseres Erachtens nichts mit dieser Bestimmung zu tun. Die stillschweigende Verl\u00e4ngerung des Mandats bzw. die stillschweigende Wiederwahl und die allf\u00e4llige Nichtwiederwahl sind das eine, die Leistungsbeurteilung mit Auswirkungen auf die Entl\u00f6hnung ist das andere. Wenn Sie nun den Kontext dieses Absatzes 5 auf der Fahne in der zweiten Spalte von links beachten, dann sehen Sie, dass es hier eben um die Entl\u00f6hnung geht. Absatz 5 gem\u00e4ss Entwurf des Bundesrates lautet: \"Seine Entl\u00f6hnung h\u00e4ngt nicht von einer Leistungsbeurteilung ab.\" Es heisst nicht: \"Eine Nichtwiederwahl kann aufgrund einer Leistungsbeurteilung vorgenommen werden.\" Die Nichtwiederwahl hat nicht direkt mit dieser Bestimmung zu tun. Sie kann wegen fachlicher Unf\u00e4higkeit erfolgen, aber das ist etwas anderes als das, worum es hier geht; hier geht es um die Entl\u00f6hnung. Wir sind der Auffassung, dass es eben die doch spezielle Stellung des Datenschutzbeauftragten nicht zul\u00e4sst, ihn hier gleich wie das \u00fcbrige Bundespersonal beurteilen zu lassen. Deswegen sind wir der Meinung, dass die st\u00e4nder\u00e4tliche Fassung gerechtfertigt ist. </p>\n<p>Wir bitten Sie deshalb, den Antrag der Minderheit abzulehnen und der Mehrheit zu folgen.</p>\n</pd_text>","MeetingCouncilAbbreviation":"N","MeetingDate":"20100303","MeetingVerbalixOid":1901,"IdSession":"4813","SpeakerFirstName":"Kurt","SpeakerLastName":"Fluri","SpeakerFullName":"Fluri Kurt","SpeakerFunction":"Mit-M","CouncilId":1,"CouncilName":"Nationalrat","CantonId":11,"CantonName":"Solothurn","CantonAbbreviation":"SO","ParlGroupName":"Freisinnig-demokratische Fraktion","ParlGroupAbbreviation":"RL","SortOrder":6,"Start":"\/Date(1267629242558)\/","End":"\/Date(1267629345368)\/","Function":"Mit-M","DisplaySpeaker":true,"LanguageOfText":"DE","Modified":"\/Date(1774877768337)\/","StartTimeWithTimezone":"\/Date(1267629242557+0060)\/","EndTimeWithTimezone":"\/Date(1267629345367+0060)\/","VoteBusinessNumber":null,"VoteBusinessShortNumber":null,"VoteBusinessTitle":null},{"__metadata":{"id":"https://ws.parlament.ch/OData.svc/Transcript(ID=105034L,Language='DE')","uri":"https://ws.parlament.ch/OData.svc/Transcript(ID=105034L,Language='DE')","type":"itsystems.Pd.DataServices.DataModel.Transcript"},"Subjects":{"__deferred":{"uri":"https://ws.parlament.ch/OData.svc/Transcript(ID=105034L,Language='DE')/Subjects"}},"MembersCouncil":{"__deferred":{"uri":"https://ws.parlament.ch/OData.svc/Transcript(ID=105034L,Language='DE')/MembersCouncil"}},"Businesses":{"__deferred":{"uri":"https://ws.parlament.ch/OData.svc/Transcript(ID=105034L,Language='DE')/Businesses"}},"ID":"105034","Language":"DE","IdSubject":"16883","VoteId":null,"PersonNumber":1159,"Type":1,"Text":"<pd_text><p>Die Minderheit beantragt Ihnen, Absatz 5 zu streichen. Das bedeutet konkret: Die Minderheit will, dass auch der Beauftragte beurteilt wird und dass der Beauftragte aufgrund dieser Beurteilung entl\u00f6hnt wird. Das ist eigentlich etwas Selbstverst\u00e4ndliches. </p>\n<p>Nun wollen der St\u00e4nderat und die Mehrheit diese Beurteilung nicht; die Kommissionssprecher haben das bereits erl\u00e4utert. Wir beantragen Ihnen, der Minderheit zu folgen. Wir sehen n\u00e4mlich hier einen Widerspruch zum Wahlprozedere f\u00fcr den Beauftragten. Wir haben ja im ganzen Kontext auch das Wahlprozedere f\u00fcr den Beauftragten ge\u00e4ndert. Die Verl\u00e4ngerung der Amtsdauer soll stillschweigend erfolgen, der Bundesrat soll jedoch bei einer Nichtwiederwahl des Beauftragten sachlich hinreichende Gr\u00fcnde beibringen. Wie kann der Bundesrat bei einer allf\u00e4lligen Nichtwiederwahl sachlich hinreichende Gr\u00fcnde beibringen, wenn die betreffende Person nie beurteilt worden ist? K\u00f6nnen Sie mir das sagen? Wir brauchen doch eine Beurteilung f\u00fcr den Fall, dass der Bundesrat zum Schluss kommt, der Beauftragte solle nicht wiedergew\u00e4hlt werden. Wenn wir sagen: \"Nein, der wird nie beurteilt\", haben wir nie sachlich hinreichende Gr\u00fcnde, um eine Nichtwiederwahl vorzunehmen.</p>\n<p>Aus diesen Gr\u00fcnden ersuche ich Sie dringend, hier festzuhalten und Absatz 5 zu streichen, damit wir nicht eines Tages erwachen und bei einem Beauftragten keine sachlich hinreichenden Gr\u00fcnde haben, wenn wir ihn nicht wiederw\u00e4hlen wollen. Ich bitte Sie, der Minderheit zu folgen.</p>\n</pd_text>","MeetingCouncilAbbreviation":"N","MeetingDate":"20100303","MeetingVerbalixOid":1901,"IdSession":"4813","SpeakerFirstName":"Pirmin","SpeakerLastName":"Schwander","SpeakerFullName":"Schwander Pirmin","SpeakerFunction":"Mit-M","CouncilId":1,"CouncilName":"Nationalrat","CantonId":5,"CantonName":"Schwyz","CantonAbbreviation":"SZ","ParlGroupName":"Fraktion der Schweizerischen Volkspartei","ParlGroupAbbreviation":"V","SortOrder":5,"Start":"\/Date(1267629097604)\/","End":"\/Date(1267629242558)\/","Function":"Mit-M","DisplaySpeaker":true,"LanguageOfText":"DE","Modified":"\/Date(1774877768335)\/","StartTimeWithTimezone":"\/Date(1267629097603+0060)\/","EndTimeWithTimezone":"\/Date(1267629242557+0060)\/","VoteBusinessNumber":null,"VoteBusinessShortNumber":null,"VoteBusinessTitle":null},{"__metadata":{"id":"https://ws.parlament.ch/OData.svc/Transcript(ID=105035L,Language='DE')","uri":"https://ws.parlament.ch/OData.svc/Transcript(ID=105035L,Language='DE')","type":"itsystems.Pd.DataServices.DataModel.Transcript"},"Subjects":{"__deferred":{"uri":"https://ws.parlament.ch/OData.svc/Transcript(ID=105035L,Language='DE')/Subjects"}},"MembersCouncil":{"__deferred":{"uri":"https://ws.parlament.ch/OData.svc/Transcript(ID=105035L,Language='DE')/MembersCouncil"}},"Businesses":{"__deferred":{"uri":"https://ws.parlament.ch/OData.svc/Transcript(ID=105035L,Language='DE')/Businesses"}},"ID":"105035","Language":"DE","IdSubject":"16883","VoteId":null,"PersonNumber":214,"Type":1,"Text":"<pd_text><p>Auf der deutschsprachigen Fahne ist diese Differenz auf Seite 5. Meine Minderheit stellt Ihnen den Antrag auf Streichung, also Festhalten am Beschluss unseres Rates. </p>\n<p>Wenn Sie die zweite Spalte anschauen, dann sehen Sie, dass der Bundesrat formuliert hat: \"Seine Entl\u00f6hnung h\u00e4ngt nicht von einer Leistungsbeurteilung ab.\" Das wollten wir streichen. Und die neue Formulierung des St\u00e4nderates ist praktisch identisch. Sie ist zwar grammatikalisch anders, aber sie bedeutet das Gleiche wie vorher: \"Der Beauftragte untersteht dem Beurteilungssystem von Artikel 4 Absatz 3 des Bundespersonalgesetzes nicht.\" Ich beantrage Ihnen, bei unserem Streichungsbeschluss zu bleiben. Materiell geht es darum, ob der Datenschutzbeauftragte nach den gleichen Kriterien zu beurteilen sei wie das \u00fcbrige Bundespersonal. Ich bin dieser Meinung. Es gibt keinen Grund, davon abzuweichen.</p>\n<p>Deshalb bitte ich Sie, diesem Streichungsantrag meiner Minderheit zu folgen.</p>\n</pd_text>","MeetingCouncilAbbreviation":"N","MeetingDate":"20100303","MeetingVerbalixOid":1901,"IdSession":"4813","SpeakerFirstName":"Luzi","SpeakerLastName":"Stamm","SpeakerFullName":"Stamm Luzi","SpeakerFunction":"Mit-M","CouncilId":1,"CouncilName":"Nationalrat","CantonId":19,"CantonName":"Aargau","CantonAbbreviation":"AG","ParlGroupName":"Fraktion der Schweizerischen Volkspartei","ParlGroupAbbreviation":"V","SortOrder":4,"Start":"\/Date(1267629021941)\/","End":"\/Date(1267629097604)\/","Function":"Mit-M","DisplaySpeaker":true,"LanguageOfText":"DE","Modified":"\/Date(1774877768333)\/","StartTimeWithTimezone":"\/Date(1267629021940+0060)\/","EndTimeWithTimezone":"\/Date(1267629097603+0060)\/","VoteBusinessNumber":null,"VoteBusinessShortNumber":null,"VoteBusinessTitle":null},{"__metadata":{"id":"https://ws.parlament.ch/OData.svc/Transcript(ID=105036L,Language='DE')","uri":"https://ws.parlament.ch/OData.svc/Transcript(ID=105036L,Language='DE')","type":"itsystems.Pd.DataServices.DataModel.Transcript"},"Subjects":{"__deferred":{"uri":"https://ws.parlament.ch/OData.svc/Transcript(ID=105036L,Language='DE')/Subjects"}},"MembersCouncil":{"__deferred":{"uri":"https://ws.parlament.ch/OData.svc/Transcript(ID=105036L,Language='DE')/MembersCouncil"}},"Businesses":{"__deferred":{"uri":"https://ws.parlament.ch/OData.svc/Transcript(ID=105036L,Language='DE')/Businesses"}},"ID":"105036","Language":"DE","IdSubject":"16883","VoteId":null,"PersonNumber":449,"Type":1,"Text":"<pd_text><p>Der Rahmenbeschluss, um den es bei diesem Gesch\u00e4ft geht, stellt inhaltlich eine Weiterentwicklung des Schengen-Besitzstands dar. Er regelt den Schutz der Daten, welche im Rahmen der justiziellen und polizeilichen Zusammenarbeit bearbeitet werden, dies mit dem Ziel, B\u00fcrgerinnen und B\u00fcrger noch besser vor dem Missbrauch von Daten zu sch\u00fctzen. Unsere Rechtsordnung muss mit der \u00dcbernahme des Rahmenbeschlusses in einigen wenigen Punkten angepasst werden. Der Nationalrat hat die entsprechende Beratung am 26. November 2009 durchgef\u00fchrt, der St\u00e4nderat hat das Gesch\u00e4ft vorgestern beraten. Er hat dabei, wie Sie der Fahne entnehmen k\u00f6nnen, zwei Differenzen geschaffen. Beide finden Sie auf Seite 5 der Fahne. </p>\n<p>Dazu Folgendes: Die Differenz bei Artikel 6c Absatz 1 des Schengen-Informationsaustausch-Gesetzes, auf Seite 5 unten, betrifft lediglich eine minime Korrektur, die Korrektur eines sprachlichen Fehlers. Es heisst richtig \"bekanntgeben\" statt f\u00e4lschlicherweise \"bekanntgegeben\". Die Korrektur dieses sprachlichen Versehens bedarf keiner weiteren Erl\u00e4uterung. </p>\n<p>Die zweite Differenz, auf Seite 5 in der Mitte der Seite, betrifft Artikel 26 des Datenschutzgesetzes. Mit diesem Artikel soll ja die Stellung des Datenschutzbeauftragten gest\u00e4rkt werden. Der Bundesrat wollte dies unter anderem mit der Bestimmung in Absatz 5 tun, wonach die Entl\u00f6hnung des Datenschutzbeauftragten nicht von einer Leistungsbeurteilung abh\u00e4nge.</p>\n<p>Unser Rat hat seinerzeit diesen Absatz 5 gestrichen, weil uns die Formulierung des Bundesrates nicht passte. Inhaltlich ging es uns bei der Streichung darum, dass der Datenschutzbeauftragte grunds\u00e4tzlich in einem Arbeitsverh\u00e4ltnis nach Bundespersonalrecht angestellt sein sollte, dass jedoch gewisse Bestimmungen dieses Rechts keine Anwendung finden sollten. Wir haben daf\u00fcr allerdings keine [PAGE 115] befriedigendere Formulierung gefunden als jene des Bundesrates, deshalb haben wir in der ersten Beratung Absatz 5 gestrichen. Mit der Streichung haben wir aber die Erwartung verkn\u00fcpft, dass sich der St\u00e4nderat als Zweitrat mit diesem Punkt vertieft befasse und f\u00fcr Absatz 5 allenfalls doch noch eine Formulierung finde, die materiell das ausdr\u00fcckt, was uns vorschwebte. Das heisst konkret eben, dass der Datenschutzbeauftragte zur Wahrung seiner vollumf\u00e4nglichen Unabh\u00e4ngigkeit keiner Leistungsbeurteilung unterliegen, im \u00dcbrigen aber grunds\u00e4tzlich dem Personalrecht unterstehen solle. </p>\n<p>Der St\u00e4nderat hat daf\u00fcr nun eine relativ einfache L\u00f6sung gefunden: F\u00fcr den Datenschutzbeauftragten soll einfach Artikel 4 Absatz 3 des Bundespersonalgesetzes nicht gelten. Dort findet sich n\u00e4mlich die Vorschrift, wonach mit Mitarbeitergespr\u00e4chen und Beurteilungssystemen eine leistungsgerechte Entl\u00f6hnung und eine zielorientierte Entwicklung der Angestellten erreicht werden solle. Also: Keine Beurteilungen und entsprechend auch keine leistungsgerechte Entl\u00f6hnung, das sagt dieser Absatz. Das ist die bessere Variante als der Entwurf des Bundesrates. </p>\n<p>Die Mehrheit der Kommission ist von der L\u00f6sung des St\u00e4nderates \u00fcberzeugt. Mit 16 zu 6 Stimmen beantragt Ihnen Ihre Kommission f\u00fcr Rechtsfragen, dem St\u00e4nderat zu folgen. Eine Minderheit will Absatz 5 nach wie vor streichen.</p>\n</pd_text>","MeetingCouncilAbbreviation":"N","MeetingDate":"20100303","MeetingVerbalixOid":1901,"IdSession":"4813","SpeakerFirstName":"Ruedi","SpeakerLastName":"Aeschbacher","SpeakerFullName":"Aeschbacher Ruedi","SpeakerFunction":"Mit-M","CouncilId":1,"CouncilName":"Nationalrat","CantonId":1,"CantonName":"Z\u00fcrich","CantonAbbreviation":"ZH","ParlGroupName":"Fraktion CVP/EVP/glp","ParlGroupAbbreviation":"M-E","SortOrder":3,"Start":"\/Date(1267628692968)\/","End":"\/Date(1267629021941)\/","Function":"*","DisplaySpeaker":true,"LanguageOfText":"DE","Modified":"\/Date(1774877768333)\/","StartTimeWithTimezone":"\/Date(1267628692967+0060)\/","EndTimeWithTimezone":"\/Date(1267629021940+0060)\/","VoteBusinessNumber":null,"VoteBusinessShortNumber":null,"VoteBusinessTitle":null},{"__metadata":{"id":"https://ws.parlament.ch/OData.svc/Transcript(ID=105037L,Language='DE')","uri":"https://ws.parlament.ch/OData.svc/Transcript(ID=105037L,Language='DE')","type":"itsystems.Pd.DataServices.DataModel.Transcript"},"Subjects":{"__deferred":{"uri":"https://ws.parlament.ch/OData.svc/Transcript(ID=105037L,Language='DE')/Subjects"}},"MembersCouncil":{"__deferred":{"uri":"https://ws.parlament.ch/OData.svc/Transcript(ID=105037L,Language='DE')/MembersCouncil"}},"Businesses":{"__deferred":{"uri":"https://ws.parlament.ch/OData.svc/Transcript(ID=105037L,Language='DE')/Businesses"}},"ID":"105037","Language":"DE","IdSubject":"16883","VoteId":null,"PersonNumber":1120,"Type":1,"Text":"<pd_text><p>Il s'agit d'un des volets du d\u00e9veloppement de l'acquis de Schengen, \u00e0 savoir le volet de la protection des donn\u00e9es, que nous devons reprendre dans notre droit national. S'il y a d\u00e9j\u00e0 dans notre droit national beaucoup de dispositifs concernant l'utilisation et le traitement de donn\u00e9es, notamment \u00e0 caract\u00e8re policier, l'Union europ\u00e9enne exige des standards plus \u00e9lev\u00e9s en mati\u00e8re de protection des donn\u00e9es et l'ind\u00e9pendance du pr\u00e9pos\u00e9 f\u00e9d\u00e9ral \u00e0 la protection des donn\u00e9es et \u00e0 la transparence.</p>\n<p>Le d\u00e9bat de fond a eu lieu lors de la premi\u00e8re lecture. La premi\u00e8re divergence avec le Conseil des Etats concerne le syst\u00e8me de fixation de la r\u00e9mun\u00e9ration dudit pr\u00e9pos\u00e9. De fait, il s'agit d'une divergence qui avait \u00e9t\u00e9 voulue par notre Commission des affaires juridiques et par notre conseil, dans la mesure o\u00f9 la solution du Conseil f\u00e9d\u00e9ral \u00e0 l'article 26 alin\u00e9a 5 du chiffre 3 \u00e9tait insatisfaisante. En effet, il s'agissait de savoir si le pr\u00e9pos\u00e9 devait \u00eatre soumis \u00e0 une appr\u00e9ciation ou \u00e0 une \u00e9valuation de son travail pour ce qui concerne l'\u00e9volution de son salaire, puisque le syst\u00e8me de r\u00e9mun\u00e9ration de la Conf\u00e9d\u00e9ration pr\u00e9voit ce type d'\u00e9valuation. Pour la majorit\u00e9, il \u00e9tait clair - lors de la premi\u00e8re lecture au conseil comme lors des travaux en commission - qu'il ne s'agissait pas de soumettre le pr\u00e9pos\u00e9 \u00e0 une \u00e9valuation mat\u00e9rielle de son travail, qu'il ne s'agissait pas d'\u00e9valuer si son activit\u00e9 avait port\u00e9 ses fruits ou si elle avait r\u00e9pondu \u00e0 certains crit\u00e8res fix\u00e9s par l'ex\u00e9cutif, dans la mesure o\u00f9 l'ind\u00e9pendance du pr\u00e9pos\u00e9 est en jeu.</p>\n<p>La majorit\u00e9 de la commission vous propose aujourd'hui de vous rallier \u00e0 la solution du Conseil des Etats qui permet, par la r\u00e9daction qu'il a propos\u00e9e de l'alin\u00e9a 5 de l'article 26, de rattacher le pr\u00e9pos\u00e9 au syst\u00e8me de r\u00e9mun\u00e9ration du personnel de la Conf\u00e9d\u00e9ration sans le soumettre au syst\u00e8me d'\u00e9valuation de ce m\u00eame personnel.</p>\n<p>Une deuxi\u00e8me divergence concerne le texte fran\u00e7ais, au chiffre 5 relatif \u00e0 la loi du 12 juin 2009 sur l'\u00e9change d'informations Schengen. La commission vous demande de vous rallier \u00e0 la version du Conseil des Etats, car il s'agit simplement d'une modification r\u00e9dactionnelle. Une erreur de transcription s'\u00e9tait introduite.</p>\n<p>Je vous invite \u00e0 suivre la majorit\u00e9 au chiffre 3 article 26 alin\u00e9a 5 et \u00e0 \u00e9carter la proposition de minorit\u00e9 qui vous sera pr\u00e9sent\u00e9e tout \u00e0 l'heure.</p>\n</pd_text>","MeetingCouncilAbbreviation":"N","MeetingDate":"20100303","MeetingVerbalixOid":1901,"IdSession":"4813","SpeakerFirstName":"Carlo","SpeakerLastName":"Sommaruga","SpeakerFullName":"Sommaruga Carlo","SpeakerFunction":"Mit-M","CouncilId":1,"CouncilName":"Nationalrat","CantonId":25,"CantonName":"Genf","CantonAbbreviation":"GE","ParlGroupName":"Sozialdemokratische Fraktion","ParlGroupAbbreviation":"S","SortOrder":2,"Start":"\/Date(1267628501514)\/","End":"\/Date(1267628692968)\/","Function":"*","DisplaySpeaker":true,"LanguageOfText":"FR","Modified":"\/Date(1774877768330)\/","StartTimeWithTimezone":"\/Date(1267628501513+0060)\/","EndTimeWithTimezone":"\/Date(1267628692967+0060)\/","VoteBusinessNumber":null,"VoteBusinessShortNumber":null,"VoteBusinessTitle":null},{"__metadata":{"id":"https://ws.parlament.ch/OData.svc/Transcript(ID=105038L,Language='DE')","uri":"https://ws.parlament.ch/OData.svc/Transcript(ID=105038L,Language='DE')","type":"itsystems.Pd.DataServices.DataModel.Transcript"},"Subjects":{"__deferred":{"uri":"https://ws.parlament.ch/OData.svc/Transcript(ID=105038L,Language='DE')/Subjects"}},"MembersCouncil":{"__deferred":{"uri":"https://ws.parlament.ch/OData.svc/Transcript(ID=105038L,Language='DE')/MembersCouncil"}},"Businesses":{"__deferred":{"uri":"https://ws.parlament.ch/OData.svc/Transcript(ID=105038L,Language='DE')/Businesses"}},"ID":"105038","Language":"DE","IdSubject":"16883","VoteId":null,"PersonNumber":null,"Type":3,"Text":"<pd_text><p><b>1. Bundesbeschluss \u00fcber die Genehmigung und die Umsetzung des Notenaustauschs zwischen der Schweiz und der EU betreffend die \u00dcbernahme des Rahmenbeschlusses 2008/977/JI vom 27. November 2008 \u00fcber den Schutz von Personendaten im Rahmen der polizeilichen und justiziellen Zusammenarbeit in Strafsachen (Weiterentwicklung des Schengen-Besitzstands) </b></p>\n<p><b>1. Arr\u00eat\u00e9 f\u00e9d\u00e9ral portant approbation et mise en oeuvre de l'\u00e9change de notes entre la Suisse et l'Union europ\u00e9enne sur la reprise de la d\u00e9cision-cadre 2008/977/JAI du 27 novembre 2008 relative \u00e0 la protection des donn\u00e9es \u00e0 caract\u00e8re personnel trait\u00e9es dans le cadre de la coop\u00e9ration polici\u00e8re et judiciaire en mati\u00e8re p\u00e9nale (D\u00e9veloppement de l'acquis de Schengen) </b></p>\n<p>[VS]</p>\n<p><b>Ziff. 3 Art. 26 Abs. 5</b></p>\n<p><i>Antrag der Mehrheit</i></p>\n<p>Zustimmung zum Beschluss des St\u00e4nderates</p>\n<p>[VS]</p>\n<p><i>Antrag der Minderheit</i></p>\n<p>(Stamm, Geissb\u00fchler, Kaufmann, M\u00f6rgeli, M\u00fcri, Reimann Lukas)</p>\n<p>Festhalten</p>\n<p>[VS]</p>\n<p><b>Ch. 3 art. 26 al. 5</b></p>\n<p><i>Proposition de la majorit\u00e9</i></p>\n<p>Adh\u00e9rer \u00e0 la d\u00e9cision du Conseil des Etats</p>\n<p>[VS]</p>\n<p><i>Proposition de la minorit\u00e9</i></p>\n<p>(Stamm, Geissb\u00fchler, Kaufmann, M\u00f6rgeli, M\u00fcri, Reimann Lukas)</p>\n<p>Maintenir</p>\n</pd_text>","MeetingCouncilAbbreviation":"N","MeetingDate":"20100303","MeetingVerbalixOid":1901,"IdSession":"4813","SpeakerFirstName":null,"SpeakerLastName":null,"SpeakerFullName":"","SpeakerFunction":null,"CouncilId":null,"CouncilName":null,"CantonId":null,"CantonName":null,"CantonAbbreviation":null,"ParlGroupName":null,"ParlGroupAbbreviation":null,"SortOrder":1,"Start":null,"End":null,"Function":null,"DisplaySpeaker":null,"LanguageOfText":"DE","Modified":"\/Date(1774877768322)\/","StartTimeWithTimezone":null,"EndTimeWithTimezone":null,"VoteBusinessNumber":null,"VoteBusinessShortNumber":null,"VoteBusinessTitle":null}]},"ID":"16883","Language":"DE","IdMeeting":"1187","VerbalixOid":319736,"SortOrder":1,"Modified":"\/Date(1447070132810)\/"}}