{"d":{"__metadata":{"id":"https://ws.parlament.ch/OData.svc/Subject(ID=17142L,Language='DE')","uri":"https://ws.parlament.ch/OData.svc/Subject(ID=17142L,Language='DE')","type":"itsystems.Pd.DataServices.DataModel.Subject"},"Meetings":{"__metadata":{"id":"https://ws.parlament.ch/OData.svc/Meeting(ID=1194L,Language='DE')","uri":"https://ws.parlament.ch/OData.svc/Meeting(ID=1194L,Language='DE')","type":"itsystems.Pd.DataServices.DataModel.Meeting"},"Sessions":{"__deferred":{"uri":"https://ws.parlament.ch/OData.svc/Meeting(ID=1194L,Language='DE')/Sessions"}},"Subjects":{"__deferred":{"uri":"https://ws.parlament.ch/OData.svc/Meeting(ID=1194L,Language='DE')/Subjects"}},"ID":"1194","Language":"DE","MeetingNumber":12,"IdSession":4813,"SessionNumber":13,"SessionName":"Fr\u00fchjahrssession 2010","Council":1,"CouncilName":"Nationalrat","CouncilAbbreviation":"NR","Date":"\/Date(1268697600000)\/","Begin":"0800","Modified":"\/Date(1447070136923)\/","LegislativePeriodNumber":48,"PublicationStatus":"final","MeetingOrderText":"Zw\u00f6lfte Sitzung","SortOrder":12,"Location":"N"},"SubjectsBusiness":{"results":[{"__metadata":{"id":"https://ws.parlament.ch/OData.svc/SubjectBusiness(BusinessNumber=20090459,IdSubject=17142L,Language='DE')","uri":"https://ws.parlament.ch/OData.svc/SubjectBusiness(BusinessNumber=20090459,IdSubject=17142L,Language='DE')","type":"itsystems.Pd.DataServices.DataModel.SubjectBusiness"},"Subjects":{"__deferred":{"uri":"https://ws.parlament.ch/OData.svc/SubjectBusiness(BusinessNumber=20090459,IdSubject=17142L,Language='DE')/Subjects"}},"Businesses":{"__deferred":{"uri":"https://ws.parlament.ch/OData.svc/SubjectBusiness(BusinessNumber=20090459,IdSubject=17142L,Language='DE')/Businesses"}},"IdSubject":"17142","BusinessNumber":20090459,"Language":"DE","BusinessShortNumber":"09.459","Title":"Asylgesetz. F\u00fcr eine echte humanit\u00e4re Klausel gegen die aus dem Dubliner \u00dcbereinkommen resultierende Willk\u00fcr","SortOrder":1,"PublishedNotes":"Vorpr\u00fcfung - Examen pr\u00e9alable\n","Modified":"\/Date(1447069403006)\/","TitleDE":"Parlamentarische Initiative\nSommaruga Carlo.\nAsylgesetz.\nF\u00fcr eine echte humanit\u00e4re Klausel gegen\ndie aus dem Dubliner \u00dcbereinkommen\nresultierende Willk\u00fcr","TitleFR":"Initiative parlementaire\nSommaruga Carlo.\nPour une r\u00e9elle clause humanitaire\ndans la loi sur l'asile\ncontre l'arbitraire\nr\u00e9sultant de la Convention de Dublin","TitleIT":null}]},"Transcripts":{"results":[{"__metadata":{"id":"https://ws.parlament.ch/OData.svc/Transcript(ID=106087L,Language='DE')","uri":"https://ws.parlament.ch/OData.svc/Transcript(ID=106087L,Language='DE')","type":"itsystems.Pd.DataServices.DataModel.Transcript"},"Subjects":{"__deferred":{"uri":"https://ws.parlament.ch/OData.svc/Transcript(ID=106087L,Language='DE')/Subjects"}},"MembersCouncil":{"__deferred":{"uri":"https://ws.parlament.ch/OData.svc/Transcript(ID=106087L,Language='DE')/MembersCouncil"}},"Businesses":{"__deferred":{"uri":"https://ws.parlament.ch/OData.svc/Transcript(ID=106087L,Language='DE')/Businesses"}},"ID":"106087","Language":"DE","IdSubject":"17142","VoteId":"3791","PersonNumber":null,"Type":2,"Text":"<pd_text><p><i>Abstimmung - Vote</i></p>\n<p>[NAM]</p>\n<p>F\u00fcr Folgegeben ... 58 Stimmen</p>\n<p>Dagegen ... 122 Stimmen</p>\n</pd_text>","MeetingCouncilAbbreviation":"N","MeetingDate":"20100316","MeetingVerbalixOid":1909,"IdSession":"4813","SpeakerFirstName":null,"SpeakerLastName":null,"SpeakerFullName":"","SpeakerFunction":null,"CouncilId":null,"CouncilName":null,"CantonId":null,"CantonName":null,"CantonAbbreviation":null,"ParlGroupName":null,"ParlGroupAbbreviation":null,"SortOrder":6,"Start":"\/Date(1268741882291)\/","End":"\/Date(1268741920181)\/","Function":null,"DisplaySpeaker":null,"LanguageOfText":"DE","Modified":"\/Date(1774877776401)\/","StartTimeWithTimezone":"\/Date(1268741882290+0060)\/","EndTimeWithTimezone":"\/Date(1268741920180+0060)\/","VoteBusinessNumber":20090459,"VoteBusinessShortNumber":"09.459","VoteBusinessTitle":"Parlamentarische Initiative\nSommaruga Carlo.\nAsylgesetz.\nF\u00fcr eine echte humanit\u00e4re Klausel gegen\ndie aus dem Dubliner \u00dcbereinkommen\nresultierende Willk\u00fcr"},{"__metadata":{"id":"https://ws.parlament.ch/OData.svc/Transcript(ID=106088L,Language='DE')","uri":"https://ws.parlament.ch/OData.svc/Transcript(ID=106088L,Language='DE')","type":"itsystems.Pd.DataServices.DataModel.Transcript"},"Subjects":{"__deferred":{"uri":"https://ws.parlament.ch/OData.svc/Transcript(ID=106088L,Language='DE')/Subjects"}},"MembersCouncil":{"__deferred":{"uri":"https://ws.parlament.ch/OData.svc/Transcript(ID=106088L,Language='DE')/MembersCouncil"}},"Businesses":{"__deferred":{"uri":"https://ws.parlament.ch/OData.svc/Transcript(ID=106088L,Language='DE')/Businesses"}},"ID":"106088","Language":"DE","IdSubject":"17142","VoteId":null,"PersonNumber":1071,"Type":1,"Text":"<pd_text><p>Die parlamentarische Initiative Sommaruga Carlo verlangt, dass im Asylgesetz eine Bestimmung im Sinn und Geist von Artikel 15 des Dubliner \u00dcbereinkommens eingef\u00fchrt wird, welche es der Schweiz erlaubt, ein Gesuch aus humanit\u00e4ren, insbesondere aus famili\u00e4ren und kulturellen Gr\u00fcnden zu pr\u00fcfen, selbst wenn sie daf\u00fcr nicht zust\u00e4ndig ist. Die Staatspolitische Kommission hat die parlamentarische Initiative Sommaruga Carlo an ihrer Sitzung vom 15. Oktober 2009 vorgepr\u00fcft und beantragt mit 15 zu 9 Stimmen, der parlamentarischen Initiative keine Folge zu geben.</p>\n<p>Das Dubliner \u00dcbereinkommen hat folgende Ziele: Zum einen wird darin geregelt, welcher europ\u00e4ische Staat f\u00fcr die Pr\u00fcfung eines Asylgesuchs zust\u00e4ndig ist. Zum andern wird die Vorgehensweise festgelegt, wenn ein Gesuch in einem Staat eingereicht wird, der nicht daf\u00fcr zust\u00e4ndig ist. Schliesslich enth\u00e4lt das \u00dcbereinkommen Bestimmungen \u00fcber den Informationsaustausch \u00fcber die Asylgesuche. Das Asylrecht der Mitgliedstaaten wird jedoch durch das Dubliner \u00dcbereinkommen materiell nicht harmonisiert. Diese Situation f\u00fchrt nach Ansicht des Initianten dazu, dass die Annahme von Asylantr\u00e4gen nahezu reiner Willk\u00fcr unterworfen sei, weshalb er eine Anpassung des Asylgesetzes verlangt. </p>\n<p>Die Kommissionsminderheit teilt diese Ansicht des Initianten und erachtet den Handlungsspielraum des Bundesamtes f\u00fcr Migration als zu gross, weil das geltende Recht zu viele Interpretationsm\u00f6glichkeiten biete. Um der Willk\u00fcr bei der Behandlung von Asylgesuchen entgegenzuwirken, erachtet sie es als notwendig, die humanit\u00e4re Klausel des Dubliner \u00dcbereinkommens in unsere Gesetzgebung aufzunehmen.</p>\n<p>Die Kommissionsmehrheit erachtet die geltende Bestimmung hingegen als ausreichend. Die Dublin-II- und die Eurodac-Verordnung sind f\u00fcr die Schweiz direkt anwendbar. Zudem hat der Bundesrat Artikel 34 des Asylgesetzes in Artikel 29a der Asylverordnung konkretisiert. Demnach kann die Schweiz selbst dann, wenn sie nach der Dublin-Verordnung nicht zust\u00e4ndig ist, aus humanit\u00e4ren Gr\u00fcnden ein Asylgesuch behandeln. Das Bundesamt f\u00fcr Migration macht denn von dieser M\u00f6glichkeit auch Gebrauch und ist bereits auf zahlreiche Gesuche eingetreten, vor allem dann, wenn das f\u00fcr die Behandlung zust\u00e4ndige Land als nicht sicher galt.</p>\n<p>Die Verordnungsbestimmung ist offen formuliert; das trifft auch auf den entsprechenden Artikel 15 des Dubliner \u00dcbereinkommens zu. Gem\u00e4ss Artikel 3 des \u00dcbereinkommens ist es zudem jedem Unterzeichnerstaat m\u00f6glich, einen von Drittstaatangeh\u00f6rigen eingereichten Asylantrag zu \u00fcberpr\u00fcfen, auch wenn er daf\u00fcr nicht zust\u00e4ndig ist. Die Kommissionsmehrheit ist daher der Meinung, dass kein Gesetzgebungsbedarf besteht, zumal eine solche explizite gesetzliche Regelung eine unerw\u00fcnschte Signalwirkung haben und die Attraktivit\u00e4t unseres Landes als Asylland steigern k\u00f6nnte. Letztlich darf das Prinzip von Dublin nicht unterwandert werden.</p>\n<p>Im Namen der Kommissionsmehrheit - der Entscheid fiel mit 15 zu 9 Stimmen - bitte ich Sie, der parlamentarischen Initiative keine Folge zu geben.</p>\n</pd_text>","MeetingCouncilAbbreviation":"N","MeetingDate":"20100316","MeetingVerbalixOid":1909,"IdSession":"4813","SpeakerFirstName":"Ruth","SpeakerLastName":"Humbel","SpeakerFullName":"Humbel Ruth","SpeakerFunction":"Mit-F","CouncilId":1,"CouncilName":"Nationalrat","CantonId":19,"CantonName":"Aargau","CantonAbbreviation":"AG","ParlGroupName":"Fraktion CVP/EVP/glp","ParlGroupAbbreviation":"M-E","SortOrder":5,"Start":"\/Date(1268741654685)\/","End":"\/Date(1268741882291)\/","Function":"*","DisplaySpeaker":true,"LanguageOfText":"DE","Modified":"\/Date(1774877776399)\/","StartTimeWithTimezone":"\/Date(1268741654687+0060)\/","EndTimeWithTimezone":"\/Date(1268741882290+0060)\/","VoteBusinessNumber":null,"VoteBusinessShortNumber":null,"VoteBusinessTitle":null},{"__metadata":{"id":"https://ws.parlament.ch/OData.svc/Transcript(ID=106089L,Language='DE')","uri":"https://ws.parlament.ch/OData.svc/Transcript(ID=106089L,Language='DE')","type":"itsystems.Pd.DataServices.DataModel.Transcript"},"Subjects":{"__deferred":{"uri":"https://ws.parlament.ch/OData.svc/Transcript(ID=106089L,Language='DE')/Subjects"}},"MembersCouncil":{"__deferred":{"uri":"https://ws.parlament.ch/OData.svc/Transcript(ID=106089L,Language='DE')/MembersCouncil"}},"Businesses":{"__deferred":{"uri":"https://ws.parlament.ch/OData.svc/Transcript(ID=106089L,Language='DE')/Businesses"}},"ID":"106089","Language":"DE","IdSubject":"17142","VoteId":null,"PersonNumber":1145,"Type":1,"Text":"<pd_text><p>L'initiative qui nous est soumise ici vise \u00e0 compl\u00e9ter la loi sur l'asile par une clause humanitaire permettant de doter notre pays de la comp\u00e9tence de traiter les demandes d'asile qui rel\u00e8veraient d'un autre Etat selon la Convention de Dublin. L'auteur de l'initiative constate que d'importantes disparit\u00e9s existent d'un Etat \u00e0 l'autre dans la pratique du droit d'asile. La Convention de Dublin porte sur deux aspects: le premier d\u00e9terminant \u00e0 quel Etat revient la comp\u00e9tence de traiter une demande d'asile, le second fixant les modalit\u00e9s applicables lorsqu'une demande est d\u00e9pos\u00e9e dans un autre Etat. L'\u00e9change d'informations compl\u00e8te le dispositif.</p>\n<p>La Convention de Dublin ne pr\u00e9voit en revanche aucune harmonisation quant au traitement des demandes d'asile par les Etats contractants. Cette lacune conduit \u00e0 des diff\u00e9rences de traitement intol\u00e9rables, l'octroi de l'asile relevant souvent de la loterie. Les chances peuvent \u00eatre r\u00e9duites ainsi \u00e0 z\u00e9ro pour cent en fonction du pays comp\u00e9tent, comme le rel\u00e8ve l'auteur.</p>\n<p>A l'appui de son initiative, Monsieur Sommaruga cite l'embl\u00e9matique exemple de Fahad Khammas, personnage central du film \"La Forteresse\". L'int\u00e9ress\u00e9 remplissait les conditions pour \u00eatre accept\u00e9 en Suisse mais pas en Su\u00e8de, pays comp\u00e9tent pour le traitement de sa requ\u00eate. Monsieur Sommaruga est rejoint dans ses pr\u00e9occupations par le Parlement europ\u00e9en lui-m\u00eame qui d\u00e9nonce cette situation dans son rapport du 10 mars 2009. La Commission europ\u00e9enne a pris elle aussi conscience du caract\u00e8re intol\u00e9rable de cette situation et se propose d'uniformiser les proc\u00e9dures au niveau europ\u00e9en. Ceci dit, et compte tenu de l'ampleur de la t\u00e2che, il est \u00e0 craindre que ce but ne soit atteint que dans un avenir lointain.</p>\n<p>Dans cette attente, le commissaire europ\u00e9en responsable des questions de migration et d'asile Jacques Barrot recommande d'utiliser toute la marge de manoeuvre que laisse l'article 15 de la Convention de Dublin, dit \"clause humanitaire\", qui pr\u00e9voit le dispositif suivant \u00e0 son alin\u00e9a 1: \"Tout Etat membre peut, m\u00eame s'il n'est pas responsable en application des crit\u00e8res d\u00e9finis par le pr\u00e9sent r\u00e8glement, rapprocher des membres d'une m\u00eame famille, ainsi que d'autres parents \u00e0 charge pour des raisons humanitaires fond\u00e9es, notamment, sur des motifs familiaux ou culturels. Dans ce cas, cet Etat membre examine, \u00e0 la demande d'un autre Etat membre, la demande d'asile de la personne concern\u00e9e. Les personnes concern\u00e9es doivent y consentir.\"</p>\n<p>Les conditions relativement restrictives, motifs familiaux pour l'essentiel, ainsi que la n\u00e9cessaire demande d'un autre Etat membre ne suffisent pas et n\u00e9cessitent donc une modification de notre loi sur l'asile. L'auteur de l'initiative estime qu'il s'agit d'une modification mineure qui n'aura que peu de cons\u00e9quences sur le nombre de demandes d\u00e9pos\u00e9es.</p>\n<p>Cette argumentation n'a pas convaincu la majorit\u00e9 de la commission qui estime notamment qu'une telle modification rendrait caduc l'esprit m\u00eame de Dublin, \u00e0 savoir d\u00e9terminer l'Etat comp\u00e9tent et veiller \u00e0 ce que ce soit lui qui traite le cas. S'agissant des disparit\u00e9s existant d'un Etat \u00e0 l'autre, m\u00eame si elles sont manifestes, il n'appartient pas \u00e0 la Suisse de [PAGE 429] combler les lacunes de la Convention de Dublin, cela d'autant moins que cette situation existait d\u00e9j\u00e0 lorsque la population suisse s'est prononc\u00e9e favorablement.</p>\n<p>Au cours de la discussion, la repr\u00e9sentante de l'administration a pr\u00e9cis\u00e9 que la Convention de Dublin pr\u00e9voit une clause de souverainet\u00e9 \u00e0 l'article 3 alin\u00e9a 2: \"Par d\u00e9rogation au paragraphe 1, chaque Etat membre peut examiner une demande d'asile qui lui est pr\u00e9sent\u00e9e par un ressortissant d'un pays tiers, m\u00eame si cet examen ne lui incombe pas en vertu des crit\u00e8res fix\u00e9s dans le pr\u00e9sent r\u00e8glement. Dans ce cas, cet Etat devient l'Etat membre responsable au sens du pr\u00e9sent r\u00e8glement et assume les obligations qui sont li\u00e9es \u00e0 cette responsabilit\u00e9.\"</p>\n<p>Forte de ces consid\u00e9rations, la majorit\u00e9 de la commission a estim\u00e9 que les pr\u00e9occupations l\u00e9gitimes de l'auteur de l'initiative \u00e9taient d\u00e9j\u00e0 prises en compte par les dispositions actuelles et qu'il n'\u00e9tait donc pas n\u00e9cessaire d'apporter la modification propos\u00e9e. Dans ces conditions, la commission vous recommande donc, par 15 voix contre 9, de ne pas donner suite \u00e0 l'initiative.</p>\n</pd_text>","MeetingCouncilAbbreviation":"N","MeetingDate":"20100316","MeetingVerbalixOid":1909,"IdSession":"4813","SpeakerFirstName":"Yvan","SpeakerLastName":"Perrin","SpeakerFullName":"Perrin Yvan","SpeakerFunction":"Mit-M","CouncilId":1,"CouncilName":"Nationalrat","CantonId":24,"CantonName":"Neuenburg","CantonAbbreviation":"NE","ParlGroupName":"Fraktion der Schweizerischen Volkspartei","ParlGroupAbbreviation":"V","SortOrder":4,"Start":"\/Date(1268741414547)\/","End":"\/Date(1268741654685)\/","Function":"*","DisplaySpeaker":true,"LanguageOfText":"FR","Modified":"\/Date(1774877776396)\/","StartTimeWithTimezone":"\/Date(1268741414547+0060)\/","EndTimeWithTimezone":"\/Date(1268741654687+0060)\/","VoteBusinessNumber":null,"VoteBusinessShortNumber":null,"VoteBusinessTitle":null},{"__metadata":{"id":"https://ws.parlament.ch/OData.svc/Transcript(ID=106090L,Language='DE')","uri":"https://ws.parlament.ch/OData.svc/Transcript(ID=106090L,Language='DE')","type":"itsystems.Pd.DataServices.DataModel.Transcript"},"Subjects":{"__deferred":{"uri":"https://ws.parlament.ch/OData.svc/Transcript(ID=106090L,Language='DE')/Subjects"}},"MembersCouncil":{"__deferred":{"uri":"https://ws.parlament.ch/OData.svc/Transcript(ID=106090L,Language='DE')/MembersCouncil"}},"Businesses":{"__deferred":{"uri":"https://ws.parlament.ch/OData.svc/Transcript(ID=106090L,Language='DE')/Businesses"}},"ID":"106090","Language":"DE","IdSubject":"17142","VoteId":null,"PersonNumber":1129,"Type":1,"Text":"<pd_text><p>Sie h\u00f6ren es: Meine Stimme ist leicht angeschlagen. Ich werde mich kurz fassen, und ich hoffe, dass ich Sie dennoch davon \u00fcberzeugen kann, der parlamentarischen Initiative Sommaruga Carlo Folge zu geben.</p>\n<p>In Greppen ist eine tschetschenische Familie seit Monaten in grosser Not. Sie soll gem\u00e4ss dem Dubliner Abkommen nach Frankreich ausgeschafft werden, weil Frankreich f\u00fcr diese Familie zust\u00e4ndig ist. Schon vor ein paar Monaten wurde versucht, die Familie abzuschieben. In Frankreich angekommen, war die Familie sich selbst \u00fcberlassen. Niemand war dort, der sich um sie k\u00fcmmerte. Mit Unterst\u00fctzung von Privatpersonen konnte sie wieder nach Greppen zur\u00fcckkehren - ein kleiner Lichtblick f\u00fcr die Betroffenen. Sie m\u00fcssen aber trotzdem damit rechnen, erneut ausgeschafft zu werden. Die tschetschenische Familie wird von vielen Menschen in der Gemeinde Greppen aktiv unterst\u00fctzt. Sie geben der Familie Halt und W\u00e4rme in einer kalten Zeit.</p>\n<p>Es war mir wichtig, zu Beginn der Diskussion \u00fcber dieses Gesch\u00e4ft diesen konkreten Fall, diese Menschen zu erw\u00e4hnen. Zu oft sprechen wir hier \u00fcber Gesetzesparagraphen, zu selten \u00fcber die Menschen, die davon betroffen sind.</p>\n<p>Das Bundesamt f\u00fcr Migration h\u00e4tte eigentlich den Spielraum, sich f\u00fcr die tschetschenische Familie zust\u00e4ndig zu erkl\u00e4ren. Artikel 29a der Asylverordnung 1 l\u00e4sst n\u00e4mlich zu, dass sich die Schweiz aus humanit\u00e4ren Gr\u00fcnden f\u00fcr ein Asylgesuch f\u00fcr zust\u00e4ndig erkl\u00e4rt, wenn sie das richtig findet. Sie kann dies entweder aus humanit\u00e4ren Gr\u00fcnden tun oder indem sie von der Souver\u00e4nit\u00e4tsklausel Gebrauch macht. Der Initiant und mit ihm die Minderheit wollen diese M\u00f6glichkeit, die jetzt in der Verordnung gegeben ist, auf der Ebene des Gesetzes festhalten, und der Initiant will auch, dass der bestehende Ermessensspielraum genauer erfasst wird.</p>\n<p>Die humanit\u00e4re Tradition der Schweiz war einmal sprichw\u00f6rtlich. Sie ist es leider nicht mehr. Wenn Sie der parlamentarischen Initiative Sommaruga Carlo Folge geben, k\u00f6nnen Sie einen kleinen Schritt tun. Er bringt gegen\u00fcber der aktuellen Rechtslage keinen riesigen Unterschied, f\u00fcr die Betroffenen hingegen ist es ein grosser Schritt. </p>\n</pd_text>","MeetingCouncilAbbreviation":"N","MeetingDate":"20100316","MeetingVerbalixOid":1909,"IdSession":"4813","SpeakerFirstName":"Silvia","SpeakerLastName":"Schenker","SpeakerFullName":"Schenker Silvia","SpeakerFunction":"Mit-F","CouncilId":1,"CouncilName":"Nationalrat","CantonId":12,"CantonName":"Basel-Stadt","CantonAbbreviation":"BS","ParlGroupName":"Sozialdemokratische Fraktion","ParlGroupAbbreviation":"S","SortOrder":3,"Start":"\/Date(1268741239065)\/","End":"\/Date(1268741414547)\/","Function":"Mit-F","DisplaySpeaker":true,"LanguageOfText":"DE","Modified":"\/Date(1774877776394)\/","StartTimeWithTimezone":"\/Date(1268741239067+0060)\/","EndTimeWithTimezone":"\/Date(1268741414547+0060)\/","VoteBusinessNumber":null,"VoteBusinessShortNumber":null,"VoteBusinessTitle":null},{"__metadata":{"id":"https://ws.parlament.ch/OData.svc/Transcript(ID=106091L,Language='DE')","uri":"https://ws.parlament.ch/OData.svc/Transcript(ID=106091L,Language='DE')","type":"itsystems.Pd.DataServices.DataModel.Transcript"},"Subjects":{"__deferred":{"uri":"https://ws.parlament.ch/OData.svc/Transcript(ID=106091L,Language='DE')/Subjects"}},"MembersCouncil":{"__deferred":{"uri":"https://ws.parlament.ch/OData.svc/Transcript(ID=106091L,Language='DE')/MembersCouncil"}},"Businesses":{"__deferred":{"uri":"https://ws.parlament.ch/OData.svc/Transcript(ID=106091L,Language='DE')/Businesses"}},"ID":"106091","Language":"DE","IdSubject":"17142","VoteId":null,"PersonNumber":1120,"Type":1,"Text":"<pd_text><p>L'initiative parlementaire que je pr\u00e9sente touche \u00e0 la Convention de Dublin et \u00e0 la politique en mati\u00e8re d'asile. La Convention de Dublin veut que le premier pays en Europe o\u00f9 une demande d'asile est d\u00e9pos\u00e9e traite de mani\u00e8re exclusive cette requ\u00eate.</p>\n<p>Si, sur le principe, cette mani\u00e8re de faire est bonne - \u00e0 savoir que le premier pays o\u00f9 la demande d'asile est d\u00e9pos\u00e9e s'occupe exclusivement du traitement du dossier -, cela a comme cons\u00e9quence que lorsque le requ\u00e9rant d'asile se d\u00e9place dans un autre Etat, on le renvoie dans l'Etat o\u00f9 il a d\u00e9pos\u00e9 sa requ\u00eate, et cela a parfois des cons\u00e9quences dramatiques.</p>\n<p>Tout d'abord, il y a des disparit\u00e9s extr\u00eamement fortes dans la politique d'asile des Etats: certains pays prennent en consid\u00e9ration une requ\u00eate d'asile, alors que d'autres Etats \u00e9cartent la m\u00eame requ\u00eate. Par exemple, pour les Irakiens, l'Etat grec refuse d'entrer en mati\u00e8re sur ces demandes d'asile, alors m\u00eame qu'en Suisse, en Allemagne, en Su\u00e8de, en Angleterre, ces demandes sont accept\u00e9es - certes pas toutes, [PAGE 428] mais il n'y a pas un taux d'acceptation qui est nul, comme c'est le cas en Gr\u00e8ce. Ensuite, les requ\u00e9rants d'asile, quand ils arrivent en Europe, passent souvent par des Etats qui sont \u00e0 la fronti\u00e8re ext\u00e9rieure, et parfois le d\u00e9p\u00f4t d'une requ\u00eate d'asile leur \u00e9chappe, c'est-\u00e0-dire qu'ils ne comprennent pas que c'est l\u00e0 que la requ\u00eate formelle a \u00e9t\u00e9 d\u00e9pos\u00e9e, alors m\u00eame qu'ils voulaient aller dans un autre Etat, comme par exemple en Suisse. Cela pose probl\u00e8me, puisqu'ils sont li\u00e9s pour la proc\u00e9dure \u00e0 un Etat alors qu'ils souhaitaient d\u00e9poser leur requ\u00eate dans un autre Etat, par exemple l\u00e0 o\u00f9 ils ont de la famille.</p>\n<p>Il existe en Europe un processus d'unification mat\u00e9rielle du droit d'asile, mais ce processus sera relativement long. Il s'agit donc de r\u00e9pondre \u00e0 cette discr\u00e9pance qui existe entre les diff\u00e9rents droits nationaux par l'introduction d'une r\u00e9elle clause humanitaire dans le droit suisse, c'est-\u00e0-dire dans le droit d'asile, et ceci en conformit\u00e9 avec le r\u00e8glement europ\u00e9en qui pr\u00e9voit \u00e0 l'article 15 que les Etats doivent introduire une clause humanitaire soumise \u00e0 toute une s\u00e9rie de conditions. C'est cette clause-l\u00e0 qu'il s'agit d'inscrire vraiment dans la loi sur l'asile. D'ailleurs, elle existerait en compl\u00e9ment d'une clause de souverainet\u00e9 qui permet \u00e0 la Suisse non seulement d'accueillir, dans des situations difficiles, quelqu'un qui a d\u00e9pos\u00e9 sa demande d'asile ailleurs, mais aussi d'accepter une requ\u00eate d'asile pour des raisons propres \u00e0 la Suisse.</p>\n<p>L'exemple de Monsieur Fahad Khammas - qui avait d'ailleurs suscit\u00e9 le d\u00e9p\u00f4t de cette initiative - est le plus significatif, dans la mesure o\u00f9 ce ressortissant irakien, traducteur pour l'arm\u00e9e am\u00e9ricaine, a d\u00e9pos\u00e9 sa requ\u00eate dans un autre Etat puis est ensuite venu en Suisse. Il est devenu connu en Suisse, puisqu'il a fait l'objet d'un film - \"La Forteresse\" - et que, malgr\u00e9 le fait que mat\u00e9riellement il pouvait pr\u00e9tendre \u00e0 l'asile en Suisse, il n'a pas pu en b\u00e9n\u00e9ficier pour des questions purement formelles. Et, l\u00e0, une clause humanitaire digne de ce nom, ou une clause de souverainet\u00e9 plus efficace, auraient permis \u00e0 cette personne de rester.</p>\n<p>Je rappelle que le commissaire europ\u00e9en d\u00e9mocrate-chr\u00e9tien Jacques Barrot, qui s'occupait du dossier de la migration, en avait appel\u00e9 aux Etats signataires de l'Accord de Dublin pour introduire de mani\u00e8re efficace ces clauses humanitaires, dans la mesure o\u00f9 il fallait \u00e9viter des drames humains.</p>\n<p>C'est dans cet esprit que j'ai d\u00e9pos\u00e9 cette initiative et que je demande donc \u00e0 ce que le droit suisse soit am\u00e9nag\u00e9, qu'on ait un droit certes rigoureux et coh\u00e9rent en mati\u00e8re d'asile mais plus humain, et que ce droit tienne compte des situations difficiles. Voil\u00e0 pourquoi je vous invite \u00e0 donner suite \u00e0 mon initiative qui vise \u00e0 renforcer la dimension humanitaire de notre droit d'asile par une modification de la loi conform\u00e9ment \u00e0 l'article 15 de la Convention de Dublin.</p>\n</pd_text>","MeetingCouncilAbbreviation":"N","MeetingDate":"20100316","MeetingVerbalixOid":1909,"IdSession":"4813","SpeakerFirstName":"Carlo","SpeakerLastName":"Sommaruga","SpeakerFullName":"Sommaruga Carlo","SpeakerFunction":"Mit-M","CouncilId":1,"CouncilName":"Nationalrat","CantonId":25,"CantonName":"Genf","CantonAbbreviation":"GE","ParlGroupName":"Sozialdemokratische Fraktion","ParlGroupAbbreviation":"S","SortOrder":2,"Start":"\/Date(1268740965084)\/","End":"\/Date(1268741239065)\/","Function":"Mit-M","DisplaySpeaker":true,"LanguageOfText":"FR","Modified":"\/Date(1774877776392)\/","StartTimeWithTimezone":"\/Date(1268740965083+0060)\/","EndTimeWithTimezone":"\/Date(1268741239067+0060)\/","VoteBusinessNumber":null,"VoteBusinessShortNumber":null,"VoteBusinessTitle":null},{"__metadata":{"id":"https://ws.parlament.ch/OData.svc/Transcript(ID=106092L,Language='DE')","uri":"https://ws.parlament.ch/OData.svc/Transcript(ID=106092L,Language='DE')","type":"itsystems.Pd.DataServices.DataModel.Transcript"},"Subjects":{"__deferred":{"uri":"https://ws.parlament.ch/OData.svc/Transcript(ID=106092L,Language='DE')/Subjects"}},"MembersCouncil":{"__deferred":{"uri":"https://ws.parlament.ch/OData.svc/Transcript(ID=106092L,Language='DE')/MembersCouncil"}},"Businesses":{"__deferred":{"uri":"https://ws.parlament.ch/OData.svc/Transcript(ID=106092L,Language='DE')/Businesses"}},"ID":"106092","Language":"DE","IdSubject":"17142","VoteId":null,"PersonNumber":null,"Type":3,"Text":"<pd_text><p><i>Antrag der Mehrheit</i></p>\n<p>Der Initiative keine Folge geben</p>\n<p>[VS]</p>\n<p><i>Antrag der Minderheit</i></p>\n<p>(Schenker Silvia, Gross, Heim, Hodgers, Leuenberger-Gen\u00e8ve, Roth-Bernasconi, St\u00f6ckli, Tsch\u00fcmperlin, Zisyadis)</p>\n<p>Der Initiative Folge geben</p>\n<p>[VS]</p>\n<p><i>Proposition de la majorit\u00e9</i></p>\n<p>Ne pas donner suite \u00e0 l'initiative </p>\n<p>[VS]</p>\n<p><i>Proposition de la minorit\u00e9</i></p>\n<p>(Schenker Silvia, Gross, Heim, Hodgers, Leuenberger-Gen\u00e8ve, Roth-Bernasconi, St\u00f6ckli, Tsch\u00fcmperlin, Zisyadis)</p>\n<p>Donner suite \u00e0 l'initiative </p>\n</pd_text>","MeetingCouncilAbbreviation":"N","MeetingDate":"20100316","MeetingVerbalixOid":1909,"IdSession":"4813","SpeakerFirstName":null,"SpeakerLastName":null,"SpeakerFullName":"","SpeakerFunction":null,"CouncilId":null,"CouncilName":null,"CantonId":null,"CantonName":null,"CantonAbbreviation":null,"ParlGroupName":null,"ParlGroupAbbreviation":null,"SortOrder":1,"Start":null,"End":null,"Function":null,"DisplaySpeaker":null,"LanguageOfText":"DE","Modified":"\/Date(1774877776389)\/","StartTimeWithTimezone":null,"EndTimeWithTimezone":null,"VoteBusinessNumber":null,"VoteBusinessShortNumber":null,"VoteBusinessTitle":null}]},"ID":"17142","Language":"DE","IdMeeting":"1194","VerbalixOid":323539,"SortOrder":6,"Modified":"\/Date(1774877776387)\/"}}