{"d":{"__metadata":{"id":"https://ws.parlament.ch/OData.svc/Subject(ID=17350L,Language='DE')","uri":"https://ws.parlament.ch/OData.svc/Subject(ID=17350L,Language='DE')","type":"itsystems.Pd.DataServices.DataModel.Subject"},"Meetings":{"__metadata":{"id":"https://ws.parlament.ch/OData.svc/Meeting(ID=1200L,Language='DE')","uri":"https://ws.parlament.ch/OData.svc/Meeting(ID=1200L,Language='DE')","type":"itsystems.Pd.DataServices.DataModel.Meeting"},"Sessions":{"__deferred":{"uri":"https://ws.parlament.ch/OData.svc/Meeting(ID=1200L,Language='DE')/Sessions"}},"Subjects":{"__deferred":{"uri":"https://ws.parlament.ch/OData.svc/Meeting(ID=1200L,Language='DE')/Subjects"}},"ID":"1200","Language":"DE","MeetingNumber":1,"IdSession":4813,"SessionNumber":13,"SessionName":"Fr\u00fchjahrssession 2010","Council":2,"CouncilName":"St\u00e4nderat","CouncilAbbreviation":"SR","Date":"\/Date(1267401600000)\/","Begin":"1715","Modified":"\/Date(1447070139947)\/","LegislativePeriodNumber":48,"PublicationStatus":"final","MeetingOrderText":"Erste Sitzung","SortOrder":1,"Location":"S"},"SubjectsBusiness":{"results":[{"__metadata":{"id":"https://ws.parlament.ch/OData.svc/SubjectBusiness(BusinessNumber=20100202,IdSubject=17350L,Language='DE')","uri":"https://ws.parlament.ch/OData.svc/SubjectBusiness(BusinessNumber=20100202,IdSubject=17350L,Language='DE')","type":"itsystems.Pd.DataServices.DataModel.SubjectBusiness"},"Subjects":{"__deferred":{"uri":"https://ws.parlament.ch/OData.svc/SubjectBusiness(BusinessNumber=20100202,IdSubject=17350L,Language='DE')/Subjects"}},"Businesses":{"__deferred":{"uri":"https://ws.parlament.ch/OData.svc/SubjectBusiness(BusinessNumber=20100202,IdSubject=17350L,Language='DE')/Businesses"}},"IdSubject":"17350","BusinessNumber":20100202,"Language":"DE","BusinessShortNumber":"10.202","Title":"Mitteilungen der Kantone und Vereidigungen","SortOrder":1,"PublishedNotes":null,"Modified":"\/Date(1447069448873)\/","TitleDE":"Mitteilungen der Kantone\nund Vereidigung","TitleFR":"Communications des cantons\net assermentation","TitleIT":null}]},"Transcripts":{"results":[{"__metadata":{"id":"https://ws.parlament.ch/OData.svc/Transcript(ID=106758L,Language='DE')","uri":"https://ws.parlament.ch/OData.svc/Transcript(ID=106758L,Language='DE')","type":"itsystems.Pd.DataServices.DataModel.Transcript"},"Subjects":{"__deferred":{"uri":"https://ws.parlament.ch/OData.svc/Transcript(ID=106758L,Language='DE')/Subjects"}},"MembersCouncil":{"__deferred":{"uri":"https://ws.parlament.ch/OData.svc/Transcript(ID=106758L,Language='DE')/MembersCouncil"}},"Businesses":{"__deferred":{"uri":"https://ws.parlament.ch/OData.svc/Transcript(ID=106758L,Language='DE')/Businesses"}},"ID":"106758","Language":"DE","IdSubject":"17350","VoteId":null,"PersonNumber":370,"Type":1,"Text":"<pd_text><p>Ich begr\u00fcsse Sie ganz herzlich zu unserer Fr\u00fchjahrssession und erkl\u00e4re die erste Sitzung als er\u00f6ffnet.</p>\n<p>Ich begr\u00fcsse besonders unsere beiden neuen Ratsmitglieder. Ich freue mich, dass wir hiermit wieder vollz\u00e4hlig sind!</p>\n<p>Ich bitte unseren Ratssekret\u00e4r, Herrn Schwab, die Mitteilung des Kantons Neuenburg zu verlesen.</p>\n<p>[VS]</p>\n<p><i>Schwab Philippe, Ratssekret\u00e4r, verliest die folgende Mitteilung: </i></p>\n<p><i>Schwab Philippe, secr\u00e9taire, donne lecture de la communication suivante: </i></p>\n<p>Le Conseil d'Etat de la R\u00e9publique et Canton de Neuch\u00e2tel communique que Monsieur Rapha\u00ebl Comte, n\u00e9 le 29 septembre 1979, originaire de Court\u00e9telle/JU, a \u00e9t\u00e9 \u00e9lu le 20 janvier 2010 comme membre du Conseil des Etats. L'arr\u00eat\u00e9 du Conseil d'Etat du 3 f\u00e9vrier 2010 validant l'\u00e9lection de Monsieur Comte a \u00e9t\u00e9 publi\u00e9 dans la Feuille officielle de la R\u00e9publique et Canton de Neuch\u00e2tel, no 5, du 5 f\u00e9vrier 2010.</p>\n<p>[VS]</p>\n<p><b>Pr\u00e4sidentin </b>(Forster-Vannini Erika, Pr\u00e4sidentin): Das B\u00fcro hat festgestellt, dass die Wahl von Herrn Comte g\u00fcltig zustande gekommen ist. Aufgrund der Angaben von Herrn Comte hat das B\u00fcro keine Mandate festgestellt, die nach Artikel 144 der Bundesverfassung und Artikel 14 des Parlamentsgesetzes mit einem parlamentarischen Mandat unvereinbar w\u00e4ren. Das B\u00fcro beantragt, die Wahl von Herrn Comte formell festzustellen. - Sie sind damit einverstanden.</p>\n<p>Wir kommen zur Vereidigung. Je prie Monsieur Comte de bien vouloir s'avancer au centre de l'h\u00e9micycle. Ich bitte die \u00fcbrigen Ratsmitglieder sowie die Anwesenden im Saal und auf den Trib\u00fcnen, sich zu erheben.</p>\n<p>[VS]</p>\n<p><i>Schwab Philippe, Ratssekret\u00e4r, verliest die Eidesformel:</i></p>\n<p><i>Schwab Philippe, secr\u00e9taire, donne lecture de la formule du serment:</i></p>\n<p>Je jure devant Dieu tout-puissant d'observer la Constitution et les lois et de remplir en conscience les devoirs de ma charge.</p>\n<p>[VS]</p>\n<p><i>Comte Rapha\u00ebl wird vereidigt</i></p>\n<p><i>Comte Rapha\u00ebl pr\u00eate serment</i></p>\n<p>[VS]</p>\n<p><b>Pr\u00e4sidentin </b>(Forster-Vannini Erika, Pr\u00e4sidentin): Monsieur le d\u00e9put\u00e9 au Conseil des Etats, en ce 1er mars - jour de l'ind\u00e9pendance du canton de Neuch\u00e2tel -, le Conseil prend acte de votre serment. En son nom, je vous souhaite une cordiale bienvenue et je forme des voeux de succ\u00e8s pour l'accomplissement de votre mandat! <i>(Applaudissements; la pr\u00e9sidente remet un bouquet de fleurs \u00e0 M. Comte)</i></p>\n<p>Ich bitte nun unseren Ratssekret\u00e4r, die Mitteilung des Kantons Solothurn zu verlesen.</p>\n<p>[VS]</p>\n<p><i>Schwab Philippe, Ratssekret\u00e4r, verliest die folgende Mitteilung:</i></p>\n<p><i>Schwab Philippe, secr\u00e9taire, donne lecture de la communication suivante:</i></p>\n<p>Der Regierungsrat des Kantons Solothurn teilt mit, dass Herr Roberto Zanetti, geboren am 14. Dezember 1954, B\u00fcrger von Poschiavo/GR, am 24. Januar 2010 als Mitglied des St\u00e4nderates gew\u00e4hlt worden ist. Der Regierungsrat hat die Wahl mit Beschluss vom 2. Februar 2010 validiert.</p>\n<p>[VS]</p>\n<p><b>Pr\u00e4sidentin </b>(Forster-Vannini Erika, Pr\u00e4sidentin): Das B\u00fcro hat festgestellt, dass die Wahl von Herrn Zanetti g\u00fcltig zustande gekommen ist. Aufgrund der Angaben von Herrn Zanetti hat das B\u00fcro keine Mandate festgestellt, die nach Artikel 144 der Bundesverfassung und Artikel 14 des Parlamentsgesetzes mit einem parlamentarischen Mandat unvereinbar w\u00e4ren. Das B\u00fcro beantragt, die Wahl von Herrn Zanetti formell festzustellen. - Sie sind damit einverstanden.</p>\n<p>Wir kommen zur Vereidigung. Ich bitte Herrn Zanetti, in die Mitte des Saales zu treten. Ich bitte die \u00fcbrigen Ratsmitglieder sowie die Anwesenden im Saal und auf den Trib\u00fcnen, sich zu erheben.</p>\n<p>[VS]</p>\n<p><i>Schwab Philippe, Ratssekret\u00e4r, verliest die Gel\u00fcbdeformel:</i></p>\n<p><i>Schwab Philippe, secr\u00e9taire, donne lecture de la formule de la promesse:</i></p>\n<p>Ich gelobe, die Verfassung und die Gesetze zu beachten und die Pflichten meines Amtes gewissenhaft zu erf\u00fcllen.</p>\n<p>[VS] [PAGE 2] </p>\n<p><i>Zanetti Roberto legt das Gel\u00fcbde ab</i></p>\n<p><i>Zanetti Roberto fait la promesse requise</i></p>\n<p>[VS]</p>\n<p><b>Pr\u00e4sidentin </b>(Forster-Vannini Erika, Pr\u00e4sidentin): Herr St\u00e4nderat, der Rat nimmt von Ihrem Gel\u00fcbde Kenntnis. In seinem Namen heisse ich Sie herzlich willkommen! Wir freuen uns auf eine gute Zusammenarbeit. Ich w\u00fcnsche Ihnen viel Erfolg f\u00fcr die T\u00e4tigkeit im St\u00e4nderat. <i>(Beifall; die Pr\u00e4sidentin \u00fcberreicht Herrn Zanetti einen Blumenstrauss)</i></p>\n</pd_text>","MeetingCouncilAbbreviation":"S","MeetingDate":"20100301","MeetingVerbalixOid":1915,"IdSession":"4813","SpeakerFirstName":"Erika","SpeakerLastName":"Forster-Vannini","SpeakerFullName":"Forster-Vannini Erika","SpeakerFunction":"P-F","CouncilId":2,"CouncilName":"St\u00e4nderat","CantonId":17,"CantonName":"St. Gallen","CantonAbbreviation":"SG","ParlGroupName":"Freisinnig-demokratische Fraktion","ParlGroupAbbreviation":"RL","SortOrder":1,"Start":"\/Date(1267463913300)\/","End":"\/Date(1267464287373)\/","Function":"P-F","DisplaySpeaker":true,"LanguageOfText":"DE","Modified":"\/Date(1510849995333)\/","StartTimeWithTimezone":"\/Date(1267463913300+0060)\/","EndTimeWithTimezone":"\/Date(1267464287373+0060)\/","VoteBusinessNumber":null,"VoteBusinessShortNumber":null,"VoteBusinessTitle":null}]},"ID":"17350","Language":"DE","IdMeeting":"1200","VerbalixOid":318530,"SortOrder":1,"Modified":"\/Date(1447070139987)\/"}}