{"d":{"__metadata":{"id":"https://ws.parlament.ch/OData.svc/Subject(ID=17772L,Language='DE')","uri":"https://ws.parlament.ch/OData.svc/Subject(ID=17772L,Language='DE')","type":"itsystems.Pd.DataServices.DataModel.Subject"},"Meetings":{"__metadata":{"id":"https://ws.parlament.ch/OData.svc/Meeting(ID=1228L,Language='DE')","uri":"https://ws.parlament.ch/OData.svc/Meeting(ID=1228L,Language='DE')","type":"itsystems.Pd.DataServices.DataModel.Meeting"},"Sessions":{"__deferred":{"uri":"https://ws.parlament.ch/OData.svc/Meeting(ID=1228L,Language='DE')/Sessions"}},"Subjects":{"__deferred":{"uri":"https://ws.parlament.ch/OData.svc/Meeting(ID=1228L,Language='DE')/Subjects"}},"ID":"1228","Language":"DE","MeetingNumber":14,"IdSession":4814,"SessionNumber":14,"SessionName":"Sommersession 2010","Council":1,"CouncilName":"Nationalrat","CouncilAbbreviation":"NR","Date":"\/Date(1276732800000)\/","Begin":"0800","Modified":"\/Date(1447070151910)\/","LegislativePeriodNumber":48,"PublicationStatus":"final","MeetingOrderText":"Vierzehnte Sitzung","SortOrder":14,"Location":"N"},"SubjectsBusiness":{"results":[{"__metadata":{"id":"https://ws.parlament.ch/OData.svc/SubjectBusiness(BusinessNumber=20100038,IdSubject=17772L,Language='DE')","uri":"https://ws.parlament.ch/OData.svc/SubjectBusiness(BusinessNumber=20100038,IdSubject=17772L,Language='DE')","type":"itsystems.Pd.DataServices.DataModel.SubjectBusiness"},"Subjects":{"__deferred":{"uri":"https://ws.parlament.ch/OData.svc/SubjectBusiness(BusinessNumber=20100038,IdSubject=17772L,Language='DE')/Subjects"}},"Businesses":{"__deferred":{"uri":"https://ws.parlament.ch/OData.svc/SubjectBusiness(BusinessNumber=20100038,IdSubject=17772L,Language='DE')/Businesses"}},"IdSubject":"17772","BusinessNumber":20100038,"Language":"DE","BusinessShortNumber":"10.038","Title":"Amtshilfegesuch der USA betreffend UBS AG. Abkommen","SortOrder":1,"PublishedNotes":"Differenzen - Divergences\n","Modified":"\/Date(1447069446750)\/","TitleDE":"Amtshilfegesuch\nder USA\nbetreffend UBS AG. Abkommen","TitleFR":"Demande de renseignements\ndes Etats-Unis d'Am\u00e9rique\nrelative \u00e0 UBS SA. Accord","TitleIT":null}]},"Transcripts":{"results":[{"__metadata":{"id":"https://ws.parlament.ch/OData.svc/Transcript(ID=109732L,Language='DE')","uri":"https://ws.parlament.ch/OData.svc/Transcript(ID=109732L,Language='DE')","type":"itsystems.Pd.DataServices.DataModel.Transcript"},"Subjects":{"__deferred":{"uri":"https://ws.parlament.ch/OData.svc/Transcript(ID=109732L,Language='DE')/Subjects"}},"MembersCouncil":{"__deferred":{"uri":"https://ws.parlament.ch/OData.svc/Transcript(ID=109732L,Language='DE')/MembersCouncil"}},"Businesses":{"__deferred":{"uri":"https://ws.parlament.ch/OData.svc/Transcript(ID=109732L,Language='DE')/Businesses"}},"ID":"109732","Language":"DE","IdSubject":"17772","VoteId":"4245","PersonNumber":null,"Type":2,"Text":"<pd_text><p><i>Abstimmung - Vote</i></p>\n<p>[NAM]</p>\n<p>F\u00fcr den Antrag der Einigungskonferenz ... 81 Stimmen</p>\n<p>F\u00fcr den Antrag Leutenegger Oberholzer ... 63 Stimmen</p>\n<p>[PAGE 1068] </p>\n</pd_text>","MeetingCouncilAbbreviation":"N","MeetingDate":"20100617","MeetingVerbalixOid":1943,"IdSession":"4814","SpeakerFirstName":null,"SpeakerLastName":null,"SpeakerFullName":"","SpeakerFunction":null,"CouncilId":null,"CouncilName":null,"CantonId":null,"CantonName":null,"CantonAbbreviation":null,"ParlGroupName":null,"ParlGroupAbbreviation":null,"SortOrder":7,"Start":"\/Date(1276766339118)\/","End":"\/Date(1276766483335)\/","Function":null,"DisplaySpeaker":null,"LanguageOfText":"DE","Modified":"\/Date(1774877760712)\/","StartTimeWithTimezone":"\/Date(1276766339117+0120)\/","EndTimeWithTimezone":"\/Date(1276766483337+0120)\/","VoteBusinessNumber":20100038,"VoteBusinessShortNumber":"10.038","VoteBusinessTitle":"Amtshilfegesuch\nder USA\nbetreffend UBS AG. Abkommen"},{"__metadata":{"id":"https://ws.parlament.ch/OData.svc/Transcript(ID=109733L,Language='DE')","uri":"https://ws.parlament.ch/OData.svc/Transcript(ID=109733L,Language='DE')","type":"itsystems.Pd.DataServices.DataModel.Transcript"},"Subjects":{"__deferred":{"uri":"https://ws.parlament.ch/OData.svc/Transcript(ID=109733L,Language='DE')/Subjects"}},"MembersCouncil":{"__deferred":{"uri":"https://ws.parlament.ch/OData.svc/Transcript(ID=109733L,Language='DE')/MembersCouncil"}},"Businesses":{"__deferred":{"uri":"https://ws.parlament.ch/OData.svc/Transcript(ID=109733L,Language='DE')/Businesses"}},"ID":"109733","Language":"DE","IdSubject":"17772","VoteId":null,"PersonNumber":3934,"Type":1,"Text":"<pd_text><p>Sie haben den Antrag der Einigungskonferenz vor sich: Ja zum Vertrag ohne Referendum. Wenn Sie den Vertrag genehmigen, wird das neue Doppelbesteuerungsabkommen vom US-Senat voraussichtlich innert sehr kurzer Frist genehmigt werden.</p>\n<p>Weitere F\u00e4lle beziehen sich nur auf das Doppelbesteuerungsabkommen von 1996. Sobald das neue Doppelbesteuerungsabkommen in Kraft ist, werden die Amtshilfegesuche nach diesem abgehandelt. Das neue Doppelbesteuerungsabkommen wird das Namenserfordernis enthalten; es wird aber auch dazu f\u00fchren, dass dann alle F\u00e4lle von Steuerhinterziehung vom neuen Verfahren erfasst werden. Das Doppelbesteuerungsabkommen, das wir heute mit den USA haben und das eben \"fraud and the like\" beinhaltet, ist das einzige Doppelbesteuerungsabkommen mit dieser Breite. Wir haben mit keinem anderen Land ein solches Doppelbesteuerungsabkommen. Weitere F\u00e4lle - Amtshilfegesuche aus anderen L\u00e4ndern, von denen man immer wieder spricht - k\u00f6nnen sich also gar nicht ergeben.</p>\n<p>Wir haben heute klare Indizien daf\u00fcr, dass bei einem Nein zu diesem Vertrag sehr rasch Ausgleichsmassnahmen ergriffen w\u00fcrden, mit anderen Worten, dass man unilateral vorgehen w\u00fcrde, ohne unser Recht zu beachten, ohne unsere Gerichte zu beachten. Erschwernisse f\u00fcr unsere Unternehmen im administrativen und im steuerlichen Bereich sind bereits an der Tagesordnung. Sie w\u00fcrden sich verst\u00e4rken.</p>\n<p>Im Interesse unserer Volkswirtschaft, im Interesse unseres Landes m\u00f6chte ich Sie bitten, Ja zum Antrag der Einigungskonferenz zu sagen.</p>\n</pd_text>","MeetingCouncilAbbreviation":"N","MeetingDate":"20100617","MeetingVerbalixOid":1943,"IdSession":"4814","SpeakerFirstName":"Eveline","SpeakerLastName":"Widmer-Schlumpf","SpeakerFullName":"Widmer-Schlumpf Eveline","SpeakerFunction":"BR-F","CouncilId":99,"CouncilName":"Bundesrat","CantonId":18,"CantonName":"Graub\u00fcnden","CantonAbbreviation":"GR","ParlGroupName":null,"ParlGroupAbbreviation":null,"SortOrder":6,"Start":"\/Date(1276766218682)\/","End":"\/Date(1276766339118)\/","Function":"BR-F","DisplaySpeaker":true,"LanguageOfText":"DE","Modified":"\/Date(1774877760709)\/","StartTimeWithTimezone":"\/Date(1276766218683+0120)\/","EndTimeWithTimezone":"\/Date(1276766339117+0120)\/","VoteBusinessNumber":null,"VoteBusinessShortNumber":null,"VoteBusinessTitle":null},{"__metadata":{"id":"https://ws.parlament.ch/OData.svc/Transcript(ID=109734L,Language='DE')","uri":"https://ws.parlament.ch/OData.svc/Transcript(ID=109734L,Language='DE')","type":"itsystems.Pd.DataServices.DataModel.Transcript"},"Subjects":{"__deferred":{"uri":"https://ws.parlament.ch/OData.svc/Transcript(ID=109734L,Language='DE')/Subjects"}},"MembersCouncil":{"__deferred":{"uri":"https://ws.parlament.ch/OData.svc/Transcript(ID=109734L,Language='DE')/MembersCouncil"}},"Businesses":{"__deferred":{"uri":"https://ws.parlament.ch/OData.svc/Transcript(ID=109734L,Language='DE')/Businesses"}},"ID":"109734","Language":"DE","IdSubject":"17772","VoteId":null,"PersonNumber":404,"Type":1,"Text":"<pd_text><p>Namens der SVP-Fraktion halte ich fest, dass es sich bei diesem Staatsvertrag um einen widerrechtlichen Vertrag handelt. Er widerspricht dem bestehenden Doppelbesteuerungsabkommen mit den USA und untergr\u00e4bt die Rechtssicherheit.</p>\n<p>Es ist der Bundesrat, der uns in diese missliche Situation hineinman\u00f6vriert hat. Er h\u00e4tte diesen Vertrag nie abschliessen d\u00fcrfen. Nachdem der Bundesrat unter dem Druck der Linken die Zustimmung zu diesem Vertrag zus\u00e4tzlich mit einem Planungsbeschluss erkaufen wollte, welcher unter dem falschen Titel \"Boni-Steuer\" diese uns\u00e4gliche neue Unternehmenssteuer enthielt, mussten wir auf Schadensbegrenzung machen, damit wir am Schluss nicht zwei Nachteile in Kauf nehmen m\u00fcssen, n\u00e4mlich einen schlechten Staatsvertrag und eine neue Unternehmenssteuer. Dies ist uns gelungen, indem der Planungsbeschluss mit dieser neuen Steuer von beiden Kammern des Parlamentes abgelehnt wurde. Zudem haben beide Kammern eine Motion angenommen, mit welcher verhindert werden soll, dass der Bundesrat in Zukunft ohne Parlament solche widerrechtlichen Vertr\u00e4ge abschliessen kann. Damit sind unsere beiden Bedingungen im Wesentlichen erf\u00fcllt. </p>\n<p>Das fakultative Referendum, f\u00fcr welches wir bis heute gek\u00e4mpft haben, ist im Antrag der Einigungskonferenz nicht mehr enthalten. Ich bedaure dies sehr. Das Referendum war aber f\u00fcr uns nie eine Bedingung. Daher wird die Mehrheit unserer Fraktion mit ihrer Enthaltung dem Staatsvertrag zum Durchbruch verhelfen. Eine Minderheit wird ihn ablehnen.</p>\n<p>Die SVP-Fraktion ist sich bewusst, dass mit der Annahme dieses Vertrages die Probleme so wenig gel\u00f6st sind wie bei einer Ablehnung. Wir bitten den Bundesrat eindringlich, sich \u00e4hnlichen Forderungen anderer Staaten, welche durch diesen Vertrag mit den USA auf den Geschmack kommen k\u00f6nnten, entschieden zu widersetzen.</p>\n</pd_text>","MeetingCouncilAbbreviation":"N","MeetingDate":"20100617","MeetingVerbalixOid":1943,"IdSession":"4814","SpeakerFirstName":"Caspar","SpeakerLastName":"Baader","SpeakerFullName":"Baader Caspar","SpeakerFunction":"Mit-M","CouncilId":1,"CouncilName":"Nationalrat","CantonId":13,"CantonName":"Basel-Landschaft","CantonAbbreviation":"BL","ParlGroupName":"Fraktion der Schweizerischen Volkspartei","ParlGroupAbbreviation":"V","SortOrder":5,"Start":"\/Date(1276766049559)\/","End":"\/Date(1276766218682)\/","Function":"Mit-M","DisplaySpeaker":true,"LanguageOfText":"DE","Modified":"\/Date(1774877760708)\/","StartTimeWithTimezone":"\/Date(1276766049560+0120)\/","EndTimeWithTimezone":"\/Date(1276766218683+0120)\/","VoteBusinessNumber":null,"VoteBusinessShortNumber":null,"VoteBusinessTitle":null},{"__metadata":{"id":"https://ws.parlament.ch/OData.svc/Transcript(ID=109735L,Language='DE')","uri":"https://ws.parlament.ch/OData.svc/Transcript(ID=109735L,Language='DE')","type":"itsystems.Pd.DataServices.DataModel.Transcript"},"Subjects":{"__deferred":{"uri":"https://ws.parlament.ch/OData.svc/Transcript(ID=109735L,Language='DE')/Subjects"}},"MembersCouncil":{"__deferred":{"uri":"https://ws.parlament.ch/OData.svc/Transcript(ID=109735L,Language='DE')/MembersCouncil"}},"Businesses":{"__deferred":{"uri":"https://ws.parlament.ch/OData.svc/Transcript(ID=109735L,Language='DE')/Businesses"}},"ID":"109735","Language":"DE","IdSubject":"17772","VoteId":null,"PersonNumber":823,"Type":1,"Text":"<pd_text><p>Die FDP-Liberale Fraktion, die CVP/EVP/glp-Fraktion und die BDP-Fraktion werden f\u00fcr den Antrag der Einigungskonferenz stimmen.</p>\n</pd_text>","MeetingCouncilAbbreviation":"N","MeetingDate":"20100617","MeetingVerbalixOid":1943,"IdSession":"4814","SpeakerFirstName":"Pascale","SpeakerLastName":"Bruderer Wyss","SpeakerFullName":"Bruderer Wyss Pascale","SpeakerFunction":"P-F","CouncilId":1,"CouncilName":"Nationalrat","CantonId":19,"CantonName":"Aargau","CantonAbbreviation":"AG","ParlGroupName":"Sozialdemokratische Fraktion","ParlGroupAbbreviation":"S","SortOrder":4,"Start":"\/Date(1276766036872)\/","End":"\/Date(1276766049559)\/","Function":"P-F","DisplaySpeaker":true,"LanguageOfText":"DE","Modified":"\/Date(1774877760707)\/","StartTimeWithTimezone":"\/Date(1276766036873+0120)\/","EndTimeWithTimezone":"\/Date(1276766049560+0120)\/","VoteBusinessNumber":null,"VoteBusinessShortNumber":null,"VoteBusinessTitle":null},{"__metadata":{"id":"https://ws.parlament.ch/OData.svc/Transcript(ID=109736L,Language='DE')","uri":"https://ws.parlament.ch/OData.svc/Transcript(ID=109736L,Language='DE')","type":"itsystems.Pd.DataServices.DataModel.Transcript"},"Subjects":{"__deferred":{"uri":"https://ws.parlament.ch/OData.svc/Transcript(ID=109736L,Language='DE')/Subjects"}},"MembersCouncil":{"__deferred":{"uri":"https://ws.parlament.ch/OData.svc/Transcript(ID=109736L,Language='DE')/MembersCouncil"}},"Businesses":{"__deferred":{"uri":"https://ws.parlament.ch/OData.svc/Transcript(ID=109736L,Language='DE')/Businesses"}},"ID":"109736","Language":"DE","IdSubject":"17772","VoteId":null,"PersonNumber":487,"Type":1,"Text":"<pd_text><p>Sie haben es geh\u00f6rt: Die Einigungskonferenz hat das fakultative Staatsvertragsreferendum abgelehnt. Folglich gibt es keine Schlussabstimmung zum Staatsvertrag, wenn dieses Resultat heute best\u00e4tigt wird. Damit ist jetzt auch der Moment gekommen, den ganzen Bundesbeschluss zum Staatsvertrag zu werten, und zwar nicht nur die Frage des Referendums.</p>\n<p>Im Namen der SP-Fraktion ersuche ich Sie, den Antrag der Einigungskonferenz abzulehnen.</p>\n<p>Machen wir einen Schritt zur\u00fcck, und schauen wir, was denn eigentlich die Aufgabe der Politik ist. Aufgabe der Politik ist es nicht, st\u00e4ndig im Nachhinein Schaden beheben und Tr\u00fcmmer aufr\u00e4umen zu m\u00fcssen, sondern Schaden zu verhindern. Die SP war trotzdem bereit, der UBS mit dem Staatsvertrag ein drittes Mal zu helfen und die Folgen ihres kriminellen Verhaltens in den USA zu beheben. Das aber nur unter zwei Bedingungen: Das Grossbankenrisiko f\u00fcr die Schweizer Volkswirtschaft muss jetzt und wirksam einged\u00e4mmt werden, und es braucht eine Boni-Steuer, um die Abzockerei sofort zu stoppen.</p>\n<p>Die Vorschl\u00e4ge der SP waren milde. CVP, FDP, SVP, BDP und die Gr\u00fcnliberalen haben diese Vorschl\u00e4ge abgelehnt; das, obwohl Sie alle wissen, dass die Grossbanken nichts, aber rein gar nichts gelernt haben. Die Parteien des b\u00fcrgerlichen Blocks haben sich damit zum verl\u00e4ngerten Arm des Paradeplatzes und der Economiesuisse degradiert. Sie haben sich einmal mehr als Abzocker-Schutztruppe entlarvt, und sie haben sich einmal mehr von der UBS zum Nulltarif erpressen lassen.</p>\n<p>Nicht erstaunen kann die Kehrtwende der SVP. Die alte UBS, die die kriminellen Taten in den USA zu verantworten hat, war eine SVP-Bank. Ich darf daran erinnern, dass Kollege Peter Spuhler im Verwaltungsrat sass, und Marcel Ospel ist eng mit dem SVP-Strategen in Herrliberg verbandelt.</p>\n<p>Dieser Staatsvertrag zum Nulltarif darf f\u00fcr die Grossbanken kein Freipass sein. Strikte Regulierungen gegen das Grossbankenrisiko und gegen die Abzockerei m\u00fcssen kommen, und das zum Schutz der Schweizer Volkswirtschaft und zum Schutz der Arbeitspl\u00e4tze, zum Schutz des Werkplatzes. Von alt Bundesrat Kaspar Villiger an der Spitze des Verwaltungsrates der UBS verlangen wir ganz klar, dass er die UBS-Riege, die f\u00fcr das Debakel verantwortlich ist, auch tats\u00e4chlich zur Verantwortung zieht, und das auch mit einer zivilrechtlichen Verantwortlichkeitsklage. Das ist wohl das Mindeste, was man von der UBS verlangen muss.</p>\n<p>Ich danke Ihnen, wenn Sie mit der SP-Fraktion die Verantwortung wahrnehmen und zu diesem Staatsvertrag Nein sagen.</p>\n</pd_text>","MeetingCouncilAbbreviation":"N","MeetingDate":"20100617","MeetingVerbalixOid":1943,"IdSession":"4814","SpeakerFirstName":"Susanne","SpeakerLastName":"Leutenegger Oberholzer","SpeakerFullName":"Leutenegger Oberholzer Susanne","SpeakerFunction":"Mit-F","CouncilId":1,"CouncilName":"Nationalrat","CantonId":13,"CantonName":"Basel-Landschaft","CantonAbbreviation":"BL","ParlGroupName":"Sozialdemokratische Fraktion","ParlGroupAbbreviation":"S","SortOrder":3,"Start":"\/Date(1276765797703)\/","End":"\/Date(1276766036872)\/","Function":"Mit-F","DisplaySpeaker":true,"LanguageOfText":"DE","Modified":"\/Date(1774877760705)\/","StartTimeWithTimezone":"\/Date(1276765797703+0120)\/","EndTimeWithTimezone":"\/Date(1276766036873+0120)\/","VoteBusinessNumber":null,"VoteBusinessShortNumber":null,"VoteBusinessTitle":null},{"__metadata":{"id":"https://ws.parlament.ch/OData.svc/Transcript(ID=109737L,Language='DE')","uri":"https://ws.parlament.ch/OData.svc/Transcript(ID=109737L,Language='DE')","type":"itsystems.Pd.DataServices.DataModel.Transcript"},"Subjects":{"__deferred":{"uri":"https://ws.parlament.ch/OData.svc/Transcript(ID=109737L,Language='DE')/Subjects"}},"MembersCouncil":{"__deferred":{"uri":"https://ws.parlament.ch/OData.svc/Transcript(ID=109737L,Language='DE')/MembersCouncil"}},"Businesses":{"__deferred":{"uri":"https://ws.parlament.ch/OData.svc/Transcript(ID=109737L,Language='DE')/Businesses"}},"ID":"109737","Language":"DE","IdSubject":"17772","VoteId":null,"PersonNumber":1141,"Type":1,"Text":"<pd_text><p>Ich gebe Ihnen hiermit das Ergebnis der Einigungskonferenz bekannt: Die Konferenz lehnt das fakultative Referendum ab. Sie k\u00f6nnen diesen Antrag nicht ver\u00e4ndern. Lehnen Sie das Ergebnis ab, ist das Gesch\u00e4ft erledigt. Der St\u00e4nderat hat heute Morgen bereits ohne Gegenstimme zugestimmt.</p>\n<p>Die Einigungskonferenz beantragt Ihnen mit 14 zu 11 Stimmen bei 1 Enthaltung, auf das fakultative Referendum zu verzichten. </p>\n<p>Le rapporteur de langue fran\u00e7aise \u00e9tant absent, je veux m'exprimer aussi en fran\u00e7ais. Je vous expose la d\u00e9cision prise par la Conf\u00e9rence de conciliation. Vous ne pouvez pas modifier sa proposition. Si vous d\u00e9cidez de la rejeter, le dossier est liquid\u00e9.</p>\n<p>Le Conseil des Etats a d\u00e9cid\u00e9 ce matin, sans opposition, d'adopter la proposition de la Conf\u00e9rence de conciliation. Celle-ci vous propose, par 14 voix contre 11 et 1 abstention, de ne pas soumettre l'accord au r\u00e9f\u00e9rendum.</p>\n<p>[PAGE 1067] </p>\n</pd_text>","MeetingCouncilAbbreviation":"N","MeetingDate":"20100617","MeetingVerbalixOid":1943,"IdSession":"4814","SpeakerFirstName":"Philipp","SpeakerLastName":"M\u00fcller","SpeakerFullName":"M\u00fcller Philipp","SpeakerFunction":"Mit-M","CouncilId":1,"CouncilName":"Nationalrat","CantonId":19,"CantonName":"Aargau","CantonAbbreviation":"AG","ParlGroupName":"Freisinnig-demokratische Fraktion","ParlGroupAbbreviation":"RL","SortOrder":2,"Start":"\/Date(1276765701923)\/","End":"\/Date(1276765797703)\/","Function":"*","DisplaySpeaker":true,"LanguageOfText":"DE","Modified":"\/Date(1774877760702)\/","StartTimeWithTimezone":"\/Date(1276765701923+0120)\/","EndTimeWithTimezone":"\/Date(1276765797703+0120)\/","VoteBusinessNumber":null,"VoteBusinessShortNumber":null,"VoteBusinessTitle":null},{"__metadata":{"id":"https://ws.parlament.ch/OData.svc/Transcript(ID=109738L,Language='DE')","uri":"https://ws.parlament.ch/OData.svc/Transcript(ID=109738L,Language='DE')","type":"itsystems.Pd.DataServices.DataModel.Transcript"},"Subjects":{"__deferred":{"uri":"https://ws.parlament.ch/OData.svc/Transcript(ID=109738L,Language='DE')/Subjects"}},"MembersCouncil":{"__deferred":{"uri":"https://ws.parlament.ch/OData.svc/Transcript(ID=109738L,Language='DE')/MembersCouncil"}},"Businesses":{"__deferred":{"uri":"https://ws.parlament.ch/OData.svc/Transcript(ID=109738L,Language='DE')/Businesses"}},"ID":"109738","Language":"DE","IdSubject":"17772","VoteId":null,"PersonNumber":823,"Type":1,"Text":"<pd_text><p><b>Bundesbeschluss \u00fcber die Genehmigung des Abkommens zwischen der Schweiz und den Vereinigten Staaten von Amerika \u00fcber ein Amtshilfegesuch betreffend UBS AG sowie des \u00c4nderungsprotokolls </b></p>\n<p><b>Arr\u00eat\u00e9 f\u00e9d\u00e9ral portant approbation de l'accord entre la Suisse et les Etats-Unis d'Am\u00e9rique concernant la demande de renseignements relative \u00e0 UBS SA, et du protocole modifiant cet accord </b></p>\n<p>[VS]</p>\n<p><b>Art. 2</b></p>\n<p><i>Antrag der Einigungskonferenz</i></p>\n<p>Dieser Beschluss untersteht nicht dem Staatsvertragsreferendum.</p>\n<p>[VS]</p>\n<p><i>Antrag Leutenegger Oberholzer</i></p>\n<p>Ablehnung des Antrages der Einigungskonferenz</p>\n<p>[VS]</p>\n<p><b>Art. 2</b></p>\n<p><i>Proposition de la Conf\u00e9rence de conciliation</i></p>\n<p>Le pr\u00e9sent arr\u00eat\u00e9 n'est pas sujet au r\u00e9f\u00e9rendum en mati\u00e8re de trait\u00e9s internationaux.</p>\n<p>[VS]</p>\n<p><i>Proposition Leutenegger Oberholzer</i></p>\n<p>Rejeter la proposition de la Conf\u00e9rence de conciliation</p>\n</pd_text>","MeetingCouncilAbbreviation":"N","MeetingDate":"20100617","MeetingVerbalixOid":1943,"IdSession":"4814","SpeakerFirstName":"Pascale","SpeakerLastName":"Bruderer Wyss","SpeakerFullName":"Bruderer Wyss Pascale","SpeakerFunction":"P-F","CouncilId":1,"CouncilName":"Nationalrat","CantonId":19,"CantonName":"Aargau","CantonAbbreviation":"AG","ParlGroupName":"Sozialdemokratische Fraktion","ParlGroupAbbreviation":"S","SortOrder":1,"Start":"\/Date(1276765648002)\/","End":"\/Date(1276765701923)\/","Function":"P-F","DisplaySpeaker":false,"LanguageOfText":null,"Modified":"\/Date(1774877760699)\/","StartTimeWithTimezone":"\/Date(1276765648003+0120)\/","EndTimeWithTimezone":"\/Date(1276765701923+0120)\/","VoteBusinessNumber":null,"VoteBusinessShortNumber":null,"VoteBusinessTitle":null}]},"ID":"17772","Language":"DE","IdMeeting":"1228","VerbalixOid":331266,"SortOrder":4,"Modified":"\/Date(1774877760698)\/"}}