{"d":{"__metadata":{"id":"https://ws.parlament.ch/OData.svc/Subject(ID=18048L,Language='DE')","uri":"https://ws.parlament.ch/OData.svc/Subject(ID=18048L,Language='DE')","type":"itsystems.Pd.DataServices.DataModel.Subject"},"Meetings":{"__metadata":{"id":"https://ws.parlament.ch/OData.svc/Meeting(ID=1250L,Language='DE')","uri":"https://ws.parlament.ch/OData.svc/Meeting(ID=1250L,Language='DE')","type":"itsystems.Pd.DataServices.DataModel.Meeting"},"Sessions":{"__deferred":{"uri":"https://ws.parlament.ch/OData.svc/Meeting(ID=1250L,Language='DE')/Sessions"}},"Subjects":{"__deferred":{"uri":"https://ws.parlament.ch/OData.svc/Meeting(ID=1250L,Language='DE')/Subjects"}},"ID":"1250","Language":"DE","MeetingNumber":16,"IdSession":4814,"SessionNumber":14,"SessionName":"Sommersession 2010","Council":2,"CouncilName":"St\u00e4nderat","CouncilAbbreviation":"SR","Date":"\/Date(1276819200000)\/","Begin":"0820","Modified":"\/Date(1447070158590)\/","LegislativePeriodNumber":48,"PublicationStatus":"final","MeetingOrderText":"Sechzehnte Sitzung","SortOrder":16,"Location":"S"},"SubjectsBusiness":{"results":[{"__metadata":{"id":"https://ws.parlament.ch/OData.svc/SubjectBusiness(BusinessNumber=20080034,IdSubject=18048L,Language='DE')","uri":"https://ws.parlament.ch/OData.svc/SubjectBusiness(BusinessNumber=20080034,IdSubject=18048L,Language='DE')","type":"itsystems.Pd.DataServices.DataModel.SubjectBusiness"},"Subjects":{"__deferred":{"uri":"https://ws.parlament.ch/OData.svc/SubjectBusiness(BusinessNumber=20080034,IdSubject=18048L,Language='DE')/Subjects"}},"Businesses":{"__deferred":{"uri":"https://ws.parlament.ch/OData.svc/SubjectBusiness(BusinessNumber=20080034,IdSubject=18048L,Language='DE')/Businesses"}},"IdSubject":"18048","BusinessNumber":20080034,"Language":"DE","BusinessShortNumber":"08.034","Title":"Internationaler Strafgerichtshof. Umsetzung des R\u00f6mer Statuts","SortOrder":1,"PublishedNotes":"Schlussabstimmung - Vote final\n","Modified":"\/Date(1447069361326)\/","TitleDE":"Internationaler Strafgerichtshof.\nUmsetzung des R\u00f6mer Statuts","TitleFR":"Cour p\u00e9nale internationale.\nMise en oeuvre du Statut de Rome","TitleIT":null}]},"Transcripts":{"results":[{"__metadata":{"id":"https://ws.parlament.ch/OData.svc/Transcript(ID=111409L,Language='DE')","uri":"https://ws.parlament.ch/OData.svc/Transcript(ID=111409L,Language='DE')","type":"itsystems.Pd.DataServices.DataModel.Transcript"},"Subjects":{"__deferred":{"uri":"https://ws.parlament.ch/OData.svc/Transcript(ID=111409L,Language='DE')/Subjects"}},"MembersCouncil":{"__deferred":{"uri":"https://ws.parlament.ch/OData.svc/Transcript(ID=111409L,Language='DE')/MembersCouncil"}},"Businesses":{"__deferred":{"uri":"https://ws.parlament.ch/OData.svc/Transcript(ID=111409L,Language='DE')/Businesses"}},"ID":"111409","Language":"DE","IdSubject":"18048","VoteId":null,"PersonNumber":370,"Type":1,"Text":"<pd_text><p><i>Abstimmung - Vote</i></p>\n<p>F\u00fcr Annahme des Entwurfes ... 42 Stimmen</p>\n<p>(Einstimmigkeit)</p>\n<p>(0 Enthaltungen)</p>\n<p>[PAGE 746] </p>\n</pd_text>","MeetingCouncilAbbreviation":"S","MeetingDate":"20100618","MeetingVerbalixOid":1961,"IdSession":"4814","SpeakerFirstName":"Erika","SpeakerLastName":"Forster-Vannini","SpeakerFullName":"Forster-Vannini Erika","SpeakerFunction":"P-F","CouncilId":2,"CouncilName":"St\u00e4nderat","CantonId":17,"CantonName":"St. Gallen","CantonAbbreviation":"SG","ParlGroupName":"Freisinnig-demokratische Fraktion","ParlGroupAbbreviation":"RL","SortOrder":3,"Start":"\/Date(1276849510807)\/","End":"\/Date(1276849511980)\/","Function":"P-F","DisplaySpeaker":false,"LanguageOfText":null,"Modified":"\/Date(1510850025367)\/","StartTimeWithTimezone":"\/Date(1276849510807+0120)\/","EndTimeWithTimezone":"\/Date(1276849511980+0120)\/","VoteBusinessNumber":null,"VoteBusinessShortNumber":null,"VoteBusinessTitle":null},{"__metadata":{"id":"https://ws.parlament.ch/OData.svc/Transcript(ID=111410L,Language='DE')","uri":"https://ws.parlament.ch/OData.svc/Transcript(ID=111410L,Language='DE')","type":"itsystems.Pd.DataServices.DataModel.Transcript"},"Subjects":{"__deferred":{"uri":"https://ws.parlament.ch/OData.svc/Transcript(ID=111410L,Language='DE')/Subjects"}},"MembersCouncil":{"__deferred":{"uri":"https://ws.parlament.ch/OData.svc/Transcript(ID=111410L,Language='DE')/MembersCouncil"}},"Businesses":{"__deferred":{"uri":"https://ws.parlament.ch/OData.svc/Transcript(ID=111410L,Language='DE')/Businesses"}},"ID":"111410","Language":"DE","IdSubject":"18048","VoteId":null,"PersonNumber":1161,"Type":1,"Text":"<pd_text><p>J'ai la d\u00e9claration suivante \u00e0 vous faire au nom de la Commission de r\u00e9daction.</p>\n<p>La loi f\u00e9d\u00e9rale portant modification de lois f\u00e9d\u00e9rales en vue de la mise en oeuvre du Statut de Rome de la Cour p\u00e9nale internationale entrera en vigueur au plus t\u00f4t le 1er janvier 2011. Cette entr\u00e9e en vigueur rend inutile la modification de plusieurs lois contenues dans le projet et qui figurent donc dans les d\u00e9pliants. En revanche, le Code de proc\u00e9dure p\u00e9nale doit \u00eatre adapt\u00e9.</p>\n<p>Les modifications suivantes ont donc d\u00fb \u00eatre int\u00e9gr\u00e9es au projet:</p>\n<p>1. Au chiffre I chiffre 3, l'article 23 alin\u00e9a 1 lettre g du Code de proc\u00e9dure p\u00e9nale doit \u00eatre adapt\u00e9 en lieu et place de la loi f\u00e9d\u00e9rale sur la proc\u00e9dure p\u00e9nale.</p>\n<p>2. Au chiffre I chiffre 5, la modification de la loi f\u00e9d\u00e9rale sur la surveillance de la correspondance par poste et t\u00e9l\u00e9communication n'est plus n\u00e9cessaire; c'est en effet une question qui est r\u00e9gl\u00e9e \u00e0 l'article 269 du Code de proc\u00e9dure p\u00e9nale et \u00e0 l'article 70 alin\u00e9a 2 de la proc\u00e9dure p\u00e9nale militaire.</p>\n<p>3. Au chiffre I chiffre 6, la modification de la loi sur l'investigation secr\u00e8te n'est plus n\u00e9cessaire; elle est abrog\u00e9e par le Code de proc\u00e9dure p\u00e9nale et cette question est r\u00e9gl\u00e9e aux articles 70 et 73a de la proc\u00e9dure p\u00e9nale militaire.</p>\n</pd_text>","MeetingCouncilAbbreviation":"S","MeetingDate":"20100618","MeetingVerbalixOid":1961,"IdSession":"4814","SpeakerFirstName":"Alain","SpeakerLastName":"Berset","SpeakerFullName":"Berset Alain","SpeakerFunction":"Mit-M","CouncilId":2,"CouncilName":"St\u00e4nderat","CantonId":10,"CantonName":"Freiburg","CantonAbbreviation":"FR","ParlGroupName":"Sozialdemokratische Fraktion","ParlGroupAbbreviation":"S","SortOrder":2,"Start":"\/Date(1276849505840)\/","End":"\/Date(1276849511980)\/","Function":"*","DisplaySpeaker":true,"LanguageOfText":"FR","Modified":"\/Date(1510850025350)\/","StartTimeWithTimezone":"\/Date(1276849505840+0120)\/","EndTimeWithTimezone":"\/Date(1276849511980+0120)\/","VoteBusinessNumber":null,"VoteBusinessShortNumber":null,"VoteBusinessTitle":null},{"__metadata":{"id":"https://ws.parlament.ch/OData.svc/Transcript(ID=111411L,Language='DE')","uri":"https://ws.parlament.ch/OData.svc/Transcript(ID=111411L,Language='DE')","type":"itsystems.Pd.DataServices.DataModel.Transcript"},"Subjects":{"__deferred":{"uri":"https://ws.parlament.ch/OData.svc/Transcript(ID=111411L,Language='DE')/Subjects"}},"MembersCouncil":{"__deferred":{"uri":"https://ws.parlament.ch/OData.svc/Transcript(ID=111411L,Language='DE')/MembersCouncil"}},"Businesses":{"__deferred":{"uri":"https://ws.parlament.ch/OData.svc/Transcript(ID=111411L,Language='DE')/Businesses"}},"ID":"111411","Language":"DE","IdSubject":"18048","VoteId":null,"PersonNumber":370,"Type":1,"Text":"<pd_text><p><b>Bundesgesetz \u00fcber die \u00c4nderung von Bundesgesetzen zur Umsetzung des R\u00f6mer Statuts des Internationalen Strafgerichtshofs </b></p>\n<p><b>Loi f\u00e9d\u00e9rale portant modification de lois f\u00e9d\u00e9rales en vue de la mise en oeuvre du Statut de Rome de la Cour p\u00e9nale internationale </b></p>\n</pd_text>","MeetingCouncilAbbreviation":"S","MeetingDate":"20100618","MeetingVerbalixOid":1961,"IdSession":"4814","SpeakerFirstName":"Erika","SpeakerLastName":"Forster-Vannini","SpeakerFullName":"Forster-Vannini Erika","SpeakerFunction":"P-F","CouncilId":2,"CouncilName":"St\u00e4nderat","CantonId":17,"CantonName":"St. Gallen","CantonAbbreviation":"SG","ParlGroupName":"Freisinnig-demokratische Fraktion","ParlGroupAbbreviation":"RL","SortOrder":1,"Start":"\/Date(1276849478997)\/","End":"\/Date(1276849511980)\/","Function":"P-F","DisplaySpeaker":false,"LanguageOfText":null,"Modified":"\/Date(1510850025350)\/","StartTimeWithTimezone":"\/Date(1276849478997+0120)\/","EndTimeWithTimezone":"\/Date(1276849511980+0120)\/","VoteBusinessNumber":null,"VoteBusinessShortNumber":null,"VoteBusinessTitle":null}]},"ID":"18048","Language":"DE","IdMeeting":"1250","VerbalixOid":331873,"SortOrder":2,"Modified":"\/Date(1510850025350)\/"}}