{"d":{"__metadata":{"id":"https://ws.parlament.ch/OData.svc/Subject(ID=18434L,Language='DE')","uri":"https://ws.parlament.ch/OData.svc/Subject(ID=18434L,Language='DE')","type":"itsystems.Pd.DataServices.DataModel.Subject"},"Meetings":{"__metadata":{"id":"https://ws.parlament.ch/OData.svc/Meeting(ID=1274L,Language='DE')","uri":"https://ws.parlament.ch/OData.svc/Meeting(ID=1274L,Language='DE')","type":"itsystems.Pd.DataServices.DataModel.Meeting"},"Sessions":{"__deferred":{"uri":"https://ws.parlament.ch/OData.svc/Meeting(ID=1274L,Language='DE')/Sessions"}},"Subjects":{"__deferred":{"uri":"https://ws.parlament.ch/OData.svc/Meeting(ID=1274L,Language='DE')/Subjects"}},"ID":"1274","Language":"DE","MeetingNumber":7,"IdSession":4816,"SessionNumber":16,"SessionName":"Wintersession 2010","Council":1,"CouncilName":"Nationalrat","CouncilAbbreviation":"NR","Date":"\/Date(1291766400000)\/","Begin":"0915","Modified":"\/Date(1447070169130)\/","LegislativePeriodNumber":48,"PublicationStatus":"final","MeetingOrderText":"Siebte Sitzung","SortOrder":7,"Location":"N"},"SubjectsBusiness":{"results":[{"__metadata":{"id":"https://ws.parlament.ch/OData.svc/SubjectBusiness(BusinessNumber=20080011,IdSubject=18434L,Language='DE')","uri":"https://ws.parlament.ch/OData.svc/SubjectBusiness(BusinessNumber=20080011,IdSubject=18434L,Language='DE')","type":"itsystems.Pd.DataServices.DataModel.SubjectBusiness"},"Subjects":{"__deferred":{"uri":"https://ws.parlament.ch/OData.svc/SubjectBusiness(BusinessNumber=20080011,IdSubject=18434L,Language='DE')/Subjects"}},"Businesses":{"__deferred":{"uri":"https://ws.parlament.ch/OData.svc/SubjectBusiness(BusinessNumber=20080011,IdSubject=18434L,Language='DE')/Businesses"}},"IdSubject":"18434","BusinessNumber":20080011,"Language":"DE","BusinessShortNumber":"08.011","Title":"OR. Aktien- und Rechnungslegungsrecht","SortOrder":1,"PublishedNotes":"Fortsetzung - Suite\n","Modified":"\/Date(1447069360743)\/","TitleDE":"OR. Aktien- und\nRechnungslegungsrecht","TitleFR":"CO. Droit de la soci\u00e9t\u00e9 anonyme\net droit comptable","TitleIT":null}]},"Transcripts":{"results":[{"__metadata":{"id":"https://ws.parlament.ch/OData.svc/Transcript(ID=114090L,Language='DE')","uri":"https://ws.parlament.ch/OData.svc/Transcript(ID=114090L,Language='DE')","type":"itsystems.Pd.DataServices.DataModel.Transcript"},"Subjects":{"__deferred":{"uri":"https://ws.parlament.ch/OData.svc/Transcript(ID=114090L,Language='DE')/Subjects"}},"MembersCouncil":{"__deferred":{"uri":"https://ws.parlament.ch/OData.svc/Transcript(ID=114090L,Language='DE')/MembersCouncil"}},"Businesses":{"__deferred":{"uri":"https://ws.parlament.ch/OData.svc/Transcript(ID=114090L,Language='DE')/Businesses"}},"ID":"114090","Language":"DE","IdSubject":"18434","VoteId":"4821","PersonNumber":null,"Type":2,"Text":"<pd_text><p><i>Gesamtabstimmung - Vote sur l'ensemble</i></p>\n<p>[NAM]</p>\n<p>F\u00fcr Annahme des Entwurfes ... 111 Stimmen</p>\n<p>Dagegen ... 34 Stimmen</p>\n</pd_text>","MeetingCouncilAbbreviation":"N","MeetingDate":"20101208","MeetingVerbalixOid":1999,"IdSession":"4816","SpeakerFirstName":null,"SpeakerLastName":null,"SpeakerFullName":"","SpeakerFunction":null,"CouncilId":null,"CouncilName":null,"CantonId":null,"CantonName":null,"CantonAbbreviation":null,"ParlGroupName":null,"ParlGroupAbbreviation":null,"SortOrder":101,"Start":"\/Date(1291810758895)\/","End":"\/Date(1291810758895)\/","Function":null,"DisplaySpeaker":null,"LanguageOfText":"DE","Modified":"\/Date(1774877725993)\/","StartTimeWithTimezone":"\/Date(1291810758897+0060)\/","EndTimeWithTimezone":"\/Date(1291810758897+0060)\/","VoteBusinessNumber":20080011,"VoteBusinessShortNumber":"08.011","VoteBusinessTitle":"OR. Aktien- und\nRechnungslegungsrecht"},{"__metadata":{"id":"https://ws.parlament.ch/OData.svc/Transcript(ID=114091L,Language='DE')","uri":"https://ws.parlament.ch/OData.svc/Transcript(ID=114091L,Language='DE')","type":"itsystems.Pd.DataServices.DataModel.Transcript"},"Subjects":{"__deferred":{"uri":"https://ws.parlament.ch/OData.svc/Transcript(ID=114091L,Language='DE')/Subjects"}},"MembersCouncil":{"__deferred":{"uri":"https://ws.parlament.ch/OData.svc/Transcript(ID=114091L,Language='DE')/MembersCouncil"}},"Businesses":{"__deferred":{"uri":"https://ws.parlament.ch/OData.svc/Transcript(ID=114091L,Language='DE')/Businesses"}},"ID":"114091","Language":"DE","IdSubject":"18434","VoteId":null,"PersonNumber":1117,"Type":1,"Text":"<pd_text><p><b>Ziff. 5</b></p>\n<p><i>Antrag der Kommission</i></p>\n<p><i>Vierter Abschnitt Titel</i></p>\n<p>Rechnungslegung</p>\n<p><i>Art. 6</i></p>\n<p>Zustimmung zum Beschluss des St\u00e4nderates</p>\n<p><i>Art. 6a Titel</i></p>\n<p>Ver\u00f6ffentlichung</p>\n<p><i>Art. 6a Abs. 1</i></p>\n<p>Der Gesch\u00e4ftsbericht ist der \u00d6ffentlichkeit zug\u00e4nglich zu machen.</p>\n<p><i>Art. 6a Abs. 2</i></p>\n<p>Zwischenabschl\u00fcsse sind der \u00d6ffentlichkeit zug\u00e4nglich zu machen, wenn die Ausf\u00fchrungsbestimmungen zu diesem Gesetz dies vorsehen.</p>\n<p><i>Art. 6a Abs. 3</i></p>\n<p>Zustimmung zum Beschluss des St\u00e4nderates</p>\n<p><i>Art. 6b Titel</i></p>\n<p>Ausf\u00fchrungsbestimmungen</p>\n<p><i>Art. 6b Abs. 1</i></p>\n<p>Der Bundesrat erl\u00e4sst Ausf\u00fchrungsbestimmungen \u00fcber die Form, den Inhalt und die Ver\u00f6ffentlichung von Gesch\u00e4ftsberichten und Zwischenabschl\u00fcssen.</p>\n<p><i>Art. 6b Abs. 2</i></p>\n<p>Er kann von den Bestimmungen des Obligationenrechtes \u00fcber die Buchf\u00fchrung und Rechnungslegung abweichen, wenn die Besonderheiten des Bankgesch\u00e4fts oder der Schutz der Gl\u00e4ubiger dies rechtfertigen und die wirtschaftliche Lage gleichwertig dargestellt wird.</p>\n<p><i>Art. 6b Abs. 3</i></p>\n<p>Er kann die Bankenkommission erm\u00e4chtigen, in Belangen von beschr\u00e4nkter Tragweite, namentlich in vorwiegend technischen Angelegenheiten, Ausf\u00fchrungsbestimmungen zu erlassen.</p>\n<p><i>Art. 6b Abs. 4</i></p>\n<p>Die Bankenkommission kann unter den Voraussetzungen von Absatz 2 die Anwendung der vom Bundesrat anerkannten Standards zur Rechnungslegung im Bereich der Banken einschr\u00e4nken.</p>\n<p>[VS]</p>\n<p><b>Ch. 5</b></p>\n<p><i>Proposition de la commission</i></p>\n<p><i>Chapitre IV titre</i></p>\n<p>Etablissement et pr\u00e9sentation des comptes</p>\n<p><i>Art. 6</i></p>\n<p>Adh\u00e9rer \u00e0 la d\u00e9cision du Conseil des Etats</p>\n<p><i>Art. 6a titre</i></p>\n<p>Publicit\u00e9</p>\n<p><i>Art. 6a al. 1</i></p>\n<p>Le rapport de gestion est accessible au public.</p>\n<p><i>Art. 6a al. 2</i></p>\n<p>Les comptes interm\u00e9diaires sont accessibles au public dans la mesure o\u00f9 les dispositions d'ex\u00e9cution de la pr\u00e9sente loi le pr\u00e9voient.</p>\n<p><i>Art. 6a al. 3</i></p>\n<p>Adh\u00e9rer \u00e0 la d\u00e9cision du Conseil des Etats</p>\n<p><i>Art. 6b titre</i></p>\n<p>Dispositions d'ex\u00e9cution</p>\n<p><i>Art. 6b al. 1</i></p>\n<p>Le Conseil f\u00e9d\u00e9ral \u00e9dicte des dispositions d'ex\u00e9cution concernant la forme, le contenu et la publicit\u00e9 des rapports de gestion et des comptes interm\u00e9diaires.</p>\n<p><i>Art. 6b al. 2</i></p>\n<p>Il peut d\u00e9roger aux dispositions du Code des obligations si les particularit\u00e9s de l'activit\u00e9 bancaire ou la protection des cr\u00e9anciers le justifient et si la situation \u00e9conomique est pr\u00e9sent\u00e9e d'une mani\u00e8re \u00e9quivalente.</p>\n<p><i>Art. 6b al. 3</i></p>\n<p>Il peut autoriser la Commission f\u00e9d\u00e9rale des banques \u00e0 \u00e9dicter des dispositions d'ex\u00e9cution dans les domaines de port\u00e9e restreinte, notamment dans les domaines techniques.</p>\n<p><i>Art. 6b al. 4</i></p>\n<p>Dans les conditions vis\u00e9es \u00e0 l'alin\u00e9a 2, la Commission f\u00e9d\u00e9rale des banques peut limiter l'utilisation, dans le secteur bancaire, des normes comptables reconnues par le Conseil f\u00e9d\u00e9ral.</p>\n<p>[VS]</p>\n<p><i>Angenommen - Adopt\u00e9</i></p>\n<p>[VS]</p>\n<p><b>Ziff. 5a</b></p>\n<p><i>Antrag der Kommission</i></p>\n<p><i>Titel</i></p>\n<p>5a. B\u00f6rsengesetz vom 24. M\u00e4rz 1995</p>\n<p><i>Art. 16 Abs. 1</i></p>\n<p>Die Bestimmungen des Bankengesetzes vom 8. November 1934 \u00fcber die Rechnungslegung f\u00fcr Banken gelten sinngem\u00e4ss auch f\u00fcr Effektenh\u00e4ndler.</p>\n<p><i>Art. 16 Abs. 2</i></p>\n<p>Der Bundesrat kann von den Bestimmungen nach Absatz 1 abweichen, wenn die Besonderheiten des Effektenhandelsgesch\u00e4fts dies rechtfertigen.</p>\n<p>[VS]</p>\n<p><b>Ch. 5a</b></p>\n<p><i>Proposition de la commission</i></p>\n<p><i>Titre</i></p>\n<p>5a. Loi du 24 mars 1995 sur les bourses</p>\n<p><i>Art. 16 al. 1</i></p>\n<p>Les dispositions de la loi du 8 novembre 1934 sur les banques relatives \u00e0 l'\u00e9tablissement et \u00e0 la pr\u00e9sentation des comptes des banques s'appliquent par analogie au n\u00e9gociant.</p>\n<p><i>Art. 16 al. 2</i></p>\n<p>Le Conseil f\u00e9d\u00e9ral peut d\u00e9roger aux dispositions pr\u00e9vues \u00e0 l'alin\u00e9a 1 si les particularit\u00e9s du commerce des valeurs mobili\u00e8res le justifient.</p>\n<p>[VS]</p>\n<p><i>Angenommen - Adopt\u00e9</i></p>\n<p>[VS] [PAGE 1924] </p>\n<p><b>Ziff. 6</b></p>\n<p><i>Antrag der Kommission</i></p>\n<p><i>Art. 25 Abs. 1</i></p>\n<p>Zustimmung zum Beschluss des St\u00e4nderates</p>\n<p><i>Art. 26 Titel</i></p>\n<p>Zustimmung zum Beschluss des St\u00e4nderates</p>\n<p>(die \u00c4nderung betrifft nur den franz\u00f6sischen Text)</p>\n<p><i>Art. 26 Abs. 1</i></p>\n<p>Versicherungsunternehmen haben die gesetzliche Gewinnreserve nach Massgabe ihres Gesch\u00e4ftsplanes zu bilden. Die Aufsichtsbeh\u00f6rde regelt die H\u00f6he der Mindestzuweisung.</p>\n<p><i>Art. 26 Abs. 3</i></p>\n<p>Zustimmung zum Beschluss des St\u00e4nderates</p>\n<p><i>Art. 26 Abs. 4</i></p>\n<p>Er kann die Aufsichtsbeh\u00f6rde erm\u00e4chtigen, in Belangen von beschr\u00e4nkter Tragweite, namentlich in vorwiegend technischen Angelegenheiten, Ausf\u00fchrungsbestimmungen zu erlassen.</p>\n<p><i>Art. 26 Abs. 5</i></p>\n<p>Zustimmung zum Beschluss des St\u00e4nderates</p>\n<p><i>Art. 28 Abs. 1</i></p>\n<p>Das Versicherungsunternehmen hat eine externe Revisionsstelle mit einer ordentlichen Revision nach dem Obligationenrecht zu beauftragen.</p>\n<p>[VS]</p>\n<p><b>Ch. 6</b></p>\n<p><i>Proposition de la commission</i></p>\n<p><i>Art. 25 al. 1</i></p>\n<p>Adh\u00e9rer \u00e0 la d\u00e9cision du Conseil des Etats</p>\n<p><i>Art. 26 titre</i></p>\n<p>Dispositions sp\u00e9ciales concernant la pr\u00e9sentation des comptes</p>\n<p><i>Art. 26 al. 1</i></p>\n<p>Les entreprises d'assurance constituent la r\u00e9serve l\u00e9gale issue du b\u00e9n\u00e9fice conform\u00e9ment \u00e0 leur plan d'exploitation. L'autorit\u00e9 de surveillance d\u00e9finit le montant minimal qui doit y \u00eatre affect\u00e9.</p>\n<p><i>Art. 26 al. 3</i></p>\n<p>Adh\u00e9rer \u00e0 la d\u00e9cision du Conseil des Etats</p>\n<p><i>Art. 26 al. 4</i></p>\n<p>Il peut autoriser l'autorit\u00e9 de surveillance \u00e0 \u00e9dicter des dispositions d'ex\u00e9cution dans les domaines de port\u00e9e restreinte, notamment les domaines techniques.</p>\n<p><i>Art. 26 al. 5</i></p>\n<p>Adh\u00e9rer \u00e0 la d\u00e9cision du Conseil des Etats</p>\n<p><i>Art. 28 al. 1</i></p>\n<p>L'entreprise d'assurance doit charger un organe externe de r\u00e9vision de proc\u00e9der \u00e0 un contr\u00f4le ordinaire selon les dispositions du Code des obligations.</p>\n<p>[VS]</p>\n<p><i>Angenommen - Adopt\u00e9</i></p>\n<p>[VS]</p>\n</pd_text>","MeetingCouncilAbbreviation":"N","MeetingDate":"20101208","MeetingVerbalixOid":1999,"IdSession":"4816","SpeakerFirstName":"Jean-Ren\u00e9","SpeakerLastName":"Germanier","SpeakerFullName":"Germanier Jean-Ren\u00e9","SpeakerFunction":"P-M","CouncilId":1,"CouncilName":"Nationalrat","CantonId":23,"CantonName":"Wallis","CantonAbbreviation":"VS","ParlGroupName":"Freisinnig-demokratische Fraktion","ParlGroupAbbreviation":"RL","SortOrder":100,"Start":"\/Date(1291810530945)\/","End":"\/Date(1291810758895)\/","Function":"P-M","DisplaySpeaker":false,"LanguageOfText":null,"Modified":"\/Date(1774877725990)\/","StartTimeWithTimezone":"\/Date(1291810530947+0060)\/","EndTimeWithTimezone":"\/Date(1291810758897+0060)\/","VoteBusinessNumber":null,"VoteBusinessShortNumber":null,"VoteBusinessTitle":null},{"__metadata":{"id":"https://ws.parlament.ch/OData.svc/Transcript(ID=114092L,Language='DE')","uri":"https://ws.parlament.ch/OData.svc/Transcript(ID=114092L,Language='DE')","type":"itsystems.Pd.DataServices.DataModel.Transcript"},"Subjects":{"__deferred":{"uri":"https://ws.parlament.ch/OData.svc/Transcript(ID=114092L,Language='DE')/Subjects"}},"MembersCouncil":{"__deferred":{"uri":"https://ws.parlament.ch/OData.svc/Transcript(ID=114092L,Language='DE')/MembersCouncil"}},"Businesses":{"__deferred":{"uri":"https://ws.parlament.ch/OData.svc/Transcript(ID=114092L,Language='DE')/Businesses"}},"ID":"114092","Language":"DE","IdSubject":"18434","VoteId":"4814","PersonNumber":null,"Type":2,"Text":"<pd_text><p><i>Abstimmung - Vote</i></p>\n<p>[NAM]</p>\n<p>F\u00fcr den Antrag der Kommission ... 85 Stimmen</p>\n<p>F\u00fcr den Antrag Noser ... 72 Stimmen</p>\n</pd_text>","MeetingCouncilAbbreviation":"N","MeetingDate":"20101208","MeetingVerbalixOid":1999,"IdSession":"4816","SpeakerFirstName":null,"SpeakerLastName":null,"SpeakerFullName":"","SpeakerFunction":null,"CouncilId":null,"CouncilName":null,"CantonId":null,"CantonName":null,"CantonAbbreviation":null,"ParlGroupName":null,"ParlGroupAbbreviation":null,"SortOrder":99,"Start":"\/Date(1291810530945)\/","End":"\/Date(1291810530945)\/","Function":null,"DisplaySpeaker":null,"LanguageOfText":"DE","Modified":"\/Date(1774877725989)\/","StartTimeWithTimezone":"\/Date(1291810530947+0060)\/","EndTimeWithTimezone":"\/Date(1291810530947+0060)\/","VoteBusinessNumber":20080011,"VoteBusinessShortNumber":"08.011","VoteBusinessTitle":"OR. Aktien- und\nRechnungslegungsrecht"},{"__metadata":{"id":"https://ws.parlament.ch/OData.svc/Transcript(ID=114093L,Language='DE')","uri":"https://ws.parlament.ch/OData.svc/Transcript(ID=114093L,Language='DE')","type":"itsystems.Pd.DataServices.DataModel.Transcript"},"Subjects":{"__deferred":{"uri":"https://ws.parlament.ch/OData.svc/Transcript(ID=114093L,Language='DE')/Subjects"}},"MembersCouncil":{"__deferred":{"uri":"https://ws.parlament.ch/OData.svc/Transcript(ID=114093L,Language='DE')/MembersCouncil"}},"Businesses":{"__deferred":{"uri":"https://ws.parlament.ch/OData.svc/Transcript(ID=114093L,Language='DE')/Businesses"}},"ID":"114093","Language":"DE","IdSubject":"18434","VoteId":null,"PersonNumber":512,"Type":1,"Text":"<pd_text><p>Der Einzelantrag Noser bezieht sich noch auf das alte Mehrwertsteuergesetz. Neu ist die Aufbewahrungsdauer f\u00fcr Unterlagen in Artikel 70 des Mehrwertsteuergesetzes geregelt - einfach damit das hier korrekt festgehalten ist. Im Anwendungsbereich von Artikel 70 Absatz 3, d. h. im Zusammenhang mit Immobilien und deren Abschreibung, ist eine l\u00e4ngere Aufbewahrungsfrist als zehn Jahre n\u00f6tig, damit die Einlageentsteuerung und der Eigenverbrauch korrekt bestimmt werden k\u00f6nnen. Gem\u00e4ss Mehrwertsteuergesetz sind unbewegliche Gegenst\u00e4nde n\u00e4mlich f\u00fcr die Belange der Mehrwertsteuer \u00fcber einen Zeitraum von zwanzig Jahren hinweg abzuschreiben. Die Aufbewahrungsdauer von zwanzig Jahren gilt nur f\u00fcr [PAGE 1923] Unterlagen im Zusammenhang mit diesen unbeweglichen Gegenst\u00e4nden. Bei Immobilien werden Gesch\u00e4ftsunterlagen auch aus zahlreichen anderen Gr\u00fcnden w\u00e4hrend der ganzen Lebensdauer einer Immobilie aufbewahrt. Sind die Unterlagen, also z. B. Unterlagen \u00fcber Erwerbspreis oder Investitionen, nicht mehr vorhanden, k\u00f6nnen die f\u00fcr die Mehrwertsteuer massgebenden Werte nicht mehr eindeutig festgestellt werden; die Eidgen\u00f6ssische Steuerverwaltung m\u00fcsste dann Sch\u00e4tzungen vornehmen, was zwangsl\u00e4ufig mit Rechtsunsicherheit, Uneinigkeit und oftmals h\u00f6heren Steuern verbunden sein kann.</p>\n<p>Auf den ersten Blick werden die Steuerpflichtigen durch die lange Aufbewahrungsdauer belastet. Sie ist jedoch auch zu ihren Gunsten, wenn die Steuerpflichtigen die sogenannte Einlageentsteuerung geltend machen wollen, d. h., wenn sie die urspr\u00fcnglich entrichtete Mehrwertsteuer zur\u00fcckfordern wollen. Da die Steuerpflichtigen f\u00fcr eine Steuerentlastung beweispflichtig sind, m\u00fcssen sie die entsprechenden Unterlagen vorweisen k\u00f6nnen. Sie werden deshalb die Unterlagen sowieso aufbewahren, selbst wenn Artikel 70 ge\u00e4ndert werden sollte. Die Streichung der Aufbewahrungsdauer, wie es Nationalrat Noser beantragt, k\u00f6nnte damit den Steuerpflichtigen einen B\u00e4rendienst erweisen, da sie sich in einer falschen Sicherheit wiegen und in Beweisnotstand geraten k\u00f6nnten. </p>\n<p>Abschliessend m\u00f6chte ich darauf hinweisen, dass die Frage der Aufbewahrungsdauer bereits in der k\u00fcrzlich erfolgten Mehrwertsteuerreform angesprochen wurde, nach einigen Erkl\u00e4rungen vonseiten der Eidgen\u00f6ssischen Steuerverwaltung in den Kommissionen und im Parlament jedoch kein Thema mehr war. Es erscheint doch sehr problematisch, wenn Sie nun im Rahmen einer anderen Gesetzesreform eine punktuelle \u00c4nderung des Mehrwertsteuergesetzes vornehmen, welches das Parlament vor nur einem Jahr \u00fcberarbeitet und so beschlossen hat. </p>\n<p>Ich bitte Sie deshalb sehr, den Einzelantrag abzulehnen.</p>\n</pd_text>","MeetingCouncilAbbreviation":"N","MeetingDate":"20101208","MeetingVerbalixOid":1999,"IdSession":"4816","SpeakerFirstName":"Simonetta","SpeakerLastName":"Sommaruga","SpeakerFullName":"Sommaruga Simonetta","SpeakerFunction":"BR-F","CouncilId":99,"CouncilName":"Bundesrat","CantonId":2,"CantonName":"Bern","CantonAbbreviation":"BE","ParlGroupName":null,"ParlGroupAbbreviation":null,"SortOrder":98,"Start":"\/Date(1291810349869)\/","End":"\/Date(1291810530945)\/","Function":"BR-F","DisplaySpeaker":true,"LanguageOfText":"DE","Modified":"\/Date(1774877725987)\/","StartTimeWithTimezone":"\/Date(1291810349870+0060)\/","EndTimeWithTimezone":"\/Date(1291810530947+0060)\/","VoteBusinessNumber":null,"VoteBusinessShortNumber":null,"VoteBusinessTitle":null},{"__metadata":{"id":"https://ws.parlament.ch/OData.svc/Transcript(ID=114094L,Language='DE')","uri":"https://ws.parlament.ch/OData.svc/Transcript(ID=114094L,Language='DE')","type":"itsystems.Pd.DataServices.DataModel.Transcript"},"Subjects":{"__deferred":{"uri":"https://ws.parlament.ch/OData.svc/Transcript(ID=114094L,Language='DE')/Subjects"}},"MembersCouncil":{"__deferred":{"uri":"https://ws.parlament.ch/OData.svc/Transcript(ID=114094L,Language='DE')/MembersCouncil"}},"Businesses":{"__deferred":{"uri":"https://ws.parlament.ch/OData.svc/Transcript(ID=114094L,Language='DE')/Businesses"}},"ID":"114094","Language":"DE","IdSubject":"18434","VoteId":null,"PersonNumber":1117,"Type":1,"Text":"<pd_text><p><b>Ziff. 4</b></p>\n<p><i>Antrag der Kommission</i></p>\n<p>Zustimmung zum Beschluss des St\u00e4nderates</p>\n<p>[VS]</p>\n<p><i>Antrag Noser</i></p>\n<p><i>Art. 58 Abs. 2</i></p>\n<p>... Die mit unbeweglichen Gegenst\u00e4nden zusammenh\u00e4ngenden Gesch\u00e4ftsunterlagen sind indessen w\u00e4hrend zehn Jahren aufzubewahren ...</p>\n<p><i>Schriftliche Begr\u00fcndung</i></p>\n<p>Zwanzig Jahre sind eine sehr lange Zeit zur Aufbewahrung von Gesch\u00e4ftsunterlagen. Neben dem nicht zu untersch\u00e4tzenden Platz, der daf\u00fcr ben\u00f6tigt wird, sollte nicht vergessen werden, dass solche Unterlagen auch immer noch von jemanden verstanden werden m\u00fcssen. Nach zwanzig Jahren - also praktisch einem Generationenwechsel - k\u00f6nnte sich dies als eher schwierig herausstellen. Eine Aufbewahrungsfrist von zehn Jahren ist ein vern\u00fcnftig gew\u00e4hltes Maximum.</p>\n<p>[VS]</p>\n<p><b>Ch. 4</b></p>\n<p><i>Proposition de la commission</i></p>\n<p>Adh\u00e9rer \u00e0 la d\u00e9cision du Conseil des Etats</p>\n<p>[VS]</p>\n<p><i>Proposition Noser</i></p>\n<p><i>Art. 58 al. 2</i></p>\n<p>... seront conserv\u00e9es pendant dix ans. Si, au terme ...</p>\n</pd_text>","MeetingCouncilAbbreviation":"N","MeetingDate":"20101208","MeetingVerbalixOid":1999,"IdSession":"4816","SpeakerFirstName":"Jean-Ren\u00e9","SpeakerLastName":"Germanier","SpeakerFullName":"Germanier Jean-Ren\u00e9","SpeakerFunction":"P-M","CouncilId":1,"CouncilName":"Nationalrat","CantonId":23,"CantonName":"Wallis","CantonAbbreviation":"VS","ParlGroupName":"Freisinnig-demokratische Fraktion","ParlGroupAbbreviation":"RL","SortOrder":97,"Start":"\/Date(1291810245449)\/","End":"\/Date(1291810349869)\/","Function":"P-M","DisplaySpeaker":false,"LanguageOfText":null,"Modified":"\/Date(1774877725986)\/","StartTimeWithTimezone":"\/Date(1291810245450+0060)\/","EndTimeWithTimezone":"\/Date(1291810349870+0060)\/","VoteBusinessNumber":null,"VoteBusinessShortNumber":null,"VoteBusinessTitle":null},{"__metadata":{"id":"https://ws.parlament.ch/OData.svc/Transcript(ID=114095L,Language='DE')","uri":"https://ws.parlament.ch/OData.svc/Transcript(ID=114095L,Language='DE')","type":"itsystems.Pd.DataServices.DataModel.Transcript"},"Subjects":{"__deferred":{"uri":"https://ws.parlament.ch/OData.svc/Transcript(ID=114095L,Language='DE')/Subjects"}},"MembersCouncil":{"__deferred":{"uri":"https://ws.parlament.ch/OData.svc/Transcript(ID=114095L,Language='DE')/MembersCouncil"}},"Businesses":{"__deferred":{"uri":"https://ws.parlament.ch/OData.svc/Transcript(ID=114095L,Language='DE')/Businesses"}},"ID":"114095","Language":"DE","IdSubject":"18434","VoteId":null,"PersonNumber":1159,"Type":1,"Text":"<pd_text><p>Die Mehrheit der Kommission f\u00fcr Rechtsfragen ist der Meinung, dass wir die Schwellenwerte vereinheitlichen sollen, und zwar sowohl im Revisionsrecht wie auch im Rechnungslegungsrecht, im Fusionsgesetz wie auch bei der Konzernrechnung. Wir haben uns auf die Schwellenwerte von 20 und 40 Millionen Franken sowie 250 Vollzeitstellen festgelegt, und das sollten wir durchziehen. Deshalb er\u00fcbrigt sich auch mein Minderheitsantrag, und ich ziehe diesen zur\u00fcck.</p>\n</pd_text>","MeetingCouncilAbbreviation":"N","MeetingDate":"20101208","MeetingVerbalixOid":1999,"IdSession":"4816","SpeakerFirstName":"Pirmin","SpeakerLastName":"Schwander","SpeakerFullName":"Schwander Pirmin","SpeakerFunction":"Mit-M","CouncilId":1,"CouncilName":"Nationalrat","CantonId":5,"CantonName":"Schwyz","CantonAbbreviation":"SZ","ParlGroupName":"Fraktion der Schweizerischen Volkspartei","ParlGroupAbbreviation":"V","SortOrder":48,"Start":"\/Date(1291806271843)\/","End":"\/Date(1291806314108)\/","Function":"Mit-M","DisplaySpeaker":true,"LanguageOfText":"DE","Modified":"\/Date(1774877725910)\/","StartTimeWithTimezone":"\/Date(1291806271843+0060)\/","EndTimeWithTimezone":"\/Date(1291806314107+0060)\/","VoteBusinessNumber":null,"VoteBusinessShortNumber":null,"VoteBusinessTitle":null},{"__metadata":{"id":"https://ws.parlament.ch/OData.svc/Transcript(ID=114096L,Language='DE')","uri":"https://ws.parlament.ch/OData.svc/Transcript(ID=114096L,Language='DE')","type":"itsystems.Pd.DataServices.DataModel.Transcript"},"Subjects":{"__deferred":{"uri":"https://ws.parlament.ch/OData.svc/Transcript(ID=114096L,Language='DE')/Subjects"}},"MembersCouncil":{"__deferred":{"uri":"https://ws.parlament.ch/OData.svc/Transcript(ID=114096L,Language='DE')/MembersCouncil"}},"Businesses":{"__deferred":{"uri":"https://ws.parlament.ch/OData.svc/Transcript(ID=114096L,Language='DE')/Businesses"}},"ID":"114096","Language":"DE","IdSubject":"18434","VoteId":null,"PersonNumber":null,"Type":3,"Text":"<pd_text><p><b>Le pr\u00e9sident </b>(Germanier Jean-Ren\u00e9, pr\u00e9sident): La proposition Leutenegger Oberholzer a \u00e9t\u00e9 retir\u00e9e. La proposition de la minorit\u00e9 Stamm est pr\u00e9sent\u00e9e par Monsieur Schwander.</p>\n</pd_text>","MeetingCouncilAbbreviation":"N","MeetingDate":"20101208","MeetingVerbalixOid":1999,"IdSession":"4816","SpeakerFirstName":null,"SpeakerLastName":null,"SpeakerFullName":"","SpeakerFunction":null,"CouncilId":null,"CouncilName":null,"CantonId":null,"CantonName":null,"CantonAbbreviation":null,"ParlGroupName":null,"ParlGroupAbbreviation":null,"SortOrder":47,"Start":null,"End":null,"Function":null,"DisplaySpeaker":null,"LanguageOfText":"DE","Modified":"\/Date(1774877725909)\/","StartTimeWithTimezone":null,"EndTimeWithTimezone":null,"VoteBusinessNumber":null,"VoteBusinessShortNumber":null,"VoteBusinessTitle":null},{"__metadata":{"id":"https://ws.parlament.ch/OData.svc/Transcript(ID=114097L,Language='DE')","uri":"https://ws.parlament.ch/OData.svc/Transcript(ID=114097L,Language='DE')","type":"itsystems.Pd.DataServices.DataModel.Transcript"},"Subjects":{"__deferred":{"uri":"https://ws.parlament.ch/OData.svc/Transcript(ID=114097L,Language='DE')/Subjects"}},"MembersCouncil":{"__deferred":{"uri":"https://ws.parlament.ch/OData.svc/Transcript(ID=114097L,Language='DE')/MembersCouncil"}},"Businesses":{"__deferred":{"uri":"https://ws.parlament.ch/OData.svc/Transcript(ID=114097L,Language='DE')/Businesses"}},"ID":"114097","Language":"DE","IdSubject":"18434","VoteId":"4809","PersonNumber":null,"Type":2,"Text":"<pd_text><p><i>Abstimmung - Vote</i></p>\n<p>[NAM]</p>\n<p>F\u00fcr den Antrag der Mehrheit ... 96 Stimmen</p>\n<p>F\u00fcr den Antrag der Minderheit ... 58 Stimmen</p>\n<p>[VS]</p>\n<p><i>Art. 963a</i></p>\n</pd_text>","MeetingCouncilAbbreviation":"N","MeetingDate":"20101208","MeetingVerbalixOid":1999,"IdSession":"4816","SpeakerFirstName":null,"SpeakerLastName":null,"SpeakerFullName":"","SpeakerFunction":null,"CouncilId":null,"CouncilName":null,"CantonId":null,"CantonName":null,"CantonAbbreviation":null,"ParlGroupName":null,"ParlGroupAbbreviation":null,"SortOrder":46,"Start":"\/Date(1291806271843)\/","End":"\/Date(1291806271843)\/","Function":null,"DisplaySpeaker":null,"LanguageOfText":"DE","Modified":"\/Date(1774877725907)\/","StartTimeWithTimezone":"\/Date(1291806271843+0060)\/","EndTimeWithTimezone":"\/Date(1291806271843+0060)\/","VoteBusinessNumber":20080011,"VoteBusinessShortNumber":"08.011","VoteBusinessTitle":"OR. Aktien- und\nRechnungslegungsrecht"},{"__metadata":{"id":"https://ws.parlament.ch/OData.svc/Transcript(ID=114098L,Language='DE')","uri":"https://ws.parlament.ch/OData.svc/Transcript(ID=114098L,Language='DE')","type":"itsystems.Pd.DataServices.DataModel.Transcript"},"Subjects":{"__deferred":{"uri":"https://ws.parlament.ch/OData.svc/Transcript(ID=114098L,Language='DE')/Subjects"}},"MembersCouncil":{"__deferred":{"uri":"https://ws.parlament.ch/OData.svc/Transcript(ID=114098L,Language='DE')/MembersCouncil"}},"Businesses":{"__deferred":{"uri":"https://ws.parlament.ch/OData.svc/Transcript(ID=114098L,Language='DE')/Businesses"}},"ID":"114098","Language":"DE","IdSubject":"18434","VoteId":null,"PersonNumber":1117,"Type":1,"Text":"<pd_text><p>Le groupe PBD soutient la proposition de la majorit\u00e9. </p>\n<p>Le vote vaut \u00e9galement pour l'article 963a alin\u00e9a 1 chiffre 3.</p>\n</pd_text>","MeetingCouncilAbbreviation":"N","MeetingDate":"20101208","MeetingVerbalixOid":1999,"IdSession":"4816","SpeakerFirstName":"Jean-Ren\u00e9","SpeakerLastName":"Germanier","SpeakerFullName":"Germanier Jean-Ren\u00e9","SpeakerFunction":"P-M","CouncilId":1,"CouncilName":"Nationalrat","CantonId":23,"CantonName":"Wallis","CantonAbbreviation":"VS","ParlGroupName":"Freisinnig-demokratische Fraktion","ParlGroupAbbreviation":"RL","SortOrder":45,"Start":"\/Date(1291806131845)\/","End":"\/Date(1291806271843)\/","Function":"P-M","DisplaySpeaker":true,"LanguageOfText":"FR","Modified":"\/Date(1774877725906)\/","StartTimeWithTimezone":"\/Date(1291806131847+0060)\/","EndTimeWithTimezone":"\/Date(1291806271843+0060)\/","VoteBusinessNumber":null,"VoteBusinessShortNumber":null,"VoteBusinessTitle":null},{"__metadata":{"id":"https://ws.parlament.ch/OData.svc/Transcript(ID=114099L,Language='DE')","uri":"https://ws.parlament.ch/OData.svc/Transcript(ID=114099L,Language='DE')","type":"itsystems.Pd.DataServices.DataModel.Transcript"},"Subjects":{"__deferred":{"uri":"https://ws.parlament.ch/OData.svc/Transcript(ID=114099L,Language='DE')/Subjects"}},"MembersCouncil":{"__deferred":{"uri":"https://ws.parlament.ch/OData.svc/Transcript(ID=114099L,Language='DE')/MembersCouncil"}},"Businesses":{"__deferred":{"uri":"https://ws.parlament.ch/OData.svc/Transcript(ID=114099L,Language='DE')/Businesses"}},"ID":"114099","Language":"DE","IdSubject":"18434","VoteId":null,"PersonNumber":214,"Type":1,"Text":"<pd_text><p>Ich m\u00f6chte nur zwei Bemerkungen machen:</p>\n<p>1. Ich wiederhole, was Kollege Roux und ich in der letzten Session gesagt haben. Wir sprechen von der Kommission her jeweils zu jedem Artikel nur in einer Sprache, weil es sonst zu kompliziert respektive zu weitl\u00e4ufig w\u00e4re und zu lange dauern w\u00fcrde.</p>\n<p>2. Ich schaue zu den \u00dcbersetzerinnen und \u00dcbersetzern. Bei einem solch spezialisierten Thema frage ich mich manchmal, wie sie ihre Arbeit machen k\u00f6nnen. Ganz herzlichen Dank!</p>\n</pd_text>","MeetingCouncilAbbreviation":"N","MeetingDate":"20101208","MeetingVerbalixOid":1999,"IdSession":"4816","SpeakerFirstName":"Luzi","SpeakerLastName":"Stamm","SpeakerFullName":"Stamm Luzi","SpeakerFunction":"Mit-M","CouncilId":1,"CouncilName":"Nationalrat","CantonId":19,"CantonName":"Aargau","CantonAbbreviation":"AG","ParlGroupName":"Fraktion der Schweizerischen Volkspartei","ParlGroupAbbreviation":"V","SortOrder":44,"Start":"\/Date(1291806091877)\/","End":"\/Date(1291806131845)\/","Function":"*","DisplaySpeaker":true,"LanguageOfText":"DE","Modified":"\/Date(1774877725905)\/","StartTimeWithTimezone":"\/Date(1291806091877+0060)\/","EndTimeWithTimezone":"\/Date(1291806131847+0060)\/","VoteBusinessNumber":null,"VoteBusinessShortNumber":null,"VoteBusinessTitle":null},{"__metadata":{"id":"https://ws.parlament.ch/OData.svc/Transcript(ID=114100L,Language='DE')","uri":"https://ws.parlament.ch/OData.svc/Transcript(ID=114100L,Language='DE')","type":"itsystems.Pd.DataServices.DataModel.Transcript"},"Subjects":{"__deferred":{"uri":"https://ws.parlament.ch/OData.svc/Transcript(ID=114100L,Language='DE')/Subjects"}},"MembersCouncil":{"__deferred":{"uri":"https://ws.parlament.ch/OData.svc/Transcript(ID=114100L,Language='DE')/MembersCouncil"}},"Businesses":{"__deferred":{"uri":"https://ws.parlament.ch/OData.svc/Transcript(ID=114100L,Language='DE')/Businesses"}},"ID":"114100","Language":"DE","IdSubject":"18434","VoteId":null,"PersonNumber":4027,"Type":1,"Text":"<pd_text><p>Avant de d\u00e9fendre la proposition de la majorit\u00e9 de la commission au sujet de l'article 963 alin\u00e9a 3, j'aimerais bri\u00e8vement rappeler quelques points concernant la situation juridique actuelle relative aux comptes consolid\u00e9s et aux diff\u00e9rentes solutions envisag\u00e9es jusqu'ici.</p>\n<p>Le droit suisse ne conna\u00eet pas de l\u00e9gislation sur les groupes de soci\u00e9t\u00e9s. Le Code des obligations contient toutefois quelques dispositions \u00e9parses ayant trait au droit des groupes, comme par exemple la pr\u00e9sentation des comptes consolid\u00e9s qui n'est obligatoire que depuis la r\u00e9vision du droit de la soci\u00e9t\u00e9 anonyme de 1991. Cette obligation est actuellement limit\u00e9e aux entreprises qui rev\u00eatent la forme d'une soci\u00e9t\u00e9 anonyme, selon les articles 663 et suivants du Code des obligations. Le projet de r\u00e9vision du droit comptable pr\u00e9voit en outre d'\u00e9tendre le champ d'application de l'obligation de dresser des comptes consolid\u00e9s \u00e0 toutes les personnes morales, y compris aux fondations et aux associations.</p>\n<p>Dans le droit actuel de la soci\u00e9t\u00e9 anonyme, l'une des conditions pr\u00e9alables \u00e0 l'obligation de consolidation est que les soci\u00e9t\u00e9s concern\u00e9es soient r\u00e9unies sous une direction unique, autrement dit que la direction du groupe ait sur les entreprises qu'elle contr\u00f4le une influence d\u00e9terminante et effective sur la marche de leurs affaires. Le projet du Conseil f\u00e9d\u00e9ral a abandonn\u00e9 ce crit\u00e8re, car il n'est gu\u00e8re facile de prouver l'exercice effectif d'une telle influence en pratique. Il retient donc exclusivement le crit\u00e8re du contr\u00f4le, \"Kontrollprinzip\", \u00e0 l'alin\u00e9a 2, crit\u00e8re qui pr\u00e9domine actuellement dans la pratique.</p>\n<p>A la session d'hiver 2009, le Conseil des Etats a adopt\u00e9, par 18 voix contre 9, une proposition qui introduit un nouvel alin\u00e9a 3 dans le projet de loi. Cet alin\u00e9a permet \u00e0 la personne morale en charge du contr\u00f4le, \u00e0 certaines conditions, de transf\u00e9rer l'obligation de dresser des comptes consolid\u00e9s \u00e0 une entreprise qu'elle contr\u00f4le. Il s'agit donc d'abandonner la consolidation du groupe dans son ensemble en faveur d'une consolidation partielle de certaines branches du groupe. Cette possibilit\u00e9 a \u00e9t\u00e9 introduite pour tenir compte de la r\u00e9alit\u00e9 \u00e9conomique de certaines entit\u00e9s juridiques qui, dans la pratique, appellent des exceptions. Nous y reviendrons plus loin.</p>\n<p>En r\u00e9sum\u00e9, \u00e0 l'heure actuelle, trois solutions sont envisageables. La premi\u00e8re est celle du projet du Conseil f\u00e9d\u00e9ral; elle est soutenue par la minorit\u00e9 Leutenegger Oberholzer, qui propose de biffer l'alin\u00e9a 3. La deuxi\u00e8me correspond \u00e0 la version adopt\u00e9e par le Conseil des Etats, qui instaure, dans un nouvel alin\u00e9a 3, la possibilit\u00e9, pour la personne morale, de transf\u00e9rer, \u00e0 certaines conditions, l'obligation de dresser des comptes consolid\u00e9s \u00e0 une entreprise qu'elle contr\u00f4le. La [PAGE 1914] troisi\u00e8me correspond \u00e0 la proposition de la majorit\u00e9 de votre commission, qui pr\u00e9voit une solution pragmatique en restreignant la possibilit\u00e9 de transf\u00e9rer l'obligation de dresser des comptes consolid\u00e9s \u00e0 trois personnes morales seulement, c'est-\u00e0-dire aux associations, aux fondations et aux soci\u00e9t\u00e9s coop\u00e9ratives.</p>\n<p>La d\u00e9cision du Conseil des Etats fait l'objet principalement de deux critiques. La premi\u00e8re concerne l'introduction \u00e0 l'alin\u00e9a 3 de la possibilit\u00e9 du choix entre le principe de la direction unique, \"Leitungsprinzip\", et le principe du contr\u00f4le. Cette question a suscit\u00e9 un vif d\u00e9bat dans la Commission des affaires juridiques du Conseil des Etats. La possibilit\u00e9 de choix entre le principe de la direction unique et celui du contr\u00f4le a \u00e9t\u00e9 introduite pour tenir compte de la r\u00e9alit\u00e9 \u00e9conomique de certaines personnes morales qui demandent des exceptions telles certaines fondations, holdings, soci\u00e9t\u00e9s coop\u00e9ratives ou associations. En effet, ces personnes morales, oblig\u00e9es selon le principe du contr\u00f4le d'\u00e9tablir des comptes consolid\u00e9s, n'administrent souvent que des participations dans d'autres soci\u00e9t\u00e9s auxquelles la soci\u00e9t\u00e9 holding a d\u00e9l\u00e9gu\u00e9 la direction. Dans ce genre de cas, il est plus judicieux que la filiale charg\u00e9e des activit\u00e9s op\u00e9rationnelles consolide les comptes. Cette possibilit\u00e9 correspond mieux \u00e0 la r\u00e9alit\u00e9 \u00e9conomique de ces types de soci\u00e9t\u00e9s. La deuxi\u00e8me critique concerne le risque d'abus li\u00e9 \u00e0 une telle norme de d\u00e9l\u00e9gation. En effet, l'obligation de dresser des comptes consolid\u00e9s pourrait \u00eatre transf\u00e9r\u00e9e \u00e0 une filiale ou \u00e0 un \u00e9chelon encore inf\u00e9rieur de fa\u00e7on \u00e0 limiter de mani\u00e8re consciente le p\u00e9rim\u00e8tre de consolidation. La solution du Conseil des Etats appara\u00eet donc trop souple et pourrait donner lieu \u00e0 des abus qui mettraient en p\u00e9ril le but de la consolidation. Il n'en demeure pas moins que le transfert de la possibilit\u00e9 de dresser des comptes consolid\u00e9s \u00e0 une soci\u00e9t\u00e9 contr\u00f4l\u00e9e peut \u00eatre opportun dans certains cas.</p>\n<p>La majorit\u00e9 de la commission vous propose donc une solution pragmatique qui vise \u00e0 restreindre la port\u00e9e de l'alin\u00e9a 3 d\u00e9cid\u00e9 par le Conseil des Etats \u00e0 trois formes de droit qui sont l'association, la fondation et la soci\u00e9t\u00e9 coop\u00e9rative. Cette restriction permet de prendre en compte la r\u00e9alit\u00e9 \u00e9conomique de ces personnes morales en instaurant pour ces derni\u00e8res un v\u00e9ritable pouvoir de d\u00e9l\u00e9gation tout en \u00e9vitant le risque d'abus qui r\u00e9sulterait d'une norme de d\u00e9l\u00e9gation g\u00e9n\u00e9rale.</p>\n<p>La proposition de la minorit\u00e9 Leutenegger Oberholzer pr\u00e9voit, quant \u00e0 elle, de biffer l'alin\u00e9a 3, consid\u00e9rant qu'il reste une source d'abus importante. Nous vous rappelons que la version de la majorit\u00e9 de la commission est une solution de compromis; elle vise \u00e0 \u00e9viter raisonnablement les abus d'une norme de d\u00e9l\u00e9gation g\u00e9n\u00e9rale tout en permettant une certaine souplesse pour les associations, les soci\u00e9t\u00e9s coop\u00e9ratives et les fondations, telle la Mobili\u00e8re, qui appellent des exceptions.</p>\n<p>La commission s'est prononc\u00e9e, par 14 voix contre 1 et 4 abstentions, et elle vous invite \u00e0 la suivre. La commission a rejet\u00e9 la proposition d\u00e9fendue par la minorit\u00e9 Leutenegger Oberholzer, par 13 voix contre 6.</p>\n</pd_text>","MeetingCouncilAbbreviation":"N","MeetingDate":"20101208","MeetingVerbalixOid":1999,"IdSession":"4816","SpeakerFirstName":"Paul-Andr\u00e9","SpeakerLastName":"Roux","SpeakerFullName":"Roux Paul-Andr\u00e9","SpeakerFunction":"Mit-M","CouncilId":1,"CouncilName":"Nationalrat","CantonId":23,"CantonName":"Wallis","CantonAbbreviation":"VS","ParlGroupName":"Fraktion CVP/EVP/glp","ParlGroupAbbreviation":"M-E","SortOrder":43,"Start":"\/Date(1291805691773)\/","End":"\/Date(1291806091877)\/","Function":"*","DisplaySpeaker":true,"LanguageOfText":"FR","Modified":"\/Date(1774877725903)\/","StartTimeWithTimezone":"\/Date(1291805691773+0060)\/","EndTimeWithTimezone":"\/Date(1291806091877+0060)\/","VoteBusinessNumber":null,"VoteBusinessShortNumber":null,"VoteBusinessTitle":null},{"__metadata":{"id":"https://ws.parlament.ch/OData.svc/Transcript(ID=114101L,Language='DE')","uri":"https://ws.parlament.ch/OData.svc/Transcript(ID=114101L,Language='DE')","type":"itsystems.Pd.DataServices.DataModel.Transcript"},"Subjects":{"__deferred":{"uri":"https://ws.parlament.ch/OData.svc/Transcript(ID=114101L,Language='DE')/Subjects"}},"MembersCouncil":{"__deferred":{"uri":"https://ws.parlament.ch/OData.svc/Transcript(ID=114101L,Language='DE')/MembersCouncil"}},"Businesses":{"__deferred":{"uri":"https://ws.parlament.ch/OData.svc/Transcript(ID=114101L,Language='DE')/Businesses"}},"ID":"114101","Language":"DE","IdSubject":"18434","VoteId":null,"PersonNumber":512,"Type":1,"Text":"<pd_text><p>Besten Dank f\u00fcr Ihre Frage, Herr Nationalrat Kaufmann.</p>\n<p>Ich war zuf\u00e4llig Pr\u00e4sidentin von mehreren Stiftungen, bevor ich hier in ein anderes Amt gekommen bin. Ich kann Ihnen versichern, diese Stiftungen konnten die Bedingungen der Swiss-GAAP-FER-Rechnungslegung problemlos erf\u00fcllen. So viel kann ich Ihnen heute sagen. Ich gehe davon aus, dass f\u00fcr die Genossenschaften, Stiftungen und Vereine die entsprechenden Standards vorhanden sind.</p>\n</pd_text>","MeetingCouncilAbbreviation":"N","MeetingDate":"20101208","MeetingVerbalixOid":1999,"IdSession":"4816","SpeakerFirstName":"Simonetta","SpeakerLastName":"Sommaruga","SpeakerFullName":"Sommaruga Simonetta","SpeakerFunction":"BR-F","CouncilId":99,"CouncilName":"Bundesrat","CantonId":2,"CantonName":"Bern","CantonAbbreviation":"BE","ParlGroupName":null,"ParlGroupAbbreviation":null,"SortOrder":42,"Start":"\/Date(1291805656273)\/","End":"\/Date(1291805691773)\/","Function":"BR-F","DisplaySpeaker":true,"LanguageOfText":"DE","Modified":"\/Date(1774877725901)\/","StartTimeWithTimezone":"\/Date(1291805656273+0060)\/","EndTimeWithTimezone":"\/Date(1291805691773+0060)\/","VoteBusinessNumber":null,"VoteBusinessShortNumber":null,"VoteBusinessTitle":null},{"__metadata":{"id":"https://ws.parlament.ch/OData.svc/Transcript(ID=114102L,Language='DE')","uri":"https://ws.parlament.ch/OData.svc/Transcript(ID=114102L,Language='DE')","type":"itsystems.Pd.DataServices.DataModel.Transcript"},"Subjects":{"__deferred":{"uri":"https://ws.parlament.ch/OData.svc/Transcript(ID=114102L,Language='DE')/Subjects"}},"MembersCouncil":{"__deferred":{"uri":"https://ws.parlament.ch/OData.svc/Transcript(ID=114102L,Language='DE')/MembersCouncil"}},"Businesses":{"__deferred":{"uri":"https://ws.parlament.ch/OData.svc/Transcript(ID=114102L,Language='DE')/Businesses"}},"ID":"114102","Language":"DE","IdSubject":"18434","VoteId":null,"PersonNumber":479,"Type":1,"Text":"<pd_text><p>Frau Bundesr\u00e4tin, wie wollen Sie das dann in der Praxis machen? Gibt es IFRS f\u00fcr Vereine, Genossenschaften und Stiftungen? Soviel ich weiss, gibt es das nicht. Wenn Sie das praktische Beispiel der Roche-Stiftung ansehen, welche die Mehrheit des Konzerns kontrolliert, ist es dann Ihre Meinung, dass diese Stiftung konsolidieren soll und nicht die Aktiengesellschaft, wo die einzelnen Aktion\u00e4re beteiligt sind?</p>\n</pd_text>","MeetingCouncilAbbreviation":"N","MeetingDate":"20101208","MeetingVerbalixOid":1999,"IdSession":"4816","SpeakerFirstName":"Hans","SpeakerLastName":"Kaufmann","SpeakerFullName":"Kaufmann Hans","SpeakerFunction":"Mit-M","CouncilId":1,"CouncilName":"Nationalrat","CantonId":1,"CantonName":"Z\u00fcrich","CantonAbbreviation":"ZH","ParlGroupName":"Fraktion der Schweizerischen Volkspartei","ParlGroupAbbreviation":"V","SortOrder":41,"Start":"\/Date(1291805614977)\/","End":"\/Date(1291805656273)\/","Function":"Mit-M","DisplaySpeaker":true,"LanguageOfText":"DE","Modified":"\/Date(1774877725899)\/","StartTimeWithTimezone":"\/Date(1291805614977+0060)\/","EndTimeWithTimezone":"\/Date(1291805656273+0060)\/","VoteBusinessNumber":null,"VoteBusinessShortNumber":null,"VoteBusinessTitle":null},{"__metadata":{"id":"https://ws.parlament.ch/OData.svc/Transcript(ID=114103L,Language='DE')","uri":"https://ws.parlament.ch/OData.svc/Transcript(ID=114103L,Language='DE')","type":"itsystems.Pd.DataServices.DataModel.Transcript"},"Subjects":{"__deferred":{"uri":"https://ws.parlament.ch/OData.svc/Transcript(ID=114103L,Language='DE')/Subjects"}},"MembersCouncil":{"__deferred":{"uri":"https://ws.parlament.ch/OData.svc/Transcript(ID=114103L,Language='DE')/MembersCouncil"}},"Businesses":{"__deferred":{"uri":"https://ws.parlament.ch/OData.svc/Transcript(ID=114103L,Language='DE')/Businesses"}},"ID":"114103","Language":"DE","IdSubject":"18434","VoteId":null,"PersonNumber":512,"Type":1,"Text":"<pd_text><p>Gem\u00e4ss Beschluss Ihrer Kommission f\u00fcr Rechtsfragen sollen Vereine, Stiftungen und Genossenschaften die Pflicht zur Erstellung einer Konzernrechnung an ein kontrolliertes Unternehmen \u00fcbertragen k\u00f6nnen, sofern dieses durch Stimmenmehrheit oder auf andere Weise s\u00e4mtliche weiteren Gesellschaften unter einheitlicher Leitung zusammenfasst und die tats\u00e4chliche Aus\u00fcbung der Beherrschung nachweist. Kontrolliert eine juristische Person, wie es in Artikel 963 Abs\u00e4tze 1 und 2 des bundesr\u00e4tlichen Entwurfes definiert ist, andere rechnungslegungspflichtige Unternehmen, so muss sie als oberste und folglich strategiegebende juristische Person die Gesamtkonzernrechnung erstellen. Nur eine solche Konzernrechnung, die s\u00e4mtliche zur Unternehmensgruppe geh\u00f6renden Unternehmen erfasst, f\u00fchrt zu Transparenz f\u00fcr die Gesellschafter, Gl\u00e4ubiger, potenziellen Investoren und den Staat.</p>\n<p>Teilkonzernrechnungen sind auch gem\u00e4ss bundesr\u00e4tlichem Entwurf neben der Gesamtkonzernrechnung zul\u00e4ssig, jedoch eben nur als Erg\u00e4nzung, nicht aber als deren Ersatz. Zudem bleibt es auch gem\u00e4ss bundesr\u00e4tlichem Entwurf zul\u00e4ssig, dass kontrollierte Unternehmen an der Erstellung der Gesamtkonzernrechnung tatkr\u00e4ftig mitwirken. Die eigentliche Pflicht zur Erstellung der Gesamtkonzernrechnung darf aber nicht delegiert werden. Das Leitungs- oder Verwaltungsorgan der obersten kontrollierenden juristischen Person muss f\u00fcr die Gesamtkonzernrechnung verantwortlich bleiben. Das muss zwingend auch f\u00fcr die Unternehmens- oder Holding-Stiftungen, Vereine oder Genossenschaften gelten, da die Pflicht zur Erstellung einer Gesamtkonzernrechnung ohne sachliche Begr\u00fcndung umgangen werden k\u00f6nnte. Gerade im Bereich des relativ schwach normierten Stiftungs- und Vereinsrechts schafft eine Gesamtkonzernrechnung die dringend notwendige Transparenz. Es gibt keine wirtschaftliche Rechtfertigung, Vereine, Stiftungen und Genossenschaften hinsichtlich der Konsolidierungspflicht anders zu behandeln als die \u00fcbrigen Rechtseinheiten.</p>\n<p>Ich bitte Sie deshalb namens des Bundesrates, dem vorliegenden Minderheitsantrag zuzustimmen und bei der bundesr\u00e4tlichen Fassung zu bleiben.</p>\n</pd_text>","MeetingCouncilAbbreviation":"N","MeetingDate":"20101208","MeetingVerbalixOid":1999,"IdSession":"4816","SpeakerFirstName":"Simonetta","SpeakerLastName":"Sommaruga","SpeakerFullName":"Sommaruga Simonetta","SpeakerFunction":"BR-F","CouncilId":99,"CouncilName":"Bundesrat","CantonId":2,"CantonName":"Bern","CantonAbbreviation":"BE","ParlGroupName":null,"ParlGroupAbbreviation":null,"SortOrder":40,"Start":"\/Date(1291805466869)\/","End":"\/Date(1291805614977)\/","Function":"BR-F","DisplaySpeaker":true,"LanguageOfText":"DE","Modified":"\/Date(1774877725898)\/","StartTimeWithTimezone":"\/Date(1291805466870+0060)\/","EndTimeWithTimezone":"\/Date(1291805614977+0060)\/","VoteBusinessNumber":null,"VoteBusinessShortNumber":null,"VoteBusinessTitle":null},{"__metadata":{"id":"https://ws.parlament.ch/OData.svc/Transcript(ID=114104L,Language='DE')","uri":"https://ws.parlament.ch/OData.svc/Transcript(ID=114104L,Language='DE')","type":"itsystems.Pd.DataServices.DataModel.Transcript"},"Subjects":{"__deferred":{"uri":"https://ws.parlament.ch/OData.svc/Transcript(ID=114104L,Language='DE')/Subjects"}},"MembersCouncil":{"__deferred":{"uri":"https://ws.parlament.ch/OData.svc/Transcript(ID=114104L,Language='DE')/MembersCouncil"}},"Businesses":{"__deferred":{"uri":"https://ws.parlament.ch/OData.svc/Transcript(ID=114104L,Language='DE')/Businesses"}},"ID":"114104","Language":"DE","IdSubject":"18434","VoteId":null,"PersonNumber":1117,"Type":1,"Text":"<pd_text><p>Le groupe lib\u00e9ral-radical et le groupe UDC soutiennent la proposition de la majorit\u00e9. </p>\n</pd_text>","MeetingCouncilAbbreviation":"N","MeetingDate":"20101208","MeetingVerbalixOid":1999,"IdSession":"4816","SpeakerFirstName":"Jean-Ren\u00e9","SpeakerLastName":"Germanier","SpeakerFullName":"Germanier Jean-Ren\u00e9","SpeakerFunction":"P-M","CouncilId":1,"CouncilName":"Nationalrat","CantonId":23,"CantonName":"Wallis","CantonAbbreviation":"VS","ParlGroupName":"Freisinnig-demokratische Fraktion","ParlGroupAbbreviation":"RL","SortOrder":39,"Start":"\/Date(1291805453338)\/","End":"\/Date(1291805466869)\/","Function":"P-M","DisplaySpeaker":true,"LanguageOfText":"FR","Modified":"\/Date(1774877725897)\/","StartTimeWithTimezone":"\/Date(1291805453337+0060)\/","EndTimeWithTimezone":"\/Date(1291805466870+0060)\/","VoteBusinessNumber":null,"VoteBusinessShortNumber":null,"VoteBusinessTitle":null},{"__metadata":{"id":"https://ws.parlament.ch/OData.svc/Transcript(ID=114105L,Language='DE')","uri":"https://ws.parlament.ch/OData.svc/Transcript(ID=114105L,Language='DE')","type":"itsystems.Pd.DataServices.DataModel.Transcript"},"Subjects":{"__deferred":{"uri":"https://ws.parlament.ch/OData.svc/Transcript(ID=114105L,Language='DE')/Subjects"}},"MembersCouncil":{"__deferred":{"uri":"https://ws.parlament.ch/OData.svc/Transcript(ID=114105L,Language='DE')/MembersCouncil"}},"Businesses":{"__deferred":{"uri":"https://ws.parlament.ch/OData.svc/Transcript(ID=114105L,Language='DE')/Businesses"}},"ID":"114105","Language":"DE","IdSubject":"18434","VoteId":null,"PersonNumber":330,"Type":1,"Text":"<pd_text><p>Worum geht es hier? Der Bundesrat schl\u00e4gt in seinem Entwurf den Wechsel vom Leitungs- zum Kontrollprinzip vor, das heisst von den tats\u00e4chlichen Verh\u00e4ltnissen zum Kontrollprinzip - Macht via Aktien. Der St\u00e4nderat hat nun in Absatz 3 eine Ausnahme davon gemacht; er will die Realit\u00e4ten, die tats\u00e4chlichen Machtverh\u00e4ltnisse, besser ber\u00fccksichtigen. Er hat beschlossen, dass die \u00fcbergeordnete juristische Person die Pflicht zur Konsolidierung an ein in der ganzen Struktur untergeordnetes Unternehmen \u00fcbertragen kann, sofern nachgewiesen werden kann, dass dieses die anderen Unternehmen unter einer einheitlichen Leitung zusammenfasst; das ist wichtig. Im St\u00e4nderat ist man der Auffassung, dass damit der wirtschaftlichen Realit\u00e4t besser Rechnung getragen werden k\u00f6nne.</p>\n<p>Eine juristische Person, z. B. eine gemeinn\u00fctzige Stiftung, ein Verein, eine Genossenschaft, kann ja Beteiligungen an anderen Gesellschaften als Kapitalanlage halten; darum geht es. Dann soll diese andere Gesellschaft die Konzernrechnung abliefern, wenn sie faktisch das Konstrukt beherrscht und das auch nachweist; das ist der entscheidende Punkt.</p>\n<p>Ich gebe aber Frau Leutenegger Oberholzer Recht: Der St\u00e4nderat hat vielleicht bei der Korrektur etwas \u00fcbertrieben. Mit der vom St\u00e4nderat beschlossenen Korrektur k\u00f6nnte es tats\u00e4chlich gewisse Missbr\u00e4uche geben; das gebe ich offen zu. Deshalb haben wir dies in der Kommission korrigiert; das soll nicht m\u00f6glich sein. Die CVP/EVP/glp-Fraktion beantragt mit der Mehrheit, dass diese M\u00f6glichkeit nur Vereinen, Stiftungen und Genossenschaften offenstehen soll; das steht explizit im Text. Falls Sie dem Antrag der Mehrheit nicht zustimmen, dann bitte ich Sie, wenigstens der Version des St\u00e4nderates zuzustimmen.</p>\n<p>Im Namen der CVP/EVP/glp-Fraktion bitte ich Sie, der Kommissionsmehrheit zu folgen.</p>\n</pd_text>","MeetingCouncilAbbreviation":"N","MeetingDate":"20101208","MeetingVerbalixOid":1999,"IdSession":"4816","SpeakerFirstName":"Norbert","SpeakerLastName":"Hochreutener","SpeakerFullName":"Hochreutener Norbert","SpeakerFunction":"Mit-M","CouncilId":1,"CouncilName":"Nationalrat","CantonId":2,"CantonName":"Bern","CantonAbbreviation":"BE","ParlGroupName":"Fraktion CVP/EVP/glp","ParlGroupAbbreviation":"M-E","SortOrder":38,"Start":"\/Date(1291805281481)\/","End":"\/Date(1291805453338)\/","Function":"Mit-M","DisplaySpeaker":true,"LanguageOfText":"DE","Modified":"\/Date(1774877725895)\/","StartTimeWithTimezone":"\/Date(1291805281480+0060)\/","EndTimeWithTimezone":"\/Date(1291805453337+0060)\/","VoteBusinessNumber":null,"VoteBusinessShortNumber":null,"VoteBusinessTitle":null},{"__metadata":{"id":"https://ws.parlament.ch/OData.svc/Transcript(ID=114106L,Language='DE')","uri":"https://ws.parlament.ch/OData.svc/Transcript(ID=114106L,Language='DE')","type":"itsystems.Pd.DataServices.DataModel.Transcript"},"Subjects":{"__deferred":{"uri":"https://ws.parlament.ch/OData.svc/Transcript(ID=114106L,Language='DE')/Subjects"}},"MembersCouncil":{"__deferred":{"uri":"https://ws.parlament.ch/OData.svc/Transcript(ID=114106L,Language='DE')/MembersCouncil"}},"Businesses":{"__deferred":{"uri":"https://ws.parlament.ch/OData.svc/Transcript(ID=114106L,Language='DE')/Businesses"}},"ID":"114106","Language":"DE","IdSubject":"18434","VoteId":null,"PersonNumber":487,"Type":1,"Text":"<pd_text><p>Artikel 963 legt fest, wer zur Erstellung einer konsolidierten Jahresrechnung verpflichtet ist. Die grunds\u00e4tzliche Pflicht zur Erstellung einer konsolidierten Rechnung gilt in der Schweiz seit 1991 f\u00fcr die Rechtsform der Aktiengesellschaft. Der Bundesrat sieht jetzt mit seiner Vorlage 2 wesentliche \u00c4nderungen vor: Neu wird diese Konsolidierungspflicht auf alle rechnungslegungspflichtigen juristischen Personen - unabh\u00e4ngig von der Rechtsform - ausgeweitet; sie gilt also auch f\u00fcr Stiftungen, Vereine und Genossenschaften. Zudem soll das heute geltende Leitungsprinzip, das nicht sehr transparent ist, durch das Kontrollprinzip abgel\u00f6st werden. Wenn also eine rechnungslegungspflichtige juristische Person eine andere kontrolliert, so muss sie eine Konzernrechnung erstellen. Das l\u00e4sst sich einfach feststellen.</p>\n<p>Der St\u00e4nderat hat nun diese Konsolidierungspflicht massiv aufgeweicht - Sie k\u00f6nnen das der Fahne entnehmen -, indem jede juristische Person gleichsam die Pflicht zur Konsolidierung an ein kontrolliertes Unternehmen weitergeben kann. Das heisst, dass jedes Unternehmen selber bestimmen kann, was konsolidiert werden soll und was nicht.</p>\n<p>Die Mehrheit der nationalr\u00e4tlichen Kommission f\u00fcr Rechtsfragen hat jetzt im Vergleich zu den Beschl\u00fcssen des St\u00e4nderates immerhin einen Schritt r\u00fcckw\u00e4rts gemacht - aber eben nur einen halben. Sie schl\u00e4gt Ihnen mit Absatz 3 vor, dass eine Ausnahme f\u00fcr Vereine, Stiftungen und Genossenschaften geregelt werden soll. Diese drei Rechtsformen sollen selber entscheiden k\u00f6nnen, auf welcher Stufe konsolidiert wird. Das heisst, dass sie die Konsolidierung an ein kontrolliertes Unternehmen delegieren k\u00f6nnen. Dieser Antrag zu Absatz 3 ist aus folgenden Gr\u00fcnden abzulehnen:</p>\n<p>Mit dieser Ausnahmeregelung k\u00f6nnen diese juristischen Personen selber bestimmen, und zwar willk\u00fcrlich, wie gross der Konsolidierungskreis ist. Das steht im klaren Widerspruch zum Erfordernis einer Konzernrechnung, die n\u00e4mlich verlangt, dass an der Spitze konsolidiert wird. Ausserdem schaffen wir unterschiedliches Recht f\u00fcr unterschiedliche Rechtsformen bei den juristischen Personen. Deswegen war in der Kommission auch von einer \"Lex Mobiliar\" die Rede; offensichtlich kommt das Begehren von der Mobiliar-Versicherung, die offenbar einer Gesamtkonsolidierungspflicht entgehen will.</p>\n<p>Der Antrag der Mehrheit zu Absatz 3 birgt ein grosses Missbrauchspotenzial: Sie k\u00f6nnen in jedem Konzern z. B. eine Genossenschaft dazwischenschalten und damit willk\u00fcrlich bestimmen, was im Konzern \u00fcberhaupt konsolidiert werden soll oder eben nicht. Denken Sie daran, wenn Sie die Ausnahmeliste auf die juristischen Personen hin anschauen: Die Genossenschaften sind darunter. Wir haben in der Schweiz sehr grosse Genossenschaften, wie z. B. die Mobiliar, Coop, Migros, Fenaco usw. Es ist wichtig, dass auch diese transparent machen m\u00fcssen, wie die Konzernrechnung aussieht, und das nicht willk\u00fcrlich bestimmen k\u00f6nnen. [PAGE 1913] </p>\n<p>Ich bitte Sie deshalb, dem Antrag der Minderheit zuzustimmen und den neuen Absatz 3 der Mehrheit zu streichen.</p>\n</pd_text>","MeetingCouncilAbbreviation":"N","MeetingDate":"20101208","MeetingVerbalixOid":1999,"IdSession":"4816","SpeakerFirstName":"Susanne","SpeakerLastName":"Leutenegger Oberholzer","SpeakerFullName":"Leutenegger Oberholzer Susanne","SpeakerFunction":"Mit-F","CouncilId":1,"CouncilName":"Nationalrat","CantonId":13,"CantonName":"Basel-Landschaft","CantonAbbreviation":"BL","ParlGroupName":"Sozialdemokratische Fraktion","ParlGroupAbbreviation":"S","SortOrder":37,"Start":"\/Date(1291805030765)\/","End":"\/Date(1291805281481)\/","Function":"Mit-F","DisplaySpeaker":true,"LanguageOfText":"DE","Modified":"\/Date(1774877725893)\/","StartTimeWithTimezone":"\/Date(1291805030767+0060)\/","EndTimeWithTimezone":"\/Date(1291805281480+0060)\/","VoteBusinessNumber":null,"VoteBusinessShortNumber":null,"VoteBusinessTitle":null},{"__metadata":{"id":"https://ws.parlament.ch/OData.svc/Transcript(ID=114107L,Language='DE')","uri":"https://ws.parlament.ch/OData.svc/Transcript(ID=114107L,Language='DE')","type":"itsystems.Pd.DataServices.DataModel.Transcript"},"Subjects":{"__deferred":{"uri":"https://ws.parlament.ch/OData.svc/Transcript(ID=114107L,Language='DE')/Subjects"}},"MembersCouncil":{"__deferred":{"uri":"https://ws.parlament.ch/OData.svc/Transcript(ID=114107L,Language='DE')/MembersCouncil"}},"Businesses":{"__deferred":{"uri":"https://ws.parlament.ch/OData.svc/Transcript(ID=114107L,Language='DE')/Businesses"}},"ID":"114107","Language":"DE","IdSubject":"18434","VoteId":null,"PersonNumber":1117,"Type":1,"Text":"<pd_text><p><b>Art. 963</b></p>\n<p><i>Antrag der Mehrheit</i></p>\n<p><i>Abs. 1, 2</i></p>\n<p>Zustimmung zum Beschluss des St\u00e4nderates</p>\n<p><i>Abs. 2bis</i></p>\n<p>Zustimmung zum Beschluss des St\u00e4nderates</p>\n<p>(die \u00c4nderung betrifft nur den franz\u00f6sischen Text)</p>\n<p><i>Abs. 3</i></p>\n<p>Vereine, Stiftungen und Genossenschaften als kontrollierende juristische Personen im Sinne der Abs\u00e4tze 1 und 2 k\u00f6nnen die Pflicht zur Erstellung einer Konzernrechnung an ein kontrolliertes Unternehmen \u00fcbertragen, sofern dieses durch Stimmenmehrheit oder auf andere Weise s\u00e4mtliche weiteren Gesellschaften unter einheitlicher Leitung ...</p>\n<p>[VS]</p>\n<p><i>Antrag der Minderheit</i></p>\n<p>(Leutenegger Oberholzer, Lumengo, Sommaruga Carlo, Thanei, Vischer, von Graffenried, Wyss Brigit)</p>\n<p><i>Abs. 3</i></p>\n<p>Streichen</p>\n<p>(siehe auch Art. 963a Abs. 1 Ziff. 3)</p>\n<p>[VS]</p>\n<p><b>Art. 963</b></p>\n<p><i>Proposition de la majorit\u00e9</i></p>\n<p><i>Al. 1, 2</i></p>\n<p>Adh\u00e9rer \u00e0 la d\u00e9cision du Conseil des Etats</p>\n<p><i>Al. 2bis</i></p>\n<p>Si la norme comptable reconnue conform\u00e9ment \u00e0 l'article 963b d\u00e9finit l'obligation d'\u00e9tablir des comptes consolid\u00e9s, cette d\u00e9finition est d\u00e9terminante pour la consolidation.</p>\n<p><i>Al. 3</i></p>\n<p>En tant que personnes morales en charge du contr\u00f4le au sens des alin\u00e9as 1 et 2, les associations, fondations et soci\u00e9t\u00e9s coop\u00e9ratives peuvent transf\u00e9rer \u00e0 une entreprise qu'elles contr\u00f4lent l'obligation d'\u00e9tablir des comptes consolid\u00e9s, pour autant que cette entreprise r\u00e9unisse, par d\u00e9tention d'une majorit\u00e9 des voix ou d'autre mani\u00e8re, toutes les autres soci\u00e9t\u00e9s sous une direction unique et ...</p>\n<p>[VS]</p>\n<p><i>Proposition de la minorit\u00e9</i></p>\n<p>(Leutenegger Oberholzer, Lumengo, Sommaruga Carlo, Thanei, Vischer, von Graffenried, Wyss Brigit)</p>\n<p><i>Al. 3</i></p>\n<p>Biffer</p>\n<p>(voir aussi art. 963a al. 1 ch. 3)</p>\n<p>[VS]</p>\n<p><b>Art. 963a</b></p>\n<p><i>Antrag der Mehrheit</i></p>\n<p>Zustimmung zum Beschluss des St\u00e4nderates</p>\n<p>[VS]</p>\n<p><i>Antrag der Minderheit I</i></p>\n<p>(Schwander, Freysinger, Geissb\u00fchler, Heer, Kaufmann, Nidegger, Reimann Lukas, Stamm)</p>\n<p><i>Abs. 1 Ziff. 1 Bst. b</i></p>\n<p>b. Umsatzerl\u00f6s von 80 Millionen Franken;</p>\n<p>[VS]</p>\n<p><i>Antrag der Minderheit II</i></p>\n<p>(Leutenegger Oberholzer, Allemann, Jositsch, Sommaruga Carlo, Thanei, Vischer, Wyss Brigit)</p>\n<p><i>Abs. 1 Ziff. 1 Bst. a-c</i></p>\n<p>Zustimmung zum Entwurf des Bundesrates</p>\n<p>[VS]</p>\n<p><i>Antrag der Minderheit</i></p>\n<p>(Leutenegger Oberholzer, Lumengo, Sommaruga Carlo, Thanei, Vischer, von Graffenried, Wyss Brigit)</p>\n<p><i>Abs. 1 Ziff. 3</i></p>\n<p>Streichen</p>\n<p>(siehe auch Art. 963 Abs. 3)</p>\n<p>[VS]</p>\n<p><i>Antrag der Minderheit</i></p>\n<p>(Stamm, Freysinger, Geissb\u00fchler, Kaufmann, Nidegger, Reimann Lukas, Schwander)</p>\n<p><i>Abs. 1 Ziff. 4</i></p>\n<p>4. im Eigentum eines Einzelnen steht oder alle Eigent\u00fcmer ihre schriftliche Zustimmung geben.</p>\n<p>[VS]</p>\n<p><i>Antrag Leutenegger Oberholzer</i></p>\n<p><i>Abs. 1 Ziff. 1 Bst. a, b</i></p>\n<p>Zustimmung zum Beschluss des St\u00e4nderates</p>\n<p><i>Abs. 1 Ziff. 1 Bst. c</i></p>\n<p>c. 200 Vollzeitstellen ...</p>\n<p>[VS] [PAGE 1912] </p>\n<p><i>Antrag Loepfe</i></p>\n<p><i>Abs. 2 Ziff. 2</i></p>\n<p>2. Gesellschafter, die mindestens 20 Prozent des Grundkapitals vertreten, oder 10 Prozent der Genossenschafter oder 20 Prozent der Vereinsmitglieder oder die Stiftungsaufsichtsbeh\u00f6rde dies verlangen; oder</p>\n<p><i>Abs. 2 Ziff. 3</i></p>\n<p>3. ein Gesellschafter oder ein Vereinsmitglied, der oder das einer pers\u00f6nlichen Haftung oder einer Nachschusspflicht unterliegt, dies verlangt.</p>\n<p><i>Schriftliche Begr\u00fcndung</i></p>\n<p>Die Einr\u00e4umung des Rechts an einen einzelnen Gesellschafter, eine Konzernrechnung dort zu verlangen, wo dies vom Gesetzgeber klar als unn\u00f6tig erachtet wird (n\u00e4mlich dort, wo \"dies f\u00fcr eine m\u00f6glichst zuverl\u00e4ssige Beurteilung der wirtschaftlichen Lage\" eben gerade nicht n\u00f6tig ist!), ist vollkommen \u00fcbertrieben und \u00f6ffnet Querulanten ohne Not T\u00fcr und Tor. Es wird hier vorgeschlagen, stattdessen die Minderheitenquoren gem\u00e4ss Artikel 962 Absatz 4 E-OR (in der Fassung des St\u00e4nderates) zu \u00fcbernehmen. Dies ist ad\u00e4quater Minderheitenschutz.</p>\n<p>[VS]</p>\n<p><b>Art. 963a</b></p>\n<p><i>Proposition de la majorit\u00e9</i></p>\n<p>Adh\u00e9rer \u00e0 la d\u00e9cision du Conseil des Etats</p>\n<p>[VS]</p>\n<p><i>Proposition de la minorit\u00e9 I</i></p>\n<p>(Schwander, Freysinger, Geissb\u00fchler, Heer, Kaufmann, Nidegger, Reimann Lukas, Stamm)</p>\n<p><i>Al. 1 ch. 1 let. b</i></p>\n<p>b. ... 80 millions de francs;</p>\n<p>[VS]</p>\n<p><i>Proposition de la minorit\u00e9 II</i></p>\n<p>(Leutenegger Oberholzer, Allemann, Jositsch, Sommaruga Carlo, Thanei, Vischer, Wyss Brigit)</p>\n<p><i>Al. 1 ch. 1 let. a-c</i></p>\n<p>Adh\u00e9rer au projet du Conseil f\u00e9d\u00e9ral</p>\n<p>[VS]</p>\n<p><i>Proposition de la minorit\u00e9</i></p>\n<p>(Leutenegger Oberholzer, Lumengo, Sommaruga Carlo, Thanei, Vischer, von Graffenried, Wyss Brigit)</p>\n<p><i>Al. 1 ch. 3</i></p>\n<p>Biffer </p>\n<p>(voir aussi art. 963 al. 3)</p>\n<p>[VS]</p>\n<p><i>Proposition de la minorit\u00e9</i></p>\n<p>(Stamm, Freysinger, Geissb\u00fchler, Kaufmann, Nidegger, Reimann Lukas, Schwander)</p>\n<p><i>Al. 1 ch. 4</i></p>\n<p>4. si elle est la propri\u00e9t\u00e9 d'un seul individu ou si tous ses propri\u00e9taires ont donn\u00e9 leur accord \u00e9crit.</p>\n<p>[VS]</p>\n<p><i>Proposition Leutenegger Oberholzer</i></p>\n<p><i>Al. 1 ch. 1 let. a, b</i></p>\n<p>Adh\u00e9rer \u00e0 la d\u00e9cision du Conseil des Etats</p>\n<p><i>Al. 1 ch. 1 let. c</i></p>\n<p>c. effectif: 200 emplois \u00e0 ...</p>\n<p>[VS]</p>\n<p><i>Proposition Loepfe</i></p>\n<p><i>Al. 2 ch. 2</i></p>\n<p>2. si des associ\u00e9s, pour autant qu'ils repr\u00e9sentent ensemble au moins 20 pour cent du capital social, 10 pour cent des membres de la soci\u00e9t\u00e9 coop\u00e9rative, 20 pour cent des membres de l'association ou l'autorit\u00e9 de surveillance de la fondation l'exigent; ou</p>\n<p><i>Al. 2 ch. 3</i></p>\n<p>3. si un associ\u00e9 ou un membre de l'association qui r\u00e9pond personnellement des dettes de l'entreprise ou est soumis \u00e0 une obligation de faire des versements suppl\u00e9mentaires l'exige.</p>\n<p>[VS]</p>\n<p><b>\u00c4nderung bisherigen Rechts</b></p>\n<p><i>Antrag der Kommission</i></p>\n<p><i>Ziff. 1a Titel</i></p>\n<p>1a. Fusionsgesetz vom 3. Oktober 2003</p>\n<p><i>Ziff. 1a Art. 2 Bst. e Ziff. 3</i></p>\n<p>3. 250 Vollzeitstellen ... </p>\n<p>(siehe auch Ziff. I Ziff. 2 Art. 959c Abs. 2 Ziff. 2)</p>\n<p>[VS]</p>\n<p><i>Antrag Leutenegger Oberholzer</i></p>\n<p><i>Ziff. 1a Art. 2 Bst. e Ziff. 3</i></p>\n<p>Streichen</p>\n<p>[VS]</p>\n<p><b>Modification du droit en vigueur</b></p>\n<p><i>Proposition de la commission</i></p>\n<p><i>Ch. 1a titre</i></p>\n<p>1a. Loi du 3 octobre 2003 sur la fusion</p>\n<p><i>Ch. 1a art. 2 let. e ch. 3</i></p>\n<p>3. ... de 250 emplois \u00e0 plein temps; </p>\n<p>(voir aussi ch. I ch. 2 art. 959c al. 2 ch. 2)</p>\n<p>[VS]</p>\n<p><i>Proposition Leutenegger Oberholzer</i></p>\n<p><i>Ch. 1a art. 2 let. e ch. 3</i></p>\n<p>Biffer</p>\n<p>[VS]</p>\n<p><i>Art. 963</i></p>\n</pd_text>","MeetingCouncilAbbreviation":"N","MeetingDate":"20101208","MeetingVerbalixOid":1999,"IdSession":"4816","SpeakerFirstName":"Jean-Ren\u00e9","SpeakerLastName":"Germanier","SpeakerFullName":"Germanier Jean-Ren\u00e9","SpeakerFunction":"P-M","CouncilId":1,"CouncilName":"Nationalrat","CantonId":23,"CantonName":"Wallis","CantonAbbreviation":"VS","ParlGroupName":"Freisinnig-demokratische Fraktion","ParlGroupAbbreviation":"RL","SortOrder":36,"Start":"\/Date(1291804917657)\/","End":"\/Date(1291805030765)\/","Function":"P-M","DisplaySpeaker":false,"LanguageOfText":null,"Modified":"\/Date(1774877725890)\/","StartTimeWithTimezone":"\/Date(1291804917657+0060)\/","EndTimeWithTimezone":"\/Date(1291805030767+0060)\/","VoteBusinessNumber":null,"VoteBusinessShortNumber":null,"VoteBusinessTitle":null},{"__metadata":{"id":"https://ws.parlament.ch/OData.svc/Transcript(ID=114108L,Language='DE')","uri":"https://ws.parlament.ch/OData.svc/Transcript(ID=114108L,Language='DE')","type":"itsystems.Pd.DataServices.DataModel.Transcript"},"Subjects":{"__deferred":{"uri":"https://ws.parlament.ch/OData.svc/Transcript(ID=114108L,Language='DE')/Subjects"}},"MembersCouncil":{"__deferred":{"uri":"https://ws.parlament.ch/OData.svc/Transcript(ID=114108L,Language='DE')/MembersCouncil"}},"Businesses":{"__deferred":{"uri":"https://ws.parlament.ch/OData.svc/Transcript(ID=114108L,Language='DE')/Businesses"}},"ID":"114108","Language":"DE","IdSubject":"18434","VoteId":"4808","PersonNumber":null,"Type":2,"Text":"<pd_text><p><b>Le pr\u00e9sident </b>(Germanier Jean-Ren\u00e9, pr\u00e9sident): Le groupe UDC et le groupe PDC/PEV/PVL soutiennent la proposition de la majorit\u00e9. </p>\n<p>[VS]</p>\n<p><i>Abstimmung - Vote</i></p>\n<p>[NAM]</p>\n<p>F\u00fcr den Antrag der Mehrheit ... 94 Stimmen</p>\n<p>F\u00fcr den Antrag der Minderheit ... 52 Stimmen</p>\n<p>[VS]</p>\n<p><i>\u00dcbrige Bestimmungen angenommen</i></p>\n<p><i>Les autres dispositions sont adopt\u00e9es</i></p>\n</pd_text>","MeetingCouncilAbbreviation":"N","MeetingDate":"20101208","MeetingVerbalixOid":1999,"IdSession":"4816","SpeakerFirstName":null,"SpeakerLastName":null,"SpeakerFullName":"","SpeakerFunction":null,"CouncilId":null,"CouncilName":null,"CantonId":null,"CantonName":null,"CantonAbbreviation":null,"ParlGroupName":null,"ParlGroupAbbreviation":null,"SortOrder":35,"Start":"\/Date(1291804917657)\/","End":"\/Date(1291804917657)\/","Function":null,"DisplaySpeaker":null,"LanguageOfText":"DE","Modified":"\/Date(1774877725889)\/","StartTimeWithTimezone":"\/Date(1291804917657+0060)\/","EndTimeWithTimezone":"\/Date(1291804917657+0060)\/","VoteBusinessNumber":20080011,"VoteBusinessShortNumber":"08.011","VoteBusinessTitle":"OR. Aktien- und\nRechnungslegungsrecht"},{"__metadata":{"id":"https://ws.parlament.ch/OData.svc/Transcript(ID=114109L,Language='DE')","uri":"https://ws.parlament.ch/OData.svc/Transcript(ID=114109L,Language='DE')","type":"itsystems.Pd.DataServices.DataModel.Transcript"},"Subjects":{"__deferred":{"uri":"https://ws.parlament.ch/OData.svc/Transcript(ID=114109L,Language='DE')/Subjects"}},"MembersCouncil":{"__deferred":{"uri":"https://ws.parlament.ch/OData.svc/Transcript(ID=114109L,Language='DE')/MembersCouncil"}},"Businesses":{"__deferred":{"uri":"https://ws.parlament.ch/OData.svc/Transcript(ID=114109L,Language='DE')/Businesses"}},"ID":"114109","Language":"DE","IdSubject":"18434","VoteId":null,"PersonNumber":214,"Type":1,"Text":"<pd_text><p>Wir sind beim Thema der anerkannten Standards zur Rechnungslegung. Bundesrat und St\u00e4nderat haben vorgesehen, dass der Bundesrat generell die anerkannten Standards bezeichnet und die Voraussetzungen festlegt, die f\u00fcr die Wahl eines Standards oder den Wechsel von einem Standard zum andern erf\u00fcllt sein m\u00fcssen.</p>\n<p>Die Kommission bittet Sie nun zu beschliessen, dass der Bundesrat diese Dinge zwar festlegen kann, aber nicht f\u00fcr die kotierten Gesellschaften, f\u00fcr welche die B\u00f6rse einen Standard festgelegt hat. Die B\u00f6rsen legen bekanntlich im Rahmen ihrer Selbstregulierung die anzuwendenden Rechnungslegungsbestimmungen f\u00fcr die kotierten Gesellschaften fest. In diese Selbstregulierungshoheit sollte der Gesetzgeber nicht via OR eingreifen. Das war die Meinung der Mehrheit der Kommission.</p>\n<p>Vielleicht \u00e4ndert sich materiell gar nicht viel, da die Regelung der B\u00f6rse mit den Intentionen des Bundesrates \u00fcbereinstimmt: Mit Swiss GAAP FER, IFRS und US GAAP sind anerkannte Standards vorgesehen. Da sind wahrscheinlich die L\u00f6sungen von B\u00f6rse und Bundesrat deckungsgleich.</p>\n</pd_text>","MeetingCouncilAbbreviation":"N","MeetingDate":"20101208","MeetingVerbalixOid":1999,"IdSession":"4816","SpeakerFirstName":"Luzi","SpeakerLastName":"Stamm","SpeakerFullName":"Stamm Luzi","SpeakerFunction":"Mit-M","CouncilId":1,"CouncilName":"Nationalrat","CantonId":19,"CantonName":"Aargau","CantonAbbreviation":"AG","ParlGroupName":"Fraktion der Schweizerischen Volkspartei","ParlGroupAbbreviation":"V","SortOrder":34,"Start":"\/Date(1291804825768)\/","End":"\/Date(1291804917657)\/","Function":"*","DisplaySpeaker":true,"LanguageOfText":"DE","Modified":"\/Date(1774877725888)\/","StartTimeWithTimezone":"\/Date(1291804825767+0060)\/","EndTimeWithTimezone":"\/Date(1291804917657+0060)\/","VoteBusinessNumber":null,"VoteBusinessShortNumber":null,"VoteBusinessTitle":null},{"__metadata":{"id":"https://ws.parlament.ch/OData.svc/Transcript(ID=114110L,Language='DE')","uri":"https://ws.parlament.ch/OData.svc/Transcript(ID=114110L,Language='DE')","type":"itsystems.Pd.DataServices.DataModel.Transcript"},"Subjects":{"__deferred":{"uri":"https://ws.parlament.ch/OData.svc/Transcript(ID=114110L,Language='DE')/Subjects"}},"MembersCouncil":{"__deferred":{"uri":"https://ws.parlament.ch/OData.svc/Transcript(ID=114110L,Language='DE')/MembersCouncil"}},"Businesses":{"__deferred":{"uri":"https://ws.parlament.ch/OData.svc/Transcript(ID=114110L,Language='DE')/Businesses"}},"ID":"114110","Language":"DE","IdSubject":"18434","VoteId":null,"PersonNumber":512,"Type":1,"Text":"<pd_text><p>Dann komme ich zum Minderheitsantrag von Graffenried.</p>\n<p>Die Schweizer B\u00f6rse ist keine \u00f6ffentlich-rechtliche Einrichtung, sondern eine privatrechtliche Aktiengesellschaft, deren gr\u00f6sste Aktion\u00e4re unter anderem die zwei Grossbanken UBS und Credit Suisse sind. Aus rechtsstaatlichen Gr\u00fcnden ist es deshalb zwingend notwendig, dass nicht die Schweizer B\u00f6rse, also die SIX Exchange Regulation, sondern der Bundesrat als demokratisch legitimiertes Exekutivorgan die zul\u00e4ssigen Standards bestimmt. Das Gebiet der Rechnungslegung ist keine rein b\u00f6rseninterne Angelegenheit; der Bundesrat wird in der Lage sein, ausreichend schnell auf zuk\u00fcnftige Entwicklungen im Bereich der anerkannten Standards zur Rechnungslegung zu reagieren, das kann ich Ihnen schon hier versprechen. Es ist davon auszugehen, dass die drei f\u00fcr die Schweizer B\u00f6rse relevanten Standards - Swiss GAAP FER, IFRS und US GAAP - als Standards im Sinne von Artikel 962a Absatz 5 bezeichnet werden. F\u00fcr die b\u00f6rsenkotierten Unternehmen wird sich mit der geplanten Kompetenz des Bundesrates nichts \u00e4ndern. Zudem wird die Verordnung des Bundesrates nicht im luftleeren Raum entstehen, sondern in Zusammenarbeit mit anderen staatlichen und privaten Organisationen. </p>\n<p>Aus diesen Gr\u00fcnden erachte ich eine \u00c4nderung des bundesr\u00e4tlichen Entwurfes als nicht notwendig und bitte Sie, der Minderheit von Graffenried und damit dem St\u00e4nderat und dem Bundesrat zu folgen. </p>\n</pd_text>","MeetingCouncilAbbreviation":"N","MeetingDate":"20101208","MeetingVerbalixOid":1999,"IdSession":"4816","SpeakerFirstName":"Simonetta","SpeakerLastName":"Sommaruga","SpeakerFullName":"Sommaruga Simonetta","SpeakerFunction":"BR-F","CouncilId":99,"CouncilName":"Bundesrat","CantonId":2,"CantonName":"Bern","CantonAbbreviation":"BE","ParlGroupName":null,"ParlGroupAbbreviation":null,"SortOrder":33,"Start":"\/Date(1291804720379)\/","End":"\/Date(1291804825768)\/","Function":"BR-F","DisplaySpeaker":true,"LanguageOfText":"DE","Modified":"\/Date(1774877725886)\/","StartTimeWithTimezone":"\/Date(1291804720380+0060)\/","EndTimeWithTimezone":"\/Date(1291804825767+0060)\/","VoteBusinessNumber":null,"VoteBusinessShortNumber":null,"VoteBusinessTitle":null},{"__metadata":{"id":"https://ws.parlament.ch/OData.svc/Transcript(ID=114111L,Language='DE')","uri":"https://ws.parlament.ch/OData.svc/Transcript(ID=114111L,Language='DE')","type":"itsystems.Pd.DataServices.DataModel.Transcript"},"Subjects":{"__deferred":{"uri":"https://ws.parlament.ch/OData.svc/Transcript(ID=114111L,Language='DE')/Subjects"}},"MembersCouncil":{"__deferred":{"uri":"https://ws.parlament.ch/OData.svc/Transcript(ID=114111L,Language='DE')/MembersCouncil"}},"Businesses":{"__deferred":{"uri":"https://ws.parlament.ch/OData.svc/Transcript(ID=114111L,Language='DE')/Businesses"}},"ID":"114111","Language":"DE","IdSubject":"18434","VoteId":null,"PersonNumber":1117,"Type":1,"Text":"<pd_text><p>Madame la conseill\u00e8re f\u00e9d\u00e9rale, la proposition Noser a \u00e9t\u00e9 retir\u00e9e.</p>\n</pd_text>","MeetingCouncilAbbreviation":"N","MeetingDate":"20101208","MeetingVerbalixOid":1999,"IdSession":"4816","SpeakerFirstName":"Jean-Ren\u00e9","SpeakerLastName":"Germanier","SpeakerFullName":"Germanier Jean-Ren\u00e9","SpeakerFunction":"P-M","CouncilId":1,"CouncilName":"Nationalrat","CantonId":23,"CantonName":"Wallis","CantonAbbreviation":"VS","ParlGroupName":"Freisinnig-demokratische Fraktion","ParlGroupAbbreviation":"RL","SortOrder":32,"Start":"\/Date(1291804715957)\/","End":"\/Date(1291804720379)\/","Function":"P-M","DisplaySpeaker":true,"LanguageOfText":"FR","Modified":"\/Date(1774877725885)\/","StartTimeWithTimezone":"\/Date(1291804715957+0060)\/","EndTimeWithTimezone":"\/Date(1291804720380+0060)\/","VoteBusinessNumber":null,"VoteBusinessShortNumber":null,"VoteBusinessTitle":null},{"__metadata":{"id":"https://ws.parlament.ch/OData.svc/Transcript(ID=114112L,Language='DE')","uri":"https://ws.parlament.ch/OData.svc/Transcript(ID=114112L,Language='DE')","type":"itsystems.Pd.DataServices.DataModel.Transcript"},"Subjects":{"__deferred":{"uri":"https://ws.parlament.ch/OData.svc/Transcript(ID=114112L,Language='DE')/Subjects"}},"MembersCouncil":{"__deferred":{"uri":"https://ws.parlament.ch/OData.svc/Transcript(ID=114112L,Language='DE')/MembersCouncil"}},"Businesses":{"__deferred":{"uri":"https://ws.parlament.ch/OData.svc/Transcript(ID=114112L,Language='DE')/Businesses"}},"ID":"114112","Language":"DE","IdSubject":"18434","VoteId":null,"PersonNumber":512,"Type":1,"Text":"<pd_text><p>Ich spreche zuerst zum Antrag Noser - das ist der Antrag zu Artikel 962a Absatz 2 - [PAGE 1911] und nachher zum Minderheitsantrag von Graffenried zu Artikel 962a Absatz 5; zuerst jetzt also zum Antrag Noser.</p>\n</pd_text>","MeetingCouncilAbbreviation":"N","MeetingDate":"20101208","MeetingVerbalixOid":1999,"IdSession":"4816","SpeakerFirstName":"Simonetta","SpeakerLastName":"Sommaruga","SpeakerFullName":"Sommaruga Simonetta","SpeakerFunction":"BR-F","CouncilId":99,"CouncilName":"Bundesrat","CantonId":2,"CantonName":"Bern","CantonAbbreviation":"BE","ParlGroupName":null,"ParlGroupAbbreviation":null,"SortOrder":31,"Start":"\/Date(1291804681473)\/","End":"\/Date(1291804715957)\/","Function":"BR-F","DisplaySpeaker":true,"LanguageOfText":"DE","Modified":"\/Date(1774877725884)\/","StartTimeWithTimezone":"\/Date(1291804681473+0060)\/","EndTimeWithTimezone":"\/Date(1291804715957+0060)\/","VoteBusinessNumber":null,"VoteBusinessShortNumber":null,"VoteBusinessTitle":null},{"__metadata":{"id":"https://ws.parlament.ch/OData.svc/Transcript(ID=114113L,Language='DE')","uri":"https://ws.parlament.ch/OData.svc/Transcript(ID=114113L,Language='DE')","type":"itsystems.Pd.DataServices.DataModel.Transcript"},"Subjects":{"__deferred":{"uri":"https://ws.parlament.ch/OData.svc/Transcript(ID=114113L,Language='DE')/Subjects"}},"MembersCouncil":{"__deferred":{"uri":"https://ws.parlament.ch/OData.svc/Transcript(ID=114113L,Language='DE')/MembersCouncil"}},"Businesses":{"__deferred":{"uri":"https://ws.parlament.ch/OData.svc/Transcript(ID=114113L,Language='DE')/Businesses"}},"ID":"114113","Language":"DE","IdSubject":"18434","VoteId":null,"PersonNumber":1153,"Type":1,"Text":"<pd_text><p>Zuerst m\u00f6chte ich Ihnen danken, dass Sie den Antrag Kaufmann angenommen haben, und ich m\u00f6chte insbesondere dem Bundesrat danken, dass er uns da unterst\u00fctzt hat. Ich glaube, das ist eine gute Sache. </p>\n<p>Nun ist es aber so, dass nat\u00fcrlich mit dem Antrag Kaufmann einiges innerhalb dieses Gesetzes ge\u00e4ndert wird, und unter anderem schl\u00e4gt sich das hier auch bei diesem Absatz 5 nieder. Denn der Antrag Kaufmann verlangt ja, dass man nach OR Rechnung legen muss. Damit gibt es kein Opting-out mehr, und meiner Ansicht nach ist es dann auch nicht mehr n\u00f6tig, dass der Bundesrat festlegt, nach welchen weiteren Standards eine Firma Rechnung legen kann. Denn es ist ja gegeben, dass man nach OR Rechnung legen muss. Das heisst, man kann das ruhig dann wieder den Firmen \u00fcberlassen.</p>\n<p>Ich m\u00f6chte Sie bitten, im Moment f\u00fcr die Mehrheit zu stimmen, aber es ist eigentlich meiner Ansicht nach fast klar, dass der St\u00e4nderat diese Bestimmung dann streichen wird.</p>\n</pd_text>","MeetingCouncilAbbreviation":"N","MeetingDate":"20101208","MeetingVerbalixOid":1999,"IdSession":"4816","SpeakerFirstName":"Ruedi","SpeakerLastName":"Noser","SpeakerFullName":"Noser Ruedi","SpeakerFunction":"Mit-M","CouncilId":1,"CouncilName":"Nationalrat","CantonId":1,"CantonName":"Z\u00fcrich","CantonAbbreviation":"ZH","ParlGroupName":"Freisinnig-demokratische Fraktion","ParlGroupAbbreviation":"RL","SortOrder":30,"Start":"\/Date(1291804616146)\/","End":"\/Date(1291804681473)\/","Function":"Mit-M","DisplaySpeaker":true,"LanguageOfText":"DE","Modified":"\/Date(1774877725883)\/","StartTimeWithTimezone":"\/Date(1291804616147+0060)\/","EndTimeWithTimezone":"\/Date(1291804681473+0060)\/","VoteBusinessNumber":null,"VoteBusinessShortNumber":null,"VoteBusinessTitle":null},{"__metadata":{"id":"https://ws.parlament.ch/OData.svc/Transcript(ID=114114L,Language='DE')","uri":"https://ws.parlament.ch/OData.svc/Transcript(ID=114114L,Language='DE')","type":"itsystems.Pd.DataServices.DataModel.Transcript"},"Subjects":{"__deferred":{"uri":"https://ws.parlament.ch/OData.svc/Transcript(ID=114114L,Language='DE')/Subjects"}},"MembersCouncil":{"__deferred":{"uri":"https://ws.parlament.ch/OData.svc/Transcript(ID=114114L,Language='DE')/MembersCouncil"}},"Businesses":{"__deferred":{"uri":"https://ws.parlament.ch/OData.svc/Transcript(ID=114114L,Language='DE')/Businesses"}},"ID":"114114","Language":"DE","IdSubject":"18434","VoteId":null,"PersonNumber":3908,"Type":1,"Text":"<pd_text><p>Wir haben \u00fcber die Standards gesprochen, die der Rechnungslegung zugrunde gelegt werden wollen. Wir haben jetzt ein rechtsstaatliches Problem. Es geht um die Frage: Wer legt denn nun die Standards f\u00fcr die Rechnungslegung fest? Wer bezeichnet die Standards, welche als anerkannte Standards gelten k\u00f6nnen, als Standards, nach denen ein solcher Abschluss erstellt werden kann? Der Bundesrat und der St\u00e4nderat haben den Bundesrat als zust\u00e4ndige Stelle bezeichnet, welche diese anerkannten Standards bezeichnet. Die B\u00f6rse hat im Rahmen ihrer Selbstregulierung bereits solche Standards festgelegt. Nun m\u00f6chte eine knappe Mehrheit Ihrer Kommission, dass der Bundesrat nur Standards festlegen kann, sofern die B\u00f6rse f\u00fcr die b\u00f6rsenkotierten Gesellschaften nicht bereits einen Standard festgelegt hat.</p>\n<p>Wir wenden uns aus grunds\u00e4tzlichen \u00dcberlegungen gegen diese Ab\u00e4nderung. Diese Standards sollen konsequent vom Bundesrat festgelegt werden. Die B\u00f6rse ist ein privater Akteur. Wir wollen aber, dass der Bundesrat das letzte Wort in Bezug auf die Frage hat, welche Standards gelten sollen und zur Anwendung gebracht werden k\u00f6nnen. Der Bundesrat wird selbstverst\u00e4ndlich die Standards festlegen, welche auch die B\u00f6rse verlangt; das wurde auch schon so in Aussicht gestellt. Der Bundesrat hat alles Interesse, dass die B\u00f6rsen dann auch funktionieren. Es besteht in diesem Sinne kein Risiko. Es wird unter dem Strich vermutlich auch keine \u00c4nderung geben.</p>\n<p>Ich bitte Sie aber aus rechtsstaatlichen \u00dcberlegungen, meiner Minderheit und damit dem Bundesrat und dem St\u00e4nderat zu folgen.</p>\n</pd_text>","MeetingCouncilAbbreviation":"N","MeetingDate":"20101208","MeetingVerbalixOid":1999,"IdSession":"4816","SpeakerFirstName":"Alec","SpeakerLastName":"von Graffenried","SpeakerFullName":"von Graffenried Alec","SpeakerFunction":"Mit-M","CouncilId":1,"CouncilName":"Nationalrat","CantonId":2,"CantonName":"Bern","CantonAbbreviation":"BE","ParlGroupName":"Gr\u00fcne Fraktion","ParlGroupAbbreviation":"G","SortOrder":29,"Start":"\/Date(1291804498147)\/","End":"\/Date(1291804616146)\/","Function":"Mit-M","DisplaySpeaker":true,"LanguageOfText":"DE","Modified":"\/Date(1774877725881)\/","StartTimeWithTimezone":"\/Date(1291804498147+0060)\/","EndTimeWithTimezone":"\/Date(1291804616147+0060)\/","VoteBusinessNumber":null,"VoteBusinessShortNumber":null,"VoteBusinessTitle":null},{"__metadata":{"id":"https://ws.parlament.ch/OData.svc/Transcript(ID=114115L,Language='DE')","uri":"https://ws.parlament.ch/OData.svc/Transcript(ID=114115L,Language='DE')","type":"itsystems.Pd.DataServices.DataModel.Transcript"},"Subjects":{"__deferred":{"uri":"https://ws.parlament.ch/OData.svc/Transcript(ID=114115L,Language='DE')/Subjects"}},"MembersCouncil":{"__deferred":{"uri":"https://ws.parlament.ch/OData.svc/Transcript(ID=114115L,Language='DE')/MembersCouncil"}},"Businesses":{"__deferred":{"uri":"https://ws.parlament.ch/OData.svc/Transcript(ID=114115L,Language='DE')/Businesses"}},"ID":"114115","Language":"DE","IdSubject":"18434","VoteId":"4807","PersonNumber":null,"Type":2,"Text":"<pd_text><p><i>Art. 962; 962a Abs. 1, 4; \u00c4nderung bisherigen Rechts Ziff. 2 Art. 207b; Ziff. 3 Art. 78d</i></p>\n<p><i>Art. 962; 962a al. 1, 4; modification du droit en vigueur ch. 2 art. 207b; ch. 3 art. 78d</i></p>\n<p>[VS]</p>\n<p><i>Abstimmung - Vote</i></p>\n<p>[NAM]</p>\n<p>F\u00fcr den Antrag Kaufmann ... 130 Stimmen</p>\n<p>F\u00fcr den Antrag der Mehrheit ... 16 Stimmen</p>\n<p>[VS]</p>\n<p><i>Art. 962a Abs. 2, 5 - Art. 962a al. 2, 5</i></p>\n</pd_text>","MeetingCouncilAbbreviation":"N","MeetingDate":"20101208","MeetingVerbalixOid":1999,"IdSession":"4816","SpeakerFirstName":null,"SpeakerLastName":null,"SpeakerFullName":"","SpeakerFunction":null,"CouncilId":null,"CouncilName":null,"CantonId":null,"CantonName":null,"CantonAbbreviation":null,"ParlGroupName":null,"ParlGroupAbbreviation":null,"SortOrder":28,"Start":null,"End":null,"Function":null,"DisplaySpeaker":null,"LanguageOfText":"DE","Modified":"\/Date(1774877725880)\/","StartTimeWithTimezone":null,"EndTimeWithTimezone":null,"VoteBusinessNumber":20080011,"VoteBusinessShortNumber":"08.011","VoteBusinessTitle":"OR. Aktien- und\nRechnungslegungsrecht"},{"__metadata":{"id":"https://ws.parlament.ch/OData.svc/Transcript(ID=114116L,Language='DE')","uri":"https://ws.parlament.ch/OData.svc/Transcript(ID=114116L,Language='DE')","type":"itsystems.Pd.DataServices.DataModel.Transcript"},"Subjects":{"__deferred":{"uri":"https://ws.parlament.ch/OData.svc/Transcript(ID=114116L,Language='DE')/Subjects"}},"MembersCouncil":{"__deferred":{"uri":"https://ws.parlament.ch/OData.svc/Transcript(ID=114116L,Language='DE')/MembersCouncil"}},"Businesses":{"__deferred":{"uri":"https://ws.parlament.ch/OData.svc/Transcript(ID=114116L,Language='DE')/Businesses"}},"ID":"114116","Language":"DE","IdSubject":"18434","VoteId":"4806","PersonNumber":null,"Type":2,"Text":"<pd_text><p><i>\u00c4nderung bisherigen Rechts Ziff. 2 Art. 207b Abs. 1; Ziff. 3 Art. 78d Abs. 1</i></p>\n<p><i>Modification du droit en vigueur ch. 2 art. 207b al. 1; ch. 3 art. 78d al. 1</i></p>\n<p>[VS]</p>\n<p><i>Abstimmung - Vote</i></p>\n<p>[NAM]</p>\n<p>F\u00fcr den Antrag der Mehrheit ... 109 Stimmen</p>\n<p>F\u00fcr den Antrag der Minderheit ... 56 Stimmen</p>\n<p>[VS]</p>\n</pd_text>","MeetingCouncilAbbreviation":"N","MeetingDate":"20101208","MeetingVerbalixOid":1999,"IdSession":"4816","SpeakerFirstName":null,"SpeakerLastName":null,"SpeakerFullName":"","SpeakerFunction":null,"CouncilId":null,"CouncilName":null,"CantonId":null,"CantonName":null,"CantonAbbreviation":null,"ParlGroupName":null,"ParlGroupAbbreviation":null,"SortOrder":27,"Start":null,"End":null,"Function":null,"DisplaySpeaker":null,"LanguageOfText":"DE","Modified":"\/Date(1774877725878)\/","StartTimeWithTimezone":null,"EndTimeWithTimezone":null,"VoteBusinessNumber":20080011,"VoteBusinessShortNumber":"08.011","VoteBusinessTitle":"OR. Aktien- und\nRechnungslegungsrecht"},{"__metadata":{"id":"https://ws.parlament.ch/OData.svc/Transcript(ID=114117L,Language='DE')","uri":"https://ws.parlament.ch/OData.svc/Transcript(ID=114117L,Language='DE')","type":"itsystems.Pd.DataServices.DataModel.Transcript"},"Subjects":{"__deferred":{"uri":"https://ws.parlament.ch/OData.svc/Transcript(ID=114117L,Language='DE')/Subjects"}},"MembersCouncil":{"__deferred":{"uri":"https://ws.parlament.ch/OData.svc/Transcript(ID=114117L,Language='DE')/MembersCouncil"}},"Businesses":{"__deferred":{"uri":"https://ws.parlament.ch/OData.svc/Transcript(ID=114117L,Language='DE')/Businesses"}},"ID":"114117","Language":"DE","IdSubject":"18434","VoteId":"4804","PersonNumber":null,"Type":2,"Text":"<pd_text><p><b>Le pr\u00e9sident </b>(Germanier Jean-Ren\u00e9, pr\u00e9sident): La proposition Loepfe \u00e0 l'article 962 a \u00e9t\u00e9 retir\u00e9e. </p>\n<p>[VS]</p>\n<p><i>Art. 962 Abs. 4 Ziff. 1 - Art. 962 al. 4 ch. 1</i></p>\n<p>[VS]</p>\n<p><i>Abstimmung - Vote</i></p>\n<p>[NAM]</p>\n<p>F\u00fcr den Antrag der Mehrheit ... 109 Stimmen</p>\n<p>F\u00fcr den Antrag der Minderheit ... 55 Stimmen</p>\n<p>[VS]</p>\n</pd_text>","MeetingCouncilAbbreviation":"N","MeetingDate":"20101208","MeetingVerbalixOid":1999,"IdSession":"4816","SpeakerFirstName":null,"SpeakerLastName":null,"SpeakerFullName":"","SpeakerFunction":null,"CouncilId":null,"CouncilName":null,"CantonId":null,"CantonName":null,"CantonAbbreviation":null,"ParlGroupName":null,"ParlGroupAbbreviation":null,"SortOrder":26,"Start":"\/Date(1291804498147)\/","End":"\/Date(1291804498147)\/","Function":null,"DisplaySpeaker":null,"LanguageOfText":"DE","Modified":"\/Date(1774877725877)\/","StartTimeWithTimezone":"\/Date(1291804498147+0060)\/","EndTimeWithTimezone":"\/Date(1291804498147+0060)\/","VoteBusinessNumber":20080011,"VoteBusinessShortNumber":"08.011","VoteBusinessTitle":"OR. Aktien- und\nRechnungslegungsrecht"},{"__metadata":{"id":"https://ws.parlament.ch/OData.svc/Transcript(ID=114118L,Language='DE')","uri":"https://ws.parlament.ch/OData.svc/Transcript(ID=114118L,Language='DE')","type":"itsystems.Pd.DataServices.DataModel.Transcript"},"Subjects":{"__deferred":{"uri":"https://ws.parlament.ch/OData.svc/Transcript(ID=114118L,Language='DE')/Subjects"}},"MembersCouncil":{"__deferred":{"uri":"https://ws.parlament.ch/OData.svc/Transcript(ID=114118L,Language='DE')/MembersCouncil"}},"Businesses":{"__deferred":{"uri":"https://ws.parlament.ch/OData.svc/Transcript(ID=114118L,Language='DE')/Businesses"}},"ID":"114118","Language":"DE","IdSubject":"18434","VoteId":null,"PersonNumber":214,"Type":1,"Text":"<pd_text><p>Ich halte die Aussage von Herrn Noser f\u00fcr richtig; er hat das einfach zusammengefasst: Wenn dem Antrag Kaufmann zugestimmt wird, fallen tats\u00e4chlich einige Dinge weg. Aber, Frau Bundesr\u00e4tin, es muss ja so sein, dass im St\u00e4nderat \u00fcber den L\u00f6sungsvorschlag Kaufmann diskutiert und dazu Ja oder Nein gesagt wird. Wenn das beantwortet ist, dann weiss der St\u00e4nderat, ob er bei Artikel 962 die Frage der Prozente usw. neu besprechen muss. Also glaube ich, das Problem l\u00f6st sich sowieso, auch wenn jetzt ein Ja zum Antrag Kaufmann resultiert. </p>\n</pd_text>","MeetingCouncilAbbreviation":"N","MeetingDate":"20101208","MeetingVerbalixOid":1999,"IdSession":"4816","SpeakerFirstName":"Luzi","SpeakerLastName":"Stamm","SpeakerFullName":"Stamm Luzi","SpeakerFunction":"Mit-M","CouncilId":1,"CouncilName":"Nationalrat","CantonId":19,"CantonName":"Aargau","CantonAbbreviation":"AG","ParlGroupName":"Fraktion der Schweizerischen Volkspartei","ParlGroupAbbreviation":"V","SortOrder":25,"Start":"\/Date(1291804108465)\/","End":"\/Date(1291804498147)\/","Function":"*","DisplaySpeaker":true,"LanguageOfText":"DE","Modified":"\/Date(1774877725876)\/","StartTimeWithTimezone":"\/Date(1291804108467+0060)\/","EndTimeWithTimezone":"\/Date(1291804498147+0060)\/","VoteBusinessNumber":null,"VoteBusinessShortNumber":null,"VoteBusinessTitle":null},{"__metadata":{"id":"https://ws.parlament.ch/OData.svc/Transcript(ID=114119L,Language='DE')","uri":"https://ws.parlament.ch/OData.svc/Transcript(ID=114119L,Language='DE')","type":"itsystems.Pd.DataServices.DataModel.Transcript"},"Subjects":{"__deferred":{"uri":"https://ws.parlament.ch/OData.svc/Transcript(ID=114119L,Language='DE')/Subjects"}},"MembersCouncil":{"__deferred":{"uri":"https://ws.parlament.ch/OData.svc/Transcript(ID=114119L,Language='DE')/MembersCouncil"}},"Businesses":{"__deferred":{"uri":"https://ws.parlament.ch/OData.svc/Transcript(ID=114119L,Language='DE')/Businesses"}},"ID":"114119","Language":"DE","IdSubject":"18434","VoteId":"4799","PersonNumber":null,"Type":2,"Text":"<pd_text><p><i>Abstimmung - Vote</i></p>\n<p>[NAM]</p>\n<p>F\u00fcr den Antrag der Mehrheit ... 103 Stimmen</p>\n<p>F\u00fcr den Antrag der Minderheit ... 56 Stimmen</p>\n<p>[VS]</p>\n</pd_text>","MeetingCouncilAbbreviation":"N","MeetingDate":"20101208","MeetingVerbalixOid":1999,"IdSession":"4816","SpeakerFirstName":null,"SpeakerLastName":null,"SpeakerFullName":"","SpeakerFunction":null,"CouncilId":null,"CouncilName":null,"CantonId":null,"CantonName":null,"CantonAbbreviation":null,"ParlGroupName":null,"ParlGroupAbbreviation":null,"SortOrder":12,"Start":"\/Date(1291801857650)\/","End":"\/Date(1291801857650)\/","Function":null,"DisplaySpeaker":null,"LanguageOfText":"DE","Modified":"\/Date(1774877725848)\/","StartTimeWithTimezone":"\/Date(1291801857650+0060)\/","EndTimeWithTimezone":"\/Date(1291801857650+0060)\/","VoteBusinessNumber":20080011,"VoteBusinessShortNumber":"08.011","VoteBusinessTitle":"OR. Aktien- und\nRechnungslegungsrecht"},{"__metadata":{"id":"https://ws.parlament.ch/OData.svc/Transcript(ID=114120L,Language='DE')","uri":"https://ws.parlament.ch/OData.svc/Transcript(ID=114120L,Language='DE')","type":"itsystems.Pd.DataServices.DataModel.Transcript"},"Subjects":{"__deferred":{"uri":"https://ws.parlament.ch/OData.svc/Transcript(ID=114120L,Language='DE')/Subjects"}},"MembersCouncil":{"__deferred":{"uri":"https://ws.parlament.ch/OData.svc/Transcript(ID=114120L,Language='DE')/MembersCouncil"}},"Businesses":{"__deferred":{"uri":"https://ws.parlament.ch/OData.svc/Transcript(ID=114120L,Language='DE')/Businesses"}},"ID":"114120","Language":"DE","IdSubject":"18434","VoteId":null,"PersonNumber":1117,"Type":1,"Text":"<pd_text><p>Nous votons sur la proposition de non-entr\u00e9e en mati\u00e8re sur le projet 3 de la minorit\u00e9 Leutenegger Oberholzer.</p>\n</pd_text>","MeetingCouncilAbbreviation":"N","MeetingDate":"20101208","MeetingVerbalixOid":1999,"IdSession":"4816","SpeakerFirstName":"Jean-Ren\u00e9","SpeakerLastName":"Germanier","SpeakerFullName":"Germanier Jean-Ren\u00e9","SpeakerFunction":"P-M","CouncilId":1,"CouncilName":"Nationalrat","CantonId":23,"CantonName":"Wallis","CantonAbbreviation":"VS","ParlGroupName":"Freisinnig-demokratische Fraktion","ParlGroupAbbreviation":"RL","SortOrder":11,"Start":"\/Date(1291801707605)\/","End":"\/Date(1291801857650)\/","Function":"P-M","DisplaySpeaker":true,"LanguageOfText":"FR","Modified":"\/Date(1774877725847)\/","StartTimeWithTimezone":"\/Date(1291801707607+0060)\/","EndTimeWithTimezone":"\/Date(1291801857650+0060)\/","VoteBusinessNumber":null,"VoteBusinessShortNumber":null,"VoteBusinessTitle":null},{"__metadata":{"id":"https://ws.parlament.ch/OData.svc/Transcript(ID=114121L,Language='DE')","uri":"https://ws.parlament.ch/OData.svc/Transcript(ID=114121L,Language='DE')","type":"itsystems.Pd.DataServices.DataModel.Transcript"},"Subjects":{"__deferred":{"uri":"https://ws.parlament.ch/OData.svc/Transcript(ID=114121L,Language='DE')/Subjects"}},"MembersCouncil":{"__deferred":{"uri":"https://ws.parlament.ch/OData.svc/Transcript(ID=114121L,Language='DE')/MembersCouncil"}},"Businesses":{"__deferred":{"uri":"https://ws.parlament.ch/OData.svc/Transcript(ID=114121L,Language='DE')/Businesses"}},"ID":"114121","Language":"DE","IdSubject":"18434","VoteId":null,"PersonNumber":3898,"Type":1,"Text":"<pd_text><p>Le chantier \u00e0 ciel ouvert de la r\u00e9forme du droit de la soci\u00e9t\u00e9 anonyme et du droit comptable a \u00e9t\u00e9 coup\u00e9 en tranches. Un projet 2 en a \u00e9t\u00e9 extrait pour r\u00e9pondre aux questions pos\u00e9es par l'initiative Minder et un projet 3, qui nous occupe ce matin, en a encore \u00e9t\u00e9 extrait pour r\u00e9pondre \u00e0 une question purement technique li\u00e9e aux crit\u00e8res que l'on pr\u00e9voit pour soumettre les soci\u00e9t\u00e9s \u00e0 des obligations de contr\u00f4le ordinaire - c'est-\u00e0-dire le contr\u00f4le le plus strict - impos\u00e9es par la loi en mati\u00e8re de r\u00e9vision comptable. Cette question est s\u00e9par\u00e9e du reste parce qu'elle prend sa source dans l'insatisfaction des milieux concern\u00e9s quant aux effets de la r\u00e9forme du Code des obligations entr\u00e9e en vigueur le 1er janvier 2008 et qui devait all\u00e9ger le travail et diminuer les co\u00fbts pour les PME en mati\u00e8re de r\u00e9visions obligatoires. Cet espoir d'all\u00e8gement ne s'est pas traduit dans les faits - on en reparlera tout \u00e0 l'heure \u00e0 propos de la motion B\u00fcttiker 08.3587.</p>\n<p>Je vous rappelle ce dont il s'agit: fixer des crit\u00e8res quantitatifs qui, s'ils sont remplis, rendent le contr\u00f4le ordinaire obligatoire. La loi en vigueur pr\u00e9voit - et nous avons statu\u00e9 \u00e0 ce sujet \u00e0 la session d'automne, le 20 septembre 2010 - trois crit\u00e8res; si deux d'entre eux sont r\u00e9alis\u00e9s pendant deux exercices successifs, alors le contr\u00f4le ordinaire est obligatoire. Ces crit\u00e8res sont les suivants: un total du bilan de 10 millions de francs dans le droit actuel, et nous avons opt\u00e9 en automne pour le monter \u00e0 20 millions; un crit\u00e8re de chiffre d'affaires: 20 millions de francs dans le droit actuel, que nous avons d\u00e9cid\u00e9 de monter \u00e0 40 millions; un crit\u00e8re fond\u00e9 sur l'effectif des employ\u00e9s: 50 emplois \u00e0 plein temps, que nous avons d\u00e9cid\u00e9 de monter \u00e0 250.</p>\n<p>Par la suite, le Conseil des Etats a \u00e9t\u00e9 d'un avis diff\u00e9rent et a d\u00e9cid\u00e9, le 29 novembre 2010, de ne pas entrer en mati\u00e8re, c'est-\u00e0-dire de traiter cette question avec le reste de la r\u00e9vision.</p>\n<p>La Commission des affaires juridiques de votre conseil s'est r\u00e9unie \u00e0 nouveau le 2 d\u00e9cembre 2010 pour d\u00e9cider, par 18 voix contre 7, de maintenir sa position d'entrer en mati\u00e8re.</p>\n<p>La minorit\u00e9 invoque notamment un probl\u00e8me d'ins\u00e9curit\u00e9 du droit. S'il devait s'av\u00e9rer que des dispositions ont \u00e9t\u00e9 prises par des soci\u00e9t\u00e9s pour faire un contr\u00f4le trop s\u00e9v\u00e8re, a posteriori cela ne cr\u00e9e pas d'ins\u00e9curit\u00e9 mat\u00e9rielle. Le fait d'avoir pr\u00e9vu trop de contr\u00f4les g\u00e9n\u00e8re en revanche des co\u00fbts qui ne sont pas n\u00e9cessaires. Le traitement s\u00e9par\u00e9 de cette question - nous vous recommandons d'entrer en mati\u00e8re -, permettrait de supprimer ces co\u00fbts plus rapidement que si les dispositions de l'article 727 du Code des obligations devaient rester attach\u00e9es au destin probablement difficile et quelque peu tortueux de la r\u00e9vision g\u00e9n\u00e9rale du droit de la soci\u00e9t\u00e9 anonyme - compte tenu des al\u00e9as de l'examen de l'initiative Minder notamment.</p>\n<p>Je vous prie donc de maintenir votre position, c'est-\u00e0-dire d'entrer en mati\u00e8re sur cet objet.</p>\n</pd_text>","MeetingCouncilAbbreviation":"N","MeetingDate":"20101208","MeetingVerbalixOid":1999,"IdSession":"4816","SpeakerFirstName":"Yves","SpeakerLastName":"Nidegger","SpeakerFullName":"Nidegger Yves","SpeakerFunction":"Mit-M","CouncilId":1,"CouncilName":"Nationalrat","CantonId":25,"CantonName":"Genf","CantonAbbreviation":"GE","ParlGroupName":"Fraktion der Schweizerischen Volkspartei","ParlGroupAbbreviation":"V","SortOrder":10,"Start":"\/Date(1291801487467)\/","End":"\/Date(1291801707605)\/","Function":"*","DisplaySpeaker":true,"LanguageOfText":"FR","Modified":"\/Date(1774877725846)\/","StartTimeWithTimezone":"\/Date(1291801487467+0060)\/","EndTimeWithTimezone":"\/Date(1291801707607+0060)\/","VoteBusinessNumber":null,"VoteBusinessShortNumber":null,"VoteBusinessTitle":null},{"__metadata":{"id":"https://ws.parlament.ch/OData.svc/Transcript(ID=114122L,Language='DE')","uri":"https://ws.parlament.ch/OData.svc/Transcript(ID=114122L,Language='DE')","type":"itsystems.Pd.DataServices.DataModel.Transcript"},"Subjects":{"__deferred":{"uri":"https://ws.parlament.ch/OData.svc/Transcript(ID=114122L,Language='DE')/Subjects"}},"MembersCouncil":{"__deferred":{"uri":"https://ws.parlament.ch/OData.svc/Transcript(ID=114122L,Language='DE')/MembersCouncil"}},"Businesses":{"__deferred":{"uri":"https://ws.parlament.ch/OData.svc/Transcript(ID=114122L,Language='DE')/Businesses"}},"ID":"114122","Language":"DE","IdSubject":"18434","VoteId":null,"PersonNumber":1139,"Type":1,"Text":"<pd_text><p>In der vergangenen Herbstsession hat unser Rat beschlossen, die Schwellenwerte im Rechnungslegungsrecht, im Fusionsrecht und im Revisionsrecht zu vereinheitlichen und zu erh\u00f6hen. Inhaltlich haben wir die Diskussion bereits in der Herbstsession gef\u00fchrt, weshalb heute die Verfahrensfrage im Vordergrund steht, die von diesem Rat und seiner Kommission auch bereits entschieden, vom St\u00e4nderat jedoch anders beurteilt worden ist.</p>\n<p>Auf Antrag der Kommission f\u00fcr Rechtsfragen beschloss der Nationalrat, Artikel 727 des Obligationenrechts zur [PAGE 1904] Revisionspflicht in die Revision des Rechnungslegungsrechts mit einzubeziehen. Gem\u00e4ss dieser Bestimmung m\u00fcssen neben Publikums- und konzernrechnungspflichtigen Gesellschaften auch jene Gesellschaften eine ordentliche Revision vornehmen, die in zwei aufeinanderfolgenden Gesch\u00e4ftsjahren zwei der folgenden Schwellenwerte \u00fcberschreiten: Bilanzsumme von 20 Millionen Franken, Umsatzerl\u00f6s von 40 Millionen Franken, 250 Vollzeitstellen im Jahresdurchschnitt. Der Nationalrat beschloss zudem, mit diesem revidierten Artikel 727 OR eine eigene Vorlage zu bilden, die bereits auf den 1. Juli 2011 in Kraft treten soll. Dies erm\u00f6glicht es kleinen und mittleren Unternehmen mit viel Personal, einer bedeutenden Bilanzsumme oder einem hohen Umsatzerl\u00f6s, anstelle einer ordentlichen Revision eine weniger aufwendige, eingeschr\u00e4nkte Revision durchzuf\u00fchren. Eine Inkraftsetzung auf Mitte n\u00e4chsten Jahres schafft Rechtssicherheit f\u00fcr das n\u00e4chste Rechnungslegungsjahr und h\u00e4lt die Referendumsfrist ein.</p>\n<p>Der St\u00e4nderat ist dieser Argumentation nicht gefolgt und hat sich gegen Eintreten entschieden, um eine weitere Aufsplittung dieser Vorlage zum OR und zum Rechnungslegungsrecht zu vermeiden. Aus Sicht der Kommissionsmehrheit sind dem folgende Argumente entgegenzuhalten:</p>\n<p>1. Der St\u00e4nderat hat seinerzeit das Rechnungslegungsrecht in eine Vorlage 2 abgetrennt und somit ein Splitting der Vorlage vorgenommen. Das ist sowohl inhaltlich als auch politisch richtig, da die Aktienrechtsrevision mit ihren Gegenvorschl\u00e4gen zur Minder-Initiative die Revision des Rechnungslegungsrechts sowohl auf Verfassungs- als auch auf Gesetzesstufe nicht belasten soll.</p>\n<p>2. Der \u00dcbersichtlichkeit und der Rechtssicherheit ist gedient, wenn die neuen Schwellenwerte im Revisionsrecht auf das neue Rechnungslegungsjahr in Kraft treten.</p>\n<p>3. Wir werden in der anschliessenden Fortsetzung der Beratung des Rechnungslegungsrechts feststellen, dass einige Fragen einer vertieften Diskussion bed\u00fcrfen. Die Erh\u00f6hung der Schwellenwerte und ihre rasche Inkraftsetzung geh\u00f6ren nicht dazu, da diese Diskussionen sowohl in der Kommission wie auch in unserem Rat schon ausf\u00fchrlich gef\u00fchrt worden sind.</p>\n<p>Deshalb bitte ich Sie im Namen der Mehrheit Ihrer Kommission f\u00fcr Rechtsfragen, an unserem Beschluss vom vergangenen September festzuhalten. Ihre Kommission beantragt dies mit einer deutlichen Mehrheit von 18 zu 7 Stimmen. Gleichzeitig m\u00f6chte ich zuhanden des St\u00e4nderates festhalten, dass \u00dcbergangsbestimmungen sinnvoll sind.</p>\n</pd_text>","MeetingCouncilAbbreviation":"N","MeetingDate":"20101208","MeetingVerbalixOid":1999,"IdSession":"4816","SpeakerFirstName":"Christa","SpeakerLastName":"Markwalder","SpeakerFullName":"Markwalder Christa","SpeakerFunction":"Mit-F","CouncilId":1,"CouncilName":"Nationalrat","CantonId":2,"CantonName":"Bern","CantonAbbreviation":"BE","ParlGroupName":"Freisinnig-demokratische Fraktion","ParlGroupAbbreviation":"RL","SortOrder":9,"Start":"\/Date(1291801261235)\/","End":"\/Date(1291801487467)\/","Function":"*","DisplaySpeaker":true,"LanguageOfText":"DE","Modified":"\/Date(1774877725843)\/","StartTimeWithTimezone":"\/Date(1291801261237+0060)\/","EndTimeWithTimezone":"\/Date(1291801487467+0060)\/","VoteBusinessNumber":null,"VoteBusinessShortNumber":null,"VoteBusinessTitle":null},{"__metadata":{"id":"https://ws.parlament.ch/OData.svc/Transcript(ID=114123L,Language='DE')","uri":"https://ws.parlament.ch/OData.svc/Transcript(ID=114123L,Language='DE')","type":"itsystems.Pd.DataServices.DataModel.Transcript"},"Subjects":{"__deferred":{"uri":"https://ws.parlament.ch/OData.svc/Transcript(ID=114123L,Language='DE')/Subjects"}},"MembersCouncil":{"__deferred":{"uri":"https://ws.parlament.ch/OData.svc/Transcript(ID=114123L,Language='DE')/MembersCouncil"}},"Businesses":{"__deferred":{"uri":"https://ws.parlament.ch/OData.svc/Transcript(ID=114123L,Language='DE')/Businesses"}},"ID":"114123","Language":"DE","IdSubject":"18434","VoteId":null,"PersonNumber":512,"Type":1,"Text":"<pd_text><p>Der Nationalrat hat am 20. September dieses Jahres anl\u00e4sslich des ersten Teils der Detailberatung zum Rechnungslegungsrecht zwei Entscheide hinsichtlich des geltenden Revisionsrechtes gef\u00e4llt. Einerseits sollen die Schwellenwerte gem\u00e4ss Artikel 727 des Obligationenrechtes auf 20, 40 und 250 angehoben werden; ich muss das nicht ausf\u00fchren, Sie wissen, was das bedeutet. Andererseits wurde diese Erh\u00f6hung der Schwellenwerte von der Vorlage 2 zum Rechnungslegungsrecht abgespaltet, um sie bereits auf den 1. Juli 2011 in Kraft setzen zu k\u00f6nnen. Die Kommission f\u00fcr Rechtsfragen des St\u00e4nderates und der St\u00e4nderat sind auf die Vorlage 3 nicht eingetreten. Sie verneinten die zeitliche Dringlichkeit und wollten die Revision des Aktien- und Rechnungslegungsrechtes nicht zus\u00e4tzlich verkomplizieren. Ihre Kommission f\u00fcr Rechtsfragen ist auf die Vorlage 3 eingetreten und hat Ihren Entscheid vom 20. September 2010 best\u00e4tigt.</p>\n<p>Ich m\u00f6chte zuerst nochmals kurz die Ausgangslage in Erinnerung rufen: Von den rund 500 000 im Handelsregister eingetragenen Rechtseinheiten waren vor dem Inkrafttreten des neuen Revisionsrechtes rund 200 000 verpflichtet, eine Revision durchzuf\u00fchren, die der heutigen ordentlichen Revision entsprach. Gest\u00fctzt auf ein Papier des KMU-Forums, das von den Bef\u00fcrwortern der Vorlage 3 beigezogen wurde, sollen gem\u00e4ss neuem Revisionsrecht 21 000 Mandate die ordentliche Revision betreffen. Wenn die Zahl von 21 000 als Referenzgr\u00f6sse tats\u00e4chlich der heutigen Situation entspricht, dann ist klar erkennbar, dass im Vergleich zum fr\u00fcheren Revisionsrecht heute rund 90 Prozent der Rechtseinheiten ihre Jahresrechnung nur noch eingeschr\u00e4nkt oder \u00fcberhaupt nicht mehr revidieren lassen m\u00fcssen. </p>\n<p>Es kommt noch folgende \u00dcberlegung hinzu: Das neue Revisionsrecht und mit ihm die Schwellenwerte von Artikel 727 OR sind erst seit dem 1. Januar 2008 in Kraft. Eine seri\u00f6se und aussagekr\u00e4ftige Evaluation liegt also nicht vor, da das nach so kurzer Zeit nicht m\u00f6glich w\u00e4re. Eine empirisch saubere Grundlage und, damit verbunden, eine zeitliche Dringlichkeit, diese Schwellenwerte anzuheben und bereits in ein paar Monaten in Kraft zu setzen, besteht deshalb aus Sicht des Bundesrates nicht. Es kommt hinzu, dass die urspr\u00fcnglich einheitliche Vorlage zur Revision des Aktienrechtes und mit ihm des Rechnungslegungsrechtes bis heute bereits mehrfach aufgespaltet wurde. Deshalb sollte auf eine weitere, unseres Erachtens unn\u00f6tige Abspaltung und Verkomplizierung verzichtet werden. Die zuk\u00fcnftigen Gesetzesmaterialien sind schon heute f\u00fcr aussenstehende Personen nur mit gr\u00f6sstem Aufwand verst\u00e4ndlich, und sie w\u00fcrden noch unverst\u00e4ndlicher, wenn eine weitere Teilvorlage bzw. ein weiteres Spaltungsprodukt geschaffen w\u00fcrde. </p>\n<p>Die erh\u00f6hten Schwellenwerte sollen gem\u00e4ss der Vorlage 3 bereits auf den 1. Juli 2011 in Kraft treten. Es wurde erw\u00e4hnt, dass die Referendumsfrist aber zwingend abgewartet werden muss, und da der St\u00e4nderat vor ein paar Tagen auf die Vorlage 3 nicht eingetreten ist, k\u00f6nnte die Anhebung der Schwellenwerte h\u00f6chstwahrscheinlich faktisch erst nach dem 1. Juli 2011 in Kraft gesetzt werden. Dies w\u00fcrde zu einer R\u00fcckwirkung f\u00fchren, welche grunds\u00e4tzlich nicht zul\u00e4ssig ist. </p>\n<p>Ich bitte Sie deshalb, dem einstimmig gef\u00e4llten Entscheid des St\u00e4nderates zu folgen und Ihren Abspaltungsentscheid vom 20. September 2010 r\u00fcckg\u00e4ngig zu machen. Ich mache Sie darauf aufmerksam: Selbst wenn der St\u00e4nderat n\u00e4chste Woche auf die Vorlage eintreten w\u00fcrde, m\u00fcsste die Vorlage zuerst in der Kommission des St\u00e4nderates beraten werden. Sie k\u00f6nnen also davon ausgehen, dass dieses Gesch\u00e4ft in dieser Session nicht mehr zu Ende beraten werden kann. Deshalb habe ich die Ausf\u00fchrungen zur Inkraftsetzung und zur m\u00f6glichen r\u00fcckwirkenden Inkraftsetzung hier noch gemacht. Ich \u00e4ussere mich hier nicht materiell, weil es ja jetzt um eine prozedurale Frage geht respektive nur um die Frage der Abspaltung. Ich werde mich dann an sp\u00e4terer Stelle zu den Schwellenwerten und ihrer H\u00f6he \u00e4ussern.</p>\n</pd_text>","MeetingCouncilAbbreviation":"N","MeetingDate":"20101208","MeetingVerbalixOid":1999,"IdSession":"4816","SpeakerFirstName":"Simonetta","SpeakerLastName":"Sommaruga","SpeakerFullName":"Sommaruga Simonetta","SpeakerFunction":"BR-F","CouncilId":99,"CouncilName":"Bundesrat","CantonId":2,"CantonName":"Bern","CantonAbbreviation":"BE","ParlGroupName":null,"ParlGroupAbbreviation":null,"SortOrder":8,"Start":"\/Date(1291800978598)\/","End":"\/Date(1291801261235)\/","Function":"BR-F","DisplaySpeaker":true,"LanguageOfText":"DE","Modified":"\/Date(1774877725840)\/","StartTimeWithTimezone":"\/Date(1291800978597+0060)\/","EndTimeWithTimezone":"\/Date(1291801261237+0060)\/","VoteBusinessNumber":null,"VoteBusinessShortNumber":null,"VoteBusinessTitle":null},{"__metadata":{"id":"https://ws.parlament.ch/OData.svc/Transcript(ID=114124L,Language='DE')","uri":"https://ws.parlament.ch/OData.svc/Transcript(ID=114124L,Language='DE')","type":"itsystems.Pd.DataServices.DataModel.Transcript"},"Subjects":{"__deferred":{"uri":"https://ws.parlament.ch/OData.svc/Transcript(ID=114124L,Language='DE')/Subjects"}},"MembersCouncil":{"__deferred":{"uri":"https://ws.parlament.ch/OData.svc/Transcript(ID=114124L,Language='DE')/MembersCouncil"}},"Businesses":{"__deferred":{"uri":"https://ws.parlament.ch/OData.svc/Transcript(ID=114124L,Language='DE')/Businesses"}},"ID":"114124","Language":"DE","IdSubject":"18434","VoteId":null,"PersonNumber":1122,"Type":1,"Text":"<pd_text><p>Ich darf Sie daran erinnern, dass unser Rat den Antrag Ineichen mit grosser Mehrheit angenommen hat, wonach Artikel 727 Absatz 1 Ziffer 2 aus der Vorlage 2 herauszustreichen und in eine Vorlage 3 zu kleiden sei. Der Grundsatzentscheid wurde mit 100 zu 75 Stimmen gef\u00e4llt, der Entscheid zur Vorlage 3 mit 119 zu 60 Stimmen. Wir haben dann, im Gegensatz zum St\u00e4nderat, die Frage in der Kommission nochmals materiell diskutiert und sind zum Schluss gekommen, dass wir diese Abtrennung und die Inkraftsetzung auf den 1. Juli des n\u00e4chsten Jahres nach wie vor als sinnvoll erachten. Es geht uns darum, dass die Schwellenwerte f\u00fcr die KMU auf diese tieferen Werte gesetzt werden, weil sie sehr wichtig sind. Insbesondere neue Firmen sollen sich unseres Erachtens bei ihrer Rechnungslegung und Revisionsstrategie auf die tieferen Werte ausrichten k\u00f6nnen. Bei Neugr\u00fcndungen handelt es sich in der Regel nat\u00fcrlich um kleinere Unternehmen, die von dieser Bestimmung betroffen sind.</p>\n<p>Wir haben eingehend diskutiert, und es ist etwas merkw\u00fcrdig, von der Linken den milit\u00e4rischen Ausdruck \"Handstreich\" zu vernehmen. Das war alles andere als ein Handstreich. Wir haben in der RK Anh\u00f6rungen durchgef\u00fchrt, wir haben Direktbetroffene, einen Hotelier beispielsweise, dazu angeh\u00f6rt, was f\u00fcr Kostenfolgen die ordentliche Revision nach sich zieht. Wir haben in der Kommission ein Papier der Treuhandkammer vom 17. August 2010 zur Kenntnis genommen, in welchem beziffert wird, dass das Durchschnittshonorar bei der eingeschr\u00e4nkten Revision 4900 Franken und bei der ordentlichen Revision, ohne Publikumsgesellschaften, 32 500 Franken betr\u00e4gt, also sieben- bis achtmal mehr; das ist f\u00fcr die KMU ein grosser, ein entscheidender Unterschied.</p>\n<p>Frau Leutenegger Oberholzer und Frau Thanei, wir haben uns von der Verwaltung ja eine \u00dcbersicht \u00fcber die verschiedenen Schwellenwerte geben lassen, nicht nur bei Artikel 727, sondern auch bei der Konzernrechnung, bei Artikel 963a. Wir haben festgestellt, dass wir dort dieselben Schwellenwerte festgelegt haben. Wir haben in der Kommission mit 15 zu 6 Stimmen gleichzeitig beschlossen, dass wir im Fusionsgesetz, Artikel 2 Buchstabe e, nun dieselben Schwellenwerte \u00fcbernehmen, insbesondere bei den Vollzeitstellen - von 200 auf 250 Stellen. Von einem Handstreich kann also keine Rede sein. Wir haben uns die Sache gut und gr\u00fcndlich \u00fcberlegt, und wir m\u00f6chten nun dem St\u00e4nderat die M\u00f6glichkeit geben, sich ebenfalls mit der Frage zu befassen, die alles andere als unwichtig ist.</p>\n</pd_text>","MeetingCouncilAbbreviation":"N","MeetingDate":"20101208","MeetingVerbalixOid":1999,"IdSession":"4816","SpeakerFirstName":"Kurt","SpeakerLastName":"Fluri","SpeakerFullName":"Fluri Kurt","SpeakerFunction":"Mit-M","CouncilId":1,"CouncilName":"Nationalrat","CantonId":11,"CantonName":"Solothurn","CantonAbbreviation":"SO","ParlGroupName":"Freisinnig-demokratische Fraktion","ParlGroupAbbreviation":"RL","SortOrder":7,"Start":"\/Date(1291800787679)\/","End":"\/Date(1291800978598)\/","Function":"Mit-M","DisplaySpeaker":true,"LanguageOfText":"DE","Modified":"\/Date(1774877725837)\/","StartTimeWithTimezone":"\/Date(1291800787680+0060)\/","EndTimeWithTimezone":"\/Date(1291800978597+0060)\/","VoteBusinessNumber":null,"VoteBusinessShortNumber":null,"VoteBusinessTitle":null},{"__metadata":{"id":"https://ws.parlament.ch/OData.svc/Transcript(ID=114125L,Language='DE')","uri":"https://ws.parlament.ch/OData.svc/Transcript(ID=114125L,Language='DE')","type":"itsystems.Pd.DataServices.DataModel.Transcript"},"Subjects":{"__deferred":{"uri":"https://ws.parlament.ch/OData.svc/Transcript(ID=114125L,Language='DE')/Subjects"}},"MembersCouncil":{"__deferred":{"uri":"https://ws.parlament.ch/OData.svc/Transcript(ID=114125L,Language='DE')/MembersCouncil"}},"Businesses":{"__deferred":{"uri":"https://ws.parlament.ch/OData.svc/Transcript(ID=114125L,Language='DE')/Businesses"}},"ID":"114125","Language":"DE","IdSubject":"18434","VoteId":null,"PersonNumber":360,"Type":1,"Text":"<pd_text><p>Im Namen der SP-Fraktion beantrage ich Ihnen, nicht auf die Vorlage einzutreten. Ich m\u00f6chte nicht verhehlen, dass es uns dabei nicht nur um formelle Gr\u00fcnde geht und dass wir selbstverst\u00e4ndlich vielmehr aus inhaltlichen Gr\u00fcnden mit einer Erh\u00f6hung dieser Schwellenwerte nicht einverstanden sind.</p>\n<p>Aber nun zum formellen Argument: Der Bundesrat hat im Jahre 2007, das heisst vor drei Jahren, eine Vorlage zum Aktien- und Rechnungslegungsrecht pr\u00e4sentiert. Der St\u00e4nderat hat wegen der Volksinitiative \"gegen die Abzockerei\" ein erstes Splitting vorgenommen und das Rechnungslegungsrecht abgetrennt; das ist die Vorlage 2, \u00fcber die wir nachher beraten werden. In der Herbstsession ist nun in diesem Rat handstreichartig eine weitere Absplittung vorgenommen worden. Mit der sogenannten Schwellenwertvorlage, der Vorlage 3, wird zudem noch etwas ganz K\u00fchnes verlangt, n\u00e4mlich, dass diese Gesetzes\u00e4nderung bereits per 1. Juli 2011 in Kraft treten soll.</p>\n<p>Zum Inhaltlichen m\u00f6chte ich nicht Stellung nehmen, aber zum Formellen. Der St\u00e4nderat hat als Chambre de R\u00e9flexion [PAGE 1903] vern\u00fcnftigerweise beschlossen, nicht auf diese Vorlage einzutreten, damit man gen\u00fcgend Zeit hat, auch \u00fcber das Inhaltliche zu diskutieren. Das scheint auch mir vern\u00fcnftig; es macht schlichtweg keinen Sinn, jetzt noch einmal eine Vorlage abzuspalten.</p>\n<p>Ich m\u00f6chte mich noch konkret zum Kriterium Rechtssicherheit \u00e4ussern. Ich weiss nicht, wie es um die Rechtssicherheit bestellt ist, wenn wir in der Fr\u00fchjahrs- oder Sommersession ein Gesetz verabschieden, das am 1. Juli 2011 in Kraft treten soll; es handelt sich immerhin um einen referendumspflichtigen Bundesbeschluss. Das heisst, dass das Gesetz r\u00fcckwirkend in Kraft treten wird. Damit tun Sie den KMU einen B\u00e4rendienst. Diese wissen dann n\u00e4mlich Mitte oder Ende n\u00e4chsten Jahres nicht, welches Recht zur Anwendung gelangt.</p>\n<p>Ich bitte Sie deshalb, dem Antrag der Minderheit Leutenegger Oberholzer zuzustimmen, dem St\u00e4nderat zu folgen und somit nicht auf die Vorlage einzutreten.</p>\n</pd_text>","MeetingCouncilAbbreviation":"N","MeetingDate":"20101208","MeetingVerbalixOid":1999,"IdSession":"4816","SpeakerFirstName":"Anita","SpeakerLastName":"Thanei","SpeakerFullName":"Thanei Anita","SpeakerFunction":"Mit-F","CouncilId":1,"CouncilName":"Nationalrat","CantonId":1,"CantonName":"Z\u00fcrich","CantonAbbreviation":"ZH","ParlGroupName":"Sozialdemokratische Fraktion","ParlGroupAbbreviation":"S","SortOrder":6,"Start":"\/Date(1291800620275)\/","End":"\/Date(1291800787679)\/","Function":"Mit-F","DisplaySpeaker":true,"LanguageOfText":"DE","Modified":"\/Date(1774877725834)\/","StartTimeWithTimezone":"\/Date(1291800620277+0060)\/","EndTimeWithTimezone":"\/Date(1291800787680+0060)\/","VoteBusinessNumber":null,"VoteBusinessShortNumber":null,"VoteBusinessTitle":null},{"__metadata":{"id":"https://ws.parlament.ch/OData.svc/Transcript(ID=114126L,Language='DE')","uri":"https://ws.parlament.ch/OData.svc/Transcript(ID=114126L,Language='DE')","type":"itsystems.Pd.DataServices.DataModel.Transcript"},"Subjects":{"__deferred":{"uri":"https://ws.parlament.ch/OData.svc/Transcript(ID=114126L,Language='DE')/Subjects"}},"MembersCouncil":{"__deferred":{"uri":"https://ws.parlament.ch/OData.svc/Transcript(ID=114126L,Language='DE')/MembersCouncil"}},"Businesses":{"__deferred":{"uri":"https://ws.parlament.ch/OData.svc/Transcript(ID=114126L,Language='DE')/Businesses"}},"ID":"114126","Language":"DE","IdSubject":"18434","VoteId":null,"PersonNumber":330,"Type":1,"Text":"<pd_text><p>Es geht bei dieser Vorlage 3 um das Revisionsrecht. Wir wollen mit dieser Vorlage 3 zwei Ziele erreichen:</p>\n<p>1. Das f\u00fcr die KMU sehr aufwendige Revisionsrecht soll vereinfacht werden. Wir haben die Schwellenwerte deshalb erh\u00f6ht. Die ordentliche Revision soll nur noch f\u00fcr gr\u00f6ssere Gesellschaften gelten, f\u00fcr Gesellschaften ab einer gewissen Gr\u00f6sse. Wir haben diese Gr\u00f6sse - es wurde schon gesagt: bei der Bilanzsumme, beim Umsatzerl\u00f6s - verdoppelt, und wir haben bei den Vollzeitstellen eine Verf\u00fcnffachung beschlossen, anstatt 50 sind es jetzt 250.</p>\n<p>2. Wir wollen diese Vorlage 3 bereits am 1. Juli 2011 in Kraft setzen. Die betroffenen KMU sollen m\u00f6glichst rasch von dieser Revision profitieren k\u00f6nnen. Das ist der Grund, weshalb wir diesen Teil herausgel\u00f6st haben und er nun Vorlage 3 heisst. Die betroffenen KMU sollen also auch m\u00f6glichst rasch vom Abbau der Administration profitieren. Das ist das Ziel, und zu diesem Zweck haben wir das herausgel\u00f6st. Es ist zwar etwas komplizierter, aber es ist machbar.</p>\n<p>Der St\u00e4nderat hat dann aus verfahrensrechtlichen Gr\u00fcnden Nichteintreten beschlossen. Er hat aber materiell nicht dar\u00fcber diskutiert. Es war eine formelle Frage im St\u00e4nderat.</p>\n<p>Die CVP/EVP/glp-Fraktion sieht mit der Mehrheit der Kommission keinen Grund, von unseren bisherigen Beschl\u00fcssen abzuweichen. Es ist und bleibt immer noch gleich wichtig f\u00fcr unsere KMU, dass wir diesen Teil der Vorlage so schnell wie m\u00f6glich verabschieden. Wenn wir ihn in der Vorlage 2 belassen, wo er einst war, dann kann das bis zur Inkraftsetzung noch Jahre gehen. Das ist zu lange. Das wollen wir nicht.</p>\n<p>Zu Herrn von Graffenried m\u00f6chte ich sagen: Sollte dann der St\u00e4nderat seinerseits an seinen Beschl\u00fcssen festhalten und beschl\u00f6sse erneut Nichteintreten, m\u00fcssten wir dann halt unsere Beschl\u00fcsse sp\u00e4ter wieder in die Vorlage 2 einbauen. Ein allzu grosses Risiko fahren wir also nicht. Das m\u00f6chte ich auch bereits zuhanden der Materialien gesagt haben.</p>\n<p>Im Namen der CVP/EVP/glp-Fraktion empfehle ich Ihnen also, an unseren Beschl\u00fcssen festzuhalten.</p>\n</pd_text>","MeetingCouncilAbbreviation":"N","MeetingDate":"20101208","MeetingVerbalixOid":1999,"IdSession":"4816","SpeakerFirstName":"Norbert","SpeakerLastName":"Hochreutener","SpeakerFullName":"Hochreutener Norbert","SpeakerFunction":"Mit-M","CouncilId":1,"CouncilName":"Nationalrat","CantonId":2,"CantonName":"Bern","CantonAbbreviation":"BE","ParlGroupName":"Fraktion CVP/EVP/glp","ParlGroupAbbreviation":"M-E","SortOrder":5,"Start":"\/Date(1291800448215)\/","End":"\/Date(1291800620275)\/","Function":"Mit-M","DisplaySpeaker":true,"LanguageOfText":"DE","Modified":"\/Date(1774877725833)\/","StartTimeWithTimezone":"\/Date(1291800448217+0060)\/","EndTimeWithTimezone":"\/Date(1291800620277+0060)\/","VoteBusinessNumber":null,"VoteBusinessShortNumber":null,"VoteBusinessTitle":null},{"__metadata":{"id":"https://ws.parlament.ch/OData.svc/Transcript(ID=114127L,Language='DE')","uri":"https://ws.parlament.ch/OData.svc/Transcript(ID=114127L,Language='DE')","type":"itsystems.Pd.DataServices.DataModel.Transcript"},"Subjects":{"__deferred":{"uri":"https://ws.parlament.ch/OData.svc/Transcript(ID=114127L,Language='DE')/Subjects"}},"MembersCouncil":{"__deferred":{"uri":"https://ws.parlament.ch/OData.svc/Transcript(ID=114127L,Language='DE')/MembersCouncil"}},"Businesses":{"__deferred":{"uri":"https://ws.parlament.ch/OData.svc/Transcript(ID=114127L,Language='DE')/Businesses"}},"ID":"114127","Language":"DE","IdSubject":"18434","VoteId":null,"PersonNumber":3908,"Type":1,"Text":"<pd_text><p>Ich m\u00f6chte Sie davor warnen, sich mit unserem Rat auf ein Stumpengeleise zu begeben. Die Vorlage ist so, wie sie Ihnen von Ihrer Kommission heute pr\u00e4sentiert wird, nicht zielf\u00fchrend. Ich unterst\u00fctze die Anpassung der Schwellenwerte auch; ich finde das eine gute und notwendige Sache. Der St\u00e4nderat wird das in seiner Mehrheit auch so sehen. Aber beim Vorgehen gibt es eine Differenz.</p>\n<p>Wenn wir diese Vorlage jetzt so verabschieden, wird sie der St\u00e4nderat nicht vor dem Fr\u00fchling 2011 aufnehmen; das wurde in der St\u00e4nderatsdebatte gesagt. Er wird sie dann zusammen mit der Vorlage 2 aufnehmen, die wir anschliessend beraten werden. Wir h\u00e4tten heute die Chance, die Vorlage 3 nach unseren Vorstellungen in die Vorlage 2 hineinzuverarbeiten, und k\u00f6nnten dann das ganze Paket dem St\u00e4nderat hin\u00fcberschicken.</p>\n<p>Nun werden wir, wie es aussieht, an der Vorlage 3 festhalten - das Stimmenverh\u00e4ltnis in der Kommission war klar - und sie dann dem St\u00e4nderat schicken. Dieser wird wiederum nicht darauf eintreten, sie versenken und dann die Schwellenwerte nach seinen Vorstellungen festlegen. Wir werden in dieser Frage dann wiederum Zweitrat sein, aber eigentlich hatten wir ja das aufnehmen wollen.</p>\n<p>Zur Frage des Inkrafttretens: Die Vorlage Rechnungslegungsrecht sollte, wenn es normal l\u00e4uft, im Fr\u00fchling verabschiedet werden k\u00f6nnen. Dort k\u00f6nnte man dann dem Bundesrat ans Herz legen, er solle f\u00fcr diesen Teil der Schwellenwerte ein vorgezogenes Inkrafttreten vorsehen, damit die Abschl\u00fcsse bereits auf diese Revision hin geplant werden k\u00f6nnten. Das k\u00f6nnte ja dann bereits in einem fr\u00fchen Zeitpunkt kommuniziert werden. Aber man k\u00f6nnte die Referendumsfrist abwarten.</p>\n<p>So, wie sich die Vorlage heute pr\u00e4sentiert, ist sie undurchf\u00fchrbar, weil das Inkrafttreten auf den 1. Juli 2011 nicht realistisch ist, wenn der St\u00e4nderat die Vorlage erst im Fr\u00fchling an die Hand nehmen wird. Damit werden Sie, wenn Sie der Mehrheit Ihrer Kommission folgen, eine unm\u00f6gliche, unumsetzbare Vorlage annehmen. Das ist eines Rates und seri\u00f6ser Parlamentsarbeit unw\u00fcrdig.</p>\n</pd_text>","MeetingCouncilAbbreviation":"N","MeetingDate":"20101208","MeetingVerbalixOid":1999,"IdSession":"4816","SpeakerFirstName":"Alec","SpeakerLastName":"von Graffenried","SpeakerFullName":"von Graffenried Alec","SpeakerFunction":"Mit-M","CouncilId":1,"CouncilName":"Nationalrat","CantonId":2,"CantonName":"Bern","CantonAbbreviation":"BE","ParlGroupName":"Gr\u00fcne Fraktion","ParlGroupAbbreviation":"G","SortOrder":4,"Start":"\/Date(1291800267201)\/","End":"\/Date(1291800448215)\/","Function":"Mit-M","DisplaySpeaker":true,"LanguageOfText":"DE","Modified":"\/Date(1774877725831)\/","StartTimeWithTimezone":"\/Date(1291800267200+0060)\/","EndTimeWithTimezone":"\/Date(1291800448217+0060)\/","VoteBusinessNumber":null,"VoteBusinessShortNumber":null,"VoteBusinessTitle":null},{"__metadata":{"id":"https://ws.parlament.ch/OData.svc/Transcript(ID=114128L,Language='DE')","uri":"https://ws.parlament.ch/OData.svc/Transcript(ID=114128L,Language='DE')","type":"itsystems.Pd.DataServices.DataModel.Transcript"},"Subjects":{"__deferred":{"uri":"https://ws.parlament.ch/OData.svc/Transcript(ID=114128L,Language='DE')/Subjects"}},"MembersCouncil":{"__deferred":{"uri":"https://ws.parlament.ch/OData.svc/Transcript(ID=114128L,Language='DE')/MembersCouncil"}},"Businesses":{"__deferred":{"uri":"https://ws.parlament.ch/OData.svc/Transcript(ID=114128L,Language='DE')/Businesses"}},"ID":"114128","Language":"DE","IdSubject":"18434","VoteId":null,"PersonNumber":1159,"Type":1,"Text":"<pd_text><p>Ich bitte Sie namens der SVP-Fraktion, an unserem Beschluss festzuhalten, also einzutreten und der Vorlage zuzustimmen. Warum? Hier geht es um eine Vorlage, die in keiner Art und Weise handstreichartig gemacht wurde. Ich erinnere Sie alle daran, was in diesem Saal bei der letzten Revision gesagt worden ist: Da wurde gesagt, dass das neue Revisionsrecht f\u00fcr die KMU eine Erleichterung sein werde, dass es eine Vereinfachung und kostenneutral sein werde. Alle drei Punkte sind in der Praxis nicht eingetroffen. Jetzt geht es darum, das zu korrigieren, diese Ziele, die erw\u00e4hnt worden sind, mit der laufenden Revision zu erreichen. </p>\n<p>Es geht hier auch darum, dass wir die Schwellenwerte f\u00fcr die ordentliche Revision heraufsetzen. Das ist eine Erleichterung f\u00fcr die KMU und bietet ihnen auch Rechtssicherheit. Ich schliesse auch in diesem Punkt an die Diskussion an, die bei der letzten Revision gef\u00fchrt wurde: Hier braucht die Wirtschaft, brauchen die KMU Rechtssicherheit. Wir brauchen gerade darum h\u00f6here Schwellenwerte, damit das Revisionsrecht in der Praxis kostenneutral umgesetzt werden kann.</p>\n<p>Der St\u00e4nderat ist nicht eingetreten, aber wenn ich die Voten richtig gelesen habe, kann ich materiell sagen, dass auch der St\u00e4nderat das Bed\u00fcrfnis erkannt hat. Aber er ist nicht eingetreten, und zwar mit der Argumentation, man k\u00f6nne das im Zusammenhang mit der Vorlage 2 behandeln, auch das gehe schnell. Ich verweise nun auf die Vorlage 2, die wir nachher behandeln: Die Behandlung wird etwas l\u00e4nger dauern. Wir haben Einzelantr\u00e4ge, welche berechtigte Anliegen aufgezeigt haben, die in Kommissionen und insbesondere dann im St\u00e4nderat noch eingehend \u00fcberpr\u00fcft werden m\u00fcssen. Die \u00dcberpr\u00fcfung der Probleme bei der Vorlage 2 dauert eben l\u00e4nger, als es sich der St\u00e4nderat bei der Beratung der Vorlage 3 ausgerechnet hat. </p>\n<p>Deshalb bitte ich Sie dringend, die Erh\u00f6hung der Schwellenwerte jetzt vorzuziehen, denn es geht um eine Vorlage f\u00fcr die KMU im Sinne der Rechtssicherheit.</p>\n</pd_text>","MeetingCouncilAbbreviation":"N","MeetingDate":"20101208","MeetingVerbalixOid":1999,"IdSession":"4816","SpeakerFirstName":"Pirmin","SpeakerLastName":"Schwander","SpeakerFullName":"Schwander Pirmin","SpeakerFunction":"Mit-M","CouncilId":1,"CouncilName":"Nationalrat","CantonId":5,"CantonName":"Schwyz","CantonAbbreviation":"SZ","ParlGroupName":"Fraktion der Schweizerischen Volkspartei","ParlGroupAbbreviation":"V","SortOrder":3,"Start":"\/Date(1291800077798)\/","End":"\/Date(1291800267201)\/","Function":"Mit-M","DisplaySpeaker":true,"LanguageOfText":"DE","Modified":"\/Date(1774877725830)\/","StartTimeWithTimezone":"\/Date(1291800077797+0060)\/","EndTimeWithTimezone":"\/Date(1291800267200+0060)\/","VoteBusinessNumber":null,"VoteBusinessShortNumber":null,"VoteBusinessTitle":null},{"__metadata":{"id":"https://ws.parlament.ch/OData.svc/Transcript(ID=114129L,Language='DE')","uri":"https://ws.parlament.ch/OData.svc/Transcript(ID=114129L,Language='DE')","type":"itsystems.Pd.DataServices.DataModel.Transcript"},"Subjects":{"__deferred":{"uri":"https://ws.parlament.ch/OData.svc/Transcript(ID=114129L,Language='DE')/Subjects"}},"MembersCouncil":{"__deferred":{"uri":"https://ws.parlament.ch/OData.svc/Transcript(ID=114129L,Language='DE')/MembersCouncil"}},"Businesses":{"__deferred":{"uri":"https://ws.parlament.ch/OData.svc/Transcript(ID=114129L,Language='DE')/Businesses"}},"ID":"114129","Language":"DE","IdSubject":"18434","VoteId":null,"PersonNumber":487,"Type":1,"Text":"<pd_text><p>Ich beantrage Ihnen mit der Minderheit, auf die Vorlage 3 der Aktienrechtsrevision nicht einzutreten und somit dem St\u00e4nderat zu folgen, und das aus formellen und materiellen Gr\u00fcnden.</p>\n<p>Sie erinnern sich: Das neue Revisionsrecht ist seit dem 1. Januar 2008 in Kraft. Im Rahmen dieser Revision sind die Schwellenwerte, die zur ordentlichen Revision verpflichten, festgelegt worden. Es sind dies eine Bilanzsumme von 10 Millionen Franken, ein Umsatz von 20 Millionen Franken und/oder 50 Vollzeitstellen, wobei jeweils zwei dieser Werte erreicht werden m\u00fcssen.</p>\n<p>Sie haben nun in der Herbstsession diese Schwellenwerte auf 20 Millionen Franken Bilanzsumme, 40 Millionen Franken Umsatz und/oder 250 Vollzeitstellen angehoben. Handstreichartig haben Sie gleichzeitig beschlossen, diese \u00c4nderung aus der laufenden Revision herauszul\u00f6sen und sie bereits auf den 1. Juli 2011 in Kraft zu setzen. Das ist, wie immer man sich zu diesen Schwellenwerten stellt, ein h\u00f6chst unseri\u00f6ses Verfahren. Zum einen ist unklar, ob die h\u00f6heren Schwellenwerte, sollten sie denn eine Mehrheit finden, r\u00fcckwirkend f\u00fcr das ganze Jahr 2011 gelten oder ob sie erst ab 2012 Wirkung entfalten; denn \u00dcbergangsbestimmungen wurden keine beschlossen. Des Weiteren ist mit diesem Vorgehen eine rechtzeitige und seri\u00f6se Beratung in beiden R\u00e4ten praktisch gar nicht mehr m\u00f6glich. Ferner sind - dies zum Materiellen - derart handstreichartige Gesetzesrevisionen, wie sie nun in diesem Rat Praxis werden, auch f\u00fcr die [PAGE 1902] Wirtschaft sch\u00e4dlich. Sie schaffen damit grosse Rechtsunsicherheit.</p>\n<p>Zum Gl\u00fcck hat der St\u00e4nderat darauf besonnen und auch richtig reagiert: Er ist auf die Vorlage gar nicht eingetreten und hat damit das Gesch\u00e4ft materiell nicht behandelt. Der St\u00e4nderat hat zu Recht darauf hingewiesen, dass diese Frage seri\u00f6s gepr\u00fcft werden muss und allenfalls in der Vorlage 2, also in der laufenden Revision des Rechnungslegungsrechts, beurteilt werden soll.</p>\n<p>Mit meinem Antrag bitte ich Sie um mehr Besonnenheit. Ich bitte Sie deshalb, auf die Vorlage 3 nicht einzutreten und die auf den 1. Juli 2011 vorgesehene Inkraftsetzung nicht vorzunehmen.</p>\n</pd_text>","MeetingCouncilAbbreviation":"N","MeetingDate":"20101208","MeetingVerbalixOid":1999,"IdSession":"4816","SpeakerFirstName":"Susanne","SpeakerLastName":"Leutenegger Oberholzer","SpeakerFullName":"Leutenegger Oberholzer Susanne","SpeakerFunction":"Mit-F","CouncilId":1,"CouncilName":"Nationalrat","CantonId":13,"CantonName":"Basel-Landschaft","CantonAbbreviation":"BL","ParlGroupName":"Sozialdemokratische Fraktion","ParlGroupAbbreviation":"S","SortOrder":2,"Start":"\/Date(1291799879816)\/","End":"\/Date(1291800077798)\/","Function":"Mit-F","DisplaySpeaker":true,"LanguageOfText":"DE","Modified":"\/Date(1774877725827)\/","StartTimeWithTimezone":"\/Date(1291799879817+0060)\/","EndTimeWithTimezone":"\/Date(1291800077797+0060)\/","VoteBusinessNumber":null,"VoteBusinessShortNumber":null,"VoteBusinessTitle":null},{"__metadata":{"id":"https://ws.parlament.ch/OData.svc/Transcript(ID=114130L,Language='DE')","uri":"https://ws.parlament.ch/OData.svc/Transcript(ID=114130L,Language='DE')","type":"itsystems.Pd.DataServices.DataModel.Transcript"},"Subjects":{"__deferred":{"uri":"https://ws.parlament.ch/OData.svc/Transcript(ID=114130L,Language='DE')/Subjects"}},"MembersCouncil":{"__deferred":{"uri":"https://ws.parlament.ch/OData.svc/Transcript(ID=114130L,Language='DE')/MembersCouncil"}},"Businesses":{"__deferred":{"uri":"https://ws.parlament.ch/OData.svc/Transcript(ID=114130L,Language='DE')/Businesses"}},"ID":"114130","Language":"DE","IdSubject":"18434","VoteId":null,"PersonNumber":null,"Type":3,"Text":"<pd_text><p><b>3. Obligationenrecht (Revisionsrecht)  </b></p>\n<p><b>3. Code des obligations (Droit de la r\u00e9vision)  </b></p>\n<p>[VS]</p>\n<p><i>Antrag der Mehrheit</i></p>\n<p>Festhalten</p>\n<p>(= Eintreten)</p>\n<p>[VS]</p>\n<p><i>Antrag der Minderheit</i></p>\n<p>(Leutenegger Oberholzer, Daguet, Kiener Nellen, Pedrina, Thanei, von Graffenried)</p>\n<p>Zustimmung zum Beschluss des St\u00e4nderates</p>\n<p>(= Nichteintreten)</p>\n<p>[VS]</p>\n<p><i>Proposition de la majorit\u00e9</i></p>\n<p>Maintenir</p>\n<p>(= Entrer en mati\u00e8re)</p>\n<p>[VS]</p>\n<p><i>Proposition de la minorit\u00e9</i></p>\n<p>(Leutenegger Oberholzer, Daguet, Kiener Nellen, Pedrina, Thanei, von Graffenried)</p>\n<p>Adh\u00e9rer \u00e0 la d\u00e9cision du Conseil des Etats</p>\n<p>(= Ne pas entrer en mati\u00e8re)</p>\n</pd_text>","MeetingCouncilAbbreviation":"N","MeetingDate":"20101208","MeetingVerbalixOid":1999,"IdSession":"4816","SpeakerFirstName":null,"SpeakerLastName":null,"SpeakerFullName":"","SpeakerFunction":null,"CouncilId":null,"CouncilName":null,"CantonId":null,"CantonName":null,"CantonAbbreviation":null,"ParlGroupName":null,"ParlGroupAbbreviation":null,"SortOrder":1,"Start":"\/Date(1291799792286)\/","End":"\/Date(1291799879816)\/","Function":null,"DisplaySpeaker":null,"LanguageOfText":"DE","Modified":"\/Date(1774877725824)\/","StartTimeWithTimezone":"\/Date(1291799792287+0060)\/","EndTimeWithTimezone":"\/Date(1291799879817+0060)\/","VoteBusinessNumber":null,"VoteBusinessShortNumber":null,"VoteBusinessTitle":null},{"__metadata":{"id":"https://ws.parlament.ch/OData.svc/Transcript(ID=114131L,Language='DE')","uri":"https://ws.parlament.ch/OData.svc/Transcript(ID=114131L,Language='DE')","type":"itsystems.Pd.DataServices.DataModel.Transcript"},"Subjects":{"__deferred":{"uri":"https://ws.parlament.ch/OData.svc/Transcript(ID=114131L,Language='DE')/Subjects"}},"MembersCouncil":{"__deferred":{"uri":"https://ws.parlament.ch/OData.svc/Transcript(ID=114131L,Language='DE')/MembersCouncil"}},"Businesses":{"__deferred":{"uri":"https://ws.parlament.ch/OData.svc/Transcript(ID=114131L,Language='DE')/Businesses"}},"ID":"114131","Language":"DE","IdSubject":"18434","VoteId":null,"PersonNumber":null,"Type":3,"Text":"<pd_text><p><b>2. Obligationenrecht (Rechnungslegungsrecht) </b></p>\n<p><b>2. Code des obligations (Droit comptable) </b></p>\n<p>[VS]</p>\n<p><b>Le pr\u00e9sident </b>(Germanier Jean-Ren\u00e9, pr\u00e9sident): Je vous rappelle que nous avons interrompu le traitement du projet 2 \u00e0 la derni\u00e8re session.</p>\n<p>[VS]</p>\n<p><b>Art. 959</b></p>\n<p><i>Antrag der Kommission</i></p>\n<p>Zustimmung zum Beschluss des St\u00e4nderates</p>\n<p>[VS]</p>\n<p><i>Antrag Noser</i></p>\n<p>Der Verwaltungsrat erl\u00e4sst Richtlinien, wie eine Jahresrechnung zu erstellen ist.</p>\n<p>(Die Artikel 959a bis 961d streichen)</p>\n<p><i>Schriftliche Begr\u00fcndung</i></p>\n<p>Technische Details zur Buchf\u00fchrung geh\u00f6ren nicht in einen Gesetzesabschnitt zur Aktien- und Rechnungslegung, sondern in eine beh\u00f6rdliche Wegleitung. Welchen Kriterien die Buchf\u00fchrung zu gen\u00fcgen hat, ist bereits in den Artikeln 957 und 958 geregelt. Eine Weisung, wonach der Verwaltungsrat verpflichtet ist, gem\u00e4ss den geltenden gesetzlichen Bestimmungen detaillierte Richtlinien in Bezug auf die Erstellung der Jahresrechnung festzulegen, gen\u00fcgt.</p>\n<p>[VS]</p>\n<p><b>Art. 959</b></p>\n<p><i>Proposition de la commission</i></p>\n<p>Adh\u00e9rer \u00e0 la d\u00e9cision du Conseil des Etats</p>\n<p>[VS]</p>\n<p><i>Proposition Noser</i></p>\n<p>Le conseil d'administration \u00e9dicte des directives sur la mani\u00e8re de dresser les comptes annuels.</p>\n<p>(Biffer les articles 959a \u00e0 961d)</p>\n<p>[VS]</p>\n<p><b>Le pr\u00e9sident </b>(Germanier Jean-Ren\u00e9, pr\u00e9sident): La proposition Noser a \u00e9t\u00e9 retir\u00e9e.</p>\n<p>[VS]</p>\n<p><i>Angenommen gem\u00e4ss Antrag der Kommission</i></p>\n<p><i>Adopt\u00e9 selon la proposition de la commission</i></p>\n<p>[PAGE 1905] </p>\n</pd_text>","MeetingCouncilAbbreviation":"N","MeetingDate":"20101208","MeetingVerbalixOid":1999,"IdSession":"4816","SpeakerFirstName":null,"SpeakerLastName":null,"SpeakerFullName":"","SpeakerFunction":null,"CouncilId":null,"CouncilName":null,"CantonId":null,"CantonName":null,"CantonAbbreviation":null,"ParlGroupName":null,"ParlGroupAbbreviation":null,"SortOrder":13,"Start":null,"End":null,"Function":null,"DisplaySpeaker":null,"LanguageOfText":"DE","Modified":"\/Date(1774877725850)\/","StartTimeWithTimezone":null,"EndTimeWithTimezone":null,"VoteBusinessNumber":null,"VoteBusinessShortNumber":null,"VoteBusinessTitle":null},{"__metadata":{"id":"https://ws.parlament.ch/OData.svc/Transcript(ID=114132L,Language='DE')","uri":"https://ws.parlament.ch/OData.svc/Transcript(ID=114132L,Language='DE')","type":"itsystems.Pd.DataServices.DataModel.Transcript"},"Subjects":{"__deferred":{"uri":"https://ws.parlament.ch/OData.svc/Transcript(ID=114132L,Language='DE')/Subjects"}},"MembersCouncil":{"__deferred":{"uri":"https://ws.parlament.ch/OData.svc/Transcript(ID=114132L,Language='DE')/MembersCouncil"}},"Businesses":{"__deferred":{"uri":"https://ws.parlament.ch/OData.svc/Transcript(ID=114132L,Language='DE')/Businesses"}},"ID":"114132","Language":"DE","IdSubject":"18434","VoteId":null,"PersonNumber":4027,"Type":1,"Text":"<pd_text><p>En pr\u00e9ambule, j'aimerais, au nom de la commission, faire la remarque formelle suivante pour faciliter la compr\u00e9hension. Le Conseil des Etats a biff\u00e9 les dispositions concernant le droit comptable du projet du Conseil f\u00e9d\u00e9ral. Il les a trait\u00e9es dans le cadre du projet 2. Celui-ci est donc un projet propre de la Commission des affaires juridiques du Conseil des Etats. Sauf observation dans la colonne \"Commission du Conseil des Etats\", cette derni\u00e8re reprend le projet du Conseil f\u00e9d\u00e9ral. Sauf observation dans la colonne \"Conseil des Etats\", le Conseil des Etats adopte la proposition de sa commission. Dans l'annexe, le Conseil des Etats a d\u00e9j\u00e0 adopt\u00e9 toute une s\u00e9rie de modifications d'autres lois f\u00e9d\u00e9rales.</p>\n<p>Pour que le projet 2 puisse \u00eatre trait\u00e9 comme un projet de loi autonome, il est n\u00e9cessaire de reprendre encore d'autres parties du projet 1. Celles-ci apparaissent dans le d\u00e9pliant dans la colonne \"Commission du Conseil national\", m\u00eame s'il s'agissait \u00e0 l'origine du projet du Conseil f\u00e9d\u00e9ral.</p>\n<p>Pour m\u00e9moire, la Commission des affaires juridiques de notre conseil a d\u00e9cid\u00e9 de suspendre tous les d\u00e9bats concernant le projet de r\u00e9vision du droit de la soci\u00e9t\u00e9 anonyme, projet 1, jusqu'\u00e0 l'adoption au vote final du nouveau contre-projet indirect \u00e0 l'initiative populaire \"contre les r\u00e9mun\u00e9rations abusives\", \u00e9labor\u00e9 actuellement par la Commission des affaires juridiques du Conseil des Etats sur la base de l'initiative parlementaire 10.443 de ladite commission.</p>\n</pd_text>","MeetingCouncilAbbreviation":"N","MeetingDate":"20101208","MeetingVerbalixOid":1999,"IdSession":"4816","SpeakerFirstName":"Paul-Andr\u00e9","SpeakerLastName":"Roux","SpeakerFullName":"Roux Paul-Andr\u00e9","SpeakerFunction":"Mit-M","CouncilId":1,"CouncilName":"Nationalrat","CantonId":23,"CantonName":"Wallis","CantonAbbreviation":"VS","ParlGroupName":"Fraktion CVP/EVP/glp","ParlGroupAbbreviation":"M-E","SortOrder":14,"Start":"\/Date(1291801857650)\/","End":"\/Date(1291801955477)\/","Function":"*","DisplaySpeaker":true,"LanguageOfText":"FR","Modified":"\/Date(1774877725851)\/","StartTimeWithTimezone":"\/Date(1291801857650+0060)\/","EndTimeWithTimezone":"\/Date(1291801955477+0060)\/","VoteBusinessNumber":null,"VoteBusinessShortNumber":null,"VoteBusinessTitle":null},{"__metadata":{"id":"https://ws.parlament.ch/OData.svc/Transcript(ID=114133L,Language='DE')","uri":"https://ws.parlament.ch/OData.svc/Transcript(ID=114133L,Language='DE')","type":"itsystems.Pd.DataServices.DataModel.Transcript"},"Subjects":{"__deferred":{"uri":"https://ws.parlament.ch/OData.svc/Transcript(ID=114133L,Language='DE')/Subjects"}},"MembersCouncil":{"__deferred":{"uri":"https://ws.parlament.ch/OData.svc/Transcript(ID=114133L,Language='DE')/MembersCouncil"}},"Businesses":{"__deferred":{"uri":"https://ws.parlament.ch/OData.svc/Transcript(ID=114133L,Language='DE')/Businesses"}},"ID":"114133","Language":"DE","IdSubject":"18434","VoteId":null,"PersonNumber":1117,"Type":1,"Text":"<pd_text><p><b>Art. 962</b></p>\n<p><i>Antrag der Mehrheit</i></p>\n<p>Zustimmung zum Beschluss des St\u00e4nderates</p>\n<p>[VS]</p>\n<p><i>Antrag der Minderheit</i></p>\n<p>(Leutenegger Oberholzer, Lumengo, Sommaruga Carlo, Thanei, Vischer, von Graffenried, Wyss Brigit)</p>\n<p><i>Abs. 4 Ziff. 1</i></p>\n<p>Zustimmung zum Entwurf des Bundesrates</p>\n<p>[VS]</p>\n<p><i>Antrag Kaufmann</i></p>\n<p><i>Abs. 1</i></p>\n<p>Es m\u00fcssen zus\u00e4tzlich zur Jahresrechnung nach diesem Titel einen Abschluss nach einem anerkannten Standard erstellen:</p>\n<p>1. Publikumsgesellschaften, wenn die B\u00f6rse dies verlangt;</p>\n<p>2. Genossenschaften mit mindestens 2000 Genossenschaftern;</p>\n<p>3. Stiftungen, die von Gesetzes wegen zu einer ordentlichen Revision verpflichtet sind.</p>\n<p><i>Abs. 2</i></p>\n<p>Es k\u00f6nnen zudem einen Abschluss nach Regelwerk verlangen:</p>\n<p>1. Gesellschafter, die mindestens 20 Prozent des Grundkapitals vertreten;</p>\n<p>2. 10 Prozent der Genossenschafter oder 20 Prozent der Vereinsmitglieder;</p>\n<p>3. Gesellschafter oder Mitglieder, die einer pers\u00f6nlichen Haftung oder einer Nachschusspflicht unterliegen.</p>\n<p><i>Abs. 3</i></p>\n<p>Die Pflicht zur Erstellung eines Abschlusses nach einem anerkannten Standard entf\u00e4llt, wenn eine Konzernrechnung nach den Bestimmungen dieses Gesetzes erstellt wird.</p>\n<p><i>Abs. 4</i></p>\n<p>Das oberste Leitungs- oder Verwaltungsorgan ist f\u00fcr die Wahl des anerkannten Standards zust\u00e4ndig, sofern die Statuten, der Gesellschaftsvertrag oder die Stiftungsurkunde keine anderslautenden Vorgaben enthalten oder das oberste Organ den anerkannten Standard nicht festlegt.</p>\n<p><i>Abs. 5</i></p>\n<p>Streichen</p>\n<p><i>Schriftliche Begr\u00fcndung</i></p>\n<p>Die M\u00f6glichkeit, den Jahresabschluss ausschliesslich nach einem anerkannten Standard zur Rechnungslegung zu erstellen (Art. 962 Abs. 1 E-OR), wurde nach dem Vernehmlassungsverfahren und erst kurz vor der Fertigstellung der Botschaft in den Entwurf aufgenommen. Im Vorentwurf war diese M\u00f6glichkeit nicht enthalten. Das Gestaltungsrecht wird hinsichtlich seines nicht explizit geregelten Verh\u00e4ltnisses zum bilanzbezogenen Kapital- und Gl\u00e4ubigerschutz (Art. 725ff. E-OR), zu den damit allf\u00e4llig verbundenen Sanierungsmassnahmen und zur Verwendung der Gewinne (Art. 671ff. E-OR) von der Lehre kritisiert, ohne dass diese jedoch praktikable Alternativen aufzeigt. Die Probleme, die aus dem Nebeneinander von OR-Vorschriften und Rechnungslegungsstandards wie etwa IFRS entstehen, sind weder in der Praxis noch in der Lehre auch nur ansatzweise gel\u00f6st. So kennt beispielsweise IFRS zum Teil v\u00f6llig andere Aktivierungs-, Aufwertungs- und Bewertungsprinzipien als das OR. IFRS ist hinsichtlich der Zul\u00e4ssigkeit der Bildung von R\u00fcckstellungen sehr streng; hingegen ist IFRS betreffend der Ber\u00fccksichtigung von noch nicht realisierten Gewinnen deutlich grossz\u00fcgiger als das OR, das dem Vorsichts- bzw. Realisationsprinzip folgt. Auch werden Aufwertungen nicht vollst\u00e4ndig \u00fcber die Erfolgsrechnung vorgenommen, sondern teilweise \u00fcber das Eigenkapital. Dies kann dazu f\u00fchren, dass das Eigenkapital im Vergleich zu den Regeln des OR deutlich h\u00f6her ausgewiesen wird. Es k\u00f6nnte folglich bereits eine \u00dcberschuldung nach Artikel 725c E-OR vorliegen, obschon sich diese in keiner Weise aus der Bilanz gem\u00e4ss IFRS ergibt. Angesichts dieser Schwierigkeiten ist es kl\u00fcger, auf die im Entwurf des Bundesrates vorgesehene M\u00f6glichkeit eines Jahresabschlusses ausschliesslich nach einem anerkannten Standard zu verzichten und bei der heutigen Praxis des Dual Reportings zu bleiben. Ein auf Gesetzes- oder Verordnungsstufe verankertes Hybridmodell mit Elementen von OR und IFRS erscheint als nichtgangbarer Weg, da die beiden Ans\u00e4tze zu stark voneinander abweichen und ein im internationalen Kontext unbekanntes Konzept entstehen w\u00fcrde.</p>\n<p>[VS]</p>\n<p><i>Antrag Loepfe</i></p>\n<p><i>Abs. 4</i></p>\n<p>Jeder Gesellschafter oder jedes Vereinsmitglied, der oder das einer pers\u00f6nlichen Haftung oder einer Nachschusspflicht unterliegt, kann einen Abschluss nach einem anerkannten Standard verlangen.</p>\n<p><i>Schriftliche Begr\u00fcndung</i></p>\n<p>Das neue Rechnungslegungsrecht gem\u00e4ss OR wird bewusst geschaffen, um gegen\u00fcber heute mehr Transparenz f\u00fcr die Beteiligten zu erzielen. Gem\u00e4ss Artikel 958 E-OR soll das neue Rechnungslegungsrecht die wirtschaftliche Lage des Unternehmens so darstellen, dass sich Dritte ein zuverl\u00e4ssiges Urteil bilden k\u00f6nnen. Dieses gegen\u00fcber heute deutlich erh\u00f6hte Niveau an Transparenz muss auch f\u00fcr Minderheitsaktion\u00e4re gen\u00fcgen, es gibt keinen Grund, ihnen zus\u00e4tzlich das Minderheitenrecht einzur\u00e4umen, gegen den Willen der Mehrheit einen teuren und komplizierten Abschluss nach einem anerkannten Standard, d. h. nach einem dicken Handbuch, zu verlangen. W\u00e4re das neue Rechnungslegungsrecht gem\u00e4ss OR nicht gen\u00fcgend transparent f\u00fcr Minderheitsaktion\u00e4re, w\u00e4re es auch nicht gen\u00fcgend transparent f\u00fcr Gl\u00e4ubiger. Dies ist nat\u00fcrlich unrichtig. Denn w\u00e4re dem so, m\u00fcsste man das ganze Reformvorhaben zur\u00fcckweisen und grundlegend hinterfragen. Mit der Einf\u00fcgung der Worte \"der oder das\" wird gegen\u00fcber der Fassung von Bundesrat und St\u00e4nderat klargestellt, dass sich der Nebensatz nicht nur auf das Vereinsmitglied, sondern auch auf den Gesellschafter bezieht.</p>\n<p>[VS]</p>\n<p><b>Art. 962</b></p>\n<p><i>Proposition de la majorit\u00e9</i></p>\n<p>Adh\u00e9rer \u00e0 la d\u00e9cision du Conseil des Etats</p>\n<p>[VS]</p>\n<p><i>Proposition de la minorit\u00e9</i></p>\n<p>(Leutenegger Oberholzer, Lumengo, Sommaruga Carlo, Thanei, Vischer, von Graffenried, Wyss Brigit)</p>\n<p><i>Al. 4 ch. 1</i></p>\n<p>Adh\u00e9rer au projet du Conseil f\u00e9d\u00e9ral</p>\n<p>[VS] [PAGE 1906] </p>\n<p><i>Proposition Kaufmann</i></p>\n<p><i>Al. 1</i></p>\n<p>En plus des comptes annuels qu'elles \u00e9tablissent conform\u00e9ment au pr\u00e9sent titre, les entreprises suivantes sont tenues de dresser des \u00e9tats financiers selon une norme reconnue:</p>\n<p>1. les soci\u00e9t\u00e9s dont les titres sont cot\u00e9s en Bourse, lorsque la bourse l'exige;</p>\n<p>2. les soci\u00e9t\u00e9s coop\u00e9ratives, lorsqu'elles comptent au moins 2000 membres;</p>\n<p>3. les fondations, lorsque la loi les soumet au contr\u00f4le ordinaire.</p>\n<p><i>Al. 2</i></p>\n<p>Peuvent en outre exiger l'\u00e9tablissement d'\u00e9tats financiers selon les r\u00e8gles en vigueur:</p>\n<p>1. les associ\u00e9s, s'ils repr\u00e9sentent ensemble au moins 20 pour cent du capital social;</p>\n<p>2. 10 pour cent des membres de la soci\u00e9t\u00e9 coop\u00e9rative ou 20 pour cent des membres de l'association;</p>\n<p>3. les associ\u00e9s ou membres qui r\u00e9pondent personnellement des dettes de l'entreprise ou sont soumis \u00e0 une obligation de faire des versements suppl\u00e9mentaires.</p>\n<p><i>Al. 3</i></p>\n<p>L'obligation de dresser des \u00e9tats financiers selon une norme reconnue s'\u00e9teint lorsque l'entreprise pr\u00e9sente des comptes consolid\u00e9s \u00e9tablis conform\u00e9ment \u00e0 la pr\u00e9sente loi.</p>\n<p><i>Al. 4</i></p>\n<p>Le choix d'une norme reconnue incombe \u00e0 l'organe sup\u00e9rieur de direction ou d'administration \u00e0 moins que les statuts, le contrat de soci\u00e9t\u00e9 ou l'acte de fondation n'en disposent autrement ou que l'organe supr\u00eame de la soci\u00e9t\u00e9 ne fixe lui-m\u00eame une norme reconnue.</p>\n<p><i>Al. 5</i></p>\n<p>Biffer</p>\n<p>[VS]</p>\n<p><i>Proposition Loepfe</i></p>\n<p><i>Al. 4</i></p>\n<p>Tout associ\u00e9 ou membre de l'association qui r\u00e9pond personnellement des dettes de l'entreprise ou est soumis \u00e0 une obligation de faire des versements suppl\u00e9mentaires peut en outre exiger l'\u00e9tablissement d'\u00e9tats financiers selon une norme reconnue.</p>\n<p>[VS]</p>\n<p><b>Art. 962a</b></p>\n<p><i>Antrag der Mehrheit</i></p>\n<p><i>Abs. 1-4</i></p>\n<p>Zustimmung zum Beschluss des St\u00e4nderates</p>\n<p><i>Abs. 5</i></p>\n<p>Mit Ausnahme f\u00fcr die kotierten Gesellschaften, f\u00fcr welche die B\u00f6rse einen Standard festgelegt hat, bezeichnet der Bundesrat die anerkannten Standards. Er kann ...</p>\n<p>[VS]</p>\n<p><i>Antrag der Minderheit</i></p>\n<p>(von Graffenried, Amherd, Ingold, Leutenegger Oberholzer, Lumengo, Schmid Federer, Sommaruga Carlo, Thanei, Vischer, Wyss Brigit)</p>\n<p><i>Abs. 5</i></p>\n<p>Zustimmung zum Beschluss des St\u00e4nderates</p>\n<p>[VS]</p>\n<p><i>Antrag Kaufmann</i></p>\n<p><i>Abs. 1 Ziff. 2</i></p>\n<p>Streichen</p>\n<p><i>Abs. 4</i></p>\n<p>Der Abschluss nach einem anerkannten Standard muss dem obersten Organ anl\u00e4sslich der Genehmigung der Jahresrechnung vorgelegt werden, bedarf aber keiner Genehmigung.</p>\n<p>[VS]</p>\n<p><i>Antrag Noser</i></p>\n<p><i>Abs. 2</i></p>\n<p>... \u00fcbernommen werden. Der gew\u00e4hlte Standard zur Rechnungslegung von Jahresabschl\u00fcssen muss im Grundsatz befolgt werden. In begr\u00fcndeten F\u00e4llen soll der Verwaltungsrat auf Teile davon verzichten k\u00f6nnen.</p>\n<p><i>Schriftliche Begr\u00fcndung</i></p>\n<p>Die festgelegten Standards zur Rechnungslegung von Jahresabschl\u00fcssen sind auf grosse, internationale Konzerne ausgerichtet. Sie sind allgemein sehr umfassend und beinhalten viele zwingende und dispositive Bestimmungen. Bei Unternehmen mit weniger komplexen Strukturen (z. B. KMU mit 50 bis 200 Mitarbeitern) verursachen viele dieser Bestimmungen jedoch vor allem hohe administrative Kosten, ohne dass ein Mehrwert vorliegen w\u00fcrde. In begr\u00fcndeten F\u00e4llen sind deshalb Ausnahmen von der Regel vorzusehen.</p>\n<p>[VS]</p>\n<p><b>Art. 962a</b></p>\n<p><i>Proposition de la majorit\u00e9</i></p>\n<p><i>Al. 1-4</i></p>\n<p>Adh\u00e9rer \u00e0 la d\u00e9cision du Conseil des Etats</p>\n<p><i>Al. 5</i></p>\n<p>Le Conseil f\u00e9d\u00e9ral d\u00e9signe les normes reconnues, sauf pour les soci\u00e9t\u00e9s cot\u00e9es en Bourse pour lesquelles la Bourse a fix\u00e9 une norme. Il peut ...</p>\n<p>[VS]</p>\n<p><i>Proposition de la minorit\u00e9</i></p>\n<p>(von Graffenried, Amherd, Ingold, Leutenegger Oberholzer, Lumengo, Schmid Federer, Sommaruga Carlo, Thanei, Vischer, Wyss Brigit)</p>\n<p><i>Al. 5</i></p>\n<p>Adh\u00e9rer \u00e0 la d\u00e9cision du Conseil des Etats</p>\n<p>[VS]</p>\n<p><i>Proposition Kaufmann</i></p>\n<p><i>Al. 1 ch. 2</i></p>\n<p>Biffer</p>\n<p><i>Al. 4</i></p>\n<p>Les \u00e9tats financiers dress\u00e9s selon une norme reconnue sont soumis \u00e0 l'organe supr\u00eame dans le cadre de l'approbation des comptes annuels mais ne n\u00e9cessitent aucune approbation.</p>\n<p>[VS]</p>\n<p><i>Proposition Noser</i></p>\n<p><i>Al. 2</i></p>\n<p>... pour l'ensemble des \u00e9tats financiers. En principe, la norme comptable qui a \u00e9t\u00e9 choisie pour les \u00e9tats financiers doit \u00eatre respect\u00e9e. Dans certains cas justifi\u00e9s, le conseil d'administration doit pouvoir y renoncer en partie.</p>\n<p>[VS]</p>\n<p><b>\u00c4nderung bisherigen Rechts</b></p>\n<p><i>Antrag der Mehrheit</i></p>\n<p><i>Ziff. 2 Art. 207b Abs. 1</i></p>\n<p>Unternehmen, die ihre Jahresrechnung erstmals ausschliesslich nach ... </p>\n<p><i>Ziff. 2 Art. 207b Abs. 2, 3</i></p>\n<p>Zustimmung zum Beschluss des St\u00e4nderates</p>\n<p><i>Ziff. 3 Art. 78d Abs. 1</i></p>\n<p>Unternehmen, die ihre Jahresrechnung erstmals ausschliesslich nach ... </p>\n<p><i>Ziff. 3 Art. 78d Abs. 2-4</i></p>\n<p>Zustimmung zum Beschluss des St\u00e4nderates</p>\n<p>[VS]</p>\n<p><i>Antrag der Minderheit</i></p>\n<p>(Vischer, Leutenegger Oberholzer, Lumengo, Sommaruga Carlo, Wyss Brigit)</p>\n<p><i>Ziff. 2 Art. 207b Abs. 1; Ziff. 3 Art. 78d Abs. 1</i></p>\n<p>Zustimmung zum Beschluss des St\u00e4nderates</p>\n<p>[VS]</p>\n<p><i>Antrag Kaufmann</i></p>\n<p><i>Ziff. 2 Art. 207b; Ziff. 3 Art. 78d</i></p>\n<p>Streichen</p>\n<p>[VS]</p>\n<p><b>Modification du droit en vigueur </b></p>\n<p><i>Proposition de la majorit\u00e9</i></p>\n<p><i>Ch. 2 art. 207b al. 1</i></p>\n<p>Les entreprises qui \u00e9tablissent pour la premi\u00e8re fois leurs comptes exclusivement selon une norme comptable reconnue au sens des articles 962 et 962a du Code des obligations peuvent affecter ... </p>\n<p><i>Ch. 2 art. 207b al. 2, 3</i></p>\n<p>Adh\u00e9rer \u00e0 la d\u00e9cision du Conseil des Etats [PAGE 1907] </p>\n<p><i>Ch. 3 art. 78d al. 1</i></p>\n<p>Les entreprises qui \u00e9tablissent pour la premi\u00e8re fois leurs comptes exclusivement selon une norme comptable reconnue au sens des articles 962 et 962a du Code des obligations peuvent affecter ... </p>\n<p><i>Ch. 3 art. 78d al. 2-4</i></p>\n<p>Adh\u00e9rer \u00e0 la d\u00e9cision du Conseil des Etats</p>\n<p>[VS]</p>\n<p><i>Proposition de la minorit\u00e9</i></p>\n<p>(Vischer, Leutenegger Oberholzer, Lumengo, Sommaruga Carlo, Wyss Brigit)</p>\n<p><i>Ch. 2 art. 207b al. 1; ch. 3 art. 78d al. 1</i></p>\n<p>Adh\u00e9rer \u00e0 la d\u00e9cision du Conseil des Etats</p>\n<p>[VS]</p>\n<p><i>Proposition Kaufmann</i></p>\n<p><i>Ch. 2 art. 207b; ch. 3 art. 78d</i></p>\n<p>Biffer</p>\n</pd_text>","MeetingCouncilAbbreviation":"N","MeetingDate":"20101208","MeetingVerbalixOid":1999,"IdSession":"4816","SpeakerFirstName":"Jean-Ren\u00e9","SpeakerLastName":"Germanier","SpeakerFullName":"Germanier Jean-Ren\u00e9","SpeakerFunction":"P-M","CouncilId":1,"CouncilName":"Nationalrat","CantonId":23,"CantonName":"Wallis","CantonAbbreviation":"VS","ParlGroupName":"Freisinnig-demokratische Fraktion","ParlGroupAbbreviation":"RL","SortOrder":15,"Start":"\/Date(1291801955477)\/","End":"\/Date(1291802051819)\/","Function":"P-M","DisplaySpeaker":false,"LanguageOfText":null,"Modified":"\/Date(1774877725853)\/","StartTimeWithTimezone":"\/Date(1291801955477+0060)\/","EndTimeWithTimezone":"\/Date(1291802051820+0060)\/","VoteBusinessNumber":null,"VoteBusinessShortNumber":null,"VoteBusinessTitle":null},{"__metadata":{"id":"https://ws.parlament.ch/OData.svc/Transcript(ID=114134L,Language='DE')","uri":"https://ws.parlament.ch/OData.svc/Transcript(ID=114134L,Language='DE')","type":"itsystems.Pd.DataServices.DataModel.Transcript"},"Subjects":{"__deferred":{"uri":"https://ws.parlament.ch/OData.svc/Transcript(ID=114134L,Language='DE')/Subjects"}},"MembersCouncil":{"__deferred":{"uri":"https://ws.parlament.ch/OData.svc/Transcript(ID=114134L,Language='DE')/MembersCouncil"}},"Businesses":{"__deferred":{"uri":"https://ws.parlament.ch/OData.svc/Transcript(ID=114134L,Language='DE')/Businesses"}},"ID":"114134","Language":"DE","IdSubject":"18434","VoteId":null,"PersonNumber":487,"Type":1,"Text":"<pd_text><p>Artikel 962 regelt die Pflicht zur Rechnungslegung nach einem anerkannten Standard. Im Gesetz wird festgelegt, dass eine Rechnungslegung nach anerkanntem Standard erfolgen muss bei Publikumsgesellschaften gem\u00e4ss Vorschriften der B\u00f6rse, bei Grossgenossenschaften und -stiftungen, die der ordentlichen Revision unterliegen. </p>\n<p>Zus\u00e4tzlich zu diesen Bestimmungen sieht jetzt Absatz 4 vor, dass auch einzelne Gesellschafter bzw. Genossenschafter und Genossenschafterinnen eine Rechnungslegung nach anerkanntem Standard verlangen k\u00f6nnen. Es sind dies nach dem Entwurf des Bundesrates Gesellschafter, die mindestens 10 Prozent des Kapitals innehaben. Der St\u00e4nderat hat dieses Quorum auf 20 Prozent heraufgesetzt. Wir beantragen Ihnen mit dem Minderheitsantrag, diese Bestimmung in der Fassung des Bundesrates zu belassen.</p>\n<p>Es geht hier um die Frage des Minderheitenschutzes. Bereits ein Anteil von 10 Prozent des Grundkapitals ist ein erheblicher Anteil - hier sind auch gr\u00f6ssere Gesellschaften betroffen. Wir sehen keine Veranlassung, den Minderheitenschutz aufzuweichen, sondern bitten Sie, es beim Entwurf des Bundesrates zu belassen, sodass auch Gesellschafterinnen und Gesellschafter mit einem Anteil von 10 Prozent bereits diese Rechnungslegung verlangen k\u00f6nnen. Denn nur die Rechnungslegung nach anerkanntem Standard gibt die wahre wirtschaftliche Situation eines Unternehmens wirklich wieder. Diese Bestimmung verpflichtet auch zu einer Rechnungslegung, die keine stillen Reserven aufweist, das heisst, sie erm\u00f6glicht den Minderheitsgesellschafterinnen und -gesellschaftern, sich einen \u00dcberblick \u00fcber die reale Situation der Unternehmung zu verschaffen.</p>\n<p>Ich bitte Sie deshalb, der Minderheit zu folgen.</p>\n</pd_text>","MeetingCouncilAbbreviation":"N","MeetingDate":"20101208","MeetingVerbalixOid":1999,"IdSession":"4816","SpeakerFirstName":"Susanne","SpeakerLastName":"Leutenegger Oberholzer","SpeakerFullName":"Leutenegger Oberholzer Susanne","SpeakerFunction":"Mit-F","CouncilId":1,"CouncilName":"Nationalrat","CantonId":13,"CantonName":"Basel-Landschaft","CantonAbbreviation":"BL","ParlGroupName":"Sozialdemokratische Fraktion","ParlGroupAbbreviation":"S","SortOrder":16,"Start":"\/Date(1291802051819)\/","End":"\/Date(1291802200989)\/","Function":"Mit-F","DisplaySpeaker":true,"LanguageOfText":"DE","Modified":"\/Date(1774877725854)\/","StartTimeWithTimezone":"\/Date(1291802051820+0060)\/","EndTimeWithTimezone":"\/Date(1291802200990+0060)\/","VoteBusinessNumber":null,"VoteBusinessShortNumber":null,"VoteBusinessTitle":null},{"__metadata":{"id":"https://ws.parlament.ch/OData.svc/Transcript(ID=114135L,Language='DE')","uri":"https://ws.parlament.ch/OData.svc/Transcript(ID=114135L,Language='DE')","type":"itsystems.Pd.DataServices.DataModel.Transcript"},"Subjects":{"__deferred":{"uri":"https://ws.parlament.ch/OData.svc/Transcript(ID=114135L,Language='DE')/Subjects"}},"MembersCouncil":{"__deferred":{"uri":"https://ws.parlament.ch/OData.svc/Transcript(ID=114135L,Language='DE')/MembersCouncil"}},"Businesses":{"__deferred":{"uri":"https://ws.parlament.ch/OData.svc/Transcript(ID=114135L,Language='DE')/Businesses"}},"ID":"114135","Language":"DE","IdSubject":"18434","VoteId":null,"PersonNumber":1110,"Type":1,"Text":"<pd_text><p>Wir sind bei der \u00c4nderung bisherigen Rechts nun bei Artikel 207b DBG in Verbindung mit Artikel 78d StHG. Folgendes schl\u00e4gt der Bundesrat vor: \"Unternehmen, die ihre Jahresrechnung in den ersten drei Gesch\u00e4ftsjahren nach dem Inkrafttreten der \u00c4nderung des Obligationenrechts vom ... erstmals ausschliesslich nach einem anerkannten Standard zur Rechnungslegung gem\u00e4ss den Artikeln 962 und 962a des Obligationenrechts erstellen\", die wir bereits diskutiert haben, \"k\u00f6nnen die durch die Umstellung der Rechnungslegung entstandene Zunahme des Eigenkapitals steuerfrei einer Reserve zur gestaffelten Besteuerung gutschreiben.\" Dem ist der St\u00e4nderat gefolgt. Die Mehrheit unserer Kommission beantragt nun folgende \u00c4nderung: \"Unternehmen, die ihre Jahresrechnung erstmals ausschliesslich nach ...\" Das heisst, die Mehrheit will, dass diese Wahl nicht mehr in den ersten drei Jahren nach Inkrafttreten getroffen werden muss, sondern diese M\u00f6glichkeit immer zur Verf\u00fcgung steht, also diese Verg\u00fcnstigung gewissermassen steuerrechtlich anvisiert werden kann. </p>\n<p>Es ist klar, dass die Regelung, wie sie die Mehrheit will, zu einer Komplizierung der ganzen Sache f\u00fchrt. Die bundesr\u00e4tliche Fassung f\u00fchrt eine klare Temporalisierung ein und sagt, wer innerhalb der Frist nicht handelt, habe sich dieses Vorteils beraubt, w\u00e4hrend die Mehrheitsfassung diese Temporalisierung nicht haben will. Das kompliziert nat\u00fcrlich die Sache f\u00fcr die Unternehmungen selbst, aber auch f\u00fcr die Steuerverwaltung. Ich denke, der Bundesrat hat sich etwas \u00fcberlegt, als er diese Fassung gew\u00e4hlt hat. Die Kommission schl\u00e4gt Ihnen nun etwas vor, das eigentlich nicht sinnvoll ist, das zu einer Ausuferung und zu unklaren Rechtsverh\u00e4ltnissen f\u00fchrt, weil nicht klar ist, wann dieser Prozess abgeschlossen ist. </p>\n<p>In diesem Sinne ersuche ich Sie, der Minderheit zu folgen. Die Minderheitsantr\u00e4ge zu den beiden Artikeln h\u00e4ngen nat\u00fcrlich materiell zusammen. Ich verweise diesbez\u00fcglich auf die Ausf\u00fchrungen von Frau Leutenegger Oberholzer und auf die Verbindung zu Artikel 78d des Steuerharmonisierungsgesetzes auf Seite 61 der Fahne, wo die gleiche Bestimmung Einkehr findet.</p>\n</pd_text>","MeetingCouncilAbbreviation":"N","MeetingDate":"20101208","MeetingVerbalixOid":1999,"IdSession":"4816","SpeakerFirstName":"Daniel","SpeakerLastName":"Vischer","SpeakerFullName":"Vischer Daniel","SpeakerFunction":"Mit-M","CouncilId":1,"CouncilName":"Nationalrat","CantonId":1,"CantonName":"Z\u00fcrich","CantonAbbreviation":"ZH","ParlGroupName":"Gr\u00fcne Fraktion","ParlGroupAbbreviation":"G","SortOrder":17,"Start":"\/Date(1291802200989)\/","End":"\/Date(1291802396533)\/","Function":"Mit-M","DisplaySpeaker":true,"LanguageOfText":"DE","Modified":"\/Date(1774877725856)\/","StartTimeWithTimezone":"\/Date(1291802200990+0060)\/","EndTimeWithTimezone":"\/Date(1291802396533+0060)\/","VoteBusinessNumber":null,"VoteBusinessShortNumber":null,"VoteBusinessTitle":null},{"__metadata":{"id":"https://ws.parlament.ch/OData.svc/Transcript(ID=114136L,Language='DE')","uri":"https://ws.parlament.ch/OData.svc/Transcript(ID=114136L,Language='DE')","type":"itsystems.Pd.DataServices.DataModel.Transcript"},"Subjects":{"__deferred":{"uri":"https://ws.parlament.ch/OData.svc/Transcript(ID=114136L,Language='DE')/Subjects"}},"MembersCouncil":{"__deferred":{"uri":"https://ws.parlament.ch/OData.svc/Transcript(ID=114136L,Language='DE')/MembersCouncil"}},"Businesses":{"__deferred":{"uri":"https://ws.parlament.ch/OData.svc/Transcript(ID=114136L,Language='DE')/Businesses"}},"ID":"114136","Language":"DE","IdSubject":"18434","VoteId":null,"PersonNumber":479,"Type":1,"Text":"<pd_text><p>Auch wir haben den Unterbruch genutzt, um uns nochmals in die Materie zu vertiefen. Zusammenfassend muss ich sagen, dass wir mit den bisherigen Revisionsarbeiten nicht sehr gl\u00fccklich sind. Wenn ich zur\u00fcckblicke, muss ich zugeben: Wir h\u00e4tten eigentlich eine zweite Lesung machen sollen. Aus diesem Grund werden wir dann auch alle Einzelantr\u00e4ge unterst\u00fctzen. So haben wir Differenzen zum St\u00e4nderat, und der St\u00e4nderat kann dann nochmals \u00fcber die B\u00fccher gehen. F\u00fcr uns ist klar: Ziel der Revision muss sein, dass das Rechnungslegungsrecht klar verst\u00e4ndlich ist; es muss konsistent sein und darf keinen finanziellen Mehraufwand f\u00fcr die KMU bedeuten.</p>\n<p>Zu Artikel 962 liegen inzwischen verschiedene Varianten vor. Ich spreche nat\u00fcrlich zu meinem Einzelantrag; der Antrag wurde - das sei klar offengelegt - auf Anregung der Verwaltung als Konzept verfasst. Ich habe also auf die Anregungen und die Hilfe der Verwaltung zur\u00fcckgegriffen. </p>\n<p>Es geht hier vor allem um das Problem, dass wir in unserer bisherigen Revisionsarbeit schon ein bisschen ein Durcheinander von OR-Regelungen und anerkannten Rechnungslegungsstandards haben. Diese Vermischung kann zu grossen Problemen f\u00fchren. In den IFRS gelten ganz andere Bewertungs-, Aktivierungs- und Aufwertungsprinzipien als im OR. Wenn man die Rechnungslegung nach OR vornimmt, kann es passieren, dass man \u00fcberschuldet ist und vor den Richter muss, w\u00e4hrend einem das unter den IFRS nicht passiert. Mit der vorliegenden Fassung soll nun sichergestellt werden, dass weiterhin das duale Rechnungslegungswesen betrieben werden kann. Es geht also um eine gewisse Flexibilit\u00e4t, gewissermassen um ein Opting-out. </p>\n<p>Wenn Sie meinen Antrag annehmen, so schliesst das den Antrag Loepfe nicht aus. Wir werden auch diesen unterst\u00fctzen. Die Abs\u00e4tze w\u00e4ren dann einfach anders zu nummerieren. </p>\n<p>Ansonsten kann ich Ihnen sagen: Wenn wir mit den Einzelantr\u00e4gen nicht durchkommen, werden wir klar die Mehrheit unterst\u00fctzen.</p>\n</pd_text>","MeetingCouncilAbbreviation":"N","MeetingDate":"20101208","MeetingVerbalixOid":1999,"IdSession":"4816","SpeakerFirstName":"Hans","SpeakerLastName":"Kaufmann","SpeakerFullName":"Kaufmann Hans","SpeakerFunction":"Mit-M","CouncilId":1,"CouncilName":"Nationalrat","CantonId":1,"CantonName":"Z\u00fcrich","CantonAbbreviation":"ZH","ParlGroupName":"Fraktion der Schweizerischen Volkspartei","ParlGroupAbbreviation":"V","SortOrder":18,"Start":"\/Date(1291802396533)\/","End":"\/Date(1291802588094)\/","Function":"Mit-M","DisplaySpeaker":true,"LanguageOfText":"DE","Modified":"\/Date(1774877725858)\/","StartTimeWithTimezone":"\/Date(1291802396533+0060)\/","EndTimeWithTimezone":"\/Date(1291802588093+0060)\/","VoteBusinessNumber":null,"VoteBusinessShortNumber":null,"VoteBusinessTitle":null},{"__metadata":{"id":"https://ws.parlament.ch/OData.svc/Transcript(ID=114137L,Language='DE')","uri":"https://ws.parlament.ch/OData.svc/Transcript(ID=114137L,Language='DE')","type":"itsystems.Pd.DataServices.DataModel.Transcript"},"Subjects":{"__deferred":{"uri":"https://ws.parlament.ch/OData.svc/Transcript(ID=114137L,Language='DE')/Subjects"}},"MembersCouncil":{"__deferred":{"uri":"https://ws.parlament.ch/OData.svc/Transcript(ID=114137L,Language='DE')/MembersCouncil"}},"Businesses":{"__deferred":{"uri":"https://ws.parlament.ch/OData.svc/Transcript(ID=114137L,Language='DE')/Businesses"}},"ID":"114137","Language":"DE","IdSubject":"18434","VoteId":null,"PersonNumber":330,"Type":1,"Text":"<pd_text><p>Wir haben hier vier Stufen der Kontrolle. Wir haben das Recht des heutigen OR, dann haben wir das revidierte OR, das ist etwas h\u00f6her, etwas sch\u00e4rfer, dann Swiss GAAP, noch eine Stufe h\u00f6her, und dann zualleroberst IFRS. Jetzt geht es bei diesem Artikel nur darum - bildlich gesagt, damit man versteht, worum es geht -: Wie kann man als Minderheit von der untersten Etage gewissermassen im Schnellzug auf die oberste gelangen? Das neue Rechnungslegungsrecht gem\u00e4ss dem neuen, revidierten OR ist schon eine h\u00f6here Stufe. Es erzielt schon mehr Transparenz, und gem\u00e4ss dem neuen OR soll eigentlich die wirtschaftliche Lage des Unternehmens so dargestellt werden, dass sich Dritte ein zuverl\u00e4ssiges Urteil bilden k\u00f6nnen. Dieses gegen\u00fcber heute erh\u00f6hte Niveau sollte eigentlich gen\u00fcgend Transparenz schaffen und auch f\u00fcr Minderheitsaktion\u00e4re gen\u00fcgen. Es gibt keinen Grund, zus\u00e4tzlich das Minderheitenrecht einzur\u00e4umen, quasi gegen den Willen der Mehrheit einen teuren und komplizierten Abschluss nach anerkannten Standards, das heisst eben nach diesem allerh\u00f6chsten Standard, zu verlangen. Die Version des Bundesrates w\u00fcrde n\u00e4mlich bedeuten, dass auch [PAGE 1908] kleine, kleinste Aktiengesellschaften, GmbH usw. einen grossen Aufwand h\u00e4tten wegen - ich sage jetzt mal: - \u00fcbertriebenem Minderheitenschutz.</p>\n<p>Bei gr\u00f6sseren Gesellschaften, Frau Bundesr\u00e4tin, das gestehen wir durchaus zu, kann man dies vorsehen bzw. muss man dies sogar vorsehen. Der St\u00e4nderat sollte dieses Problem bei gr\u00f6sseren Gesellschaften noch einmal vertieft anschauen. Aber zu diesem Zweck, damit der St\u00e4nderat das vertieft anschauen kann, m\u00fcssen wir eben die Antr\u00e4ge Loepfe und Kaufmann annehmen, damit wir Differenzen haben. Es gen\u00fcgt ja, wenn Gesellschafter, die pers\u00f6nlich haften - das ist der Antrag Loepfe - oder die einer Nachschusspflicht unterstellt sind, den Schutz haben. Sollten aber die Antr\u00e4ge Loepfe und Kaufmann abgelehnt werden, ist auch die CVP/EVP/glp-Fraktion ganz dezidiert der Meinung, dass wir dann auf den Mehrheitsantrag einschwenken und den Minderheitsantrag ablehnen m\u00fcssen.</p>\n</pd_text>","MeetingCouncilAbbreviation":"N","MeetingDate":"20101208","MeetingVerbalixOid":1999,"IdSession":"4816","SpeakerFirstName":"Norbert","SpeakerLastName":"Hochreutener","SpeakerFullName":"Hochreutener Norbert","SpeakerFunction":"Mit-M","CouncilId":1,"CouncilName":"Nationalrat","CantonId":2,"CantonName":"Bern","CantonAbbreviation":"BE","ParlGroupName":"Fraktion CVP/EVP/glp","ParlGroupAbbreviation":"M-E","SortOrder":19,"Start":"\/Date(1291802588094)\/","End":"\/Date(1291802761685)\/","Function":"Mit-M","DisplaySpeaker":true,"LanguageOfText":"DE","Modified":"\/Date(1774877725859)\/","StartTimeWithTimezone":"\/Date(1291802588093+0060)\/","EndTimeWithTimezone":"\/Date(1291802761687+0060)\/","VoteBusinessNumber":null,"VoteBusinessShortNumber":null,"VoteBusinessTitle":null},{"__metadata":{"id":"https://ws.parlament.ch/OData.svc/Transcript(ID=114138L,Language='DE')","uri":"https://ws.parlament.ch/OData.svc/Transcript(ID=114138L,Language='DE')","type":"itsystems.Pd.DataServices.DataModel.Transcript"},"Subjects":{"__deferred":{"uri":"https://ws.parlament.ch/OData.svc/Transcript(ID=114138L,Language='DE')/Subjects"}},"MembersCouncil":{"__deferred":{"uri":"https://ws.parlament.ch/OData.svc/Transcript(ID=114138L,Language='DE')/MembersCouncil"}},"Businesses":{"__deferred":{"uri":"https://ws.parlament.ch/OData.svc/Transcript(ID=114138L,Language='DE')/Businesses"}},"ID":"114138","Language":"DE","IdSubject":"18434","VoteId":null,"PersonNumber":360,"Type":1,"Text":"<pd_text><p>Ich bitte Sie im Namen der SP-Fraktion, der Minderheit Leutenegger Oberholzer zu folgen und auch den Minderheitsantrag Vischer zu unterst\u00fctzen.</p>\n<p>Bereits in der Eintretensdebatte haben wir ausgef\u00fchrt, dass uns der Minderheitenschutz ein wichtiges Anliegen ist. Es geht hier um die Frage, wer einen Abschluss nach einem anerkannten Standard verlangen kann. Der Bundesrat sah mit sehr \u00fcberzeugender Begr\u00fcndung vor, dass dies Gesellschafterinnen und Gesellschafter, die mindestens 10 Prozent des Grundkapitals vertreten, fordern k\u00f6nnen. Der St\u00e4nderat m\u00f6chte nun dieses Quorum auf 20 Prozent erh\u00f6hen.</p>\n<p>Es geht hier, wie ich bereits eingangs erw\u00e4hnt habe, einzig und allein um den Minderheitenschutz und nicht um irgendwelche zus\u00e4tzliche H\u00fcrden. Bei gr\u00f6sseren Gesellschaften braucht es viel, um diesen Anteil zu erreichen. Der Minderheitenschutz ist \u00fcberdies besonders n\u00f6tig, falls Sie die Schwellenwerte in Artikel 962 erh\u00f6hen, wie das ja von der Mehrheit dieses Rates gefordert wird.</p>\n<p>Ich bitte Sie deshalb, insbesondere der Minderheit Leutenegger Oberholzer zu folgen und auch der Minderheit Vischer; diesbez\u00fcglich verweise ich auf seine Begr\u00fcndung. </p>\n</pd_text>","MeetingCouncilAbbreviation":"N","MeetingDate":"20101208","MeetingVerbalixOid":1999,"IdSession":"4816","SpeakerFirstName":"Anita","SpeakerLastName":"Thanei","SpeakerFullName":"Thanei Anita","SpeakerFunction":"Mit-F","CouncilId":1,"CouncilName":"Nationalrat","CantonId":1,"CantonName":"Z\u00fcrich","CantonAbbreviation":"ZH","ParlGroupName":"Sozialdemokratische Fraktion","ParlGroupAbbreviation":"S","SortOrder":20,"Start":"\/Date(1291802761685)\/","End":"\/Date(1291802875387)\/","Function":"Mit-F","DisplaySpeaker":true,"LanguageOfText":"DE","Modified":"\/Date(1774877725861)\/","StartTimeWithTimezone":"\/Date(1291802761687+0060)\/","EndTimeWithTimezone":"\/Date(1291802875387+0060)\/","VoteBusinessNumber":null,"VoteBusinessShortNumber":null,"VoteBusinessTitle":null},{"__metadata":{"id":"https://ws.parlament.ch/OData.svc/Transcript(ID=114139L,Language='DE')","uri":"https://ws.parlament.ch/OData.svc/Transcript(ID=114139L,Language='DE')","type":"itsystems.Pd.DataServices.DataModel.Transcript"},"Subjects":{"__deferred":{"uri":"https://ws.parlament.ch/OData.svc/Transcript(ID=114139L,Language='DE')/Subjects"}},"MembersCouncil":{"__deferred":{"uri":"https://ws.parlament.ch/OData.svc/Transcript(ID=114139L,Language='DE')/MembersCouncil"}},"Businesses":{"__deferred":{"uri":"https://ws.parlament.ch/OData.svc/Transcript(ID=114139L,Language='DE')/Businesses"}},"ID":"114139","Language":"DE","IdSubject":"18434","VoteId":null,"PersonNumber":1153,"Type":1,"Text":"<pd_text><p>Wenn man den Antrag Kaufmann anschaut, muss man zuerst einmal feststellen, dass die Diskussion um Minderheitenschutz eine ganz andere wird, als die, die es jetzt ist. Herr Kaufmann verlangt eigentlich - ich sage es in einfachen Worten, Sie verzeihen mir das -, dass alle nach OR Rechnung legen m\u00fcssen. Wenn alle nach OR Rechnung legen m\u00fcssen, dann gibt es auch diesen Streit, welche Minderheiten jetzt beantragen k\u00f6nnen, dass man nach OR Rechnung legen muss, nicht mehr. Sprich: Wenn Sie den Antrag Kaufmann annehmen, gibt es nachher noch einige Dinge zu \u00e4ndern, die man im St\u00e4nderat im Differenzbereinigungsverfahren noch einmal anschauen muss. </p>\n<p>Inhaltlich zum Antrag Kaufmann: Wie das Herr Hochreutener vorhin richtig gesagt hat, gibt es verschiedene Pflichten, wie man Rechnung legen muss. Wir m\u00fcssen einerseits f\u00fcr das Steueramt und andererseits f\u00fcr den Betrieb Rechnung legen, und wir m\u00fcssen Rechnungslegung machen f\u00fcr die Aktion\u00e4re, die allenfalls nicht im Betrieb sind. Die haben unter Umst\u00e4nden verschiedene Informationsbed\u00fcrfnisse, diese Unterschiede sind relativ legitim. F\u00fcr ein kleines Unternehmen, das international arbeitet, gen\u00fcgt das Rechnungslegungsrecht nach Schweizer OR schon sehr schnell nicht mehr; man muss gewisse Standardisierungen haben. Die nationalr\u00e4tliche Kommission f\u00fcr Rechtsfragen und der Bundesrat wollten KMU oder kleinere Unternehmen von zwei Rechnungsf\u00fchrungen entlasten; das heisst, sie wollten sie nicht alle zwingen, nach OR Rechnung zu legen, wenn sie nach einem Standard Rechnung legen. Vermutlich ist es eine relativ akademische Diskussion, denn wenn sie nach einem Standard Rechnung legen und diese dann auch den Steuerbeh\u00f6rden vorlegen, f\u00fchrt das vermutlich in den meisten F\u00e4llen zu einer h\u00f6heren Steuerbelastung, sodass das meiner Ansicht nach niemand freiwillig machen wird, ausser man hat wirklich sehr hohe Kosten, wenn man zwei Rechnungen f\u00fchren muss. Das ist das Erste, das man festhalten muss.</p>\n<p>Das Zweite ist an und f\u00fcr sich, dass Herr Kaufmann sehr Recht hat. Es w\u00e4re sehr st\u00f6rend, und wir m\u00fcssen es verhindern, dass internationale Standards verwendet werden, um z. B. ein tiefes Eigenkapital zu versch\u00f6nern. Dieses Risiko besteht, und das muss verhindert werden. Darum bitte ich Sie, den Antrag Kaufmann und auch den Antrag Loepfe momentan zu unterst\u00fctzen - aber dann hat der St\u00e4nderat in der Kommission noch etwas zu tun. Was hat er zu tun? Im Rechnungslegungsrecht gibt es f\u00fcr Unternehmen, die international Rechnung legen, hochkomplexe Bereiche. Diese Unternehmen nehmen unter Umst\u00e4nden eine h\u00f6here Steuerbelastung in Kauf, wenn sie nicht nach OR Rechnung legen m\u00fcssen. Dies gibt es in erster Linie, glaube ich, in der Finanzindustrie. Diese Unternehmen m\u00fcssten weiterhin eine M\u00f6glichkeit f\u00fcr ein Opting-out haben. Das ist aber vorsichtig zu pr\u00fcfen und w\u00e4re vermutlich zu beschr\u00e4nken. Dort haben wir auch keine Probleme mit den Minderheitsaktion\u00e4ren, weil, soviel ich weiss, die Unternehmen, die das betrifft, alle von der Finma \u00fcberwacht werden und sowieso einen erh\u00f6hten Rechnungslegungsaufwand zu betreiben haben. Darum w\u00e4re die Frage zu kl\u00e4ren - das betrifft die St\u00e4nderatskommission -, ob man nicht dort, wo z. B. Finma-\u00dcberwachungen stattfinden, das Opting-out zulassen und in anderen Bereichen dann vielleicht dem Antrag Kaufmann folgen k\u00f6nnte. </p>\n<p>Im Moment bitte ich Sie, den Einzelantr\u00e4gen zu folgen.</p>\n</pd_text>","MeetingCouncilAbbreviation":"N","MeetingDate":"20101208","MeetingVerbalixOid":1999,"IdSession":"4816","SpeakerFirstName":"Ruedi","SpeakerLastName":"Noser","SpeakerFullName":"Noser Ruedi","SpeakerFunction":"Mit-M","CouncilId":1,"CouncilName":"Nationalrat","CantonId":1,"CantonName":"Z\u00fcrich","CantonAbbreviation":"ZH","ParlGroupName":"Freisinnig-demokratische Fraktion","ParlGroupAbbreviation":"RL","SortOrder":21,"Start":"\/Date(1291802875387)\/","End":"\/Date(1291803100103)\/","Function":"Mit-M","DisplaySpeaker":true,"LanguageOfText":"DE","Modified":"\/Date(1774877725862)\/","StartTimeWithTimezone":"\/Date(1291802875387+0060)\/","EndTimeWithTimezone":"\/Date(1291803100103+0060)\/","VoteBusinessNumber":null,"VoteBusinessShortNumber":null,"VoteBusinessTitle":null},{"__metadata":{"id":"https://ws.parlament.ch/OData.svc/Transcript(ID=114140L,Language='DE')","uri":"https://ws.parlament.ch/OData.svc/Transcript(ID=114140L,Language='DE')","type":"itsystems.Pd.DataServices.DataModel.Transcript"},"Subjects":{"__deferred":{"uri":"https://ws.parlament.ch/OData.svc/Transcript(ID=114140L,Language='DE')/Subjects"}},"MembersCouncil":{"__deferred":{"uri":"https://ws.parlament.ch/OData.svc/Transcript(ID=114140L,Language='DE')/MembersCouncil"}},"Businesses":{"__deferred":{"uri":"https://ws.parlament.ch/OData.svc/Transcript(ID=114140L,Language='DE')/Businesses"}},"ID":"114140","Language":"DE","IdSubject":"18434","VoteId":null,"PersonNumber":512,"Type":1,"Text":"<pd_text><p>Ich sage Ihnen kurz, zu welchen Antr\u00e4gen ich jetzt spreche und in welcher Reihenfolge: Ich \u00e4ussere mich zuerst zum Minderheitsantrag Leutenegger Oberholzer, spreche dann zum Antrag Loepfe, \u00e4ussere mich sodann zum Minderheitsantrag Vischer zum Bundesgesetz \u00fcber die direkte Bundessteuer und zum Steuerharmonisierungsgesetz und schliesslich zum Antrag Kaufmann, der ein Konzept ist; ich werde mich also noch zum Konzept Kaufmann \u00e4ussern.</p>\n<p>Ich beginne mit dem Minderheitsantrag Leutenegger Oberholzer: Artikel 962 Absatz 4 Ziffer 1 des Entwurfes betrifft Aktiengesellschaften, GmbH und Genossenschaften mit Anteilskapital. Der Bundesrat will mit Absatz 4 ein wichtiges Minderheitsrecht im Gesetz verankern. Dieses erm\u00f6glicht den Minderheitsgesellschaftern, die selten in der Gesch\u00e4ftsleitung oder im Verwaltungsrat vertreten sind, einen Abschluss frei von stillen Willk\u00fcrreserven zu verlangen. Die wirtschaftliche Lage der Gesellschaft l\u00e4sst sich dadurch objektiver und grunds\u00e4tzlich frei von willk\u00fcrlichen Abschreibungen und R\u00fcckstellungen beurteilen. Zudem l\u00e4sst sich durch einen Abschluss nach anerkannten Regelwerken der f\u00fcr Gesellschafter wichtige innere Wert ihrer Investitionen und Wertpapiere festlegen. Der Bundesrat orientierte sich bei der Festlegung der Zehn-Prozent-Klausel am bestehenden Revisionsrecht, das heisst Artikel 727 Absatz 2 OR, und er wollte eine diesbez\u00fcgliche Koh\u00e4renz schaffen. Der St\u00e4nderat und Ihre Kommission f\u00fcr Rechtsfragen haben den Schwellenwert von 10 auf 20 Prozent angehoben. Die Schwelle von 10 Prozent ist gem\u00e4ss Bundesrat als ausreichend hoch einzustufen, um missbr\u00e4uchlichen Begehren vorbeugen zu k\u00f6nnen. Eine Verdoppelung des Schwellenwertes von 10 auf 20 Prozent dr\u00e4ngt sich deshalb aus Sicht des Bundesrates nicht auf.</p>\n<p>Ich bitte Sie deshalb, dem Minderheitsantrag Leutenegger Oberholzer zuzustimmen.</p>\n<p>Jetzt zum Antrag Loepfe: Der Antrag Loepfe m\u00f6chte die wichtigen Minderheitsrechte gem\u00e4ss den Ziffern 1 und 2 ersatzlos streichen. Wichtige Minderheiten h\u00e4tten folglich keine M\u00f6glichkeit mehr, eine Rechnungslegung frei von stillen Reserven zu verlangen. Nachdem der St\u00e4nderat im Rahmen der Vorlage 1 zum Aktienrecht mehr oder weniger s\u00e4mtliche Auskunfts- und Informationsrechte der Gesellschafter ausserhalb der Generalversammlung gestrichen hat, sind die vorliegenden Minderheitsrechte eine letzte M\u00f6glichkeit, sich einen zuverl\u00e4ssigen \u00dcberblick \u00fcber die wirtschaftliche Situation der Gesellschaft zu verschaffen. Das ist unter anderem im Hinblick auf allf\u00e4llige [PAGE 1909] Verantwortlichkeits- oder R\u00fcckforderungsklagen sehr wichtig. Auch darf die pr\u00e4ventive Wirkung solcher Minderheitsrechte nie vergessen werden. Minderheitenschutz bedeutet immer auch Investorenschutz. Ist dieser nicht ausreichend, so werden notwendige Investitionen oftmals nicht get\u00e4tigt.</p>\n<p>Falls der Einzelantrag angenommen w\u00fcrde, w\u00fcrde sich aus Sicht des Bundesrates folgende Frage stellen: Darf im zuk\u00fcnftigen Rechnungslegungsrecht \u00fcberhaupt noch von einem System des Minderheitenschutzes gesprochen werden? Verschiedene Votanten haben heute einger\u00e4umt, dass der St\u00e4nderat unterschiedliche Fragen, die im Zusammenhang mit diesem Antrag noch offen sind, pr\u00fcfen m\u00fcsste. Hier geht es aber nicht um einzelne offene Fragen, hier geht es um eine grunds\u00e4tzliche Frage, n\u00e4mlich um die Frage, ob es in Zukunft im Rechnungslegungsrecht einen Minderheitenschutz gibt oder nicht.</p>\n<p>Der Bundesrat bittet Sie dringend, den Antrag Loepfe abzulehnen.</p>\n<p>Ich komme jetzt zu den Antr\u00e4gen der Minderheit Vischer zu Artikel 207b Absatz 1 DBG und zu Artikel 78d Absatz 1 StHG. Da sie dieselbe Materie betreffen, erlaube ich mir, zu beiden Antr\u00e4gen gleichzeitig Stellung zu nehmen.</p>\n<p>Ihre Kommission hat bei der Umstellung der Rechnungslegung - weg von einem Abschluss nach OR, hin zu einem Abschluss nach anerkanntem Rechnungslegungsstandard - sowohl f\u00fcr die Bundes- als auch f\u00fcr die kantonalen Steuern eine allgemeine Steuerbemessungsregel geschaffen. Eine solche Umstellung erfolgt unter anderem vor einem B\u00f6rsengang. Die Verteilung der aufzul\u00f6senden stillen Reserven auf drei steuerrelevante Gesch\u00e4ftsjahre f\u00fchrt, \u00fcber den gesamten Zeitraum betrachtet, nicht zu tieferen Steuern, da im Bereich der Unternehmensbesteuerung grunds\u00e4tzlich kein Progressionstarif angewendet wird. Der Vorteil einer solchen gestaffelten Besteuerung liegt einzig in einer Art Stundung, indem Teile der Steuern des Umstellungsjahres in den beiden folgenden Jahren bezahlt werden k\u00f6nnen. Diese M\u00f6glichkeit ist zwar erfreulich, f\u00fchrt aber sowohl bei den Unternehmen wie auch bei den Steuerbeh\u00f6rden zu Nachteilen, indem unter anderem die \u00dcbersichtlichkeit deutlich eingeschr\u00e4nkt ist. W\u00fcrde eine neue und allgemeine Steuerbemessungsregel geschaffen, l\u00e4ge ein Eingriff in das bestehende Steuersystem vor, der dieses komplizieren w\u00fcrde. Bei einer \u00dcbergangsregel k\u00f6nnen Komplizierungen des Steuerrechts in Kauf genommen werden, bei allgemeinen Bemessungsregeln sollen sie jedoch vermieden werden.</p>\n<p>Aus diesen Gr\u00fcnden beantrage ich Ihnen die Annahme der beiden Antr\u00e4ge der Minderheit Vischer.</p>\n<p>Ich komme jetzt noch zum Antrag Kaufmann respektive zum Konzept Kaufmann. Der Antragsteller m\u00f6chte die M\u00f6glichkeit, auf das Dual Reporting zu verzichten, aus dem Entwurf streichen. Die M\u00f6glichkeit, den Jahresabschluss ausschliesslich nach einem anerkannten Standard zur Rechnungslegung zu erstellen und diesen f\u00fcr die Steuererhebung als massgebend zu erkl\u00e4ren - das ist Artikel 962 Absatz 1 des Entwurfes -, wurde erst nach dem Vernehmlassungsverfahren und kurz vor der Fertigstellung der Botschaft in den Entwurf aufgenommen; Herr Nationalrat Kaufmann hat darauf hingewiesen. Im Vorentwurf war diese M\u00f6glichkeit nicht enthalten. Es liegen folglich auch keine Stellungnahmen aus der Vernehmlassung vor. Es war prim\u00e4r ein Anliegen der Grossbanken, dass ein solches Gestaltungsrecht im OR verankert werde. Mittlerweile ist die Erkenntnis gereift, dass das Gestaltungsrecht zu praktisch unl\u00f6sbaren Problemen f\u00fchren w\u00fcrde, die auch mittels bundesr\u00e4tlicher Verordnung nicht behoben werden k\u00f6nnten. Auf die Probleme mit dem Gestaltungsrecht haben wir bereits in Erf\u00fcllung des Auftrages Ihrer Kommission f\u00fcr Rechtsfragen vom 30. April 2010 ausf\u00fchrlich hingewiesen.</p>\n<p>Ausserdem hat der Antragsteller auf diese und weitere gewichtige Schwierigkeiten ebenfalls bereits hingewiesen. Es liegen meines Erachtens gute Gr\u00fcnde vor, dem Antrag Kaufmann zuzustimmen und damit bewusst eine Differenz zum St\u00e4nderat zu schaffen. Dieser k\u00f6nnte sich somit mit dieser heiklen Frage nochmals im Detail auseinandersetzen.</p>\n<p>Ich beantrage Ihnen, dem Antrag Kaufmann zuzustimmen.</p>\n</pd_text>","MeetingCouncilAbbreviation":"N","MeetingDate":"20101208","MeetingVerbalixOid":1999,"IdSession":"4816","SpeakerFirstName":"Simonetta","SpeakerLastName":"Sommaruga","SpeakerFullName":"Sommaruga Simonetta","SpeakerFunction":"BR-F","CouncilId":99,"CouncilName":"Bundesrat","CantonId":2,"CantonName":"Bern","CantonAbbreviation":"BE","ParlGroupName":null,"ParlGroupAbbreviation":null,"SortOrder":22,"Start":"\/Date(1291803100103)\/","End":"\/Date(1291803578143)\/","Function":"BR-F","DisplaySpeaker":true,"LanguageOfText":"DE","Modified":"\/Date(1774877725867)\/","StartTimeWithTimezone":"\/Date(1291803100103+0060)\/","EndTimeWithTimezone":"\/Date(1291803578143+0060)\/","VoteBusinessNumber":null,"VoteBusinessShortNumber":null,"VoteBusinessTitle":null},{"__metadata":{"id":"https://ws.parlament.ch/OData.svc/Transcript(ID=114141L,Language='DE')","uri":"https://ws.parlament.ch/OData.svc/Transcript(ID=114141L,Language='DE')","type":"itsystems.Pd.DataServices.DataModel.Transcript"},"Subjects":{"__deferred":{"uri":"https://ws.parlament.ch/OData.svc/Transcript(ID=114141L,Language='DE')/Subjects"}},"MembersCouncil":{"__deferred":{"uri":"https://ws.parlament.ch/OData.svc/Transcript(ID=114141L,Language='DE')/MembersCouncil"}},"Businesses":{"__deferred":{"uri":"https://ws.parlament.ch/OData.svc/Transcript(ID=114141L,Language='DE')/Businesses"}},"ID":"114141","Language":"DE","IdSubject":"18434","VoteId":null,"PersonNumber":214,"Type":1,"Text":"<pd_text><p>Die Sache ist relativ kompliziert, vor allem auch, weil wir nun \u00fcber verschiedene Probleme gleichzeitig debattiert haben und das vielleicht auch tun mussten.</p>\n<p>Ich bitte Sie, die Fahne anzuschauen. Es gilt, was vorher mein welscher Kollege sagte: Nur schon die Systematik der Fahne ist relativ kompliziert, weil die Vorlage 2 abgespalten wurde. Wo die Spalte \"Kommission des St\u00e4nderates\" keinen Eintrag enth\u00e4lt, \u00fcbernimmt die Kommission f\u00fcr Rechtsfragen des St\u00e4nderates den Entwurf des Bundesrates. Wo die Spalte \"St\u00e4nderat\" keinen Eintrag enth\u00e4lt, \u00fcbernimmt der St\u00e4nderat den Antrag seiner Kommission. Diese Bemerkung haben wir gem\u00e4ss dem Amtlichen Bulletin schon letztes Mal gemacht.</p>\n<p>Ich komme jetzt zu den vier Punkten, die angesprochen worden sind. Ich bitte Sie, Artikel 962 Absatz 4 Ziffer 1 auf Seite 35 der deutschsprachigen Fahne bzw. auf Seite 33 der franz\u00f6sischsprachigen Fahne anzuschauen. Dort beantragt die Mehrheit der Kommission ein Minimum von 20 Prozent. Dieser Antrag ist folgerichtig, denn wir haben schon bei Artikel 961d 20 Prozent beschlossen. Es geht um die Frage, wie viel Prozent des Grundkapitals eine Minderheit vertreten muss, damit sie einen Abschluss nach einem anerkannten Standard verlangen kann. Dies ist ja vor allem deshalb ein Problem, Frau Leutenegger Oberholzer, weil wir in der Schweiz Firmen v\u00f6llig unterschiedlicher Gr\u00f6sse haben. Bei einer grossen Firma sind 20 Prozent des Grundkapitals schon relativ viel, bei einer Familiengesellschaft sind 20 Prozent hingegen wenig. Wir haben in der Kommission lange dar\u00fcber gesprochen, wir haben auch versucht zu verhindern, dass querulatorische Antr\u00e4ge eingereicht werden k\u00f6nnen. Wie dem auch sei: Die Mehrheit der Kommission bittet Sie, ihrem Antrag auf 20 Prozent zuzustimmen.</p>\n<p>Ich komme nun zum zweiten Teil, das ist auf Seite 58 der deutschsprachigen Fahne. Das ist die Frage betreffend diese drei Jahre. Wenn Sie den Antrag der Kommissionsmehrheit anschauen, dann sehen Sie, dass \"erstmals\" eingef\u00fcgt werden soll. Hier steht folgende Geschichte dahinter: Gem\u00e4ss Artikel 962 OR muss man f\u00fcr die Steuern grunds\u00e4tzlich einen Abschluss gem\u00e4ss OR machen, dieser ist f\u00fcr die Steuern massgebend. Das ist der Grundsatz. Dann kommt hinzu, auch das gem\u00e4ss Artikel 962 OR, dass nun neu ein anerkannter Standard einerseits f\u00fcr die grossen Unternehmen aktuell wird und andererseits f\u00fcr Unternehmen, bei denen eine Minderheit der Gesellschafter einen anerkannten Standard verlangt. Jetzt hat das steuerrechtliche Implikationen, und damit verweise ich Sie auf das Bundesgesetz \u00fcber die direkte Bundessteuer, Artikel 207b, auf Seite 58 der Fahne. Die steuerrechtlichen Implikationen sind die folgenden: Wenn jemand entscheidet, vom bisherigen System zum anerkannten Standard zu wechseln, hat das steuerrechtliche Wirkungen, die gem\u00e4ss der urspr\u00fcnglichen Meinung des St\u00e4nderates und des Bundesrates auf die n\u00e4chsten drei Jahre nach der Gesetzesrevision verteilt werden k\u00f6nnen.</p>\n<p>Die Mehrheit der Kommission will jetzt etwas anderes. Sie will im Grunde genommen nicht nur eine \u00dcbergangsbestimmung w\u00e4hrend der n\u00e4chsten drei Jahre, sondern sie sagt: Wenn dann irgendwann in der Zukunft ein Wechsel zum anerkannten Standard erfolgt, auch nach drei Jahren, hat man immer noch die M\u00f6glichkeit einer dreij\u00e4hrigen steuerrechtlichen Verteilung. Weil es schon so von der Kompliziertheit her an der Grenze des Ertr\u00e4glichen ist, lasse ich es beim Gesagten bewenden: Die Mehrheit der Kommission bittet Sie, nicht nur bei Inkrafttreten des Gesetzes eine \u00dcbergangsfrist zu statuieren, sondern diese M\u00f6glichkeit der dreij\u00e4hrigen Verteilung auf die Steuern dauernd im Recht zu verankern. Das ist der zweite Teil, \u00fcber den wir dann abzustimmen haben.</p>\n<p>Jetzt gibt es drittens und viertens die Antr\u00e4ge Loepfe und Kaufmann. Zu diesen kann ich nur wenig sagen, weil sie in der Kommission nicht besprochen wurden. Trotzdem dr\u00e4ngen sich einige formelle Bemerkungen auf. [PAGE 1910] </p>\n<p>Zum Antrag Loepfe: Wir werden ihn am Schluss zur Abstimmung bringen; das ist sinnvoll. Denn er ist mit den Antr\u00e4gen zu Artikel 962 OR kompatibel, \u00fcber die wir abstimmen m\u00fcssen, mit jenen zu Artikel 207b DBG sowieso wie auch mit dem Antrag Kaufmann.</p>\n<p>Zum Antrag Kaufmann - es wurde eigentlich schon gesagt -: Da haben wir insofern einen gewissen Spezialfall, als sich nach Abschluss der Kommissionsberatungen die Verwaltung bei der Kommission meldete und sagte: Wir haben hier einen Punkt vergessen, den der Nationalrat bitte nochmals aufnehmen sollte. Von Herrn Kaufmann wurde dieses Anliegen jetzt aufgenommen, weil er der Einzige war, der in der Kommission zu diesem Thema etwas gesagt hatte. Materiell will ich dazu nicht viel sagen, weil der Antrag wie gesagt in der Kommission nicht behandelt wurde. Dieses zus\u00e4tzliche Anliegen der Verwaltung - abgesprochen mit Ihrer Vorg\u00e4ngerin, Frau Bundesr\u00e4tin - hat folgenden Hintergrund: Wenn man nur einen anerkannten Standard w\u00e4hlen kann, so bringt dies das Problem mit sich, dass die schweizerischen Steuerbeh\u00f6rden darauf nicht eingestellt sind. Der anerkannte Standard wird durch die Spezialisten an Orten wie London usw. definiert, ohne R\u00fccksicht auf Schweizer Steuerfragen. Wenn wir keinen OR-Abschluss mehr haben, dann gibt das f\u00fcr die schweizerischen Steuerbeh\u00f6rden entsprechende Probleme.</p>\n<p>Folgende Bemerkung scheint mir richtig: Wenn man dem Antrag Kaufmann zustimmen w\u00fcrde, dann h\u00e4tte man eine Differenz, und dann k\u00f6nnte man das, was ich jetzt sehr oberfl\u00e4chlich angesprochen habe, im St\u00e4nderat noch einmal aufgreifen.</p>\n<p>Zusammengefasst: Stimmen Sie bitte bei Artikel 962 OR auf Seite 35 der deutschsprachigen Fahne f\u00fcr den Antrag der Mehrheit, dann bei Artikel 207b DBG auf Seite 58 der Fahne, wo es um die Steuern geht, auch f\u00fcr jenen der Mehrheit. Zum Antrag Loepfe habe ich mich nicht zu \u00e4ussern, und beim Antrag Kaufmann habe ich gesagt, dass es positiv w\u00e4re, wenn wir eine Differenz zum St\u00e4nderat schaffen w\u00fcrden.</p>\n</pd_text>","MeetingCouncilAbbreviation":"N","MeetingDate":"20101208","MeetingVerbalixOid":1999,"IdSession":"4816","SpeakerFirstName":"Luzi","SpeakerLastName":"Stamm","SpeakerFullName":"Stamm Luzi","SpeakerFunction":"Mit-M","CouncilId":1,"CouncilName":"Nationalrat","CantonId":19,"CantonName":"Aargau","CantonAbbreviation":"AG","ParlGroupName":"Fraktion der Schweizerischen Volkspartei","ParlGroupAbbreviation":"V","SortOrder":23,"Start":"\/Date(1291803578143)\/","End":"\/Date(1291804055668)\/","Function":"*","DisplaySpeaker":true,"LanguageOfText":"DE","Modified":"\/Date(1774877725873)\/","StartTimeWithTimezone":"\/Date(1291803578143+0060)\/","EndTimeWithTimezone":"\/Date(1291804055667+0060)\/","VoteBusinessNumber":null,"VoteBusinessShortNumber":null,"VoteBusinessTitle":null},{"__metadata":{"id":"https://ws.parlament.ch/OData.svc/Transcript(ID=114142L,Language='DE')","uri":"https://ws.parlament.ch/OData.svc/Transcript(ID=114142L,Language='DE')","type":"itsystems.Pd.DataServices.DataModel.Transcript"},"Subjects":{"__deferred":{"uri":"https://ws.parlament.ch/OData.svc/Transcript(ID=114142L,Language='DE')/Subjects"}},"MembersCouncil":{"__deferred":{"uri":"https://ws.parlament.ch/OData.svc/Transcript(ID=114142L,Language='DE')/MembersCouncil"}},"Businesses":{"__deferred":{"uri":"https://ws.parlament.ch/OData.svc/Transcript(ID=114142L,Language='DE')/Businesses"}},"ID":"114142","Language":"DE","IdSubject":"18434","VoteId":null,"PersonNumber":1110,"Type":1,"Text":"<pd_text><p>Herr Stamm, ich w\u00fcnsche noch eine Pr\u00e4zisierung. Herr Kaufmann stellt mit seinem Antrag, den er ja nicht begr\u00fcndet hat, ein neues Konzept zur Verf\u00fcgung. Ich teile \u00fcbrigens auch die Meinung von Frau Bundesr\u00e4tin Sommaruga, dass es durchaus sinnvoll ist, dieses Konzept jetzt zu verabschieden, damit wir eine Differenz haben. Meine Frage ist: Wird die steuerrechtliche \u00c4nderung, wenn wir dieses Konzept verabschieden, nicht obsolet, weil dieser Artikel dann entf\u00e4llt? Das m\u00fcsste jetzt klargestellt werden in Bezug auf die Abstimmung und wie in der Abstimmung vorgegangen wird.</p>\n</pd_text>","MeetingCouncilAbbreviation":"N","MeetingDate":"20101208","MeetingVerbalixOid":1999,"IdSession":"4816","SpeakerFirstName":"Daniel","SpeakerLastName":"Vischer","SpeakerFullName":"Vischer Daniel","SpeakerFunction":"Mit-M","CouncilId":1,"CouncilName":"Nationalrat","CantonId":1,"CantonName":"Z\u00fcrich","CantonAbbreviation":"ZH","ParlGroupName":"Gr\u00fcne Fraktion","ParlGroupAbbreviation":"G","SortOrder":24,"Start":"\/Date(1291804055668)\/","End":"\/Date(1291804108465)\/","Function":"Mit-M","DisplaySpeaker":true,"LanguageOfText":"DE","Modified":"\/Date(1774877725873)\/","StartTimeWithTimezone":"\/Date(1291804055667+0060)\/","EndTimeWithTimezone":"\/Date(1291804108467+0060)\/","VoteBusinessNumber":null,"VoteBusinessShortNumber":null,"VoteBusinessTitle":null},{"__metadata":{"id":"https://ws.parlament.ch/OData.svc/Transcript(ID=114143L,Language='DE')","uri":"https://ws.parlament.ch/OData.svc/Transcript(ID=114143L,Language='DE')","type":"itsystems.Pd.DataServices.DataModel.Transcript"},"Subjects":{"__deferred":{"uri":"https://ws.parlament.ch/OData.svc/Transcript(ID=114143L,Language='DE')/Subjects"}},"MembersCouncil":{"__deferred":{"uri":"https://ws.parlament.ch/OData.svc/Transcript(ID=114143L,Language='DE')/MembersCouncil"}},"Businesses":{"__deferred":{"uri":"https://ws.parlament.ch/OData.svc/Transcript(ID=114143L,Language='DE')/Businesses"}},"ID":"114143","Language":"DE","IdSubject":"18434","VoteId":null,"PersonNumber":487,"Type":1,"Text":"<pd_text><p>Nachdem bei der Pflicht zur ordentlichen Revision jetzt die h\u00f6heren Schwellenwerte mit grosser Mehrheit beschlossen worden sind, sehe ich in Bezug auf die Pflicht zur Erstellung einer Konzernrechnung bzw. in Bezug auf die Schwellenwerte, die zu einer Befreiung f\u00fchren, keinen grossen Sinn, wenn wir jetzt \u00fcber diesen Antrag der Minderheit abstimmen. Das Abstimmungsresultat ist klar; wir k\u00f6nnten sehr wohl dar\u00fcber diskutieren, aber ich sehe es als fast widersinnig an, wenn wir bei der Revisionsverpflichtung einen viel h\u00f6heren Wert haben als jetzt hier bei der Pflicht zur Erstellung der Konzernrechnung. Ich ziehe deshalb den Antrag zur\u00fcck und hoffe, dass diese ganze Schwellenwertdebatte im St\u00e4nderat noch einmal in aller Ausf\u00fchrlichkeit gef\u00fchrt wird.</p>\n</pd_text>","MeetingCouncilAbbreviation":"N","MeetingDate":"20101208","MeetingVerbalixOid":1999,"IdSession":"4816","SpeakerFirstName":"Susanne","SpeakerLastName":"Leutenegger Oberholzer","SpeakerFullName":"Leutenegger Oberholzer Susanne","SpeakerFunction":"Mit-F","CouncilId":1,"CouncilName":"Nationalrat","CantonId":13,"CantonName":"Basel-Landschaft","CantonAbbreviation":"BL","ParlGroupName":"Sozialdemokratische Fraktion","ParlGroupAbbreviation":"S","SortOrder":49,"Start":"\/Date(1291806338655)\/","End":"\/Date(1291806400982)\/","Function":"Mit-F","DisplaySpeaker":true,"LanguageOfText":"DE","Modified":"\/Date(1774877725911)\/","StartTimeWithTimezone":"\/Date(1291806338657+0060)\/","EndTimeWithTimezone":"\/Date(1291806400983+0060)\/","VoteBusinessNumber":null,"VoteBusinessShortNumber":null,"VoteBusinessTitle":null},{"__metadata":{"id":"https://ws.parlament.ch/OData.svc/Transcript(ID=114144L,Language='DE')","uri":"https://ws.parlament.ch/OData.svc/Transcript(ID=114144L,Language='DE')","type":"itsystems.Pd.DataServices.DataModel.Transcript"},"Subjects":{"__deferred":{"uri":"https://ws.parlament.ch/OData.svc/Transcript(ID=114144L,Language='DE')/Subjects"}},"MembersCouncil":{"__deferred":{"uri":"https://ws.parlament.ch/OData.svc/Transcript(ID=114144L,Language='DE')/MembersCouncil"}},"Businesses":{"__deferred":{"uri":"https://ws.parlament.ch/OData.svc/Transcript(ID=114144L,Language='DE')/Businesses"}},"ID":"114144","Language":"DE","IdSubject":"18434","VoteId":null,"PersonNumber":1159,"Type":1,"Text":"<pd_text><p>Worum geht es hier? Es geht hier um die Befreiung von der Pflicht zur Erstellung einer Konzernrechnung. Wir haben hier bereits drei Kriterien aufgef\u00fchrt, wann die Konzernrechnung nicht erstellt werden muss. Bei Ziffer 4 will die Minderheit Stamm ein zus\u00e4tzliches Kriterium, gem\u00e4ss welchem keine Konzernrechnung erstellt werden soll und muss, und zwar dann nicht, wenn die juristische Person im Eigentum eines Einzelnen steht oder wenn alle Eigent\u00fcmer der juristischen Person ihre schriftliche Zustimmung geben.</p>\n<p>Ich bitte Sie dringend, hier diesem Antrag der Minderheit zuzustimmen. Es kann ja nicht sein, dass eine juristische Person gezwungen wird, eine Konzernrechnung zu erstellen, obwohl der Eigent\u00fcmer oder alle Eigent\u00fcmer der Meinung sind, man sollte es nicht tun. Auch das Argument des Gl\u00e4ubigerschutzes sticht hier meines Erachtens nicht, weil eben die Gl\u00e4ubiger, sei es eine Bank oder ein Grosslieferant, ihre eigenen Anforderungen stellen, bis sie einen Kredit geben bzw. bis ein Kredit gesprochen oder eine Lieferung gemacht wird. Auch das Argument der \u00d6ffentlichkeit sticht hier nicht, weil ohnehin die Eigent\u00fcmer selbst entscheiden, in welcher Form ihre Bilanz und Erfolgsrechnung ver\u00f6ffentlicht werden.</p>\n<p>Ich bitte Sie daher dringend, hier diesem zus\u00e4tzlichen Kriterium zuzustimmen.</p>\n</pd_text>","MeetingCouncilAbbreviation":"N","MeetingDate":"20101208","MeetingVerbalixOid":1999,"IdSession":"4816","SpeakerFirstName":"Pirmin","SpeakerLastName":"Schwander","SpeakerFullName":"Schwander Pirmin","SpeakerFunction":"Mit-M","CouncilId":1,"CouncilName":"Nationalrat","CantonId":5,"CantonName":"Schwyz","CantonAbbreviation":"SZ","ParlGroupName":"Fraktion der Schweizerischen Volkspartei","ParlGroupAbbreviation":"V","SortOrder":50,"Start":"\/Date(1291806400982)\/","End":"\/Date(1291806544652)\/","Function":"Mit-M","DisplaySpeaker":true,"LanguageOfText":"DE","Modified":"\/Date(1774877725913)\/","StartTimeWithTimezone":"\/Date(1291806400983+0060)\/","EndTimeWithTimezone":"\/Date(1291806544653+0060)\/","VoteBusinessNumber":null,"VoteBusinessShortNumber":null,"VoteBusinessTitle":null},{"__metadata":{"id":"https://ws.parlament.ch/OData.svc/Transcript(ID=114145L,Language='DE')","uri":"https://ws.parlament.ch/OData.svc/Transcript(ID=114145L,Language='DE')","type":"itsystems.Pd.DataServices.DataModel.Transcript"},"Subjects":{"__deferred":{"uri":"https://ws.parlament.ch/OData.svc/Transcript(ID=114145L,Language='DE')/Subjects"}},"MembersCouncil":{"__deferred":{"uri":"https://ws.parlament.ch/OData.svc/Transcript(ID=114145L,Language='DE')/MembersCouncil"}},"Businesses":{"__deferred":{"uri":"https://ws.parlament.ch/OData.svc/Transcript(ID=114145L,Language='DE')/Businesses"}},"ID":"114145","Language":"DE","IdSubject":"18434","VoteId":null,"PersonNumber":330,"Type":1,"Text":"<pd_text><p>Ich mache es sehr kurz; wir haben dar\u00fcber ja schon gesprochen, man kann das sinngem\u00e4ss anwenden. Es geht mir aber um den Antrag Loepfe: Ich m\u00f6chte Ihnen empfehlen, hier den Antrag Loepfe anzunehmen; er betrifft Absatz 2. Da wird n\u00e4mlich jedem einzelnen Gesellschafter das Recht einger\u00e4umt, sogar dort eine Konzernrechnung zu verlangen, wo es f\u00fcr eine m\u00f6glichst zuverl\u00e4ssige wirtschaftliche Lagebeurteilung gar nicht n\u00f6tig, sondern unn\u00f6tig ist. Das ist v\u00f6llig \u00fcbertrieben und \u00f6ffnet - das ist die grosse Gefahr und auch das grosse Problem dabei - Querulanten in einer Gesellschaft ohne Not, ohne Grund T\u00fcr und Tor. Das sollten wir verhindern, deshalb schlage ich Ihnen vor, hier den Antrag Loepfe anzunehmen. [PAGE 1915] Er lehnt sich ja dann wieder an die Standards des St\u00e4nderates an.</p>\n</pd_text>","MeetingCouncilAbbreviation":"N","MeetingDate":"20101208","MeetingVerbalixOid":1999,"IdSession":"4816","SpeakerFirstName":"Norbert","SpeakerLastName":"Hochreutener","SpeakerFullName":"Hochreutener Norbert","SpeakerFunction":"Mit-M","CouncilId":1,"CouncilName":"Nationalrat","CantonId":2,"CantonName":"Bern","CantonAbbreviation":"BE","ParlGroupName":"Fraktion CVP/EVP/glp","ParlGroupAbbreviation":"M-E","SortOrder":51,"Start":"\/Date(1291806544652)\/","End":"\/Date(1291806620339)\/","Function":"Mit-M","DisplaySpeaker":true,"LanguageOfText":"DE","Modified":"\/Date(1774877725914)\/","StartTimeWithTimezone":"\/Date(1291806544653+0060)\/","EndTimeWithTimezone":"\/Date(1291806620340+0060)\/","VoteBusinessNumber":null,"VoteBusinessShortNumber":null,"VoteBusinessTitle":null},{"__metadata":{"id":"https://ws.parlament.ch/OData.svc/Transcript(ID=114146L,Language='DE')","uri":"https://ws.parlament.ch/OData.svc/Transcript(ID=114146L,Language='DE')","type":"itsystems.Pd.DataServices.DataModel.Transcript"},"Subjects":{"__deferred":{"uri":"https://ws.parlament.ch/OData.svc/Transcript(ID=114146L,Language='DE')/Subjects"}},"MembersCouncil":{"__deferred":{"uri":"https://ws.parlament.ch/OData.svc/Transcript(ID=114146L,Language='DE')/MembersCouncil"}},"Businesses":{"__deferred":{"uri":"https://ws.parlament.ch/OData.svc/Transcript(ID=114146L,Language='DE')/Businesses"}},"ID":"114146","Language":"DE","IdSubject":"18434","VoteId":null,"PersonNumber":512,"Type":1,"Text":"<pd_text><p>Ich bin nicht ganz sicher, Herr Pr\u00e4sident: Sprechen wir jetzt zuerst \u00fcber Artikel 963a Absatz 1 Ziffer 4?</p>\n</pd_text>","MeetingCouncilAbbreviation":"N","MeetingDate":"20101208","MeetingVerbalixOid":1999,"IdSession":"4816","SpeakerFirstName":"Simonetta","SpeakerLastName":"Sommaruga","SpeakerFullName":"Sommaruga Simonetta","SpeakerFunction":"BR-F","CouncilId":99,"CouncilName":"Bundesrat","CantonId":2,"CantonName":"Bern","CantonAbbreviation":"BE","ParlGroupName":null,"ParlGroupAbbreviation":null,"SortOrder":52,"Start":"\/Date(1291806620339)\/","End":"\/Date(1291806641323)\/","Function":"BR-F","DisplaySpeaker":true,"LanguageOfText":"DE","Modified":"\/Date(1774877725916)\/","StartTimeWithTimezone":"\/Date(1291806620340+0060)\/","EndTimeWithTimezone":"\/Date(1291806641323+0060)\/","VoteBusinessNumber":null,"VoteBusinessShortNumber":null,"VoteBusinessTitle":null},{"__metadata":{"id":"https://ws.parlament.ch/OData.svc/Transcript(ID=114147L,Language='DE')","uri":"https://ws.parlament.ch/OData.svc/Transcript(ID=114147L,Language='DE')","type":"itsystems.Pd.DataServices.DataModel.Transcript"},"Subjects":{"__deferred":{"uri":"https://ws.parlament.ch/OData.svc/Transcript(ID=114147L,Language='DE')/Subjects"}},"MembersCouncil":{"__deferred":{"uri":"https://ws.parlament.ch/OData.svc/Transcript(ID=114147L,Language='DE')/MembersCouncil"}},"Businesses":{"__deferred":{"uri":"https://ws.parlament.ch/OData.svc/Transcript(ID=114147L,Language='DE')/Businesses"}},"ID":"114147","Language":"DE","IdSubject":"18434","VoteId":null,"PersonNumber":1117,"Type":1,"Text":"<pd_text><p>Wir sprechen \u00fcber Artikel 963a Absatz 1 Ziffer 1. Absatz 1 Ziffer 4 folgt nachher.</p>\n</pd_text>","MeetingCouncilAbbreviation":"N","MeetingDate":"20101208","MeetingVerbalixOid":1999,"IdSession":"4816","SpeakerFirstName":"Jean-Ren\u00e9","SpeakerLastName":"Germanier","SpeakerFullName":"Germanier Jean-Ren\u00e9","SpeakerFunction":"P-M","CouncilId":1,"CouncilName":"Nationalrat","CantonId":23,"CantonName":"Wallis","CantonAbbreviation":"VS","ParlGroupName":"Freisinnig-demokratische Fraktion","ParlGroupAbbreviation":"RL","SortOrder":53,"Start":"\/Date(1291806641323)\/","End":"\/Date(1291806648635)\/","Function":"P-M","DisplaySpeaker":true,"LanguageOfText":"DE","Modified":"\/Date(1774877725917)\/","StartTimeWithTimezone":"\/Date(1291806641323+0060)\/","EndTimeWithTimezone":"\/Date(1291806648637+0060)\/","VoteBusinessNumber":null,"VoteBusinessShortNumber":null,"VoteBusinessTitle":null},{"__metadata":{"id":"https://ws.parlament.ch/OData.svc/Transcript(ID=114148L,Language='DE')","uri":"https://ws.parlament.ch/OData.svc/Transcript(ID=114148L,Language='DE')","type":"itsystems.Pd.DataServices.DataModel.Transcript"},"Subjects":{"__deferred":{"uri":"https://ws.parlament.ch/OData.svc/Transcript(ID=114148L,Language='DE')/Subjects"}},"MembersCouncil":{"__deferred":{"uri":"https://ws.parlament.ch/OData.svc/Transcript(ID=114148L,Language='DE')/MembersCouncil"}},"Businesses":{"__deferred":{"uri":"https://ws.parlament.ch/OData.svc/Transcript(ID=114148L,Language='DE')/Businesses"}},"ID":"114148","Language":"DE","IdSubject":"18434","VoteId":null,"PersonNumber":512,"Type":1,"Text":"<pd_text><p>Soll ich jetzt also zum Minderheitsantrag Stamm sprechen?</p>\n</pd_text>","MeetingCouncilAbbreviation":"N","MeetingDate":"20101208","MeetingVerbalixOid":1999,"IdSession":"4816","SpeakerFirstName":"Simonetta","SpeakerLastName":"Sommaruga","SpeakerFullName":"Sommaruga Simonetta","SpeakerFunction":"BR-F","CouncilId":99,"CouncilName":"Bundesrat","CantonId":2,"CantonName":"Bern","CantonAbbreviation":"BE","ParlGroupName":null,"ParlGroupAbbreviation":null,"SortOrder":54,"Start":"\/Date(1291806648635)\/","End":"\/Date(1291806651151)\/","Function":"BR-F","DisplaySpeaker":true,"LanguageOfText":"DE","Modified":"\/Date(1774877725918)\/","StartTimeWithTimezone":"\/Date(1291806648637+0060)\/","EndTimeWithTimezone":"\/Date(1291806651150+0060)\/","VoteBusinessNumber":null,"VoteBusinessShortNumber":null,"VoteBusinessTitle":null},{"__metadata":{"id":"https://ws.parlament.ch/OData.svc/Transcript(ID=114149L,Language='DE')","uri":"https://ws.parlament.ch/OData.svc/Transcript(ID=114149L,Language='DE')","type":"itsystems.Pd.DataServices.DataModel.Transcript"},"Subjects":{"__deferred":{"uri":"https://ws.parlament.ch/OData.svc/Transcript(ID=114149L,Language='DE')/Subjects"}},"MembersCouncil":{"__deferred":{"uri":"https://ws.parlament.ch/OData.svc/Transcript(ID=114149L,Language='DE')/MembersCouncil"}},"Businesses":{"__deferred":{"uri":"https://ws.parlament.ch/OData.svc/Transcript(ID=114149L,Language='DE')/Businesses"}},"ID":"114149","Language":"DE","IdSubject":"18434","VoteId":null,"PersonNumber":1117,"Type":1,"Text":"<pd_text><p>Ja, dieser Antrag ist Teil der Debatte. </p>\n</pd_text>","MeetingCouncilAbbreviation":"N","MeetingDate":"20101208","MeetingVerbalixOid":1999,"IdSession":"4816","SpeakerFirstName":"Jean-Ren\u00e9","SpeakerLastName":"Germanier","SpeakerFullName":"Germanier Jean-Ren\u00e9","SpeakerFunction":"P-M","CouncilId":1,"CouncilName":"Nationalrat","CantonId":23,"CantonName":"Wallis","CantonAbbreviation":"VS","ParlGroupName":"Freisinnig-demokratische Fraktion","ParlGroupAbbreviation":"RL","SortOrder":55,"Start":"\/Date(1291806651151)\/","End":"\/Date(1291806656573)\/","Function":"P-M","DisplaySpeaker":true,"LanguageOfText":"DE","Modified":"\/Date(1774877725920)\/","StartTimeWithTimezone":"\/Date(1291806651150+0060)\/","EndTimeWithTimezone":"\/Date(1291806656573+0060)\/","VoteBusinessNumber":null,"VoteBusinessShortNumber":null,"VoteBusinessTitle":null},{"__metadata":{"id":"https://ws.parlament.ch/OData.svc/Transcript(ID=114150L,Language='DE')","uri":"https://ws.parlament.ch/OData.svc/Transcript(ID=114150L,Language='DE')","type":"itsystems.Pd.DataServices.DataModel.Transcript"},"Subjects":{"__deferred":{"uri":"https://ws.parlament.ch/OData.svc/Transcript(ID=114150L,Language='DE')/Subjects"}},"MembersCouncil":{"__deferred":{"uri":"https://ws.parlament.ch/OData.svc/Transcript(ID=114150L,Language='DE')/MembersCouncil"}},"Businesses":{"__deferred":{"uri":"https://ws.parlament.ch/OData.svc/Transcript(ID=114150L,Language='DE')/Businesses"}},"ID":"114150","Language":"DE","IdSubject":"18434","VoteId":null,"PersonNumber":512,"Type":1,"Text":"<pd_text><p>Nationalrat Hochreutener hat schon zum Antrag Loepfe gesprochen. Ich gehe davon aus, dass zuerst \u00fcber den Antrag der Minderheit Stamm abgestimmt wird. Ich \u00e4ussere mich nachher zum Antrag Loepfe.</p>\n</pd_text>","MeetingCouncilAbbreviation":"N","MeetingDate":"20101208","MeetingVerbalixOid":1999,"IdSession":"4816","SpeakerFirstName":"Simonetta","SpeakerLastName":"Sommaruga","SpeakerFullName":"Sommaruga Simonetta","SpeakerFunction":"BR-F","CouncilId":99,"CouncilName":"Bundesrat","CantonId":2,"CantonName":"Bern","CantonAbbreviation":"BE","ParlGroupName":null,"ParlGroupAbbreviation":null,"SortOrder":56,"Start":"\/Date(1291806656573)\/","End":"\/Date(1291806666588)\/","Function":"BR-F","DisplaySpeaker":true,"LanguageOfText":"DE","Modified":"\/Date(1774877725921)\/","StartTimeWithTimezone":"\/Date(1291806656573+0060)\/","EndTimeWithTimezone":"\/Date(1291806666587+0060)\/","VoteBusinessNumber":null,"VoteBusinessShortNumber":null,"VoteBusinessTitle":null},{"__metadata":{"id":"https://ws.parlament.ch/OData.svc/Transcript(ID=114151L,Language='DE')","uri":"https://ws.parlament.ch/OData.svc/Transcript(ID=114151L,Language='DE')","type":"itsystems.Pd.DataServices.DataModel.Transcript"},"Subjects":{"__deferred":{"uri":"https://ws.parlament.ch/OData.svc/Transcript(ID=114151L,Language='DE')/Subjects"}},"MembersCouncil":{"__deferred":{"uri":"https://ws.parlament.ch/OData.svc/Transcript(ID=114151L,Language='DE')/MembersCouncil"}},"Businesses":{"__deferred":{"uri":"https://ws.parlament.ch/OData.svc/Transcript(ID=114151L,Language='DE')/Businesses"}},"ID":"114151","Language":"DE","IdSubject":"18434","VoteId":null,"PersonNumber":1117,"Type":1,"Text":"<pd_text><p>Wir f\u00fchren eine einzige Debatte \u00fcber alle Antr\u00e4ge. </p>\n</pd_text>","MeetingCouncilAbbreviation":"N","MeetingDate":"20101208","MeetingVerbalixOid":1999,"IdSession":"4816","SpeakerFirstName":"Jean-Ren\u00e9","SpeakerLastName":"Germanier","SpeakerFullName":"Germanier Jean-Ren\u00e9","SpeakerFunction":"P-M","CouncilId":1,"CouncilName":"Nationalrat","CantonId":23,"CantonName":"Wallis","CantonAbbreviation":"VS","ParlGroupName":"Freisinnig-demokratische Fraktion","ParlGroupAbbreviation":"RL","SortOrder":57,"Start":"\/Date(1291806666588)\/","End":"\/Date(1291806671151)\/","Function":"P-M","DisplaySpeaker":true,"LanguageOfText":"DE","Modified":"\/Date(1774877725923)\/","StartTimeWithTimezone":"\/Date(1291806666587+0060)\/","EndTimeWithTimezone":"\/Date(1291806671150+0060)\/","VoteBusinessNumber":null,"VoteBusinessShortNumber":null,"VoteBusinessTitle":null},{"__metadata":{"id":"https://ws.parlament.ch/OData.svc/Transcript(ID=114152L,Language='DE')","uri":"https://ws.parlament.ch/OData.svc/Transcript(ID=114152L,Language='DE')","type":"itsystems.Pd.DataServices.DataModel.Transcript"},"Subjects":{"__deferred":{"uri":"https://ws.parlament.ch/OData.svc/Transcript(ID=114152L,Language='DE')/Subjects"}},"MembersCouncil":{"__deferred":{"uri":"https://ws.parlament.ch/OData.svc/Transcript(ID=114152L,Language='DE')/MembersCouncil"}},"Businesses":{"__deferred":{"uri":"https://ws.parlament.ch/OData.svc/Transcript(ID=114152L,Language='DE')/Businesses"}},"ID":"114152","Language":"DE","IdSubject":"18434","VoteId":null,"PersonNumber":512,"Type":1,"Text":"<pd_text><p>Zum Antrag der Minderheit Stamm: Obschon die Schwellenwerte f\u00fcr die Pflicht zur Erstellung einer Konzernrechnung durch den St\u00e4nderat massiv erh\u00f6ht wurden, n\u00e4mlich von 10, 20 und 50 auf 20, 40 und 250, m\u00f6chte der vorliegende Minderheitsantrag Gesellschaften im Alleineigentum sowie solche, bei denen alle Eigent\u00fcmer damit einverstanden sind, von der Erstellung einer Konzernrechnung befreien. Die Konzernrechnung dient aber nicht nur den Eigent\u00fcmern der Gesellschaft, sondern ist auch f\u00fcr Dritte, d. h. potenzielle Investoren, f\u00fcr Gl\u00e4ubiger, f\u00fcr Arbeitnehmer und Arbeitnehmerinnen sowie f\u00fcr den Staat von grosser Bedeutung. Ohne einen konsolidierten Jahresabschluss besteht keine M\u00f6glichkeit, von der tats\u00e4chlichen wirtschaftlichen Lage eines Konzerns ohne stille Reserven und ohne konzerninterne Transaktionen Kenntnis zu nehmen.</p>\n<p>Die Konzernrechnung ist eine unabdingbare Informationsquelle f\u00fcr alle an einer Unternehmensgruppe beteiligten Personen und ein zentrales F\u00fchrungsinstrument f\u00fcr die obersten Leitungs- und Verwaltungsorgane. Es darf folglich nicht ins alleinige Ermessen der Eigent\u00fcmer gestellt werden, ob die Rechnung konsolidiert wird oder nicht. Zudem gilt es, in Erinnerung zu behalten, dass gewisse Aspekte des Minderheitsantrages im Entwurf des Bundesrates bereits umgesetzt sind: Konsolidierungspflichtig sind n\u00e4mlich nur juristische Personen.</p>\n<p>Ich bitte Sie daher sehr, den vorliegenden Minderheitsantrag abzulehnen.</p>\n</pd_text>","MeetingCouncilAbbreviation":"N","MeetingDate":"20101208","MeetingVerbalixOid":1999,"IdSession":"4816","SpeakerFirstName":"Simonetta","SpeakerLastName":"Sommaruga","SpeakerFullName":"Sommaruga Simonetta","SpeakerFunction":"BR-F","CouncilId":99,"CouncilName":"Bundesrat","CantonId":2,"CantonName":"Bern","CantonAbbreviation":"BE","ParlGroupName":null,"ParlGroupAbbreviation":null,"SortOrder":58,"Start":"\/Date(1291806671151)\/","End":"\/Date(1291806771009)\/","Function":"BR-F","DisplaySpeaker":true,"LanguageOfText":"DE","Modified":"\/Date(1774877725924)\/","StartTimeWithTimezone":"\/Date(1291806671150+0060)\/","EndTimeWithTimezone":"\/Date(1291806771010+0060)\/","VoteBusinessNumber":null,"VoteBusinessShortNumber":null,"VoteBusinessTitle":null},{"__metadata":{"id":"https://ws.parlament.ch/OData.svc/Transcript(ID=114153L,Language='DE')","uri":"https://ws.parlament.ch/OData.svc/Transcript(ID=114153L,Language='DE')","type":"itsystems.Pd.DataServices.DataModel.Transcript"},"Subjects":{"__deferred":{"uri":"https://ws.parlament.ch/OData.svc/Transcript(ID=114153L,Language='DE')/Subjects"}},"MembersCouncil":{"__deferred":{"uri":"https://ws.parlament.ch/OData.svc/Transcript(ID=114153L,Language='DE')/MembersCouncil"}},"Businesses":{"__deferred":{"uri":"https://ws.parlament.ch/OData.svc/Transcript(ID=114153L,Language='DE')/Businesses"}},"ID":"114153","Language":"DE","IdSubject":"18434","VoteId":null,"PersonNumber":1117,"Type":1,"Text":"<pd_text><p>Madame la conseill\u00e8re f\u00e9d\u00e9rale, la proposition Loepfe fait aussi l'objet de la pr\u00e9sente discussion.</p>\n</pd_text>","MeetingCouncilAbbreviation":"N","MeetingDate":"20101208","MeetingVerbalixOid":1999,"IdSession":"4816","SpeakerFirstName":"Jean-Ren\u00e9","SpeakerLastName":"Germanier","SpeakerFullName":"Germanier Jean-Ren\u00e9","SpeakerFunction":"P-M","CouncilId":1,"CouncilName":"Nationalrat","CantonId":23,"CantonName":"Wallis","CantonAbbreviation":"VS","ParlGroupName":"Freisinnig-demokratische Fraktion","ParlGroupAbbreviation":"RL","SortOrder":59,"Start":"\/Date(1291806771009)\/","End":"\/Date(1291806779337)\/","Function":"P-M","DisplaySpeaker":true,"LanguageOfText":"FR","Modified":"\/Date(1774877725925)\/","StartTimeWithTimezone":"\/Date(1291806771010+0060)\/","EndTimeWithTimezone":"\/Date(1291806779337+0060)\/","VoteBusinessNumber":null,"VoteBusinessShortNumber":null,"VoteBusinessTitle":null},{"__metadata":{"id":"https://ws.parlament.ch/OData.svc/Transcript(ID=114154L,Language='DE')","uri":"https://ws.parlament.ch/OData.svc/Transcript(ID=114154L,Language='DE')","type":"itsystems.Pd.DataServices.DataModel.Transcript"},"Subjects":{"__deferred":{"uri":"https://ws.parlament.ch/OData.svc/Transcript(ID=114154L,Language='DE')/Subjects"}},"MembersCouncil":{"__deferred":{"uri":"https://ws.parlament.ch/OData.svc/Transcript(ID=114154L,Language='DE')/MembersCouncil"}},"Businesses":{"__deferred":{"uri":"https://ws.parlament.ch/OData.svc/Transcript(ID=114154L,Language='DE')/Businesses"}},"ID":"114154","Language":"DE","IdSubject":"18434","VoteId":null,"PersonNumber":512,"Type":1,"Text":"<pd_text><p>Dann spreche ich jetzt noch zum Antrag Loepfe: Der Antragsteller m\u00f6chte das Konzept des Minderheitsrechts auf einen Abschluss nach anerkanntem Standard, das Konzept von Artikel 962 Absatz 4 des Entwurfes, auf den Bereich der Konzernrechnung \u00fcbertragen. Der Bundesrat sieht in seinem Entwurf vor, dass ein Gesellschafter die Erstellung einer Konzernrechnung verlangen kann, wenn eine juristische Person zumindest ein anderes rechnungslegungspflichtiges Unternehmen kontrolliert. Hinsichtlich Ziffer 2 werden die Schwellenwerte zur Aus\u00fcbung der Minderheitsrechte zum Teil deutlich versch\u00e4rft, sie werden jedoch - im Gegensatz zum Einzelantrag desselben Antragstellers zu Artikel 962 Absatz 4 des Entwurfes - nicht gestrichen.</p>\n<p>Ich bitte Sie deshalb, den vorliegenden Einzelantrag abzulehnen.</p>\n</pd_text>","MeetingCouncilAbbreviation":"N","MeetingDate":"20101208","MeetingVerbalixOid":1999,"IdSession":"4816","SpeakerFirstName":"Simonetta","SpeakerLastName":"Sommaruga","SpeakerFullName":"Sommaruga Simonetta","SpeakerFunction":"BR-F","CouncilId":99,"CouncilName":"Bundesrat","CantonId":2,"CantonName":"Bern","CantonAbbreviation":"BE","ParlGroupName":null,"ParlGroupAbbreviation":null,"SortOrder":60,"Start":"\/Date(1291806779337)\/","End":"\/Date(1291806841742)\/","Function":"BR-F","DisplaySpeaker":true,"LanguageOfText":"DE","Modified":"\/Date(1774877725927)\/","StartTimeWithTimezone":"\/Date(1291806779337+0060)\/","EndTimeWithTimezone":"\/Date(1291806841743+0060)\/","VoteBusinessNumber":null,"VoteBusinessShortNumber":null,"VoteBusinessTitle":null},{"__metadata":{"id":"https://ws.parlament.ch/OData.svc/Transcript(ID=114155L,Language='DE')","uri":"https://ws.parlament.ch/OData.svc/Transcript(ID=114155L,Language='DE')","type":"itsystems.Pd.DataServices.DataModel.Transcript"},"Subjects":{"__deferred":{"uri":"https://ws.parlament.ch/OData.svc/Transcript(ID=114155L,Language='DE')/Subjects"}},"MembersCouncil":{"__deferred":{"uri":"https://ws.parlament.ch/OData.svc/Transcript(ID=114155L,Language='DE')/MembersCouncil"}},"Businesses":{"__deferred":{"uri":"https://ws.parlament.ch/OData.svc/Transcript(ID=114155L,Language='DE')/Businesses"}},"ID":"114155","Language":"DE","IdSubject":"18434","VoteId":null,"PersonNumber":4027,"Type":1,"Text":"<pd_text><p>Concernant l'article 963a alin\u00e9a 1 chiffre 1, selon la d\u00e9cision du Conseil des Etats, une personne morale est lib\u00e9r\u00e9e de l'obligation de dresser des comptes consolid\u00e9s si, avec l'ensemble des entreprises qu'elle contr\u00f4le, elle ne d\u00e9passe pas deux des trois seuils fix\u00e9s au cours de deux derniers exercices successifs. Ces seuils sont: \"a. total du bilan: 20 millions de francs, b. chiffre d'affaires: 40 millions, c. effectif: 250 emplois \u00e0 plein temps en moyenne annuelle\". Ces crit\u00e8res de taille sont les m\u00eames que ceux adopt\u00e9s \u00e0 l'article 727 chiffre 2 pour fixer la limite entre le contr\u00f4le ordinaire et le contr\u00f4le restreint bien qu'ici ces valeurs s'entendent en termes consolid\u00e9s.</p>\n<p>La proposition de la minorit\u00e9 I (Schwander) et celle de la minorit\u00e9 II (Leutenegger Oberholzer) ayant \u00e9t\u00e9 retir\u00e9es, je vous invite \u00e0 suivre la majorit\u00e9 de la commission.</p>\n<p>Concernant la minorit\u00e9 Stamm, elle souhaite l'introduction d'un chiffre 4 qui stipulerait qu'une personne morale est lib\u00e9r\u00e9e de l'obligation de dresser des comptes consolid\u00e9s \"si elle est la propri\u00e9t\u00e9 d'un seul individu ou si tous ses propri\u00e9taires ont donn\u00e9 leur accord \u00e9crit\". Cette proposition est identique \u00e0 une proposition qui avait \u00e9t\u00e9 faite \u00e0 l'article 961 alin\u00e9a 2 et que notre commission avait rejet\u00e9e. La majorit\u00e9 de la commission attire l'attention sur le fait que selon les circonstances, la marche des affaires des entreprises d'une certaine taille peut avoir des cons\u00e9quences consid\u00e9rables, directement ou indirectement, sur d'autres entreprises, sur le tissu \u00e9conomique local et pour les autorit\u00e9s. Les exigences fix\u00e9es \u00e0 l'article 961 du projet ne sont donc pas seulement utiles pour les propri\u00e9taires de la soci\u00e9t\u00e9, mais elles sont aussi tr\u00e8s importantes pour les tiers, cr\u00e9anciers, associ\u00e9s minoritaires, Etats, etc.</p>\n<p>Ainsi, la commission, par 11 voix contre 6 et 1 abstention, vous demande de rejeter la proposition d\u00e9fendue par la minorit\u00e9 et de suivre la d\u00e9cision du Conseil des Etats.</p>\n<p>L'article 963a alin\u00e9a 2 d\u00e9taille les cas o\u00f9 une entreprise reste tenue d'\u00e9tablir des comptes consolid\u00e9s. La proposition Loepfe, d\u00e9pos\u00e9e le 16 septembre dernier, n'a pas \u00e9t\u00e9 discut\u00e9e au sein de la Commission des affaires juridiques. Cette proposition vise \u00e0 relever les seuils au chiffre 2 et \u00e0 introduire le chiffre 3, qui disposerait que la personne morale reste tenue d'\u00e9tablir des comptes consolid\u00e9s si un associ\u00e9 ou un membre de l'association qui r\u00e9pond personnellement des dettes de l'entreprise ou est soumis \u00e0 une obligation de faire des versements suppl\u00e9mentaires l'exige. Ce rel\u00e8vement des seuils limite les actions proc\u00e9duri\u00e8res d'individus isol\u00e9s.</p>\n<p>Comme nous n'avons pas d\u00e9battu cette question en commission, cette derni\u00e8re n'a pas d'avis formel l\u00e0-dessus.</p>\n</pd_text>","MeetingCouncilAbbreviation":"N","MeetingDate":"20101208","MeetingVerbalixOid":1999,"IdSession":"4816","SpeakerFirstName":"Paul-Andr\u00e9","SpeakerLastName":"Roux","SpeakerFullName":"Roux Paul-Andr\u00e9","SpeakerFunction":"Mit-M","CouncilId":1,"CouncilName":"Nationalrat","CantonId":23,"CantonName":"Wallis","CantonAbbreviation":"VS","ParlGroupName":"Fraktion CVP/EVP/glp","ParlGroupAbbreviation":"M-E","SortOrder":61,"Start":"\/Date(1291806841742)\/","End":"\/Date(1291807017849)\/","Function":"*","DisplaySpeaker":true,"LanguageOfText":"FR","Modified":"\/Date(1774877725930)\/","StartTimeWithTimezone":"\/Date(1291806841743+0060)\/","EndTimeWithTimezone":"\/Date(1291807017850+0060)\/","VoteBusinessNumber":null,"VoteBusinessShortNumber":null,"VoteBusinessTitle":null},{"__metadata":{"id":"https://ws.parlament.ch/OData.svc/Transcript(ID=114156L,Language='DE')","uri":"https://ws.parlament.ch/OData.svc/Transcript(ID=114156L,Language='DE')","type":"itsystems.Pd.DataServices.DataModel.Transcript"},"Subjects":{"__deferred":{"uri":"https://ws.parlament.ch/OData.svc/Transcript(ID=114156L,Language='DE')/Subjects"}},"MembersCouncil":{"__deferred":{"uri":"https://ws.parlament.ch/OData.svc/Transcript(ID=114156L,Language='DE')/MembersCouncil"}},"Businesses":{"__deferred":{"uri":"https://ws.parlament.ch/OData.svc/Transcript(ID=114156L,Language='DE')/Businesses"}},"ID":"114156","Language":"DE","IdSubject":"18434","VoteId":null,"PersonNumber":1117,"Type":1,"Text":"<pd_text><p>Les propositions des minorit\u00e9s I (Schwander) et II (Leutenegger Oberholzer) ainsi que les propositions individuelles Leutenegger Oberholzer ont \u00e9t\u00e9 retir\u00e9es.</p>\n</pd_text>","MeetingCouncilAbbreviation":"N","MeetingDate":"20101208","MeetingVerbalixOid":1999,"IdSession":"4816","SpeakerFirstName":"Jean-Ren\u00e9","SpeakerLastName":"Germanier","SpeakerFullName":"Germanier Jean-Ren\u00e9","SpeakerFunction":"P-M","CouncilId":1,"CouncilName":"Nationalrat","CantonId":23,"CantonName":"Wallis","CantonAbbreviation":"VS","ParlGroupName":"Freisinnig-demokratische Fraktion","ParlGroupAbbreviation":"RL","SortOrder":62,"Start":"\/Date(1291807017849)\/","End":"\/Date(1291807376751)\/","Function":"P-M","DisplaySpeaker":true,"LanguageOfText":"FR","Modified":"\/Date(1774877725931)\/","StartTimeWithTimezone":"\/Date(1291807017850+0060)\/","EndTimeWithTimezone":"\/Date(1291807376750+0060)\/","VoteBusinessNumber":null,"VoteBusinessShortNumber":null,"VoteBusinessTitle":null},{"__metadata":{"id":"https://ws.parlament.ch/OData.svc/Transcript(ID=114157L,Language='DE')","uri":"https://ws.parlament.ch/OData.svc/Transcript(ID=114157L,Language='DE')","type":"itsystems.Pd.DataServices.DataModel.Transcript"},"Subjects":{"__deferred":{"uri":"https://ws.parlament.ch/OData.svc/Transcript(ID=114157L,Language='DE')/Subjects"}},"MembersCouncil":{"__deferred":{"uri":"https://ws.parlament.ch/OData.svc/Transcript(ID=114157L,Language='DE')/MembersCouncil"}},"Businesses":{"__deferred":{"uri":"https://ws.parlament.ch/OData.svc/Transcript(ID=114157L,Language='DE')/Businesses"}},"ID":"114157","Language":"DE","IdSubject":"18434","VoteId":"4810","PersonNumber":null,"Type":2,"Text":"<pd_text><p><i>Abs. 1 Ziff. 1 Bst. a - Al. 1 ch. 1 let. a</i></p>\n<p>[VS]</p>\n<p><i>Abstimmung - Vote</i></p>\n<p>[NAM]</p>\n<p>F\u00fcr den Antrag der Mehrheit ... 106 Stimmen</p>\n<p>F\u00fcr den Antrag des Bundesrates ... 51 Stimmen</p>\n</pd_text>","MeetingCouncilAbbreviation":"N","MeetingDate":"20101208","MeetingVerbalixOid":1999,"IdSession":"4816","SpeakerFirstName":null,"SpeakerLastName":null,"SpeakerFullName":"","SpeakerFunction":null,"CouncilId":null,"CouncilName":null,"CantonId":null,"CantonName":null,"CantonAbbreviation":null,"ParlGroupName":null,"ParlGroupAbbreviation":null,"SortOrder":63,"Start":"\/Date(1291807376751)\/","End":"\/Date(1291807376751)\/","Function":null,"DisplaySpeaker":null,"LanguageOfText":"DE","Modified":"\/Date(1774877725932)\/","StartTimeWithTimezone":"\/Date(1291807376750+0060)\/","EndTimeWithTimezone":"\/Date(1291807376750+0060)\/","VoteBusinessNumber":20080011,"VoteBusinessShortNumber":"08.011","VoteBusinessTitle":"OR. Aktien- und\nRechnungslegungsrecht"},{"__metadata":{"id":"https://ws.parlament.ch/OData.svc/Transcript(ID=114158L,Language='DE')","uri":"https://ws.parlament.ch/OData.svc/Transcript(ID=114158L,Language='DE')","type":"itsystems.Pd.DataServices.DataModel.Transcript"},"Subjects":{"__deferred":{"uri":"https://ws.parlament.ch/OData.svc/Transcript(ID=114158L,Language='DE')/Subjects"}},"MembersCouncil":{"__deferred":{"uri":"https://ws.parlament.ch/OData.svc/Transcript(ID=114158L,Language='DE')/MembersCouncil"}},"Businesses":{"__deferred":{"uri":"https://ws.parlament.ch/OData.svc/Transcript(ID=114158L,Language='DE')/Businesses"}},"ID":"114158","Language":"DE","IdSubject":"18434","VoteId":"4811","PersonNumber":null,"Type":2,"Text":"<pd_text><p><i>Abs. 1 Ziff. 1 Bst. b - Al. 1 ch. 1 let. b</i></p>\n<p>[VS]</p>\n<p><i>Abstimmung - Vote</i></p>\n<p>[NAM]</p>\n<p>F\u00fcr den Antrag der Mehrheit ... 109 Stimmen</p>\n<p>F\u00fcr den Antrag des Bundesrates ... 52 Stimmen</p>\n</pd_text>","MeetingCouncilAbbreviation":"N","MeetingDate":"20101208","MeetingVerbalixOid":1999,"IdSession":"4816","SpeakerFirstName":null,"SpeakerLastName":null,"SpeakerFullName":"","SpeakerFunction":null,"CouncilId":null,"CouncilName":null,"CantonId":null,"CantonName":null,"CantonAbbreviation":null,"ParlGroupName":null,"ParlGroupAbbreviation":null,"SortOrder":64,"Start":null,"End":null,"Function":null,"DisplaySpeaker":null,"LanguageOfText":"DE","Modified":"\/Date(1774877725934)\/","StartTimeWithTimezone":null,"EndTimeWithTimezone":null,"VoteBusinessNumber":20080011,"VoteBusinessShortNumber":"08.011","VoteBusinessTitle":"OR. Aktien- und\nRechnungslegungsrecht"},{"__metadata":{"id":"https://ws.parlament.ch/OData.svc/Transcript(ID=114159L,Language='DE')","uri":"https://ws.parlament.ch/OData.svc/Transcript(ID=114159L,Language='DE')","type":"itsystems.Pd.DataServices.DataModel.Transcript"},"Subjects":{"__deferred":{"uri":"https://ws.parlament.ch/OData.svc/Transcript(ID=114159L,Language='DE')/Subjects"}},"MembersCouncil":{"__deferred":{"uri":"https://ws.parlament.ch/OData.svc/Transcript(ID=114159L,Language='DE')/MembersCouncil"}},"Businesses":{"__deferred":{"uri":"https://ws.parlament.ch/OData.svc/Transcript(ID=114159L,Language='DE')/Businesses"}},"ID":"114159","Language":"DE","IdSubject":"18434","VoteId":"4813","PersonNumber":null,"Type":2,"Text":"<pd_text><p><i>Abs. 1 Ziff. 1 Bst. c - Al. 1 ch. 1 let. c</i></p>\n<p>[VS]</p>\n<p><i>Abstimmung - Vote</i></p>\n<p>[NAM]</p>\n<p>F\u00fcr den Antrag der Mehrheit ... 109 Stimmen</p>\n<p>F\u00fcr den Antrag des Bundesrates ... 53 Stimmen</p>\n<p>[VS] [PAGE 1916] </p>\n<p><i>Abs. 1 Ziff. 3 - Al. 1 ch. 3</i></p>\n<p><i>Angenommen gem\u00e4ss Antrag der Mehrheit</i></p>\n<p><i>Adopt\u00e9 selon la proposition de la majorit\u00e9</i></p>\n</pd_text>","MeetingCouncilAbbreviation":"N","MeetingDate":"20101208","MeetingVerbalixOid":1999,"IdSession":"4816","SpeakerFirstName":null,"SpeakerLastName":null,"SpeakerFullName":"","SpeakerFunction":null,"CouncilId":null,"CouncilName":null,"CantonId":null,"CantonName":null,"CantonAbbreviation":null,"ParlGroupName":null,"ParlGroupAbbreviation":null,"SortOrder":65,"Start":null,"End":null,"Function":null,"DisplaySpeaker":null,"LanguageOfText":"DE","Modified":"\/Date(1774877725935)\/","StartTimeWithTimezone":null,"EndTimeWithTimezone":null,"VoteBusinessNumber":20080011,"VoteBusinessShortNumber":"08.011","VoteBusinessTitle":"OR. Aktien- und\nRechnungslegungsrecht"},{"__metadata":{"id":"https://ws.parlament.ch/OData.svc/Transcript(ID=114160L,Language='DE')","uri":"https://ws.parlament.ch/OData.svc/Transcript(ID=114160L,Language='DE')","type":"itsystems.Pd.DataServices.DataModel.Transcript"},"Subjects":{"__deferred":{"uri":"https://ws.parlament.ch/OData.svc/Transcript(ID=114160L,Language='DE')/Subjects"}},"MembersCouncil":{"__deferred":{"uri":"https://ws.parlament.ch/OData.svc/Transcript(ID=114160L,Language='DE')/MembersCouncil"}},"Businesses":{"__deferred":{"uri":"https://ws.parlament.ch/OData.svc/Transcript(ID=114160L,Language='DE')/Businesses"}},"ID":"114160","Language":"DE","IdSubject":"18434","VoteId":"4815","PersonNumber":null,"Type":2,"Text":"<pd_text><p><i>Abs. 1 Ziff. 4 - Al. 1 ch. 4</i></p>\n<p>[VS]</p>\n<p><i>Abstimmung - Vote</i></p>\n<p>[NAM]</p>\n<p>F\u00fcr den Antrag der Mehrheit ... 102 Stimmen</p>\n<p>F\u00fcr den Antrag der Minderheit ... 52 Stimmen</p>\n</pd_text>","MeetingCouncilAbbreviation":"N","MeetingDate":"20101208","MeetingVerbalixOid":1999,"IdSession":"4816","SpeakerFirstName":null,"SpeakerLastName":null,"SpeakerFullName":"","SpeakerFunction":null,"CouncilId":null,"CouncilName":null,"CantonId":null,"CantonName":null,"CantonAbbreviation":null,"ParlGroupName":null,"ParlGroupAbbreviation":null,"SortOrder":66,"Start":null,"End":null,"Function":null,"DisplaySpeaker":null,"LanguageOfText":"DE","Modified":"\/Date(1774877725937)\/","StartTimeWithTimezone":null,"EndTimeWithTimezone":null,"VoteBusinessNumber":20080011,"VoteBusinessShortNumber":"08.011","VoteBusinessTitle":"OR. Aktien- und\nRechnungslegungsrecht"},{"__metadata":{"id":"https://ws.parlament.ch/OData.svc/Transcript(ID=114161L,Language='DE')","uri":"https://ws.parlament.ch/OData.svc/Transcript(ID=114161L,Language='DE')","type":"itsystems.Pd.DataServices.DataModel.Transcript"},"Subjects":{"__deferred":{"uri":"https://ws.parlament.ch/OData.svc/Transcript(ID=114161L,Language='DE')/Subjects"}},"MembersCouncil":{"__deferred":{"uri":"https://ws.parlament.ch/OData.svc/Transcript(ID=114161L,Language='DE')/MembersCouncil"}},"Businesses":{"__deferred":{"uri":"https://ws.parlament.ch/OData.svc/Transcript(ID=114161L,Language='DE')/Businesses"}},"ID":"114161","Language":"DE","IdSubject":"18434","VoteId":"4816","PersonNumber":null,"Type":2,"Text":"<pd_text><p><i>Abs. 2 - Al. 2</i></p>\n<p>[VS]</p>\n<p><i>Abstimmung - Vote</i></p>\n<p>[NAM]</p>\n<p>F\u00fcr den Antrag Loepfe ... 107 Stimmen</p>\n<p>F\u00fcr den Antrag der Mehrheit ... 57 Stimmen</p>\n<p>[VS]</p>\n<p><i>\u00c4nderung bisherigen Rechts Ziff. 1a Art. 2 Bst. e Ziff. 3</i></p>\n<p><i>Modification du droit en vigueur ch. 1a art. 2 let. e ch. 3</i></p>\n<p><i>Angenommen gem\u00e4ss Antrag der Kommission</i></p>\n<p><i>Adopt\u00e9 selon la proposition de la commission</i></p>\n<p>[VS]</p>\n<p><i>\u00dcbrige Bestimmungen angenommen</i></p>\n<p><i>Les autres dispositions sont adopt\u00e9es</i></p>\n</pd_text>","MeetingCouncilAbbreviation":"N","MeetingDate":"20101208","MeetingVerbalixOid":1999,"IdSession":"4816","SpeakerFirstName":null,"SpeakerLastName":null,"SpeakerFullName":"","SpeakerFunction":null,"CouncilId":null,"CouncilName":null,"CantonId":null,"CantonName":null,"CantonAbbreviation":null,"ParlGroupName":null,"ParlGroupAbbreviation":null,"SortOrder":67,"Start":null,"End":null,"Function":null,"DisplaySpeaker":null,"LanguageOfText":"DE","Modified":"\/Date(1774877725938)\/","StartTimeWithTimezone":null,"EndTimeWithTimezone":null,"VoteBusinessNumber":20080011,"VoteBusinessShortNumber":"08.011","VoteBusinessTitle":"OR. Aktien- und\nRechnungslegungsrecht"},{"__metadata":{"id":"https://ws.parlament.ch/OData.svc/Transcript(ID=114162L,Language='DE')","uri":"https://ws.parlament.ch/OData.svc/Transcript(ID=114162L,Language='DE')","type":"itsystems.Pd.DataServices.DataModel.Transcript"},"Subjects":{"__deferred":{"uri":"https://ws.parlament.ch/OData.svc/Transcript(ID=114162L,Language='DE')/Subjects"}},"MembersCouncil":{"__deferred":{"uri":"https://ws.parlament.ch/OData.svc/Transcript(ID=114162L,Language='DE')/MembersCouncil"}},"Businesses":{"__deferred":{"uri":"https://ws.parlament.ch/OData.svc/Transcript(ID=114162L,Language='DE')/Businesses"}},"ID":"114162","Language":"DE","IdSubject":"18434","VoteId":null,"PersonNumber":null,"Type":3,"Text":"<pd_text><p><b>Art. 963b</b></p>\n<p><i>Antrag der Mehrheit</i></p>\n<p><i>Abs. 1</i></p>\n<p>Die Konzernrechnung von:</p>\n<p>1. Publikumsgesellschaften, wenn die B\u00f6rse dies verlangt,</p>\n<p>2. Genossenschaften mit mindestens 2000 Genossenschaftern,</p>\n<p>3. Stiftungen, die von Gesetzes wegen zu einer ordentlichen Revision verpflichtet sind,</p>\n<p>muss nach einem anerkannten Standard zur Rechnungslegung erstellt werden. Artikel 962a Abs\u00e4tze 1 bis 3 und 5 sind sinngem\u00e4ss anwendbar.</p>\n<p><i>Abs. 2</i></p>\n<p>Die Konzernrechnung von \u00fcbrigen Unternehmen untersteht den Grunds\u00e4tzen ordnungsm\u00e4ssiger Rechnungslegung. Im Anhang zur Konzernrechnung nennt das Unternehmen die Bewertungsregeln. Weicht es davon ab, so weist es im Anhang darauf hin und vermittelt in anderer Weise die f\u00fcr den Einblick in die Verm\u00f6gens-, Finanzierungs- und Ertragslage des Konzerns n\u00f6tigen Angaben.</p>\n<p>[VS]</p>\n<p><i>Antrag der Minderheit</i></p>\n<p>(Vischer, Leutenegger Oberholzer, Lumengo, Sommaruga  Carlo, Thanei, von Graffenried, Wyss Brigit)</p>\n<p>Zustimmung zum Entwurf des Bundesrates</p>\n<p>[VS]</p>\n<p><b>Art. 963b</b></p>\n<p><i>Proposition de la majorit\u00e9</i></p>\n<p><i>Al. 1</i></p>\n<p>Les comptes consolid\u00e9s:</p>\n<p>1. des soci\u00e9t\u00e9s dont les titres sont cot\u00e9s en Bourse, lorsque la Bourse l'exige,</p>\n<p>2. des soci\u00e9t\u00e9s coop\u00e9ratives, lorsqu'elles comptent au moins 2000 membres,</p>\n<p>3. des fondations, lorsque la loi les soumet au contr\u00f4le ordinaire,</p>\n<p>sont \u00e9tablis selon une norme comptable reconnue. L'article 962a alin\u00e9as 1 \u00e0 3 et 5 s'applique par analogie.</p>\n<p><i>Al. 2</i></p>\n<p>Les comptes consolid\u00e9s des autres entreprises sont soumis au principe de r\u00e9gularit\u00e9. Dans l'annexe aux comptes consolid\u00e9s, l'entreprise mentionne les r\u00e8gles d'\u00e9valuation. Lorsqu'elle s'en \u00e9carte, elle l'indique dans l'annexe et fournit d'une autre mani\u00e8re les indications permettant de se rendre compte de l'\u00e9tat du patrimoine, de la situation financi\u00e8re et des r\u00e9sultats du groupe.</p>\n<p>[VS]</p>\n<p><i>Proposition de la minorit\u00e9</i></p>\n<p>(Vischer, Leutenegger Oberholzer, Lumengo, Sommaruga  Carlo, Thanei, von Graffenried, Wyss Brigit)</p>\n<p>Adh\u00e9rer au projet du Conseil f\u00e9d\u00e9ral</p>\n</pd_text>","MeetingCouncilAbbreviation":"N","MeetingDate":"20101208","MeetingVerbalixOid":1999,"IdSession":"4816","SpeakerFirstName":null,"SpeakerLastName":null,"SpeakerFullName":"","SpeakerFunction":null,"CouncilId":null,"CouncilName":null,"CantonId":null,"CantonName":null,"CantonAbbreviation":null,"ParlGroupName":null,"ParlGroupAbbreviation":null,"SortOrder":68,"Start":null,"End":null,"Function":null,"DisplaySpeaker":null,"LanguageOfText":"DE","Modified":"\/Date(1774877725939)\/","StartTimeWithTimezone":null,"EndTimeWithTimezone":null,"VoteBusinessNumber":null,"VoteBusinessShortNumber":null,"VoteBusinessTitle":null},{"__metadata":{"id":"https://ws.parlament.ch/OData.svc/Transcript(ID=114163L,Language='DE')","uri":"https://ws.parlament.ch/OData.svc/Transcript(ID=114163L,Language='DE')","type":"itsystems.Pd.DataServices.DataModel.Transcript"},"Subjects":{"__deferred":{"uri":"https://ws.parlament.ch/OData.svc/Transcript(ID=114163L,Language='DE')/Subjects"}},"MembersCouncil":{"__deferred":{"uri":"https://ws.parlament.ch/OData.svc/Transcript(ID=114163L,Language='DE')/MembersCouncil"}},"Businesses":{"__deferred":{"uri":"https://ws.parlament.ch/OData.svc/Transcript(ID=114163L,Language='DE')/Businesses"}},"ID":"114163","Language":"DE","IdSubject":"18434","VoteId":null,"PersonNumber":1110,"Type":1,"Text":"<pd_text><p>Wir kommen nun zu einem weiteren Teil bez\u00fcglich Konzernrechnung, und zwar zur Rechnungslegung. Hier geht es um die Frage der anerkannten Standards.</p>\n<p>Gem\u00e4ss Fassung des Bundesrates muss die Konzernrechnung nach einem anerkannten Standard der Rechnungslegung erstellt werden. Verwiesen wird hier auf die eben diskutierten Abs\u00e4tze 1 bis 3 von Artikel 962a, die sinngem\u00e4ss angewandt werden m\u00fcssen. Der St\u00e4nderat hat diese Fassung \u00fcbernommen und hat zus\u00e4tzlich auf Artikel 962a Absatz 5 verwiesen. Die Mehrheit der Kommission f\u00fcr Rechtsfragen unseres Rates hat eine Ausnahmeregelung fabriziert, wonach eine Konzernrechnung nach anerkannten Standards zur Rechnungslegung nicht allgemein, von allen Konzernen, sondern eigentlich nur von grossen Firmen verlangt wird. Sie hat folgende Kaskade eingef\u00fchrt: Publikumsgesellschaften m\u00fcssen es nur tun, wenn die B\u00f6rse es verlangt, Genossenschaften nur dann, wenn sie mindestens 2000 Genossenschafter umfassen, und Stiftungen nur dann, wenn von Gesetzes wegen eine Verpflichtung zu einer ordentlichen Revision besteht. Nur dann besteht die Pflicht zur Rechnungslegung nach anerkanntem Standard. In den \u00fcbrigen F\u00e4llen k\u00f6nnen die Unternehmen ihre Rechnungslegung einfach nach ordnungsgem\u00e4sser Rechnungslegung durchf\u00fchren, und im Anhang m\u00fcssen die Bewertungsregeln aufgef\u00fchrt werden.</p>\n<p>Mit anderen Worten heisst dies, dass f\u00fcr einen Grossteil der Konzerne keine gesetzlich vorgeschriebenen Regeln vorliegen, sondern dass sie selber w\u00e4hlen k\u00f6nnen und am Schluss einfach ihre Bewertungsregeln anzugeben haben. Diese M\u00f6glichkeit des Opting-out scheint uns nicht sehr sinnvoll zu sein. Zudem scheint uns auch die Unterscheidung dar\u00fcber, wann eine Pflicht, nach anerkannten Standards vorzugehen, besteht und wann nicht, nicht unbedingt einleuchtend zu sein. Man kann nicht einfach auf die Gr\u00f6sse abstellen oder darauf, dass die B\u00f6rse dies verlangt. Auch bei Genossenschaften scheint uns die Gr\u00f6sse nicht einfach eine sinnvolle Massgabe zu sein. Das Gleiche gilt f\u00fcr die Vorschrift f\u00fcr die Stiftungen, wonach die anerkannten Standards nur dann, wenn eine ordentliche Revision dies verlangt, zur Anwendung gelangen m\u00fcssen.</p>\n<p>Wir sehen nicht ein, warum hier keine einheitliche Regelung verlangt werden soll. Eine einheitliche Regelung f\u00f6rdert die Transparenz; sie schafft f\u00fcr alle Beteiligten eine bessere \u00dcbersicht bei allen Konzernrechnungen und verringert auch die Willk\u00fcr. </p>\n<p>Vor diesem Hintergrund ersuche ich Sie, dem Antrag der Minderheit, die ja auch dem Bundesrat folgt, zuzustimmen. Im St\u00e4nderat war das mit einer kleinen Ausnahme in Bezug auf Absatz 5 mehr oder weniger unbestritten. Nat\u00fcrlich hat die ganze Debatte jetzt vielleicht auch durch den Antrag Kaufmann eine zus\u00e4tzliche Dimension in der allgemeinen Betrachtung dieses Gesetzes erhalten. Welche Gesamtauswirkungen dieser Antrag in Bezug auf das Gesetz hat, ist meiner Meinung nach noch nicht ganz absehbar, weil nat\u00fcrlich dieses Konzept zum Teil wieder zu einer gr\u00f6sseren Vereinheitlichung f\u00fchrt und zum Teil auch zu einer kleineren - das ist in den einzelnen Bereichen jeweils unterschiedlich. Aber ich ersuche Sie, hier in diesem wichtigen Bereich der Konzernrechnung dem Bundesrat und in der Hauptsache dem St\u00e4nderat zu folgen. </p>\n</pd_text>","MeetingCouncilAbbreviation":"N","MeetingDate":"20101208","MeetingVerbalixOid":1999,"IdSession":"4816","SpeakerFirstName":"Daniel","SpeakerLastName":"Vischer","SpeakerFullName":"Vischer Daniel","SpeakerFunction":"Mit-M","CouncilId":1,"CouncilName":"Nationalrat","CantonId":1,"CantonName":"Z\u00fcrich","CantonAbbreviation":"ZH","ParlGroupName":"Gr\u00fcne Fraktion","ParlGroupAbbreviation":"G","SortOrder":69,"Start":"\/Date(1291807376751)\/","End":"\/Date(1291807663357)\/","Function":"Mit-M","DisplaySpeaker":true,"LanguageOfText":"DE","Modified":"\/Date(1774877725942)\/","StartTimeWithTimezone":"\/Date(1291807376750+0060)\/","EndTimeWithTimezone":"\/Date(1291807663357+0060)\/","VoteBusinessNumber":null,"VoteBusinessShortNumber":null,"VoteBusinessTitle":null},{"__metadata":{"id":"https://ws.parlament.ch/OData.svc/Transcript(ID=114164L,Language='DE')","uri":"https://ws.parlament.ch/OData.svc/Transcript(ID=114164L,Language='DE')","type":"itsystems.Pd.DataServices.DataModel.Transcript"},"Subjects":{"__deferred":{"uri":"https://ws.parlament.ch/OData.svc/Transcript(ID=114164L,Language='DE')/Subjects"}},"MembersCouncil":{"__deferred":{"uri":"https://ws.parlament.ch/OData.svc/Transcript(ID=114164L,Language='DE')/MembersCouncil"}},"Businesses":{"__deferred":{"uri":"https://ws.parlament.ch/OData.svc/Transcript(ID=114164L,Language='DE')/Businesses"}},"ID":"114164","Language":"DE","IdSubject":"18434","VoteId":null,"PersonNumber":1139,"Type":1,"Text":"<pd_text><p>Gem\u00e4ss Artikel 663g OR besteht heute eine Wahlfreiheit bez\u00fcglich der anzuwendenden Standards im Rahmen der Konzernrechnung. Neu soll mit Artikel 963b die Pflicht zur Erstellung einer Konzernrechnung nach einem Standard, mindestens nach Swiss GAAP FER, vorgesehen werden.</p>\n<p>Wir haben in der Kommission in der Mehrheit entschieden, dass wir einen neuen Artikel 963b einf\u00fcgen wollen, wonach [PAGE 1917] eine Konzernrechnung nach anerkanntem Standard nur unter bestimmten Bedingungen erstellt werden muss, die wir in diesem neuen Artikel aufgelistet haben. Uns geht es dabei vor allem darum, mittelst\u00e4ndische Konzerne zu entlasten. Oft haben wir den Eindruck, ein Konzern habe etwas mit Gr\u00f6sse zu tun, aber es gibt sehr viele mittelst\u00e4ndische Konzerne, f\u00fcr die eben mit dem vom Bundesrat vorgeschlagenen Konzept neue administrative H\u00fcrden geschaffen w\u00fcrden, weil sie nicht mehr w\u00e4hlen k\u00f6nnten, nach welchem Standard sie eine Rechnung erstellen m\u00f6chten.</p>\n<p>Ich bitte Sie daher, dem Konzept der Mehrheit zu folgen.</p>\n</pd_text>","MeetingCouncilAbbreviation":"N","MeetingDate":"20101208","MeetingVerbalixOid":1999,"IdSession":"4816","SpeakerFirstName":"Christa","SpeakerLastName":"Markwalder","SpeakerFullName":"Markwalder Christa","SpeakerFunction":"Mit-F","CouncilId":1,"CouncilName":"Nationalrat","CantonId":2,"CantonName":"Bern","CantonAbbreviation":"BE","ParlGroupName":"Freisinnig-demokratische Fraktion","ParlGroupAbbreviation":"RL","SortOrder":70,"Start":"\/Date(1291807663357)\/","End":"\/Date(1291807758527)\/","Function":"Mit-F","DisplaySpeaker":true,"LanguageOfText":"DE","Modified":"\/Date(1774877725943)\/","StartTimeWithTimezone":"\/Date(1291807663357+0060)\/","EndTimeWithTimezone":"\/Date(1291807758527+0060)\/","VoteBusinessNumber":null,"VoteBusinessShortNumber":null,"VoteBusinessTitle":null},{"__metadata":{"id":"https://ws.parlament.ch/OData.svc/Transcript(ID=114165L,Language='DE')","uri":"https://ws.parlament.ch/OData.svc/Transcript(ID=114165L,Language='DE')","type":"itsystems.Pd.DataServices.DataModel.Transcript"},"Subjects":{"__deferred":{"uri":"https://ws.parlament.ch/OData.svc/Transcript(ID=114165L,Language='DE')/Subjects"}},"MembersCouncil":{"__deferred":{"uri":"https://ws.parlament.ch/OData.svc/Transcript(ID=114165L,Language='DE')/MembersCouncil"}},"Businesses":{"__deferred":{"uri":"https://ws.parlament.ch/OData.svc/Transcript(ID=114165L,Language='DE')/Businesses"}},"ID":"114165","Language":"DE","IdSubject":"18434","VoteId":null,"PersonNumber":330,"Type":1,"Text":"<pd_text><p>Auch wir, die CVP/EVP/glp-Fraktion, sind der Meinung, dass wir dieser neuen Version, die wir in der Kommission - kreativ, wie wir nun mal sind - geschaffen haben, folgen sollten. Wenn Sie dem alten Text von Bundesrat und St\u00e4nderat folgen und gewissermassen f\u00fcr alle Konzerne den h\u00f6heren anerkannten Standard festlegen w\u00fcrden, h\u00e4tte dies in der Praxis vor allem f\u00fcr die gr\u00f6sseren, konzernm\u00e4ssig organisierten Familiengesellschaften Auswirkungen. Zum Beispiel m\u00fcssten die stillen Reserven aufgel\u00f6st werden, und es k\u00f6nnten keine stillen Reserven gebildet werden. Die Rahmenbedingungen vor allem f\u00fcr die konzernm\u00e4ssig organisierten Familienunternehmen w\u00fcrden unn\u00f6tig verschlechtert, die administrativen Belastungen w\u00fcrden steigen; man spricht von zus\u00e4tzlichen Kosten in f\u00fcnf- bis sechsstelliger H\u00f6he. Deshalb hat man in der Kommission gesagt: Wir m\u00fcssen das anders l\u00f6sen. Wir m\u00fcssen es so l\u00f6sen, dass f\u00fcr nichtb\u00f6rsenkotierte Unternehmen und Konzerne ein Abschluss nach OR gen\u00fcgt. Das ist gen\u00fcgend und verh\u00e4ltnism\u00e4ssig. </p>\n<p>Ich bitte Sie, den Antrag der Kommissionsmehrheit zu unterst\u00fctzen.</p>\n</pd_text>","MeetingCouncilAbbreviation":"N","MeetingDate":"20101208","MeetingVerbalixOid":1999,"IdSession":"4816","SpeakerFirstName":"Norbert","SpeakerLastName":"Hochreutener","SpeakerFullName":"Hochreutener Norbert","SpeakerFunction":"Mit-M","CouncilId":1,"CouncilName":"Nationalrat","CantonId":2,"CantonName":"Bern","CantonAbbreviation":"BE","ParlGroupName":"Fraktion CVP/EVP/glp","ParlGroupAbbreviation":"M-E","SortOrder":71,"Start":"\/Date(1291807758527)\/","End":"\/Date(1291807868292)\/","Function":"Mit-M","DisplaySpeaker":true,"LanguageOfText":"DE","Modified":"\/Date(1774877725945)\/","StartTimeWithTimezone":"\/Date(1291807758527+0060)\/","EndTimeWithTimezone":"\/Date(1291807868293+0060)\/","VoteBusinessNumber":null,"VoteBusinessShortNumber":null,"VoteBusinessTitle":null},{"__metadata":{"id":"https://ws.parlament.ch/OData.svc/Transcript(ID=114166L,Language='DE')","uri":"https://ws.parlament.ch/OData.svc/Transcript(ID=114166L,Language='DE')","type":"itsystems.Pd.DataServices.DataModel.Transcript"},"Subjects":{"__deferred":{"uri":"https://ws.parlament.ch/OData.svc/Transcript(ID=114166L,Language='DE')/Subjects"}},"MembersCouncil":{"__deferred":{"uri":"https://ws.parlament.ch/OData.svc/Transcript(ID=114166L,Language='DE')/MembersCouncil"}},"Businesses":{"__deferred":{"uri":"https://ws.parlament.ch/OData.svc/Transcript(ID=114166L,Language='DE')/Businesses"}},"ID":"114166","Language":"DE","IdSubject":"18434","VoteId":null,"PersonNumber":487,"Type":1,"Text":"<pd_text><p>Wir bitten Sie dringend, der Minderheit Vischer zu folgen. Das geltende Recht ist in Bezug auf die Regeln der Rechnungslegung f\u00fcr die Konzerne absolut rudiment\u00e4r. Der Bilanzierende oder die Unternehmung kann heute selber entscheiden, welche Regeln er oder sie anwendet. Das f\u00fchrt zu einem absoluten Wirrwarr. Ich verweise auch auf die entsprechenden Kommentare zum OR, zum Beispiel auf den Basler Kommentar. Wir begr\u00fcssen es deshalb ausdr\u00fccklich, dass der Bundesrat eine Neuordnung vorschl\u00e4gt. Sie sieht vor, dass im Konzern eine Konzernrechnung nach einem anerkannten Standard erstellt werden muss. Das heisst auch nach einheitlichen Regeln, das heisst ohne stille Reserven. Der Bundesrat wird auf dem Verordnungsweg festlegen, welche Standards einzuhalten sind.</p>\n<p>Wenn Sie nun diese Standards nur f\u00fcr Publikumsgesellschaften, Grossgenossenschaften und grosse Stiftungen vorschreiben, nicht aber f\u00fcr alle anderen Konzerne, die dann selber entscheiden k\u00f6nnen, was f\u00fcr einen Standard sie w\u00e4hlen wollen, dann bleiben Sie beim heutigen Wirrwarr. Sie verunm\u00f6glichen eine vergleichende Analyse der Wirtschaftskraft der verschiedenen Unternehmen. Auch in der Kommission wurde nicht klar, aufgrund welcher Kriterien die Mehrheit diese Abgrenzung vorgenommen hat.</p>\n<p>Gestatten Sie mir noch eine generelle Bemerkung zur heutigen Debatte. Die Rechnungslegung ist nicht einfach eine Schikane des Staates gegen\u00fcber der Unternehmung. Die Rechnungslegung hat wichtige wirtschaftliche Funktionen. Sie soll Transparenz schaffen. Das dient jenen, denen die Unternehmung geh\u00f6rt, den Mehrheiten und Minderheiten, den Investoren, den Arbeitnehmerinnen und Arbeitnehmern, der \u00f6ffentlichen Hand.</p>\n<p>Deswegen bitte ich Sie: Sorgen Sie auch hier daf\u00fcr, dass wir Ordnung schaffen, einheitliche Standards festlegen bzw. durch den Bundesrat festlegen lassen. Lehnen Sie den Antrag der Mehrheit ab, die im Prinzip beim heutigen Durcheinander der Standards bleiben will und keinerlei Klarheit schafft. Ich danke Ihnen, wenn Sie der Minderheit Vischer folgen.</p>\n</pd_text>","MeetingCouncilAbbreviation":"N","MeetingDate":"20101208","MeetingVerbalixOid":1999,"IdSession":"4816","SpeakerFirstName":"Susanne","SpeakerLastName":"Leutenegger Oberholzer","SpeakerFullName":"Leutenegger Oberholzer Susanne","SpeakerFunction":"Mit-F","CouncilId":1,"CouncilName":"Nationalrat","CantonId":13,"CantonName":"Basel-Landschaft","CantonAbbreviation":"BL","ParlGroupName":"Sozialdemokratische Fraktion","ParlGroupAbbreviation":"S","SortOrder":72,"Start":"\/Date(1291807868292)\/","End":"\/Date(1291808014680)\/","Function":"Mit-F","DisplaySpeaker":true,"LanguageOfText":"DE","Modified":"\/Date(1774877725947)\/","StartTimeWithTimezone":"\/Date(1291807868293+0060)\/","EndTimeWithTimezone":"\/Date(1291808014680+0060)\/","VoteBusinessNumber":null,"VoteBusinessShortNumber":null,"VoteBusinessTitle":null},{"__metadata":{"id":"https://ws.parlament.ch/OData.svc/Transcript(ID=114167L,Language='DE')","uri":"https://ws.parlament.ch/OData.svc/Transcript(ID=114167L,Language='DE')","type":"itsystems.Pd.DataServices.DataModel.Transcript"},"Subjects":{"__deferred":{"uri":"https://ws.parlament.ch/OData.svc/Transcript(ID=114167L,Language='DE')/Subjects"}},"MembersCouncil":{"__deferred":{"uri":"https://ws.parlament.ch/OData.svc/Transcript(ID=114167L,Language='DE')/MembersCouncil"}},"Businesses":{"__deferred":{"uri":"https://ws.parlament.ch/OData.svc/Transcript(ID=114167L,Language='DE')/Businesses"}},"ID":"114167","Language":"DE","IdSubject":"18434","VoteId":null,"PersonNumber":479,"Type":1,"Text":"<pd_text><p>Frau Kollegin Leutenegger Oberholzer, Sie gehen ja sicher mit mir einig: Wenn wir ein Gesetz machen, sollte es auch in der Praxis umsetzbar sein. Ich habe meine Frage anders formuliert schon an die Frau Bundesr\u00e4tin gerichtet, nun frage ich Sie: Wenn eine Roche an der B\u00f6rse kotiert ist, muss sie ja zwingend IFRS haben, w\u00e4hrend es bei einer Stiftung nicht IFRS braucht, wobei Swiss GAAP FER, wie gesagt worden ist, zwingend ist. Wie wollen Sie jetzt IFRS, eine Unterkonzernrechnung, in einer Stiftung konsolidieren? Haben Sie einen solchen Fall schon erlebt?</p>\n</pd_text>","MeetingCouncilAbbreviation":"N","MeetingDate":"20101208","MeetingVerbalixOid":1999,"IdSession":"4816","SpeakerFirstName":"Hans","SpeakerLastName":"Kaufmann","SpeakerFullName":"Kaufmann Hans","SpeakerFunction":"Mit-M","CouncilId":1,"CouncilName":"Nationalrat","CantonId":1,"CantonName":"Z\u00fcrich","CantonAbbreviation":"ZH","ParlGroupName":"Fraktion der Schweizerischen Volkspartei","ParlGroupAbbreviation":"V","SortOrder":73,"Start":"\/Date(1291808014680)\/","End":"\/Date(1291808060086)\/","Function":"Mit-M","DisplaySpeaker":true,"LanguageOfText":"DE","Modified":"\/Date(1774877725948)\/","StartTimeWithTimezone":"\/Date(1291808014680+0060)\/","EndTimeWithTimezone":"\/Date(1291808060087+0060)\/","VoteBusinessNumber":null,"VoteBusinessShortNumber":null,"VoteBusinessTitle":null},{"__metadata":{"id":"https://ws.parlament.ch/OData.svc/Transcript(ID=114168L,Language='DE')","uri":"https://ws.parlament.ch/OData.svc/Transcript(ID=114168L,Language='DE')","type":"itsystems.Pd.DataServices.DataModel.Transcript"},"Subjects":{"__deferred":{"uri":"https://ws.parlament.ch/OData.svc/Transcript(ID=114168L,Language='DE')/Subjects"}},"MembersCouncil":{"__deferred":{"uri":"https://ws.parlament.ch/OData.svc/Transcript(ID=114168L,Language='DE')/MembersCouncil"}},"Businesses":{"__deferred":{"uri":"https://ws.parlament.ch/OData.svc/Transcript(ID=114168L,Language='DE')/Businesses"}},"ID":"114168","Language":"DE","IdSubject":"18434","VoteId":null,"PersonNumber":487,"Type":1,"Text":"<pd_text><p>Herr Kaufmann, ich habe keinen solchen Fall erlebt, aber Sie werden der Roche sicher beistehen und ihr sagen k\u00f6nnen, wie sie die Konsolidierung vornehmen soll. Ich behaupte, dass die Konsolidierung - es geht um die Stiftung Roche - nach den unterschiedlichen Standards problemlos m\u00f6glich ist. Ich bitte Frau Bundesr\u00e4tin Sommaruga, dem Parlament die L\u00f6sung aufzuzeigen. Denn diese Frage wird sich im St\u00e4nderat auch stellen.</p>\n</pd_text>","MeetingCouncilAbbreviation":"N","MeetingDate":"20101208","MeetingVerbalixOid":1999,"IdSession":"4816","SpeakerFirstName":"Susanne","SpeakerLastName":"Leutenegger Oberholzer","SpeakerFullName":"Leutenegger Oberholzer Susanne","SpeakerFunction":"Mit-F","CouncilId":1,"CouncilName":"Nationalrat","CantonId":13,"CantonName":"Basel-Landschaft","CantonAbbreviation":"BL","ParlGroupName":"Sozialdemokratische Fraktion","ParlGroupAbbreviation":"S","SortOrder":74,"Start":"\/Date(1291808060086)\/","End":"\/Date(1291808097851)\/","Function":"Mit-F","DisplaySpeaker":true,"LanguageOfText":"DE","Modified":"\/Date(1774877725949)\/","StartTimeWithTimezone":"\/Date(1291808060087+0060)\/","EndTimeWithTimezone":"\/Date(1291808097850+0060)\/","VoteBusinessNumber":null,"VoteBusinessShortNumber":null,"VoteBusinessTitle":null},{"__metadata":{"id":"https://ws.parlament.ch/OData.svc/Transcript(ID=114169L,Language='DE')","uri":"https://ws.parlament.ch/OData.svc/Transcript(ID=114169L,Language='DE')","type":"itsystems.Pd.DataServices.DataModel.Transcript"},"Subjects":{"__deferred":{"uri":"https://ws.parlament.ch/OData.svc/Transcript(ID=114169L,Language='DE')/Subjects"}},"MembersCouncil":{"__deferred":{"uri":"https://ws.parlament.ch/OData.svc/Transcript(ID=114169L,Language='DE')/MembersCouncil"}},"Businesses":{"__deferred":{"uri":"https://ws.parlament.ch/OData.svc/Transcript(ID=114169L,Language='DE')/Businesses"}},"ID":"114169","Language":"DE","IdSubject":"18434","VoteId":null,"PersonNumber":512,"Type":1,"Text":"<pd_text><p>Im geltenden Aktienrecht kann jede Gesellschaft f\u00fcr ihre Konzernrechnung ihre eigenen Konsolidierungs- und Bewertungsgrunds\u00e4tze aufstellen, weil das geltende Recht nur vorsieht, dass die Konzernrechnung gem\u00e4ss den Grunds\u00e4tzen der ordnungsgem\u00e4ssen Rechnungslegung zu erfolgen hat. Das hat in der Praxis zum \"standard picking\", d. h. zu Eigenkreationen, gef\u00fchrt. Solche Konzernrechnungen sind weder aussagekr\u00e4ftig, noch ist die Vergleichbarkeit von Konzernrechnungen unterschiedlicher Gesellschaften m\u00f6glich.</p>\n<p>Der Entwurf des Bundesrates bzw. der Beschluss des St\u00e4nderates sieht f\u00fcr die Konzernrechnung zwingend die Anwendung eines anerkannten Standards zur Rechnungslegung vor. Nur so ist gew\u00e4hrleistet, dass die Konzernrechnung frei von stillen Reserven erstellt wird und die Vergleichbarkeit gew\u00e4hrleistet ist. Das ist f\u00fcr die Eruierung der tats\u00e4chlichen wirtschaftlichen Lage einer Unternehmensgruppe absolut unabdingbar. Ich gehe davon aus, dass Sie es nachvollziehen k\u00f6nnen, dass es im Interesse verschiedener Akteure in diesem Bereich ist, die wirtschaftliche Lage einer Unternehmensgruppe kennen zu k\u00f6nnen.</p>\n<p>Ich m\u00f6chte Sie darauf hinweisen, dass mit Swiss GAAP FER 30 bereits seit Jahren ein anerkannter Standard speziell f\u00fcr kleinere und mittlere Unternehmen vorhanden ist, der sich in der Praxis auch bew\u00e4hrt hat. Zudem gilt es, in Erinnerung zu behalten, dass bereits der St\u00e4nderat die Schwellenwerte im Bereich der Konzernrechnung angehoben hat. Das Konsolidierungsrecht ist folglich als \u00fcberaus KMU-freundlich anzuschauen. Des Weiteren gibt es keinerlei sachliche Gr\u00fcnde f\u00fcr eine unterschiedliche Regelung der Konsolidierung von Publikumsgesellschaften und grossen Rechtseinheiten einerseits und von den \u00fcbrigen Unternehmen andererseits.</p>\n<p>Aus all diesen Gr\u00fcnden bitte ich Sie, den vorliegenden Minderheitsantrag anzunehmen. Der Entscheid Ihrer Kommission f\u00fcr Rechtsfragen ist ein klarer R\u00fcckschritt; er f\u00fchrt hin zu einer wenig aussagekr\u00e4ftigen Konzernrechnung. Er widerspricht moderner Rechnungslegung, und er beinhaltet ein nicht zu untersch\u00e4tzendes Missbrauchspotenzial.</p>\n<p>Auf Ihre Frage, Frau Leutenegger Oberholzer, kann ich selbstverst\u00e4ndlich sagen: Der Bundesrat wird diese anerkannten Standards im Rahmen einer Verordnung festlegen. Selbstverst\u00e4ndlich werden die entsprechenden Kreise vorher auch konsultiert - so, wie das immer gemacht wird.</p>\n</pd_text>","MeetingCouncilAbbreviation":"N","MeetingDate":"20101208","MeetingVerbalixOid":1999,"IdSession":"4816","SpeakerFirstName":"Simonetta","SpeakerLastName":"Sommaruga","SpeakerFullName":"Sommaruga Simonetta","SpeakerFunction":"BR-F","CouncilId":99,"CouncilName":"Bundesrat","CantonId":2,"CantonName":"Bern","CantonAbbreviation":"BE","ParlGroupName":null,"ParlGroupAbbreviation":null,"SortOrder":75,"Start":"\/Date(1291808097851)\/","End":"\/Date(1291808265896)\/","Function":"BR-F","DisplaySpeaker":true,"LanguageOfText":"DE","Modified":"\/Date(1774877725951)\/","StartTimeWithTimezone":"\/Date(1291808097850+0060)\/","EndTimeWithTimezone":"\/Date(1291808265897+0060)\/","VoteBusinessNumber":null,"VoteBusinessShortNumber":null,"VoteBusinessTitle":null},{"__metadata":{"id":"https://ws.parlament.ch/OData.svc/Transcript(ID=114170L,Language='DE')","uri":"https://ws.parlament.ch/OData.svc/Transcript(ID=114170L,Language='DE')","type":"itsystems.Pd.DataServices.DataModel.Transcript"},"Subjects":{"__deferred":{"uri":"https://ws.parlament.ch/OData.svc/Transcript(ID=114170L,Language='DE')/Subjects"}},"MembersCouncil":{"__deferred":{"uri":"https://ws.parlament.ch/OData.svc/Transcript(ID=114170L,Language='DE')/MembersCouncil"}},"Businesses":{"__deferred":{"uri":"https://ws.parlament.ch/OData.svc/Transcript(ID=114170L,Language='DE')/Businesses"}},"ID":"114170","Language":"DE","IdSubject":"18434","VoteId":null,"PersonNumber":214,"Type":1,"Text":"<pd_text><p>Es geht um die anerkannten Standards der Rechnungslegung. Die Mehrheit der Kommission bittet Sie, die Formulierung ins Gesetz aufzunehmen, die Sie auf Seite 40 der deutschsprachigen Fahne finden. Bei der franz\u00f6sischsprachigen Fahne sind es die Seiten 38 und 39. Die Mehrheit der Kommission bittet Sie, diese relativ lange Formulierung aufzunehmen. [PAGE 1918] </p>\n<p>Bei Absatz 1, wo definiert wird, wann die Konzernrechnung nach anerkannten Standards zur Rechnungslegung erstellt werden muss, schl\u00e4gt die Mehrheit vor: bei Publikumsgesellschaften, wenn die B\u00f6rse dies verlangt; bei Genossenschaften, wenn sie mindestens 2000 Genossenschafter haben; bei Stiftungen, wenn sie zu einer ordentlichen Revision verpflichtet sind.</p>\n<p>Bei Absatz 2 wird der alte Text, der sich jetzt im Obligationenrecht findet, neu in Artikel 963b OR aufgenommen. Damit hat die Mehrheit der Kommission zum Ausdruck bringen wollen, dass man beim alten System bleiben und f\u00fcr die beteiligten Gesellschaften m\u00f6glichst wenig ver\u00e4ndern und verkomplizieren will; darum ging es der Mehrheit. Ich lese vor, wie uns die ganze Vorlage vom Bundesrat vorgestellt worden ist, das ist auch in den Kommentaren zu lesen: \"Der Entwurf\" - also dieser Gesetzentwurf, den wir vor uns haben - \"schafft eine einheitliche Ordnung f\u00fcr alle Rechtsformen des Privatrechts. Die Vorlage enth\u00e4lt allgemeine Vorschriften ... Sie widerspiegeln den Status quo der Buchf\u00fchrung und Rechnungslegung eines gut gef\u00fchrten KMU ... Unter bestimmten Voraussetzungen muss ein Abschluss nach einem anerkannten Standard zur Rechnungslegung - z. B. Swiss GAAP oder IFRS - erstellt werden.\" Die Mehrheit der Kommission wollte zum Ausdruck bringen - ich wiederhole mich -, dass wir f\u00fcr die Beteiligten den Status quo bewahren und m\u00f6glichst wenig ver\u00e4ndern sollen, nur wenn es unbedingt n\u00f6tig ist.</p>\n<p>Die jetzigen Rechnungslegungsvorschriften - das ist ein wichtiger Punkt, der jetzt kommt - schaffen eigentlich eine Dreiteilung. Wir haben einerseits die b\u00f6rsenkotierten Unternehmen und andererseits bei den nichtb\u00f6rsenkotierten Unternehmen eine Zweiteilung geschaffen wegen den Schwellenwerten, die wir eingef\u00fchrt haben: F\u00fcr Unternehmen mit einer Bilanzsumme bis 20 Millionen Franken oder einem Umsatzerl\u00f6s bis 40 Millionen oder maximal 250 Vollzeitstellen gelten andere Vorschriften als oberhalb dieser Schwellenwerte, bei denen wesentlich h\u00f6here Anforderungen gelten sollen. Der Antrag der Mehrheit der Kommission will nun Folgendes: Auch die relativ grossen Unternehmen, welche oberhalb der Schwellenwerte liegen, sollen nicht neu belastet werden, wenn sie nicht b\u00f6rsenkotiert sind. Das heisst, s\u00e4mtliche gr\u00f6sseren Familienunternehmen werden entlastet, wenn Sie der L\u00f6sung zustimmen, welche die Mehrheit der Kommission w\u00fcnscht.</p>\n<p>Vergessen wir nicht: Es gibt sehr, sehr viele schweizerische Unternehmen, die oberhalb der Grenze einer Bilanzsumme von 20 Millionen bzw. eines Umsatzerl\u00f6ses von 40 Millionen Franken bzw. 250 Vollzeitstellen liegen. Ein Unternehmen ist auch sehr schnell ein Konzern. Eine Familiengesellschaft, die zwei juristische Personen aufweist, ist schon ein Konzern. Man befindet sich also sehr schnell oberhalb der Schwellenwerte.</p>\n<p>Die Mehrheit der Kommission sagte sich: Allen Unternehmen, die nicht b\u00f6rsenkotiert sind, m\u00fcssen wir das Leben so einfach wie m\u00f6glich machen. Es ist vertretbar, dass die Dreiteilung - kleine KMU, grosse Familiengesellschaften und b\u00f6rsenkotierte Unternehmen - im Revisionsrecht so gehandhabt wurde. Jetzt sind wir aber beim Rechnungslegungsrecht. Hier ist es nicht notwendig, den Grossen, die oberhalb der erw\u00e4hnten Schwellenwerte liegen, das Leben schwer zu machen. Hier besteht kein \u00f6ffentliches Interesse an voller Transparenz bei der Rechnungslegung. Das ist nur bei b\u00f6rsenkotierten Gesellschaften der Fall; bei nichtb\u00f6rsenkotierten kann man durchaus damit leben, dass nicht alles offengelegt werden muss. Es ist schon gesagt worden: Wenn z. B. ein Unternehmen auf Kredite angewiesen ist, gelten sowieso andere Transparenzregeln, deren Einhaltung die kreditgebende Bank verlangt. Es besteht aber kein \u00f6ffentliches Interesse, bei der Rechnungslegung alles darzulegen.</p>\n<p>Kurz: Mit dem Ja zur Mehrheit bleiben Sie auch f\u00fcr die Gruppe der grossen Gesellschaften oberhalb der genannten Schwellenwerte weitgehend beim Status quo; das ist eine Vereinfachung. Die Kommission war f\u00fcr diese Vereinfachung zugunsten der nichtb\u00f6rsenkotierten grossen Unternehmen.</p>\n</pd_text>","MeetingCouncilAbbreviation":"N","MeetingDate":"20101208","MeetingVerbalixOid":1999,"IdSession":"4816","SpeakerFirstName":"Luzi","SpeakerLastName":"Stamm","SpeakerFullName":"Stamm Luzi","SpeakerFunction":"Mit-M","CouncilId":1,"CouncilName":"Nationalrat","CantonId":19,"CantonName":"Aargau","CantonAbbreviation":"AG","ParlGroupName":"Fraktion der Schweizerischen Volkspartei","ParlGroupAbbreviation":"V","SortOrder":76,"Start":"\/Date(1291808265896)\/","End":"\/Date(1291808564580)\/","Function":"*","DisplaySpeaker":true,"LanguageOfText":"DE","Modified":"\/Date(1774877725954)\/","StartTimeWithTimezone":"\/Date(1291808265897+0060)\/","EndTimeWithTimezone":"\/Date(1291808564580+0060)\/","VoteBusinessNumber":null,"VoteBusinessShortNumber":null,"VoteBusinessTitle":null},{"__metadata":{"id":"https://ws.parlament.ch/OData.svc/Transcript(ID=114171L,Language='DE')","uri":"https://ws.parlament.ch/OData.svc/Transcript(ID=114171L,Language='DE')","type":"itsystems.Pd.DataServices.DataModel.Transcript"},"Subjects":{"__deferred":{"uri":"https://ws.parlament.ch/OData.svc/Transcript(ID=114171L,Language='DE')/Subjects"}},"MembersCouncil":{"__deferred":{"uri":"https://ws.parlament.ch/OData.svc/Transcript(ID=114171L,Language='DE')/MembersCouncil"}},"Businesses":{"__deferred":{"uri":"https://ws.parlament.ch/OData.svc/Transcript(ID=114171L,Language='DE')/Businesses"}},"ID":"114171","Language":"DE","IdSubject":"18434","VoteId":"4817","PersonNumber":null,"Type":2,"Text":"<pd_text><p><i>Abstimmung - Vote</i></p>\n<p>[NAM]</p>\n<p>F\u00fcr den Antrag der Mehrheit ... 99 Stimmen</p>\n<p>F\u00fcr den Antrag der Minderheit ... 50 Stimmen</p>\n</pd_text>","MeetingCouncilAbbreviation":"N","MeetingDate":"20101208","MeetingVerbalixOid":1999,"IdSession":"4816","SpeakerFirstName":null,"SpeakerLastName":null,"SpeakerFullName":"","SpeakerFunction":null,"CouncilId":null,"CouncilName":null,"CantonId":null,"CantonName":null,"CantonAbbreviation":null,"ParlGroupName":null,"ParlGroupAbbreviation":null,"SortOrder":77,"Start":"\/Date(1291808564580)\/","End":"\/Date(1291808564580)\/","Function":null,"DisplaySpeaker":null,"LanguageOfText":"DE","Modified":"\/Date(1774877725955)\/","StartTimeWithTimezone":"\/Date(1291808564580+0060)\/","EndTimeWithTimezone":"\/Date(1291808564580+0060)\/","VoteBusinessNumber":20080011,"VoteBusinessShortNumber":"08.011","VoteBusinessTitle":"OR. Aktien- und\nRechnungslegungsrecht"},{"__metadata":{"id":"https://ws.parlament.ch/OData.svc/Transcript(ID=114172L,Language='DE')","uri":"https://ws.parlament.ch/OData.svc/Transcript(ID=114172L,Language='DE')","type":"itsystems.Pd.DataServices.DataModel.Transcript"},"Subjects":{"__deferred":{"uri":"https://ws.parlament.ch/OData.svc/Transcript(ID=114172L,Language='DE')/Subjects"}},"MembersCouncil":{"__deferred":{"uri":"https://ws.parlament.ch/OData.svc/Transcript(ID=114172L,Language='DE')/MembersCouncil"}},"Businesses":{"__deferred":{"uri":"https://ws.parlament.ch/OData.svc/Transcript(ID=114172L,Language='DE')/Businesses"}},"ID":"114172","Language":"DE","IdSubject":"18434","VoteId":null,"PersonNumber":1117,"Type":1,"Text":"<pd_text><p><b>Art. 963c</b></p>\n<p><i>Antrag der Minderheit</i></p>\n<p>(Leutenegger Oberholzer, Ingold, Lumengo, Schmid Federer, Sommaruga Carlo, Thanei, Vischer, von Graffenried, Wyss Brigit)</p>\n<p><i>Titel</i></p>\n<p>Zwingende Angaben im Anhang zur konsolidierten Jahresrechnung</p>\n<p><i>Abs. 1</i></p>\n<p>Im Anhang zur Konzernrechnung von transnational t\u00e4tigen Gesellschaften ist anzugeben, in welchen L\u00e4ndern diese t\u00e4tig sind.</p>\n<p><i>Abs. 2</i></p>\n<p>Im Weiteren sind darin folgende nach L\u00e4ndern konsolidierte Angaben auszuweisen:</p>\n<p>1. das Finanzergebnis;</p>\n<p>2. der gesamte und der konzerninterne Umsatz;</p>\n<p>3. die Anschaffungs- oder Herstellungskosten der verkauften Produkte und Leistungen;</p>\n<p>4. die Finanzierungskosten;</p>\n<p>5. die Personalkosten sowie die Vollzeitstellen;</p>\n<p>6. der Gewinn vor Steuern;</p>\n<p>7. die im Land bezahlten Steuern und Abgaben.</p>\n<p>[VS]</p>\n<p><b>Art. 963c</b></p>\n<p><i>Proposition de la minorit\u00e9</i></p>\n<p>(Leutenegger Oberholzer, Ingold, Lumengo, Schmid Federer, Sommaruga Carlo, Thanei, Vischer, von Graffenried, Wyss Brigit)</p>\n<p><i>Titre</i></p>\n<p>Indications obligatoires dans l'annexe aux comptes annuels consolid\u00e9s</p>\n<p><i>Al. 1</i></p>\n<p>L'annexe aux comptes consolid\u00e9s de soci\u00e9t\u00e9s actives sur le plan international doit indiquer dans quels pays et sous quelles raisons de commerce ces soci\u00e9t\u00e9s sont actives.</p>\n<p><i>Al. 2</i></p>\n<p>Elle doit indiquer les donn\u00e9es consolid\u00e9es suivantes pour chacun des pays:</p>\n<p>1. le r\u00e9sultat financier;</p>\n<p>2. le chiffre d'affaires total et le chiffre d'affaires interne du groupe;</p>\n<p>3. les co\u00fbts d'acquisition ou de production des biens et prestations de services vendus;</p>\n<p>4. les co\u00fbts de financement;</p>\n<p>5. les frais de personnel ainsi que les emplois \u00e0 plein temps;</p>\n<p>6. le b\u00e9n\u00e9fice avant imp\u00f4ts;</p>\n<p>7. les imp\u00f4ts et redevances pay\u00e9s dans le pays.</p>\n</pd_text>","MeetingCouncilAbbreviation":"N","MeetingDate":"20101208","MeetingVerbalixOid":1999,"IdSession":"4816","SpeakerFirstName":"Jean-Ren\u00e9","SpeakerLastName":"Germanier","SpeakerFullName":"Germanier Jean-Ren\u00e9","SpeakerFunction":"P-M","CouncilId":1,"CouncilName":"Nationalrat","CantonId":23,"CantonName":"Wallis","CantonAbbreviation":"VS","ParlGroupName":"Freisinnig-demokratische Fraktion","ParlGroupAbbreviation":"RL","SortOrder":78,"Start":"\/Date(1291808564580)\/","End":"\/Date(1291808652891)\/","Function":"P-M","DisplaySpeaker":false,"LanguageOfText":null,"Modified":"\/Date(1774877725957)\/","StartTimeWithTimezone":"\/Date(1291808564580+0060)\/","EndTimeWithTimezone":"\/Date(1291808652890+0060)\/","VoteBusinessNumber":null,"VoteBusinessShortNumber":null,"VoteBusinessTitle":null},{"__metadata":{"id":"https://ws.parlament.ch/OData.svc/Transcript(ID=114173L,Language='DE')","uri":"https://ws.parlament.ch/OData.svc/Transcript(ID=114173L,Language='DE')","type":"itsystems.Pd.DataServices.DataModel.Transcript"},"Subjects":{"__deferred":{"uri":"https://ws.parlament.ch/OData.svc/Transcript(ID=114173L,Language='DE')/Subjects"}},"MembersCouncil":{"__deferred":{"uri":"https://ws.parlament.ch/OData.svc/Transcript(ID=114173L,Language='DE')/MembersCouncil"}},"Businesses":{"__deferred":{"uri":"https://ws.parlament.ch/OData.svc/Transcript(ID=114173L,Language='DE')/Businesses"}},"ID":"114173","Language":"DE","IdSubject":"18434","VoteId":null,"PersonNumber":487,"Type":1,"Text":"<pd_text><p>Die Minderheit beantragt Ihnen eine Erweiterung des Rechnungslegungsrechtes, indem f\u00fcr global t\u00e4tige Unternehmungen ein l\u00e4nderspezifisches Reporting verlangt wird. Es bringt mehr Transparenz in die Rechnungslegung, wenn die global t\u00e4tigen Unternehmungen im Anhang zur Konzernrechnung l\u00e4nderspezifische Angaben machen m\u00fcssen wie zum Beispiel zum Finanzergebnis, zum lokal erzielten Absatz, zu den jeweiligen Anschaffungs- oder Herstellungskosten, zu den im Land bezahlten Abgaben usw.; Sie k\u00f6nnen die verlangten Angaben aus den Ziffern des Antrages entnehmen.</p>\n<p>Das Begehren nach einem State-by-State-Reporting oder einem Country-by-Country-Reporting entspricht nicht nur einem langj\u00e4hrigen Anliegen der Entwicklungsorganisationen und Entwicklungsl\u00e4nder, sondern dient auch der Transparenz f\u00fcr die Investorinnen und Investoren und die Kapitaleigner. Warum ist das so wichtig? Ich verweise Sie hier auch auf ein entsprechendes Argumentarium der Schweizer Entwicklungsorganisationen, das Ihnen zugestellt worden ist und das die Gr\u00fcnde im Detail aufzeigt, warum wir mehr Transparenz schaffen sollten: Zum Ersten ist es ein [PAGE 1919] wirksames Mittel gegen die Steuervermeidungspraxis von Konzernen, welche ihren Abschl\u00fcssen verf\u00e4lschte Transferpreise zugrunde legen und den wirtschaftlichen Erfolg in die Konzernzentrale zur\u00fcckf\u00fchren, statt ihn in den entsprechenden L\u00e4ndern zu versteuern. Zum Zweiten ist es ein geeignetes Mittel zur Vermeidung von Korruption, indem eben Zahlungen in den jeweiligen L\u00e4ndern sichtbar gemacht werden. Das gibt zum Dritten wesentliche Informationen \u00fcber Zahlungsbeziehungen zwischen den Unternehmungen und den Regierungen, und das sind insbesondere f\u00fcr die Zivilgesellschaft wichtige Informationen.</p>\n<p>Das Country-by-Country-Reporting ist beileibe nicht etwa eine exotische Forderung. Es ist darauf hinzuweisen, dass die USA bei den extrahierenden Gesellschaften, also zum Beispiel bei den \u00d6lgesellschaften, ein solches l\u00e4nderspezifisches Reporting verlangen. Der Unterschied ist, dass die USA die wirtschaftliche Macht haben, das durchzusetzen, im Gegensatz zu den L\u00e4ndern der Dritten Welt, die das eben nicht zu tun verm\u00f6gen. Deswegen verlangen auch viele internationale Organisationen, wie zum Beispiel die Uno oder die OECD, die sich neu auch mit dem Anliegen besch\u00e4ftigt, dass ein Country-by-Country-Reporting auch international als Standard festgelegt wird.</p>\n<p>Ich bitte Sie deshalb, meinem Minderheitsantrag zuzustimmen und die transnationalen Konzerne zu einem entsprechenden Reporting im Anhang ihrer Jahresrechnung zu verpflichten.</p>\n</pd_text>","MeetingCouncilAbbreviation":"N","MeetingDate":"20101208","MeetingVerbalixOid":1999,"IdSession":"4816","SpeakerFirstName":"Susanne","SpeakerLastName":"Leutenegger Oberholzer","SpeakerFullName":"Leutenegger Oberholzer Susanne","SpeakerFunction":"Mit-F","CouncilId":1,"CouncilName":"Nationalrat","CantonId":13,"CantonName":"Basel-Landschaft","CantonAbbreviation":"BL","ParlGroupName":"Sozialdemokratische Fraktion","ParlGroupAbbreviation":"S","SortOrder":79,"Start":"\/Date(1291808652891)\/","End":"\/Date(1291808861873)\/","Function":"Mit-F","DisplaySpeaker":true,"LanguageOfText":"DE","Modified":"\/Date(1774877725958)\/","StartTimeWithTimezone":"\/Date(1291808652890+0060)\/","EndTimeWithTimezone":"\/Date(1291808861873+0060)\/","VoteBusinessNumber":null,"VoteBusinessShortNumber":null,"VoteBusinessTitle":null},{"__metadata":{"id":"https://ws.parlament.ch/OData.svc/Transcript(ID=114174L,Language='DE')","uri":"https://ws.parlament.ch/OData.svc/Transcript(ID=114174L,Language='DE')","type":"itsystems.Pd.DataServices.DataModel.Transcript"},"Subjects":{"__deferred":{"uri":"https://ws.parlament.ch/OData.svc/Transcript(ID=114174L,Language='DE')/Subjects"}},"MembersCouncil":{"__deferred":{"uri":"https://ws.parlament.ch/OData.svc/Transcript(ID=114174L,Language='DE')/MembersCouncil"}},"Businesses":{"__deferred":{"uri":"https://ws.parlament.ch/OData.svc/Transcript(ID=114174L,Language='DE')/Businesses"}},"ID":"114174","Language":"DE","IdSubject":"18434","VoteId":null,"PersonNumber":479,"Type":1,"Text":"<pd_text><p>Hier bitte ich Sie dringend, die Mehrheit zu unterst\u00fctzen. Was hier gefordert wird, ist ein unglaublicher Mehraufwand. Ich spreche wirklich von mehreren Hundert Seiten pro Gesellschaft. Lesen Sie, was hier gefordert wird: Man m\u00fcsse l\u00e4nderweise konsolidieren. Ja, es gibt auch Gesellschaften, die nicht nach L\u00e4ndern organisiert sind, sondern nach Sparten. Sie m\u00fcssten eine zweite Rechnungslegung nach L\u00e4ndern er\u00f6ffnen, f\u00fcr die gesamten und die konzerninternen Ums\u00e4tze nach L\u00e4ndern. Was n\u00fctzt es, wenn man weiss, was innerhalb eines Landes vom Betrieb A zum Betrieb B geschoben wurde? Wenn Sie das global verstehen - das ist hier eben nicht klar -, dann m\u00fcssen Sie doch sehen, dass ein grosses Unternehmen vielleicht den Rohstoff in Indonesien einkauft, dann kommt er in die Schweiz oder in eine andere Sammelstelle, und von dort geht er als Zwischenprodukt wieder weiter, und das sollen die Unternehmen alles ausweisen!</p>\n<p>Die Anschaffungs- oder Herstellungskosten der verkauften Produkte: Sie gehen einfach von der Milchb\u00fcchleinvorstellung aus, dass jedes Produkt, das in diesem Jahr verkauft wurde, auch in diesem Jahr produziert wurde. Das ist nicht so. Die Unternehmen m\u00fcssten das \u00fcber die einzelnen Jahre r\u00fcckwirkend ausweisen, und das ist doch in der Praxis gar nicht m\u00f6glich.</p>\n<p>Die Finanzierungskosten: Hier kommt es doch darauf an, in welchen W\u00e4hrungen das ist. Dann werden diese Finanzierungskosten \u00fcber verschiedene Derivate abgesichert. Wenn die Unternehmen sich in einem Land mit schwacher W\u00e4hrung eben doch in Dollar oder in Franken verschulden, werden sie wohl, damit sie nicht in den Ruin gehen, diese Fremdw\u00e4hrungskredite absichern; das geh\u00f6rt dazu. Ich weiss nicht, wem das etwas bringen soll.</p>\n<p>Personalkosten sowie Vollzeitstellen: Das ist gut gemeint, und die meisten Unternehmen in der Schweiz geben Ihnen diese Zahlen auch bekannt, mit Ausnahme eines Grosskonzerns. Der Grund daf\u00fcr ist eben, dass es verschiedene Arten von Erfolgsrechnungen gibt. Es gibt Absatzerfolgsrechnungen und - wie soll ich sagen? - Herstellungsrechnungen. Bei den einen gibt es eben Produktionskosten, Vertriebskosten, Werbekosten usw., und bei der zweiten Sparte gibt es eben die Materialien, die Personalkosten usw.</p>\n<p>Die im Land bezahlten Steuern und Abgaben: Ich meine, dass es sehr schwierig ist, diese pro Land nachzuweisen, Unternehmen exportieren auch, kriegen wieder Mehrwertsteuern zur\u00fcck.</p>\n<p>Es ist unglaublich, was hier f\u00fcr eine B\u00fcrokratie verlangt wird! Wenn Sie bedenken, dass es Unternehmen gibt, die \u00fcber zehntausend verschiedene Produkte herstellen: Die sollen jetzt f\u00fcr jedes Produkt die Anschaffungs- und Herstellungskosten nachweisen? So einen Unsinn habe ich noch nie gesehen! Ersparen Sie bitte unseren Konzernen einen solchen administrativen Leerlauf!</p>\n</pd_text>","MeetingCouncilAbbreviation":"N","MeetingDate":"20101208","MeetingVerbalixOid":1999,"IdSession":"4816","SpeakerFirstName":"Hans","SpeakerLastName":"Kaufmann","SpeakerFullName":"Kaufmann Hans","SpeakerFunction":"Mit-M","CouncilId":1,"CouncilName":"Nationalrat","CantonId":1,"CantonName":"Z\u00fcrich","CantonAbbreviation":"ZH","ParlGroupName":"Fraktion der Schweizerischen Volkspartei","ParlGroupAbbreviation":"V","SortOrder":80,"Start":"\/Date(1291808861873)\/","End":"\/Date(1291809082573)\/","Function":"Mit-M","DisplaySpeaker":true,"LanguageOfText":"DE","Modified":"\/Date(1774877725961)\/","StartTimeWithTimezone":"\/Date(1291808861873+0060)\/","EndTimeWithTimezone":"\/Date(1291809082573+0060)\/","VoteBusinessNumber":null,"VoteBusinessShortNumber":null,"VoteBusinessTitle":null},{"__metadata":{"id":"https://ws.parlament.ch/OData.svc/Transcript(ID=114175L,Language='DE')","uri":"https://ws.parlament.ch/OData.svc/Transcript(ID=114175L,Language='DE')","type":"itsystems.Pd.DataServices.DataModel.Transcript"},"Subjects":{"__deferred":{"uri":"https://ws.parlament.ch/OData.svc/Transcript(ID=114175L,Language='DE')/Subjects"}},"MembersCouncil":{"__deferred":{"uri":"https://ws.parlament.ch/OData.svc/Transcript(ID=114175L,Language='DE')/MembersCouncil"}},"Businesses":{"__deferred":{"uri":"https://ws.parlament.ch/OData.svc/Transcript(ID=114175L,Language='DE')/Businesses"}},"ID":"114175","Language":"DE","IdSubject":"18434","VoteId":null,"PersonNumber":487,"Type":1,"Text":"<pd_text><p>Herr Kaufmann, eine Vorbemerkung: Sie sind ja ein Meister darin, mit irgendwelchen verwirrenden Aussagen in diesem Saal Nebelpetarden zu werfen. Ist Ihnen bekannt, dass die USA f\u00fcr rohstoffextrahierende Industrien eben dieses State-by-State-Reporting verlangen, und ist Ihnen bekannt, dass es bereits entsprechende Unterlagen und Rechnungslegungsvorschl\u00e4ge des International Accounting Standards Board gibt?</p>\n</pd_text>","MeetingCouncilAbbreviation":"N","MeetingDate":"20101208","MeetingVerbalixOid":1999,"IdSession":"4816","SpeakerFirstName":"Susanne","SpeakerLastName":"Leutenegger Oberholzer","SpeakerFullName":"Leutenegger Oberholzer Susanne","SpeakerFunction":"Mit-F","CouncilId":1,"CouncilName":"Nationalrat","CantonId":13,"CantonName":"Basel-Landschaft","CantonAbbreviation":"BL","ParlGroupName":"Sozialdemokratische Fraktion","ParlGroupAbbreviation":"S","SortOrder":81,"Start":"\/Date(1291809082573)\/","End":"\/Date(1291809116338)\/","Function":"Mit-F","DisplaySpeaker":true,"LanguageOfText":"DE","Modified":"\/Date(1774877725963)\/","StartTimeWithTimezone":"\/Date(1291809082573+0060)\/","EndTimeWithTimezone":"\/Date(1291809116337+0060)\/","VoteBusinessNumber":null,"VoteBusinessShortNumber":null,"VoteBusinessTitle":null},{"__metadata":{"id":"https://ws.parlament.ch/OData.svc/Transcript(ID=114176L,Language='DE')","uri":"https://ws.parlament.ch/OData.svc/Transcript(ID=114176L,Language='DE')","type":"itsystems.Pd.DataServices.DataModel.Transcript"},"Subjects":{"__deferred":{"uri":"https://ws.parlament.ch/OData.svc/Transcript(ID=114176L,Language='DE')/Subjects"}},"MembersCouncil":{"__deferred":{"uri":"https://ws.parlament.ch/OData.svc/Transcript(ID=114176L,Language='DE')/MembersCouncil"}},"Businesses":{"__deferred":{"uri":"https://ws.parlament.ch/OData.svc/Transcript(ID=114176L,Language='DE')/Businesses"}},"ID":"114176","Language":"DE","IdSubject":"18434","VoteId":null,"PersonNumber":479,"Type":1,"Text":"<pd_text><p>Erstens sind wir nicht die USA, und wir m\u00fcssen schauen, dass unsere Unternehmen einen m\u00f6glichst geringen administrativen Aufwand haben. Und zweitens interessiert es mich nicht, was jetzt in den USA getan wird. </p>\n</pd_text>","MeetingCouncilAbbreviation":"N","MeetingDate":"20101208","MeetingVerbalixOid":1999,"IdSession":"4816","SpeakerFirstName":"Hans","SpeakerLastName":"Kaufmann","SpeakerFullName":"Kaufmann Hans","SpeakerFunction":"Mit-M","CouncilId":1,"CouncilName":"Nationalrat","CantonId":1,"CantonName":"Z\u00fcrich","CantonAbbreviation":"ZH","ParlGroupName":"Fraktion der Schweizerischen Volkspartei","ParlGroupAbbreviation":"V","SortOrder":82,"Start":"\/Date(1291809116338)\/","End":"\/Date(1291809138135)\/","Function":"Mit-M","DisplaySpeaker":true,"LanguageOfText":"DE","Modified":"\/Date(1774877725964)\/","StartTimeWithTimezone":"\/Date(1291809116337+0060)\/","EndTimeWithTimezone":"\/Date(1291809138137+0060)\/","VoteBusinessNumber":null,"VoteBusinessShortNumber":null,"VoteBusinessTitle":null},{"__metadata":{"id":"https://ws.parlament.ch/OData.svc/Transcript(ID=114177L,Language='DE')","uri":"https://ws.parlament.ch/OData.svc/Transcript(ID=114177L,Language='DE')","type":"itsystems.Pd.DataServices.DataModel.Transcript"},"Subjects":{"__deferred":{"uri":"https://ws.parlament.ch/OData.svc/Transcript(ID=114177L,Language='DE')/Subjects"}},"MembersCouncil":{"__deferred":{"uri":"https://ws.parlament.ch/OData.svc/Transcript(ID=114177L,Language='DE')/MembersCouncil"}},"Businesses":{"__deferred":{"uri":"https://ws.parlament.ch/OData.svc/Transcript(ID=114177L,Language='DE')/Businesses"}},"ID":"114177","Language":"DE","IdSubject":"18434","VoteId":null,"PersonNumber":360,"Type":1,"Text":"<pd_text><p>Im Namen der SP-Fraktion bitte ich Sie, den Minderheitsantrag Leutenegger Oberholzer zu unterst\u00fctzen. Frau Leutenegger Oberholzer verlangt f\u00fcr transnational t\u00e4tige Gesellschaften zus\u00e4tzlich zur konsolidierten Rechnung ein Country-by-Country-Reporting. Damit soll Transparenz \u00fcber das Ausmass der Wertsch\u00f6pfung in den einzelnen L\u00e4ndern sowie \u00fcber die Zahl der Besch\u00e4ftigten, \u00fcber Steuern und weitere Parameter hergestellt werden. Aktuell bilden transnationale Konzerne in ihren Rechnungen n\u00e4mlich nicht die \u00f6konomische Realit\u00e4t in den einzelnen L\u00e4ndern ab, sondern das, was ihnen am besten dient.</p>\n<p>Dieses Country-by-Country-Reporting wird auch international gefordert. Der Bundesrat hat in seiner Antwort auf die Interpellation Simoneschi-Cortesi 10.3364 darauf hingewiesen, dass die Schweiz in den entsprechenden OECD-Gremien vertreten ist, wo es auch um die Ausarbeitung von internationalen Vorschriften geht. Aber wir k\u00f6nnen nicht warten; die Schweiz k\u00f6nnte sich hier international wieder einmal positiv positionieren.</p>\n<p>Mit diesem Reporting soll insbesondere das Steuersubstrat von Entwicklungsl\u00e4ndern sichergestellt werden. Das ist im \u00dcbrigen eine sehr begr\u00fcssenswerte Form von Entwicklungshilfe. Es ist auch ein gutes Mittel im Kampf gegen die Korruption, Frau Leutenegger Oberholzer hat bereits darauf hingewiesen. Auch hier argumentieren die Gegnerinnen und Gegner wieder einmal mit dem Aufwand, und sie sagen zudem, der Antrag sei nicht ganz ausgereift. Transparenz ist aber h\u00f6her zu gewichten als Aufwandminimalisierung, Herr Kaufmann, das ist das eine. Zum andern: Wenn Sie der Ansicht sind, dieser Antrag k\u00f6nnte inhaltlich noch \u00fcberarbeitet werden, k\u00f6nnen Sie den Minderheitsantrag unterst\u00fctzen, so schaffen wir eine Differenz zum St\u00e4nderat, und wir sind gerne bereit, allf\u00e4llige \u00c4nderungsantr\u00e4ge aufzunehmen. </p>\n<p>Ich bitte Sie also, der Minderheit Leutenegger Oberholzer zu folgen.</p>\n</pd_text>","MeetingCouncilAbbreviation":"N","MeetingDate":"20101208","MeetingVerbalixOid":1999,"IdSession":"4816","SpeakerFirstName":"Anita","SpeakerLastName":"Thanei","SpeakerFullName":"Thanei Anita","SpeakerFunction":"Mit-F","CouncilId":1,"CouncilName":"Nationalrat","CantonId":1,"CantonName":"Z\u00fcrich","CantonAbbreviation":"ZH","ParlGroupName":"Sozialdemokratische Fraktion","ParlGroupAbbreviation":"S","SortOrder":83,"Start":"\/Date(1291809138135)\/","End":"\/Date(1291809309054)\/","Function":"Mit-F","DisplaySpeaker":true,"LanguageOfText":"DE","Modified":"\/Date(1774877725965)\/","StartTimeWithTimezone":"\/Date(1291809138137+0060)\/","EndTimeWithTimezone":"\/Date(1291809309053+0060)\/","VoteBusinessNumber":null,"VoteBusinessShortNumber":null,"VoteBusinessTitle":null},{"__metadata":{"id":"https://ws.parlament.ch/OData.svc/Transcript(ID=114178L,Language='DE')","uri":"https://ws.parlament.ch/OData.svc/Transcript(ID=114178L,Language='DE')","type":"itsystems.Pd.DataServices.DataModel.Transcript"},"Subjects":{"__deferred":{"uri":"https://ws.parlament.ch/OData.svc/Transcript(ID=114178L,Language='DE')/Subjects"}},"MembersCouncil":{"__deferred":{"uri":"https://ws.parlament.ch/OData.svc/Transcript(ID=114178L,Language='DE')/MembersCouncil"}},"Businesses":{"__deferred":{"uri":"https://ws.parlament.ch/OData.svc/Transcript(ID=114178L,Language='DE')/Businesses"}},"ID":"114178","Language":"DE","IdSubject":"18434","VoteId":null,"PersonNumber":1110,"Type":1,"Text":"<pd_text><p>Manchmal ist es eben so, dass Vorlagen, die scheinbar technisch daherkommen, weit politischer sind, als man ahnt. Hier sind wir pl\u00f6tzlich bei einer harmlos scheinenden technischen Vorgabe, die Frau Leutenegger Oberholzer mit Recht verlangt, in einer Globaldebatte, die zum Beispiel die Fragen der Entwicklungsl\u00e4nder, der Interdependenz, des Funktionierens der globalen Wirtschaft, der globalen Ausbeutung betrifft. Das will Frau Leutenegger Oberholzer mit ihrem Minderheitsantrag angehen. Sie will Transparenz schaffen bez\u00fcglich der T\u00e4tigkeit transnational t\u00e4tiger Gesellschaften. Diese Gesellschaften sagen ja selber, sie seien eigentlich viel wichtiger als manche staatlichen Institutionen, und ihre B\u00fcrokratien - ja, B\u00fcrokratien, Herr Kaufmann, mit Verlaub - lassen sich durchaus mit staatlichen B\u00fcrokratien vergleichen. Diese Gesellschaften haben nat\u00fcrlich ein Problem: Sie betreiben eine Steuervermeidungspolitik; sie betreiben Korruption; sie gehen mit bestimmten L\u00e4ndern der Dritten Welt, die sie zum Beispiel [PAGE 1920] bestechen, Sonderbeziehungen ein; sie erhalten Privilegien f\u00fcr Rohstoffpreise, die andere nicht haben. All das wissen wir nicht.</p>\n<p>Es ist doch eigentlich auch im Interesse der Weltgesellschaft, dass wir einen \u00dcberblick dar\u00fcber haben, welches die Lohnpolitik der einzelnen Gesellschaften in den verschiedenen L\u00e4ndern ist, ob es in der Lohnpolitik tats\u00e4chlich \u00c4quivalenz bez\u00fcglich der Produktivit\u00e4t gibt und ob die Unterschiede nur in der Produktivit\u00e4t liegen. Das w\u00e4re ja anzustreben, das ist ja ein Ausbeutungsfaktor, der ins Gewicht f\u00e4llt. Entwicklungshilfeorganisationen und andere NGO fordern, dass diesbez\u00fcglich die Kontrollen verbessert werden.</p>\n<p>Nun sagen Sie, Herr Kaufmann, das k\u00f6nne man nicht machen, der Aufwand sei zu gross. Diese Gesellschaften betreiben jedoch einen erheblichen Aufwand, um Steuern zu vermeiden; sie betreiben einen erheblichen Aufwand, um nach Profitabilit\u00e4tsgrunds\u00e4tzen, die oft an Unmenschlichkeit grenzen, Arbeitspl\u00e4tze hin und her zuschieben. Da kann unser Staat durchaus fordern, dass, soweit das \u00fcberhaupt durchsetzbar ist, der Aufwand getrieben wird, der n\u00f6tig ist, damit in finanziellen Berichten eine gewisse Transparenz hergestellt und damit eine gewisse Kontrolle vorgenommen werden kann. Genau das verlangt der Antrag der Minderheit Leutenegger Oberholzer. Wenn Sie ihn verbessern wollen, Herr Kaufmann - ich gebe zu, Sie sind ein findiger Formulierer -, nehmen wir Ihre Hilfe gerne in Anspruch.</p>\n</pd_text>","MeetingCouncilAbbreviation":"N","MeetingDate":"20101208","MeetingVerbalixOid":1999,"IdSession":"4816","SpeakerFirstName":"Daniel","SpeakerLastName":"Vischer","SpeakerFullName":"Vischer Daniel","SpeakerFunction":"Mit-M","CouncilId":1,"CouncilName":"Nationalrat","CantonId":1,"CantonName":"Z\u00fcrich","CantonAbbreviation":"ZH","ParlGroupName":"Gr\u00fcne Fraktion","ParlGroupAbbreviation":"G","SortOrder":84,"Start":"\/Date(1291809309054)\/","End":"\/Date(1291809540395)\/","Function":"Mit-M","DisplaySpeaker":true,"LanguageOfText":"DE","Modified":"\/Date(1774877725968)\/","StartTimeWithTimezone":"\/Date(1291809309053+0060)\/","EndTimeWithTimezone":"\/Date(1291809540397+0060)\/","VoteBusinessNumber":null,"VoteBusinessShortNumber":null,"VoteBusinessTitle":null},{"__metadata":{"id":"https://ws.parlament.ch/OData.svc/Transcript(ID=114179L,Language='DE')","uri":"https://ws.parlament.ch/OData.svc/Transcript(ID=114179L,Language='DE')","type":"itsystems.Pd.DataServices.DataModel.Transcript"},"Subjects":{"__deferred":{"uri":"https://ws.parlament.ch/OData.svc/Transcript(ID=114179L,Language='DE')/Subjects"}},"MembersCouncil":{"__deferred":{"uri":"https://ws.parlament.ch/OData.svc/Transcript(ID=114179L,Language='DE')/MembersCouncil"}},"Businesses":{"__deferred":{"uri":"https://ws.parlament.ch/OData.svc/Transcript(ID=114179L,Language='DE')/Businesses"}},"ID":"114179","Language":"DE","IdSubject":"18434","VoteId":null,"PersonNumber":1139,"Type":1,"Text":"<pd_text><p>Im Namen der FDP-Liberalen Fraktion bitte ich Sie, der Mehrheit zuzustimmen und den Minderheitsantrag Leutenegger Oberholzer abzulehnen.</p>\n<p>Der Bundesrat hat sich zu diesem Thema, wie bereits erw\u00e4hnt wurde, in der Antwort auf die Interpellation Simoneschi-Cortesi 10.3364 ge\u00e4ussert. Der Bundesrat weist in seiner Antwort darauf hin, dass die Schweiz in den OECD-Gremien, die daran sind, transparente Regeln f\u00fcr multinationale Konzerne zu erarbeiten, vertreten ist. Dort sind auch die Entwicklungshilfeorganisationen vertreten, von denen dieses Anliegen stammt, aber auch die Wirtschaftsverb\u00e4nde. Somit sind in diesen Gremien die Interessen aller vertreten.</p>\n<p>Nun hat der Bundesrat in seiner Antwort auch angeregt, dass bereits heute die multinationalen Unternehmen die International Financial Reporting Standards anwenden und die Kundeneink\u00fcnfte zwischen Hauptsitz und den wichtigsten Kundenl\u00e4ndern aufschl\u00fcsseln. Es ist also in den letzten Jahren bez\u00fcglich der Transparenz bereits sehr viel passiert. Aber wenn wir jetzt diesen Antrag in dieser rigiden Form annehmen w\u00fcrden, h\u00e4tten wir eine neue Regulierungsebene, die unilateral und nicht international abgestimmt w\u00e4re, unilateral in der Schweiz erfolgen w\u00fcrde. Man k\u00f6nnte das betreffend m\u00f6gliche Standortnachteile auch als klassisches Eigentor bezeichnen. Mit Vorst\u00f6ssen, die international nicht abgestimmt sind, w\u00fcrden wir uns einfach in der Wettbewerbsf\u00e4higkeit schw\u00e4chen und einen Standortnachteil schaffen.</p>\n<p>Aus diesen Gr\u00fcnden bitte ich Sie, der Mehrheit zuzustimmen.</p>\n</pd_text>","MeetingCouncilAbbreviation":"N","MeetingDate":"20101208","MeetingVerbalixOid":1999,"IdSession":"4816","SpeakerFirstName":"Christa","SpeakerLastName":"Markwalder","SpeakerFullName":"Markwalder Christa","SpeakerFunction":"Mit-F","CouncilId":1,"CouncilName":"Nationalrat","CantonId":2,"CantonName":"Bern","CantonAbbreviation":"BE","ParlGroupName":"Freisinnig-demokratische Fraktion","ParlGroupAbbreviation":"RL","SortOrder":85,"Start":"\/Date(1291809540395)\/","End":"\/Date(1291809664472)\/","Function":"Mit-F","DisplaySpeaker":true,"LanguageOfText":"DE","Modified":"\/Date(1774877725970)\/","StartTimeWithTimezone":"\/Date(1291809540397+0060)\/","EndTimeWithTimezone":"\/Date(1291809664473+0060)\/","VoteBusinessNumber":null,"VoteBusinessShortNumber":null,"VoteBusinessTitle":null},{"__metadata":{"id":"https://ws.parlament.ch/OData.svc/Transcript(ID=114180L,Language='DE')","uri":"https://ws.parlament.ch/OData.svc/Transcript(ID=114180L,Language='DE')","type":"itsystems.Pd.DataServices.DataModel.Transcript"},"Subjects":{"__deferred":{"uri":"https://ws.parlament.ch/OData.svc/Transcript(ID=114180L,Language='DE')/Subjects"}},"MembersCouncil":{"__deferred":{"uri":"https://ws.parlament.ch/OData.svc/Transcript(ID=114180L,Language='DE')/MembersCouncil"}},"Businesses":{"__deferred":{"uri":"https://ws.parlament.ch/OData.svc/Transcript(ID=114180L,Language='DE')/Businesses"}},"ID":"114180","Language":"DE","IdSubject":"18434","VoteId":null,"PersonNumber":512,"Type":1,"Text":"<pd_text><p>Die Minderheit Leutenegger Oberholzer m\u00f6chte f\u00fcr international t\u00e4tige Unternehmen im Anhang zur Konzernrechnung bestimmte Angaben zwingend vorsehen. </p>\n<p>Gem\u00e4ss Fassung von St\u00e4nderat und Bundesrat h\u00e4tte jede Konzernrechnung zwingend nach einem anerkannten Standard zur Rechnungslegung, also zum Beispiel nach Swiss GAAP FER 30, erstellt werden m\u00fcssen, deshalb hat meine Vorg\u00e4ngerin in der vorberatenden Kommission davon abgeraten, im OR weitere Angaben f\u00fcr den Anhang zur Jahresrechnung zwingend vorzusehen. Es w\u00e4ren dann n\u00e4mlich zwei Regelwerke anzuwenden gewesen, auf der einen Seite der Standard zur Rechnungslegung, auf der anderen Seite das OR. Da die Konzernrechnungen nach der Version Ihrer vorberatenden Kommission und den Entscheiden, die Sie heute Morgen gef\u00e4llt haben, in vielen F\u00e4llen nur nach den relativ allgemein gefassten Grunds\u00e4tzen der ordnungsgem\u00e4ssen Rechnungslegung erstellt werden m\u00fcssen, w\u00fcrde diesbez\u00fcglich kein Dualismus mehr vorliegen. Das w\u00fcrde f\u00fcr den Minderheitsantrag sprechen. Dabei ist jedoch zu bedenken, dass der Anhang zur Konzernrechnung mit dem vorliegenden Minderheitsantrag allenfalls etwas aufgebl\u00e4ht w\u00fcrde, da die Angaben l\u00e4nderspezifisch aufgeteilt werden m\u00fcssten.</p>\n</pd_text>","MeetingCouncilAbbreviation":"N","MeetingDate":"20101208","MeetingVerbalixOid":1999,"IdSession":"4816","SpeakerFirstName":"Simonetta","SpeakerLastName":"Sommaruga","SpeakerFullName":"Sommaruga Simonetta","SpeakerFunction":"BR-F","CouncilId":99,"CouncilName":"Bundesrat","CantonId":2,"CantonName":"Bern","CantonAbbreviation":"BE","ParlGroupName":null,"ParlGroupAbbreviation":null,"SortOrder":86,"Start":"\/Date(1291809664472)\/","End":"\/Date(1291809751596)\/","Function":"BR-F","DisplaySpeaker":true,"LanguageOfText":"DE","Modified":"\/Date(1774877725971)\/","StartTimeWithTimezone":"\/Date(1291809664473+0060)\/","EndTimeWithTimezone":"\/Date(1291809751597+0060)\/","VoteBusinessNumber":null,"VoteBusinessShortNumber":null,"VoteBusinessTitle":null},{"__metadata":{"id":"https://ws.parlament.ch/OData.svc/Transcript(ID=114181L,Language='DE')","uri":"https://ws.parlament.ch/OData.svc/Transcript(ID=114181L,Language='DE')","type":"itsystems.Pd.DataServices.DataModel.Transcript"},"Subjects":{"__deferred":{"uri":"https://ws.parlament.ch/OData.svc/Transcript(ID=114181L,Language='DE')/Subjects"}},"MembersCouncil":{"__deferred":{"uri":"https://ws.parlament.ch/OData.svc/Transcript(ID=114181L,Language='DE')/MembersCouncil"}},"Businesses":{"__deferred":{"uri":"https://ws.parlament.ch/OData.svc/Transcript(ID=114181L,Language='DE')/Businesses"}},"ID":"114181","Language":"DE","IdSubject":"18434","VoteId":null,"PersonNumber":4027,"Type":1,"Text":"<pd_text><p>Je serai bref. Je ne d\u00e9fendrai pas l'avis de la commission d'un point de vue politique mais de mani\u00e8re pragmatique.</p>\n<p>La minorit\u00e9 Leutenegger Oberholzer souhaite l'introduction d'un article 963c qui concerne des indications obligatoires dans l'annexe aux comptes annuels consolid\u00e9s de soci\u00e9t\u00e9s actives sur le plan international. Dans ces cas, l'annexe doit indiquer dans quels pays et sous quelles raisons de commerce ces soci\u00e9t\u00e9s sont actives.</p>\n<p>La majorit\u00e9 de la commission estime que ce nouvel article compliquerait le syst\u00e8me et engendrerait des co\u00fbts inutiles pour les entreprises concern\u00e9es. De plus, le Conseil f\u00e9d\u00e9ral avait d\u00e9j\u00e0 examin\u00e9 mat\u00e9riellement cette question dans le cas d'une interpellation Simoneschi-Cortesi. La majorit\u00e9 de la Commission des affaires juridiques de votre conseil estime, tout comme le Conseil f\u00e9d\u00e9ral, qu'il est aujourd'hui admis que les prescriptions actuelles concernant l'\u00e9tablissement et la pr\u00e9sentation des comptes appliqu\u00e9es par les entreprises multinationales sont suffisantes. Les normes internationales d'information financi\u00e8re IFRS pr\u00e9voient d\u00e9j\u00e0 que les entreprises doivent r\u00e9partir les revenus issus de transactions avec des clients entre le si\u00e8ge principal et les principaux pays clients. Une segmentation g\u00e9ographique des comptes allant plus loin que les exigences internationales n'est pas n\u00e9cessaire.</p>\n<p>La commission a suivi, par 15 voix contre 9, la d\u00e9cision du Conseil des Etats et vous invite \u00e0 rejeter la proposition d\u00e9fendue par la minorit\u00e9.</p>\n</pd_text>","MeetingCouncilAbbreviation":"N","MeetingDate":"20101208","MeetingVerbalixOid":1999,"IdSession":"4816","SpeakerFirstName":"Paul-Andr\u00e9","SpeakerLastName":"Roux","SpeakerFullName":"Roux Paul-Andr\u00e9","SpeakerFunction":"Mit-M","CouncilId":1,"CouncilName":"Nationalrat","CantonId":23,"CantonName":"Wallis","CantonAbbreviation":"VS","ParlGroupName":"Fraktion CVP/EVP/glp","ParlGroupAbbreviation":"M-E","SortOrder":87,"Start":"\/Date(1291809751596)\/","End":"\/Date(1291809849422)\/","Function":"*","DisplaySpeaker":true,"LanguageOfText":"FR","Modified":"\/Date(1774877725972)\/","StartTimeWithTimezone":"\/Date(1291809751597+0060)\/","EndTimeWithTimezone":"\/Date(1291809849423+0060)\/","VoteBusinessNumber":null,"VoteBusinessShortNumber":null,"VoteBusinessTitle":null},{"__metadata":{"id":"https://ws.parlament.ch/OData.svc/Transcript(ID=114182L,Language='DE')","uri":"https://ws.parlament.ch/OData.svc/Transcript(ID=114182L,Language='DE')","type":"itsystems.Pd.DataServices.DataModel.Transcript"},"Subjects":{"__deferred":{"uri":"https://ws.parlament.ch/OData.svc/Transcript(ID=114182L,Language='DE')/Subjects"}},"MembersCouncil":{"__deferred":{"uri":"https://ws.parlament.ch/OData.svc/Transcript(ID=114182L,Language='DE')/MembersCouncil"}},"Businesses":{"__deferred":{"uri":"https://ws.parlament.ch/OData.svc/Transcript(ID=114182L,Language='DE')/Businesses"}},"ID":"114182","Language":"DE","IdSubject":"18434","VoteId":"4818","PersonNumber":null,"Type":2,"Text":"<pd_text><p><i>Abstimmung - Vote</i></p>\n<p>[NAM]</p>\n<p>F\u00fcr den Antrag der Minderheit ... 52 Stimmen</p>\n<p>Dagegen ... 98 Stimmen</p>\n</pd_text>","MeetingCouncilAbbreviation":"N","MeetingDate":"20101208","MeetingVerbalixOid":1999,"IdSession":"4816","SpeakerFirstName":null,"SpeakerLastName":null,"SpeakerFullName":"","SpeakerFunction":null,"CouncilId":null,"CouncilName":null,"CantonId":null,"CantonName":null,"CantonAbbreviation":null,"ParlGroupName":null,"ParlGroupAbbreviation":null,"SortOrder":88,"Start":"\/Date(1291809849422)\/","End":"\/Date(1291809849422)\/","Function":null,"DisplaySpeaker":null,"LanguageOfText":"DE","Modified":"\/Date(1774877725974)\/","StartTimeWithTimezone":"\/Date(1291809849423+0060)\/","EndTimeWithTimezone":"\/Date(1291809849423+0060)\/","VoteBusinessNumber":20080011,"VoteBusinessShortNumber":"08.011","VoteBusinessTitle":"OR. Aktien- und\nRechnungslegungsrecht"},{"__metadata":{"id":"https://ws.parlament.ch/OData.svc/Transcript(ID=114183L,Language='DE')","uri":"https://ws.parlament.ch/OData.svc/Transcript(ID=114183L,Language='DE')","type":"itsystems.Pd.DataServices.DataModel.Transcript"},"Subjects":{"__deferred":{"uri":"https://ws.parlament.ch/OData.svc/Transcript(ID=114183L,Language='DE')/Subjects"}},"MembersCouncil":{"__deferred":{"uri":"https://ws.parlament.ch/OData.svc/Transcript(ID=114183L,Language='DE')/MembersCouncil"}},"Businesses":{"__deferred":{"uri":"https://ws.parlament.ch/OData.svc/Transcript(ID=114183L,Language='DE')/Businesses"}},"ID":"114183","Language":"DE","IdSubject":"18434","VoteId":null,"PersonNumber":1117,"Type":1,"Text":"<pd_text><p><b>Ziff. 3 Einleitung </b></p>\n<p><i>Antrag der Kommission</i></p>\n<p>Zustimmung zum Beschluss des St\u00e4nderates</p>\n<p>[VS]</p>\n<p><b>Ch. 3 introduction </b></p>\n<p><i>Proposition de la commission</i></p>\n<p>Adh\u00e9rer \u00e0 la d\u00e9cision du Conseil des Etats</p>\n<p>[VS]</p>\n<p><i>Angenommen - Adopt\u00e9</i></p>\n<p>[VS]</p>\n<p><b>Art. 322a</b></p>\n<p><i>Antrag der Kommission</i></p>\n<p><i>Abs. 3</i></p>\n<p>Zustimmung zum Beschluss des St\u00e4nderates</p>\n<p>[VS] [PAGE 1921] </p>\n<p><i>Antrag Noser</i></p>\n<p><i>Abs. 1</i></p>\n<p>... anerkannten kaufm\u00e4nnischen Grunds\u00e4tzen festzustellen ist, sofern nicht etwas anderes vereinbart wurde.</p>\n<p><i>Schriftliche Begr\u00fcndung</i></p>\n<p>Arbeitgebern und Arbeitnehmern muss die M\u00f6glichkeit gegeben werden, individuelle Vereinbarungen zu treffen. Als Berechnungsgrundlage f\u00fcr den Anteil am Gewinn oder Umsatz soll nicht ausschliesslich das Ergebnis des Gesch\u00e4ftsjahres massgebend sein. Damit w\u00fcrde die Wirtschaft in ein zu enges Korsett gezw\u00e4ngt.</p>\n<p>[VS]</p>\n<p><b>Art. 322a</b></p>\n<p><i>Proposition de la commission</i></p>\n<p><i>Al. 3</i></p>\n<p>Adh\u00e9rer \u00e0 la d\u00e9cision du Conseil des Etats</p>\n<p>[VS]</p>\n<p><i>Proposition Noser</i></p>\n<p><i>Al. 1</i></p>\n<p>... aux principes commerciaux g\u00e9n\u00e9ralement reconnus, pour autant que rien d'autre n'ait \u00e9t\u00e9 convenu.</p>\n</pd_text>","MeetingCouncilAbbreviation":"N","MeetingDate":"20101208","MeetingVerbalixOid":1999,"IdSession":"4816","SpeakerFirstName":"Jean-Ren\u00e9","SpeakerLastName":"Germanier","SpeakerFullName":"Germanier Jean-Ren\u00e9","SpeakerFunction":"P-M","CouncilId":1,"CouncilName":"Nationalrat","CantonId":23,"CantonName":"Wallis","CantonAbbreviation":"VS","ParlGroupName":"Freisinnig-demokratische Fraktion","ParlGroupAbbreviation":"RL","SortOrder":89,"Start":"\/Date(1291809849422)\/","End":"\/Date(1291809920765)\/","Function":"P-M","DisplaySpeaker":false,"LanguageOfText":null,"Modified":"\/Date(1774877725975)\/","StartTimeWithTimezone":"\/Date(1291809849423+0060)\/","EndTimeWithTimezone":"\/Date(1291809920767+0060)\/","VoteBusinessNumber":null,"VoteBusinessShortNumber":null,"VoteBusinessTitle":null},{"__metadata":{"id":"https://ws.parlament.ch/OData.svc/Transcript(ID=114184L,Language='DE')","uri":"https://ws.parlament.ch/OData.svc/Transcript(ID=114184L,Language='DE')","type":"itsystems.Pd.DataServices.DataModel.Transcript"},"Subjects":{"__deferred":{"uri":"https://ws.parlament.ch/OData.svc/Transcript(ID=114184L,Language='DE')/Subjects"}},"MembersCouncil":{"__deferred":{"uri":"https://ws.parlament.ch/OData.svc/Transcript(ID=114184L,Language='DE')/MembersCouncil"}},"Businesses":{"__deferred":{"uri":"https://ws.parlament.ch/OData.svc/Transcript(ID=114184L,Language='DE')/Businesses"}},"ID":"114184","Language":"DE","IdSubject":"18434","VoteId":null,"PersonNumber":512,"Type":1,"Text":"<pd_text><p>Artikel 322a Absatz 1 des geltenden Obligationenrechts ist bereits heute dispositives Recht. Das geht klar aus Artikel 362 Absatz 1 OR hervor, welcher die zwingenden Bestimmungen des Arbeitsrechts abschliessend auff\u00fchrt. Die beantragte Erg\u00e4nzung ist somit nicht notwendig und widerspricht der gesetzestechnischen Systematik des Arbeitsrechts.</p>\n<p>Ich bitte Sie daher namens des Bundesrates, diesen Antrag abzulehnen.</p>\n</pd_text>","MeetingCouncilAbbreviation":"N","MeetingDate":"20101208","MeetingVerbalixOid":1999,"IdSession":"4816","SpeakerFirstName":"Simonetta","SpeakerLastName":"Sommaruga","SpeakerFullName":"Sommaruga Simonetta","SpeakerFunction":"BR-F","CouncilId":99,"CouncilName":"Bundesrat","CantonId":2,"CantonName":"Bern","CantonAbbreviation":"BE","ParlGroupName":null,"ParlGroupAbbreviation":null,"SortOrder":90,"Start":"\/Date(1291809920765)\/","End":"\/Date(1291809967437)\/","Function":"BR-F","DisplaySpeaker":true,"LanguageOfText":"DE","Modified":"\/Date(1774877725977)\/","StartTimeWithTimezone":"\/Date(1291809920767+0060)\/","EndTimeWithTimezone":"\/Date(1291809967437+0060)\/","VoteBusinessNumber":null,"VoteBusinessShortNumber":null,"VoteBusinessTitle":null},{"__metadata":{"id":"https://ws.parlament.ch/OData.svc/Transcript(ID=114185L,Language='DE')","uri":"https://ws.parlament.ch/OData.svc/Transcript(ID=114185L,Language='DE')","type":"itsystems.Pd.DataServices.DataModel.Transcript"},"Subjects":{"__deferred":{"uri":"https://ws.parlament.ch/OData.svc/Transcript(ID=114185L,Language='DE')/Subjects"}},"MembersCouncil":{"__deferred":{"uri":"https://ws.parlament.ch/OData.svc/Transcript(ID=114185L,Language='DE')/MembersCouncil"}},"Businesses":{"__deferred":{"uri":"https://ws.parlament.ch/OData.svc/Transcript(ID=114185L,Language='DE')/Businesses"}},"ID":"114185","Language":"DE","IdSubject":"18434","VoteId":null,"PersonNumber":214,"Type":1,"Text":"<pd_text><p>Ich verzichte auf das Wort, weil der Antrag der Kommission nicht vorlag.</p>\n</pd_text>","MeetingCouncilAbbreviation":"N","MeetingDate":"20101208","MeetingVerbalixOid":1999,"IdSession":"4816","SpeakerFirstName":"Luzi","SpeakerLastName":"Stamm","SpeakerFullName":"Stamm Luzi","SpeakerFunction":"Mit-M","CouncilId":1,"CouncilName":"Nationalrat","CantonId":19,"CantonName":"Aargau","CantonAbbreviation":"AG","ParlGroupName":"Fraktion der Schweizerischen Volkspartei","ParlGroupAbbreviation":"V","SortOrder":91,"Start":"\/Date(1291809967437)\/","End":"\/Date(1291809980593)\/","Function":"*","DisplaySpeaker":true,"LanguageOfText":"DE","Modified":"\/Date(1774877725978)\/","StartTimeWithTimezone":"\/Date(1291809967437+0060)\/","EndTimeWithTimezone":"\/Date(1291809980593+0060)\/","VoteBusinessNumber":null,"VoteBusinessShortNumber":null,"VoteBusinessTitle":null},{"__metadata":{"id":"https://ws.parlament.ch/OData.svc/Transcript(ID=114186L,Language='DE')","uri":"https://ws.parlament.ch/OData.svc/Transcript(ID=114186L,Language='DE')","type":"itsystems.Pd.DataServices.DataModel.Transcript"},"Subjects":{"__deferred":{"uri":"https://ws.parlament.ch/OData.svc/Transcript(ID=114186L,Language='DE')/Subjects"}},"MembersCouncil":{"__deferred":{"uri":"https://ws.parlament.ch/OData.svc/Transcript(ID=114186L,Language='DE')/MembersCouncil"}},"Businesses":{"__deferred":{"uri":"https://ws.parlament.ch/OData.svc/Transcript(ID=114186L,Language='DE')/Businesses"}},"ID":"114186","Language":"DE","IdSubject":"18434","VoteId":"4819","PersonNumber":null,"Type":2,"Text":"<pd_text><p><i>Abs. 1 - Al. 1</i></p>\n<p>[VS]</p>\n<p><i>Abstimmung - Vote</i></p>\n<p>[NAM]</p>\n<p>F\u00fcr den Antrag Noser ... 99 Stimmen</p>\n<p>F\u00fcr den Antrag der Kommission ... 53 Stimmen</p>\n<p>[VS]</p>\n<p><i>\u00dcbrige Bestimmungen angenommen</i></p>\n<p><i>Les autres dispositions sont adopt\u00e9es</i></p>\n</pd_text>","MeetingCouncilAbbreviation":"N","MeetingDate":"20101208","MeetingVerbalixOid":1999,"IdSession":"4816","SpeakerFirstName":null,"SpeakerLastName":null,"SpeakerFullName":"","SpeakerFunction":null,"CouncilId":null,"CouncilName":null,"CantonId":null,"CantonName":null,"CantonAbbreviation":null,"ParlGroupName":null,"ParlGroupAbbreviation":null,"SortOrder":92,"Start":"\/Date(1291809980593)\/","End":"\/Date(1291809980593)\/","Function":null,"DisplaySpeaker":null,"LanguageOfText":"DE","Modified":"\/Date(1774877725979)\/","StartTimeWithTimezone":"\/Date(1291809980593+0060)\/","EndTimeWithTimezone":"\/Date(1291809980593+0060)\/","VoteBusinessNumber":20080011,"VoteBusinessShortNumber":"08.011","VoteBusinessTitle":"OR. Aktien- und\nRechnungslegungsrecht"},{"__metadata":{"id":"https://ws.parlament.ch/OData.svc/Transcript(ID=114187L,Language='DE')","uri":"https://ws.parlament.ch/OData.svc/Transcript(ID=114187L,Language='DE')","type":"itsystems.Pd.DataServices.DataModel.Transcript"},"Subjects":{"__deferred":{"uri":"https://ws.parlament.ch/OData.svc/Transcript(ID=114187L,Language='DE')/Subjects"}},"MembersCouncil":{"__deferred":{"uri":"https://ws.parlament.ch/OData.svc/Transcript(ID=114187L,Language='DE')/MembersCouncil"}},"Businesses":{"__deferred":{"uri":"https://ws.parlament.ch/OData.svc/Transcript(ID=114187L,Language='DE')/Businesses"}},"ID":"114187","Language":"DE","IdSubject":"18434","VoteId":null,"PersonNumber":1117,"Type":1,"Text":"<pd_text><p><b>Art. 558 Titel, Abs. 1; 559 Abs. 2, 3; 600 Abs. 3; 611 Abs. 2; 801; 804 Abs. 2 Ziff. 4; 856 Abs. 1; 858; 879 Abs. 2 Ziff. 3 </b></p>\n<p><i>Antrag der Kommission</i></p>\n<p>Zustimmung zum Beschluss des St\u00e4nderates</p>\n<p>[VS]</p>\n<p><b>Art. 558 titre, al. 1; 559 al. 2, 3; 600 al. 3; 611 al. 2; 801; 804 al. 2 ch. 4; 856 al. 1; 858; 879 al. 2 ch. 3 </b></p>\n<p><i>Proposition de la commission</i></p>\n<p>Adh\u00e9rer \u00e0 la d\u00e9cision du Conseil des Etats</p>\n<p>[VS]</p>\n<p><i>Angenommen - Adopt\u00e9</i></p>\n<p>[VS]</p>\n<p><b>Ziff. II-IV</b></p>\n<p><i>Antrag der Kommission</i></p>\n<p>Zustimmung zum Beschluss des St\u00e4nderates</p>\n<p>[VS]</p>\n<p><b>Ch. II-IV</b></p>\n<p><i>Proposition de la commission</i></p>\n<p>Adh\u00e9rer \u00e0 la d\u00e9cision du Conseil des Etats</p>\n<p>[VS]</p>\n<p><i>Angenommen - Adopt\u00e9</i></p>\n<p>[VS]</p>\n<p><b>\u00c4nderung bisherigen Rechts</b></p>\n<p><b>Modification du droit en vigueur</b></p>\n<p>[VS]</p>\n<p><b>Ziff. 1</b></p>\n<p><i>Antrag der Kommission</i></p>\n<p>Zustimmung zum Beschluss des St\u00e4nderates</p>\n<p>[VS]</p>\n<p><b>Ch. 1</b></p>\n<p><i>Proposition de la commission</i></p>\n<p>Adh\u00e9rer \u00e0 la d\u00e9cision du Conseil des Etats</p>\n<p>[VS]</p>\n<p><i>Angenommen - Adopt\u00e9</i></p>\n<p>[VS]</p>\n<p><b>Le pr\u00e9sident </b>(Germanier Jean-Ren\u00e9, pr\u00e9sident): Le chiffre 1a a d\u00e9j\u00e0 \u00e9t\u00e9 trait\u00e9 lors du d\u00e9bat sur l'article 963a.</p>\n<p>[VS]</p>\n<p><b>Ziff. 1b</b></p>\n<p><i>Antrag der Kommission</i></p>\n<p><i>Titel</i></p>\n<p>1b. Revisionsaufsichtsgesetz vom 16. Dezember 2005</p>\n<p><i>Art. 36a Titel</i></p>\n<p>Verantwortlichkeit</p>\n<p><i>Art. 36a Abs. 1</i></p>\n<p>Die Verantwortlichkeit der Aufsichtsbeh\u00f6rde, ihrer Organe, ihres Personals sowie der von der Aufsichtsbeh\u00f6rde beigezogenen Drittperson richtet sich unter Vorbehalt von Absatz 2 nach dem Verantwortlichkeitsgesetz vom 14. M\u00e4rz 1958.</p>\n<p><i>Art. 36a Abs. 2</i></p>\n<p>Die Aufsichtsbeh\u00f6rde haftet nur, wenn:</p>\n<p>a. sie wesentliche Amtspflichten verletzt hat; und</p>\n<p>b. Sch\u00e4den nicht auf Pflichtverletzungen einer Revisorin, eines Revisors, einer Revisionsexpertin, eines Revisionsexperten oder eines Revisionsunternehmens zur\u00fcckzuf\u00fchren sind.</p>\n<p>[VS]</p>\n<p><b>Ch. 1b</b></p>\n<p><i>Proposition de la commission</i></p>\n<p><i>Titre</i></p>\n<p>1b. Loi du 16 d\u00e9cembre 2005 sur la surveillance de la r\u00e9vision</p>\n<p><i>Art. 36a titre</i></p>\n<p>Responsabilit\u00e9</p>\n<p><i>Art. 36a al. 1</i></p>\n<p>La responsabilit\u00e9 de l'autorit\u00e9 de surveillance, de ses organes, de son personnel et des tiers aux services desquels elle recourt est r\u00e9gie par la loi du 14 mars 1958 sur la responsabilit\u00e9, sous r\u00e9serve de l'alin\u00e9a 2.</p>\n<p><i>Art. 36a al. 2</i></p>\n<p>L'autorit\u00e9 de surveillance est responsable uniquement aux conditions suivantes:</p>\n<p>a. elle a viol\u00e9 des devoirs essentiels de fonction;</p>\n<p>b. le r\u00e9viseur, l'expert-r\u00e9viseur ou l'entreprise de r\u00e9vision n'a pas caus\u00e9 le dommage en violant ses obligations.</p>\n<p>[VS]</p>\n<p><i>Angenommen - Adopt\u00e9</i></p>\n<p>[VS]</p>\n<p><b>Ziff. 2</b></p>\n<p><i>Antrag der Kommission</i></p>\n<p><i>Art. 126 Abs. 3</i></p>\n<p>Zustimmung zum Beschluss des St\u00e4nderates</p>\n<p>[VS]</p>\n<p><i>Antrag Noser</i></p>\n<p><i>Art. 63a Titel</i></p>\n<p>Massgeblichkeit der Rechnungslegung nach Obligationenrecht</p>\n<p><i>Art. 63a Text</i></p>\n<p>Die Rechnungslegung nach den Artikeln 957 bis 961d des Obligationenrechts ist f\u00fcr die Ermittlung der Gewinnsteuer massgeblich. Die obligationenrechtlich ermittelten und ausgewiesenen Abschreibungen, Wertberichtigungen und R\u00fcckstellungen werden steuerlich anerkannt.</p>\n<p><i>Schriftliche Begr\u00fcndung</i></p>\n<p>Vom Bundesrat wird in der Botschaft 08.011 zum Aktienrecht und Rechnungslegungsrecht die Steuerneutralit\u00e4t des neuen Buchf\u00fchrungs- und Rechnungslegungsrechts mehrfach betont. In den steuerrechtlichen Vorschriften jedoch findet sich keine ausdr\u00fcckliche Best\u00e4tigung daf\u00fcr, dass sowohl f\u00fcr die direkte Bundessteuer wie f\u00fcr die Kantons- und Gemeindesteuern der obligationenrechtliche Abschluss massgeblich ist. Eine Verankerung des Massgeblichkeitsprinzips im Bundesgesetz \u00fcber die direkte Bundessteuer wie im Bundesgesetz \u00fcber die Harmonisierung der direkten Steuern der Kantone und Gemeinden best\u00e4tigt einerseits die jahrzehntelange Praxis. Sie ist andererseits sinnvoll und geeignet, die bei umfassenden Gesetzesrevisionen regelm\u00e4ssig auftauchenden Unsicherheiten - konkret die Unsicherheiten betreffend die steuerliche Umsetzung des neuen Rechnungslegungsrechts - zu vermeiden. Damit l\u00e4sst sich die in diesem Bereich nicht klar formulierte und darum auch wenig verst\u00e4ndliche Steuergesetzgebung besser an die Rechnungslegung anbinden. Die Gesetzesvorlage ist deshalb im Anhang, \u00c4nderungen bisherigen Rechts, um die obigen Gesetzesbestimmungen zu erg\u00e4nzen. Auf diese Weise wird die Frage der Massgeblichkeit definitiv gekl\u00e4rt, und es muss nicht auf die Materialien verwiesen werden.</p>\n<p>[VS] [PAGE 1922] </p>\n<p><b>Ch. 2</b></p>\n<p><i>Proposition de la commission</i></p>\n<p><i>Art. 126 al. 3</i></p>\n<p>Adh\u00e9rer \u00e0 la d\u00e9cision du Conseil des Etats</p>\n<p>[VS]</p>\n<p><i>Proposition Noser</i></p>\n<p><i>Art. 63a titre</i></p>\n<p>Pr\u00e9sentation des comptes conform\u00e9ment au Code des obligations</p>\n<p><i>Art. 63a texte</i></p>\n<p>La pr\u00e9sentation des comptes conforme aux dispositions des articles 957 \u00e0 961d du Code des obligations est d\u00e9terminante pour le calcul de l'imp\u00f4t sur le b\u00e9n\u00e9fice. Les amortissements, corrections de valeur et provisions calcul\u00e9s et d\u00e9clar\u00e9s conform\u00e9ment au Code des obligations sont reconnus fiscalement. </p>\n<p>[VS]</p>\n<p><b>Ziff. 3</b></p>\n<p><i>Antrag der Kommission</i></p>\n<p><i>Art. 42 Abs. 3; Art. 72k</i></p>\n<p>Zustimmung zum Beschluss des St\u00e4nderates</p>\n<p>[VS]</p>\n<p><i>Antrag Noser</i></p>\n<p><i>Art. 24a Titel</i></p>\n<p>Massgeblichkeit der Rechnungslegung nach Obligationenrecht</p>\n<p><i>Art. 24a Text</i></p>\n<p>Die Rechnungslegung nach den Artikeln 957 bis 961d des Obligationenrechts ist f\u00fcr die Ermittlung der Gewinnsteuer massgeblich. Die obligationenrechtlich ermittelten und ausgewiesenen Abschreibungen, Wertberichtigungen und R\u00fcckstellungen werden steuerlich anerkannt.</p>\n<p>[VS]</p>\n<p><b>Ch. 3</b></p>\n<p><i>Proposition de la commission</i></p>\n<p><i>Art. 42 al. 3; art. 72k</i></p>\n<p>Adh\u00e9rer \u00e0 la d\u00e9cision du Conseil des Etats</p>\n<p>[VS]</p>\n<p><i>Proposition Noser</i></p>\n<p><i>Art. 24a titre</i></p>\n<p>Pr\u00e9sentation des comptes conform\u00e9ment au Code des obligations</p>\n<p><i>Art. 24a texte</i></p>\n<p>La pr\u00e9sentation des comptes conforme aux dispositions des articles 957 \u00e0 961d du Code des obligations est d\u00e9terminante pour le calcul de l'imp\u00f4t sur le b\u00e9n\u00e9fice. Les amortissements, corrections de valeur et provisions calcul\u00e9s et d\u00e9clar\u00e9s conform\u00e9ment au Code des obligations sont reconnus fiscalement. </p>\n</pd_text>","MeetingCouncilAbbreviation":"N","MeetingDate":"20101208","MeetingVerbalixOid":1999,"IdSession":"4816","SpeakerFirstName":"Jean-Ren\u00e9","SpeakerLastName":"Germanier","SpeakerFullName":"Germanier Jean-Ren\u00e9","SpeakerFunction":"P-M","CouncilId":1,"CouncilName":"Nationalrat","CantonId":23,"CantonName":"Wallis","CantonAbbreviation":"VS","ParlGroupName":"Freisinnig-demokratische Fraktion","ParlGroupAbbreviation":"RL","SortOrder":93,"Start":"\/Date(1291809980593)\/","End":"\/Date(1291810062029)\/","Function":"P-M","DisplaySpeaker":false,"LanguageOfText":null,"Modified":"\/Date(1774877725981)\/","StartTimeWithTimezone":"\/Date(1291809980593+0060)\/","EndTimeWithTimezone":"\/Date(1291810062030+0060)\/","VoteBusinessNumber":null,"VoteBusinessShortNumber":null,"VoteBusinessTitle":null},{"__metadata":{"id":"https://ws.parlament.ch/OData.svc/Transcript(ID=114188L,Language='DE')","uri":"https://ws.parlament.ch/OData.svc/Transcript(ID=114188L,Language='DE')","type":"itsystems.Pd.DataServices.DataModel.Transcript"},"Subjects":{"__deferred":{"uri":"https://ws.parlament.ch/OData.svc/Transcript(ID=114188L,Language='DE')/Subjects"}},"MembersCouncil":{"__deferred":{"uri":"https://ws.parlament.ch/OData.svc/Transcript(ID=114188L,Language='DE')/MembersCouncil"}},"Businesses":{"__deferred":{"uri":"https://ws.parlament.ch/OData.svc/Transcript(ID=114188L,Language='DE')/Businesses"}},"ID":"114188","Language":"DE","IdSubject":"18434","VoteId":null,"PersonNumber":512,"Type":1,"Text":"<pd_text><p>Die nachfolgenden Ausf\u00fchrungen gelten sowohl f\u00fcr das Bundesgesetz \u00fcber die direkte Bundessteuer (Ziff. 2) als auch f\u00fcr das Steuerharmonisierungsgesetz (Ziff. 3): Die Best\u00e4tigung, dass f\u00fcr die Erhebung der direkten Bundessteuer der obligationenrechtliche Abschluss massgeblich ist, findet sich bereits in Artikel 58 Absatz 1 Buchstabe a des geltenden Bundesgesetzes \u00fcber die direkte Bundessteuer. Es wird in dieser Bestimmung ausdr\u00fccklich festgehalten, dass sich der zu versteuernde Reingewinn aus dem Saldo der Erfolgsrechnung und der Ber\u00fccksichtigung des Saldovortrags des Vorjahres zusammensetzt. Dies ist eine explizite Verankerung des Massgeblichkeitsprinzips. W\u00fcrde jedoch nur Buchstabe a dieser Bestimmung angewendet, w\u00fcrde bei gesch\u00e4ftlich nichtbegr\u00fcndeten Abschreibungen, Wertberichtigungen und R\u00fcckstellungen nicht ein wirtschaftlich sachgerechter Gewinn, sondern ein willk\u00fcrlich zu tiefer Gewinn versteuert. Aus diesem Grund bestehen die Korrekturvorschriften gem\u00e4ss Artikel 58 Absatz 1 Buchstaben b und c im Bundesgesetz \u00fcber die direkte Bundessteuer. Diese Bestimmungen erlauben es, die gesch\u00e4ftsm\u00e4ssig nichtbegr\u00fcndeten Abschreibungen, Wertberichtigungen und R\u00fcckstellungen sowie die nicht der Erfolgsrechnung gutgeschriebenen Ertr\u00e4ge aufzurechnen. Es handelt sich dabei um einen fundamentalen Grundsatz des geltenden Steuerrechts.</p>\n<p>W\u00fcrde dem Antrag Noser zugestimmt, w\u00e4re dies ein massiver Eingriff in das geltende Steuerrecht und in die Steuerrechtspraxis des Bundes und der Kantone. Gesch\u00e4ftsm\u00e4ssig nicht begr\u00fcndete Aufwendungen sowie nicht der Erfolgsrechnung gutgeschriebene Ertr\u00e4ge k\u00f6nnten steuerlich nicht mehr aufgerechnet werden. Ein neuer Artikel 63a im Bundesgesetz \u00fcber die direkte Bundessteuer w\u00fcrde folglich zu massiven Widerspr\u00fcchen innerhalb des geltenden Steuerrechts f\u00fchren. Das neue Rechnungslegungsrecht sieht weiterhin Abschreibungen, Wertberichtigungen und R\u00fcckstellungen bzw. die Bildung stiller Reserven vor. Das neue Rechnungslegungsrecht ist im Vergleich zum geltenden Recht als steuerneutral einzustufen. Das hat die Eidgen\u00f6ssische Steuerverwaltung zuhanden der st\u00e4nder\u00e4tlichen Kommission im Juli 2009 explizit festgehalten.</p>\n<p>Ich bitte Sie deshalb sehr, den vorliegenden Antrag Noser abzulehnen. Das Massgeblichkeitsprinzip ist bereits nach geltendem Recht gesetzlich ausreichend verankert. Diese Ausf\u00fchrungen gelten sinngem\u00e4ss auch f\u00fcr den Antrag zum Steuerharmonisierungsgesetz.</p>\n</pd_text>","MeetingCouncilAbbreviation":"N","MeetingDate":"20101208","MeetingVerbalixOid":1999,"IdSession":"4816","SpeakerFirstName":"Simonetta","SpeakerLastName":"Sommaruga","SpeakerFullName":"Sommaruga Simonetta","SpeakerFunction":"BR-F","CouncilId":99,"CouncilName":"Bundesrat","CantonId":2,"CantonName":"Bern","CantonAbbreviation":"BE","ParlGroupName":null,"ParlGroupAbbreviation":null,"SortOrder":94,"Start":"\/Date(1291810062029)\/","End":"\/Date(1291810234121)\/","Function":"BR-F","DisplaySpeaker":true,"LanguageOfText":"DE","Modified":"\/Date(1774877725982)\/","StartTimeWithTimezone":"\/Date(1291810062030+0060)\/","EndTimeWithTimezone":"\/Date(1291810234120+0060)\/","VoteBusinessNumber":null,"VoteBusinessShortNumber":null,"VoteBusinessTitle":null},{"__metadata":{"id":"https://ws.parlament.ch/OData.svc/Transcript(ID=114189L,Language='DE')","uri":"https://ws.parlament.ch/OData.svc/Transcript(ID=114189L,Language='DE')","type":"itsystems.Pd.DataServices.DataModel.Transcript"},"Subjects":{"__deferred":{"uri":"https://ws.parlament.ch/OData.svc/Transcript(ID=114189L,Language='DE')/Subjects"}},"MembersCouncil":{"__deferred":{"uri":"https://ws.parlament.ch/OData.svc/Transcript(ID=114189L,Language='DE')/MembersCouncil"}},"Businesses":{"__deferred":{"uri":"https://ws.parlament.ch/OData.svc/Transcript(ID=114189L,Language='DE')/Businesses"}},"ID":"114189","Language":"DE","IdSubject":"18434","VoteId":null,"PersonNumber":214,"Type":1,"Text":"<pd_text><p>Es gilt wiederum dasselbe: Der Antrag Noser lag der Kommission nicht vor; sie \u00e4ussert sich folglich nicht dazu.</p>\n</pd_text>","MeetingCouncilAbbreviation":"N","MeetingDate":"20101208","MeetingVerbalixOid":1999,"IdSession":"4816","SpeakerFirstName":"Luzi","SpeakerLastName":"Stamm","SpeakerFullName":"Stamm Luzi","SpeakerFunction":"Mit-M","CouncilId":1,"CouncilName":"Nationalrat","CantonId":19,"CantonName":"Aargau","CantonAbbreviation":"AG","ParlGroupName":"Fraktion der Schweizerischen Volkspartei","ParlGroupAbbreviation":"V","SortOrder":95,"Start":"\/Date(1291810234121)\/","End":"\/Date(1291810245449)\/","Function":"*","DisplaySpeaker":true,"LanguageOfText":"DE","Modified":"\/Date(1774877725984)\/","StartTimeWithTimezone":"\/Date(1291810234120+0060)\/","EndTimeWithTimezone":"\/Date(1291810245450+0060)\/","VoteBusinessNumber":null,"VoteBusinessShortNumber":null,"VoteBusinessTitle":null},{"__metadata":{"id":"https://ws.parlament.ch/OData.svc/Transcript(ID=114190L,Language='DE')","uri":"https://ws.parlament.ch/OData.svc/Transcript(ID=114190L,Language='DE')","type":"itsystems.Pd.DataServices.DataModel.Transcript"},"Subjects":{"__deferred":{"uri":"https://ws.parlament.ch/OData.svc/Transcript(ID=114190L,Language='DE')/Subjects"}},"MembersCouncil":{"__deferred":{"uri":"https://ws.parlament.ch/OData.svc/Transcript(ID=114190L,Language='DE')/MembersCouncil"}},"Businesses":{"__deferred":{"uri":"https://ws.parlament.ch/OData.svc/Transcript(ID=114190L,Language='DE')/Businesses"}},"ID":"114190","Language":"DE","IdSubject":"18434","VoteId":"4820","PersonNumber":null,"Type":2,"Text":"<pd_text><p><i>Abstimmung - Vote</i></p>\n<p>[NAM]</p>\n<p>F\u00fcr den Antrag der Kommission ... 77 Stimmen</p>\n<p>F\u00fcr den Antrag Noser ... 72 Stimmen</p>\n<p>[VS]</p>\n<p><b>Le pr\u00e9sident </b>(Germanier Jean-Ren\u00e9, pr\u00e9sident): L'article 207b au chiffre 2 et l'article 78d au chiffre 3 ont d\u00e9j\u00e0 \u00e9t\u00e9 vot\u00e9s avec les articles 962 et 962a.</p>\n</pd_text>","MeetingCouncilAbbreviation":"N","MeetingDate":"20101208","MeetingVerbalixOid":1999,"IdSession":"4816","SpeakerFirstName":null,"SpeakerLastName":null,"SpeakerFullName":"","SpeakerFunction":null,"CouncilId":null,"CouncilName":null,"CantonId":null,"CantonName":null,"CantonAbbreviation":null,"ParlGroupName":null,"ParlGroupAbbreviation":null,"SortOrder":96,"Start":"\/Date(1291810245449)\/","End":"\/Date(1291810245449)\/","Function":null,"DisplaySpeaker":null,"LanguageOfText":"DE","Modified":"\/Date(1774877725985)\/","StartTimeWithTimezone":"\/Date(1291810245450+0060)\/","EndTimeWithTimezone":"\/Date(1291810245450+0060)\/","VoteBusinessNumber":20080011,"VoteBusinessShortNumber":"08.011","VoteBusinessTitle":"OR. Aktien- und\nRechnungslegungsrecht"}]},"ID":"18434","Language":"DE","IdMeeting":"1274","VerbalixOid":341341,"SortOrder":2,"Modified":"\/Date(1774877725822)\/"}}