{"d":{"__metadata":{"id":"https://ws.parlament.ch/OData.svc/Subject(ID=18582L,Language='DE')","uri":"https://ws.parlament.ch/OData.svc/Subject(ID=18582L,Language='DE')","type":"itsystems.Pd.DataServices.DataModel.Subject"},"Meetings":{"__metadata":{"id":"https://ws.parlament.ch/OData.svc/Meeting(ID=1285L,Language='DE')","uri":"https://ws.parlament.ch/OData.svc/Meeting(ID=1285L,Language='DE')","type":"itsystems.Pd.DataServices.DataModel.Meeting"},"Sessions":{"__deferred":{"uri":"https://ws.parlament.ch/OData.svc/Meeting(ID=1285L,Language='DE')/Sessions"}},"Subjects":{"__deferred":{"uri":"https://ws.parlament.ch/OData.svc/Meeting(ID=1285L,Language='DE')/Subjects"}},"ID":"1285","Language":"DE","MeetingNumber":11,"IdSession":4816,"SessionNumber":16,"SessionName":"Wintersession 2010","Council":2,"CouncilName":"St\u00e4nderat","CouncilAbbreviation":"SR","Date":"\/Date(1292371200000)\/","Begin":"0910","Modified":"\/Date(1447070172897)\/","LegislativePeriodNumber":48,"PublicationStatus":"final","MeetingOrderText":"Elfte Sitzung","SortOrder":11,"Location":"S"},"SubjectsBusiness":{"results":[{"__metadata":{"id":"https://ws.parlament.ch/OData.svc/SubjectBusiness(BusinessNumber=20040034,IdSubject=18582L,Language='DE')","uri":"https://ws.parlament.ch/OData.svc/SubjectBusiness(BusinessNumber=20040034,IdSubject=18582L,Language='DE')","type":"itsystems.Pd.DataServices.DataModel.SubjectBusiness"},"Subjects":{"__deferred":{"uri":"https://ws.parlament.ch/OData.svc/SubjectBusiness(BusinessNumber=20040034,IdSubject=18582L,Language='DE')/Subjects"}},"Businesses":{"__deferred":{"uri":"https://ws.parlament.ch/OData.svc/SubjectBusiness(BusinessNumber=20040034,IdSubject=18582L,Language='DE')/Businesses"}},"IdSubject":"18582","BusinessNumber":20040034,"Language":"DE","BusinessShortNumber":"04.034","Title":"Bundesgesetz \u00fcber die Krankenversicherung. Teilrevision. Kostenbeteiligung","SortOrder":1,"PublishedNotes":"Differenzen - Divergences\n","Modified":"\/Date(1447069233343)\/","TitleDE":"Bundesgesetz\n\u00fcber die Krankenversicherung.\nTeilrevision.\nKostenbeteiligung","TitleFR":"Loi f\u00e9d\u00e9rale\nsur l'assurance-maladie.\nR\u00e9vision partielle.\nParticipation aux co\u00fbts","TitleIT":null}]},"Transcripts":{"results":[{"__metadata":{"id":"https://ws.parlament.ch/OData.svc/Transcript(ID=115136L,Language='DE')","uri":"https://ws.parlament.ch/OData.svc/Transcript(ID=115136L,Language='DE')","type":"itsystems.Pd.DataServices.DataModel.Transcript"},"Subjects":{"__deferred":{"uri":"https://ws.parlament.ch/OData.svc/Transcript(ID=115136L,Language='DE')/Subjects"}},"MembersCouncil":{"__deferred":{"uri":"https://ws.parlament.ch/OData.svc/Transcript(ID=115136L,Language='DE')/MembersCouncil"}},"Businesses":{"__deferred":{"uri":"https://ws.parlament.ch/OData.svc/Transcript(ID=115136L,Language='DE')/Businesses"}},"ID":"115136","Language":"DE","IdSubject":"18582","VoteId":null,"PersonNumber":1256,"Type":1,"Text":"<pd_text><p><i>Angenommen - Adopt\u00e9</i></p>\n<p>[VS]</p>\n<p><b>Pr\u00e4sident </b>(Altherr Hans, erster Vizepr\u00e4sident): Der Nichteintretensentscheid ist damit definitiv. </p>\n</pd_text>","MeetingCouncilAbbreviation":"S","MeetingDate":"20101215","MeetingVerbalixOid":2018,"IdSession":"4816","SpeakerFirstName":"Hans","SpeakerLastName":"Altherr","SpeakerFullName":"Altherr Hans","SpeakerFunction":"1VP-M","CouncilId":2,"CouncilName":"St\u00e4nderat","CantonId":15,"CantonName":"Appenzell A.-Rh.","CantonAbbreviation":"AR","ParlGroupName":"Freisinnig-demokratische Fraktion","ParlGroupAbbreviation":"RL","SortOrder":3,"Start":"\/Date(1292416155507)\/","End":"\/Date(1292416189040)\/","Function":"1VP-M","DisplaySpeaker":false,"LanguageOfText":null,"Modified":"\/Date(1510850055180)\/","StartTimeWithTimezone":"\/Date(1292416155507+0060)\/","EndTimeWithTimezone":"\/Date(1292416189040+0060)\/","VoteBusinessNumber":null,"VoteBusinessShortNumber":null,"VoteBusinessTitle":null},{"__metadata":{"id":"https://ws.parlament.ch/OData.svc/Transcript(ID=115137L,Language='DE')","uri":"https://ws.parlament.ch/OData.svc/Transcript(ID=115137L,Language='DE')","type":"itsystems.Pd.DataServices.DataModel.Transcript"},"Subjects":{"__deferred":{"uri":"https://ws.parlament.ch/OData.svc/Transcript(ID=115137L,Language='DE')/Subjects"}},"MembersCouncil":{"__deferred":{"uri":"https://ws.parlament.ch/OData.svc/Transcript(ID=115137L,Language='DE')/MembersCouncil"}},"Businesses":{"__deferred":{"uri":"https://ws.parlament.ch/OData.svc/Transcript(ID=115137L,Language='DE')/Businesses"}},"ID":"115137","Language":"DE","IdSubject":"18582","VoteId":null,"PersonNumber":370,"Type":1,"Text":"<pd_text><p>Wir beantragen Nichteintreten, weil diese Vorlage ja in die vorhergehende eingearbeitet worden ist.</p>\n</pd_text>","MeetingCouncilAbbreviation":"S","MeetingDate":"20101215","MeetingVerbalixOid":2018,"IdSession":"4816","SpeakerFirstName":"Erika","SpeakerLastName":"Forster-Vannini","SpeakerFullName":"Forster-Vannini Erika","SpeakerFunction":"Mit-F","CouncilId":2,"CouncilName":"St\u00e4nderat","CantonId":17,"CantonName":"St. Gallen","CantonAbbreviation":"SG","ParlGroupName":"Freisinnig-demokratische Fraktion","ParlGroupAbbreviation":"RL","SortOrder":2,"Start":"\/Date(1292416141493)\/","End":"\/Date(1292416155507)\/","Function":"*","DisplaySpeaker":true,"LanguageOfText":"DE","Modified":"\/Date(1510850055180)\/","StartTimeWithTimezone":"\/Date(1292416141493+0060)\/","EndTimeWithTimezone":"\/Date(1292416155507+0060)\/","VoteBusinessNumber":null,"VoteBusinessShortNumber":null,"VoteBusinessTitle":null},{"__metadata":{"id":"https://ws.parlament.ch/OData.svc/Transcript(ID=115138L,Language='DE')","uri":"https://ws.parlament.ch/OData.svc/Transcript(ID=115138L,Language='DE')","type":"itsystems.Pd.DataServices.DataModel.Transcript"},"Subjects":{"__deferred":{"uri":"https://ws.parlament.ch/OData.svc/Transcript(ID=115138L,Language='DE')/Subjects"}},"MembersCouncil":{"__deferred":{"uri":"https://ws.parlament.ch/OData.svc/Transcript(ID=115138L,Language='DE')/MembersCouncil"}},"Businesses":{"__deferred":{"uri":"https://ws.parlament.ch/OData.svc/Transcript(ID=115138L,Language='DE')/Businesses"}},"ID":"115138","Language":"DE","IdSubject":"18582","VoteId":null,"PersonNumber":1256,"Type":1,"Text":"<pd_text><p><i>Antrag der Kommission</i></p>\n<p>Zustimmung zum Beschluss des Nationalrates</p>\n<p>(= Nichteintreten)</p>\n<p>[VS]</p>\n<p><i>Proposition de la commission</i></p>\n<p>Adh\u00e9rer \u00e0 la d\u00e9cision du Conseil national</p>\n<p>(= Ne pas entrer en mati\u00e8re)</p>\n</pd_text>","MeetingCouncilAbbreviation":"S","MeetingDate":"20101215","MeetingVerbalixOid":2018,"IdSession":"4816","SpeakerFirstName":"Hans","SpeakerLastName":"Altherr","SpeakerFullName":"Altherr Hans","SpeakerFunction":"1VP-M","CouncilId":2,"CouncilName":"St\u00e4nderat","CantonId":15,"CantonName":"Appenzell A.-Rh.","CantonAbbreviation":"AR","ParlGroupName":"Freisinnig-demokratische Fraktion","ParlGroupAbbreviation":"RL","SortOrder":1,"Start":"\/Date(1292416120820)\/","End":"\/Date(1292416141493)\/","Function":"1VP-M","DisplaySpeaker":false,"LanguageOfText":null,"Modified":"\/Date(1510850055180)\/","StartTimeWithTimezone":"\/Date(1292416120820+0060)\/","EndTimeWithTimezone":"\/Date(1292416141493+0060)\/","VoteBusinessNumber":null,"VoteBusinessShortNumber":null,"VoteBusinessTitle":null}]},"ID":"18582","Language":"DE","IdMeeting":"1285","VerbalixOid":343150,"SortOrder":2,"Modified":"\/Date(1510850055163)\/"}}