{"d":{"__metadata":{"id":"https://ws.parlament.ch/OData.svc/Subject(ID=18617L,Language='DE')","uri":"https://ws.parlament.ch/OData.svc/Subject(ID=18617L,Language='DE')","type":"itsystems.Pd.DataServices.DataModel.Subject"},"Meetings":{"__metadata":{"id":"https://ws.parlament.ch/OData.svc/Meeting(ID=1287L,Language='DE')","uri":"https://ws.parlament.ch/OData.svc/Meeting(ID=1287L,Language='DE')","type":"itsystems.Pd.DataServices.DataModel.Meeting"},"Sessions":{"__deferred":{"uri":"https://ws.parlament.ch/OData.svc/Meeting(ID=1287L,Language='DE')/Sessions"}},"Subjects":{"__deferred":{"uri":"https://ws.parlament.ch/OData.svc/Meeting(ID=1287L,Language='DE')/Subjects"}},"ID":"1287","Language":"DE","MeetingNumber":13,"IdSession":4816,"SessionNumber":16,"SessionName":"Wintersession 2010","Council":2,"CouncilName":"St\u00e4nderat","CouncilAbbreviation":"SR","Date":"\/Date(1292457600000)\/","Begin":"0815","Modified":"\/Date(1447070173617)\/","LegislativePeriodNumber":48,"PublicationStatus":"final","MeetingOrderText":"Dreizehnte Sitzung","SortOrder":13,"Location":"S"},"SubjectsBusiness":{"results":[{"__metadata":{"id":"https://ws.parlament.ch/OData.svc/SubjectBusiness(BusinessNumber=20103366,IdSubject=18617L,Language='DE')","uri":"https://ws.parlament.ch/OData.svc/SubjectBusiness(BusinessNumber=20103366,IdSubject=18617L,Language='DE')","type":"itsystems.Pd.DataServices.DataModel.SubjectBusiness"},"Subjects":{"__deferred":{"uri":"https://ws.parlament.ch/OData.svc/SubjectBusiness(BusinessNumber=20103366,IdSubject=18617L,Language='DE')/Subjects"}},"Businesses":{"__deferred":{"uri":"https://ws.parlament.ch/OData.svc/SubjectBusiness(BusinessNumber=20103366,IdSubject=18617L,Language='DE')/Businesses"}},"IdSubject":"18617","BusinessNumber":20103366,"Language":"DE","BusinessShortNumber":"10.3366","Title":"Rechtsgrundlage f\u00fcr den Abschluss v\u00f6lkerrechtlicher Vertr\u00e4ge durch den Bundesrat","SortOrder":1,"PublishedNotes":null,"Modified":"\/Date(1447069463256)\/","TitleDE":"Motion WAK-NR (10.050).\nRechtsgrundlage\nf\u00fcr den Abschluss\nv\u00f6lkerrechtlicher Vertr\u00e4ge\ndurch den Bundesrat","TitleFR":"Motion CER-CN (10.050).\nR\u00e9vision des bases l\u00e9gales\nr\u00e9gissant la conclusion\nd'un trait\u00e9 international\npar le Conseil f\u00e9d\u00e9ral","TitleIT":null}]},"Transcripts":{"results":[{"__metadata":{"id":"https://ws.parlament.ch/OData.svc/Transcript(ID=115411L,Language='DE')","uri":"https://ws.parlament.ch/OData.svc/Transcript(ID=115411L,Language='DE')","type":"itsystems.Pd.DataServices.DataModel.Transcript"},"Subjects":{"__deferred":{"uri":"https://ws.parlament.ch/OData.svc/Transcript(ID=115411L,Language='DE')/Subjects"}},"MembersCouncil":{"__deferred":{"uri":"https://ws.parlament.ch/OData.svc/Transcript(ID=115411L,Language='DE')/MembersCouncil"}},"Businesses":{"__deferred":{"uri":"https://ws.parlament.ch/OData.svc/Transcript(ID=115411L,Language='DE')/Businesses"}},"ID":"115411","Language":"DE","IdSubject":"18617","VoteId":null,"PersonNumber":372,"Type":1,"Text":"<pd_text><p><i>Angenommen - Adopt\u00e9</i></p>\n</pd_text>","MeetingCouncilAbbreviation":"S","MeetingDate":"20101216","MeetingVerbalixOid":2020,"IdSession":"4816","SpeakerFirstName":"Hansheiri","SpeakerLastName":"Inderkum","SpeakerFullName":"Inderkum Hansheiri","SpeakerFunction":"P-M","CouncilId":2,"CouncilName":"St\u00e4nderat","CantonId":4,"CantonName":"Uri","CantonAbbreviation":"UR","ParlGroupName":"Fraktion CVP/EVP/glp","ParlGroupAbbreviation":"M-E","SortOrder":4,"Start":"\/Date(1292501992017)\/","End":"\/Date(1292502003920)\/","Function":"P-M","DisplaySpeaker":false,"LanguageOfText":null,"Modified":"\/Date(1510850419017)\/","StartTimeWithTimezone":"\/Date(1292501992017+0060)\/","EndTimeWithTimezone":"\/Date(1292502003920+0060)\/","VoteBusinessNumber":null,"VoteBusinessShortNumber":null,"VoteBusinessTitle":null},{"__metadata":{"id":"https://ws.parlament.ch/OData.svc/Transcript(ID=115412L,Language='DE')","uri":"https://ws.parlament.ch/OData.svc/Transcript(ID=115412L,Language='DE')","type":"itsystems.Pd.DataServices.DataModel.Transcript"},"Subjects":{"__deferred":{"uri":"https://ws.parlament.ch/OData.svc/Transcript(ID=115412L,Language='DE')/Subjects"}},"MembersCouncil":{"__deferred":{"uri":"https://ws.parlament.ch/OData.svc/Transcript(ID=115412L,Language='DE')/MembersCouncil"}},"Businesses":{"__deferred":{"uri":"https://ws.parlament.ch/OData.svc/Transcript(ID=115412L,Language='DE')/Businesses"}},"ID":"115412","Language":"DE","IdSubject":"18617","VoteId":null,"PersonNumber":512,"Type":1,"Text":"<pd_text><p>Die selbstst\u00e4ndigen Staatsvertrags-Abschlusskompetenzen des Bundesrates st\u00fctzen sich bereits heute auf eine formell-gesetzliche Grundlage. F\u00fcr Staatsvertr\u00e4ge von beschr\u00e4nkter Tragweite ist diese Grundlage in Artikel 7a Absatz 2 des Regierungs- und Verwaltungsorganisationsgesetzes zu finden. Diese Regelung beruht auf einer langj\u00e4hrigen, bereits vorher bestehenden Praxis und dient dazu, das Parlament von Gesch\u00e4ften zu entlasten, die nicht von grundlegender Bedeutung sind.</p>\n<p>Der Bundesrat ist bereit, die in der Motion verlangte Anpassung von Artikel 7a Absatz 2 RVOG vorzunehmen. Wie die in dieser Bestimmung enthaltene Aufz\u00e4hlung erg\u00e4nzt bzw. ob sie als abschliessende Aufz\u00e4hlung konzipiert werden soll, werden wir allerdings vertieft pr\u00fcfen m\u00fcssen. Die Motion verlangt im Weiteren, dass die vorl\u00e4ufige Anwendung von Staatsvertr\u00e4gen k\u00fcnftig nur noch mit der Zustimmung der zust\u00e4ndigen parlamentarischen Kommissionen m\u00f6glich ist, w\u00e4hrend heute lediglich ein Konsultationsrecht vorgesehen ist.</p>\n<p>Der Bundesrat beantragt die Annahme der Motion.</p>\n</pd_text>","MeetingCouncilAbbreviation":"S","MeetingDate":"20101216","MeetingVerbalixOid":2020,"IdSession":"4816","SpeakerFirstName":"Simonetta","SpeakerLastName":"Sommaruga","SpeakerFullName":"Sommaruga Simonetta","SpeakerFunction":"BR-F","CouncilId":99,"CouncilName":"Bundesrat","CantonId":2,"CantonName":"Bern","CantonAbbreviation":"BE","ParlGroupName":null,"ParlGroupAbbreviation":null,"SortOrder":3,"Start":"\/Date(1292501909753)\/","End":"\/Date(1292501992017)\/","Function":"BR-F","DisplaySpeaker":true,"LanguageOfText":"DE","Modified":"\/Date(1510850419000)\/","StartTimeWithTimezone":"\/Date(1292501909753+0060)\/","EndTimeWithTimezone":"\/Date(1292501992017+0060)\/","VoteBusinessNumber":null,"VoteBusinessShortNumber":null,"VoteBusinessTitle":null},{"__metadata":{"id":"https://ws.parlament.ch/OData.svc/Transcript(ID=115413L,Language='DE')","uri":"https://ws.parlament.ch/OData.svc/Transcript(ID=115413L,Language='DE')","type":"itsystems.Pd.DataServices.DataModel.Transcript"},"Subjects":{"__deferred":{"uri":"https://ws.parlament.ch/OData.svc/Transcript(ID=115413L,Language='DE')/Subjects"}},"MembersCouncil":{"__deferred":{"uri":"https://ws.parlament.ch/OData.svc/Transcript(ID=115413L,Language='DE')/MembersCouncil"}},"Businesses":{"__deferred":{"uri":"https://ws.parlament.ch/OData.svc/Transcript(ID=115413L,Language='DE')/Businesses"}},"ID":"115413","Language":"DE","IdSubject":"18617","VoteId":null,"PersonNumber":1134,"Type":1,"Text":"<pd_text><p>Il s'agit l\u00e0 d'une cons\u00e9quence pour ainsi dire directe de ce qu'on a appel\u00e9 l'accord UBS, qui nous a donn\u00e9 bien des soucis. La commission du Conseil national a consid\u00e9r\u00e9, \u00e0 juste titre, que la d\u00e9limitation entre les trait\u00e9s qui rel\u00e8vent de la comp\u00e9tence du seul Conseil f\u00e9d\u00e9ral et ceux dans lesquels l'Assembl\u00e9e f\u00e9d\u00e9rale doit pouvoir exercer une influence n'\u00e9tait pas suffisamment pr\u00e9cise et qu'il s'agissait de compl\u00e9ter restrictivement la liste des objets relevant de la comp\u00e9tence du seul Conseil f\u00e9d\u00e9ral. Cela suppose la modification de l'article 7a alin\u00e9a 2 de la loi sur l'organisation du gouvernement et de l'administration.</p>\n<p>Votre commission s'est pleinement ralli\u00e9e aux consid\u00e9rations du Conseil national et de sa commission. Il y a en effet lieu que nous puissions intervenir dans des cas qui, formellement, peuvent appara\u00eetre de moindre importance mais qui, politiquement, ont du poids. Il faut donc se pencher \u00e0 nouveau sur cette disposition l\u00e9gale.</p>\n<p>C'est la raison pour laquelle nous vous proposons, \u00e0 l'unanimit\u00e9, d'accepter la motion.</p>\n</pd_text>","MeetingCouncilAbbreviation":"S","MeetingDate":"20101216","MeetingVerbalixOid":2020,"IdSession":"4816","SpeakerFirstName":"Luc","SpeakerLastName":"Recordon","SpeakerFullName":"Recordon Luc","SpeakerFunction":"Mit-M","CouncilId":2,"CouncilName":"St\u00e4nderat","CantonId":22,"CantonName":"Waadt","CantonAbbreviation":"VD","ParlGroupName":"Gr\u00fcne Fraktion","ParlGroupAbbreviation":"G","SortOrder":2,"Start":"\/Date(1292501820887)\/","End":"\/Date(1292501909753)\/","Function":"*","DisplaySpeaker":true,"LanguageOfText":"FR","Modified":"\/Date(1510850419000)\/","StartTimeWithTimezone":"\/Date(1292501820887+0060)\/","EndTimeWithTimezone":"\/Date(1292501909753+0060)\/","VoteBusinessNumber":null,"VoteBusinessShortNumber":null,"VoteBusinessTitle":null},{"__metadata":{"id":"https://ws.parlament.ch/OData.svc/Transcript(ID=115414L,Language='DE')","uri":"https://ws.parlament.ch/OData.svc/Transcript(ID=115414L,Language='DE')","type":"itsystems.Pd.DataServices.DataModel.Transcript"},"Subjects":{"__deferred":{"uri":"https://ws.parlament.ch/OData.svc/Transcript(ID=115414L,Language='DE')/Subjects"}},"MembersCouncil":{"__deferred":{"uri":"https://ws.parlament.ch/OData.svc/Transcript(ID=115414L,Language='DE')/MembersCouncil"}},"Businesses":{"__deferred":{"uri":"https://ws.parlament.ch/OData.svc/Transcript(ID=115414L,Language='DE')/Businesses"}},"ID":"115414","Language":"DE","IdSubject":"18617","VoteId":null,"PersonNumber":372,"Type":1,"Text":"<pd_text><p>Sie haben einen schriftlichen Bericht der Kommission erhalten. Die Kommission beantragt einstimmig, die Motion anzunehmen. Der Bundesrat beantragt ebenfalls die Annahme der Motion.</p>\n</pd_text>","MeetingCouncilAbbreviation":"S","MeetingDate":"20101216","MeetingVerbalixOid":2020,"IdSession":"4816","SpeakerFirstName":"Hansheiri","SpeakerLastName":"Inderkum","SpeakerFullName":"Inderkum Hansheiri","SpeakerFunction":"P-M","CouncilId":2,"CouncilName":"St\u00e4nderat","CantonId":4,"CantonName":"Uri","CantonAbbreviation":"UR","ParlGroupName":"Fraktion CVP/EVP/glp","ParlGroupAbbreviation":"M-E","SortOrder":1,"Start":"\/Date(1292501802213)\/","End":"\/Date(1292501820887)\/","Function":"P-M","DisplaySpeaker":true,"LanguageOfText":"DE","Modified":"\/Date(1510850419000)\/","StartTimeWithTimezone":"\/Date(1292501802213+0060)\/","EndTimeWithTimezone":"\/Date(1292501820887+0060)\/","VoteBusinessNumber":null,"VoteBusinessShortNumber":null,"VoteBusinessTitle":null}]},"ID":"18617","Language":"DE","IdMeeting":"1287","VerbalixOid":343840,"SortOrder":12,"Modified":"\/Date(1510850419000)\/"}}