{"d":{"__metadata":{"id":"https://ws.parlament.ch/OData.svc/Subject(ID=18662L,Language='DE')","uri":"https://ws.parlament.ch/OData.svc/Subject(ID=18662L,Language='DE')","type":"itsystems.Pd.DataServices.DataModel.Subject"},"Meetings":{"__metadata":{"id":"https://ws.parlament.ch/OData.svc/Meeting(ID=1293L,Language='DE')","uri":"https://ws.parlament.ch/OData.svc/Meeting(ID=1293L,Language='DE')","type":"itsystems.Pd.DataServices.DataModel.Meeting"},"Sessions":{"__deferred":{"uri":"https://ws.parlament.ch/OData.svc/Meeting(ID=1293L,Language='DE')/Sessions"}},"Subjects":{"__deferred":{"uri":"https://ws.parlament.ch/OData.svc/Meeting(ID=1293L,Language='DE')/Subjects"}},"ID":"1293","Language":"DE","MeetingNumber":1,"IdSession":4817,"SessionNumber":17,"SessionName":"Fr\u00fchjahrssession 2011","Council":1,"CouncilName":"Nationalrat","CouncilAbbreviation":"NR","Date":"\/Date(1298851200000)\/","Begin":"1430","Modified":"\/Date(1447070175060)\/","LegislativePeriodNumber":48,"PublicationStatus":"final","MeetingOrderText":"Erste Sitzung","SortOrder":1,"Location":"N"},"SubjectsBusiness":{"results":[{"__metadata":{"id":"https://ws.parlament.ch/OData.svc/SubjectBusiness(BusinessNumber=20100076,IdSubject=18662L,Language='DE')","uri":"https://ws.parlament.ch/OData.svc/SubjectBusiness(BusinessNumber=20100076,IdSubject=18662L,Language='DE')","type":"itsystems.Pd.DataServices.DataModel.SubjectBusiness"},"Subjects":{"__deferred":{"uri":"https://ws.parlament.ch/OData.svc/SubjectBusiness(BusinessNumber=20100076,IdSubject=18662L,Language='DE')/Subjects"}},"Businesses":{"__deferred":{"uri":"https://ws.parlament.ch/OData.svc/SubjectBusiness(BusinessNumber=20100076,IdSubject=18662L,Language='DE')/Businesses"}},"IdSubject":"18662","BusinessNumber":20100076,"Language":"DE","BusinessShortNumber":"10.076","Title":"Zusammenarbeit mit den Staaten Osteuropas und der GUS. Weiterf\u00fchrung","SortOrder":1,"PublishedNotes":"Fortsetzung - Suite\n","Modified":"\/Date(1447069447806)\/","TitleDE":"Zusammenarbeit\nmit den Staaten Osteuropas\nund der GUS. Weiterf\u00fchrung","TitleFR":"Coop\u00e9ration avec les Etats\nd'Europe de l'Est\net de la CEI. Poursuite","TitleIT":null}]},"Transcripts":{"results":[{"__metadata":{"id":"https://ws.parlament.ch/OData.svc/Transcript(ID=115739L,Language='DE')","uri":"https://ws.parlament.ch/OData.svc/Transcript(ID=115739L,Language='DE')","type":"itsystems.Pd.DataServices.DataModel.Transcript"},"Subjects":{"__deferred":{"uri":"https://ws.parlament.ch/OData.svc/Transcript(ID=115739L,Language='DE')/Subjects"}},"MembersCouncil":{"__deferred":{"uri":"https://ws.parlament.ch/OData.svc/Transcript(ID=115739L,Language='DE')/MembersCouncil"}},"Businesses":{"__deferred":{"uri":"https://ws.parlament.ch/OData.svc/Transcript(ID=115739L,Language='DE')/Businesses"}},"ID":"115739","Language":"DE","IdSubject":"18662","VoteId":"4992","PersonNumber":null,"Type":2,"Text":"<pd_text><p><i>Gesamtabstimmung - Vote sur l'ensemble</i></p>\n<p>[NAM]</p>\n<p>F\u00fcr Annahme des Entwurfes ... 110 Stimmen</p>\n<p>Dagegen ... 76 Stimmen</p>\n</pd_text>","MeetingCouncilAbbreviation":"N","MeetingDate":"20110228","MeetingVerbalixOid":2024,"IdSession":"4817","SpeakerFirstName":null,"SpeakerLastName":null,"SpeakerFullName":"","SpeakerFunction":null,"CouncilId":null,"CouncilName":null,"CantonId":null,"CantonName":null,"CantonAbbreviation":null,"ParlGroupName":null,"ParlGroupAbbreviation":null,"SortOrder":5,"Start":null,"End":null,"Function":null,"DisplaySpeaker":null,"LanguageOfText":"DE","Modified":"\/Date(1774877705671)\/","StartTimeWithTimezone":null,"EndTimeWithTimezone":null,"VoteBusinessNumber":20100076,"VoteBusinessShortNumber":"10.076","VoteBusinessTitle":"Zusammenarbeit\nmit den Staaten Osteuropas\nund der GUS. Weiterf\u00fchrung"},{"__metadata":{"id":"https://ws.parlament.ch/OData.svc/Transcript(ID=115740L,Language='DE')","uri":"https://ws.parlament.ch/OData.svc/Transcript(ID=115740L,Language='DE')","type":"itsystems.Pd.DataServices.DataModel.Transcript"},"Subjects":{"__deferred":{"uri":"https://ws.parlament.ch/OData.svc/Transcript(ID=115740L,Language='DE')/Subjects"}},"MembersCouncil":{"__deferred":{"uri":"https://ws.parlament.ch/OData.svc/Transcript(ID=115740L,Language='DE')/MembersCouncil"}},"Businesses":{"__deferred":{"uri":"https://ws.parlament.ch/OData.svc/Transcript(ID=115740L,Language='DE')/Businesses"}},"ID":"115740","Language":"DE","IdSubject":"18662","VoteId":"4991","PersonNumber":null,"Type":2,"Text":"<pd_text><p><i>Art. 1</i></p>\n<p>[VS]</p>\n<p><i>Ausgabenbremse - Frein aux d\u00e9penses</i></p>\n<p>[VS]</p>\n<p><i>Abstimmung - Vote</i></p>\n<p>[NAM]</p>\n<p>F\u00fcr Annahme der Ausgabe ... 113 Stimmen</p>\n<p>Dagegen ... 77 Stimmen</p>\n<p>[VS]</p>\n<p><i>Das qualifizierte Mehr ist erreicht</i></p>\n<p><i>La majorit\u00e9 qualifi\u00e9e est acquise</i></p>\n<p>[VS]</p>\n</pd_text>","MeetingCouncilAbbreviation":"N","MeetingDate":"20110228","MeetingVerbalixOid":2024,"IdSession":"4817","SpeakerFirstName":null,"SpeakerLastName":null,"SpeakerFullName":"","SpeakerFunction":null,"CouncilId":null,"CouncilName":null,"CantonId":null,"CantonName":null,"CantonAbbreviation":null,"ParlGroupName":null,"ParlGroupAbbreviation":null,"SortOrder":4,"Start":null,"End":null,"Function":null,"DisplaySpeaker":null,"LanguageOfText":"DE","Modified":"\/Date(1774877705669)\/","StartTimeWithTimezone":null,"EndTimeWithTimezone":null,"VoteBusinessNumber":20100076,"VoteBusinessShortNumber":"10.076","VoteBusinessTitle":"Zusammenarbeit\nmit den Staaten Osteuropas\nund der GUS. Weiterf\u00fchrung"},{"__metadata":{"id":"https://ws.parlament.ch/OData.svc/Transcript(ID=115741L,Language='DE')","uri":"https://ws.parlament.ch/OData.svc/Transcript(ID=115741L,Language='DE')","type":"itsystems.Pd.DataServices.DataModel.Transcript"},"Subjects":{"__deferred":{"uri":"https://ws.parlament.ch/OData.svc/Transcript(ID=115741L,Language='DE')/Subjects"}},"MembersCouncil":{"__deferred":{"uri":"https://ws.parlament.ch/OData.svc/Transcript(ID=115741L,Language='DE')/MembersCouncil"}},"Businesses":{"__deferred":{"uri":"https://ws.parlament.ch/OData.svc/Transcript(ID=115741L,Language='DE')/Businesses"}},"ID":"115741","Language":"DE","IdSubject":"18662","VoteId":null,"PersonNumber":null,"Type":3,"Text":"<pd_text><p><b>Bundesbeschluss \u00fcber die Verl\u00e4ngerung und Aufstockung des IV. Rahmenkredits zur Weiterf\u00fchrung der Zusammenarbeit mit den Staaten Osteuropas und der GUS </b></p>\n<p><b>Arr\u00eat\u00e9 f\u00e9d\u00e9ral portant prorogation et augmentation du IVe cr\u00e9dit-cadre pour la poursuite de la coop\u00e9ration avec les Etats d'Europe de l'Est et de la CEI </b></p>\n<p>[VS]</p>\n<p><i>Detailberatung - Discussion par article</i></p>\n<p>[VS]</p>\n<p><b>Titel und Ingress, Art. 1, 2</b></p>\n<p><i>Antrag der Kommission</i></p>\n<p>Zustimmung zum Beschluss des St\u00e4nderates</p>\n<p>[VS]</p>\n<p><b>Titre et pr\u00e9ambule, art. 1, 2</b></p>\n<p><i>Proposition de la commission</i></p>\n<p>Adh\u00e9rer \u00e0 la d\u00e9cision du Conseil des Etats</p>\n<p>[VS]</p>\n<p><i>Angenommen - Adopt\u00e9</i></p>\n</pd_text>","MeetingCouncilAbbreviation":"N","MeetingDate":"20110228","MeetingVerbalixOid":2024,"IdSession":"4817","SpeakerFirstName":null,"SpeakerLastName":null,"SpeakerFullName":"","SpeakerFunction":null,"CouncilId":null,"CouncilName":null,"CantonId":null,"CantonName":null,"CantonAbbreviation":null,"ParlGroupName":null,"ParlGroupAbbreviation":null,"SortOrder":3,"Start":null,"End":null,"Function":null,"DisplaySpeaker":null,"LanguageOfText":"DE","Modified":"\/Date(1774877705667)\/","StartTimeWithTimezone":null,"EndTimeWithTimezone":null,"VoteBusinessNumber":null,"VoteBusinessShortNumber":null,"VoteBusinessTitle":null},{"__metadata":{"id":"https://ws.parlament.ch/OData.svc/Transcript(ID=115742L,Language='DE')","uri":"https://ws.parlament.ch/OData.svc/Transcript(ID=115742L,Language='DE')","type":"itsystems.Pd.DataServices.DataModel.Transcript"},"Subjects":{"__deferred":{"uri":"https://ws.parlament.ch/OData.svc/Transcript(ID=115742L,Language='DE')/Subjects"}},"MembersCouncil":{"__deferred":{"uri":"https://ws.parlament.ch/OData.svc/Transcript(ID=115742L,Language='DE')/MembersCouncil"}},"Businesses":{"__deferred":{"uri":"https://ws.parlament.ch/OData.svc/Transcript(ID=115742L,Language='DE')/Businesses"}},"ID":"115742","Language":"DE","IdSubject":"18662","VoteId":"4990","PersonNumber":null,"Type":2,"Text":"<pd_text><p><i>Abstimmung - Vote</i></p>\n<p>[NAM]</p>\n<p>F\u00fcr Eintreten ... 123 Stimmen</p>\n<p>Dagegen ... 59 Stimmen</p>\n<p>[VS]</p>\n</pd_text>","MeetingCouncilAbbreviation":"N","MeetingDate":"20110228","MeetingVerbalixOid":2024,"IdSession":"4817","SpeakerFirstName":null,"SpeakerLastName":null,"SpeakerFullName":"","SpeakerFunction":null,"CouncilId":null,"CouncilName":null,"CantonId":null,"CantonName":null,"CantonAbbreviation":null,"ParlGroupName":null,"ParlGroupAbbreviation":null,"SortOrder":2,"Start":"\/Date(1298910990025)\/","End":"\/Date(1298910990025)\/","Function":null,"DisplaySpeaker":null,"LanguageOfText":"DE","Modified":"\/Date(1774877705666)\/","StartTimeWithTimezone":"\/Date(1298910990027+0060)\/","EndTimeWithTimezone":"\/Date(1298910990027+0060)\/","VoteBusinessNumber":20100076,"VoteBusinessShortNumber":"10.076","VoteBusinessTitle":"Zusammenarbeit\nmit den Staaten Osteuropas\nund der GUS. Weiterf\u00fchrung"},{"__metadata":{"id":"https://ws.parlament.ch/OData.svc/Transcript(ID=115743L,Language='DE')","uri":"https://ws.parlament.ch/OData.svc/Transcript(ID=115743L,Language='DE')","type":"itsystems.Pd.DataServices.DataModel.Transcript"},"Subjects":{"__deferred":{"uri":"https://ws.parlament.ch/OData.svc/Transcript(ID=115743L,Language='DE')/Subjects"}},"MembersCouncil":{"__deferred":{"uri":"https://ws.parlament.ch/OData.svc/Transcript(ID=115743L,Language='DE')/MembersCouncil"}},"Businesses":{"__deferred":{"uri":"https://ws.parlament.ch/OData.svc/Transcript(ID=115743L,Language='DE')/Businesses"}},"ID":"115743","Language":"DE","IdSubject":"18662","VoteId":null,"PersonNumber":1117,"Type":1,"Text":"<pd_text><p>Nous votons d'abord sur la proposition de non-entr\u00e9e en mati\u00e8re de la minorit\u00e9 Estermann.</p>\n</pd_text>","MeetingCouncilAbbreviation":"N","MeetingDate":"20110228","MeetingVerbalixOid":2024,"IdSession":"4817","SpeakerFirstName":"Jean-Ren\u00e9","SpeakerLastName":"Germanier","SpeakerFullName":"Germanier Jean-Ren\u00e9","SpeakerFunction":"P-M","CouncilId":1,"CouncilName":"Nationalrat","CantonId":23,"CantonName":"Wallis","CantonAbbreviation":"VS","ParlGroupName":"Freisinnig-demokratische Fraktion","ParlGroupAbbreviation":"RL","SortOrder":1,"Start":"\/Date(1298910919445)\/","End":"\/Date(1298910990025)\/","Function":"P-M","DisplaySpeaker":true,"LanguageOfText":"FR","Modified":"\/Date(1774877705664)\/","StartTimeWithTimezone":"\/Date(1298910919447+0060)\/","EndTimeWithTimezone":"\/Date(1298910990027+0060)\/","VoteBusinessNumber":null,"VoteBusinessShortNumber":null,"VoteBusinessTitle":null}]},"ID":"18662","Language":"DE","IdMeeting":"1293","VerbalixOid":345388,"SortOrder":4,"Modified":"\/Date(1774877705663)\/"}}