{"d":{"__metadata":{"id":"https://ws.parlament.ch/OData.svc/Subject(ID=1881L,Language='DE')","uri":"https://ws.parlament.ch/OData.svc/Subject(ID=1881L,Language='DE')","type":"itsystems.Pd.DataServices.DataModel.Subject"},"Meetings":{"__metadata":{"id":"https://ws.parlament.ch/OData.svc/Meeting(ID=125L,Language='DE')","uri":"https://ws.parlament.ch/OData.svc/Meeting(ID=125L,Language='DE')","type":"itsystems.Pd.DataServices.DataModel.Meeting"},"Sessions":{"__deferred":{"uri":"https://ws.parlament.ch/OData.svc/Meeting(ID=125L,Language='DE')/Sessions"}},"Subjects":{"__deferred":{"uri":"https://ws.parlament.ch/OData.svc/Meeting(ID=125L,Language='DE')/Subjects"}},"ID":"125","Language":"DE","MeetingNumber":8,"IdSession":4605,"SessionNumber":5,"SessionName":"Wintersession 2000","Council":2,"CouncilName":"St\u00e4nderat","CouncilAbbreviation":"SR","Date":"\/Date(976147200000)\/","Begin":"0800","Modified":"\/Date(1447069740350)\/","LegislativePeriodNumber":46,"PublicationStatus":"final","MeetingOrderText":"Achte Sitzung","SortOrder":8,"Location":"S"},"SubjectsBusiness":{"results":[{"__metadata":{"id":"https://ws.parlament.ch/OData.svc/SubjectBusiness(BusinessNumber=19990020,IdSubject=1881L,Language='DE')","uri":"https://ws.parlament.ch/OData.svc/SubjectBusiness(BusinessNumber=19990020,IdSubject=1881L,Language='DE')","type":"itsystems.Pd.DataServices.DataModel.SubjectBusiness"},"Subjects":{"__deferred":{"uri":"https://ws.parlament.ch/OData.svc/SubjectBusiness(BusinessNumber=19990020,IdSubject=1881L,Language='DE')/Subjects"}},"Businesses":{"__deferred":{"uri":"https://ws.parlament.ch/OData.svc/SubjectBusiness(BusinessNumber=19990020,IdSubject=1881L,Language='DE')/Businesses"}},"IdSubject":"1881","BusinessNumber":19990020,"Language":"DE","BusinessShortNumber":"99.020","Title":"Heilmittelgesetz","SortOrder":1,"PublishedNotes":"Differenzen - Divergences\n","Modified":"\/Date(1447069095103)\/","TitleDE":"Heilmittelgesetz","TitleFR":"Loi sur les produits th\u00e9rapeutiques","TitleIT":null}]},"Transcripts":{"results":[{"__metadata":{"id":"https://ws.parlament.ch/OData.svc/Transcript(ID=9789L,Language='DE')","uri":"https://ws.parlament.ch/OData.svc/Transcript(ID=9789L,Language='DE')","type":"itsystems.Pd.DataServices.DataModel.Transcript"},"Subjects":{"__deferred":{"uri":"https://ws.parlament.ch/OData.svc/Transcript(ID=9789L,Language='DE')/Subjects"}},"MembersCouncil":{"__deferred":{"uri":"https://ws.parlament.ch/OData.svc/Transcript(ID=9789L,Language='DE')/MembersCouncil"}},"Businesses":{"__deferred":{"uri":"https://ws.parlament.ch/OData.svc/Transcript(ID=9789L,Language='DE')/Businesses"}},"ID":"9789","Language":"DE","IdSubject":"1881","VoteId":null,"PersonNumber":378,"Type":1,"Text":"<pd_text><p><i>Angenommen - Adopt\u00e9</i></p>\n</pd_text>","MeetingCouncilAbbreviation":"S","MeetingDate":"20001207","MeetingVerbalixOid":762,"IdSession":"4605","SpeakerFirstName":"Fran\u00e7oise","SpeakerLastName":"Saudan","SpeakerFullName":"Saudan Fran\u00e7oise","SpeakerFunction":"P-F","CouncilId":2,"CouncilName":"St\u00e4nderat","CantonId":25,"CantonName":"Genf","CantonAbbreviation":"GE","ParlGroupName":"Freisinnig-demokratische Fraktion","ParlGroupAbbreviation":"RL","SortOrder":10,"Start":"\/Date(976176572153)\/","End":"\/Date(976176620843)\/","Function":"","DisplaySpeaker":false,"LanguageOfText":null,"Modified":"\/Date(1510849238733)\/","StartTimeWithTimezone":"\/Date(976176572153+0060)\/","EndTimeWithTimezone":"\/Date(976176620843+0060)\/","VoteBusinessNumber":null,"VoteBusinessShortNumber":null,"VoteBusinessTitle":null},{"__metadata":{"id":"https://ws.parlament.ch/OData.svc/Transcript(ID=9790L,Language='DE')","uri":"https://ws.parlament.ch/OData.svc/Transcript(ID=9790L,Language='DE')","type":"itsystems.Pd.DataServices.DataModel.Transcript"},"Subjects":{"__deferred":{"uri":"https://ws.parlament.ch/OData.svc/Transcript(ID=9790L,Language='DE')/Subjects"}},"MembersCouncil":{"__deferred":{"uri":"https://ws.parlament.ch/OData.svc/Transcript(ID=9790L,Language='DE')/MembersCouncil"}},"Businesses":{"__deferred":{"uri":"https://ws.parlament.ch/OData.svc/Transcript(ID=9790L,Language='DE')/Businesses"}},"ID":"9790","Language":"DE","IdSubject":"1881","VoteId":null,"PersonNumber":430,"Type":1,"Text":"<pd_text><p>Dans ce cas, j'aimerais ajouter un mot pour que l'on comprenne bien. La t\u00e2che qui incombera au Conseil f\u00e9d\u00e9ral est de d\u00e9terminer dans quelle mesure des droguistes titulaires du dipl\u00f4me f\u00e9d\u00e9ral peuvent remettre tous les m\u00e9dicaments non soumis \u00e0 ordonnance. L'intention du Conseil f\u00e9d\u00e9ral est de ne pas encourager le risque de confusion entre la profession de pharmacien et la formation de droguiste. Sa ferme intention est de veiller \u00e0 ce que dans les cantons, en g\u00e9n\u00e9ral plut\u00f4t campagnards, qui ont institu\u00e9 ce type de d\u00e9rogation - car la prescription de m\u00e9dicaments par le m\u00e9decin est fr\u00e9quente et le nombre de pharmacies bas -, cette pratique traditionnelle suisse se poursuivre. Et dans des conditions analogues, mais tr\u00e8s strictement d\u00e9finies, cela pourrait \u00eatre \u00e9galement le cas dans d'autres cantons. Mais l'intention du Conseil f\u00e9d\u00e9ral n'est pas, en d\u00e9terminant les conditions dans lesquelles ce droit est accord\u00e9, d'aller dans le sens d'un \u00e9largissement de la confusion des r\u00f4les entre droguistes et pharmaciens.</p>\n</pd_text>","MeetingCouncilAbbreviation":"S","MeetingDate":"20001207","MeetingVerbalixOid":762,"IdSession":"4605","SpeakerFirstName":"Ruth","SpeakerLastName":"Dreifuss","SpeakerFullName":"Dreifuss Ruth","SpeakerFunction":"BR-F","CouncilId":99,"CouncilName":"Bundesrat","CantonId":25,"CantonName":"Genf","CantonAbbreviation":"GE","ParlGroupName":null,"ParlGroupAbbreviation":null,"SortOrder":9,"Start":"\/Date(976176484777)\/","End":"\/Date(976176572153)\/","Function":"","DisplaySpeaker":true,"LanguageOfText":"FR","Modified":"\/Date(1510849238733)\/","StartTimeWithTimezone":"\/Date(976176484777+0060)\/","EndTimeWithTimezone":"\/Date(976176572153+0060)\/","VoteBusinessNumber":null,"VoteBusinessShortNumber":null,"VoteBusinessTitle":null},{"__metadata":{"id":"https://ws.parlament.ch/OData.svc/Transcript(ID=9791L,Language='DE')","uri":"https://ws.parlament.ch/OData.svc/Transcript(ID=9791L,Language='DE')","type":"itsystems.Pd.DataServices.DataModel.Transcript"},"Subjects":{"__deferred":{"uri":"https://ws.parlament.ch/OData.svc/Transcript(ID=9791L,Language='DE')/Subjects"}},"MembersCouncil":{"__deferred":{"uri":"https://ws.parlament.ch/OData.svc/Transcript(ID=9791L,Language='DE')/MembersCouncil"}},"Businesses":{"__deferred":{"uri":"https://ws.parlament.ch/OData.svc/Transcript(ID=9791L,Language='DE')/Businesses"}},"ID":"9791","Language":"DE","IdSubject":"1881","VoteId":null,"PersonNumber":12,"Type":1,"Text":"<pd_text><p>Hier handelt es sich auch einzig um eine kleine Erg\u00e4nzung, mit der wir ebenfalls einverstanden sind.</p>\n</pd_text>","MeetingCouncilAbbreviation":"S","MeetingDate":"20001207","MeetingVerbalixOid":762,"IdSession":"4605","SpeakerFirstName":"Christine","SpeakerLastName":"Beerli","SpeakerFullName":"Beerli Christine","SpeakerFunction":"","CouncilId":2,"CouncilName":"St\u00e4nderat","CantonId":2,"CantonName":"Bern","CantonAbbreviation":"BE","ParlGroupName":"Freisinnig-demokratische Fraktion","ParlGroupAbbreviation":"RL","SortOrder":8,"Start":"\/Date(976176470717)\/","End":"\/Date(976176484777)\/","Function":"*","DisplaySpeaker":true,"LanguageOfText":"DE","Modified":"\/Date(1510849238733)\/","StartTimeWithTimezone":"\/Date(976176470717+0060)\/","EndTimeWithTimezone":"\/Date(976176484777+0060)\/","VoteBusinessNumber":null,"VoteBusinessShortNumber":null,"VoteBusinessTitle":null},{"__metadata":{"id":"https://ws.parlament.ch/OData.svc/Transcript(ID=9792L,Language='DE')","uri":"https://ws.parlament.ch/OData.svc/Transcript(ID=9792L,Language='DE')","type":"itsystems.Pd.DataServices.DataModel.Transcript"},"Subjects":{"__deferred":{"uri":"https://ws.parlament.ch/OData.svc/Transcript(ID=9792L,Language='DE')/Subjects"}},"MembersCouncil":{"__deferred":{"uri":"https://ws.parlament.ch/OData.svc/Transcript(ID=9792L,Language='DE')/MembersCouncil"}},"Businesses":{"__deferred":{"uri":"https://ws.parlament.ch/OData.svc/Transcript(ID=9792L,Language='DE')/Businesses"}},"ID":"9792","Language":"DE","IdSubject":"1881","VoteId":null,"PersonNumber":378,"Type":1,"Text":"<pd_text><p><i>Angenommen - Adopt\u00e9</i></p>\n<p>[VS]</p>\n<p><b>Art. 25 Abs. 3bis</b></p>\n<p><i>Antrag der Kommission</i></p>\n<p>Zustimmung zum Beschluss des Nationalrates</p>\n<p>[VS]</p>\n<p><b>Art. 25 al. 3bis</b></p>\n<p><i>Proposition de la commission</i></p>\n<p>Adh\u00e9rer \u00e0 la d\u00e9cision du Conseil national</p>\n</pd_text>","MeetingCouncilAbbreviation":"S","MeetingDate":"20001207","MeetingVerbalixOid":762,"IdSession":"4605","SpeakerFirstName":"Fran\u00e7oise","SpeakerLastName":"Saudan","SpeakerFullName":"Saudan Fran\u00e7oise","SpeakerFunction":"P-F","CouncilId":2,"CouncilName":"St\u00e4nderat","CantonId":25,"CantonName":"Genf","CantonAbbreviation":"GE","ParlGroupName":"Freisinnig-demokratische Fraktion","ParlGroupAbbreviation":"RL","SortOrder":7,"Start":"\/Date(976176440233)\/","End":"\/Date(976176470717)\/","Function":"","DisplaySpeaker":false,"LanguageOfText":null,"Modified":"\/Date(1510849238720)\/","StartTimeWithTimezone":"\/Date(976176440233+0060)\/","EndTimeWithTimezone":"\/Date(976176470717+0060)\/","VoteBusinessNumber":null,"VoteBusinessShortNumber":null,"VoteBusinessTitle":null},{"__metadata":{"id":"https://ws.parlament.ch/OData.svc/Transcript(ID=9793L,Language='DE')","uri":"https://ws.parlament.ch/OData.svc/Transcript(ID=9793L,Language='DE')","type":"itsystems.Pd.DataServices.DataModel.Transcript"},"Subjects":{"__deferred":{"uri":"https://ws.parlament.ch/OData.svc/Transcript(ID=9793L,Language='DE')/Subjects"}},"MembersCouncil":{"__deferred":{"uri":"https://ws.parlament.ch/OData.svc/Transcript(ID=9793L,Language='DE')/MembersCouncil"}},"Businesses":{"__deferred":{"uri":"https://ws.parlament.ch/OData.svc/Transcript(ID=9793L,Language='DE')/Businesses"}},"ID":"9793","Language":"DE","IdSubject":"1881","VoteId":null,"PersonNumber":12,"Type":1,"Text":"<pd_text><p>Es handelt sich um den Artikel, der wohl bei der Beratung dieses Gesetzes am meisten zu diskutieren gegeben hat. Ihre Kommission und Ihr Rat haben anl\u00e4sslich der letzten Beratung den Weg[PAGE 856] vorgespurt. Der Rat hat sich f\u00fcr ein Konzept entschieden, das in weiten Teilen \"verh\u00e4lt\" und vom Nationalrat in den weitesten Teilen \u00fcbernommen worden ist. Der Nationalrat hat in einigen wenigen Punkten noch \u00c4nderungen angef\u00fcgt, die wir Sie bitten zu \u00fcbernehmen.</p>\n<p>Wir bitten Sie, bei Artikel 14 integral der Fassung des Nationalrates zu folgen. Der Nationalrat hat namentlich noch einmal die Frage des Verh\u00e4ltnisses des Schutzes des Erstanmelders zum Patentschutz diskutiert; er hat eine Doppelspurigkeit festgestellt und sich darauf geeinigt, einzig den Patentschutz zu verankern. Wir sind mit dieser \u00c4nderung einverstanden.</p>\n<p>Zus\u00e4tzlich hat der Nationalrat festgehalten, dass die Einzelheiten vom Bundesrat zu regeln sein werden. Die Einzelheiten der Geltendmachung des Patentschutzes sind vom Bundesrat in einer Verordnung zu regeln. Wir sind auch mit diesem Zusatz einverstanden.</p>\n</pd_text>","MeetingCouncilAbbreviation":"S","MeetingDate":"20001207","MeetingVerbalixOid":762,"IdSession":"4605","SpeakerFirstName":"Christine","SpeakerLastName":"Beerli","SpeakerFullName":"Beerli Christine","SpeakerFunction":"","CouncilId":2,"CouncilName":"St\u00e4nderat","CantonId":2,"CantonName":"Bern","CantonAbbreviation":"BE","ParlGroupName":"Freisinnig-demokratische Fraktion","ParlGroupAbbreviation":"RL","SortOrder":6,"Start":"\/Date(976176363023)\/","End":"\/Date(976176440233)\/","Function":"*","DisplaySpeaker":true,"LanguageOfText":"DE","Modified":"\/Date(1510849238720)\/","StartTimeWithTimezone":"\/Date(976176363023+0060)\/","EndTimeWithTimezone":"\/Date(976176440233+0060)\/","VoteBusinessNumber":null,"VoteBusinessShortNumber":null,"VoteBusinessTitle":null},{"__metadata":{"id":"https://ws.parlament.ch/OData.svc/Transcript(ID=9794L,Language='DE')","uri":"https://ws.parlament.ch/OData.svc/Transcript(ID=9794L,Language='DE')","type":"itsystems.Pd.DataServices.DataModel.Transcript"},"Subjects":{"__deferred":{"uri":"https://ws.parlament.ch/OData.svc/Transcript(ID=9794L,Language='DE')/Subjects"}},"MembersCouncil":{"__deferred":{"uri":"https://ws.parlament.ch/OData.svc/Transcript(ID=9794L,Language='DE')/MembersCouncil"}},"Businesses":{"__deferred":{"uri":"https://ws.parlament.ch/OData.svc/Transcript(ID=9794L,Language='DE')/Businesses"}},"ID":"9794","Language":"DE","IdSubject":"1881","VoteId":null,"PersonNumber":378,"Type":1,"Text":"<pd_text><p><i>Angenommen - Adopt\u00e9</i></p>\n<p>[VS]</p>\n<p><b>Art. 14 Abs. 2, 3</b></p>\n<p><i>Antrag der Kommission</i></p>\n<p>Zustimmung zum Beschluss des Nationalrates</p>\n<p>[VS]</p>\n<p><b>Art. 14 al. 2, 3</b></p>\n<p><i>Proposition de la commission</i></p>\n<p>Adh\u00e9rer \u00e0 la d\u00e9cision du Conseil national</p>\n</pd_text>","MeetingCouncilAbbreviation":"S","MeetingDate":"20001207","MeetingVerbalixOid":762,"IdSession":"4605","SpeakerFirstName":"Fran\u00e7oise","SpeakerLastName":"Saudan","SpeakerFullName":"Saudan Fran\u00e7oise","SpeakerFunction":"P-F","CouncilId":2,"CouncilName":"St\u00e4nderat","CantonId":25,"CantonName":"Genf","CantonAbbreviation":"GE","ParlGroupName":"Freisinnig-demokratische Fraktion","ParlGroupAbbreviation":"RL","SortOrder":5,"Start":"\/Date(976176349673)\/","End":"\/Date(976176363023)\/","Function":"","DisplaySpeaker":false,"LanguageOfText":null,"Modified":"\/Date(1510849238720)\/","StartTimeWithTimezone":"\/Date(976176349673+0060)\/","EndTimeWithTimezone":"\/Date(976176363023+0060)\/","VoteBusinessNumber":null,"VoteBusinessShortNumber":null,"VoteBusinessTitle":null},{"__metadata":{"id":"https://ws.parlament.ch/OData.svc/Transcript(ID=9795L,Language='DE')","uri":"https://ws.parlament.ch/OData.svc/Transcript(ID=9795L,Language='DE')","type":"itsystems.Pd.DataServices.DataModel.Transcript"},"Subjects":{"__deferred":{"uri":"https://ws.parlament.ch/OData.svc/Transcript(ID=9795L,Language='DE')/Subjects"}},"MembersCouncil":{"__deferred":{"uri":"https://ws.parlament.ch/OData.svc/Transcript(ID=9795L,Language='DE')/MembersCouncil"}},"Businesses":{"__deferred":{"uri":"https://ws.parlament.ch/OData.svc/Transcript(ID=9795L,Language='DE')/Businesses"}},"ID":"9795","Language":"DE","IdSubject":"1881","VoteId":null,"PersonNumber":12,"Type":1,"Text":"<pd_text><p>Auch bei Artikel 10 bitten wir Sie, sich dem Nationalrat anzuschliessen. Es wird einzig ein kleiner Zusatz beigef\u00fcgt, den wir auch immer bef\u00fcrwortet haben, dass n\u00e4mlich die Grosshandelsbewilligung von \"der zust\u00e4ndigen Beh\u00f6rde\" zu verf\u00fcgen sei.</p>\n</pd_text>","MeetingCouncilAbbreviation":"S","MeetingDate":"20001207","MeetingVerbalixOid":762,"IdSession":"4605","SpeakerFirstName":"Christine","SpeakerLastName":"Beerli","SpeakerFullName":"Beerli Christine","SpeakerFunction":"","CouncilId":2,"CouncilName":"St\u00e4nderat","CantonId":2,"CantonName":"Bern","CantonAbbreviation":"BE","ParlGroupName":"Freisinnig-demokratische Fraktion","ParlGroupAbbreviation":"RL","SortOrder":4,"Start":"\/Date(976176332157)\/","End":"\/Date(976176349673)\/","Function":"*","DisplaySpeaker":true,"LanguageOfText":"DE","Modified":"\/Date(1510849238720)\/","StartTimeWithTimezone":"\/Date(976176332157+0060)\/","EndTimeWithTimezone":"\/Date(976176349673+0060)\/","VoteBusinessNumber":null,"VoteBusinessShortNumber":null,"VoteBusinessTitle":null},{"__metadata":{"id":"https://ws.parlament.ch/OData.svc/Transcript(ID=9796L,Language='DE')","uri":"https://ws.parlament.ch/OData.svc/Transcript(ID=9796L,Language='DE')","type":"itsystems.Pd.DataServices.DataModel.Transcript"},"Subjects":{"__deferred":{"uri":"https://ws.parlament.ch/OData.svc/Transcript(ID=9796L,Language='DE')/Subjects"}},"MembersCouncil":{"__deferred":{"uri":"https://ws.parlament.ch/OData.svc/Transcript(ID=9796L,Language='DE')/MembersCouncil"}},"Businesses":{"__deferred":{"uri":"https://ws.parlament.ch/OData.svc/Transcript(ID=9796L,Language='DE')/Businesses"}},"ID":"9796","Language":"DE","IdSubject":"1881","VoteId":null,"PersonNumber":378,"Type":1,"Text":"<pd_text><p><b>Art. 10 Abs. 1 Bst. b</b></p>\n<p><i>Antrag der Kommission</i></p>\n<p>Zustimmung zum Beschluss des Nationalrates</p>\n<p>[VS]</p>\n<p><b>Art. 10 al. 1 let. b</b></p>\n<p><i>Proposition de la commission</i></p>\n<p>Adh\u00e9rer \u00e0 la d\u00e9cision du Conseil national</p>\n</pd_text>","MeetingCouncilAbbreviation":"S","MeetingDate":"20001207","MeetingVerbalixOid":762,"IdSession":"4605","SpeakerFirstName":"Fran\u00e7oise","SpeakerLastName":"Saudan","SpeakerFullName":"Saudan Fran\u00e7oise","SpeakerFunction":"P-F","CouncilId":2,"CouncilName":"St\u00e4nderat","CantonId":25,"CantonName":"Genf","CantonAbbreviation":"GE","ParlGroupName":"Freisinnig-demokratische Fraktion","ParlGroupAbbreviation":"RL","SortOrder":3,"Start":"\/Date(976176300720)\/","End":"\/Date(976176332157)\/","Function":"","DisplaySpeaker":false,"LanguageOfText":null,"Modified":"\/Date(1510849238720)\/","StartTimeWithTimezone":"\/Date(976176300720+0060)\/","EndTimeWithTimezone":"\/Date(976176332157+0060)\/","VoteBusinessNumber":null,"VoteBusinessShortNumber":null,"VoteBusinessTitle":null},{"__metadata":{"id":"https://ws.parlament.ch/OData.svc/Transcript(ID=9797L,Language='DE')","uri":"https://ws.parlament.ch/OData.svc/Transcript(ID=9797L,Language='DE')","type":"itsystems.Pd.DataServices.DataModel.Transcript"},"Subjects":{"__deferred":{"uri":"https://ws.parlament.ch/OData.svc/Transcript(ID=9797L,Language='DE')/Subjects"}},"MembersCouncil":{"__deferred":{"uri":"https://ws.parlament.ch/OData.svc/Transcript(ID=9797L,Language='DE')/MembersCouncil"}},"Businesses":{"__deferred":{"uri":"https://ws.parlament.ch/OData.svc/Transcript(ID=9797L,Language='DE')/Businesses"}},"ID":"9797","Language":"DE","IdSubject":"1881","VoteId":null,"PersonNumber":12,"Type":1,"Text":"<pd_text><p>Auch bei diesem Gesch\u00e4ft beantragt Ihnen die Kommission \u00fcberall, sich dem Nationalrat anzuschliessen.</p>\n<p>Ich kann zu Artikel 5 ausf\u00fchren - das ist die erste Differenz -, dass es sich hier um einen Fehler auf der Fahne handelt. An und f\u00fcr sich haben wir schon das letzte Mal wie der Nationalrat entschieden, aber es wurde auf der Fahne falsch festgehalten, so dass wir jetzt formell, damit alles in Ordnung geht, diesen Entscheid noch einmal f\u00e4llen und uns dem Nationalrat anschliessen.</p>\n<p>[VS]</p>\n<p><i>Angenommen - Adopt\u00e9</i></p>\n</pd_text>","MeetingCouncilAbbreviation":"S","MeetingDate":"20001207","MeetingVerbalixOid":762,"IdSession":"4605","SpeakerFirstName":"Christine","SpeakerLastName":"Beerli","SpeakerFullName":"Beerli Christine","SpeakerFunction":"","CouncilId":2,"CouncilName":"St\u00e4nderat","CantonId":2,"CantonName":"Bern","CantonAbbreviation":"BE","ParlGroupName":"Freisinnig-demokratische Fraktion","ParlGroupAbbreviation":"RL","SortOrder":2,"Start":"\/Date(976176255500)\/","End":"\/Date(976176300720)\/","Function":"*","DisplaySpeaker":true,"LanguageOfText":"DE","Modified":"\/Date(1510849238720)\/","StartTimeWithTimezone":"\/Date(976176255500+0060)\/","EndTimeWithTimezone":"\/Date(976176300720+0060)\/","VoteBusinessNumber":null,"VoteBusinessShortNumber":null,"VoteBusinessTitle":null},{"__metadata":{"id":"https://ws.parlament.ch/OData.svc/Transcript(ID=9798L,Language='DE')","uri":"https://ws.parlament.ch/OData.svc/Transcript(ID=9798L,Language='DE')","type":"itsystems.Pd.DataServices.DataModel.Transcript"},"Subjects":{"__deferred":{"uri":"https://ws.parlament.ch/OData.svc/Transcript(ID=9798L,Language='DE')/Subjects"}},"MembersCouncil":{"__deferred":{"uri":"https://ws.parlament.ch/OData.svc/Transcript(ID=9798L,Language='DE')/MembersCouncil"}},"Businesses":{"__deferred":{"uri":"https://ws.parlament.ch/OData.svc/Transcript(ID=9798L,Language='DE')/Businesses"}},"ID":"9798","Language":"DE","IdSubject":"1881","VoteId":null,"PersonNumber":378,"Type":1,"Text":"<pd_text><p><b>Bundesgesetz \u00fcber Arzneimittel und Medizinprodukte </b></p>\n<p><b>Loi f\u00e9d\u00e9rale sur les m\u00e9dicaments et les dispositifs m\u00e9dicaux </b></p>\n<p>[VS]</p>\n<p><b>Art. 5 Abs. 2</b></p>\n<p><i>Antrag der Kommission</i></p>\n<p>Zustimmung zum Beschluss des Nationalrates</p>\n<p>[VS]</p>\n<p><b>Art. 5 al. 2</b></p>\n<p><i>Proposition de la commission</i></p>\n<p>Adh\u00e9rer \u00e0 la d\u00e9cision du Conseil national</p>\n</pd_text>","MeetingCouncilAbbreviation":"S","MeetingDate":"20001207","MeetingVerbalixOid":762,"IdSession":"4605","SpeakerFirstName":"Fran\u00e7oise","SpeakerLastName":"Saudan","SpeakerFullName":"Saudan Fran\u00e7oise","SpeakerFunction":"P-F","CouncilId":2,"CouncilName":"St\u00e4nderat","CantonId":25,"CantonName":"Genf","CantonAbbreviation":"GE","ParlGroupName":"Freisinnig-demokratische Fraktion","ParlGroupAbbreviation":"RL","SortOrder":1,"Start":"\/Date(976176248563)\/","End":"\/Date(976176255500)\/","Function":"","DisplaySpeaker":false,"LanguageOfText":null,"Modified":"\/Date(1510849238720)\/","StartTimeWithTimezone":"\/Date(976176248563+0060)\/","EndTimeWithTimezone":"\/Date(976176255500+0060)\/","VoteBusinessNumber":null,"VoteBusinessShortNumber":null,"VoteBusinessTitle":null}]},"ID":"1881","Language":"DE","IdMeeting":"125","VerbalixOid":23404,"SortOrder":2,"Modified":"\/Date(1510849238720)\/"}}