{"d":{"__metadata":{"id":"https://ws.parlament.ch/OData.svc/Subject(ID=18889L,Language='DE')","uri":"https://ws.parlament.ch/OData.svc/Subject(ID=18889L,Language='DE')","type":"itsystems.Pd.DataServices.DataModel.Subject"},"Meetings":{"__metadata":{"id":"https://ws.parlament.ch/OData.svc/Meeting(ID=1310L,Language='DE')","uri":"https://ws.parlament.ch/OData.svc/Meeting(ID=1310L,Language='DE')","type":"itsystems.Pd.DataServices.DataModel.Meeting"},"Sessions":{"__deferred":{"uri":"https://ws.parlament.ch/OData.svc/Meeting(ID=1310L,Language='DE')/Sessions"}},"Subjects":{"__deferred":{"uri":"https://ws.parlament.ch/OData.svc/Meeting(ID=1310L,Language='DE')/Subjects"}},"ID":"1310","Language":"DE","MeetingNumber":15,"IdSession":4817,"SessionNumber":17,"SessionName":"Fr\u00fchjahrssession 2011","Council":1,"CouncilName":"Nationalrat","CouncilAbbreviation":"NR","Date":"\/Date(1300320000000)\/","Begin":"0800","Modified":"\/Date(1447070181143)\/","LegislativePeriodNumber":48,"PublicationStatus":"final","MeetingOrderText":"F\u00fcnfzehnte Sitzung","SortOrder":15,"Location":"N"},"SubjectsBusiness":{"results":[{"__metadata":{"id":"https://ws.parlament.ch/OData.svc/SubjectBusiness(BusinessNumber=20100472,IdSubject=18889L,Language='DE')","uri":"https://ws.parlament.ch/OData.svc/SubjectBusiness(BusinessNumber=20100472,IdSubject=18889L,Language='DE')","type":"itsystems.Pd.DataServices.DataModel.SubjectBusiness"},"Subjects":{"__deferred":{"uri":"https://ws.parlament.ch/OData.svc/SubjectBusiness(BusinessNumber=20100472,IdSubject=18889L,Language='DE')/Subjects"}},"Businesses":{"__deferred":{"uri":"https://ws.parlament.ch/OData.svc/SubjectBusiness(BusinessNumber=20100472,IdSubject=18889L,Language='DE')/Businesses"}},"IdSubject":"18889","BusinessNumber":20100472,"Language":"DE","BusinessShortNumber":"10.472","Title":"Mindestens 5 Wochen Ferien f\u00fcr Personen \u00fcber 50","SortOrder":1,"PublishedNotes":"Fortsetzung - Suite\n","Modified":"\/Date(1447069451790)\/","TitleDE":"Parlamentarische Initiative\nde Buman Dominique.\nMindestens 5 Wochen Ferien\nf\u00fcr Personen \u00fcber 50","TitleFR":"Initiative parlementaire\nde Buman Dominique.\n5 semaines de vacances au moins\nd\u00e8s 50 ans","TitleIT":null}]},"Transcripts":{"results":[{"__metadata":{"id":"https://ws.parlament.ch/OData.svc/Transcript(ID=117337L,Language='DE')","uri":"https://ws.parlament.ch/OData.svc/Transcript(ID=117337L,Language='DE')","type":"itsystems.Pd.DataServices.DataModel.Transcript"},"Subjects":{"__deferred":{"uri":"https://ws.parlament.ch/OData.svc/Transcript(ID=117337L,Language='DE')/Subjects"}},"MembersCouncil":{"__deferred":{"uri":"https://ws.parlament.ch/OData.svc/Transcript(ID=117337L,Language='DE')/MembersCouncil"}},"Businesses":{"__deferred":{"uri":"https://ws.parlament.ch/OData.svc/Transcript(ID=117337L,Language='DE')/Businesses"}},"ID":"117337","Language":"DE","IdSubject":"18889","VoteId":"5296","PersonNumber":null,"Type":2,"Text":"<pd_text><p><b>Le pr\u00e9sident </b>(Germanier Jean-Ren\u00e9, pr\u00e9sident): Vous avez re\u00e7u un rapport \u00e9crit de la commission. La commission propose de ne pas donner suite \u00e0 l'initiative.</p>\n<p>[VS]</p>\n<p><i>Abstimmung - Vote</i></p>\n<p>[NAM]</p>\n<p>F\u00fcr Folgegeben ... 72 Stimmen</p>\n<p>Dagegen ... 100 Stimmen</p>\n<p>[VS]</p>\n<p>[VS]</p>\n<p>[VS]</p>\n<p><i>Schluss der Sitzung um 12.40 Uhr</i></p>\n<p><i>La s\u00e9ance est lev\u00e9e \u00e0 12 h 40</i></p>\n<p>[PAGE 502] </p>\n<p>[VS]</p>\n<p>[VS]</p>\n<p>[VS]</p>\n<p>[VS]</p>\n</pd_text>","MeetingCouncilAbbreviation":"N","MeetingDate":"20110317","MeetingVerbalixOid":2038,"IdSession":"4817","SpeakerFirstName":null,"SpeakerLastName":null,"SpeakerFullName":"","SpeakerFunction":null,"CouncilId":null,"CouncilName":null,"CantonId":null,"CantonName":null,"CantonAbbreviation":null,"ParlGroupName":null,"ParlGroupAbbreviation":null,"SortOrder":1,"Start":null,"End":null,"Function":null,"DisplaySpeaker":null,"LanguageOfText":"DE","Modified":"\/Date(1774877717977)\/","StartTimeWithTimezone":null,"EndTimeWithTimezone":null,"VoteBusinessNumber":20100472,"VoteBusinessShortNumber":"10.472","VoteBusinessTitle":"Parlamentarische Initiative\nde Buman Dominique.\nMindestens 5 Wochen Ferien\nf\u00fcr Personen \u00fcber 50"}]},"ID":"18889","Language":"DE","IdMeeting":"1310","VerbalixOid":350858,"SortOrder":5,"Modified":"\/Date(1774877717975)\/"}}