{"d":{"__metadata":{"id":"https://ws.parlament.ch/OData.svc/Subject(ID=18910L,Language='DE')","uri":"https://ws.parlament.ch/OData.svc/Subject(ID=18910L,Language='DE')","type":"itsystems.Pd.DataServices.DataModel.Subject"},"Meetings":{"__metadata":{"id":"https://ws.parlament.ch/OData.svc/Meeting(ID=1313L,Language='DE')","uri":"https://ws.parlament.ch/OData.svc/Meeting(ID=1313L,Language='DE')","type":"itsystems.Pd.DataServices.DataModel.Meeting"},"Sessions":{"__deferred":{"uri":"https://ws.parlament.ch/OData.svc/Meeting(ID=1313L,Language='DE')/Sessions"}},"Subjects":{"__deferred":{"uri":"https://ws.parlament.ch/OData.svc/Meeting(ID=1313L,Language='DE')/Subjects"}},"ID":"1313","Language":"DE","MeetingNumber":12,"IdSession":4817,"SessionNumber":17,"SessionName":"Fr\u00fchjahrssession 2011","Council":2,"CouncilName":"St\u00e4nderat","CouncilAbbreviation":"SR","Date":"\/Date(1300233600000)\/","Begin":"0825","Modified":"\/Date(1447070182097)\/","LegislativePeriodNumber":48,"PublicationStatus":"final","MeetingOrderText":"Zw\u00f6lfte Sitzung","SortOrder":12,"Location":"S"},"SubjectsBusiness":{"results":[{"__metadata":{"id":"https://ws.parlament.ch/OData.svc/SubjectBusiness(BusinessNumber=20100062,IdSubject=18910L,Language='DE')","uri":"https://ws.parlament.ch/OData.svc/SubjectBusiness(BusinessNumber=20100062,IdSubject=18910L,Language='DE')","type":"itsystems.Pd.DataServices.DataModel.SubjectBusiness"},"Subjects":{"__deferred":{"uri":"https://ws.parlament.ch/OData.svc/SubjectBusiness(BusinessNumber=20100062,IdSubject=18910L,Language='DE')/Subjects"}},"Businesses":{"__deferred":{"uri":"https://ws.parlament.ch/OData.svc/SubjectBusiness(BusinessNumber=20100062,IdSubject=18910L,Language='DE')/Businesses"}},"IdSubject":"18910","BusinessNumber":20100062,"Language":"DE","BusinessShortNumber":"10.062","Title":"Globale Umwelt. Rahmenkredit","SortOrder":1,"PublishedNotes":"Zweitrat - Deuxi\u00e8me Conseil\n","Modified":"\/Date(1447069447490)\/","TitleDE":"Globale Umwelt.\nRahmenkredit","TitleFR":"Environnement mondial.\nCr\u00e9dit-cadre","TitleIT":null}]},"Transcripts":{"results":[{"__metadata":{"id":"https://ws.parlament.ch/OData.svc/Transcript(ID=117669L,Language='DE')","uri":"https://ws.parlament.ch/OData.svc/Transcript(ID=117669L,Language='DE')","type":"itsystems.Pd.DataServices.DataModel.Transcript"},"Subjects":{"__deferred":{"uri":"https://ws.parlament.ch/OData.svc/Transcript(ID=117669L,Language='DE')/Subjects"}},"MembersCouncil":{"__deferred":{"uri":"https://ws.parlament.ch/OData.svc/Transcript(ID=117669L,Language='DE')/MembersCouncil"}},"Businesses":{"__deferred":{"uri":"https://ws.parlament.ch/OData.svc/Transcript(ID=117669L,Language='DE')/Businesses"}},"ID":"117669","Language":"DE","IdSubject":"18910","VoteId":null,"PersonNumber":372,"Type":1,"Text":"<pd_text><p><i>Eintreten wird ohne Gegenantrag beschlossen</i></p>\n<p><i>L'entr\u00e9e en mati\u00e8re est d\u00e9cid\u00e9e sans opposition</i></p>\n<p>[VS]</p>\n<p>[VS]</p>\n<p><b>Bundesbeschluss \u00fcber einen Rahmenkredit f\u00fcr die globale Umwelt </b></p>\n<p><b>Arr\u00eat\u00e9 f\u00e9d\u00e9ral concernant un cr\u00e9dit-cadre pour la protection de l'environnement mondial </b></p>\n<p>[VS]</p>\n<p><i>Detailberatung - Discussion par article</i></p>\n<p>[VS]</p>\n<p><b>Titel und Ingress, Art. 1-3</b></p>\n<p><i>Antrag der Kommission</i></p>\n<p>Zustimmung zum Beschluss des Nationalrates</p>\n<p>[VS]</p>\n<p><b>Titre et pr\u00e9ambule, art. 1-3</b></p>\n<p><i>Proposition de la commission</i></p>\n<p>Adh\u00e9rer \u00e0 la d\u00e9cision du Conseil national</p>\n<p>[VS]</p>\n<p><i>Angenommen - Adopt\u00e9</i></p>\n<p>[VS]</p>\n<p><i>Art. 1</i></p>\n<p>[VS]</p>\n<p><i>Ausgabenbremse - Frein aux d\u00e9penses</i></p>\n<p>[VS]</p>\n<p><i>Abstimmung - Vote</i></p>\n<p>F\u00fcr Annahme der Ausgabe ... 40 Stimmen</p>\n<p>(Einstimmigkeit)</p>\n<p>(0 Enthaltungen)</p>\n<p>[VS]</p>\n<p><i>Das qualifizierte Mehr ist erreicht</i></p>\n<p><i>La majorit\u00e9 qualifi\u00e9e est acquise</i></p>\n<p>[VS]</p>\n<p>[VS]</p>\n<p><i>Gesamtabstimmung - Vote sur l'ensemble</i></p>\n<p>F\u00fcr Annahme der Ausgabe ... 39 Stimmen</p>\n<p>(Einstimmigkeit)</p>\n<p>(0 Enthaltungen)</p>\n</pd_text>","MeetingCouncilAbbreviation":"S","MeetingDate":"20110316","MeetingVerbalixOid":2052,"IdSession":"4817","SpeakerFirstName":"Hansheiri","SpeakerLastName":"Inderkum","SpeakerFullName":"Inderkum Hansheiri","SpeakerFunction":"P-M","CouncilId":2,"CouncilName":"St\u00e4nderat","CantonId":4,"CantonName":"Uri","CantonAbbreviation":"UR","ParlGroupName":"Fraktion CVP/EVP/glp","ParlGroupAbbreviation":"M-E","SortOrder":4,"Start":"\/Date(1300272150493)\/","End":"\/Date(1300272266277)\/","Function":"P-M","DisplaySpeaker":false,"LanguageOfText":null,"Modified":"\/Date(1544535167270)\/","StartTimeWithTimezone":"\/Date(1300272150493+0060)\/","EndTimeWithTimezone":"\/Date(1300272266277+0060)\/","VoteBusinessNumber":null,"VoteBusinessShortNumber":null,"VoteBusinessTitle":null},{"__metadata":{"id":"https://ws.parlament.ch/OData.svc/Transcript(ID=117670L,Language='DE')","uri":"https://ws.parlament.ch/OData.svc/Transcript(ID=117670L,Language='DE')","type":"itsystems.Pd.DataServices.DataModel.Transcript"},"Subjects":{"__deferred":{"uri":"https://ws.parlament.ch/OData.svc/Transcript(ID=117670L,Language='DE')/Subjects"}},"MembersCouncil":{"__deferred":{"uri":"https://ws.parlament.ch/OData.svc/Transcript(ID=117670L,Language='DE')/MembersCouncil"}},"Businesses":{"__deferred":{"uri":"https://ws.parlament.ch/OData.svc/Transcript(ID=117670L,Language='DE')/Businesses"}},"ID":"117670","Language":"DE","IdSubject":"18910","VoteId":null,"PersonNumber":488,"Type":1,"Text":"<pd_text><p>Dieses Gesch\u00e4ft kommt in einer Situation, in der wir alle sehr besorgt sind, denn eine Naturkatastrophe in Japan hat Tausende von Menschen dahingerafft. Ich weiss nicht, ob wir ein Erdbeben und einen Tsunami h\u00e4tten verhindern k\u00f6nnen, aber es ist eine Tatsache, dass Eingriffe des Menschen in die Natur sicher zum Teil auf \u00fcberm\u00e4ssige Weise erfolgen und dass sie das Gleichgewicht der Natur und der Umwelt sch\u00e4digen. Darum geht es ja eigentlich. Man hat seit der Rio-Konferenz 1992 erkannt, dass Umweltpolitik nur international koordiniert betrieben werden kann und dass man dabei auch auf internationaler Ebene wissenschaftliche Fakten ben\u00f6tigt, um pr\u00e4ventiv zu handeln, damit unser Handeln eine nachhaltige Wirkung in Bezug auf den Erhalt der Umwelt haben kann.</p>\n<p>In diesem Lichte ist das Engagement der Schweiz beim Globalen Umweltfonds (GEF) und beim Ozonfonds seit Beginn der Neunzigerjahre zu sehen. Sp\u00e4ter kamen dann die speziellen Klimafonds hinzu, die Projekte in Entwicklungs- und Transitionsl\u00e4ndern zur Anpassung an den Klimawandel [PAGE 268] unterst\u00fctzen. Dort ist jetzt n\u00e4mlich, wie wir alle wissen, die Gefahr von zus\u00e4tzlichen sch\u00e4dlichen Emissionen besonders gross. Anders als beim GEF kommen diese Projekte auch den \u00e4rmsten L\u00e4ndern zugute, da diese am st\u00e4rksten von den Auswirkungen des Klimawandels betroffen sind.</p>\n<p>Der Kommissionssprecher hat zu Recht und ausf\u00fchrlich auf die Rolle der Schweiz, auch im 32-k\u00f6pfigen Exekutivrat, hingewiesen. Ich durfte mich selber schon \u00fcberzeugen, dass die Schweiz hier wirklich eine Stimme hat, die geh\u00f6rt wird. Wir k\u00f6nnen auch wegen unserer schon langj\u00e4hrigen entsprechenden Politik und wegen unserer Erfahrungen im eigenen Land immer wieder wertvolle Beitr\u00e4ge leisten.</p>\n<p>Es ist sinnvoll - ich glaube, das ist die Win-win-Situation, die auch Herr Freitag hier dargelegt hat -, dass man mit der Erh\u00f6hung der Kredite gleichzeitig auch das Erreichen des Entwicklungsziels von 0,5 Prozent unterst\u00fctzen kann. Somit ist dieses Gesch\u00e4ft, glaube ich, auch aus finanzieller Hinsicht und im Lichte der gew\u00fcnschten Ziele bei der Entwicklungszusammenarbeit sinnvoll.</p>\n<p>Ich bitte Sie daher, gem\u00e4ss den Antr\u00e4gen Ihrer Kommission und damit auch den Beschl\u00fcssen des Nationalrates diesem Rahmenkredit zuzustimmen.</p>\n</pd_text>","MeetingCouncilAbbreviation":"S","MeetingDate":"20110316","MeetingVerbalixOid":2052,"IdSession":"4817","SpeakerFirstName":"Doris","SpeakerLastName":"Leuthard","SpeakerFullName":"Leuthard Doris","SpeakerFunction":"BR-F","CouncilId":99,"CouncilName":"Bundesrat","CantonId":19,"CantonName":"Aargau","CantonAbbreviation":"AG","ParlGroupName":null,"ParlGroupAbbreviation":null,"SortOrder":3,"Start":"\/Date(1300271973177)\/","End":"\/Date(1300272150493)\/","Function":"BR-F","DisplaySpeaker":true,"LanguageOfText":"DE","Modified":"\/Date(1544535167270)\/","StartTimeWithTimezone":"\/Date(1300271973177+0060)\/","EndTimeWithTimezone":"\/Date(1300272150493+0060)\/","VoteBusinessNumber":null,"VoteBusinessShortNumber":null,"VoteBusinessTitle":null},{"__metadata":{"id":"https://ws.parlament.ch/OData.svc/Transcript(ID=117671L,Language='DE')","uri":"https://ws.parlament.ch/OData.svc/Transcript(ID=117671L,Language='DE')","type":"itsystems.Pd.DataServices.DataModel.Transcript"},"Subjects":{"__deferred":{"uri":"https://ws.parlament.ch/OData.svc/Transcript(ID=117671L,Language='DE')/Subjects"}},"MembersCouncil":{"__deferred":{"uri":"https://ws.parlament.ch/OData.svc/Transcript(ID=117671L,Language='DE')/MembersCouncil"}},"Businesses":{"__deferred":{"uri":"https://ws.parlament.ch/OData.svc/Transcript(ID=117671L,Language='DE')/Businesses"}},"ID":"117671","Language":"DE","IdSubject":"18910","VoteId":null,"PersonNumber":3939,"Type":1,"Text":"<pd_text><p>Auch Ihre Finanzkommission hat dieses Gesch\u00e4ft angeschaut. Ich m\u00f6chte nur noch zwei zus\u00e4tzliche Bemerkungen machen. </p>\n<p>1. Diese Aufstockung findet im Rahmen der aktuellen Kreditlinie statt. Das heisst, das ist in unserer Finanzplanung schon enthalten. </p>\n<p>2. 96 Prozent der hier eingestellten Mittel werden an unsere Entwicklungshilfequote angerechnet. Dar\u00fcber haben wir ja auch schon relativ ausf\u00fchrlich gesprochen. </p>\n<p>Das f\u00fchrt denn auch dazu, dass Ihre Finanzkommission mit diesem Gesch\u00e4ft ebenfalls einverstanden ist.</p>\n</pd_text>","MeetingCouncilAbbreviation":"S","MeetingDate":"20110316","MeetingVerbalixOid":2052,"IdSession":"4817","SpeakerFirstName":"Pankraz","SpeakerLastName":"Freitag","SpeakerFullName":"Freitag Pankraz","SpeakerFunction":"Mit-M","CouncilId":2,"CouncilName":"St\u00e4nderat","CantonId":8,"CantonName":"Glarus","CantonAbbreviation":"GL","ParlGroupName":"Freisinnig-demokratische Fraktion","ParlGroupAbbreviation":"RL","SortOrder":2,"Start":"\/Date(1300271912497)\/","End":"\/Date(1300271973177)\/","Function":"Mit-M","DisplaySpeaker":true,"LanguageOfText":"DE","Modified":"\/Date(1544535167270)\/","StartTimeWithTimezone":"\/Date(1300271912497+0060)\/","EndTimeWithTimezone":"\/Date(1300271973177+0060)\/","VoteBusinessNumber":null,"VoteBusinessShortNumber":null,"VoteBusinessTitle":null},{"__metadata":{"id":"https://ws.parlament.ch/OData.svc/Transcript(ID=117672L,Language='DE')","uri":"https://ws.parlament.ch/OData.svc/Transcript(ID=117672L,Language='DE')","type":"itsystems.Pd.DataServices.DataModel.Transcript"},"Subjects":{"__deferred":{"uri":"https://ws.parlament.ch/OData.svc/Transcript(ID=117672L,Language='DE')/Subjects"}},"MembersCouncil":{"__deferred":{"uri":"https://ws.parlament.ch/OData.svc/Transcript(ID=117672L,Language='DE')/MembersCouncil"}},"Businesses":{"__deferred":{"uri":"https://ws.parlament.ch/OData.svc/Transcript(ID=117672L,Language='DE')/Businesses"}},"ID":"117672","Language":"DE","IdSubject":"18910","VoteId":null,"PersonNumber":37,"Type":1,"Text":"<pd_text><p>Es geht um den Rahmenkredit f\u00fcr die globale Umwelt. Die internationale Umweltpolitik geh\u00f6rt zu den aussenpolitischen Priorit\u00e4ten, wie sie in Artikel 54 der Bundesverfassung festgehalten sind. Die Schweiz engagiert sich seit Jahren f\u00fcr ein starkes internationales Umweltsystem, und auch wir in diesem Rat argumentieren ja von Zeit zu Zeit, das Umweltproblem m\u00fcsse global gel\u00f6st werden. Ein zentraler Bestandteil dieses Engagements ist neben der multilateralen Verpflichtung auf klare Ziele, beispielsweise auf die Emissionsreduktionsziele im Klimabereich, die Finanzierung von Umweltprogrammen und Umweltprojekten zur Umsetzung dieser Verpflichtungen in Entwicklungs- und Transitionsl\u00e4ndern.</p>\n<p>Der Globale Umweltfonds (GEF) spielt dabei eine sehr wichtige Rolle. Er ist heute das wichtigste globale Finanzierungsinstrument f\u00fcr die Umsetzung der internationalen Konventionen und Protokolle im Umweltbereich. Aufgabe des GEF ist es, Massnahmen zum Schutz der globalen Umwelt zu finanzieren. Somit stehen nicht die Bed\u00fcrfnisse der Entwicklungsl\u00e4nder, sondern die Interessen der globalen Umwelt im Vordergrund. Im Unterschied zur klassischen Entwicklungszusammenarbeit, bei der die bed\u00fcrftigsten L\u00e4nder an erster Stelle stehen, entrichtet der GEF seine Beitr\u00e4ge in erster Linie dort, wo die gr\u00f6sste Wirkung f\u00fcr die globale Umwelt erzielt werden kann. In den \u00fcbrigen L\u00e4ndern tr\u00e4gt er zur St\u00e4rkung der Kompetenzen im Umweltbereich bei. Die Abl\u00e4ufe, die Aufsichtsorgane sowie die Wirkung der Projekte wurden vor Kurzem in einer unabh\u00e4ngigen Evaluation untersucht. Seit seiner Schaffung im Jahre 1991 hat der Globale Umweltfonds mit Eigenmitteln von 8,7 Milliarden US-Dollar rund 2400 Projekte in 140 Entwicklungs- und Transitionsl\u00e4ndern finanziert, und zwar in den Bereichen Klima, Biodiversit\u00e4t, internationale Gew\u00e4sser, W\u00fcstenbildung, persistente organische Schadstoffe und Schutz der Ozonschicht.</p>\n<p>Die Schweiz beteiligt sich seit der Gr\u00fcndung des GEF im Jahre 1991 an der Finanzierung von Aktivit\u00e4ten im Bereich der internationalen Umweltpolitik, seit 1998 mit Rahmenkrediten \u00fcber jeweils vier oder f\u00fcnf Jahre. Mit unserem Beschluss werden Beitr\u00e4ge nicht nur an den Globalen Umweltfonds, sondern auch an den Ozonfonds des Montrealer Protokolls und an zwei Klimafonds gesprochen. Die Schweiz hat im GEF seit Beginn einen Sitz im Exekutivrat, wo sie die L\u00e4nder Zentralasiens sowie Aserbeidschan vertritt. Sie geh\u00f6rt somit zur einzigen Stimmrechtsgruppe, welche sowohl Empf\u00e4nger- wie Geberl\u00e4nder umfasst. Damit findet sie im Rat eine besondere Aufmerksamkeit.</p>\n<p>Der Bundesrat beantragt nun einen Rahmenkredit von 148,93 Millionen Franken f\u00fcr die n\u00e4chsten vier Jahre. Dieser Kredit wird folgendermassen aufgeteilt: Fast 125 Millionen Franken gehen an den Globalen Umweltfonds, 12 Millionen Franken sind f\u00fcr den multilateralen Ozonfonds gedacht, 9 Millionen Franken f\u00fcr zwei Klimafonds und 3 Millionen Franken f\u00fcr die Durchf\u00fchrung des Rahmenkredits.</p>\n<p>Der 32-k\u00f6pfige Exekutivrat des GEF hat eine Erh\u00f6hung der Mittel f\u00fcr diese Fonds um 50 Prozent f\u00fcr die n\u00e4chste Beitragsperiode von vier Jahren beschlossen, dies einstimmig. Dieser Beschluss wurde auch der Vollversammlung des Globalen Umweltfonds im Mai 2010 vorgelegt. Hier haben alle 182 Mitgliedsl\u00e4nder von dieser Erh\u00f6hung Kenntnis genommen. Die Verteilung auf die beteiligten L\u00e4nder erfolgt nach einem anerkannten Schl\u00fcssel. Damit die Schweiz ihren Sitz halten kann, ist es entscheidend, dass sie die Vereinbarungen einhalten kann und die Interessen ihrer Stimmrechtsgruppe gut koordiniert sind. Die Kommission hat mit 11 zu 0 Stimmen bei 1 Enthaltung zugestimmt.</p>\n<p>Ich bitte Sie, der Kommission zu folgen, Eintreten zu beschliessen und der Vorlage zuzustimmen, und ich gehe davon aus, dass die aktuellen Ereignisse es erleichtern, diesem Kredit zuzustimmen.</p>\n</pd_text>","MeetingCouncilAbbreviation":"S","MeetingDate":"20110316","MeetingVerbalixOid":2052,"IdSession":"4817","SpeakerFirstName":"Rolf","SpeakerLastName":"B\u00fcttiker","SpeakerFullName":"B\u00fcttiker Rolf","SpeakerFunction":"Mit-M","CouncilId":2,"CouncilName":"St\u00e4nderat","CantonId":11,"CantonName":"Solothurn","CantonAbbreviation":"SO","ParlGroupName":"Freisinnig-demokratische Fraktion","ParlGroupAbbreviation":"RL","SortOrder":1,"Start":"\/Date(1300271582847)\/","End":"\/Date(1300271912497)\/","Function":"*","DisplaySpeaker":true,"LanguageOfText":"DE","Modified":"\/Date(1544535167270)\/","StartTimeWithTimezone":"\/Date(1300271582847+0060)\/","EndTimeWithTimezone":"\/Date(1300271912497+0060)\/","VoteBusinessNumber":null,"VoteBusinessShortNumber":null,"VoteBusinessTitle":null}]},"ID":"18910","Language":"DE","IdMeeting":"1313","VerbalixOid":350107,"SortOrder":4,"Modified":"\/Date(1544535167257)\/"}}