{"d":{"__metadata":{"id":"https://ws.parlament.ch/OData.svc/Subject(ID=1892L,Language='DE')","uri":"https://ws.parlament.ch/OData.svc/Subject(ID=1892L,Language='DE')","type":"itsystems.Pd.DataServices.DataModel.Subject"},"Meetings":{"__metadata":{"id":"https://ws.parlament.ch/OData.svc/Meeting(ID=127L,Language='DE')","uri":"https://ws.parlament.ch/OData.svc/Meeting(ID=127L,Language='DE')","type":"itsystems.Pd.DataServices.DataModel.Meeting"},"Sessions":{"__deferred":{"uri":"https://ws.parlament.ch/OData.svc/Meeting(ID=127L,Language='DE')/Sessions"}},"Subjects":{"__deferred":{"uri":"https://ws.parlament.ch/OData.svc/Meeting(ID=127L,Language='DE')/Subjects"}},"ID":"127","Language":"DE","MeetingNumber":10,"IdSession":4605,"SessionNumber":5,"SessionName":"Wintersession 2000","Council":2,"CouncilName":"St\u00e4nderat","CouncilAbbreviation":"SR","Date":"\/Date(976579200000)\/","Begin":"0800","Modified":"\/Date(1447069740713)\/","LegislativePeriodNumber":46,"PublicationStatus":"final","MeetingOrderText":"Zehnte Sitzung","SortOrder":10,"Location":"S"},"SubjectsBusiness":{"results":[{"__metadata":{"id":"https://ws.parlament.ch/OData.svc/SubjectBusiness(BusinessNumber=20000048,IdSubject=1892L,Language='DE')","uri":"https://ws.parlament.ch/OData.svc/SubjectBusiness(BusinessNumber=20000048,IdSubject=1892L,Language='DE')","type":"itsystems.Pd.DataServices.DataModel.SubjectBusiness"},"Subjects":{"__deferred":{"uri":"https://ws.parlament.ch/OData.svc/SubjectBusiness(BusinessNumber=20000048,IdSubject=1892L,Language='DE')/Subjects"}},"Businesses":{"__deferred":{"uri":"https://ws.parlament.ch/OData.svc/SubjectBusiness(BusinessNumber=20000048,IdSubject=1892L,Language='DE')/Businesses"}},"IdSubject":"1892","BusinessNumber":20000048,"Language":"DE","BusinessShortNumber":"00.048","Title":"Milit\u00e4rische Immobilien 2001","SortOrder":1,"PublishedNotes":"Zweitrat - Deuxi\u00e8me Conseil\n","Modified":"\/Date(1447069112036)\/","TitleDE":"Milit\u00e4rische Immobilien 2001","TitleFR":"Immobilier militaire 2001","TitleIT":null}]},"Transcripts":{"results":[{"__metadata":{"id":"https://ws.parlament.ch/OData.svc/Transcript(ID=9835L,Language='DE')","uri":"https://ws.parlament.ch/OData.svc/Transcript(ID=9835L,Language='DE')","type":"itsystems.Pd.DataServices.DataModel.Transcript"},"Subjects":{"__deferred":{"uri":"https://ws.parlament.ch/OData.svc/Transcript(ID=9835L,Language='DE')/Subjects"}},"MembersCouncil":{"__deferred":{"uri":"https://ws.parlament.ch/OData.svc/Transcript(ID=9835L,Language='DE')/MembersCouncil"}},"Businesses":{"__deferred":{"uri":"https://ws.parlament.ch/OData.svc/Transcript(ID=9835L,Language='DE')/Businesses"}},"ID":"9835","Language":"DE","IdSubject":"1892","VoteId":null,"PersonNumber":378,"Type":1,"Text":"<pd_text><p><i>Eintreten wird ohne Gegenantrag beschlossen</i></p>\n<p><i>L'entr\u00e9e en mati\u00e8re est d\u00e9cid\u00e9e sans opposition</i></p>\n<p>[VS]</p>\n<p><b>Bundesbeschluss \u00fcber milit\u00e4rische Immobilien 2001 </b></p>\n<p><b>Arr\u00eat\u00e9 f\u00e9d\u00e9ral concernant l'immobilier militaire 2001 </b></p>\n<p>[VS]</p>\n<p><i>Detailberatung - Examen de d\u00e9tail</i></p>\n<p>[VS]</p>\n<p><b>Titel und Ingress, Art. 1-4</b></p>\n<p><i>Antrag der Kommission</i></p>\n<p>Zustimmung zum Beschluss des Nationalrates</p>\n<p>[VS]</p>\n<p><b>Titre et pr\u00e9ambule, art. 1-4</b></p>\n<p><i>Proposition de la commission</i></p>\n<p>Adh\u00e9rer \u00e0 la d\u00e9cision du Conseil national</p>\n<p>[VS]</p>\n<p><i>Angenommen - Adopt\u00e9</i></p>\n<p>[VS]</p>\n<p><i>Art. 1</i></p>\n<p>[VS]</p>\n<p><i>Ausgabenbremse - Frein aux d\u00e9penses</i></p>\n<p>[VS]</p>\n<p><i>Abstimmung - Vote</i></p>\n<p>F\u00fcr Annahme der Ausgabe .... 28 Stimmen</p>\n<p>(Einstimmigkeit)</p>\n<p>[VS]</p>\n<p><i>Das qualifizierte Mehr ist erreicht</i></p>\n<p><i>La majorit\u00e9 qualifi\u00e9e est acquise</i></p>\n<p>[VS]</p>\n<p>[VS]</p>\n<p><i>Gesamtabstimmung - Vote sur l'ensemble</i></p>\n<p>F\u00fcr Annahme des Entwurfes .... 27 Stimmen</p>\n<p>(Einstimmigkeit)</p>\n</pd_text>","MeetingCouncilAbbreviation":"S","MeetingDate":"20001212","MeetingVerbalixOid":764,"IdSession":"4605","SpeakerFirstName":"Fran\u00e7oise","SpeakerLastName":"Saudan","SpeakerFullName":"Saudan Fran\u00e7oise","SpeakerFunction":"P-F","CouncilId":2,"CouncilName":"St\u00e4nderat","CantonId":25,"CantonName":"Genf","CantonAbbreviation":"GE","ParlGroupName":"Freisinnig-demokratische Fraktion","ParlGroupAbbreviation":"RL","SortOrder":3,"Start":"\/Date(976616641773)\/","End":"\/Date(976616776587)\/","Function":"","DisplaySpeaker":false,"LanguageOfText":null,"Modified":"\/Date(1510849239703)\/","StartTimeWithTimezone":"\/Date(976616641773+0060)\/","EndTimeWithTimezone":"\/Date(976616776587+0060)\/","VoteBusinessNumber":null,"VoteBusinessShortNumber":null,"VoteBusinessTitle":null},{"__metadata":{"id":"https://ws.parlament.ch/OData.svc/Transcript(ID=9836L,Language='DE')","uri":"https://ws.parlament.ch/OData.svc/Transcript(ID=9836L,Language='DE')","type":"itsystems.Pd.DataServices.DataModel.Transcript"},"Subjects":{"__deferred":{"uri":"https://ws.parlament.ch/OData.svc/Transcript(ID=9836L,Language='DE')/Subjects"}},"MembersCouncil":{"__deferred":{"uri":"https://ws.parlament.ch/OData.svc/Transcript(ID=9836L,Language='DE')/MembersCouncil"}},"Businesses":{"__deferred":{"uri":"https://ws.parlament.ch/OData.svc/Transcript(ID=9836L,Language='DE')/Businesses"}},"ID":"9836","Language":"DE","IdSubject":"1892","VoteId":null,"PersonNumber":428,"Type":1,"Text":"<pd_text><p>Herr Paupe, Pr\u00e4sident der Sicherheitspolitischen Kommission, hat alles so gut und so richtig gesagt, dass ich in deutscher Sprache nichts beizuf\u00fcgen habe.</p>\n</pd_text>","MeetingCouncilAbbreviation":"S","MeetingDate":"20001212","MeetingVerbalixOid":764,"IdSession":"4605","SpeakerFirstName":"Adolf","SpeakerLastName":"Ogi","SpeakerFullName":"Ogi Adolf","SpeakerFunction":"BPR-M","CouncilId":99,"CouncilName":"Bundesrat","CantonId":2,"CantonName":"Bern","CantonAbbreviation":"BE","ParlGroupName":null,"ParlGroupAbbreviation":null,"SortOrder":2,"Start":"\/Date(976616612357)\/","End":"\/Date(976616641773)\/","Function":"","DisplaySpeaker":true,"LanguageOfText":"DE","Modified":"\/Date(1510849239703)\/","StartTimeWithTimezone":"\/Date(976616612357+0060)\/","EndTimeWithTimezone":"\/Date(976616641773+0060)\/","VoteBusinessNumber":null,"VoteBusinessShortNumber":null,"VoteBusinessTitle":null},{"__metadata":{"id":"https://ws.parlament.ch/OData.svc/Transcript(ID=9837L,Language='DE')","uri":"https://ws.parlament.ch/OData.svc/Transcript(ID=9837L,Language='DE')","type":"itsystems.Pd.DataServices.DataModel.Transcript"},"Subjects":{"__deferred":{"uri":"https://ws.parlament.ch/OData.svc/Transcript(ID=9837L,Language='DE')/Subjects"}},"MembersCouncil":{"__deferred":{"uri":"https://ws.parlament.ch/OData.svc/Transcript(ID=9837L,Language='DE')/MembersCouncil"}},"Businesses":{"__deferred":{"uri":"https://ws.parlament.ch/OData.svc/Transcript(ID=9837L,Language='DE')/Businesses"}},"ID":"9837","Language":"DE","IdSubject":"1892","VoteId":null,"PersonNumber":375,"Type":1,"Text":"<pd_text><p>Le message sur l'immobilier militaire 2001 comprend des projets et des cr\u00e9dits-cadres pour un total de 373,1 millions de francs, soit l\u00e9g\u00e8rement moins qu'en l'an 2000 o\u00f9 nous avions 386 millions de francs, mais des investissements manifestement inf\u00e9rieurs \u00e0 ceux d'il y a dix ans.</p>\n<p>Rappelons que, pour la deuxi\u00e8me fois, les Commissions de la politique de s\u00e9curit\u00e9 traitent de l'ensemble des projets, alors qu'autrefois seuls les projets de 10 millions de francs et plus leur \u00e9taient soumis, les investissements inf\u00e9rieurs \u00e0 10 millions de francs \u00e9tant autrefois trait\u00e9s par la Commission des finances, dans le cadre du budget.</p>\n<p>Les projets de 373,1 millions de francs se r\u00e9partissent comme suit: 214 millions pour des assainissements, ainsi que de nouvelles constructions ou transformations dont un seul objet d\u00e9passe 10 millions de francs, \u00e0 savoir la r\u00e9novation de la caserne de Liestal (B\u00e2le-Campagne), 152 millions de francs consacr\u00e9s \u00e0 l'entretien des immeubles et aux liquidations, enfin 6,7 millions de francs affect\u00e9s aux prestations contractuelles. De quoi s'agit-il? Il s'agit d'installations communes avec des partenaires publics - cantons, communes, Swisscom, CFF - ou priv\u00e9s.</p>\n<p>En 2001, l'accent est port\u00e9 sur les domaines de l'infrastructure de l'instruction et des transmissions. Les 64 projets sont \u00e9tablis en fonction d'\"Arm\u00e9e XXI\" et r\u00e9pondent aux crit\u00e8res \u00e9tablis \u00e0 ce sujet par la direction du D\u00e9partement f\u00e9d\u00e9ral de la d\u00e9fense, de la protection de la population et des sports.</p>\n<p>Notre Commission de politique de s\u00e9curit\u00e9 a consacr\u00e9 deux journ\u00e9es \u00e0 ce message, les 13 et 14 novembre 2000. Le premier jour, les quatre sous-commissions ont visit\u00e9 les sites principaux: bien s\u00fbr la caserne de Liestal, mais aussi l'h\u00f4pital militaire de Disentis, le village de combat de Walenstadt, l'a\u00e9rodrome militaire de Meiringen, le funiculaire de la r\u00e9gion de la Lenk pour atteindre la station-radar de Florako au Weisshorn, enfin les installations de transmissions au Mont-Aubert.</p>\n<p>Le seul projet d\u00e9passant 10 millions de francs est la r\u00e9novation de la caserne de Liestal, construite en 1862 et r\u00e9nov\u00e9e la derni\u00e8re fois en 1953, soit il y a 47 ans, donc bient\u00f4t 50 ans.</p>\n<p>Certains se sont interrog\u00e9s sur l'opportunit\u00e9 de r\u00e9nover cette caserne, qui appartient au canton de B\u00e2le-Campagne, en raison de la r\u00e9duction des effectifs pr\u00e9vus dans \"Arm\u00e9e XXI\". C'est oublier que le nombre de recrues restera pratiquement stable, vu le maintien de l'obligation g\u00e9n\u00e9rale de servir. Donc, il est n\u00e9cessaire de transformer, de moderniser cette caserne.</p>\n<p>Soumis au r\u00e9f\u00e9rendum, le projet a \u00e9t\u00e9 largement approuv\u00e9 par 64 pour cent du corps \u00e9lectoral du canton de B\u00e2le-Campagne, en septembre dernier, avec - \u00e7a m\u00e9rite d'\u00eatre soulign\u00e9 - une majorit\u00e9 acceptante dans les 82 communes du canton. Le co\u00fbt, 39 millions de francs, est financ\u00e9 \u00e0 70 pour cent par la Conf\u00e9d\u00e9ration et 30 pour cent par le canton de B\u00e2le-Campagne. La part de la Conf\u00e9d\u00e9ration, part totale, est de 25,68 millions de francs. Elle est ramen\u00e9e \u00e0 23,218 millions de francs dans le message, apr\u00e8s d\u00e9duction du cr\u00e9dit d'\u00e9tablissement du projet de 1,85 million de francs.</p>\n<p>Deux autres projets ont fait l'objet de discussions: la r\u00e9novation de l'h\u00f4pital militaire de Disentis et l'installation de combat de localit\u00e9 de Walenstadt. La Commission des finances du Conseil national et une minorit\u00e9 de la Commission de la[PAGE 898] politique de s\u00e9curit\u00e9 du Conseil national consid\u00e9raient comme superflues les r\u00e9novations de l'h\u00f4pital militaire de Disentis, vu le projet \"Arm\u00e9e XXI\", d'une part et, d'autre part, surtout la forte r\u00e9duction des h\u00f4pitaux militaires dans le cadre d'\"Arm\u00e9e 95\". Toutefois, le m\u00e9decin en chef de l'arm\u00e9e a parfaitement justifi\u00e9 le maintien de cet h\u00f4pital d\u00e9centralis\u00e9 qui serait encore utile de fa\u00e7on efficace lors d'une intervention difficile.</p>\n<p>Finalement, le Conseil national a rejet\u00e9 les deux propositions de minorit\u00e9 et a approuv\u00e9 le message sur l'immobilier militaire, par 105 voix contre 26.</p>\n<p>Dans notre commission, un membre s'est interrog\u00e9 sur l'opportunit\u00e9 du cr\u00e9dit de 15 millions de francs pour divers am\u00e9nagements de casernes, vu la prolongation des \u00e9coles de recrues et notamment la formation des \"Durchdiener\", ces soldats qui effectuent leur service militaire d'une seule traite. Chacun admet que les besoins en locaux de loisirs ne sont pas les m\u00eames si on effectue une \u00e9cole de recrues de huit semaines dans une caserne ou si, avec la nouvelle arm\u00e9e, on porte ce stage en caserne \u00e0 seize semaines. Surtout pour la formation de ces \"Durchdiener\" qui passent dix mois ou 300 jours en caserne, il est indispensable d'am\u00e9liorer un peu les locaux de loisirs, et comme le disait le commandant de corps Dousse, on ne peut quand m\u00eame pas envoyer les soldats tous les soirs au bistrot!</p>\n<p>Enfin, dans le cadre du d\u00e9bat sur le budget, le Conseil national avait pr\u00e9vu de r\u00e9duire de 100 millions de francs le budget du D\u00e9partement f\u00e9d\u00e9ral de la d\u00e9fense, de la protection de la population et des sports, dont 20 millions de francs devaient toucher le programme immobilier.</p>\n<p>Les divergences ne sont pas encore liquid\u00e9es dans le va-et-vient concernant le budget entre nos Conseils. Toutefois hier, le Conseil national s'\u00e9tait ralli\u00e9 \u00e0 la suppression de cette r\u00e9duction, notamment la suppression des 20 millions de francs concernant l'immobilier. Malheureusement, le vote sur le frein aux d\u00e9penses n'a pas obtenu les 100 voix n\u00e9cessaires, de telle sorte qu'il y a encore l\u00e0 une certaine interrogation.</p>\n<p>M. le pr\u00e9sident de la Commission des finances vous a dit tout \u00e0 l'heure qu'il y aura cet apr\u00e8s-midi une s\u00e9ance de la Conf\u00e9rence de conciliation. Selon l'appr\u00e9ciation qui a \u00e9t\u00e9 faite, les 20 millions de francs concernant la r\u00e9duction des anciens cr\u00e9dits d'engagement sur l'immobilier avaient, eux, obtenu l'aval du frein aux d\u00e9penses, ils ne devraient plus \u00eatre concern\u00e9s par la d\u00e9cision \u00e9ventuelle de cet apr\u00e8s-midi. Mais nous admettons que cette question reste encore en suspens.</p>\n<p>Cette remarque mise \u00e0 part, notre commission vous recommande d'approuver le programme immobilier militaire 2001, par 9 voix sans opposition et avec 1 abstention.</p>\n</pd_text>","MeetingCouncilAbbreviation":"S","MeetingDate":"20001212","MeetingVerbalixOid":764,"IdSession":"4605","SpeakerFirstName":"Pierre","SpeakerLastName":"Paupe","SpeakerFullName":"Paupe Pierre","SpeakerFunction":"","CouncilId":2,"CouncilName":"St\u00e4nderat","CantonId":26,"CantonName":"Jura","CantonAbbreviation":"JU","ParlGroupName":"Christlichdemokratische Fraktion","ParlGroupAbbreviation":"M-E","SortOrder":1,"Start":"\/Date(976616139753)\/","End":"\/Date(976616612357)\/","Function":"*","DisplaySpeaker":true,"LanguageOfText":"FR","Modified":"\/Date(1510849239703)\/","StartTimeWithTimezone":"\/Date(976616139753+0060)\/","EndTimeWithTimezone":"\/Date(976616612357+0060)\/","VoteBusinessNumber":null,"VoteBusinessShortNumber":null,"VoteBusinessTitle":null}]},"ID":"1892","Language":"DE","IdMeeting":"127","VerbalixOid":24123,"SortOrder":9,"Modified":"\/Date(1510849239687)\/"}}