{"d":{"__metadata":{"id":"https://ws.parlament.ch/OData.svc/Subject(ID=18952L,Language='DE')","uri":"https://ws.parlament.ch/OData.svc/Subject(ID=18952L,Language='DE')","type":"itsystems.Pd.DataServices.DataModel.Subject"},"Meetings":{"__metadata":{"id":"https://ws.parlament.ch/OData.svc/Meeting(ID=1316L,Language='DE')","uri":"https://ws.parlament.ch/OData.svc/Meeting(ID=1316L,Language='DE')","type":"itsystems.Pd.DataServices.DataModel.Meeting"},"Sessions":{"__deferred":{"uri":"https://ws.parlament.ch/OData.svc/Meeting(ID=1316L,Language='DE')/Sessions"}},"Subjects":{"__deferred":{"uri":"https://ws.parlament.ch/OData.svc/Meeting(ID=1316L,Language='DE')/Subjects"}},"ID":"1316","Language":"DE","MeetingNumber":1,"IdSession":4818,"SessionNumber":18,"SessionName":"Sondersession April 2011","Council":1,"CouncilName":"Nationalrat","CouncilAbbreviation":"NR","Date":"\/Date(1302480000000)\/","Begin":"1430","Modified":"\/Date(1447070182953)\/","LegislativePeriodNumber":48,"PublicationStatus":"final","MeetingOrderText":"Erste Sitzung","SortOrder":1,"Location":"N"},"SubjectsBusiness":{"results":[{"__metadata":{"id":"https://ws.parlament.ch/OData.svc/SubjectBusiness(BusinessNumber=20103881,IdSubject=18952L,Language='DE')","uri":"https://ws.parlament.ch/OData.svc/SubjectBusiness(BusinessNumber=20103881,IdSubject=18952L,Language='DE')","type":"itsystems.Pd.DataServices.DataModel.SubjectBusiness"},"Subjects":{"__deferred":{"uri":"https://ws.parlament.ch/OData.svc/SubjectBusiness(BusinessNumber=20103881,IdSubject=18952L,Language='DE')/Subjects"}},"Businesses":{"__deferred":{"uri":"https://ws.parlament.ch/OData.svc/SubjectBusiness(BusinessNumber=20103881,IdSubject=18952L,Language='DE')/Businesses"}},"IdSubject":"18952","BusinessNumber":20103881,"Language":"DE","BusinessShortNumber":"10.3881","Title":"Zukunft des Schienenverkehrs in der Fl\u00e4che","SortOrder":1,"PublishedNotes":null,"Modified":"\/Date(1447069473276)\/","TitleDE":"Motion KVF-SR.\nZukunft\ndes Schienenverkehrs\nin der Fl\u00e4che","TitleFR":"Motion CTT-CE.\nAvenir du transport ferroviaire\nde marchandises\nsur tout le territoire","TitleIT":null}]},"Transcripts":{"results":[{"__metadata":{"id":"https://ws.parlament.ch/OData.svc/Transcript(ID=117845L,Language='DE')","uri":"https://ws.parlament.ch/OData.svc/Transcript(ID=117845L,Language='DE')","type":"itsystems.Pd.DataServices.DataModel.Transcript"},"Subjects":{"__deferred":{"uri":"https://ws.parlament.ch/OData.svc/Transcript(ID=117845L,Language='DE')/Subjects"}},"MembersCouncil":{"__deferred":{"uri":"https://ws.parlament.ch/OData.svc/Transcript(ID=117845L,Language='DE')/MembersCouncil"}},"Businesses":{"__deferred":{"uri":"https://ws.parlament.ch/OData.svc/Transcript(ID=117845L,Language='DE')/Businesses"}},"ID":"117845","Language":"DE","IdSubject":"18952","VoteId":"5332","PersonNumber":null,"Type":2,"Text":"<pd_text><p><i>Abstimmung - Vote</i></p>\n<p>[NAM]</p>\n<p>F\u00fcr Annahme der Motion ... 93 Stimmen</p>\n<p>Dagegen ... 65 Stimmen</p>\n<p>[VS]</p>\n</pd_text>","MeetingCouncilAbbreviation":"N","MeetingDate":"20110411","MeetingVerbalixOid":2057,"IdSession":"4818","SpeakerFirstName":null,"SpeakerLastName":null,"SpeakerFullName":"","SpeakerFunction":null,"CouncilId":null,"CouncilName":null,"CantonId":null,"CantonName":null,"CantonAbbreviation":null,"ParlGroupName":null,"ParlGroupAbbreviation":null,"SortOrder":6,"Start":"\/Date(1302534928053)\/","End":"\/Date(1302534928053)\/","Function":null,"DisplaySpeaker":null,"LanguageOfText":"DE","Modified":"\/Date(1774877700627)\/","StartTimeWithTimezone":"\/Date(1302534928053+0120)\/","EndTimeWithTimezone":"\/Date(1302534928053+0120)\/","VoteBusinessNumber":20103881,"VoteBusinessShortNumber":"10.3881","VoteBusinessTitle":"Motion KVF-SR.\nZukunft\ndes Schienenverkehrs\nin der Fl\u00e4che"},{"__metadata":{"id":"https://ws.parlament.ch/OData.svc/Transcript(ID=117846L,Language='DE')","uri":"https://ws.parlament.ch/OData.svc/Transcript(ID=117846L,Language='DE')","type":"itsystems.Pd.DataServices.DataModel.Transcript"},"Subjects":{"__deferred":{"uri":"https://ws.parlament.ch/OData.svc/Transcript(ID=117846L,Language='DE')/Subjects"}},"MembersCouncil":{"__deferred":{"uri":"https://ws.parlament.ch/OData.svc/Transcript(ID=117846L,Language='DE')/MembersCouncil"}},"Businesses":{"__deferred":{"uri":"https://ws.parlament.ch/OData.svc/Transcript(ID=117846L,Language='DE')/Businesses"}},"ID":"117846","Language":"DE","IdSubject":"18952","VoteId":null,"PersonNumber":499,"Type":1,"Text":"<pd_text><p>Ich m\u00f6chte nur kurz hervorheben, was uns in der Kommission BAV-Direktor Peter F\u00fcglistaler gesagt hat: \"Mein Eindruck ist, dass wir es besser machen k\u00f6nnten.\" Der Bundesrat hat unterstrichen, dass er keine finanzielle Mehrbelastung als Folge dieser \u00dcbung haben will. Es geht darum, die bereits zur Seite gelegten Mittel besser zu nutzen. </p>\n<p>So bitte ich Sie, diese Motion anzunehmen. </p>\n</pd_text>","MeetingCouncilAbbreviation":"N","MeetingDate":"20110411","MeetingVerbalixOid":2057,"IdSession":"4818","SpeakerFirstName":"Fabio","SpeakerLastName":"Pedrina","SpeakerFullName":"Pedrina Fabio","SpeakerFunction":"Mit-M","CouncilId":1,"CouncilName":"Nationalrat","CantonId":27,"CantonName":"Tessin","CantonAbbreviation":"TI","ParlGroupName":"Sozialdemokratische Fraktion","ParlGroupAbbreviation":"S","SortOrder":5,"Start":"\/Date(1302534710047)\/","End":"\/Date(1302534928053)\/","Function":"*","DisplaySpeaker":true,"LanguageOfText":"DE","Modified":"\/Date(1774877700624)\/","StartTimeWithTimezone":"\/Date(1302534710047+0120)\/","EndTimeWithTimezone":"\/Date(1302534928053+0120)\/","VoteBusinessNumber":null,"VoteBusinessShortNumber":null,"VoteBusinessTitle":null},{"__metadata":{"id":"https://ws.parlament.ch/OData.svc/Transcript(ID=117847L,Language='DE')","uri":"https://ws.parlament.ch/OData.svc/Transcript(ID=117847L,Language='DE')","type":"itsystems.Pd.DataServices.DataModel.Transcript"},"Subjects":{"__deferred":{"uri":"https://ws.parlament.ch/OData.svc/Transcript(ID=117847L,Language='DE')/Subjects"}},"MembersCouncil":{"__deferred":{"uri":"https://ws.parlament.ch/OData.svc/Transcript(ID=117847L,Language='DE')/MembersCouncil"}},"Businesses":{"__deferred":{"uri":"https://ws.parlament.ch/OData.svc/Transcript(ID=117847L,Language='DE')/Businesses"}},"ID":"117847","Language":"DE","IdSubject":"18952","VoteId":null,"PersonNumber":488,"Type":1,"Text":"<pd_text><p>Sie haben es gesehen: Der Bundesrat beantragt die Annahme der Motion. Wir begr\u00fcssen es, wenn der Binneng\u00fcterverkehr auch in der Fl\u00e4che, soweit sinnvoll, auf der Schiene abgewickelt wird. Allerdings legen wir Wert auf den Modal Split zwischen Schiene und Strasse, also darauf, dass der Vorteil des jeweiligen Verkehrstr\u00e4gers genutzt wird. Dabei m\u00fcssen wie bis anhin die \u00f6kologischen und die \u00f6konomischen Aspekte ber\u00fccksichtigt werden. Der Motionstext wird vom Bundesrat deshalb nicht als Quantifizierung, sondern als Stossrichtung verstanden. Wir glauben, dass das f\u00fcr eine weitere Entwicklung zielf\u00fchrend ist. Am Schluss wird es vor allem von den f\u00fcr den Verkehr verf\u00fcgbaren Finanzen abh\u00e4ngen.</p>\n</pd_text>","MeetingCouncilAbbreviation":"N","MeetingDate":"20110411","MeetingVerbalixOid":2057,"IdSession":"4818","SpeakerFirstName":"Doris","SpeakerLastName":"Leuthard","SpeakerFullName":"Leuthard Doris","SpeakerFunction":"BR-F","CouncilId":99,"CouncilName":"Bundesrat","CantonId":19,"CantonName":"Aargau","CantonAbbreviation":"AG","ParlGroupName":null,"ParlGroupAbbreviation":null,"SortOrder":4,"Start":"\/Date(1302534650459)\/","End":"\/Date(1302534710047)\/","Function":"BR-F","DisplaySpeaker":true,"LanguageOfText":"DE","Modified":"\/Date(1774877700623)\/","StartTimeWithTimezone":"\/Date(1302534650460+0120)\/","EndTimeWithTimezone":"\/Date(1302534710047+0120)\/","VoteBusinessNumber":null,"VoteBusinessShortNumber":null,"VoteBusinessTitle":null},{"__metadata":{"id":"https://ws.parlament.ch/OData.svc/Transcript(ID=117848L,Language='DE')","uri":"https://ws.parlament.ch/OData.svc/Transcript(ID=117848L,Language='DE')","type":"itsystems.Pd.DataServices.DataModel.Transcript"},"Subjects":{"__deferred":{"uri":"https://ws.parlament.ch/OData.svc/Transcript(ID=117848L,Language='DE')/Subjects"}},"MembersCouncil":{"__deferred":{"uri":"https://ws.parlament.ch/OData.svc/Transcript(ID=117848L,Language='DE')/MembersCouncil"}},"Businesses":{"__deferred":{"uri":"https://ws.parlament.ch/OData.svc/Transcript(ID=117848L,Language='DE')/Businesses"}},"ID":"117848","Language":"DE","IdSubject":"18952","VoteId":null,"PersonNumber":1126,"Type":1,"Text":"<pd_text><p>Ich ersuche Sie, hier die Minderheit zu unterst\u00fctzen. Wir brauchen keinen weiteren Bericht zum Schienenverkehr. Dieser Bericht ist unn\u00f6tig. Das heutige System hat sich grunds\u00e4tzlich bew\u00e4hrt, und ein zus\u00e4tzlicher Bericht mit neuen Vorschl\u00e4gen und Modellen birgt die Gefahr, dass er auch neue, zus\u00e4tzliche F\u00f6rdermassnahmen nach sich zieht. Beschr\u00e4nken wir uns auf die bestehenden strategischen Grundlagen, die wir nicht zuletzt auch mit Bahn 2030 sehr umfassend vorliegen haben. Sie gen\u00fcgen; verlangen wir nicht einen zus\u00e4tzlichen, letztlich nur verwirrenden und verunsichernden Bericht. Die einzige wirklich entscheidende Gr\u00f6sse im Schieneng\u00fcterverkehr ist nach unserer Meinung die Kapazit\u00e4t auf der Schiene. Alles andere kann ein funktionierender Markt regeln. </p>\n<p>Ich bitte Sie also, hier die Minderheit zu unterst\u00fctzen.</p>\n</pd_text>","MeetingCouncilAbbreviation":"N","MeetingDate":"20110411","MeetingVerbalixOid":2057,"IdSession":"4818","SpeakerFirstName":"Markus","SpeakerLastName":"Hutter","SpeakerFullName":"Hutter Markus","SpeakerFunction":"Mit-M","CouncilId":1,"CouncilName":"Nationalrat","CantonId":1,"CantonName":"Z\u00fcrich","CantonAbbreviation":"ZH","ParlGroupName":"Freisinnig-demokratische Fraktion","ParlGroupAbbreviation":"RL","SortOrder":3,"Start":"\/Date(1302534571944)\/","End":"\/Date(1302534650459)\/","Function":"Mit-M","DisplaySpeaker":true,"LanguageOfText":"DE","Modified":"\/Date(1774877700620)\/","StartTimeWithTimezone":"\/Date(1302534571943+0120)\/","EndTimeWithTimezone":"\/Date(1302534650460+0120)\/","VoteBusinessNumber":null,"VoteBusinessShortNumber":null,"VoteBusinessTitle":null},{"__metadata":{"id":"https://ws.parlament.ch/OData.svc/Transcript(ID=117849L,Language='DE')","uri":"https://ws.parlament.ch/OData.svc/Transcript(ID=117849L,Language='DE')","type":"itsystems.Pd.DataServices.DataModel.Transcript"},"Subjects":{"__deferred":{"uri":"https://ws.parlament.ch/OData.svc/Transcript(ID=117849L,Language='DE')/Subjects"}},"MembersCouncil":{"__deferred":{"uri":"https://ws.parlament.ch/OData.svc/Transcript(ID=117849L,Language='DE')/MembersCouncil"}},"Businesses":{"__deferred":{"uri":"https://ws.parlament.ch/OData.svc/Transcript(ID=117849L,Language='DE')/Businesses"}},"ID":"117849","Language":"DE","IdSubject":"18952","VoteId":null,"PersonNumber":499,"Type":1,"Text":"<pd_text><p>Die Kommission hat an ihrer Sitzung vom 10. Januar 2011 die von der KVF des St\u00e4nderates am 14. Oktober 2010 eingereichte und vom St\u00e4nderat am 30. November 2010 angenommene Motion 10.3881 beraten. Die Motion verlangt, dass der Bundesrat dem Parlament eine Gesamtkonzeption f\u00fcr die zuk\u00fcnftige F\u00f6rderung des schweizerischen Schieneng\u00fcterverkehrs in der Fl\u00e4che vorlegt. Der Bundesrat schl\u00e4gt in diesem Rahmen Massnahmen vor, wie der Schienenanteil am Gesamtaufkommen des G\u00fcterverkehrs gehalten bzw. vergr\u00f6ssert werden kann und wie Anreize f\u00fcr Innovationen geschaffen werden k\u00f6nnen. Dabei ist den besonderen Bed\u00fcrfnissen des Schieneng\u00fcterverkehrs in der Fl\u00e4che Rechnung zu tragen. Der Bundesrat unterbreitet dem Parlament eine Vorlage mit den daf\u00fcr notwendigen Anpassungen der geltenden Rechtsgrundlagen f\u00fcr den Schieneng\u00fcterverkehr, allenfalls verbunden mit einer Kreditvorlage.</p>\n<p>Der St\u00e4nderat stellt Folgendes fest: W\u00e4hrend f\u00fcr den alpenquerenden G\u00fcterverkehr mit Artikel 84 der Bundesverfassung ein generelles Ziel zur Verlagerung des G\u00fcterverkehrs von der Strasse auf die Schiene festgehalten ist, fehlt ein entsprechender Auftrag f\u00fcr den G\u00fcterverkehr in der Fl\u00e4che. Das Parlament hat jedoch im Rahmen der Behandlung des G\u00fcterverkehrsverlagerungsgesetzes im Jahre 2008 und der Verabschiedung eines Zahlungsrahmens von 200 Millionen Franken f\u00fcr den nichtalpenquerenden Verkehr seinen Willen zur F\u00f6rderung des Schieneng\u00fcterverkehrs in der Fl\u00e4che bekundet. Allerdings erschwert die Vielzahl der heutigen F\u00f6rdertatbest\u00e4nde im Schieneng\u00fcterverkehr - Investitionen in Anschlussgleise und KV-Terminals, Abgeltung der ungedeckten Betriebskosten des Wagenladungs- und kombinierten Verkehrs, Abgeltung der ungedeckten Kosten des Betriebs der Rangierbahnh\u00f6fe im Rahmen der Infrastrukturbestellung - eine ganzheitliche und gezielte F\u00f6rderung des Schieneng\u00fcterverkehrs in der Fl\u00e4che. [PAGE 577] </p>\n<p>Diese Motion soll erm\u00f6glichen, dass die verschiedenen heute bestehenden F\u00f6rderm\u00f6glichkeiten im Rahmen einer Gesamtkonzeption zusammengef\u00fcgt und die gegebenenfalls notwendigen Rechtsanpassungen vorgenommen werden. Die Konzeption muss auch einen L\u00f6sungsweg f\u00fcr die Zukunft des Schieneng\u00fcterverkehrs in der Fl\u00e4che im Spannungsfeld von fl\u00e4chendeckender Bedienung und wirtschaftlichem Betrieb aufzeigen.</p>\n<p>Der Bundesrat begr\u00fcsst die Stossrichtung der Motion, den G\u00fcterverkehr auch in der Fl\u00e4che so weit wie m\u00f6glich und sinnvoll auf der Schiene abzuwickeln. In Artikel 1 des Bundesbeschlusses \u00fcber den Zahlungsrahmen f\u00fcr die F\u00f6rderung des nichtalpenquerenden Schieneng\u00fcterverkehrs vom 3. Dezember 2008 ist als Ziel \"eine Effizienzsteigerung des genannten Verkehrs sowie eine Erh\u00f6hung des Bahnanteils, prim\u00e4r im Binneng\u00fcterverkehr\" formuliert. Der Bundesrat ist daher bereit zu \u00fcberpr\u00fcfen, wie das Ziel m\u00f6glichst gut erreicht werden kann. Ebenso ist er gewillt, die diesbez\u00fcglichen Konzeptionen zu erarbeiten und allenfalls notwendige Erlasse dem Parlament zum Beschluss vorzulegen.</p>\n<p>Der Bundesrat st\u00fctzt sich dabei auf die Erfahrungen mit den bereits getroffenen Massnahmen und legt zusammen mit der Konzeption den vom genannten Gesetz geforderten Bericht vor. Dabei geht der Bundesrat vorderhand davon aus, dass die Neuausrichtung f\u00fcr den Bund keine finanzielle Mehrbelastung mit sich bringt. Der Bundesrat will den Modal Split zwischen Schiene und Strasse in der Ebene nach den komparativen Vorteilen der jeweiligen Verkehrstr\u00e4ger ausgestalten. Dies bedeutet, dass er in seinen Arbeiten sowohl \u00f6konomische wie auch \u00f6kologische Aspekte ber\u00fccksichtigt.</p>\n<p>Der Bundesrat beantragt mit Beschluss vom 24. November 2010 die Annahme der Motion.</p>\n<p>Wie der Pr\u00e4sident der KVF-SR im St\u00e4nderat am 30. November 2010 ausf\u00fchrte, verlangt die Motion eine Gesamtkonzeption, welche dem Wunsch nach einer m\u00f6glichst grossen Anzahl von bedienten Punkten in der Fl\u00e4che und einem wirtschaftlichen Betrieb Rechnung tr\u00e4gt. Der St\u00e4nderat hat die Motion im Einklang mit dem Antrag des Bundesrates einstimmig angenommen.</p>\n<p>Die Mehrheit der Kommission unterstreicht die Notwendigkeit einer Gesamtkonzeption \u00fcber die F\u00f6rderung des Binneng\u00fcterverkehrs. Die F\u00f6rdertatbest\u00e4nde f\u00fcr den Schieneng\u00fcterverkehr in der Fl\u00e4che sind in den letzten Jahren nicht zuletzt aufgrund parlamentarischer Vorst\u00f6sse gewachsen und inzwischen zahlreich. Eine Gesamtkonzeption w\u00fcrde eine \u00dcberpr\u00fcfung und allenfalls Priorisierung der F\u00f6rderungen durch den Bund erm\u00f6glichen, so die Mehrheit. Dabei sollen neben der Verkehrsverlagerung von der Strasse auf die Schiene insbesondere die Innovationen und der wirtschaftliche Betrieb gef\u00f6rdert werden.</p>\n<p>Die Minderheit der Kommission erachtet dagegen einen weiteren Bericht zum Schienenverkehr als unn\u00f6tig: Einerseits habe sich das heutige System grunds\u00e4tzlich bew\u00e4hrt und ein neuer Bericht mit neuen Vorschl\u00e4gen und Modellen laufe Gefahr, neue und zus\u00e4tzliche F\u00f6rdermassnahmen nach sich zu ziehen. Die einzige wirklich entscheidende Gr\u00f6sse im Schieneng\u00fcterverkehr ist nach Ansicht der Minderheit die Kapazit\u00e4t auf der Schiene, alles andere k\u00f6nne der funktionierende Markt regeln.</p>\n<p>Die Kommission beantragt mit 12 zu 10 Stimmen, die Motion anzunehmen. Ich bitte Sie, der Mehrheit zu folgen und diese Motion anzunehmen.</p>\n</pd_text>","MeetingCouncilAbbreviation":"N","MeetingDate":"20110411","MeetingVerbalixOid":2057,"IdSession":"4818","SpeakerFirstName":"Fabio","SpeakerLastName":"Pedrina","SpeakerFullName":"Pedrina Fabio","SpeakerFunction":"Mit-M","CouncilId":1,"CouncilName":"Nationalrat","CantonId":27,"CantonName":"Tessin","CantonAbbreviation":"TI","ParlGroupName":"Sozialdemokratische Fraktion","ParlGroupAbbreviation":"S","SortOrder":2,"Start":"\/Date(1302534230623)\/","End":"\/Date(1302534571944)\/","Function":"*","DisplaySpeaker":true,"LanguageOfText":"DE","Modified":"\/Date(1774877700618)\/","StartTimeWithTimezone":"\/Date(1302534230623+0120)\/","EndTimeWithTimezone":"\/Date(1302534571943+0120)\/","VoteBusinessNumber":null,"VoteBusinessShortNumber":null,"VoteBusinessTitle":null},{"__metadata":{"id":"https://ws.parlament.ch/OData.svc/Transcript(ID=117850L,Language='DE')","uri":"https://ws.parlament.ch/OData.svc/Transcript(ID=117850L,Language='DE')","type":"itsystems.Pd.DataServices.DataModel.Transcript"},"Subjects":{"__deferred":{"uri":"https://ws.parlament.ch/OData.svc/Transcript(ID=117850L,Language='DE')/Subjects"}},"MembersCouncil":{"__deferred":{"uri":"https://ws.parlament.ch/OData.svc/Transcript(ID=117850L,Language='DE')/MembersCouncil"}},"Businesses":{"__deferred":{"uri":"https://ws.parlament.ch/OData.svc/Transcript(ID=117850L,Language='DE')/Businesses"}},"ID":"117850","Language":"DE","IdSubject":"18952","VoteId":null,"PersonNumber":null,"Type":3,"Text":"<pd_text><p><i>Antrag der Mehrheit</i></p>\n<p>Annahme der Motion</p>\n<p>[VS]</p>\n<p><i>Antrag der Minderheit</i></p>\n<p>(Hutter Markus, Binder, Caviezel, F\u00f6hn, Fran\u00e7ais, Grin, Schenk Simon, Triponez, von Rotz)</p>\n<p>Ablehnung der Motion</p>\n<p>[VS]</p>\n<p><i>Proposition de la majorit\u00e9</i></p>\n<p>Adopter la motion</p>\n<p>[VS]</p>\n<p><i>Proposition de la minorit\u00e9</i></p>\n<p>(Hutter Markus, Binder, Caviezel, F\u00f6hn, Fran\u00e7ais, Grin, Schenk Simon, Triponez, von Rotz)</p>\n<p>Rejeter la motion</p>\n<p>[VS]</p>\n<p><b>Le pr\u00e9sident </b>(Germanier Jean-Ren\u00e9, pr\u00e9sident): Vous avez re\u00e7u un rapport \u00e9crit de la commission.</p>\n</pd_text>","MeetingCouncilAbbreviation":"N","MeetingDate":"20110411","MeetingVerbalixOid":2057,"IdSession":"4818","SpeakerFirstName":null,"SpeakerLastName":null,"SpeakerFullName":"","SpeakerFunction":null,"CouncilId":null,"CouncilName":null,"CantonId":null,"CantonName":null,"CantonAbbreviation":null,"ParlGroupName":null,"ParlGroupAbbreviation":null,"SortOrder":1,"Start":"\/Date(1302534203733)\/","End":"\/Date(1302534230623)\/","Function":null,"DisplaySpeaker":null,"LanguageOfText":"DE","Modified":"\/Date(1774877700613)\/","StartTimeWithTimezone":"\/Date(1302534203733+0120)\/","EndTimeWithTimezone":"\/Date(1302534230623+0120)\/","VoteBusinessNumber":null,"VoteBusinessShortNumber":null,"VoteBusinessTitle":null}]},"ID":"18952","Language":"DE","IdMeeting":"1316","VerbalixOid":351925,"SortOrder":2,"Modified":"\/Date(1774877700611)\/"}}