{"d":{"__metadata":{"id":"https://ws.parlament.ch/OData.svc/Subject(ID=19032L,Language='DE')","uri":"https://ws.parlament.ch/OData.svc/Subject(ID=19032L,Language='DE')","type":"itsystems.Pd.DataServices.DataModel.Subject"},"Meetings":{"__metadata":{"id":"https://ws.parlament.ch/OData.svc/Meeting(ID=1324L,Language='DE')","uri":"https://ws.parlament.ch/OData.svc/Meeting(ID=1324L,Language='DE')","type":"itsystems.Pd.DataServices.DataModel.Meeting"},"Sessions":{"__deferred":{"uri":"https://ws.parlament.ch/OData.svc/Meeting(ID=1324L,Language='DE')/Sessions"}},"Subjects":{"__deferred":{"uri":"https://ws.parlament.ch/OData.svc/Meeting(ID=1324L,Language='DE')/Subjects"}},"ID":"1324","Language":"DE","MeetingNumber":5,"IdSession":4819,"SessionNumber":19,"SessionName":"Sommersession 2011","Council":1,"CouncilName":"Nationalrat","CouncilAbbreviation":"NR","Date":"\/Date(1307318400000)\/","Begin":"1430","Modified":"\/Date(1447070186213)\/","LegislativePeriodNumber":48,"PublicationStatus":"final","MeetingOrderText":"F\u00fcnfte Sitzung","SortOrder":5,"Location":"N"},"SubjectsBusiness":{"results":[{"__metadata":{"id":"https://ws.parlament.ch/OData.svc/SubjectBusiness(BusinessNumber=20090082,IdSubject=19032L,Language='DE')","uri":"https://ws.parlament.ch/OData.svc/SubjectBusiness(BusinessNumber=20090082,IdSubject=19032L,Language='DE')","type":"itsystems.Pd.DataServices.DataModel.SubjectBusiness"},"Subjects":{"__deferred":{"uri":"https://ws.parlament.ch/OData.svc/SubjectBusiness(BusinessNumber=20090082,IdSubject=19032L,Language='DE')/Subjects"}},"Businesses":{"__deferred":{"uri":"https://ws.parlament.ch/OData.svc/SubjectBusiness(BusinessNumber=20090082,IdSubject=19032L,Language='DE')/Businesses"}},"IdSubject":"19032","BusinessNumber":20090082,"Language":"DE","BusinessShortNumber":"09.082","Title":"Sportf\u00f6rderungsgesetz sowie Informationssysteme des Bundes im Bereich Sport. Bundesgesetz","SortOrder":1,"PublishedNotes":"Differenzen - Divergences\n","Modified":"\/Date(1447069399813)\/","TitleDE":"Sportf\u00f6rderungsgesetz\nsowie Bundesgesetz\n\u00fcber die Informationssysteme\ndes Bundes im Bereich Sport","TitleFR":"Loi sur l'encouragement du sport\net loi f\u00e9d\u00e9rale sur les syst\u00e8mes\nd'information de la Conf\u00e9d\u00e9ration\ndans le domaine du sport","TitleIT":null}]},"Transcripts":{"results":[{"__metadata":{"id":"https://ws.parlament.ch/OData.svc/Transcript(ID=118722L,Language='DE')","uri":"https://ws.parlament.ch/OData.svc/Transcript(ID=118722L,Language='DE')","type":"itsystems.Pd.DataServices.DataModel.Transcript"},"Subjects":{"__deferred":{"uri":"https://ws.parlament.ch/OData.svc/Transcript(ID=118722L,Language='DE')/Subjects"}},"MembersCouncil":{"__deferred":{"uri":"https://ws.parlament.ch/OData.svc/Transcript(ID=118722L,Language='DE')/MembersCouncil"}},"Businesses":{"__deferred":{"uri":"https://ws.parlament.ch/OData.svc/Transcript(ID=118722L,Language='DE')/Businesses"}},"ID":"118722","Language":"DE","IdSubject":"19032","VoteId":null,"PersonNumber":1117,"Type":1,"Text":"<pd_text><p><i>Angenommen - Adopt\u00e9</i></p>\n</pd_text>","MeetingCouncilAbbreviation":"N","MeetingDate":"20110606","MeetingVerbalixOid":2067,"IdSession":"4819","SpeakerFirstName":"Jean-Ren\u00e9","SpeakerLastName":"Germanier","SpeakerFullName":"Germanier Jean-Ren\u00e9","SpeakerFunction":"P-M","CouncilId":1,"CouncilName":"Nationalrat","CantonId":23,"CantonName":"Wallis","CantonAbbreviation":"VS","ParlGroupName":"Freisinnig-demokratische Fraktion","ParlGroupAbbreviation":"RL","SortOrder":4,"Start":"\/Date(1307383449639)\/","End":"\/Date(1307383510760)\/","Function":"P-M","DisplaySpeaker":false,"LanguageOfText":null,"Modified":"\/Date(1774877688339)\/","StartTimeWithTimezone":"\/Date(1307383449640+0120)\/","EndTimeWithTimezone":"\/Date(1307383510760+0120)\/","VoteBusinessNumber":null,"VoteBusinessShortNumber":null,"VoteBusinessTitle":null},{"__metadata":{"id":"https://ws.parlament.ch/OData.svc/Transcript(ID=118723L,Language='DE')","uri":"https://ws.parlament.ch/OData.svc/Transcript(ID=118723L,Language='DE')","type":"itsystems.Pd.DataServices.DataModel.Transcript"},"Subjects":{"__deferred":{"uri":"https://ws.parlament.ch/OData.svc/Transcript(ID=118723L,Language='DE')/Subjects"}},"MembersCouncil":{"__deferred":{"uri":"https://ws.parlament.ch/OData.svc/Transcript(ID=118723L,Language='DE')/MembersCouncil"}},"Businesses":{"__deferred":{"uri":"https://ws.parlament.ch/OData.svc/Transcript(ID=118723L,Language='DE')/Businesses"}},"ID":"118723","Language":"DE","IdSubject":"19032","VoteId":null,"PersonNumber":3877,"Type":1,"Text":"<pd_text><p>Je suis heureuse de vous annoncer que la Conf\u00e9rence de conciliation s'est ralli\u00e9e aux d\u00e9cisions du Conseil national. Elle propose de maintenir les trois heures de sport obligatoires. On a assez discut\u00e9 dans cette salle des raisons, du pour et du contre.</p>\n<p>Je vous invite \u00e0 adopter les propositions de la Conf\u00e9rence de conciliation.</p>\n</pd_text>","MeetingCouncilAbbreviation":"N","MeetingDate":"20110606","MeetingVerbalixOid":2067,"IdSession":"4819","SpeakerFirstName":"Doris","SpeakerLastName":"Fiala","SpeakerFullName":"Fiala Doris","SpeakerFunction":"Mit-F","CouncilId":1,"CouncilName":"Nationalrat","CantonId":1,"CantonName":"Z\u00fcrich","CantonAbbreviation":"ZH","ParlGroupName":"Freisinnig-demokratische Fraktion","ParlGroupAbbreviation":"RL","SortOrder":3,"Start":"\/Date(1307383407493)\/","End":"\/Date(1307383449639)\/","Function":"*","DisplaySpeaker":true,"LanguageOfText":"FR","Modified":"\/Date(1774877688336)\/","StartTimeWithTimezone":"\/Date(1307383407493+0120)\/","EndTimeWithTimezone":"\/Date(1307383449640+0120)\/","VoteBusinessNumber":null,"VoteBusinessShortNumber":null,"VoteBusinessTitle":null},{"__metadata":{"id":"https://ws.parlament.ch/OData.svc/Transcript(ID=118724L,Language='DE')","uri":"https://ws.parlament.ch/OData.svc/Transcript(ID=118724L,Language='DE')","type":"itsystems.Pd.DataServices.DataModel.Transcript"},"Subjects":{"__deferred":{"uri":"https://ws.parlament.ch/OData.svc/Transcript(ID=118724L,Language='DE')/Subjects"}},"MembersCouncil":{"__deferred":{"uri":"https://ws.parlament.ch/OData.svc/Transcript(ID=118724L,Language='DE')/MembersCouncil"}},"Businesses":{"__deferred":{"uri":"https://ws.parlament.ch/OData.svc/Transcript(ID=118724L,Language='DE')/Businesses"}},"ID":"118724","Language":"DE","IdSubject":"19032","VoteId":null,"PersonNumber":465,"Type":1,"Text":"<pd_text><p>Bevor ich auf das eigentliche Resultat der Einigungskonferenz komme, noch dies: Ich bin gebeten worden, Sie auf einen fehlerhaften Verweis hinzuweisen. Die Verwaltung und die Redaktionskommission haben bemerkt, dass es in Artikel 33 einen Verweis auf Artikel 11 des Sportf\u00f6rderungsgesetzes hat; richtig w\u00e4re ein Verweis auf Artikel 9 des Sportf\u00f6rderungsgesetzes, weil es hier nicht um einen Verweis auf die generelle Subventionsbestimmung f\u00fcr das Programm \"Jugend und Sport\", sondern um einen Verweis auf die Kaderbildung - eben im Sinne von Artikel 9 - geht. Inhaltlich \u00e4ndert sich nichts, es ist eine rein redaktionelle \u00c4nderung, die jetzt auch so im Ergebnis der Einigungskonferenz vermerkt ist.</p>\n<p>Die Einigungskonferenz hat sich mit 15 zu 10 Stimmen f\u00fcr die L\u00f6sung des Nationalrates entschieden, eine Bundeskompetenz im Schulsport festzulegen. Ich halte hier auch fest, dass es sich nach unserer Auffassung nicht um eine neue Kompetenz handelt, sondern - wie es auch in einem Rechtsgutachten festgehalten wurde, woraus ich bereits mehrfach zitiert habe - um die erneute Festschreibung einer Kompetenz, die bereits bestanden hat. Wir wollen hier ein Zeichen f\u00fcr den Sport setzen, diese Bundeskompetenz noch einmal festschreiben, ein schweizweites Sportobligatorium f\u00fcr den Schulunterricht auf drei Wochenstunden festlegen.</p>\n<p>Ich bitte Sie, diesem Antrag der Einigungskonferenz zuzustimmen, der wie gesagt, mit 15 zu 10 Stimmen beschlossen worden ist.</p>\n</pd_text>","MeetingCouncilAbbreviation":"N","MeetingDate":"20110606","MeetingVerbalixOid":2067,"IdSession":"4819","SpeakerFirstName":"Mario","SpeakerLastName":"Fehr","SpeakerFullName":"Fehr Mario","SpeakerFunction":"Mit-M","CouncilId":1,"CouncilName":"Nationalrat","CantonId":1,"CantonName":"Z\u00fcrich","CantonAbbreviation":"ZH","ParlGroupName":"Sozialdemokratische Fraktion","ParlGroupAbbreviation":"S","SortOrder":2,"Start":"\/Date(1307383291546)\/","End":"\/Date(1307383407493)\/","Function":"*","DisplaySpeaker":true,"LanguageOfText":"DE","Modified":"\/Date(1774877688334)\/","StartTimeWithTimezone":"\/Date(1307383291547+0120)\/","EndTimeWithTimezone":"\/Date(1307383407493+0120)\/","VoteBusinessNumber":null,"VoteBusinessShortNumber":null,"VoteBusinessTitle":null},{"__metadata":{"id":"https://ws.parlament.ch/OData.svc/Transcript(ID=118725L,Language='DE')","uri":"https://ws.parlament.ch/OData.svc/Transcript(ID=118725L,Language='DE')","type":"itsystems.Pd.DataServices.DataModel.Transcript"},"Subjects":{"__deferred":{"uri":"https://ws.parlament.ch/OData.svc/Transcript(ID=118725L,Language='DE')/Subjects"}},"MembersCouncil":{"__deferred":{"uri":"https://ws.parlament.ch/OData.svc/Transcript(ID=118725L,Language='DE')/MembersCouncil"}},"Businesses":{"__deferred":{"uri":"https://ws.parlament.ch/OData.svc/Transcript(ID=118725L,Language='DE')/Businesses"}},"ID":"118725","Language":"DE","IdSubject":"19032","VoteId":null,"PersonNumber":null,"Type":3,"Text":"<pd_text><p><b>1. Bundesgesetz \u00fcber die F\u00f6rderung von Sport und Bewegung </b></p>\n<p><b>1. Loi f\u00e9d\u00e9rale sur l'encouragement du sport et de l'activit\u00e9 physique </b></p>\n<p>[VS]</p>\n<p><b>Art. 12 Abs. 3, 3bis</b></p>\n<p><i>Antrag der Einigungskonferenz</i></p>\n<p>Zustimmung zum Beschluss des Nationalrates</p>\n<p>[VS]</p>\n<p><b>Art. 12 al. 3, 3bis</b></p>\n<p><i>Proposition de la Conf\u00e9rence de conciliation</i></p>\n<p>Adh\u00e9rer \u00e0 la d\u00e9cision du Conseil national</p>\n<p>[VS] [PAGE 910] </p>\n<p><b>Art. 33 Ziff. 5 Art. 1a Abs. 4</b></p>\n<p><i>Antrag der Einigungskonferenz</i></p>\n<p>Teilnehmer an eidgen\u00f6ssischen und kantonalen Kaderkursen von \"Jugend und Sport\" im Sinne von Artikel 9 des Sportf\u00f6rderungsgesetzes vom ... sowie an ...</p>\n<p>[VS]</p>\n<p><b>Art. 33 ch. 5 art. 1a al. 4</b></p>\n<p><i>Proposition de la Conf\u00e9rence de conciliation</i></p>\n<p>Les participants aux cours f\u00e9d\u00e9raux et cantonaux pour moniteurs \"Jeunesse et Sport\", au sens de l'article 9 de la loi du ... sur l'encouragement du sport ainsi que ...</p>\n<p>[VS]</p>\n<p><b>Art. 34 Abs. 2</b></p>\n<p><i>Antrag der Einigungskonferenz</i></p>\n<p>Zustimmung zum Beschluss des Nationalrates</p>\n<p>[VS]</p>\n<p><b>Art. 34 al. 2</b></p>\n<p><i>Proposition de la Conf\u00e9rence de conciliation</i></p>\n<p>Adh\u00e9rer \u00e0 la d\u00e9cision du Conseil national</p>\n</pd_text>","MeetingCouncilAbbreviation":"N","MeetingDate":"20110606","MeetingVerbalixOid":2067,"IdSession":"4819","SpeakerFirstName":null,"SpeakerLastName":null,"SpeakerFullName":"","SpeakerFunction":null,"CouncilId":null,"CouncilName":null,"CantonId":null,"CantonName":null,"CantonAbbreviation":null,"ParlGroupName":null,"ParlGroupAbbreviation":null,"SortOrder":1,"Start":null,"End":null,"Function":null,"DisplaySpeaker":null,"LanguageOfText":"DE","Modified":"\/Date(1774877688333)\/","StartTimeWithTimezone":null,"EndTimeWithTimezone":null,"VoteBusinessNumber":null,"VoteBusinessShortNumber":null,"VoteBusinessTitle":null}]},"ID":"19032","Language":"DE","IdMeeting":"1324","VerbalixOid":355242,"SortOrder":6,"Modified":"\/Date(1774877688331)\/"}}