{"d":{"__metadata":{"id":"https://ws.parlament.ch/OData.svc/Subject(ID=19421L,Language='DE')","uri":"https://ws.parlament.ch/OData.svc/Subject(ID=19421L,Language='DE')","type":"itsystems.Pd.DataServices.DataModel.Subject"},"Meetings":{"__metadata":{"id":"https://ws.parlament.ch/OData.svc/Meeting(ID=1342L,Language='DE')","uri":"https://ws.parlament.ch/OData.svc/Meeting(ID=1342L,Language='DE')","type":"itsystems.Pd.DataServices.DataModel.Meeting"},"Sessions":{"__deferred":{"uri":"https://ws.parlament.ch/OData.svc/Meeting(ID=1342L,Language='DE')/Sessions"}},"Subjects":{"__deferred":{"uri":"https://ws.parlament.ch/OData.svc/Meeting(ID=1342L,Language='DE')/Subjects"}},"ID":"1342","Language":"DE","MeetingNumber":4,"IdSession":4820,"SessionNumber":20,"SessionName":"Herbstsession 2011","Council":1,"CouncilName":"Nationalrat","CouncilAbbreviation":"NR","Date":"\/Date(1315958400000)\/","Begin":"1500","Modified":"\/Date(1447070193523)\/","LegislativePeriodNumber":48,"PublicationStatus":"final","MeetingOrderText":"Vierte Sitzung","SortOrder":4,"Location":"N"},"SubjectsBusiness":{"results":[{"__metadata":{"id":"https://ws.parlament.ch/OData.svc/SubjectBusiness(BusinessNumber=20100089,IdSubject=19421L,Language='DE')","uri":"https://ws.parlament.ch/OData.svc/SubjectBusiness(BusinessNumber=20100089,IdSubject=19421L,Language='DE')","type":"itsystems.Pd.DataServices.DataModel.SubjectBusiness"},"Subjects":{"__deferred":{"uri":"https://ws.parlament.ch/OData.svc/SubjectBusiness(BusinessNumber=20100089,IdSubject=19421L,Language='DE')/Subjects"}},"Businesses":{"__deferred":{"uri":"https://ws.parlament.ch/OData.svc/SubjectBusiness(BusinessNumber=20100089,IdSubject=19421L,Language='DE')/Businesses"}},"IdSubject":"19421","BusinessNumber":20100089,"Language":"DE","BusinessShortNumber":"10.089","Title":"Armeebericht 2010","SortOrder":1,"PublishedNotes":"Fortsetzung - Suite\n","Modified":"\/Date(1447069448193)\/","TitleDE":"Armeebericht 2010","TitleFR":"Rapport sur l'arm\u00e9e 2010","TitleIT":null}]},"Transcripts":{"results":[{"__metadata":{"id":"https://ws.parlament.ch/OData.svc/Transcript(ID=120472L,Language='DE')","uri":"https://ws.parlament.ch/OData.svc/Transcript(ID=120472L,Language='DE')","type":"itsystems.Pd.DataServices.DataModel.Transcript"},"Subjects":{"__deferred":{"uri":"https://ws.parlament.ch/OData.svc/Transcript(ID=120472L,Language='DE')/Subjects"}},"MembersCouncil":{"__deferred":{"uri":"https://ws.parlament.ch/OData.svc/Transcript(ID=120472L,Language='DE')/MembersCouncil"}},"Businesses":{"__deferred":{"uri":"https://ws.parlament.ch/OData.svc/Transcript(ID=120472L,Language='DE')/Businesses"}},"ID":"120472","Language":"DE","IdSubject":"19421","VoteId":"6089","PersonNumber":null,"Type":2,"Text":"<pd_text><p><i>Gesamtabstimmung - Vote sur l'ensemble</i></p>\n<p>[NAM]</p>\n<p>F\u00fcr Annahme des Entwurfes ... 108 Stimmen</p>\n<p>Dagegen ... 58 Stimmen</p>\n</pd_text>","MeetingCouncilAbbreviation":"N","MeetingDate":"20110914","MeetingVerbalixOid":2095,"IdSession":"4820","SpeakerFirstName":null,"SpeakerLastName":null,"SpeakerFullName":"","SpeakerFunction":null,"CouncilId":null,"CouncilName":null,"CantonId":null,"CantonName":null,"CantonAbbreviation":null,"ParlGroupName":null,"ParlGroupAbbreviation":null,"SortOrder":78,"Start":null,"End":null,"Function":null,"DisplaySpeaker":null,"LanguageOfText":"DE","Modified":"\/Date(1774877671076)\/","StartTimeWithTimezone":null,"EndTimeWithTimezone":null,"VoteBusinessNumber":20100089,"VoteBusinessShortNumber":"10.089","VoteBusinessTitle":"Armeebericht 2010"},{"__metadata":{"id":"https://ws.parlament.ch/OData.svc/Transcript(ID=120473L,Language='DE')","uri":"https://ws.parlament.ch/OData.svc/Transcript(ID=120473L,Language='DE')","type":"itsystems.Pd.DataServices.DataModel.Transcript"},"Subjects":{"__deferred":{"uri":"https://ws.parlament.ch/OData.svc/Transcript(ID=120473L,Language='DE')/Subjects"}},"MembersCouncil":{"__deferred":{"uri":"https://ws.parlament.ch/OData.svc/Transcript(ID=120473L,Language='DE')/MembersCouncil"}},"Businesses":{"__deferred":{"uri":"https://ws.parlament.ch/OData.svc/Transcript(ID=120473L,Language='DE')/Businesses"}},"ID":"120473","Language":"DE","IdSubject":"19421","VoteId":null,"PersonNumber":null,"Type":3,"Text":"<pd_text><p><b>Ziff. III</b></p>\n<p><i>Antrag der Kommission</i></p>\n<p>Zustimmung zum Beschluss des St\u00e4nderates</p>\n<p>[VS]</p>\n<p><b>Ch. III</b></p>\n<p><i>Proposition de la commission</i></p>\n<p>Adh\u00e9rer \u00e0 la d\u00e9cision du Conseil des Etats</p>\n<p>[VS]</p>\n<p><i>Angenommen - Adopt\u00e9</i></p>\n<p>[VS]</p>\n</pd_text>","MeetingCouncilAbbreviation":"N","MeetingDate":"20110914","MeetingVerbalixOid":2095,"IdSession":"4820","SpeakerFirstName":null,"SpeakerLastName":null,"SpeakerFullName":"","SpeakerFunction":null,"CouncilId":null,"CouncilName":null,"CantonId":null,"CantonName":null,"CantonAbbreviation":null,"ParlGroupName":null,"ParlGroupAbbreviation":null,"SortOrder":77,"Start":null,"End":null,"Function":null,"DisplaySpeaker":null,"LanguageOfText":"DE","Modified":"\/Date(1774877671073)\/","StartTimeWithTimezone":null,"EndTimeWithTimezone":null,"VoteBusinessNumber":null,"VoteBusinessShortNumber":null,"VoteBusinessTitle":null},{"__metadata":{"id":"https://ws.parlament.ch/OData.svc/Transcript(ID=120474L,Language='DE')","uri":"https://ws.parlament.ch/OData.svc/Transcript(ID=120474L,Language='DE')","type":"itsystems.Pd.DataServices.DataModel.Transcript"},"Subjects":{"__deferred":{"uri":"https://ws.parlament.ch/OData.svc/Transcript(ID=120474L,Language='DE')/Subjects"}},"MembersCouncil":{"__deferred":{"uri":"https://ws.parlament.ch/OData.svc/Transcript(ID=120474L,Language='DE')/MembersCouncil"}},"Businesses":{"__deferred":{"uri":"https://ws.parlament.ch/OData.svc/Transcript(ID=120474L,Language='DE')/Businesses"}},"ID":"120474","Language":"DE","IdSubject":"19421","VoteId":"6088","PersonNumber":null,"Type":2,"Text":"<pd_text><p><i>Zweite Abstimmung - Deuxi\u00e8me vote</i></p>\n<p>[NAM]</p>\n<p>F\u00fcr den Antrag Zuppiger ... 96 Stimmen</p>\n<p>F\u00fcr den Antrag der Minderheit XII ... 64 Stimmen</p>\n<p>[VS]</p>\n</pd_text>","MeetingCouncilAbbreviation":"N","MeetingDate":"20110914","MeetingVerbalixOid":2095,"IdSession":"4820","SpeakerFirstName":null,"SpeakerLastName":null,"SpeakerFullName":"","SpeakerFunction":null,"CouncilId":null,"CouncilName":null,"CantonId":null,"CantonName":null,"CantonAbbreviation":null,"ParlGroupName":null,"ParlGroupAbbreviation":null,"SortOrder":76,"Start":null,"End":null,"Function":null,"DisplaySpeaker":null,"LanguageOfText":"DE","Modified":"\/Date(1774877671072)\/","StartTimeWithTimezone":null,"EndTimeWithTimezone":null,"VoteBusinessNumber":20100089,"VoteBusinessShortNumber":"10.089","VoteBusinessTitle":"Armeebericht 2010"},{"__metadata":{"id":"https://ws.parlament.ch/OData.svc/Transcript(ID=120475L,Language='DE')","uri":"https://ws.parlament.ch/OData.svc/Transcript(ID=120475L,Language='DE')","type":"itsystems.Pd.DataServices.DataModel.Transcript"},"Subjects":{"__deferred":{"uri":"https://ws.parlament.ch/OData.svc/Transcript(ID=120475L,Language='DE')/Subjects"}},"MembersCouncil":{"__deferred":{"uri":"https://ws.parlament.ch/OData.svc/Transcript(ID=120475L,Language='DE')/MembersCouncil"}},"Businesses":{"__deferred":{"uri":"https://ws.parlament.ch/OData.svc/Transcript(ID=120475L,Language='DE')/Businesses"}},"ID":"120475","Language":"DE","IdSubject":"19421","VoteId":"6087","PersonNumber":null,"Type":2,"Text":"<pd_text><p><i>Erste Abstimmung - Premier vote</i></p>\n<p>[NAM]</p>\n<p>F\u00fcr den Antrag Zuppiger ... 88 Stimmen</p>\n<p>F\u00fcr den Antrag der Mehrheit ... 76 Stimmen</p>\n</pd_text>","MeetingCouncilAbbreviation":"N","MeetingDate":"20110914","MeetingVerbalixOid":2095,"IdSession":"4820","SpeakerFirstName":null,"SpeakerLastName":null,"SpeakerFullName":"","SpeakerFunction":null,"CouncilId":null,"CouncilName":null,"CantonId":null,"CantonName":null,"CantonAbbreviation":null,"ParlGroupName":null,"ParlGroupAbbreviation":null,"SortOrder":75,"Start":"\/Date(1316021897860)\/","End":"\/Date(1316021897860)\/","Function":null,"DisplaySpeaker":null,"LanguageOfText":"DE","Modified":"\/Date(1774877671071)\/","StartTimeWithTimezone":"\/Date(1316021897860+0120)\/","EndTimeWithTimezone":"\/Date(1316021897860+0120)\/","VoteBusinessNumber":20100089,"VoteBusinessShortNumber":"10.089","VoteBusinessTitle":"Armeebericht 2010"},{"__metadata":{"id":"https://ws.parlament.ch/OData.svc/Transcript(ID=120476L,Language='DE')","uri":"https://ws.parlament.ch/OData.svc/Transcript(ID=120476L,Language='DE')","type":"itsystems.Pd.DataServices.DataModel.Transcript"},"Subjects":{"__deferred":{"uri":"https://ws.parlament.ch/OData.svc/Transcript(ID=120476L,Language='DE')/Subjects"}},"MembersCouncil":{"__deferred":{"uri":"https://ws.parlament.ch/OData.svc/Transcript(ID=120476L,Language='DE')/MembersCouncil"}},"Businesses":{"__deferred":{"uri":"https://ws.parlament.ch/OData.svc/Transcript(ID=120476L,Language='DE')/Businesses"}},"ID":"120476","Language":"DE","IdSubject":"19421","VoteId":null,"PersonNumber":489,"Type":1,"Text":"<pd_text><p>\u00dcbertreiben m\u00fcssen wir jetzt nicht. Das ist eine kleine Geschichte, es w\u00fcrde aber doch der Armee etwas helfen.</p>\n<p>Ich bitte Sie pers\u00f6nlich, dem Antrag Zuppiger zuzustimmen.</p>\n</pd_text>","MeetingCouncilAbbreviation":"N","MeetingDate":"20110914","MeetingVerbalixOid":2095,"IdSession":"4820","SpeakerFirstName":"Arthur","SpeakerLastName":"Loepfe","SpeakerFullName":"Loepfe Arthur","SpeakerFunction":"Mit-M","CouncilId":1,"CouncilName":"Nationalrat","CantonId":16,"CantonName":"Appenzell I.-Rh.","CantonAbbreviation":"AI","ParlGroupName":"Fraktion CVP/EVP/glp","ParlGroupAbbreviation":"M-E","SortOrder":74,"Start":"\/Date(1316021696364)\/","End":"\/Date(1316021897860)\/","Function":"*","DisplaySpeaker":true,"LanguageOfText":"DE","Modified":"\/Date(1774877671069)\/","StartTimeWithTimezone":"\/Date(1316021696363+0120)\/","EndTimeWithTimezone":"\/Date(1316021897860+0120)\/","VoteBusinessNumber":null,"VoteBusinessShortNumber":null,"VoteBusinessTitle":null},{"__metadata":{"id":"https://ws.parlament.ch/OData.svc/Transcript(ID=120477L,Language='DE')","uri":"https://ws.parlament.ch/OData.svc/Transcript(ID=120477L,Language='DE')","type":"itsystems.Pd.DataServices.DataModel.Transcript"},"Subjects":{"__deferred":{"uri":"https://ws.parlament.ch/OData.svc/Transcript(ID=120477L,Language='DE')/Subjects"}},"MembersCouncil":{"__deferred":{"uri":"https://ws.parlament.ch/OData.svc/Transcript(ID=120477L,Language='DE')/MembersCouncil"}},"Businesses":{"__deferred":{"uri":"https://ws.parlament.ch/OData.svc/Transcript(ID=120477L,Language='DE')/Businesses"}},"ID":"120477","Language":"DE","IdSubject":"19421","VoteId":null,"PersonNumber":1147,"Type":1,"Text":"<pd_text><p>Sehr gesch\u00e4tzter Herr Kollege, w\u00e4re es dann nicht ehrlicher, im Sinne des Konzepts des Einzelantrages Zuppiger die Armee in ein Flag-Amt \u00fcberzuf\u00fchren? Dann h\u00e4tte sie viel mehr Handlungsspielraum bei den Einnahmen und Ausgaben und k\u00f6nnte auch Reserven bilden.</p>\n</pd_text>","MeetingCouncilAbbreviation":"N","MeetingDate":"20110914","MeetingVerbalixOid":2095,"IdSession":"4820","SpeakerFirstName":"Margret","SpeakerLastName":"Kiener Nellen","SpeakerFullName":"Kiener Nellen Margret","SpeakerFunction":"Mit-F","CouncilId":1,"CouncilName":"Nationalrat","CantonId":2,"CantonName":"Bern","CantonAbbreviation":"BE","ParlGroupName":"Sozialdemokratische Fraktion","ParlGroupAbbreviation":"S","SortOrder":73,"Start":"\/Date(1316021669797)\/","End":"\/Date(1316021696364)\/","Function":"Mit-F","DisplaySpeaker":true,"LanguageOfText":"DE","Modified":"\/Date(1774877671068)\/","StartTimeWithTimezone":"\/Date(1316021669797+0120)\/","EndTimeWithTimezone":"\/Date(1316021696363+0120)\/","VoteBusinessNumber":null,"VoteBusinessShortNumber":null,"VoteBusinessTitle":null},{"__metadata":{"id":"https://ws.parlament.ch/OData.svc/Transcript(ID=120478L,Language='DE')","uri":"https://ws.parlament.ch/OData.svc/Transcript(ID=120478L,Language='DE')","type":"itsystems.Pd.DataServices.DataModel.Transcript"},"Subjects":{"__deferred":{"uri":"https://ws.parlament.ch/OData.svc/Transcript(ID=120478L,Language='DE')/Subjects"}},"MembersCouncil":{"__deferred":{"uri":"https://ws.parlament.ch/OData.svc/Transcript(ID=120478L,Language='DE')/MembersCouncil"}},"Businesses":{"__deferred":{"uri":"https://ws.parlament.ch/OData.svc/Transcript(ID=120478L,Language='DE')/Businesses"}},"ID":"120478","Language":"DE","IdSubject":"19421","VoteId":null,"PersonNumber":489,"Type":1,"Text":"<pd_text><p>Die Sache mit den Liegenschaften ist ja so, dass wir in den vergangenen Jahren leider viel zu wenig Geld hatten, um diese zu erhalten. Viele Armeeliegenschaften sind verlottert, und zwar auch solche, die man noch brauchen w\u00fcrde. Vieles wurde ausgeschieden und wird sukzessive verkauft. Anderes gibt einen grossen Aufwand. Die Armee zahlt f\u00fcr den Aufwand, aber wenn es einen Erl\u00f6s gibt, bekommt sie f\u00fcr sich kein Geld. Sie kann mit diesem Geld nicht einmal die alten, reparaturbed\u00fcrftigen Liegenschaften reparieren, sondern sie muss das Geld f\u00fcr Renovationen wieder frisch aus ihrem Budget aufbringen. Dieses Thema war in der Vergangenheit Gegenstand vieler Motionen, die vom Bundesrat leider immer wieder abgelehnt wurden. Am Verfahren beim ganzen Verkauf, wonach zuerst die Kantone und Gemeinden usw. ber\u00fccksichtigt werden, wird nichts ge\u00e4ndert, das ist klar. Wir sch\u00e4tzen, dass der Armee in den n\u00e4chsten Jahren auf diesem Weg im Schnitt etwa 100 Millionen Franken pro Jahr zugutek\u00e4men. Mit diesem Geld k\u00f6nnte sie dann eben Liegenschaften renovieren, sie k\u00f6nnte aber auch andere L\u00fccken damit schliessen - wie jetzt heute besprochen, wenn es um R\u00fcstung geht.</p>\n<p>Zur \u00c4nderung des Finanzhaushaltgesetzes, das ist ja die Meinung der Mehrheit der Sicherheitspolitischen Kommission: Bez\u00fcglich der Zielerreichung muss man sagen, dass es formell so, wie es hier die Mehrheit beschlossen hat, nicht geht; es ist tats\u00e4chlich so. Jetzt rede ich nat\u00fcrlich als Sprecher der Kommission. Was den Einzelantrag Zuppiger anbelangt, so ist dieser in der Kommission nicht behandelt worden. Ich kann aber Folgendes sagen: Wenn man das erreichen wollte, was die Mehrheit der Sicherheitspolitischen Kommission will, dann m\u00fcsste man den Antrag Zuppiger unterst\u00fctzen. Mit dem Antrag Zuppiger w\u00fcrde man das Ziel erreichen. Er ist \u00fcbrigens so konzipiert, dass es plafonderh\u00f6hend wirken w\u00fcrde - und er ist rechtm\u00e4ssig. Aber nochmals: In der Kommission wurde dieser Antrag nicht behandelt; das ist meine pers\u00f6nliche Aussage, aber ich habe das abgekl\u00e4rt.</p>\n</pd_text>","MeetingCouncilAbbreviation":"N","MeetingDate":"20110914","MeetingVerbalixOid":2095,"IdSession":"4820","SpeakerFirstName":"Arthur","SpeakerLastName":"Loepfe","SpeakerFullName":"Loepfe Arthur","SpeakerFunction":"Mit-M","CouncilId":1,"CouncilName":"Nationalrat","CantonId":16,"CantonName":"Appenzell I.-Rh.","CantonAbbreviation":"AI","ParlGroupName":"Fraktion CVP/EVP/glp","ParlGroupAbbreviation":"M-E","SortOrder":72,"Start":"\/Date(1316021542459)\/","End":"\/Date(1316021669797)\/","Function":"*","DisplaySpeaker":true,"LanguageOfText":"DE","Modified":"\/Date(1774877671067)\/","StartTimeWithTimezone":"\/Date(1316021542460+0120)\/","EndTimeWithTimezone":"\/Date(1316021669797+0120)\/","VoteBusinessNumber":null,"VoteBusinessShortNumber":null,"VoteBusinessTitle":null},{"__metadata":{"id":"https://ws.parlament.ch/OData.svc/Transcript(ID=120479L,Language='DE')","uri":"https://ws.parlament.ch/OData.svc/Transcript(ID=120479L,Language='DE')","type":"itsystems.Pd.DataServices.DataModel.Transcript"},"Subjects":{"__deferred":{"uri":"https://ws.parlament.ch/OData.svc/Transcript(ID=120479L,Language='DE')/Subjects"}},"MembersCouncil":{"__deferred":{"uri":"https://ws.parlament.ch/OData.svc/Transcript(ID=120479L,Language='DE')/MembersCouncil"}},"Businesses":{"__deferred":{"uri":"https://ws.parlament.ch/OData.svc/Transcript(ID=120479L,Language='DE')/Businesses"}},"ID":"120479","Language":"DE","IdSubject":"19421","VoteId":null,"PersonNumber":146,"Type":1,"Text":"<pd_text><p>Ja, das ist das Schicksal aufgrund des Finanzhaushaltgesetzes, dass wir immer wieder Investitionen t\u00e4tigen oder Dienstleistungen erbringen und dass die entsprechenden Eintr\u00e4ge dann in die Kasse des Bundes fliessen. Das VBS hat insofern eine Sonderstellung, als wir mehr solche Dienstleistungen erbringen und eigentlich auch das einzige Departement sind, das Verk\u00e4ufe t\u00e4tigen kann. Aber es entspricht der Regelung des Finanzhaushaltgesetzes. Meine Gl\u00fcckseligkeit ist in der Regel bei solchen Dingen nicht gefragt. </p>\n</pd_text>","MeetingCouncilAbbreviation":"N","MeetingDate":"20110914","MeetingVerbalixOid":2095,"IdSession":"4820","SpeakerFirstName":"Ueli","SpeakerLastName":"Maurer","SpeakerFullName":"Maurer Ueli","SpeakerFunction":"BR-M","CouncilId":99,"CouncilName":"Bundesrat","CantonId":1,"CantonName":"Z\u00fcrich","CantonAbbreviation":"ZH","ParlGroupName":null,"ParlGroupAbbreviation":null,"SortOrder":71,"Start":"\/Date(1316021509102)\/","End":"\/Date(1316021542459)\/","Function":"BR-M","DisplaySpeaker":true,"LanguageOfText":"DE","Modified":"\/Date(1774877671065)\/","StartTimeWithTimezone":"\/Date(1316021509103+0120)\/","EndTimeWithTimezone":"\/Date(1316021542460+0120)\/","VoteBusinessNumber":null,"VoteBusinessShortNumber":null,"VoteBusinessTitle":null},{"__metadata":{"id":"https://ws.parlament.ch/OData.svc/Transcript(ID=120480L,Language='DE')","uri":"https://ws.parlament.ch/OData.svc/Transcript(ID=120480L,Language='DE')","type":"itsystems.Pd.DataServices.DataModel.Transcript"},"Subjects":{"__deferred":{"uri":"https://ws.parlament.ch/OData.svc/Transcript(ID=120480L,Language='DE')/Subjects"}},"MembersCouncil":{"__deferred":{"uri":"https://ws.parlament.ch/OData.svc/Transcript(ID=120480L,Language='DE')/MembersCouncil"}},"Businesses":{"__deferred":{"uri":"https://ws.parlament.ch/OData.svc/Transcript(ID=120480L,Language='DE')/Businesses"}},"ID":"120480","Language":"DE","IdSubject":"19421","VoteId":null,"PersonNumber":352,"Type":1,"Text":"<pd_text><p>Herr Bundesrat, eine Frage zur Praxis: Sind Sie als VBS-Chef damit gl\u00fccklich geworden, dass der Bund seinerzeit die Armeew\u00e4scherei sehr, sehr gewinnbringend ver\u00e4ussert hat, der Ertrag aber vollumf\u00e4nglich in die allgemeine Bundeskasse ging, w\u00e4hrenddem das Milit\u00e4r in Thun voll auf Kosten des Milit\u00e4rbudgets eine neue W\u00e4scherei zu erstellen hatte?</p>\n</pd_text>","MeetingCouncilAbbreviation":"N","MeetingDate":"20110914","MeetingVerbalixOid":2095,"IdSession":"4820","SpeakerFirstName":"Ulrich","SpeakerLastName":"Schl\u00fcer","SpeakerFullName":"Schl\u00fcer Ulrich","SpeakerFunction":"Mit-M","CouncilId":1,"CouncilName":"Nationalrat","CantonId":1,"CantonName":"Z\u00fcrich","CantonAbbreviation":"ZH","ParlGroupName":"Fraktion der Schweizerischen Volkspartei","ParlGroupAbbreviation":"V","SortOrder":70,"Start":"\/Date(1316021471552)\/","End":"\/Date(1316021509102)\/","Function":"Mit-M","DisplaySpeaker":true,"LanguageOfText":"DE","Modified":"\/Date(1774877671064)\/","StartTimeWithTimezone":"\/Date(1316021471553+0120)\/","EndTimeWithTimezone":"\/Date(1316021509103+0120)\/","VoteBusinessNumber":null,"VoteBusinessShortNumber":null,"VoteBusinessTitle":null},{"__metadata":{"id":"https://ws.parlament.ch/OData.svc/Transcript(ID=120481L,Language='DE')","uri":"https://ws.parlament.ch/OData.svc/Transcript(ID=120481L,Language='DE')","type":"itsystems.Pd.DataServices.DataModel.Transcript"},"Subjects":{"__deferred":{"uri":"https://ws.parlament.ch/OData.svc/Transcript(ID=120481L,Language='DE')/Subjects"}},"MembersCouncil":{"__deferred":{"uri":"https://ws.parlament.ch/OData.svc/Transcript(ID=120481L,Language='DE')/MembersCouncil"}},"Businesses":{"__deferred":{"uri":"https://ws.parlament.ch/OData.svc/Transcript(ID=120481L,Language='DE')/Businesses"}},"ID":"120481","Language":"DE","IdSubject":"19421","VoteId":null,"PersonNumber":146,"Type":1,"Text":"<pd_text><p>Wenn ich den Antrag Zuppiger richtig interpretiere, wird der Plafond um die Verk\u00e4ufe erh\u00f6ht. Die ersten 30 Millionen Franken gehen jetzt in die Bundeskasse, der Rest kommt zu uns. Dann gibt es Dienstleistungen, bei denen Gelder ebenfalls in die Bundeskasse fliessen. Im Falle eines gr\u00f6sseren Verkaufes w\u00fcrde das den Plafond erh\u00f6hen.</p>\n<p>Man muss das auch auf der Zeitachse sehen: Es ist ja so, dass die Armee die verk\u00e4uflichen Liegenschaften dann einmal losgeschlagen haben wird. Es ist hier nicht eine T\u00fcre, die auf Jahrzehnte ge\u00f6ffnet wird, sondern es sind wahrscheinlich Verk\u00e4ufe in den n\u00e4chsten zehn Jahren, bei denen mit dem Antrag Zuppiger der Plafond erh\u00f6ht w\u00fcrde. Es sind also 5 Milliarden Franken, die Sie jetzt beschlossen haben, wenn es dabei bleibt, plus diese Verk\u00e4ufe.</p>\n</pd_text>","MeetingCouncilAbbreviation":"N","MeetingDate":"20110914","MeetingVerbalixOid":2095,"IdSession":"4820","SpeakerFirstName":"Ueli","SpeakerLastName":"Maurer","SpeakerFullName":"Maurer Ueli","SpeakerFunction":"BR-M","CouncilId":99,"CouncilName":"Bundesrat","CantonId":1,"CantonName":"Z\u00fcrich","CantonAbbreviation":"ZH","ParlGroupName":null,"ParlGroupAbbreviation":null,"SortOrder":69,"Start":"\/Date(1316021422819)\/","End":"\/Date(1316021471552)\/","Function":"BR-M","DisplaySpeaker":true,"LanguageOfText":"DE","Modified":"\/Date(1774877671063)\/","StartTimeWithTimezone":"\/Date(1316021422820+0120)\/","EndTimeWithTimezone":"\/Date(1316021471553+0120)\/","VoteBusinessNumber":null,"VoteBusinessShortNumber":null,"VoteBusinessTitle":null},{"__metadata":{"id":"https://ws.parlament.ch/OData.svc/Transcript(ID=120482L,Language='DE')","uri":"https://ws.parlament.ch/OData.svc/Transcript(ID=120482L,Language='DE')","type":"itsystems.Pd.DataServices.DataModel.Transcript"},"Subjects":{"__deferred":{"uri":"https://ws.parlament.ch/OData.svc/Transcript(ID=120482L,Language='DE')/Subjects"}},"MembersCouncil":{"__deferred":{"uri":"https://ws.parlament.ch/OData.svc/Transcript(ID=120482L,Language='DE')/MembersCouncil"}},"Businesses":{"__deferred":{"uri":"https://ws.parlament.ch/OData.svc/Transcript(ID=120482L,Language='DE')/Businesses"}},"ID":"120482","Language":"DE","IdSubject":"19421","VoteId":null,"PersonNumber":1114,"Type":1,"Text":"<pd_text><p>Ja, Herr Bundesrat, auch ich habe als Finanzpolitikerin eine gewisse Skepsis gegen\u00fcber dieser \u00c4nderung des Finanzhaushaltgesetzes. Ich habe gut zugeh\u00f6rt und bin trotzdem noch unschl\u00fcssig. Ich habe nicht verstanden, wie das nun wirklich ist, weshalb ich Sie nun fragen m\u00f6chte: Wird wegen der Eink\u00fcnfte, die Sie aus dem Verkauf von Armeeliegenschaften oder Armeematerial erzielen k\u00f6nnen - auch aus Dienstleistungen wie zum Beispiel Pistenstampfen oder anderem -, der Plafond erh\u00f6ht, oder reduziert sich nur die L\u00fccke, die die anderen eigentlich f\u00fcllen [PAGE 1419] m\u00fcssten? Also, eine klare Frage: Wird durch Verk\u00e4ufe der Plafond auf mehr als 5 Milliarden Franken erh\u00f6ht, ja oder nein?</p>\n</pd_text>","MeetingCouncilAbbreviation":"N","MeetingDate":"20110914","MeetingVerbalixOid":2095,"IdSession":"4820","SpeakerFirstName":"Marianne","SpeakerLastName":"Kleiner","SpeakerFullName":"Kleiner Marianne","SpeakerFunction":"Mit-F","CouncilId":1,"CouncilName":"Nationalrat","CantonId":15,"CantonName":"Appenzell A.-Rh.","CantonAbbreviation":"AR","ParlGroupName":"Freisinnig-demokratische Fraktion","ParlGroupAbbreviation":"RL","SortOrder":68,"Start":"\/Date(1316021369247)\/","End":"\/Date(1316021422819)\/","Function":"Mit-F","DisplaySpeaker":true,"LanguageOfText":"DE","Modified":"\/Date(1774877671061)\/","StartTimeWithTimezone":"\/Date(1316021369247+0120)\/","EndTimeWithTimezone":"\/Date(1316021422820+0120)\/","VoteBusinessNumber":null,"VoteBusinessShortNumber":null,"VoteBusinessTitle":null},{"__metadata":{"id":"https://ws.parlament.ch/OData.svc/Transcript(ID=120483L,Language='DE')","uri":"https://ws.parlament.ch/OData.svc/Transcript(ID=120483L,Language='DE')","type":"itsystems.Pd.DataServices.DataModel.Transcript"},"Subjects":{"__deferred":{"uri":"https://ws.parlament.ch/OData.svc/Transcript(ID=120483L,Language='DE')/Subjects"}},"MembersCouncil":{"__deferred":{"uri":"https://ws.parlament.ch/OData.svc/Transcript(ID=120483L,Language='DE')/MembersCouncil"}},"Businesses":{"__deferred":{"uri":"https://ws.parlament.ch/OData.svc/Transcript(ID=120483L,Language='DE')/Businesses"}},"ID":"120483","Language":"DE","IdSubject":"19421","VoteId":null,"PersonNumber":146,"Type":1,"Text":"<pd_text><p>Nein, wenn ich den Antrag Zuppiger richtig interpretiere, geht es hier ausschliesslich um Dienstleistungen und Verk\u00e4ufe der Armee. Dieser Antrag ist darauf beschr\u00e4nkt. Daher ist, wenn schon, der Antrag Zuppiger das kleinere \u00dcbel, weil Sie nat\u00fcrlich T\u00fcr und Tor f\u00fcr weitere W\u00fcnsche \u00f6ffnen, wenn Sie im Gesetz etwas \u00e4ndern. Ich habe den Antrag Zuppiger so verstanden, dass er sich ausschliesslich auf milit\u00e4rische Anlagen und Dienstleistungen beschr\u00e4nkt.</p>\n</pd_text>","MeetingCouncilAbbreviation":"N","MeetingDate":"20110914","MeetingVerbalixOid":2095,"IdSession":"4820","SpeakerFirstName":"Ueli","SpeakerLastName":"Maurer","SpeakerFullName":"Maurer Ueli","SpeakerFunction":"BR-M","CouncilId":99,"CouncilName":"Bundesrat","CantonId":1,"CantonName":"Z\u00fcrich","CantonAbbreviation":"ZH","ParlGroupName":null,"ParlGroupAbbreviation":null,"SortOrder":67,"Start":"\/Date(1316021335464)\/","End":"\/Date(1316021369247)\/","Function":"BR-M","DisplaySpeaker":true,"LanguageOfText":"DE","Modified":"\/Date(1774877671060)\/","StartTimeWithTimezone":"\/Date(1316021335463+0120)\/","EndTimeWithTimezone":"\/Date(1316021369247+0120)\/","VoteBusinessNumber":null,"VoteBusinessShortNumber":null,"VoteBusinessTitle":null},{"__metadata":{"id":"https://ws.parlament.ch/OData.svc/Transcript(ID=120484L,Language='DE')","uri":"https://ws.parlament.ch/OData.svc/Transcript(ID=120484L,Language='DE')","type":"itsystems.Pd.DataServices.DataModel.Transcript"},"Subjects":{"__deferred":{"uri":"https://ws.parlament.ch/OData.svc/Transcript(ID=120484L,Language='DE')/Subjects"}},"MembersCouncil":{"__deferred":{"uri":"https://ws.parlament.ch/OData.svc/Transcript(ID=120484L,Language='DE')/MembersCouncil"}},"Businesses":{"__deferred":{"uri":"https://ws.parlament.ch/OData.svc/Transcript(ID=120484L,Language='DE')/Businesses"}},"ID":"120484","Language":"DE","IdSubject":"19421","VoteId":null,"PersonNumber":4030,"Type":1,"Text":"<pd_text><p>Herr Bundesrat, ich habe vorhin verpasst, Herrn Zuppiger zu fragen, aber Sie haben sich dar\u00fcber sicher auch ausf\u00fchrlich informiert. Wenn dieses Parlament dem Antrag Zuppiger zustimmen w\u00fcrde, k\u00f6nnte das zum Beispiel Folgendes heissen: Wenn sich der Bundesrat oder das Parlament entscheiden w\u00fcrde, Swisscom-Aktien zu verkaufen, k\u00e4men die Ertr\u00e4ge daraus dann voll dem UVEK zugute? W\u00fcrden dann auch die Erl\u00f6se aus den Mobilfunklizenzen dem UVEK gutgeschrieben? W\u00e4re das die Folge des Antrages Zuppiger?</p>\n</pd_text>","MeetingCouncilAbbreviation":"N","MeetingDate":"20110914","MeetingVerbalixOid":2095,"IdSession":"4820","SpeakerFirstName":"Prisca","SpeakerLastName":"Birrer-Heimo","SpeakerFullName":"Birrer-Heimo Prisca","SpeakerFunction":"Mit-F","CouncilId":1,"CouncilName":"Nationalrat","CantonId":3,"CantonName":"Luzern","CantonAbbreviation":"LU","ParlGroupName":"Sozialdemokratische Fraktion","ParlGroupAbbreviation":"S","SortOrder":66,"Start":"\/Date(1316021290314)\/","End":"\/Date(1316021335464)\/","Function":"Mit-F","DisplaySpeaker":true,"LanguageOfText":"DE","Modified":"\/Date(1774877671058)\/","StartTimeWithTimezone":"\/Date(1316021290313+0120)\/","EndTimeWithTimezone":"\/Date(1316021335463+0120)\/","VoteBusinessNumber":null,"VoteBusinessShortNumber":null,"VoteBusinessTitle":null},{"__metadata":{"id":"https://ws.parlament.ch/OData.svc/Transcript(ID=120485L,Language='DE')","uri":"https://ws.parlament.ch/OData.svc/Transcript(ID=120485L,Language='DE')","type":"itsystems.Pd.DataServices.DataModel.Transcript"},"Subjects":{"__deferred":{"uri":"https://ws.parlament.ch/OData.svc/Transcript(ID=120485L,Language='DE')/Subjects"}},"MembersCouncil":{"__deferred":{"uri":"https://ws.parlament.ch/OData.svc/Transcript(ID=120485L,Language='DE')/MembersCouncil"}},"Businesses":{"__deferred":{"uri":"https://ws.parlament.ch/OData.svc/Transcript(ID=120485L,Language='DE')/Businesses"}},"ID":"120485","Language":"DE","IdSubject":"19421","VoteId":null,"PersonNumber":146,"Type":1,"Text":"<pd_text><p>Milit\u00e4risch gesprochen bildet sich jetzt in dieser Frage einmal mehr eine Kampfgruppe mit der Minderheit XII. Der Bundesrat lehnt den Antrag Zuppiger ab und hat auf verschiedene Vorst\u00f6sse mit Ablehnung reagiert, weil er der Meinung ist, dass eigentlich die gleiche Kasse hier in Bern herrscht und hier keine Sonderregelungen eingef\u00fchrt werden sollten. Sie liegen also mit dem Antrag der Minderheit XII (Chopard) auf der Linie des Bundesrates, weshalb ich Sie bitten muss, den Antrag der Kommissionsmehrheit und den Antrag Zuppiger abzulehnen.</p>\n<p>Jetzt wurde im Nationalrat eine Motion mit der gleichen Stossrichtung eingereicht. Wenn Sie trotzdem dazu kommen und zwischen dem Antrag der Mehrheit und dem Antrag Zuppiger unterscheiden, dann w\u00e4re der Antrag Zuppiger sozusagen das kleinere \u00dcbel, weil Sie und auch der Bundesrat das \u00fcber die Plafondl\u00f6sung st\u00e4ndig im Griff h\u00e4tten; man k\u00f6nnte allenfalls \u00fcber das Budget wieder entscheiden. Aber es ist, glaube ich, nicht angebracht, das im Finanzhaushaltgesetz festzuschreiben, und damit ist der Antrag der Mehrheit mit Sicherheit abzulehnen. Das w\u00fcrde eigentlich den Gepflogenheiten bez\u00fcglich des Finanzhaushaltes widersprechen.</p>\n<p>Zusammengefasst: Ich beantrage Ihnen also, der Minderheit XII (Chopard) zu folgen. Wenn Sie hier einen S\u00fcndenfall begehen, dann noch eher in Form einer Zustimmung zum Antrag Zuppiger als zum Antrag der Kommissionsmehrheit.</p>\n</pd_text>","MeetingCouncilAbbreviation":"N","MeetingDate":"20110914","MeetingVerbalixOid":2095,"IdSession":"4820","SpeakerFirstName":"Ueli","SpeakerLastName":"Maurer","SpeakerFullName":"Maurer Ueli","SpeakerFunction":"BR-M","CouncilId":99,"CouncilName":"Bundesrat","CantonId":1,"CantonName":"Z\u00fcrich","CantonAbbreviation":"ZH","ParlGroupName":null,"ParlGroupAbbreviation":null,"SortOrder":65,"Start":"\/Date(1316021199112)\/","End":"\/Date(1316021290314)\/","Function":"BR-M","DisplaySpeaker":true,"LanguageOfText":"DE","Modified":"\/Date(1774877671057)\/","StartTimeWithTimezone":"\/Date(1316021199113+0120)\/","EndTimeWithTimezone":"\/Date(1316021290313+0120)\/","VoteBusinessNumber":null,"VoteBusinessShortNumber":null,"VoteBusinessTitle":null},{"__metadata":{"id":"https://ws.parlament.ch/OData.svc/Transcript(ID=120486L,Language='DE')","uri":"https://ws.parlament.ch/OData.svc/Transcript(ID=120486L,Language='DE')","type":"itsystems.Pd.DataServices.DataModel.Transcript"},"Subjects":{"__deferred":{"uri":"https://ws.parlament.ch/OData.svc/Transcript(ID=120486L,Language='DE')/Subjects"}},"MembersCouncil":{"__deferred":{"uri":"https://ws.parlament.ch/OData.svc/Transcript(ID=120486L,Language='DE')/MembersCouncil"}},"Businesses":{"__deferred":{"uri":"https://ws.parlament.ch/OData.svc/Transcript(ID=120486L,Language='DE')/Businesses"}},"ID":"120486","Language":"DE","IdSubject":"19421","VoteId":null,"PersonNumber":1158,"Type":1,"Text":"<pd_text><p>1. Formal sind beide Antr\u00e4ge, der Antrag der Mehrheit und der Antrag Zuppiger, rechtswidrig, wie das Kollegin Kiener Nellen ausgef\u00fchrt hat. Leider kennt unser Land keine Verfassungsgerichtsbarkeit; das betrifft \u00fcbrigens auch die Frage der Referendumsf\u00e4higkeit eines Plafonds.</p>\n<p>2. Materiell sind beide Antr\u00e4ge Schaumschl\u00e4gerei. Sie erwecken den Eindruck, als w\u00fcrde hier aus Armeeimmobilien und aus Armeemobilien ein substanzieller Beitrag zur Finanzierung der 100 000er-Armee und der neuen Kampfjets geleistet. Dem ist nicht so; der Betrag wird deutlich unter 100 Millionen Franken liegen.</p>\n<p>3. Beide Antr\u00e4ge sind typisch f\u00fcr die unseri\u00f6se Finanzjongliererei, die wir bei diesem ganzen Gesch\u00e4ft erlebt haben. Seit acht Jahren werden immer wieder neue Zahlen herumgeboten - \u00fcbrigens auch, was die Zahlen f\u00fcr die Kampfjets betrifft. Diese Zahlen waren, von wenigen Ausnahmen abgesehen, immer politische Zahlen.</p>\n</pd_text>","MeetingCouncilAbbreviation":"N","MeetingDate":"20110914","MeetingVerbalixOid":2095,"IdSession":"4820","SpeakerFirstName":"Josef","SpeakerLastName":"Lang","SpeakerFullName":"Lang Josef","SpeakerFunction":"Mit-M","CouncilId":1,"CouncilName":"Nationalrat","CantonId":9,"CantonName":"Zug","CantonAbbreviation":"ZG","ParlGroupName":"Gr\u00fcne Fraktion","ParlGroupAbbreviation":"G","SortOrder":64,"Start":"\/Date(1316021111062)\/","End":"\/Date(1316021199112)\/","Function":"Mit-M","DisplaySpeaker":true,"LanguageOfText":"DE","Modified":"\/Date(1774877671056)\/","StartTimeWithTimezone":"\/Date(1316021111063+0120)\/","EndTimeWithTimezone":"\/Date(1316021199113+0120)\/","VoteBusinessNumber":null,"VoteBusinessShortNumber":null,"VoteBusinessTitle":null},{"__metadata":{"id":"https://ws.parlament.ch/OData.svc/Transcript(ID=120487L,Language='DE')","uri":"https://ws.parlament.ch/OData.svc/Transcript(ID=120487L,Language='DE')","type":"itsystems.Pd.DataServices.DataModel.Transcript"},"Subjects":{"__deferred":{"uri":"https://ws.parlament.ch/OData.svc/Transcript(ID=120487L,Language='DE')/Subjects"}},"MembersCouncil":{"__deferred":{"uri":"https://ws.parlament.ch/OData.svc/Transcript(ID=120487L,Language='DE')/MembersCouncil"}},"Businesses":{"__deferred":{"uri":"https://ws.parlament.ch/OData.svc/Transcript(ID=120487L,Language='DE')/Businesses"}},"ID":"120487","Language":"DE","IdSubject":"19421","VoteId":null,"PersonNumber":1137,"Type":1,"Text":"<pd_text><p>Die FDP-Liberale Fraktion unterst\u00fctzt bei Ziffer IIter die Mehrheit, d. h. konkret den mit dem Antrag Zuppiger abge\u00e4nderten Mehrheitsantrag. Es geht hier um ein altes Anliegen, das von uns mitgetragen werden kann, dass Einnahmen aus Verk\u00e4ufen von Armeematerial und Armeeliegenschaften, aus der Vermietung von Armeeliegenschaften und aus Dienstleistungen der Armee klar der Armee zugutekommen. Damit k\u00f6nnen auch L\u00fccken geschlossen werden. Das hat, Frau Kollegin Kiener Nellen, nichts mit einem \"Sonderk\u00e4sseli\" zu tun.</p>\n<p>Ich frage Sie: War es nicht eine Verletzung der Redlichkeit, wenn sich in der Vergangenheit immer alle Departemente aus dem Topf des VBS bedienten? Das wollen wir beenden; die Gelder sollen zur Armee zur\u00fcckfliessen. Ich denke, dass wir damit in die richtige Richtung gehen.</p>\n<p>Ich bitte Sie sehr um Unterst\u00fctzung des Antrages Zuppiger.</p>\n</pd_text>","MeetingCouncilAbbreviation":"N","MeetingDate":"20110914","MeetingVerbalixOid":2095,"IdSession":"4820","SpeakerFirstName":"Walter","SpeakerLastName":"M\u00fcller","SpeakerFullName":"M\u00fcller Walter","SpeakerFunction":"Mit-M","CouncilId":1,"CouncilName":"Nationalrat","CantonId":17,"CantonName":"St. Gallen","CantonAbbreviation":"SG","ParlGroupName":"Freisinnig-demokratische Fraktion","ParlGroupAbbreviation":"RL","SortOrder":63,"Start":"\/Date(1316021008588)\/","End":"\/Date(1316021111062)\/","Function":"Mit-M","DisplaySpeaker":true,"LanguageOfText":"DE","Modified":"\/Date(1774877671055)\/","StartTimeWithTimezone":"\/Date(1316021008587+0120)\/","EndTimeWithTimezone":"\/Date(1316021111063+0120)\/","VoteBusinessNumber":null,"VoteBusinessShortNumber":null,"VoteBusinessTitle":null},{"__metadata":{"id":"https://ws.parlament.ch/OData.svc/Transcript(ID=120488L,Language='DE')","uri":"https://ws.parlament.ch/OData.svc/Transcript(ID=120488L,Language='DE')","type":"itsystems.Pd.DataServices.DataModel.Transcript"},"Subjects":{"__deferred":{"uri":"https://ws.parlament.ch/OData.svc/Transcript(ID=120488L,Language='DE')/Subjects"}},"MembersCouncil":{"__deferred":{"uri":"https://ws.parlament.ch/OData.svc/Transcript(ID=120488L,Language='DE')/MembersCouncil"}},"Businesses":{"__deferred":{"uri":"https://ws.parlament.ch/OData.svc/Transcript(ID=120488L,Language='DE')/Businesses"}},"ID":"120488","Language":"DE","IdSubject":"19421","VoteId":null,"PersonNumber":526,"Type":1,"Text":"<pd_text><p>Das stimmt \u00fcberhaupt nicht. Die Ertr\u00e4ge gehen genau gleich, wie wir das bis jetzt gemacht haben, in die allgemeine Bundeskasse. Doch wir verpflichten mit dieser Bestimmung den Bundesrat, den Betrag des Plafonds um diesen Betrag aus den Verk\u00e4ufen und Ertr\u00e4gen der Armee-Desinvestitionen zu erh\u00f6hen, damit dieser Betrag der Armee mit dem Budgetantrag wieder zur Verf\u00fcgung steht. Da wird \u00fcberhaupt kein Recht verletzt. Ich bin \u00fcberzeugt, dass das hier der richtige Weg ist, um die n\u00f6tigen Anreize zu schaffen. Das habe ich n\u00e4mlich in den letzten f\u00fcnf, sechs Jahren festgestellt.</p>\n</pd_text>","MeetingCouncilAbbreviation":"N","MeetingDate":"20110914","MeetingVerbalixOid":2095,"IdSession":"4820","SpeakerFirstName":"Bruno","SpeakerLastName":"Zuppiger","SpeakerFullName":"Zuppiger Bruno","SpeakerFunction":"Mit-M","CouncilId":1,"CouncilName":"Nationalrat","CantonId":1,"CantonName":"Z\u00fcrich","CantonAbbreviation":"ZH","ParlGroupName":"Fraktion der Schweizerischen Volkspartei","ParlGroupAbbreviation":"V","SortOrder":62,"Start":"\/Date(1316020969542)\/","End":"\/Date(1316021008588)\/","Function":"Mit-M","DisplaySpeaker":true,"LanguageOfText":"DE","Modified":"\/Date(1774877671053)\/","StartTimeWithTimezone":"\/Date(1316020969543+0120)\/","EndTimeWithTimezone":"\/Date(1316021008587+0120)\/","VoteBusinessNumber":null,"VoteBusinessShortNumber":null,"VoteBusinessTitle":null},{"__metadata":{"id":"https://ws.parlament.ch/OData.svc/Transcript(ID=120489L,Language='DE')","uri":"https://ws.parlament.ch/OData.svc/Transcript(ID=120489L,Language='DE')","type":"itsystems.Pd.DataServices.DataModel.Transcript"},"Subjects":{"__deferred":{"uri":"https://ws.parlament.ch/OData.svc/Transcript(ID=120489L,Language='DE')/Subjects"}},"MembersCouncil":{"__deferred":{"uri":"https://ws.parlament.ch/OData.svc/Transcript(ID=120489L,Language='DE')/MembersCouncil"}},"Businesses":{"__deferred":{"uri":"https://ws.parlament.ch/OData.svc/Transcript(ID=120489L,Language='DE')/Businesses"}},"ID":"120489","Language":"DE","IdSubject":"19421","VoteId":null,"PersonNumber":1147,"Type":1,"Text":"<pd_text><p>Sehr geehrter Herr Kollege Zuppiger, sind Sie sich bewusst, dass Sie mit Ihrem Einzelantrag Artikel 53 des Finanzhaushaltgesetzes zu umgehen trachten?</p>\n</pd_text>","MeetingCouncilAbbreviation":"N","MeetingDate":"20110914","MeetingVerbalixOid":2095,"IdSession":"4820","SpeakerFirstName":"Margret","SpeakerLastName":"Kiener Nellen","SpeakerFullName":"Kiener Nellen Margret","SpeakerFunction":"Mit-F","CouncilId":1,"CouncilName":"Nationalrat","CantonId":2,"CantonName":"Bern","CantonAbbreviation":"BE","ParlGroupName":"Sozialdemokratische Fraktion","ParlGroupAbbreviation":"S","SortOrder":61,"Start":"\/Date(1316020947656)\/","End":"\/Date(1316020969542)\/","Function":"Mit-F","DisplaySpeaker":true,"LanguageOfText":"DE","Modified":"\/Date(1774877671052)\/","StartTimeWithTimezone":"\/Date(1316020947657+0120)\/","EndTimeWithTimezone":"\/Date(1316020969543+0120)\/","VoteBusinessNumber":null,"VoteBusinessShortNumber":null,"VoteBusinessTitle":null},{"__metadata":{"id":"https://ws.parlament.ch/OData.svc/Transcript(ID=120490L,Language='DE')","uri":"https://ws.parlament.ch/OData.svc/Transcript(ID=120490L,Language='DE')","type":"itsystems.Pd.DataServices.DataModel.Transcript"},"Subjects":{"__deferred":{"uri":"https://ws.parlament.ch/OData.svc/Transcript(ID=120490L,Language='DE')/Subjects"}},"MembersCouncil":{"__deferred":{"uri":"https://ws.parlament.ch/OData.svc/Transcript(ID=120490L,Language='DE')/MembersCouncil"}},"Businesses":{"__deferred":{"uri":"https://ws.parlament.ch/OData.svc/Transcript(ID=120490L,Language='DE')/Businesses"}},"ID":"120490","Language":"DE","IdSubject":"19421","VoteId":null,"PersonNumber":526,"Type":1,"Text":"<pd_text><p>Worum geht es hier eigentlich? Es geht darum, dass wir in der Armee und im VBS mit einer Unzahl von Investitionen, aber auch Desinvestitionen aus Verk\u00e4ufen, aus Liegenschaften, aus Armeematerial usw. eine ganz besondere Situation in Bezug auf den Bundeshaushalt haben. Wenn wir wollen, dass die Erneuerung rechtzeitig und ordnungsgem\u00e4ss stattfindet, dann m\u00fcssen wir auch gewisse Anreize schaffen. Anreize schaffen wir damit, dass wir sicherstellen, dass man die Ertr\u00e4ge aus den Desinvestitionen wieder f\u00fcr Investitionen zur Erneuerung der Armee und des Armeematerials einsetzen kann. Das ist der Grundgedanke des Mehrheitsantrages und des Einzelantrages Zuppiger.</p>\n<p>Zum Antrag der Kommissionsmehrheit: Dort erteilen wir ja dem Bundesrat einen Auftrag. Wir haben noch gar nicht beschlossen, dass wir das Finanzhaushaltgesetz \u00e4ndern, [PAGE 1418] sondern es heisst: \"Der Bundesrat unterbreitet dem Parlament eine \u00c4nderung des Finanzhaushaltgesetzes ...\" Dann h\u00e4tten wir die M\u00f6glichkeit, dort noch einmal dar\u00fcber zu beraten. Jetzt habe ich aber in der Zwischenzeit mit verschiedenen Finanzexperten gesprochen. Wir sehen, dass wir das ohne Revision des Finanzhaushaltgesetzes machen k\u00f6nnen, indem wir dem Bundesrat den Auftrag geben, die Ertr\u00e4ge aus Verk\u00e4ufen und Desinvestitionen auf den Plafond von 5 Milliarden Franken, den wir vorher beschlossen haben, aufzustocken. Damit k\u00f6nnen diese L\u00fccken, die vorher von Herrn Bundesrat Maurer dargestellt worden sind, besser gef\u00fcllt werden, also diese 300 bis 400 Millionen Franken, von denen er gesprochen hat. Das schafft auch einen Anreiz zur Erneuerung, d. h. zur Ver\u00e4usserung dieser nicht mehr gebrauchten Armeegegenst\u00e4nde oder Liegenschaften und Grundst\u00fccke.</p>\n<p>Ich bin \u00fcberzeugt, dass wir den richtigen Anreiz schaffen und dass dann das Geld erst noch zweckbestimmt wieder f\u00fcr die Erneuerung der Armee eingesetzt wird. Das f\u00fchrt zu Planungssicherheit. Das bringt bei den Ausgaben der Armee eine zus\u00e4tzliche M\u00f6glichkeit von etwa 50 bis 100 Millionen Franken, wie wir in der Kommission geh\u00f6rt haben. Ich bin \u00fcberzeugt, dass wir damit den richtigen Weg w\u00e4hlen. Die Armee ist im ganzen Bundeshaushalt eine Besonderheit; also soll uns der Bundesrat diese Besonderheit hier ebenfalls darlegen, indem er das auf den Plafond aufstockt.</p>\n<p>Jetzt noch etwas zum Parlament: Wir haben bei all den Auftr\u00e4gen, die jetzt im Armeebericht festgeschrieben sind, nach wie vor die Budgethoheit. Sie wird damit \u00fcberhaupt nicht geschm\u00e4lert. Aber mein Antrag gibt der Armee und dem VBS eine gewisse Planungssicherheit, eine Planungssicherheit, die wir bis jetzt auch mit diesen Rahmenkrediten \u00fcber vier Jahre gew\u00e4hrleistet haben. Ich glaube, das hat sich bew\u00e4hrt. Ich bin \u00fcberzeugt, dass wir das auch weiterf\u00fchren sollten. Wir haben es jetzt mit dem Armeebericht als Auftrag an den Bundesrat festgelegt. Ich bin \u00fcberzeugt: Das ist eine gute, eine realisierbare L\u00f6sung; sie verst\u00f6sst auch nicht gegen irgendwelche Ordnungen.</p>\n</pd_text>","MeetingCouncilAbbreviation":"N","MeetingDate":"20110914","MeetingVerbalixOid":2095,"IdSession":"4820","SpeakerFirstName":"Bruno","SpeakerLastName":"Zuppiger","SpeakerFullName":"Zuppiger Bruno","SpeakerFunction":"Mit-M","CouncilId":1,"CouncilName":"Nationalrat","CantonId":1,"CantonName":"Z\u00fcrich","CantonAbbreviation":"ZH","ParlGroupName":"Fraktion der Schweizerischen Volkspartei","ParlGroupAbbreviation":"V","SortOrder":60,"Start":"\/Date(1316020706214)\/","End":"\/Date(1316020947656)\/","Function":"Mit-M","DisplaySpeaker":true,"LanguageOfText":"DE","Modified":"\/Date(1774877671050)\/","StartTimeWithTimezone":"\/Date(1316020706213+0120)\/","EndTimeWithTimezone":"\/Date(1316020947657+0120)\/","VoteBusinessNumber":null,"VoteBusinessShortNumber":null,"VoteBusinessTitle":null},{"__metadata":{"id":"https://ws.parlament.ch/OData.svc/Transcript(ID=120491L,Language='DE')","uri":"https://ws.parlament.ch/OData.svc/Transcript(ID=120491L,Language='DE')","type":"itsystems.Pd.DataServices.DataModel.Transcript"},"Subjects":{"__deferred":{"uri":"https://ws.parlament.ch/OData.svc/Transcript(ID=120491L,Language='DE')/Subjects"}},"MembersCouncil":{"__deferred":{"uri":"https://ws.parlament.ch/OData.svc/Transcript(ID=120491L,Language='DE')/MembersCouncil"}},"Businesses":{"__deferred":{"uri":"https://ws.parlament.ch/OData.svc/Transcript(ID=120491L,Language='DE')/Businesses"}},"ID":"120491","Language":"DE","IdSubject":"19421","VoteId":null,"PersonNumber":1147,"Type":1,"Text":"<pd_text><p>Im Namen der SP-Fraktion bitte ich Sie, den Antrag der Minderheit XII anzunehmen, das heisst, Ziffer IIter zu streichen, und ebenfalls den Einzelantrag Zuppiger abzulehnen - dies aus folgenden Gr\u00fcnden: Der Antrag der Mehrheit will das Finanzhaushaltgesetz (FHG) \u00e4ndern. Gestatten Sie mir den Hinweis, dass das hier nicht der richtige Ort f\u00fcr eine solche \u00c4nderung ist. Wenn Sie diesen Gedanken umsetzen m\u00f6chten, gesch\u00e4tzte Mitglieder der SiK-Mehrheit, m\u00fcssten Sie eine spezialgesetzliche Grundlage machen. Ich muss Artikel 53 FHG zitieren: \"Spezialfinanzierungen liegen vor, wenn Einnahmen zur Erf\u00fcllung einer bestimmten Aufgabe zweckgebunden werden. Die Bildung einer Spezialfinanzierung bedarf der gesetzlichen Grundlage.\"</p>\n<p>Das heisst, Sie k\u00f6nnen hier nicht einfach, wie Sie es im Mehrheitsantrag haben, f\u00fcr verschiedene Tatbest\u00e4nde betreffend ein Departement - das VBS - eine separate Kasse einrichten. Sonst schaffen Sie einen Pr\u00e4zedenzfall, den dann viele andere Departemente auch noch gerne nachahmen m\u00f6chten. Das Finanzhaushaltrecht des Bundes sieht ganz im Gegenteil einwandfrei vor, dass es eine spezialgesetzliche Grundlage braucht, wenn auch nur ein Franken an Einnahmen irgendwie zweckgebunden werden soll. Schon daher ist dieser Antrag nicht realisierbar, er ist ung\u00fcnstig abgefasst.</p>\n<p>Zum Inhaltlichen: Im Durchschnitt w\u00fcrde mit diesem Antrag der Plafond dann vielleicht um einen Ertrag von 20 bis 40 Millionen Franken pro Jahr aufgestockt. Das heisst, die Kompensation in den anderen Departementen w\u00fcrde entsprechend h\u00f6her, denn die Einnahmen f\u00fchren, so die Absicht, zu zus\u00e4tzlichen Ausgaben der Armee. Unter der Annahme eines strukturell ausgeglichenen Haushalts bewirken diese Ausgaben eine \u00dcberschreitung der h\u00f6chstzul\u00e4ssigen Ausgaben. Diese \u00dcberschreitung entspricht dem Bereinigungsbedarf und muss in den \u00fcbrigen Aufgabengebieten kompensiert werden.</p>\n<p>Noch gef\u00e4hrlicher ist, dass mit dieser Bestimmung das Bruttoprinzip de facto ausgehebelt wird. Denn einerseits m\u00f6chten Sie die Ausgaben auf 5 Milliarden Franken begrenzen, wie vorher beschlossen, andererseits sollen der Armee aber die Einnahmen in unbekannter H\u00f6he, die sie erzielen wird, vollumf\u00e4nglich zur Verf\u00fcgung stehen. Dieser Widerspruch liesse sich nur so aufl\u00f6sen, dass die Ausgaben, die aus diesen Verk\u00e4ufen finanziert w\u00fcrden, im Budget nicht mehr erscheinen. Eine solche Missachtung des Bruttoprinzips w\u00e4re eine gravierende Verletzung des Finanzhaushaltrechts. Sie k\u00e4me auch einer Aufhebung der Budgetkompetenz des Parlamentes gleich.</p>\n<p>Jetzt noch kurz zum Antrag Zuppiger: Dieser setzt sowieso ein Gesetz voraus. Jeder Ausgabenplafond setzt ein Gesetz voraus, auch wenn das in der schriftlichen Begr\u00fcndung von Herrn Zuppiger nicht steht. Vergessen Sie nicht, dass der erste Ausgabenplafond in der Geschichte des VBS 2003 eingesetzt wurde, im Bundesgesetz \u00fcber Massnahmen zur Verbesserung des Bundeshaushaltes, weil es ein Sparmassnahmenpaket war, das das VBS zum Abbau verpflichtete, und weil als Gegengewicht dem VBS \u00fcber mehrere Jahre ein Plafond mit Planungssicherheit zugestanden wurde. Dann wurde der gesetzliche Ausgabenplafond im Rahmen des Armee-Entwicklungsschrittes 2008-2011 verl\u00e4ngert, n\u00e4mlich bis 2011. Und das Konsolidierungsprogramm 2012/13 sah in Artikel 4 Absatz 3 des Bundesgesetzes \u00fcber Massnahmen zur Verbesserung des Bundeshaushaltes einen Plafond f\u00fcr die Jahre 2012 bis 2015 vor. Dieses Gesetz wurde hier bekanntlich in der Sommersession beerdigt. So oder so: Wer auch immer von einem Ausgabenplafond spricht - dar\u00fcber haben wir vorher abgestimmt -, der will ein Bundesgesetz. Etwas anderes w\u00e4re nicht zul\u00e4ssig.</p>\n<p>Ich bitte Sie also, den Mehrheitsantrag und den Antrag Zuppiger abzulehnen und der Minderheit XII zuzustimmen.</p>\n</pd_text>","MeetingCouncilAbbreviation":"N","MeetingDate":"20110914","MeetingVerbalixOid":2095,"IdSession":"4820","SpeakerFirstName":"Margret","SpeakerLastName":"Kiener Nellen","SpeakerFullName":"Kiener Nellen Margret","SpeakerFunction":"Mit-F","CouncilId":1,"CouncilName":"Nationalrat","CantonId":2,"CantonName":"Bern","CantonAbbreviation":"BE","ParlGroupName":"Sozialdemokratische Fraktion","ParlGroupAbbreviation":"S","SortOrder":59,"Start":"\/Date(1316020364955)\/","End":"\/Date(1316020706214)\/","Function":"Mit-F","DisplaySpeaker":true,"LanguageOfText":"DE","Modified":"\/Date(1774877671047)\/","StartTimeWithTimezone":"\/Date(1316020364957+0120)\/","EndTimeWithTimezone":"\/Date(1316020706213+0120)\/","VoteBusinessNumber":null,"VoteBusinessShortNumber":null,"VoteBusinessTitle":null},{"__metadata":{"id":"https://ws.parlament.ch/OData.svc/Transcript(ID=120492L,Language='DE')","uri":"https://ws.parlament.ch/OData.svc/Transcript(ID=120492L,Language='DE')","type":"itsystems.Pd.DataServices.DataModel.Transcript"},"Subjects":{"__deferred":{"uri":"https://ws.parlament.ch/OData.svc/Transcript(ID=120492L,Language='DE')/Subjects"}},"MembersCouncil":{"__deferred":{"uri":"https://ws.parlament.ch/OData.svc/Transcript(ID=120492L,Language='DE')/MembersCouncil"}},"Businesses":{"__deferred":{"uri":"https://ws.parlament.ch/OData.svc/Transcript(ID=120492L,Language='DE')/Businesses"}},"ID":"120492","Language":"DE","IdSubject":"19421","VoteId":null,"PersonNumber":1104,"Type":1,"Text":"<pd_text><p>Worum geht es? Es geht um eine \u00c4nderung des Finanzhaushaltgesetzes. Wenn Immobilien des VBS beispielsweise ver\u00e4ussert werden, so gibt das finanzielle Erl\u00f6se. Wenn diese finanziellen Erl\u00f6se unter 30 Millionen Franken liegen, fliessen sie in die allgemeine Bundeskasse. Wir m\u00f6chten das mit einer \u00c4nderung des Finanzhaushaltgesetzes \u00e4ndern, damit eben diese Erl\u00f6se aus Immobilien des VBS in das VBS-Budget zur\u00fcckfliessen. Das ist der Antrag der Kommissionsmehrheit.</p>\n<p>Unsere Fraktion unterst\u00fctzt diesen Antrag. Ich bitte Sie, dasselbe zu tun.</p>\n</pd_text>","MeetingCouncilAbbreviation":"N","MeetingDate":"20110914","MeetingVerbalixOid":2095,"IdSession":"4820","SpeakerFirstName":"Jakob","SpeakerLastName":"B\u00fcchler","SpeakerFullName":"B\u00fcchler Jakob","SpeakerFunction":"Mit-M","CouncilId":1,"CouncilName":"Nationalrat","CantonId":17,"CantonName":"St. Gallen","CantonAbbreviation":"SG","ParlGroupName":"Fraktion CVP/EVP/glp","ParlGroupAbbreviation":"M-E","SortOrder":58,"Start":"\/Date(1316020303743)\/","End":"\/Date(1316020364955)\/","Function":"Mit-M","DisplaySpeaker":true,"LanguageOfText":"DE","Modified":"\/Date(1774877671044)\/","StartTimeWithTimezone":"\/Date(1316020303743+0120)\/","EndTimeWithTimezone":"\/Date(1316020364957+0120)\/","VoteBusinessNumber":null,"VoteBusinessShortNumber":null,"VoteBusinessTitle":null},{"__metadata":{"id":"https://ws.parlament.ch/OData.svc/Transcript(ID=120493L,Language='DE')","uri":"https://ws.parlament.ch/OData.svc/Transcript(ID=120493L,Language='DE')","type":"itsystems.Pd.DataServices.DataModel.Transcript"},"Subjects":{"__deferred":{"uri":"https://ws.parlament.ch/OData.svc/Transcript(ID=120493L,Language='DE')/Subjects"}},"MembersCouncil":{"__deferred":{"uri":"https://ws.parlament.ch/OData.svc/Transcript(ID=120493L,Language='DE')/MembersCouncil"}},"Businesses":{"__deferred":{"uri":"https://ws.parlament.ch/OData.svc/Transcript(ID=120493L,Language='DE')/Businesses"}},"ID":"120493","Language":"DE","IdSubject":"19421","VoteId":null,"PersonNumber":4007,"Type":1,"Text":"<pd_text><p>Die Minderheit XII beantragt Ihnen, Ziffer IIter zu streichen.</p>\n<p>Halten wir fest: Diese Bestimmung hat weder etwas mit den urspr\u00fcnglichen Antr\u00e4gen des Bundesrates noch etwas mit jenen der St\u00e4nderatskommission zu tun. Ziffer IIter gaukelt Ihnen vor, dass m\u00f6gliche Ertr\u00e4ge aus Verk\u00e4ufen oder Vermietungen von \u00fcbersch\u00fcssigen und meist veralteten Armeeliegenschaften und Armeematerialien ein wesentlicher Beitrag f\u00fcr die Finanzierung der Armee sein k\u00f6nnten. Dem ist nicht so. Lassen wir uns keinen Sand in die Augen streuen. [PAGE 1417] Wie man Medienberichten der \"NZZ\" entnehmen konnte, rechnet das VBS selbst damit, dass der Verkauf oder die Vermietung von Armeeliegenschaften maximal zus\u00e4tzliche Einnahmen von 20 bis 30 Millionen Franken pro Jahr bringen k\u00f6nnten. Der reale finanzielle Mehrbedarf, den eine Armee mit 100 000 Angeh\u00f6rigen mit einem Kostenplafond von 5 Milliarden Franken gegen\u00fcber dem Modell des Bundesrates mit einer Armee mit 80 000 Angeh\u00f6rigen und 4,4 Milliarden Franken im Bundeshaushalt bedingt, kann damit bei Weitem nicht gedeckt werden. Ziffer IIter ist daher ein schlecht gebasteltes Feigenblatt. Ziffer IIter soll verh\u00fcllen, dass diese Vorlage finanzpolitisch \u00e4usserst fragw\u00fcrdig ist. Sie reisst ein grosses Loch in die Bundeskasse, und dies ohne sicherheitspolitischen Sachzwang. Machen wir uns nichts vor: Ohne Steuererh\u00f6hung - und das will wohl niemand von den Mehrheitsparteien - oder massive K\u00fcrzungen beispielsweise beim Verkehr, bei der Bildung oder bei der Landwirtschaft lassen sich l\u00e4ngerfristig diese j\u00e4hrlich wiederkehrenden Mehrausgaben von mehreren Hundert Millionen Franken nicht finanzieren. Mit den Ertr\u00e4gen aus den Armeeliegenschaften kann das absehbare Milliardenloch im Bundeshaushalt nicht gestopft werden.</p>\n<p>Es kommt dazu: Die Errichtung eines \"Sonderk\u00e4sselis\" f\u00fcr die Armee - darum geht es hier -, das durch die Liegenschaftsertr\u00e4ge gespeist wird, widerspricht dem Gebot der Transparenz und der parlamentarischen Steuerbarkeit des Bundeshaushalts. Stellen Sie sich vor, wohin es f\u00fchren w\u00fcrde, wenn pl\u00f6tzlich jedes Departement eigene \"Sonderk\u00e4sseli\" f\u00fcr normale Staatsaufgaben einrichten w\u00fcrde, die durch departementseigene, zweckgebundene Einnahmen ge\u00e4ufnet werden. Das Ergebnis w\u00e4re wohl ein finanzpolitisches Durcheinander, unter Umgehung der parlamentarischen Budgethoheit.</p>\n<p>Letztlich gilt es festzuhalten, dass es das geltende Recht bei Verk\u00e4ufen von VBS-Grundst\u00fccken zu beachten gilt. Vorrang haben demnach erstens die Bed\u00fcrfnisse ziviler Bundesstellen, zweitens die Kantone der betroffenen Standorte, drittens die Gemeinden; erst an letzter Stelle folgen private Interessenten. An diesem bew\u00e4hrten Verfahren sollte festgehalten werden. Es ist nicht gut, wenn VBS-Grundst\u00fccke einfach an den Meistbietenden verh\u00f6kert werden. Im Vordergrund muss stattdessen vielmehr weiterhin das Gesamtinteresse stehen, das die \u00f6ffentliche Hand zu definieren hat.</p>\n<p>Zusammenfassend gilt es festzuhalten: Ziffer IIter h\u00e4lt nicht, was sie verspricht. Mit Ziffer IIter soll ein \"VBS-Sonderk\u00e4sseli\" gef\u00fchrt werden, was demokratie- und finanzpolitisch fragw\u00fcrdig ist.</p>\n<p>Die Minderheit XII beantragt Ihnen daher die Streichung von Ziffer IIter.</p>\n</pd_text>","MeetingCouncilAbbreviation":"N","MeetingDate":"20110914","MeetingVerbalixOid":2095,"IdSession":"4820","SpeakerFirstName":"Max","SpeakerLastName":"Chopard-Acklin","SpeakerFullName":"Chopard-Acklin Max","SpeakerFunction":"Mit-M","CouncilId":1,"CouncilName":"Nationalrat","CantonId":19,"CantonName":"Aargau","CantonAbbreviation":"AG","ParlGroupName":"Sozialdemokratische Fraktion","ParlGroupAbbreviation":"S","SortOrder":57,"Start":"\/Date(1316020045991)\/","End":"\/Date(1316020303743)\/","Function":"Mit-M","DisplaySpeaker":true,"LanguageOfText":"DE","Modified":"\/Date(1774877671043)\/","StartTimeWithTimezone":"\/Date(1316020045990+0120)\/","EndTimeWithTimezone":"\/Date(1316020303743+0120)\/","VoteBusinessNumber":null,"VoteBusinessShortNumber":null,"VoteBusinessTitle":null},{"__metadata":{"id":"https://ws.parlament.ch/OData.svc/Transcript(ID=120494L,Language='DE')","uri":"https://ws.parlament.ch/OData.svc/Transcript(ID=120494L,Language='DE')","type":"itsystems.Pd.DataServices.DataModel.Transcript"},"Subjects":{"__deferred":{"uri":"https://ws.parlament.ch/OData.svc/Transcript(ID=120494L,Language='DE')/Subjects"}},"MembersCouncil":{"__deferred":{"uri":"https://ws.parlament.ch/OData.svc/Transcript(ID=120494L,Language='DE')/MembersCouncil"}},"Businesses":{"__deferred":{"uri":"https://ws.parlament.ch/OData.svc/Transcript(ID=120494L,Language='DE')/Businesses"}},"ID":"120494","Language":"DE","IdSubject":"19421","VoteId":null,"PersonNumber":1117,"Type":1,"Text":"<pd_text><p><b>Ziff. IIbis</b></p>\n<p><i>Antrag der Kommission</i></p>\n<p>Streichen</p>\n<p>[VS]</p>\n<p><b>Ch. IIbis</b></p>\n<p><i>Proposition de la commission</i></p>\n<p>Biffer</p>\n<p>[VS]</p>\n<p><i>Angenommen - Adopt\u00e9</i></p>\n<p>[VS]</p>\n<p>[VS]</p>\n<p><b>Ziff. IIter</b></p>\n<p><i>Antrag der Mehrheit</i></p>\n<p>Der Bundesrat unterbreitet dem Parlament eine \u00c4nderung des Finanzhaushaltgesetzes, wonach die Ertr\u00e4ge aus Verk\u00e4ufen oder Vermietungen von Armeeliegenschaften und Armeematerial sowie aus den von der Armee erbrachten Dienstleistungen f\u00fcr die Erneuerung der Armee eingesetzt werden k\u00f6nnen.</p>\n<p>[VS]</p>\n<p><i>Antrag der Minderheit XII</i></p>\n<p>(Chopard-Acklin, Allemann, Birrer-Heimo, Gallad\u00e9, John-Calame, Lachenmeier, Lang, Voruz)</p>\n<p>Streichen</p>\n<p>[VS]</p>\n<p><i>Antrag Zuppiger</i></p>\n<p>Der Ausgabenplafond gem\u00e4ss Ziffer II Buchstabe c wird im Umfang aller Einnahmen aus Verk\u00e4ufen von Armeematerial und Armeeliegenschaften, der Ertr\u00e4ge aus Vermietungen derselben sowie aus den von der Armee erbrachten Dienstleistungen erh\u00f6ht.</p>\n<p><i>Schriftliche Begr\u00fcndung</i></p>\n<p>In verschiedenen Gespr\u00e4chen mit Finanzexperten des Bundes sind wir zum Schluss gekommen, dass mit diesem Antrag die gew\u00fcnschten Ziele schneller und besser zu erreichen sind. Es braucht damit weder eine Gesetzesanpassung noch eine Abweichung vom Grundsatz, dass Einnahmen grunds\u00e4tzlich im EFD generiert werden. Mit dem Antrag wird der Bundesrat verpflichtet, den Ausgabenplafond der Armee von 5 Milliarden Franken in den j\u00e4hrlichen Voranschl\u00e4gen um jenen Betrag zu erh\u00f6hen, der sich aus den Desinvestitionen und Verg\u00fctungen f\u00fcr Mieten und Dienstleistungen des VBS ergibt. Die Budgethoheit des Parlamentes wird zudem gewahrt.</p>\n<p>[VS]</p>\n<p><b>Ch. IIter</b></p>\n<p><i>Proposition de la majorit\u00e9</i></p>\n<p>Le Conseil f\u00e9d\u00e9ral est charg\u00e9 de pr\u00e9senter au Parlement une modification de la loi sur les finances qui permette d'affecter au renouvellement de l'arm\u00e9e les recettes tir\u00e9es de la vente ou de la location d'immeubles et de mat\u00e9riel militaire ainsi que des prestations fournies par l'arm\u00e9e.</p>\n<p>[VS]</p>\n<p><i>Proposition de la minorit\u00e9 XII</i></p>\n<p>(Chopard-Acklin, Allemann, Birrer-Heimo, Gallad\u00e9, John-Calame, Lachenmeier, Lang, Voruz)</p>\n<p>Biffer</p>\n<p>[VS]</p>\n<p><i>Proposition Zuppiger</i></p>\n<p>Le plafond de d\u00e9penses vis\u00e9 au chiffre II lettre c est augment\u00e9 d'un montant correspondant au total des recettes tir\u00e9es de la vente de mat\u00e9riel militaire et d'immeubles de l'arm\u00e9e, des revenus tir\u00e9s de la location de ces m\u00eames mat\u00e9riel et immeubles ainsi que des prestations fournies par l'arm\u00e9e.</p>\n</pd_text>","MeetingCouncilAbbreviation":"N","MeetingDate":"20110914","MeetingVerbalixOid":2095,"IdSession":"4820","SpeakerFirstName":"Jean-Ren\u00e9","SpeakerLastName":"Germanier","SpeakerFullName":"Germanier Jean-Ren\u00e9","SpeakerFunction":"P-M","CouncilId":1,"CouncilName":"Nationalrat","CantonId":23,"CantonName":"Wallis","CantonAbbreviation":"VS","ParlGroupName":"Freisinnig-demokratische Fraktion","ParlGroupAbbreviation":"RL","SortOrder":56,"Start":"\/Date(1316019933045)\/","End":"\/Date(1316020009064)\/","Function":"P-M","DisplaySpeaker":false,"LanguageOfText":null,"Modified":"\/Date(1774877671040)\/","StartTimeWithTimezone":"\/Date(1316019933047+0120)\/","EndTimeWithTimezone":"\/Date(1316020009063+0120)\/","VoteBusinessNumber":null,"VoteBusinessShortNumber":null,"VoteBusinessTitle":null},{"__metadata":{"id":"https://ws.parlament.ch/OData.svc/Transcript(ID=120495L,Language='DE')","uri":"https://ws.parlament.ch/OData.svc/Transcript(ID=120495L,Language='DE')","type":"itsystems.Pd.DataServices.DataModel.Transcript"},"Subjects":{"__deferred":{"uri":"https://ws.parlament.ch/OData.svc/Transcript(ID=120495L,Language='DE')/Subjects"}},"MembersCouncil":{"__deferred":{"uri":"https://ws.parlament.ch/OData.svc/Transcript(ID=120495L,Language='DE')/MembersCouncil"}},"Businesses":{"__deferred":{"uri":"https://ws.parlament.ch/OData.svc/Transcript(ID=120495L,Language='DE')/Businesses"}},"ID":"120495","Language":"DE","IdSubject":"19421","VoteId":"6086","PersonNumber":null,"Type":2,"Text":"<pd_text><p><b>Le pr\u00e9sident </b>(Germanier Jean-Ren\u00e9, pr\u00e9sident): Nous avons donc mis au point, \u00e0 titre subsidiaire, le chiffre II. Nous allons opposer maintenant le r\u00e9sultat \u00e0 la proposition de la minorit\u00e9 XIII (M\u00fcller Geri). La minorit\u00e9 XIII ne veut inscrire aucune valeur de r\u00e9f\u00e9rence au chiffre II.</p>\n<p>[VS]</p>\n<p><i>Abstimmung - Vote</i></p>\n<p>[NAM]</p>\n<p>F\u00fcr den Antrag der Mehrheit/Minderheit I ... 122 Stimmen</p>\n<p>F\u00fcr den Antrag der Minderheit XIII ... 62 Stimmen</p>\n<p>[VS]</p>\n</pd_text>","MeetingCouncilAbbreviation":"N","MeetingDate":"20110914","MeetingVerbalixOid":2095,"IdSession":"4820","SpeakerFirstName":null,"SpeakerLastName":null,"SpeakerFullName":"","SpeakerFunction":null,"CouncilId":null,"CouncilName":null,"CantonId":null,"CantonName":null,"CantonAbbreviation":null,"ParlGroupName":null,"ParlGroupAbbreviation":null,"SortOrder":55,"Start":null,"End":null,"Function":null,"DisplaySpeaker":null,"LanguageOfText":"DE","Modified":"\/Date(1774877671038)\/","StartTimeWithTimezone":null,"EndTimeWithTimezone":null,"VoteBusinessNumber":20100089,"VoteBusinessShortNumber":"10.089","VoteBusinessTitle":"Armeebericht 2010"},{"__metadata":{"id":"https://ws.parlament.ch/OData.svc/Transcript(ID=120496L,Language='DE')","uri":"https://ws.parlament.ch/OData.svc/Transcript(ID=120496L,Language='DE')","type":"itsystems.Pd.DataServices.DataModel.Transcript"},"Subjects":{"__deferred":{"uri":"https://ws.parlament.ch/OData.svc/Transcript(ID=120496L,Language='DE')/Subjects"}},"MembersCouncil":{"__deferred":{"uri":"https://ws.parlament.ch/OData.svc/Transcript(ID=120496L,Language='DE')/MembersCouncil"}},"Businesses":{"__deferred":{"uri":"https://ws.parlament.ch/OData.svc/Transcript(ID=120496L,Language='DE')/Businesses"}},"ID":"120496","Language":"DE","IdSubject":"19421","VoteId":"6085","PersonNumber":null,"Type":2,"Text":"<pd_text><p><i>F\u00fcnfte Abstimmung - Cinqui\u00e8me vote</i></p>\n<p>[NAM]</p>\n<p>F\u00fcr den Antrag der Mehrheit ... 122 Stimmen</p>\n<p>F\u00fcr den Antrag der Minderheit XI ... 61 Stimmen</p>\n<p>[VS]</p>\n</pd_text>","MeetingCouncilAbbreviation":"N","MeetingDate":"20110914","MeetingVerbalixOid":2095,"IdSession":"4820","SpeakerFirstName":null,"SpeakerLastName":null,"SpeakerFullName":"","SpeakerFunction":null,"CouncilId":null,"CouncilName":null,"CantonId":null,"CantonName":null,"CantonAbbreviation":null,"ParlGroupName":null,"ParlGroupAbbreviation":null,"SortOrder":54,"Start":null,"End":null,"Function":null,"DisplaySpeaker":null,"LanguageOfText":"DE","Modified":"\/Date(1774877671037)\/","StartTimeWithTimezone":null,"EndTimeWithTimezone":null,"VoteBusinessNumber":20100089,"VoteBusinessShortNumber":"10.089","VoteBusinessTitle":"Armeebericht 2010"},{"__metadata":{"id":"https://ws.parlament.ch/OData.svc/Transcript(ID=120497L,Language='DE')","uri":"https://ws.parlament.ch/OData.svc/Transcript(ID=120497L,Language='DE')","type":"itsystems.Pd.DataServices.DataModel.Transcript"},"Subjects":{"__deferred":{"uri":"https://ws.parlament.ch/OData.svc/Transcript(ID=120497L,Language='DE')/Subjects"}},"MembersCouncil":{"__deferred":{"uri":"https://ws.parlament.ch/OData.svc/Transcript(ID=120497L,Language='DE')/MembersCouncil"}},"Businesses":{"__deferred":{"uri":"https://ws.parlament.ch/OData.svc/Transcript(ID=120497L,Language='DE')/Businesses"}},"ID":"120497","Language":"DE","IdSubject":"19421","VoteId":"6084","PersonNumber":null,"Type":2,"Text":"<pd_text><p><i>Vierte Abstimmung - Quatri\u00e8me vote</i></p>\n<p>[NAM]</p>\n<p>F\u00fcr den Antrag der Mehrheit ... 119 Stimmen</p>\n<p>F\u00fcr den Antrag Allemann ... 63 Stimmen</p>\n</pd_text>","MeetingCouncilAbbreviation":"N","MeetingDate":"20110914","MeetingVerbalixOid":2095,"IdSession":"4820","SpeakerFirstName":null,"SpeakerLastName":null,"SpeakerFullName":"","SpeakerFunction":null,"CouncilId":null,"CouncilName":null,"CantonId":null,"CantonName":null,"CantonAbbreviation":null,"ParlGroupName":null,"ParlGroupAbbreviation":null,"SortOrder":53,"Start":null,"End":null,"Function":null,"DisplaySpeaker":null,"LanguageOfText":"DE","Modified":"\/Date(1774877671035)\/","StartTimeWithTimezone":null,"EndTimeWithTimezone":null,"VoteBusinessNumber":20100089,"VoteBusinessShortNumber":"10.089","VoteBusinessTitle":"Armeebericht 2010"},{"__metadata":{"id":"https://ws.parlament.ch/OData.svc/Transcript(ID=120498L,Language='DE')","uri":"https://ws.parlament.ch/OData.svc/Transcript(ID=120498L,Language='DE')","type":"itsystems.Pd.DataServices.DataModel.Transcript"},"Subjects":{"__deferred":{"uri":"https://ws.parlament.ch/OData.svc/Transcript(ID=120498L,Language='DE')/Subjects"}},"MembersCouncil":{"__deferred":{"uri":"https://ws.parlament.ch/OData.svc/Transcript(ID=120498L,Language='DE')/MembersCouncil"}},"Businesses":{"__deferred":{"uri":"https://ws.parlament.ch/OData.svc/Transcript(ID=120498L,Language='DE')/Businesses"}},"ID":"120498","Language":"DE","IdSubject":"19421","VoteId":"6083","PersonNumber":null,"Type":2,"Text":"<pd_text><p><i>Dritte Abstimmung - Troisi\u00e8me vote</i></p>\n<p>[NAM]</p>\n<p>F\u00fcr den Antrag der Mehrheit ... 115 Stimmen</p>\n<p>F\u00fcr den Antrag der Minderheit X ... 68 Stimmen</p>\n</pd_text>","MeetingCouncilAbbreviation":"N","MeetingDate":"20110914","MeetingVerbalixOid":2095,"IdSession":"4820","SpeakerFirstName":null,"SpeakerLastName":null,"SpeakerFullName":"","SpeakerFunction":null,"CouncilId":null,"CouncilName":null,"CantonId":null,"CantonName":null,"CantonAbbreviation":null,"ParlGroupName":null,"ParlGroupAbbreviation":null,"SortOrder":52,"Start":null,"End":null,"Function":null,"DisplaySpeaker":null,"LanguageOfText":"DE","Modified":"\/Date(1774877671034)\/","StartTimeWithTimezone":null,"EndTimeWithTimezone":null,"VoteBusinessNumber":20100089,"VoteBusinessShortNumber":"10.089","VoteBusinessTitle":"Armeebericht 2010"},{"__metadata":{"id":"https://ws.parlament.ch/OData.svc/Transcript(ID=120499L,Language='DE')","uri":"https://ws.parlament.ch/OData.svc/Transcript(ID=120499L,Language='DE')","type":"itsystems.Pd.DataServices.DataModel.Transcript"},"Subjects":{"__deferred":{"uri":"https://ws.parlament.ch/OData.svc/Transcript(ID=120499L,Language='DE')/Subjects"}},"MembersCouncil":{"__deferred":{"uri":"https://ws.parlament.ch/OData.svc/Transcript(ID=120499L,Language='DE')/MembersCouncil"}},"Businesses":{"__deferred":{"uri":"https://ws.parlament.ch/OData.svc/Transcript(ID=120499L,Language='DE')/Businesses"}},"ID":"120499","Language":"DE","IdSubject":"19421","VoteId":"6082","PersonNumber":null,"Type":2,"Text":"<pd_text><p><i>Zweite Abstimmung - Deuxi\u00e8me vote</i></p>\n<p>[NAM]</p>\n<p>F\u00fcr den Antrag der Minderheit X ... 93 Stimmen</p>\n<p>F\u00fcr den Antrag der Minderheit IX ... 53 Stimmen</p>\n</pd_text>","MeetingCouncilAbbreviation":"N","MeetingDate":"20110914","MeetingVerbalixOid":2095,"IdSession":"4820","SpeakerFirstName":null,"SpeakerLastName":null,"SpeakerFullName":"","SpeakerFunction":null,"CouncilId":null,"CouncilName":null,"CantonId":null,"CantonName":null,"CantonAbbreviation":null,"ParlGroupName":null,"ParlGroupAbbreviation":null,"SortOrder":51,"Start":null,"End":null,"Function":null,"DisplaySpeaker":null,"LanguageOfText":"DE","Modified":"\/Date(1774877671033)\/","StartTimeWithTimezone":null,"EndTimeWithTimezone":null,"VoteBusinessNumber":20100089,"VoteBusinessShortNumber":"10.089","VoteBusinessTitle":"Armeebericht 2010"},{"__metadata":{"id":"https://ws.parlament.ch/OData.svc/Transcript(ID=120500L,Language='DE')","uri":"https://ws.parlament.ch/OData.svc/Transcript(ID=120500L,Language='DE')","type":"itsystems.Pd.DataServices.DataModel.Transcript"},"Subjects":{"__deferred":{"uri":"https://ws.parlament.ch/OData.svc/Transcript(ID=120500L,Language='DE')/Subjects"}},"MembersCouncil":{"__deferred":{"uri":"https://ws.parlament.ch/OData.svc/Transcript(ID=120500L,Language='DE')/MembersCouncil"}},"Businesses":{"__deferred":{"uri":"https://ws.parlament.ch/OData.svc/Transcript(ID=120500L,Language='DE')/Businesses"}},"ID":"120500","Language":"DE","IdSubject":"19421","VoteId":"6081","PersonNumber":null,"Type":2,"Text":"<pd_text><p><i>Erste Abstimmung - Premier vote</i></p>\n<p>[NAM]</p>\n<p>F\u00fcr den Antrag der Mehrheit ... 120 Stimmen</p>\n<p>F\u00fcr den Antrag der Minderheit VIII ... 62 Stimmen</p>\n</pd_text>","MeetingCouncilAbbreviation":"N","MeetingDate":"20110914","MeetingVerbalixOid":2095,"IdSession":"4820","SpeakerFirstName":null,"SpeakerLastName":null,"SpeakerFullName":"","SpeakerFunction":null,"CouncilId":null,"CouncilName":null,"CantonId":null,"CantonName":null,"CantonAbbreviation":null,"ParlGroupName":null,"ParlGroupAbbreviation":null,"SortOrder":50,"Start":null,"End":null,"Function":null,"DisplaySpeaker":null,"LanguageOfText":"DE","Modified":"\/Date(1774877671031)\/","StartTimeWithTimezone":null,"EndTimeWithTimezone":null,"VoteBusinessNumber":20100089,"VoteBusinessShortNumber":"10.089","VoteBusinessTitle":"Armeebericht 2010"},{"__metadata":{"id":"https://ws.parlament.ch/OData.svc/Transcript(ID=120501L,Language='DE')","uri":"https://ws.parlament.ch/OData.svc/Transcript(ID=120501L,Language='DE')","type":"itsystems.Pd.DataServices.DataModel.Transcript"},"Subjects":{"__deferred":{"uri":"https://ws.parlament.ch/OData.svc/Transcript(ID=120501L,Language='DE')/Subjects"}},"MembersCouncil":{"__deferred":{"uri":"https://ws.parlament.ch/OData.svc/Transcript(ID=120501L,Language='DE')/MembersCouncil"}},"Businesses":{"__deferred":{"uri":"https://ws.parlament.ch/OData.svc/Transcript(ID=120501L,Language='DE')/Businesses"}},"ID":"120501","Language":"DE","IdSubject":"19421","VoteId":null,"PersonNumber":null,"Type":3,"Text":"<pd_text><p><i>Ziff. II Bst. c - Ch. II let. c</i></p>\n<p>[VS]</p>\n<p><b>Le pr\u00e9sident </b>(Germanier Jean-Ren\u00e9, pr\u00e9sident): A la lettre c, deux concepts s'opposent pour le financement: celui de la majorit\u00e9 plus celui de la minorit\u00e9 VIII (Miesch), favorables \u00e0 un plafond de d\u00e9penses, et celui de la minorit\u00e9 IX (Allemann) plus celui de la minorit\u00e9 X (Chopard-Acklin), qui pr\u00e9voient de fixer le montant des d\u00e9penses annuelles. Si le concept \"plafond de d\u00e9penses\" l'emporte, il sera oppos\u00e9 \u00e0 la proposition Allemann. Enfin, nous opposerons le concept qui l'aura emport\u00e9 \u00e0 la proposition de la minorit\u00e9 XI (Lang), qui ne pr\u00e9voit aucun r\u00e8glement du financement.</p>\n</pd_text>","MeetingCouncilAbbreviation":"N","MeetingDate":"20110914","MeetingVerbalixOid":2095,"IdSession":"4820","SpeakerFirstName":null,"SpeakerLastName":null,"SpeakerFullName":"","SpeakerFunction":null,"CouncilId":null,"CouncilName":null,"CantonId":null,"CantonName":null,"CantonAbbreviation":null,"ParlGroupName":null,"ParlGroupAbbreviation":null,"SortOrder":49,"Start":null,"End":null,"Function":null,"DisplaySpeaker":null,"LanguageOfText":"DE","Modified":"\/Date(1774877671030)\/","StartTimeWithTimezone":null,"EndTimeWithTimezone":null,"VoteBusinessNumber":null,"VoteBusinessShortNumber":null,"VoteBusinessTitle":null},{"__metadata":{"id":"https://ws.parlament.ch/OData.svc/Transcript(ID=120502L,Language='DE')","uri":"https://ws.parlament.ch/OData.svc/Transcript(ID=120502L,Language='DE')","type":"itsystems.Pd.DataServices.DataModel.Transcript"},"Subjects":{"__deferred":{"uri":"https://ws.parlament.ch/OData.svc/Transcript(ID=120502L,Language='DE')/Subjects"}},"MembersCouncil":{"__deferred":{"uri":"https://ws.parlament.ch/OData.svc/Transcript(ID=120502L,Language='DE')/MembersCouncil"}},"Businesses":{"__deferred":{"uri":"https://ws.parlament.ch/OData.svc/Transcript(ID=120502L,Language='DE')/Businesses"}},"ID":"120502","Language":"DE","IdSubject":"19421","VoteId":null,"PersonNumber":820,"Type":1,"Text":"<pd_text><p>Frau Lachenmeier, sind Sie nicht auch der Auffassung, dass die Schweiz dank einer sehr gut ausger\u00fcsteten Verteidigungsarmee w\u00e4hrend \u00fcber hundert Jahren keinem Krieg mehr ausgesetzt gewesen ist? Sind Sie mit mir einverstanden, dass das auch in Zukunft so sein soll?</p>\n</pd_text>","MeetingCouncilAbbreviation":"N","MeetingDate":"20110914","MeetingVerbalixOid":2095,"IdSession":"4820","SpeakerFirstName":"Ernst","SpeakerLastName":"Schibli","SpeakerFullName":"Schibli Ernst","SpeakerFunction":"Mit-M","CouncilId":1,"CouncilName":"Nationalrat","CantonId":1,"CantonName":"Z\u00fcrich","CantonAbbreviation":"ZH","ParlGroupName":"Fraktion der Schweizerischen Volkspartei","ParlGroupAbbreviation":"V","SortOrder":24,"Start":"\/Date(1316016606017)\/","End":"\/Date(1316016628496)\/","Function":"Mit-M","DisplaySpeaker":true,"LanguageOfText":"DE","Modified":"\/Date(1774877670982)\/","StartTimeWithTimezone":"\/Date(1316016606017+0120)\/","EndTimeWithTimezone":"\/Date(1316016628497+0120)\/","VoteBusinessNumber":null,"VoteBusinessShortNumber":null,"VoteBusinessTitle":null},{"__metadata":{"id":"https://ws.parlament.ch/OData.svc/Transcript(ID=120503L,Language='DE')","uri":"https://ws.parlament.ch/OData.svc/Transcript(ID=120503L,Language='DE')","type":"itsystems.Pd.DataServices.DataModel.Transcript"},"Subjects":{"__deferred":{"uri":"https://ws.parlament.ch/OData.svc/Transcript(ID=120503L,Language='DE')/Subjects"}},"MembersCouncil":{"__deferred":{"uri":"https://ws.parlament.ch/OData.svc/Transcript(ID=120503L,Language='DE')/MembersCouncil"}},"Businesses":{"__deferred":{"uri":"https://ws.parlament.ch/OData.svc/Transcript(ID=120503L,Language='DE')/Businesses"}},"ID":"120503","Language":"DE","IdSubject":"19421","VoteId":null,"PersonNumber":3893,"Type":1,"Text":"<pd_text><p>Herr Schl\u00fcer, wer den Atomausstieg verhindert, treibt Raubbau an unserer Sicherheit. Die Gr\u00fcnen unterst\u00fctzen den Atomausstieg, und sie unterst\u00fctzen den Minderheitsantrag Lang, der eine kleine Armee mit 30 000 Angeh\u00f6rigen will.</p>\n<p>Der Bundesrat hat sich f\u00fcr eine Armee mit 80 000 Personen entschieden. Daf\u00fcr will er j\u00e4hrlich 4,4 Milliarden Franken ausgeben, rund 300 000 Franken mehr als heute. Nun \u00fcberbieten sich die B\u00fcrgerlichen mit der Forderung nach gr\u00f6sseren Armeebest\u00e4nden, mit Mehrausgaben und weiteren Begehrlichkeiten - und das f\u00fcr eine undefinierbare Bedrohung! Selbst Sicherheitsexperten aus allen politischen Richtungen geben zu, dass ein traditioneller Krieg unwahrscheinlich ist. Die Sicherheit sehen wir Gr\u00fcnen durch m\u00f6gliche AKW-Unf\u00e4lle, durch Naturkatastrophen, welche durch die Klimaerw\u00e4rmung beschleunigt werden, oder durch Cyberwar-Angriffe gef\u00e4hrdet, welche die ganze Schweiz lahmlegen k\u00f6nnen. Um sich davor zu sch\u00fctzen, braucht es weder eine grosse Armee noch neue Kampfjets, das wissen selbst die Mitglieder der Kommissionsmehrheit. Wie k\u00f6nnte man es sonst erkl\u00e4ren, dass sie eine Volksabstimmung scheuen und das Volk mit der integralen Aufnahme der Kampfjets in das Armeebudget entm\u00fcndigen? So kann kein Referendum ergriffen werden - ausser Sie stimmen dem Einzelantrag Allemann zu. Diesen unterst\u00fctzen wir Gr\u00fcnen selbstverst\u00e4ndlich.</p>\n<p>Wir verstehen nicht, wie Parteien, welche immer vom Volk und vom Volkswillen reden, der Bev\u00f6lkerung in dieser wichtigen Sache das Mitspracherecht verweigern wollen. Wer ein Referendum scheut, kennt wahrscheinlich die Umfrageergebnisse, welche eindeutig zeigen, dass die Bev\u00f6lkerung nicht noch mehr Geld f\u00fcr die Armee ausgeben will und Kampfjets allgemein als nicht die dringendste Anschaffung deklariert.</p>\n<p>Das Volk weiss auch - im Gegensatz zu vielen b\u00fcrgerlichen Politikern hier im Nationalrat -, dass Mehrausgaben bei der Armee in anderen Departementen eingespart werden m\u00fcssen. Ein weiterer unverst\u00e4ndlicher Versuch, noch mehr finanzielle Mittel der Bundeskasse zu entziehen, kommt ausgerechnet vom Sparpolitiker Zuppiger. Diesen lehnen wir klar ab.</p>\n<p>Wo sollen j\u00e4hrlich eine Milliarde Franken gegen\u00fcber heute eingespart werden? Ich habe von b\u00fcrgerlicher Seite noch keine Vorschl\u00e4ge geh\u00f6rt. Ich frage Sie darum: Sollen Beitr\u00e4ge an die Landwirtschaft gek\u00fcrzt werden, in einer Zeit, wo der Franken teuer und die Konkurrenz aus dem Ausland gross ist? Soll bei der Bildung gespart werden, unserer wichtigsten Ressource, bei Universit\u00e4ten, Fachhochschulen oder bei der Berufsbildung? Soll bei der Forschung gespart werden? Aber wer nicht forscht, kann auch keine neuen Arbeitspl\u00e4tze schaffen und nicht in neue Technologien investieren. Dabei w\u00e4ren genau hier Investitionen wichtig, z. B. bei den erneuerbaren Energien. Oder spart man bei den Familien? Dann l\u00e4ge die Initiative der CVP quer in der Landschaft. Oder spart man beim \u00f6ffentlichen Verkehr? Damit w\u00fcrden wichtige Projekte verz\u00f6gert. Oder bestraft man die Sozialwerke und spart bei der sozialen Sicherheit, welche einen wichtigen Teil der inneren Sicherheit darstellt? Oder spart man bei der Entwicklungshilfe? Diese ist Teil der Friedenspolitik, mit deren Hilfe k\u00f6nnen Krisengebiete stabilisiert werden, und damit kann auch unsere Sicherheit verbessert werden.</p>\n<p>Wir Gr\u00fcnen stehen, wie gesagt, f\u00fcr eine kleinere Armee mit 30 000 Angeh\u00f6rigen ein. Neue, zus\u00e4tzliche Kampfflieger braucht es zur Gew\u00e4hrleistung der Sicherheit nicht. Das freiwerdende Geld k\u00f6nnte man sinnvoller einsetzen.</p>\n<p>Ich bitte Sie, unseren Antr\u00e4gen zu folgen.</p>\n</pd_text>","MeetingCouncilAbbreviation":"N","MeetingDate":"20110914","MeetingVerbalixOid":2095,"IdSession":"4820","SpeakerFirstName":"Anita","SpeakerLastName":"Lachenmeier-Th\u00fcring","SpeakerFullName":"Lachenmeier-Th\u00fcring Anita","SpeakerFunction":"Mit-F","CouncilId":1,"CouncilName":"Nationalrat","CantonId":12,"CantonName":"Basel-Stadt","CantonAbbreviation":"BS","ParlGroupName":"Gr\u00fcne Fraktion","ParlGroupAbbreviation":"G","SortOrder":23,"Start":"\/Date(1316016296300)\/","End":"\/Date(1316016606017)\/","Function":"Mit-F","DisplaySpeaker":true,"LanguageOfText":"DE","Modified":"\/Date(1774877670981)\/","StartTimeWithTimezone":"\/Date(1316016296300+0120)\/","EndTimeWithTimezone":"\/Date(1316016606017+0120)\/","VoteBusinessNumber":null,"VoteBusinessShortNumber":null,"VoteBusinessTitle":null},{"__metadata":{"id":"https://ws.parlament.ch/OData.svc/Transcript(ID=120504L,Language='DE')","uri":"https://ws.parlament.ch/OData.svc/Transcript(ID=120504L,Language='DE')","type":"itsystems.Pd.DataServices.DataModel.Transcript"},"Subjects":{"__deferred":{"uri":"https://ws.parlament.ch/OData.svc/Transcript(ID=120504L,Language='DE')/Subjects"}},"MembersCouncil":{"__deferred":{"uri":"https://ws.parlament.ch/OData.svc/Transcript(ID=120504L,Language='DE')/MembersCouncil"}},"Businesses":{"__deferred":{"uri":"https://ws.parlament.ch/OData.svc/Transcript(ID=120504L,Language='DE')/Businesses"}},"ID":"120504","Language":"DE","IdSubject":"19421","VoteId":null,"PersonNumber":3890,"Type":1,"Text":"<pd_text><p>Es geht heute um Sein oder Nichtsein der Armee. Die Armee leistet einen wesentlichen Beitrag zur Sicherheit in unserem Land, und in diesem Saal ist wahrscheinlich die Mehrheit f\u00fcr diese Sicherheit und bereit, auch einen Preis daf\u00fcr zu zahlen. 2003 hat das Schweizervolk zu einer Armee von 4,3 Milliarden Franken Ja gesagt, mit einem Jastimmenanteil von 76 Prozent. Mit einer aufgerechneten Teuerung w\u00e4ren wir heute bei 5 Milliarden Franken. Die aktuelle Armee wird aber aufgrund aller heutigen Entscheide weiter verkleinert. Trotzdem k\u00f6nnen wir die Kosten nicht linear reduzieren. Vergessen Sie zudem bitte nicht, dass der Armee \u00fcber die letzten Jahre hinweg die Finanzen Jahr f\u00fcr Jahr entzogen worden sind.</p>\n<p>Die Mehrheit der Kommission will nun Ziffer IIbis streichen und stellt die Beseitigung der Ausr\u00fcstungsl\u00fccken und den Ersatz der Tiger-Kampfflugzeuge unter einen Ausgabenplafond, was richtig ist. Der st\u00e4nder\u00e4tliche Beschluss, n\u00e4mlich ein besonderes Finanzierungsmodell zu erarbeiten, ist irgendwie artfremd. Es kann doch nicht sein, dass wir in Zukunft f\u00fcr s\u00e4mtliche R\u00fcstungsbeschaffungen irgendwelche [PAGE 1411] Sonderfinanzierungen machen m\u00fcssen. Damit helfen wir den Armeeabschaffern, denn damit k\u00f6nnen diese der Armee Schritt f\u00fcr Schritt die notwendigen Mittel entziehen, und wir verlieren Zeit. Es ist Bundesaufgabe, die Kernaufgabe eines Staates mit allgemeinen Bundesmitteln zu decken. Und es geht nicht um eine Umgehung des Volkes, sondern es geht darum, ein verfassungsm\u00e4ssiges System aufrechtzuerhalten. Wir wollen kein Pr\u00e4judiz bei R\u00fcstungsbeschaffungen, und wir wollen keinen Zeitverlust. Deshalb ist es richtig, dass die ganzen Beschaffungen mit dem Ausgabenplafond von 5 Milliarden Franken gedeckelt werden. Damit wird die Armee berechenbar und planbar.</p>\n<p>Nun noch zur Luftwaffe: Die Luftwaffe ist Teil der Armee - ohne Luftwaffe kein Heer, ohne Heer keine Luftwaffe. Jeder souver\u00e4ne, neutrale Staat hat eine Luftwaffe und kontrolliert seinen eigenen Luftraum. Deshalb ist es richtig, dass der Ersatz der Tiger-Kampfflugzeuge in diese Gesamtbetrachtung einbezogen wird. Und nat\u00fcrlich ist mit dem Tiger-Teilersatz so ganz nebenbei, als Sahneh\u00e4ubchen obendrauf, eines der nachhaltigsten und innovativsten Konjunkturprogramme verbunden. Bis heute konnten bereits Auftr\u00e4ge \u00fcber 500 Millionen Franken mit Schweizer Firmen abgewickelt werden. Bei diesem Vorhaben w\u00fcrde die Schweizer Wirtschaft in Zukunft im Wert des gesamten Auftrags profitieren - im Gegensatz \u00fcbrigens zum Vorhaben, das wir am n\u00e4chsten Montag diskutieren werden.</p>\n<p>Mit einem klaren Ja zu diesem neuen Finanzierungsvorschlag setzen Sie ein starkes Zeichen f\u00fcr unsere Armee und damit f\u00fcr unsere Sicherheit. Mit einem Ja verhindern Sie, dass wir in ein paar Jahren die Gesamterneuerung der Luftwaffe diskutieren m\u00fcssen, und Sie helfen, die Glaubw\u00fcrdigkeit unseres Landes in der Bev\u00f6lkerung, bei den Unternehmen und auch in unseren Nachbarl\u00e4ndern zu st\u00e4rken.</p>\n</pd_text>","MeetingCouncilAbbreviation":"N","MeetingDate":"20110914","MeetingVerbalixOid":2095,"IdSession":"4820","SpeakerFirstName":"Thomas","SpeakerLastName":"Hurter","SpeakerFullName":"Hurter Thomas","SpeakerFunction":"Mit-M","CouncilId":1,"CouncilName":"Nationalrat","CantonId":14,"CantonName":"Schaffhausen","CantonAbbreviation":"SH","ParlGroupName":"Fraktion der Schweizerischen Volkspartei","ParlGroupAbbreviation":"V","SortOrder":22,"Start":"\/Date(1316016068730)\/","End":"\/Date(1316016296300)\/","Function":"Mit-M","DisplaySpeaker":true,"LanguageOfText":"DE","Modified":"\/Date(1774877670978)\/","StartTimeWithTimezone":"\/Date(1316016068730+0120)\/","EndTimeWithTimezone":"\/Date(1316016296300+0120)\/","VoteBusinessNumber":null,"VoteBusinessShortNumber":null,"VoteBusinessTitle":null},{"__metadata":{"id":"https://ws.parlament.ch/OData.svc/Transcript(ID=120505L,Language='DE')","uri":"https://ws.parlament.ch/OData.svc/Transcript(ID=120505L,Language='DE')","type":"itsystems.Pd.DataServices.DataModel.Transcript"},"Subjects":{"__deferred":{"uri":"https://ws.parlament.ch/OData.svc/Transcript(ID=120505L,Language='DE')/Subjects"}},"MembersCouncil":{"__deferred":{"uri":"https://ws.parlament.ch/OData.svc/Transcript(ID=120505L,Language='DE')/MembersCouncil"}},"Businesses":{"__deferred":{"uri":"https://ws.parlament.ch/OData.svc/Transcript(ID=120505L,Language='DE')/Businesses"}},"ID":"120505","Language":"DE","IdSubject":"19421","VoteId":null,"PersonNumber":352,"Type":1,"Text":"<pd_text><p>Ein paar S\u00e4tze zur Gr\u00f6sse der Armee: Wir unterst\u00fctzen den Antrag der Minderheit II (Miesch).</p>\n<p>Dass die Armee jetzt wieder \u00dcbungen durchf\u00fchrt, ist ein grosser Fortschritt; man kann daraus lernen. Der Flughafen Kloten wurde erw\u00e4hnt: 5000 Mann konnten nur die Bewachung garantieren, ohne irgendeinen Einsatz bei einem Zwischenfall. Wir haben mehr als einen Flugplatz, wir haben Bahnh\u00f6fe, wir haben weitere Einrichtungen. 120 000 Mann ist das Richtige, 120 000 sind 80 000 weniger, als wir heute haben.</p>\n<p>Es geht auch um Grunds\u00e4tzliches. Wir freuen uns ausgesprochen, dass der Sprecher der SP-Fraktion neuerdings SVP-Papiere studiert - er kann dabei tats\u00e4chlich nur lernen, das sollte er auch tun. Er sollte dabei aber nicht vergessen, auch die Papiere seiner eigenen Partei zu lesen. Dort steht, Herr Kollege Chopard-Acklin, dass Sie f\u00fcr die Abschaffung der Armee sind; Sie wollen keine Armee! Ich glaube Frau Allemann, dass sie verwirrt dar\u00fcber ist, was es jetzt eigentlich zu tun gibt. Sie glaube, den SP-Standpunkt f\u00fcr die Armeeabschaffung hier nicht pr\u00e4sentieren zu k\u00f6nnen - sie vertritt etwas anderes -, sie sagt dann aber, weil sie das, was sie sagt, gem\u00e4ss ihrem Programm gar nicht will, man k\u00f6nne Gewolltes nicht finanzieren. Ich glaube Ihnen, dass man da verwirrt sein kann, Frau Allemann; Sie werden es weiterhin sein.</p>\n<p>Nach der heutigen Diskussion werfe ich Ihnen von der Linken vor, dass Sie bewusst ein Chaos anrichten wollen. Die Armee hat aus ihrem Chaos herausgefunden; die Armee hat Boden gefunden, und das ist gut so. Sie von der Linken wollen die Sicherheit in diesem Land untergraben. Da niemand weiss, wie Europa nur schon in einem Jahr aussehen wird, treibt jeder, der zum heutigen Zeitpunkt sagt, wir k\u00f6nnten bei der Sicherheit abbauen, es komme \u00fcberhaupt nicht darauf an, ob wir vorbereitet seien, Raubbau an der Sicherheit, dar\u00fcber muss er sich im Klaren sein.</p>\n<p>Es ist positiv - und das w\u00fcrdigen wir -, dass die Armee heute wieder Bewachung \u00fcbt und nicht nur Theoretisches in Lehrb\u00fcchern liest. Es ist positiv, dass die heutige Armee den Verteidigungsauftrag wieder ernst nimmt. Es ist mehr als positiv, dass die Armee endlich auf das Phantom Aufwuchs verzichtet hat und alle ausr\u00fcstet, die eingeteilt sind. Und es ist mehr als positiv, dass die Armee wieder ein Mobilisierungssystem aufbaut. Das ist der grosse Unterschied gegen\u00fcber vor zwei Jahren. Damit die Armee auf diesem Weg, f\u00fcr den sie jetzt noch die entsprechende Mannschaft braucht, fortschreiten kann, unterst\u00fctzen wir den VBS-Chef vorbehaltlos. Das tun wir auch mit dem gr\u00f6sseren finanziellen Rahmen, denn das ist gut angelegtes Geld.</p>\n<p>Unterst\u00fctzen Sie den Minderheitsantrag Miesch, es ist der einzig verantwortbare.</p>\n</pd_text>","MeetingCouncilAbbreviation":"N","MeetingDate":"20110914","MeetingVerbalixOid":2095,"IdSession":"4820","SpeakerFirstName":"Ulrich","SpeakerLastName":"Schl\u00fcer","SpeakerFullName":"Schl\u00fcer Ulrich","SpeakerFunction":"Mit-M","CouncilId":1,"CouncilName":"Nationalrat","CantonId":1,"CantonName":"Z\u00fcrich","CantonAbbreviation":"ZH","ParlGroupName":"Fraktion der Schweizerischen Volkspartei","ParlGroupAbbreviation":"V","SortOrder":21,"Start":"\/Date(1316015865446)\/","End":"\/Date(1316016068730)\/","Function":"Mit-M","DisplaySpeaker":true,"LanguageOfText":"DE","Modified":"\/Date(1774877670975)\/","StartTimeWithTimezone":"\/Date(1316015865447+0120)\/","EndTimeWithTimezone":"\/Date(1316016068730+0120)\/","VoteBusinessNumber":null,"VoteBusinessShortNumber":null,"VoteBusinessTitle":null},{"__metadata":{"id":"https://ws.parlament.ch/OData.svc/Transcript(ID=120506L,Language='DE')","uri":"https://ws.parlament.ch/OData.svc/Transcript(ID=120506L,Language='DE')","type":"itsystems.Pd.DataServices.DataModel.Transcript"},"Subjects":{"__deferred":{"uri":"https://ws.parlament.ch/OData.svc/Transcript(ID=120506L,Language='DE')/Subjects"}},"MembersCouncil":{"__deferred":{"uri":"https://ws.parlament.ch/OData.svc/Transcript(ID=120506L,Language='DE')/MembersCouncil"}},"Businesses":{"__deferred":{"uri":"https://ws.parlament.ch/OData.svc/Transcript(ID=120506L,Language='DE')/Businesses"}},"ID":"120506","Language":"DE","IdSubject":"19421","VoteId":null,"PersonNumber":4030,"Type":1,"Text":"<pd_text><p>Ich \u00e4ussere mich zum finanziellen Aspekt der verschiedenen Minderheitsantr\u00e4ge. Wir sind hier offenbar auf dem Marktplatz angelangt. Angeboten wird eine Armee mit Zubeh\u00f6r f\u00fcr 5 plus 1,2 Milliarden. Dann gibt es All-inclusive-Angebote f\u00fcr 5, 3,5 und 4,4 Milliarden Franken. Interessant ist in diesem Zusammenhang, das haben wir bereits geh\u00f6rt, dass bis vor wenigen Wochen von allen b\u00fcrgerlichen Parteien andere Preisschilder angebracht worden sind.</p>\n<p>Wenn nun ohne sicherheitspolitische Notwendigkeit, was den Auftrag der Armee anbelangt, 20 bis 30 Prozent mehr Mittel, in der Gr\u00f6ssenordnung von 1 Milliarde Franken j\u00e4hrlich, verlangt werden, so ist das unglaubw\u00fcrdig. Und es ist unseri\u00f6s, wenn man dann diese Mittel noch bei anderen Departementen holen will, mit Einsparungen, die weder benannt noch beziffert werden. Dass eine derart massive Aufstockung mit einer Kampfflugzeugbeschaffung angereichert ist, die man am Volk vorbeischmuggeln will, l\u00e4sst zudem demokratisches Verst\u00e4ndnis vermissen.</p>\n<p>Die wirklichen Bedrohungen kommen aus der Steckdose, vom Terrorismus, vom Klimawandel und verlangen eine umgebaute, verkleinerte, aber gut ausger\u00fcstete Armee. Daf\u00fcr gen\u00fcgen 3,5 Milliarden Franken. Es braucht nicht eine hochdotierte Armee, die aufgrund fehlender Polizeibest\u00e4nde in den Kantonen als M\u00e4dchen-f\u00fcr-alles-Truppe herhalten muss. Ihr verfassungsm\u00e4ssiger Auftrag ist die Verteidigungskompetenz, die auf einer eingehenden und differenzierten Risikobeurteilung beruht. Da schliesse ich mich eben nicht den Vorrednern an. Wir diskutieren nicht aufgrund der Finanzen, sondern eben genau aufgrund dieses Leistungsauftrages, und da gibt es durchaus auch in der Armee und in der Bev\u00f6lkerung unterschiedliche Einsch\u00e4tzungen.</p>\n<p>Ich bitte Sie daher, dem Minderheitsantrag IV (Allemann) zuzustimmen, eventual den Bundesratsentwurf von 4,4 Milliarden Franken zu unterst\u00fctzen und alle weiter gehenden Minderheitsantr\u00e4ge abzulehnen.</p>\n</pd_text>","MeetingCouncilAbbreviation":"N","MeetingDate":"20110914","MeetingVerbalixOid":2095,"IdSession":"4820","SpeakerFirstName":"Prisca","SpeakerLastName":"Birrer-Heimo","SpeakerFullName":"Birrer-Heimo Prisca","SpeakerFunction":"Mit-F","CouncilId":1,"CouncilName":"Nationalrat","CantonId":3,"CantonName":"Luzern","CantonAbbreviation":"LU","ParlGroupName":"Sozialdemokratische Fraktion","ParlGroupAbbreviation":"S","SortOrder":20,"Start":"\/Date(1316015716807)\/","End":"\/Date(1316015865446)\/","Function":"Mit-F","DisplaySpeaker":true,"LanguageOfText":"DE","Modified":"\/Date(1774877670972)\/","StartTimeWithTimezone":"\/Date(1316015716807+0120)\/","EndTimeWithTimezone":"\/Date(1316015865447+0120)\/","VoteBusinessNumber":null,"VoteBusinessShortNumber":null,"VoteBusinessTitle":null},{"__metadata":{"id":"https://ws.parlament.ch/OData.svc/Transcript(ID=120507L,Language='DE')","uri":"https://ws.parlament.ch/OData.svc/Transcript(ID=120507L,Language='DE')","type":"itsystems.Pd.DataServices.DataModel.Transcript"},"Subjects":{"__deferred":{"uri":"https://ws.parlament.ch/OData.svc/Transcript(ID=120507L,Language='DE')/Subjects"}},"MembersCouncil":{"__deferred":{"uri":"https://ws.parlament.ch/OData.svc/Transcript(ID=120507L,Language='DE')/MembersCouncil"}},"Businesses":{"__deferred":{"uri":"https://ws.parlament.ch/OData.svc/Transcript(ID=120507L,Language='DE')/Businesses"}},"ID":"120507","Language":"DE","IdSubject":"19421","VoteId":null,"PersonNumber":1125,"Type":1,"Text":"<pd_text><p>Die Vielzahl der vorliegenden Minderheits- und Einzelantr\u00e4ge ist doch ein Ausdruck f\u00fcr den momentanen Zustand unserer Diskussion und dieser [PAGE 1410] Vorlage und vielleicht auch ein bisschen f\u00fcr den Zustand der Armee - so, wie es jetzt l\u00e4uft.</p>\n<p>Ich finde es interessant, wie die gr\u00f6ssten Sparpolitiker in diesem Parlament hier nach vorne kommen und pl\u00f6tzlich reihenweise Milliardenbetr\u00e4ge fordern, die sie sonst bei der Bildung, beim Verkehr usw. immer einsparen wollen. Auch wir sind f\u00fcr Planungssicherheit, aber man kann sie auch auf tieferem Niveau erreichen: Die SP-Fraktion will die allgemeine Wehrpflicht sistieren, sie will einen Soll-Bestand von 50 000 Armeeangeh\u00f6rigen, und sie will Ausgaben f\u00fcr die Armee, die nicht mehr als 3,5 Milliarden Franken betragen. Das ist Planungssicherheit, und hiermit k\u00f6nnen Sie eine sinnvolle Sicherheits- und Armeepolitik machen.</p>\n<p>Der Antrag f\u00fcr ein entsprechendes Kommissionspostulat, welches einen Bericht f\u00fcr eine solche Armee verlangt h\u00e4tte, wurde bereits in der Kommission abgeschmettert - die den jetzigen Minderheitsantr\u00e4gen zugrundeliegenden Antr\u00e4ge dazu sowieso. Im Moment scheint es der b\u00fcrgerlichen Mehrheit nicht um eine Sicherheitspolitik zu gehen, welche auf die realen Gefahren der Gegenwart und der Zukunft Antworten gibt. Es ist uns unverst\u00e4ndlich, wie Sie diese \u00fcberteuerte und viel zu grosse Armee dem Volk verkaufen wollen. Es ist mir klar, dass es auch Ihnen unverst\u00e4ndlich ist, wie Sie diese Armee dem Volk verkaufen wollen. Deshalb versucht man hier drin, zu jedem erdenklichen Trick zu greifen, damit die Vorlage nicht referendumsf\u00e4hig ist und man die Volksabstimmung umgehen kann.</p>\n<p>F\u00fcr uns geht es nicht an, dass das Volk \u00fcber diese j\u00e4hrlichen Mehrausgaben von 2 Milliarden Franken - wenn Sie die Armeegr\u00f6sse und die Kampfjets einberechnen - nicht abstimmen darf. Wir werden deshalb jenen Minderheitsantr\u00e4gen zustimmen, die unserer Vorstellung von der Armee und ihrer Gr\u00f6sse und Finanzierung jeweils n\u00e4her sind, und wir werden die anderen ablehnen. Wir werden uns auch dezidiert gegen alles wehren, was mit der Beschaffung der unn\u00f6tigen Kampfjets zu tun hat.</p>\n<p>Ich bitte Sie hier, ruhig Blut zu bewahren und eine vorausschauende Sicherheits- und Armeepolitik ins Auge zu fassen, welche wirklich den realen Gefahren begegnen kann und nicht einfach kurzfristige Bed\u00fcrfnisse befriedigt, die nichts mit Sicherheitspolitik zu tun haben.</p>\n</pd_text>","MeetingCouncilAbbreviation":"N","MeetingDate":"20110914","MeetingVerbalixOid":2095,"IdSession":"4820","SpeakerFirstName":"Chantal","SpeakerLastName":"Gallad\u00e9","SpeakerFullName":"Gallad\u00e9 Chantal","SpeakerFunction":"Mit-F","CouncilId":1,"CouncilName":"Nationalrat","CantonId":1,"CantonName":"Z\u00fcrich","CantonAbbreviation":"ZH","ParlGroupName":"Sozialdemokratische Fraktion","ParlGroupAbbreviation":"S","SortOrder":19,"Start":"\/Date(1316015536042)\/","End":"\/Date(1316015716807)\/","Function":"Mit-F","DisplaySpeaker":true,"LanguageOfText":"DE","Modified":"\/Date(1774877670970)\/","StartTimeWithTimezone":"\/Date(1316015536043+0120)\/","EndTimeWithTimezone":"\/Date(1316015716807+0120)\/","VoteBusinessNumber":null,"VoteBusinessShortNumber":null,"VoteBusinessTitle":null},{"__metadata":{"id":"https://ws.parlament.ch/OData.svc/Transcript(ID=120508L,Language='DE')","uri":"https://ws.parlament.ch/OData.svc/Transcript(ID=120508L,Language='DE')","type":"itsystems.Pd.DataServices.DataModel.Transcript"},"Subjects":{"__deferred":{"uri":"https://ws.parlament.ch/OData.svc/Transcript(ID=120508L,Language='DE')/Subjects"}},"MembersCouncil":{"__deferred":{"uri":"https://ws.parlament.ch/OData.svc/Transcript(ID=120508L,Language='DE')/MembersCouncil"}},"Businesses":{"__deferred":{"uri":"https://ws.parlament.ch/OData.svc/Transcript(ID=120508L,Language='DE')/Businesses"}},"ID":"120508","Language":"DE","IdSubject":"19421","VoteId":null,"PersonNumber":1104,"Type":1,"Text":"<pd_text><p>Ich spreche zum Soll-Bestand der Armee und zur Finanzierung.</p>\n<p>Tatsache ist, dass der Antrag des Bundesrates nicht der richtige Ansatz ist. 80 000 AdA mit 4,4 Milliarden Franken finanziert - das ist verfassungswidrig, das wage ich hier zu sagen. Dieser Antrag ist deshalb abzulehnen. 120 000 Soldaten w\u00e4ren imstande, unser Land zu sch\u00fctzen, auch in einer Zeit von nationalen oder internationalen Spannungen. 100 000 Soldaten sind das absolute Minimum f\u00fcr unsere Milizarmee. Sie muss diese Gr\u00f6sse umfassen, und ich wiederhole, was heute schon einmal gesagt wurde: Diese 100 000 Soldaten entsprechen einer Halbierung der heutigen Armee. Den Zusatzbericht des Bundesrates \u00fcber die verschiedenen Soll-Best\u00e4nde haben Sie ja vielleicht gelesen. Er zeigt ganz klar auf, dass, je kleiner der Soll-Bestand ist, die Einsparungen umso weniger ausmachen. Das ist klar und deutlich erkennbar. Ich verweise hier auf den Chef der Armee, der uns auch in der Kommission gesagt hat: Wir brauchen endlich Planungssicherheit.</p>\n<p>Zu den Finanzen: Die Armeeausgaben wurden in den vergangenen zw\u00f6lf Jahren um sage und schreibe 3,47 Milliarden Franken gek\u00fcrzt. Herr Chopard, keine Spur von \u00fcberschw\u00e4nglicher oder massloser Finanzierung: 3,47 Milliarden Franken wurden in den letzten zw\u00f6lf Jahren in der Armee eingespart! Bringen Sie mir ein Departement, das die gleichen Einsparungen erbracht hat. Deshalb ist es richtig, die Ausgaben so, wie wir es in der Kommission gemacht haben, auf diese 5 Milliarden Franken festzulegen und damit auch unserer Armee eine glaubw\u00fcrdige Zukunft zu geben. Wir d\u00fcrfen die Armee nicht l\u00e4nger \u00fcber die Finanzen steuern, das ist unverantwortlich.</p>\n<p>Ich bitte Sie darum, den entsprechenden Antr\u00e4gen zuzustimmen.</p>\n</pd_text>","MeetingCouncilAbbreviation":"N","MeetingDate":"20110914","MeetingVerbalixOid":2095,"IdSession":"4820","SpeakerFirstName":"Jakob","SpeakerLastName":"B\u00fcchler","SpeakerFullName":"B\u00fcchler Jakob","SpeakerFunction":"Mit-M","CouncilId":1,"CouncilName":"Nationalrat","CantonId":17,"CantonName":"St. Gallen","CantonAbbreviation":"SG","ParlGroupName":"Fraktion CVP/EVP/glp","ParlGroupAbbreviation":"M-E","SortOrder":18,"Start":"\/Date(1316015378675)\/","End":"\/Date(1316015536042)\/","Function":"Mit-M","DisplaySpeaker":true,"LanguageOfText":"DE","Modified":"\/Date(1774877670969)\/","StartTimeWithTimezone":"\/Date(1316015378677+0120)\/","EndTimeWithTimezone":"\/Date(1316015536043+0120)\/","VoteBusinessNumber":null,"VoteBusinessShortNumber":null,"VoteBusinessTitle":null},{"__metadata":{"id":"https://ws.parlament.ch/OData.svc/Transcript(ID=120509L,Language='DE')","uri":"https://ws.parlament.ch/OData.svc/Transcript(ID=120509L,Language='DE')","type":"itsystems.Pd.DataServices.DataModel.Transcript"},"Subjects":{"__deferred":{"uri":"https://ws.parlament.ch/OData.svc/Transcript(ID=120509L,Language='DE')/Subjects"}},"MembersCouncil":{"__deferred":{"uri":"https://ws.parlament.ch/OData.svc/Transcript(ID=120509L,Language='DE')/MembersCouncil"}},"Businesses":{"__deferred":{"uri":"https://ws.parlament.ch/OData.svc/Transcript(ID=120509L,Language='DE')/Businesses"}},"ID":"120509","Language":"DE","IdSubject":"19421","VoteId":null,"PersonNumber":1112,"Type":1,"Text":"<pd_text><p>Ich lege gleich jetzt offen, dass ich Mitglied der Gruppe f\u00fcr eine Schweiz ohne Armee (GSoA) bin. Wenn Sie jetzt das Gef\u00fchl haben, dass es f\u00fcr diese Gruppe nur ein Ziel gibt, dann liegen Sie falsch. Es gilt, die Frage zu pr\u00fcfen, ob es eine Schweiz ohne Armee geben k\u00f6nnte, wie sie dann aussehen m\u00fcsste, was man da machen m\u00fcsste und was effektiv m\u00f6glich ist. Das sind nicht einfach Diskussionen im Elfenbeinturm. Ich m\u00f6chte Sie daran erinnern, dass einige GSoA-Mitglieder seinerzeit in Sarajevo im Krieg in Bosnien-Herzegowina t\u00e4tig gewesen sind und gezeigt haben, was man ohne Waffen machen kann. Wenn ich jetzt meine Ausf\u00fchrungen zum Antrag meiner Minderheit mache, geht es nicht darum, dass ich im Innersten die Abschaffung der Armee im Visier habe. Es geht vielmehr darum, auf die Situation von heute zu reagieren, auf die Situation, wie sie heute ist, und was man damit machen k\u00f6nnte. </p>\n<p>Eine zweite Vorbemerkung: Ich finde die Diskussion \u00fcber die Finanzierbarkeit der Armee nicht gut. Warum? Wenn wir etwas brauchen und es absolut notwendig ist, dann sollte die Finanzierbarkeit eine zweite Frage sein - sonst haben wir ein Problem. Das Problem, das wir heute haben, ist die Frage, ob wir das, was in diesen zahlreichen Minderheitsantr\u00e4gen vorgegeben worden ist, brauchen. Brauchen wir 120 000 Mann oder 220 000 - das ist ja die beste Zahl bis jetzt -, oder reicht es auch mit 30 000? Die Zahl 30 000 ist nicht einfach Fantasie, sondern sie ist auch von obersten Armeeangeh\u00f6rigen ausgesprochen worden; das ist eine ganz wichtige Erg\u00e4nzung zu dem, was Herr B\u00fcchler vorhin gesagt hat. Dabei geht man von einem anderen Verteidigungsdispositiv aus als von demjenigen, das Sie haben. Ich habe Ihnen heute fr\u00fch dieses dicke Buch gezeigt. Wenn Sie dieses dicke Buch mit seinen Forderungen abgedeckt haben wollen, dann brauchen Sie eine Million Mann, weil da alle Fantasien der Parlamentarier, der ausserparlamentarischen Organisationen usw. drin sind; das ist nicht n\u00f6tig, von diesem Fall sprechen wir heute nicht. Wenn jemand die Schweiz einnehmen will, dann wird er sie nicht mit einem Panzer flachwalzen, weil sonst die Schweiz f\u00fcr ihn wertlos ist. Wenn jemand die Schweiz einnehmen will, wird er versuchen, das auf dem elektronischen Weg \u00fcber Daten zu tun.</p>\n<p>Zum Inhalt: Die Fassung des Bundesrates ist eigentlich die beste Fassung. Warum? Der Bundesrat will die gesamte Diskussion aufbereiten. Dazu \u00fcbernimmt er auch die \u00dcberlegungen aus dem sicherheitspolitischen Bericht und aus dem Armeebericht, und er legt uns in rund anderthalb Jahren eine Botschaft vor. Das entspricht der Position meiner Minderheit. Bevor wir diese Auslegeordnung haben, m\u00fcssen wir nicht dar\u00fcber diskutieren, ob 120 000, 100 000, 80 000, 60 000 oder 30 000 Angeh\u00f6rige der Armee sinnvoll sind, und wir m\u00fcssen keine Finanzdiskussion ins Rollen bringen, indem wir Entscheide treffen, die wirklich Budgetrelevanz haben und die alles \u00fcbersteigen. Die Frage muss sein: Was ist die Aufgabe der Armee?</p>\n<p>Heute fr\u00fch war ich wirklich ein bisschen schockiert, als ich h\u00f6rte, es gehe auch um die Bek\u00e4mpfung von innenpolitischen Aufst\u00e4nden. Das ist hier gesagt worden! Das kann es nicht sein! Wenn das wirklich so ist, Herr Scherer, dann m\u00fcssen wir hier daf\u00fcr schauen, dass wir in der Schweiz keine innenpolitischen Auseinandersetzungen haben wie in England, in Griechenland, in Spanien. Und da ist die Frage z. B.: Wie gehen wir mit unseren Minderheiten um, mit Leuten, die hier wohnen, die Sie aber nicht so gerne hier haben? Das ist eine Frage der politischen Kultur: Wie schaffen wir es, mit Minderheiten im Land vern\u00fcnftig umzugehen? Das hat England nicht geschafft, das hat Griechenland nicht geschafft. Wenn wir es schaffen, braucht es keine Armee f\u00fcr den innenpolitischen Dienst, dann sollte die Polizei reichen.</p>\n<p>Ich bitte Sie, bleiben Sie beim Urauftrag der Armee. Es ist eine urliberale Auffassung, dass wir eine Armee brauchen f\u00fcr den Fall eines \u00dcberfalles durch ein anderes Land. Nur sind wir davon sehr, sehr weit entfernt. Ich habe heute fr\u00fch gesagt, dass wir von anderen Dingen unmittelbar bedroht sind, die wir aber nicht mit der Armee bek\u00e4mpfen k\u00f6nnen, sondern die wir hier im Rat, wo wir Gefahren aus dem Weg r\u00e4umen sollten, bek\u00e4mpfen m\u00fcssen. Das m\u00fcsste das Ziel sein.</p>\n<p>Deshalb verlangt unser Minderheitsantrag, dem Bundesrat zu folgen. Stimmen Sie notfalls dem Antrag der Minderheit I zu, den Walter M\u00fcller eingereicht hat. Er lautet ungef\u00e4hr gleich und stuft die Armee auf das zur\u00fcck, was sie leisten soll: Verteidigung gegen aussen. Oder stimmen Sie dem Kompromissantrag mit 30 000 Angeh\u00f6rigen der Armee zu.</p>\n</pd_text>","MeetingCouncilAbbreviation":"N","MeetingDate":"20110914","MeetingVerbalixOid":2095,"IdSession":"4820","SpeakerFirstName":"Geri","SpeakerLastName":"M\u00fcller","SpeakerFullName":"M\u00fcller Geri","SpeakerFunction":"Mit-M","CouncilId":1,"CouncilName":"Nationalrat","CantonId":19,"CantonName":"Aargau","CantonAbbreviation":"AG","ParlGroupName":"Gr\u00fcne Fraktion","ParlGroupAbbreviation":"G","SortOrder":17,"Start":"\/Date(1316015036744)\/","End":"\/Date(1316015378675)\/","Function":"Mit-M","DisplaySpeaker":true,"LanguageOfText":"DE","Modified":"\/Date(1774877670967)\/","StartTimeWithTimezone":"\/Date(1316015036743+0120)\/","EndTimeWithTimezone":"\/Date(1316015378677+0120)\/","VoteBusinessNumber":null,"VoteBusinessShortNumber":null,"VoteBusinessTitle":null},{"__metadata":{"id":"https://ws.parlament.ch/OData.svc/Transcript(ID=120510L,Language='DE')","uri":"https://ws.parlament.ch/OData.svc/Transcript(ID=120510L,Language='DE')","type":"itsystems.Pd.DataServices.DataModel.Transcript"},"Subjects":{"__deferred":{"uri":"https://ws.parlament.ch/OData.svc/Transcript(ID=120510L,Language='DE')/Subjects"}},"MembersCouncil":{"__deferred":{"uri":"https://ws.parlament.ch/OData.svc/Transcript(ID=120510L,Language='DE')/MembersCouncil"}},"Businesses":{"__deferred":{"uri":"https://ws.parlament.ch/OData.svc/Transcript(ID=120510L,Language='DE')/Businesses"}},"ID":"120510","Language":"DE","IdSubject":"19421","VoteId":null,"PersonNumber":1158,"Type":1,"Text":"<pd_text><p>Ich stelle zwei Sachen infrage, erstens das Gefahrenszenario, das Sie skizzieren, zweitens aber auch, dass f\u00fcr solche inneren Eins\u00e4tze die Armee zust\u00e4ndig sei; das ist eine klassische Polizeiaufgabe.</p>\n</pd_text>","MeetingCouncilAbbreviation":"N","MeetingDate":"20110914","MeetingVerbalixOid":2095,"IdSession":"4820","SpeakerFirstName":"Josef","SpeakerLastName":"Lang","SpeakerFullName":"Lang Josef","SpeakerFunction":"Mit-M","CouncilId":1,"CouncilName":"Nationalrat","CantonId":9,"CantonName":"Zug","CantonAbbreviation":"ZG","ParlGroupName":"Gr\u00fcne Fraktion","ParlGroupAbbreviation":"G","SortOrder":16,"Start":"\/Date(1316015017281)\/","End":"\/Date(1316015036744)\/","Function":"Mit-M","DisplaySpeaker":true,"LanguageOfText":"DE","Modified":"\/Date(1774877670964)\/","StartTimeWithTimezone":"\/Date(1316015017280+0120)\/","EndTimeWithTimezone":"\/Date(1316015036743+0120)\/","VoteBusinessNumber":null,"VoteBusinessShortNumber":null,"VoteBusinessTitle":null},{"__metadata":{"id":"https://ws.parlament.ch/OData.svc/Transcript(ID=120511L,Language='DE')","uri":"https://ws.parlament.ch/OData.svc/Transcript(ID=120511L,Language='DE')","type":"itsystems.Pd.DataServices.DataModel.Transcript"},"Subjects":{"__deferred":{"uri":"https://ws.parlament.ch/OData.svc/Transcript(ID=120511L,Language='DE')/Subjects"}},"MembersCouncil":{"__deferred":{"uri":"https://ws.parlament.ch/OData.svc/Transcript(ID=120511L,Language='DE')/MembersCouncil"}},"Businesses":{"__deferred":{"uri":"https://ws.parlament.ch/OData.svc/Transcript(ID=120511L,Language='DE')/Businesses"}},"ID":"120511","Language":"DE","IdSubject":"19421","VoteId":null,"PersonNumber":1104,"Type":1,"Text":"<pd_text><p>Herr Lang, Sie fordern hier im Saal eine Armee mit 30 000 Angeh\u00f6rigen. Wissen Sie - ja, Sie wissen es! -, dass unsere Armee 5000 Soldaten brauchte, allein um den Flughafen Z\u00fcrich-Kloten w\u00e4hrend drei Wochen zu sch\u00fctzen? Nur um einen Flughafen vor ein paar Fanatikern zu sichern, die Flugzeuge angreifen k\u00f6nnten! Wie wollen Sie die gesamten Armeeaufgaben mit 30 000 Mann bew\u00e4ltigen?</p>\n</pd_text>","MeetingCouncilAbbreviation":"N","MeetingDate":"20110914","MeetingVerbalixOid":2095,"IdSession":"4820","SpeakerFirstName":"Jakob","SpeakerLastName":"B\u00fcchler","SpeakerFullName":"B\u00fcchler Jakob","SpeakerFunction":"Mit-M","CouncilId":1,"CouncilName":"Nationalrat","CantonId":17,"CantonName":"St. Gallen","CantonAbbreviation":"SG","ParlGroupName":"Fraktion CVP/EVP/glp","ParlGroupAbbreviation":"M-E","SortOrder":15,"Start":"\/Date(1316014986435)\/","End":"\/Date(1316015017281)\/","Function":"Mit-M","DisplaySpeaker":true,"LanguageOfText":"DE","Modified":"\/Date(1774877670962)\/","StartTimeWithTimezone":"\/Date(1316014986437+0120)\/","EndTimeWithTimezone":"\/Date(1316015017280+0120)\/","VoteBusinessNumber":null,"VoteBusinessShortNumber":null,"VoteBusinessTitle":null},{"__metadata":{"id":"https://ws.parlament.ch/OData.svc/Transcript(ID=120512L,Language='DE')","uri":"https://ws.parlament.ch/OData.svc/Transcript(ID=120512L,Language='DE')","type":"itsystems.Pd.DataServices.DataModel.Transcript"},"Subjects":{"__deferred":{"uri":"https://ws.parlament.ch/OData.svc/Transcript(ID=120512L,Language='DE')/Subjects"}},"MembersCouncil":{"__deferred":{"uri":"https://ws.parlament.ch/OData.svc/Transcript(ID=120512L,Language='DE')/MembersCouncil"}},"Businesses":{"__deferred":{"uri":"https://ws.parlament.ch/OData.svc/Transcript(ID=120512L,Language='DE')/Businesses"}},"ID":"120512","Language":"DE","IdSubject":"19421","VoteId":null,"PersonNumber":1158,"Type":1,"Text":"<pd_text><p>Noch eine Bemerkung zur vorherigen Debatte: Ich bin GSoA-Mitglied und habe als GSoA-Mitglied in meinem Leben eine Aussage nie gemacht, weder im November 1989 bei der historischen Abstimmung noch im November 1999 noch im November 2009, n\u00e4mlich folgende Aussage: \"Die Armee ist ein Sauladen.\" Eine solche Aussage k\u00e4me der GSoA nie in den Sinn, weil wir auch vor der Armee gen\u00fcgend Respekt haben, es nicht zu sagen. Die Aussage vom 10. November 2009, die nie zur\u00fcckgenommen wurde - ich wiederhole sie: \"Die Armee ist ein Sauladen\" -, wurde von Christoph Blocher an einer \u00f6ffentlichen, offiziellen Medienkonferenz gemacht. \u00dcber solche Sachen sollte man diskutieren.</p>\n<p>Wie Sie wissen, habe ich eine grosse Hochsch\u00e4tzung gegen\u00fcber dem Nachfolger des damals kritisierten VBS-Vorstehers. Aber ich glaube, wenn die Armee damals ein \"Sauladen\" war - und ich wiederhole, ich w\u00fcrde so etwas nie sagen, und ich denke es auch nicht -, dann w\u00e4re sie es auch heute noch. Liebe SVP-Leute, Sie haben vorher noch eine andere Hausaufgabe zu erledigen. In ihrem Kommentar zur laufenden Armeedebatte monierte die \"Neue Z\u00fcrcher Zeitung\": \"So wurde es verpasst, eine ernsthafte Debatte \u00fcber die allgemeine Wehrpflicht anzustossen.\" Wir Gr\u00fcnen haben diese Debatte gefordert und entsprechende Antr\u00e4ge eingereicht. So stellten wir in der Sicherheitspolitischen Kommission den Antrag an das VBS, bis Ende Jahr Varianten zu pr\u00fcfen, die von der Aufhebung der Wehrpflicht und einer freiwilligen Miliz mit Armeebest\u00e4nden von 20 000, 30 000 und 40 000 Armeeangeh\u00f6rigen ausgehen, analog zu einem Antrag im St\u00e4nderat, allerdings mit anderen Zahlen.</p>\n<p>Leider wurde dieser Antrag abgelehnt. Deshalb wissen wir heute auch nicht, wie viel genau eine Armee von 30 000 Dienstpflichtigen kostet. Was wir aber wissen, ist Folgendes: Selbst eine Armee mit 80 000 Dienstpflichtigen stellt die Wehrpflicht infrage. Eine Armee von 80 000 Leuten braucht pro Jahr mindestens 16 000, vielleicht 20 000 Personen, aber nicht mehr. Jedes Jahr sind 41 000 junge M\u00e4nner stellungspflichtig. Auch eine Armee mit 80 000 Dienstpflichtigen wird mindestens die H\u00e4lfte der jungen M\u00e4nner von Anfang an nicht brauchen k\u00f6nnen. Jetzt stehen wir bei einer Armee von 80 000 Dienstpflichtigen - bei tieferen Zahlen ohnehin - vor der Frage: Geben wir das Prinzip der Wehrgerechtigkeit auf? Das ist in Deutschland gegangen, in der Schweiz geht das nicht. Die Schweiz hat eine andere Kultur, in diesem Punkt sind wir uns sicher einig. Oder man macht eine Armee, die gr\u00f6sser als 80 000 Personen ist, nur um die Wehrpflicht und die Wehrgerechtigkeit aufrechterhalten zu k\u00f6nnen. Das w\u00e4re aber das Pferd - nach Abschaffung der Kavallerie - am Schwanz aufgez\u00e4umt.</p>\n<p>Die Zeit der grossen Armeen und damit auch der Wehrpflicht ist milit\u00e4risch, technisch, sachlich, rational vorbei, in ganz Europa. Deutschland geht in Richtung 180 000 Soldaten - auf die Schweiz \u00fcbersetzt heisst das 18 000 -, Schweden hat noch 20 000. Eine Freiwilligenmiliz dieser Gr\u00f6sse fordert unter anderem der freisinnige Genfer Stadtpolitiker, vielleicht bald Nationalpolitiker, und Offizier Pierre Maudet in seinem wahren Bericht zur Sicherheitspolitik; ich habe den Bericht hier, auch f\u00fcr die FDP-Mitglieder. Ebenfalls eine Freiwilligenarmee in der Gr\u00f6sse von 20 000 bis 30 000 Personen fordert der Armeereformer Karl W. Haltiner. Es gibt f\u00fcr gr\u00f6ssere [PAGE 1409] Armeen schlicht und einfach keine rationalen Szenarien oder Gefahrenanalysen mehr.</p>\n<p>Unsere Sch\u00e4tzung ist, dass eine 30 000er-Armee ungef\u00e4hr halb so viel kostet wie eine 80 000er-Armee. Auf jeden Fall wird sie die Wirtschaft viel, viel billiger zu stehen kommen. Die Zahl der Diensttage kann von heute 16,4 Millionen drastisch auf wahrscheinlich ein Drittel reduziert werden. Das heisst, die Wirtschaft w\u00fcrde nicht mehr mit 4 Milliarden Franken an j\u00e4hrlichen Wertsch\u00f6pfungsverlusten bluten m\u00fcssen, sondern noch mit gut 1 Milliarde.</p>\n<p>In ihrem Artikel hat die \"NZZ\" darauf hingewiesen, dass diese Wehrpflichtdebatte dank der laufenden Initiative noch kommen wird. Ich kann Ihnen die Information geben: Wir befinden uns im Schlussspurt. Um ganz auf der sicheren Seite zu sein, brauchen wir noch etwa 15 000 Unterschriften.</p>\n</pd_text>","MeetingCouncilAbbreviation":"N","MeetingDate":"20110914","MeetingVerbalixOid":2095,"IdSession":"4820","SpeakerFirstName":"Josef","SpeakerLastName":"Lang","SpeakerFullName":"Lang Josef","SpeakerFunction":"Mit-M","CouncilId":1,"CouncilName":"Nationalrat","CantonId":9,"CantonName":"Zug","CantonAbbreviation":"ZG","ParlGroupName":"Gr\u00fcne Fraktion","ParlGroupAbbreviation":"G","SortOrder":14,"Start":"\/Date(1316014635625)\/","End":"\/Date(1316014986435)\/","Function":"Mit-M","DisplaySpeaker":true,"LanguageOfText":"DE","Modified":"\/Date(1774877670961)\/","StartTimeWithTimezone":"\/Date(1316014635627+0120)\/","EndTimeWithTimezone":"\/Date(1316014986437+0120)\/","VoteBusinessNumber":null,"VoteBusinessShortNumber":null,"VoteBusinessTitle":null},{"__metadata":{"id":"https://ws.parlament.ch/OData.svc/Transcript(ID=120513L,Language='DE')","uri":"https://ws.parlament.ch/OData.svc/Transcript(ID=120513L,Language='DE')","type":"itsystems.Pd.DataServices.DataModel.Transcript"},"Subjects":{"__deferred":{"uri":"https://ws.parlament.ch/OData.svc/Transcript(ID=120513L,Language='DE')/Subjects"}},"MembersCouncil":{"__deferred":{"uri":"https://ws.parlament.ch/OData.svc/Transcript(ID=120513L,Language='DE')/MembersCouncil"}},"Businesses":{"__deferred":{"uri":"https://ws.parlament.ch/OData.svc/Transcript(ID=120513L,Language='DE')/Businesses"}},"ID":"120513","Language":"DE","IdSubject":"19421","VoteId":null,"PersonNumber":1131,"Type":1,"Text":"<pd_text><p>Meine Minderheitsantr\u00e4ge geben Ihnen die Gelegenheit, die Armee auf einen erfolgreichen Pfad zur\u00fcckzuf\u00fchren, auf einen Pfad, der nicht ins Reduit f\u00fchrt, sondern in eine mit dem Ausland vernetzte Zukunft als eine realistische Antwort auf die Risiken unserer Zeit.</p>\n<p>Wir schlagen Ihnen vor, den Auftrag ans 21. Jahrhundert anzupassen und in der logischen Folge die Best\u00e4nde realistisch zu modellieren: 60 000 gut ausgebildete und auch gut ausger\u00fcstete Armeeangeh\u00f6rige, die mit einem j\u00e4hrlichen Budget von 3,5 Milliarden Franken die Sicherheit unseres Landes garantieren; die Luftwaffe nimmt ihre berechtigte Aufgabe im luftpolizeilichen Bereich wahr, g\u00f6nnt sich aber keine Luxusflieger f\u00fcr den Luft-Boden-Kampf. Die Ausstattung der Schweizer Luftwaffe mit modernen Flugzeugen ist auch ohne neue Jets gegeben und im internationalen Vergleich auch nach der Ausmusterung der F-5 Tiger \u00fcberdurchschnittlich. Die Luft\u00fcberwachung in der Schweiz ist gesichert, und das auch ohne neue Kampfjets.</p>\n<p>Nach den Erfahrungen der letzten Jahre ist es f\u00fcr die Armee zentral, zu einer ehrlichen Finanzplanung zur\u00fcckzukehren. Es f\u00fcgt der Armee grossen Schaden zu, wenn sie gr\u00f6sser modelliert wird als das, wof\u00fcr Finanzen zur Verf\u00fcgung stehen. Die aktuelle Armee ist im internationalen Vergleich grotesk \u00fcberr\u00fcstet. Kein anderes Land in Europa leistet sich im Verh\u00e4ltnis zur Bev\u00f6lkerungszahl und zur Gr\u00f6sse des Landes derart viel schweres Ger\u00e4t, derart viele Soldaten, derart viele Kampfpanzer, Kampfflugzeuge, Artillerie usw. Die Schweiz liegt bei diesen Kennzahlen um einiges h\u00f6her als die Nachbarstaaten oder die anderen Neutralen. Ergebnis dieser grotesken \u00dcberr\u00fcstung ist eine Armee, die hinten und vorne nicht mehr funktioniert, weil die Gr\u00f6sse nicht finanzierbar ist.</p>\n<p>Statt immer wieder neue Finanzierungsl\u00fccken und sich logisch anschliessende M\u00e4ngellisten der Armee zu produzieren, m\u00fcssten wir endlich eine Armee modellieren, welche auf soliden finanziellen Grundlagen steht. Dies ist mit meinen Eckwerten gew\u00e4hrleistet, allenfalls auch mit dem Kompromiss des Bundesrates, nicht aber mit den abenteuerlichen Zahlenspielen des St\u00e4nderates oder der Mehrheit der SiK-NR. Wir haben es heute in der Hand, endlich die Weichen so zu stellen, dass wir wieder \u00fcber eine finanzierbare Armee verf\u00fcgen.</p>\n<p>Ich m\u00f6chte noch etwas zu meinem Einzelantrag sagen. Ich verlange nichts Aussergew\u00f6hnliches; ich verlange auch nicht ein Finanzreferendum, das gibt es nicht, und das wollen wir auch in Zukunft nicht. Aber: Die Mehrheit will ja nach wie vor einen Ausgabenplafond f\u00fcr die Armee. Das ist ein aussergew\u00f6hnliches Instrument. Das Parlament k\u00f6nnte sich ohne Weiteres damit begn\u00fcgen, die Ausgaben der Armee im Rahmen der Voranschl\u00e4ge festzulegen. Dazu braucht es eigentlich keinen Armeeausgabenplafond. Dann k\u00f6nnte man wirklich \u00fcbers ordentliche Budget gehen und m\u00fcsste keinen Sonderstatus f\u00fcr die Armee in diesem Bereich einf\u00fchren. Andere Departemente und andere Bereiche kennen das Instrument eines Ausgabenplafonds auch nicht. Das Instrument wurde anl\u00e4sslich des Entlastungsprogramms 2003 geschaffen; Ziel war es damals, die Planungssicherheit der Armee, die von den Sparmassnahmen ebenfalls betroffen war, etwas zu erh\u00f6hen. Man hat damals der Armee ein Zugest\u00e4ndnis gemacht. Gesetzlich ist dieser Plafond im Bundesgesetz \u00fcber Massnahmen zur Verbesserung des Bundeshaushaltes geregelt. Beim gleichen Gesetz beschloss das Parlament auch die Sparmassnahmen in den verschiedenen Aufgabenbereichen. Dieser heutige Plafond, der eine gesetzliche Grundlage hat und eine Sonderregelung in unserem Finanzhaushalt darstellt, gilt noch bis Ende dieses Jahres. Wenn nun die Mehrheit nicht \u00fcber das ordentliche Budget, sondern eben wieder mit so einem Plafond im Bereich der Armee politisieren und funktionieren will, dann ist es nichts als richtig, auch in Zukunft diesen Plafond in einem Gesetz festzuschreiben - ein Gesetz ist n\u00e4mlich referendumsf\u00e4hig. Genau das und nichts mehr oder weniger will ich mit meinem Einzelantrag erreichen.</p>\n<p>Ich bitte Sie, meine Minderheitsantr\u00e4ge und auch meinen Einzelantrag anzunehmen.</p>\n</pd_text>","MeetingCouncilAbbreviation":"N","MeetingDate":"20110914","MeetingVerbalixOid":2095,"IdSession":"4820","SpeakerFirstName":"Evi","SpeakerLastName":"Allemann","SpeakerFullName":"Allemann Evi","SpeakerFunction":"Mit-F","CouncilId":1,"CouncilName":"Nationalrat","CantonId":2,"CantonName":"Bern","CantonAbbreviation":"BE","ParlGroupName":"Sozialdemokratische Fraktion","ParlGroupAbbreviation":"S","SortOrder":13,"Start":"\/Date(1316014338937)\/","End":"\/Date(1316014635625)\/","Function":"Mit-F","DisplaySpeaker":true,"LanguageOfText":"DE","Modified":"\/Date(1774877670957)\/","StartTimeWithTimezone":"\/Date(1316014338937+0120)\/","EndTimeWithTimezone":"\/Date(1316014635627+0120)\/","VoteBusinessNumber":null,"VoteBusinessShortNumber":null,"VoteBusinessTitle":null},{"__metadata":{"id":"https://ws.parlament.ch/OData.svc/Transcript(ID=120514L,Language='DE')","uri":"https://ws.parlament.ch/OData.svc/Transcript(ID=120514L,Language='DE')","type":"itsystems.Pd.DataServices.DataModel.Transcript"},"Subjects":{"__deferred":{"uri":"https://ws.parlament.ch/OData.svc/Transcript(ID=120514L,Language='DE')/Subjects"}},"MembersCouncil":{"__deferred":{"uri":"https://ws.parlament.ch/OData.svc/Transcript(ID=120514L,Language='DE')/MembersCouncil"}},"Businesses":{"__deferred":{"uri":"https://ws.parlament.ch/OData.svc/Transcript(ID=120514L,Language='DE')/Businesses"}},"ID":"120514","Language":"DE","IdSubject":"19421","VoteId":null,"PersonNumber":151,"Type":1,"Text":"<pd_text><p>Herr Vizepr\u00e4sident der Sicherheitspolitischen Kommission, anstatt Ihre Argumente darzulegen, warum man einen Soll-Bestand von 80 000 w\u00e4hlen soll, zitieren Sie ein SVP-Papier. Das ist ja sch\u00f6n, aber es ist unglaublich: Sie haben wie ein schlechter Journalist recherchiert. In diesem Papier steht drin, dass wir im Moment nicht bereit sind, mehr Geld zu bewilligen, solange es in Bezug auf die M\u00e4ngelliste und die Organisation der Armee keine Verbesserungen gibt. Sind Sie bereit, SVP-Papiere das n\u00e4chste Mal bis zum Schluss zu lesen und nicht wieder einen solchen Quatsch zu erz\u00e4hlen wie vorher?</p>\n</pd_text>","MeetingCouncilAbbreviation":"N","MeetingDate":"20110914","MeetingVerbalixOid":2095,"IdSession":"4820","SpeakerFirstName":"Christian","SpeakerLastName":"Miesch","SpeakerFullName":"Miesch Christian","SpeakerFunction":"Mit-M","CouncilId":1,"CouncilName":"Nationalrat","CantonId":13,"CantonName":"Basel-Landschaft","CantonAbbreviation":"BL","ParlGroupName":"Fraktion der Schweizerischen Volkspartei","ParlGroupAbbreviation":"V","SortOrder":1,"Start":"\/Date(1316013845431)\/","End":"\/Date(1316013885132)\/","Function":"Mit-M","DisplaySpeaker":true,"LanguageOfText":"DE","Modified":"\/Date(1774877670938)\/","StartTimeWithTimezone":"\/Date(1316013845430+0120)\/","EndTimeWithTimezone":"\/Date(1316013885133+0120)\/","VoteBusinessNumber":null,"VoteBusinessShortNumber":null,"VoteBusinessTitle":null},{"__metadata":{"id":"https://ws.parlament.ch/OData.svc/Transcript(ID=120515L,Language='DE')","uri":"https://ws.parlament.ch/OData.svc/Transcript(ID=120515L,Language='DE')","type":"itsystems.Pd.DataServices.DataModel.Transcript"},"Subjects":{"__deferred":{"uri":"https://ws.parlament.ch/OData.svc/Transcript(ID=120515L,Language='DE')/Subjects"}},"MembersCouncil":{"__deferred":{"uri":"https://ws.parlament.ch/OData.svc/Transcript(ID=120515L,Language='DE')/MembersCouncil"}},"Businesses":{"__deferred":{"uri":"https://ws.parlament.ch/OData.svc/Transcript(ID=120515L,Language='DE')/Businesses"}},"ID":"120515","Language":"DE","IdSubject":"19421","VoteId":null,"PersonNumber":4007,"Type":1,"Text":"<pd_text><p>Ich gebe Ihnen gerne eine Antwort, Herr Miesch. Ich habe effektiv zitiert, was in Ihrem Positionspapier steht. Wenn Sie selber nicht mehr dazu stehen k\u00f6nnen, dann ist das nicht mein Problem. Ich habe aber nichts erfunden, ich habe nur vorgelesen, was in Ihrem Papier steht. Auch dieses Papier habe ich selbstverst\u00e4ndlich. Wir k\u00f6nnen das gerne zusammen anschauen.</p>\n</pd_text>","MeetingCouncilAbbreviation":"N","MeetingDate":"20110914","MeetingVerbalixOid":2095,"IdSession":"4820","SpeakerFirstName":"Max","SpeakerLastName":"Chopard-Acklin","SpeakerFullName":"Chopard-Acklin Max","SpeakerFunction":"Mit-M","CouncilId":1,"CouncilName":"Nationalrat","CantonId":19,"CantonName":"Aargau","CantonAbbreviation":"AG","ParlGroupName":"Sozialdemokratische Fraktion","ParlGroupAbbreviation":"S","SortOrder":2,"Start":"\/Date(1316013885132)\/","End":"\/Date(1316013910899)\/","Function":"Mit-M","DisplaySpeaker":true,"LanguageOfText":"DE","Modified":"\/Date(1774877670940)\/","StartTimeWithTimezone":"\/Date(1316013885133+0120)\/","EndTimeWithTimezone":"\/Date(1316013910900+0120)\/","VoteBusinessNumber":null,"VoteBusinessShortNumber":null,"VoteBusinessTitle":null},{"__metadata":{"id":"https://ws.parlament.ch/OData.svc/Transcript(ID=120516L,Language='DE')","uri":"https://ws.parlament.ch/OData.svc/Transcript(ID=120516L,Language='DE')","type":"itsystems.Pd.DataServices.DataModel.Transcript"},"Subjects":{"__deferred":{"uri":"https://ws.parlament.ch/OData.svc/Transcript(ID=120516L,Language='DE')/Subjects"}},"MembersCouncil":{"__deferred":{"uri":"https://ws.parlament.ch/OData.svc/Transcript(ID=120516L,Language='DE')/MembersCouncil"}},"Businesses":{"__deferred":{"uri":"https://ws.parlament.ch/OData.svc/Transcript(ID=120516L,Language='DE')/Businesses"}},"ID":"120516","Language":"DE","IdSubject":"19421","VoteId":null,"PersonNumber":472,"Type":1,"Text":"<pd_text><p>Sehr geehrter Nationalrat Chopard und m\u00f6glicherweise \"coming president\" der Sicherheitspolitischen Kommission: Wir legen, glaube ich, bei dieser Diskussion Wert darauf, dass wir ehrlich sind. Sie haben vorhin auch das BDP-Programm zitiert. Sind Sie mit mir einig, dass sich die Ausgangslage wesentlich ver\u00e4ndert hat? Wir sprechen heute von einem All-inclusive-Paket, wir sprechen nicht nur von der Armee, wir sprechen auch von der Ausr\u00fcstungsl\u00fccke und einer Tranche des TTE; deshalb k\u00f6nnen ja die Zahlen so nicht mehr stimmen.</p>\n<p>Wenn Sie schon zitieren, dann m\u00fcssen Sie alles sagen.</p>\n</pd_text>","MeetingCouncilAbbreviation":"N","MeetingDate":"20110914","MeetingVerbalixOid":2095,"IdSession":"4820","SpeakerFirstName":"Ursula","SpeakerLastName":"Haller Vannini","SpeakerFullName":"Haller Vannini Ursula","SpeakerFunction":"Mit-F","CouncilId":1,"CouncilName":"Nationalrat","CantonId":2,"CantonName":"Bern","CantonAbbreviation":"BE","ParlGroupName":"Fraktion BD","ParlGroupAbbreviation":"BD","SortOrder":3,"Start":"\/Date(1316013910899)\/","End":"\/Date(1316013952481)\/","Function":"Mit-F","DisplaySpeaker":true,"LanguageOfText":"DE","Modified":"\/Date(1774877670941)\/","StartTimeWithTimezone":"\/Date(1316013910900+0120)\/","EndTimeWithTimezone":"\/Date(1316013952480+0120)\/","VoteBusinessNumber":null,"VoteBusinessShortNumber":null,"VoteBusinessTitle":null},{"__metadata":{"id":"https://ws.parlament.ch/OData.svc/Transcript(ID=120517L,Language='DE')","uri":"https://ws.parlament.ch/OData.svc/Transcript(ID=120517L,Language='DE')","type":"itsystems.Pd.DataServices.DataModel.Transcript"},"Subjects":{"__deferred":{"uri":"https://ws.parlament.ch/OData.svc/Transcript(ID=120517L,Language='DE')/Subjects"}},"MembersCouncil":{"__deferred":{"uri":"https://ws.parlament.ch/OData.svc/Transcript(ID=120517L,Language='DE')/MembersCouncil"}},"Businesses":{"__deferred":{"uri":"https://ws.parlament.ch/OData.svc/Transcript(ID=120517L,Language='DE')/Businesses"}},"ID":"120517","Language":"DE","IdSubject":"19421","VoteId":null,"PersonNumber":4007,"Type":1,"Text":"<pd_text><p>Ja, ich nehme auch dazu gern Stellung, Frau Haller. Ihr Papier ist vom 14. Januar 2010. Was die milit\u00e4rische Bedrohungslage der Schweiz betrifft: Ich glaube nicht, dass sie sich wesentlich ver\u00e4ndert hat - Punkt 1. Punkt 2: Es ist korrekt, was Sie sagen, dass jetzt unter diesem Plafond von 5 Milliarden Franken der Flieger dabei sein soll und dass das, was Sie geschrieben haben, nicht inklusive Flieger war. Das stimmt auch.</p>\n<p>Aber das heisst ja mit anderen Worten, wenn ich Sie richtig verstehe: Sie wollen eine Zusatzmilliarde - das w\u00e4re dann die Schlussfolgerung - f\u00fcr den Flieger, der eben aus bedrohungspolitischen Gr\u00fcnden gar nicht zwingend vorzuziehen ist. Selbst der Bundesrat hat gesagt, man k\u00f6nne den luftpolizeilichen Dienst mit diesen 33 F/A-18 aufrechterhalten; das ist nicht das Problem. Allenfalls ist die Durchhaltef\u00e4higkeit das Thema, das ist so. Aber aufgrund der aktuellen Bedrohungslage sehe ich nicht, dass wir bei der Luftwaffe aufr\u00fcsten m\u00fcssen. Es gibt keinen Sachzwang. Der Bundesrat hat auch nicht gesagt, man werde den Tiger-Teilersatz nicht machen, er hat nur gesagt, man mache ihn sp\u00e4ter. Sie wollen jetzt dringendst, turbom\u00e4ssig diesen Teilersatz vorziehen, aber daf\u00fcr gibt es kein Bedrohungsszenario. Ich weiss nicht, wovor Sie Angst haben. Wir brauchen nicht zwingend neue Kampfflieger. Diese Mehrkosten sind finanzpolitisch fragw\u00fcrdig. Sie selber haben heute Morgen auch die Frage gestellt, wo dann das Geld gespart werde. Wird es bei der Bildung gespart, wird es bei der Umwelt gespart, wird es bei der Landwirtschaft gespart? Irgendwo muss das Geld, m\u00fcssen diese Zusatzmillionen herkommen.</p>\n</pd_text>","MeetingCouncilAbbreviation":"N","MeetingDate":"20110914","MeetingVerbalixOid":2095,"IdSession":"4820","SpeakerFirstName":"Max","SpeakerLastName":"Chopard-Acklin","SpeakerFullName":"Chopard-Acklin Max","SpeakerFunction":"Mit-M","CouncilId":1,"CouncilName":"Nationalrat","CantonId":19,"CantonName":"Aargau","CantonAbbreviation":"AG","ParlGroupName":"Sozialdemokratische Fraktion","ParlGroupAbbreviation":"S","SortOrder":4,"Start":"\/Date(1316013952481)\/","End":"\/Date(1316014059698)\/","Function":"Mit-M","DisplaySpeaker":true,"LanguageOfText":"DE","Modified":"\/Date(1774877670943)\/","StartTimeWithTimezone":"\/Date(1316013952480+0120)\/","EndTimeWithTimezone":"\/Date(1316014059697+0120)\/","VoteBusinessNumber":null,"VoteBusinessShortNumber":null,"VoteBusinessTitle":null},{"__metadata":{"id":"https://ws.parlament.ch/OData.svc/Transcript(ID=120518L,Language='DE')","uri":"https://ws.parlament.ch/OData.svc/Transcript(ID=120518L,Language='DE')","type":"itsystems.Pd.DataServices.DataModel.Transcript"},"Subjects":{"__deferred":{"uri":"https://ws.parlament.ch/OData.svc/Transcript(ID=120518L,Language='DE')/Subjects"}},"MembersCouncil":{"__deferred":{"uri":"https://ws.parlament.ch/OData.svc/Transcript(ID=120518L,Language='DE')/MembersCouncil"}},"Businesses":{"__deferred":{"uri":"https://ws.parlament.ch/OData.svc/Transcript(ID=120518L,Language='DE')/Businesses"}},"ID":"120518","Language":"DE","IdSubject":"19421","VoteId":null,"PersonNumber":1137,"Type":1,"Text":"<pd_text><p>Werter Kollege Chopard, die SP hat ja bekanntlich an ihrem Parteitag beschlossen, die Armee abzuschaffen. Wenn ich Ihre Antr\u00e4ge lese, dann liest sich das wie ein Teil eines strategischen Planes, die Armee herunterzufahren, bis sie nicht mehr wirkt und nichts mehr n\u00fctzt. Stimmt meine Annahme? Haben Sie immer noch das Ziel, diese Armee abzuschaffen und die Armee herunterzufahren, bis sie letztendlich keine Wirkung mehr hat?</p>\n</pd_text>","MeetingCouncilAbbreviation":"N","MeetingDate":"20110914","MeetingVerbalixOid":2095,"IdSession":"4820","SpeakerFirstName":"Walter","SpeakerLastName":"M\u00fcller","SpeakerFullName":"M\u00fcller Walter","SpeakerFunction":"Mit-M","CouncilId":1,"CouncilName":"Nationalrat","CantonId":17,"CantonName":"St. Gallen","CantonAbbreviation":"SG","ParlGroupName":"Freisinnig-demokratische Fraktion","ParlGroupAbbreviation":"RL","SortOrder":5,"Start":"\/Date(1316014059698)\/","End":"\/Date(1316014092904)\/","Function":"Mit-M","DisplaySpeaker":true,"LanguageOfText":"DE","Modified":"\/Date(1774877670944)\/","StartTimeWithTimezone":"\/Date(1316014059697+0120)\/","EndTimeWithTimezone":"\/Date(1316014092903+0120)\/","VoteBusinessNumber":null,"VoteBusinessShortNumber":null,"VoteBusinessTitle":null},{"__metadata":{"id":"https://ws.parlament.ch/OData.svc/Transcript(ID=120519L,Language='DE')","uri":"https://ws.parlament.ch/OData.svc/Transcript(ID=120519L,Language='DE')","type":"itsystems.Pd.DataServices.DataModel.Transcript"},"Subjects":{"__deferred":{"uri":"https://ws.parlament.ch/OData.svc/Transcript(ID=120519L,Language='DE')/Subjects"}},"MembersCouncil":{"__deferred":{"uri":"https://ws.parlament.ch/OData.svc/Transcript(ID=120519L,Language='DE')/MembersCouncil"}},"Businesses":{"__deferred":{"uri":"https://ws.parlament.ch/OData.svc/Transcript(ID=120519L,Language='DE')/Businesses"}},"ID":"120519","Language":"DE","IdSubject":"19421","VoteId":null,"PersonNumber":4007,"Type":1,"Text":"<pd_text><p>Sie haben auf meine Minderheitsantr\u00e4ge Bezug genommen, die darin m\u00fcnden w\u00fcrden, diese Armee herunterzufahren. Das stimmt insofern, als meine Minderheitsantr\u00e4ge die Armee verkleinern wollen; finanziell stimmt es nicht. Meine Minderheitsantr\u00e4ge nehmen die Eckwerte des Bundesrates auf. Heute haben wir einen Plafond von 4,1 Milliarden Franken; der Bundesrat will den Plafond auf 4,4 Milliarden Franken erh\u00f6hen, d. h., j\u00e4hrlich sind es 300 Millionen Franken mehr f\u00fcr die Armee, wenn Sie meinen Antr\u00e4gen zustimmen. In diesem Punkt sind Sie also mit Ihrer Analyse sicher auf dem Holzweg.</p>\n<p>Die Armeegr\u00f6sse von 80 000 ist nicht eine Erfindung von mir, sondern das ist aufgrund einer Analyse des Bundesrates als Eckwert herausgekommen. Ich trage diesen Eckwert mit meinem Minderheitsantrag mit. Das hat ja wirklich nichts damit zu tun, die Armee kaputtzumachen.</p>\n</pd_text>","MeetingCouncilAbbreviation":"N","MeetingDate":"20110914","MeetingVerbalixOid":2095,"IdSession":"4820","SpeakerFirstName":"Max","SpeakerLastName":"Chopard-Acklin","SpeakerFullName":"Chopard-Acklin Max","SpeakerFunction":"Mit-M","CouncilId":1,"CouncilName":"Nationalrat","CantonId":19,"CantonName":"Aargau","CantonAbbreviation":"AG","ParlGroupName":"Sozialdemokratische Fraktion","ParlGroupAbbreviation":"S","SortOrder":6,"Start":"\/Date(1316014092904)\/","End":"\/Date(1316014155068)\/","Function":"Mit-M","DisplaySpeaker":true,"LanguageOfText":"DE","Modified":"\/Date(1774877670945)\/","StartTimeWithTimezone":"\/Date(1316014092903+0120)\/","EndTimeWithTimezone":"\/Date(1316014155067+0120)\/","VoteBusinessNumber":null,"VoteBusinessShortNumber":null,"VoteBusinessTitle":null},{"__metadata":{"id":"https://ws.parlament.ch/OData.svc/Transcript(ID=120520L,Language='DE')","uri":"https://ws.parlament.ch/OData.svc/Transcript(ID=120520L,Language='DE')","type":"itsystems.Pd.DataServices.DataModel.Transcript"},"Subjects":{"__deferred":{"uri":"https://ws.parlament.ch/OData.svc/Transcript(ID=120520L,Language='DE')/Subjects"}},"MembersCouncil":{"__deferred":{"uri":"https://ws.parlament.ch/OData.svc/Transcript(ID=120520L,Language='DE')/MembersCouncil"}},"Businesses":{"__deferred":{"uri":"https://ws.parlament.ch/OData.svc/Transcript(ID=120520L,Language='DE')/Businesses"}},"ID":"120520","Language":"DE","IdSubject":"19421","VoteId":null,"PersonNumber":1126,"Type":1,"Text":"<pd_text><p>Herr Kollege Chopard, ich stelle eine Frage, die bereits gestellt worden ist. Ich bitte Sie, mit Ja oder Nein zu antworten. Sind Sie Mitglied der GSoA? </p>\n</pd_text>","MeetingCouncilAbbreviation":"N","MeetingDate":"20110914","MeetingVerbalixOid":2095,"IdSession":"4820","SpeakerFirstName":"Markus","SpeakerLastName":"Hutter","SpeakerFullName":"Hutter Markus","SpeakerFunction":"Mit-M","CouncilId":1,"CouncilName":"Nationalrat","CantonId":1,"CantonName":"Z\u00fcrich","CantonAbbreviation":"ZH","ParlGroupName":"Freisinnig-demokratische Fraktion","ParlGroupAbbreviation":"RL","SortOrder":7,"Start":"\/Date(1316014155068)\/","End":"\/Date(1316014167276)\/","Function":"Mit-M","DisplaySpeaker":true,"LanguageOfText":"DE","Modified":"\/Date(1774877670947)\/","StartTimeWithTimezone":"\/Date(1316014155067+0120)\/","EndTimeWithTimezone":"\/Date(1316014167277+0120)\/","VoteBusinessNumber":null,"VoteBusinessShortNumber":null,"VoteBusinessTitle":null},{"__metadata":{"id":"https://ws.parlament.ch/OData.svc/Transcript(ID=120521L,Language='DE')","uri":"https://ws.parlament.ch/OData.svc/Transcript(ID=120521L,Language='DE')","type":"itsystems.Pd.DataServices.DataModel.Transcript"},"Subjects":{"__deferred":{"uri":"https://ws.parlament.ch/OData.svc/Transcript(ID=120521L,Language='DE')/Subjects"}},"MembersCouncil":{"__deferred":{"uri":"https://ws.parlament.ch/OData.svc/Transcript(ID=120521L,Language='DE')/MembersCouncil"}},"Businesses":{"__deferred":{"uri":"https://ws.parlament.ch/OData.svc/Transcript(ID=120521L,Language='DE')/Businesses"}},"ID":"120521","Language":"DE","IdSubject":"19421","VoteId":null,"PersonNumber":4007,"Type":1,"Text":"<pd_text><p>Ich beantworte auch diese Frage gerne: In meinen jungen Jahren war ich tats\u00e4chlich Aktivist der GSoA, insofern, als ich damals Unterschriften f\u00fcr die Initiative gesammelt habe und der Initiative - wie 36,7 Prozent aller Schweizerinnen und Schweizer - zugestimmt habe. Ich habe aber heute keine Funktion in der GSoA, bin in keinem Leitungsgremium der GSoA, ich habe mit der GSoA direkt nichts zu tun, ich gehe auf keine Versammlungen, gar nichts. <i>(Unruhe) </i>Ich sage, ich war in meinen jungen Jahren aktiv in der GSoA, ich bin es heute nicht mehr, und ich habe auch kein Problem damit. Ich bitte Sie um ein bisschen mehr Respekt. </p>\n<p>Es gibt verschiedene politische Ausrichtungen in diesem Land, und es ist jedermanns Recht, sich dort aktiv zu beteiligen, wo er oder sie will. Es w\u00e4re mir fremd, irgendjemandem aus dem Armeelager vorzuschreiben oder zu kritisieren, in welcher Organisation er mitmachen will oder nicht. Ich bin heute nicht mehr aktiv in der GSoA, aber ich war es in jungen Jahren - nie in einer Funktion. Ich sehe darin kein Problem und finde, dass man das als senkrechter Demokrat auch respektieren sollte.</p>\n</pd_text>","MeetingCouncilAbbreviation":"N","MeetingDate":"20110914","MeetingVerbalixOid":2095,"IdSession":"4820","SpeakerFirstName":"Max","SpeakerLastName":"Chopard-Acklin","SpeakerFullName":"Chopard-Acklin Max","SpeakerFunction":"Mit-M","CouncilId":1,"CouncilName":"Nationalrat","CantonId":19,"CantonName":"Aargau","CantonAbbreviation":"AG","ParlGroupName":"Sozialdemokratische Fraktion","ParlGroupAbbreviation":"S","SortOrder":8,"Start":"\/Date(1316014167276)\/","End":"\/Date(1316014256567)\/","Function":"Mit-M","DisplaySpeaker":true,"LanguageOfText":"DE","Modified":"\/Date(1774877670948)\/","StartTimeWithTimezone":"\/Date(1316014167277+0120)\/","EndTimeWithTimezone":"\/Date(1316014256567+0120)\/","VoteBusinessNumber":null,"VoteBusinessShortNumber":null,"VoteBusinessTitle":null},{"__metadata":{"id":"https://ws.parlament.ch/OData.svc/Transcript(ID=120522L,Language='DE')","uri":"https://ws.parlament.ch/OData.svc/Transcript(ID=120522L,Language='DE')","type":"itsystems.Pd.DataServices.DataModel.Transcript"},"Subjects":{"__deferred":{"uri":"https://ws.parlament.ch/OData.svc/Transcript(ID=120522L,Language='DE')/Subjects"}},"MembersCouncil":{"__deferred":{"uri":"https://ws.parlament.ch/OData.svc/Transcript(ID=120522L,Language='DE')/MembersCouncil"}},"Businesses":{"__deferred":{"uri":"https://ws.parlament.ch/OData.svc/Transcript(ID=120522L,Language='DE')/Businesses"}},"ID":"120522","Language":"DE","IdSubject":"19421","VoteId":null,"PersonNumber":1127,"Type":1,"Text":"<pd_text><p>Lieber Herr Chopard, wir spielen hier nicht mit Worten. Sie sind nicht mehr aktiv im Komitee t\u00e4tig. K\u00f6nnten wir Sie vielleicht als Passivmitglied betrachten? </p>\n</pd_text>","MeetingCouncilAbbreviation":"N","MeetingDate":"20110914","MeetingVerbalixOid":2095,"IdSession":"4820","SpeakerFirstName":"Oskar","SpeakerLastName":"Freysinger","SpeakerFullName":"Freysinger Oskar","SpeakerFunction":"Mit-M","CouncilId":1,"CouncilName":"Nationalrat","CantonId":23,"CantonName":"Wallis","CantonAbbreviation":"VS","ParlGroupName":"Fraktion der Schweizerischen Volkspartei","ParlGroupAbbreviation":"V","SortOrder":9,"Start":"\/Date(1316014256567)\/","End":"\/Date(1316014269166)\/","Function":"Mit-M","DisplaySpeaker":true,"LanguageOfText":"DE","Modified":"\/Date(1774877670950)\/","StartTimeWithTimezone":"\/Date(1316014256567+0120)\/","EndTimeWithTimezone":"\/Date(1316014269167+0120)\/","VoteBusinessNumber":null,"VoteBusinessShortNumber":null,"VoteBusinessTitle":null},{"__metadata":{"id":"https://ws.parlament.ch/OData.svc/Transcript(ID=120523L,Language='DE')","uri":"https://ws.parlament.ch/OData.svc/Transcript(ID=120523L,Language='DE')","type":"itsystems.Pd.DataServices.DataModel.Transcript"},"Subjects":{"__deferred":{"uri":"https://ws.parlament.ch/OData.svc/Transcript(ID=120523L,Language='DE')/Subjects"}},"MembersCouncil":{"__deferred":{"uri":"https://ws.parlament.ch/OData.svc/Transcript(ID=120523L,Language='DE')/MembersCouncil"}},"Businesses":{"__deferred":{"uri":"https://ws.parlament.ch/OData.svc/Transcript(ID=120523L,Language='DE')/Businesses"}},"ID":"120523","Language":"DE","IdSubject":"19421","VoteId":null,"PersonNumber":4007,"Type":1,"Text":"<pd_text><p>Wenn Sie nach den ideellen Motiven fragen - das w\u00e4re dann ja eine Passivmitgliedschaft -: Ja, am liebsten h\u00e4tte ich eine Welt, die Armeen \u00fcberfl\u00fcssig machen w\u00fcrde, und ich glaube, wir alle h\u00e4tten das gerne, und ich weiss, dass das auch der Chef der Armee wahrscheinlich am liebsten so h\u00e4tte. Leider ist die Realit\u00e4t eine andere, und ich mache heute in der Sicherheitspolitischen Kommission Realpolitik, und ich sage noch einmal: Ich vertrete hier die Eckwerte des Bundesrates, Herr [PAGE 1408] Freysinger, auch Ihres Bundesrates, 80 000 Mann und 4,4 Milliarden Franken. Ich finde es ein bisschen billig, einfach auf den Mann zu spielen und mir etwas unterjubeln zu wollen, wenn Sie jetzt keine Argumente mehr haben.</p>\n</pd_text>","MeetingCouncilAbbreviation":"N","MeetingDate":"20110914","MeetingVerbalixOid":2095,"IdSession":"4820","SpeakerFirstName":"Max","SpeakerLastName":"Chopard-Acklin","SpeakerFullName":"Chopard-Acklin Max","SpeakerFunction":"Mit-M","CouncilId":1,"CouncilName":"Nationalrat","CantonId":19,"CantonName":"Aargau","CantonAbbreviation":"AG","ParlGroupName":"Sozialdemokratische Fraktion","ParlGroupAbbreviation":"S","SortOrder":10,"Start":"\/Date(1316014269166)\/","End":"\/Date(1316014312700)\/","Function":"Mit-M","DisplaySpeaker":true,"LanguageOfText":"DE","Modified":"\/Date(1774877670951)\/","StartTimeWithTimezone":"\/Date(1316014269167+0120)\/","EndTimeWithTimezone":"\/Date(1316014312700+0120)\/","VoteBusinessNumber":null,"VoteBusinessShortNumber":null,"VoteBusinessTitle":null},{"__metadata":{"id":"https://ws.parlament.ch/OData.svc/Transcript(ID=120524L,Language='DE')","uri":"https://ws.parlament.ch/OData.svc/Transcript(ID=120524L,Language='DE')","type":"itsystems.Pd.DataServices.DataModel.Transcript"},"Subjects":{"__deferred":{"uri":"https://ws.parlament.ch/OData.svc/Transcript(ID=120524L,Language='DE')/Subjects"}},"MembersCouncil":{"__deferred":{"uri":"https://ws.parlament.ch/OData.svc/Transcript(ID=120524L,Language='DE')/MembersCouncil"}},"Businesses":{"__deferred":{"uri":"https://ws.parlament.ch/OData.svc/Transcript(ID=120524L,Language='DE')/Businesses"}},"ID":"120524","Language":"DE","IdSubject":"19421","VoteId":null,"PersonNumber":4047,"Type":1,"Text":"<pd_text><p>Herr Chopard, wenn Sie klar Antwort geben w\u00fcrden, m\u00fcsste man nicht immer nachfragen. Haben Sie der GSoA einen Mitgliederbeitrag bezahlt oder eine Spende entrichtet, ja oder nein?</p>\n</pd_text>","MeetingCouncilAbbreviation":"N","MeetingDate":"20110914","MeetingVerbalixOid":2095,"IdSession":"4820","SpeakerFirstName":"Thomas","SpeakerLastName":"Fuchs","SpeakerFullName":"Fuchs Thomas","SpeakerFunction":"Mit-M","CouncilId":1,"CouncilName":"Nationalrat","CantonId":2,"CantonName":"Bern","CantonAbbreviation":"BE","ParlGroupName":"Fraktion der Schweizerischen Volkspartei","ParlGroupAbbreviation":"V","SortOrder":11,"Start":"\/Date(1316014312700)\/","End":"\/Date(1316014326602)\/","Function":"Mit-M","DisplaySpeaker":true,"LanguageOfText":"DE","Modified":"\/Date(1774877670953)\/","StartTimeWithTimezone":"\/Date(1316014312700+0120)\/","EndTimeWithTimezone":"\/Date(1316014326603+0120)\/","VoteBusinessNumber":null,"VoteBusinessShortNumber":null,"VoteBusinessTitle":null},{"__metadata":{"id":"https://ws.parlament.ch/OData.svc/Transcript(ID=120525L,Language='DE')","uri":"https://ws.parlament.ch/OData.svc/Transcript(ID=120525L,Language='DE')","type":"itsystems.Pd.DataServices.DataModel.Transcript"},"Subjects":{"__deferred":{"uri":"https://ws.parlament.ch/OData.svc/Transcript(ID=120525L,Language='DE')/Subjects"}},"MembersCouncil":{"__deferred":{"uri":"https://ws.parlament.ch/OData.svc/Transcript(ID=120525L,Language='DE')/MembersCouncil"}},"Businesses":{"__deferred":{"uri":"https://ws.parlament.ch/OData.svc/Transcript(ID=120525L,Language='DE')/Businesses"}},"ID":"120525","Language":"DE","IdSubject":"19421","VoteId":null,"PersonNumber":4007,"Type":1,"Text":"<pd_text><p>Ich m\u00f6chte diese Frage nicht mehr beantworten, Herr Fuchs. Das wird mir jetzt zu bl\u00f6d.</p>\n</pd_text>","MeetingCouncilAbbreviation":"N","MeetingDate":"20110914","MeetingVerbalixOid":2095,"IdSession":"4820","SpeakerFirstName":"Max","SpeakerLastName":"Chopard-Acklin","SpeakerFullName":"Chopard-Acklin Max","SpeakerFunction":"Mit-M","CouncilId":1,"CouncilName":"Nationalrat","CantonId":19,"CantonName":"Aargau","CantonAbbreviation":"AG","ParlGroupName":"Sozialdemokratische Fraktion","ParlGroupAbbreviation":"S","SortOrder":12,"Start":"\/Date(1316014326602)\/","End":"\/Date(1316014338937)\/","Function":"Mit-M","DisplaySpeaker":true,"LanguageOfText":"DE","Modified":"\/Date(1774877670954)\/","StartTimeWithTimezone":"\/Date(1316014326603+0120)\/","EndTimeWithTimezone":"\/Date(1316014338937+0120)\/","VoteBusinessNumber":null,"VoteBusinessShortNumber":null,"VoteBusinessTitle":null},{"__metadata":{"id":"https://ws.parlament.ch/OData.svc/Transcript(ID=120526L,Language='DE')","uri":"https://ws.parlament.ch/OData.svc/Transcript(ID=120526L,Language='DE')","type":"itsystems.Pd.DataServices.DataModel.Transcript"},"Subjects":{"__deferred":{"uri":"https://ws.parlament.ch/OData.svc/Transcript(ID=120526L,Language='DE')/Subjects"}},"MembersCouncil":{"__deferred":{"uri":"https://ws.parlament.ch/OData.svc/Transcript(ID=120526L,Language='DE')/MembersCouncil"}},"Businesses":{"__deferred":{"uri":"https://ws.parlament.ch/OData.svc/Transcript(ID=120526L,Language='DE')/Businesses"}},"ID":"120526","Language":"DE","IdSubject":"19421","VoteId":null,"PersonNumber":3893,"Type":1,"Text":"<pd_text><p>Die Schweiz hat sich in den letzten hundert Jahren ver\u00e4ndert, die ganze Welt hat sich ver\u00e4ndert. Wir m\u00fcssen mit anderen Mitteln die Sicherheit gew\u00e4hrleisten. </p>\n</pd_text>","MeetingCouncilAbbreviation":"N","MeetingDate":"20110914","MeetingVerbalixOid":2095,"IdSession":"4820","SpeakerFirstName":"Anita","SpeakerLastName":"Lachenmeier-Th\u00fcring","SpeakerFullName":"Lachenmeier-Th\u00fcring Anita","SpeakerFunction":"Mit-F","CouncilId":1,"CouncilName":"Nationalrat","CantonId":12,"CantonName":"Basel-Stadt","CantonAbbreviation":"BS","ParlGroupName":"Gr\u00fcne Fraktion","ParlGroupAbbreviation":"G","SortOrder":25,"Start":"\/Date(1316016628496)\/","End":"\/Date(1316016640711)\/","Function":"Mit-F","DisplaySpeaker":true,"LanguageOfText":"DE","Modified":"\/Date(1774877670984)\/","StartTimeWithTimezone":"\/Date(1316016628497+0120)\/","EndTimeWithTimezone":"\/Date(1316016640710+0120)\/","VoteBusinessNumber":null,"VoteBusinessShortNumber":null,"VoteBusinessTitle":null},{"__metadata":{"id":"https://ws.parlament.ch/OData.svc/Transcript(ID=120527L,Language='DE')","uri":"https://ws.parlament.ch/OData.svc/Transcript(ID=120527L,Language='DE')","type":"itsystems.Pd.DataServices.DataModel.Transcript"},"Subjects":{"__deferred":{"uri":"https://ws.parlament.ch/OData.svc/Transcript(ID=120527L,Language='DE')/Subjects"}},"MembersCouncil":{"__deferred":{"uri":"https://ws.parlament.ch/OData.svc/Transcript(ID=120527L,Language='DE')/MembersCouncil"}},"Businesses":{"__deferred":{"uri":"https://ws.parlament.ch/OData.svc/Transcript(ID=120527L,Language='DE')/Businesses"}},"ID":"120527","Language":"DE","IdSubject":"19421","VoteId":null,"PersonNumber":3896,"Type":1,"Text":"<pd_text><p>Wenn wir die Armeediskussion f\u00fchren, steht diese nicht im luftleeren Raum. Die einen wissen zwar nicht, wo sie stehen - Armee abschaffen oder doch eine Armee mit 10 000, 20 000, 30 000 oder 50 000 Angeh\u00f6rigen? -, andere wiederum wissen nicht, ob sie Mitglied oder Quasi-Mitglied bei der GSoA sind, andere wiederum halten Eintretensdebatten f\u00fcr andere Fraktionen oder von anderen Fraktionen, andere aus dem linken Lager sind verunsichert. Die Unsicherheit auf der linken Seite scheint gross zu sein. Aber sicher ist eines: Die Welt ist seit zwanzig Jahren in einem st\u00e4ndigen Umbruch und alles andere als stabil. Die Chancen und Risiken, die sich daraus ergeben, sind schwer vorhersehbar. Weder der pl\u00f6tzliche Zusammenbruch der Sowjetunion noch der 11. September 2001 mit all seinen Folgen noch die arabische Revolution wurden vorausgesehen. Andere Unannehmlichkeiten stehen erst noch bevor, denn niemand weiss, was mit den am Abgrund des Bankrotts stehenden Industriestaaten geschehen wird, und niemand weiss, welche machtpolitische Ambitionen neue, aufstrebende Staaten haben.</p>\n<p>Die Armee ist auch in Zukunft das wichtigste Instrument der schweizerischen Sicherheitspolitik und somit unser Garant f\u00fcr Freiheit. Die verlangten Leistungen und die zur Verf\u00fcgung stehenden personellen und finanziellen Ressourcen m\u00fcssen jedoch ins Gleichgewicht gebracht werden und im Gleichgewicht stehen. Bedenken Sie dies bitte, wenn Sie \u00fcber die vorliegenden Leistungs- und Gr\u00f6ssenvarianten der Armee debattieren und abstimmen. Die FDP/die Liberalen empfehlen Ihnen, sich auf die Variante mit 100 000 Mann zu konzentrieren. Alle Varianten darunter haben ein ungen\u00fcgendes Leistungsprofil und bieten darum zu wenig Schutz. Die Variante 100 000 Mann verf\u00fcgt \u00fcber ein Leistungsprofil, das sowohl die subsidi\u00e4re Unterst\u00fctzung der zivilen Beh\u00f6rden als auch den Kernauftrag Verteidigung in ausreichendem Masse sicherstellt. Hierbei noch mehr Abstriche zu [PAGE 1412] machen entspricht keiner glaubw\u00fcrdigen Sicherheitspolitik und w\u00e4re grobfahrl\u00e4ssig.</p>\n<p>Ebenso ist mit der Variante 100 000 Mann eine ausreichende Durchhaltef\u00e4higkeit sichergestellt. Die Zahl der Soldaten wirkt sich prim\u00e4r auf die Anzahl der gleichzeitig anpackbaren Aufgaben sowie auf die Dauer aus, \u00fcber welche eine bestimmte Aufgabe erf\u00fcllt werden kann. Nur mit 100 000 Mann ist \u00fcberhaupt eine Abl\u00f6sung nach dem Ersteinsatz von 35 000 Mann bei einem Grossereignis m\u00f6glich und somit eine gewisse Durchhaltef\u00e4higkeit sichergestellt. Schon bei 80 000 Mann kann in einem Szenario dieser Gr\u00f6ssenordnung keine Abl\u00f6sung mehr erfolgen. Der Zusatzbericht vom 28. M\u00e4rz 2011 zum Armeebericht 2010 weist mit aller Deutlichkeit nach, dass alle Modelle mit weniger als 100 000 Mann diese Anspr\u00fcche nicht erf\u00fcllen. F\u00fcr die FDP/die Liberalen sind zudem die mit der Variante 100 000 Mann verbundenen j\u00e4hrlichen 5 Milliarden Franken plausibel.</p>\n<p>Ich fasse zusammen: Die Variante 100 000 Mann bei 5 Milliarden Franken pro Jahr ist f\u00fcr die FDP-Liberale Fraktion die einzige politisch realisierbare Variante, die zugleich garantiert, dass ein Mindestmass der geforderten Leistungen erbracht wird. Ein Bestand von 120 000 Mann w\u00e4re \"nice to have\". Aber f\u00fcr uns geht es um die politische Gewichtung betreffend das \u00c4quivalent \"Verfassungsauftrag entspricht den F\u00e4higkeiten der Armee und entspricht den Mitteln und Ressourcen\", also mindestens 100 000 Mann bei 5 Milliarden Franken.</p>\n<p>Im Namen der FDP-Liberalen Fraktion bitte ich Sie, die Antr\u00e4ge der Minderheiten II bis VII abzulehnen, den Antrag der Minderheit I anzunehmen und f\u00fcr 100 000 AdA zu stimmen.</p>\n</pd_text>","MeetingCouncilAbbreviation":"N","MeetingDate":"20110914","MeetingVerbalixOid":2095,"IdSession":"4820","SpeakerFirstName":"Peter","SpeakerLastName":"Malama","SpeakerFullName":"Malama Peter","SpeakerFunction":"Mit-M","CouncilId":1,"CouncilName":"Nationalrat","CantonId":12,"CantonName":"Basel-Stadt","CantonAbbreviation":"BS","ParlGroupName":"Freisinnig-demokratische Fraktion","ParlGroupAbbreviation":"RL","SortOrder":26,"Start":"\/Date(1316016640711)\/","End":"\/Date(1316016879208)\/","Function":"Mit-M","DisplaySpeaker":true,"LanguageOfText":"DE","Modified":"\/Date(1774877670986)\/","StartTimeWithTimezone":"\/Date(1316016640710+0120)\/","EndTimeWithTimezone":"\/Date(1316016879207+0120)\/","VoteBusinessNumber":null,"VoteBusinessShortNumber":null,"VoteBusinessTitle":null},{"__metadata":{"id":"https://ws.parlament.ch/OData.svc/Transcript(ID=120528L,Language='DE')","uri":"https://ws.parlament.ch/OData.svc/Transcript(ID=120528L,Language='DE')","type":"itsystems.Pd.DataServices.DataModel.Transcript"},"Subjects":{"__deferred":{"uri":"https://ws.parlament.ch/OData.svc/Transcript(ID=120528L,Language='DE')/Subjects"}},"MembersCouncil":{"__deferred":{"uri":"https://ws.parlament.ch/OData.svc/Transcript(ID=120528L,Language='DE')/MembersCouncil"}},"Businesses":{"__deferred":{"uri":"https://ws.parlament.ch/OData.svc/Transcript(ID=120528L,Language='DE')/Businesses"}},"ID":"120528","Language":"DE","IdSubject":"19421","VoteId":null,"PersonNumber":318,"Type":1,"Text":"<pd_text><p>Ich spreche zu den Minderheitsantr\u00e4gen VIII bis XI. Wir, die FDP/die Liberalen, unterst\u00fctzen auch hier die Mehrheit, weil die Sicherheit f\u00fcr uns eine zentrale Staatsaufgabe ist. Dazu geh\u00f6rt eine starke, leistungsf\u00e4hige und glaubw\u00fcrdige Milizarmee mit der gr\u00f6sstm\u00f6glichen Durchhaltef\u00e4higkeit. Frau Allemann, f\u00fcr uns ist es kein Showdown, f\u00fcr uns ist es die ernste und tiefe Sorge um unsere Milizarmee und um die Sicherheit f\u00fcr die B\u00fcrger dieses Landes. Frau Allemann, Showdown passte zu Ihrem Auftritt von heute Morgen bedeutend besser. </p>\n<p>Die FDP/die Liberalen haben sich in den letzten zwei Jahren immer f\u00fcr maximal 5 Milliarden Franken starkgemacht, Herr Chopard, und wir haben nach mehrheitsf\u00e4higen L\u00f6sungen gesucht und um mehrheitsf\u00e4hige L\u00f6sungen gerungen, die der Armee eine klare und solide Planungssicherheit geben. Die Vorlage, wie sie jetzt vorliegt, ist eigentlich ein Gl\u00fccksfall: 5 Milliarden Franken ab 2013 inklusive Tiger-Teilersatz und die Beseitigung der Ausr\u00fcstungsl\u00fccken. Diese Vorlage ist bedeutend besser als die Vorlage des Bundesrates, die auf der untersten m\u00f6glichen Stufe liegt - so hat es heute Morgen Herr Bundesrat Maurer gesagt -, bei der mit 4,6 Milliarden Franken lediglich 80 000 Soldaten oder Mann, aber kein Tiger-Teilersatz und auch die dringend notwendige Beseitigung der Ausr\u00fcstungsl\u00fccken nicht finanziert sind. Es kann doch nicht sein, dass wir Milizsoldaten haben, die nicht ausger\u00fcstet sind!</p>\n<p>Bundesrat und St\u00e4nderat brauchen f\u00fcr den Tiger-Teilersatz und die Beseitigung der Ausr\u00fcstungsl\u00fccken Sonderkredite bzw. Sonderfinanzierungen von 5 Milliarden Franken plus 1,2 Milliarden Franken f\u00fcr die Beseitigung der Ausr\u00fcstungsl\u00fccken. Es w\u00e4re \u00e4usserst schwierig, diese bereitzustellen, und sie unterstehen dann auch dem Referendum.</p>\n<p>Mit dem Antrag der Mehrheit ist auch die Armee gefordert. Sie muss die Eckwerte erf\u00fcllen und die Sparprogramme umsetzen, damit die Finanzen dann nachtr\u00e4glich auch stimmen. Zudem ist auch unsere Forderung, die Schuldenbremse einzuhalten, erf\u00fcllt. </p>\n<p>Deshalb unterst\u00fctzen wir die Mehrheit, und das empfehlen wir, die FDP/die Liberalen, auch Ihnen - f\u00fcr unsere Sicherheit, f\u00fcr die beste Armee der Welt, Herr Bundesrat, aus Liebe zur Schweiz.</p>\n</pd_text>","MeetingCouncilAbbreviation":"N","MeetingDate":"20110914","MeetingVerbalixOid":2095,"IdSession":"4820","SpeakerFirstName":"Edi","SpeakerLastName":"Engelberger","SpeakerFullName":"Engelberger Edi","SpeakerFunction":"Mit-M","CouncilId":1,"CouncilName":"Nationalrat","CantonId":7,"CantonName":"Nidwalden","CantonAbbreviation":"NW","ParlGroupName":"Freisinnig-demokratische Fraktion","ParlGroupAbbreviation":"RL","SortOrder":27,"Start":"\/Date(1316016879208)\/","End":"\/Date(1316017064957)\/","Function":"Mit-M","DisplaySpeaker":true,"LanguageOfText":"DE","Modified":"\/Date(1774877670988)\/","StartTimeWithTimezone":"\/Date(1316016879207+0120)\/","EndTimeWithTimezone":"\/Date(1316017064957+0120)\/","VoteBusinessNumber":null,"VoteBusinessShortNumber":null,"VoteBusinessTitle":null},{"__metadata":{"id":"https://ws.parlament.ch/OData.svc/Transcript(ID=120529L,Language='DE')","uri":"https://ws.parlament.ch/OData.svc/Transcript(ID=120529L,Language='DE')","type":"itsystems.Pd.DataServices.DataModel.Transcript"},"Subjects":{"__deferred":{"uri":"https://ws.parlament.ch/OData.svc/Transcript(ID=120529L,Language='DE')/Subjects"}},"MembersCouncil":{"__deferred":{"uri":"https://ws.parlament.ch/OData.svc/Transcript(ID=120529L,Language='DE')/MembersCouncil"}},"Businesses":{"__deferred":{"uri":"https://ws.parlament.ch/OData.svc/Transcript(ID=120529L,Language='DE')/Businesses"}},"ID":"120529","Language":"DE","IdSubject":"19421","VoteId":null,"PersonNumber":472,"Type":1,"Text":"<pd_text><p>Eine Klammerbemerkung: Auch wir von der BDP lieben die Schweiz. <i>(Teilweise Heiterkeit)</i></p>\n<p>Ich mag nicht wiederholen, was ich bereits heute Morgen in der Eintretensdebatte best\u00e4tigt habe. Wir sind f\u00fcr eine starke, zukunftsf\u00e4hige und glaubw\u00fcrdige Armee. Wir werden dem Antrag auf 100 000 Armeeangeh\u00f6rige zustimmen, und wir sind auch bereit, den Ausgabenplafond von 5 Milliarden Franken zu best\u00e4tigen.</p>\n<p>Erlauben Sie mir einfach noch eine Richtigstellung: Die BDP hat in ihrem Armeepapier vom Januar 2010 explizit geschrieben, sie sei bereit, der Armee 4,3 Milliarden Franken zur Verf\u00fcgung zu stellen. Sie hat einen zus\u00e4tzlichen Abschnitt verfasst, nachdem der Bundesrat wegen mangelnder Finanzierbarkeit auf den Tiger-Teilersatz (TTE) verzichten wollte; in diesem Abschnitt verlangt sie ganz klar, dass die Beschaffung kommt. Es ist also durchaus so, dass wir von der BDP schon damals signalisiert haben, dass wir einen Betrag von 5 Milliarden Franken, wie wir ihn jetzt best\u00e4tigen werden - das nehme ich wenigstens an -, als richtig erachten.</p>\n<p>Wir stehen dazu, ich darf das best\u00e4tigen, ich habe es auch in der Kommission mehrmals gesagt. Aber ob die Finanzierung mit diesem All-inclusive-Angebot - Schliessen der Ausr\u00fcstungsl\u00fccke, Budget der Armee und gleichzeitig auch noch die Tranche f\u00fcr den TTE - so richtig ist, ob es richtig ist, dass wir das alles so machen, und ob wir uns da nicht selbst eine Falle stellen, weil vorprogrammiert ist, dass es zu Verteilk\u00e4mpfen zwischen Boden und Luft kommt, sei hier dahingestellt.</p>\n<p>Herr Bundesrat Maurer, erlauben Sie mir deswegen doch einfach noch eine Frage - Herr Chopard hat mich ja darauf angesprochen -: Was heisst es konkret, wenn wir dieses Globalbudget so genehmigen und damit eigentlich wissen, dass man, sollte es nicht reichen, in allen anderen Bereichen sparen muss? Weiss der Bundesrat bereits, oder hat er konkrete Vorstellungen davon, wo dies passieren soll? Ist es tats\u00e4chlich so, dass es im Bereich der Bildung, der Landwirtschaft usw. sein k\u00f6nnte? Eine Antwort auf diese Frage sind Sie uns wirklich schuldig. Wenn ich einerseits h\u00f6re, dass zum Beispiel eines von vier Sanit\u00e4tsbataillonen gestrichen und damit die Notfallbettreserve um 25 Prozent reduziert worden ist - genau: von 800 auf 600 Betten -, und andererseits weiss, dass die GDK im Jahr 2009 einstimmig dem Erhalt einer strategischen Bettenreserve von 800 Betten auf Stufe Bund zugestimmt hat, dann mache ich mir tats\u00e4chlich Sorgen und frage mich, ob es nicht besser gewesen w\u00e4re, die vom St\u00e4nderat f\u00fcr den Tiger-Teilersatz beschlossene Spezialfinanzierung zu w\u00e4hlen. Ich will das nicht machen, weil ich mir nicht sagen lassen will, ich w\u00fcrde allenfalls diese Beschaffung \u00fcber das Referendum mitverhindern helfen. Deswegen und nur deswegen sind wir jetzt auch der Meinung, dass dieser Ausgabenplafond die richtige Variante ist.</p>\n<p>Aber dies birgt die Gefahr - ich betone es noch einmal -, dass das Geld an allen Ecken und Enden nicht reichen wird. Da ist ein gewisser Konflikt f\u00fcr uns alle vorprogrammiert. Wie gesagt, noch einmal: Die BDP steht zur Armee, wir wollen eine zukunftsf\u00e4hige, glaubw\u00fcrdige Armee, bei der sich der einzelne Armeeangeh\u00f6rige keine Sinnfragen stellen muss. Wir sind f\u00fcr eine mittlere Variante, Herr Bundesrat, Sie haben es auch ganz s\u00fcffisant anget\u00f6nt: Sie w\u00fcrden zwar die Variante des Bundesrates mit 80 000 Milit\u00e4rdienstpflichtigen vertreten, aber wir haben es zwischen den Zeilen lesen k\u00f6nnen, dass Sie eigentlich doch glauben, 100 000 Dienstpflichtige seien die bessere Variante. Wir bieten Ihnen Hand dazu, aber wenn wir das tun, wollen wir als Gegenleistung, dass Sie uns auch sagen, was wir uns mit dieser Zusage einkaufen.</p>\n</pd_text>","MeetingCouncilAbbreviation":"N","MeetingDate":"20110914","MeetingVerbalixOid":2095,"IdSession":"4820","SpeakerFirstName":"Ursula","SpeakerLastName":"Haller Vannini","SpeakerFullName":"Haller Vannini Ursula","SpeakerFunction":"Mit-F","CouncilId":1,"CouncilName":"Nationalrat","CantonId":2,"CantonName":"Bern","CantonAbbreviation":"BE","ParlGroupName":"Fraktion BD","ParlGroupAbbreviation":"BD","SortOrder":28,"Start":"\/Date(1316017064957)\/","End":"\/Date(1316017346692)\/","Function":"Mit-F","DisplaySpeaker":true,"LanguageOfText":"DE","Modified":"\/Date(1774877670991)\/","StartTimeWithTimezone":"\/Date(1316017064957+0120)\/","EndTimeWithTimezone":"\/Date(1316017346693+0120)\/","VoteBusinessNumber":null,"VoteBusinessShortNumber":null,"VoteBusinessTitle":null},{"__metadata":{"id":"https://ws.parlament.ch/OData.svc/Transcript(ID=120530L,Language='DE')","uri":"https://ws.parlament.ch/OData.svc/Transcript(ID=120530L,Language='DE')","type":"itsystems.Pd.DataServices.DataModel.Transcript"},"Subjects":{"__deferred":{"uri":"https://ws.parlament.ch/OData.svc/Transcript(ID=120530L,Language='DE')/Subjects"}},"MembersCouncil":{"__deferred":{"uri":"https://ws.parlament.ch/OData.svc/Transcript(ID=120530L,Language='DE')/MembersCouncil"}},"Businesses":{"__deferred":{"uri":"https://ws.parlament.ch/OData.svc/Transcript(ID=120530L,Language='DE')/Businesses"}},"ID":"120530","Language":"DE","IdSubject":"19421","VoteId":null,"PersonNumber":146,"Type":1,"Text":"<pd_text><p>Es stehen ja hier, wie ich feststelle, wenn ich diese Antr\u00e4ge analysiere, etwa vier verschiedene Modelle zur Diskussion. Wir haben ein Modell Allemann/Lang mit Best\u00e4nden von 30 000 bzw. 60 000 Mann, das die Finanzierung der Ersatzbeschaffung bei den Flugzeugen offenl\u00e4sst. Das, k\u00f6nnte man sagen, ist eine Art Modell. Diese [PAGE 1413] beiden Minderheitsantr\u00e4ge kommen f\u00fcr den Bundesrat nicht infrage: Mit 30 000 oder 60 000 Mann m\u00fcssen wir ein v\u00f6llig neues Armeemodell kreieren, wir m\u00fcssen die Armee v\u00f6llig umstellen, wir k\u00f6nnen die Auftr\u00e4ge nicht mehr erf\u00fcllen. Diese Minderheitsantr\u00e4ge entsprechen nicht dem verfassungsm\u00e4ssigen Auftrag und dem, was das Volk in den letzten Jahren immer wieder best\u00e4tigt hat. Sie w\u00fcrden auch das Milizsystem auf den Kopf stellen. Dieses Modell ist schlicht keine L\u00f6sung, die der Bundesrat mittragen kann. Ich bitte Sie also, die Minderheitsantr\u00e4ge Lang und Allemann abzulehnen. Es ist ein Modell, das nicht mit der Verfassung und unserer Idee der Miliz \u00fcbereinstimmt. So h\u00e4tten wir am Schluss eine Armee, die ihren Auftrag schlicht und einfach nicht erf\u00fcllen k\u00f6nnte.</p>\n<p>Zum Entwurf des Bundesrates: Der Bundesrat schl\u00e4gt Ihnen 80 000 Mann und 4,4 Milliarden Franken vor plus, in einer zweiten Etappe ab 2015 und auf dem Weg der Sonderfinanzierung, die Ersatzbeschaffung bei den Flugzeugen, also 80 000 Mann, 4,4 Milliarden plus die Flugzeuge sp\u00e4ter. Dieses Paket kostet insgesamt etwa 4,7 Milliarden: 4,4 Milliarden plus die Flugzeuge. Das ist in etwa das Paket des Bundesrates.</p>\n<p>Der Bundesrat hat uns ja beauftragt - ich habe bereits darauf hingewiesen -, Sparvorschl\u00e4ge auszuarbeiten, damit diese 4,4 Milliarden Franken m\u00f6glich werden. Eine Armee von 80 000 Mann kostet in der Gr\u00f6ssenordnung eigentlich 5 Milliarden. Aber wir sind daran, in einem Sparbericht aufzuzeigen, wie das geht, wenn man f\u00fcr 80 000 Mann nur 4,4 Milliarden zur Verf\u00fcgung hat. Das heisst wesentliche Einsparungen, das sehen Sie schon aus dieser Differenz. Wir reden von Einsparungen von 17 bis 18 Prozent. Und wenn wir von einer festen Gr\u00f6sse 17 bis 18 Prozent einsparen m\u00fcssen, kommt etwas anderes heraus, als im Armeebericht beschrieben wird. Ich bin mir fast sicher, dass der Bundesrat noch einmal \u00fcber die B\u00fccher geht, wenn er das Ergebnis erh\u00e4lt, denn das Ergebnis entspricht wegen den sehr grossen Sparvorgaben nicht mehr seinem Bild der Armee von 80 000 Mann.</p>\n<p>Aber das war die Ausgangslage des Bundesrates; getrieben von den Finanzen hiess es, man k\u00f6nne und wolle nicht mehr als die 4,4 Milliarden Franken ausgeben, es m\u00fcsse eine Armee konfektioniert werden, die damit auskommt. Wir sehen jetzt - unser Sparbericht ist in der Schlussphase -, dass sich die Armee, von der wir im Armeebericht urspr\u00fcnglich ausgegangen sind, wesentlich ver\u00e4ndern wird. Wenn Sie jetzt einen h\u00f6heren Betrag beschliessen, ist das aber selbstverst\u00e4ndlich umzusetzen, und der Bundesrat wird sich damit noch einmal auseinandersetzen. Das ist also das Modell des Bundesrates: 4,4 Milliarden Franken, ein Soll-Bestand von 80 000 Milit\u00e4rdienstpflichtigen und als zweite Etappe die Flugzeugbeschaffung.</p>\n<p>Dann steht heute das Modell der Mehrheit Ihrer Kommission zur Diskussion: Das ist ein Soll-Bestand von 100 000 Milit\u00e4rdienstpflichtigen, es sind 5 Milliarden Franken, und die Flugzeugbeschaffung ist inbegriffen; das ist ein Unterschied zum Entwurf des Bundesrates. Das Konzept der 5 Milliarden Franken, wo noch allf\u00e4llige Einnahmen aus Verk\u00e4ufen hinzukommen, und eines Soll-Bestandes von 100 000 Mann sowie der Flugzeugbeschaffung ist f\u00fcr die Armee ebenfalls eine Herkulesaufgabe, weil es bedeutet, dass wir Betriebskosten in der Gr\u00f6ssenordnung von etwa 300 Millionen Franken einsparen m\u00fcssen. Aufgrund der jetzigen Berechnungen f\u00fcr den Sparbericht f\u00fcr den Bundesrat meinen wir, dass es m\u00f6glich ist, 300 Millionen Franken einzusparen und die Flugzeugbeschaffung auszul\u00f6sen.</p>\n<p>Aber es ist nicht einfach ein aufgelegter Match, sondern es geht um wesentliche Sparanstrengungen, die wir unternehmen m\u00fcssen. Konkret heisst das wahrscheinlich, ohne jetzt in die Details gehen zu wollen: Die Armee wird mit der L\u00f6sung gem\u00e4ss der Mehrheit Ihrer Kommission nicht auf dem h\u00f6chsten technologischen Niveau sein, sondern sie wird gewisse Zugest\u00e4ndnisse im Bereich der Ausr\u00fcstung machen m\u00fcssen, damit vollst\u00e4ndig ausger\u00fcstet werden kann. Insgesamt attestiere ich dieser L\u00f6sung aber durchaus Machbarkeit. Sie ist auch, wenn ich das so sagen kann, staatspolitisch verantwortungsvoll, weil sie einen Mittelweg zwischen einer gr\u00f6sseren Verteidigungsbereitschaft - einer gr\u00f6sseren Armee - und den Finanzen sucht. Es ist also keine Ausfinanzierung, aber sie weicht trotzdem wesentlich vom Entwurf des Bundesrates ab. Sie h\u00e4tte f\u00fcr die Armee den Reiz, dass gleichzeitig die Beschaffung der Flugzeuge gel\u00f6st w\u00e4re und damit ab sofort Planungssicherheit bestehen w\u00fcrde.</p>\n<p>Bei allen L\u00f6sungen, bei denen die Flugzeugbeschaffung sp\u00e4ter kommt, gibt es Unw\u00e4gbarkeiten; es besteht keine Garantie, dass dann die Kredite gesprochen werden. Die L\u00f6sung, die die Mehrheit Ihrer Kommission beantragt, ist in sich koh\u00e4rent; aber mit der Beschleunigung, die sie bez\u00fcglich der Beschaffung der Flugzeuge vorsieht, weicht sie von der bundesr\u00e4tlichen Variante ab.</p>\n<p>Dann gibt es die L\u00f6sung des St\u00e4nderates, die allerdings bei Ihnen nicht zur Diskussion steht. Sie geht noch einen Schritt weiter. Sie basiert ebenfalls auf 100 000 Mann, wie die L\u00f6sung Ihrer Kommission. Aber sie will eine vollst\u00e4ndige Ausfinanzierung bei allen Eckwerten: Diese 100 000 Mann sollen finanziert werden, zus\u00e4tzlich sollen die Flugzeuge finanziert werden, und auch die Finanzen f\u00fcr die Behebung von Ausr\u00fcstungsl\u00fccken sollen bereitgestellt werden. Das ist aus milit\u00e4rischer Optik eigentlich die beste L\u00f6sung. Wenn ich es nur aus milit\u00e4rischer Optik beurteilen m\u00fcsste, w\u00fcrde ich sagen: Ja, so f\u00e4hrt die Armee am besten. Wenn ich eine staatspolitische Abw\u00e4gung vornehme und einen Vergleich mit anderen Aufgaben mache, die der Staat zu erledigen hat, und wenn ich die finanzpolitische Realisierbarkeit ber\u00fccksichtige, so muss ich sagen: Da geht der St\u00e4nderat sehr weit. Ich bin mir nicht sicher, ob die st\u00e4nder\u00e4tliche L\u00f6sung umsetzbar w\u00e4re.</p>\n<p>Es gibt also vier L\u00f6sungen: Sie haben die L\u00f6sung mit unter 80 000 Mann; sie wird der Verfassung nicht gerecht, sie ist abzulehnen. Sie haben die L\u00f6sung des Bundesrates, bei der noch aufzuzeigen ist, was es f\u00fcr Auswirkungen hat, wenn wir gegen 20 Prozent einsparen m\u00fcssen. Da kommen wir bez\u00fcglich der Machbarkeit in eine Grauzone, das wird wehtun. Sie haben die L\u00f6sung der Mehrheit Ihrer Kommission, die auch in Bezug auf die Flugzeugbeschaffung ein anderes Paket darstellt und in sich koh\u00e4rent ist. Aber wenn Sie der L\u00f6sung der Mehrheit Ihrer Kommission zustimmen, m\u00fcssen Sie sich bewusst sein, dass sie dann auch finanziert werden muss. Die L\u00f6sung des St\u00e4nderates, die nicht zur Diskussion steht, ist wohl etwas zu grossz\u00fcgig geraten, obwohl sie aus milit\u00e4rpolitischer Sicht eigentlich zu bevorzugen w\u00e4re. Aber ich glaube nicht, dass eine Umsetzung realistisch ist.</p>\n<p>Zur Frage, die Frau Haller noch einmal gestellt hat: K\u00f6nnte die L\u00f6sung der Kommissionsmehrheit \u00fcberhaupt finanziert werden? Sie schlagen ja vor, dass die 5 Milliarden Franken ab 2013 zur Verf\u00fcgung stehen sollen. Das w\u00fcrde heissen: 600 Millionen mehr ab 2013. Aus den Erfahrungen mit der Budgetplanung wissen wir im Bundesrat eigentlich, dass finanztechnisch ohne Sparprogramm etwa 500 bis 600 Millionen Franken an Budgetumschichtungen m\u00f6glich sind. Wenn der Betrag dar\u00fcber hinausgeht, braucht es Sparprogramme. Das ist jetzt aber eine allgemeine Aussage. 500 bis 600 Millionen Franken k\u00f6nnte man beim Wachstum, das vorhanden ist, wohl umschichten, ohne dass es daf\u00fcr ein Sparprogramm brauchen w\u00fcrde. Der entsprechende Betrag fehlt nat\u00fcrlich dann an anderen Orten; das ist klar. Das ist die Erfahrung aus all den Entlastungsprogrammen, die in den letzten Jahren gemacht wurden: 500 Millionen Franken - das ist ein Prozent des Budgets - lassen sich irgendwo umschichten; wenn es mehr ist, braucht es Sparprogramme. Ihre L\u00f6sung w\u00e4re also finanztechnisch machbar.</p>\n<p>Als wir den Auftrag Ihrer Kommission erf\u00fcllten, haben wir als Zeitpunkt 2016 vorgeschlagen, um etwas mehr Spielraum zu haben - wenn schon, dann ab der \u00fcbern\u00e4chsten Legislatur. Das also zu den verschiedenen Paketen.</p>\n<p>Der Entwurf des Bundesrates und die L\u00f6sung der Mehrheit sind in sich koh\u00e4rent. Wenn Sie der L\u00f6sung der Mehrheit zustimmen, m\u00fcssen Sie auch bereit sein, die entsprechenden Finanzen zur Verf\u00fcgung zu stellen und den Umschichtungen im Budget zuzustimmen. Noch einmal: Der Bundesrat [PAGE 1414] schl\u00e4gt Ihnen 4,4 Milliarden Franken vor. Damit w\u00fcrde die bisherige Finanzpolitik weitergef\u00fchrt.</p>\n<p>Zu den weiteren Antr\u00e4gen: Es liegt Ihnen ein Antrag der Minderheit I (M\u00fcller Walter) zur Kernkompetenz vor. Dieser Minderheitsantrag kommt dem Verfassungs- und Gesetzestext am n\u00e4chsten. Wenn Sie dem Text folgen m\u00f6chten, m\u00fcssten Sie diesem Antrag zustimmen. Damit w\u00fcrden Sie eine Differenz zum St\u00e4nderat schaffen, und man k\u00f6nnte die Frage noch einmal anschauen. Wir m\u00fcssen allerdings auch die Bedeutung sehen. Es ist ein einfacher Bundesbeschluss; im Gesetz und in der Verfassung \u00e4ndert sich damit nichts. Dort steht der entsprechende Text nach wie vor.</p>\n<p>Zum Antrag der Minderheit VII (Allemann): Dieser Minderheitsantrag enth\u00e4lt einen ganzen Strauss von Aufgaben. Ich bitte Sie, diesen Antrag abzulehnen. Er greift n\u00e4mlich in die Gewaltentrennung zwischen Bund und Kantonen ein, indem er unter anderem Leistungsauftr\u00e4ge des Bundes an die Polizeien fordert. Auch die Kantone sind der Meinung, dass dies nicht der richtige Weg sei.</p>\n<p>Zusammengefasst zu all diesen Antr\u00e4gen: Sie haben verschiedene L\u00f6sungen. Wichtig scheint mir, dass Sie, wenn Sie eine L\u00f6sung beschliessen, Leistung und Ressourcen im Gleichgewicht behalten.</p>\n<p>Ich bitte Sie, dem Entwurf des Bundesrates zu folgen. Wenn Sie der Mehrheit folgen, dann haben Sie beim Budget einen zweiten Beschluss zu fassen.</p>\n</pd_text>","MeetingCouncilAbbreviation":"N","MeetingDate":"20110914","MeetingVerbalixOid":2095,"IdSession":"4820","SpeakerFirstName":"Ueli","SpeakerLastName":"Maurer","SpeakerFullName":"Maurer Ueli","SpeakerFunction":"BR-M","CouncilId":99,"CouncilName":"Bundesrat","CantonId":1,"CantonName":"Z\u00fcrich","CantonAbbreviation":"ZH","ParlGroupName":null,"ParlGroupAbbreviation":null,"SortOrder":29,"Start":"\/Date(1316017346692)\/","End":"\/Date(1316018010437)\/","Function":"BR-M","DisplaySpeaker":true,"LanguageOfText":"DE","Modified":"\/Date(1774877670998)\/","StartTimeWithTimezone":"\/Date(1316017346693+0120)\/","EndTimeWithTimezone":"\/Date(1316018010437+0120)\/","VoteBusinessNumber":null,"VoteBusinessShortNumber":null,"VoteBusinessTitle":null},{"__metadata":{"id":"https://ws.parlament.ch/OData.svc/Transcript(ID=120531L,Language='DE')","uri":"https://ws.parlament.ch/OData.svc/Transcript(ID=120531L,Language='DE')","type":"itsystems.Pd.DataServices.DataModel.Transcript"},"Subjects":{"__deferred":{"uri":"https://ws.parlament.ch/OData.svc/Transcript(ID=120531L,Language='DE')/Subjects"}},"MembersCouncil":{"__deferred":{"uri":"https://ws.parlament.ch/OData.svc/Transcript(ID=120531L,Language='DE')/MembersCouncil"}},"Businesses":{"__deferred":{"uri":"https://ws.parlament.ch/OData.svc/Transcript(ID=120531L,Language='DE')/Businesses"}},"ID":"120531","Language":"DE","IdSubject":"19421","VoteId":null,"PersonNumber":1138,"Type":1,"Text":"<pd_text><p>Herr Bundesrat, k\u00f6nnen Sie mir noch einmal genau erkl\u00e4ren, welcher Mehrheit oder welchem Minderheitsantrag ich in der Abstimmungskaskade folgen muss, wenn ich dem Bundesrat folgen will? Ich bin nicht mehr drausgekommen, wie ich jetzt abstimmen soll, wenn ich einmal bundesratskonform abstimmen m\u00f6chte.</p>\n</pd_text>","MeetingCouncilAbbreviation":"N","MeetingDate":"20110914","MeetingVerbalixOid":2095,"IdSession":"4820","SpeakerFirstName":"Martin","SpeakerLastName":"B\u00e4umle","SpeakerFullName":"B\u00e4umle Martin","SpeakerFunction":"Mit-M","CouncilId":1,"CouncilName":"Nationalrat","CantonId":1,"CantonName":"Z\u00fcrich","CantonAbbreviation":"ZH","ParlGroupName":"Fraktion CVP/EVP/glp","ParlGroupAbbreviation":"M-E","SortOrder":30,"Start":"\/Date(1316018010437)\/","End":"\/Date(1316018033183)\/","Function":"Mit-M","DisplaySpeaker":true,"LanguageOfText":"DE","Modified":"\/Date(1774877671000)\/","StartTimeWithTimezone":"\/Date(1316018010437+0120)\/","EndTimeWithTimezone":"\/Date(1316018033183+0120)\/","VoteBusinessNumber":null,"VoteBusinessShortNumber":null,"VoteBusinessTitle":null},{"__metadata":{"id":"https://ws.parlament.ch/OData.svc/Transcript(ID=120532L,Language='DE')","uri":"https://ws.parlament.ch/OData.svc/Transcript(ID=120532L,Language='DE')","type":"itsystems.Pd.DataServices.DataModel.Transcript"},"Subjects":{"__deferred":{"uri":"https://ws.parlament.ch/OData.svc/Transcript(ID=120532L,Language='DE')/Subjects"}},"MembersCouncil":{"__deferred":{"uri":"https://ws.parlament.ch/OData.svc/Transcript(ID=120532L,Language='DE')/MembersCouncil"}},"Businesses":{"__deferred":{"uri":"https://ws.parlament.ch/OData.svc/Transcript(ID=120532L,Language='DE')/Businesses"}},"ID":"120532","Language":"DE","IdSubject":"19421","VoteId":null,"PersonNumber":146,"Type":1,"Text":"<pd_text><p>Der Entwurf des Bundesrates ist relativ einfach. Der Bundesrat will die Weiterentwicklung der Armee aufgrund des Armeeberichtes umsetzen. Wenn Sie sich jetzt aufgrund der vorliegenden Antr\u00e4ge f\u00fcr die L\u00f6sung des Bundesrates entscheiden wollen, m\u00fcssen Sie f\u00fcr die Minderheit III (Chopard) und bei den Finanzen f\u00fcr die Minderheit X (Chopard) stimmen - dann sind Sie auf der Linie des Bundesrates.</p>\n</pd_text>","MeetingCouncilAbbreviation":"N","MeetingDate":"20110914","MeetingVerbalixOid":2095,"IdSession":"4820","SpeakerFirstName":"Ueli","SpeakerLastName":"Maurer","SpeakerFullName":"Maurer Ueli","SpeakerFunction":"BR-M","CouncilId":99,"CouncilName":"Bundesrat","CantonId":1,"CantonName":"Z\u00fcrich","CantonAbbreviation":"ZH","ParlGroupName":null,"ParlGroupAbbreviation":null,"SortOrder":31,"Start":"\/Date(1316018033183)\/","End":"\/Date(1316018060674)\/","Function":"BR-M","DisplaySpeaker":true,"LanguageOfText":"DE","Modified":"\/Date(1774877671001)\/","StartTimeWithTimezone":"\/Date(1316018033183+0120)\/","EndTimeWithTimezone":"\/Date(1316018060673+0120)\/","VoteBusinessNumber":null,"VoteBusinessShortNumber":null,"VoteBusinessTitle":null},{"__metadata":{"id":"https://ws.parlament.ch/OData.svc/Transcript(ID=120533L,Language='DE')","uri":"https://ws.parlament.ch/OData.svc/Transcript(ID=120533L,Language='DE')","type":"itsystems.Pd.DataServices.DataModel.Transcript"},"Subjects":{"__deferred":{"uri":"https://ws.parlament.ch/OData.svc/Transcript(ID=120533L,Language='DE')/Subjects"}},"MembersCouncil":{"__deferred":{"uri":"https://ws.parlament.ch/OData.svc/Transcript(ID=120533L,Language='DE')/MembersCouncil"}},"Businesses":{"__deferred":{"uri":"https://ws.parlament.ch/OData.svc/Transcript(ID=120533L,Language='DE')/Businesses"}},"ID":"120533","Language":"DE","IdSubject":"19421","VoteId":null,"PersonNumber":4031,"Type":1,"Text":"<pd_text><p>Herr Bundesrat, ich danke f\u00fcr die Informationen zu den vier Modellen. Aber die Schl\u00fcsselfrage von Frau Haller haben Sie meiner Meinung nach nicht beantwortet. In den anderen Departementen wird man sparen m\u00fcssen. Wo wird also eingespart, und weiss der Bundesrat schon, wo er sparen will? Sie haben n\u00e4mlich im Zusammenhang mit dem sicherheitspolitischen Bericht erkl\u00e4rt, wenn wir eine andere L\u00f6sung als der Bundesrat wollten, m\u00fcssten wir uns dar\u00fcber klar sein, dass man in den anderen Departementen und gerade bei der Entwicklungshilfe sparen m\u00fcsse.</p>\n</pd_text>","MeetingCouncilAbbreviation":"N","MeetingDate":"20110914","MeetingVerbalixOid":2095,"IdSession":"4820","SpeakerFirstName":"Maja","SpeakerLastName":"Ingold","SpeakerFullName":"Ingold Maja","SpeakerFunction":"Mit-F","CouncilId":1,"CouncilName":"Nationalrat","CantonId":1,"CantonName":"Z\u00fcrich","CantonAbbreviation":"ZH","ParlGroupName":"Fraktion CVP/EVP/glp","ParlGroupAbbreviation":"M-E","SortOrder":32,"Start":"\/Date(1316018060674)\/","End":"\/Date(1316018112254)\/","Function":"Mit-F","DisplaySpeaker":true,"LanguageOfText":"DE","Modified":"\/Date(1774877671003)\/","StartTimeWithTimezone":"\/Date(1316018060673+0120)\/","EndTimeWithTimezone":"\/Date(1316018112253+0120)\/","VoteBusinessNumber":null,"VoteBusinessShortNumber":null,"VoteBusinessTitle":null},{"__metadata":{"id":"https://ws.parlament.ch/OData.svc/Transcript(ID=120534L,Language='DE')","uri":"https://ws.parlament.ch/OData.svc/Transcript(ID=120534L,Language='DE')","type":"itsystems.Pd.DataServices.DataModel.Transcript"},"Subjects":{"__deferred":{"uri":"https://ws.parlament.ch/OData.svc/Transcript(ID=120534L,Language='DE')/Subjects"}},"MembersCouncil":{"__deferred":{"uri":"https://ws.parlament.ch/OData.svc/Transcript(ID=120534L,Language='DE')/MembersCouncil"}},"Businesses":{"__deferred":{"uri":"https://ws.parlament.ch/OData.svc/Transcript(ID=120534L,Language='DE')/Businesses"}},"ID":"120534","Language":"DE","IdSubject":"19421","VoteId":null,"PersonNumber":146,"Type":1,"Text":"<pd_text><p>Ich versuche es noch einmal: Wir reden von 500 bis 600 Millionen Franken. Das entspricht in etwa einem Prozent des Budgets ab 2013. Das ist weniger als der Zuwachs. Die Erfahrung aus der Vergangenheit seit 2000 hat gezeigt, dass man etwa 500 bis 600 Millionen ohne eigentliches Sparprogramm umschichten kann. Es braucht kein Sparprogramm, sondern dieses eine Prozent kann innerhalb des Budgetprozesses ohne Einsparungen verschoben werden. Das zeigt die Erfahrung. Im Detail m\u00fcssten wir uns dann beim Budgetprozess zusammen damit auseinandersetzen. Aber man kann aufgrund der Erfahrung davon ausgehen, dass es f\u00fcr diese Gr\u00f6ssenordnung kein Sparprogramm braucht. Das w\u00e4re noch einmal meine Aussage. Aber es bestehen nat\u00fcrlich keine Planungen, weil der Bundesrat davon ausgeht, dass Sie ihm wie \u00fcblich Gefolgschaft leisten.</p>\n</pd_text>","MeetingCouncilAbbreviation":"N","MeetingDate":"20110914","MeetingVerbalixOid":2095,"IdSession":"4820","SpeakerFirstName":"Ueli","SpeakerLastName":"Maurer","SpeakerFullName":"Maurer Ueli","SpeakerFunction":"BR-M","CouncilId":99,"CouncilName":"Bundesrat","CantonId":1,"CantonName":"Z\u00fcrich","CantonAbbreviation":"ZH","ParlGroupName":null,"ParlGroupAbbreviation":null,"SortOrder":33,"Start":"\/Date(1316018112254)\/","End":"\/Date(1316018169594)\/","Function":"BR-M","DisplaySpeaker":true,"LanguageOfText":"DE","Modified":"\/Date(1774877671004)\/","StartTimeWithTimezone":"\/Date(1316018112253+0120)\/","EndTimeWithTimezone":"\/Date(1316018169593+0120)\/","VoteBusinessNumber":null,"VoteBusinessShortNumber":null,"VoteBusinessTitle":null},{"__metadata":{"id":"https://ws.parlament.ch/OData.svc/Transcript(ID=120535L,Language='DE')","uri":"https://ws.parlament.ch/OData.svc/Transcript(ID=120535L,Language='DE')","type":"itsystems.Pd.DataServices.DataModel.Transcript"},"Subjects":{"__deferred":{"uri":"https://ws.parlament.ch/OData.svc/Transcript(ID=120535L,Language='DE')/Subjects"}},"MembersCouncil":{"__deferred":{"uri":"https://ws.parlament.ch/OData.svc/Transcript(ID=120535L,Language='DE')/MembersCouncil"}},"Businesses":{"__deferred":{"uri":"https://ws.parlament.ch/OData.svc/Transcript(ID=120535L,Language='DE')/Businesses"}},"ID":"120535","Language":"DE","IdSubject":"19421","VoteId":null,"PersonNumber":1158,"Type":1,"Text":"<pd_text><p>Gesch\u00e4tzter Herr Bundesrat, Sie haben vorhin gesagt, 4,4 Milliarden seien eigentlich zu wenig f\u00fcr eine Armee von 80 000 Mann; eine solche w\u00fcrde eigentlich 5 Milliarden Franken kosten. Jetzt liegt ein Antrag f\u00fcr 5 Milliarden auf dem Tisch, nicht f\u00fcr 80 000, sondern f\u00fcr 100 000 Armeeangeh\u00f6rige, mit zus\u00e4tzlichen Kampfjets, zus\u00e4tzlichen Panzern und Weiterem. Wie soll das mathematisch aufgehen?</p>\n</pd_text>","MeetingCouncilAbbreviation":"N","MeetingDate":"20110914","MeetingVerbalixOid":2095,"IdSession":"4820","SpeakerFirstName":"Josef","SpeakerLastName":"Lang","SpeakerFullName":"Lang Josef","SpeakerFunction":"Mit-M","CouncilId":1,"CouncilName":"Nationalrat","CantonId":9,"CantonName":"Zug","CantonAbbreviation":"ZG","ParlGroupName":"Gr\u00fcne Fraktion","ParlGroupAbbreviation":"G","SortOrder":34,"Start":"\/Date(1316018169594)\/","End":"\/Date(1316018204025)\/","Function":"Mit-M","DisplaySpeaker":true,"LanguageOfText":"DE","Modified":"\/Date(1774877671006)\/","StartTimeWithTimezone":"\/Date(1316018169593+0120)\/","EndTimeWithTimezone":"\/Date(1316018204027+0120)\/","VoteBusinessNumber":null,"VoteBusinessShortNumber":null,"VoteBusinessTitle":null},{"__metadata":{"id":"https://ws.parlament.ch/OData.svc/Transcript(ID=120536L,Language='DE')","uri":"https://ws.parlament.ch/OData.svc/Transcript(ID=120536L,Language='DE')","type":"itsystems.Pd.DataServices.DataModel.Transcript"},"Subjects":{"__deferred":{"uri":"https://ws.parlament.ch/OData.svc/Transcript(ID=120536L,Language='DE')/Subjects"}},"MembersCouncil":{"__deferred":{"uri":"https://ws.parlament.ch/OData.svc/Transcript(ID=120536L,Language='DE')/MembersCouncil"}},"Businesses":{"__deferred":{"uri":"https://ws.parlament.ch/OData.svc/Transcript(ID=120536L,Language='DE')/Businesses"}},"ID":"120536","Language":"DE","IdSubject":"19421","VoteId":null,"PersonNumber":146,"Type":1,"Text":"<pd_text><p>Die L\u00f6sung des Bundesrates verlangt Sparanstrengungen im Umfang von 600 bis 700 Millionen Franken, w\u00e4hrend die L\u00f6sung der Kommissionsmehrheit Einsparungen von etwa 300 Millionen Franken bedingt. Einsparungen von 300 Millionen sind, so meinen wir aufgrund unserer Erkenntnisse, umsetzbar; es g\u00e4be Abstriche, aber die Vorgabe ist umsetzbar. Einsparungen im Umfang von 600 bis 700 Millionen Franken w\u00e4ren nur mit tiefer greifenden Einschnitten m\u00f6glich. Einsparungen dieser Gr\u00f6ssenordnung \u00fcbersteigen einfach ein gewisses Mass und bedingen, dass man auch an den Grundstrukturen der Armee und an der Ausr\u00fcstung etwas \u00e4ndern muss. Hingegen betrachten wir Einsparungen von 300 Millionen Franken - falls Sie das beschliessen - als m\u00f6glich, ohne dass man im Grunds\u00e4tzlichen wirklich etwas \u00e4ndern m\u00fcsste. Bei 600 bis 700 Millionen Franken gehen die Einsparungen bei der Ausr\u00fcstung aber etwas weiter, der Spareinschnitt w\u00e4re also gr\u00f6sser als bei Ihrer L\u00f6sung.</p>\n<p>Aber noch einmal: Auch wenn Sie heute einen Soll-Bestand von 100 000 Mann und Ausgaben von 5 Milliarden Franken beschliessen, machen Sie uns nur vordergr\u00fcndig ein Geschenk. Auch so zwingen Sie uns dazu, in den n\u00e4chsten Jahren 300 bis 400 Millionen Franken einzusparen. Es ist eine grosse Spar\u00fcbung, die wir machen m\u00fcssen. Ich h\u00e4tte daf\u00fcr aber durchaus Verst\u00e4ndnis, weil Sie mit einer solchen L\u00f6sung auch gewisse Eckwerte f\u00fcr die technologische Ausr\u00fcstung der Armee und f\u00fcr das Niveau vorgeben w\u00fcrden. Mit der Vorgabe des Bundesrates w\u00e4re die Einschr\u00e4nkung einfach noch gr\u00f6sser. Aber Sie entscheiden, und wir setzen dann das um, was Sie entschieden haben.</p>\n</pd_text>","MeetingCouncilAbbreviation":"N","MeetingDate":"20110914","MeetingVerbalixOid":2095,"IdSession":"4820","SpeakerFirstName":"Ueli","SpeakerLastName":"Maurer","SpeakerFullName":"Maurer Ueli","SpeakerFunction":"BR-M","CouncilId":99,"CouncilName":"Bundesrat","CantonId":1,"CantonName":"Z\u00fcrich","CantonAbbreviation":"ZH","ParlGroupName":null,"ParlGroupAbbreviation":null,"SortOrder":35,"Start":"\/Date(1316018204025)\/","End":"\/Date(1316018300051)\/","Function":"BR-M","DisplaySpeaker":true,"LanguageOfText":"DE","Modified":"\/Date(1774877671007)\/","StartTimeWithTimezone":"\/Date(1316018204027+0120)\/","EndTimeWithTimezone":"\/Date(1316018300050+0120)\/","VoteBusinessNumber":null,"VoteBusinessShortNumber":null,"VoteBusinessTitle":null},{"__metadata":{"id":"https://ws.parlament.ch/OData.svc/Transcript(ID=120537L,Language='DE')","uri":"https://ws.parlament.ch/OData.svc/Transcript(ID=120537L,Language='DE')","type":"itsystems.Pd.DataServices.DataModel.Transcript"},"Subjects":{"__deferred":{"uri":"https://ws.parlament.ch/OData.svc/Transcript(ID=120537L,Language='DE')/Subjects"}},"MembersCouncil":{"__deferred":{"uri":"https://ws.parlament.ch/OData.svc/Transcript(ID=120537L,Language='DE')/MembersCouncil"}},"Businesses":{"__deferred":{"uri":"https://ws.parlament.ch/OData.svc/Transcript(ID=120537L,Language='DE')/Businesses"}},"ID":"120537","Language":"DE","IdSubject":"19421","VoteId":null,"PersonNumber":489,"Type":1,"Text":"<pd_text><p>Ein paar Bemerkungen zu den hier abgegebenen Voten, zuerst nochmals zu den Finanzierungsl\u00f6sungen: Bei allen Finanzierungsl\u00f6sungen m\u00fcssen wir mehr Geld f\u00fcr die Armee aufbringen. Das ist so bei der L\u00f6sung des Nationalrates. Dort geht es um ordentliche Ausgaben ab 2013. Das ist bei der L\u00f6sung des St\u00e4nderates so. Dort gibt es zuerst ausserordentliche Ausgaben, und nachher wandelt man diese in ordentliche Ausgaben um, weil sie abgetragen werden m\u00fcssen. Auch bei der L\u00f6sung des Bundesrates m\u00fcssen Sie mehr Geld ausgeben, und zwar f\u00fcr die Flugzeuge, denn er will ja diese \u00fcber die ordentlichen Ausgaben ansparen. Wir werden nicht darum herumkommen, gewisse Priorit\u00e4ten zu setzen.</p>\n<p>Die Armee hat \u00fcber zehn Jahre lang zugunsten anderer Departemente mitfinanziert. Wir denken, da kommen die Gleichen zum Zuge. Wir haben jedes Jahr f\u00fcr die Bildung 6 Prozent mehr, wir haben f\u00fcr den Verkehr riesige Milliardenbetr\u00e4ge zus\u00e4tzlich ausgegeben, f\u00fcr die soziale Wohlfahrt sowieso, und auch bei der Entwicklungshilfe, um das neueste Beispiel zu geben, waren es im Fr\u00fchjahr plus 640 Millionen Franken. Frau Birrer-Heimo, haben Sie damals gefragt, wem wir das wegnehmen? Da haben Sie nichts gesagt, aber jetzt kommen Sie.</p>\n<p>Jetzt muss man auch der Armee wieder einmal etwas geben. Ich erinnere an die Einnahmen\u00fcbersch\u00fcsse. Man hat jetzt die Einnahmen\u00fcbersch\u00fcsse der letzten Jahre einfach verteilt. Die Armee hat aber nie etwas bekommen. Nehmen Sie das Programm im Zusammenhang mit der Frankenst\u00e4rke. Es sollen alle etwas bekommen, nur eine bekommt nichts: die Armee.</p>\n<p>Noch ein Wort zu Herrn Geri M\u00fcller: Er sagt, eine Armee br\u00e4uchten wir nur noch f\u00fcr \u00dcberf\u00e4lle, er meint irgendwie milit\u00e4rische \u00dcberf\u00e4lle. Wenn Sie den Armeebericht anschauen, sehen Sie, dass es eine grosse Zahl von Bedrohungen und Gefahren gibt. Schauen Sie doch diesen Armeebericht einmal an, er ist wirklich sehr informativ, da k\u00f6nnen Sie vieles \u00fcber die Sicherheitspolitik und auch \u00fcber die Armee erfahren. Es gibt viele Gefahren und Bedrohungen. Also m\u00fcssen wir eben ein Instrument haben, um zu sch\u00fctzen und zu [PAGE 1415] helfen und wenn n\u00f6tig auch zu k\u00e4mpfen. Die Armee ist die einzige strategische Reserve. Schauen Sie doch im Fernsehen: Wenn irgendwo eine gr\u00f6ssere Katastrophe passiert, sogar im Ausland, wer ist dann im Einsatz? Im Ausland gibt es viel mehr Polizisten, aber sie brauchen sogar dort die Armee. Bei jeder Gelegenheit, wenn etwas Gr\u00f6sseres los ist, greift man in allen Staaten auf diese strategische Reserve zur\u00fcck.</p>\n<p>Eine Bemerkung zum Einzelantrag Allemann, es geht um den Ausgabenplafond: Die Armee wurde wirklich umgebaut, es blieb kein Stein auf dem anderen. Man hat der Armee in Anbetracht der dauernden \u00c4nderungen, die n\u00f6tig sind, die Chance gegeben, einerseits zwischen Sachgebieten sowie Aufgabengebieten und andererseits auch \u00fcber die Jahre hinweg Mittel zu verschieben. Das hat in dieser Situation enorme Vorteile gehabt. Die Armee musste das Geld nicht einfach ausgeben, sondern sie konnte Kreditreste auf das n\u00e4chste Jahr \u00fcbertragen, und das war insgesamt von grossem Nutzen. Die Armee hat ja eben gerade keine Planungssicherheit, und das ist jetzt auch wieder der Fall. Darum ist es ganz wichtig, dass wir jetzt mit dem Armeebericht vorw\u00e4rtsmachen, damit der Bundesrat die Botschaft f\u00fcr die \u00c4nderung der gesetzlichen Grundlagen rasch ausarbeiten kann. Damit erh\u00e4lt die Armee Planungssicherheit und kann dann das Geld auch wieder ausgeben. Jetzt wurden die R\u00fcstungsprogramme heruntergefahren, weil man nicht wusste, wie genau es weitergeht. Lehnen Sie bitte den Einzelantrag Allemann ab.</p>\n<p>Zum Antrag der Minderheit V (Lang) und zum Soll-Bestand von 30 000 Milit\u00e4rdienstpflichtigen: Herr Lang, die 30 000 Dienstpflichtigen sind nix. Wenn Sie ein paar Objekte sch\u00fctzen m\u00fcssen - und zwar nicht nur den Flughafen Z\u00fcrich, sondern es k\u00f6nnen auch Verkehrsachsen, Bahnh\u00f6fe, Kommunikationszentren oder ein Grenzabschnitt sein -, wenn da wirklich einmal eine Krise gr\u00f6sseren Ausmasses ausbricht, noch lange kein Krieg, ist dieser Bestand nix und nochmals nix. </p>\n<p>Zur Wirtschaft: Das ist ja Ihr neuestes Hobby, Herr Lang, jetzt kommen Sie immer mit der Wirtschaft. Sie sagen hier, die Wirtschaft w\u00fcrde Geld verlieren. Ich habe heute Morgen schon gesagt: Jedes Unternehmen schliesst Dutzende von Versicherungen ab, aber hier soll es nichts kosten d\u00fcrfen. Die Wirtschaft ist auf Sicherheit sehr angewiesen, und Sicherheit bedeutet auch die Existenz einer Armee. </p>\n<p>Zur freiwilligen Miliz - ich habe es auch schon gesagt -: Wer geht in eine freiwillige Miliz? Das sind Arbeitslose, das sind Leute, die gerne mit Waffen umgehen. Und wer bleibt dann in der Armee, wenn es wirklich einmal Tote geben sollte?</p>\n<p>Zum Antrag der Minderheit VII (Allemann), der nicht begr\u00fcndet worden ist: Sie will den Bund beauftragen, die Kantone in Form von Leistungsvereinbarungen zu verpflichten, den Bestand ihrer Polizeikorps so auszugestalten, dass die Wahrnehmung nationaler Sicherheitsaufgaben umfassend gew\u00e4hrleistet ist. Aber erstens liegt die Polizei in kantonaler Kompetenz. Zweitens k\u00f6nnen wir die Polizeibest\u00e4nde, und das ist der Vorteil der Schweiz, nicht auf den Spitzenbedarf, sondern m\u00fcssen sie auf den Normalbedarf ausrichten. Da haben wir das Gl\u00fcck, dass im Notfall, wenn etwas passiert und wirklich mehr gebraucht wird - und das kann bald einmal der Fall sein -, wenn die Polizei und auch andere Kr\u00e4fte ziviler Organisationen nach drei Tagen am Ende sind, m\u00fcde sind und schlafen m\u00fcssen, irgendwo Ersatz aufgebaut werden kann: Dann braucht es die Armee. Da muss irgendwo Ersatz aufgebaut werden, und daf\u00fcr braucht es die Armee. </p>\n<p>Dann noch ein Wort zu den Flugzeugen: Herr Chopard-Acklin, man sagt, wir seien im Herzen Europas; nat\u00fcrlich sind wir im Herzen Europas, aber die Flieger kennen keine Landesgrenzen. Heute k\u00f6nnen Flieger, auch andere Flugk\u00f6rper, in k\u00fcrzester Zeit - in zwei Stunden - von einem anderen Kontinent hierher in unser Land kommen. Es sind m\u00f6glicherweise nichtstaatliche Organisationen, die solche Dinge veranstalten; es braucht gar keine Aktion eines normalen Staates. Wir brauchen diese Flieger f\u00fcr die Luftpolizei, Luftraumverteidigung - im Luftraum oben gibt es keine Kantonspolizei. Von daher muss ich Ihnen einfach auch diese Flugzeugbeschaffung empfehlen, damit eine angemessene Durchhaltef\u00e4higkeit gew\u00e4hrleistet ist, wenn irgendeinmal etwas mehr los ist. Wenn man Flieger im Einsatz haben muss, sind sie in der heutigen Situation etwa nach drei Wochen am Boden, weil sie Unterhaltsarbeiten brauchen - darum m\u00fcssen wir den Bestand erh\u00f6hen.</p>\n<p>Ich bitte Sie, \u00fcberall den Antr\u00e4gen der Mehrheit zuzustimmen und die Minderheitsantr\u00e4ge abzulehnen.</p>\n</pd_text>","MeetingCouncilAbbreviation":"N","MeetingDate":"20110914","MeetingVerbalixOid":2095,"IdSession":"4820","SpeakerFirstName":"Arthur","SpeakerLastName":"Loepfe","SpeakerFullName":"Loepfe Arthur","SpeakerFunction":"Mit-M","CouncilId":1,"CouncilName":"Nationalrat","CantonId":16,"CantonName":"Appenzell I.-Rh.","CantonAbbreviation":"AI","ParlGroupName":"Fraktion CVP/EVP/glp","ParlGroupAbbreviation":"M-E","SortOrder":36,"Start":"\/Date(1316018300051)\/","End":"\/Date(1316018724762)\/","Function":"*","DisplaySpeaker":true,"LanguageOfText":"DE","Modified":"\/Date(1774877671012)\/","StartTimeWithTimezone":"\/Date(1316018300050+0120)\/","EndTimeWithTimezone":"\/Date(1316018724763+0120)\/","VoteBusinessNumber":null,"VoteBusinessShortNumber":null,"VoteBusinessTitle":null},{"__metadata":{"id":"https://ws.parlament.ch/OData.svc/Transcript(ID=120538L,Language='DE')","uri":"https://ws.parlament.ch/OData.svc/Transcript(ID=120538L,Language='DE')","type":"itsystems.Pd.DataServices.DataModel.Transcript"},"Subjects":{"__deferred":{"uri":"https://ws.parlament.ch/OData.svc/Transcript(ID=120538L,Language='DE')/Subjects"}},"MembersCouncil":{"__deferred":{"uri":"https://ws.parlament.ch/OData.svc/Transcript(ID=120538L,Language='DE')/MembersCouncil"}},"Businesses":{"__deferred":{"uri":"https://ws.parlament.ch/OData.svc/Transcript(ID=120538L,Language='DE')/Businesses"}},"ID":"120538","Language":"DE","IdSubject":"19421","VoteId":null,"PersonNumber":3924,"Type":1,"Text":"<pd_text><p>Monsieur Loepfe, vous venez de nous expliquer que nous avons absolument besoin de cette arm\u00e9e de 100 000 hommes qui co\u00fbtera 5 milliards de francs. Mais croyez-vous vraiment que ces 700 millions de francs de plus que vous proposez de d\u00e9penser sont plus utiles pour une arm\u00e9e qui ne va servir \u00e0 rien ces prochaines ann\u00e9es que pour les domaines de l'\u00e9ducation, de la formation ou de la promotion des \u00e9nergies renouvelables?</p>\n</pd_text>","MeetingCouncilAbbreviation":"N","MeetingDate":"20110914","MeetingVerbalixOid":2095,"IdSession":"4820","SpeakerFirstName":"Christian","SpeakerLastName":"van Singer","SpeakerFullName":"van Singer Christian","SpeakerFunction":"Mit-M","CouncilId":1,"CouncilName":"Nationalrat","CantonId":22,"CantonName":"Waadt","CantonAbbreviation":"VD","ParlGroupName":"Gr\u00fcne Fraktion","ParlGroupAbbreviation":"G","SortOrder":37,"Start":"\/Date(1316018724762)\/","End":"\/Date(1316018757104)\/","Function":"Mit-M","DisplaySpeaker":true,"LanguageOfText":"FR","Modified":"\/Date(1774877671013)\/","StartTimeWithTimezone":"\/Date(1316018724763+0120)\/","EndTimeWithTimezone":"\/Date(1316018757103+0120)\/","VoteBusinessNumber":null,"VoteBusinessShortNumber":null,"VoteBusinessTitle":null},{"__metadata":{"id":"https://ws.parlament.ch/OData.svc/Transcript(ID=120539L,Language='DE')","uri":"https://ws.parlament.ch/OData.svc/Transcript(ID=120539L,Language='DE')","type":"itsystems.Pd.DataServices.DataModel.Transcript"},"Subjects":{"__deferred":{"uri":"https://ws.parlament.ch/OData.svc/Transcript(ID=120539L,Language='DE')/Subjects"}},"MembersCouncil":{"__deferred":{"uri":"https://ws.parlament.ch/OData.svc/Transcript(ID=120539L,Language='DE')/MembersCouncil"}},"Businesses":{"__deferred":{"uri":"https://ws.parlament.ch/OData.svc/Transcript(ID=120539L,Language='DE')/Businesses"}},"ID":"120539","Language":"DE","IdSubject":"19421","VoteId":null,"PersonNumber":489,"Type":1,"Text":"<pd_text><p>Also, Herr Kollege, Sie m\u00fcssen alle Aspekte anschauen. Es gibt in unserem Land nicht nur Bildung, es gibt nicht nur Forschung. Sie brauchen in diesem Land auch Sicherheit, um wirtschaften, um leben zu k\u00f6nnen. Wenn eine Krise entsteht, dann m\u00fcssen wir unsere Leute auch sch\u00fctzen k\u00f6nnen. Wir m\u00fcssen ihnen helfen k\u00f6nnen. Wir wollen doch auch unseren Familien helfen k\u00f6nnen. Von daher gesehen k\u00f6nnen Sie nicht das eine gegen das andere ausspielen und sagen, man brauche nur das eine und das andere nicht. Es muss ein ausgeglichener Mix vorhanden sein, und dazu geh\u00f6rt Sicherheit in unserem Land.</p>\n</pd_text>","MeetingCouncilAbbreviation":"N","MeetingDate":"20110914","MeetingVerbalixOid":2095,"IdSession":"4820","SpeakerFirstName":"Arthur","SpeakerLastName":"Loepfe","SpeakerFullName":"Loepfe Arthur","SpeakerFunction":"Mit-M","CouncilId":1,"CouncilName":"Nationalrat","CantonId":16,"CantonName":"Appenzell I.-Rh.","CantonAbbreviation":"AI","ParlGroupName":"Fraktion CVP/EVP/glp","ParlGroupAbbreviation":"M-E","SortOrder":38,"Start":"\/Date(1316018757104)\/","End":"\/Date(1316018792413)\/","Function":"*","DisplaySpeaker":true,"LanguageOfText":"DE","Modified":"\/Date(1774877671015)\/","StartTimeWithTimezone":"\/Date(1316018757103+0120)\/","EndTimeWithTimezone":"\/Date(1316018792413+0120)\/","VoteBusinessNumber":null,"VoteBusinessShortNumber":null,"VoteBusinessTitle":null},{"__metadata":{"id":"https://ws.parlament.ch/OData.svc/Transcript(ID=120540L,Language='DE')","uri":"https://ws.parlament.ch/OData.svc/Transcript(ID=120540L,Language='DE')","type":"itsystems.Pd.DataServices.DataModel.Transcript"},"Subjects":{"__deferred":{"uri":"https://ws.parlament.ch/OData.svc/Transcript(ID=120540L,Language='DE')/Subjects"}},"MembersCouncil":{"__deferred":{"uri":"https://ws.parlament.ch/OData.svc/Transcript(ID=120540L,Language='DE')/MembersCouncil"}},"Businesses":{"__deferred":{"uri":"https://ws.parlament.ch/OData.svc/Transcript(ID=120540L,Language='DE')/Businesses"}},"ID":"120540","Language":"DE","IdSubject":"19421","VoteId":null,"PersonNumber":1117,"Type":1,"Text":"<pd_text><p>Je souhaite un tr\u00e8s bon anniversaire \u00e0 notre coll\u00e8gue Maria Roth-Bernasconi. <i>(Applaudissements)</i></p>\n<p>[VS]</p>\n</pd_text>","MeetingCouncilAbbreviation":"N","MeetingDate":"20110914","MeetingVerbalixOid":2095,"IdSession":"4820","SpeakerFirstName":"Jean-Ren\u00e9","SpeakerLastName":"Germanier","SpeakerFullName":"Germanier Jean-Ren\u00e9","SpeakerFunction":"P-M","CouncilId":1,"CouncilName":"Nationalrat","CantonId":23,"CantonName":"Wallis","CantonAbbreviation":"VS","ParlGroupName":"Freisinnig-demokratische Fraktion","ParlGroupAbbreviation":"RL","SortOrder":39,"Start":"\/Date(1316018792413)\/","End":"\/Date(1316019933045)\/","Function":"P-M","DisplaySpeaker":true,"LanguageOfText":"FR","Modified":"\/Date(1774877671016)\/","StartTimeWithTimezone":"\/Date(1316018792413+0120)\/","EndTimeWithTimezone":"\/Date(1316019933047+0120)\/","VoteBusinessNumber":null,"VoteBusinessShortNumber":null,"VoteBusinessTitle":null},{"__metadata":{"id":"https://ws.parlament.ch/OData.svc/Transcript(ID=120541L,Language='DE')","uri":"https://ws.parlament.ch/OData.svc/Transcript(ID=120541L,Language='DE')","type":"itsystems.Pd.DataServices.DataModel.Transcript"},"Subjects":{"__deferred":{"uri":"https://ws.parlament.ch/OData.svc/Transcript(ID=120541L,Language='DE')/Subjects"}},"MembersCouncil":{"__deferred":{"uri":"https://ws.parlament.ch/OData.svc/Transcript(ID=120541L,Language='DE')/MembersCouncil"}},"Businesses":{"__deferred":{"uri":"https://ws.parlament.ch/OData.svc/Transcript(ID=120541L,Language='DE')/Businesses"}},"ID":"120541","Language":"DE","IdSubject":"19421","VoteId":"6072","PersonNumber":null,"Type":2,"Text":"<pd_text><p><i>Ziff. II Einleitung - Ch. II introduction</i></p>\n<p><i>Angenommen gem\u00e4ss Antrag der Mehrheit</i></p>\n<p><i>Adopt\u00e9 selon la proposition de la majorit\u00e9</i></p>\n<p>[VS]</p>\n<p>[VS]</p>\n<p><i>Ziff. II Bst. a, abis, ater - Ch. II let. a, abis, ater</i></p>\n<p>[VS]</p>\n<p><i>Erste Abstimmung - Premier vote</i></p>\n<p>[NAM]</p>\n<p>F\u00fcr den Antrag der Minderheit I ... 112 Stimmen</p>\n<p>F\u00fcr den Antrag der Mehrheit ... 67 Stimmen</p>\n</pd_text>","MeetingCouncilAbbreviation":"N","MeetingDate":"20110914","MeetingVerbalixOid":2095,"IdSession":"4820","SpeakerFirstName":null,"SpeakerLastName":null,"SpeakerFullName":"","SpeakerFunction":null,"CouncilId":null,"CouncilName":null,"CantonId":null,"CantonName":null,"CantonAbbreviation":null,"ParlGroupName":null,"ParlGroupAbbreviation":null,"SortOrder":40,"Start":"\/Date(1316019933045)\/","End":"\/Date(1316019933045)\/","Function":null,"DisplaySpeaker":null,"LanguageOfText":"DE","Modified":"\/Date(1774877671017)\/","StartTimeWithTimezone":"\/Date(1316019933047+0120)\/","EndTimeWithTimezone":"\/Date(1316019933047+0120)\/","VoteBusinessNumber":20100089,"VoteBusinessShortNumber":"10.089","VoteBusinessTitle":"Armeebericht 2010"},{"__metadata":{"id":"https://ws.parlament.ch/OData.svc/Transcript(ID=120542L,Language='DE')","uri":"https://ws.parlament.ch/OData.svc/Transcript(ID=120542L,Language='DE')","type":"itsystems.Pd.DataServices.DataModel.Transcript"},"Subjects":{"__deferred":{"uri":"https://ws.parlament.ch/OData.svc/Transcript(ID=120542L,Language='DE')/Subjects"}},"MembersCouncil":{"__deferred":{"uri":"https://ws.parlament.ch/OData.svc/Transcript(ID=120542L,Language='DE')/MembersCouncil"}},"Businesses":{"__deferred":{"uri":"https://ws.parlament.ch/OData.svc/Transcript(ID=120542L,Language='DE')/Businesses"}},"ID":"120542","Language":"DE","IdSubject":"19421","VoteId":"6073","PersonNumber":null,"Type":2,"Text":"<pd_text><p><i>Zweite Abstimmung - Deuxi\u00e8me vote</i></p>\n<p>[NAM]</p>\n<p>F\u00fcr den Antrag der Minderheit I ... 122 Stimmen</p>\n<p>F\u00fcr den Antrag der Minderheit VII ... 38 Stimmen</p>\n<p>[VS]</p>\n</pd_text>","MeetingCouncilAbbreviation":"N","MeetingDate":"20110914","MeetingVerbalixOid":2095,"IdSession":"4820","SpeakerFirstName":null,"SpeakerLastName":null,"SpeakerFullName":"","SpeakerFunction":null,"CouncilId":null,"CouncilName":null,"CantonId":null,"CantonName":null,"CantonAbbreviation":null,"ParlGroupName":null,"ParlGroupAbbreviation":null,"SortOrder":41,"Start":null,"End":null,"Function":null,"DisplaySpeaker":null,"LanguageOfText":"DE","Modified":"\/Date(1774877671019)\/","StartTimeWithTimezone":null,"EndTimeWithTimezone":null,"VoteBusinessNumber":20100089,"VoteBusinessShortNumber":"10.089","VoteBusinessTitle":"Armeebericht 2010"},{"__metadata":{"id":"https://ws.parlament.ch/OData.svc/Transcript(ID=120543L,Language='DE')","uri":"https://ws.parlament.ch/OData.svc/Transcript(ID=120543L,Language='DE')","type":"itsystems.Pd.DataServices.DataModel.Transcript"},"Subjects":{"__deferred":{"uri":"https://ws.parlament.ch/OData.svc/Transcript(ID=120543L,Language='DE')/Subjects"}},"MembersCouncil":{"__deferred":{"uri":"https://ws.parlament.ch/OData.svc/Transcript(ID=120543L,Language='DE')/MembersCouncil"}},"Businesses":{"__deferred":{"uri":"https://ws.parlament.ch/OData.svc/Transcript(ID=120543L,Language='DE')/Businesses"}},"ID":"120543","Language":"DE","IdSubject":"19421","VoteId":"6074","PersonNumber":null,"Type":2,"Text":"<pd_text><p><i>Ziff. II Bst. b (Sollbestand) - Ch. II let. b (effectif r\u00e9glementaire)</i></p>\n<p>[VS]</p>\n<p><i>Erste Abstimmung - Premier vote</i></p>\n<p>[NAM]</p>\n<p>F\u00fcr den Antrag der Minderheit IV ... 117 Stimmen</p>\n<p>F\u00fcr den Antrag der Minderheit V ... 19 Stimmen</p>\n</pd_text>","MeetingCouncilAbbreviation":"N","MeetingDate":"20110914","MeetingVerbalixOid":2095,"IdSession":"4820","SpeakerFirstName":null,"SpeakerLastName":null,"SpeakerFullName":"","SpeakerFunction":null,"CouncilId":null,"CouncilName":null,"CantonId":null,"CantonName":null,"CantonAbbreviation":null,"ParlGroupName":null,"ParlGroupAbbreviation":null,"SortOrder":42,"Start":null,"End":null,"Function":null,"DisplaySpeaker":null,"LanguageOfText":"DE","Modified":"\/Date(1774877671020)\/","StartTimeWithTimezone":null,"EndTimeWithTimezone":null,"VoteBusinessNumber":20100089,"VoteBusinessShortNumber":"10.089","VoteBusinessTitle":"Armeebericht 2010"},{"__metadata":{"id":"https://ws.parlament.ch/OData.svc/Transcript(ID=120544L,Language='DE')","uri":"https://ws.parlament.ch/OData.svc/Transcript(ID=120544L,Language='DE')","type":"itsystems.Pd.DataServices.DataModel.Transcript"},"Subjects":{"__deferred":{"uri":"https://ws.parlament.ch/OData.svc/Transcript(ID=120544L,Language='DE')/Subjects"}},"MembersCouncil":{"__deferred":{"uri":"https://ws.parlament.ch/OData.svc/Transcript(ID=120544L,Language='DE')/MembersCouncil"}},"Businesses":{"__deferred":{"uri":"https://ws.parlament.ch/OData.svc/Transcript(ID=120544L,Language='DE')/Businesses"}},"ID":"120544","Language":"DE","IdSubject":"19421","VoteId":"6075","PersonNumber":null,"Type":2,"Text":"<pd_text><p><i>Zweite Abstimmung - Deuxi\u00e8me vote</i></p>\n<p>[NAM]</p>\n<p>F\u00fcr den Antrag der Minderheit III ... 123 Stimmen</p>\n<p>F\u00fcr den Antrag der Minderheit IV ... 46 Stimmen</p>\n</pd_text>","MeetingCouncilAbbreviation":"N","MeetingDate":"20110914","MeetingVerbalixOid":2095,"IdSession":"4820","SpeakerFirstName":null,"SpeakerLastName":null,"SpeakerFullName":"","SpeakerFunction":null,"CouncilId":null,"CouncilName":null,"CantonId":null,"CantonName":null,"CantonAbbreviation":null,"ParlGroupName":null,"ParlGroupAbbreviation":null,"SortOrder":43,"Start":null,"End":null,"Function":null,"DisplaySpeaker":null,"LanguageOfText":"DE","Modified":"\/Date(1774877671022)\/","StartTimeWithTimezone":null,"EndTimeWithTimezone":null,"VoteBusinessNumber":20100089,"VoteBusinessShortNumber":"10.089","VoteBusinessTitle":"Armeebericht 2010"},{"__metadata":{"id":"https://ws.parlament.ch/OData.svc/Transcript(ID=120545L,Language='DE')","uri":"https://ws.parlament.ch/OData.svc/Transcript(ID=120545L,Language='DE')","type":"itsystems.Pd.DataServices.DataModel.Transcript"},"Subjects":{"__deferred":{"uri":"https://ws.parlament.ch/OData.svc/Transcript(ID=120545L,Language='DE')/Subjects"}},"MembersCouncil":{"__deferred":{"uri":"https://ws.parlament.ch/OData.svc/Transcript(ID=120545L,Language='DE')/MembersCouncil"}},"Businesses":{"__deferred":{"uri":"https://ws.parlament.ch/OData.svc/Transcript(ID=120545L,Language='DE')/Businesses"}},"ID":"120545","Language":"DE","IdSubject":"19421","VoteId":"6076","PersonNumber":null,"Type":2,"Text":"<pd_text><p><i>Dritte Abstimmung - Troisi\u00e8me vote</i></p>\n<p>[NAM]</p>\n<p>F\u00fcr den Antrag der Mehrheit ... 113 Stimmen</p>\n<p>F\u00fcr den Antrag der Minderheit III ... 67 Stimmen</p>\n</pd_text>","MeetingCouncilAbbreviation":"N","MeetingDate":"20110914","MeetingVerbalixOid":2095,"IdSession":"4820","SpeakerFirstName":null,"SpeakerLastName":null,"SpeakerFullName":"","SpeakerFunction":null,"CouncilId":null,"CouncilName":null,"CantonId":null,"CantonName":null,"CantonAbbreviation":null,"ParlGroupName":null,"ParlGroupAbbreviation":null,"SortOrder":44,"Start":null,"End":null,"Function":null,"DisplaySpeaker":null,"LanguageOfText":"DE","Modified":"\/Date(1774877671023)\/","StartTimeWithTimezone":null,"EndTimeWithTimezone":null,"VoteBusinessNumber":20100089,"VoteBusinessShortNumber":"10.089","VoteBusinessTitle":"Armeebericht 2010"},{"__metadata":{"id":"https://ws.parlament.ch/OData.svc/Transcript(ID=120546L,Language='DE')","uri":"https://ws.parlament.ch/OData.svc/Transcript(ID=120546L,Language='DE')","type":"itsystems.Pd.DataServices.DataModel.Transcript"},"Subjects":{"__deferred":{"uri":"https://ws.parlament.ch/OData.svc/Transcript(ID=120546L,Language='DE')/Subjects"}},"MembersCouncil":{"__deferred":{"uri":"https://ws.parlament.ch/OData.svc/Transcript(ID=120546L,Language='DE')/MembersCouncil"}},"Businesses":{"__deferred":{"uri":"https://ws.parlament.ch/OData.svc/Transcript(ID=120546L,Language='DE')/Businesses"}},"ID":"120546","Language":"DE","IdSubject":"19421","VoteId":"6077","PersonNumber":null,"Type":2,"Text":"<pd_text><p><i>Vierte Abstimmung - Quatri\u00e8me vote</i></p>\n<p>[NAM]</p>\n<p>F\u00fcr den Antrag der Mehrheit ... 119 Stimmen</p>\n<p>F\u00fcr den Antrag der Minderheit II ... 64 Stimmen</p>\n<p>[PAGE 1416] </p>\n</pd_text>","MeetingCouncilAbbreviation":"N","MeetingDate":"20110914","MeetingVerbalixOid":2095,"IdSession":"4820","SpeakerFirstName":null,"SpeakerLastName":null,"SpeakerFullName":"","SpeakerFunction":null,"CouncilId":null,"CouncilName":null,"CantonId":null,"CantonName":null,"CantonAbbreviation":null,"ParlGroupName":null,"ParlGroupAbbreviation":null,"SortOrder":45,"Start":null,"End":null,"Function":null,"DisplaySpeaker":null,"LanguageOfText":"DE","Modified":"\/Date(1774877671024)\/","StartTimeWithTimezone":null,"EndTimeWithTimezone":null,"VoteBusinessNumber":20100089,"VoteBusinessShortNumber":"10.089","VoteBusinessTitle":"Armeebericht 2010"},{"__metadata":{"id":"https://ws.parlament.ch/OData.svc/Transcript(ID=120547L,Language='DE')","uri":"https://ws.parlament.ch/OData.svc/Transcript(ID=120547L,Language='DE')","type":"itsystems.Pd.DataServices.DataModel.Transcript"},"Subjects":{"__deferred":{"uri":"https://ws.parlament.ch/OData.svc/Transcript(ID=120547L,Language='DE')/Subjects"}},"MembersCouncil":{"__deferred":{"uri":"https://ws.parlament.ch/OData.svc/Transcript(ID=120547L,Language='DE')/MembersCouncil"}},"Businesses":{"__deferred":{"uri":"https://ws.parlament.ch/OData.svc/Transcript(ID=120547L,Language='DE')/Businesses"}},"ID":"120547","Language":"DE","IdSubject":"19421","VoteId":"6078","PersonNumber":null,"Type":2,"Text":"<pd_text><p><i>F\u00fcnfte Abstimmung - Cinqui\u00e8me vote</i></p>\n<p>[NAM]</p>\n<p>F\u00fcr den Antrag der Mehrheit ... 117 Stimmen</p>\n<p>F\u00fcr den Antrag der Minderheit VI ... 64 Stimmen</p>\n<p>[VS]</p>\n</pd_text>","MeetingCouncilAbbreviation":"N","MeetingDate":"20110914","MeetingVerbalixOid":2095,"IdSession":"4820","SpeakerFirstName":null,"SpeakerLastName":null,"SpeakerFullName":"","SpeakerFunction":null,"CouncilId":null,"CouncilName":null,"CantonId":null,"CantonName":null,"CantonAbbreviation":null,"ParlGroupName":null,"ParlGroupAbbreviation":null,"SortOrder":46,"Start":null,"End":null,"Function":null,"DisplaySpeaker":null,"LanguageOfText":"DE","Modified":"\/Date(1774877671026)\/","StartTimeWithTimezone":null,"EndTimeWithTimezone":null,"VoteBusinessNumber":20100089,"VoteBusinessShortNumber":"10.089","VoteBusinessTitle":"Armeebericht 2010"},{"__metadata":{"id":"https://ws.parlament.ch/OData.svc/Transcript(ID=120548L,Language='DE')","uri":"https://ws.parlament.ch/OData.svc/Transcript(ID=120548L,Language='DE')","type":"itsystems.Pd.DataServices.DataModel.Transcript"},"Subjects":{"__deferred":{"uri":"https://ws.parlament.ch/OData.svc/Transcript(ID=120548L,Language='DE')/Subjects"}},"MembersCouncil":{"__deferred":{"uri":"https://ws.parlament.ch/OData.svc/Transcript(ID=120548L,Language='DE')/MembersCouncil"}},"Businesses":{"__deferred":{"uri":"https://ws.parlament.ch/OData.svc/Transcript(ID=120548L,Language='DE')/Businesses"}},"ID":"120548","Language":"DE","IdSubject":"19421","VoteId":"6079","PersonNumber":null,"Type":2,"Text":"<pd_text><p><i>Ziff. II Bst. b (Durchdiener) - Ch. II let. b (militaires en service long)</i></p>\n<p>[VS]</p>\n<p><i>Erste Abstimmung - Premier vote</i></p>\n<p>[NAM]</p>\n<p>F\u00fcr den Antrag der Mehrheit/Minderheit II/III/IV ... 142 Stimmen</p>\n<p>F\u00fcr den Antrag der Minderheit VII ... 39 Stimmen</p>\n</pd_text>","MeetingCouncilAbbreviation":"N","MeetingDate":"20110914","MeetingVerbalixOid":2095,"IdSession":"4820","SpeakerFirstName":null,"SpeakerLastName":null,"SpeakerFullName":"","SpeakerFunction":null,"CouncilId":null,"CouncilName":null,"CantonId":null,"CantonName":null,"CantonAbbreviation":null,"ParlGroupName":null,"ParlGroupAbbreviation":null,"SortOrder":47,"Start":null,"End":null,"Function":null,"DisplaySpeaker":null,"LanguageOfText":"DE","Modified":"\/Date(1774877671027)\/","StartTimeWithTimezone":null,"EndTimeWithTimezone":null,"VoteBusinessNumber":20100089,"VoteBusinessShortNumber":"10.089","VoteBusinessTitle":"Armeebericht 2010"},{"__metadata":{"id":"https://ws.parlament.ch/OData.svc/Transcript(ID=120549L,Language='DE')","uri":"https://ws.parlament.ch/OData.svc/Transcript(ID=120549L,Language='DE')","type":"itsystems.Pd.DataServices.DataModel.Transcript"},"Subjects":{"__deferred":{"uri":"https://ws.parlament.ch/OData.svc/Transcript(ID=120549L,Language='DE')/Subjects"}},"MembersCouncil":{"__deferred":{"uri":"https://ws.parlament.ch/OData.svc/Transcript(ID=120549L,Language='DE')/MembersCouncil"}},"Businesses":{"__deferred":{"uri":"https://ws.parlament.ch/OData.svc/Transcript(ID=120549L,Language='DE')/Businesses"}},"ID":"120549","Language":"DE","IdSubject":"19421","VoteId":"6080","PersonNumber":null,"Type":2,"Text":"<pd_text><p><i>Zweite Abstimmung - Deuxi\u00e8me vote</i></p>\n<p>[NAM]</p>\n<p>F\u00fcr den Antrag der Mehrheit/Minderheit II/III/IV ... 143 Stimmen</p>\n<p>F\u00fcr den Antrag der Minderheit V ... 24 Stimmen</p>\n<p>[VS]</p>\n</pd_text>","MeetingCouncilAbbreviation":"N","MeetingDate":"20110914","MeetingVerbalixOid":2095,"IdSession":"4820","SpeakerFirstName":null,"SpeakerLastName":null,"SpeakerFullName":"","SpeakerFunction":null,"CouncilId":null,"CouncilName":null,"CantonId":null,"CantonName":null,"CantonAbbreviation":null,"ParlGroupName":null,"ParlGroupAbbreviation":null,"SortOrder":48,"Start":null,"End":null,"Function":null,"DisplaySpeaker":null,"LanguageOfText":"DE","Modified":"\/Date(1774877671028)\/","StartTimeWithTimezone":null,"EndTimeWithTimezone":null,"VoteBusinessNumber":20100089,"VoteBusinessShortNumber":"10.089","VoteBusinessTitle":"Armeebericht 2010"}]},"ID":"19421","Language":"DE","IdMeeting":"1342","VerbalixOid":361913,"SortOrder":3,"Modified":"\/Date(1774877670937)\/"}}