{"d":{"__metadata":{"id":"https://ws.parlament.ch/OData.svc/Subject(ID=19575L,Language='DE')","uri":"https://ws.parlament.ch/OData.svc/Subject(ID=19575L,Language='DE')","type":"itsystems.Pd.DataServices.DataModel.Subject"},"Meetings":{"__metadata":{"id":"https://ws.parlament.ch/OData.svc/Meeting(ID=1345L,Language='DE')","uri":"https://ws.parlament.ch/OData.svc/Meeting(ID=1345L,Language='DE')","type":"itsystems.Pd.DataServices.DataModel.Meeting"},"Sessions":{"__deferred":{"uri":"https://ws.parlament.ch/OData.svc/Meeting(ID=1345L,Language='DE')/Sessions"}},"Subjects":{"__deferred":{"uri":"https://ws.parlament.ch/OData.svc/Meeting(ID=1345L,Language='DE')/Subjects"}},"ID":"1345","Language":"DE","MeetingNumber":11,"IdSession":4820,"SessionNumber":20,"SessionName":"Herbstsession 2011","Council":1,"CouncilName":"Nationalrat","CouncilAbbreviation":"NR","Date":"\/Date(1316995200000)\/","Begin":"1430","Modified":"\/Date(1447070195600)\/","LegislativePeriodNumber":48,"PublicationStatus":"final","MeetingOrderText":"Elfte Sitzung","SortOrder":11,"Location":"N"},"SubjectsBusiness":{"results":[{"__metadata":{"id":"https://ws.parlament.ch/OData.svc/SubjectBusiness(BusinessNumber=20115427,IdSubject=19575L,Language='DE')","uri":"https://ws.parlament.ch/OData.svc/SubjectBusiness(BusinessNumber=20115427,IdSubject=19575L,Language='DE')","type":"itsystems.Pd.DataServices.DataModel.SubjectBusiness"},"Subjects":{"__deferred":{"uri":"https://ws.parlament.ch/OData.svc/SubjectBusiness(BusinessNumber=20115427,IdSubject=19575L,Language='DE')/Subjects"}},"Businesses":{"__deferred":{"uri":"https://ws.parlament.ch/OData.svc/SubjectBusiness(BusinessNumber=20115427,IdSubject=19575L,Language='DE')/Businesses"}},"IdSubject":"19575","BusinessNumber":20115427,"Language":"DE","BusinessShortNumber":"11.5427","Title":"Einkommen in der Landwirtschaft","SortOrder":1,"PublishedNotes":null,"Modified":"\/Date(1447069530053)\/","TitleDE":"Fragestunde.\nFrage Kunz Josef.\nEinkommen in der Landwirtschaft","TitleFR":"Heure des questions.\nQuestion Kunz Josef.\nRevenu dans l'agriculture","TitleIT":null}]},"Transcripts":{"results":[{"__metadata":{"id":"https://ws.parlament.ch/OData.svc/Transcript(ID=120967L,Language='DE')","uri":"https://ws.parlament.ch/OData.svc/Transcript(ID=120967L,Language='DE')","type":"itsystems.Pd.DataServices.DataModel.Transcript"},"Subjects":{"__deferred":{"uri":"https://ws.parlament.ch/OData.svc/Transcript(ID=120967L,Language='DE')/Subjects"}},"MembersCouncil":{"__deferred":{"uri":"https://ws.parlament.ch/OData.svc/Transcript(ID=120967L,Language='DE')/MembersCouncil"}},"Businesses":{"__deferred":{"uri":"https://ws.parlament.ch/OData.svc/Transcript(ID=120967L,Language='DE')/Businesses"}},"ID":"120967","Language":"DE","IdSubject":"19575","VoteId":null,"PersonNumber":508,"Type":1,"Text":"<pd_text><p>Der Vergleich wird gemacht bezogen auf das erste Quartil und nicht auf den Durchschnittsbetrieb. Ich habe es soeben gesagt: Die Kriterien f\u00fcr den Verweis auf Artikel 5 Absatz 2 sind nicht gegeben.</p>\n</pd_text>","MeetingCouncilAbbreviation":"N","MeetingDate":"20110926","MeetingVerbalixOid":2102,"IdSession":"4820","SpeakerFirstName":"Johann N.","SpeakerLastName":"Schneider-Ammann","SpeakerFullName":"Schneider-Ammann Johann N.","SpeakerFunction":"BR-M","CouncilId":99,"CouncilName":"Bundesrat","CantonId":2,"CantonName":"Bern","CantonAbbreviation":"BE","ParlGroupName":null,"ParlGroupAbbreviation":null,"SortOrder":3,"Start":"\/Date(1317048050333)\/","End":"\/Date(1317048071786)\/","Function":"BR-M","DisplaySpeaker":true,"LanguageOfText":"DE","Modified":"\/Date(1774877677723)\/","StartTimeWithTimezone":"\/Date(1317048050333+0120)\/","EndTimeWithTimezone":"\/Date(1317048071787+0120)\/","VoteBusinessNumber":null,"VoteBusinessShortNumber":null,"VoteBusinessTitle":null},{"__metadata":{"id":"https://ws.parlament.ch/OData.svc/Transcript(ID=120968L,Language='DE')","uri":"https://ws.parlament.ch/OData.svc/Transcript(ID=120968L,Language='DE')","type":"itsystems.Pd.DataServices.DataModel.Transcript"},"Subjects":{"__deferred":{"uri":"https://ws.parlament.ch/OData.svc/Transcript(ID=120968L,Language='DE')/Subjects"}},"MembersCouncil":{"__deferred":{"uri":"https://ws.parlament.ch/OData.svc/Transcript(ID=120968L,Language='DE')/MembersCouncil"}},"Businesses":{"__deferred":{"uri":"https://ws.parlament.ch/OData.svc/Transcript(ID=120968L,Language='DE')/Businesses"}},"ID":"120968","Language":"DE","IdSubject":"19575","VoteId":null,"PersonNumber":336,"Type":1,"Text":"<pd_text><p>Herr Bundesrat, Ihr Departement schrieb in der Pressemitteilung vom 6. September 2011, dass im Talgebiet noch 66 Prozent, im H\u00fcgelgebiet noch 53 Prozent und im Berggebiet noch 39 Prozent der Betriebe das durchschnittliche Einkommen erreichen. Gleichzeitig besagt Artikel 5 des Landwirtschaftsgesetzes ganz klar, dass der Bundesrat, wenn mehrere Jahre das mittlere Einkommen nicht erreicht wird, befristete Massnahmen zur Verbesserung der Einkommenssituation ergreift. Meines Erachtens ist diese Situation heute ganz klar gegeben, sodass Sie Massnahmen ergreifen m\u00fcssten. Ergreifen Sie keine Massnahmen, wenn bloss noch 50 Prozent der Bauernbetriebe das vergleichbare Einkommen erreichen? Wieso ergreifen Sie keine Massnahmen?</p>\n</pd_text>","MeetingCouncilAbbreviation":"N","MeetingDate":"20110926","MeetingVerbalixOid":2102,"IdSession":"4820","SpeakerFirstName":"Josef","SpeakerLastName":"Kunz","SpeakerFullName":"Kunz Josef","SpeakerFunction":"Mit-M","CouncilId":1,"CouncilName":"Nationalrat","CantonId":3,"CantonName":"Luzern","CantonAbbreviation":"LU","ParlGroupName":"Fraktion der Schweizerischen Volkspartei","ParlGroupAbbreviation":"V","SortOrder":2,"Start":"\/Date(1317047988592)\/","End":"\/Date(1317048050333)\/","Function":"Mit-M","DisplaySpeaker":true,"LanguageOfText":"DE","Modified":"\/Date(1774877677720)\/","StartTimeWithTimezone":"\/Date(1317047988593+0120)\/","EndTimeWithTimezone":"\/Date(1317048050333+0120)\/","VoteBusinessNumber":null,"VoteBusinessShortNumber":null,"VoteBusinessTitle":null},{"__metadata":{"id":"https://ws.parlament.ch/OData.svc/Transcript(ID=120969L,Language='DE')","uri":"https://ws.parlament.ch/OData.svc/Transcript(ID=120969L,Language='DE')","type":"itsystems.Pd.DataServices.DataModel.Transcript"},"Subjects":{"__deferred":{"uri":"https://ws.parlament.ch/OData.svc/Transcript(ID=120969L,Language='DE')/Subjects"}},"MembersCouncil":{"__deferred":{"uri":"https://ws.parlament.ch/OData.svc/Transcript(ID=120969L,Language='DE')/MembersCouncil"}},"Businesses":{"__deferred":{"uri":"https://ws.parlament.ch/OData.svc/Transcript(ID=120969L,Language='DE')/Businesses"}},"ID":"120969","Language":"DE","IdSubject":"19575","VoteId":null,"PersonNumber":508,"Type":1,"Text":"<pd_text><p>Gem\u00e4ss Artikel 5 Absatz 1 des Landwirtschaftsgesetzes wird mit den agrarpolitischen Massnahmen des Bundes angestrebt, dass nachhaltig wirtschaftende und \u00f6konomisch leistungsf\u00e4hige Betriebe im Durchschnitt mehrerer Jahre Einkommen erzielen k\u00f6nnen, die mit jenen der \u00fcbrigen erwerbst\u00e4tigen Bev\u00f6lkerung in der Region vergleichbar sind. Der massgebliche Einkommensvergleich mit der \u00fcbrigen Bev\u00f6lkerung bezieht sich also in diesem Zusammenhang auf eine Auswahl von Betrieben und nicht auf den Durchschnitt aller Betriebe. Als Referenz f\u00fcr die leistungsf\u00e4higen Betriebe wird der mittlere Arbeitsverdienst des besten Quartils der Betriebe aus der zentralen Auswertung von Buchhaltungsdaten herangezogen. Die f\u00fcr den Einkommensvergleich herangezogenen \"leistungsf\u00e4higen Betriebe\" erreichten 2010 zum grossen Teil den Vergleichslohn, obwohl der Arbeitsverdienst je Familienarbeitskraft im Durchschnitt der Buchhaltungsbetriebe um 4,9 Prozent gesunken ist. Die Voraussetzung f\u00fcr Massnahmen nach Artikel 5 Absatz 2 des Landwirtschaftsgesetzes ist somit nicht gegeben. </p>\n<p>Zentral f\u00fcr eine Einkommensverbesserung ist aus Sicht des Bundesrates die Beseitigung von Ungleichgewichten auf einzelnen M\u00e4rkten. Angebot und Nachfrage m\u00fcssen speziell bei den Schlachtschweinen und bei der Milch wieder in \u00dcbereinstimmung gebracht werden. Mit der Allgemeinverbindlichkeitserkl\u00e4rung f\u00fcr die Massnahmen der Branchenorganisation Milch unterst\u00fctzt der Bundesrat die Marktpartner bei der Sanierung des Milchmarktes. Im Bereich Exportf\u00f6rderung wird das Budget f\u00fcr die Finanzierung der Ausfuhrbeitr\u00e4ge f\u00fcr landwirtschaftliche Verarbeitungsprodukte - ich spreche vom \"Schoggi-Gesetz\" - im Rahmen des Hilfspaketes gegen den hohen Schweizerfranken f\u00fcr das Jahr 2011 um 10 Millionen Franken erh\u00f6ht. Damit wird die w\u00e4hrungsbedingte Vergr\u00f6sserung der Rohstoffpreisdifferenzen zwischen der Schweiz und der EU gemildert.</p>\n</pd_text>","MeetingCouncilAbbreviation":"N","MeetingDate":"20110926","MeetingVerbalixOid":2102,"IdSession":"4820","SpeakerFirstName":"Johann N.","SpeakerLastName":"Schneider-Ammann","SpeakerFullName":"Schneider-Ammann Johann N.","SpeakerFunction":"BR-M","CouncilId":99,"CouncilName":"Bundesrat","CantonId":2,"CantonName":"Bern","CantonAbbreviation":"BE","ParlGroupName":null,"ParlGroupAbbreviation":null,"SortOrder":1,"Start":"\/Date(1317047836074)\/","End":"\/Date(1317047988592)\/","Function":"BR-M","DisplaySpeaker":true,"LanguageOfText":"DE","Modified":"\/Date(1774877677718)\/","StartTimeWithTimezone":"\/Date(1317047836073+0120)\/","EndTimeWithTimezone":"\/Date(1317047988593+0120)\/","VoteBusinessNumber":null,"VoteBusinessShortNumber":null,"VoteBusinessTitle":null}]},"ID":"19575","Language":"DE","IdMeeting":"1345","VerbalixOid":364664,"SortOrder":4,"Modified":"\/Date(1774877677716)\/"}}