{"d":{"__metadata":{"id":"https://ws.parlament.ch/OData.svc/Subject(ID=19618L,Language='DE')","uri":"https://ws.parlament.ch/OData.svc/Subject(ID=19618L,Language='DE')","type":"itsystems.Pd.DataServices.DataModel.Subject"},"Meetings":{"__metadata":{"id":"https://ws.parlament.ch/OData.svc/Meeting(ID=1345L,Language='DE')","uri":"https://ws.parlament.ch/OData.svc/Meeting(ID=1345L,Language='DE')","type":"itsystems.Pd.DataServices.DataModel.Meeting"},"Sessions":{"__deferred":{"uri":"https://ws.parlament.ch/OData.svc/Meeting(ID=1345L,Language='DE')/Sessions"}},"Subjects":{"__deferred":{"uri":"https://ws.parlament.ch/OData.svc/Meeting(ID=1345L,Language='DE')/Subjects"}},"ID":"1345","Language":"DE","MeetingNumber":11,"IdSession":4820,"SessionNumber":20,"SessionName":"Herbstsession 2011","Council":1,"CouncilName":"Nationalrat","CouncilAbbreviation":"NR","Date":"\/Date(1316995200000)\/","Begin":"1430","Modified":"\/Date(1447070195600)\/","LegislativePeriodNumber":48,"PublicationStatus":"final","MeetingOrderText":"Elfte Sitzung","SortOrder":11,"Location":"N"},"SubjectsBusiness":{"results":[{"__metadata":{"id":"https://ws.parlament.ch/OData.svc/SubjectBusiness(BusinessNumber=20115439,IdSubject=19618L,Language='DE')","uri":"https://ws.parlament.ch/OData.svc/SubjectBusiness(BusinessNumber=20115439,IdSubject=19618L,Language='DE')","type":"itsystems.Pd.DataServices.DataModel.SubjectBusiness"},"Subjects":{"__deferred":{"uri":"https://ws.parlament.ch/OData.svc/SubjectBusiness(BusinessNumber=20115439,IdSubject=19618L,Language='DE')/Subjects"}},"Businesses":{"__deferred":{"uri":"https://ws.parlament.ch/OData.svc/SubjectBusiness(BusinessNumber=20115439,IdSubject=19618L,Language='DE')/Businesses"}},"IdSubject":"19618","BusinessNumber":20115439,"Language":"DE","BusinessShortNumber":"11.5439","Title":"Frankenst\u00e4rke und Preis\u00fcberwacher","SortOrder":1,"PublishedNotes":null,"Modified":"\/Date(1447069530286)\/","TitleDE":"Fragestunde.\nFrage Baumann J. Alexander.\nFrankenst\u00e4rke\nund Preis\u00fcberwacher","TitleFR":"Heure des questions.\nQuestion Baumann J. Alexander.\nForce du franc.\nQue fait le surveillant des prix?","TitleIT":null}]},"Transcripts":{"results":[{"__metadata":{"id":"https://ws.parlament.ch/OData.svc/Transcript(ID=121122L,Language='DE')","uri":"https://ws.parlament.ch/OData.svc/Transcript(ID=121122L,Language='DE')","type":"itsystems.Pd.DataServices.DataModel.Transcript"},"Subjects":{"__deferred":{"uri":"https://ws.parlament.ch/OData.svc/Transcript(ID=121122L,Language='DE')/Subjects"}},"MembersCouncil":{"__deferred":{"uri":"https://ws.parlament.ch/OData.svc/Transcript(ID=121122L,Language='DE')/MembersCouncil"}},"Businesses":{"__deferred":{"uri":"https://ws.parlament.ch/OData.svc/Transcript(ID=121122L,Language='DE')/Businesses"}},"ID":"121122","Language":"DE","IdSubject":"19618","VoteId":null,"PersonNumber":508,"Type":1,"Text":"<pd_text><p>Der EVD-Vorsteher und der Bundesrat haben ein Interesse, dass die Kosten in diesem Land nicht h\u00f6her werden, sondern gesenkt werden k\u00f6nnen. Bei den Mineral\u00f6lstoffen, Benzin inklusive, ist der administrierte Teil sehr gross. Was ich beantwortet habe, ist die Frage zum Effekt \u00fcber den Wechselkurs. Da sind wir aufgrund der Studien der Meinung, dass die Vorteile \u00fcber die Wertsch\u00f6pfungskette bis zum Konsumenten weitergegeben wurden. Den Verdacht muss ich im Raume stehenlassen, behaupte aber, dass die bundesr\u00e4tliche Politik darauf ausgerichtet ist, insgesamt Vorteile bis zum Konsumenten weiterzugeben.</p>\n</pd_text>","MeetingCouncilAbbreviation":"N","MeetingDate":"20110926","MeetingVerbalixOid":2102,"IdSession":"4820","SpeakerFirstName":"Johann N.","SpeakerLastName":"Schneider-Ammann","SpeakerFullName":"Schneider-Ammann Johann N.","SpeakerFunction":"BR-M","CouncilId":99,"CouncilName":"Bundesrat","CantonId":2,"CantonName":"Bern","CantonAbbreviation":"BE","ParlGroupName":null,"ParlGroupAbbreviation":null,"SortOrder":3,"Start":"\/Date(1317048546119)\/","End":"\/Date(1317048602947)\/","Function":"BR-M","DisplaySpeaker":true,"LanguageOfText":"DE","Modified":"\/Date(1774877677738)\/","StartTimeWithTimezone":"\/Date(1317048546120+0120)\/","EndTimeWithTimezone":"\/Date(1317048602947+0120)\/","VoteBusinessNumber":null,"VoteBusinessShortNumber":null,"VoteBusinessTitle":null},{"__metadata":{"id":"https://ws.parlament.ch/OData.svc/Transcript(ID=121123L,Language='DE')","uri":"https://ws.parlament.ch/OData.svc/Transcript(ID=121123L,Language='DE')","type":"itsystems.Pd.DataServices.DataModel.Transcript"},"Subjects":{"__deferred":{"uri":"https://ws.parlament.ch/OData.svc/Transcript(ID=121123L,Language='DE')/Subjects"}},"MembersCouncil":{"__deferred":{"uri":"https://ws.parlament.ch/OData.svc/Transcript(ID=121123L,Language='DE')/MembersCouncil"}},"Businesses":{"__deferred":{"uri":"https://ws.parlament.ch/OData.svc/Transcript(ID=121123L,Language='DE')/Businesses"}},"ID":"121123","Language":"DE","IdSubject":"19618","VoteId":null,"PersonNumber":304,"Type":1,"Text":"<pd_text><p>Herr Bundesrat, ich kaufe wahrscheinlich mein Benzin an der falschen Tankstelle. Es ist immer noch gleich teuer wie damals, als der Dollar noch Fr. 1.60 kostete; jetzt ist er bei 85 Rappen. Ich habe den Verdacht - und m\u00f6chte Sie fragen, ob er berechtigt ist -, dass der Bundesrat \u00fcberhaupt kein Interesse an einer Preissenkung der Erd\u00f6lprodukte hat, weil die verschiedenen \"Wegelagerertaxen\", die auf dem Benzin erhoben werden und es stark verteuern, Geb\u00fchren zugunsten des Bundes bzw. zugunsten der Eisenbahn und zulasten der Autoben\u00fctzer darstellen und in Prozenten des Importpreises der Erd\u00f6lprodukte erhoben werden. Kann man da im Bundesrat ein Interesse haben, dass der Preis zur\u00fcckgeht? </p>\n</pd_text>","MeetingCouncilAbbreviation":"N","MeetingDate":"20110926","MeetingVerbalixOid":2102,"IdSession":"4820","SpeakerFirstName":"J. Alexander","SpeakerLastName":"Baumann","SpeakerFullName":"Baumann J. Alexander","SpeakerFunction":"Mit-M","CouncilId":1,"CouncilName":"Nationalrat","CantonId":20,"CantonName":"Thurgau","CantonAbbreviation":"TG","ParlGroupName":"Fraktion der Schweizerischen Volkspartei","ParlGroupAbbreviation":"V","SortOrder":2,"Start":"\/Date(1317048476005)\/","End":"\/Date(1317048546119)\/","Function":"Mit-M","DisplaySpeaker":true,"LanguageOfText":"DE","Modified":"\/Date(1774877677734)\/","StartTimeWithTimezone":"\/Date(1317048476007+0120)\/","EndTimeWithTimezone":"\/Date(1317048546120+0120)\/","VoteBusinessNumber":null,"VoteBusinessShortNumber":null,"VoteBusinessTitle":null},{"__metadata":{"id":"https://ws.parlament.ch/OData.svc/Transcript(ID=121124L,Language='DE')","uri":"https://ws.parlament.ch/OData.svc/Transcript(ID=121124L,Language='DE')","type":"itsystems.Pd.DataServices.DataModel.Transcript"},"Subjects":{"__deferred":{"uri":"https://ws.parlament.ch/OData.svc/Transcript(ID=121124L,Language='DE')/Subjects"}},"MembersCouncil":{"__deferred":{"uri":"https://ws.parlament.ch/OData.svc/Transcript(ID=121124L,Language='DE')/MembersCouncil"}},"Businesses":{"__deferred":{"uri":"https://ws.parlament.ch/OData.svc/Transcript(ID=121124L,Language='DE')/Businesses"}},"ID":"121124","Language":"DE","IdSubject":"19618","VoteId":null,"PersonNumber":508,"Type":1,"Text":"<pd_text><p>Der Preis\u00fcberwacher kann und soll dort eingreifen, wo mangelnder Wettbewerb zu missbr\u00e4uchlichen Preisen f\u00fchrt. Klar von seinem Einfluss ausgenommen sind hingegen M\u00e4rkte, auf welchen wirksamer Wettbewerb herrscht. Die Wettbewerbskommission ist in einer ausf\u00fchrlichen Untersuchung des Benzinmarktes ebenso wie das Bundesamt f\u00fcr Energie zum Schluss gekommen, dass auf diesem Markt der Wettbewerb funktioniert. Zum gleichen Schluss ist das Seco Mitte dieses Jahres gelangt. Es hat in einem Bericht festgestellt: \"Die Einkaufsvorteile bei Mineral\u00f6lprodukten werden gem\u00e4ss rein statistischen Betrachtungen weitaus am besten weitergegeben.\" Damit ist ein Preismissbrauch im Sinne des Preis\u00fcberwachungsgesetzes auf dem Markt f\u00fcr Benzin ebenso ausgeschlossen wie ein weiter gehendes Eingreifen des Preis\u00fcberwachers.</p>\n</pd_text>","MeetingCouncilAbbreviation":"N","MeetingDate":"20110926","MeetingVerbalixOid":2102,"IdSession":"4820","SpeakerFirstName":"Johann N.","SpeakerLastName":"Schneider-Ammann","SpeakerFullName":"Schneider-Ammann Johann N.","SpeakerFunction":"BR-M","CouncilId":99,"CouncilName":"Bundesrat","CantonId":2,"CantonName":"Bern","CantonAbbreviation":"BE","ParlGroupName":null,"ParlGroupAbbreviation":null,"SortOrder":1,"Start":"\/Date(1317048395409)\/","End":"\/Date(1317048476005)\/","Function":"BR-M","DisplaySpeaker":true,"LanguageOfText":"DE","Modified":"\/Date(1774877677732)\/","StartTimeWithTimezone":"\/Date(1317048395410+0120)\/","EndTimeWithTimezone":"\/Date(1317048476007+0120)\/","VoteBusinessNumber":null,"VoteBusinessShortNumber":null,"VoteBusinessTitle":null}]},"ID":"19618","Language":"DE","IdMeeting":"1345","VerbalixOid":364679,"SortOrder":7,"Modified":"\/Date(1774877677730)\/"}}