{"d":{"__metadata":{"id":"https://ws.parlament.ch/OData.svc/Subject(ID=19725L,Language='DE')","uri":"https://ws.parlament.ch/OData.svc/Subject(ID=19725L,Language='DE')","type":"itsystems.Pd.DataServices.DataModel.Subject"},"Meetings":{"__metadata":{"id":"https://ws.parlament.ch/OData.svc/Meeting(ID=1347L,Language='DE')","uri":"https://ws.parlament.ch/OData.svc/Meeting(ID=1347L,Language='DE')","type":"itsystems.Pd.DataServices.DataModel.Meeting"},"Sessions":{"__deferred":{"uri":"https://ws.parlament.ch/OData.svc/Meeting(ID=1347L,Language='DE')/Sessions"}},"Subjects":{"__deferred":{"uri":"https://ws.parlament.ch/OData.svc/Meeting(ID=1347L,Language='DE')/Subjects"}},"ID":"1347","Language":"DE","MeetingNumber":14,"IdSession":4820,"SessionNumber":20,"SessionName":"Herbstsession 2011","Council":1,"CouncilName":"Nationalrat","CouncilAbbreviation":"NR","Date":"\/Date(1317168000000)\/","Begin":"1500","Modified":"\/Date(1447070196757)\/","LegislativePeriodNumber":48,"PublicationStatus":"final","MeetingOrderText":"Vierzehnte Sitzung","SortOrder":14,"Location":"N"},"SubjectsBusiness":{"results":[{"__metadata":{"id":"https://ws.parlament.ch/OData.svc/SubjectBusiness(BusinessNumber=20090074,IdSubject=19725L,Language='DE')","uri":"https://ws.parlament.ch/OData.svc/SubjectBusiness(BusinessNumber=20090074,IdSubject=19725L,Language='DE')","type":"itsystems.Pd.DataServices.DataModel.SubjectBusiness"},"Subjects":{"__deferred":{"uri":"https://ws.parlament.ch/OData.svc/SubjectBusiness(BusinessNumber=20090074,IdSubject=19725L,Language='DE')/Subjects"}},"Businesses":{"__deferred":{"uri":"https://ws.parlament.ch/OData.svc/SubjectBusiness(BusinessNumber=20090074,IdSubject=19725L,Language='DE')/Businesses"}},"IdSubject":"19725","BusinessNumber":20090074,"Language":"DE","BusinessShortNumber":"09.074","Title":"Bauspar-Initiative sowie Eigene vier W\u00e4nde dank Bausparen. Volksinitiativen","SortOrder":1,"PublishedNotes":"Differenzen - Divergences\n","Modified":"\/Date(1447069399553)\/","TitleDE":"Bauspar-Initiative\nsowie \"Eigene vier W\u00e4nde\ndank Bausparen\".\nVolksinitiativen","TitleFR":"Initiative sur l'\u00e9pargne-logement\net \"Acc\u00e9der \u00e0 la propri\u00e9t\u00e9\ngr\u00e2ce \u00e0 l'\u00e9pargne-logement\".\nInitiatives populaires","TitleIT":null}]},"Transcripts":{"results":[{"__metadata":{"id":"https://ws.parlament.ch/OData.svc/Transcript(ID=121376L,Language='DE')","uri":"https://ws.parlament.ch/OData.svc/Transcript(ID=121376L,Language='DE')","type":"itsystems.Pd.DataServices.DataModel.Transcript"},"Subjects":{"__deferred":{"uri":"https://ws.parlament.ch/OData.svc/Transcript(ID=121376L,Language='DE')/Subjects"}},"MembersCouncil":{"__deferred":{"uri":"https://ws.parlament.ch/OData.svc/Transcript(ID=121376L,Language='DE')/MembersCouncil"}},"Businesses":{"__deferred":{"uri":"https://ws.parlament.ch/OData.svc/Transcript(ID=121376L,Language='DE')/Businesses"}},"ID":"121376","Language":"DE","IdSubject":"19725","VoteId":"6424","PersonNumber":null,"Type":2,"Text":"<pd_text><p><i>Abstimmung - Vote</i></p>\n<p>[NAM]</p>\n<p>F\u00fcr den Antrag der Mehrheit ... 98 Stimmen</p>\n<p>F\u00fcr den Antrag der Minderheit ... 62 Stimmen</p>\n<p>[VS]</p>\n<p><b>Le pr\u00e9sident </b>(Germanier Jean-Ren\u00e9, pr\u00e9sident): Le Conseil national recommande donc au peuple et aux cantons d'accepter l'initiative populaire \"Acc\u00e9der \u00e0 la propri\u00e9t\u00e9 gr\u00e2ce \u00e0 l'\u00e9pargne-logement\".</p>\n</pd_text>","MeetingCouncilAbbreviation":"N","MeetingDate":"20110928","MeetingVerbalixOid":2105,"IdSession":"4820","SpeakerFirstName":null,"SpeakerLastName":null,"SpeakerFullName":"","SpeakerFunction":null,"CouncilId":null,"CouncilName":null,"CantonId":null,"CantonName":null,"CantonAbbreviation":null,"ParlGroupName":null,"ParlGroupAbbreviation":null,"SortOrder":15,"Start":null,"End":null,"Function":null,"DisplaySpeaker":null,"LanguageOfText":"DE","Modified":"\/Date(1774877680812)\/","StartTimeWithTimezone":null,"EndTimeWithTimezone":null,"VoteBusinessNumber":20090074,"VoteBusinessShortNumber":"09.074","VoteBusinessTitle":"Bauspar-Initiative\nsowie \"Eigene vier W\u00e4nde\ndank Bausparen\".\nVolksinitiativen"},{"__metadata":{"id":"https://ws.parlament.ch/OData.svc/Transcript(ID=121377L,Language='DE')","uri":"https://ws.parlament.ch/OData.svc/Transcript(ID=121377L,Language='DE')","type":"itsystems.Pd.DataServices.DataModel.Transcript"},"Subjects":{"__deferred":{"uri":"https://ws.parlament.ch/OData.svc/Transcript(ID=121377L,Language='DE')/Subjects"}},"MembersCouncil":{"__deferred":{"uri":"https://ws.parlament.ch/OData.svc/Transcript(ID=121377L,Language='DE')/MembersCouncil"}},"Businesses":{"__deferred":{"uri":"https://ws.parlament.ch/OData.svc/Transcript(ID=121377L,Language='DE')/Businesses"}},"ID":"121377","Language":"DE","IdSubject":"19725","VoteId":null,"PersonNumber":null,"Type":3,"Text":"<pd_text><p><b>2. Bundesbeschluss \u00fcber die Volksinitiative \"Eigene vier W\u00e4nde dank Bausparen\" </b></p>\n<p><b>2. Arr\u00eat\u00e9 f\u00e9d\u00e9ral concernant l'initiative populaire \"Acc\u00e9der \u00e0 la propri\u00e9t\u00e9 gr\u00e2ce \u00e0 l'\u00e9pargne-logement\" </b></p>\n<p>[VS]</p>\n<p><b>Art. 2</b></p>\n<p><i>Antrag der Einigungskonferenz</i></p>\n<p><i>Mehrheit</i></p>\n<p>Zustimmung zum Beschluss des Nationalrates</p>\n<p>[VS]</p>\n<p><i>Minderheit</i></p>\n<p>(F\u00e4ssler, Marty Dick, de Buman, Fehr Hans-J\u00fcrg, Leutenegger Oberholzer)</p>\n<p>Ablehnung des Antrages der Einigungskonferenz</p>\n<p>[VS]</p>\n<p><b>Art. 2</b></p>\n<p><i>Proposition de la Conf\u00e9rence de conciliation</i></p>\n<p><i>Majorit\u00e9</i></p>\n<p>Adh\u00e9rer \u00e0 la d\u00e9cision du Conseil national</p>\n<p>[VS]</p>\n<p><i>Minorit\u00e9</i></p>\n<p>(F\u00e4ssler, Marty Dick, de Buman, Fehr Hans-J\u00fcrg, Leutenegger Oberholzer)</p>\n<p>Rejeter la proposition de la Conf\u00e9rence de conciliation</p>\n</pd_text>","MeetingCouncilAbbreviation":"N","MeetingDate":"20110928","MeetingVerbalixOid":2105,"IdSession":"4820","SpeakerFirstName":null,"SpeakerLastName":null,"SpeakerFullName":"","SpeakerFunction":null,"CouncilId":null,"CouncilName":null,"CantonId":null,"CantonName":null,"CantonAbbreviation":null,"ParlGroupName":null,"ParlGroupAbbreviation":null,"SortOrder":14,"Start":null,"End":null,"Function":null,"DisplaySpeaker":null,"LanguageOfText":"DE","Modified":"\/Date(1774877680810)\/","StartTimeWithTimezone":null,"EndTimeWithTimezone":null,"VoteBusinessNumber":null,"VoteBusinessShortNumber":null,"VoteBusinessTitle":null},{"__metadata":{"id":"https://ws.parlament.ch/OData.svc/Transcript(ID=121378L,Language='DE')","uri":"https://ws.parlament.ch/OData.svc/Transcript(ID=121378L,Language='DE')","type":"itsystems.Pd.DataServices.DataModel.Transcript"},"Subjects":{"__deferred":{"uri":"https://ws.parlament.ch/OData.svc/Transcript(ID=121378L,Language='DE')/Subjects"}},"MembersCouncil":{"__deferred":{"uri":"https://ws.parlament.ch/OData.svc/Transcript(ID=121378L,Language='DE')/MembersCouncil"}},"Businesses":{"__deferred":{"uri":"https://ws.parlament.ch/OData.svc/Transcript(ID=121378L,Language='DE')/Businesses"}},"ID":"121378","Language":"DE","IdSubject":"19725","VoteId":"6423","PersonNumber":null,"Type":2,"Text":"<pd_text><p><i>Abstimmung - Vote</i></p>\n<p>[NAM]</p>\n<p>F\u00fcr den Antrag der Minderheit ... 93 Stimmen</p>\n<p>F\u00fcr den Antrag der Mehrheit ... 70 Stimmen</p>\n<p>[VS]</p>\n<p><b>Le pr\u00e9sident </b>(Germanier Jean-Ren\u00e9, pr\u00e9sident): L'initiative populaire sera donc soumise au peuple et aux cantons sans recommandation de l'Assembl\u00e9e f\u00e9d\u00e9rale.</p>\n<p>[VS]</p>\n</pd_text>","MeetingCouncilAbbreviation":"N","MeetingDate":"20110928","MeetingVerbalixOid":2105,"IdSession":"4820","SpeakerFirstName":null,"SpeakerLastName":null,"SpeakerFullName":"","SpeakerFunction":null,"CouncilId":null,"CouncilName":null,"CantonId":null,"CantonName":null,"CantonAbbreviation":null,"ParlGroupName":null,"ParlGroupAbbreviation":null,"SortOrder":13,"Start":"\/Date(1317223389806)\/","End":"\/Date(1317223465578)\/","Function":null,"DisplaySpeaker":null,"LanguageOfText":"DE","Modified":"\/Date(1774877680808)\/","StartTimeWithTimezone":"\/Date(1317223389807+0120)\/","EndTimeWithTimezone":"\/Date(1317223465577+0120)\/","VoteBusinessNumber":20090074,"VoteBusinessShortNumber":"09.074","VoteBusinessTitle":"Bauspar-Initiative\nsowie \"Eigene vier W\u00e4nde\ndank Bausparen\".\nVolksinitiativen"},{"__metadata":{"id":"https://ws.parlament.ch/OData.svc/Transcript(ID=121379L,Language='DE')","uri":"https://ws.parlament.ch/OData.svc/Transcript(ID=121379L,Language='DE')","type":"itsystems.Pd.DataServices.DataModel.Transcript"},"Subjects":{"__deferred":{"uri":"https://ws.parlament.ch/OData.svc/Transcript(ID=121379L,Language='DE')/Subjects"}},"MembersCouncil":{"__deferred":{"uri":"https://ws.parlament.ch/OData.svc/Transcript(ID=121379L,Language='DE')/MembersCouncil"}},"Businesses":{"__deferred":{"uri":"https://ws.parlament.ch/OData.svc/Transcript(ID=121379L,Language='DE')/Businesses"}},"ID":"121379","Language":"DE","IdSubject":"19725","VoteId":null,"PersonNumber":1117,"Type":1,"Text":"<pd_text><p><b>Le pr\u00e9sident </b>(Germanier Jean-Ren\u00e9, pr\u00e9sident): Un seul d\u00e9bat a lieu sur la proposition de la minorit\u00e9 Baader Caspar \u00e0 l'article 2 du projet 1 et sur la proposition de la minorit\u00e9 F\u00e4ssler \u00e0 l'article 2 du projet 2.</p>\n</pd_text>","MeetingCouncilAbbreviation":"N","MeetingDate":"20110928","MeetingVerbalixOid":2105,"IdSession":"4820","SpeakerFirstName":"Jean-Ren\u00e9","SpeakerLastName":"Germanier","SpeakerFullName":"Germanier Jean-Ren\u00e9","SpeakerFunction":"P-M","CouncilId":1,"CouncilName":"Nationalrat","CantonId":23,"CantonName":"Wallis","CantonAbbreviation":"VS","ParlGroupName":"Freisinnig-demokratische Fraktion","ParlGroupAbbreviation":"RL","SortOrder":1,"Start":"\/Date(1317222133603)\/","End":"\/Date(1317222244763)\/","Function":"P-M","DisplaySpeaker":false,"LanguageOfText":null,"Modified":"\/Date(1774877680791)\/","StartTimeWithTimezone":"\/Date(1317222133603+0120)\/","EndTimeWithTimezone":"\/Date(1317222244763+0120)\/","VoteBusinessNumber":null,"VoteBusinessShortNumber":null,"VoteBusinessTitle":null},{"__metadata":{"id":"https://ws.parlament.ch/OData.svc/Transcript(ID=121380L,Language='DE')","uri":"https://ws.parlament.ch/OData.svc/Transcript(ID=121380L,Language='DE')","type":"itsystems.Pd.DataServices.DataModel.Transcript"},"Subjects":{"__deferred":{"uri":"https://ws.parlament.ch/OData.svc/Transcript(ID=121380L,Language='DE')/Subjects"}},"MembersCouncil":{"__deferred":{"uri":"https://ws.parlament.ch/OData.svc/Transcript(ID=121380L,Language='DE')/MembersCouncil"}},"Businesses":{"__deferred":{"uri":"https://ws.parlament.ch/OData.svc/Transcript(ID=121380L,Language='DE')/Businesses"}},"ID":"121380","Language":"DE","IdSubject":"19725","VoteId":null,"PersonNumber":404,"Type":1,"Text":"<pd_text><p>Es geht bei diesen Vorlagen um zwei Initiativen. Die Vorlage 1 betrifft die Bauspar-Initiative der Schweizerischen Gesellschaft zur F\u00f6rderung des Bausparens; hiermit soll das Bausparen fakultativ eingef\u00fchrt werden. Die Vorlage 2 betrifft die Initiative \"Eigene vier W\u00e4nde dank Bausparen\"; das ist eine Initiative des Schweizerischen Hauseigent\u00fcmerverbandes, mit der das Bausparen obligatorisch eingef\u00fchrt werden soll.</p>\n<p>Die Einigungskonferenz hat heute \u00fcber den Mittag \u00fcber diese beiden Initiativen beraten. Sie stellt folgende Antr\u00e4ge: Sie empfiehlt bei der Vorlage 1 die Ablehnung, das entspricht der bisherigen st\u00e4nder\u00e4tlichen Haltung. Unser Rat hat diese Initiative immer gutgeheissen, zum letzten Mal mit 100 zu 60 Stimmen. Deshalb habe ich einen Minderheitsantrag gegen den Antrag der Einigungskonferenz eingereicht, der heisst: Ablehnung des Antrages der Einigungskonferenz. Man kann mit einem Minderheitsantrag nur das verlangen. Das w\u00fcrde wiederum bedeuten, dass die Bundesversammlung bei dieser Initiative keine Empfehlung abgeben w\u00fcrde. Ich bitte Sie, bei der Vorlage 1 meiner Minderheit zu folgen. Das ist kongruent mit der bisherigen Haltung unseres Rates.</p>\n<p>Bei der Vorlage 2, \"Eigene vier W\u00e4nde dank Bausparen\", habe ich keinen Minderheitsantrag eingereicht, weil hier die Einigungskonferenz den Antrag stellt, diese Volksinitiative anzunehmen. Ich beantrage Ihnen hier, dem Antrag der Einigungskonferenz zuzustimmen.</p>\n<p>Die Differenz in der Haltung der Einigungskonferenz zu diesen beiden Initiativen ist darin begr\u00fcndet, dass die erste Initiative das Bausparen f\u00fcr die Kantone fakultativ einf\u00fchren will. Da kam der Einwand, dass das gegen die Harmonisierung spreche. Auf der anderen Seite k\u00f6nnen die Kantone, die das Bausparen nicht einf\u00fchren wollen, auch darauf verzichten, sie sind flexibler. Bei der Vorlage 2 wird das Bausparen obligatorisch eingef\u00fchrt.</p>\n<p>Nochmals: Ich bitte Sie, bei der Vorlage 1 entsprechend der bisherigen Haltung unseres Rates meinen Minderheitsantrag zu unterst\u00fctzen. Das bedeutet Ablehnung des Antrages der Einigungskonferenz. Das heisst, die Bundesversammlung verzichtet auf eine Empfehlung gegen\u00fcber Volk und St\u00e4nden.</p>\n</pd_text>","MeetingCouncilAbbreviation":"N","MeetingDate":"20110928","MeetingVerbalixOid":2105,"IdSession":"4820","SpeakerFirstName":"Caspar","SpeakerLastName":"Baader","SpeakerFullName":"Baader Caspar","SpeakerFunction":"Mit-M","CouncilId":1,"CouncilName":"Nationalrat","CantonId":13,"CantonName":"Basel-Landschaft","CantonAbbreviation":"BL","ParlGroupName":"Fraktion der Schweizerischen Volkspartei","ParlGroupAbbreviation":"V","SortOrder":2,"Start":"\/Date(1317222244763)\/","End":"\/Date(1317222433229)\/","Function":"Mit-M","DisplaySpeaker":true,"LanguageOfText":"DE","Modified":"\/Date(1774877680792)\/","StartTimeWithTimezone":"\/Date(1317222244763+0120)\/","EndTimeWithTimezone":"\/Date(1317222433230+0120)\/","VoteBusinessNumber":null,"VoteBusinessShortNumber":null,"VoteBusinessTitle":null},{"__metadata":{"id":"https://ws.parlament.ch/OData.svc/Transcript(ID=121381L,Language='DE')","uri":"https://ws.parlament.ch/OData.svc/Transcript(ID=121381L,Language='DE')","type":"itsystems.Pd.DataServices.DataModel.Transcript"},"Subjects":{"__deferred":{"uri":"https://ws.parlament.ch/OData.svc/Transcript(ID=121381L,Language='DE')/Subjects"}},"MembersCouncil":{"__deferred":{"uri":"https://ws.parlament.ch/OData.svc/Transcript(ID=121381L,Language='DE')/MembersCouncil"}},"Businesses":{"__deferred":{"uri":"https://ws.parlament.ch/OData.svc/Transcript(ID=121381L,Language='DE')/Businesses"}},"ID":"121381","Language":"DE","IdSubject":"19725","VoteId":null,"PersonNumber":395,"Type":1,"Text":"<pd_text><p>Es wird Sie nicht verwundern, dass ich Ihnen hier das Gegenteil zu tun empfehle.</p>\n<p>Wir haben \u00fcber Mittag eine Einigungskonferenz gehabt, die interessanterweise zwei verschiedene Resultate hervorgebracht hat. So ergab die Konferenz bez\u00fcglich der Initiative \"f\u00fcr ein steuerlich beg\u00fcnstigtes Bausparen zum Erwerb von selbstgenutztem Wohneigentum und zur Finanzierung von baulichen Energiespar- und Umweltschutzmassnahmen\" eine Empfehlung zur Ablehnung. Auch die St\u00e4nder\u00e4te waren dieser Meinung, und zwar nicht zuletzt deshalb, weil wir hier ein Disharmonisierungsprojekt vor uns liegen haben, dem nicht zugestimmt werden kann. Es kann nicht sein, dass wir auf diesem Weg die Praxis des Kantons Basel-Landschaft, die eigentlich schon l\u00e4ngst illegal ist, legalisieren. Ich m\u00f6chte Sie hier dringend bitten, dem Antrag der Einigungskonferenz zuzustimmen und das Projekt zu versenken. </p>\n<p>Bez\u00fcglich des Bundesbeschlusses 2 zur Initiative \"Eigene vier W\u00e4nde dank Bausparen\" m\u00f6chte ich Sie bitten, den Antrag der Einigungskonferenz abzulehnen. Die Einigungskonferenz empfiehlt Ihnen hier, der Initiative zuzustimmen. Diese hat aber genau dieselben M\u00e4ngel, ausser dass sie eine Muss-Formulierung enth\u00e4lt. Wie die erste m\u00f6chte sie das Bausparen \u00fcber das Steuernsparen f\u00f6rdern, und das - dar\u00fcber haben wir ja lange genug gestritten - hilft nur denjenigen, die \u00fcberhaupt je in der Lage sein werden, Wohneigentum zu erwerben. Wenn hier gesagt wurde, beide Initiativen w\u00fcrden ja die Mieterinnen und Mieter beg\u00fcnstigen, weil die dann irgendwann Wohneigentum erwerben k\u00f6nnen, ist das zwar richtig, aber es ist l\u00e4ngst nicht f\u00fcr alle Mieterinnen und Mieter so, denn l\u00e4ngst nicht alle werden gen\u00fcgend Geld haben, je etwas Eigenes zu erwerben. </p>\n<p>Ich m\u00f6chte Sie also bitten, den Antrag der Einigungskonferenz zum Bundesbeschluss 2 abzulehnen und beide Initiativen zusammen mit dem Bundesrat, der hier seine Haltung beibehalten hat, der Stimmbev\u00f6lkerung zur Ablehnung zu empfehlen.</p>\n</pd_text>","MeetingCouncilAbbreviation":"N","MeetingDate":"20110928","MeetingVerbalixOid":2105,"IdSession":"4820","SpeakerFirstName":"Hildegard","SpeakerLastName":"F\u00e4ssler-Osterwalder","SpeakerFullName":"F\u00e4ssler-Osterwalder Hildegard","SpeakerFunction":"Mit-F","CouncilId":1,"CouncilName":"Nationalrat","CantonId":17,"CantonName":"St. Gallen","CantonAbbreviation":"SG","ParlGroupName":"Sozialdemokratische Fraktion","ParlGroupAbbreviation":"S","SortOrder":3,"Start":"\/Date(1317222433229)\/","End":"\/Date(1317222575102)\/","Function":"Mit-F","DisplaySpeaker":true,"LanguageOfText":"DE","Modified":"\/Date(1774877680794)\/","StartTimeWithTimezone":"\/Date(1317222433230+0120)\/","EndTimeWithTimezone":"\/Date(1317222575103+0120)\/","VoteBusinessNumber":null,"VoteBusinessShortNumber":null,"VoteBusinessTitle":null},{"__metadata":{"id":"https://ws.parlament.ch/OData.svc/Transcript(ID=121382L,Language='DE')","uri":"https://ws.parlament.ch/OData.svc/Transcript(ID=121382L,Language='DE')","type":"itsystems.Pd.DataServices.DataModel.Transcript"},"Subjects":{"__deferred":{"uri":"https://ws.parlament.ch/OData.svc/Transcript(ID=121382L,Language='DE')/Subjects"}},"MembersCouncil":{"__deferred":{"uri":"https://ws.parlament.ch/OData.svc/Transcript(ID=121382L,Language='DE')/MembersCouncil"}},"Businesses":{"__deferred":{"uri":"https://ws.parlament.ch/OData.svc/Transcript(ID=121382L,Language='DE')/Businesses"}},"ID":"121382","Language":"DE","IdSubject":"19725","VoteId":null,"PersonNumber":100,"Type":1,"Text":"<pd_text><p>Ich spreche im Auftrag der FDP-Liberalen Fraktion.</p>\n<p>Es geht bei dieser Abstimmung nur um die Empfehlung, welche dem Stimmvolk abgegeben wird, wenn die eine oder die andere Initiative dann dem Volk vorgelegt wird. Auf Ihrer Fahne haben Sie zuerst die sogenannte Bauspar-Initiative. Diese Initiative will den Kantonen das Bausparen erm\u00f6glichen. Im zweiten Teil der Fahne haben Sie die Initiative \"Eigene vier W\u00e4nde dank Bausparen\"; diese Initiative will das Bausparen f\u00fcr Bund und Kantone obligatorisch festlegen.</p>\n<p>Die FDP-Liberale Fraktion empfiehlt Ihnen folgendes Abstimmungsverhalten: Bei der ersten Abstimmung, bei der Bauspar-Initiative, bitte ich Sie, der Minderheit Baader Caspar zuzustimmen. Das bedeutet, Sie empfehlen dem Volk, dieser Initiative Folge zu geben, wenn sie gegebenenfalls zur Abstimmung gelangt. Bei der zweiten Initiative, \"Eigene vier W\u00e4nde dank Bausparen\", bitte ich Sie, dem Antrag der Einigungskonferenz zu folgen und in dem Sinn dem Volk ebenfalls eine positive Empfehlung abzugeben. [PAGE 1744] </p>\n</pd_text>","MeetingCouncilAbbreviation":"N","MeetingDate":"20110928","MeetingVerbalixOid":2105,"IdSession":"4820","SpeakerFirstName":"Hans Rudolf","SpeakerLastName":"Gysin","SpeakerFullName":"Gysin Hans Rudolf","SpeakerFunction":"Mit-M","CouncilId":1,"CouncilName":"Nationalrat","CantonId":13,"CantonName":"Basel-Landschaft","CantonAbbreviation":"BL","ParlGroupName":"Freisinnig-demokratische Fraktion","ParlGroupAbbreviation":"RL","SortOrder":4,"Start":"\/Date(1317222575102)\/","End":"\/Date(1317222725365)\/","Function":"Mit-M","DisplaySpeaker":true,"LanguageOfText":"DE","Modified":"\/Date(1774877680795)\/","StartTimeWithTimezone":"\/Date(1317222575103+0120)\/","EndTimeWithTimezone":"\/Date(1317222725367+0120)\/","VoteBusinessNumber":null,"VoteBusinessShortNumber":null,"VoteBusinessTitle":null},{"__metadata":{"id":"https://ws.parlament.ch/OData.svc/Transcript(ID=121383L,Language='DE')","uri":"https://ws.parlament.ch/OData.svc/Transcript(ID=121383L,Language='DE')","type":"itsystems.Pd.DataServices.DataModel.Transcript"},"Subjects":{"__deferred":{"uri":"https://ws.parlament.ch/OData.svc/Transcript(ID=121383L,Language='DE')/Subjects"}},"MembersCouncil":{"__deferred":{"uri":"https://ws.parlament.ch/OData.svc/Transcript(ID=121383L,Language='DE')/MembersCouncil"}},"Businesses":{"__deferred":{"uri":"https://ws.parlament.ch/OData.svc/Transcript(ID=121383L,Language='DE')/Businesses"}},"ID":"121383","Language":"DE","IdSubject":"19725","VoteId":null,"PersonNumber":1120,"Type":1,"Text":"<pd_text><p>Le groupe socialiste vous propose de suivre la majorit\u00e9 en ce qui concerne la premi\u00e8re initiative populaire et de suivre la minorit\u00e9 F\u00e4ssler en ce qui concerne la deuxi\u00e8me initiative populaire. Pourquoi cette position? Parce que aujourd'hui, il n'y a qu'un seul choix possible pour les locataires de ce pays - qui repr\u00e9sentent 66 pour cent de la population -, c'est de refuser qu'il y ait un syst\u00e8me d'\u00e9pargne-logement. En effet, l'\u00e9pargne-logement n'est qu'un instrument permettant aux plus ais\u00e9s de notre soci\u00e9t\u00e9 de pouvoir \u00e9pargner en d\u00e9fiscalisant l'\u00e9pargne et elle ne propose aux locataires aucune possibilit\u00e9 r\u00e9elle d'acc\u00e9der \u00e0 la propri\u00e9t\u00e9. Ces initiatives populaires ne contiennent pas de r\u00e9els instruments en faveur des locataires, mais offrent uniquement un avantage fiscal aux personnes les plus ais\u00e9es de notre pays.</p>\n<p>A quelques semaines des \u00e9lections, c'est un message n\u00e9gatif que vous envoyez aujourd'hui aux locataires. Si aujourd'hui cette grande majorit\u00e9 de la population que sont les locataires \u00e9tait prise en consid\u00e9ration, on donnerait deux fois un mot d'ordre n\u00e9gatif, c'est-\u00e0-dire de rejeter ces initiatives lors la votation populaire. Ne pas faire ainsi revient simplement \u00e0 dire \u00e0 l'ensemble de la population: \"Ce Parlement se range du c\u00f4t\u00e9 des plus privil\u00e9gi\u00e9s.\" Je crois que la chose est claire et qu'il n'y a pas grand-chose d'autre \u00e0 ajouter.</p>\n</pd_text>","MeetingCouncilAbbreviation":"N","MeetingDate":"20110928","MeetingVerbalixOid":2105,"IdSession":"4820","SpeakerFirstName":"Carlo","SpeakerLastName":"Sommaruga","SpeakerFullName":"Sommaruga Carlo","SpeakerFunction":"Mit-M","CouncilId":1,"CouncilName":"Nationalrat","CantonId":25,"CantonName":"Genf","CantonAbbreviation":"GE","ParlGroupName":"Sozialdemokratische Fraktion","ParlGroupAbbreviation":"S","SortOrder":5,"Start":"\/Date(1317222725365)\/","End":"\/Date(1317222827190)\/","Function":"Mit-M","DisplaySpeaker":true,"LanguageOfText":"FR","Modified":"\/Date(1774877680797)\/","StartTimeWithTimezone":"\/Date(1317222725367+0120)\/","EndTimeWithTimezone":"\/Date(1317222827190+0120)\/","VoteBusinessNumber":null,"VoteBusinessShortNumber":null,"VoteBusinessTitle":null},{"__metadata":{"id":"https://ws.parlament.ch/OData.svc/Transcript(ID=121384L,Language='DE')","uri":"https://ws.parlament.ch/OData.svc/Transcript(ID=121384L,Language='DE')","type":"itsystems.Pd.DataServices.DataModel.Transcript"},"Subjects":{"__deferred":{"uri":"https://ws.parlament.ch/OData.svc/Transcript(ID=121384L,Language='DE')/Subjects"}},"MembersCouncil":{"__deferred":{"uri":"https://ws.parlament.ch/OData.svc/Transcript(ID=121384L,Language='DE')/MembersCouncil"}},"Businesses":{"__deferred":{"uri":"https://ws.parlament.ch/OData.svc/Transcript(ID=121384L,Language='DE')/Businesses"}},"ID":"121384","Language":"DE","IdSubject":"19725","VoteId":null,"PersonNumber":1117,"Type":1,"Text":"<pd_text><p><b>Le pr\u00e9sident </b>(Germanier Jean-Ren\u00e9, pr\u00e9sident): Le groupe des Verts soutient la proposition de la majorit\u00e9 au projet 1 et la proposition de la minorit\u00e9 au projet 2.</p>\n</pd_text>","MeetingCouncilAbbreviation":"N","MeetingDate":"20110928","MeetingVerbalixOid":2105,"IdSession":"4820","SpeakerFirstName":"Jean-Ren\u00e9","SpeakerLastName":"Germanier","SpeakerFullName":"Germanier Jean-Ren\u00e9","SpeakerFunction":"P-M","CouncilId":1,"CouncilName":"Nationalrat","CantonId":23,"CantonName":"Wallis","CantonAbbreviation":"VS","ParlGroupName":"Freisinnig-demokratische Fraktion","ParlGroupAbbreviation":"RL","SortOrder":6,"Start":"\/Date(1317222827190)\/","End":"\/Date(1317222841301)\/","Function":"P-M","DisplaySpeaker":false,"LanguageOfText":null,"Modified":"\/Date(1774877680798)\/","StartTimeWithTimezone":"\/Date(1317222827190+0120)\/","EndTimeWithTimezone":"\/Date(1317222841300+0120)\/","VoteBusinessNumber":null,"VoteBusinessShortNumber":null,"VoteBusinessTitle":null},{"__metadata":{"id":"https://ws.parlament.ch/OData.svc/Transcript(ID=121385L,Language='DE')","uri":"https://ws.parlament.ch/OData.svc/Transcript(ID=121385L,Language='DE')","type":"itsystems.Pd.DataServices.DataModel.Transcript"},"Subjects":{"__deferred":{"uri":"https://ws.parlament.ch/OData.svc/Transcript(ID=121385L,Language='DE')/Subjects"}},"MembersCouncil":{"__deferred":{"uri":"https://ws.parlament.ch/OData.svc/Transcript(ID=121385L,Language='DE')/MembersCouncil"}},"Businesses":{"__deferred":{"uri":"https://ws.parlament.ch/OData.svc/Transcript(ID=121385L,Language='DE')/Businesses"}},"ID":"121385","Language":"DE","IdSubject":"19725","VoteId":null,"PersonNumber":3934,"Type":1,"Text":"<pd_text><p>Im Namen des Bundesrates bitte ich Sie, beide Initiativen zur Ablehnung zu empfehlen.</p>\n<p>Die SGFB-Initiative und die HEV-Initiative bringen Schwierigkeiten mit sich, sie sind unter dem Titel \"Verfassungsm\u00e4ssigkeit\" fragw\u00fcrdig. Die SGFB-Initiative f\u00fchrt zu einer Disharmonisierung, vertikal und horizontal, und beiden Initiativen ist eigen, dass sie im Bereich der Verfassungsm\u00e4ssigkeit mindestens fragw\u00fcrdig sind. Sie erm\u00f6glichen es n\u00e4mlich nur einer ganz kleinen Gruppe von B\u00fcrgerinnen und B\u00fcrgern, \u00fcberhaupt solche Spareinlagen zu t\u00e4tigen, also das Bausparen auszu\u00fcben. Sie sind aus dem gleichen Grund auch sozialpolitisch fragw\u00fcrdig, denn Leute mit einem Bruttoeinkommen unter 100 000 Franken, also die Schwellenhaushalte, k\u00f6nnen nicht davon profitieren. Beide Initiativen f\u00fchren zu einer unendlich grossen Verkomplizierung des Steuerrechts, vor allem, wenn man versucht, Bauspareinlagen, die zweckentfremdet sind, nachzubesteuern. Wenn diese Personen dann noch den Wohnsitz wechseln, kann man das \u00fcberhaupt nicht mehr nachvollziehen. Diese Initiativen f\u00fchren also zu einer Verkomplizierung des Steuerrechts, w\u00e4hrend wir alle von Vereinfachungen sprechen.</p>\n<p>Ich bitte Sie, beide Initiativen zur Ablehnung zu empfehlen.</p>\n</pd_text>","MeetingCouncilAbbreviation":"N","MeetingDate":"20110928","MeetingVerbalixOid":2105,"IdSession":"4820","SpeakerFirstName":"Eveline","SpeakerLastName":"Widmer-Schlumpf","SpeakerFullName":"Widmer-Schlumpf Eveline","SpeakerFunction":"VPBR-F","CouncilId":99,"CouncilName":"Bundesrat","CantonId":18,"CantonName":"Graub\u00fcnden","CantonAbbreviation":"GR","ParlGroupName":null,"ParlGroupAbbreviation":null,"SortOrder":7,"Start":"\/Date(1317222841301)\/","End":"\/Date(1317222929512)\/","Function":"VPBR-F","DisplaySpeaker":true,"LanguageOfText":"DE","Modified":"\/Date(1774877680799)\/","StartTimeWithTimezone":"\/Date(1317222841300+0120)\/","EndTimeWithTimezone":"\/Date(1317222929513+0120)\/","VoteBusinessNumber":null,"VoteBusinessShortNumber":null,"VoteBusinessTitle":null},{"__metadata":{"id":"https://ws.parlament.ch/OData.svc/Transcript(ID=121386L,Language='DE')","uri":"https://ws.parlament.ch/OData.svc/Transcript(ID=121386L,Language='DE')","type":"itsystems.Pd.DataServices.DataModel.Transcript"},"Subjects":{"__deferred":{"uri":"https://ws.parlament.ch/OData.svc/Transcript(ID=121386L,Language='DE')/Subjects"}},"MembersCouncil":{"__deferred":{"uri":"https://ws.parlament.ch/OData.svc/Transcript(ID=121386L,Language='DE')/MembersCouncil"}},"Businesses":{"__deferred":{"uri":"https://ws.parlament.ch/OData.svc/Transcript(ID=121386L,Language='DE')/Businesses"}},"ID":"121386","Language":"DE","IdSubject":"19725","VoteId":null,"PersonNumber":352,"Type":1,"Text":"<pd_text><p>Frau Bundesr\u00e4tin, ich m\u00f6chte Sie fragen: Wie kommen Sie dazu, eine Initiative als verfassungsm\u00e4ssig \"fragw\u00fcrdig\" darzustellen, wenn das Parlament, das in dieser Frage zust\u00e4ndig ist, diese Initiative f\u00fcr verfassungsm\u00e4ssig g\u00fcltig befunden hat?</p>\n</pd_text>","MeetingCouncilAbbreviation":"N","MeetingDate":"20110928","MeetingVerbalixOid":2105,"IdSession":"4820","SpeakerFirstName":"Ulrich","SpeakerLastName":"Schl\u00fcer","SpeakerFullName":"Schl\u00fcer Ulrich","SpeakerFunction":"Mit-M","CouncilId":1,"CouncilName":"Nationalrat","CantonId":1,"CantonName":"Z\u00fcrich","CantonAbbreviation":"ZH","ParlGroupName":"Fraktion der Schweizerischen Volkspartei","ParlGroupAbbreviation":"V","SortOrder":8,"Start":"\/Date(1317222943207)\/","End":"\/Date(1317222966654)\/","Function":"Mit-M","DisplaySpeaker":true,"LanguageOfText":"DE","Modified":"\/Date(1774877680801)\/","StartTimeWithTimezone":"\/Date(1317222943207+0120)\/","EndTimeWithTimezone":"\/Date(1317222966653+0120)\/","VoteBusinessNumber":null,"VoteBusinessShortNumber":null,"VoteBusinessTitle":null},{"__metadata":{"id":"https://ws.parlament.ch/OData.svc/Transcript(ID=121387L,Language='DE')","uri":"https://ws.parlament.ch/OData.svc/Transcript(ID=121387L,Language='DE')","type":"itsystems.Pd.DataServices.DataModel.Transcript"},"Subjects":{"__deferred":{"uri":"https://ws.parlament.ch/OData.svc/Transcript(ID=121387L,Language='DE')/Subjects"}},"MembersCouncil":{"__deferred":{"uri":"https://ws.parlament.ch/OData.svc/Transcript(ID=121387L,Language='DE')/MembersCouncil"}},"Businesses":{"__deferred":{"uri":"https://ws.parlament.ch/OData.svc/Transcript(ID=121387L,Language='DE')/Businesses"}},"ID":"121387","Language":"DE","IdSubject":"19725","VoteId":null,"PersonNumber":3934,"Type":1,"Text":"<pd_text><p>Auch das Parlament, Herr Schl\u00fcer, hat sich an die Verfassung zu halten, und in der Verfassung gibt es zum einen die Wohneigentumsf\u00f6rderung und zum andern den Grundsatz der Gleichbehandlung im Steuerrecht, der Gleichbehandlung in dem Sinne, dass man nach der wirtschaftlichen Leistungsf\u00e4higkeit besteuert werden soll. Es gibt eine ganz klare Rechtsprechung, die besagt, dass die Abz\u00fcge f\u00fcr die S\u00e4ulen 2 und 3a noch in einem Bereich sind, wo man von Gleichbehandlung sprechen kann, und dass alles, was dar\u00fcber hinausgeht, eben zu einer Ungleichbehandlung f\u00fchrt, die verfassungsm\u00e4ssig nicht tolerierbar ist. Das ist die Rechtsprechung heute, das ist die Verfassung heute - das ist nicht nur meine Meinung. Mit Ausnahme von zwei Kantonen sind alle Kantone, auch der Kanton, aus dem Sie herkommen, klar der Auffassung, dass diese Argumentation zutrifft. </p>\n</pd_text>","MeetingCouncilAbbreviation":"N","MeetingDate":"20110928","MeetingVerbalixOid":2105,"IdSession":"4820","SpeakerFirstName":"Eveline","SpeakerLastName":"Widmer-Schlumpf","SpeakerFullName":"Widmer-Schlumpf Eveline","SpeakerFunction":"VPBR-F","CouncilId":99,"CouncilName":"Bundesrat","CantonId":18,"CantonName":"Graub\u00fcnden","CantonAbbreviation":"GR","ParlGroupName":null,"ParlGroupAbbreviation":null,"SortOrder":9,"Start":"\/Date(1317222966654)\/","End":"\/Date(1317223025451)\/","Function":"VPBR-F","DisplaySpeaker":true,"LanguageOfText":"DE","Modified":"\/Date(1774877680802)\/","StartTimeWithTimezone":"\/Date(1317222966653+0120)\/","EndTimeWithTimezone":"\/Date(1317223025450+0120)\/","VoteBusinessNumber":null,"VoteBusinessShortNumber":null,"VoteBusinessTitle":null},{"__metadata":{"id":"https://ws.parlament.ch/OData.svc/Transcript(ID=121388L,Language='DE')","uri":"https://ws.parlament.ch/OData.svc/Transcript(ID=121388L,Language='DE')","type":"itsystems.Pd.DataServices.DataModel.Transcript"},"Subjects":{"__deferred":{"uri":"https://ws.parlament.ch/OData.svc/Transcript(ID=121388L,Language='DE')/Subjects"}},"MembersCouncil":{"__deferred":{"uri":"https://ws.parlament.ch/OData.svc/Transcript(ID=121388L,Language='DE')/MembersCouncil"}},"Businesses":{"__deferred":{"uri":"https://ws.parlament.ch/OData.svc/Transcript(ID=121388L,Language='DE')/Businesses"}},"ID":"121388","Language":"DE","IdSubject":"19725","VoteId":null,"PersonNumber":1141,"Type":1,"Text":"<pd_text><p>Ich spreche zu beiden Vorlagen. Vorlage 1, die sogenannte Bauspar-Initiative, unterscheidet sich von Vorlage 2, indem es den Kantonen \u00fcberlassen wird, das steuerlich beg\u00fcnstigte Bausparen fakultativ einzuf\u00fchren, und durch die maximalen Betr\u00e4ge der Abz\u00fcge: 15 000 Franken f\u00fcr Einzelpersonen, zus\u00e4tzlich 5000 Franken f\u00fcr Energiemassnahmen. Demgegen\u00fcber geht Vorlage 2 zur Initiative \"Eigene vier W\u00e4nde dank Bausparen\" hier von 10 000 Franken und von einem Obligatorium aus. Das heisst, die Kantone sind gem\u00e4ss Vorlage 2 verpflichtet, das steuerlich beg\u00fcnstigte Bausparen einzuf\u00fchren. </p>\n<p>Die Einigungskonferenz hat heute \u00fcber Mittag entschieden. Die Bauspar-Initiative in Vorlage 1, also jene mit der fakultativen Einf\u00fchrung, empfiehlt sie zur Ablehnung. Das heisst, ihr Antrag lautet: \"Die Bundesversammlung empfiehlt Volk und St\u00e4nden, die Initiative abzulehnen.\" Dieser Beschluss der Einigungskonferenz kam mit 13 zu 10 Stimmen bei 2 Enthaltungen zustande.</p>\n<p>Bei Vorlage 2 sieht es umgekehrt aus. Hier empfiehlt Ihnen die Einigungskonferenz mit 14 zu 10 Stimmen bei 1 Enthaltung: \"Die Bundesversammlung empfiehlt Volk und St\u00e4nden, die Initiative anzunehmen.\" Das ist also das Gegenteil der Empfehlung zu Vorlage 1. </p>\n<p>Ich empfehle Ihnen im Namen der Einigungskonferenz zusammenfassend also, bei Vorlage 1 den st\u00e4nder\u00e4tlichen Beschl\u00fcssen folgend eine ablehnende Empfehlung und bei Vorlage 2 den Beschl\u00fcssen des Nationalrates folgend eine zustimmende Empfehlung abzugeben.</p>\n</pd_text>","MeetingCouncilAbbreviation":"N","MeetingDate":"20110928","MeetingVerbalixOid":2105,"IdSession":"4820","SpeakerFirstName":"Philipp","SpeakerLastName":"M\u00fcller","SpeakerFullName":"M\u00fcller Philipp","SpeakerFunction":"Mit-M","CouncilId":1,"CouncilName":"Nationalrat","CantonId":19,"CantonName":"Aargau","CantonAbbreviation":"AG","ParlGroupName":"Freisinnig-demokratische Fraktion","ParlGroupAbbreviation":"RL","SortOrder":10,"Start":"\/Date(1317223025451)\/","End":"\/Date(1317223144003)\/","Function":"*","DisplaySpeaker":true,"LanguageOfText":"DE","Modified":"\/Date(1774877680804)\/","StartTimeWithTimezone":"\/Date(1317223025450+0120)\/","EndTimeWithTimezone":"\/Date(1317223144003+0120)\/","VoteBusinessNumber":null,"VoteBusinessShortNumber":null,"VoteBusinessTitle":null},{"__metadata":{"id":"https://ws.parlament.ch/OData.svc/Transcript(ID=121389L,Language='DE')","uri":"https://ws.parlament.ch/OData.svc/Transcript(ID=121389L,Language='DE')","type":"itsystems.Pd.DataServices.DataModel.Transcript"},"Subjects":{"__deferred":{"uri":"https://ws.parlament.ch/OData.svc/Transcript(ID=121389L,Language='DE')/Subjects"}},"MembersCouncil":{"__deferred":{"uri":"https://ws.parlament.ch/OData.svc/Transcript(ID=121389L,Language='DE')/MembersCouncil"}},"Businesses":{"__deferred":{"uri":"https://ws.parlament.ch/OData.svc/Transcript(ID=121389L,Language='DE')/Businesses"}},"ID":"121389","Language":"DE","IdSubject":"19725","VoteId":null,"PersonNumber":1119,"Type":1,"Text":"<pd_text><p>Nous traitons actuellement les projets relatifs \u00e0 deux initiatives populaires: celui sur l'initiative sur l'\u00e9pargne-logement et celui sur l'initiative \"Acc\u00e9der \u00e0 la propri\u00e9t\u00e9 gr\u00e2ce \u00e0 l'\u00e9pargne-logement\". Nous en sommes au stade de la Conf\u00e9rence de conciliation. La diff\u00e9rence entre ces deux initiatives, c'est que si la premi\u00e8re \u00e9tait accept\u00e9e par le peuple, elle serait introduite de fa\u00e7on facultative par les cantons alors que, pour la deuxi\u00e8me, les cantons seraient oblig\u00e9s d'introduire le syst\u00e8me de l'\u00e9pargne-logement.</p>\n<p>La Conf\u00e9rence de conciliation, qui s'est r\u00e9unie il y a quelques heures, vous propose de recommander au peuple et aux cantons de rejeter la premi\u00e8re initiative, par 13 voix contre 10 et 2 abstentions, et de recommander d'accepter la deuxi\u00e8me initiative, par 14 voix contre 10 et 1 abstention. Cela signifie que, dans le cadre de la premi\u00e8re initiative, la Conf\u00e9rence de conciliation s'est ralli\u00e9e \u00e0 la d\u00e9cision du Conseil des Etats et que, dans le cadre de la deuxi\u00e8me initiative, elle s'est ralli\u00e9e \u00e0 la d\u00e9cision du Conseil national.</p>\n<p>[VS]</p>\n</pd_text>","MeetingCouncilAbbreviation":"N","MeetingDate":"20110928","MeetingVerbalixOid":2105,"IdSession":"4820","SpeakerFirstName":"Jean-Fran\u00e7ois","SpeakerLastName":"Rime","SpeakerFullName":"Rime Jean-Fran\u00e7ois","SpeakerFunction":"Mit-M","CouncilId":1,"CouncilName":"Nationalrat","CantonId":10,"CantonName":"Freiburg","CantonAbbreviation":"FR","ParlGroupName":"Fraktion der Schweizerischen Volkspartei","ParlGroupAbbreviation":"V","SortOrder":11,"Start":"\/Date(1317223144003)\/","End":"\/Date(1317223220207)\/","Function":"*","DisplaySpeaker":true,"LanguageOfText":"FR","Modified":"\/Date(1774877680805)\/","StartTimeWithTimezone":"\/Date(1317223144003+0120)\/","EndTimeWithTimezone":"\/Date(1317223220207+0120)\/","VoteBusinessNumber":null,"VoteBusinessShortNumber":null,"VoteBusinessTitle":null},{"__metadata":{"id":"https://ws.parlament.ch/OData.svc/Transcript(ID=121390L,Language='DE')","uri":"https://ws.parlament.ch/OData.svc/Transcript(ID=121390L,Language='DE')","type":"itsystems.Pd.DataServices.DataModel.Transcript"},"Subjects":{"__deferred":{"uri":"https://ws.parlament.ch/OData.svc/Transcript(ID=121390L,Language='DE')/Subjects"}},"MembersCouncil":{"__deferred":{"uri":"https://ws.parlament.ch/OData.svc/Transcript(ID=121390L,Language='DE')/MembersCouncil"}},"Businesses":{"__deferred":{"uri":"https://ws.parlament.ch/OData.svc/Transcript(ID=121390L,Language='DE')/Businesses"}},"ID":"121390","Language":"DE","IdSubject":"19725","VoteId":null,"PersonNumber":1117,"Type":1,"Text":"<pd_text><p><b>1. Bundesbeschluss \u00fcber die Volksinitiative \"f\u00fcr ein steuerlich beg\u00fcnstigtes Bausparen zum Erwerb von selbstgenutztem Wohneigentum und zur Finanzierung von baulichen Energiespar- und Umweltschutzmassnahmen (Bauspar-Initiative)\" </b></p>\n<p><b>1. Arr\u00eat\u00e9 f\u00e9d\u00e9ral concernant l'initiative populaire \"pour un traitement fiscal privil\u00e9gi\u00e9 de l'\u00e9pargne-logement destin\u00e9e \u00e0 l'acquisition d'une habitation \u00e0 usage personnel ou au financement de travaux visant \u00e0 \u00e9conomiser l'\u00e9nergie ou \u00e0 pr\u00e9server l'environnement (Initiative sur l'\u00e9pargne-logement)\" </b></p>\n<p>[VS]</p>\n<p><b>Art. 2</b></p>\n<p><i>Antrag der Einigungskonferenz</i></p>\n<p><i>Mehrheit</i></p>\n<p>Zustimmung zum Beschluss des St\u00e4nderates</p>\n<p>[VS]</p>\n<p><i>Minderheit</i></p>\n<p>(Baader Caspar, Germann, Amstutz, Fl\u00fcckiger, Frehner, Kaufmann, M\u00fcller Philipp, Pelli, Wandfluh)</p>\n<p>Ablehnung des Antrages der Einigungskonferenz [PAGE 1745] </p>\n<p>[VS]</p>\n<p><b>Art. 2</b></p>\n<p><i>Proposition de la Conf\u00e9rence de conciliation</i></p>\n<p><i>Majorit\u00e9</i></p>\n<p>Adh\u00e9rer \u00e0 la d\u00e9cision du Conseil des Etats</p>\n<p>[VS]</p>\n<p><i>Minorit\u00e9</i></p>\n<p>(Baader Caspar, Germann, Amstutz, Fl\u00fcckiger, Frehner, Kaufmann, M\u00fcller Philipp, Pelli, Wandfluh)</p>\n<p>Rejeter la proposition de la Conf\u00e9rence de conciliation</p>\n</pd_text>","MeetingCouncilAbbreviation":"N","MeetingDate":"20110928","MeetingVerbalixOid":2105,"IdSession":"4820","SpeakerFirstName":"Jean-Ren\u00e9","SpeakerLastName":"Germanier","SpeakerFullName":"Germanier Jean-Ren\u00e9","SpeakerFunction":"P-M","CouncilId":1,"CouncilName":"Nationalrat","CantonId":23,"CantonName":"Wallis","CantonAbbreviation":"VS","ParlGroupName":"Freisinnig-demokratische Fraktion","ParlGroupAbbreviation":"RL","SortOrder":12,"Start":"\/Date(1317223220207)\/","End":"\/Date(1317223389806)\/","Function":"P-M","DisplaySpeaker":false,"LanguageOfText":null,"Modified":"\/Date(1774877680807)\/","StartTimeWithTimezone":"\/Date(1317223220207+0120)\/","EndTimeWithTimezone":"\/Date(1317223389807+0120)\/","VoteBusinessNumber":null,"VoteBusinessShortNumber":null,"VoteBusinessTitle":null}]},"ID":"19725","Language":"DE","IdMeeting":"1347","VerbalixOid":365994,"SortOrder":1,"Modified":"\/Date(1447070196790)\/"}}