{"d":{"__metadata":{"id":"https://ws.parlament.ch/OData.svc/Subject(ID=19984L,Language='DE')","uri":"https://ws.parlament.ch/OData.svc/Subject(ID=19984L,Language='DE')","type":"itsystems.Pd.DataServices.DataModel.Subject"},"Meetings":{"__metadata":{"id":"https://ws.parlament.ch/OData.svc/Meeting(ID=1362L,Language='DE')","uri":"https://ws.parlament.ch/OData.svc/Meeting(ID=1362L,Language='DE')","type":"itsystems.Pd.DataServices.DataModel.Meeting"},"Sessions":{"__deferred":{"uri":"https://ws.parlament.ch/OData.svc/Meeting(ID=1362L,Language='DE')/Sessions"}},"Subjects":{"__deferred":{"uri":"https://ws.parlament.ch/OData.svc/Meeting(ID=1362L,Language='DE')/Subjects"}},"ID":"1362","Language":"DE","MeetingNumber":1,"IdSession":4901,"SessionNumber":1,"SessionName":"Wintersession 2011","Council":2,"CouncilName":"St\u00e4nderat","CouncilAbbreviation":"SR","Date":"\/Date(1323043200000)\/","Begin":"1615","Modified":"\/Date(1447070202440)\/","LegislativePeriodNumber":49,"PublicationStatus":"final","MeetingOrderText":"Erste Sitzung","SortOrder":1,"Location":"S"},"SubjectsBusiness":{"results":[{"__metadata":{"id":"https://ws.parlament.ch/OData.svc/SubjectBusiness(BusinessNumber=20113316,IdSubject=19984L,Language='DE')","uri":"https://ws.parlament.ch/OData.svc/SubjectBusiness(BusinessNumber=20113316,IdSubject=19984L,Language='DE')","type":"itsystems.Pd.DataServices.DataModel.SubjectBusiness"},"Subjects":{"__deferred":{"uri":"https://ws.parlament.ch/OData.svc/SubjectBusiness(BusinessNumber=20113316,IdSubject=19984L,Language='DE')/Subjects"}},"Businesses":{"__deferred":{"uri":"https://ws.parlament.ch/OData.svc/SubjectBusiness(BusinessNumber=20113316,IdSubject=19984L,Language='DE')/Businesses"}},"IdSubject":"19984","BusinessNumber":20113316,"Language":"DE","BusinessShortNumber":"11.3316","Title":"Gemeinsame elterliche Sorge als Regelfall und Neufassung der Rechtsbeziehungen zwischen Eltern und Kindern","SortOrder":1,"PublishedNotes":null,"Modified":"\/Date(1447069504560)\/","TitleDE":"Motion RK-NR.\nGemeinsame elterliche Sorge\nals Regelfall und\nNeufassung der Rechtsbeziehungen\nzwischen Eltern und Kindern","TitleFR":"Motion CAJ-CN.\nFaire de l'autorit\u00e9 parentale\nconjointe la r\u00e8gle\net r\u00e9viser les relations juridiques\nentre parents et enfants","TitleIT":null}]},"Transcripts":{"results":[{"__metadata":{"id":"https://ws.parlament.ch/OData.svc/Transcript(ID=122873L,Language='DE')","uri":"https://ws.parlament.ch/OData.svc/Transcript(ID=122873L,Language='DE')","type":"itsystems.Pd.DataServices.DataModel.Transcript"},"Subjects":{"__deferred":{"uri":"https://ws.parlament.ch/OData.svc/Transcript(ID=122873L,Language='DE')/Subjects"}},"MembersCouncil":{"__deferred":{"uri":"https://ws.parlament.ch/OData.svc/Transcript(ID=122873L,Language='DE')/MembersCouncil"}},"Businesses":{"__deferred":{"uri":"https://ws.parlament.ch/OData.svc/Transcript(ID=122873L,Language='DE')/Businesses"}},"ID":"122873","Language":"DE","IdSubject":"19984","VoteId":null,"PersonNumber":1256,"Type":1,"Text":"<pd_text><p><i>Angenommen - Adopt\u00e9</i></p>\n<p>[PAGE 1054] </p>\n</pd_text>","MeetingCouncilAbbreviation":"S","MeetingDate":"20111205","MeetingVerbalixOid":2137,"IdSession":"4901","SpeakerFirstName":"Hans","SpeakerLastName":"Altherr","SpeakerFullName":"Altherr Hans","SpeakerFunction":"Mit-M","CouncilId":2,"CouncilName":"St\u00e4nderat","CantonId":15,"CantonName":"Appenzell A.-Rh.","CantonAbbreviation":"AR","ParlGroupName":"FDP-Liberale Fraktion","ParlGroupAbbreviation":"RL","SortOrder":4,"Start":"\/Date(1323108316357)\/","End":"\/Date(1323108335537)\/","Function":"P-M","DisplaySpeaker":false,"LanguageOfText":null,"Modified":"\/Date(1510850105210)\/","StartTimeWithTimezone":"\/Date(1323108316357+0060)\/","EndTimeWithTimezone":"\/Date(1323108335537+0060)\/","VoteBusinessNumber":null,"VoteBusinessShortNumber":null,"VoteBusinessTitle":null},{"__metadata":{"id":"https://ws.parlament.ch/OData.svc/Transcript(ID=122874L,Language='DE')","uri":"https://ws.parlament.ch/OData.svc/Transcript(ID=122874L,Language='DE')","type":"itsystems.Pd.DataServices.DataModel.Transcript"},"Subjects":{"__deferred":{"uri":"https://ws.parlament.ch/OData.svc/Transcript(ID=122874L,Language='DE')/Subjects"}},"MembersCouncil":{"__deferred":{"uri":"https://ws.parlament.ch/OData.svc/Transcript(ID=122874L,Language='DE')/MembersCouncil"}},"Businesses":{"__deferred":{"uri":"https://ws.parlament.ch/OData.svc/Transcript(ID=122874L,Language='DE')/Businesses"}},"ID":"122874","Language":"DE","IdSubject":"19984","VoteId":null,"PersonNumber":512,"Type":1,"Text":"<pd_text><p>Wie Sie wissen, hat der Bundesrat am 16. November dieses Jahres die Botschaft zur gemeinsamen elterlichen Sorge verabschiedet. Das entspricht dem ersten Anliegen dieser Motion, aber es bedeutet eben nicht, dass die Motion bereits erledigt w\u00e4re. Die Motion muss aufrechterhalten bleiben, weil sie noch ein zweites Anliegen enth\u00e4lt. </p>\n<p>Ich muss noch einmal daran erinnern, was ich bereits im Nationalrat ausgef\u00fchrt habe: Unabh\u00e4ngig vom Zivilstand der Eltern und auch unabh\u00e4ngig von der konkreten Lebenssituation der Eltern gilt, dass ein Kind nicht nur das Recht auf eine eigenst\u00e4ndige Beziehung zu seiner Mutter und zu seinem Vater hat. Es hat auch das Recht auf stabile und verl\u00e4ssliche Betreuungsverh\u00e4ltnisse und auf finanzielle Sicherheit. Wenn wir das Wohl des Kindes ernst nehmen, m\u00fcssen wir alle diese Elemente rechtlich verankern. Das haben \u00fcbrigens auch die Teilnehmer am runden Tisch, den wir im April dieses Jahres organisiert haben, so best\u00e4tigt. Da waren Vertreterinnen und Vertreter von M\u00fctterorganisationen, von V\u00e4ter-, Familien-, Kinderschutzorganisationen dabei. Man war sich einig: Wir m\u00fcssen alle diese Elemente jetzt in unsere \u00dcberlegungen einbeziehen.</p>\n<p>Die Motion nimmt dieses Anliegen auf und, wie gesagt, fehlt jetzt - auch wenn das erste Anliegen der Motion zumindest durch den Bundesrat bereits erf\u00fcllt worden ist - noch die Erf\u00fcllung des zweiten Anliegens. Es ist unbefriedigend, dass ausgerechnet der Elternteil, der die Kinder betreut, auch noch f\u00fcr die Finanzen aufkommen muss, wenn das Geld nicht reicht. Auch das Bundesgericht ist zum Urteil gekommen, dass die heute geltende Regelung der einseitigen Mankotragung durch den betreuenden Elternteil unbefriedigend ist. Es hat daher den Gesetzgeber aufgefordert, die Sache nochmals anzuschauen und allenfalls zu korrigieren.</p>\n<p>Die Arbeiten zur Verwirklichung der Anspr\u00fcche des Kindes sind im Gange. Der Bundesrat hat unser Departement beauftragt, in der ersten H\u00e4lfte des kommenden Jahres Vorschl\u00e4ge f\u00fcr eine neue Regelung des Unterhalts- und Betreuungsrechts zu formulieren. Aus diesen Gr\u00fcnden beantragt Ihnen der Bundesrat, die Motion anzunehmen, obwohl das erste Anliegen bereits weitgehend aufgenommen bzw. erf\u00fcllt worden ist. Aber f\u00fcr das zweite haben wir noch Arbeit zu leisten.</p>\n</pd_text>","MeetingCouncilAbbreviation":"S","MeetingDate":"20111205","MeetingVerbalixOid":2137,"IdSession":"4901","SpeakerFirstName":"Simonetta","SpeakerLastName":"Sommaruga","SpeakerFullName":"Sommaruga Simonetta","SpeakerFunction":"BR-F","CouncilId":99,"CouncilName":"Bundesrat","CantonId":2,"CantonName":"Bern","CantonAbbreviation":"BE","ParlGroupName":null,"ParlGroupAbbreviation":null,"SortOrder":3,"Start":"\/Date(1323108155440)\/","End":"\/Date(1323108316357)\/","Function":"BR-F","DisplaySpeaker":true,"LanguageOfText":"DE","Modified":"\/Date(1510850105210)\/","StartTimeWithTimezone":"\/Date(1323108155440+0060)\/","EndTimeWithTimezone":"\/Date(1323108316357+0060)\/","VoteBusinessNumber":null,"VoteBusinessShortNumber":null,"VoteBusinessTitle":null},{"__metadata":{"id":"https://ws.parlament.ch/OData.svc/Transcript(ID=122875L,Language='DE')","uri":"https://ws.parlament.ch/OData.svc/Transcript(ID=122875L,Language='DE')","type":"itsystems.Pd.DataServices.DataModel.Transcript"},"Subjects":{"__deferred":{"uri":"https://ws.parlament.ch/OData.svc/Transcript(ID=122875L,Language='DE')/Subjects"}},"MembersCouncil":{"__deferred":{"uri":"https://ws.parlament.ch/OData.svc/Transcript(ID=122875L,Language='DE')/MembersCouncil"}},"Businesses":{"__deferred":{"uri":"https://ws.parlament.ch/OData.svc/Transcript(ID=122875L,Language='DE')/Businesses"}},"ID":"122875","Language":"DE","IdSubject":"19984","VoteId":null,"PersonNumber":1148,"Type":1,"Text":"<pd_text><p>Effectivement, dans la Commission des affaires juridiques de notre conseil, nous avons trait\u00e9 la motion 11.3316 d\u00e9pos\u00e9e par la commission soeur du Conseil national.</p>\n<p>Que pr\u00e9voit cette motion? Cette motion traite de l'autorit\u00e9 parentale conjointe. Elle charge le Conseil f\u00e9d\u00e9ral de soumettre au Parlement une r\u00e9vision de la r\u00e8gle concernant l'autorit\u00e9 parentale. La motion vise \u00e0 ce que l'autorit\u00e9 parentale conjointe devienne la r\u00e8gle et que dans un temps plus lointain le droit relatif \u00e0 l'entretien et \u00e0 la garde des enfants par les parents soit r\u00e9form\u00e9. </p>\n<p>Cette proc\u00e9dure par \u00e9tapes - dans un premier temps l'autorit\u00e9 parentale conjointe comme r\u00e8gle et dans un deuxi\u00e8me temps la modification du droit relatif \u00e0 l'entretien et \u00e0 la garde des enfants - est soutenue par le Conseil f\u00e9d\u00e9ral. Elle est m\u00eame soutenue avec enthousiasme ou, en tout cas, avec conviction. Le principe et la proc\u00e9dure sont soutenus avec la m\u00eame conviction par votre commission qui a adopt\u00e9, \u00e0 l'unanimit\u00e9, la motion 11.3316. Elle vous invite \u00e0 en faire de m\u00eame pour que ce dossier soit rapidement r\u00e9gl\u00e9.</p>\n</pd_text>","MeetingCouncilAbbreviation":"S","MeetingDate":"20111205","MeetingVerbalixOid":2137,"IdSession":"4901","SpeakerFirstName":"G\u00e9raldine","SpeakerLastName":"Savary","SpeakerFullName":"Savary G\u00e9raldine","SpeakerFunction":"Mit-F","CouncilId":2,"CouncilName":"St\u00e4nderat","CantonId":22,"CantonName":"Waadt","CantonAbbreviation":"VD","ParlGroupName":"Sozialdemokratische Fraktion","ParlGroupAbbreviation":"S","SortOrder":2,"Start":"\/Date(1323108043093)\/","End":"\/Date(1323108144763)\/","Function":"*","DisplaySpeaker":true,"LanguageOfText":"FR","Modified":"\/Date(1510850105210)\/","StartTimeWithTimezone":"\/Date(1323108043093+0060)\/","EndTimeWithTimezone":"\/Date(1323108144763+0060)\/","VoteBusinessNumber":null,"VoteBusinessShortNumber":null,"VoteBusinessTitle":null},{"__metadata":{"id":"https://ws.parlament.ch/OData.svc/Transcript(ID=122876L,Language='DE')","uri":"https://ws.parlament.ch/OData.svc/Transcript(ID=122876L,Language='DE')","type":"itsystems.Pd.DataServices.DataModel.Transcript"},"Subjects":{"__deferred":{"uri":"https://ws.parlament.ch/OData.svc/Transcript(ID=122876L,Language='DE')/Subjects"}},"MembersCouncil":{"__deferred":{"uri":"https://ws.parlament.ch/OData.svc/Transcript(ID=122876L,Language='DE')/MembersCouncil"}},"Businesses":{"__deferred":{"uri":"https://ws.parlament.ch/OData.svc/Transcript(ID=122876L,Language='DE')/Businesses"}},"ID":"122876","Language":"DE","IdSubject":"19984","VoteId":null,"PersonNumber":1256,"Type":1,"Text":"<pd_text><p><b>Pr\u00e4sident </b>(Altherr Hans, Pr\u00e4sident): Es liegt ein schriftlicher Bericht der Kommission vor. Die Kommission beantragt einstimmig, die Motion anzunehmen. Der Bundesrat beantragt ebenfalls die Annahme der Motion.</p>\n</pd_text>","MeetingCouncilAbbreviation":"S","MeetingDate":"20111205","MeetingVerbalixOid":2137,"IdSession":"4901","SpeakerFirstName":"Hans","SpeakerLastName":"Altherr","SpeakerFullName":"Altherr Hans","SpeakerFunction":"Mit-M","CouncilId":2,"CouncilName":"St\u00e4nderat","CantonId":15,"CantonName":"Appenzell A.-Rh.","CantonAbbreviation":"AR","ParlGroupName":"FDP-Liberale Fraktion","ParlGroupAbbreviation":"RL","SortOrder":1,"Start":"\/Date(1323108025237)\/","End":"\/Date(1323108043093)\/","Function":"P-M","DisplaySpeaker":false,"LanguageOfText":null,"Modified":"\/Date(1510850105210)\/","StartTimeWithTimezone":"\/Date(1323108025237+0060)\/","EndTimeWithTimezone":"\/Date(1323108043093+0060)\/","VoteBusinessNumber":null,"VoteBusinessShortNumber":null,"VoteBusinessTitle":null}]},"ID":"19984","Language":"DE","IdMeeting":"1362","VerbalixOid":368196,"SortOrder":8,"Modified":"\/Date(1510850105210)\/"}}