{"d":{"__metadata":{"id":"https://ws.parlament.ch/OData.svc/Subject(ID=20040L,Language='DE')","uri":"https://ws.parlament.ch/OData.svc/Subject(ID=20040L,Language='DE')","type":"itsystems.Pd.DataServices.DataModel.Subject"},"Meetings":{"__metadata":{"id":"https://ws.parlament.ch/OData.svc/Meeting(ID=1367L,Language='DE')","uri":"https://ws.parlament.ch/OData.svc/Meeting(ID=1367L,Language='DE')","type":"itsystems.Pd.DataServices.DataModel.Meeting"},"Sessions":{"__deferred":{"uri":"https://ws.parlament.ch/OData.svc/Meeting(ID=1367L,Language='DE')/Sessions"}},"Subjects":{"__deferred":{"uri":"https://ws.parlament.ch/OData.svc/Meeting(ID=1367L,Language='DE')/Subjects"}},"ID":"1367","Language":"DE","MeetingNumber":11,"IdSession":4901,"SessionNumber":1,"SessionName":"Wintersession 2011","Council":2,"CouncilName":"St\u00e4nderat","CouncilAbbreviation":"SR","Date":"\/Date(1324512000000)\/","Begin":"0815","Modified":"\/Date(1447070203793)\/","LegislativePeriodNumber":49,"PublicationStatus":"final","MeetingOrderText":"Elfte Sitzung","SortOrder":11,"Location":"S"},"SubjectsBusiness":{"results":[{"__metadata":{"id":"https://ws.parlament.ch/OData.svc/SubjectBusiness(BusinessNumber=20112015,IdSubject=20040L,Language='DE')","uri":"https://ws.parlament.ch/OData.svc/SubjectBusiness(BusinessNumber=20112015,IdSubject=20040L,Language='DE')","type":"itsystems.Pd.DataServices.DataModel.SubjectBusiness"},"Subjects":{"__deferred":{"uri":"https://ws.parlament.ch/OData.svc/SubjectBusiness(BusinessNumber=20112015,IdSubject=20040L,Language='DE')/Subjects"}},"Businesses":{"__deferred":{"uri":"https://ws.parlament.ch/OData.svc/SubjectBusiness(BusinessNumber=20112015,IdSubject=20040L,Language='DE')/Businesses"}},"IdSubject":"20040","BusinessNumber":20112015,"Language":"DE","BusinessShortNumber":"11.2015","Title":"Radio- und Fernsehgeb\u00fchren. 200 Franken sind genug","SortOrder":1,"PublishedNotes":null,"Modified":"\/Date(1447069498193)\/","TitleDE":"Petition \u00dcberparteiliches Komitee.\nRadio- und Fernsehgeb\u00fchren.\n200 Franken sind genug","TitleFR":"P\u00e9tition \u00dcberparteiliches Komitee.\nRedevances radio et t\u00e9l\u00e9vision.\n200 francs c'est assez","TitleIT":null}]},"Transcripts":{"results":[{"__metadata":{"id":"https://ws.parlament.ch/OData.svc/Transcript(ID=123273L,Language='DE')","uri":"https://ws.parlament.ch/OData.svc/Transcript(ID=123273L,Language='DE')","type":"itsystems.Pd.DataServices.DataModel.Transcript"},"Subjects":{"__deferred":{"uri":"https://ws.parlament.ch/OData.svc/Transcript(ID=123273L,Language='DE')/Subjects"}},"MembersCouncil":{"__deferred":{"uri":"https://ws.parlament.ch/OData.svc/Transcript(ID=123273L,Language='DE')/MembersCouncil"}},"Businesses":{"__deferred":{"uri":"https://ws.parlament.ch/OData.svc/Transcript(ID=123273L,Language='DE')/Businesses"}},"ID":"123273","Language":"DE","IdSubject":"20040","VoteId":null,"PersonNumber":1256,"Type":1,"Text":"<pd_text><p><i>Der Petition wird keine Folge gegeben</i></p>\n<p><i>Il n'est pas donn\u00e9 suite \u00e0 la p\u00e9tition</i></p>\n</pd_text>","MeetingCouncilAbbreviation":"S","MeetingDate":"20111222","MeetingVerbalixOid":2147,"IdSession":"4901","SpeakerFirstName":"Hans","SpeakerLastName":"Altherr","SpeakerFullName":"Altherr Hans","SpeakerFunction":"Mit-M","CouncilId":2,"CouncilName":"St\u00e4nderat","CantonId":15,"CantonName":"Appenzell A.-Rh.","CantonAbbreviation":"AR","ParlGroupName":"FDP-Liberale Fraktion","ParlGroupAbbreviation":"RL","SortOrder":1,"Start":"\/Date(1324548731353)\/","End":"\/Date(1324548781910)\/","Function":"P-M","DisplaySpeaker":false,"LanguageOfText":null,"Modified":"\/Date(1510850108257)\/","StartTimeWithTimezone":"\/Date(1324548731353+0060)\/","EndTimeWithTimezone":"\/Date(1324548781910+0060)\/","VoteBusinessNumber":null,"VoteBusinessShortNumber":null,"VoteBusinessTitle":null}]},"ID":"20040","Language":"DE","IdMeeting":"1367","VerbalixOid":372337,"SortOrder":13,"Modified":"\/Date(1510850108257)\/"}}